{"id":27785,"date":"2025-03-14T06:00:00","date_gmt":"2025-03-14T12:00:00","guid":{"rendered":"https:\/\/soymigrante.com\/revista\/?p=27785"},"modified":"2025-04-17T10:28:13","modified_gmt":"2025-04-17T16:28:13","slug":"carlos-sandoval-lleva-40-anos-en-usa-y-siempre-vuelve-a-la-semana-santa-guatemalteca","status":"publish","type":"post","link":"https:\/\/soymigrante.com\/revista\/carlos-sandoval-lleva-40-anos-en-usa-y-siempre-vuelve-a-la-semana-santa-guatemalteca\/","title":{"rendered":"Carlos Sandoval lleva 40 a\u00f1os en USA y siempre vuelve a la Semana Santa Guatemalteca"},"content":{"rendered":"\t\t<div data-elementor-type=\"wp-post\" data-elementor-id=\"27785\" class=\"elementor elementor-27785\" data-elementor-post-type=\"post\">\n\t\t\t\t<div data-particle_enable=\"false\" data-particle-mobile-disabled=\"false\" class=\"elementor-element elementor-element-5c6f3ae e-flex e-con-boxed e-con e-parent\" data-id=\"5c6f3ae\" data-element_type=\"container\" data-e-type=\"container\">\n\t\t\t\t\t<div class=\"e-con-inner\">\n\t\t\t\t<div class=\"elementor-element elementor-element-e094b76 elementor-widget elementor-widget-heading\" data-id=\"e094b76\" data-element_type=\"widget\" data-e-type=\"widget\" data-widget_type=\"heading.default\">\n\t\t\t\t\t<h2 class=\"elementor-heading-title elementor-size-default\">Carlos Sandoval migr\u00f3 a Los Angeles, Estados Unidos hace m\u00e1s de 40 a\u00f1os, pero al aproximarse cada Semana Santa se convierte de nuevo en peregrino y regresa a su natal Guatemala para vivir el fervor de las procesiones y la piedad popular.\n<\/h2>\t\t\t\t<\/div>\n\t\t\t\t\t<\/div>\n\t\t\t\t<\/div>\n\t\t<div data-particle_enable=\"false\" data-particle-mobile-disabled=\"false\" class=\"elementor-element elementor-element-50bd873 e-flex e-con-boxed e-con e-parent\" data-id=\"50bd873\" data-element_type=\"container\" data-e-type=\"container\">\n\t\t\t\t\t<div class=\"e-con-inner\">\n\t\t\t\t<div class=\"elementor-element elementor-element-7ff5b6c elementor-widget elementor-widget-text-editor\" data-id=\"7ff5b6c\" data-element_type=\"widget\" data-e-type=\"widget\" data-widget_type=\"text-editor.default\">\n\t\t\t\t\t\t\t\t\t<p>Carlos Sandoval dej\u00f3 Guatemala en 1981 con la esperanza de un futuro mejor en Estados Unidos. Lo ha logrado.\u00a0<span style=\"color: var( --e-global-color-text ); text-align: var(--text-align);\">Se estableci\u00f3 en Los \u00c1ngeles, donde ha vivido durante 44 a\u00f1os. Sin embargo, <\/span><a style=\"text-align: var(--text-align);\" href=\"https:\/\/soymigrante.com\/revista\/algunas-sugerencias-para-que-devotos-migrantes-vivan-mejor-la-cuaresma-y-semana-santa\/\" target=\"_blank\" rel=\"noopener\">su coraz\u00f3n y su fe siguen firmemente arraigados en su pa\u00eds natal.<\/a><\/p><p>Cada Semana Santa, Carlos de nuevo es un peregrino que anhela regresar a su tierra, a sus ra\u00edces y tradiciones. Vuelve cada a\u00f1o a guatemala para participar en las procesiones, una tradici\u00f3n que ha mantenido viva desde su infancia.<\/p>\t\t\t\t\t\t\t\t<\/div>\n\t\t\t\t\t<\/div>\n\t\t\t\t<\/div>\n\t\t<div data-particle_enable=\"false\" data-particle-mobile-disabled=\"false\" class=\"elementor-element elementor-element-f0d4953 e-flex e-con-boxed e-con e-parent\" data-id=\"f0d4953\" data-element_type=\"container\" data-e-type=\"container\">\n\t\t\t\t\t<div class=\"e-con-inner\">\n\t\t\t\t<div class=\"elementor-element elementor-element-c5784f6 elementor-invisible elementor-widget elementor-widget-testimonial\" data-id=\"c5784f6\" data-element_type=\"widget\" data-e-type=\"widget\" data-settings=\"{&quot;_animation&quot;:&quot;rotateInUpRight&quot;}\" data-widget_type=\"testimonial.default\">\n\t\t\t\t\t\t\t<div class=\"elementor-testimonial-wrapper\">\n\t\t\t\t\t\t\t<div class=\"elementor-testimonial-content\">\u201cCuando yo sal\u00ed de Guatemala, me llev\u00e9 a Guatemala conmigo, porque yo contin\u00fao con sus tradiciones\u201d, asegura.<\/div>\n\t\t\t\n\t\t\t\t\t\t<div class=\"elementor-testimonial-meta elementor-has-image elementor-testimonial-image-position-aside\">\n\t\t\t\t<div class=\"elementor-testimonial-meta-inner\">\n\t\t\t\t\t\t\t\t\t\t\t<div class=\"elementor-testimonial-image\">\n\t\t\t\t\t\t\t<img fetchpriority=\"high\" decoding=\"async\" width=\"995\" height=\"995\" src=\"https:\/\/soymigrante.com\/revista\/wp-content\/uploads\/2025\/03\/Carlos-Sandoval3-e1741915061104.webp\" class=\"attachment-full size-full wp-image-27788\" alt=\"Cristo crucificado y esculturas religiosas en acto religioso con detalles religiosos y devoci\u00f3n en la ceremonia.\" title=\"Carlos Sandoval3 \u2013 SoyMigrante.com REVISTA\" srcset=\"https:\/\/soymigrante.com\/revista\/wp-content\/uploads\/2025\/03\/Carlos-Sandoval3-e1741915061104.webp 995w, https:\/\/soymigrante.com\/revista\/wp-content\/uploads\/2025\/03\/Carlos-Sandoval3-e1741915061104-300x300.webp 300w, https:\/\/soymigrante.com\/revista\/wp-content\/uploads\/2025\/03\/Carlos-Sandoval3-e1741915061104-150x150.webp 150w, https:\/\/soymigrante.com\/revista\/wp-content\/uploads\/2025\/03\/Carlos-Sandoval3-e1741915061104-768x768.webp 768w, https:\/\/soymigrante.com\/revista\/wp-content\/uploads\/2025\/03\/Carlos-Sandoval3-e1741915061104-75x75.webp 75w, https:\/\/soymigrante.com\/revista\/wp-content\/uploads\/2025\/03\/Carlos-Sandoval3-e1741915061104-750x750.webp 750w\" sizes=\"(max-width: 995px) 100vw, 995px\" \/>\t\t\t\t\t\t<\/div>\n\t\t\t\t\t\n\t\t\t\t\t\t\t\t\t\t<div class=\"elementor-testimonial-details\">\n\t\t\t\t\t\t\t\t\t\t\t\t\t\t<div class=\"elementor-testimonial-name\">Carlos Sandoval<\/div>\n\t\t\t\t\t\t\t\t\t\t\t\t\t\t\t\t\t\t\t\t\t\t<div class=\"elementor-testimonial-job\">Migrante y devoto<\/div>\n\t\t\t\t\t\t\t\t\t\t\t\t\t<\/div>\n\t\t\t\t\t\t\t\t\t<\/div>\n\t\t\t<\/div>\n\t\t\t\t\t<\/div>\n\t\t\t\t\t\t<\/div>\n\t\t\t\t\t<\/div>\n\t\t\t\t<\/div>\n\t\t<div data-particle_enable=\"false\" data-particle-mobile-disabled=\"false\" class=\"elementor-element elementor-element-445f3fb e-flex e-con-boxed e-con e-parent\" data-id=\"445f3fb\" data-element_type=\"container\" data-e-type=\"container\">\n\t\t\t\t\t<div class=\"e-con-inner\">\n\t\t\t\t<div class=\"elementor-element elementor-element-39dec60 elementor-widget elementor-widget-image\" data-id=\"39dec60\" data-element_type=\"widget\" data-e-type=\"widget\" data-widget_type=\"image.default\">\n\t\t\t\t\t\t\t\t\t\t\t\t<figure class=\"wp-caption\">\n\t\t\t\t\t\t\t\t\t\t<img decoding=\"async\" width=\"768\" height=\"576\" src=\"https:\/\/soymigrante.com\/revista\/wp-content\/uploads\/2025\/03\/Carlos-Sandoval4-1024x768.jpeg\" class=\"attachment-large size-large wp-image-27806\" alt=\"Disfraces tradicionales de fiesta mexicana con un coche cl\u00e1sico en fondo urbano.\" srcset=\"https:\/\/soymigrante.com\/revista\/wp-content\/uploads\/2025\/03\/Carlos-Sandoval4-1024x768.jpeg 1024w, https:\/\/soymigrante.com\/revista\/wp-content\/uploads\/2025\/03\/Carlos-Sandoval4-300x225.jpeg 300w, https:\/\/soymigrante.com\/revista\/wp-content\/uploads\/2025\/03\/Carlos-Sandoval4-768x576.jpeg 768w, https:\/\/soymigrante.com\/revista\/wp-content\/uploads\/2025\/03\/Carlos-Sandoval4-1536x1152.jpeg 1536w, https:\/\/soymigrante.com\/revista\/wp-content\/uploads\/2025\/03\/Carlos-Sandoval4-750x563.webp 750w, https:\/\/soymigrante.com\/revista\/wp-content\/uploads\/2025\/03\/Carlos-Sandoval4-1140x855.webp 1140w, https:\/\/soymigrante.com\/revista\/wp-content\/uploads\/2025\/03\/Carlos-Sandoval4.webp 1600w\" sizes=\"(max-width: 768px) 100vw, 768px\" title=\"Carlos Sandoval el migrante que regresa para vivir la Semana Santa \u2013 SoyMigrante.com REVISTA\" \/>\t\t\t\t\t\t\t\t\t\t\t<figcaption class=\"widget-image-caption wp-caption-text\">Personas con disfraces t\u00edpicos, en una escena cultural mexicana, con un coche antiguo en un entorno urbano.<\/figcaption>\n\t\t\t\t\t\t\t\t\t\t<\/figure>\n\t\t\t\t\t\t\t\t\t<\/div>\n\t\t\t\t\t<\/div>\n\t\t\t\t<\/div>\n\t\t<div data-particle_enable=\"false\" data-particle-mobile-disabled=\"false\" class=\"elementor-element elementor-element-1af1ab0 e-flex e-con-boxed e-con e-parent\" data-id=\"1af1ab0\" data-element_type=\"container\" data-e-type=\"container\">\n\t\t\t\t\t<div class=\"e-con-inner\">\n\t\t\t\t<div class=\"elementor-element elementor-element-ce3c833 elementor-widget elementor-widget-heading\" data-id=\"ce3c833\" data-element_type=\"widget\" data-e-type=\"widget\" data-widget_type=\"heading.default\">\n\t\t\t\t\t<h3 class=\"elementor-heading-title elementor-size-default\">Una devoci\u00f3n que naci\u00f3 antes de su nacimiento<\/h3>\t\t\t\t<\/div>\n\t\t\t\t\t<\/div>\n\t\t\t\t<\/div>\n\t\t<div data-particle_enable=\"false\" data-particle-mobile-disabled=\"false\" class=\"elementor-element elementor-element-34e1007 e-flex e-con-boxed e-con e-parent\" data-id=\"34e1007\" data-element_type=\"container\" data-e-type=\"container\">\n\t\t\t\t\t<div class=\"e-con-inner\">\n\t\t\t\t<div class=\"elementor-element elementor-element-bcf9ada elementor-widget elementor-widget-text-editor\" data-id=\"bcf9ada\" data-element_type=\"widget\" data-e-type=\"widget\" data-widget_type=\"text-editor.default\">\n\t\t\t\t\t\t\t\t\t<p>Carlos, quien naci\u00f3 en el barrio Gerona, en la Ciudad de Guatemala, proviene de una familia cat\u00f3lica que le inculc\u00f3 la fe desde peque\u00f1o.<\/p><p><a href=\"https:\/\/soymigrante.com\/revista\/algunas-sugerencias-para-que-devotos-migrantes-vivan-mejor-la-cuaresma-y-semana-santa\/\" target=\"_blank\" rel=\"noopener\">Su v\u00ednculo con la Semana Santa comenz\u00f3 incluso antes de nacer<\/a>: su madre, embarazada de \u00e9l, no pudo llevar en hombros a la Virgen en una procesi\u00f3n, pero su presencia ya estaba en las calles acompa\u00f1ando la imagen.<\/p><p><a href=\"https:\/\/soymigrante.com\/revista\/algunas-sugerencias-para-que-devotos-migrantes-vivan-mejor-la-cuaresma-y-semana-santa\/\" target=\"_blank\" rel=\"noopener\">Su primer viaje de regreso a Guatemala, luego de siete a\u00f1os en EE.UU.,<\/a> estuvo marcado por un \u00fanico recuerdo: la imagen de Jes\u00fas de la Parroquia, en la zona 6. Ese recuerdo se convirti\u00f3 en el motor de su devoci\u00f3n.<\/p>\t\t\t\t\t\t\t\t<\/div>\n\t\t\t\t\t<\/div>\n\t\t\t\t<\/div>\n\t\t<div data-particle_enable=\"false\" data-particle-mobile-disabled=\"false\" class=\"elementor-element elementor-element-7cecb32 e-flex e-con-boxed e-con e-parent\" data-id=\"7cecb32\" data-element_type=\"container\" data-e-type=\"container\">\n\t\t\t\t\t<div class=\"e-con-inner\">\n\t\t\t\t<div class=\"elementor-element elementor-element-a60fd17 elementor-widget elementor-widget-image\" data-id=\"a60fd17\" data-element_type=\"widget\" data-e-type=\"widget\" data-widget_type=\"image.default\">\n\t\t\t\t\t\t\t\t\t\t\t\t<figure class=\"wp-caption\">\n\t\t\t\t\t\t\t\t\t\t<img decoding=\"async\" width=\"768\" height=\"576\" src=\"https:\/\/soymigrante.com\/revista\/wp-content\/uploads\/2025\/03\/Carlos-Sandoval5-1024x768.jpeg\" class=\"attachment-large size-large wp-image-27807\" alt=\"Callejeros participando en una procesi\u00f3n religiosa con figuras tradicionales y asistentes vestidos con atuendos tradicionales en un evento cultural en M\u00e9xico.\" srcset=\"https:\/\/soymigrante.com\/revista\/wp-content\/uploads\/2025\/03\/Carlos-Sandoval5-1024x768.jpeg 1024w, https:\/\/soymigrante.com\/revista\/wp-content\/uploads\/2025\/03\/Carlos-Sandoval5-300x225.jpeg 300w, https:\/\/soymigrante.com\/revista\/wp-content\/uploads\/2025\/03\/Carlos-Sandoval5-768x576.jpeg 768w, https:\/\/soymigrante.com\/revista\/wp-content\/uploads\/2025\/03\/Carlos-Sandoval5-1536x1152.jpeg 1536w, https:\/\/soymigrante.com\/revista\/wp-content\/uploads\/2025\/03\/Carlos-Sandoval5-750x563.webp 750w, https:\/\/soymigrante.com\/revista\/wp-content\/uploads\/2025\/03\/Carlos-Sandoval5-1140x855.webp 1140w, https:\/\/soymigrante.com\/revista\/wp-content\/uploads\/2025\/03\/Carlos-Sandoval5.webp 1600w\" sizes=\"(max-width: 768px) 100vw, 768px\" title=\"Carlos Sandoval el migrante que regresa para vivir la Semana Santa \u2013 SoyMigrante.com REVISTA\" \/>\t\t\t\t\t\t\t\t\t\t\t<figcaption class=\"widget-image-caption wp-caption-text\">Procesi\u00f3n religiosa en M\u00e9xico con figuras tradicionales y comunidad participando en evento cultural local.<\/figcaption>\n\t\t\t\t\t\t\t\t\t\t<\/figure>\n\t\t\t\t\t\t\t\t\t<\/div>\n\t\t\t\t\t<\/div>\n\t\t\t\t<\/div>\n\t\t<div data-particle_enable=\"false\" data-particle-mobile-disabled=\"false\" class=\"elementor-element elementor-element-a2ca494 e-flex e-con-boxed e-con e-parent\" data-id=\"a2ca494\" data-element_type=\"container\" data-e-type=\"container\">\n\t\t\t\t\t<div class=\"e-con-inner\">\n\t\t\t\t<div class=\"elementor-element elementor-element-2f8f686 elementor-widget elementor-widget-heading\" data-id=\"2f8f686\" data-element_type=\"widget\" data-e-type=\"widget\" data-widget_type=\"heading.default\">\n\t\t\t\t\t<h3 class=\"elementor-heading-title elementor-size-default\">La puntual agenda de Semana Santa de Carlos Sandoval<\/h3>\t\t\t\t<\/div>\n\t\t\t\t\t<\/div>\n\t\t\t\t<\/div>\n\t\t<div data-particle_enable=\"false\" data-particle-mobile-disabled=\"false\" class=\"elementor-element elementor-element-fd29afd e-flex e-con-boxed e-con e-parent\" data-id=\"fd29afd\" data-element_type=\"container\" data-e-type=\"container\">\n\t\t\t\t\t<div class=\"e-con-inner\">\n\t\t\t\t<div class=\"elementor-element elementor-element-672d28c elementor-widget elementor-widget-text-editor\" data-id=\"672d28c\" data-element_type=\"widget\" data-e-type=\"widget\" data-widget_type=\"text-editor.default\">\n\t\t\t\t\t\t\t\t\t<p>Cada a\u00f1o, <a href=\"https:\/\/soymigrante.com\/revista\/algunas-sugerencias-para-que-devotos-migrantes-vivan-mejor-la-cuaresma-y-semana-santa\/\" target=\"_blank\" rel=\"noopener\">Carlos viaja a Guatemala con un objetivo claro: cargar en las procesiones y vivir la Semana Santa como lo hac\u00eda antes de emigrar.<\/a> Su itinerario est\u00e1 cuidadosamente planeado para no perderse ning\u00fan momento especial:<\/p>\t\t\t\t\t\t\t\t<\/div>\n\t\t\t\t\t<\/div>\n\t\t\t\t<\/div>\n\t\t<div data-particle_enable=\"false\" data-particle-mobile-disabled=\"false\" class=\"elementor-element elementor-element-387a930 e-flex e-con-boxed e-con e-parent\" data-id=\"387a930\" data-element_type=\"container\" data-e-type=\"container\">\n\t\t\t\t\t<div class=\"e-con-inner\">\n\t\t\t\t<div class=\"elementor-element elementor-element-9efc0f8 elementor-widget elementor-widget-text-editor\" data-id=\"9efc0f8\" data-element_type=\"widget\" data-e-type=\"widget\" data-widget_type=\"text-editor.default\">\n\t\t\t\t\t\t\t\t\t<div><strong>\u2022 Domingo de Ramos:<\/strong> Carga a Jes\u00fas de las Palmas y busca su turno para Jes\u00fas de los Milagros de San Jos\u00e9, a quien acompa\u00f1a hasta que entra al templo.<\/div><div><strong>\u2022Lunes Santo:<\/strong> Su d\u00eda m\u00e1s esperado. Carga y acompa\u00f1a a Jes\u00fas de las Tres Potencias desde la salida hasta la entrada del anda. \u201cAntes ten\u00eda acceso a donde estaba Jes\u00fas, pod\u00eda besar sus pies y decirle: \u2018Ac\u00e1 me tienes, Jes\u00fas, ac\u00e1 me tienes\u2019\u201d, recuerda con nostalgia.<\/div><div><strong>\u2022Martes Santo:<\/strong> Observa la procesi\u00f3n de la Rese\u00f1a, sin cargar.<\/div><div><strong>\u2022Mi\u00e9rcoles Santo:<\/strong> Acompa\u00f1a a Jes\u00fas del Rescate durante tres horas, sin cargar.<\/div><div><strong>\u2022Jueves Santo:<\/strong> Espera a Cristo Rey antes de que entre al Callej\u00f3n de los Jud\u00edos y lo sigue hasta el Cerrito del Carmen, acompa\u00f1\u00e1ndolo hasta la madrugada.<\/div><div><strong>\u2022Viernes Santo:<\/strong> Su jornada inicia a las 4:30 a.m. en La Merced, donde tiene turno. Luego, se cambia y acompa\u00f1a a Jes\u00fas Sepultado de El Calvario, y posteriormente a Cristo del Amor de Santo Domingo.<\/div><div><strong>\u2022S\u00e1bado de Gloria:<\/strong> Va a ver las procesiones de p\u00e9same.<\/div><div><strong>\u2022Domingo de Resurrecci\u00f3n<\/strong>: Acompa\u00f1a la imagen de Jes\u00fas Resucitado.<\/div>\t\t\t\t\t\t\t\t<\/div>\n\t\t\t\t\t<\/div>\n\t\t\t\t<\/div>\n\t\t<div data-particle_enable=\"false\" data-particle-mobile-disabled=\"false\" class=\"elementor-element elementor-element-621728d e-flex e-con-boxed e-con e-parent\" data-id=\"621728d\" data-element_type=\"container\" data-e-type=\"container\">\n\t\t\t\t\t<div class=\"e-con-inner\">\n\t\t\t\t<div class=\"elementor-element elementor-element-ccf50a0 elementor-invisible elementor-widget elementor-widget-testimonial\" data-id=\"ccf50a0\" data-element_type=\"widget\" data-e-type=\"widget\" data-settings=\"{&quot;_animation&quot;:&quot;rotateInUpRight&quot;}\" data-widget_type=\"testimonial.default\">\n\t\t\t\t\t\t\t<div class=\"elementor-testimonial-wrapper\">\n\t\t\t\t\t\t\t<div class=\"elementor-testimonial-content\">\u201cLo que me mueve el coraz\u00f3n es sentir el peso del anda en mis hombros, porque es una comunicaci\u00f3n inexplicable entre \u00c9l y yo\u201d, expresa.<\/div>\n\t\t\t\n\t\t\t\t\t\t<div class=\"elementor-testimonial-meta elementor-has-image elementor-testimonial-image-position-aside\">\n\t\t\t\t<div class=\"elementor-testimonial-meta-inner\">\n\t\t\t\t\t\t\t\t\t\t\t<div class=\"elementor-testimonial-image\">\n\t\t\t\t\t\t\t<img loading=\"lazy\" decoding=\"async\" width=\"1200\" height=\"1240\" src=\"https:\/\/soymigrante.com\/revista\/wp-content\/uploads\/2025\/03\/Carlos-Sandoval2-e1741914213387.webp\" class=\"attachment-full size-full wp-image-27786\" alt=\"Cristo negro en procesi\u00f3n, im\u00e1gen religiosa, devoci\u00f3n cristiana en iglesia, celebraci\u00f3n cat\u00f3lica, fervor espiritual, imagen de fe y tradici\u00f3n religiosa, arte sacro en interior de templo, acto religioso, culto tradicional.\" title=\"Carlos Sandoval: el migrante que regresa para vivir la Semana Santa \u2013 SoyMigrante.com REVISTA\" srcset=\"https:\/\/soymigrante.com\/revista\/wp-content\/uploads\/2025\/03\/Carlos-Sandoval2-e1741914213387.webp 1200w, https:\/\/soymigrante.com\/revista\/wp-content\/uploads\/2025\/03\/Carlos-Sandoval2-e1741914213387-290x300.webp 290w, https:\/\/soymigrante.com\/revista\/wp-content\/uploads\/2025\/03\/Carlos-Sandoval2-e1741914213387-991x1024.webp 991w, https:\/\/soymigrante.com\/revista\/wp-content\/uploads\/2025\/03\/Carlos-Sandoval2-e1741914213387-768x794.webp 768w, https:\/\/soymigrante.com\/revista\/wp-content\/uploads\/2025\/03\/Carlos-Sandoval2-e1741914213387-750x775.webp 750w, https:\/\/soymigrante.com\/revista\/wp-content\/uploads\/2025\/03\/Carlos-Sandoval2-e1741914213387-1140x1178.webp 1140w\" sizes=\"(max-width: 1200px) 100vw, 1200px\" \/>\t\t\t\t\t\t<\/div>\n\t\t\t\t\t\n\t\t\t\t\t\t\t\t\t\t<div class=\"elementor-testimonial-details\">\n\t\t\t\t\t\t\t\t\t\t\t\t\t\t<div class=\"elementor-testimonial-name\">Carlos Sandoval<\/div>\n\t\t\t\t\t\t\t\t\t\t\t\t\t\t\t\t\t\t\t\t\t\t<div class=\"elementor-testimonial-job\">Migrante y devoto<\/div>\n\t\t\t\t\t\t\t\t\t\t\t\t\t<\/div>\n\t\t\t\t\t\t\t\t\t<\/div>\n\t\t\t<\/div>\n\t\t\t\t\t<\/div>\n\t\t\t\t\t\t<\/div>\n\t\t\t\t\t<\/div>\n\t\t\t\t<\/div>\n\t\t<div data-particle_enable=\"false\" data-particle-mobile-disabled=\"false\" class=\"elementor-element elementor-element-aa014cb e-flex e-con-boxed e-con e-parent\" data-id=\"aa014cb\" data-element_type=\"container\" data-e-type=\"container\">\n\t\t\t\t\t<div class=\"e-con-inner\">\n\t\t\t\t<div class=\"elementor-element elementor-element-6a2448d elementor-widget elementor-widget-image\" data-id=\"6a2448d\" data-element_type=\"widget\" data-e-type=\"widget\" data-widget_type=\"image.default\">\n\t\t\t\t\t\t\t\t\t\t\t\t<figure class=\"wp-caption\">\n\t\t\t\t\t\t\t\t\t\t<img loading=\"lazy\" decoding=\"async\" width=\"768\" height=\"1024\" src=\"https:\/\/soymigrante.com\/revista\/wp-content\/uploads\/2025\/03\/Carlos-Sandoval10-768x1024.jpeg\" class=\"attachment-large size-large wp-image-27809\" alt=\"Bordadores tradicionales con vestimentas t\u00edpicas y sombreros en una celebraci\u00f3n cultural en M\u00e9xico.\" srcset=\"https:\/\/soymigrante.com\/revista\/wp-content\/uploads\/2025\/03\/Carlos-Sandoval10-768x1024.jpeg 768w, https:\/\/soymigrante.com\/revista\/wp-content\/uploads\/2025\/03\/Carlos-Sandoval10-225x300.jpeg 225w, https:\/\/soymigrante.com\/revista\/wp-content\/uploads\/2025\/03\/Carlos-Sandoval10-1152x1536.jpeg 1152w, https:\/\/soymigrante.com\/revista\/wp-content\/uploads\/2025\/03\/Carlos-Sandoval10-750x1000.webp 750w, https:\/\/soymigrante.com\/revista\/wp-content\/uploads\/2025\/03\/Carlos-Sandoval10-1140x1520.webp 1140w, https:\/\/soymigrante.com\/revista\/wp-content\/uploads\/2025\/03\/Carlos-Sandoval10.webp 1200w\" sizes=\"(max-width: 768px) 100vw, 768px\" title=\"Carlos Sandoval el migrante que regresa para vivir la Semana Santa \u2013 SoyMigrante.com REVISTA\" \/>\t\t\t\t\t\t\t\t\t\t\t<figcaption class=\"widget-image-caption wp-caption-text\">Celebraci\u00f3n cultural mexicana con indumentaria tradicional, bordadores y sombreros en evento comunitario.<\/figcaption>\n\t\t\t\t\t\t\t\t\t\t<\/figure>\n\t\t\t\t\t\t\t\t\t<\/div>\n\t\t\t\t\t<\/div>\n\t\t\t\t<\/div>\n\t\t<div data-particle_enable=\"false\" data-particle-mobile-disabled=\"false\" class=\"elementor-element elementor-element-5f4a56f e-flex e-con-boxed e-con e-parent\" data-id=\"5f4a56f\" data-element_type=\"container\" data-e-type=\"container\">\n\t\t\t\t\t<div class=\"e-con-inner\">\n\t\t\t\t<div class=\"elementor-element elementor-element-5bbb5dd elementor-widget elementor-widget-heading\" data-id=\"5bbb5dd\" data-element_type=\"widget\" data-e-type=\"widget\" data-widget_type=\"heading.default\">\n\t\t\t\t\t<h3 class=\"elementor-heading-title elementor-size-default\">Manteniendo la fe en EE.UU. con el Cristo Mojado<\/h3>\t\t\t\t<\/div>\n\t\t\t\t\t<\/div>\n\t\t\t\t<\/div>\n\t\t<div data-particle_enable=\"false\" data-particle-mobile-disabled=\"false\" class=\"elementor-element elementor-element-bdc3bb9 e-flex e-con-boxed e-con e-parent\" data-id=\"bdc3bb9\" data-element_type=\"container\" data-e-type=\"container\">\n\t\t\t\t\t<div class=\"e-con-inner\">\n\t\t\t\t<div class=\"elementor-element elementor-element-6cc6f39 elementor-widget elementor-widget-text-editor\" data-id=\"6cc6f39\" data-element_type=\"widget\" data-e-type=\"widget\" data-widget_type=\"text-editor.default\">\n\t\t\t\t\t\t\t\t\t<p>En Los \u00c1ngeles, Carlos tambi\u00e9n ha trabajado por mantener viva la tradici\u00f3n guatemalteca. <a href=\"https:\/\/soymigrante.com\/revista\/algunas-sugerencias-para-que-devotos-migrantes-vivan-mejor-la-cuaresma-y-semana-santa\/\" target=\"_blank\" rel=\"noopener\">Es miembro de la fraternidad de Santa Cecilia, encargada de la procesi\u00f3n del Cristo Mojado,<\/a> una imagen que lleva 23 a\u00f1os en Estados Unidos y 20 de salir en procesi\u00f3n.<\/p>\t\t\t\t\t\t\t\t<\/div>\n\t\t\t\t\t<\/div>\n\t\t\t\t<\/div>\n\t\t<div data-particle_enable=\"false\" data-particle-mobile-disabled=\"false\" class=\"elementor-element elementor-element-27edf01 e-flex e-con-boxed e-con e-parent\" data-id=\"27edf01\" data-element_type=\"container\" data-e-type=\"container\">\n\t\t\t\t\t<div class=\"e-con-inner\">\n\t\t\t\t<div class=\"elementor-element elementor-element-206e2d2 elementor-invisible elementor-widget elementor-widget-testimonial\" data-id=\"206e2d2\" data-element_type=\"widget\" data-e-type=\"widget\" data-settings=\"{&quot;_animation&quot;:&quot;rotateInUpRight&quot;}\" data-widget_type=\"testimonial.default\">\n\t\t\t\t\t\t\t<div class=\"elementor-testimonial-wrapper\">\n\t\t\t\t\t\t\t<div class=\"elementor-testimonial-content\">\u201cEste a\u00f1o tuvimos la gracia de Dios de tener una banda de sonido en vivo, como si fuera Guatemala, con marchas f\u00fanebres que nos acompa\u00f1aron\u201d, cuenta emocionado.\n<\/div>\n\t\t\t\n\t\t\t\t\t\t<div class=\"elementor-testimonial-meta elementor-has-image elementor-testimonial-image-position-aside\">\n\t\t\t\t<div class=\"elementor-testimonial-meta-inner\">\n\t\t\t\t\t\t\t\t\t\t\t<div class=\"elementor-testimonial-image\">\n\t\t\t\t\t\t\t<img loading=\"lazy\" decoding=\"async\" width=\"1200\" height=\"1240\" src=\"https:\/\/soymigrante.com\/revista\/wp-content\/uploads\/2025\/03\/Carlos-Sandoval2-e1741914213387.webp\" class=\"attachment-full size-full wp-image-27786\" alt=\"Cristo negro en procesi\u00f3n, im\u00e1gen religiosa, devoci\u00f3n cristiana en iglesia, celebraci\u00f3n cat\u00f3lica, fervor espiritual, imagen de fe y tradici\u00f3n religiosa, arte sacro en interior de templo, acto religioso, culto tradicional.\" title=\"Carlos Sandoval: el migrante que regresa para vivir la Semana Santa \u2013 SoyMigrante.com REVISTA\" srcset=\"https:\/\/soymigrante.com\/revista\/wp-content\/uploads\/2025\/03\/Carlos-Sandoval2-e1741914213387.webp 1200w, https:\/\/soymigrante.com\/revista\/wp-content\/uploads\/2025\/03\/Carlos-Sandoval2-e1741914213387-290x300.webp 290w, https:\/\/soymigrante.com\/revista\/wp-content\/uploads\/2025\/03\/Carlos-Sandoval2-e1741914213387-991x1024.webp 991w, https:\/\/soymigrante.com\/revista\/wp-content\/uploads\/2025\/03\/Carlos-Sandoval2-e1741914213387-768x794.webp 768w, https:\/\/soymigrante.com\/revista\/wp-content\/uploads\/2025\/03\/Carlos-Sandoval2-e1741914213387-750x775.webp 750w, https:\/\/soymigrante.com\/revista\/wp-content\/uploads\/2025\/03\/Carlos-Sandoval2-e1741914213387-1140x1178.webp 1140w\" sizes=\"(max-width: 1200px) 100vw, 1200px\" \/>\t\t\t\t\t\t<\/div>\n\t\t\t\t\t\n\t\t\t\t\t\t\t\t\t\t<div class=\"elementor-testimonial-details\">\n\t\t\t\t\t\t\t\t\t\t\t\t\t\t<div class=\"elementor-testimonial-name\">Carlos Sandoval<\/div>\n\t\t\t\t\t\t\t\t\t\t\t\t\t\t\t\t\t\t\t\t\t\t<div class=\"elementor-testimonial-job\">Migrante y devoto<\/div>\n\t\t\t\t\t\t\t\t\t\t\t\t\t<\/div>\n\t\t\t\t\t\t\t\t\t<\/div>\n\t\t\t<\/div>\n\t\t\t\t\t<\/div>\n\t\t\t\t\t\t<\/div>\n\t\t\t\t\t<\/div>\n\t\t\t\t<\/div>\n\t\t<div data-particle_enable=\"false\" data-particle-mobile-disabled=\"false\" class=\"elementor-element elementor-element-f562c3c e-flex e-con-boxed e-con e-parent\" data-id=\"f562c3c\" data-element_type=\"container\" data-e-type=\"container\">\n\t\t\t\t\t<div class=\"e-con-inner\">\n\t\t\t\t<div class=\"elementor-element elementor-element-ac814d2 elementor-widget elementor-widget-text-editor\" data-id=\"ac814d2\" data-element_type=\"widget\" data-e-type=\"widget\" data-widget_type=\"text-editor.default\">\n\t\t\t\t\t\t\t\t\t<p>Carlos ha dedicado dos d\u00e9cadas a adornar el anda del Cristo Mojado, con la ayuda de su hermano, quien viaja desde Guatemala para colaborar en esta tradici\u00f3n.<\/p>\t\t\t\t\t\t\t\t<\/div>\n\t\t\t\t\t<\/div>\n\t\t\t\t<\/div>\n\t\t<div data-particle_enable=\"false\" data-particle-mobile-disabled=\"false\" class=\"elementor-element elementor-element-25cb180 e-flex e-con-boxed e-con e-parent\" data-id=\"25cb180\" data-element_type=\"container\" data-e-type=\"container\">\n\t\t\t\t\t<div class=\"e-con-inner\">\n\t\t\t\t<div class=\"elementor-element elementor-element-b3fa163 elementor-widget elementor-widget-image\" data-id=\"b3fa163\" data-element_type=\"widget\" data-e-type=\"widget\" data-widget_type=\"image.default\">\n\t\t\t\t\t\t\t\t\t\t\t\t<figure class=\"wp-caption\">\n\t\t\t\t\t\t\t\t\t\t<img loading=\"lazy\" decoding=\"async\" width=\"768\" height=\"576\" src=\"https:\/\/soymigrante.com\/revista\/wp-content\/uploads\/2025\/03\/Carlos-Sandoval13-1024x768.jpeg\" class=\"attachment-large size-large wp-image-27810\" alt=\"Estudiantes y profesorado en ceremonia de graduaci\u00f3n, vistiendo toga y birrete, celebrando logros acad\u00e9micos en un entorno escolar.\" srcset=\"https:\/\/soymigrante.com\/revista\/wp-content\/uploads\/2025\/03\/Carlos-Sandoval13-1024x768.jpeg 1024w, https:\/\/soymigrante.com\/revista\/wp-content\/uploads\/2025\/03\/Carlos-Sandoval13-300x225.jpeg 300w, https:\/\/soymigrante.com\/revista\/wp-content\/uploads\/2025\/03\/Carlos-Sandoval13-768x576.jpeg 768w, https:\/\/soymigrante.com\/revista\/wp-content\/uploads\/2025\/03\/Carlos-Sandoval13-1536x1152.jpeg 1536w, https:\/\/soymigrante.com\/revista\/wp-content\/uploads\/2025\/03\/Carlos-Sandoval13-750x563.webp 750w, https:\/\/soymigrante.com\/revista\/wp-content\/uploads\/2025\/03\/Carlos-Sandoval13-1140x855.webp 1140w, https:\/\/soymigrante.com\/revista\/wp-content\/uploads\/2025\/03\/Carlos-Sandoval13.webp 1600w\" sizes=\"(max-width: 768px) 100vw, 768px\" title=\"Carlos Sandoval el migrante que regresa para vivir la Semana Santa \u2013 SoyMigrante.com REVISTA\" \/>\t\t\t\t\t\t\t\t\t\t\t<figcaption class=\"widget-image-caption wp-caption-text\">Personas con toga y birrete en ceremonia de graduaci\u00f3n, en un ambiente en exteriores, celebrando en comunidad acad\u00e9mica con alegr\u00eda y orgullo.<\/figcaption>\n\t\t\t\t\t\t\t\t\t\t<\/figure>\n\t\t\t\t\t\t\t\t\t<\/div>\n\t\t\t\t\t<\/div>\n\t\t\t\t<\/div>\n\t\t<div data-particle_enable=\"false\" data-particle-mobile-disabled=\"false\" class=\"elementor-element elementor-element-fd104ab e-flex e-con-boxed e-con e-parent\" data-id=\"fd104ab\" data-element_type=\"container\" data-e-type=\"container\">\n\t\t\t\t\t<div class=\"e-con-inner\">\n\t\t\t\t<div class=\"elementor-element elementor-element-81c3891 elementor-widget elementor-widget-heading\" data-id=\"81c3891\" data-element_type=\"widget\" data-e-type=\"widget\" data-widget_type=\"heading.default\">\n\t\t\t\t\t<h3 class=\"elementor-heading-title elementor-size-default\">Un legado familiar<\/h3>\t\t\t\t<\/div>\n\t\t\t\t\t<\/div>\n\t\t\t\t<\/div>\n\t\t<div data-particle_enable=\"false\" data-particle-mobile-disabled=\"false\" class=\"elementor-element elementor-element-9fc2deb e-flex e-con-boxed e-con e-parent\" data-id=\"9fc2deb\" data-element_type=\"container\" data-e-type=\"container\">\n\t\t\t\t\t<div class=\"e-con-inner\">\n\t\t\t\t<div class=\"elementor-element elementor-element-222f8a9 elementor-widget elementor-widget-text-editor\" data-id=\"222f8a9\" data-element_type=\"widget\" data-e-type=\"widget\" data-widget_type=\"text-editor.default\">\n\t\t\t\t\t\t\t\t\t<p><a href=\"https:\/\/soymigrante.com\/revista\/algunas-sugerencias-para-que-devotos-migrantes-vivan-mejor-la-cuaresma-y-semana-santa\/\" target=\"_blank\" rel=\"noopener\">El amor por la Semana Santa no termina con \u00e9l<\/a>. Sus cuatro hijos tambi\u00e9n son cucuruchos, y su esposa, Rosario de Sandoval, lo acompa\u00f1a en esta devoci\u00f3n, cargando en Candelaria, Santo Domingo y La Merced. Su hijo Gabriel Sandoval es quien m\u00e1s lo acompa\u00f1a en cada recorrido.<\/p><p><a href=\"https:\/\/soymigrante.com\/revista\/algunas-sugerencias-para-que-devotos-migrantes-vivan-mejor-la-cuaresma-y-semana-santa\/\" target=\"_blank\" rel=\"noopener\">Cuando viaja a Guatemala, Carlos se queda con su familia y aprovecha estos d\u00edas para compartir con ellos.<\/a> Sin embargo, su principal motivo para regresar sigue siendo el mismo desde hace d\u00e9cadas: portar en hombros las im\u00e1genes de sus amores.<\/p>\t\t\t\t\t\t\t\t<\/div>\n\t\t\t\t\t<\/div>\n\t\t\t\t<\/div>\n\t\t<div data-particle_enable=\"false\" data-particle-mobile-disabled=\"false\" class=\"elementor-element elementor-element-dd1d0e1 e-flex e-con-boxed e-con e-parent\" data-id=\"dd1d0e1\" data-element_type=\"container\" data-e-type=\"container\">\n\t\t\t\t\t<div class=\"e-con-inner\">\n\t\t\t\t<div class=\"elementor-element elementor-element-3d9ea57 elementor-widget elementor-widget-text-editor\" data-id=\"3d9ea57\" data-element_type=\"widget\" data-e-type=\"widget\" data-widget_type=\"text-editor.default\">\n\t\t\t\t\t\t\t\t\t<p>Desde 1988, no ha faltado ni un solo a\u00f1o a su cita con Jes\u00fas en Semana Santa. \u201cMi fe sigue intacta, porque Guatemala vive en m\u00ed\u201d, concluye con orgullo.<\/p>\t\t\t\t\t\t\t\t<\/div>\n\t\t\t\t\t<\/div>\n\t\t\t\t<\/div>\n\t\t<div data-particle_enable=\"false\" data-particle-mobile-disabled=\"false\" class=\"elementor-element elementor-element-e732c90 e-flex e-con-boxed e-con e-parent\" data-id=\"e732c90\" data-element_type=\"container\" data-e-type=\"container\">\n\t\t\t\t\t<div class=\"e-con-inner\">\n\t\t\t\t<div class=\"elementor-element elementor-element-ac3a499 elementor-widget elementor-widget-image\" data-id=\"ac3a499\" data-element_type=\"widget\" data-e-type=\"widget\" data-widget_type=\"image.default\">\n\t\t\t\t\t\t\t\t\t\t\t\t<figure class=\"wp-caption\">\n\t\t\t\t\t\t\t\t\t\t<img loading=\"lazy\" decoding=\"async\" width=\"472\" height=\"1024\" src=\"https:\/\/soymigrante.com\/revista\/wp-content\/uploads\/2025\/03\/Carlos-Sandoval6-472x1024.jpeg\" class=\"attachment-large size-large wp-image-27814\" alt=\"Reconocimiento a la comunidad migrante en SoyMigrante.com REVISTA, destacando historias, derechos y cultura de los migrantes en el mundo hispanohablante.\" srcset=\"https:\/\/soymigrante.com\/revista\/wp-content\/uploads\/2025\/03\/Carlos-Sandoval6-472x1024.jpeg 472w, https:\/\/soymigrante.com\/revista\/wp-content\/uploads\/2025\/03\/Carlos-Sandoval6-708x1536.jpeg 708w\" sizes=\"(max-width: 472px) 100vw, 472px\" title=\"Carlos Sandoval el migrante que regresa para vivir la Semana Santa \u2013 SoyMigrante.com REVISTA\" \/>\t\t\t\t\t\t\t\t\t\t\t<figcaption class=\"widget-image-caption wp-caption-text\">Fotograf\u00eda de dos hombres en un evento relacionado con la comunidad migrante, uno con chaqueta de detectives y el otro con bufanda y gafete, en un entorno formal.<\/figcaption>\n\t\t\t\t\t\t\t\t\t\t<\/figure>\n\t\t\t\t\t\t\t\t\t<\/div>\n\t\t\t\t\t<\/div>\n\t\t\t\t<\/div>\n\t\t<div data-particle_enable=\"false\" data-particle-mobile-disabled=\"false\" class=\"elementor-element elementor-element-4bb74ad e-flex e-con-boxed e-con e-parent\" data-id=\"4bb74ad\" data-element_type=\"container\" data-e-type=\"container\">\n\t\t\t\t\t<div class=\"e-con-inner\">\n\t\t\t\t<div class=\"elementor-element elementor-element-3f5a034 elementor-widget elementor-widget-heading\" data-id=\"3f5a034\" data-element_type=\"widget\" data-e-type=\"widget\" data-widget_type=\"heading.default\">\n\t\t\t\t\t<h2 class=\"elementor-heading-title elementor-size-default\">Conoce otras historias inspiradoras ac\u00e1...<\/h2>\t\t\t\t<\/div>\n\t\t\t\t\t<\/div>\n\t\t\t\t<\/div>\n\t\t<div data-particle_enable=\"false\" data-particle-mobile-disabled=\"false\" class=\"elementor-element elementor-element-ea0eedf e-flex e-con-boxed e-con e-parent\" data-id=\"ea0eedf\" data-element_type=\"container\" data-e-type=\"container\">\n\t\t\t\t\t<div class=\"e-con-inner\">\n\t\t\t\t<div class=\"elementor-element elementor-element-43fa34d elementor-grid-eael-col-3 elementor-grid-tablet-eael-col-2 elementor-grid-mobile-eael-col-1 elementor-widget elementor-widget-eael-post-grid\" data-id=\"43fa34d\" data-element_type=\"widget\" data-e-type=\"widget\" data-settings=\"{&quot;eael_post_grid_columns&quot;:&quot;eael-col-3&quot;,&quot;eael_post_grid_columns_tablet&quot;:&quot;eael-col-2&quot;,&quot;eael_post_grid_columns_mobile&quot;:&quot;eael-col-1&quot;}\" data-widget_type=\"eael-post-grid.default\">\n\t\t\t\t\t<div id=\"eael-post-grid-43fa34d\" class=\"eael-post-grid-container\">\n            <div class=\"eael-post-grid eael-post-appender eael-post-appender-43fa34d eael-post-grid-style-one\" data-layout-mode=\"masonry\"><article class=\"eael-grid-post  eael-post-grid-column eael-pg-post-27712 category-guate-nuestra\" data-id=\"27712\">\n        <div class=\"eael-grid-post-holder\">\n            <div class=\"eael-grid-post-holder-inner\"><div class=\"eael-entry-media\"><div class=\"eael-entry-overlay fade-in\"><i class=\"far fa-hand-pointer\" aria-hidden=\"true\"><\/i><a href=\"https:\/\/soymigrante.com\/revista\/fe-migrante-carlos-cano-regresa-cada-ano-a-vivir-la-devocion-de-semana-santa-en-guatemala\/\"><\/a><\/div><div class=\"eael-entry-thumbnail \">\n                <img loading=\"lazy\" decoding=\"async\" width=\"300\" height=\"300\" src=\"https:\/\/soymigrante.com\/revista\/wp-content\/uploads\/2025\/03\/Carlos-Cano2-1-e1741720778496-300x300-copy.webp\" class=\"attachment-large size-large wp-image-27998\" alt=\"Celebraci\u00f3n tradicional de la Semana Santa con procesiones y demostraciones culturales en Espa\u00f1a.\" srcset=\"https:\/\/soymigrante.com\/revista\/wp-content\/uploads\/2025\/03\/Carlos-Cano2-1-e1741720778496-300x300-copy.webp 300w, https:\/\/soymigrante.com\/revista\/wp-content\/uploads\/2025\/03\/Carlos-Cano2-1-e1741720778496-300x300-copy-150x150.webp 150w, https:\/\/soymigrante.com\/revista\/wp-content\/uploads\/2025\/03\/Carlos-Cano2-1-e1741720778496-300x300-copy-75x75.webp 75w\" sizes=\"(max-width: 300px) 100vw, 300px\" \/>\n            <\/div>\n        <\/div><div class=\"eael-entry-wrapper\"><header class=\"eael-entry-header\"><h2 class=\"eael-entry-title\"><a class=\"eael-grid-post-link\" href=\"https:\/\/soymigrante.com\/revista\/fe-migrante-carlos-cano-regresa-cada-ano-a-vivir-la-devocion-de-semana-santa-en-guatemala\/\" title=\"Fe migrante: Carlos Cano regresa cada a\u00f1o a vivir la devoci\u00f3n de Semana Santa en Guatemala\">Fe migrante: Carlos Cano regresa cada a\u00f1o a vivir la devoci\u00f3n de Semana Santa en Guatemala<\/a><\/h2><\/header><div class=\"eael-entry-content\">\n                        <div class=\"eael-grid-post-excerpt\"><a href=\"https:\/\/soymigrante.com\/revista\/fe-migrante-carlos-cano-regresa-cada-ano-a-vivir-la-devocion-de-semana-santa-en-guatemala\/\" class=\"eael-post-elements-readmore-btn\">CONOCE SU HISTORIA <\/a><\/div>\n                    <\/div><\/div><\/div>\n        <\/div>\n    <\/article><article class=\"eael-grid-post  eael-post-grid-column eael-pg-post-5630 category-estamos-unidos\" data-id=\"5630\">\n        <div class=\"eael-grid-post-holder\">\n            <div class=\"eael-grid-post-holder-inner\"><div class=\"eael-entry-media\"><div class=\"eael-entry-overlay fade-in\"><i class=\"far fa-hand-pointer\" aria-hidden=\"true\"><\/i><a href=\"https:\/\/soymigrante.com\/revista\/migrante-y-actor-walter-villatoro-estrena-pelicula-gratuita-en-linea\/\"><\/a><\/div><div class=\"eael-entry-thumbnail \">\n                <img loading=\"lazy\" decoding=\"async\" width=\"723\" height=\"752\" src=\"https:\/\/soymigrante.com\/revista\/wp-content\/uploads\/2024\/03\/Captura-de-pantalla-2024-03-26-171145.webp\" class=\"attachment-large size-large wp-image-5631\" alt=\"Poster de la cinta Amigos y Traiciones del guatemalteco Walter Villatoro\" srcset=\"https:\/\/soymigrante.com\/revista\/wp-content\/uploads\/2024\/03\/Captura-de-pantalla-2024-03-26-171145.webp 723w, https:\/\/soymigrante.com\/revista\/wp-content\/uploads\/2024\/03\/Captura-de-pantalla-2024-03-26-171145-288x300.webp 288w\" sizes=\"(max-width: 723px) 100vw, 723px\" \/>\n            <\/div>\n        <\/div><div class=\"eael-entry-wrapper\"><header class=\"eael-entry-header\"><h2 class=\"eael-entry-title\"><a class=\"eael-grid-post-link\" href=\"https:\/\/soymigrante.com\/revista\/migrante-y-actor-walter-villatoro-estrena-pelicula-gratuita-en-linea\/\" title=\"Migrante y actor Walter Villatoro estren\u00f3 en l\u00ednea y gratis su pel\u00edcula #24\">Migrante y actor Walter Villatoro estren\u00f3 en l\u00ednea y gratis su pel\u00edcula #24<\/a><\/h2><\/header><div class=\"eael-entry-content\">\n                        <div class=\"eael-grid-post-excerpt\"><a href=\"https:\/\/soymigrante.com\/revista\/migrante-y-actor-walter-villatoro-estrena-pelicula-gratuita-en-linea\/\" class=\"eael-post-elements-readmore-btn\">CONOCE SU HISTORIA <\/a><\/div>\n                    <\/div><\/div><\/div>\n        <\/div>\n    <\/article><article class=\"eael-grid-post  eael-post-grid-column eael-pg-post-763 category-exitos-guatemala tags-california\" data-id=\"763\">\n        <div class=\"eael-grid-post-holder\">\n            <div class=\"eael-grid-post-holder-inner\"><div class=\"eael-entry-media\"><div class=\"eael-entry-overlay fade-in\"><i class=\"far fa-hand-pointer\" aria-hidden=\"true\"><\/i><a href=\"https:\/\/soymigrante.com\/revista\/biologo-lustra-el-mayor-tesoro-de-guatemala\/\"><\/a><\/div><div class=\"eael-entry-thumbnail \">\n                <img loading=\"lazy\" decoding=\"async\" width=\"1024\" height=\"769\" src=\"https:\/\/soymigrante.com\/revista\/wp-content\/uploads\/2023\/03\/SOY-MIGRANTE-RENE-CORADO-BIOLOGO-4-1024x769.jpg\" class=\"attachment-large size-large wp-image-809\" alt=\"Ren\u00e9 Corado, migrante y biologo director del museo de aves de Oxnard, California\" srcset=\"https:\/\/soymigrante.com\/revista\/wp-content\/uploads\/2023\/03\/SOY-MIGRANTE-RENE-CORADO-BIOLOGO-4-1024x769.jpg 1024w, https:\/\/soymigrante.com\/revista\/wp-content\/uploads\/2023\/03\/SOY-MIGRANTE-RENE-CORADO-BIOLOGO-4-300x225.webp 300w, https:\/\/soymigrante.com\/revista\/wp-content\/uploads\/2023\/03\/SOY-MIGRANTE-RENE-CORADO-BIOLOGO-4-768x577.jpg 768w, https:\/\/soymigrante.com\/revista\/wp-content\/uploads\/2023\/03\/SOY-MIGRANTE-RENE-CORADO-BIOLOGO-4-1536x1154.jpg 1536w, https:\/\/soymigrante.com\/revista\/wp-content\/uploads\/2023\/03\/SOY-MIGRANTE-RENE-CORADO-BIOLOGO-4-2048x1539.jpg 2048w, https:\/\/soymigrante.com\/revista\/wp-content\/uploads\/2023\/03\/SOY-MIGRANTE-RENE-CORADO-BIOLOGO-4-750x563.webp 750w, https:\/\/soymigrante.com\/revista\/wp-content\/uploads\/2023\/03\/SOY-MIGRANTE-RENE-CORADO-BIOLOGO-4-1140x856.jpg 1140w, https:\/\/soymigrante.com\/revista\/wp-content\/uploads\/2023\/03\/SOY-MIGRANTE-RENE-CORADO-BIOLOGO-4-scaled.webp 1920w\" sizes=\"(max-width: 1024px) 100vw, 1024px\" \/>\n            <\/div>\n        <\/div><div class=\"eael-entry-wrapper\"><header class=\"eael-entry-header\"><h2 class=\"eael-entry-title\"><a class=\"eael-grid-post-link\" href=\"https:\/\/soymigrante.com\/revista\/biologo-lustra-el-mayor-tesoro-de-guatemala\/\" title=\"Bi\u00f3logo migrante Ren\u00e9 Corado lustra el mayor tesoro de Guatemala\">Bi\u00f3logo migrante Ren\u00e9 Corado lustra el mayor tesoro de Guatemala<\/a><\/h2><\/header><div class=\"eael-entry-content\">\n                        <div class=\"eael-grid-post-excerpt\"><a href=\"https:\/\/soymigrante.com\/revista\/biologo-lustra-el-mayor-tesoro-de-guatemala\/\" class=\"eael-post-elements-readmore-btn\">CONOCE SU HISTORIA <\/a><\/div>\n                    <\/div><\/div><\/div>\n        <\/div>\n    <\/article><\/div>\n            <div class=\"clearfix\"><\/div>\n        <\/div>\t\t\t\t<\/div>\n\t\t\t\t\t<\/div>\n\t\t\t\t<\/div>\n\t\t\t\t<\/div>\n\t\t","protected":false},"excerpt":{"rendered":"<p>Carlos Sandoval migr\u00f3 a Los Angeles, Estados Unidos hace m\u00e1s de 40 a\u00f1os, pero al aproximarse cada Semana Santa se convierte de nuevo en peregrino y regresa a su natal Guatemala para vivir el fervor de las procesiones y la piedad popular. Carlos Sandoval dej\u00f3 Guatemala en 1981 con la esperanza de un futuro mejor [&hellip;]<\/p>\n","protected":false},"author":19,"featured_media":27788,"comment_status":"open","ping_status":"open","sticky":false,"template":"","format":"standard","meta":{"_acf_changed":false,"_eb_attr":"","footnotes":""},"categories":[58],"tags":[],"class_list":["post-27785","post","type-post","status-publish","format-standard","has-post-thumbnail","hentry","category-guate-nuestra"],"acf":[],"aioseo_notices":[],"aioseo_head":"\n\t\t<!-- All in One SEO Pro 4.9.6.2 - aioseo.com -->\n\t<meta name=\"description\" content=\"El bi\u00f3logo, escritor y migrante Ren\u00e9 Corado dirige el museo de aves de Camarillo, California; su ni\u00f1ez en Guatemala fue dif\u00edcil y por eso impulsa la educaci\u00f3n en su pa\u00eds. La vida del migrante guatemalteco Ren\u00e9 Corado est\u00e1 hecha de imposibles convertidos en posibilidad. \u00bfC\u00f3mo un ni\u00f1o lustrador llega a ser director de uno de\" \/>\n\t<meta name=\"robots\" content=\"max-snippet:-1, max-image-preview:large, max-video-preview:-1\" \/>\n\t<meta name=\"author\" content=\"Marysabel Aldana\"\/>\n\t<link rel=\"canonical\" href=\"https:\/\/soymigrante.com\/revista\/carlos-sandoval-lleva-40-anos-en-usa-y-siempre-vuelve-a-la-semana-santa-guatemalteca\/\" \/>\n\t<meta name=\"generator\" content=\"All in One SEO Pro (AIOSEO) 4.9.6.2\" \/>\n\n\t\t<link rel=\"preconnect\" href=\"https:\/\/fonts.googleapis.com\" crossorigin>\n<link rel=\"preconnect\" href=\"https:\/\/fonts.gstatic.com\" crossorigin>\n\t\t<meta property=\"og:locale\" content=\"es_ES\" \/>\n\t\t<meta property=\"og:site_name\" content=\"SoyMigrante.com REVISTA \u2013 Nuestra misi\u00f3n es reconocer y dignificar al migrante.\" \/>\n\t\t<meta property=\"og:type\" content=\"article\" \/>\n\t\t<meta property=\"og:title\" content=\"Con 40 a\u00f1os en USA Carlos Sandoval regresa cada Semana Santa\" \/>\n\t\t<meta property=\"og:description\" content=\"Carlos Sandoval es un devoto que regresa a Guatemala cada a\u00f1o para vivir las procesiones de Semana Santa. Lleva m\u00e1s de cuatro d\u00e9cadas en USA y sigue fiel a su fe\" \/>\n\t\t<meta property=\"og:url\" content=\"https:\/\/soymigrante.com\/revista\/carlos-sandoval-lleva-40-anos-en-usa-y-siempre-vuelve-a-la-semana-santa-guatemalteca\/\" \/>\n\t\t<meta property=\"og:image\" content=\"https:\/\/soymigrante.com\/revista\/wp-content\/uploads\/2025\/03\/Carlos-Sandoval3-e1741915061104.webp\" \/>\n\t\t<meta property=\"og:image:secure_url\" content=\"https:\/\/soymigrante.com\/revista\/wp-content\/uploads\/2025\/03\/Carlos-Sandoval3-e1741915061104.webp\" \/>\n\t\t<meta property=\"og:image:width\" content=\"995\" \/>\n\t\t<meta property=\"og:image:height\" content=\"995\" \/>\n\t\t<meta property=\"article:published_time\" content=\"2025-03-14T12:00:00+00:00\" \/>\n\t\t<meta property=\"article:modified_time\" content=\"2025-04-17T16:28:13+00:00\" \/>\n\t\t<meta property=\"article:publisher\" content=\"https:\/\/www.facebook.com\/soymigrantecom\" \/>\n\t\t<meta name=\"twitter:card\" content=\"summary_large_image\" \/>\n\t\t<meta name=\"twitter:site\" content=\"@SoyMigrante_com\" \/>\n\t\t<meta name=\"twitter:title\" content=\"Con 40 a\u00f1os en USA Carlos Sandoval regresa cada Semana Santa\" \/>\n\t\t<meta name=\"twitter:description\" content=\"Carlos Sandoval es un devoto que regresa a Guatemala cada a\u00f1o para vivir las procesiones de Semana Santa. Lleva m\u00e1s de cuatro d\u00e9cadas en USA y sigue fiel a su fe\" \/>\n\t\t<meta name=\"twitter:creator\" content=\"@SoyMigrante_com\" \/>\n\t\t<meta name=\"twitter:image\" content=\"https:\/\/soymigrante.com\/revista\/wp-content\/uploads\/2025\/03\/Carlos-Sandoval3-e1741915061104.webp\" \/>\n\t\t<!-- All in One SEO Pro -->\r\n\t\t<title>Con 40 a\u00f1os en USA Carlos Sandoval regresa cada Semana Santa<\/title>\n\n","aioseo_head_json":{"title":"Con 40 a\u00f1os en USA Carlos Sandoval regresa cada Semana Santa","description":"Carlos Sandoval es un devoto que regresa a Guatemala cada a\u00f1o para vivir las procesiones de Semana Santa. Lleva m\u00e1s de cuatro d\u00e9cadas en USA y sigue fiel a su fe","canonical_url":"https:\/\/soymigrante.com\/revista\/carlos-sandoval-lleva-40-anos-en-usa-y-siempre-vuelve-a-la-semana-santa-guatemalteca\/","robots":"max-snippet:-1, max-image-preview:large, max-video-preview:-1","keywords":"","webmasterTools":{"miscellaneous":"&lt;link rel=\"preconnect\" href=\"https:\/\/fonts.googleapis.com\" crossorigin&gt;\n&lt;link rel=\"preconnect\" href=\"https:\/\/fonts.gstatic.com\" crossorigin&gt;"},"schema":null,"og:locale":"es_ES","og:site_name":"SoyMigrante.com REVISTA \u2013 Nuestra misi\u00f3n es reconocer y dignificar al migrante.","og:type":"article","og:title":"Con 40 a\u00f1os en USA Carlos Sandoval regresa cada Semana Santa","og:description":"Carlos Sandoval es un devoto que regresa a Guatemala cada a\u00f1o para vivir las procesiones de Semana Santa. Lleva m\u00e1s de cuatro d\u00e9cadas en USA y sigue fiel a su fe","og:url":"https:\/\/soymigrante.com\/revista\/carlos-sandoval-lleva-40-anos-en-usa-y-siempre-vuelve-a-la-semana-santa-guatemalteca\/","og:image":"https:\/\/soymigrante.com\/revista\/wp-content\/uploads\/2025\/03\/Carlos-Sandoval3-e1741915061104.webp","og:image:secure_url":"https:\/\/soymigrante.com\/revista\/wp-content\/uploads\/2025\/03\/Carlos-Sandoval3-e1741915061104.webp","og:image:width":995,"og:image:height":995,"article:published_time":"2025-03-14T12:00:00+00:00","article:modified_time":"2025-04-17T16:28:13+00:00","article:publisher":"https:\/\/www.facebook.com\/soymigrantecom","twitter:card":"summary_large_image","twitter:site":"@SoyMigrante_com","twitter:title":"Con 40 a\u00f1os en USA Carlos Sandoval regresa cada Semana Santa","twitter:description":"Carlos Sandoval es un devoto que regresa a Guatemala cada a\u00f1o para vivir las procesiones de Semana Santa. Lleva m\u00e1s de cuatro d\u00e9cadas en USA y sigue fiel a su fe","twitter:creator":"@SoyMigrante_com","twitter:image":"https:\/\/soymigrante.com\/revista\/wp-content\/uploads\/2025\/03\/Carlos-Sandoval3-e1741915061104.webp"},"aioseo_meta_data":{"post_id":"27785","title":"Con 40 a\u00f1os en USA Carlos Sandoval regresa cada Semana Santa","description":"Carlos Sandoval es un devoto que regresa a Guatemala cada a\u00f1o para vivir las procesiones de Semana Santa. Lleva m\u00e1s de cuatro d\u00e9cadas en USA y sigue fiel a su fe","keywords":null,"keyphrases":{"focus":{"keyphrase":"Carlos Sandoval","score":91,"analysis":{"keyphraseInTitle":{"score":9,"maxScore":9,"error":0},"keyphraseInDescription":{"score":9,"maxScore":9,"error":0},"keyphraseLength":{"score":9,"maxScore":9,"error":0,"length":2},"keyphraseInURL":{"score":5,"maxScore":5,"error":0},"keyphraseInIntroduction":{"score":9,"maxScore":9,"error":0},"keyphraseInSubHeadings":{"score":3,"maxScore":9,"error":1},"keyphraseInImageAlt":{"score":9,"maxScore":9,"error":0},"keywordDensity":{"type":"best","score":9,"maxScore":9,"error":0}}},"additional":[{"keyphrase":"Migrante","score":73,"analysis":{"keyphraseInDescription":{"score":3,"maxScore":9,"error":1},"keyphraseLength":{"score":9,"maxScore":9,"error":0,"length":1},"keyphraseInIntroduction":{"score":3,"maxScore":9,"error":1},"keyphraseInImageAlt":{"score":9,"maxScore":9,"error":0},"keywordDensity":{"type":"best","score":9,"maxScore":9,"error":0}}},{"keyphrase":"Semana Santa","score":87,"analysis":{"keyphraseInDescription":{"score":9,"maxScore":9,"error":0},"keyphraseLength":{"score":9,"maxScore":9,"error":0,"length":2},"keyphraseInIntroduction":{"score":3,"maxScore":9,"error":1},"keyphraseInImageAlt":{"score":9,"maxScore":9,"error":0},"keywordDensity":{"type":"best","score":9,"maxScore":9,"error":0}}}]},"primary_term":null,"canonical_url":null,"og_title":null,"og_description":null,"og_object_type":"default","og_image_type":"default","og_image_url":null,"og_image_width":null,"og_image_height":null,"og_image_custom_url":null,"og_image_custom_fields":null,"og_video":"","og_custom_url":null,"og_article_section":null,"og_article_tags":null,"twitter_use_og":false,"twitter_card":"default","twitter_image_type":"default","twitter_image_url":null,"twitter_image_custom_url":null,"twitter_image_custom_fields":null,"twitter_title":null,"twitter_description":null,"schema":{"blockGraphs":[],"customGraphs":[],"default":{"data":{"Article":[],"Course":[],"Dataset":[],"FAQPage":[],"Movie":[],"Person":[],"Product":[],"ProductReview":[],"Car":[],"Recipe":[],"Service":[],"SoftwareApplication":[],"WebPage":[]},"graphName":"BlogPosting","isEnabled":true},"graphs":[]},"schema_type":"default","schema_type_options":null,"pillar_content":false,"robots_default":true,"robots_noindex":false,"robots_noarchive":false,"robots_nosnippet":false,"robots_nofollow":false,"robots_noimageindex":false,"robots_noodp":false,"robots_notranslate":false,"robots_max_snippet":"-1","robots_max_videopreview":"-1","robots_max_imagepreview":"large","priority":null,"frequency":"default","local_seo":null,"seo_analyzer_scan_date":"2025-10-09 03:26:53","breadcrumb_settings":null,"limit_modified_date":false,"reviewed_by":null,"open_ai":"{\"title\":{\"suggestions\":[],\"usage\":0},\"description\":{\"suggestions\":[],\"usage\":0}}","ai":null,"created":"2025-03-11 18:31:51","updated":"2026-02-04 22:12:48"},"aioseo_breadcrumb":"<div class=\"aioseo-breadcrumbs\"><span class=\"aioseo-breadcrumb\">\n\t<a href=\"https:\/\/soymigrante.com\/revista\" title=\"Home\">Home<\/a>\n<\/span><span class=\"aioseo-breadcrumb-separator\">\u00bb<\/span><span class=\"aioseo-breadcrumb\">\n\t<a href=\"https:\/\/soymigrante.com\/revista\/category\/guate-nuestra\/\" title=\"Guate Nuestra\">Guate Nuestra<\/a>\n<\/span><span class=\"aioseo-breadcrumb-separator\">\u00bb<\/span><span class=\"aioseo-breadcrumb\">\n\tCarlos Sandoval lleva 40 a\u00f1os en USA y siempre vuelve a la Semana Santa Guatemalteca\n<\/span><\/div>","aioseo_breadcrumb_json":[{"label":"Home","link":"https:\/\/soymigrante.com\/revista"},{"label":"Guate Nuestra","link":"https:\/\/soymigrante.com\/revista\/category\/guate-nuestra\/"},{"label":"Carlos Sandoval lleva 40 a\u00f1os en USA y siempre vuelve a la Semana Santa Guatemalteca","link":"https:\/\/soymigrante.com\/revista\/carlos-sandoval-lleva-40-anos-en-usa-y-siempre-vuelve-a-la-semana-santa-guatemalteca\/"}],"_links":{"self":[{"href":"https:\/\/soymigrante.com\/revista\/wp-json\/wp\/v2\/posts\/27785","targetHints":{"allow":["GET"]}}],"collection":[{"href":"https:\/\/soymigrante.com\/revista\/wp-json\/wp\/v2\/posts"}],"about":[{"href":"https:\/\/soymigrante.com\/revista\/wp-json\/wp\/v2\/types\/post"}],"author":[{"embeddable":true,"href":"https:\/\/soymigrante.com\/revista\/wp-json\/wp\/v2\/users\/19"}],"replies":[{"embeddable":true,"href":"https:\/\/soymigrante.com\/revista\/wp-json\/wp\/v2\/comments?post=27785"}],"version-history":[{"count":1,"href":"https:\/\/soymigrante.com\/revista\/wp-json\/wp\/v2\/posts\/27785\/revisions"}],"predecessor-version":[{"id":31430,"href":"https:\/\/soymigrante.com\/revista\/wp-json\/wp\/v2\/posts\/27785\/revisions\/31430"}],"wp:featuredmedia":[{"embeddable":true,"href":"https:\/\/soymigrante.com\/revista\/wp-json\/wp\/v2\/media\/27788"}],"wp:attachment":[{"href":"https:\/\/soymigrante.com\/revista\/wp-json\/wp\/v2\/media?parent=27785"}],"wp:term":[{"taxonomy":"category","embeddable":true,"href":"https:\/\/soymigrante.com\/revista\/wp-json\/wp\/v2\/categories?post=27785"},{"taxonomy":"post_tag","embeddable":true,"href":"https:\/\/soymigrante.com\/revista\/wp-json\/wp\/v2\/tags?post=27785"}],"curies":[{"name":"wp","href":"https:\/\/api.w.org\/{rel}","templated":true}]}}