{"id":2778,"date":"2024-08-02T07:26:33","date_gmt":"2024-08-02T13:26:33","guid":{"rendered":"https:\/\/soymigrante.com\/revista\/?p=2778"},"modified":"2024-08-02T07:30:15","modified_gmt":"2024-08-02T13:30:15","slug":"cambios-que-enfrentan-hijos-de-migrantes-al-partir-a-estados-unidos","status":"publish","type":"post","link":"https:\/\/soymigrante.com\/revista\/cambios-que-enfrentan-hijos-de-migrantes-al-partir-a-estados-unidos\/","title":{"rendered":"5 cambios que enfrentan hijos de migrantes al partir a Estados Unidos"},"content":{"rendered":"\t\t<div data-elementor-type=\"wp-post\" data-elementor-id=\"2778\" class=\"elementor elementor-2778\" data-elementor-post-type=\"post\">\n\t\t\t\t\t\t<section data-particle_enable=\"false\" data-particle-mobile-disabled=\"false\" class=\"elementor-section elementor-top-section elementor-element elementor-element-3438932 elementor-section-boxed elementor-section-height-default elementor-section-height-default\" data-id=\"3438932\" data-element_type=\"section\" data-e-type=\"section\">\n\t\t\t\t\t\t<div class=\"elementor-container elementor-column-gap-default\">\n\t\t\t\t\t<div class=\"elementor-column elementor-col-100 elementor-top-column elementor-element elementor-element-11fd2d0\" data-id=\"11fd2d0\" data-element_type=\"column\" data-e-type=\"column\">\n\t\t\t<div class=\"elementor-widget-wrap elementor-element-populated\">\n\t\t\t\t\t\t<div class=\"elementor-element elementor-element-630e8e7 elementor-widget elementor-widget-heading\" data-id=\"630e8e7\" data-element_type=\"widget\" data-e-type=\"widget\" data-widget_type=\"heading.default\">\n\t\t\t\t\t<h1 class=\"elementor-heading-title elementor-size-default\">La migraci\u00f3n o partida de un integrante de la familia trae consigo modificaciones en la estructura y la din\u00e1mica familiar, as\u00ed como los v\u00ednculos afectivos que se desarrollan en el c\u00edrculo. <\/h1>\t\t\t\t<\/div>\n\t\t\t\t\t<\/div>\n\t\t<\/div>\n\t\t\t\t\t<\/div>\n\t\t<\/section>\n\t\t\t\t<section data-particle_enable=\"false\" data-particle-mobile-disabled=\"false\" class=\"elementor-section elementor-top-section elementor-element elementor-element-bbb189f elementor-section-boxed elementor-section-height-default elementor-section-height-default\" data-id=\"bbb189f\" data-element_type=\"section\" data-e-type=\"section\">\n\t\t\t\t\t\t<div class=\"elementor-container elementor-column-gap-default\">\n\t\t\t\t\t<div class=\"elementor-column elementor-col-100 elementor-top-column elementor-element elementor-element-087ddcb\" data-id=\"087ddcb\" data-element_type=\"column\" data-e-type=\"column\">\n\t\t\t<div class=\"elementor-widget-wrap elementor-element-populated\">\n\t\t\t\t\t\t<div class=\"elementor-element elementor-element-a048a4d elementor-widget elementor-widget-video\" data-id=\"a048a4d\" data-element_type=\"widget\" data-e-type=\"widget\" data-settings=\"{&quot;youtube_url&quot;:&quot;https:\\\/\\\/youtu.be\\\/jjU_Z2Vt6Po?si=2MDzg3H8dEXLJCNl&quot;,&quot;video_type&quot;:&quot;youtube&quot;,&quot;controls&quot;:&quot;yes&quot;}\" data-widget_type=\"video.default\">\n\t\t\t\t\t\t\t<div class=\"elementor-wrapper elementor-open-inline\">\n\t\t\t<div class=\"elementor-video\"><\/div>\t\t<\/div>\n\t\t\t\t\t\t<\/div>\n\t\t\t\t\t<\/div>\n\t\t<\/div>\n\t\t\t\t\t<\/div>\n\t\t<\/section>\n\t\t\t\t<section data-particle_enable=\"false\" data-particle-mobile-disabled=\"false\" class=\"elementor-section elementor-top-section elementor-element elementor-element-df131b5 elementor-section-boxed elementor-section-height-default elementor-section-height-default\" data-id=\"df131b5\" data-element_type=\"section\" data-e-type=\"section\">\n\t\t\t\t\t\t<div class=\"elementor-container elementor-column-gap-default\">\n\t\t\t\t\t<div class=\"elementor-column elementor-col-100 elementor-top-column elementor-element elementor-element-963b4df\" data-id=\"963b4df\" data-element_type=\"column\" data-e-type=\"column\">\n\t\t\t<div class=\"elementor-widget-wrap elementor-element-populated\">\n\t\t\t\t\t\t<div class=\"elementor-element elementor-element-655ee8f elementor-widget elementor-widget-text-editor\" data-id=\"655ee8f\" data-element_type=\"widget\" data-e-type=\"widget\" data-widget_type=\"text-editor.default\">\n\t\t\t\t\t\t\t\t\t<p><span style=\"font-weight: 400\">Las familias que son separadas pasan un proceso traum\u00e1tico, pero tambi\u00e9n aquellas que se quedan en su territorio al cuidado de otros familiares; abuelos maternos o paternos, mismos que toman la responsabilidad de crianza y conducta de los ni\u00f1os, ni\u00f1as y adolescentes.\u00a0<\/span><\/p><p><span style=\"font-weight: 400\">En su mayor\u00eda los principales afectados tras una separaci\u00f3n son los menores del hogar, enfrentan cambios dr\u00e1sticos como el v\u00ednculo afectivo y ambiente familiar, tambi\u00e9n los ni\u00f1os y ni\u00f1as pueden caer en depresi\u00f3n, baja autoestima, inseguridades afectivas entre otras actitudes.<\/span><\/p><p><span style=\"font-weight: 400\">Su comportamiento puede generar cambios, pero tambi\u00e9n formar el car\u00e1cter, el desenvolvimiento personal y social, dichas caracter\u00edsticas influyen en un futuro en las decisiones de cada individuo, los principales en migrar son los padres del hogar (pap\u00e1 o mam\u00e1) en algunos casos ambos parten en busca de una oportunidad.<\/span><\/p>\t\t\t\t\t\t\t\t<\/div>\n\t\t\t\t\t<\/div>\n\t\t<\/div>\n\t\t\t\t\t<\/div>\n\t\t<\/section>\n\t\t\t\t<section data-particle_enable=\"false\" data-particle-mobile-disabled=\"false\" class=\"elementor-section elementor-top-section elementor-element elementor-element-7370a4c elementor-section-boxed elementor-section-height-default elementor-section-height-default\" data-id=\"7370a4c\" data-element_type=\"section\" data-e-type=\"section\">\n\t\t\t\t\t\t<div class=\"elementor-container elementor-column-gap-default\">\n\t\t\t\t\t<div class=\"elementor-column elementor-col-100 elementor-top-column elementor-element elementor-element-3fd0318\" data-id=\"3fd0318\" data-element_type=\"column\" data-e-type=\"column\">\n\t\t\t<div class=\"elementor-widget-wrap elementor-element-populated\">\n\t\t\t\t\t\t<div class=\"elementor-element elementor-element-a40c363 elementor-widget elementor-widget-heading\" data-id=\"a40c363\" data-element_type=\"widget\" data-e-type=\"widget\" data-widget_type=\"heading.default\">\n\t\t\t\t\t<h2 class=\"elementor-heading-title elementor-size-default\">Principales problemas en ni\u00f1os y ni\u00f1as\n<\/h2>\t\t\t\t<\/div>\n\t\t\t\t<div class=\"elementor-element elementor-element-5968fe3 elementor--h-position-center elementor--v-position-middle elementor-invisible elementor-widget elementor-widget-slides\" data-id=\"5968fe3\" data-element_type=\"widget\" data-e-type=\"widget\" data-settings=\"{&quot;_animation&quot;:&quot;wobble&quot;,&quot;_animation_delay&quot;:&quot;0&quot;,&quot;navigation&quot;:&quot;none&quot;,&quot;transition&quot;:&quot;fade&quot;,&quot;autoplay&quot;:&quot;yes&quot;,&quot;pause_on_hover&quot;:&quot;yes&quot;,&quot;pause_on_interaction&quot;:&quot;yes&quot;,&quot;autoplay_speed&quot;:5000,&quot;infinite&quot;:&quot;yes&quot;,&quot;transition_speed&quot;:500}\" data-widget_type=\"slides.default\">\n\t\t\t\t\t\t\t\t\t\t<div class=\"elementor-slides-wrapper elementor-main-swiper swiper\" role=\"region\" aria-roledescription=\"carousel\" aria-label=\"Diapositivas\" dir=\"ltr\" data-animation=\"\">\n\t\t\t\t<div class=\"swiper-wrapper elementor-slides\">\n\t\t\t\t\t\t\t\t\t\t<div class=\"elementor-repeater-item-6c9e3b4 swiper-slide\" role=\"group\" aria-roledescription=\"slide\"><div class=\"swiper-slide-bg\"><\/div><div class=\"swiper-slide-inner\" ><div class=\"swiper-slide-contents\"><div class=\"elementor-slide-heading\">Desintegraci\u00f3n familiar <\/div><div class=\"elementor-slide-description\">Surge desde el momento de la separaci\u00f3n del n\u00facleo familiar\n<\/div><\/div><\/div><\/div><div class=\"elementor-repeater-item-a57be55 swiper-slide\" role=\"group\" aria-roledescription=\"slide\"><div class=\"swiper-slide-bg\"><\/div><div class=\"swiper-slide-inner\" ><div class=\"swiper-slide-contents\"><div class=\"elementor-slide-heading\">Baja autoestima <\/div><div class=\"elementor-slide-description\">P\u00e9rdida de confianza en s\u00ed mismo y falta de amor propio\n<\/div><\/div><\/div><\/div><div class=\"elementor-repeater-item-1be6257 swiper-slide\" role=\"group\" aria-roledescription=\"slide\"><div class=\"swiper-slide-bg\"><\/div><div class=\"swiper-slide-inner\" ><div class=\"swiper-slide-contents\"><div class=\"elementor-slide-heading\">Inseguridad afectiva <\/div><div class=\"elementor-slide-description\">Desconfianza y sentimiento de abandono emocional con mam\u00e1 y pap\u00e1 \n<\/div><\/div><\/div><\/div><div class=\"elementor-repeater-item-e8961f5 swiper-slide\" role=\"group\" aria-roledescription=\"slide\"><div class=\"swiper-slide-bg\"><\/div><div class=\"swiper-slide-inner\" ><div class=\"swiper-slide-contents\"><div class=\"elementor-slide-heading\">Falta de comunicaci\u00f3n <\/div><div class=\"elementor-slide-description\">Desconexi\u00f3n con familiares cercanos y ambiente no arm\u00f3nico\n<\/div><\/div><\/div><\/div>\t\t\t\t<\/div>\n\t\t\t\t\t\t\t\t\t\t\t\t\t\t\t\t\t\t\t\t\t<\/div>\n\t\t\t\t\t\t\t\t<\/div>\n\t\t\t\t\t<\/div>\n\t\t<\/div>\n\t\t\t\t\t<\/div>\n\t\t<\/section>\n\t\t\t\t<section data-particle_enable=\"false\" data-particle-mobile-disabled=\"false\" class=\"elementor-section elementor-top-section elementor-element elementor-element-b050227 elementor-section-boxed elementor-section-height-default elementor-section-height-default\" data-id=\"b050227\" data-element_type=\"section\" data-e-type=\"section\">\n\t\t\t\t\t\t<div class=\"elementor-container elementor-column-gap-default\">\n\t\t\t\t\t<div class=\"elementor-column elementor-col-100 elementor-top-column elementor-element elementor-element-cecc59b\" data-id=\"cecc59b\" data-element_type=\"column\" data-e-type=\"column\">\n\t\t\t<div class=\"elementor-widget-wrap elementor-element-populated\">\n\t\t\t\t\t\t<div class=\"elementor-element elementor-element-722a0a8 elementor-widget elementor-widget-heading\" data-id=\"722a0a8\" data-element_type=\"widget\" data-e-type=\"widget\" data-widget_type=\"heading.default\">\n\t\t\t\t\t<h2 class=\"elementor-heading-title elementor-size-default\">Desintegraci\u00f3n Familiar<\/h2>\t\t\t\t<\/div>\n\t\t\t\t<div class=\"elementor-element elementor-element-87d3271 elementor-widget elementor-widget-text-editor\" data-id=\"87d3271\" data-element_type=\"widget\" data-e-type=\"widget\" data-widget_type=\"text-editor.default\">\n\t\t\t\t\t\t\t\t\t<p>La desintegraci\u00f3n familiar sucede cuando un integrante deja el hogar, como casos de migraci\u00f3n donde los padres buscan nuevas oportunidades fuera de su tierra natal, dejan hijos, abuelos, trabajo y toda una vida, afectan la estructura familiar y por ende las relaciones &#8220;Los que son mas vulnerables ante una separaci\u00f3n son ni\u00f1os y adolescentes&#8221;\u00a0<\/p><p style=\"text-align: left\">&#8220;A partir de la separaci\u00f3n los ni\u00f1os, ni\u00f1as y adolescentes enfrentan cambios dr\u00e1sticos en su comportamiento y personalidad, hasta cierto punto confundidos&#8221; Muchos de los padres o familiares compensan la ausencia con regalos y cosas materiales.<\/p><p>Los esfuerzos por reunificar la familia llevan a\u00f1os,\u00a0 en el transcurso los ni\u00f1os, ni\u00f1as y adolescentes crecen y toman decisiones que pueden modificar los planes de pap\u00e1 o mam\u00e1 &#8220;Algunos logran reunificarse en Estados Unidos con su familia, otros\u00a0 crecen\u00a0 y toman un camino distinto&#8221;.<\/p>\t\t\t\t\t\t\t\t<\/div>\n\t\t\t\t\t<\/div>\n\t\t<\/div>\n\t\t\t\t\t<\/div>\n\t\t<\/section>\n\t\t\t\t<section data-particle_enable=\"false\" data-particle-mobile-disabled=\"false\" class=\"elementor-section elementor-top-section elementor-element elementor-element-82f3819 elementor-section-boxed elementor-section-height-default elementor-section-height-default\" data-id=\"82f3819\" data-element_type=\"section\" data-e-type=\"section\">\n\t\t\t\t\t\t<div class=\"elementor-container elementor-column-gap-default\">\n\t\t\t\t\t<div class=\"elementor-column elementor-col-100 elementor-top-column elementor-element elementor-element-98365b9\" data-id=\"98365b9\" data-element_type=\"column\" data-e-type=\"column\">\n\t\t\t<div class=\"elementor-widget-wrap elementor-element-populated\">\n\t\t\t\t\t\t<div class=\"elementor-element elementor-element-5eb021f elementor-widget elementor-widget-heading\" data-id=\"5eb021f\" data-element_type=\"widget\" data-e-type=\"widget\" data-widget_type=\"heading.default\">\n\t\t\t\t\t<h2 class=\"elementor-heading-title elementor-size-default\">P\u00e9rdida de comunicaci\u00f3n<\/h2>\t\t\t\t<\/div>\n\t\t\t\t<div class=\"elementor-element elementor-element-9c85323 elementor-widget elementor-widget-text-editor\" data-id=\"9c85323\" data-element_type=\"widget\" data-e-type=\"widget\" data-widget_type=\"text-editor.default\">\n\t\t\t\t\t\t\t\t\t<p>Las personas que migran pierden comunicaci\u00f3n durante el recorrido &#8220;Cuando los familiares se van, dejan un vac\u00edo, muchos de ellos tardan en comunicarse y otros nunca lo hacen, por que el camino que ellos toman es incierto&#8221;<\/p><p>La falta de comunicaci\u00f3n crea inseguridades, desconfianza y deja de existir armon\u00eda en las relaciones familiares\u00a0 &#8220;No solo hablamos de comunicaci\u00f3n por medio de llamadas, hablamos de la comunicaci\u00f3n sobre como nos sentimos y que necesitamos&#8221;\u00a0<\/p><p>En la actualidad existen herramientas tecnol\u00f3gicas que permiten la comunicaci\u00f3n, en algunos casos los costos son elevados limitando la comunicaci\u00f3n constante &#8220;No todos tienen la posibilidad de contar con un tel\u00e9fono celular ni con el efectivo para recargar, eso tambi\u00e9n es un problema.<\/p>\t\t\t\t\t\t\t\t<\/div>\n\t\t\t\t\t<\/div>\n\t\t<\/div>\n\t\t\t\t\t<\/div>\n\t\t<\/section>\n\t\t\t\t<section data-particle_enable=\"false\" data-particle-mobile-disabled=\"false\" class=\"elementor-section elementor-top-section elementor-element elementor-element-26c93bf elementor-section-boxed elementor-section-height-default elementor-section-height-default\" data-id=\"26c93bf\" data-element_type=\"section\" data-e-type=\"section\">\n\t\t\t\t\t\t<div class=\"elementor-container elementor-column-gap-default\">\n\t\t\t\t\t<div class=\"elementor-column elementor-col-100 elementor-top-column elementor-element elementor-element-2a825c4\" data-id=\"2a825c4\" data-element_type=\"column\" data-e-type=\"column\">\n\t\t\t<div class=\"elementor-widget-wrap elementor-element-populated\">\n\t\t\t\t\t\t<div class=\"elementor-element elementor-element-a77cb87 elementor-widget elementor-widget-heading\" data-id=\"a77cb87\" data-element_type=\"widget\" data-e-type=\"widget\" data-widget_type=\"heading.default\">\n\t\t\t\t\t<h2 class=\"elementor-heading-title elementor-size-default\">Baja autoestima e inseguridad afectiva<\/h2>\t\t\t\t<\/div>\n\t\t\t\t<div class=\"elementor-element elementor-element-39540d2 elementor-widget elementor-widget-text-editor\" data-id=\"39540d2\" data-element_type=\"widget\" data-e-type=\"widget\" data-widget_type=\"text-editor.default\">\n\t\t\t\t\t\t\t\t\t<p>La baja autoestima y la inseguridad afectiva crece desde el momento que los ni\u00f1os, ni\u00f1as y adolescentes dejan de recibir atenci\u00f3n de primera mano &#8220;Los padres son los \u00fanicos en escuchar a sus hijos y ellos conocen las necesidades, un abuelo o familiar puede no tomarle mayor importancia&#8221;<\/p><p>Cuando los principales del hogar migran, dejan un vac\u00edo irremplazable, acciones que confunde los sentimientos de los menores &#8220;Ellos pueden llegar a sentir abandono y rechazo, se crean inseguridades y desconfianza en s\u00ed mismos&#8221;<\/p><p>A\u00fan cuando existen estas posibilidades la mayor\u00eda\u00a0 a cargo trata de brindar una crianza digna &#8220;Claro, hay familias que dan lo mejor y brindan una atenci\u00f3n y calidad de vida,\u00a0 pero no todos tienen la suerte, algunos pueden llegar a sufrir maltrato o abandono y eso es grave&#8221;.<\/p>\t\t\t\t\t\t\t\t<\/div>\n\t\t\t\t\t<\/div>\n\t\t<\/div>\n\t\t\t\t\t<\/div>\n\t\t<\/section>\n\t\t\t\t<section data-particle_enable=\"false\" data-particle-mobile-disabled=\"false\" class=\"elementor-section elementor-top-section elementor-element elementor-element-0775aed elementor-section-boxed elementor-section-height-default elementor-section-height-default\" data-id=\"0775aed\" data-element_type=\"section\" data-e-type=\"section\">\n\t\t\t\t\t\t<div class=\"elementor-container elementor-column-gap-default\">\n\t\t\t\t\t<div class=\"elementor-column elementor-col-100 elementor-top-column elementor-element elementor-element-33ddf7b\" data-id=\"33ddf7b\" data-element_type=\"column\" data-e-type=\"column\">\n\t\t\t<div class=\"elementor-widget-wrap elementor-element-populated\">\n\t\t\t\t\t\t<div class=\"elementor-element elementor-element-c551a20 elementor-widget elementor-widget-heading\" data-id=\"c551a20\" data-element_type=\"widget\" data-e-type=\"widget\" data-widget_type=\"heading.default\">\n\t\t\t\t\t<h2 class=\"elementor-heading-title elementor-size-default\">Reflejado en lo educativo<\/h2>\t\t\t\t<\/div>\n\t\t\t\t<div class=\"elementor-element elementor-element-8f073ff elementor-widget elementor-widget-text-editor\" data-id=\"8f073ff\" data-element_type=\"widget\" data-e-type=\"widget\" data-widget_type=\"text-editor.default\">\n\t\t\t\t\t\t\t\t\t<p><span style=\"font-weight: 400\">Miles de ni\u00f1os y ni\u00f1as guatemaltecos asisten a los establecimientos y muchos de ellos tienen a la figura paterna y materna fuera de su ambiente familiar, dentro de las dificultades se encuentra m\u00ednimo aprendizaje y falta de atenci\u00f3n durante las clases.<\/span><\/p><p><span style=\"font-weight: 400\">Tal como lo expresa la docente del nivel primario Mar\u00eda Lucas; \u201cHe tenido a varios estudiantes con d\u00e9ficit de atenci\u00f3n a causa de la falta de amor, atenci\u00f3n y cuidado directos de los padres, quedan al cuidado de los abuelos, t\u00edos o familiares cercanos y la atenci\u00f3n no es la misma\u201d, al momento de hacer tareas puede llegar hacer complicado debido al conocimiento de los abuelos o familiares a cargo.<\/span><\/p><p><span style=\"font-weight: 400\">Aunque la soluci\u00f3n es la unificaci\u00f3n y convivencia familiar es vital que padres de familia puedan involucrarse con sus hijos a trav\u00e9s de herramientas tecnol\u00f3gicas, \u201cNo solo se trata de enviarles cosas materiales, se trata de buscar un vinculo entre padres e hijos, sabemos que tienen razones para migrar, pero es importante cuidar de la familia\u201d.<\/span><\/p>\t\t\t\t\t\t\t\t<\/div>\n\t\t\t\t\t<\/div>\n\t\t<\/div>\n\t\t\t\t\t<\/div>\n\t\t<\/section>\n\t\t\t\t<section data-particle_enable=\"false\" data-particle-mobile-disabled=\"false\" class=\"elementor-section elementor-top-section elementor-element elementor-element-aaf3727 elementor-section-boxed elementor-section-height-default elementor-section-height-default\" data-id=\"aaf3727\" data-element_type=\"section\" data-e-type=\"section\">\n\t\t\t\t\t\t<div class=\"elementor-container elementor-column-gap-default\">\n\t\t\t\t\t<div class=\"elementor-column elementor-col-100 elementor-top-column elementor-element elementor-element-69edd2e\" data-id=\"69edd2e\" data-element_type=\"column\" data-e-type=\"column\">\n\t\t\t<div class=\"elementor-widget-wrap elementor-element-populated\">\n\t\t\t\t\t\t<div class=\"elementor-element elementor-element-ce5eaeb elementor-widget elementor-widget-image\" data-id=\"ce5eaeb\" data-element_type=\"widget\" data-e-type=\"widget\" data-widget_type=\"image.default\">\n\t\t\t\t\t\t\t\t\t\t\t\t<figure class=\"wp-caption\">\n\t\t\t\t\t\t\t\t\t\t<img fetchpriority=\"high\" decoding=\"async\" width=\"768\" height=\"768\" src=\"https:\/\/soymigrante.com\/revista\/wp-content\/uploads\/2023\/10\/Es-importante-crear-un-vinculo-entre-padres-e-hijos-para-fortalecer-la-comunicacion-y-presencia-durante-su-desarrollo-y-crecimiento-scaled-e1722605110949-1024x1024.webp\" class=\"attachment-large size-large wp-image-2781\" alt=\"Es importante crear un vinculo entre padres e hijos para fortalecer la comunicaci\u00f3n y presencia durante su desarrollo y crecimiento\" srcset=\"https:\/\/soymigrante.com\/revista\/wp-content\/uploads\/2023\/10\/Es-importante-crear-un-vinculo-entre-padres-e-hijos-para-fortalecer-la-comunicacion-y-presencia-durante-su-desarrollo-y-crecimiento-scaled-e1722605110949-1024x1024.webp 1024w, https:\/\/soymigrante.com\/revista\/wp-content\/uploads\/2023\/10\/Es-importante-crear-un-vinculo-entre-padres-e-hijos-para-fortalecer-la-comunicacion-y-presencia-durante-su-desarrollo-y-crecimiento-scaled-e1722605110949-300x300.webp 300w, https:\/\/soymigrante.com\/revista\/wp-content\/uploads\/2023\/10\/Es-importante-crear-un-vinculo-entre-padres-e-hijos-para-fortalecer-la-comunicacion-y-presencia-durante-su-desarrollo-y-crecimiento-scaled-e1722605110949-150x150.webp 150w, https:\/\/soymigrante.com\/revista\/wp-content\/uploads\/2023\/10\/Es-importante-crear-un-vinculo-entre-padres-e-hijos-para-fortalecer-la-comunicacion-y-presencia-durante-su-desarrollo-y-crecimiento-scaled-e1722605110949-768x768.webp 768w, https:\/\/soymigrante.com\/revista\/wp-content\/uploads\/2023\/10\/Es-importante-crear-un-vinculo-entre-padres-e-hijos-para-fortalecer-la-comunicacion-y-presencia-durante-su-desarrollo-y-crecimiento-scaled-e1722605110949-75x75.webp 75w, https:\/\/soymigrante.com\/revista\/wp-content\/uploads\/2023\/10\/Es-importante-crear-un-vinculo-entre-padres-e-hijos-para-fortalecer-la-comunicacion-y-presencia-durante-su-desarrollo-y-crecimiento-scaled-e1722605110949-750x750.webp 750w, https:\/\/soymigrante.com\/revista\/wp-content\/uploads\/2023\/10\/Es-importante-crear-un-vinculo-entre-padres-e-hijos-para-fortalecer-la-comunicacion-y-presencia-durante-su-desarrollo-y-crecimiento-scaled-e1722605110949-1140x1140.webp 1140w, https:\/\/soymigrante.com\/revista\/wp-content\/uploads\/2023\/10\/Es-importante-crear-un-vinculo-entre-padres-e-hijos-para-fortalecer-la-comunicacion-y-presencia-durante-su-desarrollo-y-crecimiento-scaled-e1722605110949.webp 1318w\" sizes=\"(max-width: 768px) 100vw, 768px\" title=\"Es importante crear un vinculo entre padres e hijos para fortalecer la comunicaci\u00f3n y presencia durante su desarrollo y crecimiento \u2013 SoyMigrante.com REVISTA\" \/>\t\t\t\t\t\t\t\t\t\t\t<figcaption class=\"widget-image-caption wp-caption-text\">Es importante crear un vinculo entre padres e hijos para fortalecer la comunicaci\u00f3n y presencia durante su desarrollo y crecimiento<\/figcaption>\n\t\t\t\t\t\t\t\t\t\t<\/figure>\n\t\t\t\t\t\t\t\t\t<\/div>\n\t\t\t\t\t<\/div>\n\t\t<\/div>\n\t\t\t\t\t<\/div>\n\t\t<\/section>\n\t\t\t\t<section data-particle_enable=\"false\" data-particle-mobile-disabled=\"false\" class=\"elementor-section elementor-top-section elementor-element elementor-element-8c3d36b elementor-section-boxed elementor-section-height-default elementor-section-height-default\" data-id=\"8c3d36b\" data-element_type=\"section\" data-e-type=\"section\">\n\t\t\t\t\t\t<div class=\"elementor-container elementor-column-gap-default\">\n\t\t\t\t\t<div class=\"elementor-column elementor-col-100 elementor-top-column elementor-element elementor-element-51041df\" data-id=\"51041df\" data-element_type=\"column\" data-e-type=\"column\">\n\t\t\t<div class=\"elementor-widget-wrap elementor-element-populated\">\n\t\t\t\t\t\t<div class=\"elementor-element elementor-element-7b9477b elementor-widget elementor-widget-text-editor\" data-id=\"7b9477b\" data-element_type=\"widget\" data-e-type=\"widget\" data-widget_type=\"text-editor.default\">\n\t\t\t\t\t\t\t\t\t<p><span style=\"font-weight: 400\">Puede ser un reto para los migrantes guatemaltecos encontrar una equivalencia entre su familia y trabajo, la docente expreso: \u201cUna de las posibles soluciones esta en buscar tutor\u00eda en personas responsables que brinden calidez y atenci\u00f3n a los ni\u00f1os y ni\u00f1as para que este sector no sea vulnerable por otras decisiones como; las drogas, alcohol, robos entre otras actitudes\u201d.\u00a0<\/span><\/p>\t\t\t\t\t\t\t\t<\/div>\n\t\t\t\t\t<\/div>\n\t\t<\/div>\n\t\t\t\t\t<\/div>\n\t\t<\/section>\n\t\t\t\t<section data-particle_enable=\"false\" data-particle-mobile-disabled=\"false\" class=\"elementor-section elementor-top-section elementor-element elementor-element-6fe686b elementor-section-boxed elementor-section-height-default elementor-section-height-default\" data-id=\"6fe686b\" data-element_type=\"section\" data-e-type=\"section\">\n\t\t\t\t\t\t<div class=\"elementor-container elementor-column-gap-default\">\n\t\t\t\t\t<div class=\"elementor-column elementor-col-100 elementor-top-column elementor-element elementor-element-b6fa236\" data-id=\"b6fa236\" data-element_type=\"column\" data-e-type=\"column\">\n\t\t\t<div class=\"elementor-widget-wrap elementor-element-populated\">\n\t\t\t\t\t\t<div class=\"elementor-element elementor-element-2169e52 elementor-grid-eael-col-2 elementor-grid-tablet-eael-col-2 elementor-grid-mobile-eael-col-1 elementor-widget elementor-widget-eael-post-grid\" data-id=\"2169e52\" data-element_type=\"widget\" data-e-type=\"widget\" data-settings=\"{&quot;eael_post_grid_columns&quot;:&quot;eael-col-2&quot;,&quot;eael_post_grid_columns_tablet&quot;:&quot;eael-col-2&quot;,&quot;eael_post_grid_columns_mobile&quot;:&quot;eael-col-1&quot;}\" data-widget_type=\"eael-post-grid.default\">\n\t\t\t\t\t<div id=\"eael-post-grid-2169e52\" class=\"eael-post-grid-container\">\n            <div class=\"eael-post-grid eael-post-appender eael-post-appender-2169e52 eael-post-grid-style-one\" data-layout-mode=\"masonry\"><article class=\"eael-grid-post  eael-post-grid-column eael-pg-post-303 category-bienestar tags-en-familia\" data-id=\"303\">\n        <div class=\"eael-grid-post-holder\">\n            <div class=\"eael-grid-post-holder-inner\"><div class=\"eael-entry-media\"><div class=\"eael-entry-overlay fade-in\"><i class=\"fas fa-long-arrow-alt-right\" aria-hidden=\"true\"><\/i><a href=\"https:\/\/soymigrante.com\/revista\/7-aspectos-para-aprovechar-mejor-las-remesas-enviadas-a-guatemala\/\"><\/a><\/div><div class=\"eael-entry-thumbnail \">\n                <img decoding=\"async\" width=\"768\" height=\"767\" src=\"https:\/\/soymigrante.com\/revista\/wp-content\/uploads\/2023\/05\/WhatsApp-Image-2024-05-07-at-3.58.29-PM-e1715699771795-768x767.webp\" class=\"attachment-medium_large size-medium_large wp-image-6393\" alt=\"Dinero en billetes de diez y cinco d\u00f3lares estadounidenses sobre suelo de ladrillo.\" srcset=\"https:\/\/soymigrante.com\/revista\/wp-content\/uploads\/2023\/05\/WhatsApp-Image-2024-05-07-at-3.58.29-PM-e1715699771795-768x767.webp 768w, https:\/\/soymigrante.com\/revista\/wp-content\/uploads\/2023\/05\/WhatsApp-Image-2024-05-07-at-3.58.29-PM-e1715699771795-300x300.webp 300w, https:\/\/soymigrante.com\/revista\/wp-content\/uploads\/2023\/05\/WhatsApp-Image-2024-05-07-at-3.58.29-PM-e1715699771795-150x150.webp 150w, https:\/\/soymigrante.com\/revista\/wp-content\/uploads\/2023\/05\/WhatsApp-Image-2024-05-07-at-3.58.29-PM-e1715699771795-75x75.webp 75w, https:\/\/soymigrante.com\/revista\/wp-content\/uploads\/2023\/05\/WhatsApp-Image-2024-05-07-at-3.58.29-PM-e1715699771795-750x749.webp 750w, https:\/\/soymigrante.com\/revista\/wp-content\/uploads\/2023\/05\/WhatsApp-Image-2024-05-07-at-3.58.29-PM-e1715699771795.webp 957w\" sizes=\"(max-width: 768px) 100vw, 768px\" \/>\n            <\/div>\n        <\/div><div class=\"eael-entry-wrapper\"><header class=\"eael-entry-header\"><h2 class=\"eael-entry-title\"><a class=\"eael-grid-post-link\" href=\"https:\/\/soymigrante.com\/revista\/7-aspectos-para-aprovechar-mejor-las-remesas-enviadas-a-guatemala\/\" title=\"Siete claves para aprovechar mejor las remesas enviadas a familiares en Guatemala\">Siete claves para aprovechar mejor las remesas enviadas a familiares en Guatemala<\/a><\/h2><\/header><div class=\"eael-entry-footer\"><div class=\"eael-entry-meta\"><\/div><\/div><\/div><\/div>\n        <\/div>\n    <\/article><article class=\"eael-grid-post  eael-post-grid-column eael-pg-post-1822 category-bienestar\" data-id=\"1822\">\n        <div class=\"eael-grid-post-holder\">\n            <div class=\"eael-grid-post-holder-inner\"><div class=\"eael-entry-media\"><div class=\"eael-entry-overlay fade-in\"><i class=\"fas fa-long-arrow-alt-right\" aria-hidden=\"true\"><\/i><a href=\"https:\/\/soymigrante.com\/revista\/educacion-financiera-para-migrantes-retornados\/\"><\/a><\/div><div class=\"eael-entry-thumbnail \">\n                <img decoding=\"async\" width=\"768\" height=\"513\" src=\"https:\/\/soymigrante.com\/revista\/wp-content\/uploads\/2024\/01\/dolares-azules-regla-768x513.webp\" class=\"attachment-medium_large size-medium_large wp-image-4267\" alt=\"\" srcset=\"https:\/\/soymigrante.com\/revista\/wp-content\/uploads\/2024\/01\/dolares-azules-regla-768x513.webp 768w, https:\/\/soymigrante.com\/revista\/wp-content\/uploads\/2024\/01\/dolares-azules-regla-300x200.webp 300w, https:\/\/soymigrante.com\/revista\/wp-content\/uploads\/2024\/01\/dolares-azules-regla-1024x683.webp 1024w, https:\/\/soymigrante.com\/revista\/wp-content\/uploads\/2024\/01\/dolares-azules-regla-1536x1025.webp 1536w, https:\/\/soymigrante.com\/revista\/wp-content\/uploads\/2024\/01\/dolares-azules-regla-scaled.webp 1920w, https:\/\/soymigrante.com\/revista\/wp-content\/uploads\/2024\/01\/dolares-azules-regla-750x501.webp 750w, https:\/\/soymigrante.com\/revista\/wp-content\/uploads\/2024\/01\/dolares-azules-regla-1140x761.webp 1140w, https:\/\/soymigrante.com\/revista\/wp-content\/uploads\/2024\/01\/dolares-azules-regla-600x400.webp 600w\" sizes=\"(max-width: 768px) 100vw, 768px\" \/>\n            <\/div>\n        <\/div><div class=\"eael-entry-wrapper\"><header class=\"eael-entry-header\"><h2 class=\"eael-entry-title\"><a class=\"eael-grid-post-link\" href=\"https:\/\/soymigrante.com\/revista\/educacion-financiera-para-migrantes-retornados\/\" title=\"Educaci\u00f3n financiera para migrantes retornados: 4 claves\">Educaci\u00f3n financiera para migrantes retornados: 4 claves<\/a><\/h2><\/header><div class=\"eael-entry-footer\"><div class=\"eael-entry-meta\"><\/div><\/div><\/div><\/div>\n        <\/div>\n    <\/article><\/div>\n            <div class=\"clearfix\"><\/div>\n        <\/div>\t\t\t\t<\/div>\n\t\t\t\t\t<\/div>\n\t\t<\/div>\n\t\t\t\t\t<\/div>\n\t\t<\/section>\n\t\t\t\t<\/div>\n\t\t","protected":false},"excerpt":{"rendered":"<p>La migraci\u00f3n o partida de un integrante de la familia trae consigo modificaciones en la estructura y la din\u00e1mica familiar, as\u00ed como los v\u00ednculos afectivos que se desarrollan en el c\u00edrculo. Las familias que son separadas pasan un proceso traum\u00e1tico, pero tambi\u00e9n aquellas que se quedan en su territorio al cuidado de otros familiares; abuelos [&hellip;]<\/p>\n","protected":false},"author":1,"featured_media":2781,"comment_status":"open","ping_status":"open","sticky":false,"template":"","format":"standard","meta":{"_acf_changed":false,"_eb_attr":"","footnotes":""},"categories":[55],"tags":[],"class_list":["post-2778","post","type-post","status-publish","format-standard","has-post-thumbnail","hentry","category-bienestar"],"acf":[],"aioseo_notices":[],"aioseo_head":"\n\t\t<!-- All in One SEO Pro 4.9.6.2 - aioseo.com -->\n\t<meta name=\"description\" content=\"Migrantes retornados enfrentan retos financieros \u00fanicos. Aprende c\u00f3mo la educaci\u00f3n financiera puede ser la clave para un futuro pr\u00f3spero.\" \/>\n\t<meta name=\"robots\" content=\"max-snippet:-1, max-image-preview:large, max-video-preview:-1\" \/>\n\t<meta name=\"author\" content=\"Diana Batz\"\/>\n\t<link rel=\"canonical\" href=\"https:\/\/soymigrante.com\/revista\/educacion-financiera-para-migrantes-retornados\/\" \/>\n\t<meta name=\"generator\" content=\"All in One SEO Pro (AIOSEO) 4.9.6.2\" \/>\n\n\t\t<link rel=\"preconnect\" href=\"https:\/\/fonts.googleapis.com\" crossorigin>\n<link rel=\"preconnect\" href=\"https:\/\/fonts.gstatic.com\" crossorigin>\n\t\t<meta property=\"og:locale\" content=\"es_ES\" \/>\n\t\t<meta property=\"og:site_name\" content=\"SoyMigrante.com REVISTA \u2013 Nuestra misi\u00f3n es reconocer y dignificar al migrante.\" \/>\n\t\t<meta property=\"og:type\" content=\"article\" \/>\n\t\t<meta property=\"og:title\" content=\"Educaci\u00f3n financiera para migrantes retornados: 4 claves\" \/>\n\t\t<meta property=\"og:description\" content=\"Migrantes retornados enfrentan retos financieros \u00fanicos. Aprende c\u00f3mo la educaci\u00f3n financiera puede ser la clave para un futuro pr\u00f3spero.\" \/>\n\t\t<meta property=\"og:url\" content=\"https:\/\/soymigrante.com\/revista\/educacion-financiera-para-migrantes-retornados\/\" \/>\n\t\t<meta property=\"og:image\" content=\"https:\/\/soymigrante.com\/revista\/wp-content\/uploads\/2024\/01\/dolares-azules-regla-scaled.webp\" \/>\n\t\t<meta property=\"og:image:secure_url\" content=\"https:\/\/soymigrante.com\/revista\/wp-content\/uploads\/2024\/01\/dolares-azules-regla-scaled.webp\" \/>\n\t\t<meta property=\"og:image:width\" content=\"1920\" \/>\n\t\t<meta property=\"og:image:height\" content=\"1282\" \/>\n\t\t<meta property=\"article:published_time\" content=\"2023-07-12T21:44:39+00:00\" \/>\n\t\t<meta property=\"article:modified_time\" content=\"2024-10-11T00:29:03+00:00\" \/>\n\t\t<meta property=\"article:publisher\" content=\"https:\/\/www.facebook.com\/soymigrantecom\" \/>\n\t\t<meta name=\"twitter:card\" content=\"summary_large_image\" \/>\n\t\t<meta name=\"twitter:site\" content=\"@SoyMigrante_com\" \/>\n\t\t<meta name=\"twitter:title\" content=\"Educaci\u00f3n financiera para migrantes retornados: 4 claves\" \/>\n\t\t<meta name=\"twitter:description\" content=\"Migrantes retornados enfrentan retos financieros \u00fanicos. Aprende c\u00f3mo la educaci\u00f3n financiera puede ser la clave para un futuro pr\u00f3spero.\" \/>\n\t\t<meta name=\"twitter:creator\" content=\"@SoyMigrante_com\" \/>\n\t\t<meta name=\"twitter:image\" content=\"https:\/\/soymigrante.com\/revista\/wp-content\/uploads\/2024\/01\/dolares-azules-regla-scaled.webp\" \/>\n\t\t<!-- All in One SEO Pro -->\r\n\t\t<title>Educaci\u00f3n financiera para migrantes retornados: 4 claves<\/title>\n\n","aioseo_head_json":{"title":"Educaci\u00f3n financiera para migrantes retornados: 4 claves","description":"Migrantes retornados enfrentan retos financieros \u00fanicos. Aprende c\u00f3mo la educaci\u00f3n financiera puede ser la clave para un futuro pr\u00f3spero.","canonical_url":"https:\/\/soymigrante.com\/revista\/educacion-financiera-para-migrantes-retornados\/","robots":"max-snippet:-1, max-image-preview:large, max-video-preview:-1","keywords":"","webmasterTools":{"miscellaneous":"&lt;link rel=\"preconnect\" href=\"https:\/\/fonts.googleapis.com\" crossorigin&gt;\n&lt;link rel=\"preconnect\" href=\"https:\/\/fonts.gstatic.com\" crossorigin&gt;"},"schema":null,"og:locale":"es_ES","og:site_name":"SoyMigrante.com REVISTA \u2013 Nuestra misi\u00f3n es reconocer y dignificar al migrante.","og:type":"article","og:title":"Educaci\u00f3n financiera para migrantes retornados: 4 claves","og:description":"Migrantes retornados enfrentan retos financieros \u00fanicos. Aprende c\u00f3mo la educaci\u00f3n financiera puede ser la clave para un futuro pr\u00f3spero.","og:url":"https:\/\/soymigrante.com\/revista\/educacion-financiera-para-migrantes-retornados\/","og:image":"https:\/\/soymigrante.com\/revista\/wp-content\/uploads\/2024\/01\/dolares-azules-regla-scaled.webp","og:image:secure_url":"https:\/\/soymigrante.com\/revista\/wp-content\/uploads\/2024\/01\/dolares-azules-regla-scaled.webp","og:image:width":1920,"og:image:height":1282,"article:published_time":"2023-07-12T21:44:39+00:00","article:modified_time":"2024-10-11T00:29:03+00:00","article:publisher":"https:\/\/www.facebook.com\/soymigrantecom","twitter:card":"summary_large_image","twitter:site":"@SoyMigrante_com","twitter:title":"Educaci\u00f3n financiera para migrantes retornados: 4 claves","twitter:description":"Migrantes retornados enfrentan retos financieros \u00fanicos. Aprende c\u00f3mo la educaci\u00f3n financiera puede ser la clave para un futuro pr\u00f3spero.","twitter:creator":"@SoyMigrante_com","twitter:image":"https:\/\/soymigrante.com\/revista\/wp-content\/uploads\/2024\/01\/dolares-azules-regla-scaled.webp"},"aioseo_meta_data":{"post_id":"2778","title":"5 cambios que enfrentan hijos de migrantes al partir a EE.UU.","description":"La partida de uno de los padres o un familiar impacta en la vida familiar. Ni\u00f1os y j\u00f3venes tambi\u00e9n resienten este cambio y estos osn algunos aspectos a considerar.","keywords":null,"keyphrases":{"focus":{"keyphrase":"Migrantes","score":60,"analysis":{"keyphraseInTitle":{"score":9,"maxScore":9,"error":0},"keyphraseInDescription":{"score":3,"maxScore":9,"error":1},"keyphraseLength":{"score":9,"maxScore":9,"error":0,"length":1},"keyphraseInURL":{"score":5,"maxScore":5,"error":0},"keyphraseInIntroduction":{"score":3,"maxScore":9,"error":1},"keyphraseInSubHeadings":{"score":3,"maxScore":9,"error":1},"keyphraseInImageAlt":{"score":9,"maxScore":9,"error":0},"keywordDensity":{"score":0,"type":"low","maxScore":9,"error":1}}},"additional":[{"keyphrase":"Hijos de migrantes","score":40,"analysis":{"keyphraseInDescription":{"score":3,"maxScore":9,"error":1},"keyphraseLength":{"score":9,"maxScore":9,"error":0,"length":3},"keyphraseInIntroduction":{"score":3,"maxScore":9,"error":1},"keyphraseInImageAlt":{"score":3,"maxScore":9,"error":1},"keywordDensity":{"score":0,"type":"low","maxScore":9,"error":1}}}]},"primary_term":null,"canonical_url":null,"og_title":null,"og_description":null,"og_object_type":"default","og_image_type":"default","og_image_url":null,"og_image_width":null,"og_image_height":null,"og_image_custom_url":null,"og_image_custom_fields":null,"og_video":"","og_custom_url":null,"og_article_section":null,"og_article_tags":null,"twitter_use_og":false,"twitter_card":"default","twitter_image_type":"default","twitter_image_url":null,"twitter_image_custom_url":null,"twitter_image_custom_fields":null,"twitter_title":null,"twitter_description":null,"schema":{"blockGraphs":[],"customGraphs":[],"default":{"data":{"Article":[],"Course":[],"Dataset":[],"FAQPage":[],"Movie":[],"Person":[],"Product":[],"ProductReview":[],"Car":[],"Recipe":[],"Service":[],"SoftwareApplication":[],"WebPage":[]},"graphName":"Article","isEnabled":true},"graphs":[]},"schema_type":"default","schema_type_options":null,"pillar_content":false,"robots_default":true,"robots_noindex":false,"robots_noarchive":false,"robots_nosnippet":false,"robots_nofollow":false,"robots_noimageindex":false,"robots_noodp":false,"robots_notranslate":false,"robots_max_snippet":"-1","robots_max_videopreview":"-1","robots_max_imagepreview":"large","priority":null,"frequency":"default","local_seo":null,"seo_analyzer_scan_date":"2025-10-08 22:25:42","breadcrumb_settings":null,"limit_modified_date":false,"reviewed_by":null,"open_ai":"{\"title\":{\"suggestions\":[],\"usage\":0},\"description\":{\"suggestions\":[],\"usage\":0}}","ai":null,"created":"2023-10-03 02:59:12","updated":"2026-02-04 12:31:22"},"aioseo_breadcrumb":"<div class=\"aioseo-breadcrumbs\"><span class=\"aioseo-breadcrumb\">\n\t<a href=\"https:\/\/soymigrante.com\/revista\" title=\"Home\">Home<\/a>\n<\/span><span class=\"aioseo-breadcrumb-separator\">\u00bb<\/span><span class=\"aioseo-breadcrumb\">\n\t<a href=\"https:\/\/soymigrante.com\/revista\/category\/bienestar\/\" title=\"Bienestar\">Bienestar<\/a>\n<\/span><span class=\"aioseo-breadcrumb-separator\">\u00bb<\/span><span class=\"aioseo-breadcrumb\">\n\t5 cambios que enfrentan hijos de migrantes al partir a Estados Unidos\n<\/span><\/div>","aioseo_breadcrumb_json":[{"label":"Home","link":"https:\/\/soymigrante.com\/revista"},{"label":"Bienestar","link":"https:\/\/soymigrante.com\/revista\/category\/bienestar\/"},{"label":"5 cambios que enfrentan hijos de migrantes al partir a Estados Unidos","link":"https:\/\/soymigrante.com\/revista\/cambios-que-enfrentan-hijos-de-migrantes-al-partir-a-estados-unidos\/"}],"_links":{"self":[{"href":"https:\/\/soymigrante.com\/revista\/wp-json\/wp\/v2\/posts\/2778","targetHints":{"allow":["GET"]}}],"collection":[{"href":"https:\/\/soymigrante.com\/revista\/wp-json\/wp\/v2\/posts"}],"about":[{"href":"https:\/\/soymigrante.com\/revista\/wp-json\/wp\/v2\/types\/post"}],"author":[{"embeddable":true,"href":"https:\/\/soymigrante.com\/revista\/wp-json\/wp\/v2\/users\/1"}],"replies":[{"embeddable":true,"href":"https:\/\/soymigrante.com\/revista\/wp-json\/wp\/v2\/comments?post=2778"}],"version-history":[{"count":0,"href":"https:\/\/soymigrante.com\/revista\/wp-json\/wp\/v2\/posts\/2778\/revisions"}],"wp:featuredmedia":[{"embeddable":true,"href":"https:\/\/soymigrante.com\/revista\/wp-json\/wp\/v2\/media\/2781"}],"wp:attachment":[{"href":"https:\/\/soymigrante.com\/revista\/wp-json\/wp\/v2\/media?parent=2778"}],"wp:term":[{"taxonomy":"category","embeddable":true,"href":"https:\/\/soymigrante.com\/revista\/wp-json\/wp\/v2\/categories?post=2778"},{"taxonomy":"post_tag","embeddable":true,"href":"https:\/\/soymigrante.com\/revista\/wp-json\/wp\/v2\/tags?post=2778"}],"curies":[{"name":"wp","href":"https:\/\/api.w.org\/{rel}","templated":true}]}}