{"id":2777,"date":"2023-10-02T23:15:24","date_gmt":"2023-10-03T05:15:24","guid":{"rendered":"https:\/\/soymigrante.com\/revista\/?p=2777"},"modified":"2024-07-30T04:29:02","modified_gmt":"2024-07-30T10:29:02","slug":"migrantes-guatemaltecos-rechazan-ataques-contra-la-democracia-en-su-patria","status":"publish","type":"post","link":"https:\/\/soymigrante.com\/revista\/migrantes-guatemaltecos-rechazan-ataques-contra-la-democracia-en-su-patria\/","title":{"rendered":"Migrantes guatemaltecos llaman a rechazar intento de golpe a la democracia en su patria."},"content":{"rendered":"\t\t<div data-elementor-type=\"wp-post\" data-elementor-id=\"2777\" class=\"elementor elementor-2777\" data-elementor-post-type=\"post\">\n\t\t\t\t\t\t<section data-particle_enable=\"false\" data-particle-mobile-disabled=\"false\" class=\"elementor-section elementor-top-section elementor-element elementor-element-46602d9 elementor-section-boxed elementor-section-height-default elementor-section-height-default\" data-id=\"46602d9\" data-element_type=\"section\" data-e-type=\"section\">\n\t\t\t\t\t\t<div class=\"elementor-container elementor-column-gap-default\">\n\t\t\t\t\t<div class=\"elementor-column elementor-col-100 elementor-top-column elementor-element elementor-element-513da3e\" data-id=\"513da3e\" data-element_type=\"column\" data-e-type=\"column\">\n\t\t\t<div class=\"elementor-widget-wrap elementor-element-populated\">\n\t\t\t\t\t\t<div class=\"elementor-element elementor-element-11f48fb elementor-widget elementor-widget-image\" data-id=\"11f48fb\" data-element_type=\"widget\" data-e-type=\"widget\" data-widget_type=\"image.default\">\n\t\t\t\t\t\t\t\t\t\t\t\t<figure class=\"wp-caption\">\n\t\t\t\t\t\t\t\t\t\t<img fetchpriority=\"high\" decoding=\"async\" width=\"768\" height=\"467\" src=\"https:\/\/soymigrante.com\/revista\/wp-content\/uploads\/2023\/10\/megavision-canal-52-1024x623.webp\" class=\"attachment-large size-large wp-image-2788\" alt=\"El Uni\u00f3n Mall de Maryland tiene negocios hispanos, incluyendo de guatemaltecos. Por ello prest\u00f3 su espacio para esta manifestaci\u00f3n pac\u00edfica en contra de las acciones antidemocr\u00e1ticas del Ministerio P\u00fablico en contra de las elecciones en Guatemala.\" srcset=\"https:\/\/soymigrante.com\/revista\/wp-content\/uploads\/2023\/10\/megavision-canal-52-1024x623.webp 1024w, https:\/\/soymigrante.com\/revista\/wp-content\/uploads\/2023\/10\/megavision-canal-52-300x182.webp 300w, https:\/\/soymigrante.com\/revista\/wp-content\/uploads\/2023\/10\/megavision-canal-52-768x467.webp 768w, https:\/\/soymigrante.com\/revista\/wp-content\/uploads\/2023\/10\/megavision-canal-52-750x456.webp 750w, https:\/\/soymigrante.com\/revista\/wp-content\/uploads\/2023\/10\/megavision-canal-52-1140x693.webp 1140w, https:\/\/soymigrante.com\/revista\/wp-content\/uploads\/2023\/10\/megavision-canal-52.webp 1197w\" sizes=\"(max-width: 768px) 100vw, 768px\" title=\"El Uni\u00f3n Mall de Maryland tiene negocios hispanos, incluyendo de guatemaltecos. Por ello prest\u00f3 su espacio para esta manifestaci\u00f3n pac\u00edfica en contra de las acciones antidemocr\u00e1ticas del Ministerio P\u00fablico en contra de las elecciones en Guatemala. \u2013 SoyMigrante.com REVISTA\" \/>\t\t\t\t\t\t\t\t\t\t\t<figcaption class=\"widget-image-caption wp-caption-text\">El Uni\u00f3n Mall de Maryland tiene negocios hispanos, incluyendo de guatemaltecos. Por ello prest\u00f3 su espacio para esta manifestaci\u00f3n pac\u00edfica en contra de las acciones antidemocr\u00e1ticas del Ministerio P\u00fablico en contra de las elecciones en Guatemala.<\/figcaption>\n\t\t\t\t\t\t\t\t\t\t<\/figure>\n\t\t\t\t\t\t\t\t\t<\/div>\n\t\t\t\t\t<\/div>\n\t\t<\/div>\n\t\t\t\t\t<\/div>\n\t\t<\/section>\n\t\t\t\t<section data-particle_enable=\"false\" data-particle-mobile-disabled=\"false\" class=\"elementor-section elementor-top-section elementor-element elementor-element-1f1536e elementor-section-boxed elementor-section-height-default elementor-section-height-default\" data-id=\"1f1536e\" data-element_type=\"section\" data-e-type=\"section\">\n\t\t\t\t\t\t<div class=\"elementor-container elementor-column-gap-default\">\n\t\t\t\t\t<div class=\"elementor-column elementor-col-100 elementor-top-column elementor-element elementor-element-f9ff5ac\" data-id=\"f9ff5ac\" data-element_type=\"column\" data-e-type=\"column\">\n\t\t\t<div class=\"elementor-widget-wrap elementor-element-populated\">\n\t\t\t\t\t\t<div class=\"elementor-element elementor-element-2c2a4c7 elementor-widget elementor-widget-heading\" data-id=\"2c2a4c7\" data-element_type=\"widget\" data-e-type=\"widget\" data-widget_type=\"heading.default\">\n\t\t\t\t\t<h1 class=\"elementor-heading-title elementor-size-default\">\u00a1Migrantes unidos, jam\u00e1s ser\u00e1n vencidos!, gritan guatemaltecos reunidos en Maryland, para protestar pac\u00edficamente en contra de acciones ilegales de autoridades en contra de la democracia en su patria.<\/h1>\t\t\t\t<\/div>\n\t\t\t\t\t<\/div>\n\t\t<\/div>\n\t\t\t\t\t<\/div>\n\t\t<\/section>\n\t\t\t\t<section data-particle_enable=\"false\" data-particle-mobile-disabled=\"false\" class=\"elementor-section elementor-top-section elementor-element elementor-element-c368faf elementor-section-boxed elementor-section-height-default elementor-section-height-default\" data-id=\"c368faf\" data-element_type=\"section\" data-e-type=\"section\">\n\t\t\t\t\t\t<div class=\"elementor-container elementor-column-gap-default\">\n\t\t\t\t\t<div class=\"elementor-column elementor-col-100 elementor-top-column elementor-element elementor-element-c4327ae\" data-id=\"c4327ae\" data-element_type=\"column\" data-e-type=\"column\">\n\t\t\t<div class=\"elementor-widget-wrap elementor-element-populated\">\n\t\t\t\t\t\t\t<\/div>\n\t\t<\/div>\n\t\t\t\t\t<\/div>\n\t\t<\/section>\n\t\t\t\t<section data-particle_enable=\"false\" data-particle-mobile-disabled=\"false\" class=\"elementor-section elementor-top-section elementor-element elementor-element-34a1ed8 elementor-section-boxed elementor-section-height-default elementor-section-height-default\" data-id=\"34a1ed8\" data-element_type=\"section\" data-e-type=\"section\">\n\t\t\t\t\t\t<div class=\"elementor-container elementor-column-gap-default\">\n\t\t\t\t\t<div class=\"elementor-column elementor-col-100 elementor-top-column elementor-element elementor-element-6870927\" data-id=\"6870927\" data-element_type=\"column\" data-e-type=\"column\">\n\t\t\t<div class=\"elementor-widget-wrap elementor-element-populated\">\n\t\t\t\t\t\t<div class=\"elementor-element elementor-element-f01a643 elementor-widget elementor-widget-text-editor\" data-id=\"f01a643\" data-element_type=\"widget\" data-e-type=\"widget\" data-widget_type=\"text-editor.default\">\n\t\t\t\t\t\t\t\t\t<p>Rechazo rotundo a las acciones del Ministerio P\u00fablico de Guatemala en contra del proceso electoral y de la democracia manifestaron migrantes guatemaltecos reunidos este lunes 2 de octubre en e<span style=\"color: var( --e-global-color-text ); background-color: var(--ak-bg-color);\">n el Mission Mall de Maryland. Asistieron residentes del \u00e1rea., pero tambi\u00e9n integrantes\u00a0 de organizaciones de Maryland, Virginia, California y Chicago.\u00a0<br \/><\/span><\/p><p><span style=\"color: var( --e-global-color-text ); background-color: var(--ak-bg-color);\">&#8220;<\/span><span style=\"background-color: var(--ak-bg-color);\">No importa que seamos 1, 2, 3 o 20 lo importante es que defendemos nuestra bandera. Luchemos por Guatemala, no es justo lo que est\u00e1 pasando&#8221;, dijo Letty Bar\u00e1n, migrante guatemalteca al micr\u00f3fono.<\/span><\/p><p><span style=\"background-color: var(--ak-bg-color);\">El rechazo al intento de golpe de Estado fue un\u00e1nime y a la vez, los participantes llamaron a m\u00e1s guatemaltecos y a m\u00e1s organizaciones migrantes de connacionales a unirse para repudiar los actos antidemocr\u00e1ticos, puesto que ellos sostienen la econom\u00eda con sus remesas.\u00a0<br \/>A continuaci\u00f3n algunos extractos de las palabras pronunciadas despu\u00e9s del solemne canto del Himno Nacional.<\/span><\/p>\t\t\t\t\t\t\t\t<\/div>\n\t\t\t\t\t<\/div>\n\t\t<\/div>\n\t\t\t\t\t<\/div>\n\t\t<\/section>\n\t\t\t\t<section data-particle_enable=\"false\" data-particle-mobile-disabled=\"false\" class=\"elementor-section elementor-top-section elementor-element elementor-element-9912984 elementor-section-boxed elementor-section-height-default elementor-section-height-default\" data-id=\"9912984\" data-element_type=\"section\" data-e-type=\"section\">\n\t\t\t\t\t\t<div class=\"elementor-container elementor-column-gap-default\">\n\t\t\t\t\t<div class=\"elementor-column elementor-col-100 elementor-top-column elementor-element elementor-element-2baeedd\" data-id=\"2baeedd\" data-element_type=\"column\" data-e-type=\"column\">\n\t\t\t<div class=\"elementor-widget-wrap elementor-element-populated\">\n\t\t\t\t\t\t<div class=\"elementor-element elementor-element-c14c949 elementor-widget elementor-widget-facebook-embed\" data-id=\"c14c949\" data-element_type=\"widget\" data-e-type=\"widget\" data-widget_type=\"facebook-embed.default\">\n\t\t\t\t\t<div style=\"min-height: 1px\" class=\"elementor-facebook-widget fb-post\" data-href=\"https:\/\/www.facebook.com\/100086805955442\/videos\/339925248491926\" data-show-text=\"false\"><\/div>\t\t\t\t<\/div>\n\t\t\t\t\t<\/div>\n\t\t<\/div>\n\t\t\t\t\t<\/div>\n\t\t<\/section>\n\t\t\t\t<section data-particle_enable=\"false\" data-particle-mobile-disabled=\"false\" class=\"elementor-section elementor-top-section elementor-element elementor-element-928a99d elementor-section-boxed elementor-section-height-default elementor-section-height-default\" data-id=\"928a99d\" data-element_type=\"section\" data-e-type=\"section\">\n\t\t\t\t\t\t<div class=\"elementor-container elementor-column-gap-default\">\n\t\t\t\t\t<div class=\"elementor-column elementor-col-100 elementor-top-column elementor-element elementor-element-16e1359\" data-id=\"16e1359\" data-element_type=\"column\" data-e-type=\"column\">\n\t\t\t<div class=\"elementor-widget-wrap elementor-element-populated\">\n\t\t\t\t\t\t<div class=\"elementor-element elementor-element-7351166 elementor-widget elementor-widget-heading\" data-id=\"7351166\" data-element_type=\"widget\" data-e-type=\"widget\" data-widget_type=\"heading.default\">\n\t\t\t\t\t<h2 class=\"elementor-heading-title elementor-size-default\">\"Vinimos aqu\u00ed porque no hab\u00eda oportunidades en Guatemala\".<\/h2>\t\t\t\t<\/div>\n\t\t\t\t\t<\/div>\n\t\t<\/div>\n\t\t\t\t\t<\/div>\n\t\t<\/section>\n\t\t\t\t<section data-particle_enable=\"false\" data-particle-mobile-disabled=\"false\" class=\"elementor-section elementor-top-section elementor-element elementor-element-d4a1e2d elementor-section-boxed elementor-section-height-default elementor-section-height-default\" data-id=\"d4a1e2d\" data-element_type=\"section\" data-e-type=\"section\">\n\t\t\t\t\t\t<div class=\"elementor-container elementor-column-gap-default\">\n\t\t\t\t\t<div class=\"elementor-column elementor-col-100 elementor-top-column elementor-element elementor-element-7707c25\" data-id=\"7707c25\" data-element_type=\"column\" data-e-type=\"column\">\n\t\t\t<div class=\"elementor-widget-wrap elementor-element-populated\">\n\t\t\t\t\t\t<div class=\"elementor-element elementor-element-d070a15 elementor-widget elementor-widget-text-editor\" data-id=\"d070a15\" data-element_type=\"widget\" data-e-type=\"widget\" data-widget_type=\"text-editor.default\">\n\t\t\t\t\t\t\t\t\t<p><span style=\"color: var( --e-global-color-text ); background-color: var(--ak-bg-color);\">&#8220;Nosotros estamos aqu\u00ed no porque quisimos. Vinimos porque no hab\u00eda oportunidad de trabajo en Guatemala. Vinimos para poder ayudar a nuestras familias&#8221;, dijo un migrante guatemalteco que se identific\u00f3 como Miguel.<\/span><\/p><p><span style=\"color: var( --e-global-color-text ); background-color: var(--ak-bg-color);\">&#8220;Giammattei cuando vino, me acuerdo bien, lo cuestionamos que iba a hacer por los migrantes, dijo que iba a pedir un TPS. Lamentablemente se pasaron los 4 a\u00f1os y no hubo nada a favor de los migrantes. Ahora vemos lo que pas\u00f3 en Guatemala, es doloroso lo que st\u00e1 sucediendo, es lamentable&#8221;.\u00a0<\/span><\/p><p><span style=\"color: var( --e-global-color-text ); background-color: var(--ak-bg-color);\">Finalmente anim\u00f3 a que m\u00e1s guatemaltecos acusan a estas demostraciones de descontento: &#8220;S\u00e9 que es dif\u00edcil, s\u00e9 que algunos no pudieron venir porque aqu\u00ed cuesta, no todos tenemos los mismos horarios, pero a las pr\u00f3ximas convocatorias vengamos todos&#8221;<\/span><\/p><div>\u00a0<\/div>\t\t\t\t\t\t\t\t<\/div>\n\t\t\t\t\t<\/div>\n\t\t<\/div>\n\t\t\t\t\t<\/div>\n\t\t<\/section>\n\t\t\t\t<section data-particle_enable=\"false\" data-particle-mobile-disabled=\"false\" class=\"elementor-section elementor-top-section elementor-element elementor-element-e1f9e63 elementor-section-boxed elementor-section-height-default elementor-section-height-default\" data-id=\"e1f9e63\" data-element_type=\"section\" data-e-type=\"section\">\n\t\t\t\t\t\t<div class=\"elementor-container elementor-column-gap-default\">\n\t\t\t\t\t<div class=\"elementor-column elementor-col-100 elementor-top-column elementor-element elementor-element-03bfe3c\" data-id=\"03bfe3c\" data-element_type=\"column\" data-e-type=\"column\">\n\t\t\t<div class=\"elementor-widget-wrap elementor-element-populated\">\n\t\t\t\t\t\t<div class=\"elementor-element elementor-element-b99ce68 elementor-widget elementor-widget-image\" data-id=\"b99ce68\" data-element_type=\"widget\" data-e-type=\"widget\" data-widget_type=\"image.default\">\n\t\t\t\t\t\t\t\t\t\t\t\t<figure class=\"wp-caption\">\n\t\t\t\t\t\t\t\t\t\t<img decoding=\"async\" width=\"768\" height=\"432\" src=\"https:\/\/soymigrante.com\/revista\/wp-content\/uploads\/2023\/10\/GUATEMALTECOS-UNIDOS-1024x576.webp\" class=\"attachment-large size-large wp-image-2796\" alt=\"Un centro comercial se convirti\u00f3 en punto de convergencia para guatemaltecos migrantes de distintos or\u00edgenes pero unidos en el amor a su patria para exigir respeto a la democracia y el Estado de Derecho.\" srcset=\"https:\/\/soymigrante.com\/revista\/wp-content\/uploads\/2023\/10\/GUATEMALTECOS-UNIDOS-1024x576.webp 1024w, https:\/\/soymigrante.com\/revista\/wp-content\/uploads\/2023\/10\/GUATEMALTECOS-UNIDOS-300x169.webp 300w, https:\/\/soymigrante.com\/revista\/wp-content\/uploads\/2023\/10\/GUATEMALTECOS-UNIDOS-768x432.webp 768w, https:\/\/soymigrante.com\/revista\/wp-content\/uploads\/2023\/10\/GUATEMALTECOS-UNIDOS-1536x864.webp 1536w, https:\/\/soymigrante.com\/revista\/wp-content\/uploads\/2023\/10\/GUATEMALTECOS-UNIDOS-750x422.webp 750w, https:\/\/soymigrante.com\/revista\/wp-content\/uploads\/2023\/10\/GUATEMALTECOS-UNIDOS-1140x641.webp 1140w, https:\/\/soymigrante.com\/revista\/wp-content\/uploads\/2023\/10\/GUATEMALTECOS-UNIDOS.webp 1920w\" sizes=\"(max-width: 768px) 100vw, 768px\" title=\"Un centro comercial se convirti\u00f3 en punto de convergencia para guatemaltecos migrantes de distintos or\u00edgenes pero unidos en el amor a su patria para exigir respeto a la democracia y el Estado de Derecho. \u2013 SoyMigrante.com REVISTA\" \/>\t\t\t\t\t\t\t\t\t\t\t<figcaption class=\"widget-image-caption wp-caption-text\">Un centro comercial se convirti\u00f3 en punto de convergencia para guatemaltecos migrantes de distintos or\u00edgenes pero unidos en el amor a su patria para exigir respeto a la democracia y el Estado de Derecho.<\/figcaption>\n\t\t\t\t\t\t\t\t\t\t<\/figure>\n\t\t\t\t\t\t\t\t\t<\/div>\n\t\t\t\t\t<\/div>\n\t\t<\/div>\n\t\t\t\t\t<\/div>\n\t\t<\/section>\n\t\t\t\t<section data-particle_enable=\"false\" data-particle-mobile-disabled=\"false\" class=\"elementor-section elementor-top-section elementor-element elementor-element-86da3f0 elementor-section-boxed elementor-section-height-default elementor-section-height-default\" data-id=\"86da3f0\" data-element_type=\"section\" data-e-type=\"section\">\n\t\t\t\t\t\t<div class=\"elementor-container elementor-column-gap-default\">\n\t\t\t\t\t<div class=\"elementor-column elementor-col-100 elementor-top-column elementor-element elementor-element-668f1a7\" data-id=\"668f1a7\" data-element_type=\"column\" data-e-type=\"column\">\n\t\t\t<div class=\"elementor-widget-wrap elementor-element-populated\">\n\t\t\t\t\t\t<div class=\"elementor-element elementor-element-877be35 elementor-widget elementor-widget-heading\" data-id=\"877be35\" data-element_type=\"widget\" data-e-type=\"widget\" data-widget_type=\"heading.default\">\n\t\t\t\t\t<h2 class=\"elementor-heading-title elementor-size-default\">Aporte de remesas a la econom\u00eda del pa\u00eds no se traduce en apoyo<\/h2>\t\t\t\t<\/div>\n\t\t\t\t\t<\/div>\n\t\t<\/div>\n\t\t\t\t\t<\/div>\n\t\t<\/section>\n\t\t\t\t<section data-particle_enable=\"false\" data-particle-mobile-disabled=\"false\" class=\"elementor-section elementor-top-section elementor-element elementor-element-0a6b5a1 elementor-section-boxed elementor-section-height-default elementor-section-height-default\" data-id=\"0a6b5a1\" data-element_type=\"section\" data-e-type=\"section\">\n\t\t\t\t\t\t<div class=\"elementor-container elementor-column-gap-default\">\n\t\t\t\t\t<div class=\"elementor-column elementor-col-100 elementor-top-column elementor-element elementor-element-5b15580\" data-id=\"5b15580\" data-element_type=\"column\" data-e-type=\"column\">\n\t\t\t<div class=\"elementor-widget-wrap elementor-element-populated\">\n\t\t\t\t\t\t<div class=\"elementor-element elementor-element-21807ba elementor-widget elementor-widget-text-editor\" data-id=\"21807ba\" data-element_type=\"widget\" data-e-type=\"widget\" data-widget_type=\"text-editor.default\">\n\t\t\t\t\t\t\t\t\t<p><span style=\"color: var( --e-global-color-text ); background-color: var(--ak-bg-color);\">&#8220;Soy chapin,\u00a0 puro bataneco, de San Sebasti\u00e1n Retalhuleu. Quiero llamar la atenci\u00f3n de que a todos los que estamos aqu\u00ed nos interesan los asuntos de Guatemala&#8221;, expres\u00f3 el migrante Aquiles Aquino al lamentar el actuar antidemocr\u00e1tico del Ministerio P\u00fablico, ante la indiferencia de cortes, del gobierno y los pol\u00edticos.\u00a0<\/span><\/p><p><span style=\"color: var( --e-global-color-text ); background-color: var(--ak-bg-color);\">Denunci\u00f3\u00a0 la falta de atenci\u00f3n a la comunidad guatemalteca en Estaados Unidos: &#8220;Se ha dicho que nosotros tenemos un gran porcentaje de aportaci\u00f3n de la econom\u00eda con remesas, pero eso no se traduce en ninguna capacidad de los migrantes en Estados Unidos para influir en la pol\u00edtica guatemalteca\u2026 y ese debe ser nuestro reto&#8221;.<\/span><\/p>\t\t\t\t\t\t\t\t<\/div>\n\t\t\t\t\t<\/div>\n\t\t<\/div>\n\t\t\t\t\t<\/div>\n\t\t<\/section>\n\t\t\t\t<section data-particle_enable=\"false\" data-particle-mobile-disabled=\"false\" class=\"elementor-section elementor-top-section elementor-element elementor-element-80f8069 elementor-section-boxed elementor-section-height-default elementor-section-height-default\" data-id=\"80f8069\" data-element_type=\"section\" data-e-type=\"section\">\n\t\t\t\t\t\t<div class=\"elementor-container elementor-column-gap-default\">\n\t\t\t\t\t<div class=\"elementor-column elementor-col-100 elementor-top-column elementor-element elementor-element-3054ac4\" data-id=\"3054ac4\" data-element_type=\"column\" data-e-type=\"column\">\n\t\t\t<div class=\"elementor-widget-wrap elementor-element-populated\">\n\t\t\t\t\t\t<div class=\"elementor-element elementor-element-c7e614f elementor-widget elementor-widget-testimonial\" data-id=\"c7e614f\" data-element_type=\"widget\" data-e-type=\"widget\" data-widget_type=\"testimonial.default\">\n\t\t\t\t\t\t\t<div class=\"elementor-testimonial-wrapper\">\n\t\t\t\t\t\t\t<div class=\"elementor-testimonial-content\">\"Tenemos que alzar la voz. Estamos viendo el grave atentado contra la poca democracia que a\u00fan queda. Agradezco a los cuatro pueblos que convivimos en Guatemala y tambien en Estados Unidos: mayas, ladinos, xincas y gar\u00edfunas\".<\/div>\n\t\t\t\n\t\t\t\t\t\t<div class=\"elementor-testimonial-meta elementor-has-image elementor-testimonial-image-position-aside\">\n\t\t\t\t<div class=\"elementor-testimonial-meta-inner\">\n\t\t\t\t\t\t\t\t\t\t\t<div class=\"elementor-testimonial-image\">\n\t\t\t\t\t\t\t<img decoding=\"async\" width=\"728\" height=\"629\" src=\"https:\/\/soymigrante.com\/revista\/wp-content\/uploads\/2023\/10\/senora-e1696309194682.webp\" class=\"attachment-full size-full wp-image-2792\" alt=\"\" title=\"se\u00f1ora \u2013 SoyMigrante.com REVISTA\" srcset=\"https:\/\/soymigrante.com\/revista\/wp-content\/uploads\/2023\/10\/senora-e1696309194682.webp 728w, https:\/\/soymigrante.com\/revista\/wp-content\/uploads\/2023\/10\/senora-e1696309194682-300x259.webp 300w\" sizes=\"(max-width: 728px) 100vw, 728px\" \/>\t\t\t\t\t\t<\/div>\n\t\t\t\t\t\n\t\t\t\t\t\t\t\t\t\t<div class=\"elementor-testimonial-details\">\n\t\t\t\t\t\t\t\t\t\t\t\t\t\t<div class=\"elementor-testimonial-name\">Mercedes Say<\/div>\n\t\t\t\t\t\t\t\t\t\t\t\t\t\t\t\t\t\t\t\t\t\t<div class=\"elementor-testimonial-job\">Migrante guatemalteca<\/div>\n\t\t\t\t\t\t\t\t\t\t\t\t\t<\/div>\n\t\t\t\t\t\t\t\t\t<\/div>\n\t\t\t<\/div>\n\t\t\t\t\t<\/div>\n\t\t\t\t\t\t<\/div>\n\t\t\t\t\t<\/div>\n\t\t<\/div>\n\t\t\t\t\t<\/div>\n\t\t<\/section>\n\t\t\t\t<section data-particle_enable=\"false\" data-particle-mobile-disabled=\"false\" class=\"elementor-section elementor-top-section elementor-element elementor-element-3ef3972 elementor-section-boxed elementor-section-height-default elementor-section-height-default\" data-id=\"3ef3972\" data-element_type=\"section\" data-e-type=\"section\">\n\t\t\t\t\t\t<div class=\"elementor-container elementor-column-gap-default\">\n\t\t\t\t\t<div class=\"elementor-column elementor-col-100 elementor-top-column elementor-element elementor-element-246125e\" data-id=\"246125e\" data-element_type=\"column\" data-e-type=\"column\">\n\t\t\t<div class=\"elementor-widget-wrap elementor-element-populated\">\n\t\t\t\t\t\t<div class=\"elementor-element elementor-element-9d78181 elementor-widget elementor-widget-heading\" data-id=\"9d78181\" data-element_type=\"widget\" data-e-type=\"widget\" data-widget_type=\"heading.default\">\n\t\t\t\t\t<h2 class=\"elementor-heading-title elementor-size-default\">\"Aqu\u00ed tambi\u00e9n somos guatemaltecos\" <\/h2>\t\t\t\t<\/div>\n\t\t\t\t\t<\/div>\n\t\t<\/div>\n\t\t\t\t\t<\/div>\n\t\t<\/section>\n\t\t\t\t<section data-particle_enable=\"false\" data-particle-mobile-disabled=\"false\" class=\"elementor-section elementor-top-section elementor-element elementor-element-3ca8797 elementor-section-boxed elementor-section-height-default elementor-section-height-default\" data-id=\"3ca8797\" data-element_type=\"section\" data-e-type=\"section\">\n\t\t\t\t\t\t<div class=\"elementor-container elementor-column-gap-default\">\n\t\t\t\t\t<div class=\"elementor-column elementor-col-100 elementor-top-column elementor-element elementor-element-c9b0041\" data-id=\"c9b0041\" data-element_type=\"column\" data-e-type=\"column\">\n\t\t\t<div class=\"elementor-widget-wrap elementor-element-populated\">\n\t\t\t\t\t\t<div class=\"elementor-element elementor-element-0c65217 elementor-widget elementor-widget-text-editor\" data-id=\"0c65217\" data-element_type=\"widget\" data-e-type=\"widget\" data-widget_type=\"text-editor.default\">\n\t\t\t\t\t\t\t\t\t<p>La migrante guatemalteca, originaria de Totonicap\u00e1n, Mercedes Say declar\u00f3 que la migraci\u00f3n guatemalteca tiene su origen en la corrupci\u00f3n de los gobiernos y que los migrantes son vistos solo como fuente de d\u00f3lares. &#8220;<span style=\"color: var( --e-global-color-text ); background-color: var(--ak-bg-color);\">Nosotros los migrantes significamos para ellos dinero. No significamos vida. somos ciudadanos de segunda, nos utilizan solo para generar m\u00e1s riqueza&#8221;.<\/span><\/p><p><span style=\"color: var( --e-global-color-text ); background-color: var(--ak-bg-color);\">&#8220;Venimos no porque tengamos ganas como dijo el incapaz del exvicepresidente de Jimmy Morales, sino porque nos estan expulsando de nuestras tierras. Durante la pandemia se pagaron vacunas rusas que ni siquiera ha investigado la Fiscal General&#8221;, agreg\u00f3.<\/span><\/p><p><span style=\"color: var( --e-global-color-text ); background-color: var(--ak-bg-color);\">Llam\u00f3 a los migrantes guatemaltecos de todas las culturas (maya, ladina, xinca y gar\u00edfuna) a unirse para exigir derechos y rechazar el intento de golpe antidemocr\u00e1tico.\u00a0<\/span><span style=\"background-color: var(--ak-bg-color); color: var( --e-global-color-text );\">&#8220;Es momento de que nos unamos y defendamos nuestro derecho.l Esto nos debe de servir para decir \u00a1basta!, estamos aqu\u00ed y tambi\u00e9n somos guatemaltecos, tambien tenemos voz&#8221;.<\/span><\/p>\t\t\t\t\t\t\t\t<\/div>\n\t\t\t\t\t<\/div>\n\t\t<\/div>\n\t\t\t\t\t<\/div>\n\t\t<\/section>\n\t\t\t\t<section data-particle_enable=\"false\" data-particle-mobile-disabled=\"false\" class=\"elementor-section elementor-top-section elementor-element elementor-element-e8359b3 elementor-section-boxed elementor-section-height-default elementor-section-height-default\" data-id=\"e8359b3\" data-element_type=\"section\" data-e-type=\"section\">\n\t\t\t\t\t\t<div class=\"elementor-container elementor-column-gap-default\">\n\t\t\t\t\t<div class=\"elementor-column elementor-col-100 elementor-top-column elementor-element elementor-element-a1726c1\" data-id=\"a1726c1\" data-element_type=\"column\" data-e-type=\"column\">\n\t\t\t<div class=\"elementor-widget-wrap elementor-element-populated\">\n\t\t\t\t\t\t<div class=\"elementor-element elementor-element-e3b9ef8 elementor-widget elementor-widget-image\" data-id=\"e3b9ef8\" data-element_type=\"widget\" data-e-type=\"widget\" data-widget_type=\"image.default\">\n\t\t\t\t\t\t\t\t\t\t\t\t<figure class=\"wp-caption\">\n\t\t\t\t\t\t\t\t\t\t<img loading=\"lazy\" decoding=\"async\" width=\"768\" height=\"389\" src=\"https:\/\/soymigrante.com\/revista\/wp-content\/uploads\/2023\/10\/Captura-de-pantalla-2023-10-02-205700-1024x518.webp\" class=\"attachment-large size-large wp-image-2787\" alt=\"Migrantes guatemaltecos se reunen en Maryland para exigir el cese del acoso contra el proceso electoral guatemalteco.\" srcset=\"https:\/\/soymigrante.com\/revista\/wp-content\/uploads\/2023\/10\/Captura-de-pantalla-2023-10-02-205700-1024x518.webp 1024w, https:\/\/soymigrante.com\/revista\/wp-content\/uploads\/2023\/10\/Captura-de-pantalla-2023-10-02-205700-300x152.webp 300w, https:\/\/soymigrante.com\/revista\/wp-content\/uploads\/2023\/10\/Captura-de-pantalla-2023-10-02-205700-768x389.webp 768w, https:\/\/soymigrante.com\/revista\/wp-content\/uploads\/2023\/10\/Captura-de-pantalla-2023-10-02-205700-750x379.webp 750w, https:\/\/soymigrante.com\/revista\/wp-content\/uploads\/2023\/10\/Captura-de-pantalla-2023-10-02-205700-1140x577.webp 1140w, https:\/\/soymigrante.com\/revista\/wp-content\/uploads\/2023\/10\/Captura-de-pantalla-2023-10-02-205700.webp 1271w\" sizes=\"(max-width: 768px) 100vw, 768px\" title=\"Migrantes guatemaltecos se reunen en Maryland para exigir el cese del acoso contra el proceso electoral guatemalteco. \u2013 SoyMigrante.com REVISTA\" \/>\t\t\t\t\t\t\t\t\t\t\t<figcaption class=\"widget-image-caption wp-caption-text\">Migrantes guatemaltecos se reunen en Maryland para exigir el cese del acoso contra el proceso electoral guatemalteco.<\/figcaption>\n\t\t\t\t\t\t\t\t\t\t<\/figure>\n\t\t\t\t\t\t\t\t\t<\/div>\n\t\t\t\t\t<\/div>\n\t\t<\/div>\n\t\t\t\t\t<\/div>\n\t\t<\/section>\n\t\t\t\t<section data-particle_enable=\"false\" data-particle-mobile-disabled=\"false\" class=\"elementor-section elementor-top-section elementor-element elementor-element-f1793a6 elementor-section-boxed elementor-section-height-default elementor-section-height-default\" data-id=\"f1793a6\" data-element_type=\"section\" data-e-type=\"section\">\n\t\t\t\t\t\t<div class=\"elementor-container elementor-column-gap-default\">\n\t\t\t\t\t<div class=\"elementor-column elementor-col-100 elementor-top-column elementor-element elementor-element-c905e1d\" data-id=\"c905e1d\" data-element_type=\"column\" data-e-type=\"column\">\n\t\t\t<div class=\"elementor-widget-wrap elementor-element-populated\">\n\t\t\t\t\t\t<div class=\"elementor-element elementor-element-1f609b9 elementor-widget elementor-widget-heading\" data-id=\"1f609b9\" data-element_type=\"widget\" data-e-type=\"widget\" data-widget_type=\"heading.default\">\n\t\t\t\t\t<h2 class=\"elementor-heading-title elementor-size-default\">Llamado a continuar la protesta para salvar la democracia en el pa\u00eds<\/h2>\t\t\t\t<\/div>\n\t\t\t\t\t<\/div>\n\t\t<\/div>\n\t\t\t\t\t<\/div>\n\t\t<\/section>\n\t\t\t\t<section data-particle_enable=\"false\" data-particle-mobile-disabled=\"false\" class=\"elementor-section elementor-top-section elementor-element elementor-element-c73b490 elementor-section-boxed elementor-section-height-default elementor-section-height-default\" data-id=\"c73b490\" data-element_type=\"section\" data-e-type=\"section\">\n\t\t\t\t\t\t<div class=\"elementor-container elementor-column-gap-default\">\n\t\t\t\t\t<div class=\"elementor-column elementor-col-100 elementor-top-column elementor-element elementor-element-e7b3250\" data-id=\"e7b3250\" data-element_type=\"column\" data-e-type=\"column\">\n\t\t\t<div class=\"elementor-widget-wrap elementor-element-populated\">\n\t\t\t\t\t\t<div class=\"elementor-element elementor-element-12dc548 elementor-widget elementor-widget-text-editor\" data-id=\"12dc548\" data-element_type=\"widget\" data-e-type=\"widget\" data-widget_type=\"text-editor.default\">\n\t\t\t\t\t\t\t\t\t<p>Los guatemaltecos reunidos en Maryland pidieron a m\u00e1s connacionales unirse en la pr\u00f3xima manifestaci\u00f3n pac\u00edfica. As\u00ed tambi\u00e9n animaron a otras comunidades en ciudades y Estados de la Uni\u00f3n Americana a elevar su voz para rescatar la democracia del pa\u00eds.\u00a0<\/p><p>La migrante Letty Bar\u00e1n transmiti\u00f3 en vivo la actividad pr\u00e1cticamente completa a trav\u00e9s de su canal de Facebook. Tambi\u00e9n existe un envivo en el\u00a0<a style=\"background-color: var(--ak-bg-color);\" href=\"https:\/\/www.facebook.com\/MegavisionCanalCinco\/videos\/880353936852200\" target=\"_blank\" rel=\"noopener\">Canal 5 Megavisi\u00f3n que cubre el \u00e1rea de Maryland.<\/a>\u00a0Clic en las letras marcadas si desea verlo.<\/p>\t\t\t\t\t\t\t\t<\/div>\n\t\t\t\t\t<\/div>\n\t\t<\/div>\n\t\t\t\t\t<\/div>\n\t\t<\/section>\n\t\t\t\t<section data-particle_enable=\"false\" data-particle-mobile-disabled=\"false\" class=\"elementor-section elementor-top-section elementor-element elementor-element-c21648b elementor-section-boxed elementor-section-height-default elementor-section-height-default\" data-id=\"c21648b\" data-element_type=\"section\" data-e-type=\"section\">\n\t\t\t\t\t\t<div class=\"elementor-container elementor-column-gap-default\">\n\t\t\t\t\t<div class=\"elementor-column elementor-col-100 elementor-top-column elementor-element elementor-element-ef06195\" data-id=\"ef06195\" data-element_type=\"column\" data-e-type=\"column\">\n\t\t\t<div class=\"elementor-widget-wrap elementor-element-populated\">\n\t\t\t\t\t\t<div class=\"elementor-element elementor-element-dba610c elementor-widget elementor-widget-facebook-embed\" data-id=\"dba610c\" data-element_type=\"widget\" data-e-type=\"widget\" data-widget_type=\"facebook-embed.default\">\n\t\t\t\t\t<div style=\"min-height: 1px\" class=\"elementor-facebook-widget fb-post\" data-href=\"https:\/\/www.facebook.com\/letty.baran\/videos\/297958639537861\" data-show-text=\"false\"><\/div>\t\t\t\t<\/div>\n\t\t\t\t\t<\/div>\n\t\t<\/div>\n\t\t\t\t\t<\/div>\n\t\t<\/section>\n\t\t\t\t<section data-particle_enable=\"false\" data-particle-mobile-disabled=\"false\" class=\"elementor-section elementor-top-section elementor-element elementor-element-f0fed4a elementor-section-boxed elementor-section-height-default elementor-section-height-default\" data-id=\"f0fed4a\" data-element_type=\"section\" data-e-type=\"section\">\n\t\t\t\t\t\t<div class=\"elementor-container elementor-column-gap-default\">\n\t\t\t\t\t<div class=\"elementor-column elementor-col-100 elementor-top-column elementor-element elementor-element-b69d02f\" data-id=\"b69d02f\" data-element_type=\"column\" data-e-type=\"column\">\n\t\t\t<div class=\"elementor-widget-wrap elementor-element-populated\">\n\t\t\t\t\t\t<div class=\"elementor-element elementor-element-bcc6121 elementor-widget elementor-widget-text-editor\" data-id=\"bcc6121\" data-element_type=\"widget\" data-e-type=\"widget\" data-widget_type=\"text-editor.default\">\n\t\t\t\t\t\t\t\t\t<p>*Agradecemos la informaci\u00f3n y colaboraci\u00f3n de Letty Baran, migrante guatemalteca.<\/p>\t\t\t\t\t\t\t\t<\/div>\n\t\t\t\t\t<\/div>\n\t\t<\/div>\n\t\t\t\t\t<\/div>\n\t\t<\/section>\n\t\t\t\t<\/div>\n\t\t","protected":false},"excerpt":{"rendered":"<p>El Uni\u00f3n Mall de Maryland tiene negocios hispanos, incluyendo de guatemaltecos. Por ello prest\u00f3 su espacio para esta manifestaci\u00f3n pac\u00edfica en contra de las acciones antidemocr\u00e1ticas del Ministerio P\u00fablico en contra de las elecciones en Guatemala. \u00a1Migrantes unidos, jam\u00e1s ser\u00e1n vencidos!, gritan guatemaltecos reunidos en Maryland, para protestar pac\u00edficamente en contra de acciones ilegales de [&hellip;]<\/p>\n","protected":false},"author":7,"featured_media":2787,"comment_status":"open","ping_status":"open","sticky":false,"template":"","format":"standard","meta":{"_acf_changed":false,"_eb_attr":"","footnotes":""},"categories":[54],"tags":[],"class_list":["post-2777","post","type-post","status-publish","format-standard","has-post-thumbnail","hentry","category-estamos-unidos"],"acf":[],"aioseo_notices":[],"aioseo_head":"\n\t\t<!-- All in One SEO Pro 4.9.6.2 - aioseo.com -->\n\t<meta name=\"description\" content=\"\u00a1Migrantes unidos, jam\u00e1s ser\u00e1n vencidos!, gritan guatemaltecos reunidos en Maryland, para protestar pac\u00edficamente en contra de acciones ilegales de autoridades en contra de la democracia en su patria. Rechazo rotundo a las acciones del Ministerio P\u00fablico de Guatemala en contra del proceso electoral y de la democracia manifestaron migrantes guatemaltecos reunidos este lunes 2 de\" \/>\n\t<meta name=\"robots\" content=\"max-snippet:-1, max-image-preview:large, max-video-preview:-1\" \/>\n\t<meta name=\"author\" content=\"Gustavo Montenegro\"\/>\n\t<link rel=\"canonical\" href=\"https:\/\/soymigrante.com\/revista\/migrantes-guatemaltecos-rechazan-ataques-contra-la-democracia-en-su-patria\/\" \/>\n\t<meta name=\"generator\" content=\"All in One SEO Pro (AIOSEO) 4.9.6.2\" \/>\n\n\t\t<link rel=\"preconnect\" href=\"https:\/\/fonts.googleapis.com\" crossorigin>\n<link rel=\"preconnect\" href=\"https:\/\/fonts.gstatic.com\" crossorigin>\n\t\t<meta property=\"og:locale\" content=\"es_ES\" \/>\n\t\t<meta property=\"og:site_name\" content=\"SoyMigrante.com REVISTA \u2013 Nuestra misi\u00f3n es reconocer y dignificar al migrante.\" \/>\n\t\t<meta property=\"og:type\" content=\"article\" \/>\n\t\t<meta property=\"og:title\" content=\"Migrantes guatemaltecos llaman a rechazar intento de golpe a la democracia en su patria.\" \/>\n\t\t<meta property=\"og:description\" content=\"\u00a1Migrantes unidos, jam\u00e1s ser\u00e1n vencidos!, gritan guatemaltecos reunidos en Maryland, para protestar pac\u00edficamente en contra de acciones ilegales de autoridades en contra de la democracia en su patria. Rechazo rotundo a las acciones del Ministerio P\u00fablico de Guatemala en contra del proceso electoral y de la democracia manifestaron migrantes guatemaltecos reunidos este lunes 2 de\" \/>\n\t\t<meta property=\"og:url\" content=\"https:\/\/soymigrante.com\/revista\/migrantes-guatemaltecos-rechazan-ataques-contra-la-democracia-en-su-patria\/\" \/>\n\t\t<meta property=\"og:image\" content=\"https:\/\/soymigrante.com\/revista\/wp-content\/uploads\/2023\/10\/Captura-de-pantalla-2023-10-02-205700.webp\" \/>\n\t\t<meta property=\"og:image:secure_url\" content=\"https:\/\/soymigrante.com\/revista\/wp-content\/uploads\/2023\/10\/Captura-de-pantalla-2023-10-02-205700.webp\" \/>\n\t\t<meta property=\"og:image:width\" content=\"1271\" \/>\n\t\t<meta property=\"og:image:height\" content=\"643\" \/>\n\t\t<meta property=\"article:published_time\" content=\"2023-10-03T05:15:24+00:00\" \/>\n\t\t<meta property=\"article:modified_time\" content=\"2024-07-30T10:29:02+00:00\" \/>\n\t\t<meta property=\"article:publisher\" content=\"https:\/\/www.facebook.com\/soymigrantecom\" \/>\n\t\t<meta name=\"twitter:card\" content=\"summary_large_image\" \/>\n\t\t<meta name=\"twitter:site\" content=\"@SoyMigrante_com\" \/>\n\t\t<meta name=\"twitter:title\" content=\"Migrantes guatemaltecos llaman a rechazar intento de golpe a la democracia en su patria.\" \/>\n\t\t<meta name=\"twitter:description\" content=\"\u00a1Migrantes unidos, jam\u00e1s ser\u00e1n vencidos!, gritan guatemaltecos reunidos en Maryland, para protestar pac\u00edficamente en contra de acciones ilegales de autoridades en contra de la democracia en su patria. Rechazo rotundo a las acciones del Ministerio P\u00fablico de Guatemala en contra del proceso electoral y de la democracia manifestaron migrantes guatemaltecos reunidos este lunes 2 de\" \/>\n\t\t<meta name=\"twitter:creator\" content=\"@SoyMigrante_com\" \/>\n\t\t<meta name=\"twitter:image\" content=\"https:\/\/soymigrante.com\/revista\/wp-content\/uploads\/2023\/10\/Captura-de-pantalla-2023-10-02-205700.webp\" \/>\n\t\t<!-- All in One SEO Pro -->\r\n\t\t<title>Migrantes guatemaltecos llaman a rechazar intento de golpe a la democracia en su patria.<\/title>\n\n","aioseo_head_json":{"title":"Migrantes guatemaltecos llaman a rechazar intento de golpe a la democracia en su patria.","description":"\u00a1Migrantes unidos, jam\u00e1s ser\u00e1n vencidos!, gritan guatemaltecos reunidos en Maryland, para protestar pac\u00edficamente en contra de acciones ilegales de autoridades en contra de la democracia en su patria. Rechazo rotundo a las acciones del Ministerio P\u00fablico de Guatemala en contra del proceso electoral y de la democracia manifestaron migrantes guatemaltecos reunidos este lunes 2 de","canonical_url":"https:\/\/soymigrante.com\/revista\/migrantes-guatemaltecos-rechazan-ataques-contra-la-democracia-en-su-patria\/","robots":"max-snippet:-1, max-image-preview:large, max-video-preview:-1","keywords":"","webmasterTools":{"miscellaneous":"&lt;link rel=\"preconnect\" href=\"https:\/\/fonts.googleapis.com\" crossorigin&gt;\n&lt;link rel=\"preconnect\" href=\"https:\/\/fonts.gstatic.com\" crossorigin&gt;"},"schema":null,"og:locale":"es_ES","og:site_name":"SoyMigrante.com REVISTA \u2013 Nuestra misi\u00f3n es reconocer y dignificar al migrante.","og:type":"article","og:title":"Migrantes guatemaltecos llaman a rechazar intento de golpe a la democracia en su patria.","og:description":"\u00a1Migrantes unidos, jam\u00e1s ser\u00e1n vencidos!, gritan guatemaltecos reunidos en Maryland, para protestar pac\u00edficamente en contra de acciones ilegales de autoridades en contra de la democracia en su patria. Rechazo rotundo a las acciones del Ministerio P\u00fablico de Guatemala en contra del proceso electoral y de la democracia manifestaron migrantes guatemaltecos reunidos este lunes 2 de","og:url":"https:\/\/soymigrante.com\/revista\/migrantes-guatemaltecos-rechazan-ataques-contra-la-democracia-en-su-patria\/","og:image":"https:\/\/soymigrante.com\/revista\/wp-content\/uploads\/2023\/10\/Captura-de-pantalla-2023-10-02-205700.webp","og:image:secure_url":"https:\/\/soymigrante.com\/revista\/wp-content\/uploads\/2023\/10\/Captura-de-pantalla-2023-10-02-205700.webp","og:image:width":1271,"og:image:height":643,"article:published_time":"2023-10-03T05:15:24+00:00","article:modified_time":"2024-07-30T10:29:02+00:00","article:publisher":"https:\/\/www.facebook.com\/soymigrantecom","twitter:card":"summary_large_image","twitter:site":"@SoyMigrante_com","twitter:title":"Migrantes guatemaltecos llaman a rechazar intento de golpe a la democracia en su patria.","twitter:description":"\u00a1Migrantes unidos, jam\u00e1s ser\u00e1n vencidos!, gritan guatemaltecos reunidos en Maryland, para protestar pac\u00edficamente en contra de acciones ilegales de autoridades en contra de la democracia en su patria. Rechazo rotundo a las acciones del Ministerio P\u00fablico de Guatemala en contra del proceso electoral y de la democracia manifestaron migrantes guatemaltecos reunidos este lunes 2 de","twitter:creator":"@SoyMigrante_com","twitter:image":"https:\/\/soymigrante.com\/revista\/wp-content\/uploads\/2023\/10\/Captura-de-pantalla-2023-10-02-205700.webp"},"aioseo_meta_data":{"post_id":"2777","title":null,"description":null,"keywords":[],"keyphrases":{"focus":{"keyphrase":"guatemaltecos","score":82,"analysis":{"keyphraseInTitle":{"score":9,"maxScore":9,"error":0},"keyphraseInDescription":{"score":9,"maxScore":9,"error":0},"keyphraseLength":{"score":9,"maxScore":9,"error":0,"length":1},"keyphraseInURL":{"score":5,"maxScore":5,"error":0},"keyphraseInIntroduction":{"score":3,"maxScore":9,"error":1},"keyphraseInSubHeadings":{"score":3,"maxScore":9,"error":1},"keyphraseInImageAlt":{"score":9,"maxScore":9,"error":0},"keywordDensity":{"type":"best","score":9,"maxScore":9,"error":0}}},"additional":[]},"primary_term":null,"canonical_url":null,"og_title":null,"og_description":null,"og_object_type":"default","og_image_type":"default","og_image_url":null,"og_image_width":null,"og_image_height":null,"og_image_custom_url":null,"og_image_custom_fields":null,"og_video":"","og_custom_url":null,"og_article_section":null,"og_article_tags":[],"twitter_use_og":false,"twitter_card":"default","twitter_image_type":"default","twitter_image_url":null,"twitter_image_custom_url":null,"twitter_image_custom_fields":null,"twitter_title":null,"twitter_description":null,"schema":{"blockGraphs":[],"customGraphs":[],"default":{"data":{"Article":[],"Course":[],"Dataset":[],"FAQPage":[],"Movie":[],"Person":[],"Product":[],"ProductReview":[],"Car":[],"Recipe":[],"Service":[],"SoftwareApplication":[],"WebPage":[]},"graphName":"BlogPosting","isEnabled":true},"graphs":[]},"schema_type":"default","schema_type_options":null,"pillar_content":false,"robots_default":true,"robots_noindex":false,"robots_noarchive":false,"robots_nosnippet":false,"robots_nofollow":false,"robots_noimageindex":false,"robots_noodp":false,"robots_notranslate":false,"robots_max_snippet":"-1","robots_max_videopreview":"-1","robots_max_imagepreview":"large","priority":null,"frequency":"default","local_seo":null,"seo_analyzer_scan_date":"2025-10-08 20:27:59","breadcrumb_settings":null,"limit_modified_date":false,"reviewed_by":null,"open_ai":null,"ai":null,"created":"2023-10-02 23:17:27","updated":"2026-02-04 09:42:19"},"aioseo_breadcrumb":"<div class=\"aioseo-breadcrumbs\"><span class=\"aioseo-breadcrumb\">\n\t<a href=\"https:\/\/soymigrante.com\/revista\" title=\"Home\">Home<\/a>\n<\/span><span class=\"aioseo-breadcrumb-separator\">\u00bb<\/span><span class=\"aioseo-breadcrumb\">\n\t<a href=\"https:\/\/soymigrante.com\/revista\/category\/estamos-unidos\/\" title=\"Estamos Unidos\">Estamos Unidos<\/a>\n<\/span><span class=\"aioseo-breadcrumb-separator\">\u00bb<\/span><span class=\"aioseo-breadcrumb\">\n\tMigrantes guatemaltecos llaman a rechazar intento de golpe a la democracia en su patria.\n<\/span><\/div>","aioseo_breadcrumb_json":[{"label":"Home","link":"https:\/\/soymigrante.com\/revista"},{"label":"Estamos Unidos","link":"https:\/\/soymigrante.com\/revista\/category\/estamos-unidos\/"},{"label":"Migrantes guatemaltecos llaman a rechazar intento de golpe a la democracia en su patria.","link":"https:\/\/soymigrante.com\/revista\/migrantes-guatemaltecos-rechazan-ataques-contra-la-democracia-en-su-patria\/"}],"_links":{"self":[{"href":"https:\/\/soymigrante.com\/revista\/wp-json\/wp\/v2\/posts\/2777","targetHints":{"allow":["GET"]}}],"collection":[{"href":"https:\/\/soymigrante.com\/revista\/wp-json\/wp\/v2\/posts"}],"about":[{"href":"https:\/\/soymigrante.com\/revista\/wp-json\/wp\/v2\/types\/post"}],"author":[{"embeddable":true,"href":"https:\/\/soymigrante.com\/revista\/wp-json\/wp\/v2\/users\/7"}],"replies":[{"embeddable":true,"href":"https:\/\/soymigrante.com\/revista\/wp-json\/wp\/v2\/comments?post=2777"}],"version-history":[{"count":0,"href":"https:\/\/soymigrante.com\/revista\/wp-json\/wp\/v2\/posts\/2777\/revisions"}],"wp:featuredmedia":[{"embeddable":true,"href":"https:\/\/soymigrante.com\/revista\/wp-json\/wp\/v2\/media\/2787"}],"wp:attachment":[{"href":"https:\/\/soymigrante.com\/revista\/wp-json\/wp\/v2\/media?parent=2777"}],"wp:term":[{"taxonomy":"category","embeddable":true,"href":"https:\/\/soymigrante.com\/revista\/wp-json\/wp\/v2\/categories?post=2777"},{"taxonomy":"post_tag","embeddable":true,"href":"https:\/\/soymigrante.com\/revista\/wp-json\/wp\/v2\/tags?post=2777"}],"curies":[{"name":"wp","href":"https:\/\/api.w.org\/{rel}","templated":true}]}}