{"id":27712,"date":"2025-03-11T05:00:00","date_gmt":"2025-03-11T11:00:00","guid":{"rendered":"https:\/\/soymigrante.com\/revista\/?p=27712"},"modified":"2025-04-17T10:38:04","modified_gmt":"2025-04-17T16:38:04","slug":"fe-migrante-carlos-cano-regresa-cada-ano-a-vivir-la-devocion-de-semana-santa-en-guatemala","status":"publish","type":"post","link":"https:\/\/soymigrante.com\/revista\/fe-migrante-carlos-cano-regresa-cada-ano-a-vivir-la-devocion-de-semana-santa-en-guatemala\/","title":{"rendered":"Fe migrante: Carlos Cano regresa cada a\u00f1o a vivir la devoci\u00f3n de Semana Santa en Guatemala"},"content":{"rendered":"\t\t<div data-elementor-type=\"wp-post\" data-elementor-id=\"27712\" class=\"elementor elementor-27712\" data-elementor-post-type=\"post\">\n\t\t\t\t<div data-particle_enable=\"false\" data-particle-mobile-disabled=\"false\" class=\"elementor-element elementor-element-6171325 e-flex e-con-boxed e-con e-parent\" data-id=\"6171325\" data-element_type=\"container\" data-e-type=\"container\">\n\t\t\t\t\t<div class=\"e-con-inner\">\n\t\t\t\t<div class=\"elementor-element elementor-element-208b292 elementor-widget elementor-widget-heading\" data-id=\"208b292\" data-element_type=\"widget\" data-e-type=\"widget\" data-widget_type=\"heading.default\">\n\t\t\t\t\t<h2 class=\"elementor-heading-title elementor-size-default\">El migrante guatemalteco Carlos Cano reside en Estados Unidos, pero nunca falta a la cita con las procesiones de la Semana Santa Guatemalteca que marcaron su fe desde ni\u00f1o.\n<\/h2>\t\t\t\t<\/div>\n\t\t\t\t<div class=\"elementor-element elementor-element-b603995 elementor-widget elementor-widget-html\" data-id=\"b603995\" data-element_type=\"widget\" data-e-type=\"widget\" data-widget_type=\"html.default\">\n\t\t\t\t\t<div id=\"buzzsprout-player-16783338\"><\/div><script src=\"https:\/\/www.buzzsprout.com\/2444168\/episodes\/16783338-devocion-migrante-carlos-cano-y-la-semana-santa-guatemalteca.js?container_id=buzzsprout-player-16783338&player=small\" type=\"text\/javascript\" charset=\"utf-8\"><\/script>\t\t\t\t<\/div>\n\t\t\t\t\t<\/div>\n\t\t\t\t<\/div>\n\t\t<div data-particle_enable=\"false\" data-particle-mobile-disabled=\"false\" class=\"elementor-element elementor-element-b816d79 e-flex e-con-boxed e-con e-parent\" data-id=\"b816d79\" data-element_type=\"container\" data-e-type=\"container\">\n\t\t\t\t\t<div class=\"e-con-inner\">\n\t\t\t\t<div class=\"elementor-element elementor-element-5cd3ce5 elementor-widget elementor-widget-text-editor\" data-id=\"5cd3ce5\" data-element_type=\"widget\" data-e-type=\"widget\" data-widget_type=\"text-editor.default\">\n\t\t\t\t\t\t\t\t\t<p>Carlos Cano es reconocido en Guatemala por su trayectoria en el s\u00f3ftbol, deporte en el que ha alcanzado un lugar en el Sal\u00f3n de la Fama. Sin embargo, hay algo a\u00fan m\u00e1s profundo y trascendental que lo une a su pa\u00eds: <a href=\"https:\/\/soymigrante.com\/revista\/semana-santa-guatemalteca-sin-fronteras-cruza-el-mar\/\" target=\"_blank\" rel=\"noopener\">ser devoto cargador durante la Semana Santa Guatemalteca.<\/a><\/p><p>Aunque ahora vive en Estados Unidos, cada a\u00f1o regresa a Guatemala para participar <a href=\"https:\/\/soymigrante.com\/revista\/semana-santa-guatemalteca-sin-fronteras-cruza-el-mar\/\" target=\"_blank\" rel=\"noopener\">en las procesiones, un compromiso que ha mantenido desde su infancia.<\/a>\u00a0Es una convicci\u00f3n personal y un compromiso de fe. Ya sea vestido de cucurucho o de traje formal, seg\u00fan el cortejo, Carlos Cano se prepara para regresar a vivir el fervor de las andas.<\/p><p>Usualmente, llega al pa\u00eds en Viernes de Dolores y se marcha el Lunes de Pascua, justo despu\u00e9s de la fiesta de la Resurrecci\u00f3n de Jes\u00fas, para continuar sus labores y pedir a Dios volver el otro a\u00f1o; sin embargo, en este 2025 no podr\u00e1 llegar a Guatemala, porque no le autorizaron el permiso en el trabajo.<\/p><p>Esta es su historia que ahora recuerda desde lejos, pero que con la fe puesta en Dios, que llegar\u00e1 a Guatemala en una pr\u00f3xima ocasi\u00f3n.<\/p>\t\t\t\t\t\t\t\t<\/div>\n\t\t\t\t\t<\/div>\n\t\t\t\t<\/div>\n\t\t<div data-particle_enable=\"false\" data-particle-mobile-disabled=\"false\" class=\"elementor-element elementor-element-2531b74 e-flex e-con-boxed e-con e-parent\" data-id=\"2531b74\" data-element_type=\"container\" data-e-type=\"container\">\n\t\t\t\t\t<div class=\"e-con-inner\">\n\t\t\t\t<div class=\"elementor-element elementor-element-e5da7b5 elementor-widget elementor-widget-image\" data-id=\"e5da7b5\" data-element_type=\"widget\" data-e-type=\"widget\" data-widget_type=\"image.default\">\n\t\t\t\t\t\t\t\t\t\t\t\t<figure class=\"wp-caption\">\n\t\t\t\t\t\t\t\t\t\t<img fetchpriority=\"high\" decoding=\"async\" width=\"540\" height=\"720\" src=\"https:\/\/soymigrante.com\/revista\/wp-content\/uploads\/2025\/03\/Carlos-Cano6.webp\" class=\"attachment-large size-large wp-image-27724\" alt=\"- Elegant people attending a cultural celebration or religious procession outdoors in a vibrant community setting.\" srcset=\"https:\/\/soymigrante.com\/revista\/wp-content\/uploads\/2025\/03\/Carlos-Cano6.webp 540w, https:\/\/soymigrante.com\/revista\/wp-content\/uploads\/2025\/03\/Carlos-Cano6-225x300.jpg 225w\" sizes=\"(max-width: 540px) 100vw, 540px\" title=\"Carlos Cano6 \u2013 SoyMigrante.com REVISTA\" \/>\t\t\t\t\t\t\t\t\t\t\t<figcaption class=\"widget-image-caption wp-caption-text\">- Personas vestidas formalmente en una procesi\u00f3n cultural o religiosa en un entorno urbano al aire libre.<\/figcaption>\n\t\t\t\t\t\t\t\t\t\t<\/figure>\n\t\t\t\t\t\t\t\t\t<\/div>\n\t\t\t\t\t<\/div>\n\t\t\t\t<\/div>\n\t\t<div data-particle_enable=\"false\" data-particle-mobile-disabled=\"false\" class=\"elementor-element elementor-element-40fbff6 e-flex e-con-boxed e-con e-parent\" data-id=\"40fbff6\" data-element_type=\"container\" data-e-type=\"container\">\n\t\t\t\t\t<div class=\"e-con-inner\">\n\t\t\t\t<div class=\"elementor-element elementor-element-7ad7f2e elementor-widget elementor-widget-heading\" data-id=\"7ad7f2e\" data-element_type=\"widget\" data-e-type=\"widget\" data-widget_type=\"heading.default\">\n\t\t\t\t\t<h3 class=\"elementor-heading-title elementor-size-default\">Una fe que naci\u00f3 en la infancia<\/h3>\t\t\t\t<\/div>\n\t\t\t\t\t<\/div>\n\t\t\t\t<\/div>\n\t\t<div data-particle_enable=\"false\" data-particle-mobile-disabled=\"false\" class=\"elementor-element elementor-element-7597f4d e-flex e-con-boxed e-con e-parent\" data-id=\"7597f4d\" data-element_type=\"container\" data-e-type=\"container\">\n\t\t\t\t\t<div class=\"e-con-inner\">\n\t\t\t\t<div class=\"elementor-element elementor-element-28e0ecb elementor-widget elementor-widget-text-editor\" data-id=\"28e0ecb\" data-element_type=\"widget\" data-e-type=\"widget\" data-widget_type=\"text-editor.default\">\n\t\t\t\t\t\t\t\t\t<p>Desde los cuatro a\u00f1os, <a href=\"https:\/\/soymigrante.com\/revista\/semana-santa-guatemalteca-sin-fronteras-cruza-el-mar\/\" target=\"_blank\" rel=\"noopener\">Cano comenz\u00f3 a cargar en las procesiones,<\/a> espec\u00edficamente a Jes\u00fas de La Merced. Fue el S\u00e1bado de Ramos el d\u00eda que marc\u00f3 su devoci\u00f3n, pues desde entonces entendi\u00f3 la importancia de portar las andas y caminar en las filas de cucuruchos.<\/p>\n<p>&#8220;De ni\u00f1o viv\u00eda en la colonia Primero de Julio, lo que significaba un largo viaje de aproximadamente una hora para llegar a tiempo a un turno de cargar en la procesi\u00f3n infantil&#8221;, relata. Adem\u00e1s de <a href=\"https:\/\/soymigrante.com\/revista\/semana-santa-guatemalteca-sin-fronteras-cruza-el-mar\/\" target=\"_blank\" rel=\"noopener\">su participaci\u00f3n en las procesiones, en su hogar se viv\u00eda la tradici\u00f3n con fervor<\/a>.<\/p>\n<p>&#8220;Mi pap\u00e1 disfrutaba mucho de tomar refresco de s\u00fachiles, una bebida que se convirti\u00f3 en parte del ritual familiar de la Semana Santa para la familia Cano&#8221;, agrega.<\/p>\t\t\t\t\t\t\t\t<\/div>\n\t\t\t\t\t<\/div>\n\t\t\t\t<\/div>\n\t\t<div data-particle_enable=\"false\" data-particle-mobile-disabled=\"false\" class=\"elementor-element elementor-element-926af29 e-flex e-con-boxed e-con e-parent\" data-id=\"926af29\" data-element_type=\"container\" data-e-type=\"container\">\n\t\t\t\t\t<div class=\"e-con-inner\">\n\t\t\t\t<div class=\"elementor-element elementor-element-528d67b elementor-widget elementor-widget-image\" data-id=\"528d67b\" data-element_type=\"widget\" data-e-type=\"widget\" data-widget_type=\"image.default\">\n\t\t\t\t\t\t\t\t\t\t\t\t<figure class=\"wp-caption\">\n\t\t\t\t\t\t\t\t\t\t<img decoding=\"async\" width=\"526\" height=\"350\" src=\"https:\/\/soymigrante.com\/revista\/wp-content\/uploads\/2025\/03\/Carlos-Cano3.webp\" class=\"attachment-large size-large wp-image-27719\" alt=\"Hombres en una ceremonia formal en procesi\u00f3n, vestimenta elegante y portando objetos ceremoniales, en un evento solemne con decoraciones florales y arquitectura tradicional mexicana.\" srcset=\"https:\/\/soymigrante.com\/revista\/wp-content\/uploads\/2025\/03\/Carlos-Cano3.webp 526w, https:\/\/soymigrante.com\/revista\/wp-content\/uploads\/2025\/03\/Carlos-Cano3-300x200.jpg 300w\" sizes=\"(max-width: 526px) 100vw, 526px\" title=\"Carlos Cano3 \u2013 SoyMigrante.com REVISTA\" \/>\t\t\t\t\t\t\t\t\t\t\t<figcaption class=\"widget-image-caption wp-caption-text\">Hombres en un acto formal en una ceremonia religiosa, vestidos con trajes y usando un cetro, participando en un evento solemne y respetuoso.<\/figcaption>\n\t\t\t\t\t\t\t\t\t\t<\/figure>\n\t\t\t\t\t\t\t\t\t<\/div>\n\t\t\t\t\t<\/div>\n\t\t\t\t<\/div>\n\t\t<div data-particle_enable=\"false\" data-particle-mobile-disabled=\"false\" class=\"elementor-element elementor-element-2d2803a e-flex e-con-boxed e-con e-parent\" data-id=\"2d2803a\" data-element_type=\"container\" data-e-type=\"container\">\n\t\t\t\t\t<div class=\"e-con-inner\">\n\t\t\t\t<div class=\"elementor-element elementor-element-db84cc8 elementor-widget elementor-widget-heading\" data-id=\"db84cc8\" data-element_type=\"widget\" data-e-type=\"widget\" data-widget_type=\"heading.default\">\n\t\t\t\t\t<h3 class=\"elementor-heading-title elementor-size-default\">El camino de la tradici\u00f3n y el servicio<\/h3>\t\t\t\t<\/div>\n\t\t\t\t\t<\/div>\n\t\t\t\t<\/div>\n\t\t<div data-particle_enable=\"false\" data-particle-mobile-disabled=\"false\" class=\"elementor-element elementor-element-187a8b4 e-flex e-con-boxed e-con e-parent\" data-id=\"187a8b4\" data-element_type=\"container\" data-e-type=\"container\">\n\t\t\t\t\t<div class=\"e-con-inner\">\n\t\t\t\t<div class=\"elementor-element elementor-element-bca89f1 elementor-widget elementor-widget-text-editor\" data-id=\"bca89f1\" data-element_type=\"widget\" data-e-type=\"widget\" data-widget_type=\"text-editor.default\">\n\t\t\t\t\t\t\t\t\t<p>Cuando ten\u00eda 12 a\u00f1os, Cano comenz\u00f3 a colaborar en la Iglesia de San Jos\u00e9, donde realizaba tareas como limpiar horquillas y anaqueles, adem\u00e1s de asumir responsabilidades que los adultos evitaban.<\/p><p>A los 13 a\u00f1os, tuvo la oportunidad de cargar por primera vez a Jes\u00fas de los Milagros, <a href=\"https:\/\/soymigrante.com\/revista\/semana-santa-guatemalteca-sin-fronteras-cruza-el-mar\/\" target=\"_blank\" rel=\"noopener\">una experiencia que comparti\u00f3 con sus padres y que fortaleci\u00f3 su v\u00ednculo con la fe.<\/a><\/p>\t\t\t\t\t\t\t\t<\/div>\n\t\t\t\t\t<\/div>\n\t\t\t\t<\/div>\n\t\t<div data-particle_enable=\"false\" data-particle-mobile-disabled=\"false\" class=\"elementor-element elementor-element-8f814a8 e-flex e-con-boxed e-con e-parent\" data-id=\"8f814a8\" data-element_type=\"container\" data-e-type=\"container\">\n\t\t\t\t\t<div class=\"e-con-inner\">\n\t\t\t\t<div class=\"elementor-element elementor-element-2019249 elementor-widget elementor-widget-image\" data-id=\"2019249\" data-element_type=\"widget\" data-e-type=\"widget\" data-widget_type=\"image.default\">\n\t\t\t\t\t\t\t\t\t\t\t\t<figure class=\"wp-caption\">\n\t\t\t\t\t\t\t\t\t\t<img decoding=\"async\" width=\"768\" height=\"1024\" src=\"https:\/\/soymigrante.com\/revista\/wp-content\/uploads\/2025\/03\/Carlos-Cano7-768x1024.jpg\" class=\"attachment-large size-large wp-image-27722\" alt=\"SoyMigrante.com REVISTA: Fotograf\u00eda de dos hombres en ceremonia acad\u00e9mica con toga y birrete en la calle, rodeados de otros graduados y arte urbano en el fondo.\" srcset=\"https:\/\/soymigrante.com\/revista\/wp-content\/uploads\/2025\/03\/Carlos-Cano7-768x1024.jpg 768w, https:\/\/soymigrante.com\/revista\/wp-content\/uploads\/2025\/03\/Carlos-Cano7-225x300.jpg 225w, https:\/\/soymigrante.com\/revista\/wp-content\/uploads\/2025\/03\/Carlos-Cano7-1152x1536.jpg 1152w, https:\/\/soymigrante.com\/revista\/wp-content\/uploads\/2025\/03\/Carlos-Cano7-1536x2048.jpg 1536w, https:\/\/soymigrante.com\/revista\/wp-content\/uploads\/2025\/03\/Carlos-Cano7-750x1000.webp 750w, https:\/\/soymigrante.com\/revista\/wp-content\/uploads\/2025\/03\/Carlos-Cano7-1140x1520.webp 1140w, https:\/\/soymigrante.com\/revista\/wp-content\/uploads\/2025\/03\/Carlos-Cano7-scaled.webp 1440w\" sizes=\"(max-width: 768px) 100vw, 768px\" title=\"Carlos Cano7 \u2013 SoyMigrante.com REVISTA\" \/>\t\t\t\t\t\t\t\t\t\t\t<figcaption class=\"widget-image-caption wp-caption-text\">Hombres en toga y birrete durante una ceremonia acad\u00e9mica en la calle, rodeados de otros graduados y arte callejero, reflejando la importancia de la educaci\u00f3n y la comunidad migrante en M\u00e9xico.<\/figcaption>\n\t\t\t\t\t\t\t\t\t\t<\/figure>\n\t\t\t\t\t\t\t\t\t<\/div>\n\t\t\t\t\t<\/div>\n\t\t\t\t<\/div>\n\t\t<div data-particle_enable=\"false\" data-particle-mobile-disabled=\"false\" class=\"elementor-element elementor-element-074e0a4 e-flex e-con-boxed e-con e-parent\" data-id=\"074e0a4\" data-element_type=\"container\" data-e-type=\"container\">\n\t\t\t\t\t<div class=\"e-con-inner\">\n\t\t\t\t<div class=\"elementor-element elementor-element-b2652d2 elementor-widget elementor-widget-text-editor\" data-id=\"b2652d2\" data-element_type=\"widget\" data-e-type=\"widget\" data-widget_type=\"text-editor.default\">\n\t\t\t\t\t\t\t\t\t<div>Desde entonces, ha cargado en varias iglesias emblem\u00e1ticas de la Semana Santa en la Ciudad de Guatemala, entre ellas:<\/div><div><strong>\u2022San Jos\u00e9<\/strong><\/div><div><strong>\u2022La Merced<\/strong><\/div><div><strong>\u2022Santo Domingo<\/strong><\/div><div><strong>\u2022Candelaria<\/strong><\/div><div>\u00a0<\/div><div>Para Cano, <a href=\"https:\/\/soymigrante.com\/revista\/semana-santa-guatemalteca-sin-fronteras-cruza-el-mar\/\" target=\"_blank\" rel=\"noopener\">vestir el uniforme de cucurucho es un honor y una tradici\u00f3n que respeta profundamente.\u00a0<\/a><\/div><div>\u00a0<\/div><div>Lo considera el atuendo adecuado para llevar en hombros a Jes\u00fas y cumplir su promesa de fe. Adem\u00e1s de cargar, tambi\u00e9n camina junto a las andas, asegurando que las calles se llenen de la tradici\u00f3n que tanto ama.<\/div>\t\t\t\t\t\t\t\t<\/div>\n\t\t\t\t\t<\/div>\n\t\t\t\t<\/div>\n\t\t<div data-particle_enable=\"false\" data-particle-mobile-disabled=\"false\" class=\"elementor-element elementor-element-124e963 e-flex e-con-boxed e-con e-parent\" data-id=\"124e963\" data-element_type=\"container\" data-e-type=\"container\">\n\t\t\t\t\t<div class=\"e-con-inner\">\n\t\t\t\t<div class=\"elementor-element elementor-element-a488855 elementor-widget elementor-widget-image\" data-id=\"a488855\" data-element_type=\"widget\" data-e-type=\"widget\" data-widget_type=\"image.default\">\n\t\t\t\t\t\t\t\t\t\t\t\t<figure class=\"wp-caption\">\n\t\t\t\t\t\t\t\t\t\t<img loading=\"lazy\" decoding=\"async\" width=\"611\" height=\"933\" src=\"https:\/\/soymigrante.com\/revista\/wp-content\/uploads\/2025\/03\/Carlos-Cano4.webp\" class=\"attachment-large size-large wp-image-27720\" alt=\"Vestimenta tradicional mexicana en celebraci\u00f3n cultural, hombres con trajes t\u00edpicos de colores vivos, en un evento nocturno, resaltando la importancia de la identidad y las tradiciones mexicanas en la comunidad.\" srcset=\"https:\/\/soymigrante.com\/revista\/wp-content\/uploads\/2025\/03\/Carlos-Cano4.webp 611w, https:\/\/soymigrante.com\/revista\/wp-content\/uploads\/2025\/03\/Carlos-Cano4-196x300.jpg 196w\" sizes=\"(max-width: 611px) 100vw, 611px\" title=\"Carlos Cano4 \u2013 SoyMigrante.com REVISTA\" \/>\t\t\t\t\t\t\t\t\t\t\t<figcaption class=\"widget-image-caption wp-caption-text\">Personas con trajes tradicionales mexicanos en evento cultural nocturno, resaltando el orgullo de las tradiciones mexicanas y la identidad cultural en una celebraci\u00f3n festiva.<\/figcaption>\n\t\t\t\t\t\t\t\t\t\t<\/figure>\n\t\t\t\t\t\t\t\t\t<\/div>\n\t\t\t\t\t<\/div>\n\t\t\t\t<\/div>\n\t\t<div data-particle_enable=\"false\" data-particle-mobile-disabled=\"false\" class=\"elementor-element elementor-element-4e29cc2 e-flex e-con-boxed e-con e-parent\" data-id=\"4e29cc2\" data-element_type=\"container\" data-e-type=\"container\">\n\t\t\t\t\t<div class=\"e-con-inner\">\n\t\t\t\t<div class=\"elementor-element elementor-element-456de5e elementor-widget elementor-widget-heading\" data-id=\"456de5e\" data-element_type=\"widget\" data-e-type=\"widget\" data-widget_type=\"heading.default\">\n\t\t\t\t\t<h3 class=\"elementor-heading-title elementor-size-default\">El esfuerzo por mantener viva su devoci\u00f3n<\/h3>\t\t\t\t<\/div>\n\t\t\t\t\t<\/div>\n\t\t\t\t<\/div>\n\t\t<div data-particle_enable=\"false\" data-particle-mobile-disabled=\"false\" class=\"elementor-element elementor-element-8ca9ea8 e-flex e-con-boxed e-con e-parent\" data-id=\"8ca9ea8\" data-element_type=\"container\" data-e-type=\"container\">\n\t\t\t\t\t<div class=\"e-con-inner\">\n\t\t\t\t<div class=\"elementor-element elementor-element-07ecdd1 elementor-widget elementor-widget-text-editor\" data-id=\"07ecdd1\" data-element_type=\"widget\" data-e-type=\"widget\" data-widget_type=\"text-editor.default\">\n\t\t\t\t\t\t\t\t\t<p>Cada a\u00f1o, Cano llega a Guatemala el Viernes de Dolores y regresa a Estados Unidos el Lunes de Pascua, enfocando su visita \u00fanicamente en participar en las procesiones. No sale de la ciudad, pues su \u00fanico prop\u00f3sito es estar presente en las actividades religiosas.<\/p><p><a href=\"https:\/\/soymigrante.com\/revista\/semana-santa-guatemalteca-sin-fronteras-cruza-el-mar\/\" target=\"_blank\" rel=\"noopener\">A pesar de la distancia, organiza con anticipaci\u00f3n sus turnos para la Semana Santa del 2025<\/a>, con el apoyo de amigos que le ayudan a conseguirlos. Sin embargo, ha expresado su molestia porque algunas hermandades no consideran la situaci\u00f3n de los migrantes guatemaltecos, poniendo obst\u00e1culos para que puedan cargar debido a que no residen en el pa\u00eds.<\/p>\t\t\t\t\t\t\t\t<\/div>\n\t\t\t\t\t<\/div>\n\t\t\t\t<\/div>\n\t\t<div data-particle_enable=\"false\" data-particle-mobile-disabled=\"false\" class=\"elementor-element elementor-element-c7cb08c e-flex e-con-boxed e-con e-parent\" data-id=\"c7cb08c\" data-element_type=\"container\" data-e-type=\"container\">\n\t\t\t\t\t<div class=\"e-con-inner\">\n\t\t\t\t<div class=\"elementor-element elementor-element-4a95e47 elementor-invisible elementor-widget elementor-widget-testimonial\" data-id=\"4a95e47\" data-element_type=\"widget\" data-e-type=\"widget\" data-settings=\"{&quot;_animation&quot;:&quot;rotateInUpRight&quot;}\" data-widget_type=\"testimonial.default\">\n\t\t\t\t\t\t\t<div class=\"elementor-testimonial-wrapper\">\n\t\t\t\t\t\t\t<div class=\"elementor-testimonial-content\">\u201cEl mayor orgullo que tengo es vestir el uniforme de Guatemala y representarlo, pero mi mayor dicha es portar el uniforme de cucurucho\u201d.\n<\/div>\n\t\t\t\n\t\t\t\t\t\t<div class=\"elementor-testimonial-meta elementor-has-image elementor-testimonial-image-position-aside\">\n\t\t\t\t<div class=\"elementor-testimonial-meta-inner\">\n\t\t\t\t\t\t\t\t\t\t\t<div class=\"elementor-testimonial-image\">\n\t\t\t\t\t\t\t<img loading=\"lazy\" decoding=\"async\" width=\"960\" height=\"720\" src=\"https:\/\/soymigrante.com\/revista\/wp-content\/uploads\/2025\/03\/Carlos-Cano1.webp\" class=\"attachment-full size-full wp-image-27715\" alt=\"Diverso grupo de migrantes participando en acto cultural con disfraces y sombreros morados, en el contexto de la revista SoyMigrante.com REVISTA sobre migraci\u00f3n y comunidad.\" title=\"Carlos Cano1 \u2013 SoyMigrante.com REVISTA\" srcset=\"https:\/\/soymigrante.com\/revista\/wp-content\/uploads\/2025\/03\/Carlos-Cano1.webp 960w, https:\/\/soymigrante.com\/revista\/wp-content\/uploads\/2025\/03\/Carlos-Cano1-300x225.jpg 300w, https:\/\/soymigrante.com\/revista\/wp-content\/uploads\/2025\/03\/Carlos-Cano1-768x576.jpg 768w, https:\/\/soymigrante.com\/revista\/wp-content\/uploads\/2025\/03\/Carlos-Cano1-750x563.webp 750w\" sizes=\"(max-width: 960px) 100vw, 960px\" \/>\t\t\t\t\t\t<\/div>\n\t\t\t\t\t\n\t\t\t\t\t\t\t\t\t\t<div class=\"elementor-testimonial-details\">\n\t\t\t\t\t\t\t\t\t\t\t\t\t\t<div class=\"elementor-testimonial-name\">Carlos Cano<\/div>\n\t\t\t\t\t\t\t\t\t\t\t\t\t\t\t\t\t\t\t\t\t\t<div class=\"elementor-testimonial-job\">Ex deportista y devoto<\/div>\n\t\t\t\t\t\t\t\t\t\t\t\t\t<\/div>\n\t\t\t\t\t\t\t\t\t<\/div>\n\t\t\t<\/div>\n\t\t\t\t\t<\/div>\n\t\t\t\t\t\t<\/div>\n\t\t\t\t\t<\/div>\n\t\t\t\t<\/div>\n\t\t<div data-particle_enable=\"false\" data-particle-mobile-disabled=\"false\" class=\"elementor-element elementor-element-acc45c0 e-flex e-con-boxed e-con e-parent\" data-id=\"acc45c0\" data-element_type=\"container\" data-e-type=\"container\">\n\t\t\t\t\t<div class=\"e-con-inner\">\n\t\t\t\t<div class=\"elementor-element elementor-element-aa94358 elementor-widget elementor-widget-heading\" data-id=\"aa94358\" data-element_type=\"widget\" data-e-type=\"widget\" data-widget_type=\"heading.default\">\n\t\t\t\t\t<h3 class=\"elementor-heading-title elementor-size-default\">Una tradici\u00f3n que se comparte en familia<\/h3>\t\t\t\t<\/div>\n\t\t\t\t\t<\/div>\n\t\t\t\t<\/div>\n\t\t<div data-particle_enable=\"false\" data-particle-mobile-disabled=\"false\" class=\"elementor-element elementor-element-d71cd76 e-flex e-con-boxed e-con e-parent\" data-id=\"d71cd76\" data-element_type=\"container\" data-e-type=\"container\">\n\t\t\t\t\t<div class=\"e-con-inner\">\n\t\t\t\t<div class=\"elementor-element elementor-element-e2ac7de elementor-widget elementor-widget-text-editor\" data-id=\"e2ac7de\" data-element_type=\"widget\" data-e-type=\"widget\" data-widget_type=\"text-editor.default\">\n\t\t\t\t\t\t\t\t\t<p>Durante su estad\u00eda en Guatemala, se hospeda en casa de amigos, familiares o busca un lugar donde quedarse, ya que para \u00e9l lo m\u00e1s importante es vivir la Semana Santa en su pa\u00eds. Adem\u00e1s, en los \u00faltimos a\u00f1os, ha sido acompa\u00f1ado por su esposa, con quien comparte la experiencia de las procesiones.<\/p><p>Carlos Cano no carga por pertenecer a una hermandad o por obligaci\u00f3n,<a href=\"https:\/\/soymigrante.com\/revista\/semana-santa-guatemalteca-sin-fronteras-cruza-el-mar\/\" target=\"_blank\" rel=\"noopener\"> sino porque es la manera en la que honra las ense\u00f1anzas de sus padres y mantiene vivo el amor y la disciplina que le inculcaron en su hogar.<\/a><\/p>\t\t\t\t\t\t\t\t<\/div>\n\t\t\t\t\t<\/div>\n\t\t\t\t<\/div>\n\t\t<div data-particle_enable=\"false\" data-particle-mobile-disabled=\"false\" class=\"elementor-element elementor-element-043a8c6 e-flex e-con-boxed e-con e-parent\" data-id=\"043a8c6\" data-element_type=\"container\" data-e-type=\"container\">\n\t\t\t\t\t<div class=\"e-con-inner\">\n\t\t\t\t<div class=\"elementor-element elementor-element-9c573dc elementor-invisible elementor-widget elementor-widget-testimonial\" data-id=\"9c573dc\" data-element_type=\"widget\" data-e-type=\"widget\" data-settings=\"{&quot;_animation&quot;:&quot;rotateInUpRight&quot;}\" data-widget_type=\"testimonial.default\">\n\t\t\t\t\t\t\t<div class=\"elementor-testimonial-wrapper\">\n\t\t\t\t\t\t\t<div class=\"elementor-testimonial-content\">\u201cLos valores y las tradiciones de Guatemala se han ido perdiendo con el tiempo, pero yo sigo firme en lo que me ense\u00f1aron mis padres\u201d\n<\/div>\n\t\t\t\n\t\t\t\t\t\t<div class=\"elementor-testimonial-meta elementor-has-image elementor-testimonial-image-position-aside\">\n\t\t\t\t<div class=\"elementor-testimonial-meta-inner\">\n\t\t\t\t\t\t\t\t\t\t\t<div class=\"elementor-testimonial-image\">\n\t\t\t\t\t\t\t<img loading=\"lazy\" decoding=\"async\" width=\"960\" height=\"720\" src=\"https:\/\/soymigrante.com\/revista\/wp-content\/uploads\/2025\/03\/Carlos-Cano1.webp\" class=\"attachment-full size-full wp-image-27715\" alt=\"Diverso grupo de migrantes participando en acto cultural con disfraces y sombreros morados, en el contexto de la revista SoyMigrante.com REVISTA sobre migraci\u00f3n y comunidad.\" title=\"Carlos Cano1 \u2013 SoyMigrante.com REVISTA\" srcset=\"https:\/\/soymigrante.com\/revista\/wp-content\/uploads\/2025\/03\/Carlos-Cano1.webp 960w, https:\/\/soymigrante.com\/revista\/wp-content\/uploads\/2025\/03\/Carlos-Cano1-300x225.jpg 300w, https:\/\/soymigrante.com\/revista\/wp-content\/uploads\/2025\/03\/Carlos-Cano1-768x576.jpg 768w, https:\/\/soymigrante.com\/revista\/wp-content\/uploads\/2025\/03\/Carlos-Cano1-750x563.webp 750w\" sizes=\"(max-width: 960px) 100vw, 960px\" \/>\t\t\t\t\t\t<\/div>\n\t\t\t\t\t\n\t\t\t\t\t\t\t\t\t\t<div class=\"elementor-testimonial-details\">\n\t\t\t\t\t\t\t\t\t\t\t\t\t\t<div class=\"elementor-testimonial-name\">Norma Pineda<\/div>\n\t\t\t\t\t\t\t\t\t\t\t\t\t\t\t\t\t\t\t\t\t\t<div class=\"elementor-testimonial-job\">Ex deportista y devoto<\/div>\n\t\t\t\t\t\t\t\t\t\t\t\t\t<\/div>\n\t\t\t\t\t\t\t\t\t<\/div>\n\t\t\t<\/div>\n\t\t\t\t\t<\/div>\n\t\t\t\t\t\t<\/div>\n\t\t\t\t\t<\/div>\n\t\t\t\t<\/div>\n\t\t<div data-particle_enable=\"false\" data-particle-mobile-disabled=\"false\" class=\"elementor-element elementor-element-abf858b e-flex e-con-boxed e-con e-parent\" data-id=\"abf858b\" data-element_type=\"container\" data-e-type=\"container\">\n\t\t\t\t\t<div class=\"e-con-inner\">\n\t\t\t\t<div class=\"elementor-element elementor-element-5e60c85 elementor-widget elementor-widget-text-editor\" data-id=\"5e60c85\" data-element_type=\"widget\" data-e-type=\"widget\" data-widget_type=\"text-editor.default\">\n\t\t\t\t\t\t\t\t\t<p>Para \u00e9l, las procesiones son m\u00e1s que una manifestaci\u00f3n religiosa: <a href=\"https:\/\/soymigrante.com\/revista\/semana-santa-guatemalteca-sin-fronteras-cruza-el-mar\/\" target=\"_blank\" rel=\"noopener\">representan el amor por su pa\u00eds, su fe y su compromiso con las ra\u00edces que nunca ha dejado atr\u00e1s.<\/a><\/p>\t\t\t\t\t\t\t\t<\/div>\n\t\t\t\t\t<\/div>\n\t\t\t\t<\/div>\n\t\t<div data-particle_enable=\"false\" data-particle-mobile-disabled=\"false\" class=\"elementor-element elementor-element-42461bb e-flex e-con-boxed e-con e-parent\" data-id=\"42461bb\" data-element_type=\"container\" data-e-type=\"container\">\n\t\t\t\t\t<div class=\"e-con-inner\">\n\t\t\t\t<div class=\"elementor-element elementor-element-3bd7ff4 elementor-widget elementor-widget-image\" data-id=\"3bd7ff4\" data-element_type=\"widget\" data-e-type=\"widget\" data-widget_type=\"image.default\">\n\t\t\t\t\t\t\t\t\t\t\t\t<figure class=\"wp-caption\">\n\t\t\t\t\t\t\t\t\t\t<img loading=\"lazy\" decoding=\"async\" width=\"206\" height=\"352\" src=\"https:\/\/soymigrante.com\/revista\/wp-content\/uploads\/2025\/03\/Carlos-Cano5.webp\" class=\"attachment-large size-large wp-image-27721\" alt=\"Ni\u00f1o y adulto en uniforme de revista SoyMigrante.com en una ceremonia, ambos con disfraces morados y blancos, participando en un evento cultural y comunitario.\" srcset=\"https:\/\/soymigrante.com\/revista\/wp-content\/uploads\/2025\/03\/Carlos-Cano5.webp 206w, https:\/\/soymigrante.com\/revista\/wp-content\/uploads\/2025\/03\/Carlos-Cano5-176x300.jpg 176w\" sizes=\"(max-width: 206px) 100vw, 206px\" title=\"Carlos Cano5 \u2013 SoyMigrante.com REVISTA\" \/>\t\t\t\t\t\t\t\t\t\t\t<figcaption class=\"widget-image-caption wp-caption-text\">Ni\u00f1o y adulto disfrazados en una ceremonia cultural de SoyMigrante.com, vestidos con trajes morados y blancos, participando en actividades tradicionales y festivas para fortalecer v\u00ednculos comunitarios.<\/figcaption>\n\t\t\t\t\t\t\t\t\t\t<\/figure>\n\t\t\t\t\t\t\t\t\t<\/div>\n\t\t\t\t\t<\/div>\n\t\t\t\t<\/div>\n\t\t<div data-particle_enable=\"false\" data-particle-mobile-disabled=\"false\" class=\"elementor-element elementor-element-0195b75 e-flex e-con-boxed e-con e-parent\" data-id=\"0195b75\" data-element_type=\"container\" data-e-type=\"container\">\n\t\t\t\t\t<div class=\"e-con-inner\">\n\t\t\t\t<div class=\"elementor-element elementor-element-e89c929 elementor-widget elementor-widget-heading\" data-id=\"e89c929\" data-element_type=\"widget\" data-e-type=\"widget\" data-widget_type=\"heading.default\">\n\t\t\t\t\t<h2 class=\"elementor-heading-title elementor-size-default\">Fe y devoci\u00f3n migrante en Estados Unidos<\/h2>\t\t\t\t<\/div>\n\t\t\t\t\t<\/div>\n\t\t\t\t<\/div>\n\t\t<div data-particle_enable=\"false\" data-particle-mobile-disabled=\"false\" class=\"elementor-element elementor-element-6487faa e-flex e-con-boxed e-con e-parent\" data-id=\"6487faa\" data-element_type=\"container\" data-e-type=\"container\">\n\t\t\t\t\t<div class=\"e-con-inner\">\n\t\t\t\t<div class=\"elementor-element elementor-element-0596502 elementor-grid-eael-col-3 elementor-grid-tablet-eael-col-2 elementor-grid-mobile-eael-col-1 elementor-widget elementor-widget-eael-post-grid\" data-id=\"0596502\" data-element_type=\"widget\" data-e-type=\"widget\" data-settings=\"{&quot;eael_post_grid_columns&quot;:&quot;eael-col-3&quot;,&quot;eael_post_grid_columns_tablet&quot;:&quot;eael-col-2&quot;,&quot;eael_post_grid_columns_mobile&quot;:&quot;eael-col-1&quot;}\" data-widget_type=\"eael-post-grid.default\">\n\t\t\t\t\t<div id=\"eael-post-grid-0596502\" class=\"eael-post-grid-container\">\n            <div class=\"eael-post-grid eael-post-appender eael-post-appender-0596502 eael-post-grid-style-one\" data-layout-mode=\"masonry\"><article class=\"eael-grid-post  eael-post-grid-column eael-pg-post-601 category-estamos-unidos\" data-id=\"601\">\n        <div class=\"eael-grid-post-holder\">\n            <div class=\"eael-grid-post-holder-inner\"><div class=\"eael-entry-media\"><div class=\"eael-entry-overlay fade-in\"><i class=\"far fa-hand-pointer\" aria-hidden=\"true\"><\/i><a href=\"https:\/\/soymigrante.com\/revista\/2-estamos-unidos-nazareno-de-candelaria\/\"><\/a><\/div><div class=\"eael-entry-thumbnail \">\n                <img loading=\"lazy\" decoding=\"async\" width=\"873\" height=\"873\" src=\"https:\/\/soymigrante.com\/revista\/wp-content\/uploads\/2023\/05\/procesion-nazareno-de-candelaria-en-los-angeles.webp\" class=\"attachment-large size-large wp-image-28678\" alt=\"Camino de Semana Santa con procesi\u00f3n religiosa en M\u00e9xico con pasos, pasos religiosos, devoci\u00f3n y tradici\u00f3n cat\u00f3lica.\" srcset=\"https:\/\/soymigrante.com\/revista\/wp-content\/uploads\/2023\/05\/procesion-nazareno-de-candelaria-en-los-angeles.webp 873w, https:\/\/soymigrante.com\/revista\/wp-content\/uploads\/2023\/05\/procesion-nazareno-de-candelaria-en-los-angeles-300x300.jpg 300w, https:\/\/soymigrante.com\/revista\/wp-content\/uploads\/2023\/05\/procesion-nazareno-de-candelaria-en-los-angeles-150x150.jpg 150w, https:\/\/soymigrante.com\/revista\/wp-content\/uploads\/2023\/05\/procesion-nazareno-de-candelaria-en-los-angeles-768x768.jpg 768w, https:\/\/soymigrante.com\/revista\/wp-content\/uploads\/2023\/05\/procesion-nazareno-de-candelaria-en-los-angeles-75x75.webp 75w, https:\/\/soymigrante.com\/revista\/wp-content\/uploads\/2023\/05\/procesion-nazareno-de-candelaria-en-los-angeles-750x750.webp 750w\" sizes=\"(max-width: 873px) 100vw, 873px\" \/>\n            <\/div>\n        <\/div><div class=\"eael-entry-wrapper\"><header class=\"eael-entry-header\"><h2 class=\"eael-entry-title\"><a class=\"eael-grid-post-link\" href=\"https:\/\/soymigrante.com\/revista\/2-estamos-unidos-nazareno-de-candelaria\/\" title=\"Nazareno migrante de Candelaria saldr\u00e1 en procesi\u00f3n en Los Angeles\">Nazareno migrante de Candelaria saldr\u00e1 en procesi\u00f3n en Los Angeles<\/a><\/h2><\/header><div class=\"eael-entry-content\">\n                        <div class=\"eael-grid-post-excerpt\"><a href=\"https:\/\/soymigrante.com\/revista\/2-estamos-unidos-nazareno-de-candelaria\/\" class=\"eael-post-elements-readmore-btn\">CONOCE SU HISTORIA <\/a><\/div>\n                    <\/div><\/div><\/div>\n        <\/div>\n    <\/article><article class=\"eael-grid-post  eael-post-grid-column eael-pg-post-4383 category-estamos-unidos\" data-id=\"4383\">\n        <div class=\"eael-grid-post-holder\">\n            <div class=\"eael-grid-post-holder-inner\"><div class=\"eael-entry-media\"><div class=\"eael-entry-overlay fade-in\"><i class=\"far fa-hand-pointer\" aria-hidden=\"true\"><\/i><a href=\"https:\/\/soymigrante.com\/revista\/parroquias-estados-unidos-festejan-dia-del-cristo-de-esquipulas\/\"><\/a><\/div><div class=\"eael-entry-thumbnail \">\n                <img loading=\"lazy\" decoding=\"async\" width=\"720\" height=\"720\" src=\"https:\/\/soymigrante.com\/revista\/wp-content\/uploads\/2025\/01\/santo-cristo-esquipulas-en-hawthorne-California.webp\" class=\"attachment-large size-large wp-image-20377\" alt=\"Cristo crucificado en exhibici\u00f3n en un museo con visitantes, representaci\u00f3n religiosa, arte sacro, cultura mexicana, historia religiosa, turismo espiritual, celebrar tradiciones, patrimonio cultural, arte religioso, comunidad cat\u00f3lica.\" srcset=\"https:\/\/soymigrante.com\/revista\/wp-content\/uploads\/2025\/01\/santo-cristo-esquipulas-en-hawthorne-California.webp 720w, https:\/\/soymigrante.com\/revista\/wp-content\/uploads\/2025\/01\/santo-cristo-esquipulas-en-hawthorne-California-300x300.jpg 300w, https:\/\/soymigrante.com\/revista\/wp-content\/uploads\/2025\/01\/santo-cristo-esquipulas-en-hawthorne-California-150x150.jpg 150w, https:\/\/soymigrante.com\/revista\/wp-content\/uploads\/2025\/01\/santo-cristo-esquipulas-en-hawthorne-California-75x75.webp 75w\" sizes=\"(max-width: 720px) 100vw, 720px\" \/>\n            <\/div>\n        <\/div><div class=\"eael-entry-wrapper\"><header class=\"eael-entry-header\"><h2 class=\"eael-entry-title\"><a class=\"eael-grid-post-link\" href=\"https:\/\/soymigrante.com\/revista\/parroquias-estados-unidos-festejan-dia-del-cristo-de-esquipulas\/\" title=\"\u00bfEn qu\u00e9 iglesias de USA se venera al Cristo de Esquipulas? Listado y ubicaci\u00f3n\">\u00bfEn qu\u00e9 iglesias de USA se venera al Cristo de Esquipulas? Listado y ubicaci\u00f3n<\/a><\/h2><\/header><div class=\"eael-entry-content\">\n                        <div class=\"eael-grid-post-excerpt\"><a href=\"https:\/\/soymigrante.com\/revista\/parroquias-estados-unidos-festejan-dia-del-cristo-de-esquipulas\/\" class=\"eael-post-elements-readmore-btn\">CONOCE SU HISTORIA <\/a><\/div>\n                    <\/div><\/div><\/div>\n        <\/div>\n    <\/article><article class=\"eael-grid-post  eael-post-grid-column eael-pg-post-19227 category-estamos-unidos\" data-id=\"19227\">\n        <div class=\"eael-grid-post-holder\">\n            <div class=\"eael-grid-post-holder-inner\"><div class=\"eael-entry-media\"><div class=\"eael-entry-overlay fade-in\"><i class=\"far fa-hand-pointer\" aria-hidden=\"true\"><\/i><a href=\"https:\/\/soymigrante.com\/revista\/cristo-mojado-de-esquipulas-los-angeles\/\"><\/a><\/div><div class=\"eael-entry-thumbnail \">\n                <img loading=\"lazy\" decoding=\"async\" width=\"586\" height=\"586\" src=\"https:\/\/soymigrante.com\/revista\/wp-content\/uploads\/2025\/01\/cristo-mojado-los-angeles-12.webp\" class=\"attachment-large size-large wp-image-19228\" alt=\"Procesi\u00f3n de Semana Santa en una iglesia hist\u00f3rica con fieles participando y portando pasos religiosos en la ciudad.\" srcset=\"https:\/\/soymigrante.com\/revista\/wp-content\/uploads\/2025\/01\/cristo-mojado-los-angeles-12.webp 586w, https:\/\/soymigrante.com\/revista\/wp-content\/uploads\/2025\/01\/cristo-mojado-los-angeles-12-300x300.jpg 300w, https:\/\/soymigrante.com\/revista\/wp-content\/uploads\/2025\/01\/cristo-mojado-los-angeles-12-150x150.jpg 150w, https:\/\/soymigrante.com\/revista\/wp-content\/uploads\/2025\/01\/cristo-mojado-los-angeles-12-75x75.webp 75w\" sizes=\"(max-width: 586px) 100vw, 586px\" \/>\n            <\/div>\n        <\/div><div class=\"eael-entry-wrapper\"><header class=\"eael-entry-header\"><h2 class=\"eael-entry-title\"><a class=\"eael-grid-post-link\" href=\"https:\/\/soymigrante.com\/revista\/cristo-mojado-de-esquipulas-los-angeles\/\" title=\"Cristo Mojado de Esquipulas es venerado en Los Angeles y cruz\u00f3 la frontera en 2003\">Cristo Mojado de Esquipulas es venerado en Los Angeles y cruz\u00f3 la frontera en 2003<\/a><\/h2><\/header><div class=\"eael-entry-content\">\n                        <div class=\"eael-grid-post-excerpt\"><a href=\"https:\/\/soymigrante.com\/revista\/cristo-mojado-de-esquipulas-los-angeles\/\" class=\"eael-post-elements-readmore-btn\">CONOCE SU HISTORIA <\/a><\/div>\n                    <\/div><\/div><\/div>\n        <\/div>\n    <\/article><\/div>\n            <div class=\"clearfix\"><\/div>\n        <\/div>\t\t\t\t<\/div>\n\t\t\t\t\t<\/div>\n\t\t\t\t<\/div>\n\t\t\t\t<\/div>\n\t\t","protected":false},"excerpt":{"rendered":"<p>El migrante guatemalteco Carlos Cano reside en Estados Unidos, pero nunca falta a la cita con las procesiones de la Semana Santa Guatemalteca que marcaron su fe desde ni\u00f1o. Carlos Cano es reconocido en Guatemala por su trayectoria en el s\u00f3ftbol, deporte en el que ha alcanzado un lugar en el Sal\u00f3n de la Fama. [&hellip;]<\/p>\n","protected":false},"author":19,"featured_media":27998,"comment_status":"open","ping_status":"open","sticky":false,"template":"","format":"standard","meta":{"_acf_changed":false,"_eb_attr":"","footnotes":""},"categories":[58],"tags":[],"class_list":["post-27712","post","type-post","status-publish","format-standard","has-post-thumbnail","hentry","category-guate-nuestra"],"acf":[],"aioseo_notices":[],"aioseo_head":"\n\t\t<!-- All in One SEO Pro 4.9.6.2 - aioseo.com -->\n\t<meta name=\"description\" content=\"R\u00e9plica del Cristo de Esquipulas cruz\u00f3 la frontera de EE.UU. indocumentado. MIgrantes de Guatemala y otros pa\u00edses van a venerarlo a la iglesia Santa Cecilia L.A.\" \/>\n\t<meta name=\"robots\" content=\"max-snippet:-1, max-image-preview:large, max-video-preview:-1\" \/>\n\t<meta name=\"author\" content=\"Gustavo Montenegro\"\/>\n\t<link rel=\"canonical\" href=\"https:\/\/soymigrante.com\/revista\/cristo-mojado-de-esquipulas-los-angeles\/\" \/>\n\t<meta name=\"generator\" content=\"All in One SEO Pro (AIOSEO) 4.9.6.2\" \/>\n\n\t\t<link rel=\"preconnect\" href=\"https:\/\/fonts.googleapis.com\" crossorigin>\n<link rel=\"preconnect\" href=\"https:\/\/fonts.gstatic.com\" crossorigin>\n\t\t<meta property=\"og:locale\" content=\"es_ES\" \/>\n\t\t<meta property=\"og:site_name\" content=\"SoyMigrante.com REVISTA \u2013 Nuestra misi\u00f3n es reconocer y dignificar al migrante.\" \/>\n\t\t<meta property=\"og:type\" content=\"article\" \/>\n\t\t<meta property=\"og:title\" content=\"Migrantes veneran al Cristo Mojado de Esquipulas en Los Angeles\" \/>\n\t\t<meta property=\"og:description\" content=\"R\u00e9plica del Cristo de Esquipulas cruz\u00f3 la frontera de EE.UU. indocumentado. MIgrantes de Guatemala y otros pa\u00edses van a venerarlo a la iglesia Santa Cecilia L.A.\" \/>\n\t\t<meta property=\"og:url\" content=\"https:\/\/soymigrante.com\/revista\/cristo-mojado-de-esquipulas-los-angeles\/\" \/>\n\t\t<meta property=\"og:image\" content=\"https:\/\/soymigrante.com\/revista\/wp-content\/uploads\/2025\/01\/cristo-mojado-los-angeles-12.webp\" \/>\n\t\t<meta property=\"og:image:secure_url\" content=\"https:\/\/soymigrante.com\/revista\/wp-content\/uploads\/2025\/01\/cristo-mojado-los-angeles-12.webp\" \/>\n\t\t<meta property=\"og:image:width\" content=\"586\" \/>\n\t\t<meta property=\"og:image:height\" content=\"586\" \/>\n\t\t<meta property=\"article:published_time\" content=\"2025-01-05T14:27:00+00:00\" \/>\n\t\t<meta property=\"article:modified_time\" content=\"2026-01-05T19:12:00+00:00\" \/>\n\t\t<meta property=\"article:publisher\" content=\"https:\/\/www.facebook.com\/soymigrantecom\" \/>\n\t\t<meta name=\"twitter:card\" content=\"summary_large_image\" \/>\n\t\t<meta name=\"twitter:site\" content=\"@SoyMigrante_com\" \/>\n\t\t<meta name=\"twitter:title\" content=\"Migrantes veneran al Cristo Mojado de Esquipulas en Los Angeles\" \/>\n\t\t<meta name=\"twitter:description\" content=\"R\u00e9plica del Cristo de Esquipulas cruz\u00f3 la frontera de EE.UU. indocumentado. MIgrantes de Guatemala y otros pa\u00edses van a venerarlo a la iglesia Santa Cecilia L.A.\" \/>\n\t\t<meta name=\"twitter:creator\" content=\"@SoyMigrante_com\" \/>\n\t\t<meta name=\"twitter:image\" content=\"https:\/\/soymigrante.com\/revista\/wp-content\/uploads\/2025\/01\/cristo-mojado-los-angeles-12.webp\" \/>\n\t\t<!-- All in One SEO Pro -->\r\n\t\t<title>Migrantes veneran al Cristo Mojado de Esquipulas en Los Angeles<\/title>\n\n","aioseo_head_json":{"title":"Migrantes veneran al Cristo Mojado de Esquipulas en Los Angeles","description":"R\u00e9plica del Cristo de Esquipulas cruz\u00f3 la frontera de EE.UU. indocumentado. MIgrantes de Guatemala y otros pa\u00edses van a venerarlo a la iglesia Santa Cecilia L.A.","canonical_url":"https:\/\/soymigrante.com\/revista\/cristo-mojado-de-esquipulas-los-angeles\/","robots":"max-snippet:-1, max-image-preview:large, max-video-preview:-1","keywords":"","webmasterTools":{"miscellaneous":"&lt;link rel=\"preconnect\" href=\"https:\/\/fonts.googleapis.com\" crossorigin&gt;\n&lt;link rel=\"preconnect\" href=\"https:\/\/fonts.gstatic.com\" crossorigin&gt;"},"schema":null,"og:locale":"es_ES","og:site_name":"SoyMigrante.com REVISTA \u2013 Nuestra misi\u00f3n es reconocer y dignificar al migrante.","og:type":"article","og:title":"Migrantes veneran al Cristo Mojado de Esquipulas en Los Angeles","og:description":"R\u00e9plica del Cristo de Esquipulas cruz\u00f3 la frontera de EE.UU. indocumentado. MIgrantes de Guatemala y otros pa\u00edses van a venerarlo a la iglesia Santa Cecilia L.A.","og:url":"https:\/\/soymigrante.com\/revista\/cristo-mojado-de-esquipulas-los-angeles\/","og:image":"https:\/\/soymigrante.com\/revista\/wp-content\/uploads\/2025\/01\/cristo-mojado-los-angeles-12.webp","og:image:secure_url":"https:\/\/soymigrante.com\/revista\/wp-content\/uploads\/2025\/01\/cristo-mojado-los-angeles-12.webp","og:image:width":586,"og:image:height":586,"article:published_time":"2025-01-05T14:27:00+00:00","article:modified_time":"2026-01-05T19:12:00+00:00","article:publisher":"https:\/\/www.facebook.com\/soymigrantecom","twitter:card":"summary_large_image","twitter:site":"@SoyMigrante_com","twitter:title":"Migrantes veneran al Cristo Mojado de Esquipulas en Los Angeles","twitter:description":"R\u00e9plica del Cristo de Esquipulas cruz\u00f3 la frontera de EE.UU. indocumentado. MIgrantes de Guatemala y otros pa\u00edses van a venerarlo a la iglesia Santa Cecilia L.A.","twitter:creator":"@SoyMigrante_com","twitter:image":"https:\/\/soymigrante.com\/revista\/wp-content\/uploads\/2025\/01\/cristo-mojado-los-angeles-12.webp"},"aioseo_meta_data":{"post_id":"27712","title":"Cucurucho migrante vuelve al Guatemala cada Semana Santa","description":"Sofbolista guatemalteco Carlos Cano, reside en EE.UU., pero nunca falta a las procesiones que marcaron su fe desde ni\u00f1o durante la Semana Santa en Guatemala","keywords":null,"keyphrases":{"focus":{"keyphrase":"Carlos Cano","score":82,"analysis":{"keyphraseInTitle":{"score":3,"maxScore":9,"error":1},"keyphraseInDescription":{"score":9,"maxScore":9,"error":0},"keyphraseLength":{"score":9,"maxScore":9,"error":0,"length":2},"keyphraseInURL":{"score":5,"maxScore":5,"error":0},"keyphraseInIntroduction":{"score":9,"maxScore":9,"error":0},"keyphraseInSubHeadings":{"score":3,"maxScore":9,"error":1},"keyphraseInImageAlt":{"score":9,"maxScore":9,"error":0},"keywordDensity":{"type":"best","score":9,"maxScore":9,"error":0}}},"additional":[{"keyphrase":"Carlos Cano","score":100,"analysis":{"keyphraseInDescription":{"score":9,"maxScore":9,"error":0},"keyphraseLength":{"score":9,"maxScore":9,"error":0,"length":2},"keyphraseInIntroduction":{"score":9,"maxScore":9,"error":0},"keyphraseInImageAlt":{"score":9,"maxScore":9,"error":0},"keywordDensity":{"type":"best","score":9,"maxScore":9,"error":0}}},{"keyphrase":"Semana Santa","score":100,"analysis":{"keyphraseInDescription":{"score":9,"maxScore":9,"error":0},"keyphraseLength":{"score":9,"maxScore":9,"error":0,"length":2},"keyphraseInIntroduction":{"score":9,"maxScore":9,"error":0},"keyphraseInImageAlt":{"score":9,"maxScore":9,"error":0},"keywordDensity":{"type":"best","score":9,"maxScore":9,"error":0}}},{"keyphrase":"Guatemala","score":100,"analysis":{"keyphraseInDescription":{"score":9,"maxScore":9,"error":0},"keyphraseLength":{"score":9,"maxScore":9,"error":0,"length":1},"keyphraseInIntroduction":{"score":9,"maxScore":9,"error":0},"keyphraseInImageAlt":{"score":9,"maxScore":9,"error":0},"keywordDensity":{"type":"best","score":9,"maxScore":9,"error":0}}},{"keyphrase":"Devoci\u00f3n","score":53,"analysis":{"keyphraseInDescription":{"score":3,"maxScore":9,"error":1},"keyphraseLength":{"score":9,"maxScore":9,"error":0,"length":2},"keyphraseInIntroduction":{"score":3,"maxScore":9,"error":1},"keyphraseInImageAlt":{"score":9,"maxScore":9,"error":0},"keywordDensity":{"score":0,"type":"low","maxScore":9,"error":1}}}]},"primary_term":null,"canonical_url":null,"og_title":null,"og_description":null,"og_object_type":"default","og_image_type":"default","og_image_url":null,"og_image_width":null,"og_image_height":null,"og_image_custom_url":null,"og_image_custom_fields":null,"og_video":"","og_custom_url":null,"og_article_section":null,"og_article_tags":null,"twitter_use_og":false,"twitter_card":"default","twitter_image_type":"default","twitter_image_url":null,"twitter_image_custom_url":null,"twitter_image_custom_fields":null,"twitter_title":null,"twitter_description":null,"schema":{"blockGraphs":[],"customGraphs":[],"default":{"data":{"Article":[],"Course":[],"Dataset":[],"FAQPage":[],"Movie":[],"Person":[],"Product":[],"ProductReview":[],"Car":[],"Recipe":[],"Service":[],"SoftwareApplication":[],"WebPage":[]},"graphName":"BlogPosting","isEnabled":true},"graphs":[]},"schema_type":"default","schema_type_options":null,"pillar_content":false,"robots_default":true,"robots_noindex":false,"robots_noarchive":false,"robots_nosnippet":false,"robots_nofollow":false,"robots_noimageindex":false,"robots_noodp":false,"robots_notranslate":false,"robots_max_snippet":"-1","robots_max_videopreview":"-1","robots_max_imagepreview":"large","priority":null,"frequency":"default","local_seo":null,"seo_analyzer_scan_date":"2025-10-09 03:21:10","breadcrumb_settings":null,"limit_modified_date":false,"reviewed_by":null,"open_ai":"{\"title\":{\"suggestions\":[],\"usage\":0},\"description\":{\"suggestions\":[],\"usage\":0}}","ai":null,"created":"2025-03-10 23:00:05","updated":"2026-02-04 22:09:37"},"aioseo_breadcrumb":"<div class=\"aioseo-breadcrumbs\"><span class=\"aioseo-breadcrumb\">\n\t<a href=\"https:\/\/soymigrante.com\/revista\" title=\"Home\">Home<\/a>\n<\/span><span class=\"aioseo-breadcrumb-separator\">\u00bb<\/span><span class=\"aioseo-breadcrumb\">\n\t<a href=\"https:\/\/soymigrante.com\/revista\/category\/guate-nuestra\/\" title=\"Guate Nuestra\">Guate Nuestra<\/a>\n<\/span><span class=\"aioseo-breadcrumb-separator\">\u00bb<\/span><span class=\"aioseo-breadcrumb\">\n\tFe migrante: Carlos Cano regresa cada a\u00f1o a vivir la devoci\u00f3n de Semana Santa en Guatemala\n<\/span><\/div>","aioseo_breadcrumb_json":[{"label":"Home","link":"https:\/\/soymigrante.com\/revista"},{"label":"Guate Nuestra","link":"https:\/\/soymigrante.com\/revista\/category\/guate-nuestra\/"},{"label":"Fe migrante: Carlos Cano regresa cada a\u00f1o a vivir la devoci\u00f3n de Semana Santa en Guatemala","link":"https:\/\/soymigrante.com\/revista\/fe-migrante-carlos-cano-regresa-cada-ano-a-vivir-la-devocion-de-semana-santa-en-guatemala\/"}],"_links":{"self":[{"href":"https:\/\/soymigrante.com\/revista\/wp-json\/wp\/v2\/posts\/27712","targetHints":{"allow":["GET"]}}],"collection":[{"href":"https:\/\/soymigrante.com\/revista\/wp-json\/wp\/v2\/posts"}],"about":[{"href":"https:\/\/soymigrante.com\/revista\/wp-json\/wp\/v2\/types\/post"}],"author":[{"embeddable":true,"href":"https:\/\/soymigrante.com\/revista\/wp-json\/wp\/v2\/users\/19"}],"replies":[{"embeddable":true,"href":"https:\/\/soymigrante.com\/revista\/wp-json\/wp\/v2\/comments?post=27712"}],"version-history":[{"count":2,"href":"https:\/\/soymigrante.com\/revista\/wp-json\/wp\/v2\/posts\/27712\/revisions"}],"predecessor-version":[{"id":31438,"href":"https:\/\/soymigrante.com\/revista\/wp-json\/wp\/v2\/posts\/27712\/revisions\/31438"}],"wp:featuredmedia":[{"embeddable":true,"href":"https:\/\/soymigrante.com\/revista\/wp-json\/wp\/v2\/media\/27998"}],"wp:attachment":[{"href":"https:\/\/soymigrante.com\/revista\/wp-json\/wp\/v2\/media?parent=27712"}],"wp:term":[{"taxonomy":"category","embeddable":true,"href":"https:\/\/soymigrante.com\/revista\/wp-json\/wp\/v2\/categories?post=27712"},{"taxonomy":"post_tag","embeddable":true,"href":"https:\/\/soymigrante.com\/revista\/wp-json\/wp\/v2\/tags?post=27712"}],"curies":[{"name":"wp","href":"https:\/\/api.w.org\/{rel}","templated":true}]}}