{"id":2771,"date":"2023-10-02T16:47:17","date_gmt":"2023-10-02T22:47:17","guid":{"rendered":"https:\/\/soymigrante.com\/revista\/?p=2771"},"modified":"2024-11-01T08:46:29","modified_gmt":"2024-11-01T14:46:29","slug":"cinco-antojitos-guatemaltecos-que-desatan-la-nostalgia-en-los-migrantes","status":"publish","type":"post","link":"https:\/\/soymigrante.com\/revista\/cinco-antojitos-guatemaltecos-que-desatan-la-nostalgia-en-los-migrantes\/","title":{"rendered":"Cinco antojitos guatemaltecos que  desatan la nostalgia en los migrantes"},"content":{"rendered":"\t\t<div data-elementor-type=\"wp-post\" data-elementor-id=\"2771\" class=\"elementor elementor-2771\" data-elementor-post-type=\"post\">\n\t\t\t\t\t\t<section data-particle_enable=\"false\" data-particle-mobile-disabled=\"false\" class=\"elementor-section elementor-top-section elementor-element elementor-element-016dacb elementor-section-boxed elementor-section-height-default elementor-section-height-default\" data-id=\"016dacb\" data-element_type=\"section\" data-e-type=\"section\">\n\t\t\t\t\t\t<div class=\"elementor-container elementor-column-gap-default\">\n\t\t\t\t\t<div class=\"elementor-column elementor-col-100 elementor-top-column elementor-element elementor-element-b80ed2d\" data-id=\"b80ed2d\" data-element_type=\"column\" data-e-type=\"column\">\n\t\t\t<div class=\"elementor-widget-wrap elementor-element-populated\">\n\t\t\t\t\t\t<div class=\"elementor-element elementor-element-5369543 elementor-widget elementor-widget-heading\" data-id=\"5369543\" data-element_type=\"widget\" data-e-type=\"widget\" data-widget_type=\"heading.default\">\n\t\t\t\t\t<h1 class=\"elementor-heading-title elementor-size-default\">En festividades sociales, deportivas y religiosas los guatemaltecos se encuentran frente a exquisitos y tentadores antojitos t\u00edpicos, que son un sabor que vive en la memoria de muchos migrantes.<\/h1>\t\t\t\t<\/div>\n\t\t\t\t\t<\/div>\n\t\t<\/div>\n\t\t\t\t\t<\/div>\n\t\t<\/section>\n\t\t\t\t<section data-particle_enable=\"false\" data-particle-mobile-disabled=\"false\" class=\"elementor-section elementor-top-section elementor-element elementor-element-bf9be40 elementor-section-boxed elementor-section-height-default elementor-section-height-default\" data-id=\"bf9be40\" data-element_type=\"section\" data-e-type=\"section\">\n\t\t\t\t\t\t<div class=\"elementor-container elementor-column-gap-default\">\n\t\t\t\t\t<div class=\"elementor-column elementor-col-100 elementor-top-column elementor-element elementor-element-72d4745\" data-id=\"72d4745\" data-element_type=\"column\" data-e-type=\"column\">\n\t\t\t<div class=\"elementor-widget-wrap elementor-element-populated\">\n\t\t\t\t\t\t\t<\/div>\n\t\t<\/div>\n\t\t\t\t\t<\/div>\n\t\t<\/section>\n\t\t\t\t<section data-particle_enable=\"false\" data-particle-mobile-disabled=\"false\" class=\"elementor-section elementor-top-section elementor-element elementor-element-369b7e1 elementor-section-boxed elementor-section-height-default elementor-section-height-default\" data-id=\"369b7e1\" data-element_type=\"section\" data-e-type=\"section\">\n\t\t\t\t\t\t<div class=\"elementor-container elementor-column-gap-default\">\n\t\t\t\t\t<div class=\"elementor-column elementor-col-100 elementor-top-column elementor-element elementor-element-0d4d8f4\" data-id=\"0d4d8f4\" data-element_type=\"column\" data-e-type=\"column\">\n\t\t\t<div class=\"elementor-widget-wrap elementor-element-populated\">\n\t\t\t\t\t\t<div class=\"elementor-element elementor-element-33ad14e elementor-widget elementor-widget-image\" data-id=\"33ad14e\" data-element_type=\"widget\" data-e-type=\"widget\" data-widget_type=\"image.default\">\n\t\t\t\t\t\t\t\t\t\t\t\t<figure class=\"wp-caption\">\n\t\t\t\t\t\t\t\t\t\t<img fetchpriority=\"high\" decoding=\"async\" width=\"768\" height=\"512\" src=\"https:\/\/soymigrante.com\/revista\/wp-content\/uploads\/2023\/09\/El-pepian-el-recado-de-pollo-y-res-son-tradicionales-en-las-comunidades-del-occidente-del-pais-768x512.webp\" class=\"attachment-medium_large size-medium_large wp-image-2743\" alt=\"El pepi\u00e1n, el recado de pollo y res son tradicionales en las comunidades del occidente del pa\u00eds\" srcset=\"https:\/\/soymigrante.com\/revista\/wp-content\/uploads\/2023\/09\/El-pepian-el-recado-de-pollo-y-res-son-tradicionales-en-las-comunidades-del-occidente-del-pais-768x512.webp 768w, https:\/\/soymigrante.com\/revista\/wp-content\/uploads\/2023\/09\/El-pepian-el-recado-de-pollo-y-res-son-tradicionales-en-las-comunidades-del-occidente-del-pais-300x200.webp 300w, https:\/\/soymigrante.com\/revista\/wp-content\/uploads\/2023\/09\/El-pepian-el-recado-de-pollo-y-res-son-tradicionales-en-las-comunidades-del-occidente-del-pais-1024x682.webp 1024w, https:\/\/soymigrante.com\/revista\/wp-content\/uploads\/2023\/09\/El-pepian-el-recado-de-pollo-y-res-son-tradicionales-en-las-comunidades-del-occidente-del-pais-1536x1023.webp 1536w, https:\/\/soymigrante.com\/revista\/wp-content\/uploads\/2023\/09\/El-pepian-el-recado-de-pollo-y-res-son-tradicionales-en-las-comunidades-del-occidente-del-pais-750x500.webp 750w, https:\/\/soymigrante.com\/revista\/wp-content\/uploads\/2023\/09\/El-pepian-el-recado-de-pollo-y-res-son-tradicionales-en-las-comunidades-del-occidente-del-pais-1140x760.webp 1140w, https:\/\/soymigrante.com\/revista\/wp-content\/uploads\/2023\/09\/El-pepian-el-recado-de-pollo-y-res-son-tradicionales-en-las-comunidades-del-occidente-del-pais-600x400.webp 600w, https:\/\/soymigrante.com\/revista\/wp-content\/uploads\/2023\/09\/El-pepian-el-recado-de-pollo-y-res-son-tradicionales-en-las-comunidades-del-occidente-del-pais.webp 1600w\" sizes=\"(max-width: 768px) 100vw, 768px\" title=\"El pepi\u00e1n, el recado de pollo y res son tradicionales en las comunidades del occidente del pa\u00eds \u2013 SoyMigrante.com REVISTA\" \/>\t\t\t\t\t\t\t\t\t\t\t<figcaption class=\"widget-image-caption wp-caption-text\">El pepi\u00e1n, el recado de pollo y res son tradicionales en las comunidades del occidente del pa\u00eds<\/figcaption>\n\t\t\t\t\t\t\t\t\t\t<\/figure>\n\t\t\t\t\t\t\t\t\t<\/div>\n\t\t\t\t\t<\/div>\n\t\t<\/div>\n\t\t\t\t\t<\/div>\n\t\t<\/section>\n\t\t\t\t<section data-particle_enable=\"false\" data-particle-mobile-disabled=\"false\" class=\"elementor-section elementor-top-section elementor-element elementor-element-6e421b5 elementor-section-boxed elementor-section-height-default elementor-section-height-default\" data-id=\"6e421b5\" data-element_type=\"section\" data-e-type=\"section\">\n\t\t\t\t\t\t<div class=\"elementor-container elementor-column-gap-default\">\n\t\t\t\t\t<div class=\"elementor-column elementor-col-100 elementor-top-column elementor-element elementor-element-7ae14bd\" data-id=\"7ae14bd\" data-element_type=\"column\" data-e-type=\"column\">\n\t\t\t<div class=\"elementor-widget-wrap elementor-element-populated\">\n\t\t\t\t\t\t<div class=\"elementor-element elementor-element-c898137 elementor-widget elementor-widget-heading\" data-id=\"c898137\" data-element_type=\"widget\" data-e-type=\"widget\" data-widget_type=\"heading.default\">\n\t\t\t\t\t<h2 class=\"elementor-heading-title elementor-size-default\">Churros<\/h2>\t\t\t\t<\/div>\n\t\t\t\t<div class=\"elementor-element elementor-element-e80b656 elementor-widget elementor-widget-text-editor\" data-id=\"e80b656\" data-element_type=\"widget\" data-e-type=\"widget\" data-widget_type=\"text-editor.default\">\n\t\t\t\t\t\t\t\t\t<p><span style=\"font-weight: 400\">Tradicionalmente se consumen durante ferias patronales, son a base de harina e ingredientes secretos de cada churrer\u00eda, saborizados de chocolate o leche condensada tambi\u00e9n puede ser acompa\u00f1ado de una bebida fr\u00eda o caliente como licuados y chocolate.<\/span><\/p><p><span style=\"font-weight: 400\">Sandra Anselma es propietaria de la Churrer\u00eda y refresquer\u00eda \u201cEl Buen Gusto\u201d, visita distintas ferias patronales del occidente del pa\u00eds, emprendimiento que naci\u00f3 hace m\u00e1s de 45 a\u00f1os, es atendido por sus hijos y esposo, adem\u00e1s es un lugar que ha generado espacios laborales para j\u00f3venes y se\u00f1oritas.<\/span><\/p><p><span style=\"font-weight: 400\">\u201cLos invit\u00f3 a consumir nuestro producto, todos los a\u00f1os los esperamos, llevamos en Totonicap\u00e1n m\u00e1s de 32 a\u00f1os, pero nuestro trabajo nos ha llevado alrededor de 45 a\u00f1os\u201d<\/span><\/p>\t\t\t\t\t\t\t\t<\/div>\n\t\t\t\t\t<\/div>\n\t\t<\/div>\n\t\t\t\t\t<\/div>\n\t\t<\/section>\n\t\t\t\t<section data-particle_enable=\"false\" data-particle-mobile-disabled=\"false\" class=\"elementor-section elementor-top-section elementor-element elementor-element-2b1c82d elementor-section-boxed elementor-section-height-default elementor-section-height-default\" data-id=\"2b1c82d\" data-element_type=\"section\" data-e-type=\"section\">\n\t\t\t\t\t\t<div class=\"elementor-container elementor-column-gap-default\">\n\t\t\t\t\t<div class=\"elementor-column elementor-col-100 elementor-top-column elementor-element elementor-element-858bc11\" data-id=\"858bc11\" data-element_type=\"column\" data-e-type=\"column\">\n\t\t\t<div class=\"elementor-widget-wrap elementor-element-populated\">\n\t\t\t\t\t\t<div class=\"elementor-element elementor-element-229fb16 elementor-arrows-position-inside elementor-pagination-position-outside elementor-widget elementor-widget-image-carousel\" data-id=\"229fb16\" data-element_type=\"widget\" data-e-type=\"widget\" data-settings=\"{&quot;slides_to_show&quot;:&quot;1&quot;,&quot;navigation&quot;:&quot;both&quot;,&quot;autoplay&quot;:&quot;yes&quot;,&quot;pause_on_hover&quot;:&quot;yes&quot;,&quot;pause_on_interaction&quot;:&quot;yes&quot;,&quot;autoplay_speed&quot;:5000,&quot;infinite&quot;:&quot;yes&quot;,&quot;effect&quot;:&quot;slide&quot;,&quot;speed&quot;:500}\" data-widget_type=\"image-carousel.default\">\n\t\t\t\t\t\t\t<div class=\"elementor-image-carousel-wrapper swiper\" role=\"region\" aria-roledescription=\"carousel\" aria-label=\"Carrusel de im\u00e1genes\" dir=\"ltr\">\n\t\t\t<div class=\"elementor-image-carousel swiper-wrapper\" aria-live=\"off\">\n\t\t\t\t\t\t\t\t<div class=\"swiper-slide\" role=\"group\" aria-roledescription=\"slide\" aria-label=\"1 de 3\"><figure class=\"swiper-slide-inner\"><img decoding=\"async\" class=\"swiper-slide-image\" src=\"https:\/\/soymigrante.com\/revista\/wp-content\/uploads\/2023\/09\/La-refresqueria-y-churreria-el-buen-gusto-ofrece-variedad-de-antojitos-entre-churros-papalinas-plantainas-y-chocomilk--768x512.webp\" alt=\"La refresquer\u00eda y churrer\u00eda el buen gusto ofrece variedad de antojitos entre churros, papalinas, plantainas y chocomilk\" \/><figcaption class=\"elementor-image-carousel-caption\">La refresquer\u00eda y churrer\u00eda el buen gusto ofrece variedad de antojitos entre churros, papalinas, plantainas y chocomilk<\/figcaption><\/figure><\/div><div class=\"swiper-slide\" role=\"group\" aria-roledescription=\"slide\" aria-label=\"2 de 3\"><figure class=\"swiper-slide-inner\"><img decoding=\"async\" class=\"swiper-slide-image\" src=\"https:\/\/soymigrante.com\/revista\/wp-content\/uploads\/2023\/09\/Los-churros-son-antojitos-que-disfruta-la-poblacion-guatemalteca-en-especial-en-ferias-patronales-768x512.webp\" alt=\"Los churros son antojitos que disfruta la poblaci\u00f3n guatemalteca en especial en ferias patronales\" \/><figcaption class=\"elementor-image-carousel-caption\">Los churros son antojitos que disfruta la poblaci\u00f3n guatemalteca en especial en ferias patronales<\/figcaption><\/figure><\/div><div class=\"swiper-slide\" role=\"group\" aria-roledescription=\"slide\" aria-label=\"3 de 3\"><figure class=\"swiper-slide-inner\"><img decoding=\"async\" class=\"swiper-slide-image\" src=\"https:\/\/soymigrante.com\/revista\/wp-content\/uploads\/2023\/09\/Los-churros-son-elaborados-de-harina-e-ingredientes-secretos-antojito-que-se-disfruta-en-festividades-de-alguna-localidad-768x512.webp\" alt=\"Los churros son elaborados de harina e ingredientes secretos, antojito que se disfruta en festividades de alguna localidad\" \/><figcaption class=\"elementor-image-carousel-caption\">Los churros son elaborados de harina e ingredientes secretos, antojito que se disfruta en festividades de alguna localidad<\/figcaption><\/figure><\/div>\t\t\t<\/div>\n\t\t\t\t\t\t\t\t\t\t\t\t<div class=\"elementor-swiper-button elementor-swiper-button-prev\" role=\"button\" tabindex=\"0\">\n\t\t\t\t\t\t<i aria-hidden=\"true\" class=\"eicon-chevron-left\"><\/i>\t\t\t\t\t<\/div>\n\t\t\t\t\t<div class=\"elementor-swiper-button elementor-swiper-button-next\" role=\"button\" tabindex=\"0\">\n\t\t\t\t\t\t<i aria-hidden=\"true\" class=\"eicon-chevron-right\"><\/i>\t\t\t\t\t<\/div>\n\t\t\t\t\n\t\t\t\t\t\t\t\t\t<div class=\"swiper-pagination\"><\/div>\n\t\t\t\t\t\t\t\t\t<\/div>\n\t\t\t\t\t\t<\/div>\n\t\t\t\t\t<\/div>\n\t\t<\/div>\n\t\t\t\t\t<\/div>\n\t\t<\/section>\n\t\t\t\t<section data-particle_enable=\"false\" data-particle-mobile-disabled=\"false\" class=\"elementor-section elementor-top-section elementor-element elementor-element-fa37fa1 elementor-section-boxed elementor-section-height-default elementor-section-height-default\" data-id=\"fa37fa1\" data-element_type=\"section\" data-e-type=\"section\">\n\t\t\t\t\t\t<div class=\"elementor-container elementor-column-gap-default\">\n\t\t\t\t\t<div class=\"elementor-column elementor-col-100 elementor-top-column elementor-element elementor-element-627cd52\" data-id=\"627cd52\" data-element_type=\"column\" data-e-type=\"column\">\n\t\t\t<div class=\"elementor-widget-wrap elementor-element-populated\">\n\t\t\t\t\t\t<div class=\"elementor-element elementor-element-2948b6b elementor-arrows-position-inside elementor-pagination-position-outside elementor-widget elementor-widget-image-carousel\" data-id=\"2948b6b\" data-element_type=\"widget\" data-e-type=\"widget\" data-settings=\"{&quot;slides_to_show&quot;:&quot;1&quot;,&quot;navigation&quot;:&quot;both&quot;,&quot;autoplay&quot;:&quot;yes&quot;,&quot;pause_on_hover&quot;:&quot;yes&quot;,&quot;pause_on_interaction&quot;:&quot;yes&quot;,&quot;autoplay_speed&quot;:5000,&quot;infinite&quot;:&quot;yes&quot;,&quot;effect&quot;:&quot;slide&quot;,&quot;speed&quot;:500}\" data-widget_type=\"image-carousel.default\">\n\t\t\t\t\t\t\t<div class=\"elementor-image-carousel-wrapper swiper\" role=\"region\" aria-roledescription=\"carousel\" aria-label=\"Carrusel de im\u00e1genes\" dir=\"ltr\">\n\t\t\t<div class=\"elementor-image-carousel swiper-wrapper\" aria-live=\"off\">\n\t\t\t\t\t\t\t\t<div class=\"swiper-slide\" role=\"group\" aria-roledescription=\"slide\" aria-label=\"1 de 3\"><figure class=\"swiper-slide-inner\"><img decoding=\"async\" class=\"swiper-slide-image\" src=\"https:\/\/soymigrante.com\/revista\/wp-content\/uploads\/2023\/09\/Leticia-de-Santos-es-originaria-de-Quetzaltenango-ofrece-deliciosas-garnachas-durante-la-feria-patronal-768x512.webp\" alt=\"Leticia De Santos es originaria de Quetzaltenango ofrece deliciosas garnachas durante la feria patronal\" \/><figcaption class=\"elementor-image-carousel-caption\">Leticia De Santos es originaria de Quetzaltenango ofrece deliciosas garnachas durante la feria patronal<\/figcaption><\/figure><\/div><div class=\"swiper-slide\" role=\"group\" aria-roledescription=\"slide\" aria-label=\"2 de 3\"><figure class=\"swiper-slide-inner\"><img decoding=\"async\" class=\"swiper-slide-image\" src=\"https:\/\/soymigrante.com\/revista\/wp-content\/uploads\/2023\/09\/Los-antojitos-como-las-garnachas-se-disfrutan-en-cada-festividad-del-territorio-guatemalteco-768x512.webp\" alt=\"Los antojitos como las garnachas se disfrutan en cada festividad del territorio guatemalteco\" \/><figcaption class=\"elementor-image-carousel-caption\">Los antojitos como las garnachas se disfrutan en cada festividad del territorio guatemalteco<\/figcaption><\/figure><\/div><div class=\"swiper-slide\" role=\"group\" aria-roledescription=\"slide\" aria-label=\"3 de 3\"><figure class=\"swiper-slide-inner\"><img decoding=\"async\" class=\"swiper-slide-image\" src=\"https:\/\/soymigrante.com\/revista\/wp-content\/uploads\/2023\/09\/Las-garnachas-son-acompanadas-de-un-delicioso-curtido-de-picante-elaborado-con-chiles-cobaneros--768x512.webp\" alt=\"Las garnachas son acompa\u00f1adas de un delicioso curtido de picante elaborado con chiles cobaneros\" \/><figcaption class=\"elementor-image-carousel-caption\">Las garnachas son acompa\u00f1adas de un delicioso curtido de picante elaborado con chiles cobaneros<\/figcaption><\/figure><\/div>\t\t\t<\/div>\n\t\t\t\t\t\t\t\t\t\t\t\t<div class=\"elementor-swiper-button elementor-swiper-button-prev\" role=\"button\" tabindex=\"0\">\n\t\t\t\t\t\t<i aria-hidden=\"true\" class=\"eicon-chevron-left\"><\/i>\t\t\t\t\t<\/div>\n\t\t\t\t\t<div class=\"elementor-swiper-button elementor-swiper-button-next\" role=\"button\" tabindex=\"0\">\n\t\t\t\t\t\t<i aria-hidden=\"true\" class=\"eicon-chevron-right\"><\/i>\t\t\t\t\t<\/div>\n\t\t\t\t\n\t\t\t\t\t\t\t\t\t<div class=\"swiper-pagination\"><\/div>\n\t\t\t\t\t\t\t\t\t<\/div>\n\t\t\t\t\t\t<\/div>\n\t\t\t\t<div class=\"elementor-element elementor-element-3170774 elementor-widget elementor-widget-heading\" data-id=\"3170774\" data-element_type=\"widget\" data-e-type=\"widget\" data-widget_type=\"heading.default\">\n\t\t\t\t\t<h2 class=\"elementor-heading-title elementor-size-default\">Garnachas<\/h2>\t\t\t\t<\/div>\n\t\t\t\t<div class=\"elementor-element elementor-element-6765b9b elementor-widget elementor-widget-text-editor\" data-id=\"6765b9b\" data-element_type=\"widget\" data-e-type=\"widget\" data-widget_type=\"text-editor.default\">\n\t\t\t\t\t\t\t\t\t<p><span style=\"font-weight: 400\">Deliciosas por su sabor y preparaci\u00f3n, son a base de una tortilla de ma\u00edz fre\u00edda, acompa\u00f1ada por una porci\u00f3n de carne, salsa de la casa, cebolla y queso seco para complementar. Se consume como refacci\u00f3n en las ferias patronales.<\/span><\/p><p><span style=\"font-weight: 400\">Leticia De Santos originaria de Quetzaltenango visita tambi\u00e9n las ferias patronales y ofrece garnachas con un sabor \u00fanico y especial, labor que aprendi\u00f3 junto a su madre y que ahora traslada a sus hijas \u201cPreparamos la carne especial y los ingredientes con tiempo, ense\u00f1anza que me dej\u00f3 mi difunta madre desde muy peque\u00f1a\u201d.<\/span><\/p>\t\t\t\t\t\t\t\t<\/div>\n\t\t\t\t\t<\/div>\n\t\t<\/div>\n\t\t\t\t\t<\/div>\n\t\t<\/section>\n\t\t\t\t<section data-particle_enable=\"false\" data-particle-mobile-disabled=\"false\" class=\"elementor-section elementor-top-section elementor-element elementor-element-27ba0fa elementor-section-boxed elementor-section-height-default elementor-section-height-default\" data-id=\"27ba0fa\" data-element_type=\"section\" data-e-type=\"section\">\n\t\t\t\t\t\t<div class=\"elementor-container elementor-column-gap-default\">\n\t\t\t\t\t<div class=\"elementor-column elementor-col-100 elementor-top-column elementor-element elementor-element-b5da95e\" data-id=\"b5da95e\" data-element_type=\"column\" data-e-type=\"column\">\n\t\t\t<div class=\"elementor-widget-wrap elementor-element-populated\">\n\t\t\t\t\t\t<div class=\"elementor-element elementor-element-7df857c elementor-widget elementor-widget-video\" data-id=\"7df857c\" data-element_type=\"widget\" data-e-type=\"widget\" data-settings=\"{&quot;youtube_url&quot;:&quot;https:\\\/\\\/www.youtube.com\\\/watch?v=rdztXQPDWqM&quot;,&quot;video_type&quot;:&quot;youtube&quot;,&quot;controls&quot;:&quot;yes&quot;}\" data-widget_type=\"video.default\">\n\t\t\t\t\t\t\t<div class=\"elementor-wrapper elementor-open-inline\">\n\t\t\t<div class=\"elementor-video\"><\/div>\t\t<\/div>\n\t\t\t\t\t\t<\/div>\n\t\t\t\t\t<\/div>\n\t\t<\/div>\n\t\t\t\t\t<\/div>\n\t\t<\/section>\n\t\t\t\t<section data-particle_enable=\"false\" data-particle-mobile-disabled=\"false\" class=\"elementor-section elementor-top-section elementor-element elementor-element-c76fea7 elementor-section-boxed elementor-section-height-default elementor-section-height-default\" data-id=\"c76fea7\" data-element_type=\"section\" data-e-type=\"section\">\n\t\t\t\t\t\t<div class=\"elementor-container elementor-column-gap-default\">\n\t\t\t\t\t<div class=\"elementor-column elementor-col-100 elementor-top-column elementor-element elementor-element-fa71d12\" data-id=\"fa71d12\" data-element_type=\"column\" data-e-type=\"column\">\n\t\t\t<div class=\"elementor-widget-wrap elementor-element-populated\">\n\t\t\t\t\t\t<div class=\"elementor-element elementor-element-12b0dcd elementor-widget elementor-widget-heading\" data-id=\"12b0dcd\" data-element_type=\"widget\" data-e-type=\"widget\" data-widget_type=\"heading.default\">\n\t\t\t\t\t<h2 class=\"elementor-heading-title elementor-size-default\">Elotes locos<\/h2>\t\t\t\t<\/div>\n\t\t\t\t<div class=\"elementor-element elementor-element-5b78958 elementor-widget elementor-widget-text-editor\" data-id=\"5b78958\" data-element_type=\"widget\" data-e-type=\"widget\" data-widget_type=\"text-editor.default\">\n\t\t\t\t\t\t\t\t\t<p><span style=\"font-weight: 400\">Uno de los antojos m\u00e1s populares son los llamados \u201celotes locos\u201d son elotes (mazorcas) cocidas o asadas acompa\u00f1adas de salsas al gusto; mayonesa, salsa dulce, mostaza, picante y queso seco, tambi\u00e9n algunos son acompa\u00f1ados de lim\u00f3n y sal, \u00fanicos por su sabor y naturalidad.<\/span><\/p><p><span style=\"font-weight: 400\">Carmen ofrece deliciosos elotes al gusto, una carreta, pachones de ingredientes la acompa\u00f1an en las distintas calles del departamento de Totonicap\u00e1n, Guatemala, trabajo que le ha permitido sostener a su familia y brindar sabores \u00fanicos.<\/span><\/p>\t\t\t\t\t\t\t\t<\/div>\n\t\t\t\t\t<\/div>\n\t\t<\/div>\n\t\t\t\t\t<\/div>\n\t\t<\/section>\n\t\t\t\t<section data-particle_enable=\"false\" data-particle-mobile-disabled=\"false\" class=\"elementor-section elementor-top-section elementor-element elementor-element-c6946b6 elementor-section-boxed elementor-section-height-default elementor-section-height-default\" data-id=\"c6946b6\" data-element_type=\"section\" data-e-type=\"section\">\n\t\t\t\t\t\t<div class=\"elementor-container elementor-column-gap-default\">\n\t\t\t\t\t<div class=\"elementor-column elementor-col-100 elementor-top-column elementor-element elementor-element-478e4c1\" data-id=\"478e4c1\" data-element_type=\"column\" data-e-type=\"column\">\n\t\t\t<div class=\"elementor-widget-wrap elementor-element-populated\">\n\t\t\t\t\t\t<div class=\"elementor-element elementor-element-2534ab6 elementor-arrows-position-inside elementor-pagination-position-outside elementor-widget elementor-widget-image-carousel\" data-id=\"2534ab6\" data-element_type=\"widget\" data-e-type=\"widget\" data-settings=\"{&quot;slides_to_show&quot;:&quot;1&quot;,&quot;navigation&quot;:&quot;both&quot;,&quot;autoplay&quot;:&quot;yes&quot;,&quot;pause_on_hover&quot;:&quot;yes&quot;,&quot;pause_on_interaction&quot;:&quot;yes&quot;,&quot;autoplay_speed&quot;:5000,&quot;infinite&quot;:&quot;yes&quot;,&quot;effect&quot;:&quot;slide&quot;,&quot;speed&quot;:500}\" data-widget_type=\"image-carousel.default\">\n\t\t\t\t\t\t\t<div class=\"elementor-image-carousel-wrapper swiper\" role=\"region\" aria-roledescription=\"carousel\" aria-label=\"Carrusel de im\u00e1genes\" dir=\"ltr\">\n\t\t\t<div class=\"elementor-image-carousel swiper-wrapper\" aria-live=\"off\">\n\t\t\t\t\t\t\t\t<div class=\"swiper-slide\" role=\"group\" aria-roledescription=\"slide\" aria-label=\"1 de 3\"><figure class=\"swiper-slide-inner\"><img decoding=\"async\" class=\"swiper-slide-image\" src=\"https:\/\/soymigrante.com\/revista\/wp-content\/uploads\/2023\/09\/Son-productos-locales-que-se-promueven-para-la-economia-local-768x512.webp\" alt=\"Son productos locales que se promueven para la econom\u00eda local\" \/><figcaption class=\"elementor-image-carousel-caption\">Son productos locales que se promueven para la econom\u00eda local<\/figcaption><\/figure><\/div><div class=\"swiper-slide\" role=\"group\" aria-roledescription=\"slide\" aria-label=\"2 de 3\"><figure class=\"swiper-slide-inner\"><img decoding=\"async\" class=\"swiper-slide-image\" src=\"https:\/\/soymigrante.com\/revista\/wp-content\/uploads\/2023\/09\/Los-elotes-locos-son-naturales-a-base-de-mayonesa-y-varios-ingredientes-al-gusto-768x512.webp\" alt=\"Los elotes locos son naturales a base de mayonesa y varios ingredientes al gusto\" \/><figcaption class=\"elementor-image-carousel-caption\">Los elotes locos son naturales a base de mayonesa y varios ingredientes al gusto<\/figcaption><\/figure><\/div><div class=\"swiper-slide\" role=\"group\" aria-roledescription=\"slide\" aria-label=\"3 de 3\"><figure class=\"swiper-slide-inner\"><img decoding=\"async\" class=\"swiper-slide-image\" src=\"https:\/\/soymigrante.com\/revista\/wp-content\/uploads\/2023\/09\/Los-elotes-locos-son-un-antojo-tradicional-en-el-occidente-del-pais-se-disfruta-con-aderezos-como-salsa-dulce-mayonesa-y-mostaza-768x512.webp\" alt=\"Los elotes locos son un antojo tradicional en el occidente del pa\u00eds, se disfruta con aderezos como; salsa dulce, mayonesa y mostaza\" \/><figcaption class=\"elementor-image-carousel-caption\">Los elotes locos son un antojo tradicional en el occidente del pa\u00eds, se disfruta con aderezos como; salsa dulce, mayonesa y mostaza<\/figcaption><\/figure><\/div>\t\t\t<\/div>\n\t\t\t\t\t\t\t\t\t\t\t\t<div class=\"elementor-swiper-button elementor-swiper-button-prev\" role=\"button\" tabindex=\"0\">\n\t\t\t\t\t\t<i aria-hidden=\"true\" class=\"eicon-chevron-left\"><\/i>\t\t\t\t\t<\/div>\n\t\t\t\t\t<div class=\"elementor-swiper-button elementor-swiper-button-next\" role=\"button\" tabindex=\"0\">\n\t\t\t\t\t\t<i aria-hidden=\"true\" class=\"eicon-chevron-right\"><\/i>\t\t\t\t\t<\/div>\n\t\t\t\t\n\t\t\t\t\t\t\t\t\t<div class=\"swiper-pagination\"><\/div>\n\t\t\t\t\t\t\t\t\t<\/div>\n\t\t\t\t\t\t<\/div>\n\t\t\t\t\t<\/div>\n\t\t<\/div>\n\t\t\t\t\t<\/div>\n\t\t<\/section>\n\t\t\t\t<section data-particle_enable=\"false\" data-particle-mobile-disabled=\"false\" class=\"elementor-section elementor-top-section elementor-element elementor-element-f1178aa elementor-section-boxed elementor-section-height-default elementor-section-height-default\" data-id=\"f1178aa\" data-element_type=\"section\" data-e-type=\"section\">\n\t\t\t\t\t\t<div class=\"elementor-container elementor-column-gap-default\">\n\t\t\t\t\t<div class=\"elementor-column elementor-col-100 elementor-top-column elementor-element elementor-element-aed52ac\" data-id=\"aed52ac\" data-element_type=\"column\" data-e-type=\"column\">\n\t\t\t<div class=\"elementor-widget-wrap elementor-element-populated\">\n\t\t\t\t\t\t<div class=\"elementor-element elementor-element-762a3c2 elementor-widget elementor-widget-heading\" data-id=\"762a3c2\" data-element_type=\"widget\" data-e-type=\"widget\" data-widget_type=\"heading.default\">\n\t\t\t\t\t<h2 class=\"elementor-heading-title elementor-size-default\">Roscas quetzaltecas<\/h2>\t\t\t\t<\/div>\n\t\t\t\t<div class=\"elementor-element elementor-element-50ce2dd elementor-widget elementor-widget-text-editor\" data-id=\"50ce2dd\" data-element_type=\"widget\" data-e-type=\"widget\" data-widget_type=\"text-editor.default\">\n\t\t\t\t\t\t\t\t\t<p><span style=\"font-weight: 400\">Las roscas son tradicionales en todas las ferias patronales del territorio guatemalteco, son productos a base de harina, mantequilla, az\u00facar y otros ingredientes de la casa. Roscas de panela, galleta y royal se disfrutan con una taza de caf\u00e9 o chocolate.<\/span><\/p><p><span style=\"font-weight: 400\">Roc\u00edo Ruano es originaria de Quetzaltenango, por m\u00e1s de 23 a\u00f1os ha recorrido las ferias patronales con la venta de roscas y man\u00edas, \u201cGracias a Dios las personas se sienten satisfechas de saborear, todas las roscas que preparamos son reci\u00e9n salidas\u201d. Labor que requiere el esfuerzo de muchas personas.<\/span><\/p>\t\t\t\t\t\t\t\t<\/div>\n\t\t\t\t\t<\/div>\n\t\t<\/div>\n\t\t\t\t\t<\/div>\n\t\t<\/section>\n\t\t\t\t<section data-particle_enable=\"false\" data-particle-mobile-disabled=\"false\" class=\"elementor-section elementor-top-section elementor-element elementor-element-9964f50 elementor-section-boxed elementor-section-height-default elementor-section-height-default\" data-id=\"9964f50\" data-element_type=\"section\" data-e-type=\"section\">\n\t\t\t\t\t\t<div class=\"elementor-container elementor-column-gap-default\">\n\t\t\t\t\t<div class=\"elementor-column elementor-col-100 elementor-top-column elementor-element elementor-element-055be8b\" data-id=\"055be8b\" data-element_type=\"column\" data-e-type=\"column\">\n\t\t\t<div class=\"elementor-widget-wrap elementor-element-populated\">\n\t\t\t\t\t\t<div class=\"elementor-element elementor-element-fb3cff2 elementor-arrows-position-inside elementor-pagination-position-outside elementor-widget elementor-widget-image-carousel\" data-id=\"fb3cff2\" data-element_type=\"widget\" data-e-type=\"widget\" data-settings=\"{&quot;slides_to_show&quot;:&quot;1&quot;,&quot;navigation&quot;:&quot;both&quot;,&quot;autoplay&quot;:&quot;yes&quot;,&quot;pause_on_hover&quot;:&quot;yes&quot;,&quot;pause_on_interaction&quot;:&quot;yes&quot;,&quot;autoplay_speed&quot;:5000,&quot;infinite&quot;:&quot;yes&quot;,&quot;effect&quot;:&quot;slide&quot;,&quot;speed&quot;:500}\" data-widget_type=\"image-carousel.default\">\n\t\t\t\t\t\t\t<div class=\"elementor-image-carousel-wrapper swiper\" role=\"region\" aria-roledescription=\"carousel\" aria-label=\"Carrusel de im\u00e1genes\" dir=\"ltr\">\n\t\t\t<div class=\"elementor-image-carousel swiper-wrapper\" aria-live=\"off\">\n\t\t\t\t\t\t\t\t<div class=\"swiper-slide\" role=\"group\" aria-roledescription=\"slide\" aria-label=\"1 de 4\"><figure class=\"swiper-slide-inner\"><img decoding=\"async\" class=\"swiper-slide-image\" src=\"https:\/\/soymigrante.com\/revista\/wp-content\/uploads\/2023\/09\/El-ajonjolin-es-el-ingrediente-secreto-muchos-locales-lo-disfrutan-con-compania-de-cafe-o-chocolate--768x512.webp\" alt=\"El ajonjolin es el ingrediente secreto, muchos locales lo disfrutan con compa\u00f1\u00eda de caf\u00e9 o chocolate\" \/><figcaption class=\"elementor-image-carousel-caption\">El ajonjolin es el ingrediente secreto, muchos locales lo disfrutan con compa\u00f1\u00eda de caf\u00e9 o chocolate<\/figcaption><\/figure><\/div><div class=\"swiper-slide\" role=\"group\" aria-roledescription=\"slide\" aria-label=\"2 de 4\"><figure class=\"swiper-slide-inner\"><img decoding=\"async\" class=\"swiper-slide-image\" src=\"https:\/\/soymigrante.com\/revista\/wp-content\/uploads\/2023\/09\/Roscas-de-panela-y-roscas-de-galleta-son-las-mas-tradicionales-en-el-occidente-768x512.webp\" alt=\"Roscas de panela y roscas de galleta son las mas tradicionales en el occidente\" \/><figcaption class=\"elementor-image-carousel-caption\">Roscas de panela y roscas de galleta son las mas tradicionales en el occidente<\/figcaption><\/figure><\/div><div class=\"swiper-slide\" role=\"group\" aria-roledescription=\"slide\" aria-label=\"3 de 4\"><figure class=\"swiper-slide-inner\"><img decoding=\"async\" class=\"swiper-slide-image\" src=\"https:\/\/soymigrante.com\/revista\/wp-content\/uploads\/2023\/09\/Roscas-de-panela-y-manias-tradicionales-son-productos-cotizados-en-ferias-patronales-del-occidente-del-pais-en-Guatemala-768x512.webp\" alt=\"Roscas de panela y man\u00edas tradicionales son productos cotizados en ferias patronales del occidente del pa\u00eds en Guatemala\" \/><figcaption class=\"elementor-image-carousel-caption\">Roscas de panela y man\u00edas tradicionales son productos cotizados en ferias patronales del occidente del pa\u00eds en Guatemala<\/figcaption><\/figure><\/div><div class=\"swiper-slide\" role=\"group\" aria-roledescription=\"slide\" aria-label=\"4 de 4\"><figure class=\"swiper-slide-inner\"><img decoding=\"async\" class=\"swiper-slide-image\" src=\"https:\/\/soymigrante.com\/revista\/wp-content\/uploads\/2023\/09\/Vendedores-originarios-de-varios-departamentos-recorren-ferias-patronales-para-ofrecer-productos-como-roscas-y-manias--768x512.webp\" alt=\"Vendedores originarios de varios departamentos recorren ferias patronales para ofrecer productos como roscas y man\u00edas\" \/><figcaption class=\"elementor-image-carousel-caption\">Vendedores originarios de varios departamentos recorren ferias patronales para ofrecer productos como roscas y man\u00edas<\/figcaption><\/figure><\/div>\t\t\t<\/div>\n\t\t\t\t\t\t\t\t\t\t\t\t<div class=\"elementor-swiper-button elementor-swiper-button-prev\" role=\"button\" tabindex=\"0\">\n\t\t\t\t\t\t<i aria-hidden=\"true\" class=\"eicon-chevron-left\"><\/i>\t\t\t\t\t<\/div>\n\t\t\t\t\t<div class=\"elementor-swiper-button elementor-swiper-button-next\" role=\"button\" tabindex=\"0\">\n\t\t\t\t\t\t<i aria-hidden=\"true\" class=\"eicon-chevron-right\"><\/i>\t\t\t\t\t<\/div>\n\t\t\t\t\n\t\t\t\t\t\t\t\t\t<div class=\"swiper-pagination\"><\/div>\n\t\t\t\t\t\t\t\t\t<\/div>\n\t\t\t\t\t\t<\/div>\n\t\t\t\t\t<\/div>\n\t\t<\/div>\n\t\t\t\t\t<\/div>\n\t\t<\/section>\n\t\t\t\t<section data-particle_enable=\"false\" data-particle-mobile-disabled=\"false\" class=\"elementor-section elementor-top-section elementor-element elementor-element-42212e1 elementor-section-boxed elementor-section-height-default elementor-section-height-default\" data-id=\"42212e1\" data-element_type=\"section\" data-e-type=\"section\">\n\t\t\t\t\t\t<div class=\"elementor-container elementor-column-gap-default\">\n\t\t\t\t\t<div class=\"elementor-column elementor-col-100 elementor-top-column elementor-element elementor-element-68bbf76\" data-id=\"68bbf76\" data-element_type=\"column\" data-e-type=\"column\">\n\t\t\t<div class=\"elementor-widget-wrap elementor-element-populated\">\n\t\t\t\t\t\t<div class=\"elementor-element elementor-element-b64be5b elementor-widget elementor-widget-heading\" data-id=\"b64be5b\" data-element_type=\"widget\" data-e-type=\"widget\" data-widget_type=\"heading.default\">\n\t\t\t\t\t<h2 class=\"elementor-heading-title elementor-size-default\">El sabor de las cocinas de l\u00e1mina<\/h2>\t\t\t\t<\/div>\n\t\t\t\t<div class=\"elementor-element elementor-element-81ea0ca elementor-widget elementor-widget-text-editor\" data-id=\"81ea0ca\" data-element_type=\"widget\" data-e-type=\"widget\" data-widget_type=\"text-editor.default\">\n\t\t\t\t\t\t\t\t\t<p><span style=\"font-weight: 400;\">Las cocinas de galera se ubican en las ferias patronales ofrece variedad de platillos guatemaltecos que incluyen exquisitos recados, como el pepian, el subanik o ell joc\u00f3n. En cada puesto se da un sabor especial, distintivo, pero igualmente delicioso, que sabe a fiesta y a recuerdo.\u00a0<br \/>No son puestos formales, pues van de pueblo en pueblo ofreciendo sus delicias.\u00a0<\/span><span style=\"font-weight: 400; color: var( --e-global-color-text ); background-color: var(--ak-bg-color);\">\u201cHumo en tus ojos, chuchos en tus pies\u201d, es un dicho jocoso que hace alusi\u00f3n a esta comida\u00a0 callejera pero cuyo aroma y sabor est\u00e1 en la memoria de migrantes.\u00a0<\/span><\/p>\n<p><span style=\"font-weight: 400; color: var( --e-global-color-text ); background-color: var(--ak-bg-color);\">Cada platillo es \u00fanico por su sabor y preparaci\u00f3n, Emilia Guix Baten es originaria de San Crist\u00f3bal, Totonicap\u00e1n, Guatemala visita varios lugares, ofrece platillos tradicionales, cada comida es acompa\u00f1ado de tortillas, tamales, caf\u00e9 o refrescos \u201cMe gusta cocinar y es el oficio que me dej\u00f3 mi mam\u00e1\u201d.<\/span><\/p>\t\t\t\t\t\t\t\t<\/div>\n\t\t\t\t\t<\/div>\n\t\t<\/div>\n\t\t\t\t\t<\/div>\n\t\t<\/section>\n\t\t\t\t<section data-particle_enable=\"false\" data-particle-mobile-disabled=\"false\" class=\"elementor-section elementor-top-section elementor-element elementor-element-b5b7c54 elementor-section-boxed elementor-section-height-default elementor-section-height-default\" data-id=\"b5b7c54\" data-element_type=\"section\" data-e-type=\"section\">\n\t\t\t\t\t\t<div class=\"elementor-container elementor-column-gap-default\">\n\t\t\t\t\t<div class=\"elementor-column elementor-col-100 elementor-top-column elementor-element elementor-element-356f34d\" data-id=\"356f34d\" data-element_type=\"column\" data-e-type=\"column\">\n\t\t\t<div class=\"elementor-widget-wrap elementor-element-populated\">\n\t\t\t\t\t\t<div class=\"elementor-element elementor-element-dd239d5 elementor-arrows-position-inside elementor-pagination-position-outside elementor-widget elementor-widget-image-carousel\" data-id=\"dd239d5\" data-element_type=\"widget\" data-e-type=\"widget\" data-settings=\"{&quot;slides_to_show&quot;:&quot;1&quot;,&quot;navigation&quot;:&quot;both&quot;,&quot;autoplay&quot;:&quot;yes&quot;,&quot;pause_on_hover&quot;:&quot;yes&quot;,&quot;pause_on_interaction&quot;:&quot;yes&quot;,&quot;autoplay_speed&quot;:5000,&quot;infinite&quot;:&quot;yes&quot;,&quot;effect&quot;:&quot;slide&quot;,&quot;speed&quot;:500}\" data-widget_type=\"image-carousel.default\">\n\t\t\t\t\t\t\t<div class=\"elementor-image-carousel-wrapper swiper\" role=\"region\" aria-roledescription=\"carousel\" aria-label=\"Carrusel de im\u00e1genes\" dir=\"ltr\">\n\t\t\t<div class=\"elementor-image-carousel swiper-wrapper\" aria-live=\"off\">\n\t\t\t\t\t\t\t\t<div class=\"swiper-slide\" role=\"group\" aria-roledescription=\"slide\" aria-label=\"1 de 4\"><figure class=\"swiper-slide-inner\"><img decoding=\"async\" class=\"swiper-slide-image\" src=\"https:\/\/soymigrante.com\/revista\/wp-content\/uploads\/2023\/09\/Varios-platillos-se-preparan-a-base-de-lena--768x512.webp\" alt=\"Varios platillos se preparan a base de le\u00f1a\" \/><figcaption class=\"elementor-image-carousel-caption\">Varios platillos se preparan a base de le\u00f1a y ollas de barro<\/figcaption><\/figure><\/div><div class=\"swiper-slide\" role=\"group\" aria-roledescription=\"slide\" aria-label=\"2 de 4\"><figure class=\"swiper-slide-inner\"><img decoding=\"async\" class=\"swiper-slide-image\" src=\"https:\/\/soymigrante.com\/revista\/wp-content\/uploads\/2023\/09\/Los-recados-y-alimentos-son-preparados-en-ollas-de-barro-para-la-creacion-de-sabores-unicos-768x512.webp\" alt=\"Los recados y alimentos son preparados en ollas de barro para la creaci\u00f3n de sabores \u00fanicos\" \/><figcaption class=\"elementor-image-carousel-caption\">Los recados y alimentos son preparados en ollas de barro para la creaci\u00f3n de sabores \u00fanicos<\/figcaption><\/figure><\/div><div class=\"swiper-slide\" role=\"group\" aria-roledescription=\"slide\" aria-label=\"3 de 4\"><figure class=\"swiper-slide-inner\"><img decoding=\"async\" class=\"swiper-slide-image\" src=\"https:\/\/soymigrante.com\/revista\/wp-content\/uploads\/2023\/09\/El-pollo-rostizado-es-otro-de-los-platillos-tradicionales-en-Guatemala-768x512.webp\" alt=\"El pollo frito en perol no es originario de Guatemala pero no se puede negar que tiene el sabor peculiar de cada venta en donde se prepara.\" \/><figcaption class=\"elementor-image-carousel-caption\">El pollo rostizado es otro de los platillos tradicionales en Guatemala<\/figcaption><\/figure><\/div><div class=\"swiper-slide\" role=\"group\" aria-roledescription=\"slide\" aria-label=\"4 de 4\"><figure class=\"swiper-slide-inner\"><img decoding=\"async\" class=\"swiper-slide-image\" src=\"https:\/\/soymigrante.com\/revista\/wp-content\/uploads\/2023\/09\/La-lena-y-el-fuego-una-combinacion-perfecta-para-el-sabor-y-la-sason-768x512.webp\" alt=\"La le\u00f1a y el fuego una combinaci\u00f3n perfecta para el sabor y la saz\u00f3n\" \/><figcaption class=\"elementor-image-carousel-caption\">La le\u00f1a y el fuego una combinaci\u00f3n perfecta para el sabor y la saz\u00f3n<\/figcaption><\/figure><\/div>\t\t\t<\/div>\n\t\t\t\t\t\t\t\t\t\t\t\t<div class=\"elementor-swiper-button elementor-swiper-button-prev\" role=\"button\" tabindex=\"0\">\n\t\t\t\t\t\t<i aria-hidden=\"true\" class=\"eicon-chevron-left\"><\/i>\t\t\t\t\t<\/div>\n\t\t\t\t\t<div class=\"elementor-swiper-button elementor-swiper-button-next\" role=\"button\" tabindex=\"0\">\n\t\t\t\t\t\t<i aria-hidden=\"true\" class=\"eicon-chevron-right\"><\/i>\t\t\t\t\t<\/div>\n\t\t\t\t\n\t\t\t\t\t\t\t\t\t<div class=\"swiper-pagination\"><\/div>\n\t\t\t\t\t\t\t\t\t<\/div>\n\t\t\t\t\t\t<\/div>\n\t\t\t\t\t<\/div>\n\t\t<\/div>\n\t\t\t\t\t<\/div>\n\t\t<\/section>\n\t\t\t\t<section data-particle_enable=\"false\" data-particle-mobile-disabled=\"false\" class=\"elementor-section elementor-top-section elementor-element elementor-element-d348cb4 elementor-section-boxed elementor-section-height-default elementor-section-height-default\" data-id=\"d348cb4\" data-element_type=\"section\" data-e-type=\"section\">\n\t\t\t\t\t\t<div class=\"elementor-container elementor-column-gap-default\">\n\t\t\t\t\t<div class=\"elementor-column elementor-col-100 elementor-top-column elementor-element elementor-element-1923fe0\" data-id=\"1923fe0\" data-element_type=\"column\" data-e-type=\"column\">\n\t\t\t<div class=\"elementor-widget-wrap elementor-element-populated\">\n\t\t\t\t\t\t<div class=\"elementor-element elementor-element-9919a6c elementor-widget elementor-widget-text-editor\" data-id=\"9919a6c\" data-element_type=\"widget\" data-e-type=\"widget\" data-widget_type=\"text-editor.default\">\n\t\t\t\t\t\t\t\t\t<p><span style=\"font-weight: 400\">En las ferias titulares se realizan diversas actividades que movilizan gran parte de la poblaci\u00f3n, la venta de platillos y antojitos tradicionales son parte de la comercializaci\u00f3n y de la econom\u00eda local de los guatemaltecos. Se da utilidad de productos e ingredientes de la regi\u00f3n que brindan un sabor \u00fanico y especial.<\/span><\/p>\t\t\t\t\t\t\t\t<\/div>\n\t\t\t\t\t<\/div>\n\t\t<\/div>\n\t\t\t\t\t<\/div>\n\t\t<\/section>\n\t\t\t\t<section data-particle_enable=\"false\" data-particle-mobile-disabled=\"false\" class=\"elementor-section elementor-top-section elementor-element elementor-element-6da365f elementor-section-boxed elementor-section-height-default elementor-section-height-default\" data-id=\"6da365f\" data-element_type=\"section\" data-e-type=\"section\">\n\t\t\t\t\t\t<div class=\"elementor-container elementor-column-gap-default\">\n\t\t\t\t\t<div class=\"elementor-column elementor-col-100 elementor-top-column elementor-element elementor-element-dabeb76\" data-id=\"dabeb76\" data-element_type=\"column\" data-e-type=\"column\">\n\t\t\t<div class=\"elementor-widget-wrap elementor-element-populated\">\n\t\t\t\t\t\t<div class=\"elementor-element elementor-element-0e8169f elementor-widget elementor-widget-blfe-post-grid\" data-id=\"0e8169f\" data-element_type=\"widget\" data-e-type=\"widget\" data-settings=\"{&quot;columns&quot;:&quot;6&quot;,&quot;columns_tablet&quot;:&quot;6&quot;,&quot;columns_mobile&quot;:&quot;12&quot;,&quot;hero1_slides_to_show&quot;:3,&quot;hero1_slides_to_show_tablet&quot;:2,&quot;hero1_slides_to_show_mobile&quot;:1,&quot;hero1_autoplay&quot;:&quot;yes&quot;,&quot;hero1_autoplay_speed&quot;:5000,&quot;hero1_pause_on_hover&quot;:&quot;no&quot;,&quot;hero1_loop&quot;:&quot;yes&quot;,&quot;hero1_animation_speed&quot;:200,&quot;hero1_navigation&quot;:&quot;dots&quot;,&quot;hero1_carousel_arrow_size&quot;:{&quot;unit&quot;:&quot;px&quot;,&quot;size&quot;:&quot;&quot;,&quot;sizes&quot;:[]},&quot;hero1_carousel_arrow_size_tablet&quot;:{&quot;unit&quot;:&quot;px&quot;,&quot;size&quot;:&quot;&quot;,&quot;sizes&quot;:[]},&quot;hero1_carousel_arrow_size_mobile&quot;:{&quot;unit&quot;:&quot;px&quot;,&quot;size&quot;:&quot;&quot;,&quot;sizes&quot;:[]},&quot;hero1_carousel_arrow_height&quot;:{&quot;unit&quot;:&quot;px&quot;,&quot;size&quot;:&quot;&quot;,&quot;sizes&quot;:[]},&quot;hero1_carousel_arrow_height_tablet&quot;:{&quot;unit&quot;:&quot;px&quot;,&quot;size&quot;:&quot;&quot;,&quot;sizes&quot;:[]},&quot;hero1_carousel_arrow_height_mobile&quot;:{&quot;unit&quot;:&quot;px&quot;,&quot;size&quot;:&quot;&quot;,&quot;sizes&quot;:[]},&quot;hero1_carousel_arrow_width&quot;:{&quot;unit&quot;:&quot;px&quot;,&quot;size&quot;:&quot;&quot;,&quot;sizes&quot;:[]},&quot;hero1_carousel_arrow_width_tablet&quot;:{&quot;unit&quot;:&quot;px&quot;,&quot;size&quot;:&quot;&quot;,&quot;sizes&quot;:[]},&quot;hero1_carousel_arrow_width_mobile&quot;:{&quot;unit&quot;:&quot;px&quot;,&quot;size&quot;:&quot;&quot;,&quot;sizes&quot;:[]},&quot;hero1_carousel_dots_size&quot;:{&quot;unit&quot;:&quot;px&quot;,&quot;size&quot;:&quot;&quot;,&quot;sizes&quot;:[]},&quot;hero1_carousel_dots_size_tablet&quot;:{&quot;unit&quot;:&quot;px&quot;,&quot;size&quot;:&quot;&quot;,&quot;sizes&quot;:[]},&quot;hero1_carousel_dots_size_mobile&quot;:{&quot;unit&quot;:&quot;px&quot;,&quot;size&quot;:&quot;&quot;,&quot;sizes&quot;:[]}}\" data-widget_type=\"blfe-post-grid.hero1\">\n\t\t\t\t<div class=\"elementor-widget-container\">\n\t\t\t\t\t\n            \n                <div data-skin=\"hero1\" class=\"blfe-row blfe-posts-inner blfe-hero1      blfe-carousel  \">\n                            <div class=\"blfe-post-grid-item\">\n            <div class=\"blfe-post-grid-item-inner blfe-modern-zoom\">\n                        <div class=\"blfe-post-grid-bg-image\">\n            <a class=\"blfe-post-grid-image-inner\" href=\"https:\/\/soymigrante.com\/revista\/elisa-escamilla-emprendedora-invierte-en-guatemala\/\" title=\"Elisa Escamilla: una historia de amor, foto y grandes objetivos.\" rel=\"nofollow\" target=\"_blank\"><img decoding=\"async\" src=\"https:\/\/soymigrante.com\/revista\/wp-content\/uploads\/2023\/03\/SOY-ELISA-ESCAMILLA-ENTREVISTA-3.webp\" alt=\"Elisa Escamilla: una historia de amor, foto y grandes objetivos.\"\/><\/a>        <\/div>\n                        <div class=\"blfe-post-grid-details\">\n                    <div class=\"blfe-post-grid-details-inner\">\n                        <span class=\"blfe-post-category\"><a href=\"https:\/\/soymigrante.com\/revista\/category\/exitos\/\">\u00c9xitos<\/a><\/span>                        <h3 class=\"blfe-post-grid-title\">\n            <a href=\"https:\/\/soymigrante.com\/revista\/elisa-escamilla-emprendedora-invierte-en-guatemala\/\" title=\"Elisa Escamilla: una historia de amor, foto y grandes objetivos.\" rel=\"nofollow\" target=\"_blank\">Elisa Escamilla: una historia de amor, foto y grandes objetivos.<\/a>\n            <\/h3>                                                            <div class=\"blfe-post-grid-meta\">\n                <span class=\"blfe-post-grid-author\"><i class=\"fa fa-user far fa-user\"><\/i>by <a href=\"https:\/\/soymigrante.com\/revista\/author\/gustavo\/\">Gustavo Montenegro<\/a><\/span>                    <div class=\"blfe-post-meta-dot\"><\/div>\n                    <span class=\"blfe-post-grid-date\"><i class=\"fa fa-calendar-alt far fa-calendar-alt\"><\/i>25\/05\/2023<\/span>                    <div class=\"blfe-post-meta-dot\"><\/div>\n                                <\/div>\n                                                        <\/div>\n                <\/div>\n\n            <\/div>\n        <\/div>\n                <div class=\"blfe-post-grid-item\">\n            <div class=\"blfe-post-grid-item-inner blfe-modern-zoom\">\n                        <div class=\"blfe-post-grid-bg-image\">\n            <a class=\"blfe-post-grid-image-inner\" href=\"https:\/\/soymigrante.com\/revista\/juan-francisco-es-qanjobal-comunicador-impulsor-de-talentos-y-experto-en-robotica\/\" title=\"Los guatemaltecos debemos cambiar de chip: Juan Francisco\" rel=\"nofollow\" target=\"_blank\"><img decoding=\"async\" src=\"https:\/\/soymigrante.com\/revista\/wp-content\/uploads\/2023\/02\/PANCHOLON-1.webp\" alt=\"Los guatemaltecos debemos cambiar de chip: Juan Francisco\"\/><\/a>        <\/div>\n                        <div class=\"blfe-post-grid-details\">\n                    <div class=\"blfe-post-grid-details-inner\">\n                        <span class=\"blfe-post-category\"><a href=\"https:\/\/soymigrante.com\/revista\/category\/exitos\/\">\u00c9xitos<\/a><\/span>                        <h3 class=\"blfe-post-grid-title\">\n            <a href=\"https:\/\/soymigrante.com\/revista\/juan-francisco-es-qanjobal-comunicador-impulsor-de-talentos-y-experto-en-robotica\/\" title=\"Los guatemaltecos debemos cambiar de chip: Juan Francisco\" rel=\"nofollow\" target=\"_blank\">Los guatemaltecos debemos cambiar de chip: Juan Francisco<\/a>\n            <\/h3>                                                            <div class=\"blfe-post-grid-meta\">\n                <span class=\"blfe-post-grid-author\"><i class=\"fa fa-user far fa-user\"><\/i>by <a href=\"https:\/\/soymigrante.com\/revista\/author\/soymigrante\/\">SoyMigrante.com REVISTA<\/a><\/span>                    <div class=\"blfe-post-meta-dot\"><\/div>\n                    <span class=\"blfe-post-grid-date\"><i class=\"fa fa-calendar-alt far fa-calendar-alt\"><\/i>26\/05\/2023<\/span>                    <div class=\"blfe-post-meta-dot\"><\/div>\n                                <\/div>\n                                                        <\/div>\n                <\/div>\n\n            <\/div>\n        <\/div>\n                        <\/div>\n\n            \n            \t\t\t\t<\/div>\n\t\t\t\t<\/div>\n\t\t\t\t\t<\/div>\n\t\t<\/div>\n\t\t\t\t\t<\/div>\n\t\t<\/section>\n\t\t\t\t<\/div>\n\t\t","protected":false},"excerpt":{"rendered":"<p>En festividades sociales, deportivas y religiosas los guatemaltecos se encuentran frente a exquisitos y tentadores antojitos t\u00edpicos, que son un sabor que vive en la memoria de muchos migrantes. El pepi\u00e1n, el recado de pollo y res son tradicionales en las comunidades del occidente del pa\u00eds Churros Tradicionalmente se consumen durante ferias patronales, son a [&hellip;]<\/p>\n","protected":false},"author":10,"featured_media":2759,"comment_status":"open","ping_status":"open","sticky":false,"template":"","format":"standard","meta":{"_acf_changed":false,"_eb_attr":"","footnotes":""},"categories":[58],"tags":[],"class_list":["post-2771","post","type-post","status-publish","format-standard","has-post-thumbnail","hentry","category-guate-nuestra"],"acf":[],"aioseo_notices":[],"aioseo_head":"\n\t\t<!-- All in One SEO Pro 4.9.6.2 - aioseo.com -->\n\t<meta name=\"description\" content=\"La radio es su pasi\u00f3n y por alg\u00fan tiempo fue un medio de ingresos. Juan Francisco, maya q\u2019anjob\u2019al guatemalteco, migrante, trabaja en el campo de la programaci\u00f3n rob\u00f3tica para la industria automotriz. No obstante, sigue adelante con el proyecto de sus sue\u00f1os Panchol\u00f3n Radio, una estaci\u00f3n digital que transmite m\u00fasica de marimba desde Michigan para todo el mundo.\" \/>\n\t<meta name=\"robots\" content=\"max-snippet:-1, max-image-preview:large, max-video-preview:-1\" \/>\n\t<meta name=\"author\" content=\"SoyMigrante.com REVISTA\"\/>\n\t<link rel=\"canonical\" href=\"https:\/\/soymigrante.com\/revista\/juan-francisco-es-qanjobal-comunicador-impulsor-de-talentos-y-experto-en-robotica\/\" \/>\n\t<meta name=\"generator\" content=\"All in One SEO Pro (AIOSEO) 4.9.6.2\" \/>\n\n\t\t<link rel=\"preconnect\" href=\"https:\/\/fonts.googleapis.com\" crossorigin>\n<link rel=\"preconnect\" href=\"https:\/\/fonts.gstatic.com\" crossorigin>\n\t\t<meta property=\"og:locale\" content=\"es_ES\" \/>\n\t\t<meta property=\"og:site_name\" content=\"SoyMigrante.com REVISTA \u2013 Nuestra misi\u00f3n es reconocer y dignificar al migrante.\" \/>\n\t\t<meta property=\"og:type\" content=\"article\" \/>\n\t\t<meta property=\"og:title\" content=\"Los guatemaltecos debemos cambiar de chip: Juan Francisco\" \/>\n\t\t<meta property=\"og:description\" content=\"La radio es su pasi\u00f3n y por alg\u00fan tiempo fue un medio de ingresos. Juan Francisco, maya q\u2019anjob\u2019al guatemalteco, migrante, trabaja en el campo de la programaci\u00f3n rob\u00f3tica para la industria automotriz. No obstante, sigue adelante con el proyecto de sus sue\u00f1os Panchol\u00f3n Radio, una estaci\u00f3n digital que transmite m\u00fasica de marimba desde Michigan para todo el mundo.\" \/>\n\t\t<meta property=\"og:url\" content=\"https:\/\/soymigrante.com\/revista\/juan-francisco-es-qanjobal-comunicador-impulsor-de-talentos-y-experto-en-robotica\/\" \/>\n\t\t<meta property=\"og:image\" content=\"https:\/\/soymigrante.com\/revista\/wp-content\/uploads\/2023\/02\/PANCHOLON-1.webp\" \/>\n\t\t<meta property=\"og:image:secure_url\" content=\"https:\/\/soymigrante.com\/revista\/wp-content\/uploads\/2023\/02\/PANCHOLON-1.webp\" \/>\n\t\t<meta property=\"og:image:width\" content=\"720\" \/>\n\t\t<meta property=\"og:image:height\" content=\"1070\" \/>\n\t\t<meta property=\"article:published_time\" content=\"2023-05-26T00:00:08+00:00\" \/>\n\t\t<meta property=\"article:modified_time\" content=\"2026-03-11T20:41:21+00:00\" \/>\n\t\t<meta property=\"article:publisher\" content=\"https:\/\/www.facebook.com\/soymigrantecom\" \/>\n\t\t<meta name=\"twitter:card\" content=\"summary_large_image\" \/>\n\t\t<meta name=\"twitter:site\" content=\"@SoyMigrante_com\" \/>\n\t\t<meta name=\"twitter:title\" content=\"Los guatemaltecos debemos cambiar de chip: Juan Francisco\" \/>\n\t\t<meta name=\"twitter:description\" content=\"La radio es su pasi\u00f3n y por alg\u00fan tiempo fue un medio de ingresos. Juan Francisco, maya q\u2019anjob\u2019al guatemalteco, migrante, trabaja en el campo de la programaci\u00f3n rob\u00f3tica para la industria automotriz. No obstante, sigue adelante con el proyecto de sus sue\u00f1os Panchol\u00f3n Radio, una estaci\u00f3n digital que transmite m\u00fasica de marimba desde Michigan para todo el mundo.\" \/>\n\t\t<meta name=\"twitter:creator\" content=\"@SoyMigrante_com\" \/>\n\t\t<meta name=\"twitter:image\" content=\"https:\/\/soymigrante.com\/revista\/wp-content\/uploads\/2023\/02\/PANCHOLON-1.webp\" \/>\n\t\t<!-- All in One SEO Pro -->\r\n\t\t<title>Los guatemaltecos debemos cambiar de chip: Juan Francisco<\/title>\n\n","aioseo_head_json":{"title":"Los guatemaltecos debemos cambiar de chip: Juan Francisco","description":"La radio es su pasi\u00f3n y por alg\u00fan tiempo fue un medio de ingresos. Juan Francisco, maya q\u2019anjob\u2019al guatemalteco, migrante, trabaja en el campo de la programaci\u00f3n rob\u00f3tica para la industria automotriz. No obstante, sigue adelante con el proyecto de sus sue\u00f1os Panchol\u00f3n Radio, una estaci\u00f3n digital que transmite m\u00fasica de marimba desde Michigan para todo el mundo.","canonical_url":"https:\/\/soymigrante.com\/revista\/juan-francisco-es-qanjobal-comunicador-impulsor-de-talentos-y-experto-en-robotica\/","robots":"max-snippet:-1, max-image-preview:large, max-video-preview:-1","keywords":"","webmasterTools":{"miscellaneous":"&lt;link rel=\"preconnect\" href=\"https:\/\/fonts.googleapis.com\" crossorigin&gt;\n&lt;link rel=\"preconnect\" href=\"https:\/\/fonts.gstatic.com\" crossorigin&gt;"},"schema":null,"og:locale":"es_ES","og:site_name":"SoyMigrante.com REVISTA \u2013 Nuestra misi\u00f3n es reconocer y dignificar al migrante.","og:type":"article","og:title":"Los guatemaltecos debemos cambiar de chip: Juan Francisco","og:description":"La radio es su pasi\u00f3n y por alg\u00fan tiempo fue un medio de ingresos. Juan Francisco, maya q\u2019anjob\u2019al guatemalteco, migrante, trabaja en el campo de la programaci\u00f3n rob\u00f3tica para la industria automotriz. No obstante, sigue adelante con el proyecto de sus sue\u00f1os Panchol\u00f3n Radio, una estaci\u00f3n digital que transmite m\u00fasica de marimba desde Michigan para todo el mundo.","og:url":"https:\/\/soymigrante.com\/revista\/juan-francisco-es-qanjobal-comunicador-impulsor-de-talentos-y-experto-en-robotica\/","og:image":"https:\/\/soymigrante.com\/revista\/wp-content\/uploads\/2023\/02\/PANCHOLON-1.webp","og:image:secure_url":"https:\/\/soymigrante.com\/revista\/wp-content\/uploads\/2023\/02\/PANCHOLON-1.webp","og:image:width":720,"og:image:height":1070,"article:published_time":"2023-05-26T00:00:08+00:00","article:modified_time":"2026-03-11T20:41:21+00:00","article:publisher":"https:\/\/www.facebook.com\/soymigrantecom","twitter:card":"summary_large_image","twitter:site":"@SoyMigrante_com","twitter:title":"Los guatemaltecos debemos cambiar de chip: Juan Francisco","twitter:description":"La radio es su pasi\u00f3n y por alg\u00fan tiempo fue un medio de ingresos. Juan Francisco, maya q\u2019anjob\u2019al guatemalteco, migrante, trabaja en el campo de la programaci\u00f3n rob\u00f3tica para la industria automotriz. No obstante, sigue adelante con el proyecto de sus sue\u00f1os Panchol\u00f3n Radio, una estaci\u00f3n digital que transmite m\u00fasica de marimba desde Michigan para todo el mundo.","twitter:creator":"@SoyMigrante_com","twitter:image":"https:\/\/soymigrante.com\/revista\/wp-content\/uploads\/2023\/02\/PANCHOLON-1.webp"},"aioseo_meta_data":{"post_id":"2771","title":null,"description":"#post_excerpt \u00danicos por sus ingredientes y preparaci\u00f3n, antojos cosabores tradicionales de Guatemala","keywords":[],"keyphrases":{"focus":{"keyphrase":"Migrantes","score":60,"analysis":{"keyphraseInTitle":{"score":9,"maxScore":9,"error":0},"keyphraseInDescription":{"score":9,"maxScore":9,"error":0},"keyphraseLength":{"score":9,"maxScore":9,"error":0,"length":1},"keyphraseInURL":{"score":5,"maxScore":5,"error":0},"keyphraseInIntroduction":{"score":3,"maxScore":9,"error":1},"keyphraseInSubHeadings":{"score":3,"maxScore":9,"error":1},"keyphraseInImageAlt":{"score":3,"maxScore":9,"error":1},"keywordDensity":{"score":0,"type":"low","maxScore":9,"error":1}}},"additional":[]},"primary_term":null,"canonical_url":null,"og_title":null,"og_description":null,"og_object_type":"default","og_image_type":"default","og_image_url":null,"og_image_width":null,"og_image_height":null,"og_image_custom_url":null,"og_image_custom_fields":null,"og_video":"","og_custom_url":null,"og_article_section":null,"og_article_tags":[],"twitter_use_og":false,"twitter_card":"default","twitter_image_type":"default","twitter_image_url":null,"twitter_image_custom_url":null,"twitter_image_custom_fields":null,"twitter_title":null,"twitter_description":null,"schema":{"blockGraphs":[],"customGraphs":[],"default":{"data":{"Article":[],"Course":[],"Dataset":[],"FAQPage":[],"Movie":[],"Person":[],"Product":[],"ProductReview":[],"Car":[],"Recipe":[],"Service":[],"SoftwareApplication":[],"WebPage":[]},"graphName":"BlogPosting","isEnabled":true},"graphs":[]},"schema_type":"default","schema_type_options":null,"pillar_content":false,"robots_default":true,"robots_noindex":false,"robots_noarchive":false,"robots_nosnippet":false,"robots_nofollow":false,"robots_noimageindex":false,"robots_noodp":false,"robots_notranslate":false,"robots_max_snippet":"-1","robots_max_videopreview":"-1","robots_max_imagepreview":"large","priority":null,"frequency":"default","local_seo":null,"seo_analyzer_scan_date":"2025-10-08 20:27:59","breadcrumb_settings":null,"limit_modified_date":false,"reviewed_by":null,"open_ai":null,"ai":null,"created":"2023-10-02 07:21:36","updated":"2026-02-04 09:42:19"},"aioseo_breadcrumb":"<div class=\"aioseo-breadcrumbs\"><span class=\"aioseo-breadcrumb\">\n\t<a href=\"https:\/\/soymigrante.com\/revista\" title=\"Home\">Home<\/a>\n<\/span><span class=\"aioseo-breadcrumb-separator\">\u00bb<\/span><span class=\"aioseo-breadcrumb\">\n\t<a href=\"https:\/\/soymigrante.com\/revista\/category\/guate-nuestra\/\" title=\"Guate Nuestra\">Guate Nuestra<\/a>\n<\/span><span class=\"aioseo-breadcrumb-separator\">\u00bb<\/span><span class=\"aioseo-breadcrumb\">\n\tCinco antojitos guatemaltecos que  desatan la nostalgia en los migrantes\n<\/span><\/div>","aioseo_breadcrumb_json":[{"label":"Home","link":"https:\/\/soymigrante.com\/revista"},{"label":"Guate Nuestra","link":"https:\/\/soymigrante.com\/revista\/category\/guate-nuestra\/"},{"label":"Cinco antojitos guatemaltecos que  desatan la nostalgia en los migrantes","link":"https:\/\/soymigrante.com\/revista\/cinco-antojitos-guatemaltecos-que-desatan-la-nostalgia-en-los-migrantes\/"}],"_links":{"self":[{"href":"https:\/\/soymigrante.com\/revista\/wp-json\/wp\/v2\/posts\/2771","targetHints":{"allow":["GET"]}}],"collection":[{"href":"https:\/\/soymigrante.com\/revista\/wp-json\/wp\/v2\/posts"}],"about":[{"href":"https:\/\/soymigrante.com\/revista\/wp-json\/wp\/v2\/types\/post"}],"author":[{"embeddable":true,"href":"https:\/\/soymigrante.com\/revista\/wp-json\/wp\/v2\/users\/10"}],"replies":[{"embeddable":true,"href":"https:\/\/soymigrante.com\/revista\/wp-json\/wp\/v2\/comments?post=2771"}],"version-history":[{"count":0,"href":"https:\/\/soymigrante.com\/revista\/wp-json\/wp\/v2\/posts\/2771\/revisions"}],"wp:featuredmedia":[{"embeddable":true,"href":"https:\/\/soymigrante.com\/revista\/wp-json\/wp\/v2\/media\/2759"}],"wp:attachment":[{"href":"https:\/\/soymigrante.com\/revista\/wp-json\/wp\/v2\/media?parent=2771"}],"wp:term":[{"taxonomy":"category","embeddable":true,"href":"https:\/\/soymigrante.com\/revista\/wp-json\/wp\/v2\/categories?post=2771"},{"taxonomy":"post_tag","embeddable":true,"href":"https:\/\/soymigrante.com\/revista\/wp-json\/wp\/v2\/tags?post=2771"}],"curies":[{"name":"wp","href":"https:\/\/api.w.org\/{rel}","templated":true}]}}