{"id":27675,"date":"2025-03-21T06:00:00","date_gmt":"2025-03-21T12:00:00","guid":{"rendered":"https:\/\/soymigrante.com\/revista\/?p=27675"},"modified":"2025-03-20T22:58:05","modified_gmt":"2025-03-21T04:58:05","slug":"pescado-a-la-vizcaina-es-un-platillo-cuaresmal-que-se-ha-vuelto-muy-guatemalteco","status":"publish","type":"post","link":"https:\/\/soymigrante.com\/revista\/pescado-a-la-vizcaina-es-un-platillo-cuaresmal-que-se-ha-vuelto-muy-guatemalteco\/","title":{"rendered":"Pescado a la Vizca\u00edna es un platillo cuaresmal que se ha vuelto muy guatemalteco"},"content":{"rendered":"\t\t<div data-elementor-type=\"wp-post\" data-elementor-id=\"27675\" class=\"elementor elementor-27675\" data-elementor-post-type=\"post\">\n\t\t\t\t<div data-particle_enable=\"false\" data-particle-mobile-disabled=\"false\" class=\"elementor-element elementor-element-ed86998 e-flex e-con-boxed e-con e-parent\" data-id=\"ed86998\" data-element_type=\"container\" data-e-type=\"container\">\n\t\t\t\t\t<div class=\"e-con-inner\">\n\t\t\t\t<div class=\"elementor-element elementor-element-4ef5b10 elementor-widget elementor-widget-heading\" data-id=\"4ef5b10\" data-element_type=\"widget\" data-e-type=\"widget\" data-widget_type=\"heading.default\">\n\t\t\t\t\t<h2 class=\"elementor-heading-title elementor-size-default\">El pescado a la vizca\u00edna es una receta con historia y tradici\u00f3n, que ha evolucionado con el tiempo para adaptarse a los ingredientes y costumbres de cada regi\u00f3n. \n<\/h2>\t\t\t\t<\/div>\n\t\t\t\t\t<\/div>\n\t\t\t\t<\/div>\n\t\t<div data-particle_enable=\"false\" data-particle-mobile-disabled=\"false\" class=\"elementor-element elementor-element-14aaf1c e-flex e-con-boxed e-con e-parent\" data-id=\"14aaf1c\" data-element_type=\"container\" data-e-type=\"container\">\n\t\t\t\t\t<div class=\"e-con-inner\">\n\t\t\t\t<div class=\"elementor-element elementor-element-a774bee elementor-widget elementor-widget-text-editor\" data-id=\"a774bee\" data-element_type=\"widget\" data-e-type=\"widget\" data-widget_type=\"text-editor.default\">\n\t\t\t\t\t\t\t\t\t<p>El pescado a la vizca\u00edna es un platillo con ra\u00edces en la cocina vasca, pero que ha <a href=\"https:\/\/soymigrante.com\/revista\/chapines-food-comida-guatemalteca-antojitos\/\" target=\"_blank\" rel=\"noopener\">trascendido fronteras y se ha convertido en una tradici\u00f3n culinaria en varias partes de Am\u00e9rica Latina<\/a>, especialmente durante la Semana Santa.<\/p><p>Su historia, ingredientes y receta reflejan <a href=\"https:\/\/soymigrante.com\/revista\/chapines-food-comida-guatemalteca-antojitos\/\" target=\"_blank\" rel=\"noopener\">una combinaci\u00f3n de influencias europeas y locales<\/a>, lo que le ha permitido mantenerse vigente en la gastronom\u00eda de varios pa\u00edses.<\/p>\t\t\t\t\t\t\t\t<\/div>\n\t\t\t\t\t<\/div>\n\t\t\t\t<\/div>\n\t\t<div data-particle_enable=\"false\" data-particle-mobile-disabled=\"false\" class=\"elementor-element elementor-element-bf6b34a e-flex e-con-boxed e-con e-parent\" data-id=\"bf6b34a\" data-element_type=\"container\" data-e-type=\"container\">\n\t\t\t\t\t<div class=\"e-con-inner\">\n\t\t\t\t<div class=\"elementor-element elementor-element-153980f elementor-widget elementor-widget-heading\" data-id=\"153980f\" data-element_type=\"widget\" data-e-type=\"widget\" data-widget_type=\"heading.default\">\n\t\t\t\t\t<h3 class=\"elementor-heading-title elementor-size-default\">Origen del Pescado a la Vizca\u00edna<\/h3>\t\t\t\t<\/div>\n\t\t\t\t\t<\/div>\n\t\t\t\t<\/div>\n\t\t<div data-particle_enable=\"false\" data-particle-mobile-disabled=\"false\" class=\"elementor-element elementor-element-de0216e e-flex e-con-boxed e-con e-parent\" data-id=\"de0216e\" data-element_type=\"container\" data-e-type=\"container\">\n\t\t\t\t\t<div class=\"e-con-inner\">\n\t\t\t\t<div class=\"elementor-element elementor-element-adbecec elementor-widget elementor-widget-text-editor\" data-id=\"adbecec\" data-element_type=\"widget\" data-e-type=\"widget\" data-widget_type=\"text-editor.default\">\n\t\t\t\t\t\t\t\t\t<p>El t\u00e9rmino \u201ca la vizca\u00edna\u201d hace referencia a la regi\u00f3n de Vizcaya, en el Pa\u00eds Vasco, Espa\u00f1a.<a href=\"https:\/\/soymigrante.com\/revista\/chapines-food-comida-guatemalteca-antojitos\/\" target=\"_blank\" rel=\"noopener\"> La receta original proviene de los marineros vascos, quienes preparaban bacalao seco en una salsa a base de pimientos choriceros y tomate, ingredientes abundantes en la zona<\/a>.<\/p><p>Con el paso del tiempo, esta preparaci\u00f3n se adapt\u00f3 a los ingredientes disponibles en Am\u00e9rica Latina, sustituyendo en muchos casos los pimientos choriceros por pimientos morrones o guajillos y utilizando pescados locales en lugar del bacalao.<\/p><p>En pa\u00edses como M\u00e9xico, Guatemala y El Salvador, el pescado a la vizca\u00edna ha sido adoptado como una comida especial para la Cuaresma y Semana Santa, debido a la tradici\u00f3n cristiana de evitar el consumo de carne roja en estas fechas.<\/p>\t\t\t\t\t\t\t\t<\/div>\n\t\t\t\t\t<\/div>\n\t\t\t\t<\/div>\n\t\t<div data-particle_enable=\"false\" data-particle-mobile-disabled=\"false\" class=\"elementor-element elementor-element-9544e93 e-flex e-con-boxed e-con e-parent\" data-id=\"9544e93\" data-element_type=\"container\" data-e-type=\"container\">\n\t\t\t\t\t<div class=\"e-con-inner\">\n\t\t\t\t<div class=\"elementor-element elementor-element-b247ea0 elementor-widget elementor-widget-heading\" data-id=\"b247ea0\" data-element_type=\"widget\" data-e-type=\"widget\" data-widget_type=\"heading.default\">\n\t\t\t\t\t<h3 class=\"elementor-heading-title elementor-size-default\">\u00bfPor qu\u00e9 se consume en Semana Santa?<\/h3>\t\t\t\t<\/div>\n\t\t\t\t\t<\/div>\n\t\t\t\t<\/div>\n\t\t<div data-particle_enable=\"false\" data-particle-mobile-disabled=\"false\" class=\"elementor-element elementor-element-1542220 e-flex e-con-boxed e-con e-parent\" data-id=\"1542220\" data-element_type=\"container\" data-e-type=\"container\">\n\t\t\t\t\t<div class=\"e-con-inner\">\n\t\t\t\t<div class=\"elementor-element elementor-element-d0344d2 elementor-widget elementor-widget-text-editor\" data-id=\"d0344d2\" data-element_type=\"widget\" data-e-type=\"widget\" data-widget_type=\"text-editor.default\">\n\t\t\t\t\t\t\t\t\t<p><a href=\"https:\/\/soymigrante.com\/revista\/chapines-food-comida-guatemalteca-antojitos\/\" target=\"_blank\" rel=\"noopener\">El pescado a la vizca\u00edna es un platillo muy popular durante la Semana Santa<\/a> debido a la costumbre religiosa de no comer carne roja en este per\u00edodo.<\/p><p>La Iglesia Cat\u00f3lica establece que el consumo de carne se debe evitar el Viernes Santo y, en algunos casos, todos los viernes de Cuaresma, en se\u00f1al de penitencia y sacrificio.<\/p>\t\t\t\t\t\t\t\t<\/div>\n\t\t\t\t\t<\/div>\n\t\t\t\t<\/div>\n\t\t<div data-particle_enable=\"false\" data-particle-mobile-disabled=\"false\" class=\"elementor-element elementor-element-2a50cdc e-flex e-con-boxed e-con e-parent\" data-id=\"2a50cdc\" data-element_type=\"container\" data-e-type=\"container\">\n\t\t\t\t\t<div class=\"e-con-inner\">\n\t\t\t\t<div class=\"elementor-element elementor-element-7c345fa elementor-widget elementor-widget-text-editor\" data-id=\"7c345fa\" data-element_type=\"widget\" data-e-type=\"widget\" data-widget_type=\"text-editor.default\">\n\t\t\t\t\t\t\t\t\t<p><a href=\"https:\/\/soymigrante.com\/revista\/chapines-food-comida-guatemalteca-antojitos\/\" target=\"_blank\" rel=\"noopener\">Dado que el pescado ha sido hist\u00f3ricamente un alimento permitido en estas fechas,<\/a> muchas culturas han desarrollado recetas especiales con este ingrediente.<\/p><p>En Latinoam\u00e9rica, el pescado a la vizca\u00edna se ha convertido en una de las opciones m\u00e1s apreciadas por su sabor y f\u00e1cil preparaci\u00f3n, adem\u00e1s de su simbolismo religioso.<\/p>\t\t\t\t\t\t\t\t<\/div>\n\t\t\t\t\t<\/div>\n\t\t\t\t<\/div>\n\t\t<div data-particle_enable=\"false\" data-particle-mobile-disabled=\"false\" class=\"elementor-element elementor-element-be0a45c e-flex e-con-boxed e-con e-parent\" data-id=\"be0a45c\" data-element_type=\"container\" data-e-type=\"container\">\n\t\t\t\t\t<div class=\"e-con-inner\">\n\t\t\t\t<div class=\"elementor-element elementor-element-49c0085 elementor-widget elementor-widget-image\" data-id=\"49c0085\" data-element_type=\"widget\" data-e-type=\"widget\" data-widget_type=\"image.default\">\n\t\t\t\t\t\t\t\t\t\t\t\t<figure class=\"wp-caption\">\n\t\t\t\t\t\t\t\t\t\t<img fetchpriority=\"high\" decoding=\"async\" width=\"768\" height=\"768\" src=\"https:\/\/soymigrante.com\/revista\/wp-content\/uploads\/2025\/03\/pescado-a-la-vizcaina-1024x1024.jpeg\" class=\"attachment-large size-large wp-image-27683\" alt=\"FileName: platillo-tradicional-mexicano-con-pollo-y-papas.jpg.\" srcset=\"https:\/\/soymigrante.com\/revista\/wp-content\/uploads\/2025\/03\/pescado-a-la-vizcaina-1024x1024.jpeg 1024w, https:\/\/soymigrante.com\/revista\/wp-content\/uploads\/2025\/03\/pescado-a-la-vizcaina-300x300.jpeg 300w, https:\/\/soymigrante.com\/revista\/wp-content\/uploads\/2025\/03\/pescado-a-la-vizcaina-150x150.jpeg 150w, https:\/\/soymigrante.com\/revista\/wp-content\/uploads\/2025\/03\/pescado-a-la-vizcaina-768x768.jpeg 768w, https:\/\/soymigrante.com\/revista\/wp-content\/uploads\/2025\/03\/pescado-a-la-vizcaina-1536x1536.jpeg 1536w, https:\/\/soymigrante.com\/revista\/wp-content\/uploads\/2025\/03\/pescado-a-la-vizcaina-75x75.webp 75w, https:\/\/soymigrante.com\/revista\/wp-content\/uploads\/2025\/03\/pescado-a-la-vizcaina-750x750.webp 750w, https:\/\/soymigrante.com\/revista\/wp-content\/uploads\/2025\/03\/pescado-a-la-vizcaina-1140x1141.webp 1140w, https:\/\/soymigrante.com\/revista\/wp-content\/uploads\/2025\/03\/pescado-a-la-vizcaina.webp 1919w\" sizes=\"(max-width: 768px) 100vw, 768px\" title=\"pescado a la vizcaina \u2013 SoyMigrante.com REVISTA\" \/>\t\t\t\t\t\t\t\t\t\t\t<figcaption class=\"widget-image-caption wp-caption-text\">Alt Text: Platillo tradicional mexicano con pollo, papas, arroz y guisantes en salsa de tomate, servido en un plato blanco sobre tela colorida.<\/figcaption>\n\t\t\t\t\t\t\t\t\t\t<\/figure>\n\t\t\t\t\t\t\t\t\t<\/div>\n\t\t\t\t\t<\/div>\n\t\t\t\t<\/div>\n\t\t<div data-particle_enable=\"false\" data-particle-mobile-disabled=\"false\" class=\"elementor-element elementor-element-46e9503 e-flex e-con-boxed e-con e-parent\" data-id=\"46e9503\" data-element_type=\"container\" data-e-type=\"container\">\n\t\t\t\t\t<div class=\"e-con-inner\">\n\t\t\t\t<div class=\"elementor-element elementor-element-1e58d1e elementor-widget elementor-widget-heading\" data-id=\"1e58d1e\" data-element_type=\"widget\" data-e-type=\"widget\" data-widget_type=\"heading.default\">\n\t\t\t\t\t<h3 class=\"elementor-heading-title elementor-size-default\">Ingredientes del Pescado a la Vizca\u00edna<\/h3>\t\t\t\t<\/div>\n\t\t\t\t\t<\/div>\n\t\t\t\t<\/div>\n\t\t<div data-particle_enable=\"false\" data-particle-mobile-disabled=\"false\" class=\"elementor-element elementor-element-dfd660e e-flex e-con-boxed e-con e-parent\" data-id=\"dfd660e\" data-element_type=\"container\" data-e-type=\"container\">\n\t\t\t\t\t<div class=\"e-con-inner\">\n\t\t\t\t<div class=\"elementor-element elementor-element-e28bbcf elementor-widget elementor-widget-text-editor\" data-id=\"e28bbcf\" data-element_type=\"widget\" data-e-type=\"widget\" data-widget_type=\"text-editor.default\">\n\t\t\t\t\t\t\t\t\t<div>Los ingredientes pueden variar dependiendo del pa\u00eds o la regi\u00f3n, pero la base del platillo generalmente incluye:<\/div><div>\u20224 filetes de pescado blanco (bacalao, tilapia, robalo o merluza)<\/div><div>\u20222 tomates grandes, picados o licuados<\/div><div>\u20221 cebolla grande, en rodajas<\/div><div>\u20222 dientes de ajo, picados<\/div><div>\u20221 pimiento morr\u00f3n rojo, en tiras<\/div><div>\u20221 pimiento morr\u00f3n verde, en tiras<\/div><div>\u2022\u00bd taza de aceitunas verdes o negras<\/div><div>\u20222 cucharadas de alcaparras<\/div><div>\u2022\u00bd taza de pur\u00e9 de tomate<\/div><div>\u2022\u00bd taza de caldo de pescado o agua<\/div><div>\u2022Aceite de oliva<\/div><div>\u2022Sal y pimienta al gusto<\/div><div>\u2022Laurel y tomillo (opcional)<\/div>\t\t\t\t\t\t\t\t<\/div>\n\t\t\t\t\t<\/div>\n\t\t\t\t<\/div>\n\t\t<div data-particle_enable=\"false\" data-particle-mobile-disabled=\"false\" class=\"elementor-element elementor-element-0707e10 e-flex e-con-boxed e-con e-parent\" data-id=\"0707e10\" data-element_type=\"container\" data-e-type=\"container\">\n\t\t\t\t\t<div class=\"e-con-inner\">\n\t\t\t\t<div class=\"elementor-element elementor-element-e5c4993 elementor-widget elementor-widget-heading\" data-id=\"e5c4993\" data-element_type=\"widget\" data-e-type=\"widget\" data-widget_type=\"heading.default\">\n\t\t\t\t\t<h3 class=\"elementor-heading-title elementor-size-default\">Receta del Pescado a la Vizca\u00edna<\/h3>\t\t\t\t<\/div>\n\t\t\t\t\t<\/div>\n\t\t\t\t<\/div>\n\t\t<div data-particle_enable=\"false\" data-particle-mobile-disabled=\"false\" class=\"elementor-element elementor-element-b843b47 e-flex e-con-boxed e-con e-parent\" data-id=\"b843b47\" data-element_type=\"container\" data-e-type=\"container\">\n\t\t\t\t\t<div class=\"e-con-inner\">\n\t\t\t\t<div class=\"elementor-element elementor-element-f145919 elementor-widget elementor-widget-text-editor\" data-id=\"f145919\" data-element_type=\"widget\" data-e-type=\"widget\" data-widget_type=\"text-editor.default\">\n\t\t\t\t\t\t\t\t\t<div><strong>Paso 1: Preparaci\u00f3n de la salsa<\/strong><\/div><div>1.En una sart\u00e9n grande, calentar un poco de aceite de oliva y sofre\u00edr la cebolla hasta que est\u00e9 transparente.<\/div><div>2.Agregar el ajo picado y cocinar por un minuto m\u00e1s.<\/div><div>3.Incorporar los tomates picados y el pur\u00e9 de tomate, mezclando bien.<\/div><div>4.A\u00f1adir los pimientos morrones, aceitunas y alcaparras. Cocinar a fuego medio durante unos 10 minutos, agregando el caldo de pescado si es necesario.<\/div><div>5.Sazonar con sal, pimienta, laurel y tomillo al gusto.<\/div><div>\u00a0<\/div><div><strong>Paso 2: Cocinar el pescado<\/strong><\/div><div>1.En otra sart\u00e9n, calentar un poco de aceite de oliva y sellar los filetes de pescado por ambos lados. No es necesario cocinarlos completamente en esta etapa.<\/div><div>2.Una vez dorados, colocar los filetes en la salsa de tomate preparada.<\/div><div>3.Tapar y cocinar a fuego lento durante unos 10-15 minutos, o hasta que el pescado est\u00e9 bien cocido y haya absorbido los sabores de la salsa.<\/div><div>\u00a0<\/div><div><strong>Paso 3: Servir y disfrutar<\/strong><\/div><div>\u00a0<\/div><div>Servir el pescado a la vizca\u00edna acompa\u00f1ado de arroz blanco, papas al vapor o pan. Es un platillo que resalta por su combinaci\u00f3n de sabores dulces y salados, ideal para compartir en familia durante la Semana Santa.<\/div>\t\t\t\t\t\t\t\t<\/div>\n\t\t\t\t\t<\/div>\n\t\t\t\t<\/div>\n\t\t<div data-particle_enable=\"false\" data-particle-mobile-disabled=\"false\" class=\"elementor-element elementor-element-006dfab e-flex e-con-boxed e-con e-parent\" data-id=\"006dfab\" data-element_type=\"container\" data-e-type=\"container\">\n\t\t\t\t\t<div class=\"e-con-inner\">\n\t\t\t\t<div class=\"elementor-element elementor-element-b385066 elementor-widget elementor-widget-text-editor\" data-id=\"b385066\" data-element_type=\"widget\" data-e-type=\"widget\" data-widget_type=\"text-editor.default\">\n\t\t\t\t\t\t\t\t\t<p>Su arraigo en la Semana Santa lo convierte en una opci\u00f3n imprescindible en la mesa de muchas familias, tanto por su significado religioso como por su delicioso sabor. Un platillo que, m\u00e1s all\u00e1 de su origen vasco, se ha convertido en un s\u00edmbolo de la gastronom\u00eda de Cuaresma en Latinoam\u00e9rica.<\/p>\t\t\t\t\t\t\t\t<\/div>\n\t\t\t\t\t<\/div>\n\t\t\t\t<\/div>\n\t\t<div data-particle_enable=\"false\" data-particle-mobile-disabled=\"false\" class=\"elementor-element elementor-element-238c197 e-flex e-con-boxed e-con e-parent\" data-id=\"238c197\" data-element_type=\"container\" data-e-type=\"container\">\n\t\t\t\t\t<div class=\"e-con-inner\">\n\t\t\t\t<div class=\"elementor-element elementor-element-828d187 elementor-widget elementor-widget-heading\" data-id=\"828d187\" data-element_type=\"widget\" data-e-type=\"widget\" data-widget_type=\"heading.default\">\n\t\t\t\t\t<h2 class=\"elementor-heading-title elementor-size-default\">Conoce otros deliciosos platillos, ac\u00e1...<\/h2>\t\t\t\t<\/div>\n\t\t\t\t\t<\/div>\n\t\t\t\t<\/div>\n\t\t<div data-particle_enable=\"false\" data-particle-mobile-disabled=\"false\" class=\"elementor-element elementor-element-9ccea68 e-flex e-con-boxed e-con e-parent\" data-id=\"9ccea68\" data-element_type=\"container\" data-e-type=\"container\">\n\t\t\t\t\t<div class=\"e-con-inner\">\n\t\t\t\t<div class=\"elementor-element elementor-element-b523928 elementor-grid-eael-col-3 elementor-grid-tablet-eael-col-2 elementor-grid-mobile-eael-col-1 elementor-widget elementor-widget-eael-post-grid\" data-id=\"b523928\" data-element_type=\"widget\" data-e-type=\"widget\" data-settings=\"{&quot;eael_post_grid_columns&quot;:&quot;eael-col-3&quot;,&quot;eael_post_grid_columns_tablet&quot;:&quot;eael-col-2&quot;,&quot;eael_post_grid_columns_mobile&quot;:&quot;eael-col-1&quot;}\" data-widget_type=\"eael-post-grid.default\">\n\t\t\t\t\t<div id=\"eael-post-grid-b523928\" class=\"eael-post-grid-container\">\n            <div class=\"eael-post-grid eael-post-appender eael-post-appender-b523928 eael-post-grid-style-one\" data-layout-mode=\"masonry\"><article class=\"eael-grid-post  eael-post-grid-column eael-pg-post-5562 category-guate-nuestra\" data-id=\"5562\">\n        <div class=\"eael-grid-post-holder\">\n            <div class=\"eael-grid-post-holder-inner\"><div class=\"eael-entry-media\"><div class=\"eael-entry-overlay fade-in\"><i class=\"far fa-hand-pointer\" aria-hidden=\"true\"><\/i><a href=\"https:\/\/soymigrante.com\/revista\/chapines-food-comida-guatemalteca-antojitos\/\"><\/a><\/div><div class=\"eael-entry-thumbnail \">\n                <img decoding=\"async\" width=\"1024\" height=\"456\" src=\"https:\/\/soymigrante.com\/revista\/wp-content\/uploads\/2024\/03\/comidas-guatemaltecas-para-semana-santa--1024x456.webp\" class=\"attachment-large size-large wp-image-5569\" alt=\"comidas guatemaltecas para semana santa\" srcset=\"https:\/\/soymigrante.com\/revista\/wp-content\/uploads\/2024\/03\/comidas-guatemaltecas-para-semana-santa--1024x456.webp 1024w, https:\/\/soymigrante.com\/revista\/wp-content\/uploads\/2024\/03\/comidas-guatemaltecas-para-semana-santa--300x134.webp 300w, https:\/\/soymigrante.com\/revista\/wp-content\/uploads\/2024\/03\/comidas-guatemaltecas-para-semana-santa--768x342.webp 768w, https:\/\/soymigrante.com\/revista\/wp-content\/uploads\/2024\/03\/comidas-guatemaltecas-para-semana-santa--750x334.webp 750w, https:\/\/soymigrante.com\/revista\/wp-content\/uploads\/2024\/03\/comidas-guatemaltecas-para-semana-santa-.webp 1141w\" sizes=\"(max-width: 1024px) 100vw, 1024px\" \/>\n            <\/div>\n        <\/div><div class=\"eael-entry-wrapper\"><header class=\"eael-entry-header\"><h2 class=\"eael-entry-title\"><a class=\"eael-grid-post-link\" href=\"https:\/\/soymigrante.com\/revista\/chapines-food-comida-guatemalteca-antojitos\/\" title=\"Antojitos guatemaltecos propios de Cuaresma y Semana Santa\">Antojitos guatemaltecos propios de Cuaresma y Semana Santa<\/a><\/h2><\/header><div class=\"eael-entry-content\">\n                        <div class=\"eael-grid-post-excerpt\"><a href=\"https:\/\/soymigrante.com\/revista\/chapines-food-comida-guatemalteca-antojitos\/\" class=\"eael-post-elements-readmore-btn\">CONOCE SU HISTORIA <\/a><\/div>\n                    <\/div><\/div><\/div>\n        <\/div>\n    <\/article><article class=\"eael-grid-post  eael-post-grid-column eael-pg-post-25144 category-guate-nuestra\" data-id=\"25144\">\n        <div class=\"eael-grid-post-holder\">\n            <div class=\"eael-grid-post-holder-inner\"><div class=\"eael-entry-media\"><div class=\"eael-entry-overlay fade-in\"><i class=\"far fa-hand-pointer\" aria-hidden=\"true\"><\/i><a href=\"https:\/\/soymigrante.com\/revista\/siete-platillos-guatemaltecos-a-base-de-mariscos\/\"><\/a><\/div><div class=\"eael-entry-thumbnail \">\n                <img decoding=\"async\" width=\"1024\" height=\"1024\" src=\"https:\/\/soymigrante.com\/revista\/wp-content\/uploads\/2025\/02\/shrimp-cocktail-2024-11-25-12-43-29-utc-1024x1024.jpg\" class=\"attachment-large size-large wp-image-25730\" alt=\"Deliciosa entrada de c\u00f3ctel de camarones con aguacate y galletas saladas en platos tradicionales mexicanos, ideal para cultura y gastronom\u00eda mexicana en Revista SoyMigrante.com.\" srcset=\"https:\/\/soymigrante.com\/revista\/wp-content\/uploads\/2025\/02\/shrimp-cocktail-2024-11-25-12-43-29-utc-1024x1024.jpg 1024w, https:\/\/soymigrante.com\/revista\/wp-content\/uploads\/2025\/02\/shrimp-cocktail-2024-11-25-12-43-29-utc-300x300.jpg 300w, https:\/\/soymigrante.com\/revista\/wp-content\/uploads\/2025\/02\/shrimp-cocktail-2024-11-25-12-43-29-utc-150x150.jpg 150w, https:\/\/soymigrante.com\/revista\/wp-content\/uploads\/2025\/02\/shrimp-cocktail-2024-11-25-12-43-29-utc-768x768.jpg 768w, https:\/\/soymigrante.com\/revista\/wp-content\/uploads\/2025\/02\/shrimp-cocktail-2024-11-25-12-43-29-utc-1536x1536.jpg 1536w, https:\/\/soymigrante.com\/revista\/wp-content\/uploads\/2025\/02\/shrimp-cocktail-2024-11-25-12-43-29-utc-2048x2048.jpg 2048w, https:\/\/soymigrante.com\/revista\/wp-content\/uploads\/2025\/02\/shrimp-cocktail-2024-11-25-12-43-29-utc-75x75.webp 75w, https:\/\/soymigrante.com\/revista\/wp-content\/uploads\/2025\/02\/shrimp-cocktail-2024-11-25-12-43-29-utc-750x750.webp 750w, https:\/\/soymigrante.com\/revista\/wp-content\/uploads\/2025\/02\/shrimp-cocktail-2024-11-25-12-43-29-utc-1140x1140.webp 1140w, https:\/\/soymigrante.com\/revista\/wp-content\/uploads\/2025\/02\/shrimp-cocktail-2024-11-25-12-43-29-utc-scaled.webp 1920w\" sizes=\"(max-width: 1024px) 100vw, 1024px\" \/>\n            <\/div>\n        <\/div><div class=\"eael-entry-wrapper\"><header class=\"eael-entry-header\"><h2 class=\"eael-entry-title\"><a class=\"eael-grid-post-link\" href=\"https:\/\/soymigrante.com\/revista\/siete-platillos-guatemaltecos-a-base-de-mariscos\/\" title=\"Ya se siente el sabor del verano: Siete platillos guatemaltecos a base de mariscos\">Ya se siente el sabor del verano: Siete platillos guatemaltecos a base de mariscos<\/a><\/h2><\/header><div class=\"eael-entry-content\">\n                        <div class=\"eael-grid-post-excerpt\"><a href=\"https:\/\/soymigrante.com\/revista\/siete-platillos-guatemaltecos-a-base-de-mariscos\/\" class=\"eael-post-elements-readmore-btn\">CONOCE SU HISTORIA <\/a><\/div>\n                    <\/div><\/div><\/div>\n        <\/div>\n    <\/article><article class=\"eael-grid-post  eael-post-grid-column eael-pg-post-8523 category-guate-nuestra\" data-id=\"8523\">\n        <div class=\"eael-grid-post-holder\">\n            <div class=\"eael-grid-post-holder-inner\"><div class=\"eael-entry-media\"><div class=\"eael-entry-overlay fade-in\"><i class=\"far fa-hand-pointer\" aria-hidden=\"true\"><\/i><a href=\"https:\/\/soymigrante.com\/revista\/receta-guatemalteca-el-delicioso-ayote-en-miel\/\"><\/a><\/div><div class=\"eael-entry-thumbnail \">\n                <img loading=\"lazy\" decoding=\"async\" width=\"669\" height=\"669\" src=\"https:\/\/soymigrante.com\/revista\/wp-content\/uploads\/2024\/08\/Ayote-en-miel-2-e1724969759107.webp\" class=\"attachment-large size-large wp-image-8524\" alt=\"Zancocho colombiano, carne de res y verduras en salsa, plato tradicional, comida casera, receta centroamericana, comida reconfortante, sabores aut\u00e9nticos, gastronom\u00eda colombiana.\" srcset=\"https:\/\/soymigrante.com\/revista\/wp-content\/uploads\/2024\/08\/Ayote-en-miel-2-e1724969759107.webp 669w, https:\/\/soymigrante.com\/revista\/wp-content\/uploads\/2024\/08\/Ayote-en-miel-2-e1724969759107-300x300.webp 300w, https:\/\/soymigrante.com\/revista\/wp-content\/uploads\/2024\/08\/Ayote-en-miel-2-e1724969759107-150x150.webp 150w, https:\/\/soymigrante.com\/revista\/wp-content\/uploads\/2024\/08\/Ayote-en-miel-2-e1724969759107-75x75.webp 75w\" sizes=\"(max-width: 669px) 100vw, 669px\" \/>\n            <\/div>\n        <\/div><div class=\"eael-entry-wrapper\"><header class=\"eael-entry-header\"><h2 class=\"eael-entry-title\"><a class=\"eael-grid-post-link\" href=\"https:\/\/soymigrante.com\/revista\/receta-guatemalteca-el-delicioso-ayote-en-miel\/\" title=\"Receta guatemalteca: el delicioso ayote en miel\">Receta guatemalteca: el delicioso ayote en miel<\/a><\/h2><\/header><div class=\"eael-entry-content\">\n                        <div class=\"eael-grid-post-excerpt\"><a href=\"https:\/\/soymigrante.com\/revista\/receta-guatemalteca-el-delicioso-ayote-en-miel\/\" class=\"eael-post-elements-readmore-btn\">CONOCE SU HISTORIA <\/a><\/div>\n                    <\/div><\/div><\/div>\n        <\/div>\n    <\/article><\/div>\n            <div class=\"clearfix\"><\/div>\n        <\/div>\t\t\t\t<\/div>\n\t\t\t\t\t<\/div>\n\t\t\t\t<\/div>\n\t\t\t\t<\/div>\n\t\t","protected":false},"excerpt":{"rendered":"<p>El pescado a la vizca\u00edna es una receta con historia y tradici\u00f3n, que ha evolucionado con el tiempo para adaptarse a los ingredientes y costumbres de cada regi\u00f3n. El pescado a la vizca\u00edna es un platillo con ra\u00edces en la cocina vasca, pero que ha trascendido fronteras y se ha convertido en una tradici\u00f3n culinaria [&hellip;]<\/p>\n","protected":false},"author":19,"featured_media":27676,"comment_status":"open","ping_status":"open","sticky":false,"template":"","format":"standard","meta":{"_acf_changed":false,"_eb_attr":"","footnotes":""},"categories":[55],"tags":[],"class_list":["post-27675","post","type-post","status-publish","format-standard","has-post-thumbnail","hentry","category-bienestar"],"acf":[],"aioseo_notices":[],"aioseo_head":"\n\t\t<!-- All in One SEO Pro 4.9.6.2 - aioseo.com -->\n\t<meta name=\"description\" content=\"Un postre que trae a la memoria recuerdos de infancia, de abuelos, de pueblo querido. En USA se pueden conseguir ingredientes para prepararlo.\" \/>\n\t<meta name=\"robots\" content=\"max-snippet:-1, max-image-preview:large, max-video-preview:-1\" \/>\n\t<meta name=\"author\" content=\"Marysabel Aldana\"\/>\n\t<link rel=\"canonical\" href=\"https:\/\/soymigrante.com\/revista\/receta-guatemalteca-el-delicioso-ayote-en-miel\/\" \/>\n\t<meta name=\"generator\" content=\"All in One SEO Pro (AIOSEO) 4.9.6.2\" \/>\n\n\t\t<link rel=\"preconnect\" href=\"https:\/\/fonts.googleapis.com\" crossorigin>\n<link rel=\"preconnect\" href=\"https:\/\/fonts.gstatic.com\" crossorigin>\n\t\t<meta property=\"og:locale\" content=\"es_ES\" \/>\n\t\t<meta property=\"og:site_name\" content=\"SoyMigrante.com REVISTA \u2013 Nuestra misi\u00f3n es reconocer y dignificar al migrante.\" \/>\n\t\t<meta property=\"og:type\" content=\"article\" \/>\n\t\t<meta property=\"og:title\" content=\"Receta guatemalteca: el delicioso ayote en miel\" \/>\n\t\t<meta property=\"og:description\" content=\"Un postre que trae a la memoria recuerdos de infancia, de abuelos, de pueblo querido. En USA se pueden conseguir ingredientes para prepararlo.\" \/>\n\t\t<meta property=\"og:url\" content=\"https:\/\/soymigrante.com\/revista\/receta-guatemalteca-el-delicioso-ayote-en-miel\/\" \/>\n\t\t<meta property=\"og:image\" content=\"https:\/\/soymigrante.com\/revista\/wp-content\/uploads\/2024\/08\/Ayote-en-miel-2-e1724969759107.webp\" \/>\n\t\t<meta property=\"og:image:secure_url\" content=\"https:\/\/soymigrante.com\/revista\/wp-content\/uploads\/2024\/08\/Ayote-en-miel-2-e1724969759107.webp\" \/>\n\t\t<meta property=\"og:image:width\" content=\"669\" \/>\n\t\t<meta property=\"og:image:height\" content=\"669\" \/>\n\t\t<meta property=\"article:published_time\" content=\"2024-08-29T23:52:09+00:00\" \/>\n\t\t<meta property=\"article:modified_time\" content=\"2024-08-29T23:52:10+00:00\" \/>\n\t\t<meta property=\"article:publisher\" content=\"https:\/\/www.facebook.com\/soymigrantecom\" \/>\n\t\t<meta name=\"twitter:card\" content=\"summary_large_image\" \/>\n\t\t<meta name=\"twitter:site\" content=\"@SoyMigrante_com\" \/>\n\t\t<meta name=\"twitter:title\" content=\"Receta guatemalteca: el delicioso ayote en miel\" \/>\n\t\t<meta name=\"twitter:description\" content=\"Un postre que trae a la memoria recuerdos de infancia, de abuelos, de pueblo querido. En USA se pueden conseguir ingredientes para prepararlo.\" \/>\n\t\t<meta name=\"twitter:creator\" content=\"@SoyMigrante_com\" \/>\n\t\t<meta name=\"twitter:image\" content=\"https:\/\/soymigrante.com\/revista\/wp-content\/uploads\/2024\/08\/Ayote-en-miel-2-e1724969759107.webp\" \/>\n\t\t<!-- All in One SEO Pro -->\r\n\t\t<title>Receta guatemalteca: el delicioso ayote en miel<\/title>\n\n","aioseo_head_json":{"title":"Receta guatemalteca: el delicioso ayote en miel","description":"Un postre que trae a la memoria recuerdos de infancia, de abuelos, de pueblo querido. En USA se pueden conseguir ingredientes para prepararlo.","canonical_url":"https:\/\/soymigrante.com\/revista\/receta-guatemalteca-el-delicioso-ayote-en-miel\/","robots":"max-snippet:-1, max-image-preview:large, max-video-preview:-1","keywords":"","webmasterTools":{"miscellaneous":"&lt;link rel=\"preconnect\" href=\"https:\/\/fonts.googleapis.com\" crossorigin&gt;\n&lt;link rel=\"preconnect\" href=\"https:\/\/fonts.gstatic.com\" crossorigin&gt;"},"schema":null,"og:locale":"es_ES","og:site_name":"SoyMigrante.com REVISTA \u2013 Nuestra misi\u00f3n es reconocer y dignificar al migrante.","og:type":"article","og:title":"Receta guatemalteca: el delicioso ayote en miel","og:description":"Un postre que trae a la memoria recuerdos de infancia, de abuelos, de pueblo querido. En USA se pueden conseguir ingredientes para prepararlo.","og:url":"https:\/\/soymigrante.com\/revista\/receta-guatemalteca-el-delicioso-ayote-en-miel\/","og:image":"https:\/\/soymigrante.com\/revista\/wp-content\/uploads\/2024\/08\/Ayote-en-miel-2-e1724969759107.webp","og:image:secure_url":"https:\/\/soymigrante.com\/revista\/wp-content\/uploads\/2024\/08\/Ayote-en-miel-2-e1724969759107.webp","og:image:width":669,"og:image:height":669,"article:published_time":"2024-08-29T23:52:09+00:00","article:modified_time":"2024-08-29T23:52:10+00:00","article:publisher":"https:\/\/www.facebook.com\/soymigrantecom","twitter:card":"summary_large_image","twitter:site":"@SoyMigrante_com","twitter:title":"Receta guatemalteca: el delicioso ayote en miel","twitter:description":"Un postre que trae a la memoria recuerdos de infancia, de abuelos, de pueblo querido. En USA se pueden conseguir ingredientes para prepararlo.","twitter:creator":"@SoyMigrante_com","twitter:image":"https:\/\/soymigrante.com\/revista\/wp-content\/uploads\/2024\/08\/Ayote-en-miel-2-e1724969759107.webp"},"aioseo_meta_data":{"post_id":"27675","title":"Pescado a la vizca\u00edna es un platillo cada vez m\u00e1s guatemalteco","description":"El pescado a la vizca\u00edna es una receta con ra\u00edces espa\u00f1olas pero que ha evolucionado con el tiempo para adaptarse a los ingredientes y a la cultura guatemalteca.","keywords":null,"keyphrases":{"focus":{"keyphrase":"Pescado","score":100,"analysis":{"keyphraseInTitle":{"score":9,"maxScore":9,"error":0},"keyphraseInDescription":{"score":9,"maxScore":9,"error":0},"keyphraseLength":{"score":9,"maxScore":9,"error":0,"length":1},"keyphraseInURL":{"score":5,"maxScore":5,"error":0},"keyphraseInIntroduction":{"score":9,"maxScore":9,"error":0},"keyphraseInSubHeadings":{"score":9,"maxScore":9,"error":0},"keyphraseInImageAlt":{"score":9,"maxScore":9,"error":0},"keywordDensity":{"type":"best","score":9,"maxScore":9,"error":0}}},"additional":[{"keyphrase":"Pescado","score":100,"analysis":{"keyphraseInDescription":{"score":9,"maxScore":9,"error":0},"keyphraseLength":{"score":9,"maxScore":9,"error":0,"length":1},"keyphraseInIntroduction":{"score":9,"maxScore":9,"error":0},"keyphraseInImageAlt":{"score":9,"maxScore":9,"error":0},"keywordDensity":{"type":"best","score":9,"maxScore":9,"error":0}}},{"keyphrase":"Vizca\u00edna","score":100,"analysis":{"keyphraseInDescription":{"score":9,"maxScore":9,"error":0},"keyphraseLength":{"score":9,"maxScore":9,"error":0,"length":2},"keyphraseInIntroduction":{"score":9,"maxScore":9,"error":0},"keyphraseInImageAlt":{"score":9,"maxScore":9,"error":0},"keywordDensity":{"type":"best","score":9,"maxScore":9,"error":0}}},{"keyphrase":"Gastronom\u00eda","score":40,"analysis":{"keyphraseInDescription":{"score":3,"maxScore":9,"error":1},"keyphraseLength":{"score":9,"maxScore":9,"error":0,"length":2},"keyphraseInIntroduction":{"score":3,"maxScore":9,"error":1},"keyphraseInImageAlt":{"score":3,"maxScore":9,"error":1},"keywordDensity":{"score":0,"type":"low","maxScore":9,"error":1}}},{"keyphrase":"Cuaresma","score":60,"analysis":{"keyphraseInDescription":{"score":3,"maxScore":9,"error":1},"keyphraseLength":{"score":9,"maxScore":9,"error":0,"length":1},"keyphraseInIntroduction":{"score":3,"maxScore":9,"error":1},"keyphraseInImageAlt":{"score":3,"maxScore":9,"error":1},"keywordDensity":{"type":"best","score":9,"maxScore":9,"error":0}}},{"keyphrase":"Semana Santa","score":87,"analysis":{"keyphraseInDescription":{"score":3,"maxScore":9,"error":1},"keyphraseLength":{"score":9,"maxScore":9,"error":0,"length":2},"keyphraseInIntroduction":{"score":9,"maxScore":9,"error":0},"keyphraseInImageAlt":{"score":9,"maxScore":9,"error":0},"keywordDensity":{"type":"best","score":9,"maxScore":9,"error":0}}}]},"primary_term":null,"canonical_url":null,"og_title":null,"og_description":null,"og_object_type":"default","og_image_type":"default","og_image_url":null,"og_image_width":null,"og_image_height":null,"og_image_custom_url":null,"og_image_custom_fields":null,"og_video":"","og_custom_url":null,"og_article_section":null,"og_article_tags":null,"twitter_use_og":false,"twitter_card":"default","twitter_image_type":"default","twitter_image_url":null,"twitter_image_custom_url":null,"twitter_image_custom_fields":null,"twitter_title":null,"twitter_description":null,"schema":{"blockGraphs":[],"customGraphs":[],"default":{"data":{"Article":[],"Course":[],"Dataset":[],"FAQPage":[],"Movie":[],"Person":[],"Product":[],"ProductReview":[],"Car":[],"Recipe":[],"Service":[],"SoftwareApplication":[],"WebPage":[]},"graphName":"BlogPosting","isEnabled":true},"graphs":[]},"schema_type":"default","schema_type_options":null,"pillar_content":false,"robots_default":true,"robots_noindex":false,"robots_noarchive":false,"robots_nosnippet":false,"robots_nofollow":false,"robots_noimageindex":false,"robots_noodp":false,"robots_notranslate":false,"robots_max_snippet":"-1","robots_max_videopreview":"-1","robots_max_imagepreview":"large","priority":null,"frequency":"default","local_seo":null,"seo_analyzer_scan_date":"2025-10-09 03:42:20","breadcrumb_settings":null,"limit_modified_date":false,"reviewed_by":null,"open_ai":"{\"title\":{\"suggestions\":[],\"usage\":0},\"description\":{\"suggestions\":[],\"usage\":0}}","ai":null,"created":"2025-03-10 20:50:27","updated":"2026-02-04 22:22:28"},"aioseo_breadcrumb":"<div class=\"aioseo-breadcrumbs\"><span class=\"aioseo-breadcrumb\">\n\t<a href=\"https:\/\/soymigrante.com\/revista\" title=\"Home\">Home<\/a>\n<\/span><span class=\"aioseo-breadcrumb-separator\">\u00bb<\/span><span class=\"aioseo-breadcrumb\">\n\t<a href=\"https:\/\/soymigrante.com\/revista\/category\/bienestar\/\" title=\"Bienestar\">Bienestar<\/a>\n<\/span><span class=\"aioseo-breadcrumb-separator\">\u00bb<\/span><span class=\"aioseo-breadcrumb\">\n\tPescado a la Vizca\u00edna es un platillo cuaresmal que se ha vuelto muy guatemalteco\n<\/span><\/div>","aioseo_breadcrumb_json":[{"label":"Home","link":"https:\/\/soymigrante.com\/revista"},{"label":"Bienestar","link":"https:\/\/soymigrante.com\/revista\/category\/bienestar\/"},{"label":"Pescado a la Vizca\u00edna es un platillo cuaresmal que se ha vuelto muy guatemalteco","link":"https:\/\/soymigrante.com\/revista\/pescado-a-la-vizcaina-es-un-platillo-cuaresmal-que-se-ha-vuelto-muy-guatemalteco\/"}],"_links":{"self":[{"href":"https:\/\/soymigrante.com\/revista\/wp-json\/wp\/v2\/posts\/27675","targetHints":{"allow":["GET"]}}],"collection":[{"href":"https:\/\/soymigrante.com\/revista\/wp-json\/wp\/v2\/posts"}],"about":[{"href":"https:\/\/soymigrante.com\/revista\/wp-json\/wp\/v2\/types\/post"}],"author":[{"embeddable":true,"href":"https:\/\/soymigrante.com\/revista\/wp-json\/wp\/v2\/users\/19"}],"replies":[{"embeddable":true,"href":"https:\/\/soymigrante.com\/revista\/wp-json\/wp\/v2\/comments?post=27675"}],"version-history":[{"count":0,"href":"https:\/\/soymigrante.com\/revista\/wp-json\/wp\/v2\/posts\/27675\/revisions"}],"wp:featuredmedia":[{"embeddable":true,"href":"https:\/\/soymigrante.com\/revista\/wp-json\/wp\/v2\/media\/27676"}],"wp:attachment":[{"href":"https:\/\/soymigrante.com\/revista\/wp-json\/wp\/v2\/media?parent=27675"}],"wp:term":[{"taxonomy":"category","embeddable":true,"href":"https:\/\/soymigrante.com\/revista\/wp-json\/wp\/v2\/categories?post=27675"},{"taxonomy":"post_tag","embeddable":true,"href":"https:\/\/soymigrante.com\/revista\/wp-json\/wp\/v2\/tags?post=27675"}],"curies":[{"name":"wp","href":"https:\/\/api.w.org\/{rel}","templated":true}]}}