{"id":27655,"date":"2025-03-13T08:00:00","date_gmt":"2025-03-13T14:00:00","guid":{"rendered":"https:\/\/soymigrante.com\/revista\/?p=27655"},"modified":"2025-09-16T08:06:01","modified_gmt":"2025-09-16T14:06:01","slug":"departamentos-de-guatemala-zacapa-calurosa-tierra-de-altas-montanas-y-fertiles-valles","status":"publish","type":"post","link":"https:\/\/soymigrante.com\/revista\/departamentos-de-guatemala-zacapa-calurosa-tierra-de-altas-montanas-y-fertiles-valles\/","title":{"rendered":"Departamentos de Guatemala: Zacapa calurosa tierra de altas monta\u00f1as y f\u00e9rtiles valles"},"content":{"rendered":"\t\t<div data-elementor-type=\"wp-post\" data-elementor-id=\"27655\" class=\"elementor elementor-27655\" data-elementor-post-type=\"post\">\n\t\t\t\t<div data-particle_enable=\"false\" data-particle-mobile-disabled=\"false\" class=\"elementor-element elementor-element-37e835c e-flex e-con-boxed e-con e-parent\" data-id=\"37e835c\" data-element_type=\"container\" data-e-type=\"container\">\n\t\t\t\t\t<div class=\"e-con-inner\">\n\t\t\t\t<div class=\"elementor-element elementor-element-7f168b0 elementor-widget elementor-widget-heading\" data-id=\"7f168b0\" data-element_type=\"widget\" data-e-type=\"widget\" data-widget_type=\"heading.default\">\n\t\t\t\t\t<h2 class=\"elementor-heading-title elementor-size-default\">Zacapa es uno de los 22 departamentos de Guatemala que se ha hecho famoso por su queso, leche y atractivos tur\u00edsticos. <\/h2>\t\t\t\t<\/div>\n\t\t\t\t\t<\/div>\n\t\t\t\t<\/div>\n\t\t<div data-particle_enable=\"false\" data-particle-mobile-disabled=\"false\" class=\"elementor-element elementor-element-39e3a34 e-flex e-con-boxed e-con e-parent\" data-id=\"39e3a34\" data-element_type=\"container\" data-e-type=\"container\">\n\t\t\t\t\t<div class=\"e-con-inner\">\n\t\t\t\t<div class=\"elementor-element elementor-element-13f4dd3 elementor-widget elementor-widget-text-editor\" data-id=\"13f4dd3\" data-element_type=\"widget\" data-e-type=\"widget\" data-widget_type=\"text-editor.default\">\n\t\t\t\t\t\t\t\t\t<p>Zacapa es un departamento\u00a0 de contrastes: monta\u00f1oso<span style=\"color: var( --e-global-color-text ); text-align: var(--text-align);\">\u00a0en su mitad\u00a0 norte, que es\u00a0 atravesada\u00a0 \u00a0por la sierra de Las Minas; en l<\/span><span style=\"color: var( --e-global-color-text ); text-align: var(--text-align);\">a parte sur del departamento cuenta en todas direcciones con peque\u00f1as cadenas de montes y cerros aislados, separados por\u00a0<\/span><span style=\"color: var( --e-global-color-text ); text-align: var(--text-align);\">hondonadas m\u00e1s o menos profundas, mientras que la parte central lo forma el cauce del r\u00edo Motagua, o sea un extenso valle que\u00a0<\/span><span style=\"color: var( --e-global-color-text ); text-align: var(--text-align);\">se estrecha o ensancha, dando origen a vegas muy f\u00e9rtiles, as\u00ed como a\u00a0<\/span><span style=\"color: var( --e-global-color-text ); text-align: var(--text-align);\">llanuras tan grandes como los llanos de La Fragua<\/span><span style=\"color: var( --e-global-color-text ); text-align: var(--text-align);\">.<\/span><\/p><p><span style=\"color: var( --e-global-color-text ); text-align: var(--text-align);\">Aunque desde los primeros tiempos de la conquista exist\u00eda el poblado de Zacatl\u00e1n, en el territorio actual de la cabecera, este territorio formaba parte del corregimiento de Chiquimula. No fue sino hasta el 10 de noviembre de 1871 que se cre\u00f3 el Departamento de Zacapa por decreto 31 del Ejecutivo.<\/span><\/p>\t\t\t\t\t\t\t\t<\/div>\n\t\t\t\t\t<\/div>\n\t\t\t\t<\/div>\n\t\t<div data-particle_enable=\"false\" data-particle-mobile-disabled=\"false\" class=\"elementor-element elementor-element-c188410 e-flex e-con-boxed e-con e-parent\" data-id=\"c188410\" data-element_type=\"container\" data-e-type=\"container\">\n\t\t\t\t\t<div class=\"e-con-inner\">\n\t\t\t\t<div class=\"elementor-element elementor-element-d498bde elementor-widget elementor-widget-heading\" data-id=\"d498bde\" data-element_type=\"widget\" data-e-type=\"widget\" data-widget_type=\"heading.default\">\n\t\t\t\t\t<h3 class=\"elementor-heading-title elementor-size-default\">Origen del nombre<\/h3>\t\t\t\t<\/div>\n\t\t\t\t\t<\/div>\n\t\t\t\t<\/div>\n\t\t<div data-particle_enable=\"false\" data-particle-mobile-disabled=\"false\" class=\"elementor-element elementor-element-ae62ce1 e-flex e-con-boxed e-con e-parent\" data-id=\"ae62ce1\" data-element_type=\"container\" data-e-type=\"container\">\n\t\t\t\t\t<div class=\"e-con-inner\">\n\t\t\t\t<div class=\"elementor-element elementor-element-2c3a843 elementor-widget elementor-widget-text-editor\" data-id=\"2c3a843\" data-element_type=\"widget\" data-e-type=\"widget\" data-widget_type=\"text-editor.default\">\n\t\t\t\t\t\t\t\t\t<p>El nombre \u201cZacapa\u201d proviene del n\u00e1huatl \u201cZacatl\u201d (zacate o hierba) y \u201cap\u00e1n\u201d (en), lo que significa \u201csobre el r\u00edo del zacate o de la hierba\u201d. Al momento de su fundaci\u00f3n, el departamento de Zacapa abarcaba tambi\u00e9n a varias localidades del departamento de El Progreso.<\/p>\t\t\t\t\t\t\t\t<\/div>\n\t\t\t\t\t<\/div>\n\t\t\t\t<\/div>\n\t\t<div data-particle_enable=\"false\" data-particle-mobile-disabled=\"false\" class=\"elementor-element elementor-element-1894ad7 e-flex e-con-boxed e-con e-parent\" data-id=\"1894ad7\" data-element_type=\"container\" data-e-type=\"container\">\n\t\t\t\t\t<div class=\"e-con-inner\">\n\t\t\t\t<div class=\"elementor-element elementor-element-c6a247f elementor-widget elementor-widget-google_maps\" data-id=\"c6a247f\" data-element_type=\"widget\" data-e-type=\"widget\" data-widget_type=\"google_maps.default\">\n\t\t\t\t\t\t\t<div class=\"elementor-custom-embed\">\n\t\t\t<iframe loading=\"lazy\"\n\t\t\t\t\tsrc=\"https:\/\/maps.google.com\/maps?q=DEPARTAMENTO%20DE%20ZACAPA&#038;t=m&#038;z=10&#038;output=embed&#038;iwloc=near\"\n\t\t\t\t\ttitle=\"DEPARTAMENTO DE ZACAPA\"\n\t\t\t\t\taria-label=\"DEPARTAMENTO DE ZACAPA\"\n\t\t\t><\/iframe>\n\t\t<\/div>\n\t\t\t\t\t\t<\/div>\n\t\t\t\t\t<\/div>\n\t\t\t\t<\/div>\n\t\t<div data-particle_enable=\"false\" data-particle-mobile-disabled=\"false\" class=\"elementor-element elementor-element-99c8ded e-flex e-con-boxed e-con e-parent\" data-id=\"99c8ded\" data-element_type=\"container\" data-e-type=\"container\">\n\t\t\t\t\t<div class=\"e-con-inner\">\n\t\t\t\t<div class=\"elementor-element elementor-element-6d02788 elementor-widget elementor-widget-heading\" data-id=\"6d02788\" data-element_type=\"widget\" data-e-type=\"widget\" data-widget_type=\"heading.default\">\n\t\t\t\t\t<h3 class=\"elementor-heading-title elementor-size-default\">Extensi\u00f3n territorial y poblaci\u00f3n<\/h3>\t\t\t\t<\/div>\n\t\t\t\t\t<\/div>\n\t\t\t\t<\/div>\n\t\t<div data-particle_enable=\"false\" data-particle-mobile-disabled=\"false\" class=\"elementor-element elementor-element-c917b8b e-flex e-con-boxed e-con e-parent\" data-id=\"c917b8b\" data-element_type=\"container\" data-e-type=\"container\">\n\t\t\t\t\t<div class=\"e-con-inner\">\n\t\t\t\t<div class=\"elementor-element elementor-element-1a44bd3 elementor-widget elementor-widget-text-editor\" data-id=\"1a44bd3\" data-element_type=\"widget\" data-e-type=\"widget\" data-widget_type=\"text-editor.default\">\n\t\t\t\t\t\t\t\t\t<p>El departamento de Zacapa tiene una extensi\u00f3n territorial de aproximadamente 2,690 kil\u00f3metros. Su altura m\u00ednima est\u00e1 a 220 metros sobre el nivel del mar y la m\u00e1xima a 880 metros sobre el nivel del mar, por ello su territorio es muy caluroso.\u00a0<\/p><p>Seg\u00fan estimaciones del <a href=\"https:\/\/censo2018.ine.gob.gt\/dondeestamos\" target=\"_blank\" rel=\"noopener\">Instituto Nacional de Estad\u00edstica (INE)<\/a> de Guatemala, en 2018, Zacapa ten\u00eda una poblaci\u00f3n de alrededor de 253,000 habitantes.<\/p>\t\t\t\t\t\t\t\t<\/div>\n\t\t\t\t\t<\/div>\n\t\t\t\t<\/div>\n\t\t<div data-particle_enable=\"false\" data-particle-mobile-disabled=\"false\" class=\"elementor-element elementor-element-7da982b e-flex e-con-boxed e-con e-parent\" data-id=\"7da982b\" data-element_type=\"container\" data-e-type=\"container\">\n\t\t\t\t\t<div class=\"e-con-inner\">\n\t\t\t\t<div class=\"elementor-element elementor-element-5fb81d7 elementor-widget elementor-widget-video\" data-id=\"5fb81d7\" data-element_type=\"widget\" data-e-type=\"widget\" data-settings=\"{&quot;youtube_url&quot;:&quot;https:\\\/\\\/www.youtube.com\\\/watch?v=LEU7YEwPid4&quot;,&quot;video_type&quot;:&quot;youtube&quot;,&quot;controls&quot;:&quot;yes&quot;}\" data-widget_type=\"video.default\">\n\t\t\t\t\t\t\t<div class=\"elementor-wrapper elementor-open-inline\">\n\t\t\t<div class=\"elementor-video\"><\/div>\t\t<\/div>\n\t\t\t\t\t\t<\/div>\n\t\t\t\t\t<\/div>\n\t\t\t\t<\/div>\n\t\t<div data-particle_enable=\"false\" data-particle-mobile-disabled=\"false\" class=\"elementor-element elementor-element-7ffea3f e-flex e-con-boxed e-con e-parent\" data-id=\"7ffea3f\" data-element_type=\"container\" data-e-type=\"container\">\n\t\t\t\t\t<div class=\"e-con-inner\">\n\t\t\t\t<div class=\"elementor-element elementor-element-17ef102 elementor-widget elementor-widget-heading\" data-id=\"17ef102\" data-element_type=\"widget\" data-e-type=\"widget\" data-widget_type=\"heading.default\">\n\t\t\t\t\t<h3 class=\"elementor-heading-title elementor-size-default\">Divisi\u00f3n administrativa<\/h3>\t\t\t\t<\/div>\n\t\t\t\t\t<\/div>\n\t\t\t\t<\/div>\n\t\t<div data-particle_enable=\"false\" data-particle-mobile-disabled=\"false\" class=\"elementor-element elementor-element-e323228 e-flex e-con-boxed e-con e-parent\" data-id=\"e323228\" data-element_type=\"container\" data-e-type=\"container\">\n\t\t\t\t\t<div class=\"e-con-inner\">\n\t\t\t\t<div class=\"elementor-element elementor-element-a89fb9e elementor-widget elementor-widget-text-editor\" data-id=\"a89fb9e\" data-element_type=\"widget\" data-e-type=\"widget\" data-widget_type=\"text-editor.default\">\n\t\t\t\t\t\t\t\t\t<p>Zacapa <a href=\"https:\/\/soymigrante.com\/revista\/las-quesadillas-de-guatemala-son-el-emblematico-pan-del-oriente-del-pais\/\" target=\"_blank\" rel=\"noopener\">est\u00e1 dividido en 11 municipios<\/a>:<\/p><ol><li>Zacapa (cabecera departamental)<\/li><li>Estanzuela<\/li><li>R\u00edo Hondo<\/li><li>Gual\u00e1n<\/li><li>Teculut\u00e1n<\/li><li>Usumatl\u00e1n<\/li><li>Caba\u00f1as<\/li><li>Huit\u00e9<\/li><li>La Uni\u00f3n<\/li><li>San Diego<\/li><li>San Jorge<\/li><\/ol>\t\t\t\t\t\t\t\t<\/div>\n\t\t\t\t\t<\/div>\n\t\t\t\t<\/div>\n\t\t<div data-particle_enable=\"false\" data-particle-mobile-disabled=\"false\" class=\"elementor-element elementor-element-045c5aa e-flex e-con-boxed e-con e-parent\" data-id=\"045c5aa\" data-element_type=\"container\" data-e-type=\"container\">\n\t\t\t\t\t<div class=\"e-con-inner\">\n\t\t\t\t<div class=\"elementor-element elementor-element-af81a23 elementor-widget elementor-widget-image\" data-id=\"af81a23\" data-element_type=\"widget\" data-e-type=\"widget\" data-widget_type=\"image.default\">\n\t\t\t\t\t\t\t\t\t\t\t\t<figure class=\"wp-caption\">\n\t\t\t\t\t\t\t\t\t\t<img fetchpriority=\"high\" decoding=\"async\" width=\"800\" height=\"460\" src=\"https:\/\/soymigrante.com\/revista\/wp-content\/uploads\/2025\/03\/Zacapa-3.webp\" class=\"attachment-large size-large wp-image-27664\" alt=\"Departamentos de Guatemala: Zacapa calurosa tierra de altas monta\u00f1as y f\u00e9rtiles valles\" srcset=\"https:\/\/soymigrante.com\/revista\/wp-content\/uploads\/2025\/03\/Zacapa-3.webp 800w, https:\/\/soymigrante.com\/revista\/wp-content\/uploads\/2025\/03\/Zacapa-3-300x173.jpeg 300w, https:\/\/soymigrante.com\/revista\/wp-content\/uploads\/2025\/03\/Zacapa-3-768x442.jpeg 768w, https:\/\/soymigrante.com\/revista\/wp-content\/uploads\/2025\/03\/Zacapa-3-750x431.webp 750w\" sizes=\"(max-width: 800px) 100vw, 800px\" title=\"Departamentos de Guatemala: Zacapa calurosa tierra de altas monta\u00f1as y f\u00e9rtiles valles \u2013 SoyMigrante.com REVISTA\" \/>\t\t\t\t\t\t\t\t\t\t\t<figcaption class=\"widget-image-caption wp-caption-text\">Departamentos de Guatemala: Zacapa calurosa tierra de altas monta\u00f1as y f\u00e9rtiles valles<\/figcaption>\n\t\t\t\t\t\t\t\t\t\t<\/figure>\n\t\t\t\t\t\t\t\t\t<\/div>\n\t\t\t\t\t<\/div>\n\t\t\t\t<\/div>\n\t\t<div data-particle_enable=\"false\" data-particle-mobile-disabled=\"false\" class=\"elementor-element elementor-element-1578cd9 e-flex e-con-boxed e-con e-parent\" data-id=\"1578cd9\" data-element_type=\"container\" data-e-type=\"container\">\n\t\t\t\t\t<div class=\"e-con-inner\">\n\t\t\t\t<div class=\"elementor-element elementor-element-3e74e8b elementor-widget elementor-widget-heading\" data-id=\"3e74e8b\" data-element_type=\"widget\" data-e-type=\"widget\" data-widget_type=\"heading.default\">\n\t\t\t\t\t<h3 class=\"elementor-heading-title elementor-size-default\">Producci\u00f3n de Zacapa<\/h3>\t\t\t\t<\/div>\n\t\t\t\t\t<\/div>\n\t\t\t\t<\/div>\n\t\t<div data-particle_enable=\"false\" data-particle-mobile-disabled=\"false\" class=\"elementor-element elementor-element-de7f4d0 e-flex e-con-boxed e-con e-parent\" data-id=\"de7f4d0\" data-element_type=\"container\" data-e-type=\"container\">\n\t\t\t\t\t<div class=\"e-con-inner\">\n\t\t\t\t<div class=\"elementor-element elementor-element-74d71e1 elementor-widget elementor-widget-text-editor\" data-id=\"74d71e1\" data-element_type=\"widget\" data-e-type=\"widget\" data-widget_type=\"text-editor.default\">\n\t\t\t\t\t\t\t\t\t<p>La econom\u00eda de <a href=\"https:\/\/soymigrante.com\/revista\/las-quesadillas-de-guatemala-son-el-emblematico-pan-del-oriente-del-pais\/\" target=\"_blank\" rel=\"noopener\">Zacapa se basa en la agricultura y la ganader\u00eda.<\/a><br \/>Entre sus principales productos agr\u00edcolas se encuentran el mel\u00f3n, tabaco, tomates, caf\u00e9 y naranjas. Adem\u00e1s, la regi\u00f3n es conocida por la producci\u00f3n de ca\u00f1a de az\u00facar y la elaboraci\u00f3n de productos derivados en trapiches artesanales.<\/p><p>La construcci\u00f3n del ferrocarril hacia El Atl\u00e1ntico gener\u00f3 una intensa actividad comercial. Aunque hoy este medio de transporte ya no existe, el comercio es muy importante, pues en municipios como Teculut\u00e1n y R\u00edo Hondo se han instalado compa\u00f1\u00edas comerciales y tambi\u00e9n una planta cervecera.<\/p>\t\t\t\t\t\t\t\t<\/div>\n\t\t\t\t\t<\/div>\n\t\t\t\t<\/div>\n\t\t<div data-particle_enable=\"false\" data-particle-mobile-disabled=\"false\" class=\"elementor-element elementor-element-1ef96e3 e-flex e-con-boxed e-con e-parent\" data-id=\"1ef96e3\" data-element_type=\"container\" data-e-type=\"container\">\n\t\t\t\t\t<div class=\"e-con-inner\">\n\t\t\t\t<div class=\"elementor-element elementor-element-5e992ed elementor-widget elementor-widget-image\" data-id=\"5e992ed\" data-element_type=\"widget\" data-e-type=\"widget\" data-widget_type=\"image.default\">\n\t\t\t\t\t\t\t\t\t\t\t\t<figure class=\"wp-caption\">\n\t\t\t\t\t\t\t\t\t\t<img decoding=\"async\" width=\"800\" height=\"460\" src=\"https:\/\/soymigrante.com\/revista\/wp-content\/uploads\/2025\/03\/Zacapa-6.webp\" class=\"attachment-large size-large wp-image-27666\" alt=\"F\u00f3siles de dinosaurios en el Museo de Paleontolog\u00eda y Arqueolog\u00eda de Estanzuela, exhibiendo esqueletos extensos en un ambiente de museo, ideal para amantes de la paleontolog\u00eda y la historia natural. Zacapa.\" srcset=\"https:\/\/soymigrante.com\/revista\/wp-content\/uploads\/2025\/03\/Zacapa-6.webp 800w, https:\/\/soymigrante.com\/revista\/wp-content\/uploads\/2025\/03\/Zacapa-6-300x173.jpeg 300w, https:\/\/soymigrante.com\/revista\/wp-content\/uploads\/2025\/03\/Zacapa-6-768x442.jpeg 768w, https:\/\/soymigrante.com\/revista\/wp-content\/uploads\/2025\/03\/Zacapa-6-750x431.webp 750w\" sizes=\"(max-width: 800px) 100vw, 800px\" title=\"F\u00f3siles de dinosaurios en el Museo de Paleontolog\u00eda y Arqueolog\u00eda de Estanzuela, exhibiendo esqueletos extensos en un ambiente de museo, ideal para amantes de la paleontolog\u00eda y la historia natural. Zacapa. \u2013 SoyMigrante.com REVISTA\" \/>\t\t\t\t\t\t\t\t\t\t\t<figcaption class=\"widget-image-caption wp-caption-text\">F\u00f3siles de dinosaurios en el Museo de Paleontolog\u00eda y Arqueolog\u00eda de Estanzuela, exhibiendo esqueletos extensos en un ambiente de museo, ideal para amantes de la paleontolog\u00eda y la historia natural. Zacapa.<\/figcaption>\n\t\t\t\t\t\t\t\t\t\t<\/figure>\n\t\t\t\t\t\t\t\t\t<\/div>\n\t\t\t\t\t<\/div>\n\t\t\t\t<\/div>\n\t\t<div data-particle_enable=\"false\" data-particle-mobile-disabled=\"false\" class=\"elementor-element elementor-element-ac4938b e-flex e-con-boxed e-con e-parent\" data-id=\"ac4938b\" data-element_type=\"container\" data-e-type=\"container\">\n\t\t\t\t\t<div class=\"e-con-inner\">\n\t\t\t\t<div class=\"elementor-element elementor-element-ea28fb8 elementor-widget elementor-widget-heading\" data-id=\"ea28fb8\" data-element_type=\"widget\" data-e-type=\"widget\" data-widget_type=\"heading.default\">\n\t\t\t\t\t<h3 class=\"elementor-heading-title elementor-size-default\">Atractivos tur\u00edsticos<\/h3>\t\t\t\t<\/div>\n\t\t\t\t\t<\/div>\n\t\t\t\t<\/div>\n\t\t<div data-particle_enable=\"false\" data-particle-mobile-disabled=\"false\" class=\"elementor-element elementor-element-9a6a1fc e-flex e-con-boxed e-con e-parent\" data-id=\"9a6a1fc\" data-element_type=\"container\" data-e-type=\"container\">\n\t\t\t\t\t<div class=\"e-con-inner\">\n\t\t\t\t<div class=\"elementor-element elementor-element-45be77a elementor-widget elementor-widget-text-editor\" data-id=\"45be77a\" data-element_type=\"widget\" data-e-type=\"widget\" data-widget_type=\"text-editor.default\">\n\t\t\t\t\t\t\t\t\t<div><a href=\"https:\/\/soymigrante.com\/revista\/las-quesadillas-de-guatemala-son-el-emblematico-pan-del-oriente-del-pais\/\" target=\"_blank\" rel=\"noopener\">Zacapa ofrece diversos atractivos tur\u00edsticos<\/a>, entre los que destacan:<\/div><div><strong>\u2022Museo de Paleontolog\u00eda, Arqueolog\u00eda y Geolog\u00eda Roberto Woolfolk Saravia<\/strong>: Ubicado en Estanzuela, este museo exhibe una colecci\u00f3n de f\u00f3siles y artefactos arqueol\u00f3gicos de la regi\u00f3n.\u00a0\u00a0<\/div><div>\u00a0<\/div><div><strong>\u2022Balnearios naturales:<\/strong> Lugares como el Balneario Pasabi\u00e9n y las Termas de Santa Marta son ideales para disfrutar de aguas termales y paisajes naturales.\u00a0\u00a0<\/div><div>\u00a0<\/div><div><strong>\u2022<a href=\"https:\/\/soymigrante.com\/revista\/parque-nacional-sierra-de-las-minas-un-tesoro-natural-de-tres-departamentos-de-guatemala\/\">Sierra de las Minas<\/a>:<\/strong> Esta cadena monta\u00f1osa ofrece oportunidades para el ecoturismo, incluyendo senderismo y observaci\u00f3n de flora y fauna.\u00a0\u00a0<\/div>\t\t\t\t\t\t\t\t<\/div>\n\t\t\t\t\t<\/div>\n\t\t\t\t<\/div>\n\t\t<div data-particle_enable=\"false\" data-particle-mobile-disabled=\"false\" class=\"elementor-element elementor-element-e8ec3d8 e-flex e-con-boxed e-con e-parent\" data-id=\"e8ec3d8\" data-element_type=\"container\" data-e-type=\"container\">\n\t\t\t\t\t<div class=\"e-con-inner\">\n\t\t\t\t<div class=\"elementor-element elementor-element-91a4330 elementor-widget elementor-widget-image\" data-id=\"91a4330\" data-element_type=\"widget\" data-e-type=\"widget\" data-widget_type=\"image.default\">\n\t\t\t\t\t\t\t\t\t\t\t\t<figure class=\"wp-caption\">\n\t\t\t\t\t\t\t\t\t\t<img decoding=\"async\" width=\"800\" height=\"460\" src=\"https:\/\/soymigrante.com\/revista\/wp-content\/uploads\/2025\/03\/Zacapa-5.webp\" class=\"attachment-large size-large wp-image-27665\" alt=\"F\u00f3siles de dinosaurios en el Museo de Paleontolog\u00eda y Arqueolog\u00eda de Estanzuela, exhibiendo esqueletos extensos en un ambiente de museo, ideal para amantes de la paleontolog\u00eda y la historia natural. Zacapa.\" srcset=\"https:\/\/soymigrante.com\/revista\/wp-content\/uploads\/2025\/03\/Zacapa-5.webp 800w, https:\/\/soymigrante.com\/revista\/wp-content\/uploads\/2025\/03\/Zacapa-5-300x173.jpeg 300w, https:\/\/soymigrante.com\/revista\/wp-content\/uploads\/2025\/03\/Zacapa-5-768x442.jpeg 768w, https:\/\/soymigrante.com\/revista\/wp-content\/uploads\/2025\/03\/Zacapa-5-750x431.webp 750w\" sizes=\"(max-width: 800px) 100vw, 800px\" title=\"F\u00f3siles de dinosaurios en el Museo de Paleontolog\u00eda y Arqueolog\u00eda de Estanzuela, exhibiendo esqueletos extensos en un ambiente de museo, ideal para amantes de la paleontolog\u00eda y la historia natural. Zacapa. \u2013 SoyMigrante.com REVISTA\" \/>\t\t\t\t\t\t\t\t\t\t\t<figcaption class=\"widget-image-caption wp-caption-text\">F\u00f3siles de dinosaurios en el Museo de Paleontolog\u00eda y Arqueolog\u00eda de Estanzuela, exhibiendo esqueletos extensos en un ambiente de museo, ideal para amantes de la paleontolog\u00eda y la historia natural. Zacapa.<\/figcaption>\n\t\t\t\t\t\t\t\t\t\t<\/figure>\n\t\t\t\t\t\t\t\t\t<\/div>\n\t\t\t\t\t<\/div>\n\t\t\t\t<\/div>\n\t\t<div data-particle_enable=\"false\" data-particle-mobile-disabled=\"false\" class=\"elementor-element elementor-element-f7c2079 e-flex e-con-boxed e-con e-parent\" data-id=\"f7c2079\" data-element_type=\"container\" data-e-type=\"container\">\n\t\t\t\t\t<div class=\"e-con-inner\">\n\t\t\t\t<div class=\"elementor-element elementor-element-ede99ea elementor-widget elementor-widget-heading\" data-id=\"ede99ea\" data-element_type=\"widget\" data-e-type=\"widget\" data-widget_type=\"heading.default\">\n\t\t\t\t\t<h3 class=\"elementor-heading-title elementor-size-default\">Remesas de migrantes para Zacapa<\/h3>\t\t\t\t<\/div>\n\t\t\t\t\t<\/div>\n\t\t\t\t<\/div>\n\t\t<div data-particle_enable=\"false\" data-particle-mobile-disabled=\"false\" class=\"elementor-element elementor-element-27001e0 e-flex e-con-boxed e-con e-parent\" data-id=\"27001e0\" data-element_type=\"container\" data-e-type=\"container\">\n\t\t\t\t\t<div class=\"e-con-inner\">\n\t\t\t\t<div class=\"elementor-element elementor-element-828bd6e elementor-widget elementor-widget-text-editor\" data-id=\"828bd6e\" data-element_type=\"widget\" data-e-type=\"widget\" data-widget_type=\"text-editor.default\">\n\t\t\t\t\t\t\t\t\t<p>Las remesas constituyen una de las principales fuentes de ingresos para muchas familias en Zacapa permiti\u00e9ndoles mejorar su calidad de vida y dinamizar la econom\u00eda local.<\/p><p><a href=\"https:\/\/infounitnca.iom.int\/uploads\/RemesasGT2022\/Resumen_EncuestaRemesas2022_gt.pdf\" target=\"_blank\" rel=\"noopener\">Las remesas enviadas por guatemaltecos residentes en el extranjero<\/a> son una fuente significativa de ingresos para muchas familias en el Departamento de Zacapa.<\/p><p>Seg\u00fan la <a href=\"https:\/\/infounitnca.iom.int\/uploads\/RemesasGT2022\/Resumen_EncuestaRemesas2022_gt.pdf\" target=\"_blank\" rel=\"noopener\">Encuesta de Remesas 2022, de la OIM,<\/a> el departamento de Zacapa, se beneficia con el 2.8% del total de las remesas que en ese a\u00f1o fueron US$18 mil 40 millones. Eso quiere decir, que en ese a\u00f1o, familias del departamento de Zacapa recibieron US$ 1 mil 100 millones enviados por familiares desde Estados Unidos.<\/p><p>A nivel nacional, las remesas representaron el 19.8% del Producto Interno Bruto (PIB) en 2022.<\/p><p>En 2024 las remesas fueron de US$21 mil 500 millones.<\/p>\t\t\t\t\t\t\t\t<\/div>\n\t\t\t\t\t<\/div>\n\t\t\t\t<\/div>\n\t\t<div data-particle_enable=\"false\" data-particle-mobile-disabled=\"false\" class=\"elementor-element elementor-element-9cf6068 e-flex e-con-boxed e-con e-parent\" data-id=\"9cf6068\" data-element_type=\"container\" data-e-type=\"container\">\n\t\t\t\t\t<div class=\"e-con-inner\">\n\t\t\t\t<div class=\"elementor-element elementor-element-75df5f5 elementor-widget elementor-widget-heading\" data-id=\"75df5f5\" data-element_type=\"widget\" data-e-type=\"widget\" data-widget_type=\"heading.default\">\n\t\t\t\t\t<h2 class=\"elementor-heading-title elementor-size-default\">Conoce m\u00e1s de los departamentos de Guatemala, ac\u00e1...<\/h2>\t\t\t\t<\/div>\n\t\t\t\t\t<\/div>\n\t\t\t\t<\/div>\n\t\t<div data-particle_enable=\"false\" data-particle-mobile-disabled=\"false\" class=\"elementor-element elementor-element-cc3b391 e-flex e-con-boxed e-con e-parent\" data-id=\"cc3b391\" data-element_type=\"container\" data-e-type=\"container\">\n\t\t\t\t\t<div class=\"e-con-inner\">\n\t\t\t\t<div class=\"elementor-element elementor-element-f621865 elementor-grid-eael-col-3 elementor-grid-tablet-eael-col-2 elementor-grid-mobile-eael-col-1 elementor-widget elementor-widget-eael-post-grid\" data-id=\"f621865\" data-element_type=\"widget\" data-e-type=\"widget\" data-settings=\"{&quot;eael_post_grid_columns&quot;:&quot;eael-col-3&quot;,&quot;eael_post_grid_columns_tablet&quot;:&quot;eael-col-2&quot;,&quot;eael_post_grid_columns_mobile&quot;:&quot;eael-col-1&quot;}\" data-widget_type=\"eael-post-grid.default\">\n\t\t\t\t\t<div id=\"eael-post-grid-f621865\" class=\"eael-post-grid-container\">\n            <div class=\"eael-post-grid eael-post-appender eael-post-appender-f621865 eael-post-grid-style-one\" data-layout-mode=\"masonry\"><article class=\"eael-grid-post  eael-post-grid-column eael-pg-post-18033 category-guate-nuestra tags-departamentos-de-guatemala\" data-id=\"18033\">\n        <div class=\"eael-grid-post-holder\">\n            <div class=\"eael-grid-post-holder-inner\"><div class=\"eael-entry-media\"><div class=\"eael-entry-overlay fade-in\"><i class=\"far fa-hand-pointer\" aria-hidden=\"true\"><\/i><a href=\"https:\/\/soymigrante.com\/revista\/departamentos-de-guatemala-guatemala-tiene-la-mayor-area-metropolitana\/\"><\/a><\/div><div class=\"eael-entry-thumbnail \">\n                <img loading=\"lazy\" decoding=\"async\" width=\"848\" height=\"848\" src=\"https:\/\/soymigrante.com\/revista\/wp-content\/uploads\/2025\/01\/departamento-de-guatemala.webp\" class=\"attachment-large size-large wp-image-20772\" alt=\"Am\u00e9rica Central vista desde sat\u00e9lite, resaltando \u00e1reas urbanas, cuerpos de agua y zonas verdes en un mapa detallado.\" srcset=\"https:\/\/soymigrante.com\/revista\/wp-content\/uploads\/2025\/01\/departamento-de-guatemala.webp 848w, https:\/\/soymigrante.com\/revista\/wp-content\/uploads\/2025\/01\/departamento-de-guatemala-300x300.jpg 300w, https:\/\/soymigrante.com\/revista\/wp-content\/uploads\/2025\/01\/departamento-de-guatemala-150x150.jpg 150w, https:\/\/soymigrante.com\/revista\/wp-content\/uploads\/2025\/01\/departamento-de-guatemala-768x768.jpg 768w, https:\/\/soymigrante.com\/revista\/wp-content\/uploads\/2025\/01\/departamento-de-guatemala-75x75.webp 75w, https:\/\/soymigrante.com\/revista\/wp-content\/uploads\/2025\/01\/departamento-de-guatemala-750x750.webp 750w\" sizes=\"(max-width: 848px) 100vw, 848px\" \/>\n            <\/div>\n        <\/div><div class=\"eael-entry-wrapper\"><header class=\"eael-entry-header\"><h2 class=\"eael-entry-title\"><a class=\"eael-grid-post-link\" href=\"https:\/\/soymigrante.com\/revista\/departamentos-de-guatemala-guatemala-tiene-la-mayor-area-metropolitana\/\" title=\"Departamentos de Guatemala: Guatemala tiene la mayor \u00e1rea metropolitana\">Departamentos de Guatemala: Guatemala tiene la mayor \u00e1rea metropolitana<\/a><\/h2><\/header><div class=\"eael-entry-content\">\n                        <div class=\"eael-grid-post-excerpt\"><a href=\"https:\/\/soymigrante.com\/revista\/departamentos-de-guatemala-guatemala-tiene-la-mayor-area-metropolitana\/\" class=\"eael-post-elements-readmore-btn\">CONOCE SU HISTORIA <\/a><\/div>\n                    <\/div><\/div><\/div>\n        <\/div>\n    <\/article><article class=\"eael-grid-post  eael-post-grid-column eael-pg-post-17984 category-guate-nuestra tags-departamentos-de-guatemala\" data-id=\"17984\">\n        <div class=\"eael-grid-post-holder\">\n            <div class=\"eael-grid-post-holder-inner\"><div class=\"eael-entry-media\"><div class=\"eael-entry-overlay fade-in\"><i class=\"far fa-hand-pointer\" aria-hidden=\"true\"><\/i><a href=\"https:\/\/soymigrante.com\/revista\/departamentos-de-guatemala-chiquimula-la-perla-de-oriente-cumple-200-anos-este-2025\/\"><\/a><\/div><div class=\"eael-entry-thumbnail \">\n                <img loading=\"lazy\" decoding=\"async\" width=\"960\" height=\"960\" src=\"https:\/\/soymigrante.com\/revista\/wp-content\/uploads\/2025\/01\/chiquimula.webp\" class=\"attachment-large size-large wp-image-19178\" alt=\"Imponente iglesia colonial blanca en el centro de la ciudad con multitud de visitantes en la escalinata.\" srcset=\"https:\/\/soymigrante.com\/revista\/wp-content\/uploads\/2025\/01\/chiquimula.webp 960w, https:\/\/soymigrante.com\/revista\/wp-content\/uploads\/2025\/01\/chiquimula-300x300.jpg 300w, https:\/\/soymigrante.com\/revista\/wp-content\/uploads\/2025\/01\/chiquimula-150x150.jpg 150w, https:\/\/soymigrante.com\/revista\/wp-content\/uploads\/2025\/01\/chiquimula-768x768.jpg 768w, https:\/\/soymigrante.com\/revista\/wp-content\/uploads\/2025\/01\/chiquimula-75x75.webp 75w, https:\/\/soymigrante.com\/revista\/wp-content\/uploads\/2025\/01\/chiquimula-750x750.webp 750w\" sizes=\"(max-width: 960px) 100vw, 960px\" \/>\n            <\/div>\n        <\/div><div class=\"eael-entry-wrapper\"><header class=\"eael-entry-header\"><h2 class=\"eael-entry-title\"><a class=\"eael-grid-post-link\" href=\"https:\/\/soymigrante.com\/revista\/departamentos-de-guatemala-chiquimula-la-perla-de-oriente-cumple-200-anos-este-2025\/\" title=\"Departamentos de Guatemala: Chiquimula, bicentenaria Perla de Oriente sigue brillando\">Departamentos de Guatemala: Chiquimula, bicentenaria Perla de Oriente sigue brillando<\/a><\/h2><\/header><div class=\"eael-entry-content\">\n                        <div class=\"eael-grid-post-excerpt\"><a href=\"https:\/\/soymigrante.com\/revista\/departamentos-de-guatemala-chiquimula-la-perla-de-oriente-cumple-200-anos-este-2025\/\" class=\"eael-post-elements-readmore-btn\">CONOCE SU HISTORIA <\/a><\/div>\n                    <\/div><\/div><\/div>\n        <\/div>\n    <\/article><article class=\"eael-grid-post  eael-post-grid-column eael-pg-post-17922 category-guate-nuestra tags-departamentos-de-guatemala\" data-id=\"17922\">\n        <div class=\"eael-grid-post-holder\">\n            <div class=\"eael-grid-post-holder-inner\"><div class=\"eael-entry-media\"><div class=\"eael-entry-overlay fade-in\"><i class=\"far fa-hand-pointer\" aria-hidden=\"true\"><\/i><a href=\"https:\/\/soymigrante.com\/revista\/baja-verapaz-tierra-de-trabajo-del-gran-rabinal-achi-y-el-salto-de-chilasco\/\"><\/a><\/div><div class=\"eael-entry-thumbnail \">\n                <img loading=\"lazy\" decoding=\"async\" width=\"706\" height=\"706\" src=\"https:\/\/soymigrante.com\/revista\/wp-content\/uploads\/2024\/12\/salto-de-chilasco-gustavo-2.webp\" class=\"attachment-large size-large wp-image-18474\" alt=\"Ca\u00edda de agua en naturaleza, cascada en la selva, paisaje de flora y r\u00edo, fotograf\u00eda de paisaje natural, belleza del bosque lluvioso, cascada proyectada en niebla, vegetaci\u00f3n exuberante en medio de la naturaleza, naturaleza en su estado puro, ecosistema selv\u00e1tico, paisaje de agua y \u00e1rboles, relevancia: alta para art\u00edculos sobre naturaleza y turismo ecol\u00f3gico.\" srcset=\"https:\/\/soymigrante.com\/revista\/wp-content\/uploads\/2024\/12\/salto-de-chilasco-gustavo-2.webp 706w, https:\/\/soymigrante.com\/revista\/wp-content\/uploads\/2024\/12\/salto-de-chilasco-gustavo-2-300x300.jpg 300w, https:\/\/soymigrante.com\/revista\/wp-content\/uploads\/2024\/12\/salto-de-chilasco-gustavo-2-150x150.jpg 150w, https:\/\/soymigrante.com\/revista\/wp-content\/uploads\/2024\/12\/salto-de-chilasco-gustavo-2-75x75.webp 75w\" sizes=\"(max-width: 706px) 100vw, 706px\" \/>\n            <\/div>\n        <\/div><div class=\"eael-entry-wrapper\"><header class=\"eael-entry-header\"><h2 class=\"eael-entry-title\"><a class=\"eael-grid-post-link\" href=\"https:\/\/soymigrante.com\/revista\/baja-verapaz-tierra-de-trabajo-del-gran-rabinal-achi-y-el-salto-de-chilasco\/\" title=\"Departamentos de Guatemala: Baja Verapaz: tierra de trabajo, del Rabinal Ach\u00ed y el salto de Chilasc\u00f3\">Departamentos de Guatemala: Baja Verapaz: tierra de trabajo, del Rabinal Ach\u00ed y el salto de Chilasc\u00f3<\/a><\/h2><\/header><div class=\"eael-entry-content\">\n                        <div class=\"eael-grid-post-excerpt\"><a href=\"https:\/\/soymigrante.com\/revista\/baja-verapaz-tierra-de-trabajo-del-gran-rabinal-achi-y-el-salto-de-chilasco\/\" class=\"eael-post-elements-readmore-btn\">CONOCE SU HISTORIA <\/a><\/div>\n                    <\/div><\/div><\/div>\n        <\/div>\n    <\/article><\/div>\n            <div class=\"clearfix\"><\/div>\n        <\/div>\t\t\t\t<\/div>\n\t\t\t\t\t<\/div>\n\t\t\t\t<\/div>\n\t\t\t\t<\/div>\n\t\t","protected":false},"excerpt":{"rendered":"<p>Zacapa es uno de los 22 departamentos de Guatemala que se ha hecho famoso por su queso, leche y atractivos tur\u00edsticos. Zacapa es un departamento\u00a0 de contrastes: monta\u00f1oso\u00a0en su mitad\u00a0 norte, que es\u00a0 atravesada\u00a0 \u00a0por la sierra de Las Minas; en la parte sur del departamento cuenta en todas direcciones con peque\u00f1as cadenas de montes [&hellip;]<\/p>\n","protected":false},"author":19,"featured_media":27656,"comment_status":"open","ping_status":"open","sticky":false,"template":"","format":"standard","meta":{"_acf_changed":false,"_eb_attr":"","footnotes":""},"categories":[58],"tags":[],"class_list":["post-27655","post","type-post","status-publish","format-standard","has-post-thumbnail","hentry","category-guate-nuestra"],"acf":[],"aioseo_notices":[],"aioseo_head":"\n\t\t<!-- All in One SEO Pro 4.9.6.2 - aioseo.com -->\n\t<meta name=\"description\" content=\"En Baja Verapaz est\u00e1 el Biotopo del Quetzal, El Salto de Chilasc\u00f3 y es la cuna del Rabinal Ach\u00ed. Territorio de trabajo, riqueza natural y multiculturalidad.\" \/>\n\t<meta name=\"robots\" content=\"max-snippet:-1, max-image-preview:large, max-video-preview:-1\" \/>\n\t<meta name=\"author\" content=\"Marysabel Aldana\"\/>\n\t<link rel=\"canonical\" href=\"https:\/\/soymigrante.com\/revista\/baja-verapaz-tierra-de-trabajo-del-gran-rabinal-achi-y-el-salto-de-chilasco\/\" \/>\n\t<meta name=\"generator\" content=\"All in One SEO Pro (AIOSEO) 4.9.6.2\" \/>\n\n\t\t<link rel=\"preconnect\" href=\"https:\/\/fonts.googleapis.com\" crossorigin>\n<link rel=\"preconnect\" href=\"https:\/\/fonts.gstatic.com\" crossorigin>\n\t\t<meta property=\"og:locale\" content=\"es_ES\" \/>\n\t\t<meta property=\"og:site_name\" content=\"SoyMigrante.com REVISTA \u2013 Nuestra misi\u00f3n es reconocer y dignificar al migrante.\" \/>\n\t\t<meta property=\"og:type\" content=\"article\" \/>\n\t\t<meta property=\"og:title\" content=\"Departamentos de Guatemala: Baja Verapaz, cuna del Rabinal Ach\u00ed\" \/>\n\t\t<meta property=\"og:description\" content=\"En Baja Verapaz est\u00e1 el Biotopo del Quetzal, El Salto de Chilasc\u00f3 y es la cuna del Rabinal Ach\u00ed. Territorio de trabajo, riqueza natural y multiculturalidad.\" \/>\n\t\t<meta property=\"og:url\" content=\"https:\/\/soymigrante.com\/revista\/baja-verapaz-tierra-de-trabajo-del-gran-rabinal-achi-y-el-salto-de-chilasco\/\" \/>\n\t\t<meta property=\"og:image\" content=\"https:\/\/soymigrante.com\/revista\/wp-content\/uploads\/2024\/12\/salto-de-chilasco-gustavo-2.webp\" \/>\n\t\t<meta property=\"og:image:secure_url\" content=\"https:\/\/soymigrante.com\/revista\/wp-content\/uploads\/2024\/12\/salto-de-chilasco-gustavo-2.webp\" \/>\n\t\t<meta property=\"og:image:width\" content=\"706\" \/>\n\t\t<meta property=\"og:image:height\" content=\"706\" \/>\n\t\t<meta property=\"article:published_time\" content=\"2024-12-27T23:55:13+00:00\" \/>\n\t\t<meta property=\"article:modified_time\" content=\"2025-03-04T18:36:48+00:00\" \/>\n\t\t<meta property=\"article:publisher\" content=\"https:\/\/www.facebook.com\/soymigrantecom\" \/>\n\t\t<meta name=\"twitter:card\" content=\"summary_large_image\" \/>\n\t\t<meta name=\"twitter:site\" content=\"@SoyMigrante_com\" \/>\n\t\t<meta name=\"twitter:title\" content=\"Departamentos de Guatemala: Baja Verapaz, cuna del Rabinal Ach\u00ed\" \/>\n\t\t<meta name=\"twitter:description\" content=\"En Baja Verapaz est\u00e1 el Biotopo del Quetzal, El Salto de Chilasc\u00f3 y es la cuna del Rabinal Ach\u00ed. Territorio de trabajo, riqueza natural y multiculturalidad.\" \/>\n\t\t<meta name=\"twitter:creator\" content=\"@SoyMigrante_com\" \/>\n\t\t<meta name=\"twitter:image\" content=\"https:\/\/soymigrante.com\/revista\/wp-content\/uploads\/2024\/12\/salto-de-chilasco-gustavo-2.webp\" \/>\n\t\t<!-- All in One SEO Pro -->\r\n\t\t<title>Departamentos de Guatemala: Baja Verapaz, cuna del Rabinal Ach\u00ed<\/title>\n\n","aioseo_head_json":{"title":"Departamentos de Guatemala: Baja Verapaz, cuna del Rabinal Ach\u00ed","description":"En Baja Verapaz est\u00e1 el Biotopo del Quetzal, El Salto de Chilasc\u00f3 y es la cuna del Rabinal Ach\u00ed. Territorio de trabajo, riqueza natural y multiculturalidad.","canonical_url":"https:\/\/soymigrante.com\/revista\/baja-verapaz-tierra-de-trabajo-del-gran-rabinal-achi-y-el-salto-de-chilasco\/","robots":"max-snippet:-1, max-image-preview:large, max-video-preview:-1","keywords":"","webmasterTools":{"miscellaneous":"&lt;link rel=\"preconnect\" href=\"https:\/\/fonts.googleapis.com\" crossorigin&gt;\n&lt;link rel=\"preconnect\" href=\"https:\/\/fonts.gstatic.com\" crossorigin&gt;"},"schema":null,"og:locale":"es_ES","og:site_name":"SoyMigrante.com REVISTA \u2013 Nuestra misi\u00f3n es reconocer y dignificar al migrante.","og:type":"article","og:title":"Departamentos de Guatemala: Baja Verapaz, cuna del Rabinal Ach\u00ed","og:description":"En Baja Verapaz est\u00e1 el Biotopo del Quetzal, El Salto de Chilasc\u00f3 y es la cuna del Rabinal Ach\u00ed. Territorio de trabajo, riqueza natural y multiculturalidad.","og:url":"https:\/\/soymigrante.com\/revista\/baja-verapaz-tierra-de-trabajo-del-gran-rabinal-achi-y-el-salto-de-chilasco\/","og:image":"https:\/\/soymigrante.com\/revista\/wp-content\/uploads\/2024\/12\/salto-de-chilasco-gustavo-2.webp","og:image:secure_url":"https:\/\/soymigrante.com\/revista\/wp-content\/uploads\/2024\/12\/salto-de-chilasco-gustavo-2.webp","og:image:width":706,"og:image:height":706,"article:published_time":"2024-12-27T23:55:13+00:00","article:modified_time":"2025-03-04T18:36:48+00:00","article:publisher":"https:\/\/www.facebook.com\/soymigrantecom","twitter:card":"summary_large_image","twitter:site":"@SoyMigrante_com","twitter:title":"Departamentos de Guatemala: Baja Verapaz, cuna del Rabinal Ach\u00ed","twitter:description":"En Baja Verapaz est\u00e1 el Biotopo del Quetzal, El Salto de Chilasc\u00f3 y es la cuna del Rabinal Ach\u00ed. Territorio de trabajo, riqueza natural y multiculturalidad.","twitter:creator":"@SoyMigrante_com","twitter:image":"https:\/\/soymigrante.com\/revista\/wp-content\/uploads\/2024\/12\/salto-de-chilasco-gustavo-2.webp"},"aioseo_meta_data":{"post_id":"27655","title":"Departamento de Zacapa fue fundado en 1871","description":"Zacapa tiene altas sierras y tambi\u00e9n calurosas llanuras, gente de trabajo, atractivos tur\u00edsticos incomparables y tambi\u00e9n fuerte industria y comercio.","keywords":null,"keyphrases":{"focus":{"keyphrase":"Zacapa","score":100,"analysis":{"keyphraseInTitle":{"score":9,"maxScore":9,"error":0},"keyphraseInDescription":{"score":9,"maxScore":9,"error":0},"keyphraseLength":{"score":9,"maxScore":9,"error":0,"length":1},"keyphraseInURL":{"score":5,"maxScore":5,"error":0},"keyphraseInIntroduction":{"score":9,"maxScore":9,"error":0},"keyphraseInSubHeadings":{"score":9,"maxScore":9,"error":0},"keyphraseInImageAlt":{"score":9,"maxScore":9,"error":0},"keywordDensity":{"type":"best","score":9,"maxScore":9,"error":0}}},"additional":[{"keyphrase":"Zacapa","score":100,"analysis":{"keyphraseInDescription":{"score":9,"maxScore":9,"error":0},"keyphraseLength":{"score":9,"maxScore":9,"error":0,"length":1},"keyphraseInIntroduction":{"score":9,"maxScore":9,"error":0},"keyphraseInImageAlt":{"score":9,"maxScore":9,"error":0},"keywordDensity":{"type":"best","score":9,"maxScore":9,"error":0}}},{"keyphrase":"Guatemala","score":73,"analysis":{"keyphraseInDescription":{"score":3,"maxScore":9,"error":1},"keyphraseLength":{"score":9,"maxScore":9,"error":0,"length":1},"keyphraseInIntroduction":{"score":3,"maxScore":9,"error":1},"keyphraseInImageAlt":{"score":9,"maxScore":9,"error":0},"keywordDensity":{"type":"best","score":9,"maxScore":9,"error":0}}},{"keyphrase":"Departamentos de Guatemala","score":73,"analysis":{"keyphraseInDescription":{"score":3,"maxScore":9,"error":1},"keyphraseLength":{"score":9,"maxScore":9,"error":0,"length":3},"keyphraseInIntroduction":{"score":3,"maxScore":9,"error":1},"keyphraseInImageAlt":{"score":9,"maxScore":9,"error":0},"keywordDensity":{"type":"best","score":9,"maxScore":9,"error":0}}}]},"primary_term":null,"canonical_url":null,"og_title":null,"og_description":null,"og_object_type":"default","og_image_type":"default","og_image_url":null,"og_image_width":null,"og_image_height":null,"og_image_custom_url":null,"og_image_custom_fields":null,"og_video":"","og_custom_url":null,"og_article_section":null,"og_article_tags":null,"twitter_use_og":false,"twitter_card":"default","twitter_image_type":"default","twitter_image_url":null,"twitter_image_custom_url":null,"twitter_image_custom_fields":null,"twitter_title":null,"twitter_description":null,"schema":{"blockGraphs":[],"customGraphs":[],"default":{"data":{"Article":[],"Course":[],"Dataset":[],"FAQPage":[],"Movie":[],"Person":[],"Product":[],"ProductReview":[],"Car":[],"Recipe":[],"Service":[],"SoftwareApplication":[],"WebPage":[]},"graphName":"none","isEnabled":true},"graphs":[]},"schema_type":"default","schema_type_options":null,"pillar_content":false,"robots_default":true,"robots_noindex":false,"robots_noarchive":false,"robots_nosnippet":false,"robots_nofollow":false,"robots_noimageindex":false,"robots_noodp":false,"robots_notranslate":false,"robots_max_snippet":"-1","robots_max_videopreview":"-1","robots_max_imagepreview":"large","priority":null,"frequency":"default","local_seo":null,"seo_analyzer_scan_date":"2025-10-09 03:24:50","breadcrumb_settings":null,"limit_modified_date":false,"reviewed_by":"0","open_ai":"{\"title\":{\"suggestions\":[],\"usage\":0},\"description\":{\"suggestions\":[],\"usage\":0}}","ai":{"faqs":[],"keyPoints":[],"titles":[],"descriptions":[],"socialPosts":{"email":[],"linkedin":[],"twitter":[],"facebook":[],"instagram":[]}},"created":"2025-03-10 20:14:50","updated":"2026-02-04 22:12:47"},"aioseo_breadcrumb":"<div class=\"aioseo-breadcrumbs\"><span class=\"aioseo-breadcrumb\">\n\t<a href=\"https:\/\/soymigrante.com\/revista\" title=\"Home\">Home<\/a>\n<\/span><span class=\"aioseo-breadcrumb-separator\">\u00bb<\/span><span class=\"aioseo-breadcrumb\">\n\t<a href=\"https:\/\/soymigrante.com\/revista\/category\/guate-nuestra\/\" title=\"Guate Nuestra\">Guate Nuestra<\/a>\n<\/span><span class=\"aioseo-breadcrumb-separator\">\u00bb<\/span><span class=\"aioseo-breadcrumb\">\n\tDepartamentos de Guatemala: Zacapa calurosa tierra de altas monta\u00f1as y f\u00e9rtiles valles\n<\/span><\/div>","aioseo_breadcrumb_json":[{"label":"Home","link":"https:\/\/soymigrante.com\/revista"},{"label":"Guate Nuestra","link":"https:\/\/soymigrante.com\/revista\/category\/guate-nuestra\/"},{"label":"Departamentos de Guatemala: Zacapa calurosa tierra de altas monta\u00f1as y f\u00e9rtiles valles","link":"https:\/\/soymigrante.com\/revista\/departamentos-de-guatemala-zacapa-calurosa-tierra-de-altas-montanas-y-fertiles-valles\/"}],"_links":{"self":[{"href":"https:\/\/soymigrante.com\/revista\/wp-json\/wp\/v2\/posts\/27655","targetHints":{"allow":["GET"]}}],"collection":[{"href":"https:\/\/soymigrante.com\/revista\/wp-json\/wp\/v2\/posts"}],"about":[{"href":"https:\/\/soymigrante.com\/revista\/wp-json\/wp\/v2\/types\/post"}],"author":[{"embeddable":true,"href":"https:\/\/soymigrante.com\/revista\/wp-json\/wp\/v2\/users\/19"}],"replies":[{"embeddable":true,"href":"https:\/\/soymigrante.com\/revista\/wp-json\/wp\/v2\/comments?post=27655"}],"version-history":[{"count":4,"href":"https:\/\/soymigrante.com\/revista\/wp-json\/wp\/v2\/posts\/27655\/revisions"}],"predecessor-version":[{"id":44882,"href":"https:\/\/soymigrante.com\/revista\/wp-json\/wp\/v2\/posts\/27655\/revisions\/44882"}],"wp:featuredmedia":[{"embeddable":true,"href":"https:\/\/soymigrante.com\/revista\/wp-json\/wp\/v2\/media\/27656"}],"wp:attachment":[{"href":"https:\/\/soymigrante.com\/revista\/wp-json\/wp\/v2\/media?parent=27655"}],"wp:term":[{"taxonomy":"category","embeddable":true,"href":"https:\/\/soymigrante.com\/revista\/wp-json\/wp\/v2\/categories?post=27655"},{"taxonomy":"post_tag","embeddable":true,"href":"https:\/\/soymigrante.com\/revista\/wp-json\/wp\/v2\/tags?post=27655"}],"curies":[{"name":"wp","href":"https:\/\/api.w.org\/{rel}","templated":true}]}}