{"id":27498,"date":"2025-03-08T16:47:35","date_gmt":"2025-03-08T22:47:35","guid":{"rendered":"https:\/\/soymigrante.com\/revista\/?p=27498"},"modified":"2025-03-08T17:05:01","modified_gmt":"2025-03-08T23:05:01","slug":"mas-alla-del-8-de-marzo-dias-para-conmemorar-agradecer-y-actuar","status":"publish","type":"post","link":"https:\/\/soymigrante.com\/revista\/mas-alla-del-8-de-marzo-dias-para-conmemorar-agradecer-y-actuar\/","title":{"rendered":"M\u00e1s all\u00e1 del 8 de marzo: d\u00edas para conmemorar, agradecer y actuar"},"content":{"rendered":"\t\t<div data-elementor-type=\"wp-post\" data-elementor-id=\"27498\" class=\"elementor elementor-27498\" data-elementor-post-type=\"post\">\n\t\t\t\t<div data-particle_enable=\"false\" data-particle-mobile-disabled=\"false\" class=\"elementor-element elementor-element-2f5f19f e-flex e-con-boxed e-con e-parent\" data-id=\"2f5f19f\" data-element_type=\"container\" data-e-type=\"container\">\n\t\t\t\t\t<div class=\"e-con-inner\">\n\t\t\t\t<div class=\"elementor-element elementor-element-10cfef4 elementor-widget elementor-widget-heading\" data-id=\"10cfef4\" data-element_type=\"widget\" data-e-type=\"widget\" data-widget_type=\"heading.default\">\n\t\t\t\t\t<h2 class=\"elementor-heading-title elementor-size-default\">Mi admiraci\u00f3n grande a esas mujeres  que en materia de derechos humanos, en  \u00e1reas cient\u00edficas,  empresariales, de salud y educaci\u00f3n: son un gran precedente  para m\u00e1s ni\u00f1as  y mujeres  que hoy gozan de derechos  que antes no so\u00f1abas alcanzar.<\/h2>\t\t\t\t<\/div>\n\t\t\t\t\t<\/div>\n\t\t\t\t<\/div>\n\t\t<div data-particle_enable=\"false\" data-particle-mobile-disabled=\"false\" class=\"elementor-element elementor-element-abaef6d e-flex e-con-boxed e-con e-parent\" data-id=\"abaef6d\" data-element_type=\"container\" data-e-type=\"container\">\n\t\t\t\t\t<div class=\"e-con-inner\">\n\t\t\t\t<div class=\"elementor-element elementor-element-885250b elementor-widget elementor-widget-text-editor\" data-id=\"885250b\" data-element_type=\"widget\" data-e-type=\"widget\" data-widget_type=\"text-editor.default\">\n\t\t\t\t\t\t\t\t\t<p><b>Por Silvia Patricia Flores, emprendedora\u00a0 y maestra guatemalteca<\/b><\/p>\t\t\t\t\t\t\t\t<\/div>\n\t\t\t\t\t<\/div>\n\t\t\t\t<\/div>\n\t\t<div data-particle_enable=\"false\" data-particle-mobile-disabled=\"false\" class=\"elementor-element elementor-element-4901e52 e-flex e-con-boxed e-con e-parent\" data-id=\"4901e52\" data-element_type=\"container\" data-e-type=\"container\">\n\t\t\t\t\t<div class=\"e-con-inner\">\n\t\t\t\t<div class=\"elementor-element elementor-element-5d0bb30 elementor-widget elementor-widget-text-editor\" data-id=\"5d0bb30\" data-element_type=\"widget\" data-e-type=\"widget\" data-widget_type=\"text-editor.default\">\n\t\t\t\t\t\t\t\t\t<p>A medida que hemos&nbsp; ido evolucionando tambi\u00e9n avanzan esos&nbsp; conceptos&nbsp; &nbsp;y experiencias que nos permiten crear conciencia acerca de lo que significa el 8 de Marzo, d\u00eda en el cual se conmemora&nbsp; el <a href=\"https:\/\/soymigrante.com\/revista\/valentia-fuerza-y-amor-sin-fronteras-de-la-mujer-guatemalteca\/\">D\u00eda Internacional de la Mujer<\/a>.&nbsp;<span style=\"color: var( --e-global-color-text ); text-align: var(--text-align);\">Esta fecha, dicho sea de paso, evolucion\u00f3 de una celebraci\u00f3n a una conmemoraci\u00f3n m\u00e1s cargada de responsabilidad y conciencia moral basada en nuestros derechos y responsabilidades como ciudadanas y no como se ve\u00eda con anterioridad&nbsp; &nbsp;un d\u00eda en el que se celebra a la mujer que soporta econ\u00f3mica y emocionalmente un hogar con deberes m\u00e1s que derechos.&nbsp; &nbsp;<\/span><\/p>\n<p>Tales deberes a menudo son impuestos por una sociedad que se\u00f1ala y en algunos casos criminaliza los derechos de las mujeres sobre sus acciones dentro de un sistema patriarcal que hoy d\u00eda es visto de forma antag\u00f3nica&nbsp; en funci\u00f3n <a href=\"https:\/\/soymigrante.com\/revista\/claves-para-enfrentar-posibles-situaciones-de-discriminacion-sobre-todo-a-mujeres-hispanas\/\">de los derechos de las mujeres.&nbsp;&nbsp;<\/a><\/p>\t\t\t\t\t\t\t\t<\/div>\n\t\t\t\t\t<\/div>\n\t\t\t\t<\/div>\n\t\t<div data-particle_enable=\"false\" data-particle-mobile-disabled=\"false\" class=\"elementor-element elementor-element-cc26275 e-flex e-con-boxed e-con e-parent\" data-id=\"cc26275\" data-element_type=\"container\" data-e-type=\"container\">\n\t\t\t\t\t<div class=\"e-con-inner\">\n\t\t\t\t<div class=\"elementor-element elementor-element-3eb3deb elementor-widget elementor-widget-image\" data-id=\"3eb3deb\" data-element_type=\"widget\" data-e-type=\"widget\" data-widget_type=\"image.default\">\n\t\t\t\t\t\t\t\t\t\t\t\t<figure class=\"wp-caption\">\n\t\t\t\t\t\t\t\t\t\t<img fetchpriority=\"high\" decoding=\"async\" width=\"768\" height=\"768\" src=\"https:\/\/soymigrante.com\/revista\/wp-content\/uploads\/2025\/03\/envato-labs-ai-c40a296d-eef3-4f97-9796-336eb0ff28d0.jpg\" class=\"attachment-large size-large wp-image-27516\" alt=\"Luchadoras feministas en movimiento, s\u00edmbolo de fuerza y resistencia en la lucha por los derechos de las mujeres. Ilustraci\u00f3n en tonos rosados destacando el empoderamiento femenino.\" srcset=\"https:\/\/soymigrante.com\/revista\/wp-content\/uploads\/2025\/03\/envato-labs-ai-c40a296d-eef3-4f97-9796-336eb0ff28d0.jpg 1024w, https:\/\/soymigrante.com\/revista\/wp-content\/uploads\/2025\/03\/envato-labs-ai-c40a296d-eef3-4f97-9796-336eb0ff28d0-300x300.jpg 300w, https:\/\/soymigrante.com\/revista\/wp-content\/uploads\/2025\/03\/envato-labs-ai-c40a296d-eef3-4f97-9796-336eb0ff28d0-150x150.jpg 150w, https:\/\/soymigrante.com\/revista\/wp-content\/uploads\/2025\/03\/envato-labs-ai-c40a296d-eef3-4f97-9796-336eb0ff28d0-768x768.jpg 768w, https:\/\/soymigrante.com\/revista\/wp-content\/uploads\/2025\/03\/envato-labs-ai-c40a296d-eef3-4f97-9796-336eb0ff28d0-75x75.jpg 75w, https:\/\/soymigrante.com\/revista\/wp-content\/uploads\/2025\/03\/envato-labs-ai-c40a296d-eef3-4f97-9796-336eb0ff28d0-750x750.jpg 750w\" sizes=\"(max-width: 768px) 100vw, 768px\" title=\"&quot;Hoy podemos expresarnos de manera m\u00e1s plena gracias al esfuerzo de muchas mujeres que nos antecedieron&quot;. Ilustraci\u00f3n generada con IA Envato Labs \u2013 SoyMigrante.com REVISTA\" \/>\t\t\t\t\t\t\t\t\t\t\t<figcaption class=\"widget-image-caption wp-caption-text\">Mujeres feministas en movimiento, poder y resistencia, ilustraci\u00f3n art\u00edstica en tonos rosados que representa el empoderamiento de las mujeres en la lucha por igualdad.<\/figcaption>\n\t\t\t\t\t\t\t\t\t\t<\/figure>\n\t\t\t\t\t\t\t\t\t<\/div>\n\t\t\t\t\t<\/div>\n\t\t\t\t<\/div>\n\t\t<div data-particle_enable=\"false\" data-particle-mobile-disabled=\"false\" class=\"elementor-element elementor-element-7e59aad e-flex e-con-boxed e-con e-parent\" data-id=\"7e59aad\" data-element_type=\"container\" data-e-type=\"container\">\n\t\t\t\t\t<div class=\"e-con-inner\">\n\t\t\t\t<div class=\"elementor-element elementor-element-568651f elementor-widget elementor-widget-text-editor\" data-id=\"568651f\" data-element_type=\"widget\" data-e-type=\"widget\" data-widget_type=\"text-editor.default\">\n\t\t\t\t\t\t\t\t\t<p><span style=\"color: var( --e-global-color-text ); text-align: var(--text-align);\">Hoy existe la<a href=\"https:\/\/soymigrante.com\/revista\/claves-para-enfrentar-posibles-situaciones-de-discriminacion-sobre-todo-a-mujeres-hispanas\/\"> libertad de poder expresarnos<\/a> de forma m\u00e1s plena, de exigir que seamos vistas y aceptadas de forma competitiva en los sistemas empresariales, cient\u00edficos y todos aquellos campos a los cuales ya tenemos acceso gracias a procesos que se han ganado a pulso mujeres que nos han antecedido en esta lucha.\u00a0\u00a0<\/span><\/p><p>Hoy es el d\u00eda en que debemos agradecer a nuestros ancestras y ancestros, a nuestros n\u00facleos que en muchos casos y, en el mio en particular, esta rodeado de hombres (mi esposo e hijos) que me han apoyado en esta lucha y que est\u00e1n conmigo hombro a hombro para mantener y mejorar\u00e1 esos derechos que como mujeres hemos ido ganando dentro de la sociedad\u00a0 de forma profesional en espacios\u00a0 en los que antes no hubi\u00e9ramos tenido acceso.\u00a0<\/p><p>Esos derechos tambi\u00e9n est\u00e1n acompa\u00f1ados de una responsabilidad a\u00fan mayor, derechos que deben ser respetados\u00a0 y en los cuales adquirimos un compromiso grande solo por el simple hecho de hoy poder contar con derecho al voto, a una educaci\u00f3n, a un puesto laboral acorde a nuestras habilidades y no a nuestro rol de g\u00e9nero en la sociedad.<\/p>\t\t\t\t\t\t\t\t<\/div>\n\t\t\t\t\t<\/div>\n\t\t\t\t<\/div>\n\t\t<div data-particle_enable=\"false\" data-particle-mobile-disabled=\"false\" class=\"elementor-element elementor-element-1939719 e-flex e-con-boxed e-con e-parent\" data-id=\"1939719\" data-element_type=\"container\" data-e-type=\"container\">\n\t\t\t\t\t<div class=\"e-con-inner\">\n\t\t\t\t<div class=\"elementor-element elementor-element-9b572c8 elementor-widget elementor-widget-video\" data-id=\"9b572c8\" data-element_type=\"widget\" data-e-type=\"widget\" data-settings=\"{&quot;youtube_url&quot;:&quot;https:\\\/\\\/www.youtube.com\\\/watch?v=kGnQ_2TSpl8&quot;,&quot;video_type&quot;:&quot;youtube&quot;,&quot;controls&quot;:&quot;yes&quot;}\" data-widget_type=\"video.default\">\n\t\t\t\t\t\t\t<div class=\"elementor-wrapper elementor-open-inline\">\n\t\t\t<div class=\"elementor-video\"><\/div>\t\t<\/div>\n\t\t\t\t\t\t<\/div>\n\t\t\t\t\t<\/div>\n\t\t\t\t<\/div>\n\t\t<div data-particle_enable=\"false\" data-particle-mobile-disabled=\"false\" class=\"elementor-element elementor-element-80aed34 e-flex e-con-boxed e-con e-parent\" data-id=\"80aed34\" data-element_type=\"container\" data-e-type=\"container\">\n\t\t\t\t\t<div class=\"e-con-inner\">\n\t\t\t\t<div class=\"elementor-element elementor-element-df9d354 elementor-widget elementor-widget-text-editor\" data-id=\"df9d354\" data-element_type=\"widget\" data-e-type=\"widget\" data-widget_type=\"text-editor.default\">\n\t\t\t\t\t\t\t\t\t<p><span style=\"color: var( --e-global-color-text ); text-align: var(--text-align);\">Agradezco a esas mujeres l\u00edderes que nos han antecedido y nos inspiran a seguir enfrentado estos desaf\u00edos\u00a0 que nos retan a seguir luchando por los derechos y que con la sororidad necesaria nos hace ser un grupo fuerte una red de apoyo nos solo para nuestro mismo g\u00e9nero si no para la sociedad misma.\u00a0 \u00a0<\/span><\/p><p><span style=\"color: var( --e-global-color-text ); text-align: var(--text-align);\">Mi admiraci\u00f3n grande\u00a0 a esas mujeres\u00a0 que en materia de derechos humanos, en\u00a0 \u00e1reas cientificas ,\u00a0 en <a href=\"https:\/\/soymigrante.com\/revista\/marcos-antil-expone-plataforma-soymigrante-com-mercado-a-emprendedoras-en-republica-mujer\/\">\u00e1reas empresariales<\/a>, de salud y educaci\u00f3n: son un gran precedente\u00a0 para m\u00e1s ni\u00f1as\u00a0 y mujeres\u00a0 que hoy gozan de derechos\u00a0 que antes no so\u00f1abas alcanzar.\u00a0<\/span><\/p><p>Que la conciencia sea una gu\u00eda importante en nuestro crecimiento dentro de nuestra sociedad con equidad de g\u00e9nero, en este espacio\u00a0 pluricultural.<\/p><div>\u00a0<\/div>\t\t\t\t\t\t\t\t<\/div>\n\t\t\t\t\t<\/div>\n\t\t\t\t<\/div>\n\t\t<div data-particle_enable=\"false\" data-particle-mobile-disabled=\"false\" class=\"elementor-element elementor-element-51e452d e-flex e-con-boxed e-con e-parent\" data-id=\"51e452d\" data-element_type=\"container\" data-e-type=\"container\">\n\t\t\t\t\t<div class=\"e-con-inner\">\n\t\t\t\t<div class=\"elementor-element elementor-element-9df6efe elementor-widget elementor-widget-text-editor\" data-id=\"9df6efe\" data-element_type=\"widget\" data-e-type=\"widget\" data-widget_type=\"text-editor.default\">\n\t\t\t\t\t\t\t\t\t<p>Acerca de la autora de este texto: es emprendedora guatemalteca, tambi\u00e9n ha sido maestra de ballet y graduada de Licenciada por la Escuela de Arte USAC. Su emprendimiento Ra\u00edces abri\u00f3 su tienda digital en SoyMigrante.com\/MERCADO<\/p>\t\t\t\t\t\t\t\t<\/div>\n\t\t\t\t\t<\/div>\n\t\t\t\t<\/div>\n\t\t<div data-particle_enable=\"false\" data-particle-mobile-disabled=\"false\" class=\"elementor-element elementor-element-16894fb e-flex e-con-boxed e-con e-parent\" data-id=\"16894fb\" data-element_type=\"container\" data-e-type=\"container\">\n\t\t\t\t\t<div class=\"e-con-inner\">\n\t\t\t\t<div class=\"elementor-element elementor-element-8f28554 elementor-grid-eael-col-1 elementor-grid-tablet-eael-col-2 elementor-grid-mobile-eael-col-1 elementor-widget elementor-widget-eael-post-grid\" data-id=\"8f28554\" data-element_type=\"widget\" data-e-type=\"widget\" data-settings=\"{&quot;eael_post_grid_columns&quot;:&quot;eael-col-1&quot;,&quot;eael_post_grid_columns_tablet&quot;:&quot;eael-col-2&quot;,&quot;eael_post_grid_columns_mobile&quot;:&quot;eael-col-1&quot;}\" data-widget_type=\"eael-post-grid.default\">\n\t\t\t\t\t<div id=\"eael-post-grid-8f28554\" class=\"eael-post-grid-container\">\n            <div class=\"eael-post-grid eael-post-appender eael-post-appender-8f28554 eael-post-grid-style-one\" data-layout-mode=\"masonry\"><article class=\"eael-grid-post  eael-post-grid-column eael-pg-post-21003 category-guate-nuestra tags-mercado-emprendedores\" data-id=\"21003\">\n        <div class=\"eael-grid-post-holder\">\n            <div class=\"eael-grid-post-holder-inner\"><div class=\"eael-entry-media\"><div class=\"eael-entry-overlay fade-in\"><i class=\"far fa-hand-pointer\" aria-hidden=\"true\"><\/i><a href=\"https:\/\/soymigrante.com\/revista\/bolsas-pulseras-y-collares-raices-surgen-con-la-creatividad-y-amor-familiar-de-silvia-flores\/\"><\/a><\/div><div class=\"eael-entry-thumbnail eael-image-ratio\">\n                <img decoding=\"async\" width=\"721\" height=\"721\" src=\"https:\/\/soymigrante.com\/revista\/wp-content\/uploads\/2025\/01\/silvia-patricia-raices-1.webp\" class=\"attachment-large size-large wp-image-21004\" alt=\"Artesan\u00edas y joyer\u00eda de migrantes en exclusivo mercado con enfoque en cultura y tradici\u00f3n.\" srcset=\"https:\/\/soymigrante.com\/revista\/wp-content\/uploads\/2025\/01\/silvia-patricia-raices-1.webp 721w, https:\/\/soymigrante.com\/revista\/wp-content\/uploads\/2025\/01\/silvia-patricia-raices-1-300x300.jpg 300w, https:\/\/soymigrante.com\/revista\/wp-content\/uploads\/2025\/01\/silvia-patricia-raices-1-150x150.jpg 150w, https:\/\/soymigrante.com\/revista\/wp-content\/uploads\/2025\/01\/silvia-patricia-raices-1-75x75.webp 75w\" sizes=\"(max-width: 721px) 100vw, 721px\" \/>\n            <\/div>\n        <\/div><div class=\"eael-entry-wrapper\"><header class=\"eael-entry-header\"><h2 class=\"eael-entry-title\"><a class=\"eael-grid-post-link\" href=\"https:\/\/soymigrante.com\/revista\/bolsas-pulseras-y-collares-raices-surgen-con-la-creatividad-y-amor-familiar-de-silvia-flores\/\" title=\"Bolsas, pulseras y collares Ra\u00edces surgen con la creatividad y amor familiar de Silvia Flores\">Bolsas, pulseras y collares Ra\u00edces surgen con la creatividad y amor familiar de Silvia Flores<\/a><\/h2><\/header><div class=\"eael-entry-content\">\n                        <div class=\"eael-grid-post-excerpt\"><a href=\"https:\/\/soymigrante.com\/revista\/bolsas-pulseras-y-collares-raices-surgen-con-la-creatividad-y-amor-familiar-de-silvia-flores\/\" class=\"eael-post-elements-readmore-btn\">CONOCE SU HISTORIA <\/a><\/div>\n                    <\/div><\/div><\/div>\n        <\/div>\n    <\/article><\/div>\n            <div class=\"clearfix\"><\/div>\n        <\/div>\t\t\t\t<\/div>\n\t\t\t\t\t<\/div>\n\t\t\t\t<\/div>\n\t\t\t\t<\/div>\n\t\t","protected":false},"excerpt":{"rendered":"<p>Mi admiraci\u00f3n grande a esas mujeres que en materia de derechos humanos, en \u00e1reas cient\u00edficas, empresariales, de salud y educaci\u00f3n: son un gran precedente para m\u00e1s ni\u00f1as y mujeres que hoy gozan de derechos que antes no so\u00f1abas alcanzar. Por Silvia Patricia Flores, emprendedora\u00a0 y maestra guatemalteca A medida que hemos&nbsp; ido evolucionando tambi\u00e9n avanzan [&hellip;]<\/p>\n","protected":false},"author":1,"featured_media":27510,"comment_status":"open","ping_status":"open","sticky":false,"template":"","format":"standard","meta":{"_acf_changed":false,"_eb_attr":"","footnotes":""},"categories":[56],"tags":[],"class_list":["post-27498","post","type-post","status-publish","format-standard","has-post-thumbnail","hentry","category-lugar-de-voces"],"acf":[],"aioseo_notices":[],"aioseo_head":"\n\t\t<!-- All in One SEO Pro 4.9.6.2 - aioseo.com -->\n\t<meta name=\"description\" content=\"Familia, trabajo y creatividad son la ra\u00edz de la emprendedora de Silvia Flores. Hace collares, pulseras y bolsas Ra\u00edces. Est\u00e1 en MERCADO y esta es su historia.\" \/>\n\t<meta name=\"robots\" content=\"max-snippet:-1, max-image-preview:large, max-video-preview:-1\" \/>\n\t<meta name=\"author\" content=\"Gustavo Montenegro\"\/>\n\t<link rel=\"canonical\" href=\"https:\/\/soymigrante.com\/revista\/bolsas-pulseras-y-collares-raices-surgen-con-la-creatividad-y-amor-familiar-de-silvia-flores\/\" \/>\n\t<meta name=\"generator\" content=\"All in One SEO Pro (AIOSEO) 4.9.6.2\" \/>\n\n\t\t<link rel=\"preconnect\" href=\"https:\/\/fonts.googleapis.com\" crossorigin>\n<link rel=\"preconnect\" href=\"https:\/\/fonts.gstatic.com\" crossorigin>\n\t\t<meta property=\"og:locale\" content=\"es_ES\" \/>\n\t\t<meta property=\"og:site_name\" content=\"SoyMigrante.com REVISTA \u2013 Nuestra misi\u00f3n es reconocer y dignificar al migrante.\" \/>\n\t\t<meta property=\"og:type\" content=\"article\" \/>\n\t\t<meta property=\"og:title\" content=\"Bolsas, pulseras y collares florecen con Ra\u00edces de amor\" \/>\n\t\t<meta property=\"og:description\" content=\"Familia, trabajo y creatividad son la ra\u00edz de la emprendedora de Silvia Flores. Hace collares, pulseras y bolsas Ra\u00edces. Est\u00e1 en MERCADO y esta es su historia.\" \/>\n\t\t<meta property=\"og:url\" content=\"https:\/\/soymigrante.com\/revista\/bolsas-pulseras-y-collares-raices-surgen-con-la-creatividad-y-amor-familiar-de-silvia-flores\/\" \/>\n\t\t<meta property=\"og:image\" content=\"https:\/\/soymigrante.com\/revista\/wp-content\/uploads\/2025\/01\/silvia-patricia-raices-1.webp\" \/>\n\t\t<meta property=\"og:image:secure_url\" content=\"https:\/\/soymigrante.com\/revista\/wp-content\/uploads\/2025\/01\/silvia-patricia-raices-1.webp\" \/>\n\t\t<meta property=\"og:image:width\" content=\"721\" \/>\n\t\t<meta property=\"og:image:height\" content=\"721\" \/>\n\t\t<meta property=\"article:published_time\" content=\"2025-01-15T18:02:27+00:00\" \/>\n\t\t<meta property=\"article:modified_time\" content=\"2025-07-21T18:05:46+00:00\" \/>\n\t\t<meta property=\"article:publisher\" content=\"https:\/\/www.facebook.com\/soymigrantecom\" \/>\n\t\t<meta name=\"twitter:card\" content=\"summary_large_image\" \/>\n\t\t<meta name=\"twitter:site\" content=\"@SoyMigrante_com\" \/>\n\t\t<meta name=\"twitter:title\" content=\"Bolsas, pulseras y collares florecen con Ra\u00edces de amor\" \/>\n\t\t<meta name=\"twitter:description\" content=\"Familia, trabajo y creatividad son la ra\u00edz de la emprendedora de Silvia Flores. Hace collares, pulseras y bolsas Ra\u00edces. Est\u00e1 en MERCADO y esta es su historia.\" \/>\n\t\t<meta name=\"twitter:creator\" content=\"@SoyMigrante_com\" \/>\n\t\t<meta name=\"twitter:image\" content=\"https:\/\/soymigrante.com\/revista\/wp-content\/uploads\/2025\/01\/silvia-patricia-raices-1.webp\" \/>\n\t\t<!-- All in One SEO Pro -->\r\n\t\t<title>Bolsas, pulseras y collares florecen con Ra\u00edces de amor<\/title>\n\n","aioseo_head_json":{"title":"Bolsas, pulseras y collares florecen con Ra\u00edces de amor","description":"Familia, trabajo y creatividad son la ra\u00edz de la emprendedora de Silvia Flores. Hace collares, pulseras y bolsas Ra\u00edces. Est\u00e1 en MERCADO y esta es su historia.","canonical_url":"https:\/\/soymigrante.com\/revista\/bolsas-pulseras-y-collares-raices-surgen-con-la-creatividad-y-amor-familiar-de-silvia-flores\/","robots":"max-snippet:-1, max-image-preview:large, max-video-preview:-1","keywords":"","webmasterTools":{"miscellaneous":"&lt;link rel=\"preconnect\" href=\"https:\/\/fonts.googleapis.com\" crossorigin&gt;\n&lt;link rel=\"preconnect\" href=\"https:\/\/fonts.gstatic.com\" crossorigin&gt;"},"schema":null,"og:locale":"es_ES","og:site_name":"SoyMigrante.com REVISTA \u2013 Nuestra misi\u00f3n es reconocer y dignificar al migrante.","og:type":"article","og:title":"Bolsas, pulseras y collares florecen con Ra\u00edces de amor","og:description":"Familia, trabajo y creatividad son la ra\u00edz de la emprendedora de Silvia Flores. Hace collares, pulseras y bolsas Ra\u00edces. Est\u00e1 en MERCADO y esta es su historia.","og:url":"https:\/\/soymigrante.com\/revista\/bolsas-pulseras-y-collares-raices-surgen-con-la-creatividad-y-amor-familiar-de-silvia-flores\/","og:image":"https:\/\/soymigrante.com\/revista\/wp-content\/uploads\/2025\/01\/silvia-patricia-raices-1.webp","og:image:secure_url":"https:\/\/soymigrante.com\/revista\/wp-content\/uploads\/2025\/01\/silvia-patricia-raices-1.webp","og:image:width":721,"og:image:height":721,"article:published_time":"2025-01-15T18:02:27+00:00","article:modified_time":"2025-07-21T18:05:46+00:00","article:publisher":"https:\/\/www.facebook.com\/soymigrantecom","twitter:card":"summary_large_image","twitter:site":"@SoyMigrante_com","twitter:title":"Bolsas, pulseras y collares florecen con Ra\u00edces de amor","twitter:description":"Familia, trabajo y creatividad son la ra\u00edz de la emprendedora de Silvia Flores. Hace collares, pulseras y bolsas Ra\u00edces. Est\u00e1 en MERCADO y esta es su historia.","twitter:creator":"@SoyMigrante_com","twitter:image":"https:\/\/soymigrante.com\/revista\/wp-content\/uploads\/2025\/01\/silvia-patricia-raices-1.webp"},"aioseo_meta_data":{"post_id":"27498","title":"M\u00e1s all\u00e1 del 8 de marzo: d\u00edas para actuar, agradecer y actuar","description":"La emprendedora guatemalteca, bailarina y catedr\u00e1tica Silvia Flores dirige estas palabras a guatemaltecas e hispanas con motivo del D\u00eda de la Mujer. Valiosa reflexi\u00f3n.","keywords":null,"keyphrases":{"focus":{"keyphrase":"Mujer","score":68,"analysis":{"keyphraseInTitle":{"score":3,"maxScore":9,"error":1},"keyphraseInDescription":{"score":9,"maxScore":9,"error":0},"keyphraseLength":{"score":9,"maxScore":9,"error":0,"length":1},"keyphraseInURL":{"score":1,"maxScore":5,"error":1},"keyphraseInIntroduction":{"score":9,"maxScore":9,"error":0},"keyphraseInSubHeadings":{"score":3,"maxScore":9,"error":1},"keyphraseInImageAlt":{"score":3,"maxScore":9,"error":1},"keywordDensity":{"type":"best","score":9,"maxScore":9,"error":0}}},"additional":[{"keyphrase":"D\u00eda de la Mujer","score":47,"analysis":{"keyphraseInDescription":{"score":9,"maxScore":9,"error":0},"keyphraseLength":{"score":6,"maxScore":9,"error":1,"length":5},"keyphraseInIntroduction":{"score":3,"maxScore":9,"error":1},"keyphraseInImageAlt":{"score":3,"maxScore":9,"error":1},"keywordDensity":{"score":0,"type":"low","maxScore":9,"error":1}}}]},"primary_term":null,"canonical_url":null,"og_title":null,"og_description":null,"og_object_type":"default","og_image_type":"default","og_image_url":null,"og_image_width":null,"og_image_height":null,"og_image_custom_url":null,"og_image_custom_fields":null,"og_video":"","og_custom_url":null,"og_article_section":null,"og_article_tags":null,"twitter_use_og":false,"twitter_card":"default","twitter_image_type":"default","twitter_image_url":null,"twitter_image_custom_url":null,"twitter_image_custom_fields":null,"twitter_title":null,"twitter_description":null,"schema":{"blockGraphs":[],"customGraphs":[],"default":{"data":{"Article":[],"Course":[],"Dataset":[],"FAQPage":[],"Movie":[],"Person":[],"Product":[],"ProductReview":[],"Car":[],"Recipe":[],"Service":[],"SoftwareApplication":[],"WebPage":[]},"graphName":"BlogPosting","isEnabled":true},"graphs":[]},"schema_type":"default","schema_type_options":null,"pillar_content":false,"robots_default":true,"robots_noindex":false,"robots_noarchive":false,"robots_nosnippet":false,"robots_nofollow":false,"robots_noimageindex":false,"robots_noodp":false,"robots_notranslate":false,"robots_max_snippet":"-1","robots_max_videopreview":"-1","robots_max_imagepreview":"large","priority":null,"frequency":"default","local_seo":null,"seo_analyzer_scan_date":"2025-10-09 03:17:14","breadcrumb_settings":null,"limit_modified_date":false,"reviewed_by":null,"open_ai":"{\"title\":{\"suggestions\":[],\"usage\":0},\"description\":{\"suggestions\":[],\"usage\":0}}","ai":null,"created":"2025-03-08 22:27:26","updated":"2026-02-04 22:04:37"},"aioseo_breadcrumb":"<div class=\"aioseo-breadcrumbs\"><span class=\"aioseo-breadcrumb\">\n\t<a href=\"https:\/\/soymigrante.com\/revista\" title=\"Home\">Home<\/a>\n<\/span><span class=\"aioseo-breadcrumb-separator\">\u00bb<\/span><span class=\"aioseo-breadcrumb\">\n\t<a href=\"https:\/\/soymigrante.com\/revista\/category\/estamos-unidos\/\" title=\"Estamos Unidos\">Estamos Unidos<\/a>\n<\/span><span class=\"aioseo-breadcrumb-separator\">\u00bb<\/span><span class=\"aioseo-breadcrumb\">\n\t<a href=\"https:\/\/soymigrante.com\/revista\/category\/estamos-unidos\/lugar-de-voces\/\" title=\"Lugar de Voces\">Lugar de Voces<\/a>\n<\/span><span class=\"aioseo-breadcrumb-separator\">\u00bb<\/span><span class=\"aioseo-breadcrumb\">\n\tM\u00e1s all\u00e1 del 8 de marzo: d\u00edas para conmemorar, agradecer y actuar\n<\/span><\/div>","aioseo_breadcrumb_json":[{"label":"Home","link":"https:\/\/soymigrante.com\/revista"},{"label":"Estamos Unidos","link":"https:\/\/soymigrante.com\/revista\/category\/estamos-unidos\/"},{"label":"Lugar de Voces","link":"https:\/\/soymigrante.com\/revista\/category\/estamos-unidos\/lugar-de-voces\/"},{"label":"M\u00e1s all\u00e1 del 8 de marzo: d\u00edas para conmemorar, agradecer y actuar","link":"https:\/\/soymigrante.com\/revista\/mas-alla-del-8-de-marzo-dias-para-conmemorar-agradecer-y-actuar\/"}],"_links":{"self":[{"href":"https:\/\/soymigrante.com\/revista\/wp-json\/wp\/v2\/posts\/27498","targetHints":{"allow":["GET"]}}],"collection":[{"href":"https:\/\/soymigrante.com\/revista\/wp-json\/wp\/v2\/posts"}],"about":[{"href":"https:\/\/soymigrante.com\/revista\/wp-json\/wp\/v2\/types\/post"}],"author":[{"embeddable":true,"href":"https:\/\/soymigrante.com\/revista\/wp-json\/wp\/v2\/users\/1"}],"replies":[{"embeddable":true,"href":"https:\/\/soymigrante.com\/revista\/wp-json\/wp\/v2\/comments?post=27498"}],"version-history":[{"count":0,"href":"https:\/\/soymigrante.com\/revista\/wp-json\/wp\/v2\/posts\/27498\/revisions"}],"wp:featuredmedia":[{"embeddable":true,"href":"https:\/\/soymigrante.com\/revista\/wp-json\/wp\/v2\/media\/27510"}],"wp:attachment":[{"href":"https:\/\/soymigrante.com\/revista\/wp-json\/wp\/v2\/media?parent=27498"}],"wp:term":[{"taxonomy":"category","embeddable":true,"href":"https:\/\/soymigrante.com\/revista\/wp-json\/wp\/v2\/categories?post=27498"},{"taxonomy":"post_tag","embeddable":true,"href":"https:\/\/soymigrante.com\/revista\/wp-json\/wp\/v2\/tags?post=27498"}],"curies":[{"name":"wp","href":"https:\/\/api.w.org\/{rel}","templated":true}]}}