{"id":27461,"date":"2025-03-08T10:57:11","date_gmt":"2025-03-08T16:57:11","guid":{"rendered":"https:\/\/soymigrante.com\/revista\/?p=27461"},"modified":"2025-03-08T12:06:12","modified_gmt":"2025-03-08T18:06:12","slug":"valentia-fuerza-y-amor-sin-fronteras-de-la-mujer-guatemalteca","status":"publish","type":"post","link":"https:\/\/soymigrante.com\/revista\/valentia-fuerza-y-amor-sin-fronteras-de-la-mujer-guatemalteca\/","title":{"rendered":"D\u00eda de la Mujer: Guatemaltecas son valent\u00eda, inteligencia y amor sin fronteras"},"content":{"rendered":"\t\t<div data-elementor-type=\"wp-post\" data-elementor-id=\"27461\" class=\"elementor elementor-27461\" data-elementor-post-type=\"post\">\n\t\t\t\t<div data-particle_enable=\"false\" data-particle-mobile-disabled=\"false\" class=\"elementor-element elementor-element-2b7eed6 e-flex e-con-boxed e-con e-parent\" data-id=\"2b7eed6\" data-element_type=\"container\" data-e-type=\"container\">\n\t\t\t\t\t<div class=\"e-con-inner\">\n\t\t\t\t<div class=\"elementor-element elementor-element-071c43c elementor-widget elementor-widget-heading\" data-id=\"071c43c\" data-element_type=\"widget\" data-e-type=\"widget\" data-widget_type=\"heading.default\">\n\t\t\t\t\t<h2 class=\"elementor-heading-title elementor-size-default\"><span style=\"font-size: 31.2px\">La mujer guatemalteca genera vida, genera sentimientos, genera ideas y genera valores que trascienden generaciones y rebasan fronteras: nuestro sencillo pero sentido homenaje en el D\u00eda Internacional de la Mujer.<\/span><\/h2>\t\t\t\t<\/div>\n\t\t\t\t\t<\/div>\n\t\t\t\t<\/div>\n\t\t<div data-particle_enable=\"false\" data-particle-mobile-disabled=\"false\" class=\"elementor-element elementor-element-0eeb26f e-flex e-con-boxed e-con e-parent\" data-id=\"0eeb26f\" data-element_type=\"container\" data-e-type=\"container\">\n\t\t\t\t\t<div class=\"e-con-inner\">\n\t\t\t\t<div class=\"elementor-element elementor-element-bf44139 elementor-widget elementor-widget-text-editor\" data-id=\"bf44139\" data-element_type=\"widget\" data-e-type=\"widget\" data-widget_type=\"text-editor.default\">\n\t\t\t\t\t\t\t\t\t<p>La mujer guatemalteca pinta a diario un lienzo deslumbrante, lleno de colores vibrantes, tonos profundos, frutos de sacrificios, escenas de hogar y tambi\u00e9n de excelencia laboral. Tiene armoniosos matices sacados de las sombras del dolor y las luces de la esperanza. Solo ella saben plasmar a diario, cada semana, cada mes, cada a\u00f1o, ese incre\u00edble mosaico que ninguna inteligencia artificial podr\u00eda generar.<\/p><p>La mujer guatemalteca genera vida, genera sentimientos, genera ideas y genera valores que trascienden generaciones y fronteras. As\u00ed como las monta\u00f1as de su tierra, ha sido forjada por las fuerzas tect\u00f3nicas del tiempo, la adversidad y el amor inquebrantable a su familia. Su historia no solo se teje entre los hilos de su cultura ancestral, sino tambi\u00e9n entre los sue\u00f1os que se despliegan m\u00e1s all\u00e1 de las fronteras.<\/p><p>La mujer guatemalteca migrante, con su alma hecha de valent\u00eda, camina sobre tierras ajenas, pero lleva en su pecho el eco de las abuelas y el profundo llamado a transformar la realidad de su comunidad, de su patria, de su gente.<\/p>\t\t\t\t\t\t\t\t<\/div>\n\t\t\t\t\t<\/div>\n\t\t\t\t<\/div>\n\t\t<div data-particle_enable=\"false\" data-particle-mobile-disabled=\"false\" class=\"elementor-element elementor-element-e2d53e8 e-flex e-con-boxed e-con e-parent\" data-id=\"e2d53e8\" data-element_type=\"container\" data-e-type=\"container\">\n\t\t\t\t\t<div class=\"e-con-inner\">\n\t\t\t\t<div class=\"elementor-element elementor-element-8e94216 elementor-widget elementor-widget-image\" data-id=\"8e94216\" data-element_type=\"widget\" data-e-type=\"widget\" data-widget_type=\"image.default\">\n\t\t\t\t\t\t\t\t\t\t\t\t<figure class=\"wp-caption\">\n\t\t\t\t\t\t\t\t\t\t<img fetchpriority=\"high\" decoding=\"async\" width=\"768\" height=\"779\" src=\"https:\/\/soymigrante.com\/revista\/wp-content\/uploads\/2025\/03\/20230525_202433-1010x1024.jpg\" class=\"attachment-large size-large wp-image-27486\" alt=\"Contemplativo retrato de una mujer ind\u00edgena en un mural vibrante y colorido, con elementos tradicionales y naturaleza, reflejando cultura y identidad mexicana en la revista SoyMigrante.com.\" srcset=\"https:\/\/soymigrante.com\/revista\/wp-content\/uploads\/2025\/03\/20230525_202433-1010x1024.jpg 1010w, https:\/\/soymigrante.com\/revista\/wp-content\/uploads\/2025\/03\/20230525_202433-296x300.jpg 296w, https:\/\/soymigrante.com\/revista\/wp-content\/uploads\/2025\/03\/20230525_202433-768x779.jpg 768w, https:\/\/soymigrante.com\/revista\/wp-content\/uploads\/2025\/03\/20230525_202433-1515x1536.jpg 1515w, https:\/\/soymigrante.com\/revista\/wp-content\/uploads\/2025\/03\/20230525_202433-2020x2048.jpg 2020w, https:\/\/soymigrante.com\/revista\/wp-content\/uploads\/2025\/03\/20230525_202433-75x75.webp 75w, https:\/\/soymigrante.com\/revista\/wp-content\/uploads\/2025\/03\/20230525_202433-750x761.webp 750w, https:\/\/soymigrante.com\/revista\/wp-content\/uploads\/2025\/03\/20230525_202433-1140x1156.webp 1140w, https:\/\/soymigrante.com\/revista\/wp-content\/uploads\/2025\/03\/20230525_202433.webp 1893w\" sizes=\"(max-width: 768px) 100vw, 768px\" title=\"Fragmento de \u00f3leo del artista momosteco David de Paz, captada en una exposici\u00f3n de 2023. Foto usadad solo con fines ilustrativos del texto al D\u00eda de la Mujer. \u2013 SoyMigrante.com REVISTA\" \/>\t\t\t\t\t\t\t\t\t\t\t<figcaption class=\"widget-image-caption wp-caption-text\">Una pintura mural que combina arte, cultura ind\u00edgena y naturaleza, mostrando una mujer tradicional mexicana con elementos simb\u00f3licos, en tonos vivos que resaltan en la portada de SoyMigrante.com Revista.<\/figcaption>\n\t\t\t\t\t\t\t\t\t\t<\/figure>\n\t\t\t\t\t\t\t\t\t<\/div>\n\t\t\t\t\t<\/div>\n\t\t\t\t<\/div>\n\t\t<div data-particle_enable=\"false\" data-particle-mobile-disabled=\"false\" class=\"elementor-element elementor-element-888b8f7 e-flex e-con-boxed e-con e-parent\" data-id=\"888b8f7\" data-element_type=\"container\" data-e-type=\"container\">\n\t\t\t\t\t<div class=\"e-con-inner\">\n\t\t\t\t<div class=\"elementor-element elementor-element-0263bd0 elementor-widget elementor-widget-text-editor\" data-id=\"0263bd0\" data-element_type=\"widget\" data-e-type=\"widget\" data-widget_type=\"text-editor.default\">\n\t\t\t\t\t\t\t\t\t<p><span style=\"color: var( --e-global-color-text ); text-align: var(--text-align);\">En la historia de la mujer guatemalteca hay luchas que a\u00fan no se conocen, de abnegaci\u00f3n y fortaleza ante la enfermedad de un hijo, ante la pobreza, ante el valiente acto de volver a labrar la dura tierra con la esperanza de un ma\u00edz nuevo.<\/span><\/p><p>\u00a0<\/p><p>Muchas guatemaltecas partieron hacia todos los puntos cardinales en migraci\u00f3n interna; tambi\u00e9n no son pocas las que, con un dolor callado, cruzaron fronteras hacia el norte, alzando las manos que un d\u00eda sembraron, pero para plantar una semilla de prosperidad que devuelven a sus familias en forma de remesas. El desarraigo les priva de tantas cosas, pero jam\u00e1s del amor por su gente ni de la inquebrantable voluntad de ofrecerles un futuro.<\/p><p>\u00a0<\/p><p>As\u00ed como la Mar\u00eda Tec\u00fan de Miguel \u00c1ngel Asturias en Hombres de Ma\u00edz se marcha en busca de nuevos horizontes de esperanza, muchas guatemaltecas han hecho historia fuera de las fronteras patrias. Por supuesto, tambi\u00e9n son millones las que se han quedado y contin\u00faan aportando a Guatemala a trav\u00e9s de sus profesiones y oficios, de la artesan\u00eda y de la tecnolog\u00eda: unas tejen en el telar de hijos y otras tejen en el campo empresarial.<\/p><p>\u00a0<\/p><p>En sus corazones resuenan las palabras de sus antecesoras, quienes, muchas veces sin la ostentaci\u00f3n de t\u00edtulos ni el brillo de los reflectores, sostuvieron las familias, preservaron la cultura y sembraron en el coraz\u00f3n de sus hijos milpas de nuevo \u00e1nimo diario. Cada guatemalteca es poeta de realidades, arquitecta de futuros, m\u00e9dica de corazones.<\/p>\t\t\t\t\t\t\t\t<\/div>\n\t\t\t\t\t<\/div>\n\t\t\t\t<\/div>\n\t\t<div data-particle_enable=\"false\" data-particle-mobile-disabled=\"false\" class=\"elementor-element elementor-element-cac65f8 e-flex e-con-boxed e-con e-parent\" data-id=\"cac65f8\" data-element_type=\"container\" data-e-type=\"container\">\n\t\t\t\t\t<div class=\"e-con-inner\">\n\t\t\t\t<div class=\"elementor-element elementor-element-9585498 elementor-widget elementor-widget-image\" data-id=\"9585498\" data-element_type=\"widget\" data-e-type=\"widget\" data-widget_type=\"image.default\">\n\t\t\t\t\t\t\t\t\t\t\t\t\t\t\t<img decoding=\"async\" width=\"768\" height=\"578\" src=\"https:\/\/soymigrante.com\/revista\/wp-content\/uploads\/2024\/07\/candidatas-rabin-ajau-1024x771.webp\" class=\"attachment-large size-large wp-image-7654\" alt=\"Colorido grupo de mujeres ind\u00edgenas en trajes tradicionales posando en la escalinata de una iglesia colonial, destacando la cultura y tradiciones mexicanas en un evento comunitario.\" srcset=\"https:\/\/soymigrante.com\/revista\/wp-content\/uploads\/2024\/07\/candidatas-rabin-ajau-1024x771.webp 1024w, https:\/\/soymigrante.com\/revista\/wp-content\/uploads\/2024\/07\/candidatas-rabin-ajau-300x226.webp 300w, https:\/\/soymigrante.com\/revista\/wp-content\/uploads\/2024\/07\/candidatas-rabin-ajau-768x578.webp 768w, https:\/\/soymigrante.com\/revista\/wp-content\/uploads\/2024\/07\/candidatas-rabin-ajau-1536x1156.webp 1536w, https:\/\/soymigrante.com\/revista\/wp-content\/uploads\/2024\/07\/candidatas-rabin-ajau-750x564.webp 750w, https:\/\/soymigrante.com\/revista\/wp-content\/uploads\/2024\/07\/candidatas-rabin-ajau-1140x858.webp 1140w, https:\/\/soymigrante.com\/revista\/wp-content\/uploads\/2024\/07\/candidatas-rabin-ajau.webp 1600w\" sizes=\"(max-width: 768px) 100vw, 768px\" title=\"Las 114 j\u00f3venes guatemaltecas  que participan en la elecci\u00f3n 2024. Cada una representa a un municipio de Guatemala. Junto a ellas est\u00e1 la Rabin Ajau saliente,  Marleny Miranda Toyom Canastuj de Tptonicap\u00e1n.  Est\u00e1n reunidas en el emblem\u00e1tico Calvario de Cob\u00e1n, Alta Verapaz. (Fotograf\u00eda Angel Mart\u00edn Tax-Noticias La Esfinge) \u2013 SoyMigrante.com REVISTA\" \/>\t\t\t\t\t\t\t\t\t\t\t\t\t\t\t<\/div>\n\t\t\t\t\t<\/div>\n\t\t\t\t<\/div>\n\t\t<div data-particle_enable=\"false\" data-particle-mobile-disabled=\"false\" class=\"elementor-element elementor-element-b528b28 e-flex e-con-boxed e-con e-parent\" data-id=\"b528b28\" data-element_type=\"container\" data-e-type=\"container\">\n\t\t\t\t\t<div class=\"e-con-inner\">\n\t\t\t\t<div class=\"elementor-element elementor-element-19ca610 elementor-widget elementor-widget-text-editor\" data-id=\"19ca610\" data-element_type=\"widget\" data-e-type=\"widget\" data-widget_type=\"text-editor.default\">\n\t\t\t\t\t\t\t\t\t<p><span style=\"color: var( --e-global-color-text ); text-align: var(--text-align);\">Madres y artesanas, desde las aulas, desde los puestos de trabajo, desde el servicio a los dem\u00e1s, llevan en sus hombros el peso del cambio. Las l\u00edderes comunitarias que, con sus manos amorosas, recogen las quejas de su gente, las madres que alientan a sus hijos a estudiar, las profesionales que abren caminos donde antes solo hab\u00eda veredas: su amor es fuego de volc\u00e1n y paz de monta\u00f1a nubosa.<\/span><\/p><p>Cada una de las guatemaltecas, migrantes, artesanas, madres, l\u00edderes, es una revoluci\u00f3n en s\u00ed misma, una manifestaci\u00f3n de lo que significa resistir, crear, amar y transformar. As\u00ed como el r\u00edo que fluye sin descanso entre las monta\u00f1as, ellas, en su silencio y su esfuerzo diario, nos ense\u00f1an que no hay frontera que detenga el alma, ni distancia que apague la llama del amor y la esperanza. La mujer guatemalteca, tejida en la resiliencia y la fortaleza, sigue demostrando que la grandeza no necesita de grandes escenarios. Su historia, aunque a veces invisible, es eterna.<\/p><p>En este D\u00eda de la Mujer 2025, nuestro saludo y reconocimiento a todas y cada una de ellas.<\/p>\t\t\t\t\t\t\t\t<\/div>\n\t\t\t\t\t<\/div>\n\t\t\t\t<\/div>\n\t\t<div data-particle_enable=\"false\" data-particle-mobile-disabled=\"false\" class=\"elementor-element elementor-element-0837f84 e-flex e-con-boxed e-con e-parent\" data-id=\"0837f84\" data-element_type=\"container\" data-e-type=\"container\">\n\t\t\t\t\t<div class=\"e-con-inner\">\n\t\t\t\t<div class=\"elementor-element elementor-element-1121d1f elementor-widget elementor-widget-heading\" data-id=\"1121d1f\" data-element_type=\"widget\" data-e-type=\"widget\" data-widget_type=\"heading.default\">\n\t\t\t\t\t<h2 class=\"elementor-heading-title elementor-size-default\">Guatemaltecas impulsan el futuro cada d\u00eda, cada mes, cada a\u00f1o...<\/h2>\t\t\t\t<\/div>\n\t\t\t\t\t<\/div>\n\t\t\t\t<\/div>\n\t\t<div data-particle_enable=\"false\" data-particle-mobile-disabled=\"false\" class=\"elementor-element elementor-element-4407b8c e-flex e-con-boxed e-con e-parent\" data-id=\"4407b8c\" data-element_type=\"container\" data-e-type=\"container\">\n\t\t\t\t\t<div class=\"e-con-inner\">\n\t\t\t\t<div class=\"elementor-element elementor-element-b69cc98 elementor-grid-eael-col-3 elementor-grid-tablet-eael-col-2 elementor-grid-mobile-eael-col-1 elementor-widget elementor-widget-eael-post-grid\" data-id=\"b69cc98\" data-element_type=\"widget\" data-e-type=\"widget\" data-settings=\"{&quot;eael_post_grid_columns&quot;:&quot;eael-col-3&quot;,&quot;eael_post_grid_columns_tablet&quot;:&quot;eael-col-2&quot;,&quot;eael_post_grid_columns_mobile&quot;:&quot;eael-col-1&quot;}\" data-widget_type=\"eael-post-grid.default\">\n\t\t\t\t\t<div id=\"eael-post-grid-b69cc98\" class=\"eael-post-grid-container\">\n            <div class=\"eael-post-grid eael-post-appender eael-post-appender-b69cc98 eael-post-grid-style-one\" data-layout-mode=\"masonry\"><article class=\"eael-grid-post  eael-post-grid-column eael-pg-post-20419 category-guate-nuestra tags-mercado-emprendedores\" data-id=\"20419\">\n        <div class=\"eael-grid-post-holder\">\n            <div class=\"eael-grid-post-holder-inner\"><div class=\"eael-entry-media\"><div class=\"eael-entry-overlay fade-in\"><i class=\"far fa-hand-pointer\" aria-hidden=\"true\"><\/i><a href=\"https:\/\/soymigrante.com\/revista\/calzado-ninnke-nacio-del-amor-de-una-mama-y-la-pasion-por-crear-un-estilo-unico\/\"><\/a><\/div><div class=\"eael-entry-thumbnail \">\n                <img decoding=\"async\" width=\"960\" height=\"960\" src=\"https:\/\/soymigrante.com\/revista\/wp-content\/uploads\/2025\/01\/ninnke-zapatos.webp\" class=\"attachment-large size-large wp-image-20421\" alt=\"Zapatos de tac\u00f3n dorados y pantalones blancos casuales con blusa azul claro, sentada en una silla en una tienda de zapatos con exhibici\u00f3n de sandalias y gafas en el fondo.\" srcset=\"https:\/\/soymigrante.com\/revista\/wp-content\/uploads\/2025\/01\/ninnke-zapatos.webp 960w, https:\/\/soymigrante.com\/revista\/wp-content\/uploads\/2025\/01\/ninnke-zapatos-300x300.jpg 300w, https:\/\/soymigrante.com\/revista\/wp-content\/uploads\/2025\/01\/ninnke-zapatos-150x150.jpg 150w, https:\/\/soymigrante.com\/revista\/wp-content\/uploads\/2025\/01\/ninnke-zapatos-768x768.jpg 768w, https:\/\/soymigrante.com\/revista\/wp-content\/uploads\/2025\/01\/ninnke-zapatos-75x75.webp 75w, https:\/\/soymigrante.com\/revista\/wp-content\/uploads\/2025\/01\/ninnke-zapatos-750x750.webp 750w\" sizes=\"(max-width: 960px) 100vw, 960px\" \/>\n            <\/div>\n        <\/div><div class=\"eael-entry-wrapper\"><header class=\"eael-entry-header\"><h2 class=\"eael-entry-title\"><a class=\"eael-grid-post-link\" href=\"https:\/\/soymigrante.com\/revista\/calzado-ninnke-nacio-del-amor-de-una-mama-y-la-pasion-por-crear-un-estilo-unico\/\" title=\"Calzado Ninnke naci\u00f3 del amor de una mam\u00e1 y la pasi\u00f3n por crear un estilo \u00fanico: ahora est\u00e1 en MERCADO\">Calzado Ninnke naci\u00f3 del amor de una mam\u00e1 y la pasi\u00f3n por crear un estilo \u00fanico: ahora est\u00e1 en MERCADO<\/a><\/h2><\/header><div class=\"eael-entry-content\">\n                        <div class=\"eael-grid-post-excerpt\"><a href=\"https:\/\/soymigrante.com\/revista\/calzado-ninnke-nacio-del-amor-de-una-mama-y-la-pasion-por-crear-un-estilo-unico\/\" class=\"eael-post-elements-readmore-btn\">CONOCE SU HISTORIA <\/a><\/div>\n                    <\/div><\/div><\/div>\n        <\/div>\n    <\/article><article class=\"eael-grid-post  eael-post-grid-column eael-pg-post-11983 category-exitos\" data-id=\"11983\">\n        <div class=\"eael-grid-post-holder\">\n            <div class=\"eael-grid-post-holder-inner\"><div class=\"eael-entry-media\"><div class=\"eael-entry-overlay fade-in\"><i class=\"far fa-hand-pointer\" aria-hidden=\"true\"><\/i><a href=\"https:\/\/soymigrante.com\/revista\/cada-guatemalteco-que-pueda-votar-en-usa-cuenta-tiana-ochoa-lider-migrante-en-rhode-island\/\"><\/a><\/div><div class=\"eael-entry-thumbnail \">\n                <img loading=\"lazy\" decoding=\"async\" width=\"960\" height=\"959\" src=\"https:\/\/soymigrante.com\/revista\/wp-content\/uploads\/2024\/11\/tiana-ochoa-lider-migrante-rhode-island-18.webp\" class=\"attachment-large size-large wp-image-11984\" alt=\"Vestido de mujer con estampado azul y negro, sonrisa y accesorios elegantes, en fondo negro.\" srcset=\"https:\/\/soymigrante.com\/revista\/wp-content\/uploads\/2024\/11\/tiana-ochoa-lider-migrante-rhode-island-18.webp 960w, https:\/\/soymigrante.com\/revista\/wp-content\/uploads\/2024\/11\/tiana-ochoa-lider-migrante-rhode-island-18-300x300.webp 300w, https:\/\/soymigrante.com\/revista\/wp-content\/uploads\/2024\/11\/tiana-ochoa-lider-migrante-rhode-island-18-150x150.webp 150w, https:\/\/soymigrante.com\/revista\/wp-content\/uploads\/2024\/11\/tiana-ochoa-lider-migrante-rhode-island-18-768x767.jpg 768w, https:\/\/soymigrante.com\/revista\/wp-content\/uploads\/2024\/11\/tiana-ochoa-lider-migrante-rhode-island-18-75x75.webp 75w, https:\/\/soymigrante.com\/revista\/wp-content\/uploads\/2024\/11\/tiana-ochoa-lider-migrante-rhode-island-18-750x749.webp 750w\" sizes=\"(max-width: 960px) 100vw, 960px\" \/>\n            <\/div>\n        <\/div><div class=\"eael-entry-wrapper\"><header class=\"eael-entry-header\"><h2 class=\"eael-entry-title\"><a class=\"eael-grid-post-link\" href=\"https:\/\/soymigrante.com\/revista\/cada-guatemalteco-que-pueda-votar-en-usa-cuenta-tiana-ochoa-lider-migrante-en-rhode-island\/\" title=\"Tiana Ochoa, l\u00edder migrante en Rhode Island, sirve a la comunidad  hispana, especialmente a la ni\u00f1ez\">Tiana Ochoa, l\u00edder migrante en Rhode Island, sirve a la comunidad  hispana, especialmente a la ni\u00f1ez<\/a><\/h2><\/header><div class=\"eael-entry-content\">\n                        <div class=\"eael-grid-post-excerpt\"><a href=\"https:\/\/soymigrante.com\/revista\/cada-guatemalteco-que-pueda-votar-en-usa-cuenta-tiana-ochoa-lider-migrante-en-rhode-island\/\" class=\"eael-post-elements-readmore-btn\">CONOCE SU HISTORIA <\/a><\/div>\n                    <\/div><\/div><\/div>\n        <\/div>\n    <\/article><article class=\"eael-grid-post  eael-post-grid-column eael-pg-post-1469 category-exitos tags-tennessee\" data-id=\"1469\">\n        <div class=\"eael-grid-post-holder\">\n            <div class=\"eael-grid-post-holder-inner\"><div class=\"eael-entry-media\"><div class=\"eael-entry-overlay fade-in\"><i class=\"far fa-hand-pointer\" aria-hidden=\"true\"><\/i><a href=\"https:\/\/soymigrante.com\/revista\/migrante-guatemalteca-apoya-a-compatriotas-en-tennessee\/\"><\/a><\/div><div class=\"eael-entry-thumbnail \">\n                <img loading=\"lazy\" decoding=\"async\" width=\"768\" height=\"1024\" src=\"https:\/\/soymigrante.com\/revista\/wp-content\/uploads\/2023\/06\/Migrante-guatemalteca-Velvet-Hernandez-Johnson-triunfa-como-profesional-en-Estados-Unidos-y-apoya-a-migrantes-hispanos-a-traves-de-voluntariados-2-768x1024.webp\" class=\"attachment-large size-large wp-image-1474\" alt=\"Velvet Hern\u00e1ndez-Johnson visita cada a\u00f1o a su familia en Guatemala y siempre lleva algo nuevo para la exposici\u00f3n permanente en el museo local.\" srcset=\"https:\/\/soymigrante.com\/revista\/wp-content\/uploads\/2023\/06\/Migrante-guatemalteca-Velvet-Hernandez-Johnson-triunfa-como-profesional-en-Estados-Unidos-y-apoya-a-migrantes-hispanos-a-traves-de-voluntariados-2-768x1024.webp 768w, https:\/\/soymigrante.com\/revista\/wp-content\/uploads\/2023\/06\/Migrante-guatemalteca-Velvet-Hernandez-Johnson-triunfa-como-profesional-en-Estados-Unidos-y-apoya-a-migrantes-hispanos-a-traves-de-voluntariados-2-225x300.webp 225w, https:\/\/soymigrante.com\/revista\/wp-content\/uploads\/2023\/06\/Migrante-guatemalteca-Velvet-Hernandez-Johnson-triunfa-como-profesional-en-Estados-Unidos-y-apoya-a-migrantes-hispanos-a-traves-de-voluntariados-2-750x1000.webp 750w, https:\/\/soymigrante.com\/revista\/wp-content\/uploads\/2023\/06\/Migrante-guatemalteca-Velvet-Hernandez-Johnson-triunfa-como-profesional-en-Estados-Unidos-y-apoya-a-migrantes-hispanos-a-traves-de-voluntariados-2.webp 960w\" sizes=\"(max-width: 768px) 100vw, 768px\" \/>\n            <\/div>\n        <\/div><div class=\"eael-entry-wrapper\"><header class=\"eael-entry-header\"><h2 class=\"eael-entry-title\"><a class=\"eael-grid-post-link\" href=\"https:\/\/soymigrante.com\/revista\/migrante-guatemalteca-apoya-a-compatriotas-en-tennessee\/\" title=\"Velvet Hern\u00e1ndez-Johnson triunfa en Tennessee y capacita a  migrantes\">Velvet Hern\u00e1ndez-Johnson triunfa en Tennessee y capacita a  migrantes<\/a><\/h2><\/header><div class=\"eael-entry-content\">\n                        <div class=\"eael-grid-post-excerpt\"><a href=\"https:\/\/soymigrante.com\/revista\/migrante-guatemalteca-apoya-a-compatriotas-en-tennessee\/\" class=\"eael-post-elements-readmore-btn\">CONOCE SU HISTORIA <\/a><\/div>\n                    <\/div><\/div><\/div>\n        <\/div>\n    <\/article><\/div>\n            <div class=\"clearfix\"><\/div>\n        <\/div>\t\t\t\t<\/div>\n\t\t\t\t\t<\/div>\n\t\t\t\t<\/div>\n\t\t\t\t<\/div>\n\t\t","protected":false},"excerpt":{"rendered":"<p>La mujer guatemalteca genera vida, genera sentimientos, genera ideas y genera valores que trascienden generaciones y rebasan fronteras: nuestro sencillo pero sentido homenaje en el D\u00eda Internacional de la Mujer. La mujer guatemalteca pinta a diario un lienzo deslumbrante, lleno de colores vibrantes, tonos profundos, frutos de sacrificios, escenas de hogar y tambi\u00e9n de excelencia [&hellip;]<\/p>\n","protected":false},"author":1,"featured_media":27462,"comment_status":"open","ping_status":"open","sticky":false,"template":"","format":"standard","meta":{"_acf_changed":false,"_eb_attr":"","footnotes":""},"categories":[126],"tags":[],"class_list":["post-27461","post","type-post","status-publish","format-standard","has-post-thumbnail","hentry","category-editorial"],"acf":[],"aioseo_notices":[],"aioseo_head":"\n\t\t<!-- All in One SEO Pro 4.9.6.2 - aioseo.com -->\n\t<meta name=\"description\" content=\"Exitosa profesional guatemalteca Velvet Hern\u00e1ndez-Johnson labora en una compa\u00f1\u00eda de Georgia y vive en Tennessee, en donde impulsa programas educativos para migrantes Velvet Hern\u00e1ndez no pensaba quedarse a vivir en Estados Unidos cuando migr\u00f3 en 2005 para estudiar su Bachelor en Negocios y Mercadeo, en la Universidad Harding de Arkansas. Despu\u00e9s siguieron los estudios de\" \/>\n\t<meta name=\"robots\" content=\"max-snippet:-1, max-image-preview:large, max-video-preview:-1\" \/>\n\t<meta name=\"author\" content=\"Gustavo Montenegro\"\/>\n\t<link rel=\"canonical\" href=\"https:\/\/soymigrante.com\/revista\/migrante-guatemalteca-apoya-a-compatriotas-en-tennessee\/\" \/>\n\t<meta name=\"generator\" content=\"All in One SEO Pro (AIOSEO) 4.9.6.2\" \/>\n\n\t\t<link rel=\"preconnect\" href=\"https:\/\/fonts.googleapis.com\" crossorigin>\n<link rel=\"preconnect\" href=\"https:\/\/fonts.gstatic.com\" crossorigin>\n\t\t<meta property=\"og:locale\" content=\"es_ES\" \/>\n\t\t<meta property=\"og:site_name\" content=\"SoyMigrante.com REVISTA \u2013 Nuestra misi\u00f3n es reconocer y dignificar al migrante.\" \/>\n\t\t<meta property=\"og:type\" content=\"article\" \/>\n\t\t<meta property=\"og:title\" content=\"Velvet Hern\u00e1ndez-Johnson triunfa en Tennessee y capacita a migrantes\" \/>\n\t\t<meta property=\"og:description\" content=\"Exitosa profesional guatemalteca Velvet Hern\u00e1ndez-Johnson labora en una compa\u00f1\u00eda de Georgia y vive en Tennessee, en donde impulsa programas educativos para migrantes Velvet Hern\u00e1ndez no pensaba quedarse a vivir en Estados Unidos cuando migr\u00f3 en 2005 para estudiar su Bachelor en Negocios y Mercadeo, en la Universidad Harding de Arkansas. Despu\u00e9s siguieron los estudios de\" \/>\n\t\t<meta property=\"og:url\" content=\"https:\/\/soymigrante.com\/revista\/migrante-guatemalteca-apoya-a-compatriotas-en-tennessee\/\" \/>\n\t\t<meta property=\"og:image\" content=\"https:\/\/soymigrante.com\/revista\/wp-content\/uploads\/2023\/06\/Migrante-guatemalteca-Velvet-Hernandez-Johnson-triunfa-como-profesional-en-Estados-Unidos-y-apoya-a-migrantes-hispanos-a-traves-de-voluntariados-2.webp\" \/>\n\t\t<meta property=\"og:image:secure_url\" content=\"https:\/\/soymigrante.com\/revista\/wp-content\/uploads\/2023\/06\/Migrante-guatemalteca-Velvet-Hernandez-Johnson-triunfa-como-profesional-en-Estados-Unidos-y-apoya-a-migrantes-hispanos-a-traves-de-voluntariados-2.webp\" \/>\n\t\t<meta property=\"og:image:width\" content=\"960\" \/>\n\t\t<meta property=\"og:image:height\" content=\"1280\" \/>\n\t\t<meta property=\"article:published_time\" content=\"2023-06-19T04:45:57+00:00\" \/>\n\t\t<meta property=\"article:modified_time\" content=\"2026-03-11T22:38:35+00:00\" \/>\n\t\t<meta property=\"article:publisher\" content=\"https:\/\/www.facebook.com\/soymigrantecom\" \/>\n\t\t<meta name=\"twitter:card\" content=\"summary_large_image\" \/>\n\t\t<meta name=\"twitter:site\" content=\"@SoyMigrante_com\" \/>\n\t\t<meta name=\"twitter:title\" content=\"Velvet Hern\u00e1ndez-Johnson triunfa en Tennessee y capacita a migrantes\" \/>\n\t\t<meta name=\"twitter:description\" content=\"Exitosa profesional guatemalteca Velvet Hern\u00e1ndez-Johnson labora en una compa\u00f1\u00eda de Georgia y vive en Tennessee, en donde impulsa programas educativos para migrantes Velvet Hern\u00e1ndez no pensaba quedarse a vivir en Estados Unidos cuando migr\u00f3 en 2005 para estudiar su Bachelor en Negocios y Mercadeo, en la Universidad Harding de Arkansas. Despu\u00e9s siguieron los estudios de\" \/>\n\t\t<meta name=\"twitter:creator\" content=\"@SoyMigrante_com\" \/>\n\t\t<meta name=\"twitter:image\" content=\"https:\/\/soymigrante.com\/revista\/wp-content\/uploads\/2023\/06\/Migrante-guatemalteca-Velvet-Hernandez-Johnson-triunfa-como-profesional-en-Estados-Unidos-y-apoya-a-migrantes-hispanos-a-traves-de-voluntariados-2.webp\" \/>\n\t\t<!-- All in One SEO Pro -->\r\n\t\t<title>Velvet Hern\u00e1ndez-Johnson triunfa en Tennessee y capacita a migrantes<\/title>\n\n","aioseo_head_json":{"title":"Velvet Hern\u00e1ndez-Johnson triunfa en Tennessee y capacita a migrantes","description":"Exitosa profesional guatemalteca Velvet Hern\u00e1ndez-Johnson labora en una compa\u00f1\u00eda de Georgia y vive en Tennessee, en donde impulsa programas educativos para migrantes Velvet Hern\u00e1ndez no pensaba quedarse a vivir en Estados Unidos cuando migr\u00f3 en 2005 para estudiar su Bachelor en Negocios y Mercadeo, en la Universidad Harding de Arkansas. Despu\u00e9s siguieron los estudios de","canonical_url":"https:\/\/soymigrante.com\/revista\/migrante-guatemalteca-apoya-a-compatriotas-en-tennessee\/","robots":"max-snippet:-1, max-image-preview:large, max-video-preview:-1","keywords":"","webmasterTools":{"miscellaneous":"&lt;link rel=\"preconnect\" href=\"https:\/\/fonts.googleapis.com\" crossorigin&gt;\n&lt;link rel=\"preconnect\" href=\"https:\/\/fonts.gstatic.com\" crossorigin&gt;"},"schema":null,"og:locale":"es_ES","og:site_name":"SoyMigrante.com REVISTA \u2013 Nuestra misi\u00f3n es reconocer y dignificar al migrante.","og:type":"article","og:title":"Velvet Hern\u00e1ndez-Johnson triunfa en Tennessee y capacita a migrantes","og:description":"Exitosa profesional guatemalteca Velvet Hern\u00e1ndez-Johnson labora en una compa\u00f1\u00eda de Georgia y vive en Tennessee, en donde impulsa programas educativos para migrantes Velvet Hern\u00e1ndez no pensaba quedarse a vivir en Estados Unidos cuando migr\u00f3 en 2005 para estudiar su Bachelor en Negocios y Mercadeo, en la Universidad Harding de Arkansas. Despu\u00e9s siguieron los estudios de","og:url":"https:\/\/soymigrante.com\/revista\/migrante-guatemalteca-apoya-a-compatriotas-en-tennessee\/","og:image":"https:\/\/soymigrante.com\/revista\/wp-content\/uploads\/2023\/06\/Migrante-guatemalteca-Velvet-Hernandez-Johnson-triunfa-como-profesional-en-Estados-Unidos-y-apoya-a-migrantes-hispanos-a-traves-de-voluntariados-2.webp","og:image:secure_url":"https:\/\/soymigrante.com\/revista\/wp-content\/uploads\/2023\/06\/Migrante-guatemalteca-Velvet-Hernandez-Johnson-triunfa-como-profesional-en-Estados-Unidos-y-apoya-a-migrantes-hispanos-a-traves-de-voluntariados-2.webp","og:image:width":960,"og:image:height":1280,"article:published_time":"2023-06-19T04:45:57+00:00","article:modified_time":"2026-03-11T22:38:35+00:00","article:publisher":"https:\/\/www.facebook.com\/soymigrantecom","twitter:card":"summary_large_image","twitter:site":"@SoyMigrante_com","twitter:title":"Velvet Hern\u00e1ndez-Johnson triunfa en Tennessee y capacita a migrantes","twitter:description":"Exitosa profesional guatemalteca Velvet Hern\u00e1ndez-Johnson labora en una compa\u00f1\u00eda de Georgia y vive en Tennessee, en donde impulsa programas educativos para migrantes Velvet Hern\u00e1ndez no pensaba quedarse a vivir en Estados Unidos cuando migr\u00f3 en 2005 para estudiar su Bachelor en Negocios y Mercadeo, en la Universidad Harding de Arkansas. Despu\u00e9s siguieron los estudios de","twitter:creator":"@SoyMigrante_com","twitter:image":"https:\/\/soymigrante.com\/revista\/wp-content\/uploads\/2023\/06\/Migrante-guatemalteca-Velvet-Hernandez-Johnson-triunfa-como-profesional-en-Estados-Unidos-y-apoya-a-migrantes-hispanos-a-traves-de-voluntariados-2.webp"},"aioseo_meta_data":{"post_id":"27461","title":null,"description":"Con motivo del D\u00eda Internacional de la Mujer saludamos, reconocemos y honramos el legado constante y trascendental de las guatemaltecas dentro y fuera del pa\u00eds.","keywords":null,"keyphrases":{"focus":{"keyphrase":"Mujer","score":91,"analysis":{"keyphraseInTitle":{"score":9,"maxScore":9,"error":0},"keyphraseInDescription":{"score":9,"maxScore":9,"error":0},"keyphraseLength":{"score":9,"maxScore":9,"error":0,"length":1},"keyphraseInURL":{"score":5,"maxScore":5,"error":0},"keyphraseInIntroduction":{"score":9,"maxScore":9,"error":0},"keyphraseInSubHeadings":{"score":9,"maxScore":9,"error":0},"keyphraseInImageAlt":{"score":3,"maxScore":9,"error":1},"keywordDensity":{"type":"best","score":9,"maxScore":9,"error":0}}},"additional":[{"keyphrase":"Guatemalteca","score":87,"analysis":{"keyphraseInDescription":{"score":3,"maxScore":9,"error":1},"keyphraseLength":{"score":9,"maxScore":9,"error":0,"length":1},"keyphraseInIntroduction":{"score":9,"maxScore":9,"error":0},"keyphraseInImageAlt":{"score":9,"maxScore":9,"error":0},"keywordDensity":{"type":"best","score":9,"maxScore":9,"error":0}}}]},"primary_term":null,"canonical_url":null,"og_title":null,"og_description":null,"og_object_type":"default","og_image_type":"default","og_image_url":null,"og_image_width":null,"og_image_height":null,"og_image_custom_url":null,"og_image_custom_fields":null,"og_video":"","og_custom_url":null,"og_article_section":null,"og_article_tags":null,"twitter_use_og":false,"twitter_card":"default","twitter_image_type":"default","twitter_image_url":null,"twitter_image_custom_url":null,"twitter_image_custom_fields":null,"twitter_title":null,"twitter_description":null,"schema":{"blockGraphs":[],"customGraphs":[],"default":{"data":{"Article":[],"Course":[],"Dataset":[],"FAQPage":[],"Movie":[],"Person":[],"Product":[],"ProductReview":[],"Car":[],"Recipe":[],"Service":[],"SoftwareApplication":[],"WebPage":[]},"graphName":"BlogPosting","isEnabled":true},"graphs":[]},"schema_type":"default","schema_type_options":null,"pillar_content":false,"robots_default":true,"robots_noindex":false,"robots_noarchive":false,"robots_nosnippet":false,"robots_nofollow":false,"robots_noimageindex":false,"robots_noodp":false,"robots_notranslate":false,"robots_max_snippet":"-1","robots_max_videopreview":"-1","robots_max_imagepreview":"large","priority":null,"frequency":"default","local_seo":null,"seo_analyzer_scan_date":"2025-10-09 03:17:14","breadcrumb_settings":null,"limit_modified_date":false,"reviewed_by":null,"open_ai":"{\"title\":{\"suggestions\":[],\"usage\":0},\"description\":{\"suggestions\":[],\"usage\":0}}","ai":null,"created":"2025-03-08 16:37:29","updated":"2026-02-04 22:04:37"},"aioseo_breadcrumb":"<div class=\"aioseo-breadcrumbs\"><span class=\"aioseo-breadcrumb\">\n\t<a href=\"https:\/\/soymigrante.com\/revista\" title=\"Home\">Home<\/a>\n<\/span><span class=\"aioseo-breadcrumb-separator\">\u00bb<\/span><span class=\"aioseo-breadcrumb\">\n\t<a href=\"https:\/\/soymigrante.com\/revista\/category\/estamos-unidos\/\" title=\"Estamos Unidos\">Estamos Unidos<\/a>\n<\/span><span class=\"aioseo-breadcrumb-separator\">\u00bb<\/span><span class=\"aioseo-breadcrumb\">\n\t<a href=\"https:\/\/soymigrante.com\/revista\/category\/estamos-unidos\/editorial\/\" title=\"Editorial\">Editorial<\/a>\n<\/span><span class=\"aioseo-breadcrumb-separator\">\u00bb<\/span><span class=\"aioseo-breadcrumb\">\n\tD\u00eda de la Mujer: Guatemaltecas son valent\u00eda, inteligencia y amor sin fronteras\n<\/span><\/div>","aioseo_breadcrumb_json":[{"label":"Home","link":"https:\/\/soymigrante.com\/revista"},{"label":"Estamos Unidos","link":"https:\/\/soymigrante.com\/revista\/category\/estamos-unidos\/"},{"label":"Editorial","link":"https:\/\/soymigrante.com\/revista\/category\/estamos-unidos\/editorial\/"},{"label":"D\u00eda de la Mujer: Guatemaltecas son valent\u00eda, inteligencia y amor sin fronteras","link":"https:\/\/soymigrante.com\/revista\/valentia-fuerza-y-amor-sin-fronteras-de-la-mujer-guatemalteca\/"}],"_links":{"self":[{"href":"https:\/\/soymigrante.com\/revista\/wp-json\/wp\/v2\/posts\/27461","targetHints":{"allow":["GET"]}}],"collection":[{"href":"https:\/\/soymigrante.com\/revista\/wp-json\/wp\/v2\/posts"}],"about":[{"href":"https:\/\/soymigrante.com\/revista\/wp-json\/wp\/v2\/types\/post"}],"author":[{"embeddable":true,"href":"https:\/\/soymigrante.com\/revista\/wp-json\/wp\/v2\/users\/1"}],"replies":[{"embeddable":true,"href":"https:\/\/soymigrante.com\/revista\/wp-json\/wp\/v2\/comments?post=27461"}],"version-history":[{"count":0,"href":"https:\/\/soymigrante.com\/revista\/wp-json\/wp\/v2\/posts\/27461\/revisions"}],"wp:featuredmedia":[{"embeddable":true,"href":"https:\/\/soymigrante.com\/revista\/wp-json\/wp\/v2\/media\/27462"}],"wp:attachment":[{"href":"https:\/\/soymigrante.com\/revista\/wp-json\/wp\/v2\/media?parent=27461"}],"wp:term":[{"taxonomy":"category","embeddable":true,"href":"https:\/\/soymigrante.com\/revista\/wp-json\/wp\/v2\/categories?post=27461"},{"taxonomy":"post_tag","embeddable":true,"href":"https:\/\/soymigrante.com\/revista\/wp-json\/wp\/v2\/tags?post=27461"}],"curies":[{"name":"wp","href":"https:\/\/api.w.org\/{rel}","templated":true}]}}