{"id":27423,"date":"2025-03-10T06:00:00","date_gmt":"2025-03-10T12:00:00","guid":{"rendered":"https:\/\/soymigrante.com\/revista\/?p=27423"},"modified":"2025-03-09T21:54:08","modified_gmt":"2025-03-10T03:54:08","slug":"departamentos-de-guatemala-totonicapan-la-tierra-del-gran-atanasio-tzul","status":"publish","type":"post","link":"https:\/\/soymigrante.com\/revista\/departamentos-de-guatemala-totonicapan-la-tierra-del-gran-atanasio-tzul\/","title":{"rendered":"Departamentos de Guatemala: Totonicap\u00e1n la tierra del gran Atanasio Tzul"},"content":{"rendered":"\t\t<div data-elementor-type=\"wp-post\" data-elementor-id=\"27423\" class=\"elementor elementor-27423\" data-elementor-post-type=\"post\">\n\t\t\t\t<div data-particle_enable=\"false\" data-particle-mobile-disabled=\"false\" class=\"elementor-element elementor-element-3d18635 e-flex e-con-boxed e-con e-parent\" data-id=\"3d18635\" data-element_type=\"container\" data-e-type=\"container\">\n\t\t\t\t\t<div class=\"e-con-inner\">\n\t\t\t\t<div class=\"elementor-element elementor-element-32a08d5 elementor-widget elementor-widget-heading\" data-id=\"32a08d5\" data-element_type=\"widget\" data-e-type=\"widget\" data-widget_type=\"heading.default\">\n\t\t\t\t\t<h2 class=\"elementor-heading-title elementor-size-default\">Totonicap\u00e1n fue uno de los primeros siete departamentos del Estado Guatemala seg\u00fan la Asamblea Constituyente de 1825; ten\u00eda un territorio m\u00e1s grande pues abarcaba parte de Huehuetenango y Quich\u00e9. Su historia se remonta a tiempos prehisp\u00e1nicos y se oficializ\u00f3 en su actual extensi\u00f3n en 1877.\n<\/h2>\t\t\t\t<\/div>\n\t\t\t\t\t<\/div>\n\t\t\t\t<\/div>\n\t\t<div data-particle_enable=\"false\" data-particle-mobile-disabled=\"false\" class=\"elementor-element elementor-element-fc671d9 e-flex e-con-boxed e-con e-parent\" data-id=\"fc671d9\" data-element_type=\"container\" data-e-type=\"container\">\n\t\t\t\t\t<div class=\"e-con-inner\">\n\t\t\t\t<div class=\"elementor-element elementor-element-c065955 elementor-widget elementor-widget-text-editor\" data-id=\"c065955\" data-element_type=\"widget\" data-e-type=\"widget\" data-widget_type=\"text-editor.default\">\n\t\t\t\t\t\t\t\t\t<p><a href=\"https:\/\/soymigrante.com\/revista\/un-recuerdo-para-tener-presente-a-la-eterna-primavera\/\" target=\"_blank\" rel=\"noopener\">Totonicap\u00e1n es uno de los 22 departamentos de Guatemala,<\/a> situado en la regi\u00f3n suroccidental del pa\u00eds. Surcado de monta\u00f1as es un territorio que perteneci\u00f3 al gran imperio k&#8217;iche&#8217; y que, de hecho, tuvo all\u00ed su segunda ciudad m\u00e1s importante: Chuimeken\u00e1, que solo era superada por la capital\u00a0<a href=\"https:\/\/soymigrante.com\/revista\/cuando-fue-fundada-gumarcaaj-la-antigua-capital-del-reino-kiche-preguntas-y-respuestas\/\">G&#8217;umark&#8217;aaj<\/a>.\u00a0<\/p><p>Este departamento tiene una gran riqueza hist\u00f3rica pues a pesar de la conquista colonial, sus pobladores han demostrado siempre una gran uni\u00f3n, organizaci\u00f3n y dignidad. En 1820 en su cabecera se origin\u00f3 un alzamiento encabezado por el l\u00edder Atanasio Tzul, de 60 a\u00f1os, para oponerse a la imposici\u00f3n de tributos abusivos. Hasta la fecha tal movimiento sigue siendo s\u00edmbolo de libertad.<\/p><p>\u00a0<\/p>\t\t\t\t\t\t\t\t<\/div>\n\t\t\t\t\t<\/div>\n\t\t\t\t<\/div>\n\t\t<div data-particle_enable=\"false\" data-particle-mobile-disabled=\"false\" class=\"elementor-element elementor-element-a15d210 e-flex e-con-boxed e-con e-parent\" data-id=\"a15d210\" data-element_type=\"container\" data-e-type=\"container\">\n\t\t\t\t\t<div class=\"e-con-inner\">\n\t\t\t\t<div class=\"elementor-element elementor-element-ed11745 elementor-widget elementor-widget-heading\" data-id=\"ed11745\" data-element_type=\"widget\" data-e-type=\"widget\" data-widget_type=\"heading.default\">\n\t\t\t\t\t<h3 class=\"elementor-heading-title elementor-size-default\">Origen del nombre<\/h3>\t\t\t\t<\/div>\n\t\t\t\t\t<\/div>\n\t\t\t\t<\/div>\n\t\t<div data-particle_enable=\"false\" data-particle-mobile-disabled=\"false\" class=\"elementor-element elementor-element-a24acf7 e-flex e-con-boxed e-con e-parent\" data-id=\"a24acf7\" data-element_type=\"container\" data-e-type=\"container\">\n\t\t\t\t\t<div class=\"e-con-inner\">\n\t\t\t\t<div class=\"elementor-element elementor-element-eac9d3d elementor-widget elementor-widget-text-editor\" data-id=\"eac9d3d\" data-element_type=\"widget\" data-e-type=\"widget\" data-widget_type=\"text-editor.default\">\n\t\t\t\t\t\t\t\t\t<p>El nombre \u201cTotonicap\u00e1n\u201d proviene de la palabra n\u00e1huatl \u201catotonilco\u201d, que significa \u201clugar de agua caliente\u201d. Esta denominaci\u00f3n hace <a href=\"https:\/\/soymigrante.com\/revista\/un-recuerdo-para-tener-presente-a-la-eterna-primavera\/\" target=\"_blank\" rel=\"noopener\">referencia a las aguas termales presentes en la regi\u00f3n.<\/a>\u00a0De hecho, el nombre prehisp\u00e1nico de la cabecera, Chuimeken\u00e1, tiene un significado equivalente.\u00a0<\/p><p>Como se mencion\u00f3 antes, l<span style=\"color: var( --e-global-color-text ); text-align: var(--text-align);\">a antigua ciudad de Totonicap\u00e1n era la segunda dentro del reino quich\u00e9. Se fund\u00f3 primero en las f\u00e9rtiles y accidentadas planicies de Patzac y Ojercaibal, formadas por las depresiones de las elevadas sierras. Posteriormente se traslad\u00f3 a la actual cabecera departamental,<\/span><\/p><p><span style=\"color: var( --e-global-color-text ); text-align: var(--text-align);\">El 13 enero 1544 se registr\u00f3 por primera vez en un acta el nombre del &#8220;pueblo de San Miguel Totonicapa de la Real Corona&#8221;, posteriormente Totonicapam y luego Totonicap\u00e1n.\u00a0<\/span><\/p>\t\t\t\t\t\t\t\t<\/div>\n\t\t\t\t\t<\/div>\n\t\t\t\t<\/div>\n\t\t<div data-particle_enable=\"false\" data-particle-mobile-disabled=\"false\" class=\"elementor-element elementor-element-d151722 e-flex e-con-boxed e-con e-parent\" data-id=\"d151722\" data-element_type=\"container\" data-e-type=\"container\">\n\t\t\t\t\t<div class=\"e-con-inner\">\n\t\t\t\t<div class=\"elementor-element elementor-element-3b65a56 elementor-widget elementor-widget-heading\" data-id=\"3b65a56\" data-element_type=\"widget\" data-e-type=\"widget\" data-widget_type=\"heading.default\">\n\t\t\t\t\t<h3 class=\"elementor-heading-title elementor-size-default\">Extensi\u00f3n territorial<\/h3>\t\t\t\t<\/div>\n\t\t\t\t\t<\/div>\n\t\t\t\t<\/div>\n\t\t<div data-particle_enable=\"false\" data-particle-mobile-disabled=\"false\" class=\"elementor-element elementor-element-9b808a2 e-flex e-con-boxed e-con e-parent\" data-id=\"9b808a2\" data-element_type=\"container\" data-e-type=\"container\">\n\t\t\t\t\t<div class=\"e-con-inner\">\n\t\t\t\t<div class=\"elementor-element elementor-element-22776f0 elementor-widget elementor-widget-text-editor\" data-id=\"22776f0\" data-element_type=\"widget\" data-e-type=\"widget\" data-widget_type=\"text-editor.default\">\n\t\t\t\t\t\t\t\t\t<p>El departamento de Totonicap\u00e1n abarca una superficie de 1028 kil\u00f3metros cuadrados. Su territorio de menor altura est\u00e1 a 1,500 metros sobre el nivel del mar y la mayor cumbre est\u00e1 a 3,358 metros de altura. Su clima es predominantemente templado y por las noches, en ciertas temporadas del a\u00f1o hay marcado fr\u00edo.<\/p>\t\t\t\t\t\t\t\t<\/div>\n\t\t\t\t\t<\/div>\n\t\t\t\t<\/div>\n\t\t<div data-particle_enable=\"false\" data-particle-mobile-disabled=\"false\" class=\"elementor-element elementor-element-64e727a e-flex e-con-boxed e-con e-parent\" data-id=\"64e727a\" data-element_type=\"container\" data-e-type=\"container\">\n\t\t\t\t\t<div class=\"e-con-inner\">\n\t\t\t\t<div class=\"elementor-element elementor-element-99fa797 elementor-widget elementor-widget-google_maps\" data-id=\"99fa797\" data-element_type=\"widget\" data-e-type=\"widget\" data-widget_type=\"google_maps.default\">\n\t\t\t\t\t\t\t<div class=\"elementor-custom-embed\">\n\t\t\t<iframe loading=\"lazy\"\n\t\t\t\t\tsrc=\"https:\/\/maps.google.com\/maps?q=Departamento%20de%20Totonicap%C3%A1n&#038;t=m&#038;z=10&#038;output=embed&#038;iwloc=near\"\n\t\t\t\t\ttitle=\"Departamento de Totonicap\u00e1n\"\n\t\t\t\t\taria-label=\"Departamento de Totonicap\u00e1n\"\n\t\t\t><\/iframe>\n\t\t<\/div>\n\t\t\t\t\t\t<\/div>\n\t\t\t\t\t<\/div>\n\t\t\t\t<\/div>\n\t\t<div data-particle_enable=\"false\" data-particle-mobile-disabled=\"false\" class=\"elementor-element elementor-element-5001210 e-flex e-con-boxed e-con e-parent\" data-id=\"5001210\" data-element_type=\"container\" data-e-type=\"container\">\n\t\t\t\t\t<div class=\"e-con-inner\">\n\t\t\t\t<div class=\"elementor-element elementor-element-50f9175 elementor-widget elementor-widget-heading\" data-id=\"50f9175\" data-element_type=\"widget\" data-e-type=\"widget\" data-widget_type=\"heading.default\">\n\t\t\t\t\t<h3 class=\"elementor-heading-title elementor-size-default\">Poblaci\u00f3n de Totonicap\u00e1n<\/h3>\t\t\t\t<\/div>\n\t\t\t\t\t<\/div>\n\t\t\t\t<\/div>\n\t\t<div data-particle_enable=\"false\" data-particle-mobile-disabled=\"false\" class=\"elementor-element elementor-element-27be0cc e-flex e-con-boxed e-con e-parent\" data-id=\"27be0cc\" data-element_type=\"container\" data-e-type=\"container\">\n\t\t\t\t\t<div class=\"e-con-inner\">\n\t\t\t\t<div class=\"elementor-element elementor-element-10109f4 elementor-widget elementor-widget-text-editor\" data-id=\"10109f4\" data-element_type=\"widget\" data-e-type=\"widget\" data-widget_type=\"text-editor.default\">\n\t\t\t\t\t\t\t\t\t<p>Seg\u00fan estimaciones del<a href=\"https:\/\/censo2018.ine.gob.gt\/dondeestamos\" target=\"_blank\" rel=\"noopener\"> Instituto Nacional de Estad\u00edstica<\/a> (INE) de Guatemala, en 2018 la poblaci\u00f3n de Totonicap\u00e1n era de 418,569 habitantes.<\/p><p>El 98.2% de los <a href=\"https:\/\/soymigrante.com\/revista\/el-pueblo-kiche-es-heredero-y-continuador-de-la-tradicion-del-popol-vuh\/\" target=\"_blank\" rel=\"noopener\">habitantes son de ascendencia maya<\/a> y el 1.5% son ladinos. De los habitantes mayas, el 94% son<a href=\"https:\/\/soymigrante.com\/revista\/el-pueblo-kiche-es-heredero-y-continuador-de-la-tradicion-del-popol-vuh\/\" target=\"_blank\" rel=\"noopener\"> k\u2019iche<\/a>\u2019 y el 4% <a href=\"https:\/\/soymigrante.com\/revista\/el-pueblo-mam-brilla-crece-y-se-expresa-fiel-a-sus-raices-de-identidad\/\">mam.<\/a><\/p><p>\u00a0<\/p>\t\t\t\t\t\t\t\t<\/div>\n\t\t\t\t\t<\/div>\n\t\t\t\t<\/div>\n\t\t<div data-particle_enable=\"false\" data-particle-mobile-disabled=\"false\" class=\"elementor-element elementor-element-12606dd e-flex e-con-boxed e-con e-parent\" data-id=\"12606dd\" data-element_type=\"container\" data-e-type=\"container\">\n\t\t\t\t\t<div class=\"e-con-inner\">\n\t\t\t\t<div class=\"elementor-element elementor-element-40ad317 elementor-widget elementor-widget-image\" data-id=\"40ad317\" data-element_type=\"widget\" data-e-type=\"widget\" data-widget_type=\"image.default\">\n\t\t\t\t\t\t\t\t\t\t\t\t<figure class=\"wp-caption\">\n\t\t\t\t\t\t\t\t\t\t<img fetchpriority=\"high\" decoding=\"async\" width=\"768\" height=\"384\" src=\"https:\/\/soymigrante.com\/revista\/wp-content\/uploads\/2024\/04\/La-iglesia-de-San-Andres-Xecul-Totonicapan-fue-edificada-a-finales-del-siglo-XVIII.-Foto-tomada-de-internet-141-1024x512.webp\" class=\"attachment-large size-large wp-image-5969\" alt=\"Colorido techo de iglesia con adornos tradicionales de festividades mexicanas, decorado con banderines y s\u00edmbolos culturales, en un cielo claro y brillante.\" srcset=\"https:\/\/soymigrante.com\/revista\/wp-content\/uploads\/2024\/04\/La-iglesia-de-San-Andres-Xecul-Totonicapan-fue-edificada-a-finales-del-siglo-XVIII.-Foto-tomada-de-internet-141-1024x512.webp 1024w, https:\/\/soymigrante.com\/revista\/wp-content\/uploads\/2024\/04\/La-iglesia-de-San-Andres-Xecul-Totonicapan-fue-edificada-a-finales-del-siglo-XVIII.-Foto-tomada-de-internet-141-300x150.webp 300w, https:\/\/soymigrante.com\/revista\/wp-content\/uploads\/2024\/04\/La-iglesia-de-San-Andres-Xecul-Totonicapan-fue-edificada-a-finales-del-siglo-XVIII.-Foto-tomada-de-internet-141-768x384.webp 768w, https:\/\/soymigrante.com\/revista\/wp-content\/uploads\/2024\/04\/La-iglesia-de-San-Andres-Xecul-Totonicapan-fue-edificada-a-finales-del-siglo-XVIII.-Foto-tomada-de-internet-141-360x180.webp 360w, https:\/\/soymigrante.com\/revista\/wp-content\/uploads\/2024\/04\/La-iglesia-de-San-Andres-Xecul-Totonicapan-fue-edificada-a-finales-del-siglo-XVIII.-Foto-tomada-de-internet-141-750x375.webp 750w, https:\/\/soymigrante.com\/revista\/wp-content\/uploads\/2024\/04\/La-iglesia-de-San-Andres-Xecul-Totonicapan-fue-edificada-a-finales-del-siglo-XVIII.-Foto-tomada-de-internet-141-1140x570.webp 1140w, https:\/\/soymigrante.com\/revista\/wp-content\/uploads\/2024\/04\/La-iglesia-de-San-Andres-Xecul-Totonicapan-fue-edificada-a-finales-del-siglo-XVIII.-Foto-tomada-de-internet-141.webp 1440w\" sizes=\"(max-width: 768px) 100vw, 768px\" title=\"La iglesia de San Andr\u00e9s Xecul, Totonicap\u00e1n, fue edificada a finales del siglo XVIII. (Foto tomada de internet) (141) \u2013 SoyMigrante.com REVISTA\" \/>\t\t\t\t\t\t\t\t\t\t\t<figcaption class=\"widget-image-caption wp-caption-text\">Celebraci\u00f3n cultural mexicana con decoraci\u00f3n de iglesia, banderines y s\u00edmbolos tradicionales en un d\u00eda soleado.<\/figcaption>\n\t\t\t\t\t\t\t\t\t\t<\/figure>\n\t\t\t\t\t\t\t\t\t<\/div>\n\t\t\t\t\t<\/div>\n\t\t\t\t<\/div>\n\t\t<div data-particle_enable=\"false\" data-particle-mobile-disabled=\"false\" class=\"elementor-element elementor-element-0c37ce0 e-flex e-con-boxed e-con e-parent\" data-id=\"0c37ce0\" data-element_type=\"container\" data-e-type=\"container\">\n\t\t\t\t\t<div class=\"e-con-inner\">\n\t\t\t\t<div class=\"elementor-element elementor-element-83b303e elementor-widget elementor-widget-heading\" data-id=\"83b303e\" data-element_type=\"widget\" data-e-type=\"widget\" data-widget_type=\"heading.default\">\n\t\t\t\t\t<h3 class=\"elementor-heading-title elementor-size-default\">Municipios de Totonicap\u00e1n<\/h3>\t\t\t\t<\/div>\n\t\t\t\t\t<\/div>\n\t\t\t\t<\/div>\n\t\t<div data-particle_enable=\"false\" data-particle-mobile-disabled=\"false\" class=\"elementor-element elementor-element-623c14a e-flex e-con-boxed e-con e-parent\" data-id=\"623c14a\" data-element_type=\"container\" data-e-type=\"container\">\n\t\t\t\t\t<div class=\"e-con-inner\">\n\t\t\t\t<div class=\"elementor-element elementor-element-fbe02ca elementor-widget elementor-widget-text-editor\" data-id=\"fbe02ca\" data-element_type=\"widget\" data-e-type=\"widget\" data-widget_type=\"text-editor.default\">\n\t\t\t\t\t\t\t\t\t<div>Totonicap\u00e1n se divide en ocho municipios:<\/div><div>1.Totonicap\u00e1n<\/div><div>2.San Crist\u00f3bal Totonicap\u00e1n<\/div><div>3.San Francisco El Alto<\/div><div><a href=\"https:\/\/soymigrante.com\/revista\/joyas-de-guatemala-la-colorida-iglesia-de-san-andres-xecul\/\">4.San Andr\u00e9s Xecul<\/a><\/div><div>5.Momostenango<\/div><div>6.Santa Mar\u00eda Chiquimula<\/div><div>7.Santa Luc\u00eda La Reforma<\/div><div>8.San Bartolo Aguas Calientes<\/div>\t\t\t\t\t\t\t\t<\/div>\n\t\t\t\t\t<\/div>\n\t\t\t\t<\/div>\n\t\t<div data-particle_enable=\"false\" data-particle-mobile-disabled=\"false\" class=\"elementor-element elementor-element-a1a5e0d e-flex e-con-boxed e-con e-parent\" data-id=\"a1a5e0d\" data-element_type=\"container\" data-e-type=\"container\">\n\t\t\t\t\t<div class=\"e-con-inner\">\n\t\t\t\t<div class=\"elementor-element elementor-element-daef62f elementor-widget elementor-widget-heading\" data-id=\"daef62f\" data-element_type=\"widget\" data-e-type=\"widget\" data-widget_type=\"heading.default\">\n\t\t\t\t\t<h3 class=\"elementor-heading-title elementor-size-default\">Producci\u00f3n de Totonicap\u00e1n <\/h3>\t\t\t\t<\/div>\n\t\t\t\t\t<\/div>\n\t\t\t\t<\/div>\n\t\t<div data-particle_enable=\"false\" data-particle-mobile-disabled=\"false\" class=\"elementor-element elementor-element-e640bfb e-flex e-con-boxed e-con e-parent\" data-id=\"e640bfb\" data-element_type=\"container\" data-e-type=\"container\">\n\t\t\t\t\t<div class=\"e-con-inner\">\n\t\t\t\t<div class=\"elementor-element elementor-element-bb6d34a elementor-widget elementor-widget-text-editor\" data-id=\"bb6d34a\" data-element_type=\"widget\" data-e-type=\"widget\" data-widget_type=\"text-editor.default\">\n\t\t\t\t\t\t\t\t\t<p>La econom\u00eda de Totonicap\u00e1n se basa principalmente en la agricultura y el comercio.<a href=\"https:\/\/soymigrante.com\/revista\/un-recuerdo-para-tener-presente-a-la-eterna-primavera\/\" target=\"_blank\" rel=\"noopener\"> Los cultivos predominantes incluyen ma\u00edz, avena, trigo, frijoles, manzanas, ciruelas y frutas de la pasi\u00f3n.<\/a> Adem\u00e1s, el departamento es reconocido por su artesan\u00eda, especialmente en la fabricaci\u00f3n de textiles y art\u00edculos de lana, como las mantas de Momostenango.<\/p>\t\t\t\t\t\t\t\t<\/div>\n\t\t\t\t\t<\/div>\n\t\t\t\t<\/div>\n\t\t<div data-particle_enable=\"false\" data-particle-mobile-disabled=\"false\" class=\"elementor-element elementor-element-869c484 e-flex e-con-boxed e-con e-parent\" data-id=\"869c484\" data-element_type=\"container\" data-e-type=\"container\">\n\t\t\t\t\t<div class=\"e-con-inner\">\n\t\t\t\t<div class=\"elementor-element elementor-element-7f9d8b0 elementor-invisible elementor-widget elementor-widget-facebook-embed\" data-id=\"7f9d8b0\" data-element_type=\"widget\" data-e-type=\"widget\" data-settings=\"{&quot;_animation&quot;:&quot;zoomInDown&quot;}\" data-widget_type=\"facebook-embed.default\">\n\t\t\t\t\t<div style=\"min-height: 1px\" class=\"elementor-facebook-widget fb-post\" data-href=\"https:\/\/www.facebook.com\/fotosdetoto\/photos\/pb.100063612606334.-2207520000\/2608418609303480\/?type=3&#038;locale=es_LA\" data-show-text=\"false\"><\/div>\t\t\t\t<\/div>\n\t\t\t\t\t<\/div>\n\t\t\t\t<\/div>\n\t\t<div data-particle_enable=\"false\" data-particle-mobile-disabled=\"false\" class=\"elementor-element elementor-element-f859fe1 e-flex e-con-boxed e-con e-parent\" data-id=\"f859fe1\" data-element_type=\"container\" data-e-type=\"container\">\n\t\t\t\t\t<div class=\"e-con-inner\">\n\t\t\t\t<div class=\"elementor-element elementor-element-33a51f9 elementor-widget elementor-widget-heading\" data-id=\"33a51f9\" data-element_type=\"widget\" data-e-type=\"widget\" data-widget_type=\"heading.default\">\n\t\t\t\t\t<h3 class=\"elementor-heading-title elementor-size-default\">Atractivos tur\u00edsticos principales de Totonicap\u00e1n \n<\/h3>\t\t\t\t<\/div>\n\t\t\t\t\t<\/div>\n\t\t\t\t<\/div>\n\t\t<div data-particle_enable=\"false\" data-particle-mobile-disabled=\"false\" class=\"elementor-element elementor-element-796ea7d e-flex e-con-boxed e-con e-parent\" data-id=\"796ea7d\" data-element_type=\"container\" data-e-type=\"container\">\n\t\t\t\t\t<div class=\"e-con-inner\">\n\t\t\t\t<div class=\"elementor-element elementor-element-f127211 elementor-widget elementor-widget-text-editor\" data-id=\"f127211\" data-element_type=\"widget\" data-e-type=\"widget\" data-widget_type=\"text-editor.default\">\n\t\t\t\t\t\t\t\t\t<div>Totonicap\u00e1n ofrece diversos atractivos tur\u00edsticos que <a href=\"https:\/\/soymigrante.com\/revista\/un-recuerdo-para-tener-presente-a-la-eterna-primavera\/\" target=\"_blank\" rel=\"noopener\">reflejan su riqueza cultural y natural:<\/a><\/div><div><strong>\u2022<a href=\"https:\/\/soymigrante.com\/revista\/joyas-de-guatemala-la-colorida-iglesia-de-san-andres-xecul\/\">Iglesia de San Andr\u00e9s Xecul<\/a>:<\/strong> Destacada por su fachada colorida y ornamentada, es un ejemplo emblem\u00e1tico de la arquitectura religiosa en Guatemala.<\/div><div><strong>\u2022Mercado de San Francisco El Alto:<\/strong> Considerado uno de los mercados m\u00e1s grandes de Centroam\u00e9rica, es famoso por la venta de textiles, artesan\u00edas y productos locales.<\/div><div><strong>\u2022Ba\u00f1os termales en San Bartolo Aguas Calientes:<\/strong> Aguas termales naturales conocidas por sus propiedades terap\u00e9uticas, ubicadas en un entorno natural atractivo.\u00a0 \ufffc<\/div><div><strong>\u2022Los riscos de <a href=\"https:\/\/soymigrante.com\/revista\/joyas-de-guatemala-la-colorida-iglesia-de-san-andres-xecul\/\">Momostenango<\/a>:<\/strong> Formaciones naturales causadas por la erosi\u00f3n de los elementos.<\/div>\t\t\t\t\t\t\t\t<\/div>\n\t\t\t\t\t<\/div>\n\t\t\t\t<\/div>\n\t\t<div data-particle_enable=\"false\" data-particle-mobile-disabled=\"false\" class=\"elementor-element elementor-element-7b4d2a3 e-flex e-con-boxed e-con e-parent\" data-id=\"7b4d2a3\" data-element_type=\"container\" data-e-type=\"container\">\n\t\t\t\t\t<div class=\"e-con-inner\">\n\t\t\t\t<div class=\"elementor-element elementor-element-7ffb253 elementor-widget elementor-widget-video\" data-id=\"7ffb253\" data-element_type=\"widget\" data-e-type=\"widget\" data-settings=\"{&quot;youtube_url&quot;:&quot;https:\\\/\\\/www.youtube.com\\\/watch?v=9zwGyM4jhkU&quot;,&quot;video_type&quot;:&quot;youtube&quot;,&quot;controls&quot;:&quot;yes&quot;}\" data-widget_type=\"video.default\">\n\t\t\t\t\t\t\t<div class=\"elementor-wrapper elementor-open-inline\">\n\t\t\t<div class=\"elementor-video\"><\/div>\t\t<\/div>\n\t\t\t\t\t\t<\/div>\n\t\t\t\t\t<\/div>\n\t\t\t\t<\/div>\n\t\t<div data-particle_enable=\"false\" data-particle-mobile-disabled=\"false\" class=\"elementor-element elementor-element-c309424 e-flex e-con-boxed e-con e-parent\" data-id=\"c309424\" data-element_type=\"container\" data-e-type=\"container\">\n\t\t\t\t\t<div class=\"e-con-inner\">\n\t\t\t\t<div class=\"elementor-element elementor-element-5eeae5e elementor-widget elementor-widget-heading\" data-id=\"5eeae5e\" data-element_type=\"widget\" data-e-type=\"widget\" data-widget_type=\"heading.default\">\n\t\t\t\t\t<h3 class=\"elementor-heading-title elementor-size-default\">Remesas de migrantes para Totonicap\u00e1n <\/h3>\t\t\t\t<\/div>\n\t\t\t\t\t<\/div>\n\t\t\t\t<\/div>\n\t\t<div data-particle_enable=\"false\" data-particle-mobile-disabled=\"false\" class=\"elementor-element elementor-element-5d8e826 e-flex e-con-boxed e-con e-parent\" data-id=\"5d8e826\" data-element_type=\"container\" data-e-type=\"container\">\n\t\t\t\t\t<div class=\"e-con-inner\">\n\t\t\t\t<div class=\"elementor-element elementor-element-ab5a14b elementor-widget elementor-widget-text-editor\" data-id=\"ab5a14b\" data-element_type=\"widget\" data-e-type=\"widget\" data-widget_type=\"text-editor.default\">\n\t\t\t\t\t\t\t\t\t<p>Las remesas constituyen una de las principales fuentes de ingresos para muchas familias en <a href=\"https:\/\/soymigrante.com\/revista\/un-recuerdo-para-tener-presente-a-la-eterna-primavera\/\" target=\"_blank\" rel=\"noopener\">Totonicap\u00e1n permiti\u00e9ndoles mejorar su calidad de vida y dinamizar la econom\u00eda local<\/a>.<\/p><p>Las remesas enviadas por guatemaltecos residentes en el extranjero son una fuente significativa de ingresos para muchas familias en el Departamento de Totonicap\u00e1n.<\/p><p>Seg\u00fan la <a href=\"https:\/\/infounitnca.iom.int\/uploads\/RemesasGT2022\/Resumen_EncuestaRemesas2022_gt.pdf\" target=\"_blank\" rel=\"noopener\">Encuesta de Remesas 2022, de la OIM<\/a>, el departamento de Totonicap\u00e1n, se beneficia con el 2.5% del total de las remesas que en ese a\u00f1o fueron US$18 mil 40 millones. Eso quiere decir, que en ese a\u00f1o, familias del departamento de Totonicap\u00e1n recibieron US$ 900 millones enviados por familiares desde Estados Unidos.<\/p><p><a href=\"https:\/\/infounitnca.iom.int\/uploads\/RemesasGT2022\/Resumen_EncuestaRemesas2022_gt.pdf\" target=\"_blank\" rel=\"noopener\">A nivel nacional, las remesas representaron el 19.8% del Producto Interno Bruto<\/a> (PIB) en 2022.<\/p><p>En 2024 las remesas fueron de US$21 mil 500 millones.<\/p>\t\t\t\t\t\t\t\t<\/div>\n\t\t\t\t\t<\/div>\n\t\t\t\t<\/div>\n\t\t<div data-particle_enable=\"false\" data-particle-mobile-disabled=\"false\" class=\"elementor-element elementor-element-d96d93d e-flex e-con-boxed e-con e-parent\" data-id=\"d96d93d\" data-element_type=\"container\" data-e-type=\"container\">\n\t\t\t\t\t<div class=\"e-con-inner\">\n\t\t\t\t<div class=\"elementor-element elementor-element-d03ba22 elementor-widget elementor-widget-heading\" data-id=\"d03ba22\" data-element_type=\"widget\" data-e-type=\"widget\" data-widget_type=\"heading.default\">\n\t\t\t\t\t<h2 class=\"elementor-heading-title elementor-size-default\">Conoce m\u00e1s de Guatemala, ac\u00e1...<\/h2>\t\t\t\t<\/div>\n\t\t\t\t\t<\/div>\n\t\t\t\t<\/div>\n\t\t<div data-particle_enable=\"false\" data-particle-mobile-disabled=\"false\" class=\"elementor-element elementor-element-eee995b e-flex e-con-boxed e-con e-parent\" data-id=\"eee995b\" data-element_type=\"container\" data-e-type=\"container\">\n\t\t\t\t\t<div class=\"e-con-inner\">\n\t\t\t\t<div class=\"elementor-element elementor-element-4a60041 elementor-grid-eael-col-3 elementor-grid-tablet-eael-col-2 elementor-grid-mobile-eael-col-1 elementor-widget elementor-widget-eael-post-grid\" data-id=\"4a60041\" data-element_type=\"widget\" data-e-type=\"widget\" data-settings=\"{&quot;eael_post_grid_columns&quot;:&quot;eael-col-3&quot;,&quot;eael_post_grid_columns_tablet&quot;:&quot;eael-col-2&quot;,&quot;eael_post_grid_columns_mobile&quot;:&quot;eael-col-1&quot;}\" data-widget_type=\"eael-post-grid.default\">\n\t\t\t\t\t<div id=\"eael-post-grid-4a60041\" class=\"eael-post-grid-container\">\n            <div class=\"eael-post-grid eael-post-appender eael-post-appender-4a60041 eael-post-grid-style-one\" data-layout-mode=\"masonry\"><article class=\"eael-grid-post  eael-post-grid-column eael-pg-post-5499 category-estamos-unidos\" data-id=\"5499\">\n        <div class=\"eael-grid-post-holder\">\n            <div class=\"eael-grid-post-holder-inner\"><div class=\"eael-entry-media\"><div class=\"eael-entry-overlay fade-in\"><i class=\"far fa-hand-pointer\" aria-hidden=\"true\"><\/i><a href=\"https:\/\/soymigrante.com\/revista\/migrante-retornado-cafe-de-guatemala-campesinos-momostenango\/\"><\/a><\/div><div class=\"eael-entry-thumbnail \">\n                <img decoding=\"async\" width=\"1024\" height=\"668\" src=\"https:\/\/soymigrante.com\/revista\/wp-content\/uploads\/2024\/03\/Captura-de-pantalla-2024-03-19-093618-1024x668.webp\" class=\"attachment-large size-large wp-image-5500\" alt=\"Campesinos de Momostenango, Totonicap\u00e1n cultivan y cosechan el grano que llega a convertirse en la marca El alma del caf\u00e9 de Momostenango, distribuida por Momostipan, proyecto del migrante retornado Angel Ambrocio.\" srcset=\"https:\/\/soymigrante.com\/revista\/wp-content\/uploads\/2024\/03\/Captura-de-pantalla-2024-03-19-093618-1024x668.webp 1024w, https:\/\/soymigrante.com\/revista\/wp-content\/uploads\/2024\/03\/Captura-de-pantalla-2024-03-19-093618-300x196.webp 300w, https:\/\/soymigrante.com\/revista\/wp-content\/uploads\/2024\/03\/Captura-de-pantalla-2024-03-19-093618-768x501.webp 768w, https:\/\/soymigrante.com\/revista\/wp-content\/uploads\/2024\/03\/Captura-de-pantalla-2024-03-19-093618-750x489.webp 750w, https:\/\/soymigrante.com\/revista\/wp-content\/uploads\/2024\/03\/Captura-de-pantalla-2024-03-19-093618-1140x743.webp 1140w, https:\/\/soymigrante.com\/revista\/wp-content\/uploads\/2024\/03\/Captura-de-pantalla-2024-03-19-093618.webp 1353w\" sizes=\"(max-width: 1024px) 100vw, 1024px\" \/>\n            <\/div>\n        <\/div><div class=\"eael-entry-wrapper\"><header class=\"eael-entry-header\"><h2 class=\"eael-entry-title\"><a class=\"eael-grid-post-link\" href=\"https:\/\/soymigrante.com\/revista\/migrante-retornado-cafe-de-guatemala-campesinos-momostenango\/\" title=\"Caf\u00e9 de Guatemala: Migrante retornado impulsa a caficultores de Momostenango\">Caf\u00e9 de Guatemala: Migrante retornado impulsa a caficultores de Momostenango<\/a><\/h2><\/header><div class=\"eael-entry-content\">\n                        <div class=\"eael-grid-post-excerpt\"><a href=\"https:\/\/soymigrante.com\/revista\/migrante-retornado-cafe-de-guatemala-campesinos-momostenango\/\" class=\"eael-post-elements-readmore-btn\">CONOCE SU HISTORIA <\/a><\/div>\n                    <\/div><\/div><\/div>\n        <\/div>\n    <\/article><article class=\"eael-grid-post  eael-post-grid-column eael-pg-post-2415 category-exitos\" data-id=\"2415\">\n        <div class=\"eael-grid-post-holder\">\n            <div class=\"eael-grid-post-holder-inner\"><div class=\"eael-entry-media\"><div class=\"eael-entry-overlay fade-in\"><i class=\"far fa-hand-pointer\" aria-hidden=\"true\"><\/i><a href=\"https:\/\/soymigrante.com\/revista\/roldan-jose-es-un-migrante-guatemalteco-orgulloso-de-su-raiz-y-de-ser-un-mico-bailador\/\"><\/a><\/div><div class=\"eael-entry-thumbnail \">\n                <img decoding=\"async\" width=\"1024\" height=\"683\" src=\"https:\/\/soymigrante.com\/revista\/wp-content\/uploads\/2023\/08\/LADANZ1-1024x683.webp\" class=\"attachment-large size-large wp-image-2365\" alt=\"El mico y migrante guatemalteco\" srcset=\"https:\/\/soymigrante.com\/revista\/wp-content\/uploads\/2023\/08\/LADANZ1-1024x683.webp 1024w, https:\/\/soymigrante.com\/revista\/wp-content\/uploads\/2023\/08\/LADANZ1-300x200.webp 300w, https:\/\/soymigrante.com\/revista\/wp-content\/uploads\/2023\/08\/LADANZ1-768x512.webp 768w, https:\/\/soymigrante.com\/revista\/wp-content\/uploads\/2023\/08\/LADANZ1-1536x1024.webp 1536w, https:\/\/soymigrante.com\/revista\/wp-content\/uploads\/2023\/08\/LADANZ1-750x500.webp 750w, https:\/\/soymigrante.com\/revista\/wp-content\/uploads\/2023\/08\/LADANZ1-1140x760.webp 1140w, https:\/\/soymigrante.com\/revista\/wp-content\/uploads\/2023\/08\/LADANZ1-600x400.webp 600w, https:\/\/soymigrante.com\/revista\/wp-content\/uploads\/2023\/08\/LADANZ1.webp 1600w\" sizes=\"(max-width: 1024px) 100vw, 1024px\" \/>\n            <\/div>\n        <\/div><div class=\"eael-entry-wrapper\"><header class=\"eael-entry-header\"><h2 class=\"eael-entry-title\"><a class=\"eael-grid-post-link\" href=\"https:\/\/soymigrante.com\/revista\/roldan-jose-es-un-migrante-guatemalteco-orgulloso-de-su-raiz-y-de-ser-un-mico-bailador\/\" title=\"Rold\u00e1n Jos\u00e9 es un  migrante guatemalteco orgulloso de ser mico bailador momosteco en NY\">Rold\u00e1n Jos\u00e9 es un  migrante guatemalteco orgulloso de ser mico bailador momosteco en NY<\/a><\/h2><\/header><div class=\"eael-entry-content\">\n                        <div class=\"eael-grid-post-excerpt\"><a href=\"https:\/\/soymigrante.com\/revista\/roldan-jose-es-un-migrante-guatemalteco-orgulloso-de-su-raiz-y-de-ser-un-mico-bailador\/\" class=\"eael-post-elements-readmore-btn\">CONOCE SU HISTORIA <\/a><\/div>\n                    <\/div><\/div><\/div>\n        <\/div>\n    <\/article><article class=\"eael-grid-post  eael-post-grid-column eael-pg-post-1523 category-guate-nuestra\" data-id=\"1523\">\n        <div class=\"eael-grid-post-holder\">\n            <div class=\"eael-grid-post-holder-inner\"><div class=\"eael-entry-media\"><div class=\"eael-entry-overlay fade-in\"><i class=\"far fa-hand-pointer\" aria-hidden=\"true\"><\/i><a href=\"https:\/\/soymigrante.com\/revista\/un-recuerdo-para-tener-presente-a-la-eterna-primavera\/\"><\/a><\/div><div class=\"eael-entry-thumbnail \">\n                <img loading=\"lazy\" decoding=\"async\" width=\"1024\" height=\"683\" src=\"https:\/\/soymigrante.com\/revista\/wp-content\/uploads\/2023\/06\/La-madera-tambien-es-intervenida-por-artesanos-locales-1024x683.webp\" class=\"attachment-large size-large wp-image-1531\" alt=\"\" srcset=\"https:\/\/soymigrante.com\/revista\/wp-content\/uploads\/2023\/06\/La-madera-tambien-es-intervenida-por-artesanos-locales-1024x683.webp 1024w, https:\/\/soymigrante.com\/revista\/wp-content\/uploads\/2023\/06\/La-madera-tambien-es-intervenida-por-artesanos-locales-300x200.webp 300w, https:\/\/soymigrante.com\/revista\/wp-content\/uploads\/2023\/06\/La-madera-tambien-es-intervenida-por-artesanos-locales-768x512.webp 768w, https:\/\/soymigrante.com\/revista\/wp-content\/uploads\/2023\/06\/La-madera-tambien-es-intervenida-por-artesanos-locales-750x500.webp 750w, https:\/\/soymigrante.com\/revista\/wp-content\/uploads\/2023\/06\/La-madera-tambien-es-intervenida-por-artesanos-locales-1140x760.webp 1140w, https:\/\/soymigrante.com\/revista\/wp-content\/uploads\/2023\/06\/La-madera-tambien-es-intervenida-por-artesanos-locales-600x400.webp 600w, https:\/\/soymigrante.com\/revista\/wp-content\/uploads\/2023\/06\/La-madera-tambien-es-intervenida-por-artesanos-locales.webp 1200w\" sizes=\"(max-width: 1024px) 100vw, 1024px\" \/>\n            <\/div>\n        <\/div><div class=\"eael-entry-wrapper\"><header class=\"eael-entry-header\"><h2 class=\"eael-entry-title\"><a class=\"eael-grid-post-link\" href=\"https:\/\/soymigrante.com\/revista\/un-recuerdo-para-tener-presente-a-la-eterna-primavera\/\" title=\"Un paseo por el ingenio  artesanal en Totonicap\u00e1n\">Un paseo por el ingenio  artesanal en Totonicap\u00e1n<\/a><\/h2><\/header><div class=\"eael-entry-content\">\n                        <div class=\"eael-grid-post-excerpt\"><a href=\"https:\/\/soymigrante.com\/revista\/un-recuerdo-para-tener-presente-a-la-eterna-primavera\/\" class=\"eael-post-elements-readmore-btn\">CONOCE SU HISTORIA <\/a><\/div>\n                    <\/div><\/div><\/div>\n        <\/div>\n    <\/article><\/div>\n            <div class=\"clearfix\"><\/div>\n        <\/div>\t\t\t\t<\/div>\n\t\t\t\t\t<\/div>\n\t\t\t\t<\/div>\n\t\t\t\t<\/div>\n\t\t","protected":false},"excerpt":{"rendered":"<p>Totonicap\u00e1n fue uno de los primeros siete departamentos del Estado Guatemala seg\u00fan la Asamblea Constituyente de 1825; ten\u00eda un territorio m\u00e1s grande pues abarcaba parte de Huehuetenango y Quich\u00e9. Su historia se remonta a tiempos prehisp\u00e1nicos y se oficializ\u00f3 en su actual extensi\u00f3n en 1877. Totonicap\u00e1n es uno de los 22 departamentos de Guatemala, situado [&hellip;]<\/p>\n","protected":false},"author":19,"featured_media":27424,"comment_status":"open","ping_status":"open","sticky":false,"template":"","format":"standard","meta":{"_acf_changed":false,"_eb_attr":"","footnotes":""},"categories":[58],"tags":[137],"class_list":["post-27423","post","type-post","status-publish","format-standard","has-post-thumbnail","hentry","category-guate-nuestra","tag-departamentos-de-guatemala"],"acf":[],"aioseo_notices":[],"aioseo_head":"\n\t\t<!-- All in One SEO Pro 4.9.6.2 - aioseo.com -->\n\t<meta name=\"description\" content=\"Tazas para caldo, chirmoleras, ollas, pitos, alcanc\u00edas y llaveros son productos de gran utilidad y simbolismo elaborados por artesanos guatemaltecos y que son el recuerdo perfecto para muchos migrantes. Son creaciones artesanales en serie pero cada una tiene su propio detalle especial. Eso es lo que hace tan atractivos y representativos los objetos decorativos, utilitarios,\" \/>\n\t<meta name=\"robots\" content=\"max-snippet:-1, max-image-preview:large, max-video-preview:-1\" \/>\n\t<meta name=\"author\" content=\"Diana Batz\"\/>\n\t<link rel=\"canonical\" href=\"https:\/\/soymigrante.com\/revista\/un-recuerdo-para-tener-presente-a-la-eterna-primavera\/\" \/>\n\t<meta name=\"generator\" content=\"All in One SEO Pro (AIOSEO) 4.9.6.2\" \/>\n\n\t\t<link rel=\"preconnect\" href=\"https:\/\/fonts.googleapis.com\" crossorigin>\n<link rel=\"preconnect\" href=\"https:\/\/fonts.gstatic.com\" crossorigin>\n\t\t<meta property=\"og:locale\" content=\"es_ES\" \/>\n\t\t<meta property=\"og:site_name\" content=\"SoyMigrante.com REVISTA \u2013 Nuestra misi\u00f3n es reconocer y dignificar al migrante.\" \/>\n\t\t<meta property=\"og:type\" content=\"article\" \/>\n\t\t<meta property=\"og:title\" content=\"Un paseo por el ingenio artesanal en Totonicap\u00e1n\" \/>\n\t\t<meta property=\"og:description\" content=\"Tazas para caldo, chirmoleras, ollas, pitos, alcanc\u00edas y llaveros son productos de gran utilidad y simbolismo elaborados por artesanos guatemaltecos y que son el recuerdo perfecto para muchos migrantes. Son creaciones artesanales en serie pero cada una tiene su propio detalle especial. Eso es lo que hace tan atractivos y representativos los objetos decorativos, utilitarios,\" \/>\n\t\t<meta property=\"og:url\" content=\"https:\/\/soymigrante.com\/revista\/un-recuerdo-para-tener-presente-a-la-eterna-primavera\/\" \/>\n\t\t<meta property=\"og:image\" content=\"https:\/\/soymigrante.com\/revista\/wp-content\/uploads\/2023\/06\/La-madera-tambien-es-intervenida-por-artesanos-locales.webp\" \/>\n\t\t<meta property=\"og:image:secure_url\" content=\"https:\/\/soymigrante.com\/revista\/wp-content\/uploads\/2023\/06\/La-madera-tambien-es-intervenida-por-artesanos-locales.webp\" \/>\n\t\t<meta property=\"og:image:width\" content=\"1200\" \/>\n\t\t<meta property=\"og:image:height\" content=\"800\" \/>\n\t\t<meta property=\"article:published_time\" content=\"2023-06-21T20:08:32+00:00\" \/>\n\t\t<meta property=\"article:modified_time\" content=\"2024-07-31T21:32:20+00:00\" \/>\n\t\t<meta property=\"article:publisher\" content=\"https:\/\/www.facebook.com\/soymigrantecom\" \/>\n\t\t<meta name=\"twitter:card\" content=\"summary_large_image\" \/>\n\t\t<meta name=\"twitter:site\" content=\"@SoyMigrante_com\" \/>\n\t\t<meta name=\"twitter:title\" content=\"Un paseo por el ingenio artesanal en Totonicap\u00e1n\" \/>\n\t\t<meta name=\"twitter:description\" content=\"Tazas para caldo, chirmoleras, ollas, pitos, alcanc\u00edas y llaveros son productos de gran utilidad y simbolismo elaborados por artesanos guatemaltecos y que son el recuerdo perfecto para muchos migrantes. Son creaciones artesanales en serie pero cada una tiene su propio detalle especial. Eso es lo que hace tan atractivos y representativos los objetos decorativos, utilitarios,\" \/>\n\t\t<meta name=\"twitter:creator\" content=\"@SoyMigrante_com\" \/>\n\t\t<meta name=\"twitter:image\" content=\"https:\/\/soymigrante.com\/revista\/wp-content\/uploads\/2023\/06\/La-madera-tambien-es-intervenida-por-artesanos-locales.webp\" \/>\n\t\t<!-- All in One SEO Pro -->\r\n\t\t<title>Un paseo por el ingenio artesanal en Totonicap\u00e1n<\/title>\n\n","aioseo_head_json":{"title":"Un paseo por el ingenio artesanal en Totonicap\u00e1n","description":"Tazas para caldo, chirmoleras, ollas, pitos, alcanc\u00edas y llaveros son productos de gran utilidad y simbolismo elaborados por artesanos guatemaltecos y que son el recuerdo perfecto para muchos migrantes. Son creaciones artesanales en serie pero cada una tiene su propio detalle especial. Eso es lo que hace tan atractivos y representativos los objetos decorativos, utilitarios,","canonical_url":"https:\/\/soymigrante.com\/revista\/un-recuerdo-para-tener-presente-a-la-eterna-primavera\/","robots":"max-snippet:-1, max-image-preview:large, max-video-preview:-1","keywords":"","webmasterTools":{"miscellaneous":"&lt;link rel=\"preconnect\" href=\"https:\/\/fonts.googleapis.com\" crossorigin&gt;\n&lt;link rel=\"preconnect\" href=\"https:\/\/fonts.gstatic.com\" crossorigin&gt;"},"schema":null,"og:locale":"es_ES","og:site_name":"SoyMigrante.com REVISTA \u2013 Nuestra misi\u00f3n es reconocer y dignificar al migrante.","og:type":"article","og:title":"Un paseo por el ingenio artesanal en Totonicap\u00e1n","og:description":"Tazas para caldo, chirmoleras, ollas, pitos, alcanc\u00edas y llaveros son productos de gran utilidad y simbolismo elaborados por artesanos guatemaltecos y que son el recuerdo perfecto para muchos migrantes. Son creaciones artesanales en serie pero cada una tiene su propio detalle especial. Eso es lo que hace tan atractivos y representativos los objetos decorativos, utilitarios,","og:url":"https:\/\/soymigrante.com\/revista\/un-recuerdo-para-tener-presente-a-la-eterna-primavera\/","og:image":"https:\/\/soymigrante.com\/revista\/wp-content\/uploads\/2023\/06\/La-madera-tambien-es-intervenida-por-artesanos-locales.webp","og:image:secure_url":"https:\/\/soymigrante.com\/revista\/wp-content\/uploads\/2023\/06\/La-madera-tambien-es-intervenida-por-artesanos-locales.webp","og:image:width":1200,"og:image:height":800,"article:published_time":"2023-06-21T20:08:32+00:00","article:modified_time":"2024-07-31T21:32:20+00:00","article:publisher":"https:\/\/www.facebook.com\/soymigrantecom","twitter:card":"summary_large_image","twitter:site":"@SoyMigrante_com","twitter:title":"Un paseo por el ingenio artesanal en Totonicap\u00e1n","twitter:description":"Tazas para caldo, chirmoleras, ollas, pitos, alcanc\u00edas y llaveros son productos de gran utilidad y simbolismo elaborados por artesanos guatemaltecos y que son el recuerdo perfecto para muchos migrantes. Son creaciones artesanales en serie pero cada una tiene su propio detalle especial. Eso es lo que hace tan atractivos y representativos los objetos decorativos, utilitarios,","twitter:creator":"@SoyMigrante_com","twitter:image":"https:\/\/soymigrante.com\/revista\/wp-content\/uploads\/2023\/06\/La-madera-tambien-es-intervenida-por-artesanos-locales.webp"},"aioseo_meta_data":{"post_id":"27423","title":"Departamento de Totonicap\u00e1n, la tierra de Atanasio Tzul","description":"Su cabecera fue conocida en tiempos prehisp\u00e1nicos como Chuimeken\u00e1, lugar del agua caliente. Este territorio k'iche sigue fiel a sus ideales.","keywords":null,"keyphrases":{"focus":{"keyphrase":"Guatemala","score":65,"analysis":{"keyphraseInTitle":{"score":3,"maxScore":9,"error":1},"keyphraseInDescription":{"score":3,"maxScore":9,"error":1},"keyphraseLength":{"score":9,"maxScore":9,"error":0,"length":1},"keyphraseInURL":{"score":5,"maxScore":5,"error":0},"keyphraseInIntroduction":{"score":9,"maxScore":9,"error":0},"keyphraseInSubHeadings":{"score":3,"maxScore":9,"error":1},"keyphraseInImageAlt":{"score":3,"maxScore":9,"error":1},"keywordDensity":{"type":"best","score":9,"maxScore":9,"error":0}}},"additional":[{"keyphrase":"guatemala","score":73,"analysis":{"keyphraseInDescription":{"score":3,"maxScore":9,"error":1},"keyphraseLength":{"score":9,"maxScore":9,"error":0,"length":1},"keyphraseInIntroduction":{"score":9,"maxScore":9,"error":0},"keyphraseInImageAlt":{"score":3,"maxScore":9,"error":1},"keywordDensity":{"type":"best","score":9,"maxScore":9,"error":0}}},{"keyphrase":"departamentos","score":53,"analysis":{"keyphraseInDescription":{"score":3,"maxScore":9,"error":1},"keyphraseLength":{"score":9,"maxScore":9,"error":0,"length":1},"keyphraseInIntroduction":{"score":9,"maxScore":9,"error":0},"keyphraseInImageAlt":{"score":3,"maxScore":9,"error":1},"keywordDensity":{"score":0,"type":"low","maxScore":9,"error":1}}},{"keyphrase":"Totonicap\u00e1n","score":67,"analysis":{"keyphraseInDescription":{"score":3,"maxScore":9,"error":1},"keyphraseLength":{"score":9,"maxScore":9,"error":0,"length":2},"keyphraseInIntroduction":{"score":9,"maxScore":9,"error":0},"keyphraseInImageAlt":{"score":9,"maxScore":9,"error":0},"keywordDensity":{"type":"high","score":0,"maxScore":9,"error":1}}},{"keyphrase":"Departamentos de Guatemala","score":53,"analysis":{"keyphraseInDescription":{"score":3,"maxScore":9,"error":1},"keyphraseLength":{"score":9,"maxScore":9,"error":0,"length":3},"keyphraseInIntroduction":{"score":9,"maxScore":9,"error":0},"keyphraseInImageAlt":{"score":3,"maxScore":9,"error":1},"keywordDensity":{"score":0,"type":"low","maxScore":9,"error":1}}}]},"primary_term":null,"canonical_url":null,"og_title":null,"og_description":null,"og_object_type":"default","og_image_type":"default","og_image_url":null,"og_image_width":null,"og_image_height":null,"og_image_custom_url":null,"og_image_custom_fields":null,"og_video":"","og_custom_url":null,"og_article_section":null,"og_article_tags":null,"twitter_use_og":false,"twitter_card":"default","twitter_image_type":"default","twitter_image_url":null,"twitter_image_custom_url":null,"twitter_image_custom_fields":null,"twitter_title":null,"twitter_description":null,"schema":{"blockGraphs":[],"customGraphs":[],"default":{"data":{"Article":[],"Course":[],"Dataset":[],"FAQPage":[],"Movie":[],"Person":[],"Product":[],"ProductReview":[],"Car":[],"Recipe":[],"Service":[],"SoftwareApplication":[],"WebPage":[]},"graphName":"BlogPosting","isEnabled":true},"graphs":[]},"schema_type":"default","schema_type_options":null,"pillar_content":false,"robots_default":true,"robots_noindex":false,"robots_noarchive":false,"robots_nosnippet":false,"robots_nofollow":false,"robots_noimageindex":false,"robots_noodp":false,"robots_notranslate":false,"robots_max_snippet":"-1","robots_max_videopreview":"-1","robots_max_imagepreview":"large","priority":null,"frequency":"default","local_seo":null,"seo_analyzer_scan_date":"2025-10-09 03:19:46","breadcrumb_settings":null,"limit_modified_date":false,"reviewed_by":null,"open_ai":"{\"title\":{\"suggestions\":[],\"usage\":0},\"description\":{\"suggestions\":[],\"usage\":0}}","ai":null,"created":"2025-03-07 19:37:37","updated":"2026-02-04 22:04:37"},"aioseo_breadcrumb":"<div class=\"aioseo-breadcrumbs\"><span class=\"aioseo-breadcrumb\">\n\t<a href=\"https:\/\/soymigrante.com\/revista\" title=\"Home\">Home<\/a>\n<\/span><span class=\"aioseo-breadcrumb-separator\">\u00bb<\/span><span class=\"aioseo-breadcrumb\">\n\t<a href=\"https:\/\/soymigrante.com\/revista\/category\/guate-nuestra\/\" title=\"Guate Nuestra\">Guate Nuestra<\/a>\n<\/span><span class=\"aioseo-breadcrumb-separator\">\u00bb<\/span><span class=\"aioseo-breadcrumb\">\n\tDepartamentos de Guatemala: Totonicap\u00e1n la tierra del gran Atanasio Tzul\n<\/span><\/div>","aioseo_breadcrumb_json":[{"label":"Home","link":"https:\/\/soymigrante.com\/revista"},{"label":"Guate Nuestra","link":"https:\/\/soymigrante.com\/revista\/category\/guate-nuestra\/"},{"label":"Departamentos de Guatemala: Totonicap\u00e1n la tierra del gran Atanasio Tzul","link":"https:\/\/soymigrante.com\/revista\/departamentos-de-guatemala-totonicapan-la-tierra-del-gran-atanasio-tzul\/"}],"_links":{"self":[{"href":"https:\/\/soymigrante.com\/revista\/wp-json\/wp\/v2\/posts\/27423","targetHints":{"allow":["GET"]}}],"collection":[{"href":"https:\/\/soymigrante.com\/revista\/wp-json\/wp\/v2\/posts"}],"about":[{"href":"https:\/\/soymigrante.com\/revista\/wp-json\/wp\/v2\/types\/post"}],"author":[{"embeddable":true,"href":"https:\/\/soymigrante.com\/revista\/wp-json\/wp\/v2\/users\/19"}],"replies":[{"embeddable":true,"href":"https:\/\/soymigrante.com\/revista\/wp-json\/wp\/v2\/comments?post=27423"}],"version-history":[{"count":0,"href":"https:\/\/soymigrante.com\/revista\/wp-json\/wp\/v2\/posts\/27423\/revisions"}],"wp:featuredmedia":[{"embeddable":true,"href":"https:\/\/soymigrante.com\/revista\/wp-json\/wp\/v2\/media\/27424"}],"wp:attachment":[{"href":"https:\/\/soymigrante.com\/revista\/wp-json\/wp\/v2\/media?parent=27423"}],"wp:term":[{"taxonomy":"category","embeddable":true,"href":"https:\/\/soymigrante.com\/revista\/wp-json\/wp\/v2\/categories?post=27423"},{"taxonomy":"post_tag","embeddable":true,"href":"https:\/\/soymigrante.com\/revista\/wp-json\/wp\/v2\/tags?post=27423"}],"curies":[{"name":"wp","href":"https:\/\/api.w.org\/{rel}","templated":true}]}}