{"id":27411,"date":"2025-03-13T06:00:00","date_gmt":"2025-03-13T12:00:00","guid":{"rendered":"https:\/\/soymigrante.com\/revista\/?p=27411"},"modified":"2025-03-12T16:59:33","modified_gmt":"2025-03-12T22:59:33","slug":"que-significa-que-una-imagen-religiosa-sea-consagrada","status":"publish","type":"post","link":"https:\/\/soymigrante.com\/revista\/que-significa-que-una-imagen-religiosa-sea-consagrada\/","title":{"rendered":"\u00bfQu\u00e9 significa que una imagen religiosa sea consagrada?"},"content":{"rendered":"\t\t<div data-elementor-type=\"wp-post\" data-elementor-id=\"27411\" class=\"elementor elementor-27411\" data-elementor-post-type=\"post\">\n\t\t\t\t<div data-particle_enable=\"false\" data-particle-mobile-disabled=\"false\" class=\"elementor-element elementor-element-e611c0e e-flex e-con-boxed e-con e-parent\" data-id=\"e611c0e\" data-element_type=\"container\" data-e-type=\"container\">\n\t\t\t\t\t<div class=\"e-con-inner\">\n\t\t\t\t<div class=\"elementor-element elementor-element-d8cf635 elementor-widget elementor-widget-heading\" data-id=\"d8cf635\" data-element_type=\"widget\" data-e-type=\"widget\" data-widget_type=\"heading.default\">\n\t\t\t\t\t<h2 class=\"elementor-heading-title elementor-size-default\">En Guatemala se tiene devoci\u00f3n por muchos Nazarenos e im\u00e1genes de Pasi\u00f3n, pero una imagen consagrada  refleja una gran veneraci\u00f3n, en tiempo o cantidad de feligreses. Es una ceremonia trascendental que cada vez se ha hecho m\u00e1s frecuente.\n<\/h2>\t\t\t\t<\/div>\n\t\t\t\t\t<\/div>\n\t\t\t\t<\/div>\n\t\t<div data-particle_enable=\"false\" data-particle-mobile-disabled=\"false\" class=\"elementor-element elementor-element-1030787 e-flex e-con-boxed e-con e-parent\" data-id=\"1030787\" data-element_type=\"container\" data-e-type=\"container\">\n\t\t\t\t\t<div class=\"e-con-inner\">\n\t\t\t\t<div class=\"elementor-element elementor-element-7812a9d elementor-widget elementor-widget-text-editor\" data-id=\"7812a9d\" data-element_type=\"widget\" data-e-type=\"widget\" data-widget_type=\"text-editor.default\">\n\t\t\t\t\t\t\t\t\t<p>En Guatemala, la consagraci\u00f3n de im\u00e1genes religiosas es una tradici\u00f3n profundamente<a href=\"https:\/\/soymigrante.com\/revista\/dar-y-compartir-en-esta-semana-santa-y-mas-alla\/\" target=\"_blank\" rel=\"noopener\"> arraigada en la fe cat\u00f3lica.<\/a>\u00a0En s\u00ed, cada imagen religiosa es solo una representaci\u00f3n\u00a0 de alg\u00fan momento de la vida de Cristo, de la Virgen Mar\u00eda y de los Santos, que ayuda a recordar el ideal de santidad al cual est\u00e1n llamados todos los cristianos.<\/p><p>Sin embargo, cuando una imagen pasa por el rito de &#8220;Consagraci\u00f3n&#8221;, es porque cuenta con un grado mayor de significancia en la comunidad o en cantidad de devotos. Hay un signo distintivo de la imagen que ha sido consagrada. Sobre eso y m\u00e1s presentamos preguntas y respuestas.\u00a0<\/p>\t\t\t\t\t\t\t\t<\/div>\n\t\t\t\t\t<\/div>\n\t\t\t\t<\/div>\n\t\t<div data-particle_enable=\"false\" data-particle-mobile-disabled=\"false\" class=\"elementor-element elementor-element-b750e3f e-flex e-con-boxed e-con e-parent\" data-id=\"b750e3f\" data-element_type=\"container\" data-e-type=\"container\">\n\t\t\t\t\t<div class=\"e-con-inner\">\n\t\t\t\t<div class=\"elementor-element elementor-element-864a4d3 elementor-widget elementor-widget-heading\" data-id=\"864a4d3\" data-element_type=\"widget\" data-e-type=\"widget\" data-widget_type=\"heading.default\">\n\t\t\t\t\t<h3 class=\"elementor-heading-title elementor-size-default\">\u00bfCu\u00e1ntas im\u00e1genes consagradas hay en Guatemala?<\/h3>\t\t\t\t<\/div>\n\t\t\t\t\t<\/div>\n\t\t\t\t<\/div>\n\t\t<div data-particle_enable=\"false\" data-particle-mobile-disabled=\"false\" class=\"elementor-element elementor-element-8fa3520 e-flex e-con-boxed e-con e-parent\" data-id=\"8fa3520\" data-element_type=\"container\" data-e-type=\"container\">\n\t\t\t\t\t<div class=\"e-con-inner\">\n\t\t\t\t<div class=\"elementor-element elementor-element-07ff44c elementor-widget elementor-widget-text-editor\" data-id=\"07ff44c\" data-element_type=\"widget\" data-e-type=\"widget\" data-widget_type=\"text-editor.default\">\n\t\t\t\t\t\t\t\t\t<p>No existe un registro oficial que precise el n\u00famero exacto de im\u00e1genes consagradas en Guatemala. Sin embargo, s<a href=\"https:\/\/soymigrante.com\/revista\/dar-y-compartir-en-esta-semana-santa-y-mas-alla\/\" target=\"_blank\" rel=\"noopener\">e sabe que varias im\u00e1genes de la Virgen Mar\u00eda y de Jesucristo han sido consagradas a lo largo de los siglos,<\/a> siendo objeto de profunda veneraci\u00f3n por parte de los fieles.<\/p><p>Pr\u00e1cticamente todas las im\u00e1genes de Nazarenos de procesiones masivas de la capital y Antigua Guatemala han sido consagradas, aunque sin duda alguna la primera y m\u00e1s famosa dedicatoria para un nazareno con la cruz a cuestas es la de la consagrada imagen de Jes\u00fas Nazareno de La Merced, Patr\u00f3n Jurado de la Capital de Guatemala.<\/p>\t\t\t\t\t\t\t\t<\/div>\n\t\t\t\t\t<\/div>\n\t\t\t\t<\/div>\n\t\t<div data-particle_enable=\"false\" data-particle-mobile-disabled=\"false\" class=\"elementor-element elementor-element-14d4bc8 e-flex e-con-boxed e-con e-parent\" data-id=\"14d4bc8\" data-element_type=\"container\" data-e-type=\"container\">\n\t\t\t\t\t<div class=\"e-con-inner\">\n\t\t\t\t<div class=\"elementor-element elementor-element-d8ce76d elementor-invisible elementor-widget elementor-widget-facebook-embed\" data-id=\"d8ce76d\" data-element_type=\"widget\" data-e-type=\"widget\" data-settings=\"{&quot;_animation&quot;:&quot;zoomInDown&quot;}\" data-widget_type=\"facebook-embed.default\">\n\t\t\t\t\t<div style=\"min-height: 1px\" class=\"elementor-facebook-widget fb-post\" data-href=\"https:\/\/www.facebook.com\/photo.php?fbid=1087088313462299&#038;set=pb.100064834202504.-2207520000&#038;type=3\" data-show-text=\"false\"><\/div>\t\t\t\t<\/div>\n\t\t\t\t\t<\/div>\n\t\t\t\t<\/div>\n\t\t<div data-particle_enable=\"false\" data-particle-mobile-disabled=\"false\" class=\"elementor-element elementor-element-e39919a e-flex e-con-boxed e-con e-parent\" data-id=\"e39919a\" data-element_type=\"container\" data-e-type=\"container\">\n\t\t\t\t\t<div class=\"e-con-inner\">\n\t\t\t\t<div class=\"elementor-element elementor-element-5ce1e3b elementor-widget elementor-widget-heading\" data-id=\"5ce1e3b\" data-element_type=\"widget\" data-e-type=\"widget\" data-widget_type=\"heading.default\">\n\t\t\t\t\t<h3 class=\"elementor-heading-title elementor-size-default\">\u00bfQu\u00e9 significa una consagraci\u00f3n de una imagen?<\/h3>\t\t\t\t<\/div>\n\t\t\t\t\t<\/div>\n\t\t\t\t<\/div>\n\t\t<div data-particle_enable=\"false\" data-particle-mobile-disabled=\"false\" class=\"elementor-element elementor-element-014f29b e-flex e-con-boxed e-con e-parent\" data-id=\"014f29b\" data-element_type=\"container\" data-e-type=\"container\">\n\t\t\t\t\t<div class=\"e-con-inner\">\n\t\t\t\t<div class=\"elementor-element elementor-element-3e9493f elementor-widget elementor-widget-text-editor\" data-id=\"3e9493f\" data-element_type=\"widget\" data-e-type=\"widget\" data-widget_type=\"text-editor.default\">\n\t\t\t\t\t\t\t\t\t<p>La consagraci\u00f3n de una imagen es un acto lit\u00fargico en el cual la Iglesia Cat\u00f3lica dedica solemnemente una representaci\u00f3n sagrada, como una estatua o pintura, para el culto p\u00fablico. Este rito implica bendecir la imagen y reconocerla como un medio para acercarse a lo divino, <a href=\"https:\/\/soymigrante.com\/revista\/dar-y-compartir-en-esta-semana-santa-y-mas-alla\/\" target=\"_blank\" rel=\"noopener\">fomentando la devoci\u00f3n y la fe de la comunidad.<\/a><\/p>\t\t\t\t\t\t\t\t<\/div>\n\t\t\t\t\t<\/div>\n\t\t\t\t<\/div>\n\t\t<div data-particle_enable=\"false\" data-particle-mobile-disabled=\"false\" class=\"elementor-element elementor-element-c935ae7 e-flex e-con-boxed e-con e-parent\" data-id=\"c935ae7\" data-element_type=\"container\" data-e-type=\"container\">\n\t\t\t\t\t<div class=\"e-con-inner\">\n\t\t\t\t<div class=\"elementor-element elementor-element-a9d852f elementor-widget elementor-widget-video\" data-id=\"a9d852f\" data-element_type=\"widget\" data-e-type=\"widget\" data-settings=\"{&quot;youtube_url&quot;:&quot;https:\\\/\\\/www.youtube.com\\\/watch?v=oP5EtbmeiNU&quot;,&quot;video_type&quot;:&quot;youtube&quot;,&quot;controls&quot;:&quot;yes&quot;}\" data-widget_type=\"video.default\">\n\t\t\t\t\t\t\t<div class=\"elementor-wrapper elementor-open-inline\">\n\t\t\t<div class=\"elementor-video\"><\/div>\t\t<\/div>\n\t\t\t\t\t\t<\/div>\n\t\t\t\t\t<\/div>\n\t\t\t\t<\/div>\n\t\t<div data-particle_enable=\"false\" data-particle-mobile-disabled=\"false\" class=\"elementor-element elementor-element-3f9e934 e-flex e-con-boxed e-con e-parent\" data-id=\"3f9e934\" data-element_type=\"container\" data-e-type=\"container\">\n\t\t\t\t\t<div class=\"e-con-inner\">\n\t\t\t\t<div class=\"elementor-element elementor-element-e4ba6e9 elementor-widget elementor-widget-heading\" data-id=\"e4ba6e9\" data-element_type=\"widget\" data-e-type=\"widget\" data-widget_type=\"heading.default\">\n\t\t\t\t\t<h3 class=\"elementor-heading-title elementor-size-default\">\u00bfC\u00f3mo se sabe que una imagen est\u00e1 consagrada?<\/h3>\t\t\t\t<\/div>\n\t\t\t\t\t<\/div>\n\t\t\t\t<\/div>\n\t\t<div data-particle_enable=\"false\" data-particle-mobile-disabled=\"false\" class=\"elementor-element elementor-element-99b9ef9 e-flex e-con-boxed e-con e-parent\" data-id=\"99b9ef9\" data-element_type=\"container\" data-e-type=\"container\">\n\t\t\t\t\t<div class=\"e-con-inner\">\n\t\t\t\t<div class=\"elementor-element elementor-element-2198be2 elementor-widget elementor-widget-text-editor\" data-id=\"2198be2\" data-element_type=\"widget\" data-e-type=\"widget\" data-widget_type=\"text-editor.default\">\n\t\t\t\t\t\t\t\t\t<p>Una imagen consagrada suele distinguirse por ciertos elementos ceremoniales, como la colocaci\u00f3n de una placa conmemorativa que indique la fecha de consagraci\u00f3n y el nombre del oficiante. Adem\u00e1s, estas im\u00e1genes suelen recibir t\u00edtulos honor\u00edficos, como \u201cPatrona\u201d o \u201cReina\u201d, y pueden ser coronadas can\u00f3nicamente<a href=\"https:\/\/soymigrante.com\/revista\/dar-y-compartir-en-esta-semana-santa-y-mas-alla\/\" target=\"_blank\" rel=\"noopener\">, lo que refuerza su estatus especial dentro de la liturgia y la devoci\u00f3n popular<\/a>.<\/p><p>As\u00ed tambi\u00e9n en las manos y pies de la imagen se colocan una cruces, s\u00edmbolo de las llagas benditas de Cristo, como s\u00edmbolo de su estatus de consagrada.\u00a0<\/p>\t\t\t\t\t\t\t\t<\/div>\n\t\t\t\t\t<\/div>\n\t\t\t\t<\/div>\n\t\t<div data-particle_enable=\"false\" data-particle-mobile-disabled=\"false\" class=\"elementor-element elementor-element-0c99f73 e-flex e-con-boxed e-con e-parent\" data-id=\"0c99f73\" data-element_type=\"container\" data-e-type=\"container\">\n\t\t\t\t\t<div class=\"e-con-inner\">\n\t\t\t\t<div class=\"elementor-element elementor-element-31c2da1 elementor-widget elementor-widget-image\" data-id=\"31c2da1\" data-element_type=\"widget\" data-e-type=\"widget\" data-widget_type=\"image.default\">\n\t\t\t\t\t\t\t\t\t\t\t\t<figure class=\"wp-caption\">\n\t\t\t\t\t\t\t\t\t\t<img fetchpriority=\"high\" decoding=\"async\" width=\"768\" height=\"512\" src=\"https:\/\/soymigrante.com\/revista\/wp-content\/uploads\/2025\/03\/PAZ-2-1024x683.jpg\" class=\"attachment-large size-large wp-image-28053\" alt=\"Manos ensangrentadas y heridas sujetando una cruz en un contexto religioso y cultural en M\u00e9xico, s\u00edmbolo de fe y tradici\u00f3n religiosa en comunidades mexicanas.\" srcset=\"https:\/\/soymigrante.com\/revista\/wp-content\/uploads\/2025\/03\/PAZ-2-1024x683.jpg 1024w, https:\/\/soymigrante.com\/revista\/wp-content\/uploads\/2025\/03\/PAZ-2-300x200.jpg 300w, https:\/\/soymigrante.com\/revista\/wp-content\/uploads\/2025\/03\/PAZ-2-768x512.jpg 768w, https:\/\/soymigrante.com\/revista\/wp-content\/uploads\/2025\/03\/PAZ-2-1536x1024.jpg 1536w, https:\/\/soymigrante.com\/revista\/wp-content\/uploads\/2025\/03\/PAZ-2-2048x1365.jpg 2048w, https:\/\/soymigrante.com\/revista\/wp-content\/uploads\/2025\/03\/PAZ-2-750x500.webp 750w, https:\/\/soymigrante.com\/revista\/wp-content\/uploads\/2025\/03\/PAZ-2-1140x760.webp 1140w, https:\/\/soymigrante.com\/revista\/wp-content\/uploads\/2025\/03\/PAZ-2-scaled.webp 1920w\" sizes=\"(max-width: 768px) 100vw, 768px\" title=\"Cruz de consagraci\u00f3n en una de las manos del Nazareno de la Justicia del templo El Calvario, imagen que fue consagrada en el a\u00f1o 2000. Todas las im\u00e1genes consagradas llevan este detalle en manos y pies. (Fotograf\u00eda Oscar Rivas) \u2013 SoyMigrante.com REVISTA\" \/>\t\t\t\t\t\t\t\t\t\t\t<figcaption class=\"widget-image-caption wp-caption-text\">En la imagen se observan manos heridas, con sangre y una cruz tatuada, reflejando la expresi\u00f3n de fe, cultura y tradici\u00f3n religiosa en momentos de fervor.<\/figcaption>\n\t\t\t\t\t\t\t\t\t\t<\/figure>\n\t\t\t\t\t\t\t\t\t<\/div>\n\t\t\t\t\t<\/div>\n\t\t\t\t<\/div>\n\t\t<div data-particle_enable=\"false\" data-particle-mobile-disabled=\"false\" class=\"elementor-element elementor-element-ce7fd05 e-flex e-con-boxed e-con e-parent\" data-id=\"ce7fd05\" data-element_type=\"container\" data-e-type=\"container\">\n\t\t\t\t\t<div class=\"e-con-inner\">\n\t\t\t\t<div class=\"elementor-element elementor-element-7ecbaa8 elementor-widget elementor-widget-heading\" data-id=\"7ecbaa8\" data-element_type=\"widget\" data-e-type=\"widget\" data-widget_type=\"heading.default\">\n\t\t\t\t\t<h3 class=\"elementor-heading-title elementor-size-default\">\u00bfCu\u00e1l fue la primera imagen consagrada en Guatemala?<\/h3>\t\t\t\t<\/div>\n\t\t\t\t\t<\/div>\n\t\t\t\t<\/div>\n\t\t<div data-particle_enable=\"false\" data-particle-mobile-disabled=\"false\" class=\"elementor-element elementor-element-1c71fed e-flex e-con-boxed e-con e-parent\" data-id=\"1c71fed\" data-element_type=\"container\" data-e-type=\"container\">\n\t\t\t\t\t<div class=\"e-con-inner\">\n\t\t\t\t<div class=\"elementor-element elementor-element-ad5c45a elementor-widget elementor-widget-text-editor\" data-id=\"ad5c45a\" data-element_type=\"widget\" data-e-type=\"widget\" data-widget_type=\"text-editor.default\">\n\t\t\t\t\t\t\t\t\t<p>Una de las primeras y m\u00e1s veneradas im\u00e1genes consagradas en <a href=\"https:\/\/soymigrante.com\/revista\/dar-y-compartir-en-esta-semana-santa-y-mas-alla\/\" target=\"_blank\" rel=\"noopener\">Guatemala es el Cristo Negro de Esquipulas.<\/a> Esta talla de madera, elaborada en 1595 por el escultor Quirio Cata\u00f1o, ha sido centro de peregrinaciones y devoci\u00f3n desde su creaci\u00f3n, siendo reconocida como la \u201cCapital Centroamericana de la Fe\u201d.<\/p>\t\t\t\t\t\t\t\t<\/div>\n\t\t\t\t\t<\/div>\n\t\t\t\t<\/div>\n\t\t<div data-particle_enable=\"false\" data-particle-mobile-disabled=\"false\" class=\"elementor-element elementor-element-8813a0b e-flex e-con-boxed e-con e-parent\" data-id=\"8813a0b\" data-element_type=\"container\" data-e-type=\"container\">\n\t\t\t\t\t<div class=\"e-con-inner\">\n\t\t\t\t<div class=\"elementor-element elementor-element-6aca314 elementor-widget elementor-widget-image\" data-id=\"6aca314\" data-element_type=\"widget\" data-e-type=\"widget\" data-widget_type=\"image.default\">\n\t\t\t\t\t\t\t\t\t\t\t\t<figure class=\"wp-caption\">\n\t\t\t\t\t\t\t\t\t\t<img decoding=\"async\" width=\"768\" height=\"816\" src=\"https:\/\/soymigrante.com\/revista\/wp-content\/uploads\/2024\/01\/rrer-964x1024.webp\" class=\"attachment-large size-large wp-image-4352\" alt=\"El Cristo de Esquipulas\" srcset=\"https:\/\/soymigrante.com\/revista\/wp-content\/uploads\/2024\/01\/rrer-964x1024.webp 964w, https:\/\/soymigrante.com\/revista\/wp-content\/uploads\/2024\/01\/rrer-282x300.webp 282w, https:\/\/soymigrante.com\/revista\/wp-content\/uploads\/2024\/01\/rrer-768x816.webp 768w, https:\/\/soymigrante.com\/revista\/wp-content\/uploads\/2024\/01\/rrer-750x797.webp 750w, https:\/\/soymigrante.com\/revista\/wp-content\/uploads\/2024\/01\/rrer.webp 990w\" sizes=\"(max-width: 768px) 100vw, 768px\" title=\"El Cristo de Esquipulas ten\u00eda originalmente un color moreno, con una piel que semeja el tono de un fallecido. Con el paso del tiempo se fue oscureciendo y por ello se le suele llamar Cristo Negro. \u2013 SoyMigrante.com REVISTA\" \/>\t\t\t\t\t\t\t\t\t\t\t<figcaption class=\"widget-image-caption wp-caption-text\">El Cristo de Esquipulas ten\u00eda originalmente un color moreno, con una piel que semeja el tono de un fallecido. Con el paso del tiempo se fue oscureciendo y por ello se le suele llamar Cristo Negro.<\/figcaption>\n\t\t\t\t\t\t\t\t\t\t<\/figure>\n\t\t\t\t\t\t\t\t\t<\/div>\n\t\t\t\t\t<\/div>\n\t\t\t\t<\/div>\n\t\t<div data-particle_enable=\"false\" data-particle-mobile-disabled=\"false\" class=\"elementor-element elementor-element-8b35906 e-flex e-con-boxed e-con e-parent\" data-id=\"8b35906\" data-element_type=\"container\" data-e-type=\"container\">\n\t\t\t\t\t<div class=\"e-con-inner\">\n\t\t\t\t<div class=\"elementor-element elementor-element-b3482de elementor-widget elementor-widget-heading\" data-id=\"b3482de\" data-element_type=\"widget\" data-e-type=\"widget\" data-widget_type=\"heading.default\">\n\t\t\t\t\t<h3 class=\"elementor-heading-title elementor-size-default\">\u00bfCu\u00e1l es la imagen consagrada m\u00e1s reciente?<\/h3>\t\t\t\t<\/div>\n\t\t\t\t\t<\/div>\n\t\t\t\t<\/div>\n\t\t<div data-particle_enable=\"false\" data-particle-mobile-disabled=\"false\" class=\"elementor-element elementor-element-0ec481b e-flex e-con-boxed e-con e-parent\" data-id=\"0ec481b\" data-element_type=\"container\" data-e-type=\"container\">\n\t\t\t\t\t<div class=\"e-con-inner\">\n\t\t\t\t<div class=\"elementor-element elementor-element-c98a7be elementor-widget elementor-widget-text-editor\" data-id=\"c98a7be\" data-element_type=\"widget\" data-e-type=\"widget\" data-widget_type=\"text-editor.default\">\n\t\t\t\t\t\t\t\t\t<p>La m\u00e1s reciente imagen que recibi\u00f3 la consagraci\u00f3n fue la Virgen de Dolores del templo de Candelaria. Sin embargo, no hay un registro actualizado, pues cada di\u00f3cesis y arquidi\u00f3cesis otorga esta categor\u00eda de Consagrado a petici\u00f3n de las comunidades y por decisi\u00f3n del obispo. Seg\u00fan el historiador Miguel \u00c1lvarez, puesto que en lugares peque\u00f1os de Guatemala se pueden hacer consagraciones sin avisar al resto de di\u00f3cesis o arquidi\u00f3cesis.\u00a0<\/p><p>La consagraci\u00f3n de im\u00e1genes es una pr\u00e1ctica que contin\u00faa en la actualidad, y es com\u00fan que parroquias y comunidades locales realicen estos actos seg\u00fan sus calendarios lit\u00fargicos y festividades propias.<\/p>\t\t\t\t\t\t\t\t<\/div>\n\t\t\t\t\t<\/div>\n\t\t\t\t<\/div>\n\t\t<div data-particle_enable=\"false\" data-particle-mobile-disabled=\"false\" class=\"elementor-element elementor-element-7ecca91 e-flex e-con-boxed e-con e-parent\" data-id=\"7ecca91\" data-element_type=\"container\" data-e-type=\"container\">\n\t\t\t\t\t<div class=\"e-con-inner\">\n\t\t\t\t<div class=\"elementor-element elementor-element-9f057b7 elementor-invisible elementor-widget elementor-widget-facebook-embed\" data-id=\"9f057b7\" data-element_type=\"widget\" data-e-type=\"widget\" data-settings=\"{&quot;_animation&quot;:&quot;zoomInDown&quot;}\" data-widget_type=\"facebook-embed.default\">\n\t\t\t\t\t<div style=\"min-height: 1px\" class=\"elementor-facebook-widget fb-post\" data-href=\"https:\/\/www.facebook.com\/photo\/?fbid=2030097773816746&#038;set=pcb.2030097840483406\" data-show-text=\"false\"><\/div>\t\t\t\t<\/div>\n\t\t\t\t\t<\/div>\n\t\t\t\t<\/div>\n\t\t<div data-particle_enable=\"false\" data-particle-mobile-disabled=\"false\" class=\"elementor-element elementor-element-710e4fe e-flex e-con-boxed e-con e-parent\" data-id=\"710e4fe\" data-element_type=\"container\" data-e-type=\"container\">\n\t\t\t\t\t<div class=\"e-con-inner\">\n\t\t\t\t<div class=\"elementor-element elementor-element-2af62f5 elementor-widget elementor-widget-heading\" data-id=\"2af62f5\" data-element_type=\"widget\" data-e-type=\"widget\" data-widget_type=\"heading.default\">\n\t\t\t\t\t<h3 class=\"elementor-heading-title elementor-size-default\">\u00bfEs cierto que solo en Guatemala se consagran im\u00e1genes?<\/h3>\t\t\t\t<\/div>\n\t\t\t\t\t<\/div>\n\t\t\t\t<\/div>\n\t\t<div data-particle_enable=\"false\" data-particle-mobile-disabled=\"false\" class=\"elementor-element elementor-element-b73b359 e-flex e-con-boxed e-con e-parent\" data-id=\"b73b359\" data-element_type=\"container\" data-e-type=\"container\">\n\t\t\t\t\t<div class=\"e-con-inner\">\n\t\t\t\t<div class=\"elementor-element elementor-element-a9eb511 elementor-widget elementor-widget-text-editor\" data-id=\"a9eb511\" data-element_type=\"widget\" data-e-type=\"widget\" data-widget_type=\"text-editor.default\">\n\t\t\t\t\t\t\t\t\t<p>No, la consagraci\u00f3n de im\u00e1genes<a href=\"https:\/\/soymigrante.com\/revista\/dar-y-compartir-en-esta-semana-santa-y-mas-alla\/\" target=\"_blank\" rel=\"noopener\"> no es una pr\u00e1ctica exclusiva de Guatemala<\/a>. Este rito es com\u00fan en la Iglesia Cat\u00f3lica a nivel mundial, donde numerosas im\u00e1genes de Jesucristo, la Virgen Mar\u00eda y otros santos han sido consagradas y coronadas en diversos pa\u00edses, como actos de fe y devoci\u00f3n de las comunidades cat\u00f3licas, seg\u00fan el sacerdote Jose Luis Paiz.<\/p>\t\t\t\t\t\t\t\t<\/div>\n\t\t\t\t\t<\/div>\n\t\t\t\t<\/div>\n\t\t<div data-particle_enable=\"false\" data-particle-mobile-disabled=\"false\" class=\"elementor-element elementor-element-4b0b758 e-flex e-con-boxed e-con e-parent\" data-id=\"4b0b758\" data-element_type=\"container\" data-e-type=\"container\">\n\t\t\t\t\t<div class=\"e-con-inner\">\n\t\t\t\t<div class=\"elementor-element elementor-element-01d2145 elementor-widget elementor-widget-text-editor\" data-id=\"01d2145\" data-element_type=\"widget\" data-e-type=\"widget\" data-widget_type=\"text-editor.default\">\n\t\t\t\t\t\t\t\t\t<p><a href=\"https:\/\/soymigrante.com\/revista\/dar-y-compartir-en-esta-semana-santa-y-mas-alla\/\" target=\"_blank\" rel=\"noopener\">La consagraci\u00f3n de im\u00e1genes es una tradici\u00f3n significativa en Guatemala<\/a>, con ejemplos destacados como el Cristo Negro de Esquipulas y la Inmaculada Concepci\u00f3n del Templo de San Francisco.<\/p><p>Estas pr\u00e1cticas reflejan la profunda fe y devoci\u00f3n del pueblo guatemalteco, en sinton\u00eda con las tradiciones cat\u00f3licas universales.<\/p>\t\t\t\t\t\t\t\t<\/div>\n\t\t\t\t\t<\/div>\n\t\t\t\t<\/div>\n\t\t<div data-particle_enable=\"false\" data-particle-mobile-disabled=\"false\" class=\"elementor-element elementor-element-c85b672 e-flex e-con-boxed e-con e-parent\" data-id=\"c85b672\" data-element_type=\"container\" data-e-type=\"container\">\n\t\t\t\t\t<div class=\"e-con-inner\">\n\t\t\t\t<div class=\"elementor-element elementor-element-0e4c27e elementor-widget elementor-widget-heading\" data-id=\"0e4c27e\" data-element_type=\"widget\" data-e-type=\"widget\" data-widget_type=\"heading.default\">\n\t\t\t\t\t<h2 class=\"elementor-heading-title elementor-size-default\">Conoce m\u00e1s informaci\u00f3n de la Semana Santa en Guatemala, ac\u00e1...<\/h2>\t\t\t\t<\/div>\n\t\t\t\t\t<\/div>\n\t\t\t\t<\/div>\n\t\t<div data-particle_enable=\"false\" data-particle-mobile-disabled=\"false\" class=\"elementor-element elementor-element-0dbb2b1 e-flex e-con-boxed e-con e-parent\" data-id=\"0dbb2b1\" data-element_type=\"container\" data-e-type=\"container\">\n\t\t\t\t\t<div class=\"e-con-inner\">\n\t\t\t\t<div class=\"elementor-element elementor-element-76cbd3f elementor-grid-eael-col-3 elementor-grid-tablet-eael-col-2 elementor-grid-mobile-eael-col-1 elementor-widget elementor-widget-eael-post-grid\" data-id=\"76cbd3f\" data-element_type=\"widget\" data-e-type=\"widget\" data-settings=\"{&quot;eael_post_grid_columns&quot;:&quot;eael-col-3&quot;,&quot;eael_post_grid_columns_tablet&quot;:&quot;eael-col-2&quot;,&quot;eael_post_grid_columns_mobile&quot;:&quot;eael-col-1&quot;}\" data-widget_type=\"eael-post-grid.default\">\n\t\t\t\t\t<div id=\"eael-post-grid-76cbd3f\" class=\"eael-post-grid-container\">\n            <div class=\"eael-post-grid eael-post-appender eael-post-appender-76cbd3f eael-post-grid-style-one\" data-layout-mode=\"masonry\"><article class=\"eael-grid-post  eael-post-grid-column eael-pg-post-5562 category-guate-nuestra\" data-id=\"5562\">\n        <div class=\"eael-grid-post-holder\">\n            <div class=\"eael-grid-post-holder-inner\"><div class=\"eael-entry-media\"><div class=\"eael-entry-overlay fade-in\"><i class=\"far fa-hand-pointer\" aria-hidden=\"true\"><\/i><a href=\"https:\/\/soymigrante.com\/revista\/chapines-food-comida-guatemalteca-antojitos\/\"><\/a><\/div><div class=\"eael-entry-thumbnail \">\n                <img decoding=\"async\" width=\"1024\" height=\"456\" src=\"https:\/\/soymigrante.com\/revista\/wp-content\/uploads\/2024\/03\/comidas-guatemaltecas-para-semana-santa--1024x456.webp\" class=\"attachment-large size-large wp-image-5569\" alt=\"comidas guatemaltecas para semana santa\" srcset=\"https:\/\/soymigrante.com\/revista\/wp-content\/uploads\/2024\/03\/comidas-guatemaltecas-para-semana-santa--1024x456.webp 1024w, https:\/\/soymigrante.com\/revista\/wp-content\/uploads\/2024\/03\/comidas-guatemaltecas-para-semana-santa--300x134.webp 300w, https:\/\/soymigrante.com\/revista\/wp-content\/uploads\/2024\/03\/comidas-guatemaltecas-para-semana-santa--768x342.webp 768w, https:\/\/soymigrante.com\/revista\/wp-content\/uploads\/2024\/03\/comidas-guatemaltecas-para-semana-santa--750x334.webp 750w, https:\/\/soymigrante.com\/revista\/wp-content\/uploads\/2024\/03\/comidas-guatemaltecas-para-semana-santa-.webp 1141w\" sizes=\"(max-width: 1024px) 100vw, 1024px\" \/>\n            <\/div>\n        <\/div><div class=\"eael-entry-wrapper\"><header class=\"eael-entry-header\"><h2 class=\"eael-entry-title\"><a class=\"eael-grid-post-link\" href=\"https:\/\/soymigrante.com\/revista\/chapines-food-comida-guatemalteca-antojitos\/\" title=\"Antojitos guatemaltecos propios de Cuaresma y Semana Santa\">Antojitos guatemaltecos propios de Cuaresma y Semana Santa<\/a><\/h2><\/header><div class=\"eael-entry-content\">\n                        <div class=\"eael-grid-post-excerpt\"><a href=\"https:\/\/soymigrante.com\/revista\/chapines-food-comida-guatemalteca-antojitos\/\" class=\"eael-post-elements-readmore-btn\">CONOCE SU HISTORIA <\/a><\/div>\n                    <\/div><\/div><\/div>\n        <\/div>\n    <\/article><article class=\"eael-grid-post  eael-post-grid-column eael-pg-post-26140 category-guate-nuestra\" data-id=\"26140\">\n        <div class=\"eael-grid-post-holder\">\n            <div class=\"eael-grid-post-holder-inner\"><div class=\"eael-entry-media\"><div class=\"eael-entry-overlay fade-in\"><i class=\"far fa-hand-pointer\" aria-hidden=\"true\"><\/i><a href=\"https:\/\/soymigrante.com\/revista\/algunas-sugerencias-para-que-devotos-migrantes-vivan-mejor-la-cuaresma-y-semana-santa\/\"><\/a><\/div><div class=\"eael-entry-thumbnail \">\n                <img loading=\"lazy\" decoding=\"async\" width=\"720\" height=\"720\" src=\"https:\/\/soymigrante.com\/revista\/wp-content\/uploads\/2023\/03\/2-FOTOS-DE-NAZARENO-DE-CANDELARIA-CORTESIA-DE-LANZA-SAGRADA-4-e1740965775791.webp\" class=\"attachment-large size-large wp-image-615\" alt=\"\" srcset=\"https:\/\/soymigrante.com\/revista\/wp-content\/uploads\/2023\/03\/2-FOTOS-DE-NAZARENO-DE-CANDELARIA-CORTESIA-DE-LANZA-SAGRADA-4-e1740965775791.webp 720w, https:\/\/soymigrante.com\/revista\/wp-content\/uploads\/2023\/03\/2-FOTOS-DE-NAZARENO-DE-CANDELARIA-CORTESIA-DE-LANZA-SAGRADA-4-e1740965775791-300x300.webp 300w, https:\/\/soymigrante.com\/revista\/wp-content\/uploads\/2023\/03\/2-FOTOS-DE-NAZARENO-DE-CANDELARIA-CORTESIA-DE-LANZA-SAGRADA-4-e1740965775791-150x150.webp 150w, https:\/\/soymigrante.com\/revista\/wp-content\/uploads\/2023\/03\/2-FOTOS-DE-NAZARENO-DE-CANDELARIA-CORTESIA-DE-LANZA-SAGRADA-4-e1740965775791-75x75.webp 75w\" sizes=\"(max-width: 720px) 100vw, 720px\" \/>\n            <\/div>\n        <\/div><div class=\"eael-entry-wrapper\"><header class=\"eael-entry-header\"><h2 class=\"eael-entry-title\"><a class=\"eael-grid-post-link\" href=\"https:\/\/soymigrante.com\/revista\/algunas-sugerencias-para-que-devotos-migrantes-vivan-mejor-la-cuaresma-y-semana-santa\/\" title=\"Algunas sugerencias para que devotos migrantes vivan mejor la Cuaresma y Semana Santa\">Algunas sugerencias para que devotos migrantes vivan mejor la Cuaresma y Semana Santa<\/a><\/h2><\/header><div class=\"eael-entry-content\">\n                        <div class=\"eael-grid-post-excerpt\"><a href=\"https:\/\/soymigrante.com\/revista\/algunas-sugerencias-para-que-devotos-migrantes-vivan-mejor-la-cuaresma-y-semana-santa\/\" class=\"eael-post-elements-readmore-btn\">CONOCE SU HISTORIA <\/a><\/div>\n                    <\/div><\/div><\/div>\n        <\/div>\n    <\/article><article class=\"eael-grid-post  eael-post-grid-column eael-pg-post-5589 category-guate-nuestra\" data-id=\"5589\">\n        <div class=\"eael-grid-post-holder\">\n            <div class=\"eael-grid-post-holder-inner\"><div class=\"eael-entry-media\"><div class=\"eael-entry-overlay fade-in\"><i class=\"far fa-hand-pointer\" aria-hidden=\"true\"><\/i><a href=\"https:\/\/soymigrante.com\/revista\/semana-santa-guatemalteca-sin-fronteras-cruza-el-mar\/\"><\/a><\/div><div class=\"eael-entry-thumbnail \">\n                <img loading=\"lazy\" decoding=\"async\" width=\"795\" height=\"636\" src=\"https:\/\/soymigrante.com\/revista\/wp-content\/uploads\/2024\/03\/dfdfdfdf.webp\" class=\"attachment-large size-large wp-image-5601\" alt=\"Semana Santa guatemalteca fotos de Danny Gamboa\" srcset=\"https:\/\/soymigrante.com\/revista\/wp-content\/uploads\/2024\/03\/dfdfdfdf.webp 795w, https:\/\/soymigrante.com\/revista\/wp-content\/uploads\/2024\/03\/dfdfdfdf-300x240.webp 300w, https:\/\/soymigrante.com\/revista\/wp-content\/uploads\/2024\/03\/dfdfdfdf-768x614.webp 768w, https:\/\/soymigrante.com\/revista\/wp-content\/uploads\/2024\/03\/dfdfdfdf-750x600.webp 750w\" sizes=\"(max-width: 795px) 100vw, 795px\" \/>\n            <\/div>\n        <\/div><div class=\"eael-entry-wrapper\"><header class=\"eael-entry-header\"><h2 class=\"eael-entry-title\"><a class=\"eael-grid-post-link\" href=\"https:\/\/soymigrante.com\/revista\/semana-santa-guatemalteca-sin-fronteras-cruza-el-mar\/\" title=\"Semana Santa guatemalteca sobrepasa fronteras\">Semana Santa guatemalteca sobrepasa fronteras<\/a><\/h2><\/header><div class=\"eael-entry-content\">\n                        <div class=\"eael-grid-post-excerpt\"><a href=\"https:\/\/soymigrante.com\/revista\/semana-santa-guatemalteca-sin-fronteras-cruza-el-mar\/\" class=\"eael-post-elements-readmore-btn\">CONOCE SU HISTORIA <\/a><\/div>\n                    <\/div><\/div><\/div>\n        <\/div>\n    <\/article><\/div>\n            <div class=\"clearfix\"><\/div>\n        <\/div>\t\t\t\t<\/div>\n\t\t\t\t\t<\/div>\n\t\t\t\t<\/div>\n\t\t\t\t<\/div>\n\t\t","protected":false},"excerpt":{"rendered":"<p>En Guatemala se tiene devoci\u00f3n por muchos Nazarenos e im\u00e1genes de Pasi\u00f3n, pero una imagen consagrada refleja una gran veneraci\u00f3n, en tiempo o cantidad de feligreses. Es una ceremonia trascendental que cada vez se ha hecho m\u00e1s frecuente. En Guatemala, la consagraci\u00f3n de im\u00e1genes religiosas es una tradici\u00f3n profundamente arraigada en la fe cat\u00f3lica.\u00a0En s\u00ed, [&hellip;]<\/p>\n","protected":false},"author":19,"featured_media":27412,"comment_status":"open","ping_status":"open","sticky":false,"template":"","format":"standard","meta":{"_acf_changed":false,"_eb_attr":"","footnotes":""},"categories":[58],"tags":[],"class_list":["post-27411","post","type-post","status-publish","format-standard","has-post-thumbnail","hentry","category-guate-nuestra"],"acf":[],"aioseo_notices":[],"aioseo_head":"\n\t\t<!-- All in One SEO Pro 4.9.6.2 - aioseo.com -->\n\t<meta name=\"description\" content=\"Devoci\u00f3n, piedad popular y tradici\u00f3n de la Semana Santa en Guatemala es reflejada en las fotograf\u00edas de Danny Gamboa, quien expuso su trabajo en Casa de Am\u00e9rica, Sevilla, Espa\u00f1a junto a otros guatemaltecos. Cr\u00e9dito de todas las fotograf\u00edas: Danny Gamboa, fot\u00f3grafo guatemalteco A menudo no hay palabras para expresar las dimensiones que alcanca la piedad\" \/>\n\t<meta name=\"robots\" content=\"max-snippet:-1, max-image-preview:large, max-video-preview:-1\" \/>\n\t<meta name=\"author\" content=\"Marysabel Aldana\"\/>\n\t<link rel=\"canonical\" href=\"https:\/\/soymigrante.com\/revista\/que-significa-que-una-imagen-religiosa-sea-consagrada\/\" \/>\n\t<meta name=\"generator\" content=\"All in One SEO Pro (AIOSEO) 4.9.6.2\" \/>\n\n\t\t<link rel=\"preconnect\" href=\"https:\/\/fonts.googleapis.com\" crossorigin>\n<link rel=\"preconnect\" href=\"https:\/\/fonts.gstatic.com\" crossorigin>\n\t\t<meta property=\"og:locale\" content=\"es_ES\" \/>\n\t\t<meta property=\"og:site_name\" content=\"SoyMigrante.com REVISTA \u2013 Nuestra misi\u00f3n es reconocer y dignificar al migrante.\" \/>\n\t\t<meta property=\"og:type\" content=\"article\" \/>\n\t\t<meta property=\"og:title\" content=\"\u00bfQu\u00e9 significa que una imagen religiosa sea consagrada?\" \/>\n\t\t<meta property=\"og:description\" content=\"En Guatemala se tiene en devoci\u00f3n por muchos nazarenos pero una imagen consagrada refleja veneraci\u00f3n especial de la feligres\u00eda incluso m\u00e1s all\u00e1 de las fronteras.\" \/>\n\t\t<meta property=\"og:url\" content=\"https:\/\/soymigrante.com\/revista\/que-significa-que-una-imagen-religiosa-sea-consagrada\/\" \/>\n\t\t<meta property=\"og:image\" content=\"https:\/\/soymigrante.com\/revista\/wp-content\/uploads\/2025\/03\/imagen-consagrada-e1741371635920.webp\" \/>\n\t\t<meta property=\"og:image:secure_url\" content=\"https:\/\/soymigrante.com\/revista\/wp-content\/uploads\/2025\/03\/imagen-consagrada-e1741371635920.webp\" \/>\n\t\t<meta property=\"og:image:width\" content=\"1795\" \/>\n\t\t<meta property=\"og:image:height\" content=\"1193\" \/>\n\t\t<meta property=\"article:published_time\" content=\"2025-03-13T12:00:00+00:00\" \/>\n\t\t<meta property=\"article:modified_time\" content=\"2025-03-12T22:59:33+00:00\" \/>\n\t\t<meta property=\"article:publisher\" content=\"https:\/\/www.facebook.com\/soymigrantecom\" \/>\n\t\t<meta name=\"twitter:card\" content=\"summary_large_image\" \/>\n\t\t<meta name=\"twitter:site\" content=\"@SoyMigrante_com\" \/>\n\t\t<meta name=\"twitter:title\" content=\"\u00bfQu\u00e9 significa que una imagen religiosa sea consagrada?\" \/>\n\t\t<meta name=\"twitter:description\" content=\"En Guatemala se tiene en devoci\u00f3n por muchos nazarenos pero una imagen consagrada refleja veneraci\u00f3n especial de la feligres\u00eda incluso m\u00e1s all\u00e1 de las fronteras.\" \/>\n\t\t<meta name=\"twitter:creator\" content=\"@SoyMigrante_com\" \/>\n\t\t<meta name=\"twitter:image\" content=\"https:\/\/soymigrante.com\/revista\/wp-content\/uploads\/2025\/03\/imagen-consagrada-e1741371635920.webp\" \/>\n\t\t<!-- All in One SEO Pro -->\r\n\t\t<title>\u00bfQu\u00e9 significa que una imagen religiosa sea consagrada?<\/title>\n\n","aioseo_head_json":{"title":"\u00bfQu\u00e9 significa que una imagen religiosa sea consagrada?","description":"En Guatemala se tiene en devoci\u00f3n por muchos nazarenos pero una imagen consagrada refleja veneraci\u00f3n especial de la feligres\u00eda incluso m\u00e1s all\u00e1 de las fronteras.","canonical_url":"https:\/\/soymigrante.com\/revista\/que-significa-que-una-imagen-religiosa-sea-consagrada\/","robots":"max-snippet:-1, max-image-preview:large, max-video-preview:-1","keywords":"","webmasterTools":{"miscellaneous":"&lt;link rel=\"preconnect\" href=\"https:\/\/fonts.googleapis.com\" crossorigin&gt;\n&lt;link rel=\"preconnect\" href=\"https:\/\/fonts.gstatic.com\" crossorigin&gt;"},"schema":null,"og:locale":"es_ES","og:site_name":"SoyMigrante.com REVISTA \u2013 Nuestra misi\u00f3n es reconocer y dignificar al migrante.","og:type":"article","og:title":"\u00bfQu\u00e9 significa que una imagen religiosa sea consagrada?","og:description":"En Guatemala se tiene en devoci\u00f3n por muchos nazarenos pero una imagen consagrada refleja veneraci\u00f3n especial de la feligres\u00eda incluso m\u00e1s all\u00e1 de las fronteras.","og:url":"https:\/\/soymigrante.com\/revista\/que-significa-que-una-imagen-religiosa-sea-consagrada\/","og:image":"https:\/\/soymigrante.com\/revista\/wp-content\/uploads\/2025\/03\/imagen-consagrada-e1741371635920.webp","og:image:secure_url":"https:\/\/soymigrante.com\/revista\/wp-content\/uploads\/2025\/03\/imagen-consagrada-e1741371635920.webp","og:image:width":1795,"og:image:height":1193,"article:published_time":"2025-03-13T12:00:00+00:00","article:modified_time":"2025-03-12T22:59:33+00:00","article:publisher":"https:\/\/www.facebook.com\/soymigrantecom","twitter:card":"summary_large_image","twitter:site":"@SoyMigrante_com","twitter:title":"\u00bfQu\u00e9 significa que una imagen religiosa sea consagrada?","twitter:description":"En Guatemala se tiene en devoci\u00f3n por muchos nazarenos pero una imagen consagrada refleja veneraci\u00f3n especial de la feligres\u00eda incluso m\u00e1s all\u00e1 de las fronteras.","twitter:creator":"@SoyMigrante_com","twitter:image":"https:\/\/soymigrante.com\/revista\/wp-content\/uploads\/2025\/03\/imagen-consagrada-e1741371635920.webp"},"aioseo_meta_data":{"post_id":"27411","title":null,"description":"En Guatemala se tiene en devoci\u00f3n por muchos nazarenos pero una imagen consagrada refleja veneraci\u00f3n especial de la feligres\u00eda incluso m\u00e1s all\u00e1 de las fronteras.","keywords":null,"keyphrases":{"focus":{"keyphrase":"imagen","score":100,"analysis":{"keyphraseInTitle":{"score":9,"maxScore":9,"error":0},"keyphraseInDescription":{"score":9,"maxScore":9,"error":0},"keyphraseLength":{"score":9,"maxScore":9,"error":0,"length":1},"keyphraseInURL":{"score":5,"maxScore":5,"error":0},"keyphraseInIntroduction":{"score":9,"maxScore":9,"error":0},"keyphraseInSubHeadings":{"score":9,"maxScore":9,"error":0},"keyphraseInImageAlt":{"score":9,"maxScore":9,"error":0},"keywordDensity":{"type":"best","score":9,"maxScore":9,"error":0}}},"additional":[{"keyphrase":"imagen","score":100,"analysis":{"keyphraseInDescription":{"score":9,"maxScore":9,"error":0},"keyphraseLength":{"score":9,"maxScore":9,"error":0,"length":1},"keyphraseInIntroduction":{"score":9,"maxScore":9,"error":0},"keyphraseInImageAlt":{"score":9,"maxScore":9,"error":0},"keywordDensity":{"type":"best","score":9,"maxScore":9,"error":0}}},{"keyphrase":"Guatemala","score":87,"analysis":{"keyphraseInDescription":{"score":9,"maxScore":9,"error":0},"keyphraseLength":{"score":9,"maxScore":9,"error":0,"length":1},"keyphraseInIntroduction":{"score":9,"maxScore":9,"error":0},"keyphraseInImageAlt":{"score":3,"maxScore":9,"error":1},"keywordDensity":{"type":"best","score":9,"maxScore":9,"error":0}}},{"keyphrase":"Consagrada","score":87,"analysis":{"keyphraseInDescription":{"score":9,"maxScore":9,"error":0},"keyphraseLength":{"score":9,"maxScore":9,"error":0,"length":1},"keyphraseInIntroduction":{"score":3,"maxScore":9,"error":1},"keyphraseInImageAlt":{"score":9,"maxScore":9,"error":0},"keywordDensity":{"type":"best","score":9,"maxScore":9,"error":0}}},{"keyphrase":"Consagraci\u00f3n","score":87,"analysis":{"keyphraseInDescription":{"score":3,"maxScore":9,"error":1},"keyphraseLength":{"score":9,"maxScore":9,"error":0,"length":2},"keyphraseInIntroduction":{"score":9,"maxScore":9,"error":0},"keyphraseInImageAlt":{"score":9,"maxScore":9,"error":0},"keywordDensity":{"type":"best","score":9,"maxScore":9,"error":0}}}]},"primary_term":null,"canonical_url":null,"og_title":null,"og_description":null,"og_object_type":"default","og_image_type":"default","og_image_url":null,"og_image_width":null,"og_image_height":null,"og_image_custom_url":null,"og_image_custom_fields":null,"og_video":"","og_custom_url":null,"og_article_section":null,"og_article_tags":null,"twitter_use_og":false,"twitter_card":"default","twitter_image_type":"default","twitter_image_url":null,"twitter_image_custom_url":null,"twitter_image_custom_fields":null,"twitter_title":null,"twitter_description":null,"schema":{"blockGraphs":[],"customGraphs":[],"default":{"data":{"Article":[],"Course":[],"Dataset":[],"FAQPage":[],"Movie":[],"Person":[],"Product":[],"ProductReview":[],"Car":[],"Recipe":[],"Service":[],"SoftwareApplication":[],"WebPage":[]},"graphName":"BlogPosting","isEnabled":true},"graphs":[]},"schema_type":"default","schema_type_options":null,"pillar_content":false,"robots_default":true,"robots_noindex":false,"robots_noarchive":false,"robots_nosnippet":false,"robots_nofollow":false,"robots_noimageindex":false,"robots_noodp":false,"robots_notranslate":false,"robots_max_snippet":"-1","robots_max_videopreview":"-1","robots_max_imagepreview":"large","priority":null,"frequency":"default","local_seo":null,"seo_analyzer_scan_date":"2025-10-09 03:24:49","breadcrumb_settings":null,"limit_modified_date":false,"reviewed_by":null,"open_ai":"{\"title\":{\"suggestions\":[],\"usage\":0},\"description\":{\"suggestions\":[],\"usage\":0}}","ai":null,"created":"2025-03-07 18:18:38","updated":"2026-02-04 22:09:40"},"aioseo_breadcrumb":"<div class=\"aioseo-breadcrumbs\"><span class=\"aioseo-breadcrumb\">\n\t<a href=\"https:\/\/soymigrante.com\/revista\" title=\"Home\">Home<\/a>\n<\/span><span class=\"aioseo-breadcrumb-separator\">\u00bb<\/span><span class=\"aioseo-breadcrumb\">\n\t<a href=\"https:\/\/soymigrante.com\/revista\/category\/guate-nuestra\/\" title=\"Guate Nuestra\">Guate Nuestra<\/a>\n<\/span><span class=\"aioseo-breadcrumb-separator\">\u00bb<\/span><span class=\"aioseo-breadcrumb\">\n\t\u00bfQu\u00e9 significa que una imagen religiosa sea consagrada?\n<\/span><\/div>","aioseo_breadcrumb_json":[{"label":"Home","link":"https:\/\/soymigrante.com\/revista"},{"label":"Guate Nuestra","link":"https:\/\/soymigrante.com\/revista\/category\/guate-nuestra\/"},{"label":"\u00bfQu\u00e9 significa que una imagen religiosa sea consagrada?","link":"https:\/\/soymigrante.com\/revista\/que-significa-que-una-imagen-religiosa-sea-consagrada\/"}],"_links":{"self":[{"href":"https:\/\/soymigrante.com\/revista\/wp-json\/wp\/v2\/posts\/27411","targetHints":{"allow":["GET"]}}],"collection":[{"href":"https:\/\/soymigrante.com\/revista\/wp-json\/wp\/v2\/posts"}],"about":[{"href":"https:\/\/soymigrante.com\/revista\/wp-json\/wp\/v2\/types\/post"}],"author":[{"embeddable":true,"href":"https:\/\/soymigrante.com\/revista\/wp-json\/wp\/v2\/users\/19"}],"replies":[{"embeddable":true,"href":"https:\/\/soymigrante.com\/revista\/wp-json\/wp\/v2\/comments?post=27411"}],"version-history":[{"count":0,"href":"https:\/\/soymigrante.com\/revista\/wp-json\/wp\/v2\/posts\/27411\/revisions"}],"wp:featuredmedia":[{"embeddable":true,"href":"https:\/\/soymigrante.com\/revista\/wp-json\/wp\/v2\/media\/27412"}],"wp:attachment":[{"href":"https:\/\/soymigrante.com\/revista\/wp-json\/wp\/v2\/media?parent=27411"}],"wp:term":[{"taxonomy":"category","embeddable":true,"href":"https:\/\/soymigrante.com\/revista\/wp-json\/wp\/v2\/categories?post=27411"},{"taxonomy":"post_tag","embeddable":true,"href":"https:\/\/soymigrante.com\/revista\/wp-json\/wp\/v2\/tags?post=27411"}],"curies":[{"name":"wp","href":"https:\/\/api.w.org\/{rel}","templated":true}]}}