{"id":27398,"date":"2025-03-08T10:00:00","date_gmt":"2025-03-08T16:00:00","guid":{"rendered":"https:\/\/soymigrante.com\/revista\/?p=27398"},"modified":"2025-03-08T11:28:14","modified_gmt":"2025-03-08T17:28:14","slug":"historias-de-ingenio-amor-y-perseverancia-de-emprendedoras-guatemaltecas-de-mercado","status":"publish","type":"post","link":"https:\/\/soymigrante.com\/revista\/historias-de-ingenio-amor-y-perseverancia-de-emprendedoras-guatemaltecas-de-mercado\/","title":{"rendered":"Historias de ingenio, amor y perseverancia de emprendedoras guatemaltecas de MERCADO"},"content":{"rendered":"\t\t<div data-elementor-type=\"wp-post\" data-elementor-id=\"27398\" class=\"elementor elementor-27398\" data-elementor-post-type=\"post\">\n\t\t\t\t<div data-particle_enable=\"false\" data-particle-mobile-disabled=\"false\" class=\"elementor-element elementor-element-488449e e-flex e-con-boxed e-con e-parent\" data-id=\"488449e\" data-element_type=\"container\" data-e-type=\"container\">\n\t\t\t\t\t<div class=\"e-con-inner\">\n\t\t\t\t<div class=\"elementor-element elementor-element-bd5596a elementor-widget elementor-widget-heading\" data-id=\"bd5596a\" data-element_type=\"widget\" data-e-type=\"widget\" data-widget_type=\"heading.default\">\n\t\t\t\t\t<h2 class=\"elementor-heading-title elementor-size-default\">Emprendimientos liderados por mujeres ya tienen su tienda digital abierta en SoyMigrante.com MERCADO en donde ofrece sus productos a toda Guatemala. Detr\u00e1s de cada una de estas propuestas de negoico hay historias de valor, acci\u00f3n y grandes esperanzas.<\/h2>\t\t\t\t<\/div>\n\t\t\t\t\t<\/div>\n\t\t\t\t<\/div>\n\t\t<div data-particle_enable=\"false\" data-particle-mobile-disabled=\"false\" class=\"elementor-element elementor-element-018b483 e-flex e-con-boxed e-con e-parent\" data-id=\"018b483\" data-element_type=\"container\" data-e-type=\"container\">\n\t\t\t\t\t<div class=\"e-con-inner\">\n\t\t\t\t<div class=\"elementor-element elementor-element-2bd0871 elementor-widget elementor-widget-text-editor\" data-id=\"2bd0871\" data-element_type=\"widget\" data-e-type=\"widget\" data-widget_type=\"text-editor.default\">\n\t\t\t\t\t\t\t\t\t<p>En Guatemala viven, seg\u00fan el censo de poblaci\u00f3n, unas 7.67 millones\u00a0de mujeres, de las cuales unas\u00a03.2 millones (41.7%) se autoidentificaron como\u00a0<a href=\"https:\/\/soymigrante.com\/revista\/disenadora-maya-trasciende-entre-raices-y-fronteras\/\">mayas<\/a>; 4.3 millones son mujeres <a href=\"https:\/\/soymigrante.com\/revista\/pueblo-ladino-integra-raices-y-mestizajes-de-guatemala\/\">ladinas <\/a>(55.9%),\u00a0unas 158,300 son mujeres <a href=\"https:\/\/soymigrante.com\/revista\/disenadora-maya-trasciende-entre-raices-y-fronteras\/\">xinkas<\/a>\u00a0o\u00a0<a href=\"https:\/\/soymigrante.com\/revista\/pueblo-garinagu-garifuna-lleva-mas-de-dos-siglos-en-guatemala\/\">gar\u00edfunas<\/a>(2.1%). De ellas el\u00a023.6% vive en \u00e1reas rurales.<\/p><p>De la poblaci\u00f3n econ\u00f3micamente activa, las mujeres representan un 37%, aunque este dato puede ser a\u00fan mayor debido a la gran cantidad de madres de familia que trabajan desde la informalidad, ofreciendo bienes y servicios como el trabajo de limpieza, ventas en mercados o peque\u00f1os puestos de calle, tiendas de barrio.\u00a0<\/p><p>Dentro de esas mujeres activas, productivas y propositivas est\u00e1n las emprendedoras que elaboran productos a mano y artesan\u00edas, desde bisuter\u00eda hasta zapatos, sin faltar los textiles ind\u00edgenas tradicionales de Guatemala. Su creatividad, dedicaci\u00f3n y af\u00e1n de salir adelante se reflejan en sus historias. Por eso, presentamos a algunas de las tiendas digitales de <a href=\"https:\/\/soymigrante.com\/mercado\/\">SoyMigrante.com MERCADO<\/a> dirigidas por guatemaltecas.<\/p>\t\t\t\t\t\t\t\t<\/div>\n\t\t\t\t\t<\/div>\n\t\t\t\t<\/div>\n\t\t<div data-particle_enable=\"false\" data-particle-mobile-disabled=\"false\" class=\"elementor-element elementor-element-207f9c5 e-flex e-con-boxed e-con e-parent\" data-id=\"207f9c5\" data-element_type=\"container\" data-e-type=\"container\">\n\t\t\t\t\t<div class=\"e-con-inner\">\n\t\t\t\t<div class=\"elementor-element elementor-element-0293a2c elementor-widget elementor-widget-image\" data-id=\"0293a2c\" data-element_type=\"widget\" data-e-type=\"widget\" data-widget_type=\"image.default\">\n\t\t\t\t\t\t\t\t\t\t\t\t<figure class=\"wp-caption\">\n\t\t\t\t\t\t\t\t\t\t\t<a href=\"https:\/\/soymigrante.com\/mercado\/\">\n\t\t\t\t\t\t\t<img fetchpriority=\"high\" decoding=\"async\" width=\"768\" height=\"242\" src=\"https:\/\/soymigrante.com\/revista\/wp-content\/uploads\/2025\/03\/Captura-de-pantalla-2025-03-07-104800-1024x323.png\" class=\"attachment-large size-large wp-image-27405\" alt=\"Compra productos en SoyMigrante.com Mercado y Guatemala con entrega segura a la puerta de tu casa. Revisa la revista de SoyMigrante para ofertas y novedades en libros y productos aut\u00e9nticos por Q99.\" srcset=\"https:\/\/soymigrante.com\/revista\/wp-content\/uploads\/2025\/03\/Captura-de-pantalla-2025-03-07-104800-1024x323.png 1024w, https:\/\/soymigrante.com\/revista\/wp-content\/uploads\/2025\/03\/Captura-de-pantalla-2025-03-07-104800-300x95.png 300w, https:\/\/soymigrante.com\/revista\/wp-content\/uploads\/2025\/03\/Captura-de-pantalla-2025-03-07-104800-768x242.png 768w, https:\/\/soymigrante.com\/revista\/wp-content\/uploads\/2025\/03\/Captura-de-pantalla-2025-03-07-104800-750x237.webp 750w, https:\/\/soymigrante.com\/revista\/wp-content\/uploads\/2025\/03\/Captura-de-pantalla-2025-03-07-104800.webp 1137w\" sizes=\"(max-width: 768px) 100vw, 768px\" title=\"Durante el mes de marzo de 2025 todas las entregas de tus compras en MERCADO tienen el env\u00edo gratis \u2013 SoyMigrante.com REVISTA\" \/>\t\t\t\t\t\t\t\t<\/a>\n\t\t\t\t\t\t\t\t\t\t\t<figcaption class=\"widget-image-caption wp-caption-text\">Creativas y aut\u00e9nticas creaciones con precios accesibles en SoyMigrante.com Revista para migrantes en busca de productos y noticias relevantes.<\/figcaption>\n\t\t\t\t\t\t\t\t\t\t<\/figure>\n\t\t\t\t\t\t\t\t\t<\/div>\n\t\t\t\t\t<\/div>\n\t\t\t\t<\/div>\n\t\t<div data-particle_enable=\"false\" data-particle-mobile-disabled=\"false\" class=\"elementor-element elementor-element-2231cc3 e-flex e-con-boxed e-con e-parent\" data-id=\"2231cc3\" data-element_type=\"container\" data-e-type=\"container\">\n\t\t\t\t\t<div class=\"e-con-inner\">\n\t\t\t\t<div class=\"elementor-element elementor-element-5b7ea9e elementor-widget elementor-widget-text-editor\" data-id=\"5b7ea9e\" data-element_type=\"widget\" data-e-type=\"widget\" data-widget_type=\"text-editor.default\">\n\t\t\t\t\t\t\t\t\t<p><a style=\"text-align: var(--text-align);\" href=\"https:\/\/soymigrante.com\/mercado\/\">SoyMigrante.com MERCADO\u00a0<\/a><span style=\"color: var( --e-global-color-text ); text-align: var(--text-align);\"> es una comunidad innovadora que une a compradores y vendedores, facilita las ventas sin dificultad de localizaci\u00f3n geogr\u00e1fica u horario, as\u00ed como la log\u00edstica de pago y entrega, como un aporte al desarrollo de los emprendedores y de sus comunidades.\u00a0<\/span><\/p>\t\t\t\t\t\t\t\t<\/div>\n\t\t\t\t\t<\/div>\n\t\t\t\t<\/div>\n\t\t<div data-particle_enable=\"false\" data-particle-mobile-disabled=\"false\" class=\"elementor-element elementor-element-fd5b82f e-flex e-con-boxed e-con e-parent\" data-id=\"fd5b82f\" data-element_type=\"container\" data-e-type=\"container\">\n\t\t\t\t\t<div class=\"e-con-inner\">\n\t\t\t\t<div class=\"elementor-element elementor-element-3eb4ad5 elementor-grid-eael-col-1 elementor-grid-tablet-eael-col-2 elementor-grid-mobile-eael-col-1 elementor-widget elementor-widget-eael-post-grid\" data-id=\"3eb4ad5\" data-element_type=\"widget\" data-e-type=\"widget\" data-settings=\"{&quot;eael_post_grid_columns&quot;:&quot;eael-col-1&quot;,&quot;eael_post_grid_columns_tablet&quot;:&quot;eael-col-2&quot;,&quot;eael_post_grid_columns_mobile&quot;:&quot;eael-col-1&quot;}\" data-widget_type=\"eael-post-grid.default\">\n\t\t\t\t\t<div id=\"eael-post-grid-3eb4ad5\" class=\"eael-post-grid-container\">\n            <div class=\"eael-post-grid eael-post-appender eael-post-appender-3eb4ad5 eael-post-grid-style-one\" data-layout-mode=\"masonry\"><article class=\"eael-grid-post  eael-post-grid-column eael-pg-post-20419 category-guate-nuestra tags-mercado-emprendedores\" data-id=\"20419\">\n        <div class=\"eael-grid-post-holder\">\n            <div class=\"eael-grid-post-holder-inner\"><div class=\"eael-entry-media\"><div class=\"eael-entry-overlay fade-in\"><i class=\"far fa-hand-pointer\" aria-hidden=\"true\"><\/i><a href=\"https:\/\/soymigrante.com\/revista\/calzado-ninnke-nacio-del-amor-de-una-mama-y-la-pasion-por-crear-un-estilo-unico\/\"><\/a><\/div><div class=\"eael-entry-thumbnail eael-image-ratio\">\n                <img decoding=\"async\" width=\"960\" height=\"960\" src=\"https:\/\/soymigrante.com\/revista\/wp-content\/uploads\/2025\/01\/ninnke-zapatos.webp\" class=\"attachment-large size-large wp-image-20421\" alt=\"Zapatos de tac\u00f3n dorados y pantalones blancos casuales con blusa azul claro, sentada en una silla en una tienda de zapatos con exhibici\u00f3n de sandalias y gafas en el fondo.\" srcset=\"https:\/\/soymigrante.com\/revista\/wp-content\/uploads\/2025\/01\/ninnke-zapatos.webp 960w, https:\/\/soymigrante.com\/revista\/wp-content\/uploads\/2025\/01\/ninnke-zapatos-300x300.jpg 300w, https:\/\/soymigrante.com\/revista\/wp-content\/uploads\/2025\/01\/ninnke-zapatos-150x150.jpg 150w, https:\/\/soymigrante.com\/revista\/wp-content\/uploads\/2025\/01\/ninnke-zapatos-768x768.jpg 768w, https:\/\/soymigrante.com\/revista\/wp-content\/uploads\/2025\/01\/ninnke-zapatos-75x75.webp 75w, https:\/\/soymigrante.com\/revista\/wp-content\/uploads\/2025\/01\/ninnke-zapatos-750x750.webp 750w\" sizes=\"(max-width: 960px) 100vw, 960px\" \/>\n            <\/div>\n        <\/div><div class=\"eael-entry-wrapper\"><header class=\"eael-entry-header\"><h2 class=\"eael-entry-title\"><a class=\"eael-grid-post-link\" href=\"https:\/\/soymigrante.com\/revista\/calzado-ninnke-nacio-del-amor-de-una-mama-y-la-pasion-por-crear-un-estilo-unico\/\" title=\"Calzado Ninnke naci\u00f3 del amor de una mam\u00e1 y la pasi\u00f3n por crear un estilo \u00fanico: ahora est\u00e1 en MERCADO\">Calzado Ninnke naci\u00f3 del amor de una mam\u00e1 y la pasi\u00f3n por crear un estilo \u00fanico: ahora est\u00e1 en MERCADO<\/a><\/h2><\/header><div class=\"eael-entry-content\">\n                        <div class=\"eael-grid-post-excerpt\"><p>Ninnke Calzado crea estilos originales, dise\u00f1ados por la emprendedora guatemalteca Mar\u00eda &#8220;Toni&#8221; Jer\u00f3nimo en San Miguel Petapa. Abri\u00f3 su tienda digital en SoyMigrante.com MERCADO y te contamos c\u00f3mo naci\u00f3 este proyecto que va en muy buenos pasos. &#8220;Cuando mi hija era peque\u00f1a, ten\u00eda su pie un poco ancho y los...<\/p><a href=\"https:\/\/soymigrante.com\/revista\/calzado-ninnke-nacio-del-amor-de-una-mama-y-la-pasion-por-crear-un-estilo-unico\/\" class=\"eael-post-elements-readmore-btn\">CONOCE LA HISTORIA DETR\u00c1S DEL EMPRENDIMIENTO<\/a><\/div>\n                    <\/div><\/div><\/div>\n        <\/div>\n    <\/article><article class=\"eael-grid-post  eael-post-grid-column eael-pg-post-16441 category-guate-nuestra tags-mercado-emprendedores\" data-id=\"16441\">\n        <div class=\"eael-grid-post-holder\">\n            <div class=\"eael-grid-post-holder-inner\"><div class=\"eael-entry-media\"><div class=\"eael-entry-overlay fade-in\"><i class=\"far fa-hand-pointer\" aria-hidden=\"true\"><\/i><a href=\"https:\/\/soymigrante.com\/revista\/candeleria-san-miguel-un-legado-familiar-iluminado-por-la-devocion\/\"><\/a><\/div><div class=\"eael-entry-thumbnail eael-image-ratio\">\n                <img decoding=\"async\" width=\"829\" height=\"829\" src=\"https:\/\/soymigrante.com\/revista\/wp-content\/uploads\/2024\/12\/CANDELERIA-SAN-MIGUEL-8.webp\" class=\"attachment-large size-large wp-image-16492\" alt=\"Exposici\u00f3n de velas artesanales en un puesto de mercado, mostrando la variedad de colores y dise\u00f1os, en un contexto de comunidad migrante en M\u00e9xico.\" srcset=\"https:\/\/soymigrante.com\/revista\/wp-content\/uploads\/2024\/12\/CANDELERIA-SAN-MIGUEL-8.webp 829w, https:\/\/soymigrante.com\/revista\/wp-content\/uploads\/2024\/12\/CANDELERIA-SAN-MIGUEL-8-300x300.jpeg 300w, https:\/\/soymigrante.com\/revista\/wp-content\/uploads\/2024\/12\/CANDELERIA-SAN-MIGUEL-8-150x150.jpeg 150w, https:\/\/soymigrante.com\/revista\/wp-content\/uploads\/2024\/12\/CANDELERIA-SAN-MIGUEL-8-768x768.jpeg 768w, https:\/\/soymigrante.com\/revista\/wp-content\/uploads\/2024\/12\/CANDELERIA-SAN-MIGUEL-8-75x75.webp 75w, https:\/\/soymigrante.com\/revista\/wp-content\/uploads\/2024\/12\/CANDELERIA-SAN-MIGUEL-8-750x750.webp 750w\" sizes=\"(max-width: 829px) 100vw, 829px\" \/>\n            <\/div>\n        <\/div><div class=\"eael-entry-wrapper\"><header class=\"eael-entry-header\"><h2 class=\"eael-entry-title\"><a class=\"eael-grid-post-link\" href=\"https:\/\/soymigrante.com\/revista\/candeleria-san-miguel-un-legado-familiar-iluminado-por-la-devocion\/\" title=\"Candeler\u00eda San Miguel: Un legado  familiar de amor y trabajo iluminado por la devoci\u00f3n\">Candeler\u00eda San Miguel: Un legado  familiar de amor y trabajo iluminado por la devoci\u00f3n<\/a><\/h2><\/header><div class=\"eael-entry-content\">\n                        <div class=\"eael-grid-post-excerpt\"><p>En tres d\u00e9cadas de tradici\u00f3n, candeler\u00eda San Miguel se ha consolidado como un negocio familiar que no solo ofrece productos de calidad, sino tambi\u00e9n un v\u00ednculo profundo con las tradiciones y la fe. Conoce la historia de este emprendimiento que ahora forma parte de SoyMigrante.com MERCADO. La luz de las...<\/p><a href=\"https:\/\/soymigrante.com\/revista\/candeleria-san-miguel-un-legado-familiar-iluminado-por-la-devocion\/\" class=\"eael-post-elements-readmore-btn\">CONOCE LA HISTORIA DETR\u00c1S DEL EMPRENDIMIENTO<\/a><\/div>\n                    <\/div><\/div><\/div>\n        <\/div>\n    <\/article><article class=\"eael-grid-post  eael-post-grid-column eael-pg-post-21003 category-guate-nuestra tags-mercado-emprendedores\" data-id=\"21003\">\n        <div class=\"eael-grid-post-holder\">\n            <div class=\"eael-grid-post-holder-inner\"><div class=\"eael-entry-media\"><div class=\"eael-entry-overlay fade-in\"><i class=\"far fa-hand-pointer\" aria-hidden=\"true\"><\/i><a href=\"https:\/\/soymigrante.com\/revista\/bolsas-pulseras-y-collares-raices-surgen-con-la-creatividad-y-amor-familiar-de-silvia-flores\/\"><\/a><\/div><div class=\"eael-entry-thumbnail eael-image-ratio\">\n                <img loading=\"lazy\" decoding=\"async\" width=\"721\" height=\"721\" src=\"https:\/\/soymigrante.com\/revista\/wp-content\/uploads\/2025\/01\/silvia-patricia-raices-1.webp\" class=\"attachment-large size-large wp-image-21004\" alt=\"Artesan\u00edas y joyer\u00eda de migrantes en exclusivo mercado con enfoque en cultura y tradici\u00f3n.\" srcset=\"https:\/\/soymigrante.com\/revista\/wp-content\/uploads\/2025\/01\/silvia-patricia-raices-1.webp 721w, https:\/\/soymigrante.com\/revista\/wp-content\/uploads\/2025\/01\/silvia-patricia-raices-1-300x300.jpg 300w, https:\/\/soymigrante.com\/revista\/wp-content\/uploads\/2025\/01\/silvia-patricia-raices-1-150x150.jpg 150w, https:\/\/soymigrante.com\/revista\/wp-content\/uploads\/2025\/01\/silvia-patricia-raices-1-75x75.webp 75w\" sizes=\"(max-width: 721px) 100vw, 721px\" \/>\n            <\/div>\n        <\/div><div class=\"eael-entry-wrapper\"><header class=\"eael-entry-header\"><h2 class=\"eael-entry-title\"><a class=\"eael-grid-post-link\" href=\"https:\/\/soymigrante.com\/revista\/bolsas-pulseras-y-collares-raices-surgen-con-la-creatividad-y-amor-familiar-de-silvia-flores\/\" title=\"Bolsas, pulseras y collares Ra\u00edces surgen con la creatividad y amor familiar de Silvia Flores\">Bolsas, pulseras y collares Ra\u00edces surgen con la creatividad y amor familiar de Silvia Flores<\/a><\/h2><\/header><div class=\"eael-entry-content\">\n                        <div class=\"eael-grid-post-excerpt\"><p>Silvia Patricia Flores aprendi\u00f3 a coser a los 10 a\u00f1os, por una urgencia escolar. Nunca imagin\u00f3 entonces que aquella habilidad se convertir\u00eda en una de las claves de su emprendimiento Ra\u00edces, cuya tienda digital est\u00e1 en SoyMigrante.com MERCADO. &#8220;Cuando me pongo a elaborar pulseras o collares, a veces ya traigo...<\/p><a href=\"https:\/\/soymigrante.com\/revista\/bolsas-pulseras-y-collares-raices-surgen-con-la-creatividad-y-amor-familiar-de-silvia-flores\/\" class=\"eael-post-elements-readmore-btn\">CONOCE LA HISTORIA DETR\u00c1S DEL EMPRENDIMIENTO<\/a><\/div>\n                    <\/div><\/div><\/div>\n        <\/div>\n    <\/article><article class=\"eael-grid-post  eael-post-grid-column eael-pg-post-10683 category-guate-nuestra tags-mercado-emprendedores\" data-id=\"10683\">\n        <div class=\"eael-grid-post-holder\">\n            <div class=\"eael-grid-post-holder-inner\"><div class=\"eael-entry-media\"><div class=\"eael-entry-overlay fade-in\"><i class=\"far fa-hand-pointer\" aria-hidden=\"true\"><\/i><a href=\"https:\/\/soymigrante.com\/revista\/tejido-con-el-mismo-carino-de-la-abuelita-el-emprendimiento-crochet-con-amor\/\"><\/a><\/div><div class=\"eael-entry-thumbnail eael-image-ratio\">\n                <img loading=\"lazy\" decoding=\"async\" width=\"670\" height=\"661\" src=\"https:\/\/soymigrante.com\/revista\/wp-content\/uploads\/2024\/10\/crochet-con-amor-2.webp\" class=\"attachment-large size-large wp-image-10687\" alt=\"Vocales de flores en maceteros tejidos a mano, exposici\u00f3n de artesanalidades durante evento cultural, artistas creando obras de arte en crochet, mercado de artesan\u00edas tradicionales, t\u00e9cnicas de tejido en lana natural, eventos culturales en SoyMigrante.com REVISTA.\" srcset=\"https:\/\/soymigrante.com\/revista\/wp-content\/uploads\/2024\/10\/crochet-con-amor-2.webp 670w, https:\/\/soymigrante.com\/revista\/wp-content\/uploads\/2024\/10\/crochet-con-amor-2-300x296.webp 300w, https:\/\/soymigrante.com\/revista\/wp-content\/uploads\/2024\/10\/crochet-con-amor-2-75x75.webp 75w\" sizes=\"(max-width: 670px) 100vw, 670px\" \/>\n            <\/div>\n        <\/div><div class=\"eael-entry-wrapper\"><header class=\"eael-entry-header\"><h2 class=\"eael-entry-title\"><a class=\"eael-grid-post-link\" href=\"https:\/\/soymigrante.com\/revista\/tejido-con-el-mismo-carino-de-la-abuelita-el-emprendimiento-crochet-con-amor\/\" title=\"Tejido con el mismo cari\u00f1o de la abuelita: el emprendimiento Crochet con Amor\">Tejido con el mismo cari\u00f1o de la abuelita: el emprendimiento Crochet con Amor<\/a><\/h2><\/header><div class=\"eael-entry-content\">\n                        <div class=\"eael-grid-post-excerpt\"><p>Emprendedora Claudia Garc\u00eda crea art\u00edculos decorativos o utilitarios con aguja, hilo y mucha dedicaci\u00f3n, junto a su socia Lilian Alba. Aprendi\u00f3 de ni\u00f1a con las instrucciones de la abuela Elizabet y ahora busca darse a conocer a trav\u00e9s de SoyMigrante.com\/MERCADO Flores, personajes de caricatura, tapetes con dise\u00f1os, diademas, gorros&#8230;Cualquier figura...<\/p><a href=\"https:\/\/soymigrante.com\/revista\/tejido-con-el-mismo-carino-de-la-abuelita-el-emprendimiento-crochet-con-amor\/\" class=\"eael-post-elements-readmore-btn\">CONOCE LA HISTORIA DETR\u00c1S DEL EMPRENDIMIENTO<\/a><\/div>\n                    <\/div><\/div><\/div>\n        <\/div>\n    <\/article><article class=\"eael-grid-post  eael-post-grid-column eael-pg-post-21664 category-guate-nuestra tags-mercado-emprendedores\" data-id=\"21664\">\n        <div class=\"eael-grid-post-holder\">\n            <div class=\"eael-grid-post-holder-inner\"><div class=\"eael-entry-media\"><div class=\"eael-entry-overlay fade-in\"><i class=\"far fa-hand-pointer\" aria-hidden=\"true\"><\/i><a href=\"https:\/\/soymigrante.com\/revista\/auroras-crafts-la-inspiradora-historia-de-aurora-mejia-y-su-emprendimiento\/\"><\/a><\/div><div class=\"eael-entry-thumbnail eael-image-ratio\">\n                <img loading=\"lazy\" decoding=\"async\" width=\"1024\" height=\"1024\" src=\"https:\/\/soymigrante.com\/revista\/wp-content\/uploads\/2025\/01\/auroras-grafts-6-1024x1024.jpg\" class=\"attachment-large size-large wp-image-21708\" alt=\"Mural de flores decorativas en tonos pastel, conrecipiente de cesto r\u00fastico y decorativo, en fondo de madera oscura, arte floral para decoraci\u00f3n de interiores, estilo natural y elegante, para espacios acogedores y c\u00e1lidos.\" srcset=\"https:\/\/soymigrante.com\/revista\/wp-content\/uploads\/2025\/01\/auroras-grafts-6-1024x1024.jpg 1024w, https:\/\/soymigrante.com\/revista\/wp-content\/uploads\/2025\/01\/auroras-grafts-6-300x300.jpg 300w, https:\/\/soymigrante.com\/revista\/wp-content\/uploads\/2025\/01\/auroras-grafts-6-150x150.jpg 150w, https:\/\/soymigrante.com\/revista\/wp-content\/uploads\/2025\/01\/auroras-grafts-6-768x768.jpg 768w, https:\/\/soymigrante.com\/revista\/wp-content\/uploads\/2025\/01\/auroras-grafts-6-75x75.webp 75w, https:\/\/soymigrante.com\/revista\/wp-content\/uploads\/2025\/01\/auroras-grafts-6-750x750.webp 750w, https:\/\/soymigrante.com\/revista\/wp-content\/uploads\/2025\/01\/auroras-grafts-6-1140x1140.webp 1140w, https:\/\/soymigrante.com\/revista\/wp-content\/uploads\/2025\/01\/auroras-grafts-6.webp 1377w\" sizes=\"(max-width: 1024px) 100vw, 1024px\" \/>\n            <\/div>\n        <\/div><div class=\"eael-entry-wrapper\"><header class=\"eael-entry-header\"><h2 class=\"eael-entry-title\"><a class=\"eael-grid-post-link\" href=\"https:\/\/soymigrante.com\/revista\/auroras-crafts-la-inspiradora-historia-de-aurora-mejia-y-su-emprendimiento\/\" title=\"Aurora&#8217;s Crafts: cuadros elaborados con materias naturales por manos muy laboriosas\">Aurora&#8217;s Crafts: cuadros elaborados con materias naturales por manos muy laboriosas<\/a><\/h2><\/header><div class=\"eael-entry-content\">\n                        <div class=\"eael-grid-post-excerpt\"><p>Aurora Mej\u00eda, la creadora de Aurora&#8217;s Crafts, es un ejemplo vivo de c\u00f3mo las adversidades pueden transformarse en avances. Esta es la historia detr\u00e1s de este emprendimiento de cuadros ecol\u00f3gicos, presente en SoyMigrante.com MERCADO. Originaria de Aguacat\u00e1n, Huehuetenango,\u00a0 Aurora Mej\u00eda ha sido un testimonio de perseverancia y fe. Recuerda que...<\/p><a href=\"https:\/\/soymigrante.com\/revista\/auroras-crafts-la-inspiradora-historia-de-aurora-mejia-y-su-emprendimiento\/\" class=\"eael-post-elements-readmore-btn\">CONOCE LA HISTORIA DETR\u00c1S DEL EMPRENDIMIENTO<\/a><\/div>\n                    <\/div><\/div><\/div>\n        <\/div>\n    <\/article><article class=\"eael-grid-post  eael-post-grid-column eael-pg-post-23097 category-guate-nuestra tags-mercado-emprendedores\" data-id=\"23097\">\n        <div class=\"eael-grid-post-holder\">\n            <div class=\"eael-grid-post-holder-inner\"><div class=\"eael-entry-media\"><div class=\"eael-entry-overlay fade-in\"><i class=\"far fa-hand-pointer\" aria-hidden=\"true\"><\/i><a href=\"https:\/\/soymigrante.com\/revista\/mafer-jimenez-escritora-voluntad-guatemalteca-libros-motivacion-mercado\/\"><\/a><\/div><div class=\"eael-entry-thumbnail eael-image-ratio\">\n                <img loading=\"lazy\" decoding=\"async\" width=\"1024\" height=\"1024\" src=\"https:\/\/soymigrante.com\/revista\/wp-content\/uploads\/2025\/01\/MAFER-JIMENEZ-1-1024x1024.jpg\" class=\"attachment-large size-large wp-image-23161\" alt=\"\u00e1rea de personas con discapacidad mostrando libros de la revista SoyMigrante.com REVISTA en una rueda de personas con discapacidad, promoviendo derechos e inclusi\u00f3n en temas migratorios en M\u00e9xico.\" srcset=\"https:\/\/soymigrante.com\/revista\/wp-content\/uploads\/2025\/01\/MAFER-JIMENEZ-1-1024x1024.jpg 1024w, https:\/\/soymigrante.com\/revista\/wp-content\/uploads\/2025\/01\/MAFER-JIMENEZ-1-300x300.jpg 300w, https:\/\/soymigrante.com\/revista\/wp-content\/uploads\/2025\/01\/MAFER-JIMENEZ-1-150x150.jpg 150w, https:\/\/soymigrante.com\/revista\/wp-content\/uploads\/2025\/01\/MAFER-JIMENEZ-1-768x768.jpg 768w, https:\/\/soymigrante.com\/revista\/wp-content\/uploads\/2025\/01\/MAFER-JIMENEZ-1-75x75.webp 75w, https:\/\/soymigrante.com\/revista\/wp-content\/uploads\/2025\/01\/MAFER-JIMENEZ-1-750x750.webp 750w, https:\/\/soymigrante.com\/revista\/wp-content\/uploads\/2025\/01\/MAFER-JIMENEZ-1-1140x1140.webp 1140w, https:\/\/soymigrante.com\/revista\/wp-content\/uploads\/2025\/01\/MAFER-JIMENEZ-1.webp 1308w\" sizes=\"(max-width: 1024px) 100vw, 1024px\" \/>\n            <\/div>\n        <\/div><div class=\"eael-entry-wrapper\"><header class=\"eael-entry-header\"><h2 class=\"eael-entry-title\"><a class=\"eael-grid-post-link\" href=\"https:\/\/soymigrante.com\/revista\/mafer-jimenez-escritora-voluntad-guatemalteca-libros-motivacion-mercado\/\" title=\"Mafer Jim\u00e9nez: una mente maravillosa y voluntad sin l\u00edmites. Sus libros ahora est\u00e1n en MERCADO\">Mafer Jim\u00e9nez: una mente maravillosa y voluntad sin l\u00edmites. Sus libros ahora est\u00e1n en MERCADO<\/a><\/h2><\/header><div class=\"eael-entry-content\">\n                        <div class=\"eael-grid-post-excerpt\"><p>Mar\u00eda Fernanda Jim\u00e9nez, rompe cualquier limitaci\u00f3n a trav\u00e9s de la escritura. En sus libros para ni\u00f1os y adultos plasma su propio testimonio c\u00f3mo ha vencido barreras para demostrar que no hay imposibles. Mar\u00eda Fernanda Jim\u00e9nez, &#8220;Mafer&#8221; para todos sus muchos amigos, es una mujer so\u00f1adora que ha convertido su historia...<\/p><a href=\"https:\/\/soymigrante.com\/revista\/mafer-jimenez-escritora-voluntad-guatemalteca-libros-motivacion-mercado\/\" class=\"eael-post-elements-readmore-btn\">CONOCE LA HISTORIA DETR\u00c1S DEL EMPRENDIMIENTO<\/a><\/div>\n                    <\/div><\/div><\/div>\n        <\/div>\n    <\/article><article class=\"eael-grid-post  eael-post-grid-column eael-pg-post-15424 category-guate-nuestra tags-mercado-emprendedores\" data-id=\"15424\">\n        <div class=\"eael-grid-post-holder\">\n            <div class=\"eael-grid-post-holder-inner\"><div class=\"eael-entry-media\"><div class=\"eael-entry-overlay fade-in\"><i class=\"far fa-hand-pointer\" aria-hidden=\"true\"><\/i><a href=\"https:\/\/soymigrante.com\/revista\/un-gran-sueno-en-coban-lleno-de-imaginacion-munecas-y-amor-por-la-cultura-maya-qeqchi\/\"><\/a><\/div><div class=\"eael-entry-thumbnail eael-image-ratio\">\n                <img loading=\"lazy\" decoding=\"async\" width=\"685\" height=\"685\" src=\"https:\/\/soymigrante.com\/revista\/wp-content\/uploads\/2024\/12\/munecas-emprendimiento-2.webp\" class=\"attachment-large size-large wp-image-16055\" alt=\"Diversidad cultural en celebraci\u00f3n, figura de mu\u00f1ecos de pareja con trajes tradicionales, representaci\u00f3n art\u00edstica de migrantes en la Revista SoyMigrante, enfatizando la integraci\u00f3n y cultura latinoamericana.\" srcset=\"https:\/\/soymigrante.com\/revista\/wp-content\/uploads\/2024\/12\/munecas-emprendimiento-2.webp 685w, https:\/\/soymigrante.com\/revista\/wp-content\/uploads\/2024\/12\/munecas-emprendimiento-2-300x300.jpg 300w, https:\/\/soymigrante.com\/revista\/wp-content\/uploads\/2024\/12\/munecas-emprendimiento-2-150x150.jpg 150w, https:\/\/soymigrante.com\/revista\/wp-content\/uploads\/2024\/12\/munecas-emprendimiento-2-75x75.webp 75w\" sizes=\"(max-width: 685px) 100vw, 685px\" \/>\n            <\/div>\n        <\/div><div class=\"eael-entry-wrapper\"><header class=\"eael-entry-header\"><h2 class=\"eael-entry-title\"><a class=\"eael-grid-post-link\" href=\"https:\/\/soymigrante.com\/revista\/un-gran-sueno-en-coban-lleno-de-imaginacion-munecas-y-amor-por-la-cultura-maya-qeqchi\/\" title=\"Un gran sue\u00f1o lleno de mu\u00f1ecas, creatividad y amor por la cultura q&#8217;eqchi&#8217; llega a MERCADO\">Un gran sue\u00f1o lleno de mu\u00f1ecas, creatividad y amor por la cultura q&#8217;eqchi&#8217; llega a MERCADO<\/a><\/h2><\/header><div class=\"eael-entry-content\">\n                        <div class=\"eael-grid-post-excerpt\"><p>Desde el coraz\u00f3n de Alta Verapaz, S\u00e9fora Dalila Putul Puac, una emprendedora maya q\u2019eqch\u00ed, transforma mu\u00f1ecas t\u00edpicas en embajadoras culturales. Conoce la historia de Mu\u00f1ecas y T\u00edpicos de Guatemala. En el coraz\u00f3n de Alta Verapaz, S\u00e9fora Dalila Putul Puac, una emprendedora maya q\u2019eqch\u00ed, ha encontrado en las mu\u00f1ecas t\u00edpicas una...<\/p><a href=\"https:\/\/soymigrante.com\/revista\/un-gran-sueno-en-coban-lleno-de-imaginacion-munecas-y-amor-por-la-cultura-maya-qeqchi\/\" class=\"eael-post-elements-readmore-btn\">CONOCE LA HISTORIA DETR\u00c1S DEL EMPRENDIMIENTO<\/a><\/div>\n                    <\/div><\/div><\/div>\n        <\/div>\n    <\/article><article class=\"eael-grid-post  eael-post-grid-column eael-pg-post-18254 category-guate-nuestra tags-mercado-emprendedores\" data-id=\"18254\">\n        <div class=\"eael-grid-post-holder\">\n            <div class=\"eael-grid-post-holder-inner\"><div class=\"eael-entry-media\"><div class=\"eael-entry-overlay fade-in\"><i class=\"far fa-hand-pointer\" aria-hidden=\"true\"><\/i><a href=\"https:\/\/soymigrante.com\/revista\/kemon-collection-tejiendo-suenos-y-conservando-tradiciones-ancestrales\/\"><\/a><\/div><div class=\"eael-entry-thumbnail eael-image-ratio\">\n                <img loading=\"lazy\" decoding=\"async\" width=\"1024\" height=\"1024\" src=\"https:\/\/soymigrante.com\/revista\/wp-content\/uploads\/2024\/12\/kemon-1024x1024.jpg\" class=\"attachment-large size-large wp-image-18269\" alt=\"Artesana mostrando textiles tradicionales en feria de cultura ind\u00edgena en M\u00e9xico.\" srcset=\"https:\/\/soymigrante.com\/revista\/wp-content\/uploads\/2024\/12\/kemon-1024x1024.jpg 1024w, https:\/\/soymigrante.com\/revista\/wp-content\/uploads\/2024\/12\/kemon-300x300.jpg 300w, https:\/\/soymigrante.com\/revista\/wp-content\/uploads\/2024\/12\/kemon-150x150.jpg 150w, https:\/\/soymigrante.com\/revista\/wp-content\/uploads\/2024\/12\/kemon-768x768.jpg 768w, https:\/\/soymigrante.com\/revista\/wp-content\/uploads\/2024\/12\/kemon-75x75.webp 75w, https:\/\/soymigrante.com\/revista\/wp-content\/uploads\/2024\/12\/kemon-750x750.webp 750w, https:\/\/soymigrante.com\/revista\/wp-content\/uploads\/2024\/12\/kemon.webp 1080w\" sizes=\"(max-width: 1024px) 100vw, 1024px\" \/>\n            <\/div>\n        <\/div><div class=\"eael-entry-wrapper\"><header class=\"eael-entry-header\"><h2 class=\"eael-entry-title\"><a class=\"eael-grid-post-link\" href=\"https:\/\/soymigrante.com\/revista\/kemon-collection-tejiendo-suenos-y-conservando-tradiciones-ancestrales\/\" title=\"Kemon Collection: Tejiendo sue\u00f1os y conservando tradiciones ancestrales\">Kemon Collection: Tejiendo sue\u00f1os y conservando tradiciones ancestrales<\/a><\/h2><\/header><div class=\"eael-entry-content\">\n                        <div class=\"eael-grid-post-excerpt\"><p>Desde su taller en Jocotenango, Sacatep\u00e9quez, Eulalia Chonay lidera Kemon Collection, una marca que naci\u00f3 de la necesidad de generar ingresos pero que se ha convertido en puente de oportunidad para tejedoras de San Juan Comalapa, de donde es originaria. Eulalia Chonay, una mujer maya kaqchikel de 33 a\u00f1os, ha...<\/p><a href=\"https:\/\/soymigrante.com\/revista\/kemon-collection-tejiendo-suenos-y-conservando-tradiciones-ancestrales\/\" class=\"eael-post-elements-readmore-btn\">CONOCE LA HISTORIA DETR\u00c1S DEL EMPRENDIMIENTO<\/a><\/div>\n                    <\/div><\/div><\/div>\n        <\/div>\n    <\/article><article class=\"eael-grid-post  eael-post-grid-column eael-pg-post-25877 category-guate-nuestra tags-mercado-emprendedores\" data-id=\"25877\">\n        <div class=\"eael-grid-post-holder\">\n            <div class=\"eael-grid-post-holder-inner\"><div class=\"eael-entry-media\"><div class=\"eael-entry-overlay fade-in\"><i class=\"far fa-hand-pointer\" aria-hidden=\"true\"><\/i><a href=\"https:\/\/soymigrante.com\/revista\/passarella-el-exquisito-sabor-de-pastas-frescas-artesanales-de-tradicion-italiana\/\"><\/a><\/div><div class=\"eael-entry-thumbnail eael-image-ratio\">\n                <img loading=\"lazy\" decoding=\"async\" width=\"1024\" height=\"1024\" src=\"https:\/\/soymigrante.com\/revista\/wp-content\/uploads\/2025\/02\/passarella-pastas-1-1024x1024.jpg\" class=\"attachment-large size-large wp-image-25884\" alt=\"Filenames: pasta-mano-haciendo-espaguetis-frescos.jpg.\" srcset=\"https:\/\/soymigrante.com\/revista\/wp-content\/uploads\/2025\/02\/passarella-pastas-1-1024x1024.jpg 1024w, https:\/\/soymigrante.com\/revista\/wp-content\/uploads\/2025\/02\/passarella-pastas-1-300x300.jpg 300w, https:\/\/soymigrante.com\/revista\/wp-content\/uploads\/2025\/02\/passarella-pastas-1-150x150.jpg 150w, https:\/\/soymigrante.com\/revista\/wp-content\/uploads\/2025\/02\/passarella-pastas-1-768x768.jpg 768w, https:\/\/soymigrante.com\/revista\/wp-content\/uploads\/2025\/02\/passarella-pastas-1-75x75.webp 75w, https:\/\/soymigrante.com\/revista\/wp-content\/uploads\/2025\/02\/passarella-pastas-1-750x750.webp 750w, https:\/\/soymigrante.com\/revista\/wp-content\/uploads\/2025\/02\/passarella-pastas-1-1140x1140.webp 1140w, https:\/\/soymigrante.com\/revista\/wp-content\/uploads\/2025\/02\/passarella-pastas-1.webp 1200w\" sizes=\"(max-width: 1024px) 100vw, 1024px\" \/>\n            <\/div>\n        <\/div><div class=\"eael-entry-wrapper\"><header class=\"eael-entry-header\"><h2 class=\"eael-entry-title\"><a class=\"eael-grid-post-link\" href=\"https:\/\/soymigrante.com\/revista\/passarella-el-exquisito-sabor-de-pastas-frescas-artesanales-de-tradicion-italiana\/\" title=\"Passarella: el exquisito sabor de pastas frescas artesanales de tradici\u00f3n italiana\">Passarella: el exquisito sabor de pastas frescas artesanales de tradici\u00f3n italiana<\/a><\/h2><\/header><div class=\"eael-entry-content\">\n                        <div class=\"eael-grid-post-excerpt\"><p>Pastas frescas Passarella, elaboradas a mano con tradici\u00f3n artesanal italiana es el emprendimiento familiar cuyo sabor se encuentra ahora disponible a trav\u00e9s de SoyMigrante.com MERCADO. Conoce su historia aqu\u00ed. Guatemala es un pa\u00eds donde la gastronom\u00eda se enriquece con platillos, sabores y tradiciones de diversas culturas. La emprendedora Gabriela de...<\/p><a href=\"https:\/\/soymigrante.com\/revista\/passarella-el-exquisito-sabor-de-pastas-frescas-artesanales-de-tradicion-italiana\/\" class=\"eael-post-elements-readmore-btn\">CONOCE LA HISTORIA DETR\u00c1S DEL EMPRENDIMIENTO<\/a><\/div>\n                    <\/div><\/div><\/div>\n        <\/div>\n    <\/article><article class=\"eael-grid-post  eael-post-grid-column eael-pg-post-17805 category-guate-nuestra tags-mercado-emprendedores\" data-id=\"17805\">\n        <div class=\"eael-grid-post-holder\">\n            <div class=\"eael-grid-post-holder-inner\"><div class=\"eael-entry-media\"><div class=\"eael-entry-overlay fade-in\"><i class=\"far fa-hand-pointer\" aria-hidden=\"true\"><\/i><a href=\"https:\/\/soymigrante.com\/revista\/rosasyg-un-emprendimiento-de-acatenango-que-convierte-la-tradicion-en-arte-con-sus-carteras-y-canastas\/\"><\/a><\/div><div class=\"eael-entry-thumbnail eael-image-ratio\">\n                <img loading=\"lazy\" decoding=\"async\" width=\"1024\" height=\"1024\" src=\"https:\/\/soymigrante.com\/revista\/wp-content\/uploads\/2024\/12\/ROSAS-Y-G-1024x1024.png\" class=\"attachment-large size-large wp-image-30660\" alt=\"Artesan\u00eda de bolsas en tela con dise\u00f1os tradicionales mexicanos, promoviendo la cultura y el arte en comunidades ind\u00edgenas, destacando la creatividad y el comercio justo en M\u00e9xico.\" srcset=\"https:\/\/soymigrante.com\/revista\/wp-content\/uploads\/2024\/12\/ROSAS-Y-G-1024x1024.png 1024w, https:\/\/soymigrante.com\/revista\/wp-content\/uploads\/2024\/12\/ROSAS-Y-G-300x300.png 300w, https:\/\/soymigrante.com\/revista\/wp-content\/uploads\/2024\/12\/ROSAS-Y-G-150x150.png 150w, https:\/\/soymigrante.com\/revista\/wp-content\/uploads\/2024\/12\/ROSAS-Y-G-768x768.png 768w, https:\/\/soymigrante.com\/revista\/wp-content\/uploads\/2024\/12\/ROSAS-Y-G-75x75.webp 75w, https:\/\/soymigrante.com\/revista\/wp-content\/uploads\/2024\/12\/ROSAS-Y-G-750x750.webp 750w, https:\/\/soymigrante.com\/revista\/wp-content\/uploads\/2024\/12\/ROSAS-Y-G.webp 1080w\" sizes=\"(max-width: 1024px) 100vw, 1024px\" \/>\n            <\/div>\n        <\/div><div class=\"eael-entry-wrapper\"><header class=\"eael-entry-header\"><h2 class=\"eael-entry-title\"><a class=\"eael-grid-post-link\" href=\"https:\/\/soymigrante.com\/revista\/rosasyg-un-emprendimiento-de-acatenango-que-convierte-la-tradicion-en-arte-con-sus-carteras-y-canastas\/\" title=\"Rosa&#8217;syG, un emprendimiento de Acatenango que convierte la tradici\u00f3n en arte con sus carteras y canastas\">Rosa&#8217;syG, un emprendimiento de Acatenango que convierte la tradici\u00f3n en arte con sus carteras y canastas<\/a><\/h2><\/header><div class=\"eael-entry-content\">\n                        <div class=\"eael-grid-post-excerpt\"><p>Rosa Mar\u00eda Turcios transform\u00f3 su talento artesanal en un negocio prometedor: Rosa&#8217;syG. Desde canastas hasta elegantes carteras hechas a mano, su iniciativa resalta el valor del trabajo creativo y comunitario. Conoce el emprenidimiento en SoyMigrante.com MERCADO Rosa Mar\u00eda Turcios, una madre emprendedora de Acatenango, convirti\u00f3 un curso municipal de elaboraci\u00f3n...<\/p><a href=\"https:\/\/soymigrante.com\/revista\/rosasyg-un-emprendimiento-de-acatenango-que-convierte-la-tradicion-en-arte-con-sus-carteras-y-canastas\/\" class=\"eael-post-elements-readmore-btn\">CONOCE LA HISTORIA DETR\u00c1S DEL EMPRENDIMIENTO<\/a><\/div>\n                    <\/div><\/div><\/div>\n        <\/div>\n    <\/article><article class=\"eael-grid-post  eael-post-grid-column eael-pg-post-12756 category-guate-nuestra tags-mercado-emprendedores\" data-id=\"12756\">\n        <div class=\"eael-grid-post-holder\">\n            <div class=\"eael-grid-post-holder-inner\"><div class=\"eael-entry-media\"><div class=\"eael-entry-overlay fade-in\"><i class=\"far fa-hand-pointer\" aria-hidden=\"true\"><\/i><a href=\"https:\/\/soymigrante.com\/revista\/granola-del-comal-nacio-del-amor-de-marina-chen-al-esperar-a-su-bebe\/\"><\/a><\/div><div class=\"eael-entry-thumbnail eael-image-ratio\">\n                <img loading=\"lazy\" decoding=\"async\" width=\"1024\" height=\"768\" src=\"https:\/\/soymigrante.com\/revista\/wp-content\/uploads\/2024\/11\/Marina-Chen-y-su-emprendimiento-de-granola-saludable-1-1024x768.jpeg\" class=\"attachment-large size-large wp-image-12758\" alt=\"Artesan\u00eda mexicana, tradiciones culturales, cultura de M\u00e9xico, autodidacta, comunidad ind\u00edgena, belleza cultural.\" \/>\n            <\/div>\n        <\/div><div class=\"eael-entry-wrapper\"><header class=\"eael-entry-header\"><h2 class=\"eael-entry-title\"><a class=\"eael-grid-post-link\" href=\"https:\/\/soymigrante.com\/revista\/granola-del-comal-nacio-del-amor-de-marina-chen-al-esperar-a-su-bebe\/\" title=\"Granola Del Comal naci\u00f3 del amor de Marina Chen al esperar a su beb\u00e9\">Granola Del Comal naci\u00f3 del amor de Marina Chen al esperar a su beb\u00e9<\/a><\/h2><\/header><div class=\"eael-entry-content\">\n                        <div class=\"eael-grid-post-excerpt\"><p>El cuidado de tener una sana nutrici\u00f3n durante su primer embarazo impuls\u00f3 a Marina Chen a buscar una dieta natural. Esto la llev\u00f3 a elaborar su propia receta artesanal de granola, que ahora distribuye bajo su marca Del Comal, disponible ahora a trav\u00e9s de SoyMigrante.com MERCADO &#8220;Soy Gloria Marina Chen...<\/p><a href=\"https:\/\/soymigrante.com\/revista\/granola-del-comal-nacio-del-amor-de-marina-chen-al-esperar-a-su-bebe\/\" class=\"eael-post-elements-readmore-btn\">CONOCE LA HISTORIA DETR\u00c1S DEL EMPRENDIMIENTO<\/a><\/div>\n                    <\/div><\/div><\/div>\n        <\/div>\n    <\/article><article class=\"eael-grid-post  eael-post-grid-column eael-pg-post-12811 category-guate-nuestra tags-mercado-emprendedores\" data-id=\"12811\">\n        <div class=\"eael-grid-post-holder\">\n            <div class=\"eael-grid-post-holder-inner\"><div class=\"eael-entry-media\"><div class=\"eael-entry-overlay fade-in\"><i class=\"far fa-hand-pointer\" aria-hidden=\"true\"><\/i><a href=\"https:\/\/soymigrante.com\/revista\/arte-kat-aretes-y-accesorios-originales-elaborados-con-hilos-semillas-pero-sobre-todo-con-amor\/\"><\/a><\/div><div class=\"eael-entry-thumbnail eael-image-ratio\">\n                <img loading=\"lazy\" decoding=\"async\" width=\"458\" height=\"458\" src=\"https:\/\/soymigrante.com\/revista\/wp-content\/uploads\/2024\/11\/arte-kat-feature.webp\" class=\"attachment-large size-large wp-image-12816\" alt=\"Colar de cuentas de colores con dise\u00f1o tradicional, usado en trajes folcl\u00f3ricos, simboliza la cultura y la identidad de comunidades ind\u00edgenas en Latinoam\u00e9rica.\" srcset=\"https:\/\/soymigrante.com\/revista\/wp-content\/uploads\/2024\/11\/arte-kat-feature.webp 458w, https:\/\/soymigrante.com\/revista\/wp-content\/uploads\/2024\/11\/arte-kat-feature-300x300.webp 300w, https:\/\/soymigrante.com\/revista\/wp-content\/uploads\/2024\/11\/arte-kat-feature-150x150.webp 150w, https:\/\/soymigrante.com\/revista\/wp-content\/uploads\/2024\/11\/arte-kat-feature-75x75.webp 75w\" sizes=\"(max-width: 458px) 100vw, 458px\" \/>\n            <\/div>\n        <\/div><div class=\"eael-entry-wrapper\"><header class=\"eael-entry-header\"><h2 class=\"eael-entry-title\"><a class=\"eael-grid-post-link\" href=\"https:\/\/soymigrante.com\/revista\/arte-kat-aretes-y-accesorios-originales-elaborados-con-hilos-semillas-pero-sobre-todo-con-amor\/\" title=\"Arte K\u00b4at: aretes y accesorios originales elaborados con hilos, semillas, pero sobre todo con amor\">Arte K\u00b4at: aretes y accesorios originales elaborados con hilos, semillas, pero sobre todo con amor<\/a><\/h2><\/header><div class=\"eael-entry-content\">\n                        <div class=\"eael-grid-post-excerpt\"><p>Arte K\u00b4at es un original emprendimiento de joyer\u00eda textil creado por Edna Ang\u00e9lica Serech, originaria de San Juan Comalapa, Chimaltenango, que ofrece m\u00e1s de 200 estilos los cuales son elaborados cuidadosamente a mano por su dise\u00f1adora desde hace 15 a\u00f1os. El nombre de Arte Kat se deriva de la palabra...<\/p><a href=\"https:\/\/soymigrante.com\/revista\/arte-kat-aretes-y-accesorios-originales-elaborados-con-hilos-semillas-pero-sobre-todo-con-amor\/\" class=\"eael-post-elements-readmore-btn\">CONOCE LA HISTORIA DETR\u00c1S DEL EMPRENDIMIENTO<\/a><\/div>\n                    <\/div><\/div><\/div>\n        <\/div>\n    <\/article><\/div>\n            <div class=\"clearfix\"><\/div>\n        <\/div>\t\t\t\t<\/div>\n\t\t\t\t\t<\/div>\n\t\t\t\t<\/div>\n\t\t<div data-particle_enable=\"false\" data-particle-mobile-disabled=\"false\" class=\"elementor-element elementor-element-22bc7c0 e-flex e-con-boxed e-con e-parent\" data-id=\"22bc7c0\" data-element_type=\"container\" data-e-type=\"container\">\n\t\t\t\t\t<div class=\"e-con-inner\">\n\t\t\t\t<div class=\"elementor-element elementor-element-3ff2d4c elementor-widget elementor-widget-heading\" data-id=\"3ff2d4c\" data-element_type=\"widget\" data-e-type=\"widget\" data-widget_type=\"heading.default\">\n\t\t\t\t\t<h2 class=\"elementor-heading-title elementor-size-default\">Guatemala es incre\u00edble y maravillosa por su gente<\/h2>\t\t\t\t<\/div>\n\t\t\t\t\t<\/div>\n\t\t\t\t<\/div>\n\t\t<div data-particle_enable=\"false\" data-particle-mobile-disabled=\"false\" class=\"elementor-element elementor-element-cf0f265 e-flex e-con-boxed e-con e-parent\" data-id=\"cf0f265\" data-element_type=\"container\" data-e-type=\"container\">\n\t\t\t\t\t<div class=\"e-con-inner\">\n\t\t\t\t<div class=\"elementor-element elementor-element-6f873eb elementor-widget elementor-widget-blfe-post-grid\" data-id=\"6f873eb\" data-element_type=\"widget\" data-e-type=\"widget\" data-settings=\"{&quot;columns&quot;:&quot;3&quot;,&quot;columns_tablet&quot;:&quot;6&quot;,&quot;columns_mobile&quot;:&quot;12&quot;,&quot;hero1_layout_column_gap&quot;:{&quot;unit&quot;:&quot;px&quot;,&quot;size&quot;:30,&quot;sizes&quot;:[]},&quot;hero1_layout_column_gap_tablet&quot;:{&quot;unit&quot;:&quot;px&quot;,&quot;size&quot;:&quot;&quot;,&quot;sizes&quot;:[]},&quot;hero1_layout_column_gap_mobile&quot;:{&quot;unit&quot;:&quot;px&quot;,&quot;size&quot;:&quot;&quot;,&quot;sizes&quot;:[]},&quot;hero1_layout_row_gap&quot;:{&quot;unit&quot;:&quot;px&quot;,&quot;size&quot;:30,&quot;sizes&quot;:[]},&quot;hero1_layout_row_gap_tablet&quot;:{&quot;unit&quot;:&quot;px&quot;,&quot;size&quot;:&quot;&quot;,&quot;sizes&quot;:[]},&quot;hero1_layout_row_gap_mobile&quot;:{&quot;unit&quot;:&quot;px&quot;,&quot;size&quot;:&quot;&quot;,&quot;sizes&quot;:[]}}\" data-widget_type=\"blfe-post-grid.hero1\">\n\t\t\t\t<div class=\"elementor-widget-container\">\n\t\t\t\t\t\n                        <div class=\"blfe-post-grid-container \">\n            \n                <div data-skin=\"hero1\" class=\"blfe-row blfe-posts-inner blfe-hero1 blfe-posts-inner blfe-col-3 blfe-col-tab-6 blfe-col-mob-12     \">\n                            <div class=\"blfe-post-grid-item\">\n            <div class=\"blfe-post-grid-item-inner blfe-modern-zoom\">\n                        <div class=\"blfe-post-grid-bg-image\">\n            <a class=\"blfe-post-grid-image-inner\" href=\"https:\/\/soymigrante.com\/revista\/pueblo-xinka-esta-vivo-y-presente-en-el-suroriente-guatemalteco\/\" title=\"Pueblo Xinka est\u00e1 vivo y presente en el suroriente guatemalteco\" rel=\"nofollow\" target=\"_blank\"><img decoding=\"async\" src=\"https:\/\/soymigrante.com\/revista\/wp-content\/uploads\/2024\/09\/xincas.webp\" alt=\"Pueblo Xinka est\u00e1 vivo y presente en el suroriente guatemalteco\"\/><\/a>        <\/div>\n                        <div class=\"blfe-post-grid-details\">\n                    <div class=\"blfe-post-grid-details-inner\">\n                        <span class=\"blfe-post-category\"><a href=\"https:\/\/soymigrante.com\/revista\/category\/guate-nuestra\/pueblos-de-guatemala\/\">Pueblos de Guatemala<\/a><\/span>                        <h3 class=\"blfe-post-grid-title\">\n            <a href=\"https:\/\/soymigrante.com\/revista\/pueblo-xinka-esta-vivo-y-presente-en-el-suroriente-guatemalteco\/\" title=\"Pueblo Xinka est\u00e1 vivo y presente en el suroriente guatemalteco\" rel=\"nofollow\" target=\"_blank\">Pueblo Xinka est\u00e1 vivo y presente en el suroriente guatemalteco<\/a>\n            <\/h3>                                                            <div class=\"blfe-post-grid-meta\">\n                <span class=\"blfe-post-grid-time\"><i class=\"fas fa-book-reader\"><\/i>10 Min read<\/span>            <\/div>\n                                                        <\/div>\n                <\/div>\n\n            <\/div>\n        <\/div>\n                <div class=\"blfe-post-grid-item\">\n            <div class=\"blfe-post-grid-item-inner blfe-modern-zoom\">\n                        <div class=\"blfe-post-grid-bg-image\">\n            <a class=\"blfe-post-grid-image-inner\" href=\"https:\/\/soymigrante.com\/revista\/pueblo-tzutujil-se-cobija-en-el-lago-atitlan-hace-mas-de-7-siglos\/\" title=\"Pueblo Tz&#8217;utujil lleva m\u00e1s de 700 a\u00f1os en las riberas del  lago de Atitl\u00e1n\" rel=\"nofollow\" target=\"_blank\"><img decoding=\"async\" src=\"https:\/\/soymigrante.com\/revista\/wp-content\/uploads\/2024\/09\/tzutujil-2-1.webp\" alt=\"Pueblo Tz&#8217;utujil lleva m\u00e1s de 700 a\u00f1os en las riberas del  lago de Atitl\u00e1n\"\/><\/a>        <\/div>\n                        <div class=\"blfe-post-grid-details\">\n                    <div class=\"blfe-post-grid-details-inner\">\n                        <span class=\"blfe-post-category\"><a href=\"https:\/\/soymigrante.com\/revista\/category\/guate-nuestra\/pueblos-de-guatemala\/\">Pueblos de Guatemala<\/a><\/span>                        <h3 class=\"blfe-post-grid-title\">\n            <a href=\"https:\/\/soymigrante.com\/revista\/pueblo-tzutujil-se-cobija-en-el-lago-atitlan-hace-mas-de-7-siglos\/\" title=\"Pueblo Tz&#8217;utujil lleva m\u00e1s de 700 a\u00f1os en las riberas del  lago de Atitl\u00e1n\" rel=\"nofollow\" target=\"_blank\">Pueblo Tz&#8217;utujil lleva m\u00e1s de 700 a\u00f1os en las riberas del  lago de Atitl\u00e1n<\/a>\n            <\/h3>                                                            <div class=\"blfe-post-grid-meta\">\n                <span class=\"blfe-post-grid-time\"><i class=\"fas fa-book-reader\"><\/i>5 Min read<\/span>            <\/div>\n                                                        <\/div>\n                <\/div>\n\n            <\/div>\n        <\/div>\n                <div class=\"blfe-post-grid-item\">\n            <div class=\"blfe-post-grid-item-inner blfe-modern-zoom\">\n                        <div class=\"blfe-post-grid-bg-image\">\n            <a class=\"blfe-post-grid-image-inner\" href=\"https:\/\/soymigrante.com\/revista\/tzunun-tzii-es-el-nombre-prehispanico-del-pueblo-uspanteko-y-su-nahual-es-un-colibri\/\" title=\"Tz&#8217;unun Tziij es el nombre prehisp\u00e1nico del pueblo Uspanteko y su nahual es un colibr\u00ed\" rel=\"nofollow\" target=\"_blank\"><img decoding=\"async\" src=\"https:\/\/soymigrante.com\/revista\/wp-content\/uploads\/2024\/09\/uspanteko.webp\" alt=\"Tz&#8217;unun Tziij es el nombre prehisp\u00e1nico del pueblo Uspanteko y su nahual es un colibr\u00ed\"\/><\/a>        <\/div>\n                        <div class=\"blfe-post-grid-details\">\n                    <div class=\"blfe-post-grid-details-inner\">\n                        <span class=\"blfe-post-category\"><a href=\"https:\/\/soymigrante.com\/revista\/category\/guate-nuestra\/pueblos-de-guatemala\/\">Pueblos de Guatemala<\/a><\/span>                        <h3 class=\"blfe-post-grid-title\">\n            <a href=\"https:\/\/soymigrante.com\/revista\/tzunun-tzii-es-el-nombre-prehispanico-del-pueblo-uspanteko-y-su-nahual-es-un-colibri\/\" title=\"Tz&#8217;unun Tziij es el nombre prehisp\u00e1nico del pueblo Uspanteko y su nahual es un colibr\u00ed\" rel=\"nofollow\" target=\"_blank\">Tz&#8217;unun Tziij es el nombre prehisp\u00e1nico del pueblo Uspanteko y su nahual es un colibr\u00ed<\/a>\n            <\/h3>                                                            <div class=\"blfe-post-grid-meta\">\n                <span class=\"blfe-post-grid-time\"><i class=\"fas fa-book-reader\"><\/i>7 Min read<\/span>            <\/div>\n                                                        <\/div>\n                <\/div>\n\n            <\/div>\n        <\/div>\n                        <\/div>\n\n                        <\/div>\n            \n                        <div class=\"blfe-post-footer\">\n                        <\/div>\n            \t\t\t\t<\/div>\n\t\t\t\t<\/div>\n\t\t\t\t\t<\/div>\n\t\t\t\t<\/div>\n\t\t\t\t<\/div>\n\t\t","protected":false},"excerpt":{"rendered":"<p>Emprendimientos liderados por mujeres ya tienen su tienda digital abierta en SoyMigrante.com MERCADO en donde ofrece sus productos a toda Guatemala. Detr\u00e1s de cada una de estas propuestas de negoico hay historias de valor, acci\u00f3n y grandes esperanzas. En Guatemala viven, seg\u00fan el censo de poblaci\u00f3n, unas 7.67 millones\u00a0de mujeres, de las cuales unas\u00a03.2 millones [&hellip;]<\/p>\n","protected":false},"author":7,"featured_media":27399,"comment_status":"open","ping_status":"open","sticky":false,"template":"","format":"standard","meta":{"_acf_changed":false,"_eb_attr":"","footnotes":""},"categories":[58],"tags":[],"class_list":["post-27398","post","type-post","status-publish","format-standard","has-post-thumbnail","hentry","category-guate-nuestra"],"acf":[],"aioseo_notices":[],"aioseo_head":"\n\t\t<!-- All in One SEO Pro 4.9.6.2 - aioseo.com -->\n\t<meta name=\"description\" content=\"Esta comunidad tiene 4,909 habitantes repartidos en el municipio de Uspant\u00e1n, Quich\u00e9 y parte de Chicam\u00e1n. Durante la conquista plantaron f\u00e9rrea resistencia.\" \/>\n\t<meta name=\"robots\" content=\"max-snippet:-1, max-image-preview:large, max-video-preview:-1\" \/>\n\t<meta name=\"author\" content=\"Edwin Castro\"\/>\n\t<link rel=\"canonical\" href=\"https:\/\/soymigrante.com\/revista\/tzunun-tzii-es-el-nombre-prehispanico-del-pueblo-uspanteko-y-su-nahual-es-un-colibri\/\" \/>\n\t<meta name=\"generator\" content=\"All in One SEO Pro (AIOSEO) 4.9.6.2\" \/>\n\n\t\t<link rel=\"preconnect\" href=\"https:\/\/fonts.googleapis.com\" crossorigin>\n<link rel=\"preconnect\" href=\"https:\/\/fonts.gstatic.com\" crossorigin>\n\t\t<meta property=\"og:locale\" content=\"es_ES\" \/>\n\t\t<meta property=\"og:site_name\" content=\"SoyMigrante.com REVISTA \u2013 Nuestra misi\u00f3n es reconocer y dignificar al migrante.\" \/>\n\t\t<meta property=\"og:type\" content=\"article\" \/>\n\t\t<meta property=\"og:title\" content=\"Pueblo Uspanteko: un gorri\u00f3n simboliza su af\u00e1n de libertad\" \/>\n\t\t<meta property=\"og:description\" content=\"Esta comunidad tiene 4,909 habitantes repartidos en el municipio de Uspant\u00e1n, Quich\u00e9 y parte de Chicam\u00e1n. Durante la conquista plantaron f\u00e9rrea resistencia.\" \/>\n\t\t<meta property=\"og:url\" content=\"https:\/\/soymigrante.com\/revista\/tzunun-tzii-es-el-nombre-prehispanico-del-pueblo-uspanteko-y-su-nahual-es-un-colibri\/\" \/>\n\t\t<meta property=\"og:image\" content=\"https:\/\/soymigrante.com\/revista\/wp-content\/uploads\/2024\/09\/uspanteko.webp\" \/>\n\t\t<meta property=\"og:image:secure_url\" content=\"https:\/\/soymigrante.com\/revista\/wp-content\/uploads\/2024\/09\/uspanteko.webp\" \/>\n\t\t<meta property=\"og:image:width\" content=\"1401\" \/>\n\t\t<meta property=\"og:image:height\" content=\"1401\" \/>\n\t\t<meta property=\"article:published_time\" content=\"2024-09-20T17:11:12+00:00\" \/>\n\t\t<meta property=\"article:modified_time\" content=\"2025-09-17T14:05:09+00:00\" \/>\n\t\t<meta property=\"article:publisher\" content=\"https:\/\/www.facebook.com\/soymigrantecom\" \/>\n\t\t<meta name=\"twitter:card\" content=\"summary_large_image\" \/>\n\t\t<meta name=\"twitter:site\" content=\"@SoyMigrante_com\" \/>\n\t\t<meta name=\"twitter:title\" content=\"Pueblo Uspanteko: un gorri\u00f3n simboliza su af\u00e1n de libertad\" \/>\n\t\t<meta name=\"twitter:description\" content=\"Esta comunidad tiene 4,909 habitantes repartidos en el municipio de Uspant\u00e1n, Quich\u00e9 y parte de Chicam\u00e1n. Durante la conquista plantaron f\u00e9rrea resistencia.\" \/>\n\t\t<meta name=\"twitter:creator\" content=\"@SoyMigrante_com\" \/>\n\t\t<meta name=\"twitter:image\" content=\"https:\/\/soymigrante.com\/revista\/wp-content\/uploads\/2024\/09\/uspanteko.webp\" \/>\n\t\t<!-- All in One SEO Pro -->\r\n\t\t<title>Pueblo Uspanteko: un gorri\u00f3n simboliza su af\u00e1n de libertad<\/title>\n\n","aioseo_head_json":{"title":"Pueblo Uspanteko: un gorri\u00f3n simboliza su af\u00e1n de libertad","description":"Esta comunidad tiene 4,909 habitantes repartidos en el municipio de Uspant\u00e1n, Quich\u00e9 y parte de Chicam\u00e1n. Durante la conquista plantaron f\u00e9rrea resistencia.","canonical_url":"https:\/\/soymigrante.com\/revista\/tzunun-tzii-es-el-nombre-prehispanico-del-pueblo-uspanteko-y-su-nahual-es-un-colibri\/","robots":"max-snippet:-1, max-image-preview:large, max-video-preview:-1","keywords":"","webmasterTools":{"miscellaneous":"&lt;link rel=\"preconnect\" href=\"https:\/\/fonts.googleapis.com\" crossorigin&gt;\n&lt;link rel=\"preconnect\" href=\"https:\/\/fonts.gstatic.com\" crossorigin&gt;"},"schema":null,"og:locale":"es_ES","og:site_name":"SoyMigrante.com REVISTA \u2013 Nuestra misi\u00f3n es reconocer y dignificar al migrante.","og:type":"article","og:title":"Pueblo Uspanteko: un gorri\u00f3n simboliza su af\u00e1n de libertad","og:description":"Esta comunidad tiene 4,909 habitantes repartidos en el municipio de Uspant\u00e1n, Quich\u00e9 y parte de Chicam\u00e1n. Durante la conquista plantaron f\u00e9rrea resistencia.","og:url":"https:\/\/soymigrante.com\/revista\/tzunun-tzii-es-el-nombre-prehispanico-del-pueblo-uspanteko-y-su-nahual-es-un-colibri\/","og:image":"https:\/\/soymigrante.com\/revista\/wp-content\/uploads\/2024\/09\/uspanteko.webp","og:image:secure_url":"https:\/\/soymigrante.com\/revista\/wp-content\/uploads\/2024\/09\/uspanteko.webp","og:image:width":1401,"og:image:height":1401,"article:published_time":"2024-09-20T17:11:12+00:00","article:modified_time":"2025-09-17T14:05:09+00:00","article:publisher":"https:\/\/www.facebook.com\/soymigrantecom","twitter:card":"summary_large_image","twitter:site":"@SoyMigrante_com","twitter:title":"Pueblo Uspanteko: un gorri\u00f3n simboliza su af\u00e1n de libertad","twitter:description":"Esta comunidad tiene 4,909 habitantes repartidos en el municipio de Uspant\u00e1n, Quich\u00e9 y parte de Chicam\u00e1n. Durante la conquista plantaron f\u00e9rrea resistencia.","twitter:creator":"@SoyMigrante_com","twitter:image":"https:\/\/soymigrante.com\/revista\/wp-content\/uploads\/2024\/09\/uspanteko.webp"},"aioseo_meta_data":{"post_id":"27398","title":"Emprendedoras de MERCADO dan lecciones de amor, ingenio y fe","description":"En el D\u00eda de la Mujer es oportuno resaltar historias detr\u00e1s de emprendimientos liderados por guatemaltecas. Son testimonios de pasi\u00f3n y esfuerzo. Conoce y apoya.","keywords":null,"keyphrases":{"focus":{"keyphrase":"Emprendedoras","score":51,"analysis":{"keyphraseInTitle":{"score":9,"maxScore":9,"error":0},"keyphraseInDescription":{"score":3,"maxScore":9,"error":1},"keyphraseLength":{"score":9,"maxScore":9,"error":0,"length":1},"keyphraseInURL":{"score":5,"maxScore":5,"error":0},"keyphraseInIntroduction":{"score":3,"maxScore":9,"error":1},"keyphraseInSubHeadings":{"score":3,"maxScore":9,"error":1},"keyphraseInImageAlt":{"score":3,"maxScore":9,"error":1},"keywordDensity":{"score":0,"type":"low","maxScore":9,"error":1}}},"additional":[{"keyphrase":"Guatemaltecas","score":53,"analysis":{"keyphraseInDescription":{"score":9,"maxScore":9,"error":0},"keyphraseLength":{"score":9,"maxScore":9,"error":0,"length":1},"keyphraseInIntroduction":{"score":3,"maxScore":9,"error":1},"keyphraseInImageAlt":{"score":3,"maxScore":9,"error":1},"keywordDensity":{"score":0,"type":"low","maxScore":9,"error":1}}},{"keyphrase":"D\u00eda de la Mujer","score":47,"analysis":{"keyphraseInDescription":{"score":9,"maxScore":9,"error":0},"keyphraseLength":{"score":6,"maxScore":9,"error":1,"length":5},"keyphraseInIntroduction":{"score":3,"maxScore":9,"error":1},"keyphraseInImageAlt":{"score":3,"maxScore":9,"error":1},"keywordDensity":{"score":0,"type":"low","maxScore":9,"error":1}}}]},"primary_term":null,"canonical_url":null,"og_title":null,"og_description":null,"og_object_type":"default","og_image_type":"default","og_image_url":null,"og_image_width":null,"og_image_height":null,"og_image_custom_url":null,"og_image_custom_fields":null,"og_video":"","og_custom_url":null,"og_article_section":null,"og_article_tags":null,"twitter_use_og":false,"twitter_card":"default","twitter_image_type":"default","twitter_image_url":null,"twitter_image_custom_url":null,"twitter_image_custom_fields":null,"twitter_title":null,"twitter_description":null,"schema":{"blockGraphs":[],"customGraphs":[],"default":{"data":{"Article":[],"Course":[],"Dataset":[],"FAQPage":[],"Movie":[],"Person":[],"Product":[],"ProductReview":[],"Car":[],"Recipe":[],"Service":[],"SoftwareApplication":[],"WebPage":[]},"graphName":"BlogPosting","isEnabled":true},"graphs":[]},"schema_type":"default","schema_type_options":null,"pillar_content":false,"robots_default":true,"robots_noindex":false,"robots_noarchive":false,"robots_nosnippet":false,"robots_nofollow":false,"robots_noimageindex":false,"robots_noodp":false,"robots_notranslate":false,"robots_max_snippet":"-1","robots_max_videopreview":"-1","robots_max_imagepreview":"large","priority":null,"frequency":"default","local_seo":null,"seo_analyzer_scan_date":"2025-10-09 03:15:15","breadcrumb_settings":null,"limit_modified_date":false,"reviewed_by":null,"open_ai":"{\"title\":{\"suggestions\":[],\"usage\":0},\"description\":{\"suggestions\":[],\"usage\":0}}","ai":null,"created":"2025-03-07 15:26:37","updated":"2026-02-04 22:04:36"},"aioseo_breadcrumb":"<div class=\"aioseo-breadcrumbs\"><span class=\"aioseo-breadcrumb\">\n\t<a href=\"https:\/\/soymigrante.com\/revista\" title=\"Home\">Home<\/a>\n<\/span><span class=\"aioseo-breadcrumb-separator\">\u00bb<\/span><span class=\"aioseo-breadcrumb\">\n\t<a href=\"https:\/\/soymigrante.com\/revista\/category\/guate-nuestra\/\" title=\"Guate Nuestra\">Guate Nuestra<\/a>\n<\/span><span class=\"aioseo-breadcrumb-separator\">\u00bb<\/span><span class=\"aioseo-breadcrumb\">\n\tHistorias de ingenio, amor y perseverancia de emprendedoras guatemaltecas de MERCADO\n<\/span><\/div>","aioseo_breadcrumb_json":[{"label":"Home","link":"https:\/\/soymigrante.com\/revista"},{"label":"Guate Nuestra","link":"https:\/\/soymigrante.com\/revista\/category\/guate-nuestra\/"},{"label":"Historias de ingenio, amor y perseverancia de emprendedoras guatemaltecas de MERCADO","link":"https:\/\/soymigrante.com\/revista\/historias-de-ingenio-amor-y-perseverancia-de-emprendedoras-guatemaltecas-de-mercado\/"}],"_links":{"self":[{"href":"https:\/\/soymigrante.com\/revista\/wp-json\/wp\/v2\/posts\/27398","targetHints":{"allow":["GET"]}}],"collection":[{"href":"https:\/\/soymigrante.com\/revista\/wp-json\/wp\/v2\/posts"}],"about":[{"href":"https:\/\/soymigrante.com\/revista\/wp-json\/wp\/v2\/types\/post"}],"author":[{"embeddable":true,"href":"https:\/\/soymigrante.com\/revista\/wp-json\/wp\/v2\/users\/7"}],"replies":[{"embeddable":true,"href":"https:\/\/soymigrante.com\/revista\/wp-json\/wp\/v2\/comments?post=27398"}],"version-history":[{"count":0,"href":"https:\/\/soymigrante.com\/revista\/wp-json\/wp\/v2\/posts\/27398\/revisions"}],"wp:featuredmedia":[{"embeddable":true,"href":"https:\/\/soymigrante.com\/revista\/wp-json\/wp\/v2\/media\/27399"}],"wp:attachment":[{"href":"https:\/\/soymigrante.com\/revista\/wp-json\/wp\/v2\/media?parent=27398"}],"wp:term":[{"taxonomy":"category","embeddable":true,"href":"https:\/\/soymigrante.com\/revista\/wp-json\/wp\/v2\/categories?post=27398"},{"taxonomy":"post_tag","embeddable":true,"href":"https:\/\/soymigrante.com\/revista\/wp-json\/wp\/v2\/tags?post=27398"}],"curies":[{"name":"wp","href":"https:\/\/api.w.org\/{rel}","templated":true}]}}