{"id":27294,"date":"2025-03-06T13:51:08","date_gmt":"2025-03-06T19:51:08","guid":{"rendered":"https:\/\/soymigrante.com\/revista\/?p=27294"},"modified":"2025-03-12T20:50:35","modified_gmt":"2025-03-13T02:50:35","slug":"a-ti-mujer-mensaje-de-la-migrante-letty-baran-a-todas-las-guatemaltecas-e-hispanas-en-su-dia","status":"publish","type":"post","link":"https:\/\/soymigrante.com\/revista\/a-ti-mujer-mensaje-de-la-migrante-letty-baran-a-todas-las-guatemaltecas-e-hispanas-en-su-dia\/","title":{"rendered":"&#8220;A t\u00ed, Mujer&#8221;: mensaje de la migrante Letty Bar\u00e1n a todas las guatemaltecas e hispanas en su d\u00eda"},"content":{"rendered":"\t\t<div data-elementor-type=\"wp-post\" data-elementor-id=\"27294\" class=\"elementor elementor-27294\" data-elementor-post-type=\"post\">\n\t\t\t\t<div data-particle_enable=\"false\" data-particle-mobile-disabled=\"false\" class=\"elementor-element elementor-element-055f023 e-flex e-con-boxed e-con e-parent\" data-id=\"055f023\" data-element_type=\"container\" data-e-type=\"container\">\n\t\t\t\t\t<div class=\"e-con-inner\">\n\t\t\t\t<div class=\"elementor-element elementor-element-189b931 elementor-widget elementor-widget-heading\" data-id=\"189b931\" data-element_type=\"widget\" data-e-type=\"widget\" data-widget_type=\"heading.default\">\n\t\t\t\t\t<h2 class=\"elementor-heading-title elementor-size-default\">Con un objetivo de motivaci\u00f3n y reconocimiento de aportes diarios, constantes y s\u00f3lidos, se emite este mensaje de felicitaci\u00f3n y \u00e1nimo en el 8 de marzo, D\u00eda Internacional de la Mujer.<\/h2>\t\t\t\t<\/div>\n\t\t\t\t<div class=\"elementor-element elementor-element-23032db elementor-widget elementor-widget-html\" data-id=\"23032db\" data-element_type=\"widget\" data-e-type=\"widget\" data-widget_type=\"html.default\">\n\t\t\t\t\t<div id=\"buzzsprout-player-16783446\"><\/div><script src=\"https:\/\/www.buzzsprout.com\/2444168\/episodes\/16783446-mujer-migrante-mensaje-de-letty-baran-por-el-dia-de-la-mujer.js?container_id=buzzsprout-player-16783446&player=small\" type=\"text\/javascript\" charset=\"utf-8\"><\/script>\t\t\t\t<\/div>\n\t\t\t\t\t<\/div>\n\t\t\t\t<\/div>\n\t\t<div data-particle_enable=\"false\" data-particle-mobile-disabled=\"false\" class=\"elementor-element elementor-element-a623139 e-flex e-con-boxed e-con e-parent\" data-id=\"a623139\" data-element_type=\"container\" data-e-type=\"container\">\n\t\t\t\t\t<div class=\"e-con-inner\">\n\t\t\t\t<div class=\"elementor-element elementor-element-2814b25 elementor-widget elementor-widget-heading\" data-id=\"2814b25\" data-element_type=\"widget\" data-e-type=\"widget\" data-widget_type=\"heading.default\">\n\t\t\t\t\t<h5 class=\"elementor-heading-title elementor-size-default\">Por Letty Bar\u00e1n, l\u00edder migrante guatemalteca radicada en Virginia, Estados Unidos de Am\u00e9rica.<\/h5>\t\t\t\t<\/div>\n\t\t\t\t\t<\/div>\n\t\t\t\t<\/div>\n\t\t<div data-particle_enable=\"false\" data-particle-mobile-disabled=\"false\" class=\"elementor-element elementor-element-43e23a0 e-flex e-con-boxed e-con e-parent\" data-id=\"43e23a0\" data-element_type=\"container\" data-e-type=\"container\">\n\t\t\t\t\t<div class=\"e-con-inner\">\n\t\t\t\t<div class=\"elementor-element elementor-element-3f2d4bb elementor-widget elementor-widget-text-editor\" data-id=\"3f2d4bb\" data-element_type=\"widget\" data-e-type=\"widget\" data-widget_type=\"text-editor.default\">\n\t\t\t\t\t\t\t\t\t<p><span style=\"color: var( --e-global-color-text ); text-align: var(--text-align);\">En el\u00a0 D\u00eda Internacional de la Mujer, quiero rendir homenaje a cada una de ustedes. A la mujer que es esposa, ama de casa, empleada, viuda, soltera, madre, luchadora, y a aquella que ha participado en pol\u00edtica o gobierno de cada pa\u00eds.\u00a0<\/span><\/p><p><span style=\"color: var( --e-global-color-text ); text-align: var(--text-align);\">A la mujer que ha sido maltratada, v\u00edctima, discriminada, y que ha sentido el fracaso, pero que no se ha dado por vencida y\u00a0 que ha encontrado la fuerza para levantarse y seguir adelante. A la mujer que es padre y madre a la vez, que ha asumido responsabilidades adicionales, pero que no ha perdido la esperanza.\u00a0<\/span><\/p><p><span style=\"color: var( --e-global-color-text ); text-align: var(--text-align);\">A la mujer que tiene fe, que cree en s\u00ed misma y en su capacidad para superar obst\u00e1culos. A la mujer exitosa, que ha logrado sus metas y que es un ejemplo para otras. A la mujer luchadora, que sigue adelante a pesar de las adversidades. Mujer, a t\u00ed te digo:<\/span><\/p>\t\t\t\t\t\t\t\t<\/div>\n\t\t\t\t\t<\/div>\n\t\t\t\t<\/div>\n\t\t<div data-particle_enable=\"false\" data-particle-mobile-disabled=\"false\" class=\"elementor-element elementor-element-f201783 e-flex e-con-boxed e-con e-parent\" data-id=\"f201783\" data-element_type=\"container\" data-e-type=\"container\">\n\t\t\t\t\t<div class=\"e-con-inner\">\n\t\t\t\t<div class=\"elementor-element elementor-element-3236284 elementor-widget elementor-widget-image\" data-id=\"3236284\" data-element_type=\"widget\" data-e-type=\"widget\" data-widget_type=\"image.default\">\n\t\t\t\t\t\t\t\t\t\t\t\t<figure class=\"wp-caption\">\n\t\t\t\t\t\t\t\t\t\t<img fetchpriority=\"high\" decoding=\"async\" width=\"658\" height=\"493\" src=\"https:\/\/soymigrante.com\/revista\/wp-content\/uploads\/2024\/07\/rabin-ajau-san-juan-la-laguna-2.webp\" class=\"attachment-large size-large wp-image-7713\" alt=\"Multitud de mujeres ind\u00edgenas mexicanas vestidas con trajes tradicionales en una celebraci\u00f3n cultural.\" srcset=\"https:\/\/soymigrante.com\/revista\/wp-content\/uploads\/2024\/07\/rabin-ajau-san-juan-la-laguna-2.webp 658w, https:\/\/soymigrante.com\/revista\/wp-content\/uploads\/2024\/07\/rabin-ajau-san-juan-la-laguna-2-300x225.webp 300w\" sizes=\"(max-width: 658px) 100vw, 658px\" title=\"&quot;Estoy para servirles&quot;, dijo la nueva Rabin Ajau 2024, Arly Paola Cholot\u00edo de San Juan La Laguna. Imagen del inicio del certamen el jueves 25 de julio en el cerro Chi Ixim, Tactic, Alta Verapaz. All\u00ed estaba ella compartiendo con las 114 aspirantes. (Fotograf\u00eda Abel Ju\u00e1rez) \u2013 SoyMigrante.com REVISTA\" \/>\t\t\t\t\t\t\t\t\t\t\t<figcaption class=\"widget-image-caption wp-caption-text\">Un mensaje con cari\u00f1o y respeto a todas las mujeres guatemaltecas, por su aporte a la sociedad y a la construcci\u00f3n de un ma\u00f1ana mejor. <\/figcaption>\n\t\t\t\t\t\t\t\t\t\t<\/figure>\n\t\t\t\t\t\t\t\t\t<\/div>\n\t\t\t\t\t<\/div>\n\t\t\t\t<\/div>\n\t\t<div data-particle_enable=\"false\" data-particle-mobile-disabled=\"false\" class=\"elementor-element elementor-element-b587b93 e-flex e-con-boxed e-con e-parent\" data-id=\"b587b93\" data-element_type=\"container\" data-e-type=\"container\">\n\t\t\t\t\t<div class=\"e-con-inner\">\n\t\t\t\t<div class=\"elementor-element elementor-element-ca03ebb elementor-widget elementor-widget-text-editor\" data-id=\"ca03ebb\" data-element_type=\"widget\" data-e-type=\"widget\" data-widget_type=\"text-editor.default\">\n\t\t\t\t\t\t\t\t\t<p><span style=\"color: var( --e-global-color-text ); text-align: var(--text-align);\">Quiero decirles que son la columna vertebral de la sociedad, que son la fuente de vida y amor. Que su contribuci\u00f3n a la humanidad es invaluable, y que su presencia en el mundo es fundamental. A todas las mujeres que han sido silenciadas, marginadas y oprimidas, quiero decirles que su voz es importante, que su historia es valiosa, y que su lucha es justa.<\/span><\/p><p>A todas las mujeres que han logrado grandes cosas, quiero decirles que su \u00e9xito es inspirador, que su determinaci\u00f3n es admirable, y que su legado es duradero. Quiero concluir diciendo que las mujeres son la esperanza del mundo, que son la luz en la oscuridad, y que son la fuerza que puede cambiar el curso de la historia.<\/p>\t\t\t\t\t\t\t\t<\/div>\n\t\t\t\t\t<\/div>\n\t\t\t\t<\/div>\n\t\t<div data-particle_enable=\"false\" data-particle-mobile-disabled=\"false\" class=\"elementor-element elementor-element-6e2a034 e-flex e-con-boxed e-con e-parent\" data-id=\"6e2a034\" data-element_type=\"container\" data-e-type=\"container\">\n\t\t\t\t\t<div class=\"e-con-inner\">\n\t\t\t\t<div class=\"elementor-element elementor-element-16fd25c elementor-invisible elementor-widget elementor-widget-testimonial\" data-id=\"16fd25c\" data-element_type=\"widget\" data-e-type=\"widget\" data-settings=\"{&quot;_animation&quot;:&quot;rotateInUpRight&quot;}\" data-widget_type=\"testimonial.default\">\n\t\t\t\t\t\t\t<div class=\"elementor-testimonial-wrapper\">\n\t\t\t\t\t\t\t<div class=\"elementor-testimonial-content\">\"A la mujer que es padre y madre a la vez, que ha asumido responsabilidades adicionales pero que nunca ha perdido la esperanza\".<\/div>\n\t\t\t\n\t\t\t\t\t\t<div class=\"elementor-testimonial-meta elementor-has-image elementor-testimonial-image-position-aside\">\n\t\t\t\t<div class=\"elementor-testimonial-meta-inner\">\n\t\t\t\t\t\t\t\t\t\t\t<div class=\"elementor-testimonial-image\">\n\t\t\t\t\t\t\t<img decoding=\"async\" width=\"539\" height=\"590\" src=\"https:\/\/soymigrante.com\/revista\/wp-content\/uploads\/2025\/03\/letty-baran.webp\" class=\"attachment-full size-full wp-image-27315\" alt=\"Trabajadora migrante con collar dorado, retrato en primer plano, promoviendo historia y derechos en Revista SoyMigrante.com REVISTA.\" title=\"letty baran \u2013 SoyMigrante.com REVISTA\" srcset=\"https:\/\/soymigrante.com\/revista\/wp-content\/uploads\/2025\/03\/letty-baran.webp 539w, https:\/\/soymigrante.com\/revista\/wp-content\/uploads\/2025\/03\/letty-baran-274x300.png 274w\" sizes=\"(max-width: 539px) 100vw, 539px\" \/>\t\t\t\t\t\t<\/div>\n\t\t\t\t\t\n\t\t\t\t\t\t\t\t\t\t<div class=\"elementor-testimonial-details\">\n\t\t\t\t\t\t\t\t\t\t\t\t\t\t<div class=\"elementor-testimonial-name\">Letty Bar\u00e1n<\/div>\n\t\t\t\t\t\t\t\t\t\t\t\t\t\t\t\t\t\t\t\t\t\t<div class=\"elementor-testimonial-job\">Migrante guatemaltecaresidente en Virginia Estados Unidos.<\/div>\n\t\t\t\t\t\t\t\t\t\t\t\t\t<\/div>\n\t\t\t\t\t\t\t\t\t<\/div>\n\t\t\t<\/div>\n\t\t\t\t\t<\/div>\n\t\t\t\t\t\t<\/div>\n\t\t\t\t\t<\/div>\n\t\t\t\t<\/div>\n\t\t<div data-particle_enable=\"false\" data-particle-mobile-disabled=\"false\" class=\"elementor-element elementor-element-bf12c57 e-flex e-con-boxed e-con e-parent\" data-id=\"bf12c57\" data-element_type=\"container\" data-e-type=\"container\">\n\t\t\t\t\t<div class=\"e-con-inner\">\n\t\t\t\t<div class=\"elementor-element elementor-element-c7ea6de elementor-widget elementor-widget-heading\" data-id=\"c7ea6de\" data-element_type=\"widget\" data-e-type=\"widget\" data-widget_type=\"heading.default\">\n\t\t\t\t\t<h2 class=\"elementor-heading-title elementor-size-default\">Guatemaltecas brillan por su talento y solidaridad<\/h2>\t\t\t\t<\/div>\n\t\t\t\t\t<\/div>\n\t\t\t\t<\/div>\n\t\t<div data-particle_enable=\"false\" data-particle-mobile-disabled=\"false\" class=\"elementor-element elementor-element-78115df e-flex e-con-boxed e-con e-parent\" data-id=\"78115df\" data-element_type=\"container\" data-e-type=\"container\">\n\t\t\t\t\t<div class=\"e-con-inner\">\n\t\t\t\t<div class=\"elementor-element elementor-element-1e7ac04 elementor-grid-eael-col-3 elementor-grid-tablet-eael-col-2 elementor-grid-mobile-eael-col-1 elementor-widget elementor-widget-eael-post-grid\" data-id=\"1e7ac04\" data-element_type=\"widget\" data-e-type=\"widget\" data-settings=\"{&quot;eael_post_grid_columns&quot;:&quot;eael-col-3&quot;,&quot;eael_post_grid_columns_tablet&quot;:&quot;eael-col-2&quot;,&quot;eael_post_grid_columns_mobile&quot;:&quot;eael-col-1&quot;}\" data-widget_type=\"eael-post-grid.default\">\n\t\t\t\t\t<div id=\"eael-post-grid-1e7ac04\" class=\"eael-post-grid-container\">\n            <div class=\"eael-post-grid eael-post-appender eael-post-appender-1e7ac04 eael-post-grid-style-one\" data-layout-mode=\"masonry\"><article class=\"eael-grid-post  eael-post-grid-column eael-pg-post-16900 category-exitos\" data-id=\"16900\">\n        <div class=\"eael-grid-post-holder\">\n            <div class=\"eael-grid-post-holder-inner\"><div class=\"eael-entry-media\"><div class=\"eael-entry-overlay fade-in\"><i class=\"far fa-hand-pointer\" aria-hidden=\"true\"><\/i><a href=\"https:\/\/soymigrante.com\/revista\/karolin-espana-dirige-kika-proyecto-de-ayuda-alimentaria-impulsado-por-sus-hijas\/\"><\/a><\/div><div class=\"eael-entry-thumbnail \">\n                <img decoding=\"async\" width=\"861\" height=\"861\" src=\"https:\/\/soymigrante.com\/revista\/wp-content\/uploads\/2024\/12\/historia-karolin-espana-KIKA.webp\" class=\"attachment-large size-large wp-image-16901\" alt=\"Ni\u00f1a en desfile cultural participando en evento de apoyo a la infancia y la nutrici\u00f3n en M\u00e9xico, con grupo de personas en vestimenta tradicional y cartel de organizaci\u00f3n KIKA, promoviendo derechos infantiles.\" srcset=\"https:\/\/soymigrante.com\/revista\/wp-content\/uploads\/2024\/12\/historia-karolin-espana-KIKA.webp 861w, https:\/\/soymigrante.com\/revista\/wp-content\/uploads\/2024\/12\/historia-karolin-espana-KIKA-300x300.jpg 300w, https:\/\/soymigrante.com\/revista\/wp-content\/uploads\/2024\/12\/historia-karolin-espana-KIKA-150x150.jpg 150w, https:\/\/soymigrante.com\/revista\/wp-content\/uploads\/2024\/12\/historia-karolin-espana-KIKA-768x768.jpg 768w, https:\/\/soymigrante.com\/revista\/wp-content\/uploads\/2024\/12\/historia-karolin-espana-KIKA-75x75.webp 75w, https:\/\/soymigrante.com\/revista\/wp-content\/uploads\/2024\/12\/historia-karolin-espana-KIKA-750x750.webp 750w\" sizes=\"(max-width: 861px) 100vw, 861px\" \/>\n            <\/div>\n        <\/div><div class=\"eael-entry-wrapper\"><header class=\"eael-entry-header\"><h2 class=\"eael-entry-title\"><a class=\"eael-grid-post-link\" href=\"https:\/\/soymigrante.com\/revista\/karolin-espana-dirige-kika-proyecto-de-ayuda-alimentaria-impulsado-por-sus-hijas\/\" title=\"Karolin Rasc\u00f3n dirige KIKA, iniciativa de ayuda alimentaria desde L.A. a Guatemala, inspirada por sus hijas Kiara y Kaili\">Karolin Rasc\u00f3n dirige KIKA, iniciativa de ayuda alimentaria desde L.A. a Guatemala, inspirada por sus hijas Kiara y Kaili<\/a><\/h2><\/header><div class=\"eael-entry-content\">\n                        <div class=\"eael-grid-post-excerpt\"><a href=\"https:\/\/soymigrante.com\/revista\/karolin-espana-dirige-kika-proyecto-de-ayuda-alimentaria-impulsado-por-sus-hijas\/\" class=\"eael-post-elements-readmore-btn\">CONOCE SU HISTORIA <\/a><\/div>\n                    <\/div><\/div><\/div>\n        <\/div>\n    <\/article><article class=\"eael-grid-post  eael-post-grid-column eael-pg-post-10824 category-exitos\" data-id=\"10824\">\n        <div class=\"eael-grid-post-holder\">\n            <div class=\"eael-grid-post-holder-inner\"><div class=\"eael-entry-media\"><div class=\"eael-entry-overlay fade-in\"><i class=\"far fa-hand-pointer\" aria-hidden=\"true\"><\/i><a href=\"https:\/\/soymigrante.com\/revista\/norma-pineda-y-su-esposo-dirigen-su-exitosa-fabrica-de-bardas-west-stamford-fence\/\"><\/a><\/div><div class=\"eael-entry-thumbnail \">\n                <img loading=\"lazy\" decoding=\"async\" width=\"1024\" height=\"491\" src=\"https:\/\/soymigrante.com\/revista\/wp-content\/uploads\/2024\/10\/norma-pineda-migrante-2-e1746678683132-1024x491.webp\" class=\"attachment-large size-large wp-image-10829\" alt=\"Personas migrantes en un mirador con vista urbana y r\u00edo, mostrando diversidad y comunidad migrante en el contexto de la Revista SoyMigrante.com, enfocada en derechos y experiencias de migrantes en Espa\u00f1a.\" srcset=\"https:\/\/soymigrante.com\/revista\/wp-content\/uploads\/2024\/10\/norma-pineda-migrante-2-e1746678683132-1024x491.webp 1024w, https:\/\/soymigrante.com\/revista\/wp-content\/uploads\/2024\/10\/norma-pineda-migrante-2-e1746678683132-300x144.webp 300w, https:\/\/soymigrante.com\/revista\/wp-content\/uploads\/2024\/10\/norma-pineda-migrante-2-e1746678683132-768x368.webp 768w, https:\/\/soymigrante.com\/revista\/wp-content\/uploads\/2024\/10\/norma-pineda-migrante-2-e1746678683132-750x359.webp 750w, https:\/\/soymigrante.com\/revista\/wp-content\/uploads\/2024\/10\/norma-pineda-migrante-2-e1746678683132-1140x546.webp 1140w, https:\/\/soymigrante.com\/revista\/wp-content\/uploads\/2024\/10\/norma-pineda-migrante-2-e1746678683132.webp 1440w\" sizes=\"(max-width: 1024px) 100vw, 1024px\" \/>\n            <\/div>\n        <\/div><div class=\"eael-entry-wrapper\"><header class=\"eael-entry-header\"><h2 class=\"eael-entry-title\"><a class=\"eael-grid-post-link\" href=\"https:\/\/soymigrante.com\/revista\/norma-pineda-y-su-esposo-dirigen-su-exitosa-fabrica-de-bardas-west-stamford-fence\/\" title=\"Norma Pineda y su esposo dirigen exitosa f\u00e1brica de bardas West Stamford Fence en Connecticut\">Norma Pineda y su esposo dirigen exitosa f\u00e1brica de bardas West Stamford Fence en Connecticut<\/a><\/h2><\/header><div class=\"eael-entry-content\">\n                        <div class=\"eael-grid-post-excerpt\"><a href=\"https:\/\/soymigrante.com\/revista\/norma-pineda-y-su-esposo-dirigen-su-exitosa-fabrica-de-bardas-west-stamford-fence\/\" class=\"eael-post-elements-readmore-btn\">CONOCE SU HISTORIA <\/a><\/div>\n                    <\/div><\/div><\/div>\n        <\/div>\n    <\/article><article class=\"eael-grid-post  eael-post-grid-column eael-pg-post-10224 category-exitos\" data-id=\"10224\">\n        <div class=\"eael-grid-post-holder\">\n            <div class=\"eael-grid-post-holder-inner\"><div class=\"eael-entry-media\"><div class=\"eael-entry-overlay fade-in\"><i class=\"far fa-hand-pointer\" aria-hidden=\"true\"><\/i><a href=\"https:\/\/soymigrante.com\/revista\/tuve-que-buscar-un-mejor-futuro-amarilys-ortiz-lider-guatemalteca-que-migro-a-california-desde-hace-mas-de-tres-decadas\/\"><\/a><\/div><div class=\"eael-entry-thumbnail \">\n                <img loading=\"lazy\" decoding=\"async\" width=\"1024\" height=\"1024\" src=\"https:\/\/soymigrante.com\/revista\/wp-content\/uploads\/2024\/10\/Amaralys-Ortiz7-1-1024x1024.webp\" class=\"attachment-large size-large wp-image-10233\" alt=\"Bandera de Estados Unidos, bandera de California, bandera de Alemania, mujer sonriendo en evento cultural internacional, diversidad y comunidad global.\" srcset=\"https:\/\/soymigrante.com\/revista\/wp-content\/uploads\/2024\/10\/Amaralys-Ortiz7-1-1024x1024.webp 1024w, https:\/\/soymigrante.com\/revista\/wp-content\/uploads\/2024\/10\/Amaralys-Ortiz7-1-300x300.webp 300w, https:\/\/soymigrante.com\/revista\/wp-content\/uploads\/2024\/10\/Amaralys-Ortiz7-1-150x150.webp 150w, https:\/\/soymigrante.com\/revista\/wp-content\/uploads\/2024\/10\/Amaralys-Ortiz7-1-768x768.webp 768w, https:\/\/soymigrante.com\/revista\/wp-content\/uploads\/2024\/10\/Amaralys-Ortiz7-1-75x75.webp 75w, https:\/\/soymigrante.com\/revista\/wp-content\/uploads\/2024\/10\/Amaralys-Ortiz7-1-750x750.webp 750w, https:\/\/soymigrante.com\/revista\/wp-content\/uploads\/2024\/10\/Amaralys-Ortiz7-1-1140x1140.webp 1140w, https:\/\/soymigrante.com\/revista\/wp-content\/uploads\/2024\/10\/Amaralys-Ortiz7-1.webp 1235w\" sizes=\"(max-width: 1024px) 100vw, 1024px\" \/>\n            <\/div>\n        <\/div><div class=\"eael-entry-wrapper\"><header class=\"eael-entry-header\"><h2 class=\"eael-entry-title\"><a class=\"eael-grid-post-link\" href=\"https:\/\/soymigrante.com\/revista\/tuve-que-buscar-un-mejor-futuro-amarilys-ortiz-lider-guatemalteca-que-migro-a-california-desde-hace-mas-de-tres-decadas\/\" title=\"El camino de la l\u00edder migrante Amarilys Ortiz ha sido de servicio, dedicaci\u00f3n y amor a Guatemala\">El camino de la l\u00edder migrante Amarilys Ortiz ha sido de servicio, dedicaci\u00f3n y amor a Guatemala<\/a><\/h2><\/header><div class=\"eael-entry-content\">\n                        <div class=\"eael-grid-post-excerpt\"><a href=\"https:\/\/soymigrante.com\/revista\/tuve-que-buscar-un-mejor-futuro-amarilys-ortiz-lider-guatemalteca-que-migro-a-california-desde-hace-mas-de-tres-decadas\/\" class=\"eael-post-elements-readmore-btn\">CONOCE SU HISTORIA <\/a><\/div>\n                    <\/div><\/div><\/div>\n        <\/div>\n    <\/article><\/div>\n            <div class=\"clearfix\"><\/div>\n        <\/div>\t\t\t\t<\/div>\n\t\t\t\t\t<\/div>\n\t\t\t\t<\/div>\n\t\t\t\t<\/div>\n\t\t","protected":false},"excerpt":{"rendered":"<p>Con un objetivo de motivaci\u00f3n y reconocimiento de aportes diarios, constantes y s\u00f3lidos, se emite este mensaje de felicitaci\u00f3n y \u00e1nimo en el 8 de marzo, D\u00eda Internacional de la Mujer. Por Letty Bar\u00e1n, l\u00edder migrante guatemalteca radicada en Virginia, Estados Unidos de Am\u00e9rica. En el\u00a0 D\u00eda Internacional de la Mujer, quiero rendir homenaje a [&hellip;]<\/p>\n","protected":false},"author":1,"featured_media":27295,"comment_status":"open","ping_status":"open","sticky":false,"template":"","format":"standard","meta":{"_acf_changed":false,"_eb_attr":"","footnotes":""},"categories":[56],"tags":[],"class_list":["post-27294","post","type-post","status-publish","format-standard","has-post-thumbnail","hentry","category-lugar-de-voces"],"acf":[],"aioseo_notices":[],"aioseo_head":"\n\t\t<!-- All in One SEO Pro 4.9.6.2 - aioseo.com -->\n\t<meta name=\"description\" content=\"Amarilys Ortiz lleg\u00f3 a Estados Unidos a finales de los 80, comenz\u00f3 a trabajar como ni\u00f1era, cuidadora de casas y cocinera. Ahora se ha convertido en una guatemalteca l\u00edder en Los \u00c1ngeles. Conoce su historia.\" \/>\n\t<meta name=\"robots\" content=\"max-snippet:-1, max-image-preview:large, max-video-preview:-1\" \/>\n\t<meta name=\"author\" content=\"Beatriz Tercero\"\/>\n\t<link rel=\"canonical\" href=\"https:\/\/soymigrante.com\/revista\/tuve-que-buscar-un-mejor-futuro-amarilys-ortiz-lider-guatemalteca-que-migro-a-california-desde-hace-mas-de-tres-decadas\/\" \/>\n\t<meta name=\"generator\" content=\"All in One SEO Pro (AIOSEO) 4.9.6.2\" \/>\n\n\t\t<link rel=\"preconnect\" href=\"https:\/\/fonts.googleapis.com\" crossorigin>\n<link rel=\"preconnect\" href=\"https:\/\/fonts.gstatic.com\" crossorigin>\n\t\t<meta property=\"og:locale\" content=\"es_ES\" \/>\n\t\t<meta property=\"og:site_name\" content=\"SoyMigrante.com REVISTA \u2013 Nuestra misi\u00f3n es reconocer y dignificar al migrante.\" \/>\n\t\t<meta property=\"og:type\" content=\"article\" \/>\n\t\t<meta property=\"og:title\" content=\"Amarilys Ortiz: &quot;Tuve que buscar un mejor futuro&quot;\" \/>\n\t\t<meta property=\"og:description\" content=\"Amarilys Ortiz lleg\u00f3 a Estados Unidos a finales de los 80, comenz\u00f3 a trabajar como ni\u00f1era, cuidadora de casas y cocinera. Ahora se ha convertido en una guatemalteca l\u00edder en Los \u00c1ngeles. Conoce su historia.\" \/>\n\t\t<meta property=\"og:url\" content=\"https:\/\/soymigrante.com\/revista\/tuve-que-buscar-un-mejor-futuro-amarilys-ortiz-lider-guatemalteca-que-migro-a-california-desde-hace-mas-de-tres-decadas\/\" \/>\n\t\t<meta property=\"og:image\" content=\"https:\/\/soymigrante.com\/revista\/wp-content\/uploads\/2024\/10\/Amaralys-Ortiz7-1.webp\" \/>\n\t\t<meta property=\"og:image:secure_url\" content=\"https:\/\/soymigrante.com\/revista\/wp-content\/uploads\/2024\/10\/Amaralys-Ortiz7-1.webp\" \/>\n\t\t<meta property=\"og:image:width\" content=\"1235\" \/>\n\t\t<meta property=\"og:image:height\" content=\"1235\" \/>\n\t\t<meta property=\"article:published_time\" content=\"2024-10-10T18:20:14+00:00\" \/>\n\t\t<meta property=\"article:modified_time\" content=\"2024-11-01T03:36:31+00:00\" \/>\n\t\t<meta property=\"article:publisher\" content=\"https:\/\/www.facebook.com\/soymigrantecom\" \/>\n\t\t<meta name=\"twitter:card\" content=\"summary_large_image\" \/>\n\t\t<meta name=\"twitter:site\" content=\"@SoyMigrante_com\" \/>\n\t\t<meta name=\"twitter:title\" content=\"Amarilys Ortiz: &quot;Tuve que buscar un mejor futuro&quot;\" \/>\n\t\t<meta name=\"twitter:description\" content=\"Amarilys Ortiz lleg\u00f3 a Estados Unidos a finales de los 80, comenz\u00f3 a trabajar como ni\u00f1era, cuidadora de casas y cocinera. Ahora se ha convertido en una guatemalteca l\u00edder en Los \u00c1ngeles. Conoce su historia.\" \/>\n\t\t<meta name=\"twitter:creator\" content=\"@SoyMigrante_com\" \/>\n\t\t<meta name=\"twitter:image\" content=\"https:\/\/soymigrante.com\/revista\/wp-content\/uploads\/2024\/10\/Amaralys-Ortiz7-1.webp\" \/>\n\t\t<!-- All in One SEO Pro -->\r\n\t\t<title>Amarilys Ortiz: &quot;Tuve que buscar un mejor futuro&quot;<\/title>\n\n","aioseo_head_json":{"title":"Amarilys Ortiz: \"Tuve que buscar un mejor futuro\"","description":"Amarilys Ortiz lleg\u00f3 a Estados Unidos a finales de los 80, comenz\u00f3 a trabajar como ni\u00f1era, cuidadora de casas y cocinera. Ahora se ha convertido en una guatemalteca l\u00edder en Los \u00c1ngeles. Conoce su historia.","canonical_url":"https:\/\/soymigrante.com\/revista\/tuve-que-buscar-un-mejor-futuro-amarilys-ortiz-lider-guatemalteca-que-migro-a-california-desde-hace-mas-de-tres-decadas\/","robots":"max-snippet:-1, max-image-preview:large, max-video-preview:-1","keywords":"","webmasterTools":{"miscellaneous":"&lt;link rel=\"preconnect\" href=\"https:\/\/fonts.googleapis.com\" crossorigin&gt;\n&lt;link rel=\"preconnect\" href=\"https:\/\/fonts.gstatic.com\" crossorigin&gt;"},"schema":null,"og:locale":"es_ES","og:site_name":"SoyMigrante.com REVISTA \u2013 Nuestra misi\u00f3n es reconocer y dignificar al migrante.","og:type":"article","og:title":"Amarilys Ortiz: &quot;Tuve que buscar un mejor futuro&quot;","og:description":"Amarilys Ortiz lleg\u00f3 a Estados Unidos a finales de los 80, comenz\u00f3 a trabajar como ni\u00f1era, cuidadora de casas y cocinera. Ahora se ha convertido en una guatemalteca l\u00edder en Los \u00c1ngeles. Conoce su historia.","og:url":"https:\/\/soymigrante.com\/revista\/tuve-que-buscar-un-mejor-futuro-amarilys-ortiz-lider-guatemalteca-que-migro-a-california-desde-hace-mas-de-tres-decadas\/","og:image":"https:\/\/soymigrante.com\/revista\/wp-content\/uploads\/2024\/10\/Amaralys-Ortiz7-1.webp","og:image:secure_url":"https:\/\/soymigrante.com\/revista\/wp-content\/uploads\/2024\/10\/Amaralys-Ortiz7-1.webp","og:image:width":1235,"og:image:height":1235,"article:published_time":"2024-10-10T18:20:14+00:00","article:modified_time":"2024-11-01T03:36:31+00:00","article:publisher":"https:\/\/www.facebook.com\/soymigrantecom","twitter:card":"summary_large_image","twitter:site":"@SoyMigrante_com","twitter:title":"Amarilys Ortiz: &quot;Tuve que buscar un mejor futuro&quot;","twitter:description":"Amarilys Ortiz lleg\u00f3 a Estados Unidos a finales de los 80, comenz\u00f3 a trabajar como ni\u00f1era, cuidadora de casas y cocinera. Ahora se ha convertido en una guatemalteca l\u00edder en Los \u00c1ngeles. Conoce su historia.","twitter:creator":"@SoyMigrante_com","twitter:image":"https:\/\/soymigrante.com\/revista\/wp-content\/uploads\/2024\/10\/Amaralys-Ortiz7-1.webp"},"aioseo_meta_data":{"post_id":"27294","title":"Migrante Letty Baran dirige mensaje por el D\u00eda de la Mujer","description":"L\u00edder migrante radicada en Virginia anima a mujeres guatemaltecas, dentro y fuera del pa\u00eds, a seguir construyendo un mejor futuro, con motivo del D\u00eda de la Mujer","keywords":null,"keyphrases":{"focus":{"keyphrase":"Dia de la Mujer","score":37,"analysis":{"keyphraseInTitle":{"score":3,"maxScore":9,"error":1},"keyphraseInDescription":{"score":3,"maxScore":9,"error":1},"keyphraseLength":{"score":9,"maxScore":9,"error":0,"length":4},"keyphraseInURL":{"score":1,"maxScore":5,"error":1},"keyphraseInIntroduction":{"score":3,"maxScore":9,"error":1},"keyphraseInSubHeadings":{"score":3,"maxScore":9,"error":1},"keyphraseInImageAlt":{"score":3,"maxScore":9,"error":1},"keywordDensity":{"score":0,"type":"low","maxScore":9,"error":1}}},"additional":[{"keyphrase":"Guatemaltecas","score":53,"analysis":{"keyphraseInDescription":{"score":9,"maxScore":9,"error":0},"keyphraseLength":{"score":9,"maxScore":9,"error":0,"length":1},"keyphraseInIntroduction":{"score":3,"maxScore":9,"error":1},"keyphraseInImageAlt":{"score":3,"maxScore":9,"error":1},"keywordDensity":{"score":0,"type":"low","maxScore":9,"error":1}}},{"keyphrase":"Migrantes","score":40,"analysis":{"keyphraseInDescription":{"score":3,"maxScore":9,"error":1},"keyphraseLength":{"score":9,"maxScore":9,"error":0,"length":1},"keyphraseInIntroduction":{"score":3,"maxScore":9,"error":1},"keyphraseInImageAlt":{"score":3,"maxScore":9,"error":1},"keywordDensity":{"score":0,"type":"low","maxScore":9,"error":1}}}]},"primary_term":null,"canonical_url":null,"og_title":null,"og_description":null,"og_object_type":"default","og_image_type":"default","og_image_url":null,"og_image_width":null,"og_image_height":null,"og_image_custom_url":null,"og_image_custom_fields":null,"og_video":"","og_custom_url":null,"og_article_section":null,"og_article_tags":null,"twitter_use_og":false,"twitter_card":"default","twitter_image_type":"default","twitter_image_url":null,"twitter_image_custom_url":null,"twitter_image_custom_fields":null,"twitter_title":null,"twitter_description":null,"schema":{"blockGraphs":[],"customGraphs":[],"default":{"data":{"Article":[],"Course":[],"Dataset":[],"FAQPage":[],"Movie":[],"Person":[],"Product":[],"ProductReview":[],"Car":[],"Recipe":[],"Service":[],"SoftwareApplication":[],"WebPage":[]},"graphName":"BlogPosting","isEnabled":true},"graphs":[]},"schema_type":"default","schema_type_options":null,"pillar_content":false,"robots_default":true,"robots_noindex":false,"robots_noarchive":false,"robots_nosnippet":false,"robots_nofollow":false,"robots_noimageindex":false,"robots_noodp":false,"robots_notranslate":false,"robots_max_snippet":"-1","robots_max_videopreview":"-1","robots_max_imagepreview":"large","priority":null,"frequency":"default","local_seo":null,"seo_analyzer_scan_date":"2025-10-09 03:13:13","breadcrumb_settings":null,"limit_modified_date":false,"reviewed_by":null,"open_ai":"{\"title\":{\"suggestions\":[],\"usage\":0},\"description\":{\"suggestions\":[],\"usage\":0}}","ai":null,"created":"2025-03-06 19:27:36","updated":"2026-02-04 22:02:42"},"aioseo_breadcrumb":"<div class=\"aioseo-breadcrumbs\"><span class=\"aioseo-breadcrumb\">\n\t<a href=\"https:\/\/soymigrante.com\/revista\" title=\"Home\">Home<\/a>\n<\/span><span class=\"aioseo-breadcrumb-separator\">\u00bb<\/span><span class=\"aioseo-breadcrumb\">\n\t<a href=\"https:\/\/soymigrante.com\/revista\/category\/estamos-unidos\/\" title=\"Estamos Unidos\">Estamos Unidos<\/a>\n<\/span><span class=\"aioseo-breadcrumb-separator\">\u00bb<\/span><span class=\"aioseo-breadcrumb\">\n\t<a href=\"https:\/\/soymigrante.com\/revista\/category\/estamos-unidos\/lugar-de-voces\/\" title=\"Lugar de Voces\">Lugar de Voces<\/a>\n<\/span><span class=\"aioseo-breadcrumb-separator\">\u00bb<\/span><span class=\"aioseo-breadcrumb\">\n\t\u201cA t\u00ed, Mujer\u201d: mensaje de la migrante Letty Bar\u00e1n a todas las guatemaltecas e hispanas en su d\u00eda\n<\/span><\/div>","aioseo_breadcrumb_json":[{"label":"Home","link":"https:\/\/soymigrante.com\/revista"},{"label":"Estamos Unidos","link":"https:\/\/soymigrante.com\/revista\/category\/estamos-unidos\/"},{"label":"Lugar de Voces","link":"https:\/\/soymigrante.com\/revista\/category\/estamos-unidos\/lugar-de-voces\/"},{"label":"&#8220;A t\u00ed, Mujer&#8221;: mensaje de la migrante Letty Bar\u00e1n a todas las guatemaltecas e hispanas en su d\u00eda","link":"https:\/\/soymigrante.com\/revista\/a-ti-mujer-mensaje-de-la-migrante-letty-baran-a-todas-las-guatemaltecas-e-hispanas-en-su-dia\/"}],"_links":{"self":[{"href":"https:\/\/soymigrante.com\/revista\/wp-json\/wp\/v2\/posts\/27294","targetHints":{"allow":["GET"]}}],"collection":[{"href":"https:\/\/soymigrante.com\/revista\/wp-json\/wp\/v2\/posts"}],"about":[{"href":"https:\/\/soymigrante.com\/revista\/wp-json\/wp\/v2\/types\/post"}],"author":[{"embeddable":true,"href":"https:\/\/soymigrante.com\/revista\/wp-json\/wp\/v2\/users\/1"}],"replies":[{"embeddable":true,"href":"https:\/\/soymigrante.com\/revista\/wp-json\/wp\/v2\/comments?post=27294"}],"version-history":[{"count":0,"href":"https:\/\/soymigrante.com\/revista\/wp-json\/wp\/v2\/posts\/27294\/revisions"}],"wp:featuredmedia":[{"embeddable":true,"href":"https:\/\/soymigrante.com\/revista\/wp-json\/wp\/v2\/media\/27295"}],"wp:attachment":[{"href":"https:\/\/soymigrante.com\/revista\/wp-json\/wp\/v2\/media?parent=27294"}],"wp:term":[{"taxonomy":"category","embeddable":true,"href":"https:\/\/soymigrante.com\/revista\/wp-json\/wp\/v2\/categories?post=27294"},{"taxonomy":"post_tag","embeddable":true,"href":"https:\/\/soymigrante.com\/revista\/wp-json\/wp\/v2\/tags?post=27294"}],"curies":[{"name":"wp","href":"https:\/\/api.w.org\/{rel}","templated":true}]}}