{"id":27286,"date":"2025-03-07T06:00:37","date_gmt":"2025-03-07T12:00:37","guid":{"rendered":"https:\/\/soymigrante.com\/revista\/?p=27286"},"modified":"2025-03-07T06:02:39","modified_gmt":"2025-03-07T12:02:39","slug":"abogada-meredith-brown-expone-claves-de-derechos-migrantes-en-estados-unidos","status":"publish","type":"post","link":"https:\/\/soymigrante.com\/revista\/abogada-meredith-brown-expone-claves-de-derechos-migrantes-en-estados-unidos\/","title":{"rendered":"Abogada Meredith Brown expone claves de derechos migrantes en Estados Unidos"},"content":{"rendered":"\t\t<div data-elementor-type=\"wp-post\" data-elementor-id=\"27286\" class=\"elementor elementor-27286\" data-elementor-post-type=\"post\">\n\t\t\t\t<div data-particle_enable=\"false\" data-particle-mobile-disabled=\"false\" class=\"elementor-element elementor-element-9915aaf e-flex e-con-boxed e-con e-parent\" data-id=\"9915aaf\" data-element_type=\"container\" data-e-type=\"container\">\n\t\t\t\t\t<div class=\"e-con-inner\">\n\t\t\t\t<div class=\"elementor-element elementor-element-aa108cc elementor-widget elementor-widget-heading\" data-id=\"aa108cc\" data-element_type=\"widget\" data-e-type=\"widget\" data-widget_type=\"heading.default\">\n\t\t\t\t\t<h2 class=\"elementor-heading-title elementor-size-default\">En conversatorio organizado por la Red Migrante Guatemalteca, la abogada experta en temas migratorios  Meredith Brown convers\u00f3 con el l\u00edder Walter Batres acerca de situaciones y derechos que han cobrado importancia en este 2025. \n<\/h2>\t\t\t\t<\/div>\n\t\t\t\t\t<\/div>\n\t\t\t\t<\/div>\n\t\t<div data-particle_enable=\"false\" data-particle-mobile-disabled=\"false\" class=\"elementor-element elementor-element-d31cfcc e-flex e-con-boxed e-con e-parent\" data-id=\"d31cfcc\" data-element_type=\"container\" data-e-type=\"container\">\n\t\t\t\t\t<div class=\"e-con-inner\">\n\t\t\t\t<div class=\"elementor-element elementor-element-9f7a9e9 elementor-widget elementor-widget-text-editor\" data-id=\"9f7a9e9\" data-element_type=\"widget\" data-e-type=\"widget\" data-widget_type=\"text-editor.default\">\n\t\t\t\t\t\t\t\t\t<p>Meredith Brown, abogada especializada en inmigraci\u00f3n, convers\u00f3 recientemente con Walter Batres, representante de la Red Migrante Guatemalteca,<a href=\"https:\/\/soymigrante.com\/revista\/suman-mas-de-66-mil-las-deportacioens-de-guatemaltecos-en-2024\/\" target=\"_blank\" rel=\"noopener\"> sobre los principales derechos y riesgos que enfrentan los migrantes en 2025<\/a>, sobre todo aquellos que est\u00e1n en una situaci\u00f3n migratoria irregular.<\/p><p>Durante la charla, Brown enfatiz\u00f3 que sus consejos eran generales y no aplicaban a casos espec\u00edficos, pero abord\u00f3 temas clave como seguridad fronteriza, prioridades de deportaci\u00f3n y cambios en las pol\u00edticas de asilo y refugio. Enfatiz\u00f3 que cada caso es \u00fanico, tiene sus propias circunstancias y factores, por lo cual es aconsejable buscar apoyo de un abogado migratorio en el \u00e1rea donde se resida.<\/p>\t\t\t\t\t\t\t\t<\/div>\n\t\t\t\t\t<\/div>\n\t\t\t\t<\/div>\n\t\t<div data-particle_enable=\"false\" data-particle-mobile-disabled=\"false\" class=\"elementor-element elementor-element-f761872 e-flex e-con-boxed e-con e-parent\" data-id=\"f761872\" data-element_type=\"container\" data-e-type=\"container\">\n\t\t\t\t\t<div class=\"e-con-inner\">\n\t\t\t\t<div class=\"elementor-element elementor-element-4f263b5 elementor-widget elementor-widget-image\" data-id=\"4f263b5\" data-element_type=\"widget\" data-e-type=\"widget\" data-widget_type=\"image.default\">\n\t\t\t\t\t\t\t\t\t\t\t\t<figure class=\"wp-caption\">\n\t\t\t\t\t\t\t\t\t\t<img fetchpriority=\"high\" decoding=\"async\" width=\"768\" height=\"429\" src=\"https:\/\/soymigrante.com\/revista\/wp-content\/uploads\/2025\/03\/envato-labs-ai-b28396c2-cc72-4d39-8153-36145fa83c21-1024x572.jpg\" class=\"attachment-large size-large wp-image-27350\" alt=\"Cocinera preparando comida en cocina profesional con ingredientes frescos como tomates, verduras y hierbas, en un ambiente de restaurante moderno y bien equipado.\" srcset=\"https:\/\/soymigrante.com\/revista\/wp-content\/uploads\/2025\/03\/envato-labs-ai-b28396c2-cc72-4d39-8153-36145fa83c21-1024x572.jpg 1024w, https:\/\/soymigrante.com\/revista\/wp-content\/uploads\/2025\/03\/envato-labs-ai-b28396c2-cc72-4d39-8153-36145fa83c21-300x167.jpg 300w, https:\/\/soymigrante.com\/revista\/wp-content\/uploads\/2025\/03\/envato-labs-ai-b28396c2-cc72-4d39-8153-36145fa83c21-768x429.jpg 768w, https:\/\/soymigrante.com\/revista\/wp-content\/uploads\/2025\/03\/envato-labs-ai-b28396c2-cc72-4d39-8153-36145fa83c21-750x419.webp 750w, https:\/\/soymigrante.com\/revista\/wp-content\/uploads\/2025\/03\/envato-labs-ai-b28396c2-cc72-4d39-8153-36145fa83c21-1140x636.webp 1140w, https:\/\/soymigrante.com\/revista\/wp-content\/uploads\/2025\/03\/envato-labs-ai-b28396c2-cc72-4d39-8153-36145fa83c21.webp 1376w\" sizes=\"(max-width: 768px) 100vw, 768px\" title=\"Se insta a los migrantes a respetar todas las leyes, a conducirse correctamente en el tr\u00e1nsito y en su vida cotidiana, as\u00ed como pagar sus impuestos de manera correcta. \u2013 SoyMigrante.com REVISTA\" \/>\t\t\t\t\t\t\t\t\t\t\t<figcaption class=\"widget-image-caption wp-caption-text\">Cocinera profesional en cocina de restaurante preparando vegetales y tomates frescos para platos gourmet.<\/figcaption>\n\t\t\t\t\t\t\t\t\t\t<\/figure>\n\t\t\t\t\t\t\t\t\t<\/div>\n\t\t\t\t\t<\/div>\n\t\t\t\t<\/div>\n\t\t<div data-particle_enable=\"false\" data-particle-mobile-disabled=\"false\" class=\"elementor-element elementor-element-a1a6de3 e-flex e-con-boxed e-con e-parent\" data-id=\"a1a6de3\" data-element_type=\"container\" data-e-type=\"container\">\n\t\t\t\t\t<div class=\"e-con-inner\">\n\t\t\t\t<div class=\"elementor-element elementor-element-11aa8be elementor-widget elementor-widget-heading\" data-id=\"11aa8be\" data-element_type=\"widget\" data-e-type=\"widget\" data-widget_type=\"heading.default\">\n\t\t\t\t\t<h3 class=\"elementor-heading-title elementor-size-default\">Seguridad y puntos fronterizos<\/h3>\t\t\t\t<\/div>\n\t\t\t\t\t<\/div>\n\t\t\t\t<\/div>\n\t\t<div data-particle_enable=\"false\" data-particle-mobile-disabled=\"false\" class=\"elementor-element elementor-element-43a749b e-flex e-con-boxed e-con e-parent\" data-id=\"43a749b\" data-element_type=\"container\" data-e-type=\"container\">\n\t\t\t\t\t<div class=\"e-con-inner\">\n\t\t\t\t<div class=\"elementor-element elementor-element-a8dc701 elementor-widget elementor-widget-text-editor\" data-id=\"a8dc701\" data-element_type=\"widget\" data-e-type=\"widget\" data-widget_type=\"text-editor.default\">\n\t\t\t\t\t\t\t\t\t<div>Uno de los primeros puntos tratados fue la seguridad en la frontera entre Estados Unidos y M\u00e9xico.<\/div><div><a href=\"https:\/\/soymigrante.com\/revista\/suman-mas-de-66-mil-las-deportacioens-de-guatemaltecos-en-2024\/\" target=\"_blank\" rel=\"noopener\">Brown explic\u00f3 que en el actual gobierno la tendencia es a reforzar medidas a\u00fan\u00a0 m\u00e1s estrictas<\/a> para controlar el flujo migratorio, incluyendo:<\/div><div><strong>\u2022Expansi\u00f3n de barreras f\u00edsicas:<\/strong> Se espera la continuidad de la construcci\u00f3n del muro fronterizo con mayor financiaci\u00f3n y recursos para su desarrollo.<\/div><div><strong>\u2022Mayor presencia del Servicio de Inmigraci\u00f3n y Control de Aduanas (ICE):<\/strong> Se prev\u00e9 un aumento en la detenci\u00f3n de inmigrantes indocumentados tanto en la frontera como en \u00e1reas urbanas.<\/div><div><strong>\u2022Uso de \u00f3rdenes ejecutivas:<\/strong> Posible implementaci\u00f3n r\u00e1pida de pol\u00edticas migratorias sin la necesidad de aprobaci\u00f3n del Congreso, lo que agilizar\u00eda medidas de deportaci\u00f3n y restricciones de asilo.<\/div>\t\t\t\t\t\t\t\t<\/div>\n\t\t\t\t\t<\/div>\n\t\t\t\t<\/div>\n\t\t<div data-particle_enable=\"false\" data-particle-mobile-disabled=\"false\" class=\"elementor-element elementor-element-fee9092 e-flex e-con-boxed e-con e-parent\" data-id=\"fee9092\" data-element_type=\"container\" data-e-type=\"container\">\n\t\t\t\t\t<div class=\"e-con-inner\">\n\t\t\t\t<div class=\"elementor-element elementor-element-2945991 elementor-invisible elementor-widget elementor-widget-facebook-embed\" data-id=\"2945991\" data-element_type=\"widget\" data-e-type=\"widget\" data-settings=\"{&quot;_animation&quot;:&quot;zoomInDown&quot;}\" data-widget_type=\"facebook-embed.default\">\n\t\t\t\t\t<div style=\"min-height: 1px\" class=\"elementor-facebook-widget fb-post\" data-href=\"https:\/\/www.facebook.com\/photo.php?fbid=648002404252817&#038;set=pb.100071291902814.-2207520000&#038;type=3\" data-show-text=\"false\"><\/div>\t\t\t\t<\/div>\n\t\t\t\t\t<\/div>\n\t\t\t\t<\/div>\n\t\t<div data-particle_enable=\"false\" data-particle-mobile-disabled=\"false\" class=\"elementor-element elementor-element-44f18fd e-flex e-con-boxed e-con e-parent\" data-id=\"44f18fd\" data-element_type=\"container\" data-e-type=\"container\">\n\t\t\t\t\t<div class=\"e-con-inner\">\n\t\t\t\t<div class=\"elementor-element elementor-element-2b43979 elementor-widget elementor-widget-heading\" data-id=\"2b43979\" data-element_type=\"widget\" data-e-type=\"widget\" data-widget_type=\"heading.default\">\n\t\t\t\t\t<h3 class=\"elementor-heading-title elementor-size-default\">Prioridades de deportaci\u00f3n<\/h3>\t\t\t\t<\/div>\n\t\t\t\t\t<\/div>\n\t\t\t\t<\/div>\n\t\t<div data-particle_enable=\"false\" data-particle-mobile-disabled=\"false\" class=\"elementor-element elementor-element-e9c07f6 e-flex e-con-boxed e-con e-parent\" data-id=\"e9c07f6\" data-element_type=\"container\" data-e-type=\"container\">\n\t\t\t\t\t<div class=\"e-con-inner\">\n\t\t\t\t<div class=\"elementor-element elementor-element-565dd63 elementor-widget elementor-widget-text-editor\" data-id=\"565dd63\" data-element_type=\"widget\" data-e-type=\"widget\" data-widget_type=\"text-editor.default\">\n\t\t\t\t\t\t\t\t\t<div><a href=\"https:\/\/soymigrante.com\/revista\/suman-mas-de-66-mil-las-deportacioens-de-guatemaltecos-en-2024\/\" target=\"_blank\" rel=\"noopener\">Otro de los temas abordados por la abogada fue el enfoque que podr\u00eda tomar el gobierno estadounidense<\/a> en relaci\u00f3n con las deportaciones.<\/div><div>Brown destac\u00f3 que se pondr\u00eda especial atenci\u00f3n en los siguientes casos:<\/div><div><strong>\u2022Personas con antecedentes penales:<\/strong> La deportaci\u00f3n se priorizar\u00eda para quienes tengan registros criminales en EE.UU.<\/div><div><strong>\u2022Migrantes con \u00f3rdenes de deportaci\u00f3n recientes:<\/strong> Se enfocar\u00eda en aquellos que hayan agotado sus opciones legales para permanecer en el pa\u00eds.<\/div><div><strong>\u2022Norma de carga p\u00fablica:<\/strong> Se fortalecer\u00eda la aplicaci\u00f3n de esta medida, exigiendo que los inmigrantes demuestren independencia financiera y <a href=\"https:\/\/soymigrante.com\/revista\/suman-mas-de-66-mil-las-deportacioens-de-guatemaltecos-en-2024\/\" target=\"_blank\" rel=\"noopener\">no dependan de beneficios p\u00fablicos para evitar ser considerados inadmisibles.<\/a><\/div>\t\t\t\t\t\t\t\t<\/div>\n\t\t\t\t\t<\/div>\n\t\t\t\t<\/div>\n\t\t<div data-particle_enable=\"false\" data-particle-mobile-disabled=\"false\" class=\"elementor-element elementor-element-03a47e8 e-flex e-con-boxed e-con e-parent\" data-id=\"03a47e8\" data-element_type=\"container\" data-e-type=\"container\">\n\t\t\t\t\t<div class=\"e-con-inner\">\n\t\t\t\t<div class=\"elementor-element elementor-element-949664e elementor-invisible elementor-widget elementor-widget-facebook-embed\" data-id=\"949664e\" data-element_type=\"widget\" data-e-type=\"widget\" data-settings=\"{&quot;_animation&quot;:&quot;zoomInDown&quot;}\" data-widget_type=\"facebook-embed.default\">\n\t\t\t\t\t<div style=\"min-height: 1px\" class=\"elementor-facebook-widget fb-video\" data-href=\"https:\/\/www.facebook.com\/meredith.brown1\/videos\/654898390414454\" data-show-text=\"false\" data-allowfullscreen=\"false\" data-autoplay=\"false\" data-show-captions=\"false\"><\/div>\t\t\t\t<\/div>\n\t\t\t\t\t<\/div>\n\t\t\t\t<\/div>\n\t\t<div data-particle_enable=\"false\" data-particle-mobile-disabled=\"false\" class=\"elementor-element elementor-element-6acc0ec e-flex e-con-boxed e-con e-parent\" data-id=\"6acc0ec\" data-element_type=\"container\" data-e-type=\"container\">\n\t\t\t\t\t<div class=\"e-con-inner\">\n\t\t\t\t<div class=\"elementor-element elementor-element-1227b8b elementor-widget elementor-widget-heading\" data-id=\"1227b8b\" data-element_type=\"widget\" data-e-type=\"widget\" data-widget_type=\"heading.default\">\n\t\t\t\t\t<h3 class=\"elementor-heading-title elementor-size-default\">Cambios en pol\u00edticas de asilo y refugio<\/h3>\t\t\t\t<\/div>\n\t\t\t\t\t<\/div>\n\t\t\t\t<\/div>\n\t\t<div data-particle_enable=\"false\" data-particle-mobile-disabled=\"false\" class=\"elementor-element elementor-element-04204ba e-flex e-con-boxed e-con e-parent\" data-id=\"04204ba\" data-element_type=\"container\" data-e-type=\"container\">\n\t\t\t\t\t<div class=\"e-con-inner\">\n\t\t\t\t<div class=\"elementor-element elementor-element-636e12d elementor-widget elementor-widget-text-editor\" data-id=\"636e12d\" data-element_type=\"widget\" data-e-type=\"widget\" data-widget_type=\"text-editor.default\">\n\t\t\t\t\t\t\t\t\t<div><a href=\"https:\/\/soymigrante.com\/revista\/suman-mas-de-66-mil-las-deportacioens-de-guatemaltecos-en-2024\/\" target=\"_blank\" rel=\"noopener\">En cuanto a las pol\u00edticas de asilo, Brown indic\u00f3 que podr\u00edan endurecerse los requisitos para quienes busquen protecci\u00f3n en Estados Unidos<\/a>. Entre las posibles modificaciones mencion\u00f3:<\/div><div><strong>\u2022Est\u00e1ndares de asilo m\u00e1s estrictos:<\/strong> Se redefinir\u00edan los criterios de elegibilidad, con una posible reactivaci\u00f3n del programa \u201cPermanecer en M\u00e9xico\u201d, que obliga a los solicitantes de asilo a esperar fuera de EE.UU. mientras se procesan sus casos.<\/div><div><strong>\u2022Reducci\u00f3n de admisiones de refugiados:<\/strong> Se disminuir\u00edan los cupos anuales de refugiados, restringiendo a\u00fan m\u00e1s las oportunidades de inmigraci\u00f3n humanitaria.<\/div>\t\t\t\t\t\t\t\t<\/div>\n\t\t\t\t\t<\/div>\n\t\t\t\t<\/div>\n\t\t<div data-particle_enable=\"false\" data-particle-mobile-disabled=\"false\" class=\"elementor-element elementor-element-2af5691 e-flex e-con-boxed e-con e-parent\" data-id=\"2af5691\" data-element_type=\"container\" data-e-type=\"container\">\n\t\t\t\t\t<div class=\"e-con-inner\">\n\t\t\t\t<div class=\"elementor-element elementor-element-4c6093d elementor-widget elementor-widget-image\" data-id=\"4c6093d\" data-element_type=\"widget\" data-e-type=\"widget\" data-widget_type=\"image.default\">\n\t\t\t\t\t\t\t\t\t\t\t\t<figure class=\"wp-caption\">\n\t\t\t\t\t\t\t\t\t\t<img decoding=\"async\" width=\"768\" height=\"434\" src=\"https:\/\/soymigrante.com\/revista\/wp-content\/uploads\/2025\/03\/Abogada-de-inmigracio\u0301n-Meredith-Brown-da-consejos-para-este-2025-1024x579.png\" class=\"attachment-large size-large wp-image-27292\" alt=\"La abogada Meredith Brown es experta en el tema migratorio y ha asesorado a la Red Migrante Guatemalteca.\" srcset=\"https:\/\/soymigrante.com\/revista\/wp-content\/uploads\/2025\/03\/Abogada-de-inmigracio\u0301n-Meredith-Brown-da-consejos-para-este-2025-1024x579.png 1024w, https:\/\/soymigrante.com\/revista\/wp-content\/uploads\/2025\/03\/Abogada-de-inmigracio\u0301n-Meredith-Brown-da-consejos-para-este-2025-300x170.png 300w, https:\/\/soymigrante.com\/revista\/wp-content\/uploads\/2025\/03\/Abogada-de-inmigracio\u0301n-Meredith-Brown-da-consejos-para-este-2025-768x435.png 768w, https:\/\/soymigrante.com\/revista\/wp-content\/uploads\/2025\/03\/Abogada-de-inmigracio\u0301n-Meredith-Brown-da-consejos-para-este-2025-750x424.webp 750w, https:\/\/soymigrante.com\/revista\/wp-content\/uploads\/2025\/03\/Abogada-de-inmigracio\u0301n-Meredith-Brown-da-consejos-para-este-2025.webp 1071w\" sizes=\"(max-width: 768px) 100vw, 768px\" title=\"La abogada Meredith Brown es experta en el tema migratorio y ha asesorado a la Red Migrante Guatemalteca. \u2013 SoyMigrante.com REVISTA\" \/>\t\t\t\t\t\t\t\t\t\t\t<figcaption class=\"widget-image-caption wp-caption-text\">La abogada Meredith Brown es experta en el tema migratorio y ha asesorado a la Red Migrante Guatemalteca.<\/figcaption>\n\t\t\t\t\t\t\t\t\t\t<\/figure>\n\t\t\t\t\t\t\t\t\t<\/div>\n\t\t\t\t\t<\/div>\n\t\t\t\t<\/div>\n\t\t<div data-particle_enable=\"false\" data-particle-mobile-disabled=\"false\" class=\"elementor-element elementor-element-1826e52 e-flex e-con-boxed e-con e-parent\" data-id=\"1826e52\" data-element_type=\"container\" data-e-type=\"container\">\n\t\t\t\t\t<div class=\"e-con-inner\">\n\t\t\t\t<div class=\"elementor-element elementor-element-006a882 elementor-widget elementor-widget-text-editor\" data-id=\"006a882\" data-element_type=\"widget\" data-e-type=\"widget\" data-widget_type=\"text-editor.default\">\n\t\t\t\t\t\t\t\t\t<p><a href=\"https:\/\/soymigrante.com\/revista\/suman-mas-de-66-mil-las-deportacioens-de-guatemaltecos-en-2024\/\" target=\"_blank\" rel=\"noopener\">La conversaci\u00f3n entre Brown y Batres subray\u00f3 la importancia de que los migrantes est\u00e9n informados<\/a> sobre los posibles cambios en las pol\u00edticas migratorias y tomen decisiones con base en informaci\u00f3n actualizada y asesor\u00eda legal confiable. No deber\u00edan llenar formularios por s\u00ed solos o en caso de ser detenidos tampoco est\u00e1n obligados a firmar nada sin la asesor\u00eda de su abogado.\u00a0<\/p>\t\t\t\t\t\t\t\t<\/div>\n\t\t\t\t\t<\/div>\n\t\t\t\t<\/div>\n\t\t<div data-particle_enable=\"false\" data-particle-mobile-disabled=\"false\" class=\"elementor-element elementor-element-b89e746 e-flex e-con-boxed e-con e-parent\" data-id=\"b89e746\" data-element_type=\"container\" data-e-type=\"container\">\n\t\t\t\t\t<div class=\"e-con-inner\">\n\t\t\t\t<div class=\"elementor-element elementor-element-8a8761a elementor-widget elementor-widget-heading\" data-id=\"8a8761a\" data-element_type=\"widget\" data-e-type=\"widget\" data-widget_type=\"heading.default\">\n\t\t\t\t\t<h2 class=\"elementor-heading-title elementor-size-default\">Conoce otros recursos migratorios que pueden servirte...<\/h2>\t\t\t\t<\/div>\n\t\t\t\t\t<\/div>\n\t\t\t\t<\/div>\n\t\t<div data-particle_enable=\"false\" data-particle-mobile-disabled=\"false\" class=\"elementor-element elementor-element-ea690af e-flex e-con-boxed e-con e-parent\" data-id=\"ea690af\" data-element_type=\"container\" data-e-type=\"container\">\n\t\t\t\t\t<div class=\"e-con-inner\">\n\t\t\t\t<div class=\"elementor-element elementor-element-5a7e14d elementor-grid-eael-col-3 elementor-grid-tablet-eael-col-2 elementor-grid-mobile-eael-col-1 elementor-widget elementor-widget-eael-post-grid\" data-id=\"5a7e14d\" data-element_type=\"widget\" data-e-type=\"widget\" data-settings=\"{&quot;eael_post_grid_columns&quot;:&quot;eael-col-3&quot;,&quot;eael_post_grid_columns_tablet&quot;:&quot;eael-col-2&quot;,&quot;eael_post_grid_columns_mobile&quot;:&quot;eael-col-1&quot;}\" data-widget_type=\"eael-post-grid.default\">\n\t\t\t\t\t<div id=\"eael-post-grid-5a7e14d\" class=\"eael-post-grid-container\">\n            <div class=\"eael-post-grid eael-post-appender eael-post-appender-5a7e14d eael-post-grid-style-one\" data-layout-mode=\"masonry\"><article class=\"eael-grid-post  eael-post-grid-column eael-pg-post-14173 category-recursos-migratorios\" data-id=\"14173\">\n        <div class=\"eael-grid-post-holder\">\n            <div class=\"eael-grid-post-holder-inner\"><div class=\"eael-entry-media\"><div class=\"eael-entry-overlay fade-in\"><i class=\"far fa-hand-pointer\" aria-hidden=\"true\"><\/i><a href=\"https:\/\/soymigrante.com\/revista\/documento-real-id-sera-obligatorio-para-vuelos-internos-en-usa-por-que-y-cuando\/\"><\/a><\/div><div class=\"eael-entry-thumbnail \">\n                <img decoding=\"async\" width=\"765\" height=\"752\" src=\"https:\/\/soymigrante.com\/revista\/wp-content\/uploads\/2024\/11\/real-id-obligatorio-vuelos-usa-1.webp\" class=\"attachment-large size-large wp-image-14174\" alt=\"Pasajeros en el aeropuerto con personal de inmigraci\u00f3n y control de seguridad, escenario com\u00fan para migrantes en tr\u00e1nsito en una terminal a\u00e9rea internacional.\" srcset=\"https:\/\/soymigrante.com\/revista\/wp-content\/uploads\/2024\/11\/real-id-obligatorio-vuelos-usa-1.webp 765w, https:\/\/soymigrante.com\/revista\/wp-content\/uploads\/2024\/11\/real-id-obligatorio-vuelos-usa-1-300x295.jpg 300w, https:\/\/soymigrante.com\/revista\/wp-content\/uploads\/2024\/11\/real-id-obligatorio-vuelos-usa-1-75x75.webp 75w, https:\/\/soymigrante.com\/revista\/wp-content\/uploads\/2024\/11\/real-id-obligatorio-vuelos-usa-1-750x737.webp 750w\" sizes=\"(max-width: 765px) 100vw, 765px\" \/>\n            <\/div>\n        <\/div><div class=\"eael-entry-wrapper\"><header class=\"eael-entry-header\"><h2 class=\"eael-entry-title\"><a class=\"eael-grid-post-link\" href=\"https:\/\/soymigrante.com\/revista\/documento-real-id-sera-obligatorio-para-vuelos-internos-en-usa-por-que-y-cuando\/\" title=\"Documento Real ID es obligatorio para vuelos internos en USA desde este 7 de mayo de 2025\">Documento Real ID es obligatorio para vuelos internos en USA desde este 7 de mayo de 2025<\/a><\/h2><\/header><div class=\"eael-entry-content\">\n                        <div class=\"eael-grid-post-excerpt\"><a href=\"https:\/\/soymigrante.com\/revista\/documento-real-id-sera-obligatorio-para-vuelos-internos-en-usa-por-que-y-cuando\/\" class=\"eael-post-elements-readmore-btn\">CONOCE SU HISTORIA <\/a><\/div>\n                    <\/div><\/div><\/div>\n        <\/div>\n    <\/article><article class=\"eael-grid-post  eael-post-grid-column eael-pg-post-20587 category-recursos-migratorios\" data-id=\"20587\">\n        <div class=\"eael-grid-post-holder\">\n            <div class=\"eael-grid-post-holder-inner\"><div class=\"eael-entry-media\"><div class=\"eael-entry-overlay fade-in\"><i class=\"far fa-hand-pointer\" aria-hidden=\"true\"><\/i><a href=\"https:\/\/soymigrante.com\/revista\/las-visas-h-2-de-trabajadores-temporales-en-estados-unidos\/\"><\/a><\/div><div class=\"eael-entry-thumbnail \">\n                <img loading=\"lazy\" decoding=\"async\" width=\"1024\" height=\"683\" src=\"https:\/\/soymigrante.com\/revista\/wp-content\/uploads\/2024\/12\/trabajos-migrantes-4-1024x683.jpg\" class=\"attachment-large size-large wp-image-16703\" alt=\"Aislamiento t\u00e9rmico en edificio en construcci\u00f3n, trabajo de instalaci\u00f3n en fachadas, construcci\u00f3n de vivienda de alta eficiencia energ\u00e9tica, obra de aislamiento exterior, t\u00e9cnicas de construcci\u00f3n sostenibles.\" \/>\n            <\/div>\n        <\/div><div class=\"eael-entry-wrapper\"><header class=\"eael-entry-header\"><h2 class=\"eael-entry-title\"><a class=\"eael-grid-post-link\" href=\"https:\/\/soymigrante.com\/revista\/las-visas-h-2-de-trabajadores-temporales-en-estados-unidos\/\" title=\"Hay dos tipos de visas H-2 para  trabajadores temporales en Estados Unidos\">Hay dos tipos de visas H-2 para  trabajadores temporales en Estados Unidos<\/a><\/h2><\/header><div class=\"eael-entry-content\">\n                        <div class=\"eael-grid-post-excerpt\"><a href=\"https:\/\/soymigrante.com\/revista\/las-visas-h-2-de-trabajadores-temporales-en-estados-unidos\/\" class=\"eael-post-elements-readmore-btn\">CONOCE SU HISTORIA <\/a><\/div>\n                    <\/div><\/div><\/div>\n        <\/div>\n    <\/article><article class=\"eael-grid-post  eael-post-grid-column eael-pg-post-18199 category-recursos-migratorios tags-preguntas-y-respuestas\" data-id=\"18199\">\n        <div class=\"eael-grid-post-holder\">\n            <div class=\"eael-grid-post-holder-inner\"><div class=\"eael-entry-media\"><div class=\"eael-entry-overlay fade-in\"><i class=\"far fa-hand-pointer\" aria-hidden=\"true\"><\/i><a href=\"https:\/\/soymigrante.com\/revista\/preguntas-y-respuestas-que-es-el-derecho-a-la-ciudadania-por-nacimiento-en-ee-uu\/\"><\/a><\/div><div class=\"eael-entry-thumbnail \">\n                <img loading=\"lazy\" decoding=\"async\" width=\"764\" height=\"764\" src=\"https:\/\/soymigrante.com\/revista\/wp-content\/uploads\/2024\/12\/ciudadania-por-nacimiento-US-1.webp\" class=\"attachment-large size-large wp-image-18203\" alt=\"Diversi\u00f3n infantil en un parque con bandera de Estados Unidos al fondo. Ni\u00f1os sonriendo y jugando en un ambiente alegre y multicultural.\" srcset=\"https:\/\/soymigrante.com\/revista\/wp-content\/uploads\/2024\/12\/ciudadania-por-nacimiento-US-1.webp 764w, https:\/\/soymigrante.com\/revista\/wp-content\/uploads\/2024\/12\/ciudadania-por-nacimiento-US-1-300x300.jpg 300w, https:\/\/soymigrante.com\/revista\/wp-content\/uploads\/2024\/12\/ciudadania-por-nacimiento-US-1-150x150.jpg 150w, https:\/\/soymigrante.com\/revista\/wp-content\/uploads\/2024\/12\/ciudadania-por-nacimiento-US-1-75x75.webp 75w, https:\/\/soymigrante.com\/revista\/wp-content\/uploads\/2024\/12\/ciudadania-por-nacimiento-US-1-750x750.webp 750w\" sizes=\"(max-width: 764px) 100vw, 764px\" \/>\n            <\/div>\n        <\/div><div class=\"eael-entry-wrapper\"><header class=\"eael-entry-header\"><h2 class=\"eael-entry-title\"><a class=\"eael-grid-post-link\" href=\"https:\/\/soymigrante.com\/revista\/preguntas-y-respuestas-que-es-el-derecho-a-la-ciudadania-por-nacimiento-en-ee-uu\/\" title=\"Preguntas y respuestas: \u00bfQu\u00e9 es el derecho a la ciudadan\u00eda por nacimiento en EE.UU?\">Preguntas y respuestas: \u00bfQu\u00e9 es el derecho a la ciudadan\u00eda por nacimiento en EE.UU?<\/a><\/h2><\/header><div class=\"eael-entry-content\">\n                        <div class=\"eael-grid-post-excerpt\"><a href=\"https:\/\/soymigrante.com\/revista\/preguntas-y-respuestas-que-es-el-derecho-a-la-ciudadania-por-nacimiento-en-ee-uu\/\" class=\"eael-post-elements-readmore-btn\">CONOCE SU HISTORIA <\/a><\/div>\n                    <\/div><\/div><\/div>\n        <\/div>\n    <\/article><\/div>\n            <div class=\"clearfix\"><\/div>\n        <\/div>\t\t\t\t<\/div>\n\t\t\t\t\t<\/div>\n\t\t\t\t<\/div>\n\t\t\t\t<\/div>\n\t\t","protected":false},"excerpt":{"rendered":"<p>En conversatorio organizado por la Red Migrante Guatemalteca, la abogada experta en temas migratorios Meredith Brown convers\u00f3 con el l\u00edder Walter Batres acerca de situaciones y derechos que han cobrado importancia en este 2025. Meredith Brown, abogada especializada en inmigraci\u00f3n, convers\u00f3 recientemente con Walter Batres, representante de la Red Migrante Guatemalteca, sobre los principales derechos [&hellip;]<\/p>\n","protected":false},"author":19,"featured_media":27349,"comment_status":"open","ping_status":"open","sticky":false,"template":"","format":"standard","meta":{"_acf_changed":false,"_eb_attr":"","footnotes":""},"categories":[59],"tags":[],"class_list":["post-27286","post","type-post","status-publish","format-standard","has-post-thumbnail","hentry","category-recursos-migratorios"],"acf":[],"aioseo_notices":[],"aioseo_head":"\n\t\t<!-- All in One SEO Pro 4.9.6.2 - aioseo.com -->\n\t<meta name=\"description\" content=\"\u00bfToda persona que nace en USA tiene el derecho a la ciudadan\u00eda aunque sus padres sean indocumentados? \u00bfEn qu\u00e9 se basa este derecho? Preguntas y respuestas\" \/>\n\t<meta name=\"robots\" content=\"max-snippet:-1, max-image-preview:large, max-video-preview:-1\" \/>\n\t<meta name=\"author\" content=\"Gustavo Montenegro\"\/>\n\t<link rel=\"canonical\" href=\"https:\/\/soymigrante.com\/revista\/preguntas-y-respuestas-que-es-el-derecho-a-la-ciudadania-por-nacimiento-en-ee-uu\/\" \/>\n\t<meta name=\"generator\" content=\"All in One SEO Pro (AIOSEO) 4.9.6.2\" \/>\n\n\t\t<link rel=\"preconnect\" href=\"https:\/\/fonts.googleapis.com\" crossorigin>\n<link rel=\"preconnect\" href=\"https:\/\/fonts.gstatic.com\" crossorigin>\n\t\t<meta property=\"og:locale\" content=\"es_ES\" \/>\n\t\t<meta property=\"og:site_name\" content=\"SoyMigrante.com REVISTA \u2013 Nuestra misi\u00f3n es reconocer y dignificar al migrante.\" \/>\n\t\t<meta property=\"og:type\" content=\"article\" \/>\n\t\t<meta property=\"og:title\" content=\"Q&amp;A \u00bfQu\u00e9 es el derecho a la ciudadan\u00eda en USA por nacimiento?\" \/>\n\t\t<meta property=\"og:description\" content=\"\u00bfToda persona que nace en USA tiene el derecho a la ciudadan\u00eda aunque sus padres sean indocumentados? \u00bfEn qu\u00e9 se basa este derecho? Preguntas y respuestas\" \/>\n\t\t<meta property=\"og:url\" content=\"https:\/\/soymigrante.com\/revista\/preguntas-y-respuestas-que-es-el-derecho-a-la-ciudadania-por-nacimiento-en-ee-uu\/\" \/>\n\t\t<meta property=\"og:image\" content=\"https:\/\/soymigrante.com\/revista\/wp-content\/uploads\/2024\/12\/ciudadania-por-nacimiento-US-1.webp\" \/>\n\t\t<meta property=\"og:image:secure_url\" content=\"https:\/\/soymigrante.com\/revista\/wp-content\/uploads\/2024\/12\/ciudadania-por-nacimiento-US-1.webp\" \/>\n\t\t<meta property=\"og:image:width\" content=\"764\" \/>\n\t\t<meta property=\"og:image:height\" content=\"764\" \/>\n\t\t<meta property=\"article:published_time\" content=\"2024-12-27T15:05:50+00:00\" \/>\n\t\t<meta property=\"article:modified_time\" content=\"2024-12-30T16:25:57+00:00\" \/>\n\t\t<meta property=\"article:publisher\" content=\"https:\/\/www.facebook.com\/soymigrantecom\" \/>\n\t\t<meta name=\"twitter:card\" content=\"summary_large_image\" \/>\n\t\t<meta name=\"twitter:site\" content=\"@SoyMigrante_com\" \/>\n\t\t<meta name=\"twitter:title\" content=\"Q&amp;A \u00bfQu\u00e9 es el derecho a la ciudadan\u00eda en USA por nacimiento?\" \/>\n\t\t<meta name=\"twitter:description\" content=\"\u00bfToda persona que nace en USA tiene el derecho a la ciudadan\u00eda aunque sus padres sean indocumentados? \u00bfEn qu\u00e9 se basa este derecho? Preguntas y respuestas\" \/>\n\t\t<meta name=\"twitter:creator\" content=\"@SoyMigrante_com\" \/>\n\t\t<meta name=\"twitter:image\" content=\"https:\/\/soymigrante.com\/revista\/wp-content\/uploads\/2024\/12\/ciudadania-por-nacimiento-US-1.webp\" \/>\n\t\t<!-- All in One SEO Pro -->\r\n\t\t<title>Q&amp;A \u00bfQu\u00e9 es el derecho a la ciudadan\u00eda en USA por nacimiento?<\/title>\n\n","aioseo_head_json":{"title":"Q&A \u00bfQu\u00e9 es el derecho a la ciudadan\u00eda en USA por nacimiento?","description":"\u00bfToda persona que nace en USA tiene el derecho a la ciudadan\u00eda aunque sus padres sean indocumentados? \u00bfEn qu\u00e9 se basa este derecho? Preguntas y respuestas","canonical_url":"https:\/\/soymigrante.com\/revista\/preguntas-y-respuestas-que-es-el-derecho-a-la-ciudadania-por-nacimiento-en-ee-uu\/","robots":"max-snippet:-1, max-image-preview:large, max-video-preview:-1","keywords":"","webmasterTools":{"miscellaneous":"&lt;link rel=\"preconnect\" href=\"https:\/\/fonts.googleapis.com\" crossorigin&gt;\n&lt;link rel=\"preconnect\" href=\"https:\/\/fonts.gstatic.com\" crossorigin&gt;"},"schema":null,"og:locale":"es_ES","og:site_name":"SoyMigrante.com REVISTA \u2013 Nuestra misi\u00f3n es reconocer y dignificar al migrante.","og:type":"article","og:title":"Q&amp;A \u00bfQu\u00e9 es el derecho a la ciudadan\u00eda en USA por nacimiento?","og:description":"\u00bfToda persona que nace en USA tiene el derecho a la ciudadan\u00eda aunque sus padres sean indocumentados? \u00bfEn qu\u00e9 se basa este derecho? Preguntas y respuestas","og:url":"https:\/\/soymigrante.com\/revista\/preguntas-y-respuestas-que-es-el-derecho-a-la-ciudadania-por-nacimiento-en-ee-uu\/","og:image":"https:\/\/soymigrante.com\/revista\/wp-content\/uploads\/2024\/12\/ciudadania-por-nacimiento-US-1.webp","og:image:secure_url":"https:\/\/soymigrante.com\/revista\/wp-content\/uploads\/2024\/12\/ciudadania-por-nacimiento-US-1.webp","og:image:width":764,"og:image:height":764,"article:published_time":"2024-12-27T15:05:50+00:00","article:modified_time":"2024-12-30T16:25:57+00:00","article:publisher":"https:\/\/www.facebook.com\/soymigrantecom","twitter:card":"summary_large_image","twitter:site":"@SoyMigrante_com","twitter:title":"Q&amp;A \u00bfQu\u00e9 es el derecho a la ciudadan\u00eda en USA por nacimiento?","twitter:description":"\u00bfToda persona que nace en USA tiene el derecho a la ciudadan\u00eda aunque sus padres sean indocumentados? \u00bfEn qu\u00e9 se basa este derecho? Preguntas y respuestas","twitter:creator":"@SoyMigrante_com","twitter:image":"https:\/\/soymigrante.com\/revista\/wp-content\/uploads\/2024\/12\/ciudadania-por-nacimiento-US-1.webp"},"aioseo_meta_data":{"post_id":"27286","title":"Abogada Meredith Brown ofrece claves de derechos migrantes","description":"En el conversatorio, la abogada de inmigraci\u00f3n, Meredich Brown y Walter Batres, de la Red Migrante Guatemalteca, expusieron el entorno del 2025 y como actuar.","keywords":null,"keyphrases":{"focus":{"keyphrase":"inmigraci\u00f3n","score":68,"analysis":{"keyphraseInTitle":{"score":3,"maxScore":9,"error":1},"keyphraseInDescription":{"score":9,"maxScore":9,"error":0},"keyphraseLength":{"score":9,"maxScore":9,"error":0,"length":2},"keyphraseInURL":{"score":1,"maxScore":5,"error":1},"keyphraseInIntroduction":{"score":9,"maxScore":9,"error":0},"keyphraseInSubHeadings":{"score":3,"maxScore":9,"error":1},"keyphraseInImageAlt":{"score":3,"maxScore":9,"error":1},"keywordDensity":{"type":"best","score":9,"maxScore":9,"error":0}}},"additional":[{"keyphrase":"inmigraci\u00f3n","score":87,"analysis":{"keyphraseInDescription":{"score":9,"maxScore":9,"error":0},"keyphraseLength":{"score":9,"maxScore":9,"error":0,"length":2},"keyphraseInIntroduction":{"score":9,"maxScore":9,"error":0},"keyphraseInImageAlt":{"score":3,"maxScore":9,"error":1},"keywordDensity":{"type":"best","score":9,"maxScore":9,"error":0}}}]},"primary_term":null,"canonical_url":null,"og_title":null,"og_description":null,"og_object_type":"default","og_image_type":"default","og_image_url":null,"og_image_width":null,"og_image_height":null,"og_image_custom_url":null,"og_image_custom_fields":null,"og_video":"","og_custom_url":null,"og_article_section":null,"og_article_tags":null,"twitter_use_og":false,"twitter_card":"default","twitter_image_type":"default","twitter_image_url":null,"twitter_image_custom_url":null,"twitter_image_custom_fields":null,"twitter_title":null,"twitter_description":null,"schema":{"blockGraphs":[],"customGraphs":[],"default":{"data":{"Article":[],"Course":[],"Dataset":[],"FAQPage":[],"Movie":[],"Person":[],"Product":[],"ProductReview":[],"Car":[],"Recipe":[],"Service":[],"SoftwareApplication":[],"WebPage":[]},"graphName":"BlogPosting","isEnabled":true},"graphs":[]},"schema_type":"default","schema_type_options":null,"pillar_content":false,"robots_default":true,"robots_noindex":false,"robots_noarchive":false,"robots_nosnippet":false,"robots_nofollow":false,"robots_noimageindex":false,"robots_noodp":false,"robots_notranslate":false,"robots_max_snippet":"-1","robots_max_videopreview":"-1","robots_max_imagepreview":"large","priority":null,"frequency":"default","local_seo":null,"seo_analyzer_scan_date":"2025-10-09 03:13:14","breadcrumb_settings":null,"limit_modified_date":false,"reviewed_by":null,"open_ai":"{\"title\":{\"suggestions\":[],\"usage\":0},\"description\":{\"suggestions\":[],\"usage\":0}}","ai":null,"created":"2025-03-06 19:20:36","updated":"2026-02-04 22:02:43"},"aioseo_breadcrumb":"<div class=\"aioseo-breadcrumbs\"><span class=\"aioseo-breadcrumb\">\n\t<a href=\"https:\/\/soymigrante.com\/revista\" title=\"Home\">Home<\/a>\n<\/span><span class=\"aioseo-breadcrumb-separator\">\u00bb<\/span><span class=\"aioseo-breadcrumb\">\n\t<a href=\"https:\/\/soymigrante.com\/revista\/category\/recursos-migratorios\/\" title=\"Recursos Migratorios\">Recursos Migratorios<\/a>\n<\/span><span class=\"aioseo-breadcrumb-separator\">\u00bb<\/span><span class=\"aioseo-breadcrumb\">\n\tAbogada Meredith Brown expone claves de derechos migrantes en Estados Unidos\n<\/span><\/div>","aioseo_breadcrumb_json":[{"label":"Home","link":"https:\/\/soymigrante.com\/revista"},{"label":"Recursos Migratorios","link":"https:\/\/soymigrante.com\/revista\/category\/recursos-migratorios\/"},{"label":"Abogada Meredith Brown expone claves de derechos migrantes en Estados Unidos","link":"https:\/\/soymigrante.com\/revista\/abogada-meredith-brown-expone-claves-de-derechos-migrantes-en-estados-unidos\/"}],"_links":{"self":[{"href":"https:\/\/soymigrante.com\/revista\/wp-json\/wp\/v2\/posts\/27286","targetHints":{"allow":["GET"]}}],"collection":[{"href":"https:\/\/soymigrante.com\/revista\/wp-json\/wp\/v2\/posts"}],"about":[{"href":"https:\/\/soymigrante.com\/revista\/wp-json\/wp\/v2\/types\/post"}],"author":[{"embeddable":true,"href":"https:\/\/soymigrante.com\/revista\/wp-json\/wp\/v2\/users\/19"}],"replies":[{"embeddable":true,"href":"https:\/\/soymigrante.com\/revista\/wp-json\/wp\/v2\/comments?post=27286"}],"version-history":[{"count":0,"href":"https:\/\/soymigrante.com\/revista\/wp-json\/wp\/v2\/posts\/27286\/revisions"}],"wp:featuredmedia":[{"embeddable":true,"href":"https:\/\/soymigrante.com\/revista\/wp-json\/wp\/v2\/media\/27349"}],"wp:attachment":[{"href":"https:\/\/soymigrante.com\/revista\/wp-json\/wp\/v2\/media?parent=27286"}],"wp:term":[{"taxonomy":"category","embeddable":true,"href":"https:\/\/soymigrante.com\/revista\/wp-json\/wp\/v2\/categories?post=27286"},{"taxonomy":"post_tag","embeddable":true,"href":"https:\/\/soymigrante.com\/revista\/wp-json\/wp\/v2\/tags?post=27286"}],"curies":[{"name":"wp","href":"https:\/\/api.w.org\/{rel}","templated":true}]}}