{"id":27268,"date":"2025-03-06T12:43:46","date_gmt":"2025-03-06T18:43:46","guid":{"rendered":"https:\/\/soymigrante.com\/revista\/?p=27268"},"modified":"2025-03-11T15:34:32","modified_gmt":"2025-03-11T21:34:32","slug":"los-huertos-de-semana-santa-y-sus-historias-de-agradecimientos","status":"publish","type":"post","link":"https:\/\/soymigrante.com\/revista\/los-huertos-de-semana-santa-y-sus-historias-de-agradecimientos\/","title":{"rendered":"Los huertos de Semana Santa y sus historias de agradecimientos"},"content":{"rendered":"\t\t<div data-elementor-type=\"wp-post\" data-elementor-id=\"27268\" class=\"elementor elementor-27268\" data-elementor-post-type=\"post\">\n\t\t\t\t<div data-particle_enable=\"false\" data-particle-mobile-disabled=\"false\" class=\"elementor-element elementor-element-22ac275 e-flex e-con-boxed e-con e-parent\" data-id=\"22ac275\" data-element_type=\"container\" data-e-type=\"container\">\n\t\t\t\t\t<div class=\"e-con-inner\">\n\t\t\t\t<div class=\"elementor-element elementor-element-d9d8602 elementor-widget elementor-widget-heading\" data-id=\"d9d8602\" data-element_type=\"widget\" data-e-type=\"widget\" data-widget_type=\"heading.default\">\n\t\t\t\t\t<h2 class=\"elementor-heading-title elementor-size-default\">Los huertos de Semana Santa est\u00e1n llenos de historias y agradecimientos, t\u00fa tambi\u00e9n puedes hacer el tuyo en casa. \n<\/h2>\t\t\t\t<\/div>\n\t\t\t\t\t<\/div>\n\t\t\t\t<\/div>\n\t\t<div data-particle_enable=\"false\" data-particle-mobile-disabled=\"false\" class=\"elementor-element elementor-element-ddb532c e-flex e-con-boxed e-con e-parent\" data-id=\"ddb532c\" data-element_type=\"container\" data-e-type=\"container\">\n\t\t\t\t\t<div class=\"e-con-inner\">\n\t\t\t\t<div class=\"elementor-element elementor-element-da39edc elementor-widget elementor-widget-text-editor\" data-id=\"da39edc\" data-element_type=\"widget\" data-e-type=\"widget\" data-widget_type=\"text-editor.default\">\n\t\t\t\t\t\t\t\t\t<p>Los huertos en los altares de velaci\u00f3n son una tradici\u00f3n profundamente arraigada en la Cuaresma y Semana Santa de Guatemala, especialmente en ciudades como <a href=\"https:\/\/soymigrante.com\/revista\/la-antigua-guatemala-florece-en-tradiciones-de-piedad-popular-en-cuaresma-y-semana-santa\/\" target=\"_blank\" rel=\"noopener\">Antigua Guatemala y la Ciudad de Guatemala<\/a>.<\/p><p>Estos altares, tambi\u00e9n conocidos como huertos cuaresmales, se instalan en las iglesias durante este periodo y <a href=\"https:\/\/soymigrante.com\/revista\/la-antigua-guatemala-florece-en-tradiciones-de-piedad-popular-en-cuaresma-y-semana-santa\/\" target=\"_blank\" rel=\"noopener\">sirven como espacios de oraci\u00f3n y reflexi\u00f3n para los fieles.<\/a><\/p>\t\t\t\t\t\t\t\t<\/div>\n\t\t\t\t\t<\/div>\n\t\t\t\t<\/div>\n\t\t<div data-particle_enable=\"false\" data-particle-mobile-disabled=\"false\" class=\"elementor-element elementor-element-1079a41 e-flex e-con-boxed e-con e-parent\" data-id=\"1079a41\" data-element_type=\"container\" data-e-type=\"container\">\n\t\t\t\t\t<div class=\"e-con-inner\">\n\t\t\t\t<div class=\"elementor-element elementor-element-cf26013 elementor-widget elementor-widget-heading\" data-id=\"cf26013\" data-element_type=\"widget\" data-e-type=\"widget\" data-widget_type=\"heading.default\">\n\t\t\t\t\t<h3 class=\"elementor-heading-title elementor-size-default\">Historia y significado de los huertos en los altares de velaci\u00f3n<\/h3>\t\t\t\t<\/div>\n\t\t\t\t\t<\/div>\n\t\t\t\t<\/div>\n\t\t<div data-particle_enable=\"false\" data-particle-mobile-disabled=\"false\" class=\"elementor-element elementor-element-7b4a3bb e-flex e-con-boxed e-con e-parent\" data-id=\"7b4a3bb\" data-element_type=\"container\" data-e-type=\"container\">\n\t\t\t\t\t<div class=\"e-con-inner\">\n\t\t\t\t<div class=\"elementor-element elementor-element-c260680 elementor-widget elementor-widget-text-editor\" data-id=\"c260680\" data-element_type=\"widget\" data-e-type=\"widget\" data-widget_type=\"text-editor.default\">\n\t\t\t\t\t\t\t\t\t<p>La pr\u00e1ctica de crear huertos en los altares de velaci\u00f3n se remonta a los primeros esfuerzos de evangelizaci\u00f3n en Am\u00e9rica.<\/p><p><a href=\"https:\/\/soymigrante.com\/revista\/la-antigua-guatemala-florece-en-tradiciones-de-piedad-popular-en-cuaresma-y-semana-santa\/\" target=\"_blank\" rel=\"noopener\">Los misioneros utilizaron representaciones visuales y simb\u00f3licas para ense\u00f1ar la fe cat\u00f3lica a las poblaciones ind\u00edgenas<\/a>, incorporando elementos naturales y cotidianos para facilitar la comprensi\u00f3n.<\/p><p>Estos huertos representan el Monte de los Olivos, lugar de oraci\u00f3n y reflexi\u00f3n de Jes\u00fas antes de su pasi\u00f3n, y simbolizan la conexi\u00f3n entre la naturaleza y la espiritualidad.<\/p>\t\t\t\t\t\t\t\t<\/div>\n\t\t\t\t\t<\/div>\n\t\t\t\t<\/div>\n\t\t<div data-particle_enable=\"false\" data-particle-mobile-disabled=\"false\" class=\"elementor-element elementor-element-910105a e-flex e-con-boxed e-con e-parent\" data-id=\"910105a\" data-element_type=\"container\" data-e-type=\"container\">\n\t\t\t\t\t<div class=\"e-con-inner\">\n\t\t\t\t<div class=\"elementor-element elementor-element-e42ba4b elementor-invisible elementor-widget elementor-widget-facebook-embed\" data-id=\"e42ba4b\" data-element_type=\"widget\" data-e-type=\"widget\" data-settings=\"{&quot;_animation&quot;:&quot;zoomInDown&quot;}\" data-widget_type=\"facebook-embed.default\">\n\t\t\t\t\t<div style=\"min-height: 1px\" class=\"elementor-facebook-widget fb-post\" data-href=\"https:\/\/www.facebook.com\/photo?fbid=1040826732771241&#038;set=pcb.1040827186104529\" data-show-text=\"false\"><\/div>\t\t\t\t<\/div>\n\t\t\t\t\t<\/div>\n\t\t\t\t<\/div>\n\t\t<div data-particle_enable=\"false\" data-particle-mobile-disabled=\"false\" class=\"elementor-element elementor-element-043b629 e-flex e-con-boxed e-con e-parent\" data-id=\"043b629\" data-element_type=\"container\" data-e-type=\"container\">\n\t\t\t\t\t<div class=\"e-con-inner\">\n\t\t\t\t<div class=\"elementor-element elementor-element-8f918d4 elementor-widget elementor-widget-text-editor\" data-id=\"8f918d4\" data-element_type=\"widget\" data-e-type=\"widget\" data-widget_type=\"text-editor.default\">\n\t\t\t\t\t\t\t\t\t<p>La elaboraci\u00f3n de estos altares es una manifestaci\u00f3n de la piedad popular y forma parte de la evangelizaci\u00f3n popular que se lleva a cabo durante la Cuaresma.<\/p><p>A trav\u00e9s de estos espacios, los fieles encuentran un lugar de encuentro con Dios mediante representaciones iconogr\u00e1ficas que muestran la vida de Jes\u00fas en la Tierra. <\/p>\t\t\t\t\t\t\t\t<\/div>\n\t\t\t\t\t<\/div>\n\t\t\t\t<\/div>\n\t\t<div data-particle_enable=\"false\" data-particle-mobile-disabled=\"false\" class=\"elementor-element elementor-element-e10088e e-flex e-con-boxed e-con e-parent\" data-id=\"e10088e\" data-element_type=\"container\" data-e-type=\"container\">\n\t\t\t\t\t<div class=\"e-con-inner\">\n\t\t\t\t<div class=\"elementor-element elementor-element-67aa44c elementor-widget elementor-widget-heading\" data-id=\"67aa44c\" data-element_type=\"widget\" data-e-type=\"widget\" data-widget_type=\"heading.default\">\n\t\t\t\t\t<h3 class=\"elementor-heading-title elementor-size-default\">Elementos de los huertos: frutas, verduras y donaciones<\/h3>\t\t\t\t<\/div>\n\t\t\t\t\t<\/div>\n\t\t\t\t<\/div>\n\t\t<div data-particle_enable=\"false\" data-particle-mobile-disabled=\"false\" class=\"elementor-element elementor-element-45d5e5b e-flex e-con-boxed e-con e-parent\" data-id=\"45d5e5b\" data-element_type=\"container\" data-e-type=\"container\">\n\t\t\t\t\t<div class=\"e-con-inner\">\n\t\t\t\t<div class=\"elementor-element elementor-element-d8f5623 elementor-widget elementor-widget-text-editor\" data-id=\"d8f5623\" data-element_type=\"widget\" data-e-type=\"widget\" data-widget_type=\"text-editor.default\">\n\t\t\t\t\t\t\t\t\t<p><a href=\"https:\/\/soymigrante.com\/revista\/la-antigua-guatemala-florece-en-tradiciones-de-piedad-popular-en-cuaresma-y-semana-santa\/\" target=\"_blank\" rel=\"noopener\">Los huertos suelen estar adornados con una variedad de frutas y verduras, que no solo embellecen el altar, sino que tambi\u00e9n tienen un significado simb\u00f3lico.<\/a> Estos elementos representan la abundancia y las bendiciones recibidas durante el a\u00f1o.<\/p><p>En muchos casos, las frutas y verduras utilizadas son donaciones de fincas locales, cuyos propietarios ofrecen estos productos en agradecimiento por las bendiciones recibidas.<\/p><p>Esta pr\u00e1ctica refuerza la conexi\u00f3n entre la comunidad, la tierra y la fe, creando un sentido de gratitud y reciprocidad.<\/p><p><a href=\"https:\/\/soymigrante.com\/revista\/la-antigua-guatemala-florece-en-tradiciones-de-piedad-popular-en-cuaresma-y-semana-santa\/\" target=\"_blank\" rel=\"noopener\">Calendario de principales velaciones en Antigua Guatemala y Ciudad de Guatemala durante Cuaresma y Semana Santa 2025.<\/a><\/p>\t\t\t\t\t\t\t\t<\/div>\n\t\t\t\t\t<\/div>\n\t\t\t\t<\/div>\n\t\t<div data-particle_enable=\"false\" data-particle-mobile-disabled=\"false\" class=\"elementor-element elementor-element-286afe1 e-flex e-con-boxed e-con e-parent\" data-id=\"286afe1\" data-element_type=\"container\" data-e-type=\"container\">\n\t\t\t\t\t<div class=\"e-con-inner\">\n\t\t\t\t<div class=\"elementor-element elementor-element-0148f47 elementor-invisible elementor-widget elementor-widget-facebook-embed\" data-id=\"0148f47\" data-element_type=\"widget\" data-e-type=\"widget\" data-settings=\"{&quot;_animation&quot;:&quot;zoomInDown&quot;}\" data-widget_type=\"facebook-embed.default\">\n\t\t\t\t\t<div style=\"min-height: 1px\" class=\"elementor-facebook-widget fb-post\" data-href=\"https:\/\/www.facebook.com\/hermandaddelosninos\/photos\/t.100064251776804\/1205092572921324\/?type=3&#038;locale=es_LA\" data-show-text=\"false\"><\/div>\t\t\t\t<\/div>\n\t\t\t\t\t<\/div>\n\t\t\t\t<\/div>\n\t\t<div data-particle_enable=\"false\" data-particle-mobile-disabled=\"false\" class=\"elementor-element elementor-element-4e10587 e-flex e-con-boxed e-con e-parent\" data-id=\"4e10587\" data-element_type=\"container\" data-e-type=\"container\">\n\t\t\t\t\t<div class=\"e-con-inner\">\n\t\t\t\t<div class=\"elementor-element elementor-element-274274e elementor-widget elementor-widget-text-editor\" data-id=\"274274e\" data-element_type=\"widget\" data-e-type=\"widget\" data-widget_type=\"text-editor.default\">\n\t\t\t\t\t\t\t\t\t<p>A continuaci\u00f3n, se presenta un calendario con algunas de las principales velaciones y procesiones que se llevar\u00e1n a cabo en Antigua Guatemala y la Ciudad de Guatemala durante la Cuaresma y Semana Santa de 2025:<\/p>\t\t\t\t\t\t\t\t<\/div>\n\t\t\t\t\t<\/div>\n\t\t\t\t<\/div>\n\t\t<div data-particle_enable=\"false\" data-particle-mobile-disabled=\"false\" class=\"elementor-element elementor-element-70cc779 e-flex e-con-boxed e-con e-parent\" data-id=\"70cc779\" data-element_type=\"container\" data-e-type=\"container\">\n\t\t\t\t\t<div class=\"e-con-inner\">\n\t\t\t\t<div class=\"elementor-element elementor-element-b3184e1 elementor-widget elementor-widget-heading\" data-id=\"b3184e1\" data-element_type=\"widget\" data-e-type=\"widget\" data-widget_type=\"heading.default\">\n\t\t\t\t\t<h3 class=\"elementor-heading-title elementor-size-default\">Antigua Guatemala<\/h3>\t\t\t\t<\/div>\n\t\t\t\t\t<\/div>\n\t\t\t\t<\/div>\n\t\t<div data-particle_enable=\"false\" data-particle-mobile-disabled=\"false\" class=\"elementor-element elementor-element-643b881 e-flex e-con-boxed e-con e-parent\" data-id=\"643b881\" data-element_type=\"container\" data-e-type=\"container\">\n\t\t\t\t\t<div class=\"e-con-inner\">\n\t\t\t\t<div class=\"elementor-element elementor-element-d2fb358 elementor-widget elementor-widget-heading\" data-id=\"d2fb358\" data-element_type=\"widget\" data-e-type=\"widget\" data-widget_type=\"heading.default\">\n\t\t\t\t\t<h3 class=\"elementor-heading-title elementor-size-default\">Primer Domingo de Cuaresma<\/h3>\t\t\t\t<\/div>\n\t\t\t\t\t<\/div>\n\t\t\t\t<\/div>\n\t\t<div data-particle_enable=\"false\" data-particle-mobile-disabled=\"false\" class=\"elementor-element elementor-element-2adc339 e-flex e-con-boxed e-con e-parent\" data-id=\"2adc339\" data-element_type=\"container\" data-e-type=\"container\">\n\t\t\t\t\t<div class=\"e-con-inner\">\n\t\t\t\t<div class=\"elementor-element elementor-element-5d213cb elementor-widget elementor-widget-text-editor\" data-id=\"5d213cb\" data-element_type=\"widget\" data-e-type=\"widget\" data-widget_type=\"text-editor.default\">\n\t\t\t\t\t\t\t\t\t<p>Jes\u00fas Nazareno de la Salvaci\u00f3n, Iglesia de Santa Catalina Bobadilla de 10:00 a.m. &#8211; 11:00 p.m.<\/p>\t\t\t\t\t\t\t\t<\/div>\n\t\t\t\t\t<\/div>\n\t\t\t\t<\/div>\n\t\t<div data-particle_enable=\"false\" data-particle-mobile-disabled=\"false\" class=\"elementor-element elementor-element-f6c6f76 e-flex e-con-boxed e-con e-parent\" data-id=\"f6c6f76\" data-element_type=\"container\" data-e-type=\"container\">\n\t\t\t\t\t<div class=\"e-con-inner\">\n\t\t\t\t<div class=\"elementor-element elementor-element-84e9a90 elementor-widget elementor-widget-heading\" data-id=\"84e9a90\" data-element_type=\"widget\" data-e-type=\"widget\" data-widget_type=\"heading.default\">\n\t\t\t\t\t<h3 class=\"elementor-heading-title elementor-size-default\">Segundo Domingo de Cuaresma<\/h3>\t\t\t\t<\/div>\n\t\t\t\t\t<\/div>\n\t\t\t\t<\/div>\n\t\t<div data-particle_enable=\"false\" data-particle-mobile-disabled=\"false\" class=\"elementor-element elementor-element-c375e67 e-flex e-con-boxed e-con e-parent\" data-id=\"c375e67\" data-element_type=\"container\" data-e-type=\"container\">\n\t\t\t\t\t<div class=\"e-con-inner\">\n\t\t\t\t<div class=\"elementor-element elementor-element-1569e5d elementor-widget elementor-widget-text-editor\" data-id=\"1569e5d\" data-element_type=\"widget\" data-e-type=\"widget\" data-widget_type=\"text-editor.default\">\n\t\t\t\t\t\t\t\t\t<p>Jes\u00fas Nazareno de Santa In\u00e9s, Iglesia de Santa In\u00e9s del Monte Pulciano de 1:00 p.m. &#8211; 11:00 p.m.<\/p>\t\t\t\t\t\t\t\t<\/div>\n\t\t\t\t\t<\/div>\n\t\t\t\t<\/div>\n\t\t<div data-particle_enable=\"false\" data-particle-mobile-disabled=\"false\" class=\"elementor-element elementor-element-c06e0c8 e-flex e-con-boxed e-con e-parent\" data-id=\"c06e0c8\" data-element_type=\"container\" data-e-type=\"container\">\n\t\t\t\t\t<div class=\"e-con-inner\">\n\t\t\t\t<div class=\"elementor-element elementor-element-c82e8c5 elementor-widget elementor-widget-heading\" data-id=\"c82e8c5\" data-element_type=\"widget\" data-e-type=\"widget\" data-widget_type=\"heading.default\">\n\t\t\t\t\t<h3 class=\"elementor-heading-title elementor-size-default\">Tercer Domingo de Cuaresma<\/h3>\t\t\t\t<\/div>\n\t\t\t\t\t<\/div>\n\t\t\t\t<\/div>\n\t\t<div data-particle_enable=\"false\" data-particle-mobile-disabled=\"false\" class=\"elementor-element elementor-element-84b7c59 e-flex e-con-boxed e-con e-parent\" data-id=\"84b7c59\" data-element_type=\"container\" data-e-type=\"container\">\n\t\t\t\t\t<div class=\"e-con-inner\">\n\t\t\t\t<div class=\"elementor-element elementor-element-6521e86 elementor-widget elementor-widget-text-editor\" data-id=\"6521e86\" data-element_type=\"widget\" data-e-type=\"widget\" data-widget_type=\"text-editor.default\">\n\t\t\t\t\t\t\t\t\t<p>Jes\u00fas Nazareno El Dulce Rab\u00ed, Parroquia Nuestra Se\u00f1ora de la Asunci\u00f3n, Jocotenango de 8:00 a.m. &#8211; 10:00 p.m.<\/p>\t\t\t\t\t\t\t\t<\/div>\n\t\t\t\t\t<\/div>\n\t\t\t\t<\/div>\n\t\t<div data-particle_enable=\"false\" data-particle-mobile-disabled=\"false\" class=\"elementor-element elementor-element-81d45d4 e-flex e-con-boxed e-con e-parent\" data-id=\"81d45d4\" data-element_type=\"container\" data-e-type=\"container\">\n\t\t\t\t\t<div class=\"e-con-inner\">\n\t\t\t\t<div class=\"elementor-element elementor-element-73c7403 elementor-widget elementor-widget-heading\" data-id=\"73c7403\" data-element_type=\"widget\" data-e-type=\"widget\" data-widget_type=\"heading.default\">\n\t\t\t\t\t<h3 class=\"elementor-heading-title elementor-size-default\">Cuarto Domingo de Cuaresma\t<\/h3>\t\t\t\t<\/div>\n\t\t\t\t\t<\/div>\n\t\t\t\t<\/div>\n\t\t<div data-particle_enable=\"false\" data-particle-mobile-disabled=\"false\" class=\"elementor-element elementor-element-d9581ad e-flex e-con-boxed e-con e-parent\" data-id=\"d9581ad\" data-element_type=\"container\" data-e-type=\"container\">\n\t\t\t\t\t<div class=\"e-con-inner\">\n\t\t\t\t<div class=\"elementor-element elementor-element-9288988 elementor-widget elementor-widget-text-editor\" data-id=\"9288988\" data-element_type=\"widget\" data-e-type=\"widget\" data-widget_type=\"text-editor.default\">\n\t\t\t\t\t\t\t\t\t<p>Jes\u00fas Nazareno de la Dulce Mirada, Iglesia de Santa Ana de 10:00 a.m. &#8211; 11:00 p.m.<\/p>\t\t\t\t\t\t\t\t<\/div>\n\t\t\t\t\t<\/div>\n\t\t\t\t<\/div>\n\t\t<div data-particle_enable=\"false\" data-particle-mobile-disabled=\"false\" class=\"elementor-element elementor-element-a26cd21 e-flex e-con-boxed e-con e-parent\" data-id=\"a26cd21\" data-element_type=\"container\" data-e-type=\"container\">\n\t\t\t\t\t<div class=\"e-con-inner\">\n\t\t\t\t<div class=\"elementor-element elementor-element-41799d4 elementor-widget elementor-widget-heading\" data-id=\"41799d4\" data-element_type=\"widget\" data-e-type=\"widget\" data-widget_type=\"heading.default\">\n\t\t\t\t\t<h3 class=\"elementor-heading-title elementor-size-default\">Quinto Domingo de Cuaresma <\/h3>\t\t\t\t<\/div>\n\t\t\t\t\t<\/div>\n\t\t\t\t<\/div>\n\t\t<div data-particle_enable=\"false\" data-particle-mobile-disabled=\"false\" class=\"elementor-element elementor-element-ac76860 e-flex e-con-boxed e-con e-parent\" data-id=\"ac76860\" data-element_type=\"container\" data-e-type=\"container\">\n\t\t\t\t\t<div class=\"e-con-inner\">\n\t\t\t\t<div class=\"elementor-element elementor-element-4621554 elementor-widget elementor-widget-text-editor\" data-id=\"4621554\" data-element_type=\"widget\" data-e-type=\"widget\" data-widget_type=\"text-editor.default\">\n\t\t\t\t\t\t\t\t\t<p>Jes\u00fas de la Ca\u00edda, Iglesia de San Bartolom\u00e9 Becerra de 6:30 a.m. &#8211; 2:00 a.m. del lunes. <\/p>\t\t\t\t\t\t\t\t<\/div>\n\t\t\t\t\t<\/div>\n\t\t\t\t<\/div>\n\t\t<div data-particle_enable=\"false\" data-particle-mobile-disabled=\"false\" class=\"elementor-element elementor-element-0c9dca8 e-flex e-con-boxed e-con e-parent\" data-id=\"0c9dca8\" data-element_type=\"container\" data-e-type=\"container\">\n\t\t\t\t\t<div class=\"e-con-inner\">\n\t\t\t\t<div class=\"elementor-element elementor-element-811da17 elementor-invisible elementor-widget elementor-widget-facebook-embed\" data-id=\"811da17\" data-element_type=\"widget\" data-e-type=\"widget\" data-settings=\"{&quot;_animation&quot;:&quot;zoomInDown&quot;}\" data-widget_type=\"facebook-embed.default\">\n\t\t\t\t\t<div style=\"min-height: 1px\" class=\"elementor-facebook-widget fb-post\" data-href=\"https:\/\/www.facebook.com\/photo.php?fbid=1012075180964738&#038;set=pb.100064867950951.-2207520000&#038;type=3&#038;locale=es_LA\" data-show-text=\"false\"><\/div>\t\t\t\t<\/div>\n\t\t\t\t\t<\/div>\n\t\t\t\t<\/div>\n\t\t<div data-particle_enable=\"false\" data-particle-mobile-disabled=\"false\" class=\"elementor-element elementor-element-74b05e2 e-flex e-con-boxed e-con e-parent\" data-id=\"74b05e2\" data-element_type=\"container\" data-e-type=\"container\">\n\t\t\t\t\t<div class=\"e-con-inner\">\n\t\t\t\t<div class=\"elementor-element elementor-element-e90f125 elementor-widget elementor-widget-heading\" data-id=\"e90f125\" data-element_type=\"widget\" data-e-type=\"widget\" data-widget_type=\"heading.default\">\n\t\t\t\t\t<h3 class=\"elementor-heading-title elementor-size-default\">Viernes de Dolores<\/h3>\t\t\t\t<\/div>\n\t\t\t\t\t<\/div>\n\t\t\t\t<\/div>\n\t\t<div data-particle_enable=\"false\" data-particle-mobile-disabled=\"false\" class=\"elementor-element elementor-element-dad3f31 e-flex e-con-boxed e-con e-parent\" data-id=\"dad3f31\" data-element_type=\"container\" data-e-type=\"container\">\n\t\t\t\t\t<div class=\"e-con-inner\">\n\t\t\t\t<div class=\"elementor-element elementor-element-fcbc88a elementor-widget elementor-widget-text-editor\" data-id=\"fcbc88a\" data-element_type=\"widget\" data-e-type=\"widget\" data-widget_type=\"text-editor.default\">\n\t\t\t\t\t\t\t\t\t<p>Viacrucis del Hermano Pedro (varones), Templo de San Francisco el Grande de 3:00 a.m. &#8211; 6:00 a.m.<\/p>\t\t\t\t\t\t\t\t<\/div>\n\t\t\t\t\t<\/div>\n\t\t\t\t<\/div>\n\t\t<div data-particle_enable=\"false\" data-particle-mobile-disabled=\"false\" class=\"elementor-element elementor-element-7b6b2e6 e-flex e-con-boxed e-con e-parent\" data-id=\"7b6b2e6\" data-element_type=\"container\" data-e-type=\"container\">\n\t\t\t\t\t<div class=\"e-con-inner\">\n\t\t\t\t<div class=\"elementor-element elementor-element-6c3d7f3 elementor-widget elementor-widget-heading\" data-id=\"6c3d7f3\" data-element_type=\"widget\" data-e-type=\"widget\" data-widget_type=\"heading.default\">\n\t\t\t\t\t<h3 class=\"elementor-heading-title elementor-size-default\">S\u00e1bado anterior a Ramos <\/h3>\t\t\t\t<\/div>\n\t\t\t\t\t<\/div>\n\t\t\t\t<\/div>\n\t\t<div data-particle_enable=\"false\" data-particle-mobile-disabled=\"false\" class=\"elementor-element elementor-element-6dda010 e-flex e-con-boxed e-con e-parent\" data-id=\"6dda010\" data-element_type=\"container\" data-e-type=\"container\">\n\t\t\t\t\t<div class=\"e-con-inner\">\n\t\t\t\t<div class=\"elementor-element elementor-element-173d8a7 elementor-widget elementor-widget-text-editor\" data-id=\"173d8a7\" data-element_type=\"widget\" data-e-type=\"widget\" data-widget_type=\"text-editor.default\">\n\t\t\t\t\t\t\t\t\t<p>Cristo de las Misericordias, Parroquia Nuestra Se\u00f1ora de los Remedios, La Escuela de Cristo de 5:00 a.m. a 11:00 p.m.<\/p>\t\t\t\t\t\t\t\t<\/div>\n\t\t\t\t\t<\/div>\n\t\t\t\t<\/div>\n\t\t<div data-particle_enable=\"false\" data-particle-mobile-disabled=\"false\" class=\"elementor-element elementor-element-e04aa83 e-flex e-con-boxed e-con e-parent\" data-id=\"e04aa83\" data-element_type=\"container\" data-e-type=\"container\">\n\t\t\t\t\t<div class=\"e-con-inner\">\n\t\t\t\t<div class=\"elementor-element elementor-element-0dcdbde elementor-widget elementor-widget-heading\" data-id=\"0dcdbde\" data-element_type=\"widget\" data-e-type=\"widget\" data-widget_type=\"heading.default\">\n\t\t\t\t\t<h3 class=\"elementor-heading-title elementor-size-default\">Mi\u00e9rcoles Santo<\/h3>\t\t\t\t<\/div>\n\t\t\t\t\t<\/div>\n\t\t\t\t<\/div>\n\t\t<div data-particle_enable=\"false\" data-particle-mobile-disabled=\"false\" class=\"elementor-element elementor-element-c3845e2 e-flex e-con-boxed e-con e-parent\" data-id=\"c3845e2\" data-element_type=\"container\" data-e-type=\"container\">\n\t\t\t\t\t<div class=\"e-con-inner\">\n\t\t\t\t<div class=\"elementor-element elementor-element-d461f03 elementor-widget elementor-widget-text-editor\" data-id=\"d461f03\" data-element_type=\"widget\" data-e-type=\"widget\" data-widget_type=\"text-editor.default\">\n\t\t\t\t\t\t\t\t\t<div>C.I. Jes\u00fas Nazareno del Milagro, Iglesia de San Felipe de Jes\u00fas de 2:00 p.m. &#8211; 2:00 a.m. del jueves<\/div><div>\u00a0<\/div><div>Jes\u00fas Nazareno, Iglesia de San Mateo Milpas Altas de 4:00 p.m. &#8211; 10:00 p.m.<\/div>\t\t\t\t\t\t\t\t<\/div>\n\t\t\t\t\t<\/div>\n\t\t\t\t<\/div>\n\t\t<div data-particle_enable=\"false\" data-particle-mobile-disabled=\"false\" class=\"elementor-element elementor-element-f4ee2d3 e-flex e-con-boxed e-con e-parent\" data-id=\"f4ee2d3\" data-element_type=\"container\" data-e-type=\"container\">\n\t\t\t\t\t<div class=\"e-con-inner\">\n\t\t\t\t<div class=\"elementor-element elementor-element-5111a4e elementor-widget elementor-widget-heading\" data-id=\"5111a4e\" data-element_type=\"widget\" data-e-type=\"widget\" data-widget_type=\"heading.default\">\n\t\t\t\t\t<h3 class=\"elementor-heading-title elementor-size-default\">Jueves Santo<\/h3>\t\t\t\t<\/div>\n\t\t\t\t\t<\/div>\n\t\t\t\t<\/div>\n\t\t<div data-particle_enable=\"false\" data-particle-mobile-disabled=\"false\" class=\"elementor-element elementor-element-627c0a1 e-flex e-con-boxed e-con e-parent\" data-id=\"627c0a1\" data-element_type=\"container\" data-e-type=\"container\">\n\t\t\t\t\t<div class=\"e-con-inner\">\n\t\t\t\t<div class=\"elementor-element elementor-element-2cc5ee4 elementor-widget elementor-widget-text-editor\" data-id=\"2cc5ee4\" data-element_type=\"widget\" data-e-type=\"widget\" data-widget_type=\"text-editor.default\">\n\t\t\t\t\t\t\t\t\t<p>Jes\u00fas Nazareno de la Humildad, Iglesia de San Crist\u00f3bal el Bajo de 8:00 a.m. &#8211; 9:30 p.m.<br \/><br \/>Jes\u00fas Nazareno del Perd\u00f3n, Templo de San Francisco el Grande de 11:00 a.m. &#8211; 10:30 p.m.<\/p>\t\t\t\t\t\t\t\t<\/div>\n\t\t\t\t\t<\/div>\n\t\t\t\t<\/div>\n\t\t<div data-particle_enable=\"false\" data-particle-mobile-disabled=\"false\" class=\"elementor-element elementor-element-288dba7 e-flex e-con-boxed e-con e-parent\" data-id=\"288dba7\" data-element_type=\"container\" data-e-type=\"container\">\n\t\t\t\t\t<div class=\"e-con-inner\">\n\t\t\t\t<div class=\"elementor-element elementor-element-be21253 elementor-widget elementor-widget-heading\" data-id=\"be21253\" data-element_type=\"widget\" data-e-type=\"widget\" data-widget_type=\"heading.default\">\n\t\t\t\t\t<h3 class=\"elementor-heading-title elementor-size-default\">Viernes Santo<\/h3>\t\t\t\t<\/div>\n\t\t\t\t\t<\/div>\n\t\t\t\t<\/div>\n\t\t<div data-particle_enable=\"false\" data-particle-mobile-disabled=\"false\" class=\"elementor-element elementor-element-674c73e e-flex e-con-boxed e-con e-parent\" data-id=\"674c73e\" data-element_type=\"container\" data-e-type=\"container\">\n\t\t\t\t\t<div class=\"e-con-inner\">\n\t\t\t\t<div class=\"elementor-element elementor-element-949817a elementor-widget elementor-widget-text-editor\" data-id=\"949817a\" data-element_type=\"widget\" data-e-type=\"widget\" data-widget_type=\"text-editor.default\">\n\t\t\t\t\t\t\t\t\t<div>Jes\u00fas Nazareno de la Merced (La Penitencia), Iglesia La Merced de 3:00 a.m. &#8211; 3:00 p.m.<\/div><div>\u00a0<\/div><div>Acto de Crucifixi\u00f3n- Parroquia de San Jos\u00e9 Catedral- Escuela de Cristo de 12:00 p.m. &#8211; 3:00 p.m.<\/div><div>\u00a0<\/div><div>Se\u00f1or Sepultado y Virgen de Soledad, Parroquia de San Jos\u00e9 Catedral de 3:00 p.m. &#8211; 7:00 p.m.<\/div><div>\u00a0<\/div><div>M.I. Se\u00f1or Sepultado, Iglesia de San Felipe de Jes\u00fas de 3:00 p.m. &#8211; 7:00 a.m. del s\u00e1bado<\/div><div>\u00a0<\/div><div>Se\u00f1or Sepultado, Iglesia de la Escuela de Cristo de 3:45 p.m. 4:00 a.m. del s\u00e1bado.\u00a0<\/div>\t\t\t\t\t\t\t\t<\/div>\n\t\t\t\t\t<\/div>\n\t\t\t\t<\/div>\n\t\t<div data-particle_enable=\"false\" data-particle-mobile-disabled=\"false\" class=\"elementor-element elementor-element-c6dafb2 e-flex e-con-boxed e-con e-parent\" data-id=\"c6dafb2\" data-element_type=\"container\" data-e-type=\"container\">\n\t\t\t\t\t<div class=\"e-con-inner\">\n\t\t\t\t<div class=\"elementor-element elementor-element-4be1e12 elementor-invisible elementor-widget elementor-widget-facebook-embed\" data-id=\"4be1e12\" data-element_type=\"widget\" data-e-type=\"widget\" data-settings=\"{&quot;_animation&quot;:&quot;zoomInDown&quot;}\" data-widget_type=\"facebook-embed.default\">\n\t\t\t\t\t<div style=\"min-height: 1px\" class=\"elementor-facebook-widget fb-post\" data-href=\"https:\/\/www.facebook.com\/photo.php?fbid=984521613720095&#038;set=pb.100064867950951.-2207520000&#038;type=3&#038;locale=es_LA\" data-show-text=\"false\"><\/div>\t\t\t\t<\/div>\n\t\t\t\t\t<\/div>\n\t\t\t\t<\/div>\n\t\t<div data-particle_enable=\"false\" data-particle-mobile-disabled=\"false\" class=\"elementor-element elementor-element-890e4e4 e-flex e-con-boxed e-con e-parent\" data-id=\"890e4e4\" data-element_type=\"container\" data-e-type=\"container\">\n\t\t\t\t\t<div class=\"e-con-inner\">\n\t\t\t\t<div class=\"elementor-element elementor-element-e928515 elementor-widget elementor-widget-heading\" data-id=\"e928515\" data-element_type=\"widget\" data-e-type=\"widget\" data-widget_type=\"heading.default\">\n\t\t\t\t\t<h2 class=\"elementor-heading-title elementor-size-default\">Conoce m\u00e1s de las tradiciones de Semana Santa, ac\u00e1...<\/h2>\t\t\t\t<\/div>\n\t\t\t\t\t<\/div>\n\t\t\t\t<\/div>\n\t\t<div data-particle_enable=\"false\" data-particle-mobile-disabled=\"false\" class=\"elementor-element elementor-element-69ba3e2 e-flex e-con-boxed e-con e-parent\" data-id=\"69ba3e2\" data-element_type=\"container\" data-e-type=\"container\">\n\t\t\t\t\t<div class=\"e-con-inner\">\n\t\t\t\t<div class=\"elementor-element elementor-element-baec4ff elementor-grid-eael-col-3 elementor-grid-tablet-eael-col-2 elementor-grid-mobile-eael-col-1 elementor-widget elementor-widget-eael-post-grid\" data-id=\"baec4ff\" data-element_type=\"widget\" data-e-type=\"widget\" data-settings=\"{&quot;eael_post_grid_columns&quot;:&quot;eael-col-3&quot;,&quot;eael_post_grid_columns_tablet&quot;:&quot;eael-col-2&quot;,&quot;eael_post_grid_columns_mobile&quot;:&quot;eael-col-1&quot;}\" data-widget_type=\"eael-post-grid.default\">\n\t\t\t\t\t<div id=\"eael-post-grid-baec4ff\" class=\"eael-post-grid-container\">\n            <div class=\"eael-post-grid eael-post-appender eael-post-appender-baec4ff eael-post-grid-style-one\" data-layout-mode=\"masonry\"><article class=\"eael-grid-post  eael-post-grid-column eael-pg-post-5562 category-guate-nuestra\" data-id=\"5562\">\n        <div class=\"eael-grid-post-holder\">\n            <div class=\"eael-grid-post-holder-inner\"><div class=\"eael-entry-media\"><div class=\"eael-entry-overlay fade-in\"><i class=\"far fa-hand-pointer\" aria-hidden=\"true\"><\/i><a href=\"https:\/\/soymigrante.com\/revista\/chapines-food-comida-guatemalteca-antojitos\/\"><\/a><\/div><div class=\"eael-entry-thumbnail \">\n                <img fetchpriority=\"high\" decoding=\"async\" width=\"1024\" height=\"456\" src=\"https:\/\/soymigrante.com\/revista\/wp-content\/uploads\/2024\/03\/comidas-guatemaltecas-para-semana-santa--1024x456.webp\" class=\"attachment-large size-large wp-image-5569\" alt=\"comidas guatemaltecas para semana santa\" srcset=\"https:\/\/soymigrante.com\/revista\/wp-content\/uploads\/2024\/03\/comidas-guatemaltecas-para-semana-santa--1024x456.webp 1024w, https:\/\/soymigrante.com\/revista\/wp-content\/uploads\/2024\/03\/comidas-guatemaltecas-para-semana-santa--300x134.webp 300w, https:\/\/soymigrante.com\/revista\/wp-content\/uploads\/2024\/03\/comidas-guatemaltecas-para-semana-santa--768x342.webp 768w, https:\/\/soymigrante.com\/revista\/wp-content\/uploads\/2024\/03\/comidas-guatemaltecas-para-semana-santa--750x334.webp 750w, https:\/\/soymigrante.com\/revista\/wp-content\/uploads\/2024\/03\/comidas-guatemaltecas-para-semana-santa-.webp 1141w\" sizes=\"(max-width: 1024px) 100vw, 1024px\" \/>\n            <\/div>\n        <\/div><div class=\"eael-entry-wrapper\"><header class=\"eael-entry-header\"><h2 class=\"eael-entry-title\"><a class=\"eael-grid-post-link\" href=\"https:\/\/soymigrante.com\/revista\/chapines-food-comida-guatemalteca-antojitos\/\" title=\"Antojitos guatemaltecos propios de Cuaresma y Semana Santa\">Antojitos guatemaltecos propios de Cuaresma y Semana Santa<\/a><\/h2><\/header><div class=\"eael-entry-content\">\n                        <div class=\"eael-grid-post-excerpt\"><a href=\"https:\/\/soymigrante.com\/revista\/chapines-food-comida-guatemalteca-antojitos\/\" class=\"eael-post-elements-readmore-btn\">CONOCE SU HISTORIA <\/a><\/div>\n                    <\/div><\/div><\/div>\n        <\/div>\n    <\/article><article class=\"eael-grid-post  eael-post-grid-column eael-pg-post-24353 category-guate-nuestra\" data-id=\"24353\">\n        <div class=\"eael-grid-post-holder\">\n            <div class=\"eael-grid-post-holder-inner\"><div class=\"eael-entry-media\"><div class=\"eael-entry-overlay fade-in\"><i class=\"far fa-hand-pointer\" aria-hidden=\"true\"><\/i><a href=\"https:\/\/soymigrante.com\/revista\/la-antigua-guatemala-florece-en-tradiciones-de-piedad-popular-en-cuaresma-y-semana-santa\/\"><\/a><\/div><div class=\"eael-entry-thumbnail \">\n                <img decoding=\"async\" width=\"1024\" height=\"683\" src=\"https:\/\/soymigrante.com\/revista\/wp-content\/uploads\/2025\/02\/procesion-3-1024x683.jpeg\" class=\"attachment-large size-large wp-image-24363\" alt=\"Im\u00e1genes de la celebraci\u00f3n navide\u00f1a en la ciudad de Puebla, con una impresionante decoraci\u00f3n en la fachada de un edificio hist\u00f3rico y figuras religiosas tradicionales iluminadas por la noche.\" srcset=\"https:\/\/soymigrante.com\/revista\/wp-content\/uploads\/2025\/02\/procesion-3-1024x683.jpeg 1024w, https:\/\/soymigrante.com\/revista\/wp-content\/uploads\/2025\/02\/procesion-3-300x200.jpeg 300w, https:\/\/soymigrante.com\/revista\/wp-content\/uploads\/2025\/02\/procesion-3-768x512.jpeg 768w, https:\/\/soymigrante.com\/revista\/wp-content\/uploads\/2025\/02\/procesion-3-1536x1024.jpeg 1536w, https:\/\/soymigrante.com\/revista\/wp-content\/uploads\/2025\/02\/procesion-3-750x500.webp 750w, https:\/\/soymigrante.com\/revista\/wp-content\/uploads\/2025\/02\/procesion-3-1140x760.webp 1140w, https:\/\/soymigrante.com\/revista\/wp-content\/uploads\/2025\/02\/procesion-3.webp 1620w\" sizes=\"(max-width: 1024px) 100vw, 1024px\" \/>\n            <\/div>\n        <\/div><div class=\"eael-entry-wrapper\"><header class=\"eael-entry-header\"><h2 class=\"eael-entry-title\"><a class=\"eael-grid-post-link\" href=\"https:\/\/soymigrante.com\/revista\/la-antigua-guatemala-florece-en-tradiciones-de-piedad-popular-en-cuaresma-y-semana-santa\/\" title=\"La Antigua Guatemala florece en tradiciones de piedad popular en Cuaresma y Semana Santa\">La Antigua Guatemala florece en tradiciones de piedad popular en Cuaresma y Semana Santa<\/a><\/h2><\/header><div class=\"eael-entry-content\">\n                        <div class=\"eael-grid-post-excerpt\"><a href=\"https:\/\/soymigrante.com\/revista\/la-antigua-guatemala-florece-en-tradiciones-de-piedad-popular-en-cuaresma-y-semana-santa\/\" class=\"eael-post-elements-readmore-btn\">CONOCE SU HISTORIA <\/a><\/div>\n                    <\/div><\/div><\/div>\n        <\/div>\n    <\/article><article class=\"eael-grid-post  eael-post-grid-column eael-pg-post-26140 category-guate-nuestra\" data-id=\"26140\">\n        <div class=\"eael-grid-post-holder\">\n            <div class=\"eael-grid-post-holder-inner\"><div class=\"eael-entry-media\"><div class=\"eael-entry-overlay fade-in\"><i class=\"far fa-hand-pointer\" aria-hidden=\"true\"><\/i><a href=\"https:\/\/soymigrante.com\/revista\/algunas-sugerencias-para-que-devotos-migrantes-vivan-mejor-la-cuaresma-y-semana-santa\/\"><\/a><\/div><div class=\"eael-entry-thumbnail \">\n                <img decoding=\"async\" width=\"720\" height=\"720\" src=\"https:\/\/soymigrante.com\/revista\/wp-content\/uploads\/2023\/03\/2-FOTOS-DE-NAZARENO-DE-CANDELARIA-CORTESIA-DE-LANZA-SAGRADA-4-e1740965775791.webp\" class=\"attachment-large size-large wp-image-615\" alt=\"\" srcset=\"https:\/\/soymigrante.com\/revista\/wp-content\/uploads\/2023\/03\/2-FOTOS-DE-NAZARENO-DE-CANDELARIA-CORTESIA-DE-LANZA-SAGRADA-4-e1740965775791.webp 720w, https:\/\/soymigrante.com\/revista\/wp-content\/uploads\/2023\/03\/2-FOTOS-DE-NAZARENO-DE-CANDELARIA-CORTESIA-DE-LANZA-SAGRADA-4-e1740965775791-300x300.webp 300w, https:\/\/soymigrante.com\/revista\/wp-content\/uploads\/2023\/03\/2-FOTOS-DE-NAZARENO-DE-CANDELARIA-CORTESIA-DE-LANZA-SAGRADA-4-e1740965775791-150x150.webp 150w, https:\/\/soymigrante.com\/revista\/wp-content\/uploads\/2023\/03\/2-FOTOS-DE-NAZARENO-DE-CANDELARIA-CORTESIA-DE-LANZA-SAGRADA-4-e1740965775791-75x75.webp 75w\" sizes=\"(max-width: 720px) 100vw, 720px\" \/>\n            <\/div>\n        <\/div><div class=\"eael-entry-wrapper\"><header class=\"eael-entry-header\"><h2 class=\"eael-entry-title\"><a class=\"eael-grid-post-link\" href=\"https:\/\/soymigrante.com\/revista\/algunas-sugerencias-para-que-devotos-migrantes-vivan-mejor-la-cuaresma-y-semana-santa\/\" title=\"Algunas sugerencias para que devotos migrantes vivan mejor la Cuaresma y Semana Santa\">Algunas sugerencias para que devotos migrantes vivan mejor la Cuaresma y Semana Santa<\/a><\/h2><\/header><div class=\"eael-entry-content\">\n                        <div class=\"eael-grid-post-excerpt\"><a href=\"https:\/\/soymigrante.com\/revista\/algunas-sugerencias-para-que-devotos-migrantes-vivan-mejor-la-cuaresma-y-semana-santa\/\" class=\"eael-post-elements-readmore-btn\">CONOCE SU HISTORIA <\/a><\/div>\n                    <\/div><\/div><\/div>\n        <\/div>\n    <\/article><\/div>\n            <div class=\"clearfix\"><\/div>\n        <\/div>\t\t\t\t<\/div>\n\t\t\t\t\t<\/div>\n\t\t\t\t<\/div>\n\t\t\t\t<\/div>\n\t\t","protected":false},"excerpt":{"rendered":"<p>Los huertos de Semana Santa est\u00e1n llenos de historias y agradecimientos, t\u00fa tambi\u00e9n puedes hacer el tuyo en casa. Los huertos en los altares de velaci\u00f3n son una tradici\u00f3n profundamente arraigada en la Cuaresma y Semana Santa de Guatemala, especialmente en ciudades como Antigua Guatemala y la Ciudad de Guatemala. Estos altares, tambi\u00e9n conocidos como [&hellip;]<\/p>\n","protected":false},"author":19,"featured_media":27269,"comment_status":"open","ping_status":"open","sticky":false,"template":"","format":"standard","meta":{"_acf_changed":false,"_eb_attr":"","footnotes":""},"categories":[58],"tags":[],"class_list":["post-27268","post","type-post","status-publish","format-standard","has-post-thumbnail","hentry","category-guate-nuestra"],"acf":[],"aioseo_notices":[],"aioseo_head":"\n\t\t<!-- All in One SEO Pro 4.9.6.2 - aioseo.com -->\n\t<meta name=\"description\" content=\"Los migrantes que viven en Estados Unidos pueden recordar la Cuaresma y Semana Santa para no sentir la nostalgia.\" \/>\n\t<meta name=\"robots\" content=\"max-snippet:-1, max-image-preview:large, max-video-preview:-1\" \/>\n\t<meta name=\"author\" content=\"Marysabel Aldana\"\/>\n\t<link rel=\"canonical\" href=\"https:\/\/soymigrante.com\/revista\/algunas-sugerencias-para-que-devotos-migrantes-vivan-mejor-la-cuaresma-y-semana-santa\/\" \/>\n\t<meta name=\"generator\" content=\"All in One SEO Pro (AIOSEO) 4.9.6.2\" \/>\n\n\t\t<link rel=\"preconnect\" href=\"https:\/\/fonts.googleapis.com\" crossorigin>\n<link rel=\"preconnect\" href=\"https:\/\/fonts.gstatic.com\" crossorigin>\n\t\t<meta property=\"og:locale\" content=\"es_ES\" \/>\n\t\t<meta property=\"og:site_name\" content=\"SoyMigrante.com REVISTA \u2013 Nuestra misi\u00f3n es reconocer y dignificar al migrante.\" \/>\n\t\t<meta property=\"og:type\" content=\"article\" \/>\n\t\t<meta property=\"og:title\" content=\"Algunas sugerencias para que devotos migrantes vivan mejor la Cuaresma y Semana Santa\" \/>\n\t\t<meta property=\"og:description\" content=\"Los migrantes que viven en Estados Unidos pueden recordar la Cuaresma y Semana Santa para no sentir la nostalgia.\" \/>\n\t\t<meta property=\"og:url\" content=\"https:\/\/soymigrante.com\/revista\/algunas-sugerencias-para-que-devotos-migrantes-vivan-mejor-la-cuaresma-y-semana-santa\/\" \/>\n\t\t<meta property=\"og:image\" content=\"https:\/\/soymigrante.com\/revista\/wp-content\/uploads\/2023\/03\/2-FOTOS-DE-NAZARENO-DE-CANDELARIA-CORTESIA-DE-LANZA-SAGRADA-4-e1740965775791.webp\" \/>\n\t\t<meta property=\"og:image:secure_url\" content=\"https:\/\/soymigrante.com\/revista\/wp-content\/uploads\/2023\/03\/2-FOTOS-DE-NAZARENO-DE-CANDELARIA-CORTESIA-DE-LANZA-SAGRADA-4-e1740965775791.webp\" \/>\n\t\t<meta property=\"og:image:width\" content=\"720\" \/>\n\t\t<meta property=\"og:image:height\" content=\"720\" \/>\n\t\t<meta property=\"article:published_time\" content=\"2025-03-03T11:00:00+00:00\" \/>\n\t\t<meta property=\"article:modified_time\" content=\"2025-03-03T01:37:08+00:00\" \/>\n\t\t<meta property=\"article:publisher\" content=\"https:\/\/www.facebook.com\/soymigrantecom\" \/>\n\t\t<meta name=\"twitter:card\" content=\"summary_large_image\" \/>\n\t\t<meta name=\"twitter:site\" content=\"@SoyMigrante_com\" \/>\n\t\t<meta name=\"twitter:title\" content=\"Algunas sugerencias para que devotos migrantes vivan mejor la Cuaresma y Semana Santa\" \/>\n\t\t<meta name=\"twitter:description\" content=\"Los migrantes que viven en Estados Unidos pueden recordar la Cuaresma y Semana Santa para no sentir la nostalgia.\" \/>\n\t\t<meta name=\"twitter:creator\" content=\"@SoyMigrante_com\" \/>\n\t\t<meta name=\"twitter:image\" content=\"https:\/\/soymigrante.com\/revista\/wp-content\/uploads\/2023\/03\/2-FOTOS-DE-NAZARENO-DE-CANDELARIA-CORTESIA-DE-LANZA-SAGRADA-4-e1740965775791.webp\" \/>\n\t\t<!-- All in One SEO Pro -->\r\n\t\t<title>Algunas sugerencias para que devotos migrantes vivan mejor la Cuaresma y Semana Santa<\/title>\n\n","aioseo_head_json":{"title":"Algunas sugerencias para que devotos migrantes vivan mejor la Cuaresma y Semana Santa","description":"Los migrantes que viven en Estados Unidos pueden recordar la Cuaresma y Semana Santa para no sentir la nostalgia.","canonical_url":"https:\/\/soymigrante.com\/revista\/algunas-sugerencias-para-que-devotos-migrantes-vivan-mejor-la-cuaresma-y-semana-santa\/","robots":"max-snippet:-1, max-image-preview:large, max-video-preview:-1","keywords":"","webmasterTools":{"miscellaneous":"&lt;link rel=\"preconnect\" href=\"https:\/\/fonts.googleapis.com\" crossorigin&gt;\n&lt;link rel=\"preconnect\" href=\"https:\/\/fonts.gstatic.com\" crossorigin&gt;"},"schema":null,"og:locale":"es_ES","og:site_name":"SoyMigrante.com REVISTA \u2013 Nuestra misi\u00f3n es reconocer y dignificar al migrante.","og:type":"article","og:title":"Algunas sugerencias para que devotos migrantes vivan mejor la Cuaresma y Semana Santa","og:description":"Los migrantes que viven en Estados Unidos pueden recordar la Cuaresma y Semana Santa para no sentir la nostalgia.","og:url":"https:\/\/soymigrante.com\/revista\/algunas-sugerencias-para-que-devotos-migrantes-vivan-mejor-la-cuaresma-y-semana-santa\/","og:image":"https:\/\/soymigrante.com\/revista\/wp-content\/uploads\/2023\/03\/2-FOTOS-DE-NAZARENO-DE-CANDELARIA-CORTESIA-DE-LANZA-SAGRADA-4-e1740965775791.webp","og:image:secure_url":"https:\/\/soymigrante.com\/revista\/wp-content\/uploads\/2023\/03\/2-FOTOS-DE-NAZARENO-DE-CANDELARIA-CORTESIA-DE-LANZA-SAGRADA-4-e1740965775791.webp","og:image:width":720,"og:image:height":720,"article:published_time":"2025-03-03T11:00:00+00:00","article:modified_time":"2025-03-03T01:37:08+00:00","article:publisher":"https:\/\/www.facebook.com\/soymigrantecom","twitter:card":"summary_large_image","twitter:site":"@SoyMigrante_com","twitter:title":"Algunas sugerencias para que devotos migrantes vivan mejor la Cuaresma y Semana Santa","twitter:description":"Los migrantes que viven en Estados Unidos pueden recordar la Cuaresma y Semana Santa para no sentir la nostalgia.","twitter:creator":"@SoyMigrante_com","twitter:image":"https:\/\/soymigrante.com\/revista\/wp-content\/uploads\/2023\/03\/2-FOTOS-DE-NAZARENO-DE-CANDELARIA-CORTESIA-DE-LANZA-SAGRADA-4-e1740965775791.webp"},"aioseo_meta_data":{"post_id":"27268","title":null,"description":"Los huertos de Semana Santa est\u00e1n llenos de historias y agradecimientos, t\u00fa tambi\u00e9n puedes hacer el tuyo en casa.","keywords":null,"keyphrases":{"focus":{"keyphrase":"Semana Santa","score":88,"analysis":{"keyphraseInTitle":{"score":9,"maxScore":9,"error":0},"keyphraseInDescription":{"score":9,"maxScore":9,"error":0},"keyphraseLength":{"score":9,"maxScore":9,"error":0,"length":2},"keyphraseInURL":{"score":1,"maxScore":5,"error":1}}},"additional":[{"keyphrase":"Semana Santa","score":100,"analysis":{"keyphraseInDescription":{"score":9,"maxScore":9,"error":0},"keyphraseLength":{"score":9,"maxScore":9,"error":0,"length":2}}},{"keyphrase":"huertos","score":100,"analysis":{"keyphraseInDescription":{"score":9,"maxScore":9,"error":0},"keyphraseLength":{"score":9,"maxScore":9,"error":0,"length":1}}}]},"primary_term":null,"canonical_url":null,"og_title":null,"og_description":null,"og_object_type":"default","og_image_type":"default","og_image_url":null,"og_image_width":null,"og_image_height":null,"og_image_custom_url":null,"og_image_custom_fields":null,"og_video":"","og_custom_url":null,"og_article_section":null,"og_article_tags":null,"twitter_use_og":false,"twitter_card":"default","twitter_image_type":"default","twitter_image_url":null,"twitter_image_custom_url":null,"twitter_image_custom_fields":null,"twitter_title":null,"twitter_description":null,"schema":{"blockGraphs":[],"customGraphs":[],"default":{"data":{"Article":[],"Course":[],"Dataset":[],"FAQPage":[],"Movie":[],"Person":[],"Product":[],"ProductReview":[],"Car":[],"Recipe":[],"Service":[],"SoftwareApplication":[],"WebPage":[]},"graphName":"BlogPosting","isEnabled":true},"graphs":[]},"schema_type":"default","schema_type_options":null,"pillar_content":false,"robots_default":true,"robots_noindex":false,"robots_noarchive":false,"robots_nosnippet":false,"robots_nofollow":false,"robots_noimageindex":false,"robots_noodp":false,"robots_notranslate":false,"robots_max_snippet":"-1","robots_max_videopreview":"-1","robots_max_imagepreview":"large","priority":null,"frequency":"default","local_seo":null,"seo_analyzer_scan_date":"2025-10-09 03:11:13","breadcrumb_settings":null,"limit_modified_date":false,"reviewed_by":null,"open_ai":"{\"title\":{\"suggestions\":[],\"usage\":0},\"description\":{\"suggestions\":[],\"usage\":0}}","ai":null,"created":"2025-03-06 18:07:38","updated":"2026-02-04 22:02:42"},"aioseo_breadcrumb":"<div class=\"aioseo-breadcrumbs\"><span class=\"aioseo-breadcrumb\">\n\t<a href=\"https:\/\/soymigrante.com\/revista\" title=\"Home\">Home<\/a>\n<\/span><span class=\"aioseo-breadcrumb-separator\">\u00bb<\/span><span class=\"aioseo-breadcrumb\">\n\t<a href=\"https:\/\/soymigrante.com\/revista\/category\/guate-nuestra\/\" title=\"Guate Nuestra\">Guate Nuestra<\/a>\n<\/span><span class=\"aioseo-breadcrumb-separator\">\u00bb<\/span><span class=\"aioseo-breadcrumb\">\n\tLos huertos de Semana Santa y sus historias de agradecimientos\n<\/span><\/div>","aioseo_breadcrumb_json":[{"label":"Home","link":"https:\/\/soymigrante.com\/revista"},{"label":"Guate Nuestra","link":"https:\/\/soymigrante.com\/revista\/category\/guate-nuestra\/"},{"label":"Los huertos de Semana Santa y sus historias de agradecimientos","link":"https:\/\/soymigrante.com\/revista\/los-huertos-de-semana-santa-y-sus-historias-de-agradecimientos\/"}],"_links":{"self":[{"href":"https:\/\/soymigrante.com\/revista\/wp-json\/wp\/v2\/posts\/27268","targetHints":{"allow":["GET"]}}],"collection":[{"href":"https:\/\/soymigrante.com\/revista\/wp-json\/wp\/v2\/posts"}],"about":[{"href":"https:\/\/soymigrante.com\/revista\/wp-json\/wp\/v2\/types\/post"}],"author":[{"embeddable":true,"href":"https:\/\/soymigrante.com\/revista\/wp-json\/wp\/v2\/users\/19"}],"replies":[{"embeddable":true,"href":"https:\/\/soymigrante.com\/revista\/wp-json\/wp\/v2\/comments?post=27268"}],"version-history":[{"count":0,"href":"https:\/\/soymigrante.com\/revista\/wp-json\/wp\/v2\/posts\/27268\/revisions"}],"wp:featuredmedia":[{"embeddable":true,"href":"https:\/\/soymigrante.com\/revista\/wp-json\/wp\/v2\/media\/27269"}],"wp:attachment":[{"href":"https:\/\/soymigrante.com\/revista\/wp-json\/wp\/v2\/media?parent=27268"}],"wp:term":[{"taxonomy":"category","embeddable":true,"href":"https:\/\/soymigrante.com\/revista\/wp-json\/wp\/v2\/categories?post=27268"},{"taxonomy":"post_tag","embeddable":true,"href":"https:\/\/soymigrante.com\/revista\/wp-json\/wp\/v2\/tags?post=27268"}],"curies":[{"name":"wp","href":"https:\/\/api.w.org\/{rel}","templated":true}]}}