{"id":27264,"date":"2025-03-06T13:18:15","date_gmt":"2025-03-06T19:18:15","guid":{"rendered":"https:\/\/soymigrante.com\/revista\/?p=27264"},"modified":"2026-03-05T18:00:09","modified_gmt":"2026-03-06T00:00:09","slug":"estudiante-guatemalteco-de-ciencias-sebastian-elias-recibe-premio-en-texas","status":"publish","type":"post","link":"https:\/\/soymigrante.com\/revista\/estudiante-guatemalteco-de-ciencias-sebastian-elias-recibe-premio-en-texas\/","title":{"rendered":"Estudiante guatemalteco de ciencias Sebasti\u00e1n El\u00edas recibe premio en Houston, Texas"},"content":{"rendered":"\t\t<div data-elementor-type=\"wp-post\" data-elementor-id=\"27264\" class=\"elementor elementor-27264\" data-elementor-post-type=\"post\">\n\t\t\t\t<div data-particle_enable=\"false\" data-particle-mobile-disabled=\"false\" class=\"elementor-element elementor-element-64fda2c e-flex e-con-boxed e-con e-parent\" data-id=\"64fda2c\" data-element_type=\"container\" data-e-type=\"container\">\n\t\t\t\t\t<div class=\"e-con-inner\">\n\t\t\t\t<div class=\"elementor-element elementor-element-9b239f9 elementor-widget elementor-widget-heading\" data-id=\"9b239f9\" data-element_type=\"widget\" data-e-type=\"widget\" data-widget_type=\"heading.default\">\n\t\t\t\t\t<h2 class=\"elementor-heading-title elementor-size-default\">Sebasti\u00e1n El\u00edas es estudiante destacado el \u00faltimo a\u00f1o de High School en la escuela Northbrook, de Houston, Texas, plantel de tipo STEM (Science, Technology, Engineering and Mathematics) y por su talento recibi\u00f3 una de las becas anuales otorgadas por la petrolera Citgo.<\/h2>\t\t\t\t<\/div>\n\t\t\t\t<div class=\"elementor-element elementor-element-6eb32ee elementor-widget elementor-widget-html\" data-id=\"6eb32ee\" data-element_type=\"widget\" data-e-type=\"widget\" data-widget_type=\"html.default\">\n\t\t\t\t\t<div id=\"buzzsprout-player-16783321\"><\/div><script src=\"https:\/\/www.buzzsprout.com\/2444168\/episodes\/16783321-exito-cientifico-guatemalteco-en-texas-sebastian-elias.js?container_id=buzzsprout-player-16783321&player=small\" type=\"text\/javascript\" charset=\"utf-8\"><\/script>\t\t\t\t<\/div>\n\t\t\t\t\t<\/div>\n\t\t\t\t<\/div>\n\t\t<div data-particle_enable=\"false\" data-particle-mobile-disabled=\"false\" class=\"elementor-element elementor-element-8813e6e e-flex e-con-boxed e-con e-parent\" data-id=\"8813e6e\" data-element_type=\"container\" data-e-type=\"container\">\n\t\t\t\t\t<div class=\"e-con-inner\">\n\t\t\t\t<div class=\"elementor-element elementor-element-4abf2a6 elementor-widget elementor-widget-text-editor\" data-id=\"4abf2a6\" data-element_type=\"widget\" data-e-type=\"widget\" data-widget_type=\"text-editor.default\">\n\t\t\t\t\t\t\t\t\t<p>Algo sorprendi\u00f3 a Romeo Antonio El\u00edas Garrido residente en Guatemala el domingo 2 de marzo durante la transmisi\u00f3n de los premios Oscar. Su hijo es Sebasti\u00e1n El\u00edas, estudiante guatemalteco\u00a0 radicado en <a href=\"https:\/\/soymigrante.com\/revista\/cultura-guatemalteca-brilla-en-houston-con-chapines-de-corazon\/\">Houston<\/a>, Texas se ha destacado por su talento en la High School Northbrook, un plantel especializado en la ense\u00f1anza de Ciencia, Tecnolog\u00eda, Ingenier\u00eda y Matem\u00e1ticas. De hecho, Sebasti\u00e1n fue premiado en 2024 dentro del certamen anual de becas impulsado por la petrolera Citgo.\u00a0<\/p><p>Romeo ya sab\u00eda eso. Pero lo que le sorprendi\u00f3 fue que durante uno de los espacios\u00a0<span style=\"color: var( --e-global-color-text ); text-align: var(--text-align);\">\u00a0publicitarios, Citgo present\u00f3 un video acerca de su hijo Sebasti\u00e1n como uno de los talentos reconocidos y toda una promesa en el campo de la ciencia. Fue un momento de gran emoci\u00f3n y orgullo. &#8220;Es un guatemalteco que desde joven est\u00e1 brillando en Estados Unidos&#8221;, exclama.<\/span><\/p><p><span style=\"color: var( --e-global-color-text ); text-align: var(--text-align);\">&#8220;Me sent\u00ed muy contento. Me dio bastante fuerza para seguir luchando por mis sue\u00f1os y la esperanza de aplicar a m\u00e1s becas para pagar mis estudios&#8221;, expresa Sebasti\u00e1n El\u00edas.<\/span><\/p>\t\t\t\t\t\t\t\t<\/div>\n\t\t\t\t\t<\/div>\n\t\t\t\t<\/div>\n\t\t<div data-particle_enable=\"false\" data-particle-mobile-disabled=\"false\" class=\"elementor-element elementor-element-3b9c5bb e-flex e-con-boxed e-con e-parent\" data-id=\"3b9c5bb\" data-element_type=\"container\" data-e-type=\"container\">\n\t\t\t\t\t<div class=\"e-con-inner\">\n\t\t\t\t<div class=\"elementor-element elementor-element-ae38d3c elementor-widget elementor-widget-image\" data-id=\"ae38d3c\" data-element_type=\"widget\" data-e-type=\"widget\" data-widget_type=\"image.default\">\n\t\t\t\t\t\t\t\t\t\t\t\t<figure class=\"wp-caption\">\n\t\t\t\t\t\t\t\t\t\t<img fetchpriority=\"high\" decoding=\"async\" width=\"1024\" height=\"576\" src=\"https:\/\/soymigrante.com\/revista\/wp-content\/uploads\/2025\/03\/sebastian-elias-estudiante-en-houston-1-1024x576.png\" class=\"attachment-large size-large wp-image-27283\" alt=\"Premio a joven becario por reconocimiento y apoyo comunitario en evento escolar.\" srcset=\"https:\/\/soymigrante.com\/revista\/wp-content\/uploads\/2025\/03\/sebastian-elias-estudiante-en-houston-1-1024x576.png 1024w, https:\/\/soymigrante.com\/revista\/wp-content\/uploads\/2025\/03\/sebastian-elias-estudiante-en-houston-1-300x169.png 300w, https:\/\/soymigrante.com\/revista\/wp-content\/uploads\/2025\/03\/sebastian-elias-estudiante-en-houston-1-768x432.png 768w, https:\/\/soymigrante.com\/revista\/wp-content\/uploads\/2025\/03\/sebastian-elias-estudiante-en-houston-1-750x422.webp 750w, https:\/\/soymigrante.com\/revista\/wp-content\/uploads\/2025\/03\/sebastian-elias-estudiante-en-houston-1-1140x641.webp 1140w, https:\/\/soymigrante.com\/revista\/wp-content\/uploads\/2025\/03\/sebastian-elias-estudiante-en-houston-1.webp 1280w\" sizes=\"(max-width: 1024px) 100vw, 1024px\" title=\"Sebasti\u00e1n El\u00edas recibi\u00f3 el reconocimiento de Citgo al talento estudiantil de escuelas de Texas, el cual incluye un cheque que utilizar\u00e1 para comenzar su pr\u00f3xima carrera universitaria. \u2013 SoyMigrante.com REVISTA\" \/>\t\t\t\t\t\t\t\t\t\t\t<figcaption class=\"widget-image-caption wp-caption-text\">Joven estudiante recibe beca de 5,000 d\u00f3lares en ceremonia de reconocimientos acad\u00e9micos con autoridades y comunidad educativa.<\/figcaption>\n\t\t\t\t\t\t\t\t\t\t<\/figure>\n\t\t\t\t\t\t\t\t\t<\/div>\n\t\t\t\t\t<\/div>\n\t\t\t\t<\/div>\n\t\t<div data-particle_enable=\"false\" data-particle-mobile-disabled=\"false\" class=\"elementor-element elementor-element-6734483 e-flex e-con-boxed e-con e-parent\" data-id=\"6734483\" data-element_type=\"container\" data-e-type=\"container\">\n\t\t\t\t\t<div class=\"e-con-inner\">\n\t\t\t\t<div class=\"elementor-element elementor-element-32f3955 elementor-widget elementor-widget-heading\" data-id=\"32f3955\" data-element_type=\"widget\" data-e-type=\"widget\" data-widget_type=\"heading.default\">\n\t\t\t\t\t<h3 class=\"elementor-heading-title elementor-size-default\">\"Te tienes que ir a estudiar la ciencia a Estados Unidos\". <\/h3>\t\t\t\t<\/div>\n\t\t\t\t\t<\/div>\n\t\t\t\t<\/div>\n\t\t<div data-particle_enable=\"false\" data-particle-mobile-disabled=\"false\" class=\"elementor-element elementor-element-5d921d7 e-flex e-con-boxed e-con e-parent\" data-id=\"5d921d7\" data-element_type=\"container\" data-e-type=\"container\">\n\t\t\t\t\t<div class=\"e-con-inner\">\n\t\t\t\t<div class=\"elementor-element elementor-element-eafd228 elementor-widget elementor-widget-text-editor\" data-id=\"eafd228\" data-element_type=\"widget\" data-e-type=\"widget\" data-widget_type=\"text-editor.default\">\n\t\t\t\t\t\t\t\t\t<p style=\"font-style: normal; font-variant-ligatures: normal; font-variant-caps: normal; font-weight: 400; font-size: 22px; font-family: Roboto, sans-serif;\">&#8220;Es un gran estudiante, con una gran inteligencia. Se fue hace 3 a\u00f1os y 3 meses a estudiar. Creci\u00f3 aqu\u00ed conmigo pero se traslad\u00f3 a Houston, Texas, con su mam\u00e1. La raz\u00f3n fue simple: cuando \u00e9l me dijo que su gran sue\u00f1o era trabajar en ciencia, yo le dije: te tienes que ir a Estados Unidos. No fue una decisi\u00f3n f\u00e1cil, pero hoy veo que ha sido la correcta&#8221;, expresa Romeo, economista de profesi\u00f3n y quien labora en el Intecap.<\/p><p style=\"font-style: normal; font-variant-ligatures: normal; font-variant-caps: normal; font-weight: 400; font-size: 22px; font-family: Roboto, sans-serif;\">&#8220;Me siento muy contento, mis maestros siempre est\u00e1n pendientes de m\u00ed, quiero ser ingeniero el\u00e9ctrico y este premio lo usar\u00e9 muy bien para empezar los estudios&#8221;, expresa Sebasti\u00e1n en el video de Citgo. &#8220;Mi sue\u00f1o es poder servir a trav\u00e9s de la ciencia&#8221;, agrega el joven guatemalteco de 17 a\u00f1os.<\/p><p style=\"font-style: normal; font-variant-ligatures: normal; font-variant-caps: normal; font-weight: 400; font-size: 22px; font-family: Roboto, sans-serif;\">&#8220;Lo recuerdo bien. Un d\u00eda en el Mirador de Mixco hablamos sobre su vocaci\u00f3n por la ciencia. Quiere ser Ingeniero El\u00e9ctrico. Entonces le dije. Si lo tuyo es la ciencia debes desarrollarte y estudiar en Estados Unidos. Lamentablemente aunque uno quiera y ame mucho a Guatemala, hay que reconocer que existe muy poco campo\u00a0 para desarrollar estos talentos&#8221;, cuenta Romeo.<\/p><p style=\"font-style: normal; font-variant-ligatures: normal; font-variant-caps: normal; font-weight: 400; font-size: 22px; font-family: Roboto, sans-serif;\">&#8220;Mi pap\u00e1 me introdujo a la ciencia desde peque\u00f1o. \u00c9l siempre me mostraba documentales de la NASA y de astrof\u00edsica que me encantaban&#8221;, dice Sebasti\u00e1n.<\/p><p style=\"font-style: normal; font-variant-ligatures: normal; font-variant-caps: normal; font-weight: 400; font-size: 22px; font-family: Roboto, sans-serif;\">&#8220;Actualmente, Sebasti\u00e1n est\u00e1 definiendo en qu\u00e9 universidad va a estudiar. Dentro de Texas, debido a su rendimiento escolar, puede aplicar a cualquier universidad y ya est\u00e1 aceptado, por sus calificaciones. Pero \u00e9l est\u00e1 en b\u00fasqueda de poder entrar a otras universidades fuera del Estado, en donde hay buenas carreras de Ingenier\u00eda El\u00e9ctrica&#8221;, agrega.<\/p>\t\t\t\t\t\t\t\t<\/div>\n\t\t\t\t\t<\/div>\n\t\t\t\t<\/div>\n\t\t<div data-particle_enable=\"false\" data-particle-mobile-disabled=\"false\" class=\"elementor-element elementor-element-98a0d4e e-flex e-con-boxed e-con e-parent\" data-id=\"98a0d4e\" data-element_type=\"container\" data-e-type=\"container\">\n\t\t\t\t\t<div class=\"e-con-inner\">\n\t\t\t\t<div class=\"elementor-element elementor-element-1783f65 elementor-widget elementor-widget-image\" data-id=\"1783f65\" data-element_type=\"widget\" data-e-type=\"widget\" data-widget_type=\"image.default\">\n\t\t\t\t\t\t\t\t\t\t\t\t<figure class=\"wp-caption\">\n\t\t\t\t\t\t\t\t\t\t<img decoding=\"async\" width=\"1024\" height=\"576\" src=\"https:\/\/soymigrante.com\/revista\/wp-content\/uploads\/2025\/03\/sebastian-elias-estudiante-en-houston-6-1024x576.png\" class=\"attachment-large size-large wp-image-27284\" alt=\"Innovadores proyectos de migrantes en la revista SoyMigrante.com, resaltando historias de \u00e9xito, integraci\u00f3n y emprendimiento en comunidad migrante.\" srcset=\"https:\/\/soymigrante.com\/revista\/wp-content\/uploads\/2025\/03\/sebastian-elias-estudiante-en-houston-6-1024x576.png 1024w, https:\/\/soymigrante.com\/revista\/wp-content\/uploads\/2025\/03\/sebastian-elias-estudiante-en-houston-6-300x169.png 300w, https:\/\/soymigrante.com\/revista\/wp-content\/uploads\/2025\/03\/sebastian-elias-estudiante-en-houston-6-768x432.png 768w, https:\/\/soymigrante.com\/revista\/wp-content\/uploads\/2025\/03\/sebastian-elias-estudiante-en-houston-6-750x422.webp 750w, https:\/\/soymigrante.com\/revista\/wp-content\/uploads\/2025\/03\/sebastian-elias-estudiante-en-houston-6-1140x641.webp 1140w, https:\/\/soymigrante.com\/revista\/wp-content\/uploads\/2025\/03\/sebastian-elias-estudiante-en-houston-6.webp 1280w\" sizes=\"(max-width: 1024px) 100vw, 1024px\" title=\"En el video que fue transmitido durante la gala de los premios Oscar en una transmisi\u00f3n en l\u00ednea, se puede ver a Sebasti\u00e1n El\u00edas durante una clase pr\u00e1ctica de rob\u00f3tica. Su plan ese ser ingeniero el\u00e9ctrico. \u2013 SoyMigrante.com REVISTA\" \/>\t\t\t\t\t\t\t\t\t\t\t<figcaption class=\"widget-image-caption wp-caption-text\">Reconstrucci\u00f3n de proyectos de migrantes en la revista SoyMigrante.com, promoviendo la inclusi\u00f3n, innovaci\u00f3n y liderazgo en la comunidad migrante.<\/figcaption>\n\t\t\t\t\t\t\t\t\t\t<\/figure>\n\t\t\t\t\t\t\t\t\t<\/div>\n\t\t\t\t\t<\/div>\n\t\t\t\t<\/div>\n\t\t<div data-particle_enable=\"false\" data-particle-mobile-disabled=\"false\" class=\"elementor-element elementor-element-9df1caf e-flex e-con-boxed e-con e-parent\" data-id=\"9df1caf\" data-element_type=\"container\" data-e-type=\"container\">\n\t\t\t\t\t<div class=\"e-con-inner\">\n\t\t\t\t<div class=\"elementor-element elementor-element-59ec236 elementor-widget elementor-widget-heading\" data-id=\"59ec236\" data-element_type=\"widget\" data-e-type=\"widget\" data-widget_type=\"heading.default\">\n\t\t\t\t\t<h3 class=\"elementor-heading-title elementor-size-default\">Un talento natural cultivado con lectura y curiosidad<\/h3>\t\t\t\t<\/div>\n\t\t\t\t\t<\/div>\n\t\t\t\t<\/div>\n\t\t<div data-particle_enable=\"false\" data-particle-mobile-disabled=\"false\" class=\"elementor-element elementor-element-a8904ad e-flex e-con-boxed e-con e-parent\" data-id=\"a8904ad\" data-element_type=\"container\" data-e-type=\"container\">\n\t\t\t\t\t<div class=\"e-con-inner\">\n\t\t\t\t<div class=\"elementor-element elementor-element-8e4428a elementor-widget elementor-widget-text-editor\" data-id=\"8e4428a\" data-element_type=\"widget\" data-e-type=\"widget\" data-widget_type=\"text-editor.default\">\n\t\t\t\t\t\t\t\t\t<p style=\"font-style: normal; font-variant-ligatures: normal; font-variant-caps: normal; font-weight: 400; font-size: 22px; font-family: Roboto, sans-serif;\">&#8220;Desde ni\u00f1o, Romeo le cultiv\u00f3 a Sebasti\u00e1n el h\u00e1bito de la lectura, tambi\u00e9n foment\u00f3 la curiosidad y el esp\u00edritu de exploraci\u00f3n. &#8220;Me aconsejaron\u00a0que desde ni\u00f1o le leyera antes de dormirse: cuentos, historias, novelas de Julio Verne, El Principito&#8230; de todo le le\u00eda en las noches. Tambi\u00e9n vidas de cient\u00edficos y descubridores. Adem\u00e1s lo llevaba al Museo del Ni\u00f1o, al de Arqueolog\u00eda, lo llev\u00e9 a sitios arqueol\u00f3gicos como <a href=\"https:\/\/soymigrante.com\/revista\/has-oido-hablar-de-la-fortaleza-kaqchiqel-chwa-nima-abaj-y-el-nombre-erroneo-que-tenia\/\">Chw&#8217;a Nim\u00e1 Abaj<\/a> o <a href=\"https:\/\/soymigrante.com\/revista\/en-iximche-se-fundo-la-primera-capital-de-guatemala-hace-500-anos\/\">Iximch\u00e9<\/a>&#8220;.<\/p><p style=\"font-style: normal; font-variant-ligatures: normal; font-variant-caps: normal; font-weight: 400; font-size: 22px; font-family: Roboto, sans-serif;\">&#8220;Aprendi\u00f3 a jugar ajedrez desde los 6 a\u00f1os y la gente se sorprend\u00eda al ver su habilidad. En el colegio estuvo en el Cuadro de Honor, pero tambi\u00e9n a veces me mandaban a llamar porque se pon\u00eda a platicar o a molestar. El problema es que entend\u00eda lo explicado por el profesor a la primera&#8230;. y entonces se distra\u00eda, se aburr\u00eda. Pero en fin fue pasando sus grados&#8221;, agrega.<\/p><p style=\"font-style: normal; font-variant-ligatures: normal; font-variant-caps: normal; font-weight: 400; font-size: 22px; font-family: Roboto, sans-serif;\">&#8220;El d\u00eda que se fue para Estados Unidos fue triste y alegre. Me doli\u00f3 el alma ya no verlo a diario, pero s\u00e9 que va en el camino correcto y\u00a0 hay que hacer sacrificios. Gracias a Dios la tecnolog\u00eda permite una comunicaci\u00f3n fluida, pero no solo personal pues ahora el talento de Sebasti\u00e1n ya lo conoce m\u00e1s gente&#8221;.<\/p><p style=\"font-style: normal; font-variant-ligatures: normal; font-variant-caps: normal; font-weight: 400; font-size: 22px; font-family: Roboto, sans-serif;\">&#8220;Ya en Houston, Sebasti\u00e1n estuvo en el club de Ajedrez, pero lo cerraron. Entonces organiz\u00f3 el club de ciencias. ha hecho voluntariado, compartiendo conocimientos y animando a otros estudiantes. Pienso que entre sus buenas calificaciones y este don de servicio, fue por eso que lo seleccionaron&#8221;, cuenta Romeo, originario de Chiantla, <a href=\"https:\/\/soymigrante.com\/revista\/departamentos-de-guatemala-huehuetenango-la-tierra-de-kaibil-balam-tesoro-cultural-y-natural\/\">Huehuetenango<\/a>.<\/p>\t\t\t\t\t\t\t\t<\/div>\n\t\t\t\t\t<\/div>\n\t\t\t\t<\/div>\n\t\t<div data-particle_enable=\"false\" data-particle-mobile-disabled=\"false\" class=\"elementor-element elementor-element-494b6b9 e-flex e-con-boxed e-con e-parent\" data-id=\"494b6b9\" data-element_type=\"container\" data-e-type=\"container\">\n\t\t\t\t\t<div class=\"e-con-inner\">\n\t\t\t\t<div class=\"elementor-element elementor-element-a5f6710 elementor-widget elementor-widget-image\" data-id=\"a5f6710\" data-element_type=\"widget\" data-e-type=\"widget\" data-widget_type=\"image.default\">\n\t\t\t\t\t\t\t\t\t\t\t\t<figure class=\"wp-caption\">\n\t\t\t\t\t\t\t\t\t\t\t<a href=\"https:\/\/abc13.com\/videoClip\/15956644\/\">\n\t\t\t\t\t\t\t<img decoding=\"async\" width=\"1058\" height=\"607\" src=\"https:\/\/soymigrante.com\/revista\/wp-content\/uploads\/2025\/03\/sebastian-elias-1.png\" class=\"attachment-large size-large wp-image-53284\" alt=\"Video de un telenoticiero local de Houston en el cual se reconoce el talento del guatemalteco Sebasti\u00e1n El\u00edas. Para verlo, clic en la foto.\" srcset=\"https:\/\/soymigrante.com\/revista\/wp-content\/uploads\/2025\/03\/sebastian-elias-1.png 1058w, https:\/\/soymigrante.com\/revista\/wp-content\/uploads\/2025\/03\/sebastian-elias-1-300x172.png 300w, https:\/\/soymigrante.com\/revista\/wp-content\/uploads\/2025\/03\/sebastian-elias-1-768x441.png 768w, https:\/\/soymigrante.com\/revista\/wp-content\/uploads\/2025\/03\/sebastian-elias-1-750x430.png 750w\" sizes=\"(max-width: 1058px) 100vw, 1058px\" title=\"Video de un telenoticiero local de Houston en el cual se reconoce el talento del guatemalteco Sebasti\u00e1n El\u00edas. Para verlo, clic en la foto. \u2013 SoyMigrante.com REVISTA\" \/>\t\t\t\t\t\t\t\t<\/a>\n\t\t\t\t\t\t\t\t\t\t\t<figcaption class=\"widget-image-caption wp-caption-text\">Video de un telenoticiero local de Houston en el cual se reconoce el talento del guatemalteco Sebasti\u00e1n El\u00edas. Para verlo, clic en la foto.<\/figcaption>\n\t\t\t\t\t\t\t\t\t\t<\/figure>\n\t\t\t\t\t\t\t\t\t<\/div>\n\t\t\t\t\t<\/div>\n\t\t\t\t<\/div>\n\t\t<div data-particle_enable=\"false\" data-particle-mobile-disabled=\"false\" class=\"elementor-element elementor-element-b41e72a e-flex e-con-boxed e-con e-parent\" data-id=\"b41e72a\" data-element_type=\"container\" data-e-type=\"container\">\n\t\t\t\t\t<div class=\"e-con-inner\">\n\t\t\t\t<div class=\"elementor-element elementor-element-071c805 elementor-widget elementor-widget-heading\" data-id=\"071c805\" data-element_type=\"widget\" data-e-type=\"widget\" data-widget_type=\"heading.default\">\n\t\t\t\t\t<h3 class=\"elementor-heading-title elementor-size-default\">La programaci\u00f3n es el gran reto pero aprende en el camino<\/h3>\t\t\t\t<\/div>\n\t\t\t\t\t<\/div>\n\t\t\t\t<\/div>\n\t\t<div data-particle_enable=\"false\" data-particle-mobile-disabled=\"false\" class=\"elementor-element elementor-element-4ddc9d6 e-flex e-con-boxed e-con e-parent\" data-id=\"4ddc9d6\" data-element_type=\"container\" data-e-type=\"container\">\n\t\t\t\t\t<div class=\"e-con-inner\">\n\t\t\t\t<div class=\"elementor-element elementor-element-2adf194 elementor-widget elementor-widget-text-editor\" data-id=\"2adf194\" data-element_type=\"widget\" data-e-type=\"widget\" data-widget_type=\"text-editor.default\">\n\t\t\t\t\t\t\t\t\t<p><span style=\"color: var( --e-global-color-text ); text-align: var(--text-align);\">&#8220;El d\u00eda que se fue para Estados Unidos fue triste y alegre. Me doli\u00f3 el alma ya no verlo a diario, pero s\u00e9 que va en el camino correcto y\u00a0 hay que hacer sacrificios. Gracias a Dios la tecnolog\u00eda permite una comunicaci\u00f3n fluida, pero no solo personal pues ahora el talento de Sebasti\u00e1n ya lo conoce m\u00e1s gente&#8221;.<\/span><\/p><p><span style=\"color: var( --e-global-color-text ); text-align: var(--text-align);\">&#8220;Ya en Houston, Sebasti\u00e1n estuvo en el club de Ajedrez, pero lo cerraron. Entonces organiz\u00f3 el club de ciencias. ha hecho voluntariado, compartiendo conocimientos y animando a otros estudiantes. Pienso que entre sus buenas calificaciones y este don de servicio, fue por eso que lo seleccionaron&#8221;, cuenta Romeo, originario de Chiantla, Huehuetenango.<\/span><\/p><p><b style=\"text-align: var(--text-align);\">&#8220;El consejo que les dar\u00eda a los j\u00f3venes interesados en la ciencia ser\u00eda que leyeran bastante e intentaran aprender cosas nuevas todo el tiempo. Tambi\u00e9n dir\u00eda que tomar riesgos y trabajar duro son necesarios para ser exitoso&#8221;, dice Sebasti\u00e1n.<\/b><\/p>\t\t\t\t\t\t\t\t<\/div>\n\t\t\t\t\t<\/div>\n\t\t\t\t<\/div>\n\t\t<div data-particle_enable=\"false\" data-particle-mobile-disabled=\"false\" class=\"elementor-element elementor-element-876b1a6 e-flex e-con-boxed e-con e-parent\" data-id=\"876b1a6\" data-element_type=\"container\" data-e-type=\"container\">\n\t\t\t\t\t<div class=\"e-con-inner\">\n\t\t\t\t<div class=\"elementor-element elementor-element-ba126e7 elementor-widget elementor-widget-image\" data-id=\"ba126e7\" data-element_type=\"widget\" data-e-type=\"widget\" data-widget_type=\"image.default\">\n\t\t\t\t\t\t\t\t\t\t\t\t<figure class=\"wp-caption\">\n\t\t\t\t\t\t\t\t\t\t<img loading=\"lazy\" decoding=\"async\" width=\"1024\" height=\"576\" src=\"https:\/\/soymigrante.com\/revista\/wp-content\/uploads\/2025\/03\/sebastian-elias-estudiante-en-houston-5-1024x576.png\" class=\"attachment-large size-large wp-image-27285\" alt=\"Circuito electr\u00f3nico con resistencias y LEDs iluminados, representando innovaci\u00f3n tecnol\u00f3gica y aprendizaje en electr\u00f3nica para migrantes y estudiantes.\" srcset=\"https:\/\/soymigrante.com\/revista\/wp-content\/uploads\/2025\/03\/sebastian-elias-estudiante-en-houston-5-1024x576.png 1024w, https:\/\/soymigrante.com\/revista\/wp-content\/uploads\/2025\/03\/sebastian-elias-estudiante-en-houston-5-300x169.png 300w, https:\/\/soymigrante.com\/revista\/wp-content\/uploads\/2025\/03\/sebastian-elias-estudiante-en-houston-5-768x432.png 768w, https:\/\/soymigrante.com\/revista\/wp-content\/uploads\/2025\/03\/sebastian-elias-estudiante-en-houston-5-750x422.webp 750w, https:\/\/soymigrante.com\/revista\/wp-content\/uploads\/2025\/03\/sebastian-elias-estudiante-en-houston-5-1140x641.webp 1140w, https:\/\/soymigrante.com\/revista\/wp-content\/uploads\/2025\/03\/sebastian-elias-estudiante-en-houston-5.webp 1280w\" sizes=\"(max-width: 1024px) 100vw, 1024px\" title=\"La creaci\u00f3n de circuitos integrados para luego proceder a la programaci\u00f3n de movimientos es uno de los ejercicios que Sebasti\u00e1n El\u00edas pone en pr\u00e1ctica en su High School, que pertenece al sistema STEM, que proimueve las ciencias, la tecnolog\u00eda, la ingenier\u00eda y la matem\u00e1tica. \u2013 SoyMigrante.com REVISTA\" \/>\t\t\t\t\t\t\t\t\t\t\t<figcaption class=\"widget-image-caption wp-caption-text\">Circuito electr\u00f3nico con resistencias y LEDs que simbolizan la innovaci\u00f3n y la formaci\u00f3n en electr\u00f3nica para migrantes y comunidades educativas.<\/figcaption>\n\t\t\t\t\t\t\t\t\t\t<\/figure>\n\t\t\t\t\t\t\t\t\t<\/div>\n\t\t\t\t\t<\/div>\n\t\t\t\t<\/div>\n\t\t<div data-particle_enable=\"false\" data-particle-mobile-disabled=\"false\" class=\"elementor-element elementor-element-5f201bc e-flex e-con-boxed e-con e-parent\" data-id=\"5f201bc\" data-element_type=\"container\" data-e-type=\"container\">\n\t\t\t\t\t<div class=\"e-con-inner\">\n\t\t\t\t<div class=\"elementor-element elementor-element-3ba9512 elementor-widget elementor-widget-heading\" data-id=\"3ba9512\" data-element_type=\"widget\" data-e-type=\"widget\" data-widget_type=\"heading.default\">\n\t\t\t\t\t<h2 class=\"elementor-heading-title elementor-size-default\">Talento joven guatemalteco migrante<\/h2>\t\t\t\t<\/div>\n\t\t\t\t\t<\/div>\n\t\t\t\t<\/div>\n\t\t<div data-particle_enable=\"false\" data-particle-mobile-disabled=\"false\" class=\"elementor-element elementor-element-9ec79b2 e-flex e-con-boxed e-con e-parent\" data-id=\"9ec79b2\" data-element_type=\"container\" data-e-type=\"container\">\n\t\t\t\t\t<div class=\"e-con-inner\">\n\t\t\t\t<div class=\"elementor-element elementor-element-4cfc28f elementor-grid-eael-col-3 elementor-grid-tablet-eael-col-2 elementor-grid-mobile-eael-col-1 elementor-widget elementor-widget-eael-post-grid\" data-id=\"4cfc28f\" data-element_type=\"widget\" data-e-type=\"widget\" data-settings=\"{&quot;eael_post_grid_columns&quot;:&quot;eael-col-3&quot;,&quot;eael_post_grid_columns_tablet&quot;:&quot;eael-col-2&quot;,&quot;eael_post_grid_columns_mobile&quot;:&quot;eael-col-1&quot;}\" data-widget_type=\"eael-post-grid.default\">\n\t\t\t\t\t<div id=\"eael-post-grid-4cfc28f\" class=\"eael-post-grid-container\">\n            <div class=\"eael-post-grid eael-post-appender eael-post-appender-4cfc28f eael-post-grid-style-one\" data-layout-mode=\"masonry\"><article class=\"eael-grid-post  eael-post-grid-column eael-pg-post-19139 category-lugar-de-voces\" data-id=\"19139\">\n        <div class=\"eael-grid-post-holder\">\n            <div class=\"eael-grid-post-holder-inner\"><div class=\"eael-entry-media\"><div class=\"eael-entry-overlay fade-in\"><i class=\"far fa-hand-pointer\" aria-hidden=\"true\"><\/i><a href=\"https:\/\/soymigrante.com\/revista\/jovenes-lean-y-participen-el-consejo-de-kaylee-lopez-baran-estudiante-destacada-en-ee-uu-de-familia-guatemalteca\/\"><\/a><\/div><div class=\"eael-entry-thumbnail \">\n                <img loading=\"lazy\" decoding=\"async\" width=\"1024\" height=\"1024\" src=\"https:\/\/soymigrante.com\/revista\/wp-content\/uploads\/2025\/01\/kaylee-lopez-foto-1024x1024.jpg\" class=\"attachment-large size-large wp-image-19140\" alt=\"Joven ind\u00edgena con premio en feria cultural, usando vestimenta tradicional, con la inscripci\u00f3n &quot;Guate&quot;, en evento de reconocimiento a j\u00f3venes talentos en Guatemala, promoviendo la cultura y la identidad ind\u00edgena.\" srcset=\"https:\/\/soymigrante.com\/revista\/wp-content\/uploads\/2025\/01\/kaylee-lopez-foto-1024x1024.jpg 1024w, https:\/\/soymigrante.com\/revista\/wp-content\/uploads\/2025\/01\/kaylee-lopez-foto-300x300.jpg 300w, https:\/\/soymigrante.com\/revista\/wp-content\/uploads\/2025\/01\/kaylee-lopez-foto-150x150.jpg 150w, https:\/\/soymigrante.com\/revista\/wp-content\/uploads\/2025\/01\/kaylee-lopez-foto-768x768.jpg 768w, https:\/\/soymigrante.com\/revista\/wp-content\/uploads\/2025\/01\/kaylee-lopez-foto-75x75.webp 75w, https:\/\/soymigrante.com\/revista\/wp-content\/uploads\/2025\/01\/kaylee-lopez-foto-750x750.webp 750w, https:\/\/soymigrante.com\/revista\/wp-content\/uploads\/2025\/01\/kaylee-lopez-foto-1140x1140.webp 1140w, https:\/\/soymigrante.com\/revista\/wp-content\/uploads\/2025\/01\/kaylee-lopez-foto.webp 1502w\" sizes=\"(max-width: 1024px) 100vw, 1024px\" \/>\n            <\/div>\n        <\/div><div class=\"eael-entry-wrapper\"><header class=\"eael-entry-header\"><h2 class=\"eael-entry-title\"><a class=\"eael-grid-post-link\" href=\"https:\/\/soymigrante.com\/revista\/jovenes-lean-y-participen-el-consejo-de-kaylee-lopez-baran-estudiante-destacada-en-ee-uu-de-familia-guatemalteca\/\" title=\"&#8220;J\u00f3venes: lean y participen&#8221;, el consejo de Kaylee L\u00f3pez Bar\u00e1n, estudiante destacada en EE.UU. de familia guatemalteca\">&#8220;J\u00f3venes: lean y participen&#8221;, el consejo de Kaylee L\u00f3pez Bar\u00e1n, estudiante destacada en EE.UU. de familia guatemalteca<\/a><\/h2><\/header><div class=\"eael-entry-content\">\n                        <div class=\"eael-grid-post-excerpt\"><a href=\"https:\/\/soymigrante.com\/revista\/jovenes-lean-y-participen-el-consejo-de-kaylee-lopez-baran-estudiante-destacada-en-ee-uu-de-familia-guatemalteca\/\" class=\"eael-post-elements-readmore-btn\">CONOCE SU HISTORIA <\/a><\/div>\n                    <\/div><\/div><\/div>\n        <\/div>\n    <\/article><article class=\"eael-grid-post  eael-post-grid-column eael-pg-post-8258 category-exitos\" data-id=\"8258\">\n        <div class=\"eael-grid-post-holder\">\n            <div class=\"eael-grid-post-holder-inner\"><div class=\"eael-entry-media\"><div class=\"eael-entry-overlay fade-in\"><i class=\"far fa-hand-pointer\" aria-hidden=\"true\"><\/i><a href=\"https:\/\/soymigrante.com\/revista\/jose-coronado-dreamer-guatemalteco-y-graduado-de-harvard-apoya-tps-para-migrantes\/\"><\/a><\/div><div class=\"eael-entry-thumbnail \">\n                <img loading=\"lazy\" decoding=\"async\" width=\"608\" height=\"602\" src=\"https:\/\/soymigrante.com\/revista\/wp-content\/uploads\/2024\/08\/jose-gonzalo-coronado.webp\" class=\"attachment-large size-large wp-image-8259\" alt=\"Trabajador migrante en protesta en M\u00e9xico, derechos laborales, inmigrantes, movilizaci\u00f3n social, SoyMigrante.com REVISTA.\" srcset=\"https:\/\/soymigrante.com\/revista\/wp-content\/uploads\/2024\/08\/jose-gonzalo-coronado.webp 608w, https:\/\/soymigrante.com\/revista\/wp-content\/uploads\/2024\/08\/jose-gonzalo-coronado-300x297.webp 300w, https:\/\/soymigrante.com\/revista\/wp-content\/uploads\/2024\/08\/jose-gonzalo-coronado-150x150.webp 150w, https:\/\/soymigrante.com\/revista\/wp-content\/uploads\/2024\/08\/jose-gonzalo-coronado-75x75.webp 75w\" sizes=\"(max-width: 608px) 100vw, 608px\" \/>\n            <\/div>\n        <\/div><div class=\"eael-entry-wrapper\"><header class=\"eael-entry-header\"><h2 class=\"eael-entry-title\"><a class=\"eael-grid-post-link\" href=\"https:\/\/soymigrante.com\/revista\/jose-coronado-dreamer-guatemalteco-y-graduado-de-harvard-apoya-tps-para-migrantes\/\" title=\"Jos\u00e9 Coronado,  dreamer guatemalteco y graduado de Harvard, apoya TPS para compatriotas\">Jos\u00e9 Coronado,  dreamer guatemalteco y graduado de Harvard, apoya TPS para compatriotas<\/a><\/h2><\/header><div class=\"eael-entry-content\">\n                        <div class=\"eael-grid-post-excerpt\"><a href=\"https:\/\/soymigrante.com\/revista\/jose-coronado-dreamer-guatemalteco-y-graduado-de-harvard-apoya-tps-para-migrantes\/\" class=\"eael-post-elements-readmore-btn\">CONOCE SU HISTORIA <\/a><\/div>\n                    <\/div><\/div><\/div>\n        <\/div>\n    <\/article><article class=\"eael-grid-post  eael-post-grid-column eael-pg-post-2281 category-exitos\" data-id=\"2281\">\n        <div class=\"eael-grid-post-holder\">\n            <div class=\"eael-grid-post-holder-inner\"><div class=\"eael-entry-media\"><div class=\"eael-entry-overlay fade-in\"><i class=\"far fa-hand-pointer\" aria-hidden=\"true\"><\/i><a href=\"https:\/\/soymigrante.com\/revista\/rosario-rodriguez-cineasta-guatemalteca-nueva-york\/\"><\/a><\/div><div class=\"eael-entry-thumbnail \">\n                <img loading=\"lazy\" decoding=\"async\" width=\"1024\" height=\"834\" src=\"https:\/\/soymigrante.com\/revista\/wp-content\/uploads\/2023\/08\/rosie-1024x834.webp\" class=\"attachment-large size-large wp-image-2341\" alt=\"Rosario Rodr\u00edguez, cineasta guatemalteca y migrante\" srcset=\"https:\/\/soymigrante.com\/revista\/wp-content\/uploads\/2023\/08\/rosie-1024x834.webp 1024w, https:\/\/soymigrante.com\/revista\/wp-content\/uploads\/2023\/08\/rosie-300x244.webp 300w, https:\/\/soymigrante.com\/revista\/wp-content\/uploads\/2023\/08\/rosie-768x626.webp 768w, https:\/\/soymigrante.com\/revista\/wp-content\/uploads\/2023\/08\/rosie-750x611.webp 750w, https:\/\/soymigrante.com\/revista\/wp-content\/uploads\/2023\/08\/rosie-1140x929.webp 1140w, https:\/\/soymigrante.com\/revista\/wp-content\/uploads\/2023\/08\/rosie.webp 1425w\" sizes=\"(max-width: 1024px) 100vw, 1024px\" \/>\n            <\/div>\n        <\/div><div class=\"eael-entry-wrapper\"><header class=\"eael-entry-header\"><h2 class=\"eael-entry-title\"><a class=\"eael-grid-post-link\" href=\"https:\/\/soymigrante.com\/revista\/rosario-rodriguez-cineasta-guatemalteca-nueva-york\/\" title=\"Rosario Rodr\u00edguez: La cineasta guatemalteca que brilla en Nueva York\">Rosario Rodr\u00edguez: La cineasta guatemalteca que brilla en Nueva York<\/a><\/h2><\/header><div class=\"eael-entry-content\">\n                        <div class=\"eael-grid-post-excerpt\"><a href=\"https:\/\/soymigrante.com\/revista\/rosario-rodriguez-cineasta-guatemalteca-nueva-york\/\" class=\"eael-post-elements-readmore-btn\">CONOCE SU HISTORIA <\/a><\/div>\n                    <\/div><\/div><\/div>\n        <\/div>\n    <\/article><\/div>\n            <div class=\"clearfix\"><\/div>\n        <\/div>\t\t\t\t<\/div>\n\t\t\t\t\t<\/div>\n\t\t\t\t<\/div>\n\t\t\t\t<\/div>\n\t\t","protected":false},"excerpt":{"rendered":"<p>Sebasti\u00e1n El\u00edas es estudiante destacado el \u00faltimo a\u00f1o de High School en la escuela Northbrook, de Houston, Texas, plantel de tipo STEM (Science, Technology, Engineering and Mathematics) y por su talento recibi\u00f3 una de las becas anuales otorgadas por la petrolera Citgo. Algo sorprendi\u00f3 a Romeo Antonio El\u00edas Garrido residente en Guatemala el domingo 2 [&hellip;]<\/p>\n","protected":false},"author":7,"featured_media":27265,"comment_status":"open","ping_status":"open","sticky":false,"template":"","format":"standard","meta":{"_acf_changed":false,"_eb_attr":"","footnotes":""},"categories":[50],"tags":[],"class_list":["post-27264","post","type-post","status-publish","format-standard","has-post-thumbnail","hentry","category-exitos"],"acf":[],"aioseo_notices":[],"aioseo_head":"\n\t\t<!-- All in One SEO Pro 4.9.6.2 - aioseo.com -->\n\t<meta name=\"description\" content=\"Rosario Rodr\u00edguez, migrante y cineasta, refleja en su trabajo la innovaci\u00f3n y dedicaci\u00f3n de los guatemaltecos. Conoce su trayectoria y visi\u00f3n en la industria f\u00edlmica\" \/>\n\t<meta name=\"robots\" content=\"max-snippet:-1, max-image-preview:large, max-video-preview:-1\" \/>\n\t<meta name=\"author\" content=\"Gustavo Montenegro\"\/>\n\t<link rel=\"canonical\" href=\"https:\/\/soymigrante.com\/revista\/rosario-rodriguez-cineasta-guatemalteca-nueva-york\/\" \/>\n\t<meta name=\"generator\" content=\"All in One SEO Pro (AIOSEO) 4.9.6.2\" \/>\n\n\t\t<link rel=\"preconnect\" href=\"https:\/\/fonts.googleapis.com\" crossorigin>\n<link rel=\"preconnect\" href=\"https:\/\/fonts.gstatic.com\" crossorigin>\n\t\t<meta property=\"og:locale\" content=\"es_ES\" \/>\n\t\t<meta property=\"og:site_name\" content=\"SoyMigrante.com REVISTA \u2013 Nuestra misi\u00f3n es reconocer y dignificar al migrante.\" \/>\n\t\t<meta property=\"og:type\" content=\"article\" \/>\n\t\t<meta property=\"og:title\" content=\"Rosario Rodr\u00edguez: La cineasta guatemalteca que brilla en Nueva York\" \/>\n\t\t<meta property=\"og:description\" content=\"Rosario Rodr\u00edguez, migrante y cineasta, refleja en su trabajo la innovaci\u00f3n y dedicaci\u00f3n de los guatemaltecos. Conoce su trayectoria y visi\u00f3n en la industria f\u00edlmica\" \/>\n\t\t<meta property=\"og:url\" content=\"https:\/\/soymigrante.com\/revista\/rosario-rodriguez-cineasta-guatemalteca-nueva-york\/\" \/>\n\t\t<meta property=\"og:image\" content=\"https:\/\/soymigrante.com\/revista\/wp-content\/uploads\/2023\/08\/rosie.webp\" \/>\n\t\t<meta property=\"og:image:secure_url\" content=\"https:\/\/soymigrante.com\/revista\/wp-content\/uploads\/2023\/08\/rosie.webp\" \/>\n\t\t<meta property=\"og:image:width\" content=\"1425\" \/>\n\t\t<meta property=\"og:image:height\" content=\"1161\" \/>\n\t\t<meta property=\"article:published_time\" content=\"2023-08-26T19:17:45+00:00\" \/>\n\t\t<meta property=\"article:modified_time\" content=\"2024-07-30T23:23:17+00:00\" \/>\n\t\t<meta property=\"article:publisher\" content=\"https:\/\/www.facebook.com\/soymigrantecom\" \/>\n\t\t<meta name=\"twitter:card\" content=\"summary_large_image\" \/>\n\t\t<meta name=\"twitter:site\" content=\"@SoyMigrante_com\" \/>\n\t\t<meta name=\"twitter:title\" content=\"Rosario Rodr\u00edguez: La cineasta guatemalteca que brilla en Nueva York\" \/>\n\t\t<meta name=\"twitter:description\" content=\"Rosario Rodr\u00edguez, migrante y cineasta, refleja en su trabajo la innovaci\u00f3n y dedicaci\u00f3n de los guatemaltecos. Conoce su trayectoria y visi\u00f3n en la industria f\u00edlmica\" \/>\n\t\t<meta name=\"twitter:creator\" content=\"@SoyMigrante_com\" \/>\n\t\t<meta name=\"twitter:image\" content=\"https:\/\/soymigrante.com\/revista\/wp-content\/uploads\/2023\/08\/rosie.webp\" \/>\n\t\t<!-- All in One SEO Pro -->\r\n\t\t<title>Rosario Rodr\u00edguez: La cineasta guatemalteca que brilla en Nueva York<\/title>\n\n","aioseo_head_json":{"title":"Rosario Rodr\u00edguez: La cineasta guatemalteca que brilla en Nueva York","description":"Rosario Rodr\u00edguez, migrante y cineasta, refleja en su trabajo la innovaci\u00f3n y dedicaci\u00f3n de los guatemaltecos. Conoce su trayectoria y visi\u00f3n en la industria f\u00edlmica","canonical_url":"https:\/\/soymigrante.com\/revista\/rosario-rodriguez-cineasta-guatemalteca-nueva-york\/","robots":"max-snippet:-1, max-image-preview:large, max-video-preview:-1","keywords":"","webmasterTools":{"miscellaneous":"&lt;link rel=\"preconnect\" href=\"https:\/\/fonts.googleapis.com\" crossorigin&gt;\n&lt;link rel=\"preconnect\" href=\"https:\/\/fonts.gstatic.com\" crossorigin&gt;"},"schema":null,"og:locale":"es_ES","og:site_name":"SoyMigrante.com REVISTA \u2013 Nuestra misi\u00f3n es reconocer y dignificar al migrante.","og:type":"article","og:title":"Rosario Rodr\u00edguez: La cineasta guatemalteca que brilla en Nueva York","og:description":"Rosario Rodr\u00edguez, migrante y cineasta, refleja en su trabajo la innovaci\u00f3n y dedicaci\u00f3n de los guatemaltecos. Conoce su trayectoria y visi\u00f3n en la industria f\u00edlmica","og:url":"https:\/\/soymigrante.com\/revista\/rosario-rodriguez-cineasta-guatemalteca-nueva-york\/","og:image":"https:\/\/soymigrante.com\/revista\/wp-content\/uploads\/2023\/08\/rosie.webp","og:image:secure_url":"https:\/\/soymigrante.com\/revista\/wp-content\/uploads\/2023\/08\/rosie.webp","og:image:width":1425,"og:image:height":1161,"article:published_time":"2023-08-26T19:17:45+00:00","article:modified_time":"2024-07-30T23:23:17+00:00","article:publisher":"https:\/\/www.facebook.com\/soymigrantecom","twitter:card":"summary_large_image","twitter:site":"@SoyMigrante_com","twitter:title":"Rosario Rodr\u00edguez: La cineasta guatemalteca que brilla en Nueva York","twitter:description":"Rosario Rodr\u00edguez, migrante y cineasta, refleja en su trabajo la innovaci\u00f3n y dedicaci\u00f3n de los guatemaltecos. Conoce su trayectoria y visi\u00f3n en la industria f\u00edlmica","twitter:creator":"@SoyMigrante_com","twitter:image":"https:\/\/soymigrante.com\/revista\/wp-content\/uploads\/2023\/08\/rosie.webp"},"aioseo_meta_data":{"post_id":"27264","title":"Estudiante guatemalteco de ciencias es premiado en Texas","description":"El guatemalteco Sebasti\u00e1n El\u00edas egresa este a\u00f1o de Northbrook Highschool, Houston. Recibi\u00f3 el premio de la petrolera CITGO a alumnos brillantes. Aqu\u00ed la historia.","keywords":null,"keyphrases":{"focus":{"keyphrase":"Guatemalteco","score":91,"analysis":{"keyphraseInTitle":{"score":9,"maxScore":9,"error":0},"keyphraseInDescription":{"score":9,"maxScore":9,"error":0},"keyphraseLength":{"score":9,"maxScore":9,"error":0,"length":1},"keyphraseInURL":{"score":5,"maxScore":5,"error":0},"keyphraseInIntroduction":{"score":9,"maxScore":9,"error":0},"keyphraseInSubHeadings":{"score":3,"maxScore":9,"error":1},"keyphraseInImageAlt":{"score":9,"maxScore":9,"error":0},"keywordDensity":{"type":"best","score":9,"maxScore":9,"error":0}}},"additional":[{"keyphrase":"Estudiante","score":73,"analysis":{"keyphraseInDescription":{"score":3,"maxScore":9,"error":1},"keyphraseLength":{"score":9,"maxScore":9,"error":0,"length":1},"keyphraseInIntroduction":{"score":9,"maxScore":9,"error":0},"keyphraseInImageAlt":{"score":3,"maxScore":9,"error":1},"keywordDensity":{"type":"best","score":9,"maxScore":9,"error":0}}},{"keyphrase":"Texas","score":67,"analysis":{"keyphraseInDescription":{"score":3,"maxScore":9,"error":1},"keyphraseLength":{"score":9,"maxScore":9,"error":0,"length":1},"keyphraseInIntroduction":{"score":9,"maxScore":9,"error":0},"keyphraseInImageAlt":{"score":9,"maxScore":9,"error":0},"keywordDensity":{"score":0,"type":"low","maxScore":9,"error":1}}},{"keyphrase":"Houston","score":67,"analysis":{"keyphraseInDescription":{"score":9,"maxScore":9,"error":0},"keyphraseLength":{"score":9,"maxScore":9,"error":0,"length":1},"keyphraseInIntroduction":{"score":9,"maxScore":9,"error":0},"keyphraseInImageAlt":{"score":3,"maxScore":9,"error":1},"keywordDensity":{"score":0,"type":"low","maxScore":9,"error":1}}}]},"primary_term":null,"canonical_url":null,"og_title":null,"og_description":null,"og_object_type":"default","og_image_type":"default","og_image_url":null,"og_image_width":null,"og_image_height":null,"og_image_custom_url":null,"og_image_custom_fields":null,"og_video":"","og_custom_url":null,"og_article_section":null,"og_article_tags":null,"twitter_use_og":false,"twitter_card":"default","twitter_image_type":"default","twitter_image_url":null,"twitter_image_custom_url":null,"twitter_image_custom_fields":null,"twitter_title":null,"twitter_description":null,"schema":{"blockGraphs":[],"customGraphs":[],"default":{"data":{"Article":[],"Course":[],"Dataset":[],"FAQPage":[],"Movie":[],"Person":[],"Product":[],"ProductReview":[],"Car":[],"Recipe":[],"Service":[],"SoftwareApplication":[],"WebPage":[]},"graphName":"BlogPosting","isEnabled":true},"graphs":[]},"schema_type":"default","schema_type_options":null,"pillar_content":false,"robots_default":true,"robots_noindex":false,"robots_noarchive":false,"robots_nosnippet":false,"robots_nofollow":false,"robots_noimageindex":false,"robots_noodp":false,"robots_notranslate":false,"robots_max_snippet":"-1","robots_max_videopreview":"-1","robots_max_imagepreview":"large","priority":null,"frequency":"default","local_seo":null,"seo_analyzer_scan_date":"2026-03-09 21:43:28","breadcrumb_settings":null,"limit_modified_date":false,"reviewed_by":null,"open_ai":"{\"title\":{\"suggestions\":[],\"usage\":0},\"description\":{\"suggestions\":[],\"usage\":0}}","ai":null,"created":"2025-03-06 16:52:41","updated":"2026-03-09 21:43:28"},"aioseo_breadcrumb":"<div class=\"aioseo-breadcrumbs\"><span class=\"aioseo-breadcrumb\">\n\t<a href=\"https:\/\/soymigrante.com\/revista\" title=\"Home\">Home<\/a>\n<\/span><span class=\"aioseo-breadcrumb-separator\">\u00bb<\/span><span class=\"aioseo-breadcrumb\">\n\t<a href=\"https:\/\/soymigrante.com\/revista\/category\/exitos\/\" title=\"\u00c9xitos\">\u00c9xitos<\/a>\n<\/span><span class=\"aioseo-breadcrumb-separator\">\u00bb<\/span><span class=\"aioseo-breadcrumb\">\n\tEstudiante guatemalteco de ciencias Sebasti\u00e1n El\u00edas recibe premio en Houston, Texas\n<\/span><\/div>","aioseo_breadcrumb_json":[{"label":"Home","link":"https:\/\/soymigrante.com\/revista"},{"label":"\u00c9xitos","link":"https:\/\/soymigrante.com\/revista\/category\/exitos\/"},{"label":"Estudiante guatemalteco de ciencias Sebasti\u00e1n El\u00edas recibe premio en Houston, Texas","link":"https:\/\/soymigrante.com\/revista\/estudiante-guatemalteco-de-ciencias-sebastian-elias-recibe-premio-en-texas\/"}],"_links":{"self":[{"href":"https:\/\/soymigrante.com\/revista\/wp-json\/wp\/v2\/posts\/27264","targetHints":{"allow":["GET"]}}],"collection":[{"href":"https:\/\/soymigrante.com\/revista\/wp-json\/wp\/v2\/posts"}],"about":[{"href":"https:\/\/soymigrante.com\/revista\/wp-json\/wp\/v2\/types\/post"}],"author":[{"embeddable":true,"href":"https:\/\/soymigrante.com\/revista\/wp-json\/wp\/v2\/users\/7"}],"replies":[{"embeddable":true,"href":"https:\/\/soymigrante.com\/revista\/wp-json\/wp\/v2\/comments?post=27264"}],"version-history":[{"count":3,"href":"https:\/\/soymigrante.com\/revista\/wp-json\/wp\/v2\/posts\/27264\/revisions"}],"predecessor-version":[{"id":53287,"href":"https:\/\/soymigrante.com\/revista\/wp-json\/wp\/v2\/posts\/27264\/revisions\/53287"}],"wp:featuredmedia":[{"embeddable":true,"href":"https:\/\/soymigrante.com\/revista\/wp-json\/wp\/v2\/media\/27265"}],"wp:attachment":[{"href":"https:\/\/soymigrante.com\/revista\/wp-json\/wp\/v2\/media?parent=27264"}],"wp:term":[{"taxonomy":"category","embeddable":true,"href":"https:\/\/soymigrante.com\/revista\/wp-json\/wp\/v2\/categories?post=27264"},{"taxonomy":"post_tag","embeddable":true,"href":"https:\/\/soymigrante.com\/revista\/wp-json\/wp\/v2\/tags?post=27264"}],"curies":[{"name":"wp","href":"https:\/\/api.w.org\/{rel}","templated":true}]}}