{"id":2715,"date":"2023-09-28T13:29:52","date_gmt":"2023-09-28T13:29:52","guid":{"rendered":"https:\/\/soymigrante.com\/revista\/?p=2715"},"modified":"2025-08-27T23:43:35","modified_gmt":"2025-08-28T05:43:35","slug":"la-fe-de-las-familias-acompana-a-migrantes-guatemaltecos-que-buscan-salir-adelante","status":"publish","type":"post","link":"https:\/\/soymigrante.com\/revista\/la-fe-de-las-familias-acompana-a-migrantes-guatemaltecos-que-buscan-salir-adelante\/","title":{"rendered":"La fe de las familias acompa\u00f1a a migrantes guatemaltecos que buscan salir adelante"},"content":{"rendered":"\t\t<div data-elementor-type=\"wp-post\" data-elementor-id=\"2715\" class=\"elementor elementor-2715\" data-elementor-post-type=\"post\">\n\t\t\t\t\t\t<section data-particle_enable=\"false\" data-particle-mobile-disabled=\"false\" class=\"elementor-section elementor-top-section elementor-element elementor-element-08f798e elementor-section-boxed elementor-section-height-default elementor-section-height-default\" data-id=\"08f798e\" data-element_type=\"section\" data-e-type=\"section\">\n\t\t\t\t\t\t<div class=\"elementor-container elementor-column-gap-default\">\n\t\t\t\t\t<div class=\"elementor-column elementor-col-100 elementor-top-column elementor-element elementor-element-6941235\" data-id=\"6941235\" data-element_type=\"column\" data-e-type=\"column\">\n\t\t\t<div class=\"elementor-widget-wrap elementor-element-populated\">\n\t\t\t\t\t\t<div class=\"elementor-element elementor-element-b5ff7fa elementor-widget elementor-widget-heading\" data-id=\"b5ff7fa\" data-element_type=\"widget\" data-e-type=\"widget\" data-widget_type=\"heading.default\">\n\t\t\t\t\t<h1 class=\"elementor-heading-title elementor-size-default\">El apoyo y aporte de migrantes guatemaltecos para las familias en Guatemala durante las ferias patronales muestran un significado de fe y devoci\u00f3n.<\/h1>\t\t\t\t<\/div>\n\t\t\t\t\t<\/div>\n\t\t<\/div>\n\t\t\t\t\t<\/div>\n\t\t<\/section>\n\t\t\t\t<section data-particle_enable=\"false\" data-particle-mobile-disabled=\"false\" class=\"elementor-section elementor-top-section elementor-element elementor-element-ce05b5d elementor-section-boxed elementor-section-height-default elementor-section-height-default\" data-id=\"ce05b5d\" data-element_type=\"section\" data-e-type=\"section\">\n\t\t\t\t\t\t<div class=\"elementor-container elementor-column-gap-default\">\n\t\t\t\t\t<div class=\"elementor-column elementor-col-100 elementor-top-column elementor-element elementor-element-8e3860d\" data-id=\"8e3860d\" data-element_type=\"column\" data-e-type=\"column\">\n\t\t\t<div class=\"elementor-widget-wrap elementor-element-populated\">\n\t\t\t\t\t\t<div class=\"elementor-element elementor-element-82acc94 elementor-widget elementor-widget-image\" data-id=\"82acc94\" data-element_type=\"widget\" data-e-type=\"widget\" data-widget_type=\"image.default\">\n\t\t\t\t\t\t\t\t\t\t\t\t<figure class=\"wp-caption\">\n\t\t\t\t\t\t\t\t\t\t<img fetchpriority=\"high\" decoding=\"async\" width=\"1024\" height=\"682\" src=\"https:\/\/soymigrante.com\/revista\/wp-content\/uploads\/2023\/09\/Fe-y-devocion-familias-de-migrantes-guatemaltecos-ruegan-salud-trabajo-proteccion-y-bendicion-1024x682.webp\" class=\"attachment-large size-large wp-image-2716\" alt=\"Fe y devoci\u00f3n familias de migrantes guatemaltecos ruegan por salud, trabajo, protecci\u00f3n y bendici\u00f3n Foto: Omar Mench\u00fa\" srcset=\"https:\/\/soymigrante.com\/revista\/wp-content\/uploads\/2023\/09\/Fe-y-devocion-familias-de-migrantes-guatemaltecos-ruegan-salud-trabajo-proteccion-y-bendicion-1024x682.webp 1024w, https:\/\/soymigrante.com\/revista\/wp-content\/uploads\/2023\/09\/Fe-y-devocion-familias-de-migrantes-guatemaltecos-ruegan-salud-trabajo-proteccion-y-bendicion-300x200.webp 300w, https:\/\/soymigrante.com\/revista\/wp-content\/uploads\/2023\/09\/Fe-y-devocion-familias-de-migrantes-guatemaltecos-ruegan-salud-trabajo-proteccion-y-bendicion-768x512.webp 768w, https:\/\/soymigrante.com\/revista\/wp-content\/uploads\/2023\/09\/Fe-y-devocion-familias-de-migrantes-guatemaltecos-ruegan-salud-trabajo-proteccion-y-bendicion-1536x1023.webp 1536w, https:\/\/soymigrante.com\/revista\/wp-content\/uploads\/2023\/09\/Fe-y-devocion-familias-de-migrantes-guatemaltecos-ruegan-salud-trabajo-proteccion-y-bendicion-750x500.webp 750w, https:\/\/soymigrante.com\/revista\/wp-content\/uploads\/2023\/09\/Fe-y-devocion-familias-de-migrantes-guatemaltecos-ruegan-salud-trabajo-proteccion-y-bendicion-1140x760.webp 1140w, https:\/\/soymigrante.com\/revista\/wp-content\/uploads\/2023\/09\/Fe-y-devocion-familias-de-migrantes-guatemaltecos-ruegan-salud-trabajo-proteccion-y-bendicion-600x400.webp 600w, https:\/\/soymigrante.com\/revista\/wp-content\/uploads\/2023\/09\/Fe-y-devocion-familias-de-migrantes-guatemaltecos-ruegan-salud-trabajo-proteccion-y-bendicion.webp 1600w\" sizes=\"(max-width: 1024px) 100vw, 1024px\" title=\"Fe-y-devocion-familias-de-migrantes-guatemaltecos-ruegan-salud-trabajo-proteccion-y-bendicion \u2013 SoyMigrante.com REVISTA\" \/>\t\t\t\t\t\t\t\t\t\t\t<figcaption class=\"widget-image-caption wp-caption-text\">Fe y devoci\u00f3n familias de migrantes guatemaltecos ruegan por salud, trabajo, protecci\u00f3n y bendici\u00f3n Foto: Omar Mench\u00fa<\/figcaption>\n\t\t\t\t\t\t\t\t\t\t<\/figure>\n\t\t\t\t\t\t\t\t\t<\/div>\n\t\t\t\t\t<\/div>\n\t\t<\/div>\n\t\t\t\t\t<\/div>\n\t\t<\/section>\n\t\t\t\t<section data-particle_enable=\"false\" data-particle-mobile-disabled=\"false\" class=\"elementor-section elementor-top-section elementor-element elementor-element-cf5adbb elementor-section-boxed elementor-section-height-default elementor-section-height-default\" data-id=\"cf5adbb\" data-element_type=\"section\" data-e-type=\"section\">\n\t\t\t\t\t\t<div class=\"elementor-container elementor-column-gap-default\">\n\t\t\t\t\t<div class=\"elementor-column elementor-col-100 elementor-top-column elementor-element elementor-element-50ae52f\" data-id=\"50ae52f\" data-element_type=\"column\" data-e-type=\"column\">\n\t\t\t<div class=\"elementor-widget-wrap elementor-element-populated\">\n\t\t\t\t\t\t<div class=\"elementor-element elementor-element-226d614 elementor-widget elementor-widget-heading\" data-id=\"226d614\" data-element_type=\"widget\" data-e-type=\"widget\" data-widget_type=\"heading.default\">\n\t\t\t\t\t<h2 class=\"elementor-heading-title elementor-size-default\">Uni\u00f3n espiritual de familias de migrantes guatemaltecos<\/h2>\t\t\t\t<\/div>\n\t\t\t\t<div class=\"elementor-element elementor-element-cd0ed2b elementor-widget elementor-widget-text-editor\" data-id=\"cd0ed2b\" data-element_type=\"widget\" data-e-type=\"widget\" data-widget_type=\"text-editor.default\">\n\t\t\t\t\t\t\t\t\t<p><span style=\"font-weight: 400;\">La\u00a0 uni\u00f3n de las familias de migrantes se expresa a trav\u00e9s de la ayuda enviada en forma de remesaspero tambi\u00e9n en las oraciones que sus familiares elevan a diario, expresa el padre Max Vidal Ozuna, p\u00e1rroco\u00a0 de la co-catedral de San Miguel Arc\u00e1ngel de Totonicap\u00e1n.<\/span><\/p><p><span style=\"font-weight: 400;\">La presencia sin fronteras los migrantes guatemaltecos durante las festividades patronales de Toto es notoria.\u00a0Durante los d\u00edas de feria muchos de ellos env\u00edan donativos o remesas para aportar a las diferentes directivas comunitarias que acostumbran a desarrollar conciertos al aire libre, novenarios y misas de acci\u00f3n de gracias.\u00a0<\/span><\/p><p><span style=\"font-weight: 400;\">\u201cEl aporte de los migrantes, en t\u00e9rminos generales se demuestra con el ambiente familiar y el aporte econ\u00f3mico que realizan con las sociedades para los conciertos, y sus familias para que puedan comer y comprarse alguna prenda, considero que esto son grandes aportes\u201d, dice el padre Max Vidal.<\/span><\/p><p><span style=\"font-weight: 400;\">La distancia no ha sido limitante para que las familias de Totonicap\u00e1n y del resto de Guatemala participen en las actividades sociales y religiosas, las llamadas telef\u00f3nicas o videollamadas son las herramientas tecnol\u00f3gicas que permiten la comunicaci\u00f3n.<\/span><\/p><p><span style=\"font-weight: 400;\">El desarrollo de las actividades nace desde la organizaci\u00f3n de la feligres\u00eda cat\u00f3lica pero tambi\u00e9n de las directivas que conforman las doce sociedades. Con ello se\u00a0 impulsa el desarrollo econ\u00f3mico local, participaci\u00f3n familiar y sobre todo fe y devoci\u00f3n.<\/span><\/p><p><span style=\"font-weight: 400;\">\u201cEl aporte que ellos pueden realizar es inmenso, ac\u00e1 no hay f\u00e1bricas, no hay trabajos estables, lo que hay son migrantes que aportan a trav\u00e9s de remesas a sus familiares por ende se moviliza una cantidad de gente y recursos econ\u00f3micos durante las festividades y el aporte a la iglesia se nota en las intenciones o donativos particulares y an\u00f3nimos\u201d , agrega el padre Vidal.<\/span><\/p><p><span style=\"font-weight: 400;\">La uni\u00f3n de las familias de migrantes y de la comunidad es notable con la convivencia en misas y novenarios, por otro lado, los socios activos y directivos ofrecen desayunos y almuerzos para todas personas que asisten a las actividades. \u201cEn las parroquias a las que asisten aportan la fe de San Miguel Arc\u00e1ngel ya sea en Estados Unidos o desde las comunidades de donde son originarios\u201d.<\/span><\/p>\t\t\t\t\t\t\t\t<\/div>\n\t\t\t\t\t<\/div>\n\t\t<\/div>\n\t\t\t\t\t<\/div>\n\t\t<\/section>\n\t\t\t\t<section data-particle_enable=\"false\" data-particle-mobile-disabled=\"false\" class=\"elementor-section elementor-top-section elementor-element elementor-element-4a3c481 elementor-section-boxed elementor-section-height-default elementor-section-height-default\" data-id=\"4a3c481\" data-element_type=\"section\" data-e-type=\"section\">\n\t\t\t\t\t\t<div class=\"elementor-container elementor-column-gap-default\">\n\t\t\t\t\t<div class=\"elementor-column elementor-col-100 elementor-top-column elementor-element elementor-element-f972266\" data-id=\"f972266\" data-element_type=\"column\" data-e-type=\"column\">\n\t\t\t<div class=\"elementor-widget-wrap elementor-element-populated\">\n\t\t\t\t\t\t<div class=\"elementor-element elementor-element-fa778fd elementor-arrows-position-inside elementor-pagination-position-outside elementor-widget elementor-widget-image-carousel\" data-id=\"fa778fd\" data-element_type=\"widget\" data-e-type=\"widget\" data-settings=\"{&quot;slides_to_show&quot;:&quot;1&quot;,&quot;navigation&quot;:&quot;both&quot;,&quot;autoplay&quot;:&quot;yes&quot;,&quot;pause_on_hover&quot;:&quot;yes&quot;,&quot;pause_on_interaction&quot;:&quot;yes&quot;,&quot;autoplay_speed&quot;:5000,&quot;infinite&quot;:&quot;yes&quot;,&quot;effect&quot;:&quot;slide&quot;,&quot;speed&quot;:500}\" data-widget_type=\"image-carousel.default\">\n\t\t\t\t\t\t\t<div class=\"elementor-image-carousel-wrapper swiper\" role=\"region\" aria-roledescription=\"carousel\" aria-label=\"Carrusel de im\u00e1genes\" dir=\"ltr\">\n\t\t\t<div class=\"elementor-image-carousel swiper-wrapper\" aria-live=\"off\">\n\t\t\t\t\t\t\t\t<div class=\"swiper-slide\" role=\"group\" aria-roledescription=\"slide\" aria-label=\"1 de 5\"><figure class=\"swiper-slide-inner\"><img decoding=\"async\" class=\"swiper-slide-image\" src=\"https:\/\/soymigrante.com\/revista\/wp-content\/uploads\/2023\/09\/La-imagen-de-San-Miguel-Arcangel-es-considerado-patrono-en-especial-de-quienes-radican-en-Estados-Unidos-por-su-lugar-de-origen-768x512.webp\" alt=\"La imagen de San Miguel Arcangel es considerado patrono en especial de quienes radican en Estados Unidos por su lugar de origen\" \/><figcaption class=\"elementor-image-carousel-caption\">La imagen de San Miguel Arc\u00e1ngel es considerado patrono en especial de quienes radican en Estados Unidos por su lugar de origen, feria titular que se celebra en el mes de septiembre Foto: Omar Mench\u00fa<\/figcaption><\/figure><\/div><div class=\"swiper-slide\" role=\"group\" aria-roledescription=\"slide\" aria-label=\"2 de 5\"><figure class=\"swiper-slide-inner\"><img decoding=\"async\" class=\"swiper-slide-image\" src=\"https:\/\/soymigrante.com\/revista\/wp-content\/uploads\/2023\/09\/12-sociedades-confroman-la-iglesia-catolica-de-Totonicapan-Guatemala-se-reunen-para-celebrar-la-feria-patronal-en-Honor-a-San-Miguel-Arcangel-cuentan-con-el-apoyo-de-los-migrantes-768x512.webp\" alt=\"12 sociedades conforman la iglesia catolica de Totonicapan Guatemala se reunen para celebrar la feria patronal en Honor a San Miguel Arc\u00e1ngel cuentan con el apoyo de los migrantes\" \/><figcaption class=\"elementor-image-carousel-caption\">12 sociedades conforman la iglesia cat\u00f3lica de Totonicap\u00e1n Guatemala se re\u00fanen para celebrar la feria patronal en Honor a San Miguel Arc\u00e1ngel cuentan con el apoyo de los migrantes para el desarrollo de actividades religiosas y sociales. Foto: Jimmy Petz<\/figcaption><\/figure><\/div><div class=\"swiper-slide\" role=\"group\" aria-roledescription=\"slide\" aria-label=\"3 de 5\"><figure class=\"swiper-slide-inner\"><img decoding=\"async\" class=\"swiper-slide-image\" src=\"https:\/\/soymigrante.com\/revista\/wp-content\/uploads\/2023\/09\/El-aporte-economico-de-los-migrantes-guatemaltecos-aportan-para-el-desarrollo-de-actividades-sociales-y-religiosas-del-lugar-768x345.webp\" alt=\"El aporte econ\u00f3mico de los migrantes guatemaltecos se refleja en el desarrollo de actividades religiosas y sociales como los conciertos al aire libre Foto: Diana Batz\" \/><figcaption class=\"elementor-image-carousel-caption\">El aporte econ\u00f3mico de los migrantes guatemaltecos se refleja en el desarrollo de actividades religiosas y sociales como los conciertos al aire libre Foto: Diana Batz<\/figcaption><\/figure><\/div><div class=\"swiper-slide\" role=\"group\" aria-roledescription=\"slide\" aria-label=\"4 de 5\"><figure class=\"swiper-slide-inner\"><img decoding=\"async\" class=\"swiper-slide-image\" src=\"https:\/\/soymigrante.com\/revista\/wp-content\/uploads\/2023\/09\/Donativos-y-presentes-son-enviados-por-las-familias-de-migrantes-algunas-se-realizan-de-manera-anonima-768x512.webp\" alt=\"Donativos y presentes son enviados por las familias de migrantes algunas se realizan de manera an\u00f3nima Foto: Omar Mench\u00fa\" \/><figcaption class=\"elementor-image-carousel-caption\">Donativos y presentes son enviados por las familias de migrantes algunas se realizan de manera an\u00f3nima Foto: Omar Mench\u00fa<\/figcaption><\/figure><\/div><div class=\"swiper-slide\" role=\"group\" aria-roledescription=\"slide\" aria-label=\"5 de 5\"><figure class=\"swiper-slide-inner\"><img decoding=\"async\" class=\"swiper-slide-image\" src=\"https:\/\/soymigrante.com\/revista\/wp-content\/uploads\/2023\/09\/Padre-Max-Vidal-Ozuna-de-la-Co-catedral-de-San-Miguel-Arcangel-de-Totonicapan-Guatemala-768x512.webp\" alt=\"Padre Max Vidal Ozuna de la Co catedral de San Miguel Arc\u00e1ngel de Totonicap\u00e1n, Guatemala Foto: Omar Mench\u00fa\" \/><figcaption class=\"elementor-image-carousel-caption\">Padre Max Vidal Ozuna de la Co catedral de San Miguel Arc\u00e1ngel de Totonicap\u00e1n, Guatemala Foto: Omar Mench\u00fa<\/figcaption><\/figure><\/div>\t\t\t<\/div>\n\t\t\t\t\t\t\t\t\t\t\t\t<div class=\"elementor-swiper-button elementor-swiper-button-prev\" role=\"button\" tabindex=\"0\">\n\t\t\t\t\t\t<i aria-hidden=\"true\" class=\"eicon-chevron-left\"><\/i>\t\t\t\t\t<\/div>\n\t\t\t\t\t<div class=\"elementor-swiper-button elementor-swiper-button-next\" role=\"button\" tabindex=\"0\">\n\t\t\t\t\t\t<i aria-hidden=\"true\" class=\"eicon-chevron-right\"><\/i>\t\t\t\t\t<\/div>\n\t\t\t\t\n\t\t\t\t\t\t\t\t\t<div class=\"swiper-pagination\"><\/div>\n\t\t\t\t\t\t\t\t\t<\/div>\n\t\t\t\t\t\t<\/div>\n\t\t\t\t\t<\/div>\n\t\t<\/div>\n\t\t\t\t\t<\/div>\n\t\t<\/section>\n\t\t\t\t<section data-particle_enable=\"false\" data-particle-mobile-disabled=\"false\" class=\"elementor-section elementor-top-section elementor-element elementor-element-062d6bb elementor-section-boxed elementor-section-height-default elementor-section-height-default\" data-id=\"062d6bb\" data-element_type=\"section\" data-e-type=\"section\">\n\t\t\t\t\t\t<div class=\"elementor-container elementor-column-gap-default\">\n\t\t\t\t\t<div class=\"elementor-column elementor-col-100 elementor-top-column elementor-element elementor-element-1a3bb9f\" data-id=\"1a3bb9f\" data-element_type=\"column\" data-e-type=\"column\">\n\t\t\t<div class=\"elementor-widget-wrap elementor-element-populated\">\n\t\t\t\t\t\t<div class=\"elementor-element elementor-element-dd1076a elementor-widget elementor-widget-heading\" data-id=\"dd1076a\" data-element_type=\"widget\" data-e-type=\"widget\" data-widget_type=\"heading.default\">\n\t\t\t\t\t<h2 class=\"elementor-heading-title elementor-size-default\">Familias piden intenciones en misas<\/h2>\t\t\t\t<\/div>\n\t\t\t\t<div class=\"elementor-element elementor-element-e5471a9 elementor-widget elementor-widget-text-editor\" data-id=\"e5471a9\" data-element_type=\"widget\" data-e-type=\"widget\" data-widget_type=\"text-editor.default\">\n\t\t\t\t\t\t\t\t\t<p><span style=\"font-weight: 400\">Parte esencial de la celebraci\u00f3n de la feria patronal en esta localidad es reflejar la fe y la esencia de las familias y sobre todo los hermanos migrantes guatemaltecos, a pesar de radicar en los Estados Unidos tienen presente a su familia y su origen, muchos de los familiares se dirigen a realizar el pago de intenci\u00f3n, los que son mencionados durante la celebraci\u00f3n de la misa.<\/span><\/p><p><span style=\"font-weight: 400\">\u201cUna persona me dijo: Padre fui a dejar los nueve d\u00edas de intenciones para mis hijos que est\u00e1n en Estados Unidos, creo que son bastantes las intenciones aumentan estos d\u00edas. Tienen una fe inmensa a San Miguel Arc\u00e1ngel y lo consideran un patr\u00f3n a donde quiera que van\u201d las intenciones son la s\u00faplica de trabajo, salud, protecci\u00f3n y bendici\u00f3n.<\/span><\/p><p><span style=\"font-weight: 400\">Los actos de intenciones se realizan por medio de familiares en Guatemala que se encargan de pagar y solicitar la menci\u00f3n del nombre del familiar, para luego que el padre en turno ore y pida por ellos \u201cNo solo para la feria, Constantemente env\u00edan dinero para poder las intenciones, tambi\u00e9n alguno que se van vienen a pedir la protecci\u00f3n de San Miguel Arc\u00e1ngel\u201d<\/span><\/p><p><span style=\"font-weight: 400\">Los migrantes radicados en Estados Unidos consideran patrono a la imagen de San Miguel Arc\u00e1ngel, pero tambi\u00e9n existe rinden homenaje al Santo Toribio Romo Gonzales, sacerdote mexicano considerado dentro de la iglesia cat\u00f3lica como santo de los indocumentados (En M\u00e9xico pasan miles de indocumentados).<\/span><\/p><p><span style=\"font-weight: 400\">\u201cVeo que algunas comunidades se van extienden al d\u00eda de acci\u00f3n de gracias que es el \u00faltimo jueves de noviembre en Estados Unidos, entonces aqu\u00ed se trae las intenciones de los migrantes y de otra manera ellos reciben lo que nosotros celebramos, en varias comunidades veo que tienen la imagen de Santo Toribio donde encienden velas y colocan flores\u201d<\/span><\/p><p><span style=\"font-weight: 400\">En Estados Unidos existe una comunidad cristiana que rinde devoci\u00f3n al Santo Toribio y se extiende en las comunidades de Guatemala.<\/span><\/p>\t\t\t\t\t\t\t\t<\/div>\n\t\t\t\t\t<\/div>\n\t\t<\/div>\n\t\t\t\t\t<\/div>\n\t\t<\/section>\n\t\t\t\t<section data-particle_enable=\"false\" data-particle-mobile-disabled=\"false\" class=\"elementor-section elementor-top-section elementor-element elementor-element-5694d4d elementor-section-boxed elementor-section-height-default elementor-section-height-default\" data-id=\"5694d4d\" data-element_type=\"section\" data-e-type=\"section\">\n\t\t\t\t\t\t<div class=\"elementor-container elementor-column-gap-default\">\n\t\t\t\t\t<div class=\"elementor-column elementor-col-100 elementor-top-column elementor-element elementor-element-c5957ff\" data-id=\"c5957ff\" data-element_type=\"column\" data-e-type=\"column\">\n\t\t\t<div class=\"elementor-widget-wrap elementor-element-populated\">\n\t\t\t\t\t\t<div class=\"elementor-element elementor-element-9f5ba6e elementor-arrows-position-inside elementor-pagination-position-outside elementor-widget elementor-widget-image-carousel\" data-id=\"9f5ba6e\" data-element_type=\"widget\" data-e-type=\"widget\" data-settings=\"{&quot;slides_to_show&quot;:&quot;1&quot;,&quot;navigation&quot;:&quot;both&quot;,&quot;autoplay&quot;:&quot;yes&quot;,&quot;pause_on_hover&quot;:&quot;yes&quot;,&quot;pause_on_interaction&quot;:&quot;yes&quot;,&quot;autoplay_speed&quot;:5000,&quot;infinite&quot;:&quot;yes&quot;,&quot;effect&quot;:&quot;slide&quot;,&quot;speed&quot;:500}\" data-widget_type=\"image-carousel.default\">\n\t\t\t\t\t\t\t<div class=\"elementor-image-carousel-wrapper swiper\" role=\"region\" aria-roledescription=\"carousel\" aria-label=\"Carrusel de im\u00e1genes\" dir=\"ltr\">\n\t\t\t<div class=\"elementor-image-carousel swiper-wrapper\" aria-live=\"off\">\n\t\t\t\t\t\t\t\t<div class=\"swiper-slide\" role=\"group\" aria-roledescription=\"slide\" aria-label=\"1 de 5\"><figure class=\"swiper-slide-inner\"><img decoding=\"async\" class=\"swiper-slide-image\" src=\"https:\/\/soymigrante.com\/revista\/wp-content\/uploads\/2023\/09\/La-mayoria-de-intensiones-mencionadas-por-el-parroco-son-de-migrantes-guatemaltecos-este-ano-se-ha-implementado-el-sisitema-en-pantalla-Foto-Omar-Menchu-768x512.webp\" alt=\"La mayor\u00eda de intensiones mencionadas por el parroco son de migrantes guatemaltecos, este a\u00f1o se ha implementado el sistema en pantalla Foto Omar Menchu\" \/><figcaption class=\"elementor-image-carousel-caption\">La mayor\u00eda de intensiones mencionadas por el p\u00e1rroco son de migrantes guatemaltecos, este a\u00f1o se ha implementado el sistema en pantalla Foto: Omar Menchu<\/figcaption><\/figure><\/div><div class=\"swiper-slide\" role=\"group\" aria-roledescription=\"slide\" aria-label=\"2 de 5\"><figure class=\"swiper-slide-inner\"><img decoding=\"async\" class=\"swiper-slide-image\" src=\"https:\/\/soymigrante.com\/revista\/wp-content\/uploads\/2023\/09\/Las-velas-representan-amor-fe-y-devocion-768x512.webp\" alt=\"Las velas representan amor, fe y devoci\u00f3n Foto: Diana Batz\" \/><figcaption class=\"elementor-image-carousel-caption\">Las velas representan amor, fe y devoci\u00f3n Foto: Diana Batz<\/figcaption><\/figure><\/div><div class=\"swiper-slide\" role=\"group\" aria-roledescription=\"slide\" aria-label=\"3 de 5\"><figure class=\"swiper-slide-inner\"><img decoding=\"async\" class=\"swiper-slide-image\" src=\"https:\/\/soymigrante.com\/revista\/wp-content\/uploads\/2023\/09\/Varias-personas-acuden-a-la-iglesia-a-emitir-intensiones-personales-de-sus-familiares-radicados-en-Estados-Unidos-768x512.webp\" alt=\"Varias personas acuden a la iglesia a emitir intensiones personales de sus familiares radicados en Estados Unidos Foto: Diana Batz\" \/><figcaption class=\"elementor-image-carousel-caption\">Varias personas acuden a la iglesia a emitir intensiones personales de sus familiares radicados en Estados Unidos Foto: Diana Batz<\/figcaption><\/figure><\/div><div class=\"swiper-slide\" role=\"group\" aria-roledescription=\"slide\" aria-label=\"4 de 5\"><figure class=\"swiper-slide-inner\"><img decoding=\"async\" class=\"swiper-slide-image\" src=\"https:\/\/soymigrante.com\/revista\/wp-content\/uploads\/2023\/09\/Padres-madres-estan-a-la-espera-del-regreso-de-su-hijo-o-hija-migrante-Foto-Diana-Batz-768x512.webp\" alt=\"Padres, madres est\u00e1n a la espera del regreso de su hijo o hija migrante Foto Diana Batz\" \/><figcaption class=\"elementor-image-carousel-caption\">Padres, madres est\u00e1n a la espera del regreso de su hijo o hija migrante Foto: Diana Batz<\/figcaption><\/figure><\/div><div class=\"swiper-slide\" role=\"group\" aria-roledescription=\"slide\" aria-label=\"5 de 5\"><figure class=\"swiper-slide-inner\"><img decoding=\"async\" class=\"swiper-slide-image\" src=\"https:\/\/soymigrante.com\/revista\/wp-content\/uploads\/2023\/09\/Las-celebraciones-de-misa-acuden-familiares-madres-esposas-e-hijos-de-migrantes-guatemaltecos-768x512.webp\" alt=\"Las celebraciones de misa acuden familiares madres, esposas e hijos de migrantes guatemaltecos\" \/><figcaption class=\"elementor-image-carousel-caption\">Las celebraciones de misa acuden familiares madres, esposas e hijos de migrantes guatemaltecos<\/figcaption><\/figure><\/div>\t\t\t<\/div>\n\t\t\t\t\t\t\t\t\t\t\t\t<div class=\"elementor-swiper-button elementor-swiper-button-prev\" role=\"button\" tabindex=\"0\">\n\t\t\t\t\t\t<i aria-hidden=\"true\" class=\"eicon-chevron-left\"><\/i>\t\t\t\t\t<\/div>\n\t\t\t\t\t<div class=\"elementor-swiper-button elementor-swiper-button-next\" role=\"button\" tabindex=\"0\">\n\t\t\t\t\t\t<i aria-hidden=\"true\" class=\"eicon-chevron-right\"><\/i>\t\t\t\t\t<\/div>\n\t\t\t\t\n\t\t\t\t\t\t\t\t\t<div class=\"swiper-pagination\"><\/div>\n\t\t\t\t\t\t\t\t\t<\/div>\n\t\t\t\t\t\t<\/div>\n\t\t\t\t\t<\/div>\n\t\t<\/div>\n\t\t\t\t\t<\/div>\n\t\t<\/section>\n\t\t\t\t<section data-particle_enable=\"false\" data-particle-mobile-disabled=\"false\" class=\"elementor-section elementor-top-section elementor-element elementor-element-0ab9dce elementor-section-boxed elementor-section-height-default elementor-section-height-default\" data-id=\"0ab9dce\" data-element_type=\"section\" data-e-type=\"section\">\n\t\t\t\t\t\t<div class=\"elementor-container elementor-column-gap-default\">\n\t\t\t\t\t<div class=\"elementor-column elementor-col-100 elementor-top-column elementor-element elementor-element-4bdb085\" data-id=\"4bdb085\" data-element_type=\"column\" data-e-type=\"column\">\n\t\t\t<div class=\"elementor-widget-wrap elementor-element-populated\">\n\t\t\t\t\t\t<div class=\"elementor-element elementor-element-230ea1e elementor-widget elementor-widget-heading\" data-id=\"230ea1e\" data-element_type=\"widget\" data-e-type=\"widget\" data-widget_type=\"heading.default\">\n\t\t\t\t\t<h2 class=\"elementor-heading-title elementor-size-default\">No todo es positivo: hay un precio<\/h2>\t\t\t\t<\/div>\n\t\t\t\t<div class=\"elementor-element elementor-element-c1dba32 elementor-widget elementor-widget-text-editor\" data-id=\"c1dba32\" data-element_type=\"widget\" data-e-type=\"widget\" data-widget_type=\"text-editor.default\">\n\t\t\t\t\t\t\t\t\t<p><b>\u00bfC\u00f3mo afecta a las familias la partida de un familiar en Estados Unidos?<\/b><\/p>\n<p><span style=\"font-weight: 400\">\u201cAfecta much\u00edsimo, hay una desintegraci\u00f3n, la familia es pap\u00e1, mam\u00e1 e hijos y cuando hay una desintegraci\u00f3n es como si no tuviera un dedo de la mano, lo ideal es tener una familia, pero hay necesidades y decisiones que muchos padres deben tomar, quisi\u00e9ramos que no se fueran\u201d<\/span><\/p>\n<p><span style=\"font-weight: 400\">Muchos de los habitantes acuden con el padre a solicitar bendici\u00f3n cuando toman la decisi\u00f3n de migrar a Estados Unidos, aunque es un acto dif\u00edcil para el padre siempre declara dolor y tristeza por ver partir a muchas personas, su mensaje es \u201cMira hijo no quisiera que te fueras, porque nos haces falta, te necesitamos, eres importante, porque aqu\u00ed puedes realizarte, pero como no tenemos una fuente de trabajo para decirte qu\u00e9date, entonces te doy la bendici\u00f3n\u201d<\/span><\/p>\n<p><span style=\"font-weight: 400\">Un acto de amor y bendici\u00f3n declara con sus palabras hacia las personas que parten de su tierra natal en busca de una oportunidad, por otra parte, el p\u00e1rroco indic\u00f3, siempre queda al pendiente de quienes se van, algunos se comunican y otros jam\u00e1s saben de ellos.<\/span><\/p>\n<p><b>\u00bfCu\u00e1les cree que son las causas de la migraci\u00f3n en Totonicap\u00e1n, Guatemala?<\/b><\/p>\n<p><span style=\"font-weight: 400\">Como cualquier parte el territorio guatemalteco la estabilidad econ\u00f3mica y la falta de oportunidades laborales para j\u00f3venes es escaso \u201cUna de las causas principales es la falta de oportunidades de trabajo, ac\u00e1 no hay f\u00e1bricas o fuentes laborales en especial para los j\u00f3venes que culminan su etapa educativa a nivel diversificado\u201d&nbsp;<\/span><\/p>\n<p><span style=\"font-weight: 400\">Durante una participaci\u00f3n en el desfile de inauguraci\u00f3n de feria patronal el p\u00e1rroco observ\u00f3 la cantidad masiva de j\u00f3venes que este a\u00f1o culminan el nivel diversificado y que aspiran a su primer trabajo \u201cMe pregunte; donde van a encontrar trabajo\u201d<\/span><\/p>\n<p><span style=\"font-weight: 400\">Como parte del aporte de la iglesia cat\u00f3lica se motiva a las empresas a generar espacios laborales para j\u00f3venes, aunque no hay suficientes para la cantidad mayoritaria de j\u00f3venes graduados del nivel diversificado, sin embargo, aspiran contar con el apoyo de empresas e impulsar proyectos de emprendimiento y espacios laborales.<\/span><\/p>\t\t\t\t\t\t\t\t<\/div>\n\t\t\t\t\t<\/div>\n\t\t<\/div>\n\t\t\t\t\t<\/div>\n\t\t<\/section>\n\t\t\t\t<section data-particle_enable=\"false\" data-particle-mobile-disabled=\"false\" class=\"elementor-section elementor-top-section elementor-element elementor-element-b31365b elementor-section-boxed elementor-section-height-default elementor-section-height-default\" data-id=\"b31365b\" data-element_type=\"section\" data-e-type=\"section\">\n\t\t\t\t\t\t<div class=\"elementor-container elementor-column-gap-default\">\n\t\t\t\t\t<div class=\"elementor-column elementor-col-100 elementor-top-column elementor-element elementor-element-83b783c\" data-id=\"83b783c\" data-element_type=\"column\" data-e-type=\"column\">\n\t\t\t<div class=\"elementor-widget-wrap elementor-element-populated\">\n\t\t\t\t\t\t<div class=\"elementor-element elementor-element-0173ba0 elementor-widget-divider--view-line elementor-widget elementor-widget-divider\" data-id=\"0173ba0\" data-element_type=\"widget\" data-e-type=\"widget\" data-widget_type=\"divider.default\">\n\t\t\t\t\t\t\t<div class=\"elementor-divider\">\n\t\t\t<span class=\"elementor-divider-separator\">\n\t\t\t\t\t\t<\/span>\n\t\t<\/div>\n\t\t\t\t\t\t<\/div>\n\t\t\t\t\t<\/div>\n\t\t<\/div>\n\t\t\t\t\t<\/div>\n\t\t<\/section>\n\t\t\t\t<section data-particle_enable=\"false\" data-particle-mobile-disabled=\"false\" class=\"elementor-section elementor-top-section elementor-element elementor-element-d61b616 elementor-section-boxed elementor-section-height-default elementor-section-height-default\" data-id=\"d61b616\" data-element_type=\"section\" data-e-type=\"section\">\n\t\t\t\t\t\t<div class=\"elementor-container elementor-column-gap-default\">\n\t\t\t\t\t<div class=\"elementor-column elementor-col-100 elementor-top-column elementor-element elementor-element-09fb92d\" data-id=\"09fb92d\" data-element_type=\"column\" data-e-type=\"column\">\n\t\t\t<div class=\"elementor-widget-wrap elementor-element-populated\">\n\t\t\t\t\t\t<div class=\"elementor-element elementor-element-b378dc1 elementor-widget elementor-widget-heading\" data-id=\"b378dc1\" data-element_type=\"widget\" data-e-type=\"widget\" data-widget_type=\"heading.default\">\n\t\t\t\t\t<h2 class=\"elementor-heading-title elementor-size-default\">La fe y la devoci\u00f3n\u00a0<\/h2>\t\t\t\t<\/div>\n\t\t\t\t<div class=\"elementor-element elementor-element-63f4e46 elementor-widget elementor-widget-text-editor\" data-id=\"63f4e46\" data-element_type=\"widget\" data-e-type=\"widget\" data-widget_type=\"text-editor.default\">\n\t\t\t\t\t\t\t\t\t<p><span style=\"font-weight: 400\">\u201cMe siento tambi\u00e9n como ustedes, migrante y de hecho somos migrantes en este mundo, nadie viene sin saber a qu\u00e9 lugar viene, d\u00f3nde nace, donde le toca vivir, crecer y morir, tambi\u00e9n he estado en diferentes pa\u00edses\u00a0 y se que aunque uno pueda estar muy bien en otro lugar, sin embargo su casa, su familia, su vida sus monta\u00f1as y sus r\u00edos son \u00fanicos\u201d<\/span><\/p><p><span style=\"font-weight: 400\">\u201cS\u00ed por situaciones econ\u00f3micas se han ido y se han marchado, deseo con todo el coraz\u00f3n que vuelvan y me da tanta alegr\u00eda verlos volver y se reintegran a sus familias y\u00a0 a la comunidad, otros se han ido y nunca regresan\u201d<\/span><\/p><p><b>\u201c<\/b><span style=\"font-weight: 400\">Uno en el camino o antes de marcharse hace muchas promesas, a los padres a la esposa y a Dios; sobre manera especial a \u00e9l porque es fiel y misericordioso pero tambi\u00e9n hay veces que nos olvidamos pronto, les ruego que por favor si se fueron con un sue\u00f1o y un objetivo tratemos de cumplirlas y aprovechar el tiempo que estamos all\u00e1, nunca olvidarse de que se fueron de esta tierra bendita de el pueblo de Totonicap\u00e1n donde el patr\u00f3n es San Miguel Arc\u00e1ngel\u201d.<\/span><\/p>\t\t\t\t\t\t\t\t<\/div>\n\t\t\t\t\t<\/div>\n\t\t<\/div>\n\t\t\t\t\t<\/div>\n\t\t<\/section>\n\t\t\t\t<section data-particle_enable=\"false\" data-particle-mobile-disabled=\"false\" class=\"elementor-section elementor-top-section elementor-element elementor-element-1c9331a elementor-section-boxed elementor-section-height-default elementor-section-height-default\" data-id=\"1c9331a\" data-element_type=\"section\" data-e-type=\"section\">\n\t\t\t\t\t\t<div class=\"elementor-container elementor-column-gap-default\">\n\t\t\t\t\t<div class=\"elementor-column elementor-col-100 elementor-top-column elementor-element elementor-element-5b7fbf1\" data-id=\"5b7fbf1\" data-element_type=\"column\" data-e-type=\"column\">\n\t\t\t<div class=\"elementor-widget-wrap elementor-element-populated\">\n\t\t\t\t\t\t<div class=\"elementor-element elementor-element-7bc4cdd elementor-widget-divider--view-line elementor-widget elementor-widget-divider\" data-id=\"7bc4cdd\" data-element_type=\"widget\" data-e-type=\"widget\" data-widget_type=\"divider.default\">\n\t\t\t\t\t\t\t<div class=\"elementor-divider\">\n\t\t\t<span class=\"elementor-divider-separator\">\n\t\t\t\t\t\t<\/span>\n\t\t<\/div>\n\t\t\t\t\t\t<\/div>\n\t\t\t\t\t<\/div>\n\t\t<\/div>\n\t\t\t\t\t<\/div>\n\t\t<\/section>\n\t\t\t\t<section data-particle_enable=\"false\" data-particle-mobile-disabled=\"false\" class=\"elementor-section elementor-top-section elementor-element elementor-element-34b8a59 elementor-section-boxed elementor-section-height-default elementor-section-height-default\" data-id=\"34b8a59\" data-element_type=\"section\" data-e-type=\"section\">\n\t\t\t\t\t\t<div class=\"elementor-container elementor-column-gap-default\">\n\t\t\t\t\t<div class=\"elementor-column elementor-col-100 elementor-top-column elementor-element elementor-element-02bd941\" data-id=\"02bd941\" data-element_type=\"column\" data-e-type=\"column\">\n\t\t\t<div class=\"elementor-widget-wrap elementor-element-populated\">\n\t\t\t\t\t\t<div class=\"elementor-element elementor-element-0f5a3ef elementor-widget elementor-widget-text-editor\" data-id=\"0f5a3ef\" data-element_type=\"widget\" data-e-type=\"widget\" data-widget_type=\"text-editor.default\">\n\t\t\t\t\t\t\t\t\t<p><span style=\"font-weight: 400\">El 18 de septiembre del presente a\u00f1o se celebr\u00f3 la misa de descenso de la imagen de San Miguel Arc\u00e1ngel de la iglesia cat\u00f3lica de Totonicap\u00e1n, acto que sorprendi\u00f3 a la feligres\u00eda cat\u00f3lica con el testimonio de un inmigrante que regres\u00f3 a su tierra natal \u201cEl a\u00f1o pasado estaba en Estados Unidos y le ped\u00ed al Se\u00f1or; Jes\u00fas gu\u00edame, \u00e1breme camino, si es de ti regresar a mi pueblo de Totonicap\u00e1n, Gracias a Dios estamos aqu\u00ed. Como todo inmigrante que un d\u00eda viaja y sue\u00f1a regresar a ver a su familia\u201d.<\/span><\/p>\t\t\t\t\t\t\t\t<\/div>\n\t\t\t\t\t<\/div>\n\t\t<\/div>\n\t\t\t\t\t<\/div>\n\t\t<\/section>\n\t\t\t\t<section data-particle_enable=\"false\" data-particle-mobile-disabled=\"false\" class=\"elementor-section elementor-top-section elementor-element elementor-element-83440c3 elementor-section-boxed elementor-section-height-default elementor-section-height-default\" data-id=\"83440c3\" data-element_type=\"section\" data-e-type=\"section\">\n\t\t\t\t\t\t<div class=\"elementor-container elementor-column-gap-default\">\n\t\t\t\t\t<div class=\"elementor-column elementor-col-100 elementor-top-column elementor-element elementor-element-39f3b90\" data-id=\"39f3b90\" data-element_type=\"column\" data-e-type=\"column\">\n\t\t\t<div class=\"elementor-widget-wrap elementor-element-populated\">\n\t\t\t\t\t\t<div class=\"elementor-element elementor-element-13fc583 elementor-widget elementor-widget-video\" data-id=\"13fc583\" data-element_type=\"widget\" data-e-type=\"widget\" data-settings=\"{&quot;youtube_url&quot;:&quot;https:\\\/\\\/www.youtube.com\\\/watch?v=UO3vrso-83M&quot;,&quot;video_type&quot;:&quot;youtube&quot;,&quot;controls&quot;:&quot;yes&quot;}\" data-widget_type=\"video.default\">\n\t\t\t\t\t\t\t<div class=\"elementor-wrapper elementor-open-inline\">\n\t\t\t<div class=\"elementor-video\"><\/div>\t\t<\/div>\n\t\t\t\t\t\t<\/div>\n\t\t\t\t\t<\/div>\n\t\t<\/div>\n\t\t\t\t\t<\/div>\n\t\t<\/section>\n\t\t\t\t<section data-particle_enable=\"false\" data-particle-mobile-disabled=\"false\" class=\"elementor-section elementor-top-section elementor-element elementor-element-402d88b elementor-section-boxed elementor-section-height-default elementor-section-height-default\" data-id=\"402d88b\" data-element_type=\"section\" data-e-type=\"section\">\n\t\t\t\t\t\t<div class=\"elementor-container elementor-column-gap-default\">\n\t\t\t\t\t<div class=\"elementor-column elementor-col-100 elementor-top-column elementor-element elementor-element-278b04e\" data-id=\"278b04e\" data-element_type=\"column\" data-e-type=\"column\">\n\t\t\t<div class=\"elementor-widget-wrap elementor-element-populated\">\n\t\t\t\t\t\t<div class=\"elementor-element elementor-element-605e07b elementor-grid-eael-col-2 elementor-grid-tablet-eael-col-2 elementor-grid-mobile-eael-col-1 elementor-widget elementor-widget-eael-post-grid\" data-id=\"605e07b\" data-element_type=\"widget\" data-e-type=\"widget\" data-settings=\"{&quot;eael_post_grid_columns&quot;:&quot;eael-col-2&quot;,&quot;eael_post_grid_columns_tablet&quot;:&quot;eael-col-2&quot;,&quot;eael_post_grid_columns_mobile&quot;:&quot;eael-col-1&quot;}\" data-widget_type=\"eael-post-grid.default\">\n\t\t\t\t\t<div id=\"eael-post-grid-605e07b\" class=\"eael-post-grid-container\">\n            <div class=\"eael-post-grid eael-post-appender eael-post-appender-605e07b eael-post-grid-style-one\" data-layout-mode=\"masonry\"><article class=\"eael-grid-post  eael-post-grid-column eael-pg-post-2771 category-guate-nuestra\" data-id=\"2771\">\n        <div class=\"eael-grid-post-holder\">\n            <div class=\"eael-grid-post-holder-inner\"><div class=\"eael-entry-media\"><div class=\"eael-entry-overlay fade-in\"><i class=\"fas fa-long-arrow-alt-right\" aria-hidden=\"true\"><\/i><a href=\"https:\/\/soymigrante.com\/revista\/cinco-antojitos-guatemaltecos-que-desatan-la-nostalgia-en-los-migrantes\/\"><\/a><\/div><div class=\"eael-entry-thumbnail \">\n                <img decoding=\"async\" width=\"300\" height=\"200\" src=\"https:\/\/soymigrante.com\/revista\/wp-content\/uploads\/2023\/09\/Rocio-Ruano-es-productora-y-comerciante-Quezalteca-que-acude-a-las-distintas-ferias-patronales-a-vender-sus-productosjpg-300x200.webp\" class=\"attachment-medium size-medium wp-image-2759\" alt=\"Roc\u00edo Ruano es productora y comerciante Quezalteca que acude a las distintas ferias patronales a vender sus productosjpg\" srcset=\"https:\/\/soymigrante.com\/revista\/wp-content\/uploads\/2023\/09\/Rocio-Ruano-es-productora-y-comerciante-Quezalteca-que-acude-a-las-distintas-ferias-patronales-a-vender-sus-productosjpg-300x200.webp 300w, https:\/\/soymigrante.com\/revista\/wp-content\/uploads\/2023\/09\/Rocio-Ruano-es-productora-y-comerciante-Quezalteca-que-acude-a-las-distintas-ferias-patronales-a-vender-sus-productosjpg-1024x682.webp 1024w, https:\/\/soymigrante.com\/revista\/wp-content\/uploads\/2023\/09\/Rocio-Ruano-es-productora-y-comerciante-Quezalteca-que-acude-a-las-distintas-ferias-patronales-a-vender-sus-productosjpg-768x512.webp 768w, https:\/\/soymigrante.com\/revista\/wp-content\/uploads\/2023\/09\/Rocio-Ruano-es-productora-y-comerciante-Quezalteca-que-acude-a-las-distintas-ferias-patronales-a-vender-sus-productosjpg-1536x1023.webp 1536w, https:\/\/soymigrante.com\/revista\/wp-content\/uploads\/2023\/09\/Rocio-Ruano-es-productora-y-comerciante-Quezalteca-que-acude-a-las-distintas-ferias-patronales-a-vender-sus-productosjpg-750x500.webp 750w, https:\/\/soymigrante.com\/revista\/wp-content\/uploads\/2023\/09\/Rocio-Ruano-es-productora-y-comerciante-Quezalteca-que-acude-a-las-distintas-ferias-patronales-a-vender-sus-productosjpg-1140x760.webp 1140w, https:\/\/soymigrante.com\/revista\/wp-content\/uploads\/2023\/09\/Rocio-Ruano-es-productora-y-comerciante-Quezalteca-que-acude-a-las-distintas-ferias-patronales-a-vender-sus-productosjpg-600x400.webp 600w, https:\/\/soymigrante.com\/revista\/wp-content\/uploads\/2023\/09\/Rocio-Ruano-es-productora-y-comerciante-Quezalteca-que-acude-a-las-distintas-ferias-patronales-a-vender-sus-productosjpg.webp 1600w\" sizes=\"(max-width: 300px) 100vw, 300px\" \/>\n            <\/div>\n        <\/div><div class=\"eael-entry-wrapper\"><header class=\"eael-entry-header\"><h2 class=\"eael-entry-title\"><a class=\"eael-grid-post-link\" href=\"https:\/\/soymigrante.com\/revista\/cinco-antojitos-guatemaltecos-que-desatan-la-nostalgia-en-los-migrantes\/\" title=\"Cinco antojitos guatemaltecos que  desatan la nostalgia en los migrantes\">Cinco antojitos guatemaltecos que  desatan la nostalgia en los migrantes<\/a><\/h2><\/header><\/div><\/div>\n        <\/div>\n    <\/article><article class=\"eael-grid-post  eael-post-grid-column eael-pg-post-318 category-recursos-migratorios\" data-id=\"318\">\n        <div class=\"eael-grid-post-holder\">\n            <div class=\"eael-grid-post-holder-inner\"><div class=\"eael-entry-media\"><div class=\"eael-entry-overlay fade-in\"><i class=\"fas fa-long-arrow-alt-right\" aria-hidden=\"true\"><\/i><a href=\"https:\/\/soymigrante.com\/revista\/tramite-gratuito-de-dpi-para-retornados-a-guatemala\/\"><\/a><\/div><div class=\"eael-entry-thumbnail \">\n                <img decoding=\"async\" width=\"300\" height=\"218\" src=\"https:\/\/soymigrante.com\/revista\/wp-content\/uploads\/2023\/03\/dpi-cortesia-la-hora-300x218.webp\" class=\"attachment-medium size-medium wp-image-755\" alt=\"Tr\u00e1mite gratuito de DPI para retornados a Guatemala\" srcset=\"https:\/\/soymigrante.com\/revista\/wp-content\/uploads\/2023\/03\/dpi-cortesia-la-hora-300x218.webp 300w, https:\/\/soymigrante.com\/revista\/wp-content\/uploads\/2023\/03\/dpi-cortesia-la-hora-1024x744.jpg 1024w, https:\/\/soymigrante.com\/revista\/wp-content\/uploads\/2023\/03\/dpi-cortesia-la-hora-768x558.jpg 768w, https:\/\/soymigrante.com\/revista\/wp-content\/uploads\/2023\/03\/dpi-cortesia-la-hora-120x86.webp 120w, https:\/\/soymigrante.com\/revista\/wp-content\/uploads\/2023\/03\/dpi-cortesia-la-hora-750x545.webp 750w, https:\/\/soymigrante.com\/revista\/wp-content\/uploads\/2023\/03\/dpi-cortesia-la-hora-1140x828.jpg 1140w, https:\/\/soymigrante.com\/revista\/wp-content\/uploads\/2023\/03\/dpi-cortesia-la-hora.webp 1276w\" sizes=\"(max-width: 300px) 100vw, 300px\" \/>\n            <\/div>\n        <\/div><div class=\"eael-entry-wrapper\"><header class=\"eael-entry-header\"><h2 class=\"eael-entry-title\"><a class=\"eael-grid-post-link\" href=\"https:\/\/soymigrante.com\/revista\/tramite-gratuito-de-dpi-para-retornados-a-guatemala\/\" title=\"Tr\u00e1mite gratuito de DPI para retornados a Guatemala\">Tr\u00e1mite gratuito de DPI para retornados a Guatemala<\/a><\/h2><\/header><\/div><\/div>\n        <\/div>\n    <\/article><\/div>\n            <div class=\"clearfix\"><\/div>\n        <\/div>\t\t\t\t<\/div>\n\t\t\t\t\t<\/div>\n\t\t<\/div>\n\t\t\t\t\t<\/div>\n\t\t<\/section>\n\t\t\t\t<\/div>\n\t\t","protected":false},"excerpt":{"rendered":"<p>El apoyo y aporte de migrantes guatemaltecos para las familias en Guatemala durante las ferias patronales muestran un significado de fe y devoci\u00f3n. Fe y devoci\u00f3n familias de migrantes guatemaltecos ruegan por salud, trabajo, protecci\u00f3n y bendici\u00f3n Foto: Omar Mench\u00fa Uni\u00f3n espiritual de familias de migrantes guatemaltecos La\u00a0 uni\u00f3n de las familias de migrantes se [&hellip;]<\/p>\n","protected":false},"author":10,"featured_media":2725,"comment_status":"open","ping_status":"open","sticky":false,"template":"","format":"standard","meta":{"_acf_changed":false,"_eb_attr":"","footnotes":""},"categories":[58],"tags":[81],"class_list":["post-2715","post","type-post","status-publish","format-standard","has-post-thumbnail","hentry","category-guate-nuestra","tag-en-familia"],"acf":[],"aioseo_notices":[],"aioseo_head":"\n\t\t<!-- All in One SEO Pro 4.9.6.2 - aioseo.com -->\n\t<meta name=\"description\" content=\"Servicio gratuito es prestado por el Registro Nacional de las Personas, para los connacionales deportados por v\u00eda a\u00e9rea de Estados Unidos.\" \/>\n\t<meta name=\"robots\" content=\"max-snippet:-1, max-image-preview:large, max-video-preview:-1\" \/>\n\t<meta name=\"author\" content=\"SoyMigrante.com REVISTA\"\/>\n\t<link rel=\"canonical\" href=\"https:\/\/soymigrante.com\/revista\/tramite-gratuito-de-dpi-para-retornados-a-guatemala\/\" \/>\n\t<meta name=\"generator\" content=\"All in One SEO Pro (AIOSEO) 4.9.6.2\" \/>\n\n\t\t<link rel=\"preconnect\" href=\"https:\/\/fonts.googleapis.com\" crossorigin>\n<link rel=\"preconnect\" href=\"https:\/\/fonts.gstatic.com\" crossorigin>\n\t\t<meta property=\"og:locale\" content=\"es_ES\" \/>\n\t\t<meta property=\"og:site_name\" content=\"SoyMigrante.com REVISTA \u2013 Nuestra misi\u00f3n es reconocer y dignificar al migrante.\" \/>\n\t\t<meta property=\"og:type\" content=\"article\" \/>\n\t\t<meta property=\"og:title\" content=\"Tr\u00e1mite gratuito de DPI para retornados a Guatemala\" \/>\n\t\t<meta property=\"og:description\" content=\"Servicio gratuito es prestado por el Registro Nacional de las Personas, para los connacionales deportados por v\u00eda a\u00e9rea de Estados Unidos.\" \/>\n\t\t<meta property=\"og:url\" content=\"https:\/\/soymigrante.com\/revista\/tramite-gratuito-de-dpi-para-retornados-a-guatemala\/\" \/>\n\t\t<meta property=\"og:image\" content=\"https:\/\/soymigrante.com\/revista\/wp-content\/uploads\/2023\/03\/dpi-cortesia-la-hora.webp\" \/>\n\t\t<meta property=\"og:image:secure_url\" content=\"https:\/\/soymigrante.com\/revista\/wp-content\/uploads\/2023\/03\/dpi-cortesia-la-hora.webp\" \/>\n\t\t<meta property=\"og:image:width\" content=\"1276\" \/>\n\t\t<meta property=\"og:image:height\" content=\"927\" \/>\n\t\t<meta property=\"article:published_time\" content=\"2023-05-26T00:37:43+00:00\" \/>\n\t\t<meta property=\"article:modified_time\" content=\"2024-11-01T16:54:56+00:00\" \/>\n\t\t<meta property=\"article:publisher\" content=\"https:\/\/www.facebook.com\/soymigrantecom\" \/>\n\t\t<meta name=\"twitter:card\" content=\"summary_large_image\" \/>\n\t\t<meta name=\"twitter:site\" content=\"@SoyMigrante_com\" \/>\n\t\t<meta name=\"twitter:title\" content=\"Tr\u00e1mite gratuito de DPI para retornados a Guatemala\" \/>\n\t\t<meta name=\"twitter:description\" content=\"Servicio gratuito es prestado por el Registro Nacional de las Personas, para los connacionales deportados por v\u00eda a\u00e9rea de Estados Unidos.\" \/>\n\t\t<meta name=\"twitter:creator\" content=\"@SoyMigrante_com\" \/>\n\t\t<meta name=\"twitter:image\" content=\"https:\/\/soymigrante.com\/revista\/wp-content\/uploads\/2023\/03\/dpi-cortesia-la-hora.webp\" \/>\n\t\t<!-- All in One SEO Pro -->\r\n\t\t<title>Tr\u00e1mite gratuito de DPI para retornados a Guatemala<\/title>\n\n","aioseo_head_json":{"title":"Tr\u00e1mite gratuito de DPI para retornados a Guatemala","description":"Servicio gratuito es prestado por el Registro Nacional de las Personas, para los connacionales deportados por v\u00eda a\u00e9rea de Estados Unidos.","canonical_url":"https:\/\/soymigrante.com\/revista\/tramite-gratuito-de-dpi-para-retornados-a-guatemala\/","robots":"max-snippet:-1, max-image-preview:large, max-video-preview:-1","keywords":"","webmasterTools":{"miscellaneous":"&lt;link rel=\"preconnect\" href=\"https:\/\/fonts.googleapis.com\" crossorigin&gt;\n&lt;link rel=\"preconnect\" href=\"https:\/\/fonts.gstatic.com\" crossorigin&gt;"},"schema":null,"og:locale":"es_ES","og:site_name":"SoyMigrante.com REVISTA \u2013 Nuestra misi\u00f3n es reconocer y dignificar al migrante.","og:type":"article","og:title":"Tr\u00e1mite gratuito de DPI para retornados a Guatemala","og:description":"Servicio gratuito es prestado por el Registro Nacional de las Personas, para los connacionales deportados por v\u00eda a\u00e9rea de Estados Unidos.","og:url":"https:\/\/soymigrante.com\/revista\/tramite-gratuito-de-dpi-para-retornados-a-guatemala\/","og:image":"https:\/\/soymigrante.com\/revista\/wp-content\/uploads\/2023\/03\/dpi-cortesia-la-hora.webp","og:image:secure_url":"https:\/\/soymigrante.com\/revista\/wp-content\/uploads\/2023\/03\/dpi-cortesia-la-hora.webp","og:image:width":1276,"og:image:height":927,"article:published_time":"2023-05-26T00:37:43+00:00","article:modified_time":"2024-11-01T16:54:56+00:00","article:publisher":"https:\/\/www.facebook.com\/soymigrantecom","twitter:card":"summary_large_image","twitter:site":"@SoyMigrante_com","twitter:title":"Tr\u00e1mite gratuito de DPI para retornados a Guatemala","twitter:description":"Servicio gratuito es prestado por el Registro Nacional de las Personas, para los connacionales deportados por v\u00eda a\u00e9rea de Estados Unidos.","twitter:creator":"@SoyMigrante_com","twitter:image":"https:\/\/soymigrante.com\/revista\/wp-content\/uploads\/2023\/03\/dpi-cortesia-la-hora.webp"},"aioseo_meta_data":{"post_id":"2715","title":"#post_title","description":"El apoyo y aporte de migrantes guatemaltecos para las familias en Guatemala durante las ferias patronales muestran un significado de fe y devoci\u00f3n.","keywords":[],"keyphrases":{"focus":{"keyphrase":"migrantes","score":91,"analysis":{"keyphraseInTitle":{"score":9,"maxScore":9,"error":0},"keyphraseInDescription":{"score":9,"maxScore":9,"error":0},"keyphraseLength":{"score":9,"maxScore":9,"error":0,"length":1},"keyphraseInURL":{"score":5,"maxScore":5,"error":0},"keyphraseInIntroduction":{"score":9,"maxScore":9,"error":0},"keyphraseInSubHeadings":{"score":3,"maxScore":9,"error":1},"keyphraseInImageAlt":{"score":9,"maxScore":9,"error":0},"keywordDensity":{"type":"best","score":9,"maxScore":9,"error":0}}},"additional":[]},"primary_term":null,"canonical_url":null,"og_title":null,"og_description":null,"og_object_type":"default","og_image_type":"default","og_image_url":null,"og_image_width":null,"og_image_height":null,"og_image_custom_url":null,"og_image_custom_fields":null,"og_video":"","og_custom_url":null,"og_article_section":null,"og_article_tags":[],"twitter_use_og":false,"twitter_card":"default","twitter_image_type":"default","twitter_image_url":null,"twitter_image_custom_url":null,"twitter_image_custom_fields":null,"twitter_title":null,"twitter_description":null,"schema":{"blockGraphs":[],"customGraphs":[],"default":{"data":{"Article":[],"Course":[],"Dataset":[],"FAQPage":[],"Movie":[],"Person":[],"Product":[],"ProductReview":[],"Car":[],"Recipe":[],"Service":[],"SoftwareApplication":[],"WebPage":[]},"graphName":"BlogPosting","isEnabled":true},"graphs":[]},"schema_type":"default","schema_type_options":null,"pillar_content":false,"robots_default":true,"robots_noindex":false,"robots_noarchive":false,"robots_nosnippet":false,"robots_nofollow":false,"robots_noimageindex":false,"robots_noodp":false,"robots_notranslate":false,"robots_max_snippet":"-1","robots_max_videopreview":"-1","robots_max_imagepreview":"large","priority":null,"frequency":"default","local_seo":null,"seo_analyzer_scan_date":"2025-10-08 20:27:58","breadcrumb_settings":null,"limit_modified_date":false,"reviewed_by":null,"open_ai":null,"ai":null,"created":"2023-09-28 08:42:52","updated":"2026-02-04 09:40:46"},"aioseo_breadcrumb":"<div class=\"aioseo-breadcrumbs\"><span class=\"aioseo-breadcrumb\">\n\t<a href=\"https:\/\/soymigrante.com\/revista\" title=\"Home\">Home<\/a>\n<\/span><span class=\"aioseo-breadcrumb-separator\">\u00bb<\/span><span class=\"aioseo-breadcrumb\">\n\t<a href=\"https:\/\/soymigrante.com\/revista\/category\/guate-nuestra\/\" title=\"Guate Nuestra\">Guate Nuestra<\/a>\n<\/span><span class=\"aioseo-breadcrumb-separator\">\u00bb<\/span><span class=\"aioseo-breadcrumb\">\n\tLa fe de las familias acompa\u00f1a a migrantes guatemaltecos que buscan salir adelante\n<\/span><\/div>","aioseo_breadcrumb_json":[{"label":"Home","link":"https:\/\/soymigrante.com\/revista"},{"label":"Guate Nuestra","link":"https:\/\/soymigrante.com\/revista\/category\/guate-nuestra\/"},{"label":"La fe de las familias acompa\u00f1a a migrantes guatemaltecos que buscan salir adelante","link":"https:\/\/soymigrante.com\/revista\/la-fe-de-las-familias-acompana-a-migrantes-guatemaltecos-que-buscan-salir-adelante\/"}],"_links":{"self":[{"href":"https:\/\/soymigrante.com\/revista\/wp-json\/wp\/v2\/posts\/2715","targetHints":{"allow":["GET"]}}],"collection":[{"href":"https:\/\/soymigrante.com\/revista\/wp-json\/wp\/v2\/posts"}],"about":[{"href":"https:\/\/soymigrante.com\/revista\/wp-json\/wp\/v2\/types\/post"}],"author":[{"embeddable":true,"href":"https:\/\/soymigrante.com\/revista\/wp-json\/wp\/v2\/users\/10"}],"replies":[{"embeddable":true,"href":"https:\/\/soymigrante.com\/revista\/wp-json\/wp\/v2\/comments?post=2715"}],"version-history":[{"count":1,"href":"https:\/\/soymigrante.com\/revista\/wp-json\/wp\/v2\/posts\/2715\/revisions"}],"predecessor-version":[{"id":43017,"href":"https:\/\/soymigrante.com\/revista\/wp-json\/wp\/v2\/posts\/2715\/revisions\/43017"}],"wp:featuredmedia":[{"embeddable":true,"href":"https:\/\/soymigrante.com\/revista\/wp-json\/wp\/v2\/media\/2725"}],"wp:attachment":[{"href":"https:\/\/soymigrante.com\/revista\/wp-json\/wp\/v2\/media?parent=2715"}],"wp:term":[{"taxonomy":"category","embeddable":true,"href":"https:\/\/soymigrante.com\/revista\/wp-json\/wp\/v2\/categories?post=2715"},{"taxonomy":"post_tag","embeddable":true,"href":"https:\/\/soymigrante.com\/revista\/wp-json\/wp\/v2\/tags?post=2715"}],"curies":[{"name":"wp","href":"https:\/\/api.w.org\/{rel}","templated":true}]}}