{"id":27131,"date":"2025-03-07T07:33:28","date_gmt":"2025-03-07T13:33:28","guid":{"rendered":"https:\/\/soymigrante.com\/revista\/?p=27131"},"modified":"2025-03-07T07:35:48","modified_gmt":"2025-03-07T13:35:48","slug":"departamentos-de-guatemala-suchitepequez-es-llamado-la-tierra-del-venado","status":"publish","type":"post","link":"https:\/\/soymigrante.com\/revista\/departamentos-de-guatemala-suchitepequez-es-llamado-la-tierra-del-venado\/","title":{"rendered":"Departamentos de Guatemala: Suchitep\u00e9quez es llamado la Tierra del Venado"},"content":{"rendered":"\t\t<div data-elementor-type=\"wp-post\" data-elementor-id=\"27131\" class=\"elementor elementor-27131\" data-elementor-post-type=\"post\">\n\t\t\t\t<div data-particle_enable=\"false\" data-particle-mobile-disabled=\"false\" class=\"elementor-element elementor-element-e2f2d7f e-flex e-con-boxed e-con e-parent\" data-id=\"e2f2d7f\" data-element_type=\"container\" data-e-type=\"container\">\n\t\t\t\t\t<div class=\"e-con-inner\">\n\t\t\t\t<div class=\"elementor-element elementor-element-d8497ce elementor-widget elementor-widget-heading\" data-id=\"d8497ce\" data-element_type=\"widget\" data-e-type=\"widget\" data-widget_type=\"heading.default\">\n\t\t\t\t\t<h2 class=\"elementor-heading-title elementor-size-default\">Suchitep\u00e9quez es un territorio con variedad clim\u00e1tica y gran riqueza natural. Su territorio fue delimitado en 1877 y est\u00e1 compuesto por 21 municipios. Su cabecera es Mazatenango. <\/h2>\t\t\t\t<\/div>\n\t\t\t\t\t<\/div>\n\t\t\t\t<\/div>\n\t\t<div data-particle_enable=\"false\" data-particle-mobile-disabled=\"false\" class=\"elementor-element elementor-element-d800f1d e-flex e-con-boxed e-con e-parent\" data-id=\"d800f1d\" data-element_type=\"container\" data-e-type=\"container\">\n\t\t\t\t\t<div class=\"e-con-inner\">\n\t\t\t\t<div class=\"elementor-element elementor-element-76f814f elementor-widget elementor-widget-text-editor\" data-id=\"76f814f\" data-element_type=\"widget\" data-e-type=\"widget\" data-widget_type=\"text-editor.default\">\n\t\t\t\t\t\t\t\t\t<p><a href=\"https:\/\/soymigrante.com\/revista\/migrantes-de-los-angeles-impulsan-casas-de-la-cultura-en-el-pais\/\" target=\"_blank\" rel=\"noopener\">El departamento de Suchitep\u00e9quez,<\/a> ubicado en la regi\u00f3n suroccidental de Guatemala, es un territorio de gran riqueza cultural, agr\u00edcola y tur\u00edstica. Posee importantes tesoros naturales, muchos de los cuales a\u00fan son poco conocidos.\u00a0<\/p><p>A la vez posee una poblaci\u00f3n multicultural laboriosa y amable. Su\u00a0<span style=\"color: var( --e-global-color-text ); text-align: var(--text-align);\">econom\u00eda basada en la producci\u00f3n agr\u00edcola y el comercio. Este departamento destaca por su historia, sus tradiciones <\/span><a style=\"text-align: var(--text-align);\" href=\"https:\/\/soymigrante.com\/revista\/migrantes-de-los-angeles-impulsan-casas-de-la-cultura-en-el-pais\/\" target=\"_blank\" rel=\"noopener\">y su conexi\u00f3n con la di\u00e1spora guatemalteca en el extranjero.<\/a><\/p>\t\t\t\t\t\t\t\t<\/div>\n\t\t\t\t\t<\/div>\n\t\t\t\t<\/div>\n\t\t<div data-particle_enable=\"false\" data-particle-mobile-disabled=\"false\" class=\"elementor-element elementor-element-60d1eca e-flex e-con-boxed e-con e-parent\" data-id=\"60d1eca\" data-element_type=\"container\" data-e-type=\"container\">\n\t\t\t\t\t<div class=\"e-con-inner\">\n\t\t\t\t<div class=\"elementor-element elementor-element-66cb434 elementor-widget elementor-widget-heading\" data-id=\"66cb434\" data-element_type=\"widget\" data-e-type=\"widget\" data-widget_type=\"heading.default\">\n\t\t\t\t\t<h3 class=\"elementor-heading-title elementor-size-default\">Origen del nombre<\/h3>\t\t\t\t<\/div>\n\t\t\t\t\t<\/div>\n\t\t\t\t<\/div>\n\t\t<div data-particle_enable=\"false\" data-particle-mobile-disabled=\"false\" class=\"elementor-element elementor-element-1d48c8a e-flex e-con-boxed e-con e-parent\" data-id=\"1d48c8a\" data-element_type=\"container\" data-e-type=\"container\">\n\t\t\t\t\t<div class=\"e-con-inner\">\n\t\t\t\t<div class=\"elementor-element elementor-element-54f4143 elementor-widget elementor-widget-text-editor\" data-id=\"54f4143\" data-element_type=\"widget\" data-e-type=\"widget\" data-widget_type=\"text-editor.default\">\n\t\t\t\t\t\t\t\t\t<p>El nombre Suchitep\u00e9quez proviene del n\u00e1huatl X\u014dchitep\u0113k, que significa \u201cEn el Cerro de las Flores\u201d o \u201cEn el Cerro Florido\u201d. En efecto este territorio form\u00f3 parte de la ruta de los conquistadores espa\u00f1oles provenientes de M\u00e9xico y en ruta al Altiplano.\u00a0<span style=\"color: var( --e-global-color-text ); text-align: var(--text-align);\">Es posible que dicho nombre haya sido inspirado por la gran riqueza de flora que existe sobre todo en la bocacosta.<\/span><\/p><p><span style=\"color: var( --e-global-color-text ); text-align: var(--text-align);\">&#8220;Sus terrenos<\/span><span style=\"color: var( --e-global-color-text ); text-align: var(--text-align);\">\u00a0en<br \/>pendiente suave descienden de las elevadas mesetas al litoral, son de una asombrosa fecundidad, produciendo los m\u00e1s<br \/>variados cultivos, desde el tabaco hasta el caf\u00e9, hule, cacao, granos b\u00e1sicos, ca\u00f1a de az\u00facar&#8221;, describe el Diccionario Geogr\u00e1fico Nacional. As\u00ed tambi\u00e9n sus r\u00edos son numerosos y de gran caudal.<\/span><\/p><p><span style=\"color: var( --e-global-color-text ); text-align: var(--text-align);\">\u00a0Antes de la llegada de los espa\u00f1oles en 1524, Suchitep\u00e9quez depend\u00eda del reino k&#8217;iche&#8217;. En el decreto de la Constituyente del 11 octubre 1825 se incluy\u00f3 a Suchitep\u00e9quez no como departamento sino como &#8220;partido&#8221; y su territorio abarcaba al actual Retalhuleu tambi\u00e9n. En 1836 Suchitep\u00e9quez era el distrito 11 y form\u00f3 parte del Estado de Los Altos. En 1877 se separaron Retalhuleu y Suchitep\u00e9quez, quedando con su demarcaci\u00f3n actual.<\/span><\/p>\t\t\t\t\t\t\t\t<\/div>\n\t\t\t\t\t<\/div>\n\t\t\t\t<\/div>\n\t\t<div data-particle_enable=\"false\" data-particle-mobile-disabled=\"false\" class=\"elementor-element elementor-element-e38554e e-flex e-con-boxed e-con e-parent\" data-id=\"e38554e\" data-element_type=\"container\" data-e-type=\"container\">\n\t\t\t\t\t<div class=\"e-con-inner\">\n\t\t\t\t<div class=\"elementor-element elementor-element-549c35a elementor-widget elementor-widget-google_maps\" data-id=\"549c35a\" data-element_type=\"widget\" data-e-type=\"widget\" data-widget_type=\"google_maps.default\">\n\t\t\t\t\t\t\t<div class=\"elementor-custom-embed\">\n\t\t\t<iframe loading=\"lazy\"\n\t\t\t\t\tsrc=\"https:\/\/maps.google.com\/maps?q=Departamento%20de%20Suchitep%C3%A9quez&#038;t=m&#038;z=10&#038;output=embed&#038;iwloc=near\"\n\t\t\t\t\ttitle=\"Departamento de Suchitep\u00e9quez\"\n\t\t\t\t\taria-label=\"Departamento de Suchitep\u00e9quez\"\n\t\t\t><\/iframe>\n\t\t<\/div>\n\t\t\t\t\t\t<\/div>\n\t\t\t\t\t<\/div>\n\t\t\t\t<\/div>\n\t\t<div data-particle_enable=\"false\" data-particle-mobile-disabled=\"false\" class=\"elementor-element elementor-element-31e140b e-flex e-con-boxed e-con e-parent\" data-id=\"31e140b\" data-element_type=\"container\" data-e-type=\"container\">\n\t\t\t\t\t<div class=\"e-con-inner\">\n\t\t\t\t<div class=\"elementor-element elementor-element-af5179d elementor-widget elementor-widget-heading\" data-id=\"af5179d\" data-element_type=\"widget\" data-e-type=\"widget\" data-widget_type=\"heading.default\">\n\t\t\t\t\t<h3 class=\"elementor-heading-title elementor-size-default\">Extensi\u00f3n y poblaci\u00f3n de Suchitep\u00e9quez <\/h3>\t\t\t\t<\/div>\n\t\t\t\t\t<\/div>\n\t\t\t\t<\/div>\n\t\t<div data-particle_enable=\"false\" data-particle-mobile-disabled=\"false\" class=\"elementor-element elementor-element-2832a77 e-flex e-con-boxed e-con e-parent\" data-id=\"2832a77\" data-element_type=\"container\" data-e-type=\"container\">\n\t\t\t\t\t<div class=\"e-con-inner\">\n\t\t\t\t<div class=\"elementor-element elementor-element-b8e8c99 elementor-widget elementor-widget-text-editor\" data-id=\"b8e8c99\" data-element_type=\"widget\" data-e-type=\"widget\" data-widget_type=\"text-editor.default\">\n\t\t\t\t\t\t\t\t\t<p><a href=\"https:\/\/soymigrante.com\/revista\/migrantes-de-los-angeles-impulsan-casas-de-la-cultura-en-el-pais\/\" target=\"_blank\" rel=\"noopener\">El departamento tiene una extensi\u00f3n<\/a> de 2,510 km\u00b2 y cuenta con una poblaci\u00f3n estimada de 492,481 habitantes, seg\u00fan el <a href=\"https:\/\/censo2018.ine.gob.gt\/dondeestamos\" target=\"_blank\" rel=\"noopener\">Instituto de Estad\u00edstica Nacional (INE)<\/a>. Su cabecera departamental es <a href=\"https:\/\/soymigrante.com\/revista\/migrantes-de-los-angeles-impulsan-casas-de-la-cultura-en-el-pais\/\" target=\"_blank\" rel=\"noopener\">Mazatenango, el centro econ\u00f3mico y cultural m\u00e1s importante de la regi\u00f3n.<\/a><\/p><p>El 38.1% de los habitantes son de ascendencia maya y el 61% son<a href=\"https:\/\/soymigrante.com\/revista\/pueblo-ladino-integra-raices-y-mestizajes-de-guatemala\/\"> ladinos<\/a>. De los habitantes mayas, el 68% son <a href=\"https:\/\/soymigrante.com\/revista\/el-pueblo-kiche-es-heredero-y-continuador-de-la-tradicion-del-popol-vuh\/\">k&#8217;iche&#8217;<\/a>, 18% son <a href=\"https:\/\/soymigrante.com\/revista\/pueblo-tzutujil-se-cobija-en-el-lago-atitlan-hace-mas-de-7-siglos\/\">tz&#8217;utujil<\/a>,\u00a0 10% <a href=\"https:\/\/soymigrante.com\/revista\/el-pueblo-kaqchikel-abarca-a-1-millon-68-mil-guatemaltecos\/\">kaqchikel<\/a> y 2% <a href=\"https:\/\/soymigrante.com\/revista\/el-pueblo-mam-brilla-crece-y-se-expresa-fiel-a-sus-raices-de-identidad\/\">mam<\/a>.<\/p>\t\t\t\t\t\t\t\t<\/div>\n\t\t\t\t\t<\/div>\n\t\t\t\t<\/div>\n\t\t<div data-particle_enable=\"false\" data-particle-mobile-disabled=\"false\" class=\"elementor-element elementor-element-0273250 e-flex e-con-boxed e-con e-parent\" data-id=\"0273250\" data-element_type=\"container\" data-e-type=\"container\">\n\t\t\t\t\t<div class=\"e-con-inner\">\n\t\t\t\t<div class=\"elementor-element elementor-element-7b465f2 elementor-widget elementor-widget-image\" data-id=\"7b465f2\" data-element_type=\"widget\" data-e-type=\"widget\" data-widget_type=\"image.default\">\n\t\t\t\t\t\t\t\t\t\t\t\t<figure class=\"wp-caption\">\n\t\t\t\t\t\t\t\t\t\t<img fetchpriority=\"high\" decoding=\"async\" width=\"680\" height=\"470\" src=\"https:\/\/soymigrante.com\/revista\/wp-content\/uploads\/2025\/03\/mazatenango.webp\" class=\"attachment-large size-large wp-image-27369\" alt=\"Paisaje rural y urbano en una vista satelital, mostrando agricultura y desarrollo territorial en M\u00e9xico.\" srcset=\"https:\/\/soymigrante.com\/revista\/wp-content\/uploads\/2025\/03\/mazatenango.webp 680w, https:\/\/soymigrante.com\/revista\/wp-content\/uploads\/2025\/03\/mazatenango-300x207.png 300w\" sizes=\"(max-width: 680px) 100vw, 680px\" title=\"Mazatenango es la cabecera de Suchitep\u00e9quez, un importante n\u00facleo de actividad comercial. \u2013 SoyMigrante.com REVISTA\" \/>\t\t\t\t\t\t\t\t\t\t\t<figcaption class=\"widget-image-caption wp-caption-text\">Vista satelital de un municipio mexicano, destacando \u00e1reas agr\u00edcolas, zonas urbanas y rurales en una imagen detallada.<\/figcaption>\n\t\t\t\t\t\t\t\t\t\t<\/figure>\n\t\t\t\t\t\t\t\t\t<\/div>\n\t\t\t\t\t<\/div>\n\t\t\t\t<\/div>\n\t\t<div data-particle_enable=\"false\" data-particle-mobile-disabled=\"false\" class=\"elementor-element elementor-element-2262aa8 e-flex e-con-boxed e-con e-parent\" data-id=\"2262aa8\" data-element_type=\"container\" data-e-type=\"container\">\n\t\t\t\t\t<div class=\"e-con-inner\">\n\t\t\t\t<div class=\"elementor-element elementor-element-5193a0c elementor-widget elementor-widget-heading\" data-id=\"5193a0c\" data-element_type=\"widget\" data-e-type=\"widget\" data-widget_type=\"heading.default\">\n\t\t\t\t\t<h3 class=\"elementor-heading-title elementor-size-default\">\u00bfCu\u00e1les son los municipios de Suchitep\u00e9quez? <\/h3>\t\t\t\t<\/div>\n\t\t\t\t\t<\/div>\n\t\t\t\t<\/div>\n\t\t<div data-particle_enable=\"false\" data-particle-mobile-disabled=\"false\" class=\"elementor-element elementor-element-97784f9 e-flex e-con-boxed e-con e-parent\" data-id=\"97784f9\" data-element_type=\"container\" data-e-type=\"container\">\n\t\t\t\t\t<div class=\"e-con-inner\">\n\t\t\t\t<div class=\"elementor-element elementor-element-aabb867 elementor-widget elementor-widget-text-editor\" data-id=\"aabb867\" data-element_type=\"widget\" data-e-type=\"widget\" data-widget_type=\"text-editor.default\">\n\t\t\t\t\t\t\t\t\t<div><a href=\"https:\/\/soymigrante.com\/revista\/migrantes-de-los-angeles-impulsan-casas-de-la-cultura-en-el-pais\/\" target=\"_blank\" rel=\"noopener\">Suchitep\u00e9quez est\u00e1 conformado por 21 municipios,<\/a> cada uno con su propia identidad y caracter\u00edsticas:<\/div><div>1.Mazatenango (cabecera departamental)<\/div><div>2.Cuyotenango<\/div><div>3.Samayac<\/div><div>4.San Antonio Suchitep\u00e9quez<\/div><div>5.San Bernardino<\/div><div>6.San Francisco Zapotitl\u00e1n<\/div><div>7.San Gabriel<\/div><div>8.San Jos\u00e9 El \u00cddolo<\/div><div>9.San Juan Bautista<\/div><div>10.San Lorenzo<\/div><div>11.San Miguel Pan\u00e1n<\/div><div>12.San Pablo Jocopilas<\/div><div>13.San Pedro Cutz\u00e1n<\/div><div>14.Santo Domingo Suchitep\u00e9quez<\/div><div>15.Santo Tom\u00e1s La Uni\u00f3n<\/div><div>16.Zunilito<\/div><div>17.Chicacao<\/div><div>18.Patulul<\/div><div>19.Pueblo Nuevo<\/div><div>20.R\u00edo Bravo<\/div><div>21.Santa B\u00e1rbara<\/div>\t\t\t\t\t\t\t\t<\/div>\n\t\t\t\t\t<\/div>\n\t\t\t\t<\/div>\n\t\t<div data-particle_enable=\"false\" data-particle-mobile-disabled=\"false\" class=\"elementor-element elementor-element-9f1d4f8 e-flex e-con-boxed e-con e-parent\" data-id=\"9f1d4f8\" data-element_type=\"container\" data-e-type=\"container\">\n\t\t\t\t\t<div class=\"e-con-inner\">\n\t\t\t\t<div class=\"elementor-element elementor-element-333eb11 elementor-widget elementor-widget-video\" data-id=\"333eb11\" data-element_type=\"widget\" data-e-type=\"widget\" data-settings=\"{&quot;youtube_url&quot;:&quot;https:\\\/\\\/www.youtube.com\\\/watch?v=aVZXDLjUCjU&quot;,&quot;video_type&quot;:&quot;youtube&quot;,&quot;controls&quot;:&quot;yes&quot;}\" data-widget_type=\"video.default\">\n\t\t\t\t\t\t\t<div class=\"elementor-wrapper elementor-open-inline\">\n\t\t\t<div class=\"elementor-video\"><\/div>\t\t<\/div>\n\t\t\t\t\t\t<\/div>\n\t\t\t\t\t<\/div>\n\t\t\t\t<\/div>\n\t\t<div data-particle_enable=\"false\" data-particle-mobile-disabled=\"false\" class=\"elementor-element elementor-element-193766d e-flex e-con-boxed e-con e-parent\" data-id=\"193766d\" data-element_type=\"container\" data-e-type=\"container\">\n\t\t\t\t\t<div class=\"e-con-inner\">\n\t\t\t\t<div class=\"elementor-element elementor-element-64a0c47 elementor-widget elementor-widget-heading\" data-id=\"64a0c47\" data-element_type=\"widget\" data-e-type=\"widget\" data-widget_type=\"heading.default\">\n\t\t\t\t\t<h3 class=\"elementor-heading-title elementor-size-default\">Econom\u00eda y producci\u00f3n de Suchitep\u00e9quez <\/h3>\t\t\t\t<\/div>\n\t\t\t\t\t<\/div>\n\t\t\t\t<\/div>\n\t\t<div data-particle_enable=\"false\" data-particle-mobile-disabled=\"false\" class=\"elementor-element elementor-element-165b075 e-flex e-con-boxed e-con e-parent\" data-id=\"165b075\" data-element_type=\"container\" data-e-type=\"container\">\n\t\t\t\t\t<div class=\"e-con-inner\">\n\t\t\t\t<div class=\"elementor-element elementor-element-9b60a10 elementor-widget elementor-widget-text-editor\" data-id=\"9b60a10\" data-element_type=\"widget\" data-e-type=\"widget\" data-widget_type=\"text-editor.default\">\n\t\t\t\t\t\t\t\t\t<div><a href=\"https:\/\/soymigrante.com\/revista\/migrantes-de-los-angeles-impulsan-casas-de-la-cultura-en-el-pais\/\" target=\"_blank\" rel=\"noopener\">La econom\u00eda de Suchitep\u00e9quez se basa en la agricultura y la ganader\u00eda, con cultivos de gran importancia a nivel nacional e internacional<\/a>. Entre los principales productos destacan:<\/div><div>\u2022Ca\u00f1a de az\u00facar<\/div><div>\u2022Caf\u00e9<\/div><div>\u2022Hule<\/div><div>\u2022Tabaco<\/div><div>\u2022Cacao<\/div><div>\u2022Ma\u00edz y frijol (granos b\u00e1sicos)<\/div><div>\u2022Algod\u00f3n de alta calidad<\/div><div>\u2022Ajo y camote<\/div><div>\u00a0<\/div><div>La ganader\u00eda tambi\u00e9n juega un papel fundamental, con la producci\u00f3n de carne y l\u00e1cteos, adem\u00e1s de la pesca artesanal en comunidades cercanas a la costa del Pac\u00edfico.<\/div>\t\t\t\t\t\t\t\t<\/div>\n\t\t\t\t\t<\/div>\n\t\t\t\t<\/div>\n\t\t<div data-particle_enable=\"false\" data-particle-mobile-disabled=\"false\" class=\"elementor-element elementor-element-391ae5e e-flex e-con-boxed e-con e-parent\" data-id=\"391ae5e\" data-element_type=\"container\" data-e-type=\"container\">\n\t\t\t\t\t<div class=\"e-con-inner\">\n\t\t\t\t<div class=\"elementor-element elementor-element-d5385e9 elementor-widget elementor-widget-image\" data-id=\"d5385e9\" data-element_type=\"widget\" data-e-type=\"widget\" data-widget_type=\"image.default\">\n\t\t\t\t\t\t\t\t\t\t\t\t<figure class=\"wp-caption\">\n\t\t\t\t\t\t\t\t\t\t<img decoding=\"async\" width=\"259\" height=\"194\" src=\"https:\/\/soymigrante.com\/revista\/wp-content\/uploads\/2025\/03\/Suchitepe\u0301quez-4.webp\" class=\"attachment-large size-large wp-image-27146\" alt=\"Departamentos de Guatemala: Suchitep\u00e9quez \u201cla tierra del venado\u201d\" title=\"Suchitepe\u0301quez 4 \u2013 SoyMigrante.com REVISTA\" \/>\t\t\t\t\t\t\t\t\t\t\t<figcaption class=\"widget-image-caption wp-caption-text\">Suchitep\u00e9quez es conocido por su clima c\u00e1lido. (Foto: INGUAT)<\/figcaption>\n\t\t\t\t\t\t\t\t\t\t<\/figure>\n\t\t\t\t\t\t\t\t\t<\/div>\n\t\t\t\t\t<\/div>\n\t\t\t\t<\/div>\n\t\t<div data-particle_enable=\"false\" data-particle-mobile-disabled=\"false\" class=\"elementor-element elementor-element-04a785e e-flex e-con-boxed e-con e-parent\" data-id=\"04a785e\" data-element_type=\"container\" data-e-type=\"container\">\n\t\t\t\t\t<div class=\"e-con-inner\">\n\t\t\t\t<div class=\"elementor-element elementor-element-3e2bf9e elementor-widget elementor-widget-heading\" data-id=\"3e2bf9e\" data-element_type=\"widget\" data-e-type=\"widget\" data-widget_type=\"heading.default\">\n\t\t\t\t\t<h3 class=\"elementor-heading-title elementor-size-default\">Atractivos tur\u00edsticos de Suchitep\u00e9quez <\/h3>\t\t\t\t<\/div>\n\t\t\t\t\t<\/div>\n\t\t\t\t<\/div>\n\t\t<div data-particle_enable=\"false\" data-particle-mobile-disabled=\"false\" class=\"elementor-element elementor-element-63d923d e-flex e-con-boxed e-con e-parent\" data-id=\"63d923d\" data-element_type=\"container\" data-e-type=\"container\">\n\t\t\t\t\t<div class=\"e-con-inner\">\n\t\t\t\t<div class=\"elementor-element elementor-element-dbec19c elementor-widget elementor-widget-text-editor\" data-id=\"dbec19c\" data-element_type=\"widget\" data-e-type=\"widget\" data-widget_type=\"text-editor.default\">\n\t\t\t\t\t\t\t\t\t<div><a href=\"https:\/\/soymigrante.com\/revista\/migrantes-de-los-angeles-impulsan-casas-de-la-cultura-en-el-pais\/\" target=\"_blank\" rel=\"noopener\">Suchitep\u00e9quez ofrece una gran variedad de destinos tur\u00edsticos que combinan naturaleza, cultura e historia.<\/a> Algunos de los m\u00e1s importantes son:<\/div><div><strong>\u2022Mazatenango:<\/strong> Conocido por su carnaval anual, una de las fiestas m\u00e1s grandes de Guatemala.<\/div><div><strong>\u2022Sitios arqueol\u00f3gicos:<\/strong> Como San Rafael Pan\u00e1n y Chocol\u00e1, que evidencian la presencia de la civilizaci\u00f3n maya en la regi\u00f3n.<\/div><div><strong>\u2022Playas:<\/strong> Churir\u00edn, Tulate y Chiquistepeque son destinos costeros ideales para el turismo.<\/div><div><strong>\u2022Reservas naturales:<\/strong> Lago Moc\u00e1 y Lago Tinen, perfectos para el ecoturismo y la observaci\u00f3n de fauna y flora.<\/div><div><strong>\u2022Patulul y Chicacao:<\/strong> Dos municipios con una gran riqueza cafetalera y paisajes monta\u00f1osos.<\/div>\t\t\t\t\t\t\t\t<\/div>\n\t\t\t\t\t<\/div>\n\t\t\t\t<\/div>\n\t\t<div data-particle_enable=\"false\" data-particle-mobile-disabled=\"false\" class=\"elementor-element elementor-element-097c93a e-flex e-con-boxed e-con e-parent\" data-id=\"097c93a\" data-element_type=\"container\" data-e-type=\"container\">\n\t\t\t\t\t<div class=\"e-con-inner\">\n\t\t\t\t<div class=\"elementor-element elementor-element-f5a27d3 elementor-widget elementor-widget-image\" data-id=\"f5a27d3\" data-element_type=\"widget\" data-e-type=\"widget\" data-widget_type=\"image.default\">\n\t\t\t\t\t\t\t\t\t\t\t\t<figure class=\"wp-caption\">\n\t\t\t\t\t\t\t\t\t\t<img decoding=\"async\" width=\"768\" height=\"768\" src=\"https:\/\/soymigrante.com\/revista\/wp-content\/uploads\/2025\/03\/suchitepequez-1-1024x1024.jpg\" class=\"attachment-large size-large wp-image-27370\" alt=\"Puente de concreto sobre r\u00edo con dos motociclistas cruzando, rodeado de vegetaci\u00f3n y cielo azul, destacando aventura y movilidad en comunidades rurales.\" srcset=\"https:\/\/soymigrante.com\/revista\/wp-content\/uploads\/2025\/03\/suchitepequez-1-1024x1024.jpg 1024w, https:\/\/soymigrante.com\/revista\/wp-content\/uploads\/2025\/03\/suchitepequez-1-300x300.jpg 300w, https:\/\/soymigrante.com\/revista\/wp-content\/uploads\/2025\/03\/suchitepequez-1-150x150.jpg 150w, https:\/\/soymigrante.com\/revista\/wp-content\/uploads\/2025\/03\/suchitepequez-1-768x768.jpg 768w, https:\/\/soymigrante.com\/revista\/wp-content\/uploads\/2025\/03\/suchitepequez-1-1536x1536.jpg 1536w, https:\/\/soymigrante.com\/revista\/wp-content\/uploads\/2025\/03\/suchitepequez-1-2048x2048.jpg 2048w, https:\/\/soymigrante.com\/revista\/wp-content\/uploads\/2025\/03\/suchitepequez-1-75x75.webp 75w, https:\/\/soymigrante.com\/revista\/wp-content\/uploads\/2025\/03\/suchitepequez-1-750x750.webp 750w, https:\/\/soymigrante.com\/revista\/wp-content\/uploads\/2025\/03\/suchitepequez-1-1140x1140.webp 1140w, https:\/\/soymigrante.com\/revista\/wp-content\/uploads\/2025\/03\/suchitepequez-1.webp 1920w\" sizes=\"(max-width: 768px) 100vw, 768px\" title=\"Puente artesanal en aldea Bel\u00e9n, Santo Domingo Suchitep\u00e9quez. \u2013 SoyMigrante.com REVISTA\" \/>\t\t\t\t\t\t\t\t\t\t\t<figcaption class=\"widget-image-caption wp-caption-text\">Motociclistas cruzando puente de concreto en entorno natural, resaltando movilidad, aventuras rurales y conectividad en comunidades alejadas, en el contexto de migraci\u00f3n.<\/figcaption>\n\t\t\t\t\t\t\t\t\t\t<\/figure>\n\t\t\t\t\t\t\t\t\t<\/div>\n\t\t\t\t\t<\/div>\n\t\t\t\t<\/div>\n\t\t<div data-particle_enable=\"false\" data-particle-mobile-disabled=\"false\" class=\"elementor-element elementor-element-afddc97 e-flex e-con-boxed e-con e-parent\" data-id=\"afddc97\" data-element_type=\"container\" data-e-type=\"container\">\n\t\t\t\t\t<div class=\"e-con-inner\">\n\t\t\t\t<div class=\"elementor-element elementor-element-8c283f4 elementor-widget elementor-widget-heading\" data-id=\"8c283f4\" data-element_type=\"widget\" data-e-type=\"widget\" data-widget_type=\"heading.default\">\n\t\t\t\t\t<h3 class=\"elementor-heading-title elementor-size-default\">Remesas de los migrantes en Suchitep\u00e9quez <\/h3>\t\t\t\t<\/div>\n\t\t\t\t\t<\/div>\n\t\t\t\t<\/div>\n\t\t<div data-particle_enable=\"false\" data-particle-mobile-disabled=\"false\" class=\"elementor-element elementor-element-2426b0a e-flex e-con-boxed e-con e-parent\" data-id=\"2426b0a\" data-element_type=\"container\" data-e-type=\"container\">\n\t\t\t\t\t<div class=\"e-con-inner\">\n\t\t\t\t<div class=\"elementor-element elementor-element-02a5fa1 elementor-widget elementor-widget-text-editor\" data-id=\"02a5fa1\" data-element_type=\"widget\" data-e-type=\"widget\" data-widget_type=\"text-editor.default\">\n\t\t\t\t\t\t\t\t\t<p><a href=\"https:\/\/soymigrante.com\/revista\/migrantes-de-los-angeles-impulsan-casas-de-la-cultura-en-el-pais\/\" target=\"_blank\" rel=\"noopener\">Las remesas constituyen una de las principales fuentes de ingresos para muchas familias en Suchitep\u00e9quez,<\/a> permiti\u00e9ndoles mejorar su calidad de vida y dinamizar la econom\u00eda local.<\/p><p>Las remesas enviadas por guatemaltecos residentes en el extranjero son una fuente significativa de ingresos para muchas familias en el Departamento de Suchitep\u00e9quez.<\/p><p>Seg\u00fan la <a href=\"https:\/\/infounitnca.iom.int\/uploads\/RemesasGT2022\/Resumen_EncuestaRemesas2022_gt.pdf\" target=\"_blank\" rel=\"noopener\">Encuesta de Remesas 2022, de la OIM<\/a>, el departamento de Suchitep\u00e9quez, se beneficia con el 3.2% del total de las remesas que en ese a\u00f1o fueron US$18 mil 40 millones. Eso quiere decir, que en ese a\u00f1o, familias del departamento de Sacatep\u00e9quez recibieron US$ 1 mil 100 millones enviados por familiares desde Estados Unidos.<\/p><p>A nivel nacional, las remesas representaron el 19.8% del Producto Interno Bruto (PIB) en 2022.<\/p><p>En 2024 las remesas fueron de US$21 mil 500 millones.<\/p>\t\t\t\t\t\t\t\t<\/div>\n\t\t\t\t\t<\/div>\n\t\t\t\t<\/div>\n\t\t<div data-particle_enable=\"false\" data-particle-mobile-disabled=\"false\" class=\"elementor-element elementor-element-0a9b3f6 e-flex e-con-boxed e-con e-parent\" data-id=\"0a9b3f6\" data-element_type=\"container\" data-e-type=\"container\">\n\t\t\t\t\t<div class=\"e-con-inner\">\n\t\t\t\t<div class=\"elementor-element elementor-element-dedf241 elementor-widget elementor-widget-image\" data-id=\"dedf241\" data-element_type=\"widget\" data-e-type=\"widget\" data-widget_type=\"image.default\">\n\t\t\t\t\t\t\t\t\t\t\t\t<figure class=\"wp-caption\">\n\t\t\t\t\t\t\t\t\t\t<img loading=\"lazy\" decoding=\"async\" width=\"768\" height=\"1024\" src=\"https:\/\/soymigrante.com\/revista\/wp-content\/uploads\/2025\/03\/20230624_123724-768x1024.jpg\" class=\"attachment-large size-large wp-image-27371\" alt=\"Cascada rodeada de vegetaci\u00f3n tropical en un entorno natural, con sendero de madera para explorar la exuberante flora en plena selva.\" srcset=\"https:\/\/soymigrante.com\/revista\/wp-content\/uploads\/2025\/03\/20230624_123724-768x1024.jpg 768w, https:\/\/soymigrante.com\/revista\/wp-content\/uploads\/2025\/03\/20230624_123724-225x300.jpg 225w, https:\/\/soymigrante.com\/revista\/wp-content\/uploads\/2025\/03\/20230624_123724-1152x1536.jpg 1152w, https:\/\/soymigrante.com\/revista\/wp-content\/uploads\/2025\/03\/20230624_123724-1536x2048.jpg 1536w, https:\/\/soymigrante.com\/revista\/wp-content\/uploads\/2025\/03\/20230624_123724-750x1000.webp 750w, https:\/\/soymigrante.com\/revista\/wp-content\/uploads\/2025\/03\/20230624_123724-1140x1520.webp 1140w, https:\/\/soymigrante.com\/revista\/wp-content\/uploads\/2025\/03\/20230624_123724-scaled.webp 1440w\" sizes=\"(max-width: 768px) 100vw, 768px\" title=\"Salto de El Carmen, impresionante ca\u00edda en Zunilito, Suchitep\u00e9quez. \u2013 SoyMigrante.com REVISTA\" \/>\t\t\t\t\t\t\t\t\t\t\t<figcaption class=\"widget-image-caption wp-caption-text\">Paisaje de cascada en la selva con sendero de madera, destacando la belleza y biodiversidad del ecosistema tropical, ideal para turismo de naturaleza y ecoturismo.<\/figcaption>\n\t\t\t\t\t\t\t\t\t\t<\/figure>\n\t\t\t\t\t\t\t\t\t<\/div>\n\t\t\t\t\t<\/div>\n\t\t\t\t<\/div>\n\t\t<div data-particle_enable=\"false\" data-particle-mobile-disabled=\"false\" class=\"elementor-element elementor-element-70092d9 e-flex e-con-boxed e-con e-parent\" data-id=\"70092d9\" data-element_type=\"container\" data-e-type=\"container\">\n\t\t\t\t\t<div class=\"e-con-inner\">\n\t\t\t\t<div class=\"elementor-element elementor-element-801fa78 elementor-widget elementor-widget-heading\" data-id=\"801fa78\" data-element_type=\"widget\" data-e-type=\"widget\" data-widget_type=\"heading.default\">\n\t\t\t\t\t<h2 class=\"elementor-heading-title elementor-size-default\">Conoce m\u00e1s de Guatemala, ac\u00e1...<\/h2>\t\t\t\t<\/div>\n\t\t\t\t\t<\/div>\n\t\t\t\t<\/div>\n\t\t<div data-particle_enable=\"false\" data-particle-mobile-disabled=\"false\" class=\"elementor-element elementor-element-0c2004b e-flex e-con-boxed e-con e-parent\" data-id=\"0c2004b\" data-element_type=\"container\" data-e-type=\"container\">\n\t\t\t\t\t<div class=\"e-con-inner\">\n\t\t\t\t<div class=\"elementor-element elementor-element-675c426 elementor-grid-eael-col-3 elementor-grid-tablet-eael-col-2 elementor-grid-mobile-eael-col-1 elementor-widget elementor-widget-eael-post-grid\" data-id=\"675c426\" data-element_type=\"widget\" data-e-type=\"widget\" data-settings=\"{&quot;eael_post_grid_columns&quot;:&quot;eael-col-3&quot;,&quot;eael_post_grid_columns_tablet&quot;:&quot;eael-col-2&quot;,&quot;eael_post_grid_columns_mobile&quot;:&quot;eael-col-1&quot;}\" data-widget_type=\"eael-post-grid.default\">\n\t\t\t\t\t<div id=\"eael-post-grid-675c426\" class=\"eael-post-grid-container\">\n            <div class=\"eael-post-grid eael-post-appender eael-post-appender-675c426 eael-post-grid-style-one\" data-layout-mode=\"masonry\"><article class=\"eael-grid-post  eael-post-grid-column eael-pg-post-20205 category-guate-nuestra tags-departamentos-de-guatemala\" data-id=\"20205\">\n        <div class=\"eael-grid-post-holder\">\n            <div class=\"eael-grid-post-holder-inner\"><div class=\"eael-entry-media\"><div class=\"eael-entry-overlay fade-in\"><i class=\"far fa-hand-pointer\" aria-hidden=\"true\"><\/i><a href=\"https:\/\/soymigrante.com\/revista\/departamentos-de-guatemala-huehuetenango-la-tierra-de-kaibil-balam-tesoro-cultural-y-natural\/\"><\/a><\/div><div class=\"eael-entry-thumbnail \">\n                <img loading=\"lazy\" decoding=\"async\" width=\"700\" height=\"432\" src=\"https:\/\/soymigrante.com\/revista\/wp-content\/uploads\/2025\/01\/Huehuetenango-3.webp\" class=\"attachment-large size-large wp-image-20208\" alt=\"Casas en las monta\u00f1as, refugio en altitud elevada, paisaje de alta monta\u00f1a, arquitectura tradicional en entorno de naturaleza, paisaje de inspiraci\u00f3n para migrantes y viajeros en busca de tranquilidad.\" srcset=\"https:\/\/soymigrante.com\/revista\/wp-content\/uploads\/2025\/01\/Huehuetenango-3.webp 700w, https:\/\/soymigrante.com\/revista\/wp-content\/uploads\/2025\/01\/Huehuetenango-3-300x185.jpeg 300w\" sizes=\"(max-width: 700px) 100vw, 700px\" \/>\n            <\/div>\n        <\/div><div class=\"eael-entry-wrapper\"><header class=\"eael-entry-header\"><h2 class=\"eael-entry-title\"><a class=\"eael-grid-post-link\" href=\"https:\/\/soymigrante.com\/revista\/departamentos-de-guatemala-huehuetenango-la-tierra-de-kaibil-balam-tesoro-cultural-y-natural\/\" title=\"Departamentos de Guatemala: Huehuetenango, la tierra de Kaibil Balam, tesoro cultural y natural\">Departamentos de Guatemala: Huehuetenango, la tierra de Kaibil Balam, tesoro cultural y natural<\/a><\/h2><\/header><div class=\"eael-entry-content\">\n                        <div class=\"eael-grid-post-excerpt\"><a href=\"https:\/\/soymigrante.com\/revista\/departamentos-de-guatemala-huehuetenango-la-tierra-de-kaibil-balam-tesoro-cultural-y-natural\/\" class=\"eael-post-elements-readmore-btn\">CONOCE SU HISTORIA <\/a><\/div>\n                    <\/div><\/div><\/div>\n        <\/div>\n    <\/article><article class=\"eael-grid-post  eael-post-grid-column eael-pg-post-17984 category-guate-nuestra tags-departamentos-de-guatemala\" data-id=\"17984\">\n        <div class=\"eael-grid-post-holder\">\n            <div class=\"eael-grid-post-holder-inner\"><div class=\"eael-entry-media\"><div class=\"eael-entry-overlay fade-in\"><i class=\"far fa-hand-pointer\" aria-hidden=\"true\"><\/i><a href=\"https:\/\/soymigrante.com\/revista\/departamentos-de-guatemala-chiquimula-la-perla-de-oriente-cumple-200-anos-este-2025\/\"><\/a><\/div><div class=\"eael-entry-thumbnail \">\n                <img loading=\"lazy\" decoding=\"async\" width=\"960\" height=\"960\" src=\"https:\/\/soymigrante.com\/revista\/wp-content\/uploads\/2025\/01\/chiquimula.webp\" class=\"attachment-large size-large wp-image-19178\" alt=\"Imponente iglesia colonial blanca en el centro de la ciudad con multitud de visitantes en la escalinata.\" srcset=\"https:\/\/soymigrante.com\/revista\/wp-content\/uploads\/2025\/01\/chiquimula.webp 960w, https:\/\/soymigrante.com\/revista\/wp-content\/uploads\/2025\/01\/chiquimula-300x300.jpg 300w, https:\/\/soymigrante.com\/revista\/wp-content\/uploads\/2025\/01\/chiquimula-150x150.jpg 150w, https:\/\/soymigrante.com\/revista\/wp-content\/uploads\/2025\/01\/chiquimula-768x768.jpg 768w, https:\/\/soymigrante.com\/revista\/wp-content\/uploads\/2025\/01\/chiquimula-75x75.webp 75w, https:\/\/soymigrante.com\/revista\/wp-content\/uploads\/2025\/01\/chiquimula-750x750.webp 750w\" sizes=\"(max-width: 960px) 100vw, 960px\" \/>\n            <\/div>\n        <\/div><div class=\"eael-entry-wrapper\"><header class=\"eael-entry-header\"><h2 class=\"eael-entry-title\"><a class=\"eael-grid-post-link\" href=\"https:\/\/soymigrante.com\/revista\/departamentos-de-guatemala-chiquimula-la-perla-de-oriente-cumple-200-anos-este-2025\/\" title=\"Departamentos de Guatemala: Chiquimula, bicentenaria Perla de Oriente sigue brillando\">Departamentos de Guatemala: Chiquimula, bicentenaria Perla de Oriente sigue brillando<\/a><\/h2><\/header><div class=\"eael-entry-content\">\n                        <div class=\"eael-grid-post-excerpt\"><a href=\"https:\/\/soymigrante.com\/revista\/departamentos-de-guatemala-chiquimula-la-perla-de-oriente-cumple-200-anos-este-2025\/\" class=\"eael-post-elements-readmore-btn\">CONOCE SU HISTORIA <\/a><\/div>\n                    <\/div><\/div><\/div>\n        <\/div>\n    <\/article><article class=\"eael-grid-post  eael-post-grid-column eael-pg-post-15953 category-guate-nuestra tags-departamentos-de-guatemala\" data-id=\"15953\">\n        <div class=\"eael-grid-post-holder\">\n            <div class=\"eael-grid-post-holder-inner\"><div class=\"eael-entry-media\"><div class=\"eael-entry-overlay fade-in\"><i class=\"far fa-hand-pointer\" aria-hidden=\"true\"><\/i><a href=\"https:\/\/soymigrante.com\/revista\/departamentos-de-guatemala-alta-verapaz-mosaico-cultural-y-natural\/\"><\/a><\/div><div class=\"eael-entry-thumbnail \">\n                <img loading=\"lazy\" decoding=\"async\" width=\"1024\" height=\"1024\" src=\"https:\/\/soymigrante.com\/revista\/wp-content\/uploads\/2024\/12\/Alta-verapaz-e1733850705973-1024x1024.jpeg\" class=\"attachment-large size-large wp-image-15955\" alt=\"L\u00e1grimas gigantes en la selva tropical con cascada y piscina de agua, vista a\u00e9rea de exuberante vegetaci\u00f3n verde en un paisaje natural impresionante.\" srcset=\"https:\/\/soymigrante.com\/revista\/wp-content\/uploads\/2024\/12\/Alta-verapaz-e1733850705973-1024x1024.jpeg 1024w, https:\/\/soymigrante.com\/revista\/wp-content\/uploads\/2024\/12\/Alta-verapaz-e1733850705973-300x300.jpeg 300w, https:\/\/soymigrante.com\/revista\/wp-content\/uploads\/2024\/12\/Alta-verapaz-e1733850705973-150x150.jpeg 150w, https:\/\/soymigrante.com\/revista\/wp-content\/uploads\/2024\/12\/Alta-verapaz-e1733850705973-768x768.jpeg 768w, https:\/\/soymigrante.com\/revista\/wp-content\/uploads\/2024\/12\/Alta-verapaz-e1733850705973-75x75.webp 75w, https:\/\/soymigrante.com\/revista\/wp-content\/uploads\/2024\/12\/Alta-verapaz-e1733850705973-750x750.webp 750w, https:\/\/soymigrante.com\/revista\/wp-content\/uploads\/2024\/12\/Alta-verapaz-e1733850705973.webp 1078w\" sizes=\"(max-width: 1024px) 100vw, 1024px\" \/>\n            <\/div>\n        <\/div><div class=\"eael-entry-wrapper\"><header class=\"eael-entry-header\"><h2 class=\"eael-entry-title\"><a class=\"eael-grid-post-link\" href=\"https:\/\/soymigrante.com\/revista\/departamentos-de-guatemala-alta-verapaz-mosaico-cultural-y-natural\/\" title=\"Departamentos de Guatemala : Alta Verapaz, cuna de la Monja Blanca\">Departamentos de Guatemala : Alta Verapaz, cuna de la Monja Blanca<\/a><\/h2><\/header><div class=\"eael-entry-content\">\n                        <div class=\"eael-grid-post-excerpt\"><a href=\"https:\/\/soymigrante.com\/revista\/departamentos-de-guatemala-alta-verapaz-mosaico-cultural-y-natural\/\" class=\"eael-post-elements-readmore-btn\">CONOCE SU HISTORIA <\/a><\/div>\n                    <\/div><\/div><\/div>\n        <\/div>\n    <\/article><\/div>\n            <div class=\"clearfix\"><\/div>\n        <\/div>\t\t\t\t<\/div>\n\t\t\t\t\t<\/div>\n\t\t\t\t<\/div>\n\t\t\t\t<\/div>\n\t\t","protected":false},"excerpt":{"rendered":"<p>Suchitep\u00e9quez es un territorio con variedad clim\u00e1tica y gran riqueza natural. Su territorio fue delimitado en 1877 y est\u00e1 compuesto por 21 municipios. Su cabecera es Mazatenango. El departamento de Suchitep\u00e9quez, ubicado en la regi\u00f3n suroccidental de Guatemala, es un territorio de gran riqueza cultural, agr\u00edcola y tur\u00edstica. Posee importantes tesoros naturales, muchos de los [&hellip;]<\/p>\n","protected":false},"author":19,"featured_media":27363,"comment_status":"open","ping_status":"open","sticky":false,"template":"","format":"standard","meta":{"_acf_changed":false,"_eb_attr":"","footnotes":""},"categories":[58],"tags":[],"class_list":["post-27131","post","type-post","status-publish","format-standard","has-post-thumbnail","hentry","category-guate-nuestra"],"acf":[],"aioseo_notices":[],"aioseo_head":"\n\t\t<!-- All in One SEO Pro 4.9.6.2 - aioseo.com -->\n\t<meta name=\"description\" content=\"Alta Verapaz es la tierra de Manuel Tot y de la maravilla natural de Semuc Champey, entre muchos otros tesoros de historia y naturaleza.\" \/>\n\t<meta name=\"robots\" content=\"max-snippet:-1, max-image-preview:large, max-video-preview:-1\" \/>\n\t<meta name=\"author\" content=\"Marysabel Aldana\"\/>\n\t<link rel=\"canonical\" href=\"https:\/\/soymigrante.com\/revista\/departamentos-de-guatemala-alta-verapaz-mosaico-cultural-y-natural\/\" \/>\n\t<meta name=\"generator\" content=\"All in One SEO Pro (AIOSEO) 4.9.6.2\" \/>\n\n\t\t<link rel=\"preconnect\" href=\"https:\/\/fonts.googleapis.com\" crossorigin>\n<link rel=\"preconnect\" href=\"https:\/\/fonts.gstatic.com\" crossorigin>\n\t\t<meta property=\"og:locale\" content=\"es_ES\" \/>\n\t\t<meta property=\"og:site_name\" content=\"SoyMigrante.com REVISTA \u2013 Nuestra misi\u00f3n es reconocer y dignificar al migrante.\" \/>\n\t\t<meta property=\"og:type\" content=\"article\" \/>\n\t\t<meta property=\"og:title\" content=\"Departamentos de Guatemala : Alta Verapaz, cuna de la Monja Blanca\" \/>\n\t\t<meta property=\"og:description\" content=\"Alta Verapaz es la tierra de Manuel Tot y de la maravilla natural de Semuc Champey, entre muchos otros tesoros de historia y naturaleza.\" \/>\n\t\t<meta property=\"og:url\" content=\"https:\/\/soymigrante.com\/revista\/departamentos-de-guatemala-alta-verapaz-mosaico-cultural-y-natural\/\" \/>\n\t\t<meta property=\"og:image\" content=\"https:\/\/soymigrante.com\/revista\/wp-content\/uploads\/2024\/12\/Alta-verapaz-e1733850705973.webp\" \/>\n\t\t<meta property=\"og:image:secure_url\" content=\"https:\/\/soymigrante.com\/revista\/wp-content\/uploads\/2024\/12\/Alta-verapaz-e1733850705973.webp\" \/>\n\t\t<meta property=\"og:image:width\" content=\"1078\" \/>\n\t\t<meta property=\"og:image:height\" content=\"1078\" \/>\n\t\t<meta property=\"article:published_time\" content=\"2024-12-26T18:56:53+00:00\" \/>\n\t\t<meta property=\"article:modified_time\" content=\"2025-03-04T18:38:32+00:00\" \/>\n\t\t<meta property=\"article:publisher\" content=\"https:\/\/www.facebook.com\/soymigrantecom\" \/>\n\t\t<meta name=\"twitter:card\" content=\"summary_large_image\" \/>\n\t\t<meta name=\"twitter:site\" content=\"@SoyMigrante_com\" \/>\n\t\t<meta name=\"twitter:title\" content=\"Departamentos de Guatemala : Alta Verapaz, cuna de la Monja Blanca\" \/>\n\t\t<meta name=\"twitter:description\" content=\"Alta Verapaz es la tierra de Manuel Tot y de la maravilla natural de Semuc Champey, entre muchos otros tesoros de historia y naturaleza.\" \/>\n\t\t<meta name=\"twitter:creator\" content=\"@SoyMigrante_com\" \/>\n\t\t<meta name=\"twitter:image\" content=\"https:\/\/soymigrante.com\/revista\/wp-content\/uploads\/2024\/12\/Alta-verapaz-e1733850705973.webp\" \/>\n\t\t<!-- All in One SEO Pro -->\r\n\t\t<title>Departamentos de Guatemala : Alta Verapaz, cuna de la Monja Blanca<\/title>\n\n","aioseo_head_json":{"title":"Departamentos de Guatemala : Alta Verapaz, cuna de la Monja Blanca","description":"Alta Verapaz es la tierra de Manuel Tot y de la maravilla natural de Semuc Champey, entre muchos otros tesoros de historia y naturaleza.","canonical_url":"https:\/\/soymigrante.com\/revista\/departamentos-de-guatemala-alta-verapaz-mosaico-cultural-y-natural\/","robots":"max-snippet:-1, max-image-preview:large, max-video-preview:-1","keywords":"","webmasterTools":{"miscellaneous":"&lt;link rel=\"preconnect\" href=\"https:\/\/fonts.googleapis.com\" crossorigin&gt;\n&lt;link rel=\"preconnect\" href=\"https:\/\/fonts.gstatic.com\" crossorigin&gt;"},"schema":null,"og:locale":"es_ES","og:site_name":"SoyMigrante.com REVISTA \u2013 Nuestra misi\u00f3n es reconocer y dignificar al migrante.","og:type":"article","og:title":"Departamentos de Guatemala : Alta Verapaz, cuna de la Monja Blanca","og:description":"Alta Verapaz es la tierra de Manuel Tot y de la maravilla natural de Semuc Champey, entre muchos otros tesoros de historia y naturaleza.","og:url":"https:\/\/soymigrante.com\/revista\/departamentos-de-guatemala-alta-verapaz-mosaico-cultural-y-natural\/","og:image":"https:\/\/soymigrante.com\/revista\/wp-content\/uploads\/2024\/12\/Alta-verapaz-e1733850705973.webp","og:image:secure_url":"https:\/\/soymigrante.com\/revista\/wp-content\/uploads\/2024\/12\/Alta-verapaz-e1733850705973.webp","og:image:width":1078,"og:image:height":1078,"article:published_time":"2024-12-26T18:56:53+00:00","article:modified_time":"2025-03-04T18:38:32+00:00","article:publisher":"https:\/\/www.facebook.com\/soymigrantecom","twitter:card":"summary_large_image","twitter:site":"@SoyMigrante_com","twitter:title":"Departamentos de Guatemala : Alta Verapaz, cuna de la Monja Blanca","twitter:description":"Alta Verapaz es la tierra de Manuel Tot y de la maravilla natural de Semuc Champey, entre muchos otros tesoros de historia y naturaleza.","twitter:creator":"@SoyMigrante_com","twitter:image":"https:\/\/soymigrante.com\/revista\/wp-content\/uploads\/2024\/12\/Alta-verapaz-e1733850705973.webp"},"aioseo_meta_data":{"post_id":"27131","title":"Departamento de Suchitep\u00e9quez es llamado La Tierra del Venado","description":"El nombre Suchitep\u00e9quez significa Cerro de las Flores y en efecto es un departamento de gran riqueza natural, con atractivos tur\u00edsticos y culturales.","keywords":null,"keyphrases":{"focus":{"keyphrase":"Suchitep\u00e9quez","score":100,"analysis":{"keyphraseInTitle":{"score":9,"maxScore":9,"error":0},"keyphraseInDescription":{"score":9,"maxScore":9,"error":0},"keyphraseLength":{"score":9,"maxScore":9,"error":0,"length":2},"keyphraseInURL":{"score":5,"maxScore":5,"error":0},"keyphraseInIntroduction":{"score":9,"maxScore":9,"error":0},"keyphraseInSubHeadings":{"score":9,"maxScore":9,"error":0},"keyphraseInImageAlt":{"score":9,"maxScore":9,"error":0},"keywordDensity":{"type":"best","score":9,"maxScore":9,"error":0}}},"additional":[{"keyphrase":"Suchitep\u00e9quez","score":100,"analysis":{"keyphraseInDescription":{"score":9,"maxScore":9,"error":0},"keyphraseLength":{"score":9,"maxScore":9,"error":0,"length":2},"keyphraseInIntroduction":{"score":9,"maxScore":9,"error":0},"keyphraseInImageAlt":{"score":9,"maxScore":9,"error":0},"keywordDensity":{"type":"best","score":9,"maxScore":9,"error":0}}},{"keyphrase":"Guatemala","score":87,"analysis":{"keyphraseInDescription":{"score":3,"maxScore":9,"error":1},"keyphraseLength":{"score":9,"maxScore":9,"error":0,"length":1},"keyphraseInIntroduction":{"score":9,"maxScore":9,"error":0},"keyphraseInImageAlt":{"score":9,"maxScore":9,"error":0},"keywordDensity":{"type":"best","score":9,"maxScore":9,"error":0}}},{"keyphrase":"Departamentos","score":73,"analysis":{"keyphraseInDescription":{"score":3,"maxScore":9,"error":1},"keyphraseLength":{"score":9,"maxScore":9,"error":0,"length":1},"keyphraseInIntroduction":{"score":3,"maxScore":9,"error":1},"keyphraseInImageAlt":{"score":9,"maxScore":9,"error":0},"keywordDensity":{"type":"best","score":9,"maxScore":9,"error":0}}}]},"primary_term":null,"canonical_url":null,"og_title":null,"og_description":null,"og_object_type":"default","og_image_type":"default","og_image_url":null,"og_image_width":null,"og_image_height":null,"og_image_custom_url":null,"og_image_custom_fields":null,"og_video":"","og_custom_url":null,"og_article_section":null,"og_article_tags":null,"twitter_use_og":false,"twitter_card":"default","twitter_image_type":"default","twitter_image_url":null,"twitter_image_custom_url":null,"twitter_image_custom_fields":null,"twitter_title":null,"twitter_description":null,"schema":{"blockGraphs":[],"customGraphs":[],"default":{"data":{"Article":[],"Course":[],"Dataset":[],"FAQPage":[],"Movie":[],"Person":[],"Product":[],"ProductReview":[],"Car":[],"Recipe":[],"Service":[],"SoftwareApplication":[],"WebPage":[]},"graphName":"BlogPosting","isEnabled":true},"graphs":[]},"schema_type":"default","schema_type_options":null,"pillar_content":false,"robots_default":true,"robots_noindex":false,"robots_noarchive":false,"robots_nosnippet":false,"robots_nofollow":false,"robots_noimageindex":false,"robots_noodp":false,"robots_notranslate":false,"robots_max_snippet":"-1","robots_max_videopreview":"-1","robots_max_imagepreview":"large","priority":null,"frequency":"default","local_seo":null,"seo_analyzer_scan_date":"2025-10-09 03:13:14","breadcrumb_settings":null,"limit_modified_date":false,"reviewed_by":null,"open_ai":"{\"title\":{\"suggestions\":[],\"usage\":0},\"description\":{\"suggestions\":[],\"usage\":0}}","ai":null,"created":"2025-03-05 18:54:49","updated":"2026-02-04 22:02:43"},"aioseo_breadcrumb":"<div class=\"aioseo-breadcrumbs\"><span class=\"aioseo-breadcrumb\">\n\t<a href=\"https:\/\/soymigrante.com\/revista\" title=\"Home\">Home<\/a>\n<\/span><span class=\"aioseo-breadcrumb-separator\">\u00bb<\/span><span class=\"aioseo-breadcrumb\">\n\t<a href=\"https:\/\/soymigrante.com\/revista\/category\/guate-nuestra\/\" title=\"Guate Nuestra\">Guate Nuestra<\/a>\n<\/span><span class=\"aioseo-breadcrumb-separator\">\u00bb<\/span><span class=\"aioseo-breadcrumb\">\n\tDepartamentos de Guatemala: Suchitep\u00e9quez es llamado la Tierra del Venado\n<\/span><\/div>","aioseo_breadcrumb_json":[{"label":"Home","link":"https:\/\/soymigrante.com\/revista"},{"label":"Guate Nuestra","link":"https:\/\/soymigrante.com\/revista\/category\/guate-nuestra\/"},{"label":"Departamentos de Guatemala: Suchitep\u00e9quez es llamado la Tierra del Venado","link":"https:\/\/soymigrante.com\/revista\/departamentos-de-guatemala-suchitepequez-es-llamado-la-tierra-del-venado\/"}],"_links":{"self":[{"href":"https:\/\/soymigrante.com\/revista\/wp-json\/wp\/v2\/posts\/27131","targetHints":{"allow":["GET"]}}],"collection":[{"href":"https:\/\/soymigrante.com\/revista\/wp-json\/wp\/v2\/posts"}],"about":[{"href":"https:\/\/soymigrante.com\/revista\/wp-json\/wp\/v2\/types\/post"}],"author":[{"embeddable":true,"href":"https:\/\/soymigrante.com\/revista\/wp-json\/wp\/v2\/users\/19"}],"replies":[{"embeddable":true,"href":"https:\/\/soymigrante.com\/revista\/wp-json\/wp\/v2\/comments?post=27131"}],"version-history":[{"count":0,"href":"https:\/\/soymigrante.com\/revista\/wp-json\/wp\/v2\/posts\/27131\/revisions"}],"wp:featuredmedia":[{"embeddable":true,"href":"https:\/\/soymigrante.com\/revista\/wp-json\/wp\/v2\/media\/27363"}],"wp:attachment":[{"href":"https:\/\/soymigrante.com\/revista\/wp-json\/wp\/v2\/media?parent=27131"}],"wp:term":[{"taxonomy":"category","embeddable":true,"href":"https:\/\/soymigrante.com\/revista\/wp-json\/wp\/v2\/categories?post=27131"},{"taxonomy":"post_tag","embeddable":true,"href":"https:\/\/soymigrante.com\/revista\/wp-json\/wp\/v2\/tags?post=27131"}],"curies":[{"name":"wp","href":"https:\/\/api.w.org\/{rel}","templated":true}]}}