{"id":27114,"date":"2025-03-06T06:30:00","date_gmt":"2025-03-06T12:30:00","guid":{"rendered":"https:\/\/soymigrante.com\/revista\/?p=27114"},"modified":"2025-05-27T16:14:33","modified_gmt":"2025-05-27T22:14:33","slug":"jose-luis-conguache-impulsa-los-idiomas-mayas-a-traves-de-libros-infantiles","status":"publish","type":"post","link":"https:\/\/soymigrante.com\/revista\/jose-luis-conguache-impulsa-los-idiomas-mayas-a-traves-de-libros-infantiles\/","title":{"rendered":"Jos\u00e9 Luis Conguache impulsa los idiomas mayas a trav\u00e9s de libros infantiles"},"content":{"rendered":"\t\t<div data-elementor-type=\"wp-post\" data-elementor-id=\"27114\" class=\"elementor elementor-27114\" data-elementor-post-type=\"post\">\n\t\t\t\t<div data-particle_enable=\"false\" data-particle-mobile-disabled=\"false\" class=\"elementor-element elementor-element-03bd0fd e-flex e-con-boxed e-con e-parent\" data-id=\"03bd0fd\" data-element_type=\"container\" data-e-type=\"container\">\n\t\t\t\t\t<div class=\"e-con-inner\">\n\t\t\t\t<div class=\"elementor-element elementor-element-0b1b1fc elementor-widget elementor-widget-heading\" data-id=\"0b1b1fc\" data-element_type=\"widget\" data-e-type=\"widget\" data-widget_type=\"heading.default\">\n\t\t\t\t\t<h2 class=\"elementor-heading-title elementor-size-default\">Jose Luis Conguahe es un ling\u00fcista y emprendedor maya pocomam que a trav\u00e9s de la tecnolog\u00eda y la educaci\u00f3n busca preservar los idiomas mayas. Ha desarrollado una serie de libros infantiles para impulsarlos entre las nuevas generaciones.\n<\/h2>\t\t\t\t<\/div>\n\t\t\t\t\t<\/div>\n\t\t\t\t<\/div>\n\t\t<div data-particle_enable=\"false\" data-particle-mobile-disabled=\"false\" class=\"elementor-element elementor-element-ff583e1 e-flex e-con-boxed e-con e-parent\" data-id=\"ff583e1\" data-element_type=\"container\" data-e-type=\"container\">\n\t\t\t\t\t<div class=\"e-con-inner\">\n\t\t\t\t<div class=\"elementor-element elementor-element-94a8135 elementor-widget elementor-widget-text-editor\" data-id=\"94a8135\" data-element_type=\"widget\" data-e-type=\"widget\" data-widget_type=\"text-editor.default\">\n\t\t\t\t\t\t\t\t\t<p>Desde 2013, Jos\u00e9 Luis Conguache, ling\u00fcista y emprendedor maya <a href=\"https:\/\/soymigrante.com\/revista\/pueblo-poqomam-los-nietos-de-la-luna-estan-presentes-en-4-territorios\/\">poqomam<\/a>, ha dedicado su vida a la preservaci\u00f3n y promoci\u00f3n de los idiomas mayas. Su labor comenz\u00f3 con una iniciativa en Facebook, donde compart\u00eda textos que permitieran a las personas conocer m\u00e1s sobre su cultura y su lengua materna.<\/p><p>Con el tiempo, esta idea evolucion\u00f3 hasta convertirse en un proyecto cultural s\u00f3lido, enfocado en la creaci\u00f3n y difusi\u00f3n de vocabularios y libros educativos. Se trata de ediciones con simp\u00e1ticas ilustraciones para presentar vocablos tem\u00e1ticos en varios idiomas mayas como <a href=\"https:\/\/soymigrante.com\/revista\/pueblo-qeqchi-es-el-idioma-maya-con-mayor-cifra-de-hablantes\/\">q&#8217;eqchi<\/a>, <a href=\"https:\/\/soymigrante.com\/revista\/el-pueblo-qanjobal-tiene-el-corazon-en-jolom-konob\/\">q&#8217;anjob&#8217;al,<\/a> <a href=\"https:\/\/soymigrante.com\/revista\/el-pueblo-kiche-es-heredero-y-continuador-de-la-tradicion-del-popol-vuh\/\">k&#8217;iche&#8217;<\/a>, <a href=\"https:\/\/soymigrante.com\/revista\/pueblo-poqomam-los-nietos-de-la-luna-estan-presentes-en-4-territorios\/\">poqomam<\/a> y otros m\u00e1s.<\/p>\t\t\t\t\t\t\t\t<\/div>\n\t\t\t\t\t<\/div>\n\t\t\t\t<\/div>\n\t\t<div data-particle_enable=\"false\" data-particle-mobile-disabled=\"false\" class=\"elementor-element elementor-element-cb41d86 e-flex e-con-boxed e-con e-parent\" data-id=\"cb41d86\" data-element_type=\"container\" data-e-type=\"container\">\n\t\t\t\t\t<div class=\"e-con-inner\">\n\t\t\t\t<div class=\"elementor-element elementor-element-b78b71d elementor-widget elementor-widget-text-editor\" data-id=\"b78b71d\" data-element_type=\"widget\" data-e-type=\"widget\" data-widget_type=\"text-editor.default\">\n\t\t\t\t\t\t\t\t\t<p>La tienda digital de <a href=\"https:\/\/soymigrante.com\/mercado\/marketplace\/seller\/profile\/nim-balam\" target=\"_blank\" rel=\"noopener\">Nim B&#8217;alam<\/a> ya est\u00e1 abierta en <a href=\"https:\/\/soymigrante.com\/mercado\/\" target=\"_blank\" rel=\"noopener\">SoyMigrante.com MERCADO<\/a>, la comunidad en l\u00ednea creada para que emprendedores y compradores guatemaltecos se encuentren: un proyecto activo, proactivo e innovador para peque\u00f1os negocios y creadores de productos elaborados a mano, detr\u00e1s de los cuales siempre hay una historia. Y esta es la historia de <a href=\"https:\/\/soymigrante.com\/mercado\/marketplace\/seller\/profile\/nim-balam\" target=\"_blank\" rel=\"noopener\">Nim B&#8217;alam.<\/a><\/p>\t\t\t\t\t\t\t\t<\/div>\n\t\t\t\t\t<\/div>\n\t\t\t\t<\/div>\n\t\t<div data-particle_enable=\"false\" data-particle-mobile-disabled=\"false\" class=\"elementor-element elementor-element-76c0e8c e-flex e-con-boxed e-con e-parent\" data-id=\"76c0e8c\" data-element_type=\"container\" data-e-type=\"container\">\n\t\t\t\t\t<div class=\"e-con-inner\">\n\t\t\t\t<div class=\"elementor-element elementor-element-0e04cc9 elementor-widget elementor-widget-image\" data-id=\"0e04cc9\" data-element_type=\"widget\" data-e-type=\"widget\" data-widget_type=\"image.default\">\n\t\t\t\t\t\t\t\t\t\t\t\t<figure class=\"wp-caption\">\n\t\t\t\t\t\t\t\t\t\t\t<a href=\"https:\/\/soymigrante.com\/mercado\/marketplace\/seller\/profile\/nim-balam\">\n\t\t\t\t\t\t\t<img fetchpriority=\"high\" decoding=\"async\" width=\"768\" height=\"323\" src=\"https:\/\/soymigrante.com\/revista\/wp-content\/uploads\/2025\/03\/Jose\u0301-Luis-Conguache-1-1024x431.png\" class=\"attachment-large size-large wp-image-27117\" alt=\"Jos\u00e9 Luis Conguache: el emprendedor que preserva los idiomas mayas est\u00e1 en MERCADO\" srcset=\"https:\/\/soymigrante.com\/revista\/wp-content\/uploads\/2025\/03\/Jose\u0301-Luis-Conguache-1-1024x431.png 1024w, https:\/\/soymigrante.com\/revista\/wp-content\/uploads\/2025\/03\/Jose\u0301-Luis-Conguache-1-300x126.png 300w, https:\/\/soymigrante.com\/revista\/wp-content\/uploads\/2025\/03\/Jose\u0301-Luis-Conguache-1-768x323.png 768w, https:\/\/soymigrante.com\/revista\/wp-content\/uploads\/2025\/03\/Jose\u0301-Luis-Conguache-1-750x315.webp 750w, https:\/\/soymigrante.com\/revista\/wp-content\/uploads\/2025\/03\/Jose\u0301-Luis-Conguache-1-1140x480.webp 1140w, https:\/\/soymigrante.com\/revista\/wp-content\/uploads\/2025\/03\/Jose\u0301-Luis-Conguache-1.webp 1512w\" sizes=\"(max-width: 768px) 100vw, 768px\" title=\"Jose\u0301 Luis Conguache 1 \u2013 SoyMigrante.com REVISTA\" \/>\t\t\t\t\t\t\t\t<\/a>\n\t\t\t\t\t\t\t\t\t\t\t<figcaption class=\"widget-image-caption wp-caption-text\">La tienda se encuentra en MERCADO y tiene m\u00e1s de 15 libros. (Foto: Captura de pantalla)<\/figcaption>\n\t\t\t\t\t\t\t\t\t\t<\/figure>\n\t\t\t\t\t\t\t\t\t<\/div>\n\t\t\t\t\t<\/div>\n\t\t\t\t<\/div>\n\t\t<div data-particle_enable=\"false\" data-particle-mobile-disabled=\"false\" class=\"elementor-element elementor-element-2ac6966 e-flex e-con-boxed e-con e-parent\" data-id=\"2ac6966\" data-element_type=\"container\" data-e-type=\"container\">\n\t\t\t\t\t<div class=\"e-con-inner\">\n\t\t\t\t<div class=\"elementor-element elementor-element-ecd8079 elementor-widget elementor-widget-heading\" data-id=\"ecd8079\" data-element_type=\"widget\" data-e-type=\"widget\" data-widget_type=\"heading.default\">\n\t\t\t\t\t<h3 class=\"elementor-heading-title elementor-size-default\">Un legado ling\u00fc\u00edstico en cada palabra<\/h3>\t\t\t\t<\/div>\n\t\t\t\t\t<\/div>\n\t\t\t\t<\/div>\n\t\t<div data-particle_enable=\"false\" data-particle-mobile-disabled=\"false\" class=\"elementor-element elementor-element-5059da3 e-flex e-con-boxed e-con e-parent\" data-id=\"5059da3\" data-element_type=\"container\" data-e-type=\"container\">\n\t\t\t\t\t<div class=\"e-con-inner\">\n\t\t\t\t<div class=\"elementor-element elementor-element-4fff677 elementor-widget elementor-widget-text-editor\" data-id=\"4fff677\" data-element_type=\"widget\" data-e-type=\"widget\" data-widget_type=\"text-editor.default\">\n\t\t\t\t\t\t\t\t\t<p>Maestro de profesi\u00f3n, Conguache comprendi\u00f3 la necesidad de materiales did\u00e1cticos accesibles para la ense\u00f1anza de los idiomas mayas. Su pasi\u00f3n lo llev\u00f3 a desarrollar los primeros vocabularios en distintas lenguas, con el objetivo de que docentes y estudiantes los utilizaran en el aula.<\/p><p>No conforme con la versi\u00f3n impresa, integr\u00f3 c\u00f3digos QR en sus textos, permitiendo que los lectores accedan a audios en l\u00ednea y aprendan la correcta pronunciaci\u00f3n de los sonidos de las palabras en idiomas mayas. Ese material est\u00e1 dispnible ahora en la tienda digital\u00a0<a href=\"https:\/\/soymigrante.com\/mercado\/marketplace\/seller\/profile\/nim-balam\" target=\"_blank\" rel=\"noopener\">Nim B&#8217;alam<\/a>.<\/p>\t\t\t\t\t\t\t\t<\/div>\n\t\t\t\t\t<\/div>\n\t\t\t\t<\/div>\n\t\t<div data-particle_enable=\"false\" data-particle-mobile-disabled=\"false\" class=\"elementor-element elementor-element-317f30e e-flex e-con-boxed e-con e-parent\" data-id=\"317f30e\" data-element_type=\"container\" data-e-type=\"container\">\n\t\t\t\t\t<div class=\"e-con-inner\">\n\t\t\t\t<div class=\"elementor-element elementor-element-7ceb9ec elementor-widget elementor-widget-image\" data-id=\"7ceb9ec\" data-element_type=\"widget\" data-e-type=\"widget\" data-widget_type=\"image.default\">\n\t\t\t\t\t\t\t\t\t\t\t\t<figure class=\"wp-caption\">\n\t\t\t\t\t\t\t\t\t\t\t<a href=\"https:\/\/soymigrante.com\/mercado\/marketplace\/seller\/profile\/nim-balam\">\n\t\t\t\t\t\t\t<img decoding=\"async\" width=\"768\" height=\"533\" src=\"https:\/\/soymigrante.com\/revista\/wp-content\/uploads\/2025\/03\/Jose\u0301-Luis-Conguache-2-1024x710.png\" class=\"attachment-large size-large wp-image-27118\" alt=\"Jos\u00e9 Luis Conguache: el emprendedor que preserva los idiomas mayas est\u00e1 en MERCADO\" srcset=\"https:\/\/soymigrante.com\/revista\/wp-content\/uploads\/2025\/03\/Jose\u0301-Luis-Conguache-2-1024x710.png 1024w, https:\/\/soymigrante.com\/revista\/wp-content\/uploads\/2025\/03\/Jose\u0301-Luis-Conguache-2-300x208.png 300w, https:\/\/soymigrante.com\/revista\/wp-content\/uploads\/2025\/03\/Jose\u0301-Luis-Conguache-2-768x532.png 768w, https:\/\/soymigrante.com\/revista\/wp-content\/uploads\/2025\/03\/Jose\u0301-Luis-Conguache-2-750x520.webp 750w, https:\/\/soymigrante.com\/revista\/wp-content\/uploads\/2025\/03\/Jose\u0301-Luis-Conguache-2-1140x790.webp 1140w, https:\/\/soymigrante.com\/revista\/wp-content\/uploads\/2025\/03\/Jose\u0301-Luis-Conguache-2.webp 1264w\" sizes=\"(max-width: 768px) 100vw, 768px\" title=\"Jose\u0301 Luis Conguache 2 \u2013 SoyMigrante.com REVISTA\" \/>\t\t\t\t\t\t\t\t<\/a>\n\t\t\t\t\t\t\t\t\t\t\t<figcaption class=\"widget-image-caption wp-caption-text\">Los libros van desde los usados en escuelas, hasta los que son vocabularios. (Foto: Captura de pantalla)<\/figcaption>\n\t\t\t\t\t\t\t\t\t\t<\/figure>\n\t\t\t\t\t\t\t\t\t<\/div>\n\t\t\t\t\t<\/div>\n\t\t\t\t<\/div>\n\t\t<div data-particle_enable=\"false\" data-particle-mobile-disabled=\"false\" class=\"elementor-element elementor-element-443057e e-flex e-con-boxed e-con e-parent\" data-id=\"443057e\" data-element_type=\"container\" data-e-type=\"container\">\n\t\t\t\t\t<div class=\"e-con-inner\">\n\t\t\t\t<div class=\"elementor-element elementor-element-af5d351 elementor-widget elementor-widget-text-editor\" data-id=\"af5d351\" data-element_type=\"widget\" data-e-type=\"widget\" data-widget_type=\"text-editor.default\">\n\t\t\t\t\t\t\t\t\t<p>\u201cCreo que siento una alegr\u00eda, una inspiraci\u00f3n personal, porque es dejar una huella y una raz\u00f3n de nuestra existencia\u201d, expresa Conguache, resaltando la importancia de preservar las lenguas mayas en un mundo donde cada vez se habla menos.<\/p>\t\t\t\t\t\t\t\t<\/div>\n\t\t\t\t\t<\/div>\n\t\t\t\t<\/div>\n\t\t<div data-particle_enable=\"false\" data-particle-mobile-disabled=\"false\" class=\"elementor-element elementor-element-cea145e e-flex e-con-boxed e-con e-parent\" data-id=\"cea145e\" data-element_type=\"container\" data-e-type=\"container\">\n\t\t\t\t\t<div class=\"e-con-inner\">\n\t\t\t\t<div class=\"elementor-element elementor-element-9680c55 elementor-widget elementor-widget-heading\" data-id=\"9680c55\" data-element_type=\"widget\" data-e-type=\"widget\" data-widget_type=\"heading.default\">\n\t\t\t\t\t<h3 class=\"elementor-heading-title elementor-size-default\">De las redes sociales a las aulas<\/h3>\t\t\t\t<\/div>\n\t\t\t\t\t<\/div>\n\t\t\t\t<\/div>\n\t\t<div data-particle_enable=\"false\" data-particle-mobile-disabled=\"false\" class=\"elementor-element elementor-element-3f216a1 e-flex e-con-boxed e-con e-parent\" data-id=\"3f216a1\" data-element_type=\"container\" data-e-type=\"container\">\n\t\t\t\t\t<div class=\"e-con-inner\">\n\t\t\t\t<div class=\"elementor-element elementor-element-abd49e5 elementor-widget elementor-widget-text-editor\" data-id=\"abd49e5\" data-element_type=\"widget\" data-e-type=\"widget\" data-widget_type=\"text-editor.default\">\n\t\t\t\t\t\t\t\t\t<div>Gracias a la difusi\u00f3n de su trabajo en redes sociales, sus materiales han llegado a diversas escuelas, desde nivel primario hasta la educaci\u00f3n superior. Los vocabularios que ha desarrollado incluyen idiomas como:<\/div><div>\u2022Kanjobal<\/div><div>\u2022Q\u2019eqchi\u2019<\/div><div>\u2022Pocomam<\/div><div>\u2022K\u2019iche\u2019<\/div><div>\u2022Kaqchikel<\/div><div>\u2022Mam<\/div><div>\u00a0<\/div><div>De todos ellos, el que m\u00e1s lo ha inspirado es el pocomam, pues ha servido de base para la elaboraci\u00f3n de los dem\u00e1s textos.\u00a0<\/div>\t\t\t\t\t\t\t\t<\/div>\n\t\t\t\t\t<\/div>\n\t\t\t\t<\/div>\n\t\t<div data-particle_enable=\"false\" data-particle-mobile-disabled=\"false\" class=\"elementor-element elementor-element-60a7acd e-flex e-con-boxed e-con e-parent\" data-id=\"60a7acd\" data-element_type=\"container\" data-e-type=\"container\">\n\t\t\t\t\t<div class=\"e-con-inner\">\n\t\t\t\t<div class=\"elementor-element elementor-element-f29c6a7 elementor-widget elementor-widget-image\" data-id=\"f29c6a7\" data-element_type=\"widget\" data-e-type=\"widget\" data-widget_type=\"image.default\">\n\t\t\t\t\t\t\t\t\t\t\t\t<figure class=\"wp-caption\">\n\t\t\t\t\t\t\t\t\t\t\t<a href=\"https:\/\/soymigrante.com\/mercado\/marketplace\/seller\/profile\/nim-balam\">\n\t\t\t\t\t\t\t<img decoding=\"async\" width=\"768\" height=\"432\" src=\"https:\/\/soymigrante.com\/revista\/wp-content\/uploads\/2025\/03\/Jose\u0301-Luis-Conguache-2-1024x576.jpeg\" class=\"attachment-large size-large wp-image-27119\" alt=\"Jos\u00e9 Luis Conguache: el emprendedor que preserva los idiomas mayas est\u00e1 en MERCADO\" srcset=\"https:\/\/soymigrante.com\/revista\/wp-content\/uploads\/2025\/03\/Jose\u0301-Luis-Conguache-2-1024x576.jpeg 1024w, https:\/\/soymigrante.com\/revista\/wp-content\/uploads\/2025\/03\/Jose\u0301-Luis-Conguache-2-300x169.jpeg 300w, https:\/\/soymigrante.com\/revista\/wp-content\/uploads\/2025\/03\/Jose\u0301-Luis-Conguache-2-768x432.jpeg 768w, https:\/\/soymigrante.com\/revista\/wp-content\/uploads\/2025\/03\/Jose\u0301-Luis-Conguache-2-1536x864.jpeg 1536w, https:\/\/soymigrante.com\/revista\/wp-content\/uploads\/2025\/03\/Jose\u0301-Luis-Conguache-2-750x422.jpeg 750w, https:\/\/soymigrante.com\/revista\/wp-content\/uploads\/2025\/03\/Jose\u0301-Luis-Conguache-2-1140x641.jpeg 1140w, https:\/\/soymigrante.com\/revista\/wp-content\/uploads\/2025\/03\/Jose\u0301-Luis-Conguache-2.jpeg 1600w\" sizes=\"(max-width: 768px) 100vw, 768px\" title=\"Jose\u0301 Luis Conguache 2 \u2013 SoyMigrante.com REVISTA\" \/>\t\t\t\t\t\t\t\t<\/a>\n\t\t\t\t\t\t\t\t\t\t\t<figcaption class=\"widget-image-caption wp-caption-text\">Los libros son accesibles y f\u00e1ciles de comprender. (Foto: Cortes\u00eda Jos\u00e9 Luis Conguache)<\/figcaption>\n\t\t\t\t\t\t\t\t\t\t<\/figure>\n\t\t\t\t\t\t\t\t\t<\/div>\n\t\t\t\t\t<\/div>\n\t\t\t\t<\/div>\n\t\t<div data-particle_enable=\"false\" data-particle-mobile-disabled=\"false\" class=\"elementor-element elementor-element-ef7544c e-flex e-con-boxed e-con e-parent\" data-id=\"ef7544c\" data-element_type=\"container\" data-e-type=\"container\">\n\t\t\t\t\t<div class=\"e-con-inner\">\n\t\t\t\t<div class=\"elementor-element elementor-element-0b84c7d elementor-widget elementor-widget-text-editor\" data-id=\"0b84c7d\" data-element_type=\"widget\" data-e-type=\"widget\" data-widget_type=\"text-editor.default\">\n\t\t\t\t\t\t\t\t\t<p>Su objetivo es que cada vez m\u00e1s personas, tanto dentro como fuera de Guatemala, puedan aprender y valorar estos idiomas ancestrales y lo hace por medio de <a href=\"https:\/\/soymigrante.com\/mercado\/marketplace\/seller\/profile\/nim-balam\" target=\"_blank\" rel=\"noopener\">Nim B&#8217;alam.<\/a><\/p>\t\t\t\t\t\t\t\t<\/div>\n\t\t\t\t\t<\/div>\n\t\t\t\t<\/div>\n\t\t<div data-particle_enable=\"false\" data-particle-mobile-disabled=\"false\" class=\"elementor-element elementor-element-56f81b5 e-flex e-con-boxed e-con e-parent\" data-id=\"56f81b5\" data-element_type=\"container\" data-e-type=\"container\">\n\t\t\t\t\t<div class=\"e-con-inner\">\n\t\t\t\t<div class=\"elementor-element elementor-element-7300a6f elementor-widget elementor-widget-heading\" data-id=\"7300a6f\" data-element_type=\"widget\" data-e-type=\"widget\" data-widget_type=\"heading.default\">\n\t\t\t\t\t<h3 class=\"elementor-heading-title elementor-size-default\">Aliados en la multiculturalidad guatemalteca<\/h3>\t\t\t\t<\/div>\n\t\t\t\t\t<\/div>\n\t\t\t\t<\/div>\n\t\t<div data-particle_enable=\"false\" data-particle-mobile-disabled=\"false\" class=\"elementor-element elementor-element-78eb6bf e-flex e-con-boxed e-con e-parent\" data-id=\"78eb6bf\" data-element_type=\"container\" data-e-type=\"container\">\n\t\t\t\t\t<div class=\"e-con-inner\">\n\t\t\t\t<div class=\"elementor-element elementor-element-f46cd6c elementor-widget elementor-widget-text-editor\" data-id=\"f46cd6c\" data-element_type=\"widget\" data-e-type=\"widget\" data-widget_type=\"text-editor.default\">\n\t\t\t\t\t\t\t\t\t<p>Para garantizar la precisi\u00f3n de los materiales, en algunos casos Conguache ha contado con el apoyo de la Academia de Lenguas Mayas de Guatemala, una instituci\u00f3n dedicada a la investigaci\u00f3n y promoci\u00f3n de los idiomas ind\u00edgenas.<\/p><p>Este respaldo ha sido clave para asegurar que sus textos sean herramientas confiables para la ense\u00f1anza.<\/p>\t\t\t\t\t\t\t\t<\/div>\n\t\t\t\t\t<\/div>\n\t\t\t\t<\/div>\n\t\t<div data-particle_enable=\"false\" data-particle-mobile-disabled=\"false\" class=\"elementor-element elementor-element-3ff94f7 e-flex e-con-boxed e-con e-parent\" data-id=\"3ff94f7\" data-element_type=\"container\" data-e-type=\"container\">\n\t\t\t\t\t<div class=\"e-con-inner\">\n\t\t\t\t<div class=\"elementor-element elementor-element-81b0c57 elementor-widget elementor-widget-image\" data-id=\"81b0c57\" data-element_type=\"widget\" data-e-type=\"widget\" data-widget_type=\"image.default\">\n\t\t\t\t\t\t\t\t\t\t\t\t<figure class=\"wp-caption\">\n\t\t\t\t\t\t\t\t\t\t<img loading=\"lazy\" decoding=\"async\" width=\"768\" height=\"418\" src=\"https:\/\/soymigrante.com\/revista\/wp-content\/uploads\/2025\/03\/Jose\u0301-Luis-Conguache3-1024x557.png\" class=\"attachment-large size-large wp-image-27121\" alt=\"Jos\u00e9 Luis Conguache: el emprendedor que preserva los idiomas mayas est\u00e1 en MERCADO\" srcset=\"https:\/\/soymigrante.com\/revista\/wp-content\/uploads\/2025\/03\/Jose\u0301-Luis-Conguache3-1024x557.png 1024w, https:\/\/soymigrante.com\/revista\/wp-content\/uploads\/2025\/03\/Jose\u0301-Luis-Conguache3-300x163.png 300w, https:\/\/soymigrante.com\/revista\/wp-content\/uploads\/2025\/03\/Jose\u0301-Luis-Conguache3-768x418.png 768w, https:\/\/soymigrante.com\/revista\/wp-content\/uploads\/2025\/03\/Jose\u0301-Luis-Conguache3-750x408.png 750w, https:\/\/soymigrante.com\/revista\/wp-content\/uploads\/2025\/03\/Jose\u0301-Luis-Conguache3-1140x621.png 1140w, https:\/\/soymigrante.com\/revista\/wp-content\/uploads\/2025\/03\/Jose\u0301-Luis-Conguache3.png 1330w\" sizes=\"(max-width: 768px) 100vw, 768px\" title=\"Jose\u0301 Luis Conguache3 \u2013 SoyMigrante.com REVISTA\" \/>\t\t\t\t\t\t\t\t\t\t\t<figcaption class=\"widget-image-caption wp-caption-text\">Los libros son aptos para ni\u00f1os y adultos. (Foto: Captura de pantalla)<\/figcaption>\n\t\t\t\t\t\t\t\t\t\t<\/figure>\n\t\t\t\t\t\t\t\t\t<\/div>\n\t\t\t\t\t<\/div>\n\t\t\t\t<\/div>\n\t\t<div data-particle_enable=\"false\" data-particle-mobile-disabled=\"false\" class=\"elementor-element elementor-element-730f8b5 e-flex e-con-boxed e-con e-parent\" data-id=\"730f8b5\" data-element_type=\"container\" data-e-type=\"container\">\n\t\t\t\t\t<div class=\"e-con-inner\">\n\t\t\t\t<div class=\"elementor-element elementor-element-9be15c0 elementor-widget elementor-widget-text-editor\" data-id=\"9be15c0\" data-element_type=\"widget\" data-e-type=\"widget\" data-widget_type=\"text-editor.default\">\n\t\t\t\t\t\t\t\t\t<p>\u201cEs una satisfacci\u00f3n personal y me siento satisfecho de que se promuevan los idiomas a trav\u00e9s de mis textos\u201d, afirma el emprendedor, destacando el impacto positivo que ha logrado en la educaci\u00f3n y la identidad cultural de muchas comunidades.<\/p><p>Con cada libro, cada publicaci\u00f3n y cada c\u00f3digo QR, Jos\u00e9 Luis Conguache deja un legado ling\u00fc\u00edstico invaluable. <\/p>\t\t\t\t\t\t\t\t<\/div>\n\t\t\t\t\t<\/div>\n\t\t\t\t<\/div>\n\t\t<div data-particle_enable=\"false\" data-particle-mobile-disabled=\"false\" class=\"elementor-element elementor-element-40bb5a5 e-flex e-con-boxed e-con e-parent\" data-id=\"40bb5a5\" data-element_type=\"container\" data-e-type=\"container\">\n\t\t\t\t\t<div class=\"e-con-inner\">\n\t\t\t\t<div class=\"elementor-element elementor-element-b9e7d3b elementor-widget elementor-widget-text-editor\" data-id=\"b9e7d3b\" data-element_type=\"widget\" data-e-type=\"widget\" data-widget_type=\"text-editor.default\">\n\t\t\t\t\t\t\t\t\t<p>Su trabajo no solo rescata palabras, sino que tambi\u00e9n fortalece el sentido de pertenencia y orgullo en las nuevas generaciones de hablantes de idiomas mayas.<\/p>\t\t\t\t\t\t\t\t<\/div>\n\t\t\t\t\t<\/div>\n\t\t\t\t<\/div>\n\t\t<div data-particle_enable=\"false\" data-particle-mobile-disabled=\"false\" class=\"elementor-element elementor-element-00281f0 e-flex e-con-boxed e-con e-parent\" data-id=\"00281f0\" data-element_type=\"container\" data-e-type=\"container\">\n\t\t\t\t\t<div class=\"e-con-inner\">\n\t\t\t\t<div class=\"elementor-element elementor-element-28eebd7 elementor-widget elementor-widget-heading\" data-id=\"28eebd7\" data-element_type=\"widget\" data-e-type=\"widget\" data-widget_type=\"heading.default\">\n\t\t\t\t\t<h3 class=\"elementor-heading-title elementor-size-default\">M\u00e1s sobre la riqueza multicultural de Guatemala<\/h3>\t\t\t\t<\/div>\n\t\t\t\t\t<\/div>\n\t\t\t\t<\/div>\n\t\t<div data-particle_enable=\"false\" data-particle-mobile-disabled=\"false\" class=\"elementor-element elementor-element-eeda434 e-flex e-con-boxed e-con e-parent\" data-id=\"eeda434\" data-element_type=\"container\" data-e-type=\"container\">\n\t\t\t\t\t<div class=\"e-con-inner\">\n\t\t\t\t<div class=\"elementor-element elementor-element-cf4d8bd elementor-widget elementor-widget-blfe-post-grid\" data-id=\"cf4d8bd\" data-element_type=\"widget\" data-e-type=\"widget\" data-settings=\"{&quot;columns&quot;:&quot;3&quot;,&quot;columns_tablet&quot;:&quot;6&quot;,&quot;columns_mobile&quot;:&quot;12&quot;,&quot;classic1_layout_column_gap&quot;:{&quot;unit&quot;:&quot;px&quot;,&quot;size&quot;:30,&quot;sizes&quot;:[]},&quot;classic1_layout_column_gap_tablet&quot;:{&quot;unit&quot;:&quot;px&quot;,&quot;size&quot;:&quot;&quot;,&quot;sizes&quot;:[]},&quot;classic1_layout_column_gap_mobile&quot;:{&quot;unit&quot;:&quot;px&quot;,&quot;size&quot;:&quot;&quot;,&quot;sizes&quot;:[]},&quot;classic1_layout_row_gap&quot;:{&quot;unit&quot;:&quot;px&quot;,&quot;size&quot;:30,&quot;sizes&quot;:[]},&quot;classic1_layout_row_gap_tablet&quot;:{&quot;unit&quot;:&quot;px&quot;,&quot;size&quot;:&quot;&quot;,&quot;sizes&quot;:[]},&quot;classic1_layout_row_gap_mobile&quot;:{&quot;unit&quot;:&quot;px&quot;,&quot;size&quot;:&quot;&quot;,&quot;sizes&quot;:[]}}\" data-widget_type=\"blfe-post-grid.classic1\">\n\t\t\t\t<div class=\"elementor-widget-container\">\n\t\t\t\t\t\n                        <div class=\"blfe-post-grid-container \">\n            \n                <div data-skin=\"classic1\" class=\"blfe-row blfe-posts-inner blfe-classic1 blfe-posts-inner blfe-col-3 blfe-col-tab-6 blfe-col-mob-12     \">\n                            <div class=\"blfe-post-grid-item \">\n            <div class=\"blfe-post-grid-item-inner blfe-modern-zoom\">\n                <a class=\"blfe-post-grid-image\" href=\"https:\/\/soymigrante.com\/revista\/tzunun-tzii-es-el-nombre-prehispanico-del-pueblo-uspanteko-y-su-nahual-es-un-colibri\/\" title=\"Tz&#8217;unun Tziij es el nombre prehisp\u00e1nico del pueblo Uspanteko y su nahual es un colibr\u00ed\" rel=\"nofollow\" target=\"_blank\"><img decoding=\"async\" src=\"https:\/\/soymigrante.com\/revista\/wp-content\/uploads\/2024\/09\/uspanteko.webp\" alt=\"Tz&#8217;unun Tziij es el nombre prehisp\u00e1nico del pueblo Uspanteko y su nahual es un colibr\u00ed\"\/><\/a>                <span class=\"blfe-post-category\"><a href=\"https:\/\/soymigrante.com\/revista\/category\/guate-nuestra\/pueblos-de-guatemala\/\">Pueblos de Guatemala<\/a><\/span>                <div class=\"blfe-post-grid-details\">\n                    <div class=\"blfe-post-grid-details-inner\">\n                        <h3 class=\"blfe-post-grid-title\">\n            <a href=\"https:\/\/soymigrante.com\/revista\/tzunun-tzii-es-el-nombre-prehispanico-del-pueblo-uspanteko-y-su-nahual-es-un-colibri\/\" title=\"Tz&#8217;unun Tziij es el nombre prehisp\u00e1nico del pueblo Uspanteko y su nahual es un colibr\u00ed\" rel=\"nofollow\" target=\"_blank\">Tz&#8217;unun Tziij es el nombre prehisp\u00e1nico del pueblo Uspanteko y su nahual es un colibr\u00ed<\/a>\n            <\/h3>                        <p class=\"blfe-post-grid-excerpt\">Los Uspantekos resistieron seis a\u00f1os la invasi\u00f3n de los espa\u00f1oles a los cuales derrotaban con apoyo de guerreros Ixil y...<\/p>                                    <div class=\"blfe-post-grid-meta\">\n                <span class=\"blfe-post-grid-author\"><i class=\"fa fa-user far fa-user\"><\/i>by <a href=\"https:\/\/soymigrante.com\/revista\/author\/edwin-castro\/\">Edwin Castro<\/a><\/span><span class=\"blfe-post-grid-date\"><i class=\"fa fa-calendar-alt far fa-calendar-alt\"><\/i>20\/09\/2024<\/span>            <\/div>\n                                                        <\/div>\n                <\/div>\n\n            <\/div>\n        <\/div>\n                <div class=\"blfe-post-grid-item \">\n            <div class=\"blfe-post-grid-item-inner blfe-modern-zoom\">\n                <a class=\"blfe-post-grid-image\" href=\"https:\/\/soymigrante.com\/revista\/el-pueblo-qanjobal-tiene-el-corazon-en-jolom-konob\/\" title=\"El pueblo Q&#8217;anjob&#8217;al tiene una larga historia y el coraz\u00f3n en Jolom Konob&#8217;\" rel=\"nofollow\" target=\"_blank\"><img decoding=\"async\" src=\"https:\/\/soymigrante.com\/revista\/wp-content\/uploads\/2024\/09\/santa-eulalia.webp\" alt=\"El pueblo Q&#8217;anjob&#8217;al tiene una larga historia y el coraz\u00f3n en Jolom Konob&#8217;\"\/><\/a>                <span class=\"blfe-post-category\"><a href=\"https:\/\/soymigrante.com\/revista\/category\/guate-nuestra\/pueblos-de-guatemala\/\">Pueblos de Guatemala<\/a><\/span>                <div class=\"blfe-post-grid-details\">\n                    <div class=\"blfe-post-grid-details-inner\">\n                        <h3 class=\"blfe-post-grid-title\">\n            <a href=\"https:\/\/soymigrante.com\/revista\/el-pueblo-qanjobal-tiene-el-corazon-en-jolom-konob\/\" title=\"El pueblo Q&#8217;anjob&#8217;al tiene una larga historia y el coraz\u00f3n en Jolom Konob&#8217;\" rel=\"nofollow\" target=\"_blank\">El pueblo Q&#8217;anjob&#8217;al tiene una larga historia y el coraz\u00f3n en Jolom Konob&#8217;<\/a>\n            <\/h3>                        <p class=\"blfe-post-grid-excerpt\">Con una historia de m\u00e1s de 2,500 a\u00f1os, el idioma q&#039;anjob&#039;al es hablado por m\u00e1s de 200 mil guatemaltecos en...<\/p>                                    <div class=\"blfe-post-grid-meta\">\n                <span class=\"blfe-post-grid-author\"><i class=\"fa fa-user far fa-user\"><\/i>by <a href=\"https:\/\/soymigrante.com\/revista\/author\/edwin-castro\/\">Edwin Castro<\/a><\/span><span class=\"blfe-post-grid-date\"><i class=\"fa fa-calendar-alt far fa-calendar-alt\"><\/i>20\/09\/2024<\/span>            <\/div>\n                                                        <\/div>\n                <\/div>\n\n            <\/div>\n        <\/div>\n                <div class=\"blfe-post-grid-item \">\n            <div class=\"blfe-post-grid-item-inner blfe-modern-zoom\">\n                <a class=\"blfe-post-grid-image\" href=\"https:\/\/soymigrante.com\/revista\/pueblo-tzutujil-se-cobija-en-el-lago-atitlan-hace-mas-de-7-siglos\/\" title=\"Pueblo Tz&#8217;utujil lleva m\u00e1s de 700 a\u00f1os en las riberas del  lago de Atitl\u00e1n\" rel=\"nofollow\" target=\"_blank\"><img decoding=\"async\" src=\"https:\/\/soymigrante.com\/revista\/wp-content\/uploads\/2024\/09\/tzutujil-2-1.webp\" alt=\"Pueblo Tz&#8217;utujil lleva m\u00e1s de 700 a\u00f1os en las riberas del  lago de Atitl\u00e1n\"\/><\/a>                <span class=\"blfe-post-category\"><a href=\"https:\/\/soymigrante.com\/revista\/category\/guate-nuestra\/pueblos-de-guatemala\/\">Pueblos de Guatemala<\/a><\/span>                <div class=\"blfe-post-grid-details\">\n                    <div class=\"blfe-post-grid-details-inner\">\n                        <h3 class=\"blfe-post-grid-title\">\n            <a href=\"https:\/\/soymigrante.com\/revista\/pueblo-tzutujil-se-cobija-en-el-lago-atitlan-hace-mas-de-7-siglos\/\" title=\"Pueblo Tz&#8217;utujil lleva m\u00e1s de 700 a\u00f1os en las riberas del  lago de Atitl\u00e1n\" rel=\"nofollow\" target=\"_blank\">Pueblo Tz&#8217;utujil lleva m\u00e1s de 700 a\u00f1os en las riberas del  lago de Atitl\u00e1n<\/a>\n            <\/h3>                        <p class=\"blfe-post-grid-excerpt\">El nombre de esta comunidad proviene del t\u00e9rmino Aj tz&#039; utujila&#039; que significa &quot;gente que viene del lugar de la...<\/p>                                    <div class=\"blfe-post-grid-meta\">\n                <span class=\"blfe-post-grid-author\"><i class=\"fa fa-user far fa-user\"><\/i>by <a href=\"https:\/\/soymigrante.com\/revista\/author\/edwin-castro\/\">Edwin Castro<\/a><\/span><span class=\"blfe-post-grid-date\"><i class=\"fa fa-calendar-alt far fa-calendar-alt\"><\/i>20\/09\/2024<\/span>            <\/div>\n                                                        <\/div>\n                <\/div>\n\n            <\/div>\n        <\/div>\n                <div class=\"blfe-post-grid-item \">\n            <div class=\"blfe-post-grid-item-inner blfe-modern-zoom\">\n                <a class=\"blfe-post-grid-image\" href=\"https:\/\/soymigrante.com\/revista\/etnias-de-guatemala-los-achi\/\" title=\"El pueblo Achi&#8217; es descendiente de los se\u00f1ores Rabinaleb\" rel=\"nofollow\" target=\"_blank\"><img decoding=\"async\" src=\"https:\/\/soymigrante.com\/revista\/wp-content\/uploads\/2024\/08\/Achi-14-La-Conquista-e1724976866589.webp\" alt=\"El pueblo Achi&#8217; es descendiente de los se\u00f1ores Rabinaleb\"\/><\/a>                <span class=\"blfe-post-category\"><a href=\"https:\/\/soymigrante.com\/revista\/category\/guate-nuestra\/pueblos-de-guatemala\/\">Pueblos de Guatemala<\/a><\/span>                <div class=\"blfe-post-grid-details\">\n                    <div class=\"blfe-post-grid-details-inner\">\n                        <h3 class=\"blfe-post-grid-title\">\n            <a href=\"https:\/\/soymigrante.com\/revista\/etnias-de-guatemala-los-achi\/\" title=\"El pueblo Achi&#8217; es descendiente de los se\u00f1ores Rabinaleb\" rel=\"nofollow\" target=\"_blank\">El pueblo Achi&#8217; es descendiente de los se\u00f1ores Rabinaleb<\/a>\n            <\/h3>                        <p class=\"blfe-post-grid-excerpt\">Descendientes de los antiguos K&#039;iche&#039; Ach\u00ed o Rabinaleb, este pueblo resguarda una de las m\u00e1s exquisitas tradiciones mayas de Guatemala:...<\/p>                                    <div class=\"blfe-post-grid-meta\">\n                <span class=\"blfe-post-grid-author\"><i class=\"fa fa-user far fa-user\"><\/i>by <a href=\"https:\/\/soymigrante.com\/revista\/author\/edwin-castro\/\">Edwin Castro<\/a><\/span><span class=\"blfe-post-grid-date\"><i class=\"fa fa-calendar-alt far fa-calendar-alt\"><\/i>20\/09\/2024<\/span>            <\/div>\n                                                        <\/div>\n                <\/div>\n\n            <\/div>\n        <\/div>\n                <div class=\"blfe-post-grid-item \">\n            <div class=\"blfe-post-grid-item-inner blfe-modern-zoom\">\n                <a class=\"blfe-post-grid-image\" href=\"https:\/\/soymigrante.com\/revista\/pueblo-sakapulteko-se-concentro-en-tajul-hace-mil-anos\/\" title=\"Pueblo Sakapulteko se concentr\u00f3 en la gran Tujaal hace mil a\u00f1os\" rel=\"nofollow\" target=\"_blank\"><img decoding=\"async\" src=\"https:\/\/soymigrante.com\/revista\/wp-content\/uploads\/2024\/09\/sakapulteko.webp\" alt=\"Pueblo Sakapulteko se concentr\u00f3 en la gran Tujaal hace mil a\u00f1os\"\/><\/a>                <span class=\"blfe-post-category\"><a href=\"https:\/\/soymigrante.com\/revista\/category\/guate-nuestra\/pueblos-de-guatemala\/\">Pueblos de Guatemala<\/a><\/span>                <div class=\"blfe-post-grid-details\">\n                    <div class=\"blfe-post-grid-details-inner\">\n                        <h3 class=\"blfe-post-grid-title\">\n            <a href=\"https:\/\/soymigrante.com\/revista\/pueblo-sakapulteko-se-concentro-en-tajul-hace-mil-anos\/\" title=\"Pueblo Sakapulteko se concentr\u00f3 en la gran Tujaal hace mil a\u00f1os\" rel=\"nofollow\" target=\"_blank\">Pueblo Sakapulteko se concentr\u00f3 en la gran Tujaal hace mil a\u00f1os<\/a>\n            <\/h3>                        <p class=\"blfe-post-grid-excerpt\">En antiguas pozas de agua caliente de Sacapulas, Quich\u00e9, el sakapulteko se sumerge y se da ba\u00f1os para purificar el...<\/p>                                    <div class=\"blfe-post-grid-meta\">\n                <span class=\"blfe-post-grid-author\"><i class=\"fa fa-user far fa-user\"><\/i>by <a href=\"https:\/\/soymigrante.com\/revista\/author\/edwin-castro\/\">Edwin Castro<\/a><\/span><span class=\"blfe-post-grid-date\"><i class=\"fa fa-calendar-alt far fa-calendar-alt\"><\/i>20\/09\/2024<\/span>            <\/div>\n                                                        <\/div>\n                <\/div>\n\n            <\/div>\n        <\/div>\n                <div class=\"blfe-post-grid-item \">\n            <div class=\"blfe-post-grid-item-inner blfe-modern-zoom\">\n                <a class=\"blfe-post-grid-image\" href=\"https:\/\/soymigrante.com\/revista\/el-pueblo-kiche-es-heredero-y-continuador-de-la-tradicion-del-popol-vuh\/\" title=\"El pueblo K&#8217;iche&#8217; es heredero y continuador de la tradici\u00f3n del Popol Vuh\" rel=\"nofollow\" target=\"_blank\"><img decoding=\"async\" src=\"https:\/\/soymigrante.com\/revista\/wp-content\/uploads\/2024\/09\/pueblo-kiche.webp\" alt=\"El pueblo K&#8217;iche&#8217; es heredero y continuador de la tradici\u00f3n del Popol Vuh\"\/><\/a>                <span class=\"blfe-post-category\"><a href=\"https:\/\/soymigrante.com\/revista\/category\/guate-nuestra\/pueblos-de-guatemala\/\">Pueblos de Guatemala<\/a><\/span>                <div class=\"blfe-post-grid-details\">\n                    <div class=\"blfe-post-grid-details-inner\">\n                        <h3 class=\"blfe-post-grid-title\">\n            <a href=\"https:\/\/soymigrante.com\/revista\/el-pueblo-kiche-es-heredero-y-continuador-de-la-tradicion-del-popol-vuh\/\" title=\"El pueblo K&#8217;iche&#8217; es heredero y continuador de la tradici\u00f3n del Popol Vuh\" rel=\"nofollow\" target=\"_blank\">El pueblo K&#8217;iche&#8217; es heredero y continuador de la tradici\u00f3n del Popol Vuh<\/a>\n            <\/h3>                        <p class=\"blfe-post-grid-excerpt\">Con aproximadamente 1 mill\u00f3n de hablantes, el k&#039;iche&#039; es el segundo idioma maya con mayor poblaci\u00f3n, dentro y fuera de...<\/p>                                    <div class=\"blfe-post-grid-meta\">\n                <span class=\"blfe-post-grid-author\"><i class=\"fa fa-user far fa-user\"><\/i>by <a href=\"https:\/\/soymigrante.com\/revista\/author\/edwin-castro\/\">Edwin Castro<\/a><\/span><span class=\"blfe-post-grid-date\"><i class=\"fa fa-calendar-alt far fa-calendar-alt\"><\/i>20\/09\/2024<\/span>            <\/div>\n                                                        <\/div>\n                <\/div>\n\n            <\/div>\n        <\/div>\n                        <\/div>\n\n                        <\/div>\n            \n                        <div class=\"blfe-post-footer\">\n                        <\/div>\n            \t\t\t\t<\/div>\n\t\t\t\t<\/div>\n\t\t\t\t\t<\/div>\n\t\t\t\t<\/div>\n\t\t\t\t<\/div>\n\t\t","protected":false},"excerpt":{"rendered":"<p>Jose Luis Conguahe es un ling\u00fcista y emprendedor maya pocomam que a trav\u00e9s de la tecnolog\u00eda y la educaci\u00f3n busca preservar los idiomas mayas. Ha desarrollado una serie de libros infantiles para impulsarlos entre las nuevas generaciones. Desde 2013, Jos\u00e9 Luis Conguache, ling\u00fcista y emprendedor maya poqomam, ha dedicado su vida a la preservaci\u00f3n y [&hellip;]<\/p>\n","protected":false},"author":19,"featured_media":27115,"comment_status":"open","ping_status":"open","sticky":false,"template":"","format":"standard","meta":{"_acf_changed":false,"_eb_attr":"","footnotes":""},"categories":[58],"tags":[130],"class_list":["post-27114","post","type-post","status-publish","format-standard","has-post-thumbnail","hentry","category-guate-nuestra","tag-mercado-emprendedores"],"acf":[],"aioseo_notices":[],"aioseo_head":"\n\t\t<!-- All in One SEO Pro 4.9.6.2 - aioseo.com -->\n\t<meta name=\"description\" content=\"Con 1.7 millones de hablantes, el k&#039;iche&#039; es el idioma maya m\u00e1s extendido en Guatemala; su cultura, indumentaria y tradici\u00f3n sobrepasan fronteras.\" \/>\n\t<meta name=\"robots\" content=\"max-snippet:-1, max-image-preview:large, max-video-preview:-1\" \/>\n\t<meta name=\"author\" content=\"Edwin Castro\"\/>\n\t<link rel=\"canonical\" href=\"https:\/\/soymigrante.com\/revista\/el-pueblo-kiche-es-heredero-y-continuador-de-la-tradicion-del-popol-vuh\/\" \/>\n\t<meta name=\"generator\" content=\"All in One SEO Pro (AIOSEO) 4.9.6.2\" \/>\n\n\t\t<link rel=\"preconnect\" href=\"https:\/\/fonts.googleapis.com\" crossorigin>\n<link rel=\"preconnect\" href=\"https:\/\/fonts.gstatic.com\" crossorigin>\n\t\t<meta property=\"og:locale\" content=\"es_ES\" \/>\n\t\t<meta property=\"og:site_name\" content=\"SoyMigrante.com REVISTA \u2013 Nuestra misi\u00f3n es reconocer y dignificar al migrante.\" \/>\n\t\t<meta property=\"og:type\" content=\"article\" \/>\n\t\t<meta property=\"og:title\" content=\"El pueblo k&#039;iche&#039; es el heredero y continuador del Popol Vuh\" \/>\n\t\t<meta property=\"og:description\" content=\"Con 1.7 millones de hablantes, el k&#039;iche&#039; es el idioma maya m\u00e1s extendido en Guatemala; su cultura, indumentaria y tradici\u00f3n sobrepasan fronteras.\" \/>\n\t\t<meta property=\"og:url\" content=\"https:\/\/soymigrante.com\/revista\/el-pueblo-kiche-es-heredero-y-continuador-de-la-tradicion-del-popol-vuh\/\" \/>\n\t\t<meta property=\"og:image\" content=\"https:\/\/soymigrante.com\/revista\/wp-content\/uploads\/2024\/09\/pueblo-kiche.webp\" \/>\n\t\t<meta property=\"og:image:secure_url\" content=\"https:\/\/soymigrante.com\/revista\/wp-content\/uploads\/2024\/09\/pueblo-kiche.webp\" \/>\n\t\t<meta property=\"og:image:width\" content=\"1168\" \/>\n\t\t<meta property=\"og:image:height\" content=\"1168\" \/>\n\t\t<meta property=\"article:published_time\" content=\"2024-09-20T17:20:18+00:00\" \/>\n\t\t<meta property=\"article:modified_time\" content=\"2024-10-02T20:37:23+00:00\" \/>\n\t\t<meta property=\"article:publisher\" content=\"https:\/\/www.facebook.com\/soymigrantecom\" \/>\n\t\t<meta name=\"twitter:card\" content=\"summary_large_image\" \/>\n\t\t<meta name=\"twitter:site\" content=\"@SoyMigrante_com\" \/>\n\t\t<meta name=\"twitter:title\" content=\"El pueblo k&#039;iche&#039; es el heredero y continuador del Popol Vuh\" \/>\n\t\t<meta name=\"twitter:description\" content=\"Con 1.7 millones de hablantes, el k&#039;iche&#039; es el idioma maya m\u00e1s extendido en Guatemala; su cultura, indumentaria y tradici\u00f3n sobrepasan fronteras.\" \/>\n\t\t<meta name=\"twitter:creator\" content=\"@SoyMigrante_com\" \/>\n\t\t<meta name=\"twitter:image\" content=\"https:\/\/soymigrante.com\/revista\/wp-content\/uploads\/2024\/09\/pueblo-kiche.webp\" \/>\n\t\t<!-- All in One SEO Pro -->\r\n\t\t<title>El pueblo k'iche' es el heredero y continuador del Popol Vuh<\/title>\n\n","aioseo_head_json":{"title":"El pueblo k'iche' es el heredero y continuador del Popol Vuh","description":"Con 1.7 millones de hablantes, el k'iche' es el idioma maya m\u00e1s extendido en Guatemala; su cultura, indumentaria y tradici\u00f3n sobrepasan fronteras.","canonical_url":"https:\/\/soymigrante.com\/revista\/el-pueblo-kiche-es-heredero-y-continuador-de-la-tradicion-del-popol-vuh\/","robots":"max-snippet:-1, max-image-preview:large, max-video-preview:-1","keywords":"","webmasterTools":{"miscellaneous":"&lt;link rel=\"preconnect\" href=\"https:\/\/fonts.googleapis.com\" crossorigin&gt;\n&lt;link rel=\"preconnect\" href=\"https:\/\/fonts.gstatic.com\" crossorigin&gt;"},"schema":null,"og:locale":"es_ES","og:site_name":"SoyMigrante.com REVISTA \u2013 Nuestra misi\u00f3n es reconocer y dignificar al migrante.","og:type":"article","og:title":"El pueblo k'iche' es el heredero y continuador del Popol Vuh","og:description":"Con 1.7 millones de hablantes, el k'iche' es el idioma maya m\u00e1s extendido en Guatemala; su cultura, indumentaria y tradici\u00f3n sobrepasan fronteras.","og:url":"https:\/\/soymigrante.com\/revista\/el-pueblo-kiche-es-heredero-y-continuador-de-la-tradicion-del-popol-vuh\/","og:image":"https:\/\/soymigrante.com\/revista\/wp-content\/uploads\/2024\/09\/pueblo-kiche.webp","og:image:secure_url":"https:\/\/soymigrante.com\/revista\/wp-content\/uploads\/2024\/09\/pueblo-kiche.webp","og:image:width":1168,"og:image:height":1168,"article:published_time":"2024-09-20T17:20:18+00:00","article:modified_time":"2024-10-02T20:37:23+00:00","article:publisher":"https:\/\/www.facebook.com\/soymigrantecom","twitter:card":"summary_large_image","twitter:site":"@SoyMigrante_com","twitter:title":"El pueblo k'iche' es el heredero y continuador del Popol Vuh","twitter:description":"Con 1.7 millones de hablantes, el k'iche' es el idioma maya m\u00e1s extendido en Guatemala; su cultura, indumentaria y tradici\u00f3n sobrepasan fronteras.","twitter:creator":"@SoyMigrante_com","twitter:image":"https:\/\/soymigrante.com\/revista\/wp-content\/uploads\/2024\/09\/pueblo-kiche.webp"},"aioseo_meta_data":{"post_id":"27114","title":"Luis Gonguache impulsa idiomas mayas con libros infantiles","description":"Jose Luis Conguache es un ling\u00fcista y emprendedor maya poqomam que busca preservar y fortalecer los idiomas mayas. Sus libros para ni\u00f1os ahora est\u00e1n en MERCADO.","keywords":null,"keyphrases":{"focus":{"keyphrase":"mayas","score":91,"analysis":{"keyphraseInTitle":{"score":9,"maxScore":9,"error":0},"keyphraseInDescription":{"score":9,"maxScore":9,"error":0},"keyphraseLength":{"score":9,"maxScore":9,"error":0,"length":1},"keyphraseInURL":{"score":5,"maxScore":5,"error":0},"keyphraseInIntroduction":{"score":9,"maxScore":9,"error":0},"keyphraseInSubHeadings":{"score":3,"maxScore":9,"error":1},"keyphraseInImageAlt":{"score":9,"maxScore":9,"error":0},"keywordDensity":{"type":"best","score":9,"maxScore":9,"error":0}}},"additional":[{"keyphrase":"idiomas","score":100,"analysis":{"keyphraseInDescription":{"score":9,"maxScore":9,"error":0},"keyphraseLength":{"score":9,"maxScore":9,"error":0,"length":1},"keyphraseInIntroduction":{"score":9,"maxScore":9,"error":0},"keyphraseInImageAlt":{"score":9,"maxScore":9,"error":0},"keywordDensity":{"type":"best","score":9,"maxScore":9,"error":0}}},{"keyphrase":"mayas","score":100,"analysis":{"keyphraseInDescription":{"score":9,"maxScore":9,"error":0},"keyphraseLength":{"score":9,"maxScore":9,"error":0,"length":1},"keyphraseInIntroduction":{"score":9,"maxScore":9,"error":0},"keyphraseInImageAlt":{"score":9,"maxScore":9,"error":0},"keywordDensity":{"type":"best","score":9,"maxScore":9,"error":0}}},{"keyphrase":"preservar","score":53,"analysis":{"keyphraseInDescription":{"score":9,"maxScore":9,"error":0},"keyphraseLength":{"score":9,"maxScore":9,"error":0,"length":1},"keyphraseInIntroduction":{"score":3,"maxScore":9,"error":1},"keyphraseInImageAlt":{"score":3,"maxScore":9,"error":1},"keywordDensity":{"score":0,"type":"low","maxScore":9,"error":1}}},{"keyphrase":"Emprendedor","score":80,"analysis":{"keyphraseInDescription":{"score":9,"maxScore":9,"error":0},"keyphraseLength":{"score":9,"maxScore":9,"error":0,"length":1},"keyphraseInIntroduction":{"score":9,"maxScore":9,"error":0},"keyphraseInImageAlt":{"score":9,"maxScore":9,"error":0},"keywordDensity":{"score":0,"type":"low","maxScore":9,"error":1}}},{"keyphrase":"poqomam","score":80,"analysis":{"keyphraseInDescription":{"score":9,"maxScore":9,"error":0},"keyphraseLength":{"score":9,"maxScore":9,"error":0,"length":1},"keyphraseInIntroduction":{"score":9,"maxScore":9,"error":0},"keyphraseInImageAlt":{"score":9,"maxScore":9,"error":0},"keywordDensity":{"score":0,"type":"low","maxScore":9,"error":1}}},{"keyphrase":"MERCADO","score":67,"analysis":{"keyphraseInDescription":{"score":9,"maxScore":9,"error":0},"keyphraseLength":{"score":9,"maxScore":9,"error":0,"length":1},"keyphraseInIntroduction":{"score":3,"maxScore":9,"error":1},"keyphraseInImageAlt":{"score":9,"maxScore":9,"error":0},"keywordDensity":{"score":0,"type":"low","maxScore":9,"error":1}}}]},"primary_term":null,"canonical_url":null,"og_title":null,"og_description":null,"og_object_type":"default","og_image_type":"default","og_image_url":null,"og_image_width":null,"og_image_height":null,"og_image_custom_url":null,"og_image_custom_fields":null,"og_video":"","og_custom_url":null,"og_article_section":null,"og_article_tags":null,"twitter_use_og":false,"twitter_card":"default","twitter_image_type":"default","twitter_image_url":null,"twitter_image_custom_url":null,"twitter_image_custom_fields":null,"twitter_title":null,"twitter_description":null,"schema":{"blockGraphs":[],"customGraphs":[],"default":{"data":{"Article":[],"Course":[],"Dataset":[],"FAQPage":[],"Movie":[],"Person":[],"Product":[],"ProductReview":[],"Car":[],"Recipe":[],"Service":[],"SoftwareApplication":[],"WebPage":[]},"graphName":"none","isEnabled":true},"graphs":[]},"schema_type":"default","schema_type_options":null,"pillar_content":false,"robots_default":true,"robots_noindex":false,"robots_noarchive":false,"robots_nosnippet":false,"robots_nofollow":false,"robots_noimageindex":false,"robots_noodp":false,"robots_notranslate":false,"robots_max_snippet":"-1","robots_max_videopreview":"-1","robots_max_imagepreview":"large","priority":null,"frequency":"default","local_seo":null,"seo_analyzer_scan_date":"2025-10-09 03:11:13","breadcrumb_settings":null,"limit_modified_date":false,"reviewed_by":null,"open_ai":"{\"title\":{\"suggestions\":[],\"usage\":0},\"description\":{\"suggestions\":[],\"usage\":0}}","ai":null,"created":"2025-03-05 17:33:04","updated":"2026-02-04 22:02:42"},"aioseo_breadcrumb":"<div class=\"aioseo-breadcrumbs\"><span class=\"aioseo-breadcrumb\">\n\t<a href=\"https:\/\/soymigrante.com\/revista\" title=\"Home\">Home<\/a>\n<\/span><span class=\"aioseo-breadcrumb-separator\">\u00bb<\/span><span class=\"aioseo-breadcrumb\">\n\t<a href=\"https:\/\/soymigrante.com\/revista\/category\/guate-nuestra\/\" title=\"Guate Nuestra\">Guate Nuestra<\/a>\n<\/span><span class=\"aioseo-breadcrumb-separator\">\u00bb<\/span><span class=\"aioseo-breadcrumb\">\n\tJos\u00e9 Luis Conguache impulsa los idiomas mayas a trav\u00e9s de libros infantiles\n<\/span><\/div>","aioseo_breadcrumb_json":[{"label":"Home","link":"https:\/\/soymigrante.com\/revista"},{"label":"Guate Nuestra","link":"https:\/\/soymigrante.com\/revista\/category\/guate-nuestra\/"},{"label":"Jos\u00e9 Luis Conguache impulsa los idiomas mayas a trav\u00e9s de libros infantiles","link":"https:\/\/soymigrante.com\/revista\/jose-luis-conguache-impulsa-los-idiomas-mayas-a-traves-de-libros-infantiles\/"}],"_links":{"self":[{"href":"https:\/\/soymigrante.com\/revista\/wp-json\/wp\/v2\/posts\/27114","targetHints":{"allow":["GET"]}}],"collection":[{"href":"https:\/\/soymigrante.com\/revista\/wp-json\/wp\/v2\/posts"}],"about":[{"href":"https:\/\/soymigrante.com\/revista\/wp-json\/wp\/v2\/types\/post"}],"author":[{"embeddable":true,"href":"https:\/\/soymigrante.com\/revista\/wp-json\/wp\/v2\/users\/19"}],"replies":[{"embeddable":true,"href":"https:\/\/soymigrante.com\/revista\/wp-json\/wp\/v2\/comments?post=27114"}],"version-history":[{"count":1,"href":"https:\/\/soymigrante.com\/revista\/wp-json\/wp\/v2\/posts\/27114\/revisions"}],"predecessor-version":[{"id":34730,"href":"https:\/\/soymigrante.com\/revista\/wp-json\/wp\/v2\/posts\/27114\/revisions\/34730"}],"wp:featuredmedia":[{"embeddable":true,"href":"https:\/\/soymigrante.com\/revista\/wp-json\/wp\/v2\/media\/27115"}],"wp:attachment":[{"href":"https:\/\/soymigrante.com\/revista\/wp-json\/wp\/v2\/media?parent=27114"}],"wp:term":[{"taxonomy":"category","embeddable":true,"href":"https:\/\/soymigrante.com\/revista\/wp-json\/wp\/v2\/categories?post=27114"},{"taxonomy":"post_tag","embeddable":true,"href":"https:\/\/soymigrante.com\/revista\/wp-json\/wp\/v2\/tags?post=27114"}],"curies":[{"name":"wp","href":"https:\/\/api.w.org\/{rel}","templated":true}]}}