{"id":26750,"date":"2025-03-04T05:04:00","date_gmt":"2025-03-04T11:04:00","guid":{"rendered":"https:\/\/soymigrante.com\/revista\/?p=26750"},"modified":"2025-03-04T12:19:25","modified_gmt":"2025-03-04T18:19:25","slug":"departamentos-de-guatemala-santa-rosa-es-considerado-el-centro-de-las-americas","status":"publish","type":"post","link":"https:\/\/soymigrante.com\/revista\/departamentos-de-guatemala-santa-rosa-es-considerado-el-centro-de-las-americas\/","title":{"rendered":"Departamentos de Guatemala: Santa Rosa es considerado el Centro de las Am\u00e9ricas"},"content":{"rendered":"\t\t<div data-elementor-type=\"wp-post\" data-elementor-id=\"26750\" class=\"elementor elementor-26750\" data-elementor-post-type=\"post\">\n\t\t\t\t<div data-particle_enable=\"false\" data-particle-mobile-disabled=\"false\" class=\"elementor-element elementor-element-a6498d5 e-flex e-con-boxed e-con e-parent\" data-id=\"a6498d5\" data-element_type=\"container\" data-e-type=\"container\">\n\t\t\t\t\t<div class=\"e-con-inner\">\n\t\t\t\t<div class=\"elementor-element elementor-element-74fdb58 elementor-widget elementor-widget-heading\" data-id=\"74fdb58\" data-element_type=\"widget\" data-e-type=\"widget\" data-widget_type=\"heading.default\">\n\t\t\t\t\t<h2 class=\"elementor-heading-title elementor-size-default\">Santa Rosa fue instituido como departamento en 1852; su cabecera fue alguna vez Santa Rosa de Lima pero posteriormente se traslad\u00f3 a Cuilapa, t\u00e9rmino que alguna vez fue Cuajiniquilapa. Conoce m\u00e1s .\n<\/h2>\t\t\t\t<\/div>\n\t\t\t\t\t<\/div>\n\t\t\t\t<\/div>\n\t\t<div data-particle_enable=\"false\" data-particle-mobile-disabled=\"false\" class=\"elementor-element elementor-element-233df7e e-flex e-con-boxed e-con e-parent\" data-id=\"233df7e\" data-element_type=\"container\" data-e-type=\"container\">\n\t\t\t\t\t<div class=\"e-con-inner\">\n\t\t\t\t<div class=\"elementor-element elementor-element-357674c elementor-widget elementor-widget-text-editor\" data-id=\"357674c\" data-element_type=\"widget\" data-e-type=\"widget\" data-widget_type=\"text-editor.default\">\n\t\t\t\t\t\t\t\t\t<p>Santa Rosa es uno de los <a href=\"https:\/\/soymigrante.com\/revista\/guatemala-patrimonio-cuatricentenario-puente-los-esclavos-santa-rosa\/\" target=\"_blank\" rel=\"noopener\">veintid\u00f3s departamentos que conforman Guatemala,<\/a> situado en la regi\u00f3n sur del pa\u00eds.<\/p><p>A continuaci\u00f3n, se presentan detalles sobre su nombre, extensi\u00f3n, poblaci\u00f3n, municipios, producci\u00f3n, atractivos tur\u00edsticos y remesas:<\/p>\t\t\t\t\t\t\t\t<\/div>\n\t\t\t\t\t<\/div>\n\t\t\t\t<\/div>\n\t\t<div data-particle_enable=\"false\" data-particle-mobile-disabled=\"false\" class=\"elementor-element elementor-element-1fc8be1 e-flex e-con-boxed e-con e-parent\" data-id=\"1fc8be1\" data-element_type=\"container\" data-e-type=\"container\">\n\t\t\t\t\t<div class=\"e-con-inner\">\n\t\t\t\t<div class=\"elementor-element elementor-element-7a6980a elementor-widget elementor-widget-heading\" data-id=\"7a6980a\" data-element_type=\"widget\" data-e-type=\"widget\" data-widget_type=\"heading.default\">\n\t\t\t\t\t<h3 class=\"elementor-heading-title elementor-size-default\">Origen del nombre de Santa Rosa<\/h3>\t\t\t\t<\/div>\n\t\t\t\t\t<\/div>\n\t\t\t\t<\/div>\n\t\t<div data-particle_enable=\"false\" data-particle-mobile-disabled=\"false\" class=\"elementor-element elementor-element-5e2cca7 e-flex e-con-boxed e-con e-parent\" data-id=\"5e2cca7\" data-element_type=\"container\" data-e-type=\"container\">\n\t\t\t\t\t<div class=\"e-con-inner\">\n\t\t\t\t<div class=\"elementor-element elementor-element-12c8e06 elementor-widget elementor-widget-text-editor\" data-id=\"12c8e06\" data-element_type=\"widget\" data-e-type=\"widget\" data-widget_type=\"text-editor.default\">\n\t\t\t\t\t\t\t\t\t<p>El departamento recibe su nombre en honor a Santa Rosa de Lima, monja dominica peruana y la primera santa canonizada de Am\u00e9rica Latina y patrona de las Am\u00e9ricas.\u00a0<\/p><p><span style=\"color: var( --e-global-color-text ); text-align: var(--text-align);\">Durante el\u00a0<\/span><span style=\"color: var( --e-global-color-text ); text-align: var(--text-align);\">per\u00edodo colonial la mayor parte del terreno que hoy integra el departamento perteneci\u00f3\u00a0<\/span><span style=\"color: var( --e-global-color-text ); text-align: var(--text-align);\">correspondi\u00f3 a la alcald\u00eda de Escuintla y Guazacap\u00e1n. Despu\u00e9s de la independencia, la\u00a0<\/span><span style=\"color: var( --e-global-color-text ); text-align: var(--text-align);\">\u00a0Asamblea Constituyente\u00a0<\/span><span style=\"color: var( --e-global-color-text ); text-align: var(--text-align);\">dividi\u00f3 en 1825 el territorio del Estado de Guatemala en siete departamentos, siendo el tercero el de Guatemala-Escuintla,\u00a0<\/span><span style=\"color: var( --e-global-color-text ); text-align: var(--text-align);\">integrado por siete distritos: Guatemala,\u00a0<\/span><span style=\"color: var( --e-global-color-text ); text-align: var(--text-align);\">Amatitl\u00e1n, Escuintla, Mixt\u00e1n, Jalpatagua, Guazacap\u00e1n y Cuajiniquilapa (hoy Cuilapa).<\/span><\/p><p><span style=\"color: var( --e-global-color-text ); text-align: var(--text-align);\">En 1848, el Gobierno dividi\u00f3 al departamento de Mita en tres distritos:\u00a0<\/span><span style=\"color: var( --e-global-color-text ); text-align: var(--text-align);\">Jutiapa, Santa Rosa y Jalapa. El distrito de Santa Rosa estaba integrado por los pueblos de Santa\u00a0<\/span><span style=\"color: var( --e-global-color-text ); text-align: var(--text-align);\">Rosa, como cabecera (hoy Santa Rosa de Lima), Cuajiniquilapa, Chiquimulilla, Guazacap\u00e1n, Taxisco, Pasaco y Nancinta,\u00a0<\/span><span style=\"color: var( --e-global-color-text ); text-align: var(--text-align);\">Tecuaco, Sinacant\u00e1n, Ixhuat\u00e1n, Zacualpa, La Leona, Jumay y Mataquescuintla.<\/span><\/p><p>El departamento de Santa Rosa, como tal se creo por decreto del Ejecutivo del 8 mayo 1852, que en su art\u00edculo 1\u00ba<span style=\"color: var( --e-global-color-text ); text-align: var(--text-align);\">prescribi\u00f3 que los distritos de Cuajiniquilapa, Santa Rosa y Chiquimulilla formaron en lo sucesivo un departamento,\u00a0<\/span><span style=\"color: var( --e-global-color-text ); text-align: var(--text-align);\">comprendiendo las poblaciones de Cuajiniquilapa, Santa Rosa, Las Casillas, Mataquescuintla, Chiquimulilla, Guazacap\u00e1n,\u00a0<\/span><span style=\"color: var( --e-global-color-text ); text-align: var(--text-align);\">Taxisco, Ishuat\u00e1n y Santa Anita, Sinacant\u00e1n, Tecuaco, Nancinta, Jumaytepeque, Azacualpa, Los Esclavos, Oratorio y Santa\u00a0<\/span><span style=\"color: var( --e-global-color-text ); text-align: var(--text-align);\">Cruz Epaminondas. L<\/span><span style=\"color: var( --e-global-color-text ); text-align: var(--text-align);\">os l\u00edmites del citado territorio eranGuatemala, Amatitl\u00e1n, Escuintla, Jutiapa y Chiquimula. Los l\u00edmites\u00a0<\/span><span style=\"color: var( --e-global-color-text ); text-align: var(--text-align);\">entre los departamentos de Santa Rosa y Jutiapa fueron fijados por acuerdo gubernativo del 20 julio 1864.<\/span><\/p>\t\t\t\t\t\t\t\t<\/div>\n\t\t\t\t\t<\/div>\n\t\t\t\t<\/div>\n\t\t<div data-particle_enable=\"false\" data-particle-mobile-disabled=\"false\" class=\"elementor-element elementor-element-da7ea80 e-flex e-con-boxed e-con e-parent\" data-id=\"da7ea80\" data-element_type=\"container\" data-e-type=\"container\">\n\t\t\t\t\t<div class=\"e-con-inner\">\n\t\t\t\t<div class=\"elementor-element elementor-element-99855dc elementor-widget elementor-widget-heading\" data-id=\"99855dc\" data-element_type=\"widget\" data-e-type=\"widget\" data-widget_type=\"heading.default\">\n\t\t\t\t\t<h3 class=\"elementor-heading-title elementor-size-default\">Extensi\u00f3n territorial de Santa Rosa<\/h3>\t\t\t\t<\/div>\n\t\t\t\t\t<\/div>\n\t\t\t\t<\/div>\n\t\t<div data-particle_enable=\"false\" data-particle-mobile-disabled=\"false\" class=\"elementor-element elementor-element-36c05ce e-flex e-con-boxed e-con e-parent\" data-id=\"36c05ce\" data-element_type=\"container\" data-e-type=\"container\">\n\t\t\t\t\t<div class=\"e-con-inner\">\n\t\t\t\t<div class=\"elementor-element elementor-element-18dc536 elementor-widget elementor-widget-text-editor\" data-id=\"18dc536\" data-element_type=\"widget\" data-e-type=\"widget\" data-widget_type=\"text-editor.default\">\n\t\t\t\t\t\t\t\t\t<p>Santa Rosa abarca una <a href=\"https:\/\/soymigrante.com\/revista\/guatemala-patrimonio-cuatricentenario-puente-los-esclavos-santa-rosa\/\" target=\"_blank\" rel=\"noopener\">superficie de aproximadamente 2,955 km\u00b2<\/a>. Su riqueza geogr\u00e1fica va desde las monta\u00f1as colindantes con Mataquescuintla, una amplia bocacosta y la regi\u00f3n costera que incluye famosas playas en la llamada Barra de Monterrico.<\/p>\t\t\t\t\t\t\t\t<\/div>\n\t\t\t\t\t<\/div>\n\t\t\t\t<\/div>\n\t\t<div data-particle_enable=\"false\" data-particle-mobile-disabled=\"false\" class=\"elementor-element elementor-element-7dc5fca e-flex e-con-boxed e-con e-parent\" data-id=\"7dc5fca\" data-element_type=\"container\" data-e-type=\"container\">\n\t\t\t\t\t<div class=\"e-con-inner\">\n\t\t\t\t<div class=\"elementor-element elementor-element-820115c elementor-widget elementor-widget-heading\" data-id=\"820115c\" data-element_type=\"widget\" data-e-type=\"widget\" data-widget_type=\"heading.default\">\n\t\t\t\t\t<h3 class=\"elementor-heading-title elementor-size-default\">Poblaci\u00f3n<\/h3>\t\t\t\t<\/div>\n\t\t\t\t\t<\/div>\n\t\t\t\t<\/div>\n\t\t<div data-particle_enable=\"false\" data-particle-mobile-disabled=\"false\" class=\"elementor-element elementor-element-c05b327 e-flex e-con-boxed e-con e-parent\" data-id=\"c05b327\" data-element_type=\"container\" data-e-type=\"container\">\n\t\t\t\t\t<div class=\"e-con-inner\">\n\t\t\t\t<div class=\"elementor-element elementor-element-9060a7a elementor-widget elementor-widget-text-editor\" data-id=\"9060a7a\" data-element_type=\"widget\" data-e-type=\"widget\" data-widget_type=\"text-editor.default\">\n\t\t\t\t\t\t\t\t\t<p><a href=\"https:\/\/censo2018.ine.gob.gt\/dondeestamos\" target=\"_blank\" rel=\"noopener\">Seg\u00fan datos del Instituto Nacional de Estad\u00edstica (INE)<\/a>, la poblaci\u00f3n proyectada para el a\u00f1o 2018 era de 29,657 habitantes en el municipio de Nueva Santa Rosa.<\/p><p>La poblaci\u00f3n se integra con un 14.1% de <a href=\"https:\/\/soymigrante.com\/revista\/pueblo-xinka-esta-vivo-y-presente-en-el-suroriente-guatemalteco\/\">Xincas<\/a> y el 83% de<a href=\"https:\/\/soymigrante.com\/revista\/pueblo-ladino-integra-raices-y-mestizajes-de-guatemala\/\"> ladinos.<\/a>\u00a0La poblaci\u00f3n Xinca tuvo una proporci\u00f3n mayor en tiempos coloniales, pero <a href=\"https:\/\/soymigrante.com\/revista\/guatemala-patrimonio-cuatricentenario-puente-los-esclavos-santa-rosa\/\">la esclavitud<\/a> y las epidemias diezmaron a la poblaci\u00f3n.<\/p>\t\t\t\t\t\t\t\t<\/div>\n\t\t\t\t\t<\/div>\n\t\t\t\t<\/div>\n\t\t<div data-particle_enable=\"false\" data-particle-mobile-disabled=\"false\" class=\"elementor-element elementor-element-336191f e-flex e-con-boxed e-con e-parent\" data-id=\"336191f\" data-element_type=\"container\" data-e-type=\"container\">\n\t\t\t\t\t<div class=\"e-con-inner\">\n\t\t\t\t<div class=\"elementor-element elementor-element-b5c72af elementor-widget elementor-widget-image\" data-id=\"b5c72af\" data-element_type=\"widget\" data-e-type=\"widget\" data-widget_type=\"image.default\">\n\t\t\t\t\t\t\t\t\t\t\t\t<figure class=\"wp-caption\">\n\t\t\t\t\t\t\t\t\t\t<img fetchpriority=\"high\" decoding=\"async\" width=\"300\" height=\"168\" src=\"https:\/\/soymigrante.com\/revista\/wp-content\/uploads\/2025\/03\/Santa-Rosa-3.webp\" class=\"attachment-large size-large wp-image-26755\" alt=\"Edificio colorido en la calle de un pueblo mexicano, con arquitectura tradicional y cables el\u00e9ctricos en el cielo, en un entorno rural y urbano.\" title=\"Santa Rosa 3 \u2013 SoyMigrante.com REVISTA\" \/>\t\t\t\t\t\t\t\t\t\t\t<figcaption class=\"widget-image-caption wp-caption-text\">Revista SoyMigrante.com presenta noticias y cultura sobre migrantes en M\u00e9xico en un edificio colorido.<\/figcaption>\n\t\t\t\t\t\t\t\t\t\t<\/figure>\n\t\t\t\t\t\t\t\t\t<\/div>\n\t\t\t\t\t<\/div>\n\t\t\t\t<\/div>\n\t\t<div data-particle_enable=\"false\" data-particle-mobile-disabled=\"false\" class=\"elementor-element elementor-element-64acd46 e-flex e-con-boxed e-con e-parent\" data-id=\"64acd46\" data-element_type=\"container\" data-e-type=\"container\">\n\t\t\t\t\t<div class=\"e-con-inner\">\n\t\t\t\t<div class=\"elementor-element elementor-element-640d372 elementor-widget elementor-widget-heading\" data-id=\"640d372\" data-element_type=\"widget\" data-e-type=\"widget\" data-widget_type=\"heading.default\">\n\t\t\t\t\t<h3 class=\"elementor-heading-title elementor-size-default\">Municipios de Santa Rosa <\/h3>\t\t\t\t<\/div>\n\t\t\t\t\t<\/div>\n\t\t\t\t<\/div>\n\t\t<div data-particle_enable=\"false\" data-particle-mobile-disabled=\"false\" class=\"elementor-element elementor-element-55f092a e-flex e-con-boxed e-con e-parent\" data-id=\"55f092a\" data-element_type=\"container\" data-e-type=\"container\">\n\t\t\t\t\t<div class=\"e-con-inner\">\n\t\t\t\t<div class=\"elementor-element elementor-element-2752b82 elementor-widget elementor-widget-text-editor\" data-id=\"2752b82\" data-element_type=\"widget\" data-e-type=\"widget\" data-widget_type=\"text-editor.default\">\n\t\t\t\t\t\t\t\t\t<div>El departamento de Santa Rosa<a href=\"https:\/\/soymigrante.com\/revista\/guatemala-patrimonio-cuatricentenario-puente-los-esclavos-santa-rosa\/\" target=\"_blank\" rel=\"noopener\"> est\u00e1 compuesto por 14 municipios<\/a>:<\/div><div>\u00a0<\/div><div>\u00a0<\/div><div>1.Barberena<\/div><div>2.Casillas<\/div><div>3.Chiquimulilla<\/div><div>4.Cuilapa (cabecera departamental)<\/div><div>5.Guazacap\u00e1n<\/div><div>6.Nueva Santa Rosa<\/div><div>7.Oratorio<\/div><div>8.Pueblo Nuevo Vi\u00f1as<\/div><div>9.San Juan Tecuaco<\/div><div>10.San Rafael Las Flores<\/div><div>11.Santa Cruz Naranjo<\/div><div>12.Santa Mar\u00eda Ixhuat\u00e1n<\/div><div>13.Santa Rosa de Lima<\/div><div>14.Taxisco<\/div><div>\u00a0<\/div><div>Cada municipio tiene caracter\u00edsticas particulares en cuanto a su econom\u00eda, cultura y turismo.\u00a0<\/div><div>\u00a0<\/div><div>Por ejemplo, <a href=\"https:\/\/soymigrante.com\/revista\/guatemala-patrimonio-cuatricentenario-puente-los-esclavos-santa-rosa\/\" target=\"_blank\" rel=\"noopener\">San Rafael Las Flores es conocido por la actividad minera, Taxisco y Chiquimulilla tienen acceso a playas del Pac\u00edfico, y Cuilapa,<\/a> al ser la cabecera departamental, concentra la actividad administrativa y comercial.<\/div>\t\t\t\t\t\t\t\t<\/div>\n\t\t\t\t\t<\/div>\n\t\t\t\t<\/div>\n\t\t<div data-particle_enable=\"false\" data-particle-mobile-disabled=\"false\" class=\"elementor-element elementor-element-cf084d1 e-flex e-con-boxed e-con e-parent\" data-id=\"cf084d1\" data-element_type=\"container\" data-e-type=\"container\">\n\t\t\t\t\t<div class=\"e-con-inner\">\n\t\t\t\t<div class=\"elementor-element elementor-element-9196ca1 elementor-widget elementor-widget-video\" data-id=\"9196ca1\" data-element_type=\"widget\" data-e-type=\"widget\" data-settings=\"{&quot;youtube_url&quot;:&quot;https:\\\/\\\/www.youtube.com\\\/watch?v=GOpfMnPgcGg&quot;,&quot;video_type&quot;:&quot;youtube&quot;,&quot;controls&quot;:&quot;yes&quot;}\" data-widget_type=\"video.default\">\n\t\t\t\t\t\t\t<div class=\"elementor-wrapper elementor-open-inline\">\n\t\t\t<div class=\"elementor-video\"><\/div>\t\t<\/div>\n\t\t\t\t\t\t<\/div>\n\t\t\t\t\t<\/div>\n\t\t\t\t<\/div>\n\t\t<div data-particle_enable=\"false\" data-particle-mobile-disabled=\"false\" class=\"elementor-element elementor-element-288ee2c e-flex e-con-boxed e-con e-parent\" data-id=\"288ee2c\" data-element_type=\"container\" data-e-type=\"container\">\n\t\t\t\t\t<div class=\"e-con-inner\">\n\t\t\t\t<div class=\"elementor-element elementor-element-18e9b4f elementor-widget elementor-widget-heading\" data-id=\"18e9b4f\" data-element_type=\"widget\" data-e-type=\"widget\" data-widget_type=\"heading.default\">\n\t\t\t\t\t<h3 class=\"elementor-heading-title elementor-size-default\">Producci\u00f3n en Santa Rosa <\/h3>\t\t\t\t<\/div>\n\t\t\t\t\t<\/div>\n\t\t\t\t<\/div>\n\t\t<div data-particle_enable=\"false\" data-particle-mobile-disabled=\"false\" class=\"elementor-element elementor-element-0a5ea47 e-flex e-con-boxed e-con e-parent\" data-id=\"0a5ea47\" data-element_type=\"container\" data-e-type=\"container\">\n\t\t\t\t\t<div class=\"e-con-inner\">\n\t\t\t\t<div class=\"elementor-element elementor-element-cc025bb elementor-widget elementor-widget-text-editor\" data-id=\"cc025bb\" data-element_type=\"widget\" data-e-type=\"widget\" data-widget_type=\"text-editor.default\">\n\t\t\t\t\t\t\t\t\t<div>La econom\u00eda de Santa Rosa es diversa:<\/div><div><strong>\u2022Agricultura:<\/strong> Se cultivan productos como caf\u00e9 de alta calidad, ca\u00f1a de az\u00facar, ma\u00edz, frijol, arroz, papa, ajonjol\u00ed, algod\u00f3n, tabaco, cebolla, aguacate, tomate y frutas, especialmente la pi\u00f1a conocida como \u201cde az\u00facar\u201d.<\/div><div><strong>\u2022Ganader\u00eda<\/strong>: En municipios como Guazacap\u00e1n, Oratorio y Taxisco, destaca la producci\u00f3n de leche, crema, queso y mantequilla.<\/div><div><strong>\u2022Industria:<\/strong> Existen ingenios azucareros y beneficios de caf\u00e9 en la regi\u00f3n.<\/div><div>\u2022<strong>Artesan\u00edas:<\/strong> Se elaboran tejidos de algod\u00f3n, coheter\u00eda, cester\u00eda y cerer\u00eda. Adem\u00e1s, debido a su acceso al mar, hay salinas, especialmente en Guazacap\u00e1n y Chiquimulilla, <a href=\"https:\/\/soymigrante.com\/revista\/guatemala-patrimonio-cuatricentenario-puente-los-esclavos-santa-rosa\/\" target=\"_blank\" rel=\"noopener\">as\u00ed como la fabricaci\u00f3n de atarrayas y redes para pesca.\u00a0\u00a0<\/a><\/div><div>Los servicios tur\u00edsticos forman una parte importante de la actividad econ\u00f3mica de Santa Rosa, sobre todo en la zona de playas.<\/div>\t\t\t\t\t\t\t\t<\/div>\n\t\t\t\t\t<\/div>\n\t\t\t\t<\/div>\n\t\t<div data-particle_enable=\"false\" data-particle-mobile-disabled=\"false\" class=\"elementor-element elementor-element-96da4aa e-flex e-con-boxed e-con e-parent\" data-id=\"96da4aa\" data-element_type=\"container\" data-e-type=\"container\">\n\t\t\t\t\t<div class=\"e-con-inner\">\n\t\t\t\t<div class=\"elementor-element elementor-element-6f9ab46 elementor-widget elementor-widget-heading\" data-id=\"6f9ab46\" data-element_type=\"widget\" data-e-type=\"widget\" data-widget_type=\"heading.default\">\n\t\t\t\t\t<h3 class=\"elementor-heading-title elementor-size-default\">Atractivos tur\u00edsticos en Santa Rosa <\/h3>\t\t\t\t<\/div>\n\t\t\t\t\t<\/div>\n\t\t\t\t<\/div>\n\t\t<div data-particle_enable=\"false\" data-particle-mobile-disabled=\"false\" class=\"elementor-element elementor-element-a71216b e-flex e-con-boxed e-con e-parent\" data-id=\"a71216b\" data-element_type=\"container\" data-e-type=\"container\">\n\t\t\t\t\t<div class=\"e-con-inner\">\n\t\t\t\t<div class=\"elementor-element elementor-element-92ffab8 elementor-widget elementor-widget-text-editor\" data-id=\"92ffab8\" data-element_type=\"widget\" data-e-type=\"widget\" data-widget_type=\"text-editor.default\">\n\t\t\t\t\t\t\t\t\t<div>Santa Rosa ofrece diversos destinos tur\u00edsticos:<\/div><div><strong>\u2022Lagunas:<\/strong> <a href=\"https:\/\/soymigrante.com\/revista\/laguna-de-ayarza-un-paraiso-natural-en-el-suroriente-de-guatemala\/\">Ayarza<\/a> (entre Casillas y San Rafael Las Flores), El Pino (Barberena y Santa Cruz Naranjo) e Ixpaco (Pueblo Nuevo Vi\u00f1as).<br \/><b><span style=\"font-style: normal; font-variant-ligatures: normal; font-variant-caps: normal; font-size: 16px; font-family: Roboto, sans-serif;\">\u2022<\/span>Parque ecol\u00f3gico y balneario<\/b>\u00a0 <a style=\"text-align: var(--text-align);\" href=\"https:\/\/soymigrante.com\/revista\/ecoturismo-en-guatemala\/\">Ehrco Park<\/a>\u00a0en ruta a Chiquimulilla<\/div><div><strong>\u2022Volcanes:<\/strong> Tecuamburro (Tecuamburro) y Jumaytepeque (Nueva Santa Rosa).<\/div><div><strong>\u2022Construcciones coloniales:<\/strong> <a href=\"https:\/\/soymigrante.com\/revista\/guatemala-patrimonio-cuatricentenario-puente-los-esclavos-santa-rosa\/\" target=\"_blank\" rel=\"noopener\">Puente Colonial \u201cLos Esclavos\u201d (Cuilapa)<\/a>, Parroquia Colonial y Templo de Santa Rosa de Lima (Santa Rosa de Lima) e Iglesia cat\u00f3lica colonial Jumaytepeque (Nueva Santa Rosa).<\/div><div><strong>\u2022Playas:<\/strong> <a href=\"https:\/\/soymigrante.com\/revista\/yezenia-y-daniel-migrantes-guatemaltecos-festejaron-25-anos-de-amor-en-su-tierra\/\">Monterrico<\/a>, El Pumpo, Candelaria y Madre Vieja (Taxisco).<\/div><div><strong>\u2022Sitios arqueol\u00f3gicos:<\/strong> Casas Viejas, Los Cerritos, Los Ujuxtales, Colinas de San Osmard\u00edn y Santa Clara (Chiquimulilla).\u00a0\u00a0<\/div>\t\t\t\t\t\t\t\t<\/div>\n\t\t\t\t\t<\/div>\n\t\t\t\t<\/div>\n\t\t<div data-particle_enable=\"false\" data-particle-mobile-disabled=\"false\" class=\"elementor-element elementor-element-11e3793 e-flex e-con-boxed e-con e-parent\" data-id=\"11e3793\" data-element_type=\"container\" data-e-type=\"container\">\n\t\t\t\t\t<div class=\"e-con-inner\">\n\t\t\t\t<div class=\"elementor-element elementor-element-945848e elementor-widget elementor-widget-heading\" data-id=\"945848e\" data-element_type=\"widget\" data-e-type=\"widget\" data-widget_type=\"heading.default\">\n\t\t\t\t\t<h3 class=\"elementor-heading-title elementor-size-default\">\u00bfY en verdad es el Centro de las Am\u00e9ricas?<\/h3>\t\t\t\t<\/div>\n\t\t\t\t\t<\/div>\n\t\t\t\t<\/div>\n\t\t<div data-particle_enable=\"false\" data-particle-mobile-disabled=\"false\" class=\"elementor-element elementor-element-bbb7cdb e-flex e-con-boxed e-con e-parent\" data-id=\"bbb7cdb\" data-element_type=\"container\" data-e-type=\"container\">\n\t\t\t\t\t<div class=\"e-con-inner\">\n\t\t\t\t<div class=\"elementor-element elementor-element-5182ec3 elementor-widget elementor-widget-text-editor\" data-id=\"5182ec3\" data-element_type=\"widget\" data-e-type=\"widget\" data-widget_type=\"text-editor.default\">\n\t\t\t\t\t\t\t\t\t<p>Es una pol\u00e9mica, pues algunos c\u00e1lculos desmienten que Cuilapa sea el centro geogr\u00e1fico del continente americano.&nbsp;<\/p><p>Sin embargo, seg\u00fan autores como el historiador Francis Polo Sifontes, en esta cabecera se encuentra el punto equidistante\nentre los g\u00e9lidos territorios de hielo del extremo de Norteam\u00e9rica y la\ntormentosa Tierra del Fuego, en el extremo austral del continente americano. Por ello en el parque central existe un monumento relativo a ello.<\/p>\t\t\t\t\t\t\t\t<\/div>\n\t\t\t\t\t<\/div>\n\t\t\t\t<\/div>\n\t\t<div data-particle_enable=\"false\" data-particle-mobile-disabled=\"false\" class=\"elementor-element elementor-element-c22cedb e-flex e-con-boxed e-con e-parent\" data-id=\"c22cedb\" data-element_type=\"container\" data-e-type=\"container\">\n\t\t\t\t\t<div class=\"e-con-inner\">\n\t\t\t\t<div class=\"elementor-element elementor-element-3a6db0c elementor-widget elementor-widget-video\" data-id=\"3a6db0c\" data-element_type=\"widget\" data-e-type=\"widget\" data-settings=\"{&quot;youtube_url&quot;:&quot;https:\\\/\\\/www.youtube.com\\\/watch?v=Ec8OaPBiV7c&quot;,&quot;video_type&quot;:&quot;youtube&quot;,&quot;controls&quot;:&quot;yes&quot;}\" data-widget_type=\"video.default\">\n\t\t\t\t\t\t\t<div class=\"elementor-wrapper elementor-open-inline\">\n\t\t\t<div class=\"elementor-video\"><\/div>\t\t<\/div>\n\t\t\t\t\t\t<\/div>\n\t\t\t\t\t<\/div>\n\t\t\t\t<\/div>\n\t\t<div data-particle_enable=\"false\" data-particle-mobile-disabled=\"false\" class=\"elementor-element elementor-element-4fdc937 e-flex e-con-boxed e-con e-parent\" data-id=\"4fdc937\" data-element_type=\"container\" data-e-type=\"container\">\n\t\t\t\t\t<div class=\"e-con-inner\">\n\t\t\t\t<div class=\"elementor-element elementor-element-bfcbd0c elementor-widget elementor-widget-heading\" data-id=\"bfcbd0c\" data-element_type=\"widget\" data-e-type=\"widget\" data-widget_type=\"heading.default\">\n\t\t\t\t\t<h3 class=\"elementor-heading-title elementor-size-default\">Remesas de los migrantes en Santa Rosa <\/h3>\t\t\t\t<\/div>\n\t\t\t\t\t<\/div>\n\t\t\t\t<\/div>\n\t\t<div data-particle_enable=\"false\" data-particle-mobile-disabled=\"false\" class=\"elementor-element elementor-element-0e46c3f e-flex e-con-boxed e-con e-parent\" data-id=\"0e46c3f\" data-element_type=\"container\" data-e-type=\"container\">\n\t\t\t\t\t<div class=\"e-con-inner\">\n\t\t\t\t<div class=\"elementor-element elementor-element-903d924 elementor-widget elementor-widget-text-editor\" data-id=\"903d924\" data-element_type=\"widget\" data-e-type=\"widget\" data-widget_type=\"text-editor.default\">\n\t\t\t\t\t\t\t\t\t<p><a href=\"https:\/\/infounitnca.iom.int\/uploads\/RemesasGT2022\/Resumen_EncuestaRemesas2022_gt.pdf\" target=\"_blank\" rel=\"noopener\">Las remesas constituyen una de las principales fuentes de ingresos para muchas familias en Santa Rosa<\/a>, permiti\u00e9ndoles mejorar su calidad de vida y dinamizar la econom\u00eda local.<\/p><p>Las remesas enviadas por guatemaltecos residentes en el extranjero son una fuente significativa de ingresos para muchas familias en el Departamento de Santa Rosa.<\/p><p>Seg\u00fan la <a href=\"https:\/\/infounitnca.iom.int\/uploads\/RemesasGT2022\/Resumen_EncuestaRemesas2022_gt.pdf\" target=\"_blank\" rel=\"noopener\">Encuesta de Remesas 2022, de la OIM<\/a>, el departamento de Santa Rosa, se beneficia con el 3% del total de las remesas que en ese a\u00f1o fueron US$18 mil 40 millones. Eso quiere decir, que en ese a\u00f1o, familias del departamento de Sacatep\u00e9quez recibieron US$ 900 mil enviados por familiares desde Estados Unidos.<\/p><p><a href=\"https:\/\/infounitnca.iom.int\/uploads\/RemesasGT2022\/Resumen_EncuestaRemesas2022_gt.pdf\" target=\"_blank\" rel=\"noopener\">A nivel nacional, las remesas representaron<\/a> el 19.8% del Producto Interno Bruto (PIB) en 2022.<\/p><p>En 2024 las remesas fueron de US$21 mil 500 millones.<\/p>\t\t\t\t\t\t\t\t<\/div>\n\t\t\t\t\t<\/div>\n\t\t\t\t<\/div>\n\t\t<div data-particle_enable=\"false\" data-particle-mobile-disabled=\"false\" class=\"elementor-element elementor-element-6be8fd5 e-flex e-con-boxed e-con e-parent\" data-id=\"6be8fd5\" data-element_type=\"container\" data-e-type=\"container\">\n\t\t\t\t\t<div class=\"e-con-inner\">\n\t\t\t\t<div class=\"elementor-element elementor-element-953eac0 elementor-widget elementor-widget-heading\" data-id=\"953eac0\" data-element_type=\"widget\" data-e-type=\"widget\" data-widget_type=\"heading.default\">\n\t\t\t\t\t<h2 class=\"elementor-heading-title elementor-size-default\">Conoce m\u00e1s de Guatemala, ac\u00e1...<\/h2>\t\t\t\t<\/div>\n\t\t\t\t\t<\/div>\n\t\t\t\t<\/div>\n\t\t<div data-particle_enable=\"false\" data-particle-mobile-disabled=\"false\" class=\"elementor-element elementor-element-ba1f568 e-flex e-con-boxed e-con e-parent\" data-id=\"ba1f568\" data-element_type=\"container\" data-e-type=\"container\">\n\t\t\t\t\t<div class=\"e-con-inner\">\n\t\t\t\t<div class=\"elementor-element elementor-element-ba7e1b2 elementor-grid-eael-col-3 elementor-grid-tablet-eael-col-2 elementor-grid-mobile-eael-col-1 elementor-widget elementor-widget-eael-post-grid\" data-id=\"ba7e1b2\" data-element_type=\"widget\" data-e-type=\"widget\" data-settings=\"{&quot;eael_post_grid_columns&quot;:&quot;eael-col-3&quot;,&quot;eael_post_grid_columns_tablet&quot;:&quot;eael-col-2&quot;,&quot;eael_post_grid_columns_mobile&quot;:&quot;eael-col-1&quot;}\" data-widget_type=\"eael-post-grid.default\">\n\t\t\t\t\t<div id=\"eael-post-grid-ba7e1b2\" class=\"eael-post-grid-container\">\n            <div class=\"eael-post-grid eael-post-appender eael-post-appender-ba7e1b2 eael-post-grid-style-one\" data-layout-mode=\"masonry\"><article class=\"eael-grid-post  eael-post-grid-column eael-pg-post-5115 category-arte-cultura-guate-nuestra\" data-id=\"5115\">\n        <div class=\"eael-grid-post-holder\">\n            <div class=\"eael-grid-post-holder-inner\"><div class=\"eael-entry-media\"><div class=\"eael-entry-overlay fade-in\"><i class=\"far fa-hand-pointer\" aria-hidden=\"true\"><\/i><a href=\"https:\/\/soymigrante.com\/revista\/guatemala-patrimonio-cuatricentenario-puente-los-esclavos-santa-rosa\/\"><\/a><\/div><div class=\"eael-entry-thumbnail \">\n                <img decoding=\"async\" width=\"947\" height=\"936\" src=\"https:\/\/soymigrante.com\/revista\/wp-content\/uploads\/2025\/02\/puente-los-esclavos-origen-santa-rosa-cultura-de-guatemala.png\" class=\"attachment-large size-large wp-image-52602\" alt=\"puente los esclavos origen santa rosa cultura de guatemala\" srcset=\"https:\/\/soymigrante.com\/revista\/wp-content\/uploads\/2025\/02\/puente-los-esclavos-origen-santa-rosa-cultura-de-guatemala.png 947w, https:\/\/soymigrante.com\/revista\/wp-content\/uploads\/2025\/02\/puente-los-esclavos-origen-santa-rosa-cultura-de-guatemala-300x297.png 300w, https:\/\/soymigrante.com\/revista\/wp-content\/uploads\/2025\/02\/puente-los-esclavos-origen-santa-rosa-cultura-de-guatemala-768x759.png 768w, https:\/\/soymigrante.com\/revista\/wp-content\/uploads\/2025\/02\/puente-los-esclavos-origen-santa-rosa-cultura-de-guatemala-75x75.png 75w, https:\/\/soymigrante.com\/revista\/wp-content\/uploads\/2025\/02\/puente-los-esclavos-origen-santa-rosa-cultura-de-guatemala-750x741.png 750w\" sizes=\"(max-width: 947px) 100vw, 947px\" \/>\n            <\/div>\n        <\/div><div class=\"eael-entry-wrapper\"><header class=\"eael-entry-header\"><h2 class=\"eael-entry-title\"><a class=\"eael-grid-post-link\" href=\"https:\/\/soymigrante.com\/revista\/guatemala-patrimonio-cuatricentenario-puente-los-esclavos-santa-rosa\/\" title=\"El legendario Puente Los Esclavos en Santa Rosa desaf\u00eda al tiempo y los elementos desde 1604\">El legendario Puente Los Esclavos en Santa Rosa desaf\u00eda al tiempo y los elementos desde 1604<\/a><\/h2><\/header><div class=\"eael-entry-content\">\n                        <div class=\"eael-grid-post-excerpt\"><a href=\"https:\/\/soymigrante.com\/revista\/guatemala-patrimonio-cuatricentenario-puente-los-esclavos-santa-rosa\/\" class=\"eael-post-elements-readmore-btn\">CONOCE SU HISTORIA <\/a><\/div>\n                    <\/div><\/div><\/div>\n        <\/div>\n    <\/article><article class=\"eael-grid-post  eael-post-grid-column eael-pg-post-6083 category-exitos\" data-id=\"6083\">\n        <div class=\"eael-grid-post-holder\">\n            <div class=\"eael-grid-post-holder-inner\"><div class=\"eael-entry-media\"><div class=\"eael-entry-overlay fade-in\"><i class=\"far fa-hand-pointer\" aria-hidden=\"true\"><\/i><a href=\"https:\/\/soymigrante.com\/revista\/cafe-zamora-florece-en-oregon-con-grano-migrante-de-santa-rosa-guatemala\/\"><\/a><\/div><div class=\"eael-entry-thumbnail \">\n                <img decoding=\"async\" width=\"748\" height=\"736\" src=\"https:\/\/soymigrante.com\/revista\/wp-content\/uploads\/2024\/04\/hector-zamora.webp\" class=\"attachment-large size-large wp-image-6114\" alt=\"Retrato de un joven y una mujer en un parque con \u00e1rboles en flor, celebrando la cultura y comunidad migrante en una sensaci\u00f3n de uni\u00f3n y alegr\u00eda.\" srcset=\"https:\/\/soymigrante.com\/revista\/wp-content\/uploads\/2024\/04\/hector-zamora.webp 748w, https:\/\/soymigrante.com\/revista\/wp-content\/uploads\/2024\/04\/hector-zamora-300x295.webp 300w, https:\/\/soymigrante.com\/revista\/wp-content\/uploads\/2024\/04\/hector-zamora-75x75.webp 75w\" sizes=\"(max-width: 748px) 100vw, 748px\" \/>\n            <\/div>\n        <\/div><div class=\"eael-entry-wrapper\"><header class=\"eael-entry-header\"><h2 class=\"eael-entry-title\"><a class=\"eael-grid-post-link\" href=\"https:\/\/soymigrante.com\/revista\/cafe-zamora-florece-en-oregon-con-grano-migrante-de-santa-rosa-guatemala\/\" title=\"Hector Mej\u00eda y caf\u00e9 Zamora llevan el sabor de Santa Rosa a \u00d3regon y m\u00e1s all\u00e1\">Hector Mej\u00eda y caf\u00e9 Zamora llevan el sabor de Santa Rosa a \u00d3regon y m\u00e1s all\u00e1<\/a><\/h2><\/header><div class=\"eael-entry-content\">\n                        <div class=\"eael-grid-post-excerpt\"><a href=\"https:\/\/soymigrante.com\/revista\/cafe-zamora-florece-en-oregon-con-grano-migrante-de-santa-rosa-guatemala\/\" class=\"eael-post-elements-readmore-btn\">CONOCE SU HISTORIA <\/a><\/div>\n                    <\/div><\/div><\/div>\n        <\/div>\n    <\/article><article class=\"eael-grid-post  eael-post-grid-column eael-pg-post-370 category-guate-nuestra\" data-id=\"370\">\n        <div class=\"eael-grid-post-holder\">\n            <div class=\"eael-grid-post-holder-inner\"><div class=\"eael-entry-media\"><div class=\"eael-entry-overlay fade-in\"><i class=\"far fa-hand-pointer\" aria-hidden=\"true\"><\/i><a href=\"https:\/\/soymigrante.com\/revista\/ecoturismo-en-guatemala\/\"><\/a><\/div><div class=\"eael-entry-thumbnail \">\n                <img loading=\"lazy\" decoding=\"async\" width=\"768\" height=\"1024\" src=\"https:\/\/soymigrante.com\/revista\/wp-content\/uploads\/2023\/02\/3-Guate-Nuestra-Chiquimulilla-1-768x1024.jpg\" class=\"attachment-large size-large wp-image-373\" alt=\"\" srcset=\"https:\/\/soymigrante.com\/revista\/wp-content\/uploads\/2023\/02\/3-Guate-Nuestra-Chiquimulilla-1-768x1024.jpg 768w, https:\/\/soymigrante.com\/revista\/wp-content\/uploads\/2023\/02\/3-Guate-Nuestra-Chiquimulilla-1-225x300.webp 225w, https:\/\/soymigrante.com\/revista\/wp-content\/uploads\/2023\/02\/3-Guate-Nuestra-Chiquimulilla-1-1152x1536.jpg 1152w, https:\/\/soymigrante.com\/revista\/wp-content\/uploads\/2023\/02\/3-Guate-Nuestra-Chiquimulilla-1-1536x2048.jpg 1536w, https:\/\/soymigrante.com\/revista\/wp-content\/uploads\/2023\/02\/3-Guate-Nuestra-Chiquimulilla-1-750x1000.webp 750w, https:\/\/soymigrante.com\/revista\/wp-content\/uploads\/2023\/02\/3-Guate-Nuestra-Chiquimulilla-1-1140x1520.jpg 1140w, https:\/\/soymigrante.com\/revista\/wp-content\/uploads\/2023\/02\/3-Guate-Nuestra-Chiquimulilla-1-scaled.webp 1440w\" sizes=\"(max-width: 768px) 100vw, 768px\" \/>\n            <\/div>\n        <\/div><div class=\"eael-entry-wrapper\"><header class=\"eael-entry-header\"><h2 class=\"eael-entry-title\"><a class=\"eael-grid-post-link\" href=\"https:\/\/soymigrante.com\/revista\/ecoturismo-en-guatemala\/\" title=\"Joya natural en la bocacosta de Chiquimulilla, Santa Rosa\">Joya natural en la bocacosta de Chiquimulilla, Santa Rosa<\/a><\/h2><\/header><div class=\"eael-entry-content\">\n                        <div class=\"eael-grid-post-excerpt\"><a href=\"https:\/\/soymigrante.com\/revista\/ecoturismo-en-guatemala\/\" class=\"eael-post-elements-readmore-btn\">CONOCE SU HISTORIA <\/a><\/div>\n                    <\/div><\/div><\/div>\n        <\/div>\n    <\/article><\/div>\n            <div class=\"clearfix\"><\/div>\n        <\/div>\t\t\t\t<\/div>\n\t\t\t\t\t<\/div>\n\t\t\t\t<\/div>\n\t\t\t\t<\/div>\n\t\t","protected":false},"excerpt":{"rendered":"<p>Santa Rosa fue instituido como departamento en 1852; su cabecera fue alguna vez Santa Rosa de Lima pero posteriormente se traslad\u00f3 a Cuilapa, t\u00e9rmino que alguna vez fue Cuajiniquilapa. Conoce m\u00e1s . Santa Rosa es uno de los veintid\u00f3s departamentos que conforman Guatemala, situado en la regi\u00f3n sur del pa\u00eds. A continuaci\u00f3n, se presentan detalles [&hellip;]<\/p>\n","protected":false},"author":19,"featured_media":26751,"comment_status":"open","ping_status":"open","sticky":false,"template":"","format":"standard","meta":{"_acf_changed":false,"_eb_attr":"","footnotes":""},"categories":[58],"tags":[137],"class_list":["post-26750","post","type-post","status-publish","format-standard","has-post-thumbnail","hentry","category-guate-nuestra","tag-departamentos-de-guatemala"],"acf":[],"aioseo_notices":[],"aioseo_head":"\n\t\t<!-- All in One SEO Pro 4.9.6.2 - aioseo.com -->\n\t<meta name=\"description\" content=\"Imag\u00ednese un refrescante ba\u00f1o enmedio del calor tropical, entre las monta\u00f1as y la Costa Sur. Rodeados de naturaleza conservada gracias a la labor de un visionario y entusiasta el ecoturismo. Quien visita Guatemala y desea una experiencia ecol\u00f3gica integral no puede dejar de visitar este parque natural conservado gracias a los ideales de un agr\u00f3nomo\" \/>\n\t<meta name=\"robots\" content=\"max-snippet:-1, max-image-preview:large, max-video-preview:-1\" \/>\n\t<meta name=\"author\" content=\"Gustavo Montenegro\"\/>\n\t<link rel=\"canonical\" href=\"https:\/\/soymigrante.com\/revista\/ecoturismo-en-guatemala\/\" \/>\n\t<meta name=\"generator\" content=\"All in One SEO Pro (AIOSEO) 4.9.6.2\" \/>\n\n\t\t<link rel=\"preconnect\" href=\"https:\/\/fonts.googleapis.com\" crossorigin>\n<link rel=\"preconnect\" href=\"https:\/\/fonts.gstatic.com\" crossorigin>\n\t\t<meta property=\"og:locale\" content=\"es_ES\" \/>\n\t\t<meta property=\"og:site_name\" content=\"SoyMigrante.com REVISTA \u2013 Nuestra misi\u00f3n es reconocer y dignificar al migrante.\" \/>\n\t\t<meta property=\"og:type\" content=\"article\" \/>\n\t\t<meta property=\"og:title\" content=\"Joya natural en la bocacosta de Chiquimulilla, Santa Rosa\" \/>\n\t\t<meta property=\"og:description\" content=\"Imag\u00ednese un refrescante ba\u00f1o enmedio del calor tropical, entre las monta\u00f1as y la Costa Sur. Rodeados de naturaleza conservada gracias a la labor de un visionario y entusiasta el ecoturismo. Quien visita Guatemala y desea una experiencia ecol\u00f3gica integral no puede dejar de visitar este parque natural conservado gracias a los ideales de un agr\u00f3nomo\" \/>\n\t\t<meta property=\"og:url\" content=\"https:\/\/soymigrante.com\/revista\/ecoturismo-en-guatemala\/\" \/>\n\t\t<meta property=\"og:image\" content=\"https:\/\/soymigrante.com\/revista\/wp-content\/uploads\/2023\/02\/3-Guate-Nuestra-Chiquimulilla-1-scaled.webp\" \/>\n\t\t<meta property=\"og:image:secure_url\" content=\"https:\/\/soymigrante.com\/revista\/wp-content\/uploads\/2023\/02\/3-Guate-Nuestra-Chiquimulilla-1-scaled.webp\" \/>\n\t\t<meta property=\"og:image:width\" content=\"1440\" \/>\n\t\t<meta property=\"og:image:height\" content=\"1920\" \/>\n\t\t<meta property=\"article:published_time\" content=\"2023-05-26T00:28:52+00:00\" \/>\n\t\t<meta property=\"article:modified_time\" content=\"2024-06-25T22:37:53+00:00\" \/>\n\t\t<meta property=\"article:publisher\" content=\"https:\/\/www.facebook.com\/soymigrantecom\" \/>\n\t\t<meta name=\"twitter:card\" content=\"summary_large_image\" \/>\n\t\t<meta name=\"twitter:site\" content=\"@SoyMigrante_com\" \/>\n\t\t<meta name=\"twitter:title\" content=\"Joya natural en la bocacosta de Chiquimulilla, Santa Rosa\" \/>\n\t\t<meta name=\"twitter:description\" content=\"Imag\u00ednese un refrescante ba\u00f1o enmedio del calor tropical, entre las monta\u00f1as y la Costa Sur. Rodeados de naturaleza conservada gracias a la labor de un visionario y entusiasta el ecoturismo. Quien visita Guatemala y desea una experiencia ecol\u00f3gica integral no puede dejar de visitar este parque natural conservado gracias a los ideales de un agr\u00f3nomo\" \/>\n\t\t<meta name=\"twitter:creator\" content=\"@SoyMigrante_com\" \/>\n\t\t<meta name=\"twitter:image\" content=\"https:\/\/soymigrante.com\/revista\/wp-content\/uploads\/2023\/02\/3-Guate-Nuestra-Chiquimulilla-1-scaled.webp\" \/>\n\t\t<!-- All in One SEO Pro -->\r\n\t\t<title>Joya natural en la bocacosta de Chiquimulilla, Santa Rosa<\/title>\n\n","aioseo_head_json":{"title":"Joya natural en la bocacosta de Chiquimulilla, Santa Rosa","description":"Imag\u00ednese un refrescante ba\u00f1o enmedio del calor tropical, entre las monta\u00f1as y la Costa Sur. Rodeados de naturaleza conservada gracias a la labor de un visionario y entusiasta el ecoturismo. Quien visita Guatemala y desea una experiencia ecol\u00f3gica integral no puede dejar de visitar este parque natural conservado gracias a los ideales de un agr\u00f3nomo","canonical_url":"https:\/\/soymigrante.com\/revista\/ecoturismo-en-guatemala\/","robots":"max-snippet:-1, max-image-preview:large, max-video-preview:-1","keywords":"","webmasterTools":{"miscellaneous":"&lt;link rel=\"preconnect\" href=\"https:\/\/fonts.googleapis.com\" crossorigin&gt;\n&lt;link rel=\"preconnect\" href=\"https:\/\/fonts.gstatic.com\" crossorigin&gt;"},"schema":null,"og:locale":"es_ES","og:site_name":"SoyMigrante.com REVISTA \u2013 Nuestra misi\u00f3n es reconocer y dignificar al migrante.","og:type":"article","og:title":"Joya natural en la bocacosta de Chiquimulilla, Santa Rosa","og:description":"Imag\u00ednese un refrescante ba\u00f1o enmedio del calor tropical, entre las monta\u00f1as y la Costa Sur. Rodeados de naturaleza conservada gracias a la labor de un visionario y entusiasta el ecoturismo. Quien visita Guatemala y desea una experiencia ecol\u00f3gica integral no puede dejar de visitar este parque natural conservado gracias a los ideales de un agr\u00f3nomo","og:url":"https:\/\/soymigrante.com\/revista\/ecoturismo-en-guatemala\/","og:image":"https:\/\/soymigrante.com\/revista\/wp-content\/uploads\/2023\/02\/3-Guate-Nuestra-Chiquimulilla-1-scaled.webp","og:image:secure_url":"https:\/\/soymigrante.com\/revista\/wp-content\/uploads\/2023\/02\/3-Guate-Nuestra-Chiquimulilla-1-scaled.webp","og:image:width":1440,"og:image:height":1920,"article:published_time":"2023-05-26T00:28:52+00:00","article:modified_time":"2024-06-25T22:37:53+00:00","article:publisher":"https:\/\/www.facebook.com\/soymigrantecom","twitter:card":"summary_large_image","twitter:site":"@SoyMigrante_com","twitter:title":"Joya natural en la bocacosta de Chiquimulilla, Santa Rosa","twitter:description":"Imag\u00ednese un refrescante ba\u00f1o enmedio del calor tropical, entre las monta\u00f1as y la Costa Sur. Rodeados de naturaleza conservada gracias a la labor de un visionario y entusiasta el ecoturismo. Quien visita Guatemala y desea una experiencia ecol\u00f3gica integral no puede dejar de visitar este parque natural conservado gracias a los ideales de un agr\u00f3nomo","twitter:creator":"@SoyMigrante_com","twitter:image":"https:\/\/soymigrante.com\/revista\/wp-content\/uploads\/2023\/02\/3-Guate-Nuestra-Chiquimulilla-1-scaled.webp"},"aioseo_meta_data":{"post_id":"26750","title":"Santa Rosa es considerado el \"centro de Las Am\u00e9ricas\"","description":"Santa Rosa fue alguna vez un distrito de Escuintla pero en 1852 fue decretado como departamento. Tiene todos los climas desde monta\u00f1a hasta sus famosas playas.","keywords":null,"keyphrases":{"focus":{"keyphrase":"Santa Rosa","score":87,"analysis":{"keyphraseInTitle":{"score":9,"maxScore":9,"error":0},"keyphraseInDescription":{"score":9,"maxScore":9,"error":0},"keyphraseLength":{"score":9,"maxScore":9,"error":0,"length":2},"keyphraseInURL":{"score":5,"maxScore":5,"error":0},"keyphraseInIntroduction":{"score":9,"maxScore":9,"error":0},"keyphraseInSubHeadings":{"score":9,"maxScore":9,"error":0},"keyphraseInImageAlt":{"score":9,"maxScore":9,"error":0},"keywordDensity":{"type":"high","score":0,"maxScore":9,"error":1}}},"additional":[{"keyphrase":"Santa Rosa","score":80,"analysis":{"keyphraseInDescription":{"score":9,"maxScore":9,"error":0},"keyphraseLength":{"score":9,"maxScore":9,"error":0,"length":2},"keyphraseInIntroduction":{"score":9,"maxScore":9,"error":0},"keyphraseInImageAlt":{"score":9,"maxScore":9,"error":0},"keywordDensity":{"type":"high","score":0,"maxScore":9,"error":1}}},{"keyphrase":"Departamentos","score":67,"analysis":{"keyphraseInDescription":{"score":3,"maxScore":9,"error":1},"keyphraseLength":{"score":9,"maxScore":9,"error":0,"length":1},"keyphraseInIntroduction":{"score":9,"maxScore":9,"error":0},"keyphraseInImageAlt":{"score":9,"maxScore":9,"error":0},"keywordDensity":{"score":0,"type":"low","maxScore":9,"error":1}}}]},"primary_term":null,"canonical_url":null,"og_title":null,"og_description":null,"og_object_type":"default","og_image_type":"default","og_image_url":null,"og_image_width":null,"og_image_height":null,"og_image_custom_url":null,"og_image_custom_fields":null,"og_video":"","og_custom_url":null,"og_article_section":null,"og_article_tags":null,"twitter_use_og":false,"twitter_card":"default","twitter_image_type":"default","twitter_image_url":null,"twitter_image_custom_url":null,"twitter_image_custom_fields":null,"twitter_title":null,"twitter_description":null,"schema":{"blockGraphs":[],"customGraphs":[],"default":{"data":{"Article":[],"Course":[],"Dataset":[],"FAQPage":[],"Movie":[],"Person":[],"Product":[],"ProductReview":[],"Car":[],"Recipe":[],"Service":[],"SoftwareApplication":[],"WebPage":[]},"graphName":"BlogPosting","isEnabled":true},"graphs":[]},"schema_type":"default","schema_type_options":null,"pillar_content":false,"robots_default":true,"robots_noindex":false,"robots_noarchive":false,"robots_nosnippet":false,"robots_nofollow":false,"robots_noimageindex":false,"robots_noodp":false,"robots_notranslate":false,"robots_max_snippet":"-1","robots_max_videopreview":"-1","robots_max_imagepreview":"large","priority":null,"frequency":"default","local_seo":null,"seo_analyzer_scan_date":"2025-10-09 03:07:48","breadcrumb_settings":null,"limit_modified_date":false,"reviewed_by":null,"open_ai":"{\"title\":{\"suggestions\":[],\"usage\":0},\"description\":{\"suggestions\":[],\"usage\":0}}","ai":null,"created":"2025-03-03 18:49:36","updated":"2026-02-04 21:58:40"},"aioseo_breadcrumb":"<div class=\"aioseo-breadcrumbs\"><span class=\"aioseo-breadcrumb\">\n\t<a href=\"https:\/\/soymigrante.com\/revista\" title=\"Home\">Home<\/a>\n<\/span><span class=\"aioseo-breadcrumb-separator\">\u00bb<\/span><span class=\"aioseo-breadcrumb\">\n\t<a href=\"https:\/\/soymigrante.com\/revista\/category\/guate-nuestra\/\" title=\"Guate Nuestra\">Guate Nuestra<\/a>\n<\/span><span class=\"aioseo-breadcrumb-separator\">\u00bb<\/span><span class=\"aioseo-breadcrumb\">\n\tDepartamentos de Guatemala: Santa Rosa es considerado el Centro de las Am\u00e9ricas\n<\/span><\/div>","aioseo_breadcrumb_json":[{"label":"Home","link":"https:\/\/soymigrante.com\/revista"},{"label":"Guate Nuestra","link":"https:\/\/soymigrante.com\/revista\/category\/guate-nuestra\/"},{"label":"Departamentos de Guatemala: Santa Rosa es considerado el Centro de las Am\u00e9ricas","link":"https:\/\/soymigrante.com\/revista\/departamentos-de-guatemala-santa-rosa-es-considerado-el-centro-de-las-americas\/"}],"_links":{"self":[{"href":"https:\/\/soymigrante.com\/revista\/wp-json\/wp\/v2\/posts\/26750","targetHints":{"allow":["GET"]}}],"collection":[{"href":"https:\/\/soymigrante.com\/revista\/wp-json\/wp\/v2\/posts"}],"about":[{"href":"https:\/\/soymigrante.com\/revista\/wp-json\/wp\/v2\/types\/post"}],"author":[{"embeddable":true,"href":"https:\/\/soymigrante.com\/revista\/wp-json\/wp\/v2\/users\/19"}],"replies":[{"embeddable":true,"href":"https:\/\/soymigrante.com\/revista\/wp-json\/wp\/v2\/comments?post=26750"}],"version-history":[{"count":0,"href":"https:\/\/soymigrante.com\/revista\/wp-json\/wp\/v2\/posts\/26750\/revisions"}],"wp:featuredmedia":[{"embeddable":true,"href":"https:\/\/soymigrante.com\/revista\/wp-json\/wp\/v2\/media\/26751"}],"wp:attachment":[{"href":"https:\/\/soymigrante.com\/revista\/wp-json\/wp\/v2\/media?parent=26750"}],"wp:term":[{"taxonomy":"category","embeddable":true,"href":"https:\/\/soymigrante.com\/revista\/wp-json\/wp\/v2\/categories?post=26750"},{"taxonomy":"post_tag","embeddable":true,"href":"https:\/\/soymigrante.com\/revista\/wp-json\/wp\/v2\/tags?post=26750"}],"curies":[{"name":"wp","href":"https:\/\/api.w.org\/{rel}","templated":true}]}}