{"id":2671,"date":"2023-09-25T20:02:01","date_gmt":"2023-09-25T20:02:01","guid":{"rendered":"https:\/\/soymigrante.com\/revista\/?p=2671"},"modified":"2024-07-30T10:08:43","modified_gmt":"2024-07-30T16:08:43","slug":"panadero-y-migrante-guatemalteco-lleva-un-sabor-tradicional-a-brooklyn","status":"publish","type":"post","link":"https:\/\/soymigrante.com\/revista\/panadero-y-migrante-guatemalteco-lleva-un-sabor-tradicional-a-brooklyn\/","title":{"rendered":"Panadero y migrante guatemalteco Miguel Chuc lleva un sabor tradicional a Brooklyn"},"content":{"rendered":"\t\t<div data-elementor-type=\"wp-post\" data-elementor-id=\"2671\" class=\"elementor elementor-2671\" data-elementor-post-type=\"post\">\n\t\t\t\t\t\t<section data-particle_enable=\"false\" data-particle-mobile-disabled=\"false\" class=\"elementor-section elementor-top-section elementor-element elementor-element-d7f6305 elementor-section-boxed elementor-section-height-default elementor-section-height-default\" data-id=\"d7f6305\" data-element_type=\"section\" data-e-type=\"section\">\n\t\t\t\t\t\t<div class=\"elementor-container elementor-column-gap-default\">\n\t\t\t\t\t<div class=\"elementor-column elementor-col-100 elementor-top-column elementor-element elementor-element-380277d\" data-id=\"380277d\" data-element_type=\"column\" data-e-type=\"column\">\n\t\t\t<div class=\"elementor-widget-wrap elementor-element-populated\">\n\t\t\t\t\t\t<div class=\"elementor-element elementor-element-c0f5936 elementor-widget elementor-widget-heading\" data-id=\"c0f5936\" data-element_type=\"widget\" data-e-type=\"widget\" data-widget_type=\"heading.default\">\n\t\t\t\t\t<h1 class=\"elementor-heading-title elementor-size-default\">Miguel Chun es panadero y migrante guatemalteco. Fund\u00f3 una panader\u00eda artesanal en Brooklyn, New York Estados Unidos, donde ofrece a la comunidad variedad de panes y pasteles con el sabor artesanal. <\/h1>\t\t\t\t<\/div>\n\t\t\t\t\t<\/div>\n\t\t<\/div>\n\t\t\t\t\t<\/div>\n\t\t<\/section>\n\t\t\t\t<section data-particle_enable=\"false\" data-particle-mobile-disabled=\"false\" class=\"elementor-section elementor-top-section elementor-element elementor-element-571aa8b elementor-section-boxed elementor-section-height-default elementor-section-height-default\" data-id=\"571aa8b\" data-element_type=\"section\" data-e-type=\"section\">\n\t\t\t\t\t\t<div class=\"elementor-container elementor-column-gap-default\">\n\t\t\t\t\t<div class=\"elementor-column elementor-col-100 elementor-top-column elementor-element elementor-element-c3d45ff\" data-id=\"c3d45ff\" data-element_type=\"column\" data-e-type=\"column\">\n\t\t\t<div class=\"elementor-widget-wrap elementor-element-populated\">\n\t\t\t\t\t\t<div class=\"elementor-element elementor-element-3b3c49e elementor-widget elementor-widget-image\" data-id=\"3b3c49e\" data-element_type=\"widget\" data-e-type=\"widget\" data-widget_type=\"image.default\">\n\t\t\t\t\t\t\t\t\t\t\t\t<figure class=\"wp-caption\">\n\t\t\t\t\t\t\t\t\t\t<img fetchpriority=\"high\" decoding=\"async\" width=\"768\" height=\"576\" src=\"https:\/\/soymigrante.com\/revista\/wp-content\/uploads\/2023\/09\/Apertura-Totopan-Bakery-panaderia-y-pasteleria-Guatemalteca-Foto_-Redes-Sociales-768x576.webp\" class=\"attachment-medium_large size-medium_large wp-image-2657\" alt=\"Apertura Totopan Bakery panader\u00eda y pasteler\u00eda Guatemalteca Foto_ Redes Sociales\" srcset=\"https:\/\/soymigrante.com\/revista\/wp-content\/uploads\/2023\/09\/Apertura-Totopan-Bakery-panaderia-y-pasteleria-Guatemalteca-Foto_-Redes-Sociales-768x576.webp 768w, https:\/\/soymigrante.com\/revista\/wp-content\/uploads\/2023\/09\/Apertura-Totopan-Bakery-panaderia-y-pasteleria-Guatemalteca-Foto_-Redes-Sociales-300x225.webp 300w, https:\/\/soymigrante.com\/revista\/wp-content\/uploads\/2023\/09\/Apertura-Totopan-Bakery-panaderia-y-pasteleria-Guatemalteca-Foto_-Redes-Sociales-1024x768.webp 1024w, https:\/\/soymigrante.com\/revista\/wp-content\/uploads\/2023\/09\/Apertura-Totopan-Bakery-panaderia-y-pasteleria-Guatemalteca-Foto_-Redes-Sociales-750x563.webp 750w, https:\/\/soymigrante.com\/revista\/wp-content\/uploads\/2023\/09\/Apertura-Totopan-Bakery-panaderia-y-pasteleria-Guatemalteca-Foto_-Redes-Sociales.webp 1080w\" sizes=\"(max-width: 768px) 100vw, 768px\" title=\"Apertura Totopan Bakery panader\u00eda y pasteler\u00eda Guatemalteca Foto_ Redes Sociales \u2013 SoyMigrante.com REVISTA\" \/>\t\t\t\t\t\t\t\t\t\t\t<figcaption class=\"widget-image-caption wp-caption-text\">Miguel emprendi\u00f3 su panader\u00eda y pasteler\u00eda en Brooklyn, New York sue\u00f1o que logr\u00f3 gracias a su perseverancia y disciplina, es originario de Totonicap\u00e1n, Guatemala, lugar que ha permitido espacios laborales. Foto: Redes Sociales<\/figcaption>\n\t\t\t\t\t\t\t\t\t\t<\/figure>\n\t\t\t\t\t\t\t\t\t<\/div>\n\t\t\t\t\t<\/div>\n\t\t<\/div>\n\t\t\t\t\t<\/div>\n\t\t<\/section>\n\t\t\t\t<section data-particle_enable=\"false\" data-particle-mobile-disabled=\"false\" class=\"elementor-section elementor-top-section elementor-element elementor-element-392494d elementor-section-boxed elementor-section-height-default elementor-section-height-default\" data-id=\"392494d\" data-element_type=\"section\" data-e-type=\"section\">\n\t\t\t\t\t\t<div class=\"elementor-container elementor-column-gap-default\">\n\t\t\t\t\t<div class=\"elementor-column elementor-col-100 elementor-top-column elementor-element elementor-element-2f87dbd\" data-id=\"2f87dbd\" data-element_type=\"column\" data-e-type=\"column\">\n\t\t\t<div class=\"elementor-widget-wrap elementor-element-populated\">\n\t\t\t\t\t\t<div class=\"elementor-element elementor-element-1a342ed elementor-widget elementor-widget-heading\" data-id=\"1a342ed\" data-element_type=\"widget\" data-e-type=\"widget\" data-widget_type=\"heading.default\">\n\t\t\t\t\t<h2 class=\"elementor-heading-title elementor-size-default\">Totopan Bakery \n<\/h2>\t\t\t\t<\/div>\n\t\t\t\t<div class=\"elementor-element elementor-element-179a2f2 elementor-widget elementor-widget-text-editor\" data-id=\"179a2f2\" data-element_type=\"widget\" data-e-type=\"widget\" data-widget_type=\"text-editor.default\">\n\t\t\t\t\t\t\t\t\t<p><span style=\"font-weight: 400\">Miguel lleg\u00f3 a Estados Unidos con el sue\u00f1o de encontrar una oportunidad y emprender, tras enfrentar varios retos y desaf\u00edos logr\u00f3 colocar su negocio en panader\u00eda y pasteler\u00eda un sue\u00f1o que ahora alimenta los corazones de los migrantes guatemaltecos en Brooklyn, New York.<\/span><\/p><p><span style=\"font-weight: 400\">Los dones en pasteler\u00eda y panader\u00eda los perfeccion\u00f3 con el tiempo, con esfuerzo y dedicaci\u00f3n emprendi\u00f3 su negocio al que llam\u00f3; Totopan Bakery panader\u00eda y pasteler\u00eda guatemalteca, lugar que naci\u00f3 hace diez a\u00f1os con el objetivo de llevar el sabor artesanal en panes y pasteles \u00fanicos de la regi\u00f3n de Totonicap\u00e1n, Guatemala hacia Brooklyn New York, Estados Unidos.<\/span><\/p><p><span style=\"font-weight: 400\">\u201cMi sue\u00f1o era traer el sabor y tradici\u00f3n a New York\u201d. El sabor y la elaboraci\u00f3n tiene or\u00edgenes del municipio y departamento de Totonicap\u00e1n, Guatemala, Miguel decidi\u00f3 buscar y emprender su camino que le permite ahora llevar el sabor de generaci\u00f3n en generaci\u00f3n, actualmente su negocio se ubica en 7117 20th Ave, Brooklyn, New York, Estados Unidos.<\/span><\/p>\t\t\t\t\t\t\t\t<\/div>\n\t\t\t\t\t<\/div>\n\t\t<\/div>\n\t\t\t\t\t<\/div>\n\t\t<\/section>\n\t\t\t\t<section data-particle_enable=\"false\" data-particle-mobile-disabled=\"false\" class=\"elementor-section elementor-top-section elementor-element elementor-element-d9313ae elementor-section-boxed elementor-section-height-default elementor-section-height-default\" data-id=\"d9313ae\" data-element_type=\"section\" data-e-type=\"section\">\n\t\t\t\t\t\t<div class=\"elementor-container elementor-column-gap-default\">\n\t\t\t\t\t<div class=\"elementor-column elementor-col-100 elementor-top-column elementor-element elementor-element-98e18d2\" data-id=\"98e18d2\" data-element_type=\"column\" data-e-type=\"column\">\n\t\t\t<div class=\"elementor-widget-wrap elementor-element-populated\">\n\t\t\t\t\t\t<div class=\"elementor-element elementor-element-e2ff2a6 elementor-widget elementor-widget-image\" data-id=\"e2ff2a6\" data-element_type=\"widget\" data-e-type=\"widget\" data-widget_type=\"image.default\">\n\t\t\t\t\t\t\t\t\t\t\t\t\t\t\t<img decoding=\"async\" width=\"768\" height=\"607\" src=\"https:\/\/soymigrante.com\/revista\/wp-content\/uploads\/2023\/09\/Captura-de-pantalla-2023-09-25-140528.webp\" class=\"attachment-large size-large wp-image-2696\" alt=\"Sacar adelante a su familia es el gran motor de Miguel Chuc, fundador de la panader\u00eda Totop\u00e1n, en Brooklyn, Nueva York.\" srcset=\"https:\/\/soymigrante.com\/revista\/wp-content\/uploads\/2023\/09\/Captura-de-pantalla-2023-09-25-140528.webp 932w, https:\/\/soymigrante.com\/revista\/wp-content\/uploads\/2023\/09\/Captura-de-pantalla-2023-09-25-140528-300x237.webp 300w, https:\/\/soymigrante.com\/revista\/wp-content\/uploads\/2023\/09\/Captura-de-pantalla-2023-09-25-140528-768x607.webp 768w, https:\/\/soymigrante.com\/revista\/wp-content\/uploads\/2023\/09\/Captura-de-pantalla-2023-09-25-140528-750x593.webp 750w\" sizes=\"(max-width: 768px) 100vw, 768px\" title=\"Sacar adelante a su familia es el gran motor de Miguel Chuc, fundador de la panader\u00eda Totop\u00e1n, en Brooklyn, Nueva York. \u2013 SoyMigrante.com REVISTA\" \/>\t\t\t\t\t\t\t\t\t\t\t\t\t\t\t<\/div>\n\t\t\t\t\t<\/div>\n\t\t<\/div>\n\t\t\t\t\t<\/div>\n\t\t<\/section>\n\t\t\t\t<section data-particle_enable=\"false\" data-particle-mobile-disabled=\"false\" class=\"elementor-section elementor-top-section elementor-element elementor-element-6aaf2fd elementor-section-boxed elementor-section-height-default elementor-section-height-default\" data-id=\"6aaf2fd\" data-element_type=\"section\" data-e-type=\"section\">\n\t\t\t\t\t\t<div class=\"elementor-container elementor-column-gap-default\">\n\t\t\t\t\t<div class=\"elementor-column elementor-col-100 elementor-top-column elementor-element elementor-element-f1862dd\" data-id=\"f1862dd\" data-element_type=\"column\" data-e-type=\"column\">\n\t\t\t<div class=\"elementor-widget-wrap elementor-element-populated\">\n\t\t\t\t\t\t<div class=\"elementor-element elementor-element-c9d1693 elementor-widget elementor-widget-heading\" data-id=\"c9d1693\" data-element_type=\"widget\" data-e-type=\"widget\" data-widget_type=\"heading.default\">\n\t\t\t\t\t<h2 class=\"elementor-heading-title elementor-size-default\">El sabor guatemalteco<\/h2>\t\t\t\t<\/div>\n\t\t\t\t<div class=\"elementor-element elementor-element-61a94a0 elementor-widget elementor-widget-text-editor\" data-id=\"61a94a0\" data-element_type=\"widget\" data-e-type=\"widget\" data-widget_type=\"text-editor.default\">\n\t\t\t\t\t\t\t\t\t<p><span style=\"font-weight: 400\">Los panes artesanales conllevan un proceso largo de preparaci\u00f3n, pero sobre todo cari\u00f1o y amor, los panes m\u00e1s adquiridos son: molletes, az\u00facar, bizcochos, pan para chucos, franc\u00e9s, besitos, cachitos, cubitos y pasteles de sabores magn\u00edficos que al probarlos hacen recordar su tierra y sobre todo los or\u00edgenes.<\/span><\/p>\t\t\t\t\t\t\t\t<\/div>\n\t\t\t\t\t<\/div>\n\t\t<\/div>\n\t\t\t\t\t<\/div>\n\t\t<\/section>\n\t\t\t\t<section data-particle_enable=\"false\" data-particle-mobile-disabled=\"false\" class=\"elementor-section elementor-top-section elementor-element elementor-element-d5b6d26 elementor-section-boxed elementor-section-height-default elementor-section-height-default\" data-id=\"d5b6d26\" data-element_type=\"section\" data-e-type=\"section\">\n\t\t\t\t\t\t<div class=\"elementor-container elementor-column-gap-default\">\n\t\t\t\t\t<div class=\"elementor-column elementor-col-100 elementor-top-column elementor-element elementor-element-03809c5\" data-id=\"03809c5\" data-element_type=\"column\" data-e-type=\"column\">\n\t\t\t<div class=\"elementor-widget-wrap elementor-element-populated\">\n\t\t\t\t\t\t<div class=\"elementor-element elementor-element-1c21bcf elementor-arrows-position-inside elementor-pagination-position-outside elementor-widget elementor-widget-image-carousel\" data-id=\"1c21bcf\" data-element_type=\"widget\" data-e-type=\"widget\" data-settings=\"{&quot;slides_to_show&quot;:&quot;1&quot;,&quot;navigation&quot;:&quot;both&quot;,&quot;autoplay&quot;:&quot;yes&quot;,&quot;pause_on_hover&quot;:&quot;yes&quot;,&quot;pause_on_interaction&quot;:&quot;yes&quot;,&quot;autoplay_speed&quot;:5000,&quot;infinite&quot;:&quot;yes&quot;,&quot;effect&quot;:&quot;slide&quot;,&quot;speed&quot;:500}\" data-widget_type=\"image-carousel.default\">\n\t\t\t\t\t\t\t<div class=\"elementor-image-carousel-wrapper swiper\" role=\"region\" aria-roledescription=\"carousel\" aria-label=\"Carrusel de im\u00e1genes\" dir=\"ltr\">\n\t\t\t<div class=\"elementor-image-carousel swiper-wrapper\" aria-live=\"off\">\n\t\t\t\t\t\t\t\t<div class=\"swiper-slide\" role=\"group\" aria-roledescription=\"slide\" aria-label=\"1 de 5\"><figure class=\"swiper-slide-inner\"><img decoding=\"async\" class=\"swiper-slide-image\" src=\"https:\/\/soymigrante.com\/revista\/wp-content\/uploads\/2023\/09\/Variedad-de-panes_-pan-frances-besitos-cuernitos-coronas-conchas-aviones-xeca-blanca-y-negra-768x576.webp\" alt=\"Variedad de panes_ pan franc\u00e9s besitos, cuernitos, coronas, conchas, aviones, xeca blanca y negra\" \/><figcaption class=\"elementor-image-carousel-caption\">Variedad de panes_ pan franc\u00e9s besitos, cuernitos, coronas, conchas, aviones, xeca blanca y negra<\/figcaption><\/figure><\/div><div class=\"swiper-slide\" role=\"group\" aria-roledescription=\"slide\" aria-label=\"2 de 5\"><figure class=\"swiper-slide-inner\"><img decoding=\"async\" class=\"swiper-slide-image\" src=\"https:\/\/soymigrante.com\/revista\/wp-content\/uploads\/2023\/09\/Variedad-de-panes-tradicionales-artesanales-unicos-en-Guatemala--768x576.webp\" alt=\"Variedad de panes tradicionales artesanales \u00fanicos en Guatemala\" \/><figcaption class=\"elementor-image-carousel-caption\">Variedad de panes tradicionales artesanales \u00fanicos en Guatemala<\/figcaption><\/figure><\/div><div class=\"swiper-slide\" role=\"group\" aria-roledescription=\"slide\" aria-label=\"3 de 5\"><figure class=\"swiper-slide-inner\"><img decoding=\"async\" class=\"swiper-slide-image\" src=\"https:\/\/soymigrante.com\/revista\/wp-content\/uploads\/2023\/09\/Totopan-Bakery-elabora-panes-tradicionales-y-artesanales-de-Guatemala-como-pan-de-corona-biscochos-y-molletes-768x470.webp\" alt=\"Totopan Bakery elabora panes tradicionales y artesanales de Guatemala como pan de corona, biscochos y molletes\" \/><figcaption class=\"elementor-image-carousel-caption\">Totopan Bakery elabora panes tradicionales y artesanales de Guatemala como pan de corona, biscochos y molletes<\/figcaption><\/figure><\/div><div class=\"swiper-slide\" role=\"group\" aria-roledescription=\"slide\" aria-label=\"4 de 5\"><figure class=\"swiper-slide-inner\"><img decoding=\"async\" class=\"swiper-slide-image\" src=\"https:\/\/soymigrante.com\/revista\/wp-content\/uploads\/2023\/09\/El-asombroso-pan-mollete-cubierto-de-harina-blanca-768x576.webp\" alt=\"El asombroso pan mollete cubierto de harina blanca\" \/><figcaption class=\"elementor-image-carousel-caption\">El asombroso pan mollete cubierto de harina blanca<\/figcaption><\/figure><\/div><div class=\"swiper-slide\" role=\"group\" aria-roledescription=\"slide\" aria-label=\"5 de 5\"><figure class=\"swiper-slide-inner\"><img decoding=\"async\" class=\"swiper-slide-image\" src=\"https:\/\/soymigrante.com\/revista\/wp-content\/uploads\/2023\/09\/Tradicional-pan-frances-se-acostumbra-acompanar-con-tamales-paches-en-Guatemala-e1695672138699.webp\" alt=\"Tradicional pan franc\u00e9s se acostumbra acompa\u00f1ar con tamales (paches) en Guatemala\" \/><figcaption class=\"elementor-image-carousel-caption\">Tradicional pan franc\u00e9s se acostumbra acompa\u00f1ar con tamales (paches) en Guatemala<\/figcaption><\/figure><\/div>\t\t\t<\/div>\n\t\t\t\t\t\t\t\t\t\t\t\t<div class=\"elementor-swiper-button elementor-swiper-button-prev\" role=\"button\" tabindex=\"0\">\n\t\t\t\t\t\t<i aria-hidden=\"true\" class=\"eicon-chevron-left\"><\/i>\t\t\t\t\t<\/div>\n\t\t\t\t\t<div class=\"elementor-swiper-button elementor-swiper-button-next\" role=\"button\" tabindex=\"0\">\n\t\t\t\t\t\t<i aria-hidden=\"true\" class=\"eicon-chevron-right\"><\/i>\t\t\t\t\t<\/div>\n\t\t\t\t\n\t\t\t\t\t\t\t\t\t<div class=\"swiper-pagination\"><\/div>\n\t\t\t\t\t\t\t\t\t<\/div>\n\t\t\t\t\t\t<\/div>\n\t\t\t\t\t<\/div>\n\t\t<\/div>\n\t\t\t\t\t<\/div>\n\t\t<\/section>\n\t\t\t\t<section data-particle_enable=\"false\" data-particle-mobile-disabled=\"false\" class=\"elementor-section elementor-top-section elementor-element elementor-element-cdd1fc3 elementor-section-boxed elementor-section-height-default elementor-section-height-default\" data-id=\"cdd1fc3\" data-element_type=\"section\" data-e-type=\"section\">\n\t\t\t\t\t\t<div class=\"elementor-container elementor-column-gap-default\">\n\t\t\t\t\t<div class=\"elementor-column elementor-col-100 elementor-top-column elementor-element elementor-element-36bd7b6\" data-id=\"36bd7b6\" data-element_type=\"column\" data-e-type=\"column\">\n\t\t\t<div class=\"elementor-widget-wrap elementor-element-populated\">\n\t\t\t\t\t\t<div class=\"elementor-element elementor-element-37578a9 elementor-widget elementor-widget-text-editor\" data-id=\"37578a9\" data-element_type=\"widget\" data-e-type=\"widget\" data-widget_type=\"text-editor.default\">\n\t\t\t\t\t\t\t\t\t<p><span style=\"font-weight: 400\">El negocio est\u00e1 modificado y ajustado como una de las panader\u00edas en Guatemala, espacio que permite la creaci\u00f3n de un ambiente laboral amigable y sobre todo para recordar la tierra natal, el negocio cuenta con el \u00e1rea de cocci\u00f3n (hornos), enfriamiento y \u00e1rea de mostrador donde se ponen a disposici\u00f3n todos los productos.<\/span><\/p><p><span style=\"font-weight: 400\">\u201cMe lleva a mi infancia, unos 25 a\u00f1os atr\u00e1s, este siempre fue mi sue\u00f1o traer un poquito de nuestra tradici\u00f3n ac\u00e1 a New York, Gracias Dios con esfuerzo se ha hecho realidad\u201d agreg\u00f3 en una entrevista realizada por Julio Julajuj fot\u00f3grafo guatemalteco.<\/span><\/p><p><span style=\"font-weight: 400\">El sabor es lo m\u00e1s impresionante de este negocio, pero tambi\u00e9n destaca que gracias a este emprendimiento existen espacios laborales para j\u00f3venes migrantes guatemaltecos y Centroam\u00e9rica que llegan en busca de una oportunidad laboral y un mejor futuro.<\/span><\/p>\t\t\t\t\t\t\t\t<\/div>\n\t\t\t\t\t<\/div>\n\t\t<\/div>\n\t\t\t\t\t<\/div>\n\t\t<\/section>\n\t\t\t\t<section data-particle_enable=\"false\" data-particle-mobile-disabled=\"false\" class=\"elementor-section elementor-top-section elementor-element elementor-element-50df016 elementor-section-boxed elementor-section-height-default elementor-section-height-default\" data-id=\"50df016\" data-element_type=\"section\" data-e-type=\"section\">\n\t\t\t\t\t\t<div class=\"elementor-container elementor-column-gap-default\">\n\t\t\t\t\t<div class=\"elementor-column elementor-col-100 elementor-top-column elementor-element elementor-element-7625c7c\" data-id=\"7625c7c\" data-element_type=\"column\" data-e-type=\"column\">\n\t\t\t<div class=\"elementor-widget-wrap elementor-element-populated\">\n\t\t\t\t\t\t<div class=\"elementor-element elementor-element-1432daa elementor-arrows-position-inside elementor-pagination-position-outside elementor-widget elementor-widget-image-carousel\" data-id=\"1432daa\" data-element_type=\"widget\" data-e-type=\"widget\" data-settings=\"{&quot;slides_to_show&quot;:&quot;1&quot;,&quot;navigation&quot;:&quot;both&quot;,&quot;autoplay&quot;:&quot;yes&quot;,&quot;pause_on_hover&quot;:&quot;yes&quot;,&quot;pause_on_interaction&quot;:&quot;yes&quot;,&quot;autoplay_speed&quot;:5000,&quot;infinite&quot;:&quot;yes&quot;,&quot;effect&quot;:&quot;slide&quot;,&quot;speed&quot;:500}\" data-widget_type=\"image-carousel.default\">\n\t\t\t\t\t\t\t<div class=\"elementor-image-carousel-wrapper swiper\" role=\"region\" aria-roledescription=\"carousel\" aria-label=\"Carrusel de im\u00e1genes\" dir=\"ltr\">\n\t\t\t<div class=\"elementor-image-carousel swiper-wrapper\" aria-live=\"off\">\n\t\t\t\t\t\t\t\t<div class=\"swiper-slide\" role=\"group\" aria-roledescription=\"slide\" aria-label=\"1 de 4\"><figure class=\"swiper-slide-inner\"><img decoding=\"async\" class=\"swiper-slide-image\" src=\"https:\/\/soymigrante.com\/revista\/wp-content\/uploads\/2023\/09\/Pasteles-tradicionales-de-tres-leches-vainilla-y-chocolate-para-compartir--768x576.webp\" alt=\"Pasteles tradicionales de tres leches, vainilla y chocolate para compartir\" \/><figcaption class=\"elementor-image-carousel-caption\">Pasteles tradicionales de tres leches, vainilla y chocolate para compartir<\/figcaption><\/figure><\/div><div class=\"swiper-slide\" role=\"group\" aria-roledescription=\"slide\" aria-label=\"2 de 4\"><figure class=\"swiper-slide-inner\"><img decoding=\"async\" class=\"swiper-slide-image\" src=\"https:\/\/soymigrante.com\/revista\/wp-content\/uploads\/2023\/09\/Pasteles-tradicionales-con-decoracion-y-sabor-unicos-de-Guatemala-especiales-para-el-dia-de-las-madres-768x821.webp\" alt=\"Pasteles tradicionales con decoraci\u00f3n y sabor \u00fanicos de Guatemala especiales para el d\u00eda de las madres\" \/><figcaption class=\"elementor-image-carousel-caption\">Pasteles tradicionales con decoraci\u00f3n y sabor \u00fanicos de Guatemala especiales para el d\u00eda de las madres<\/figcaption><\/figure><\/div><div class=\"swiper-slide\" role=\"group\" aria-roledescription=\"slide\" aria-label=\"3 de 4\"><figure class=\"swiper-slide-inner\"><img decoding=\"async\" class=\"swiper-slide-image\" src=\"https:\/\/soymigrante.com\/revista\/wp-content\/uploads\/2023\/09\/El-sabor-tradicional-de-Totonicapan-Guatemala-tambien-es-visible-en-pasteles-de-boda-768x821.webp\" alt=\"El sabor tradicional de Totonicap\u00e1n Guatemala tambi\u00e9n es visible en pasteles de boda\" \/><figcaption class=\"elementor-image-carousel-caption\">El sabor tradicional de Totonicap\u00e1n Guatemala tambi\u00e9n es visible en pasteles de boda<\/figcaption><\/figure><\/div><div class=\"swiper-slide\" role=\"group\" aria-roledescription=\"slide\" aria-label=\"4 de 4\"><figure class=\"swiper-slide-inner\"><img decoding=\"async\" class=\"swiper-slide-image\" src=\"https:\/\/soymigrante.com\/revista\/wp-content\/uploads\/2023\/09\/Pastel-de-Chocolate-con-un-toque-de-frutos-rojos-variados-768x754.webp\" alt=\"Pastel de Chocolate con un toque de frutos rojos variados\" \/><figcaption class=\"elementor-image-carousel-caption\">Pastel de Chocolate con un toque de frutos rojos variados<\/figcaption><\/figure><\/div>\t\t\t<\/div>\n\t\t\t\t\t\t\t\t\t\t\t\t<div class=\"elementor-swiper-button elementor-swiper-button-prev\" role=\"button\" tabindex=\"0\">\n\t\t\t\t\t\t<i aria-hidden=\"true\" class=\"eicon-chevron-left\"><\/i>\t\t\t\t\t<\/div>\n\t\t\t\t\t<div class=\"elementor-swiper-button elementor-swiper-button-next\" role=\"button\" tabindex=\"0\">\n\t\t\t\t\t\t<i aria-hidden=\"true\" class=\"eicon-chevron-right\"><\/i>\t\t\t\t\t<\/div>\n\t\t\t\t\n\t\t\t\t\t\t\t\t\t<div class=\"swiper-pagination\"><\/div>\n\t\t\t\t\t\t\t\t\t<\/div>\n\t\t\t\t\t\t<\/div>\n\t\t\t\t\t<\/div>\n\t\t<\/div>\n\t\t\t\t\t<\/div>\n\t\t<\/section>\n\t\t\t\t<section data-particle_enable=\"false\" data-particle-mobile-disabled=\"false\" class=\"elementor-section elementor-top-section elementor-element elementor-element-35e6956 elementor-section-boxed elementor-section-height-default elementor-section-height-default\" data-id=\"35e6956\" data-element_type=\"section\" data-e-type=\"section\">\n\t\t\t\t\t\t<div class=\"elementor-container elementor-column-gap-default\">\n\t\t\t\t\t<div class=\"elementor-column elementor-col-100 elementor-top-column elementor-element elementor-element-cca2ce7\" data-id=\"cca2ce7\" data-element_type=\"column\" data-e-type=\"column\">\n\t\t\t<div class=\"elementor-widget-wrap elementor-element-populated\">\n\t\t\t\t\t\t<div class=\"elementor-element elementor-element-be06e03 elementor-widget elementor-widget-heading\" data-id=\"be06e03\" data-element_type=\"widget\" data-e-type=\"widget\" data-widget_type=\"heading.default\">\n\t\t\t\t\t<h2 class=\"elementor-heading-title elementor-size-default\">Todo es posible con amor y dedicaci\u00f3n\u00a0<\/h2>\t\t\t\t<\/div>\n\t\t\t\t<div class=\"elementor-element elementor-element-c3712a9 elementor-widget elementor-widget-text-editor\" data-id=\"c3712a9\" data-element_type=\"widget\" data-e-type=\"widget\" data-widget_type=\"text-editor.default\">\n\t\t\t\t\t\t\t\t\t<p><span style=\"font-weight: 400\">Miguel es un emprendedor y migrante guatemalteco que expresa mucha paciencia y sobre todo amor hacia su trabajo que ha logrado explotar con el apoyo incondicional de su familia en especial de su esposa. \u201cAl principio hubo d\u00edas y momentos dif\u00edciles en el que casi tiraba la toalla, pero la consistencia y disciplina fueron importantes, ver cumplir mi sue\u00f1o poco a poco fue lo que me motiv\u00f3 a seguir adelante\u201d.<\/span><\/p><p><span style=\"font-weight: 400\">La constancia y la perseverancia llev\u00f3 a Miguel a construir el sue\u00f1o de su infancia, ahora \u00e9l ama su trabajo y encontr\u00f3 una oportunidad en Estados Unidos, su esfuerzo la comparte con toda la comunidad migrante y locales de ese pa\u00eds. \u201cNo es f\u00e1cil emprender un negocio, pero tampoco es dif\u00edcil, la consistencia es lo que a m\u00ed me tiene aqu\u00ed, no es f\u00e1cil, pero si se puede, Estados Unidos es un pa\u00eds de oportunidades y hay que aprovecharlas\u201d <\/span><\/p>\t\t\t\t\t\t\t\t<\/div>\n\t\t\t\t\t<\/div>\n\t\t<\/div>\n\t\t\t\t\t<\/div>\n\t\t<\/section>\n\t\t\t\t<section data-particle_enable=\"false\" data-particle-mobile-disabled=\"false\" class=\"elementor-section elementor-top-section elementor-element elementor-element-0582199 elementor-section-boxed elementor-section-height-default elementor-section-height-default\" data-id=\"0582199\" data-element_type=\"section\" data-e-type=\"section\">\n\t\t\t\t\t\t<div class=\"elementor-container elementor-column-gap-default\">\n\t\t\t\t\t<div class=\"elementor-column elementor-col-100 elementor-top-column elementor-element elementor-element-17af9ee\" data-id=\"17af9ee\" data-element_type=\"column\" data-e-type=\"column\">\n\t\t\t<div class=\"elementor-widget-wrap elementor-element-populated\">\n\t\t\t\t\t\t<div class=\"elementor-element elementor-element-d4be344 elementor-widget elementor-widget-video\" data-id=\"d4be344\" data-element_type=\"widget\" data-e-type=\"widget\" data-settings=\"{&quot;youtube_url&quot;:&quot;https:\\\/\\\/www.youtube.com\\\/watch?v=mWeW3tNIxHA&quot;,&quot;start&quot;:117,&quot;end&quot;:240,&quot;show_image_overlay&quot;:&quot;yes&quot;,&quot;image_overlay&quot;:{&quot;url&quot;:&quot;https:\\\/\\\/soymigrante.com\\\/revista\\\/wp-content\\\/uploads\\\/2023\\\/09\\\/Captura-de-pantalla-2023-09-25-135954.jpg&quot;,&quot;id&quot;:2695,&quot;size&quot;:&quot;&quot;,&quot;alt&quot;:&quot;&quot;,&quot;source&quot;:&quot;library&quot;},&quot;video_type&quot;:&quot;youtube&quot;,&quot;controls&quot;:&quot;yes&quot;}\" data-widget_type=\"video.default\">\n\t\t\t\t\t\t\t<div class=\"elementor-wrapper elementor-open-inline\">\n\t\t\t<div class=\"elementor-video\"><\/div>\t\t\t\t<div class=\"elementor-custom-embed-image-overlay\" style=\"background-image: url(https:\/\/soymigrante.com\/revista\/wp-content\/uploads\/2023\/09\/Captura-de-pantalla-2023-09-25-135954.webp);\">\n\t\t\t\t\t\t\t\t\t\t\t\t\t\t\t\t<div class=\"elementor-custom-embed-play\" role=\"button\" aria-label=\"Reproducir v\u00eddeo\" tabindex=\"0\">\n\t\t\t\t\t\t\t<i aria-hidden=\"true\" class=\"eicon-play\"><\/i>\t\t\t\t\t\t<\/div>\n\t\t\t\t\t\t\t\t\t<\/div>\n\t\t\t\t\t<\/div>\n\t\t\t\t\t\t<\/div>\n\t\t\t\t\t<\/div>\n\t\t<\/div>\n\t\t\t\t\t<\/div>\n\t\t<\/section>\n\t\t\t\t<\/div>\n\t\t","protected":false},"excerpt":{"rendered":"<p>Miguel Chun es panadero y migrante guatemalteco. Fund\u00f3 una panader\u00eda artesanal en Brooklyn, New York Estados Unidos, donde ofrece a la comunidad variedad de panes y pasteles con el sabor artesanal. Miguel emprendi\u00f3 su panader\u00eda y pasteler\u00eda en Brooklyn, New York sue\u00f1o que logr\u00f3 gracias a su perseverancia y disciplina, es originario de Totonicap\u00e1n, Guatemala, [&hellip;]<\/p>\n","protected":false},"author":10,"featured_media":2666,"comment_status":"open","ping_status":"open","sticky":false,"template":"","format":"standard","meta":{"_acf_changed":false,"_eb_attr":"","footnotes":""},"categories":[50],"tags":[],"class_list":["post-2671","post","type-post","status-publish","format-standard","has-post-thumbnail","hentry","category-exitos"],"acf":[],"aioseo_notices":[],"aioseo_head":"\n\t\t<!-- All in One SEO Pro 4.9.6.2 - aioseo.com -->\n\t<meta name=\"description\" content=\"Miguel Chun es panadero y migrante guatemalteco. Fund\u00f3 una panader\u00eda artesanal en Brooklyn, New York Estados Unidos, donde ofrece a la comunidad variedad de panes y pasteles con el sabor artesanal. Totopan Bakery Miguel lleg\u00f3 a Estados Unidos con el sue\u00f1o de encontrar una oportunidad y emprender, tras enfrentar varios retos y desaf\u00edos logr\u00f3 colocar Migrante y panadero guatemalteco, emprendi\u00f3 su negocio en Brooklyn, New York, ofrece variedad de panes y pasteles con el sabor artesanal.\" \/>\n\t<meta name=\"robots\" content=\"max-snippet:-1, max-image-preview:large, max-video-preview:-1\" \/>\n\t<meta name=\"author\" content=\"Diana Batz\"\/>\n\t<link rel=\"canonical\" href=\"https:\/\/soymigrante.com\/revista\/panadero-y-migrante-guatemalteco-lleva-un-sabor-tradicional-a-brooklyn\/\" \/>\n\t<meta name=\"generator\" content=\"All in One SEO Pro (AIOSEO) 4.9.6.2\" \/>\n\n\t\t<link rel=\"preconnect\" href=\"https:\/\/fonts.googleapis.com\" crossorigin>\n<link rel=\"preconnect\" href=\"https:\/\/fonts.gstatic.com\" crossorigin>\n\t\t<meta property=\"og:locale\" content=\"es_ES\" \/>\n\t\t<meta property=\"og:site_name\" content=\"SoyMigrante.com REVISTA \u2013 Nuestra misi\u00f3n es reconocer y dignificar al migrante.\" \/>\n\t\t<meta property=\"og:type\" content=\"article\" \/>\n\t\t<meta property=\"og:title\" content=\"Panadero y migrante guatemalteco Miguel Chuc lleva un sabor tradicional a Brooklyn\" \/>\n\t\t<meta property=\"og:description\" content=\"Miguel Chun es panadero y migrante guatemalteco. Fund\u00f3 una panader\u00eda artesanal en Brooklyn, New York Estados Unidos, donde ofrece a la comunidad variedad de panes y pasteles con el sabor artesanal. Totopan Bakery Miguel lleg\u00f3 a Estados Unidos con el sue\u00f1o de encontrar una oportunidad y emprender, tras enfrentar varios retos y desaf\u00edos logr\u00f3 colocar Migrante y panadero guatemalteco, emprendi\u00f3 su negocio en Brooklyn, New York, ofrece variedad de panes y pasteles con el sabor artesanal.\" \/>\n\t\t<meta property=\"og:url\" content=\"https:\/\/soymigrante.com\/revista\/panadero-y-migrante-guatemalteco-lleva-un-sabor-tradicional-a-brooklyn\/\" \/>\n\t\t<meta property=\"og:image\" content=\"https:\/\/soymigrante.com\/revista\/wp-content\/uploads\/2023\/09\/Totopan-Bakery-se-ubica-en-Brooklin-New-York.webp\" \/>\n\t\t<meta property=\"og:image:secure_url\" content=\"https:\/\/soymigrante.com\/revista\/wp-content\/uploads\/2023\/09\/Totopan-Bakery-se-ubica-en-Brooklin-New-York.webp\" \/>\n\t\t<meta property=\"og:image:width\" content=\"1080\" \/>\n\t\t<meta property=\"og:image:height\" content=\"513\" \/>\n\t\t<meta property=\"article:published_time\" content=\"2023-09-25T20:02:01+00:00\" \/>\n\t\t<meta property=\"article:modified_time\" content=\"2024-07-30T16:08:43+00:00\" \/>\n\t\t<meta property=\"article:publisher\" content=\"https:\/\/www.facebook.com\/soymigrantecom\" \/>\n\t\t<meta name=\"twitter:card\" content=\"summary_large_image\" \/>\n\t\t<meta name=\"twitter:site\" content=\"@SoyMigrante_com\" \/>\n\t\t<meta name=\"twitter:title\" content=\"Panadero y migrante guatemalteco Miguel Chuc lleva un sabor tradicional a Brooklyn\" \/>\n\t\t<meta name=\"twitter:description\" content=\"Miguel Chun es panadero y migrante guatemalteco. Fund\u00f3 una panader\u00eda artesanal en Brooklyn, New York Estados Unidos, donde ofrece a la comunidad variedad de panes y pasteles con el sabor artesanal. Totopan Bakery Miguel lleg\u00f3 a Estados Unidos con el sue\u00f1o de encontrar una oportunidad y emprender, tras enfrentar varios retos y desaf\u00edos logr\u00f3 colocar Migrante y panadero guatemalteco, emprendi\u00f3 su negocio en Brooklyn, New York, ofrece variedad de panes y pasteles con el sabor artesanal.\" \/>\n\t\t<meta name=\"twitter:creator\" content=\"@SoyMigrante_com\" \/>\n\t\t<meta name=\"twitter:image\" content=\"https:\/\/soymigrante.com\/revista\/wp-content\/uploads\/2023\/09\/Totopan-Bakery-se-ubica-en-Brooklin-New-York.webp\" \/>\n\t\t<!-- All in One SEO Pro -->\r\n\t\t<title>Panadero y migrante guatemalteco Miguel Chuc lleva un sabor tradicional a Brooklyn<\/title>\n\n","aioseo_head_json":{"title":"Panadero y migrante guatemalteco Miguel Chuc lleva un sabor tradicional a Brooklyn","description":"Miguel Chun es panadero y migrante guatemalteco. Fund\u00f3 una panader\u00eda artesanal en Brooklyn, New York Estados Unidos, donde ofrece a la comunidad variedad de panes y pasteles con el sabor artesanal. Totopan Bakery Miguel lleg\u00f3 a Estados Unidos con el sue\u00f1o de encontrar una oportunidad y emprender, tras enfrentar varios retos y desaf\u00edos logr\u00f3 colocar Migrante y panadero guatemalteco, emprendi\u00f3 su negocio en Brooklyn, New York, ofrece variedad de panes y pasteles con el sabor artesanal.","canonical_url":"https:\/\/soymigrante.com\/revista\/panadero-y-migrante-guatemalteco-lleva-un-sabor-tradicional-a-brooklyn\/","robots":"max-snippet:-1, max-image-preview:large, max-video-preview:-1","keywords":"","webmasterTools":{"miscellaneous":"&lt;link rel=\"preconnect\" href=\"https:\/\/fonts.googleapis.com\" crossorigin&gt;\n&lt;link rel=\"preconnect\" href=\"https:\/\/fonts.gstatic.com\" crossorigin&gt;"},"schema":null,"og:locale":"es_ES","og:site_name":"SoyMigrante.com REVISTA \u2013 Nuestra misi\u00f3n es reconocer y dignificar al migrante.","og:type":"article","og:title":"Panadero y migrante guatemalteco Miguel Chuc lleva un sabor tradicional a Brooklyn","og:description":"Miguel Chun es panadero y migrante guatemalteco. Fund\u00f3 una panader\u00eda artesanal en Brooklyn, New York Estados Unidos, donde ofrece a la comunidad variedad de panes y pasteles con el sabor artesanal. Totopan Bakery Miguel lleg\u00f3 a Estados Unidos con el sue\u00f1o de encontrar una oportunidad y emprender, tras enfrentar varios retos y desaf\u00edos logr\u00f3 colocar Migrante y panadero guatemalteco, emprendi\u00f3 su negocio en Brooklyn, New York, ofrece variedad de panes y pasteles con el sabor artesanal.","og:url":"https:\/\/soymigrante.com\/revista\/panadero-y-migrante-guatemalteco-lleva-un-sabor-tradicional-a-brooklyn\/","og:image":"https:\/\/soymigrante.com\/revista\/wp-content\/uploads\/2023\/09\/Totopan-Bakery-se-ubica-en-Brooklin-New-York.webp","og:image:secure_url":"https:\/\/soymigrante.com\/revista\/wp-content\/uploads\/2023\/09\/Totopan-Bakery-se-ubica-en-Brooklin-New-York.webp","og:image:width":1080,"og:image:height":513,"article:published_time":"2023-09-25T20:02:01+00:00","article:modified_time":"2024-07-30T16:08:43+00:00","article:publisher":"https:\/\/www.facebook.com\/soymigrantecom","twitter:card":"summary_large_image","twitter:site":"@SoyMigrante_com","twitter:title":"Panadero y migrante guatemalteco Miguel Chuc lleva un sabor tradicional a Brooklyn","twitter:description":"Miguel Chun es panadero y migrante guatemalteco. Fund\u00f3 una panader\u00eda artesanal en Brooklyn, New York Estados Unidos, donde ofrece a la comunidad variedad de panes y pasteles con el sabor artesanal. Totopan Bakery Miguel lleg\u00f3 a Estados Unidos con el sue\u00f1o de encontrar una oportunidad y emprender, tras enfrentar varios retos y desaf\u00edos logr\u00f3 colocar Migrante y panadero guatemalteco, emprendi\u00f3 su negocio en Brooklyn, New York, ofrece variedad de panes y pasteles con el sabor artesanal.","twitter:creator":"@SoyMigrante_com","twitter:image":"https:\/\/soymigrante.com\/revista\/wp-content\/uploads\/2023\/09\/Totopan-Bakery-se-ubica-en-Brooklin-New-York.webp"},"aioseo_meta_data":{"post_id":"2671","title":null,"description":"#post_excerpt Migrante y panadero guatemalteco, emprendi\u00f3 su negocio en Brooklyn, New York, ofrece variedad de panes y pasteles con el sabor artesanal.","keywords":[],"keyphrases":{"focus":{"keyphrase":"guatemalteco","score":82,"analysis":{"keyphraseInTitle":{"score":9,"maxScore":9,"error":0},"keyphraseInDescription":{"score":9,"maxScore":9,"error":0},"keyphraseLength":{"score":9,"maxScore":9,"error":0,"length":1},"keyphraseInURL":{"score":5,"maxScore":5,"error":0},"keyphraseInIntroduction":{"score":3,"maxScore":9,"error":1},"keyphraseInSubHeadings":{"score":9,"maxScore":9,"error":0},"keyphraseInImageAlt":{"score":3,"maxScore":9,"error":1},"keywordDensity":{"type":"best","score":9,"maxScore":9,"error":0}}},"additional":[]},"primary_term":null,"canonical_url":null,"og_title":null,"og_description":null,"og_object_type":"default","og_image_type":"default","og_image_url":null,"og_image_width":null,"og_image_height":null,"og_image_custom_url":null,"og_image_custom_fields":null,"og_video":"","og_custom_url":null,"og_article_section":null,"og_article_tags":[],"twitter_use_og":false,"twitter_card":"default","twitter_image_type":"default","twitter_image_url":null,"twitter_image_custom_url":null,"twitter_image_custom_fields":null,"twitter_title":null,"twitter_description":null,"schema":{"blockGraphs":[],"customGraphs":[],"default":{"data":{"Article":[],"Course":[],"Dataset":[],"FAQPage":[],"Movie":[],"Person":[],"Product":[],"ProductReview":[],"Car":[],"Recipe":[],"Service":[],"SoftwareApplication":[],"WebPage":[]},"graphName":"BlogPosting","isEnabled":true},"graphs":[]},"schema_type":"default","schema_type_options":null,"pillar_content":false,"robots_default":true,"robots_noindex":false,"robots_noarchive":false,"robots_nosnippet":false,"robots_nofollow":false,"robots_noimageindex":false,"robots_noodp":false,"robots_notranslate":false,"robots_max_snippet":"-1","robots_max_videopreview":"-1","robots_max_imagepreview":"large","priority":null,"frequency":"default","local_seo":null,"seo_analyzer_scan_date":"2025-10-08 20:26:48","breadcrumb_settings":null,"limit_modified_date":false,"reviewed_by":null,"open_ai":null,"ai":null,"created":"2023-09-22 19:33:35","updated":"2026-02-04 09:40:46"},"aioseo_breadcrumb":"<div class=\"aioseo-breadcrumbs\"><span class=\"aioseo-breadcrumb\">\n\t<a href=\"https:\/\/soymigrante.com\/revista\" title=\"Home\">Home<\/a>\n<\/span><span class=\"aioseo-breadcrumb-separator\">\u00bb<\/span><span class=\"aioseo-breadcrumb\">\n\t<a href=\"https:\/\/soymigrante.com\/revista\/category\/exitos\/\" title=\"\u00c9xitos\">\u00c9xitos<\/a>\n<\/span><span class=\"aioseo-breadcrumb-separator\">\u00bb<\/span><span class=\"aioseo-breadcrumb\">\n\tPanadero y migrante guatemalteco Miguel Chuc lleva un sabor tradicional a Brooklyn\n<\/span><\/div>","aioseo_breadcrumb_json":[{"label":"Home","link":"https:\/\/soymigrante.com\/revista"},{"label":"\u00c9xitos","link":"https:\/\/soymigrante.com\/revista\/category\/exitos\/"},{"label":"Panadero y migrante guatemalteco Miguel Chuc lleva un sabor tradicional a Brooklyn","link":"https:\/\/soymigrante.com\/revista\/panadero-y-migrante-guatemalteco-lleva-un-sabor-tradicional-a-brooklyn\/"}],"_links":{"self":[{"href":"https:\/\/soymigrante.com\/revista\/wp-json\/wp\/v2\/posts\/2671","targetHints":{"allow":["GET"]}}],"collection":[{"href":"https:\/\/soymigrante.com\/revista\/wp-json\/wp\/v2\/posts"}],"about":[{"href":"https:\/\/soymigrante.com\/revista\/wp-json\/wp\/v2\/types\/post"}],"author":[{"embeddable":true,"href":"https:\/\/soymigrante.com\/revista\/wp-json\/wp\/v2\/users\/10"}],"replies":[{"embeddable":true,"href":"https:\/\/soymigrante.com\/revista\/wp-json\/wp\/v2\/comments?post=2671"}],"version-history":[{"count":0,"href":"https:\/\/soymigrante.com\/revista\/wp-json\/wp\/v2\/posts\/2671\/revisions"}],"wp:featuredmedia":[{"embeddable":true,"href":"https:\/\/soymigrante.com\/revista\/wp-json\/wp\/v2\/media\/2666"}],"wp:attachment":[{"href":"https:\/\/soymigrante.com\/revista\/wp-json\/wp\/v2\/media?parent=2671"}],"wp:term":[{"taxonomy":"category","embeddable":true,"href":"https:\/\/soymigrante.com\/revista\/wp-json\/wp\/v2\/categories?post=2671"},{"taxonomy":"post_tag","embeddable":true,"href":"https:\/\/soymigrante.com\/revista\/wp-json\/wp\/v2\/tags?post=2671"}],"curies":[{"name":"wp","href":"https:\/\/api.w.org\/{rel}","templated":true}]}}