{"id":267,"date":"2023-05-26T00:44:45","date_gmt":"2023-05-26T00:44:45","guid":{"rendered":"https:\/\/soymigrante.wpengine.com\/?p=267"},"modified":"2024-06-25T16:25:00","modified_gmt":"2024-06-25T22:25:00","slug":"una-ansiada-union-para-brindarse-apoyo-entre-hermanos-del-istmo","status":"publish","type":"post","link":"https:\/\/soymigrante.com\/revista\/una-ansiada-union-para-brindarse-apoyo-entre-hermanos-del-istmo\/","title":{"rendered":"Una ansiada uni\u00f3n para brindarse apoyo entre hermanos del Istmo"},"content":{"rendered":"\t\t<div data-elementor-type=\"wp-post\" data-elementor-id=\"267\" class=\"elementor elementor-267\" data-elementor-post-type=\"post\">\n\t\t\t\t\t\t<section data-particle_enable=\"false\" data-particle-mobile-disabled=\"false\" class=\"elementor-section elementor-top-section elementor-element elementor-element-4daf9722 elementor-section-boxed elementor-section-height-default elementor-section-height-default\" data-id=\"4daf9722\" data-element_type=\"section\" data-e-type=\"section\">\n\t\t\t\t\t\t<div class=\"elementor-container elementor-column-gap-default\">\n\t\t\t\t\t<div class=\"elementor-column elementor-col-100 elementor-top-column elementor-element elementor-element-7c4cd16c\" data-id=\"7c4cd16c\" data-element_type=\"column\" data-e-type=\"column\">\n\t\t\t<div class=\"elementor-widget-wrap elementor-element-populated\">\n\t\t\t\t\t\t<div class=\"elementor-element elementor-element-5cb406e1 elementor-widget elementor-widget-text-editor\" data-id=\"5cb406e1\" data-element_type=\"widget\" data-e-type=\"widget\" data-widget_type=\"text-editor.default\">\n\t\t\t\t\t\t\t\t\t<p><\/p>\n<h4>La Confederaci\u00f3n Centroamericana de California cumple en 2023 sus 40 a\u00f1os de existencia: promueve tradiciones, foros, espect\u00e1culos y sobre todo el gran desfile centroamericano<\/h4>\n<p><\/p>\n<p><\/p>\n<p>Por Redacci\u00f3n Soy Migrante<\/p>\n<p><\/p>\n<p><\/p>\n<p>La Confederaci\u00f3n Centroamericana es el nombre de una asociaci\u00f3n de migrantes de los cinco pa\u00edses hermanos del Istmo: Guatemala, El Salvador, Honduras, Nicaragua y Costa Rica, que brinda espacios de apoyo mutuo y convivencia, para tener un pedacito de la tierra natal en Estados Unidos.<\/p>\n<p><\/p>\n<p><\/p>\n<p>Su primer gran desfile empez\u00f3 en 1983, con una dimensi\u00f3n peque\u00f1a pero que ha ganado fuerza a\u00f1o con a\u00f1o. Durante la pandemia se mantuvieron las actividades, aunque varias fueron virtuales, sin embargo desde 2022 se han retomado los eventos, como el tradicional desfile con motivo de las fiestas de independencia. El pr\u00f3ximo septiembre se efectuar\u00e1 el n\u00famero 40, con una gran expectativa de participaci\u00f3n y afluencia.<\/p>\n<p><\/p>\n<p><\/p>\n<p>La Cofeca es una organizaci\u00f3n sin fines de lucro, encargada de organizar un gran festival anual. Este es un recuerdo del gran desfile de 2019\u00a0<\/p>\n<p><\/p>\n<p><\/p>\n<figure class=\"wp-block-gallery has-nested-images columns-default is-cropped wp-block-gallery-2 is-layout-flex wp-block-gallery-is-layout-flex\">\n<p>\u00a0<\/p>\n<figure class=\"wp-block-image size-large\"><img fetchpriority=\"high\" decoding=\"async\" width=\"791\" height=\"1024\" data-id=\"269\" class=\"wp-image-269\" src=\"https:\/\/soymigrante.wpengine.com\/wp-content\/uploads\/2023\/02\/COFECA-NICARAGUENSESE-791x1024.jpg\" alt=\"\" srcset=\"https:\/\/soymigrante.com\/revista\/wp-content\/uploads\/2023\/02\/COFECA-NICARAGUENSESE-791x1024.jpg 791w, https:\/\/soymigrante.com\/revista\/wp-content\/uploads\/2023\/02\/COFECA-NICARAGUENSESE-232x300.webp 232w, https:\/\/soymigrante.com\/revista\/wp-content\/uploads\/2023\/02\/COFECA-NICARAGUENSESE-768x994.jpg 768w, https:\/\/soymigrante.com\/revista\/wp-content\/uploads\/2023\/02\/COFECA-NICARAGUENSESE-1187x1536.jpg 1187w, https:\/\/soymigrante.com\/revista\/wp-content\/uploads\/2023\/02\/COFECA-NICARAGUENSESE-750x971.webp 750w, https:\/\/soymigrante.com\/revista\/wp-content\/uploads\/2023\/02\/COFECA-NICARAGUENSESE-1140x1476.jpg 1140w, https:\/\/soymigrante.com\/revista\/wp-content\/uploads\/2023\/02\/COFECA-NICARAGUENSESE.webp 1483w\" sizes=\"(max-width: 791px) 100vw, 791px\" \/><\/figure>\n<p><\/p>\n<p><\/p>\n<figure class=\"wp-block-image size-large\"><img decoding=\"async\" width=\"791\" height=\"1024\" data-id=\"270\" class=\"wp-image-270\" src=\"https:\/\/soymigrante.wpengine.com\/wp-content\/uploads\/2023\/02\/COFECA-DESFILE-791x1024.jpg\" alt=\"\" srcset=\"https:\/\/soymigrante.com\/revista\/wp-content\/uploads\/2023\/02\/COFECA-DESFILE-791x1024.jpg 791w, https:\/\/soymigrante.com\/revista\/wp-content\/uploads\/2023\/02\/COFECA-DESFILE-232x300.webp 232w, https:\/\/soymigrante.com\/revista\/wp-content\/uploads\/2023\/02\/COFECA-DESFILE-768x994.jpg 768w, https:\/\/soymigrante.com\/revista\/wp-content\/uploads\/2023\/02\/COFECA-DESFILE-1187x1536.jpg 1187w, https:\/\/soymigrante.com\/revista\/wp-content\/uploads\/2023\/02\/COFECA-DESFILE-750x971.webp 750w, https:\/\/soymigrante.com\/revista\/wp-content\/uploads\/2023\/02\/COFECA-DESFILE-1140x1476.jpg 1140w, https:\/\/soymigrante.com\/revista\/wp-content\/uploads\/2023\/02\/COFECA-DESFILE.webp 1483w\" sizes=\"(max-width: 791px) 100vw, 791px\" \/><\/figure>\n<p><\/p>\n<p><\/p>\n<figure class=\"wp-block-image size-large\"><img decoding=\"async\" data-id=\"271\" class=\"wp-image-271\" src=\"https:\/\/soymigrante.wpengine.com\/wp-content\/uploads\/2023\/02\/COFECA-1983.jpg\" alt=\"\" \/><\/figure>\n<p><\/p>\n<p><\/p>\n<figure class=\"wp-block-image size-large\"><img decoding=\"async\" data-id=\"272\" class=\"wp-image-272\" src=\"https:\/\/soymigrante.wpengine.com\/wp-content\/uploads\/2023\/02\/COFECA-4.jpg\" alt=\"\" \/><\/figure>\n<p><\/p>\n<p><\/p>\n<figure class=\"wp-block-image size-large\"><img decoding=\"async\" data-id=\"273\" class=\"wp-image-273\" src=\"https:\/\/soymigrante.wpengine.com\/wp-content\/uploads\/2023\/02\/COFECA-3.jpg\" alt=\"\" \/><\/figure>\n<p><\/p>\n<p><\/p>\n<figure class=\"wp-block-image size-large\"><img decoding=\"async\" data-id=\"274\" class=\"wp-image-274\" src=\"https:\/\/soymigrante.wpengine.com\/wp-content\/uploads\/2023\/02\/COFECA-2.jpg\" alt=\"\" \/><\/figure>\n<p><\/p>\n<\/figure>\n<p><\/p>\n<p><\/p>\n<figure class=\"wp-block-embed\">\n<div class=\"wp-block-embed__wrapper\">EN EL A\u00d1O ANTES DE LA PANDEMIA SE EFECTU\u00d3 UN GRAN DESFILE<\/div>\n<div class=\"wp-block-embed__wrapper\">https:\/\/fb.watch\/iqhrRLz2nd\/<\/div>\n<\/figure>\n<p><\/p>\n<p><\/p>\n<p>\u00a0<\/p>\n<p><\/p>\n<p><\/p>\n<p>Para contactarlos puede escribir sus redes sociales.<br \/>Su sede f\u00edsica est\u00e1 en 3237 W Sunset Blvd, Los Angeles, CA, United States, California<br \/>Tel\u00e9fono +1 323-632-2380<br \/>Correo electr\u00f3nico: cofeca@sbcglobal.net<\/p>\n<p>\u00a0<\/p>\n<p>\u00a0<\/p>\n<p><\/p>\t\t\t\t\t\t\t\t<\/div>\n\t\t\t\t<div class=\"elementor-element elementor-element-d2ec9cb elementor-widget elementor-widget-video\" data-id=\"d2ec9cb\" data-element_type=\"widget\" data-e-type=\"widget\" data-settings=\"{&quot;youtube_url&quot;:&quot;https:\\\/\\\/www.youtube.com\\\/watch?v=ZC49kd16ua8&quot;,&quot;autoplay&quot;:&quot;yes&quot;,&quot;video_type&quot;:&quot;youtube&quot;,&quot;controls&quot;:&quot;yes&quot;}\" data-widget_type=\"video.default\">\n\t\t\t\t\t\t\t<div class=\"elementor-wrapper elementor-open-inline\">\n\t\t\t<div class=\"elementor-video\"><\/div>\t\t<\/div>\n\t\t\t\t\t\t<\/div>\n\t\t\t\t\t<\/div>\n\t\t<\/div>\n\t\t\t\t\t<\/div>\n\t\t<\/section>\n\t\t\t\t<\/div>\n\t\t","protected":false},"excerpt":{"rendered":"<p>La Confederaci\u00f3n Centroamericana de California cumple en 2023 sus 40 a\u00f1os de existencia: promueve tradiciones, foros, espect\u00e1culos y sobre todo el gran desfile centroamericano Por Redacci\u00f3n Soy Migrante La Confederaci\u00f3n Centroamericana es el nombre de una asociaci\u00f3n de migrantes de los cinco pa\u00edses hermanos del Istmo: Guatemala, El Salvador, Honduras, Nicaragua y Costa Rica, que [&hellip;]<\/p>\n","protected":false},"author":1,"featured_media":268,"comment_status":"open","ping_status":"open","sticky":false,"template":"","format":"standard","meta":{"_acf_changed":false,"_eb_attr":"","footnotes":""},"categories":[54],"tags":[],"class_list":["post-267","post","type-post","status-publish","format-standard","has-post-thumbnail","hentry","category-estamos-unidos"],"acf":[],"aioseo_notices":[],"aioseo_head":"\n\t\t<!-- All in One SEO Pro 4.9.6.2 - aioseo.com -->\n\t<meta name=\"description\" content=\"Para contactarlos puede escribir sus redes sociales.Su sede f\u00edsica est\u00e1 en 3237 W Sunset Blvd, Los Angeles, CA, United States, CaliforniaTel\u00e9fono +1 323-632-2380Correo electr\u00f3nico: cofeca@sbcglobal.net SoyMigrante.com REVISTA Editorial Somos una plataforma que busca reconocer y dignificar a los migrantes guatemaltecos en los Estados Unidos. Producimos contenidos con el fin de contribuir a\" \/>\n\t<meta name=\"robots\" content=\"max-snippet:-1, max-image-preview:large, max-video-preview:-1\" \/>\n\t<meta name=\"author\" content=\"SoyMigrante.com REVISTA\"\/>\n\t<link rel=\"canonical\" href=\"https:\/\/soymigrante.com\/revista\/una-ansiada-union-para-brindarse-apoyo-entre-hermanos-del-istmo\/\" \/>\n\t<meta name=\"generator\" content=\"All in One SEO Pro (AIOSEO) 4.9.6.2\" \/>\n\n\t\t<link rel=\"preconnect\" href=\"https:\/\/fonts.googleapis.com\" crossorigin>\n<link rel=\"preconnect\" href=\"https:\/\/fonts.gstatic.com\" crossorigin>\n\t\t<meta property=\"og:locale\" content=\"es_ES\" \/>\n\t\t<meta property=\"og:site_name\" content=\"SoyMigrante.com REVISTA \u2013 Nuestra misi\u00f3n es reconocer y dignificar al migrante.\" \/>\n\t\t<meta property=\"og:type\" content=\"article\" \/>\n\t\t<meta property=\"og:title\" content=\"Una ansiada uni\u00f3n para brindarse apoyo entre hermanos del Istmo\" \/>\n\t\t<meta property=\"og:description\" content=\"Para contactarlos puede escribir sus redes sociales.Su sede f\u00edsica est\u00e1 en 3237 W Sunset Blvd, Los Angeles, CA, United States, CaliforniaTel\u00e9fono +1 323-632-2380Correo electr\u00f3nico: cofeca@sbcglobal.net SoyMigrante.com REVISTA Editorial Somos una plataforma que busca reconocer y dignificar a los migrantes guatemaltecos en los Estados Unidos. Producimos contenidos con el fin de contribuir a\" \/>\n\t\t<meta property=\"og:url\" content=\"https:\/\/soymigrante.com\/revista\/una-ansiada-union-para-brindarse-apoyo-entre-hermanos-del-istmo\/\" \/>\n\t\t<meta property=\"og:image\" content=\"https:\/\/soymigrante.com\/revista\/wp-content\/uploads\/2023\/02\/COFECA-RECONOCE-TALENTO.webp\" \/>\n\t\t<meta property=\"og:image:secure_url\" content=\"https:\/\/soymigrante.com\/revista\/wp-content\/uploads\/2023\/02\/COFECA-RECONOCE-TALENTO.webp\" \/>\n\t\t<meta property=\"og:image:width\" content=\"1920\" \/>\n\t\t<meta property=\"og:image:height\" content=\"1080\" \/>\n\t\t<meta property=\"article:published_time\" content=\"2023-05-26T00:44:45+00:00\" \/>\n\t\t<meta property=\"article:modified_time\" content=\"2024-06-25T22:25:00+00:00\" \/>\n\t\t<meta property=\"article:publisher\" content=\"https:\/\/www.facebook.com\/soymigrantecom\" \/>\n\t\t<meta name=\"twitter:card\" content=\"summary_large_image\" \/>\n\t\t<meta name=\"twitter:site\" content=\"@SoyMigrante_com\" \/>\n\t\t<meta name=\"twitter:title\" content=\"Una ansiada uni\u00f3n para brindarse apoyo entre hermanos del Istmo\" \/>\n\t\t<meta name=\"twitter:description\" content=\"Para contactarlos puede escribir sus redes sociales.Su sede f\u00edsica est\u00e1 en 3237 W Sunset Blvd, Los Angeles, CA, United States, CaliforniaTel\u00e9fono +1 323-632-2380Correo electr\u00f3nico: cofeca@sbcglobal.net SoyMigrante.com REVISTA Editorial Somos una plataforma que busca reconocer y dignificar a los migrantes guatemaltecos en los Estados Unidos. Producimos contenidos con el fin de contribuir a\" \/>\n\t\t<meta name=\"twitter:creator\" content=\"@SoyMigrante_com\" \/>\n\t\t<meta name=\"twitter:image\" content=\"https:\/\/soymigrante.com\/revista\/wp-content\/uploads\/2023\/02\/COFECA-RECONOCE-TALENTO.webp\" \/>\n\t\t<!-- All in One SEO Pro -->\r\n\t\t<title>Una ansiada uni\u00f3n para brindarse apoyo entre hermanos del Istmo<\/title>\n\n","aioseo_head_json":{"title":"Una ansiada uni\u00f3n para brindarse apoyo entre hermanos del Istmo","description":"Para contactarlos puede escribir sus redes sociales.Su sede f\u00edsica est\u00e1 en 3237 W Sunset Blvd, Los Angeles, CA, United States, CaliforniaTel\u00e9fono +1 323-632-2380Correo electr\u00f3nico: cofeca@sbcglobal.net SoyMigrante.com REVISTA Editorial Somos una plataforma que busca reconocer y dignificar a los migrantes guatemaltecos en los Estados Unidos. Producimos contenidos con el fin de contribuir a","canonical_url":"https:\/\/soymigrante.com\/revista\/una-ansiada-union-para-brindarse-apoyo-entre-hermanos-del-istmo\/","robots":"max-snippet:-1, max-image-preview:large, max-video-preview:-1","keywords":"","webmasterTools":{"miscellaneous":"&lt;link rel=\"preconnect\" href=\"https:\/\/fonts.googleapis.com\" crossorigin&gt;\n&lt;link rel=\"preconnect\" href=\"https:\/\/fonts.gstatic.com\" crossorigin&gt;"},"schema":null,"og:locale":"es_ES","og:site_name":"SoyMigrante.com REVISTA \u2013 Nuestra misi\u00f3n es reconocer y dignificar al migrante.","og:type":"article","og:title":"Una ansiada uni\u00f3n para brindarse apoyo entre hermanos del Istmo","og:description":"Para contactarlos puede escribir sus redes sociales.Su sede f\u00edsica est\u00e1 en 3237 W Sunset Blvd, Los Angeles, CA, United States, CaliforniaTel\u00e9fono +1 323-632-2380Correo electr\u00f3nico: cofeca@sbcglobal.net SoyMigrante.com REVISTA Editorial Somos una plataforma que busca reconocer y dignificar a los migrantes guatemaltecos en los Estados Unidos. Producimos contenidos con el fin de contribuir a","og:url":"https:\/\/soymigrante.com\/revista\/una-ansiada-union-para-brindarse-apoyo-entre-hermanos-del-istmo\/","og:image":"https:\/\/soymigrante.com\/revista\/wp-content\/uploads\/2023\/02\/COFECA-RECONOCE-TALENTO.webp","og:image:secure_url":"https:\/\/soymigrante.com\/revista\/wp-content\/uploads\/2023\/02\/COFECA-RECONOCE-TALENTO.webp","og:image:width":1920,"og:image:height":1080,"article:published_time":"2023-05-26T00:44:45+00:00","article:modified_time":"2024-06-25T22:25:00+00:00","article:publisher":"https:\/\/www.facebook.com\/soymigrantecom","twitter:card":"summary_large_image","twitter:site":"@SoyMigrante_com","twitter:title":"Una ansiada uni\u00f3n para brindarse apoyo entre hermanos del Istmo","twitter:description":"Para contactarlos puede escribir sus redes sociales.Su sede f\u00edsica est\u00e1 en 3237 W Sunset Blvd, Los Angeles, CA, United States, CaliforniaTel\u00e9fono +1 323-632-2380Correo electr\u00f3nico: cofeca@sbcglobal.net SoyMigrante.com REVISTA Editorial Somos una plataforma que busca reconocer y dignificar a los migrantes guatemaltecos en los Estados Unidos. Producimos contenidos con el fin de contribuir a","twitter:creator":"@SoyMigrante_com","twitter:image":"https:\/\/soymigrante.com\/revista\/wp-content\/uploads\/2023\/02\/COFECA-RECONOCE-TALENTO.webp"},"aioseo_meta_data":{"post_id":"267","title":null,"description":null,"keywords":null,"keyphrases":{"focus":{"keyphrase":"Istmo","score":64,"analysis":{"keyphraseInTitle":{"score":9,"maxScore":9,"error":0},"keyphraseInDescription":{"score":9,"maxScore":9,"error":0},"keyphraseLength":{"score":9,"maxScore":9,"error":0,"length":1},"keyphraseInURL":{"score":5,"maxScore":5,"error":0},"keyphraseInIntroduction":{"score":3,"maxScore":9,"error":1},"keyphraseInSubHeadings":[],"keyphraseInImageAlt":{"score":3,"maxScore":9,"error":1},"keywordDensity":{"score":0,"type":"low","maxScore":9,"error":1}}},"additional":[{"keyphrase":"Istmo","score":53,"analysis":{"keyphraseInDescription":{"score":9,"maxScore":9,"error":0},"keyphraseLength":{"score":9,"maxScore":9,"error":0,"length":1},"keyphraseInIntroduction":{"score":3,"maxScore":9,"error":1},"keyphraseInImageAlt":{"score":3,"maxScore":9,"error":1},"keywordDensity":{"score":0,"type":"low","maxScore":9,"error":1}}},{"keyphrase":"Centro Am\u00e9rica","score":40,"analysis":{"keyphraseInDescription":{"score":3,"maxScore":9,"error":1},"keyphraseLength":{"score":9,"maxScore":9,"error":0,"length":3},"keyphraseInIntroduction":{"score":3,"maxScore":9,"error":1},"keyphraseInImageAlt":{"score":3,"maxScore":9,"error":1},"keywordDensity":{"score":0,"type":"low","maxScore":9,"error":1}}}]},"primary_term":null,"canonical_url":null,"og_title":null,"og_description":null,"og_object_type":"default","og_image_type":"default","og_image_url":null,"og_image_width":null,"og_image_height":null,"og_image_custom_url":null,"og_image_custom_fields":null,"og_video":"","og_custom_url":null,"og_article_section":null,"og_article_tags":null,"twitter_use_og":false,"twitter_card":"default","twitter_image_type":"default","twitter_image_url":null,"twitter_image_custom_url":null,"twitter_image_custom_fields":null,"twitter_title":null,"twitter_description":null,"schema":{"blockGraphs":[],"customGraphs":[],"default":{"data":{"Article":[],"Course":[],"Dataset":[],"FAQPage":[],"Movie":[],"Person":[],"Product":[],"ProductReview":[],"Car":[],"Recipe":[],"Service":[],"SoftwareApplication":[],"WebPage":[]},"graphName":"Article","isEnabled":true},"graphs":[]},"schema_type":"default","schema_type_options":null,"pillar_content":false,"robots_default":true,"robots_noindex":false,"robots_noarchive":false,"robots_nosnippet":false,"robots_nofollow":false,"robots_noimageindex":false,"robots_noodp":false,"robots_notranslate":false,"robots_max_snippet":"-1","robots_max_videopreview":"-1","robots_max_imagepreview":"large","priority":null,"frequency":"default","local_seo":null,"seo_analyzer_scan_date":"2025-10-08 19:47:14","breadcrumb_settings":null,"limit_modified_date":false,"reviewed_by":null,"open_ai":"{\"title\":{\"suggestions\":[],\"usage\":0},\"description\":{\"suggestions\":[],\"usage\":0}}","ai":null,"created":"2023-08-17 09:27:45","updated":"2026-02-04 04:30:40"},"aioseo_breadcrumb":"<div class=\"aioseo-breadcrumbs\"><span class=\"aioseo-breadcrumb\">\n\t<a href=\"https:\/\/soymigrante.com\/revista\" title=\"Home\">Home<\/a>\n<\/span><span class=\"aioseo-breadcrumb-separator\">\u00bb<\/span><span class=\"aioseo-breadcrumb\">\n\t<a href=\"https:\/\/soymigrante.com\/revista\/category\/estamos-unidos\/\" title=\"Estamos Unidos\">Estamos Unidos<\/a>\n<\/span><span class=\"aioseo-breadcrumb-separator\">\u00bb<\/span><span class=\"aioseo-breadcrumb\">\n\tUna ansiada uni\u00f3n para brindarse apoyo entre hermanos del Istmo\n<\/span><\/div>","aioseo_breadcrumb_json":[{"label":"Home","link":"https:\/\/soymigrante.com\/revista"},{"label":"Estamos Unidos","link":"https:\/\/soymigrante.com\/revista\/category\/estamos-unidos\/"},{"label":"Una ansiada uni\u00f3n para brindarse apoyo entre hermanos del Istmo","link":"https:\/\/soymigrante.com\/revista\/una-ansiada-union-para-brindarse-apoyo-entre-hermanos-del-istmo\/"}],"_links":{"self":[{"href":"https:\/\/soymigrante.com\/revista\/wp-json\/wp\/v2\/posts\/267","targetHints":{"allow":["GET"]}}],"collection":[{"href":"https:\/\/soymigrante.com\/revista\/wp-json\/wp\/v2\/posts"}],"about":[{"href":"https:\/\/soymigrante.com\/revista\/wp-json\/wp\/v2\/types\/post"}],"author":[{"embeddable":true,"href":"https:\/\/soymigrante.com\/revista\/wp-json\/wp\/v2\/users\/1"}],"replies":[{"embeddable":true,"href":"https:\/\/soymigrante.com\/revista\/wp-json\/wp\/v2\/comments?post=267"}],"version-history":[{"count":0,"href":"https:\/\/soymigrante.com\/revista\/wp-json\/wp\/v2\/posts\/267\/revisions"}],"wp:featuredmedia":[{"embeddable":true,"href":"https:\/\/soymigrante.com\/revista\/wp-json\/wp\/v2\/media\/268"}],"wp:attachment":[{"href":"https:\/\/soymigrante.com\/revista\/wp-json\/wp\/v2\/media?parent=267"}],"wp:term":[{"taxonomy":"category","embeddable":true,"href":"https:\/\/soymigrante.com\/revista\/wp-json\/wp\/v2\/categories?post=267"},{"taxonomy":"post_tag","embeddable":true,"href":"https:\/\/soymigrante.com\/revista\/wp-json\/wp\/v2\/tags?post=267"}],"curies":[{"name":"wp","href":"https:\/\/api.w.org\/{rel}","templated":true}]}}