{"id":26679,"date":"2025-03-01T12:03:58","date_gmt":"2025-03-01T18:03:58","guid":{"rendered":"https:\/\/soymigrante.com\/revista\/?p=26679"},"modified":"2025-03-10T11:39:50","modified_gmt":"2025-03-10T17:39:50","slug":"fidel-funes-alegro-muchas-veces-a-migrantes-guatemaltecos-en-usa-con-su-marimba","status":"publish","type":"post","link":"https:\/\/soymigrante.com\/revista\/fidel-funes-alegro-muchas-veces-a-migrantes-guatemaltecos-en-usa-con-su-marimba\/","title":{"rendered":"Fidel Funes alegr\u00f3 muchas veces a migrantes guatemaltecos en USA con su marimba"},"content":{"rendered":"\t\t<div data-elementor-type=\"wp-post\" data-elementor-id=\"26679\" class=\"elementor elementor-26679\" data-elementor-post-type=\"post\">\n\t\t\t\t<div data-particle_enable=\"false\" data-particle-mobile-disabled=\"false\" class=\"elementor-element elementor-element-02d93de e-flex e-con-boxed e-con e-parent\" data-id=\"02d93de\" data-element_type=\"container\" data-e-type=\"container\">\n\t\t\t\t\t<div class=\"e-con-inner\">\n\t\t\t\t<div class=\"elementor-element elementor-element-9aa8778 elementor-widget elementor-widget-heading\" data-id=\"9aa8778\" data-element_type=\"widget\" data-e-type=\"widget\" data-widget_type=\"heading.default\">\n\t\t\t\t\t<h2 class=\"elementor-heading-title elementor-size-default\">El connotado m\u00fasico y marimbista Fidel Funes falleci\u00f3 este 1 de marzo de 2025, pero vive en la memoria de miles de admiradores, incluyendo a migrantes guatemaltecos en Estados Unidos.  Su \u00faltima gira fue en febrero d 2024 por Texas y California.<\/h2>\t\t\t\t<\/div>\n\t\t\t\t\t<\/div>\n\t\t\t\t<\/div>\n\t\t<div data-particle_enable=\"false\" data-particle-mobile-disabled=\"false\" class=\"elementor-element elementor-element-1b81c1e e-flex e-con-boxed e-con e-parent\" data-id=\"1b81c1e\" data-element_type=\"container\" data-e-type=\"container\">\n\t\t\t\t\t<div class=\"e-con-inner\">\n\t\t\t\t<div class=\"elementor-element elementor-element-f9b2db2 elementor-widget elementor-widget-text-editor\" data-id=\"f9b2db2\" data-element_type=\"widget\" data-e-type=\"widget\" data-widget_type=\"text-editor.default\">\n\t\t\t\t\t\t\t\t\t<p>En 1989, Fidel Funes y su marimba orquesta viajaban en autob\u00fas hacia una presentaci\u00f3n en Panajachel. Le dan jal\u00f3n a un migrante salvadore\u00f1o en ruta a Estados Unidos. Es una de las escenas de la pel\u00edcula Tres veces mojado, en la cual particip\u00f3 el grupo norte\u00f1o mexicano Los Tigres del Norte. All\u00ed junto a todo su grupo interpretan una inmortal versi\u00f3n de la canci\u00f3n Luna de Xelaj\u00fa.<\/p>\n<p>En aquel entonces llevaba solo 9 a\u00f1os de existencia pero Fidel Funes era ya lo suficientemente conocido y famoso como para ser el emblem\u00e1tico grupo de aquella historia.&nbsp;<\/p>\n<p>Este s\u00e1bado 1 de marzo de 2025 se conoci\u00f3 la noticia del fallecimiento del visionario, exitoso y vers\u00e1til m\u00fasico y marimbista guatemalteco que en muchas ocasiones efectu\u00f3 giras por Estados Unidos, en donde se qued\u00f3 en el coraz\u00f3n y la memoria de muchos migrantes.<\/p>\t\t\t\t\t\t\t\t<\/div>\n\t\t\t\t\t<\/div>\n\t\t\t\t<\/div>\n\t\t<div data-particle_enable=\"false\" data-particle-mobile-disabled=\"false\" class=\"elementor-element elementor-element-a1c6a75 e-flex e-con-boxed e-con e-parent\" data-id=\"a1c6a75\" data-element_type=\"container\" data-e-type=\"container\">\n\t\t\t\t\t<div class=\"e-con-inner\">\n\t\t\t\t<div class=\"elementor-element elementor-element-26b8eec elementor-widget elementor-widget-video\" data-id=\"26b8eec\" data-element_type=\"widget\" data-e-type=\"widget\" data-settings=\"{&quot;youtube_url&quot;:&quot;https:\\\/\\\/www.youtube.com\\\/watch?v=qMzR9gipOzI&quot;,&quot;start&quot;:60,&quot;show_image_overlay&quot;:&quot;yes&quot;,&quot;image_overlay&quot;:{&quot;url&quot;:&quot;https:\\\/\\\/soymigrante.com\\\/revista\\\/wp-content\\\/uploads\\\/2025\\\/03\\\/Captura-de-pantalla-2025-03-01-120326.png&quot;,&quot;id&quot;:26685,&quot;size&quot;:&quot;&quot;,&quot;alt&quot;:&quot;&quot;,&quot;source&quot;:&quot;library&quot;},&quot;video_type&quot;:&quot;youtube&quot;,&quot;controls&quot;:&quot;yes&quot;}\" data-widget_type=\"video.default\">\n\t\t\t\t\t\t\t<div class=\"elementor-wrapper elementor-open-inline\">\n\t\t\t<div class=\"elementor-video\"><\/div>\t\t\t\t<div class=\"elementor-custom-embed-image-overlay\" style=\"background-image: url(https:\/\/soymigrante.com\/revista\/wp-content\/uploads\/2025\/03\/Captura-de-pantalla-2025-03-01-120326.webp);\">\n\t\t\t\t\t\t\t\t\t\t\t\t\t\t\t\t<div class=\"elementor-custom-embed-play\" role=\"button\" aria-label=\"Reproducir v\u00eddeo\" tabindex=\"0\">\n\t\t\t\t\t\t\t<i aria-hidden=\"true\" class=\"eicon-play\"><\/i>\t\t\t\t\t\t<\/div>\n\t\t\t\t\t\t\t\t\t<\/div>\n\t\t\t\t\t<\/div>\n\t\t\t\t\t\t<\/div>\n\t\t\t\t\t<\/div>\n\t\t\t\t<\/div>\n\t\t<div data-particle_enable=\"false\" data-particle-mobile-disabled=\"false\" class=\"elementor-element elementor-element-b6dabae e-flex e-con-boxed e-con e-parent\" data-id=\"b6dabae\" data-element_type=\"container\" data-e-type=\"container\">\n\t\t\t\t\t<div class=\"e-con-inner\">\n\t\t\t\t<div class=\"elementor-element elementor-element-ee78d38 elementor-widget elementor-widget-heading\" data-id=\"ee78d38\" data-element_type=\"widget\" data-e-type=\"widget\" data-widget_type=\"heading.default\">\n\t\t\t\t\t<h2 class=\"elementor-heading-title elementor-size-default\">Fidel Funes tambi\u00e9n tuvo que migrar desde San Marcos<\/h2>\t\t\t\t<\/div>\n\t\t\t\t\t<\/div>\n\t\t\t\t<\/div>\n\t\t<div data-particle_enable=\"false\" data-particle-mobile-disabled=\"false\" class=\"elementor-element elementor-element-d138b24 e-flex e-con-boxed e-con e-parent\" data-id=\"d138b24\" data-element_type=\"container\" data-e-type=\"container\">\n\t\t\t\t\t<div class=\"e-con-inner\">\n\t\t\t\t<div class=\"elementor-element elementor-element-b46d3ad elementor-widget elementor-widget-text-editor\" data-id=\"b46d3ad\" data-element_type=\"widget\" data-e-type=\"widget\" data-widget_type=\"text-editor.default\">\n\t\t\t\t\t\t\t\t\t<p><span style=\"color: var( --e-global-color-text ); text-align: var(--text-align);\">Fidel Maximiliano Funes Nolasco naci\u00f3 en finca El Per\u00fa, El Tumbador San Marcos. A en 1956. A los 12 a\u00f1os emigr\u00f3 a la ciudad capital. Trabajaba de d\u00eda y estudiaba por las noches.<\/span><\/p><p>Daniel Chac\u00f3n fue su primer maestro de marimba y le busc\u00f3 la forma de integrarlo a un grupo musical llamado Happy Boys. Luego pas\u00f3 por varias agrupaciones e incluso Fidel Funes form\u00f3 parte de la reci\u00e9n formada Marimba de Concierto de Bellas Artes.<\/p>\t\t\t\t\t\t\t\t<\/div>\n\t\t\t\t\t<\/div>\n\t\t\t\t<\/div>\n\t\t<div data-particle_enable=\"false\" data-particle-mobile-disabled=\"false\" class=\"elementor-element elementor-element-8785a2f e-flex e-con-boxed e-con e-parent\" data-id=\"8785a2f\" data-element_type=\"container\" data-e-type=\"container\">\n\t\t\t\t\t<div class=\"e-con-inner\">\n\t\t\t\t<div class=\"elementor-element elementor-element-4460a03 elementor-widget elementor-widget-image\" data-id=\"4460a03\" data-element_type=\"widget\" data-e-type=\"widget\" data-widget_type=\"image.default\">\n\t\t\t\t\t\t\t\t\t\t\t\t<figure class=\"wp-caption\">\n\t\t\t\t\t\t\t\t\t\t<img fetchpriority=\"high\" decoding=\"async\" width=\"960\" height=\"637\" src=\"https:\/\/soymigrante.com\/revista\/wp-content\/uploads\/2025\/03\/fidel-funes.webp\" class=\"attachment-large size-large wp-image-26686\" alt=\"Amplio de un hombre sonriendo en un evento, vestido con saco azul, en un ambiente profesional y moderno, promoviendo temas sobre migraci\u00f3n en SoyMigrante.com REVISTA.\" srcset=\"https:\/\/soymigrante.com\/revista\/wp-content\/uploads\/2025\/03\/fidel-funes.webp 960w, https:\/\/soymigrante.com\/revista\/wp-content\/uploads\/2025\/03\/fidel-funes-300x199.jpg 300w, https:\/\/soymigrante.com\/revista\/wp-content\/uploads\/2025\/03\/fidel-funes-768x510.jpg 768w, https:\/\/soymigrante.com\/revista\/wp-content\/uploads\/2025\/03\/fidel-funes-750x498.webp 750w\" sizes=\"(max-width: 960px) 100vw, 960px\" title=\"Fidel Funes marc\u00f3 un estilo \u00fanico en la interpretaci\u00f3n musical en marimba orquesta. Esto le llev\u00f3 a presentarse dentro y fuera de Guatemala con gran \u00e9xito. Fotograf\u00eda de septiembre 2024 \u2013 SoyMigrante.com REVISTA\" \/>\t\t\t\t\t\t\t\t\t\t\t<figcaption class=\"widget-image-caption wp-caption-text\">Imagen de un conferencista en un evento sobre migraci\u00f3n, mostrando confianza y liderazgo en un entorno de discusi\u00f3n sobre derechos migrantes y cultura.<\/figcaption>\n\t\t\t\t\t\t\t\t\t\t<\/figure>\n\t\t\t\t\t\t\t\t\t<\/div>\n\t\t\t\t\t<\/div>\n\t\t\t\t<\/div>\n\t\t<div data-particle_enable=\"false\" data-particle-mobile-disabled=\"false\" class=\"elementor-element elementor-element-fa6e8bd e-flex e-con-boxed e-con e-parent\" data-id=\"fa6e8bd\" data-element_type=\"container\" data-e-type=\"container\">\n\t\t\t\t\t<div class=\"e-con-inner\">\n\t\t\t\t<div class=\"elementor-element elementor-element-a39c450 elementor-widget elementor-widget-text-editor\" data-id=\"a39c450\" data-element_type=\"widget\" data-e-type=\"widget\" data-widget_type=\"text-editor.default\">\n\t\t\t\t\t\t\t\t\t<p><span style=\"color: var( --e-global-color-text ); text-align: var(--text-align);\">En 1980 comenz\u00f3 el proyecto de su propia marimba orquesta. Primeros \u00e9xitos: Blanca Palomita, Dos Claveles, Ilusiones.<\/span><\/p><p>Particip\u00f3 en tres pel\u00edculas junto a los Tigres del Norte y tambien los actores mexicanos Mario y Fernando Almada.\u00a0<span style=\"color: var( --e-global-color-text ); text-align: var(--text-align);\">Se present\u00f3 en Centro Am\u00e9rica, M\u00e9xico, Estados Unidos, Canad\u00e1 y Europa.<\/span><\/p><p>Su sello musical tuvo gran aceptaci\u00f3n en pueblos de Guatemala pero tambi\u00e9n en la Uni\u00f3n Americana, a donde muchos guatemaltecos migraron. As\u00ed fue como empezaron las giras por aquel pa\u00eds. La \u00faltima de estas giras, en las cuales particip\u00f3 Fidel Funes fue en febrero de 2024, por escenarios de Texas y California. Sin embargo lleg\u00f3 a visitar m\u00e1s de 15 estados con fuerte presencia de guatemaltecos.<\/p><p>En todas estas ocasiones, Fidel Funes expres\u00f3 gratitud por la asistencia a sus eventos de muchos connacionales radicados fuera del pa\u00eds, aunque su m\u00fasica tambi\u00e9n convocaba a centroamericanos y mexicanos.<\/p><p>El artista padec\u00eda quebrantos de salud por insuficiencia renal cr\u00f3nica, seg\u00fan inform\u00f3 su familia al dar a conocer la triste noticia de su deceso.<\/p>\t\t\t\t\t\t\t\t<\/div>\n\t\t\t\t\t<\/div>\n\t\t\t\t<\/div>\n\t\t<div data-particle_enable=\"false\" data-particle-mobile-disabled=\"false\" class=\"elementor-element elementor-element-bf30fca e-flex e-con-boxed e-con e-parent\" data-id=\"bf30fca\" data-element_type=\"container\" data-e-type=\"container\">\n\t\t\t\t\t<div class=\"e-con-inner\">\n\t\t\t\t<div class=\"elementor-element elementor-element-0abee7b elementor-widget elementor-widget-heading\" data-id=\"0abee7b\" data-element_type=\"widget\" data-e-type=\"widget\" data-widget_type=\"heading.default\">\n\t\t\t\t\t<h3 class=\"elementor-heading-title elementor-size-default\">Presentaci\u00f3n en Los Angeles<\/h3>\t\t\t\t<\/div>\n\t\t\t\t\t<\/div>\n\t\t\t\t<\/div>\n\t\t<div data-particle_enable=\"false\" data-particle-mobile-disabled=\"false\" class=\"elementor-element elementor-element-f96a9d9 e-flex e-con-boxed e-con e-parent\" data-id=\"f96a9d9\" data-element_type=\"container\" data-e-type=\"container\">\n\t\t\t\t\t<div class=\"e-con-inner\">\n\t\t\t\t<div class=\"elementor-element elementor-element-9b94b0c elementor-widget elementor-widget-video\" data-id=\"9b94b0c\" data-element_type=\"widget\" data-e-type=\"widget\" data-settings=\"{&quot;youtube_url&quot;:&quot;https:\\\/\\\/www.youtube.com\\\/watch?v=hulvAR59QAg&quot;,&quot;video_type&quot;:&quot;youtube&quot;,&quot;controls&quot;:&quot;yes&quot;}\" data-widget_type=\"video.default\">\n\t\t\t\t\t\t\t<div class=\"elementor-wrapper elementor-open-inline\">\n\t\t\t<div class=\"elementor-video\"><\/div>\t\t<\/div>\n\t\t\t\t\t\t<\/div>\n\t\t\t\t\t<\/div>\n\t\t\t\t<\/div>\n\t\t\t\t<\/div>\n\t\t","protected":false},"excerpt":{"rendered":"<p>El connotado m\u00fasico y marimbista Fidel Funes falleci\u00f3 este 1 de marzo de 2025, pero vive en la memoria de miles de admiradores, incluyendo a migrantes guatemaltecos en Estados Unidos. Su \u00faltima gira fue en febrero d 2024 por Texas y California. En 1989, Fidel Funes y su marimba orquesta viajaban en autob\u00fas hacia una [&hellip;]<\/p>\n","protected":false},"author":7,"featured_media":26680,"comment_status":"open","ping_status":"open","sticky":false,"template":"","format":"standard","meta":{"_acf_changed":false,"_eb_attr":"","footnotes":""},"categories":[58],"tags":[],"class_list":["post-26679","post","type-post","status-publish","format-standard","has-post-thumbnail","hentry","category-guate-nuestra"],"acf":[],"aioseo_notices":[],"aioseo_head":"\n\t\t<!-- All in One SEO Pro 4.9.6.2 - aioseo.com -->\n\t<meta name=\"description\" content=\"El connotado m\u00fasico y marimbista Fidel Funes falleci\u00f3 este 1 de marzo de 2025, pero vive en la memoria de miles de admiradores, incluyendo a migrantes guatemaltecos en Estados Unidos. Su \u00faltima gira fue en febrero d 2024 por Texas y California. En 1989, Fidel Funes y su marimba orquesta viajaban en autob\u00fas hacia una\" \/>\n\t<meta name=\"robots\" content=\"max-snippet:-1, max-image-preview:large, max-video-preview:-1\" \/>\n\t<meta name=\"author\" content=\"Gustavo Montenegro\"\/>\n\t<link rel=\"canonical\" href=\"https:\/\/soymigrante.com\/revista\/fidel-funes-alegro-muchas-veces-a-migrantes-guatemaltecos-en-usa-con-su-marimba\/\" \/>\n\t<meta name=\"generator\" content=\"All in One SEO Pro (AIOSEO) 4.9.6.2\" \/>\n\n\t\t<link rel=\"preconnect\" href=\"https:\/\/fonts.googleapis.com\" crossorigin>\n<link rel=\"preconnect\" href=\"https:\/\/fonts.gstatic.com\" crossorigin>\n\t\t<meta property=\"og:locale\" content=\"es_ES\" \/>\n\t\t<meta property=\"og:site_name\" content=\"SoyMigrante.com REVISTA \u2013 Nuestra misi\u00f3n es reconocer y dignificar al migrante.\" \/>\n\t\t<meta property=\"og:type\" content=\"article\" \/>\n\t\t<meta property=\"og:title\" content=\"Fidel Funes alegr\u00f3 muchas veces a migrantes guatemaltecos en USA con su marimba\" \/>\n\t\t<meta property=\"og:description\" content=\"El connotado m\u00fasico y marimbista Fidel Funes falleci\u00f3 este 1 de marzo de 2025, pero vive en la memoria de miles de admiradores, incluyendo a migrantes guatemaltecos en Estados Unidos. Su \u00faltima gira fue en febrero d 2024 por Texas y California. En 1989, Fidel Funes y su marimba orquesta viajaban en autob\u00fas hacia una\" \/>\n\t\t<meta property=\"og:url\" content=\"https:\/\/soymigrante.com\/revista\/fidel-funes-alegro-muchas-veces-a-migrantes-guatemaltecos-en-usa-con-su-marimba\/\" \/>\n\t\t<meta property=\"og:image\" content=\"https:\/\/soymigrante.com\/revista\/wp-content\/uploads\/2025\/03\/fidel-cuadrada.webp\" \/>\n\t\t<meta property=\"og:image:secure_url\" content=\"https:\/\/soymigrante.com\/revista\/wp-content\/uploads\/2025\/03\/fidel-cuadrada.webp\" \/>\n\t\t<meta property=\"og:image:width\" content=\"852\" \/>\n\t\t<meta property=\"og:image:height\" content=\"852\" \/>\n\t\t<meta property=\"article:published_time\" content=\"2025-03-01T18:03:58+00:00\" \/>\n\t\t<meta property=\"article:modified_time\" content=\"2025-03-10T17:39:50+00:00\" \/>\n\t\t<meta property=\"article:publisher\" content=\"https:\/\/www.facebook.com\/soymigrantecom\" \/>\n\t\t<meta name=\"twitter:card\" content=\"summary_large_image\" \/>\n\t\t<meta name=\"twitter:site\" content=\"@SoyMigrante_com\" \/>\n\t\t<meta name=\"twitter:title\" content=\"Fidel Funes alegr\u00f3 muchas veces a migrantes guatemaltecos en USA con su marimba\" \/>\n\t\t<meta name=\"twitter:description\" content=\"El connotado m\u00fasico y marimbista Fidel Funes falleci\u00f3 este 1 de marzo de 2025, pero vive en la memoria de miles de admiradores, incluyendo a migrantes guatemaltecos en Estados Unidos. Su \u00faltima gira fue en febrero d 2024 por Texas y California. En 1989, Fidel Funes y su marimba orquesta viajaban en autob\u00fas hacia una\" \/>\n\t\t<meta name=\"twitter:creator\" content=\"@SoyMigrante_com\" \/>\n\t\t<meta name=\"twitter:image\" content=\"https:\/\/soymigrante.com\/revista\/wp-content\/uploads\/2025\/03\/fidel-cuadrada.webp\" \/>\n\t\t<!-- All in One SEO Pro -->\r\n\t\t<title>Fidel Funes alegr\u00f3 muchas veces a migrantes guatemaltecos en USA con su marimba<\/title>\n\n","aioseo_head_json":{"title":"Fidel Funes alegr\u00f3 muchas veces a migrantes guatemaltecos en USA con su marimba","description":"El connotado m\u00fasico y marimbista Fidel Funes falleci\u00f3 este 1 de marzo de 2025, pero vive en la memoria de miles de admiradores, incluyendo a migrantes guatemaltecos en Estados Unidos. Su \u00faltima gira fue en febrero d 2024 por Texas y California. En 1989, Fidel Funes y su marimba orquesta viajaban en autob\u00fas hacia una","canonical_url":"https:\/\/soymigrante.com\/revista\/fidel-funes-alegro-muchas-veces-a-migrantes-guatemaltecos-en-usa-con-su-marimba\/","robots":"max-snippet:-1, max-image-preview:large, max-video-preview:-1","keywords":"","webmasterTools":{"miscellaneous":"&lt;link rel=\"preconnect\" href=\"https:\/\/fonts.googleapis.com\" crossorigin&gt;\n&lt;link rel=\"preconnect\" href=\"https:\/\/fonts.gstatic.com\" crossorigin&gt;"},"schema":null,"og:locale":"es_ES","og:site_name":"SoyMigrante.com REVISTA \u2013 Nuestra misi\u00f3n es reconocer y dignificar al migrante.","og:type":"article","og:title":"Fidel Funes alegr\u00f3 muchas veces a migrantes guatemaltecos en USA con su marimba","og:description":"El connotado m\u00fasico y marimbista Fidel Funes falleci\u00f3 este 1 de marzo de 2025, pero vive en la memoria de miles de admiradores, incluyendo a migrantes guatemaltecos en Estados Unidos. Su \u00faltima gira fue en febrero d 2024 por Texas y California. En 1989, Fidel Funes y su marimba orquesta viajaban en autob\u00fas hacia una","og:url":"https:\/\/soymigrante.com\/revista\/fidel-funes-alegro-muchas-veces-a-migrantes-guatemaltecos-en-usa-con-su-marimba\/","og:image":"https:\/\/soymigrante.com\/revista\/wp-content\/uploads\/2025\/03\/fidel-cuadrada.webp","og:image:secure_url":"https:\/\/soymigrante.com\/revista\/wp-content\/uploads\/2025\/03\/fidel-cuadrada.webp","og:image:width":852,"og:image:height":852,"article:published_time":"2025-03-01T18:03:58+00:00","article:modified_time":"2025-03-10T17:39:50+00:00","article:publisher":"https:\/\/www.facebook.com\/soymigrantecom","twitter:card":"summary_large_image","twitter:site":"@SoyMigrante_com","twitter:title":"Fidel Funes alegr\u00f3 muchas veces a migrantes guatemaltecos en USA con su marimba","twitter:description":"El connotado m\u00fasico y marimbista Fidel Funes falleci\u00f3 este 1 de marzo de 2025, pero vive en la memoria de miles de admiradores, incluyendo a migrantes guatemaltecos en Estados Unidos. Su \u00faltima gira fue en febrero d 2024 por Texas y California. En 1989, Fidel Funes y su marimba orquesta viajaban en autob\u00fas hacia una","twitter:creator":"@SoyMigrante_com","twitter:image":"https:\/\/soymigrante.com\/revista\/wp-content\/uploads\/2025\/03\/fidel-cuadrada.webp"},"aioseo_meta_data":{"post_id":"26679","title":null,"description":null,"keywords":null,"keyphrases":{"focus":{"keyphrase":"Fidel Funes","score":100,"analysis":{"keyphraseInTitle":{"score":9,"maxScore":9,"error":0},"keyphraseInDescription":[],"keyphraseLength":{"score":9,"maxScore":9,"error":0,"length":2},"keyphraseInURL":{"score":5,"maxScore":5,"error":0}}},"additional":[{"keyphrase":"Marimba de Fidel Funes","score":100,"analysis":{"keyphraseInDescription":[],"keyphraseLength":{"score":9,"maxScore":9,"error":0,"length":4}}}]},"primary_term":null,"canonical_url":null,"og_title":null,"og_description":null,"og_object_type":"default","og_image_type":"default","og_image_url":null,"og_image_width":null,"og_image_height":null,"og_image_custom_url":null,"og_image_custom_fields":null,"og_video":"","og_custom_url":null,"og_article_section":null,"og_article_tags":null,"twitter_use_og":false,"twitter_card":"default","twitter_image_type":"default","twitter_image_url":null,"twitter_image_custom_url":null,"twitter_image_custom_fields":null,"twitter_title":null,"twitter_description":null,"schema":{"blockGraphs":[],"customGraphs":[],"default":{"data":{"Article":[],"Course":[],"Dataset":[],"FAQPage":[],"Movie":[],"Person":[],"Product":[],"ProductReview":[],"Car":[],"Recipe":[],"Service":[],"SoftwareApplication":[],"WebPage":[]},"graphName":"BlogPosting","isEnabled":true},"graphs":[]},"schema_type":"default","schema_type_options":null,"pillar_content":false,"robots_default":true,"robots_noindex":false,"robots_noarchive":false,"robots_nosnippet":false,"robots_nofollow":false,"robots_noimageindex":false,"robots_noodp":false,"robots_notranslate":false,"robots_max_snippet":"-1","robots_max_videopreview":"-1","robots_max_imagepreview":"large","priority":null,"frequency":"default","local_seo":null,"seo_analyzer_scan_date":"2025-10-09 03:06:08","breadcrumb_settings":null,"limit_modified_date":false,"reviewed_by":null,"open_ai":"{\"title\":{\"suggestions\":[],\"usage\":0},\"description\":{\"suggestions\":[],\"usage\":0}}","ai":null,"created":"2025-03-01 17:09:25","updated":"2026-02-04 21:54:40"},"aioseo_breadcrumb":"<div class=\"aioseo-breadcrumbs\"><span class=\"aioseo-breadcrumb\">\n\t<a href=\"https:\/\/soymigrante.com\/revista\" title=\"Home\">Home<\/a>\n<\/span><span class=\"aioseo-breadcrumb-separator\">\u00bb<\/span><span class=\"aioseo-breadcrumb\">\n\t<a href=\"https:\/\/soymigrante.com\/revista\/category\/guate-nuestra\/\" title=\"Guate Nuestra\">Guate Nuestra<\/a>\n<\/span><span class=\"aioseo-breadcrumb-separator\">\u00bb<\/span><span class=\"aioseo-breadcrumb\">\n\tFidel Funes alegr\u00f3 muchas veces a migrantes guatemaltecos en USA con su marimba\n<\/span><\/div>","aioseo_breadcrumb_json":[{"label":"Home","link":"https:\/\/soymigrante.com\/revista"},{"label":"Guate Nuestra","link":"https:\/\/soymigrante.com\/revista\/category\/guate-nuestra\/"},{"label":"Fidel Funes alegr\u00f3 muchas veces a migrantes guatemaltecos en USA con su marimba","link":"https:\/\/soymigrante.com\/revista\/fidel-funes-alegro-muchas-veces-a-migrantes-guatemaltecos-en-usa-con-su-marimba\/"}],"_links":{"self":[{"href":"https:\/\/soymigrante.com\/revista\/wp-json\/wp\/v2\/posts\/26679","targetHints":{"allow":["GET"]}}],"collection":[{"href":"https:\/\/soymigrante.com\/revista\/wp-json\/wp\/v2\/posts"}],"about":[{"href":"https:\/\/soymigrante.com\/revista\/wp-json\/wp\/v2\/types\/post"}],"author":[{"embeddable":true,"href":"https:\/\/soymigrante.com\/revista\/wp-json\/wp\/v2\/users\/7"}],"replies":[{"embeddable":true,"href":"https:\/\/soymigrante.com\/revista\/wp-json\/wp\/v2\/comments?post=26679"}],"version-history":[{"count":0,"href":"https:\/\/soymigrante.com\/revista\/wp-json\/wp\/v2\/posts\/26679\/revisions"}],"wp:featuredmedia":[{"embeddable":true,"href":"https:\/\/soymigrante.com\/revista\/wp-json\/wp\/v2\/media\/26680"}],"wp:attachment":[{"href":"https:\/\/soymigrante.com\/revista\/wp-json\/wp\/v2\/media?parent=26679"}],"wp:term":[{"taxonomy":"category","embeddable":true,"href":"https:\/\/soymigrante.com\/revista\/wp-json\/wp\/v2\/categories?post=26679"},{"taxonomy":"post_tag","embeddable":true,"href":"https:\/\/soymigrante.com\/revista\/wp-json\/wp\/v2\/tags?post=26679"}],"curies":[{"name":"wp","href":"https:\/\/api.w.org\/{rel}","templated":true}]}}