{"id":26633,"date":"2025-03-05T06:00:00","date_gmt":"2025-03-05T12:00:00","guid":{"rendered":"https:\/\/soymigrante.com\/revista\/?p=26633"},"modified":"2025-03-10T11:43:44","modified_gmt":"2025-03-10T17:43:44","slug":"lago-de-guija-es-una-joya-acuatica-en-la-frontera-oriental-de-guatemala","status":"publish","type":"post","link":"https:\/\/soymigrante.com\/revista\/lago-de-guija-es-una-joya-acuatica-en-la-frontera-oriental-de-guatemala\/","title":{"rendered":"Lago de G\u00fcija es una joya acu\u00e1tica en la frontera oriental de Guatemala"},"content":{"rendered":"\t\t<div data-elementor-type=\"wp-post\" data-elementor-id=\"26633\" class=\"elementor elementor-26633\" data-elementor-post-type=\"post\">\n\t\t\t\t<div data-particle_enable=\"false\" data-particle-mobile-disabled=\"false\" class=\"elementor-element elementor-element-bf8c513 e-flex e-con-boxed e-con e-parent\" data-id=\"bf8c513\" data-element_type=\"container\" data-e-type=\"container\">\n\t\t\t\t\t<div class=\"e-con-inner\">\n\t\t\t\t<div class=\"elementor-element elementor-element-13f63ea elementor-widget elementor-widget-heading\" data-id=\"13f63ea\" data-element_type=\"widget\" data-e-type=\"widget\" data-widget_type=\"heading.default\">\n\t\t\t\t\t<h2 class=\"elementor-heading-title elementor-size-default\">El lago de G\u00fcija es un lugar lleno de flora y fauna que se encuentra en la frontera de Guatemala y El Salvador.  Solo una cuarta parte de este cuerpo de agua est\u00e1 del lado guatemalteco, a\u00fan as\u00ed es un destino fascinante.<\/h2>\t\t\t\t<\/div>\n\t\t\t\t\t<\/div>\n\t\t\t\t<\/div>\n\t\t<div data-particle_enable=\"false\" data-particle-mobile-disabled=\"false\" class=\"elementor-element elementor-element-0f73eb4 e-flex e-con-boxed e-con e-parent\" data-id=\"0f73eb4\" data-element_type=\"container\" data-e-type=\"container\">\n\t\t\t\t\t<div class=\"e-con-inner\">\n\t\t\t\t<div class=\"elementor-element elementor-element-35abf25 elementor-drop-cap-yes elementor-drop-cap-view-default elementor-widget elementor-widget-text-editor\" data-id=\"35abf25\" data-element_type=\"widget\" data-e-type=\"widget\" data-settings=\"{&quot;drop_cap&quot;:&quot;yes&quot;}\" data-widget_type=\"text-editor.default\">\n\t\t\t\t\t\t\t\t\t<p>El lago de G\u00fcija es un impresionante cuerpo de agua compartido por Guatemala y El Salvador, rodeado de volcanes, biodiversidad y vestigios arqueol\u00f3gicos. <a href=\"https:\/\/soymigrante.com\/revista\/departamentos-de-guatemala-jutiapa-es-cuna-del-sol-entre-playas-y-montanas\/\" target=\"_blank\" rel=\"noopener\">Este lago de origen volc\u00e1nico es un destino ideal para quienes buscan naturaleza<\/a>, historia y tranquilidad.<\/p>\t\t\t\t\t\t\t\t<\/div>\n\t\t\t\t\t<\/div>\n\t\t\t\t<\/div>\n\t\t<div data-particle_enable=\"false\" data-particle-mobile-disabled=\"false\" class=\"elementor-element elementor-element-e1326c1 e-flex e-con-boxed e-con e-parent\" data-id=\"e1326c1\" data-element_type=\"container\" data-e-type=\"container\">\n\t\t\t\t\t<div class=\"e-con-inner\">\n\t\t\t\t<div class=\"elementor-element elementor-element-4741b28 elementor-widget elementor-widget-heading\" data-id=\"4741b28\" data-element_type=\"widget\" data-e-type=\"widget\" data-widget_type=\"heading.default\">\n\t\t\t\t\t<h3 class=\"elementor-heading-title elementor-size-default\">Ubicaci\u00f3n y distancia desde la Ciudad de Guatemala<\/h3>\t\t\t\t<\/div>\n\t\t\t\t\t<\/div>\n\t\t\t\t<\/div>\n\t\t<div data-particle_enable=\"false\" data-particle-mobile-disabled=\"false\" class=\"elementor-element elementor-element-4cf424a e-flex e-con-boxed e-con e-parent\" data-id=\"4cf424a\" data-element_type=\"container\" data-e-type=\"container\">\n\t\t\t\t\t<div class=\"e-con-inner\">\n\t\t\t\t<div class=\"elementor-element elementor-element-490a749 elementor-widget elementor-widget-google_maps\" data-id=\"490a749\" data-element_type=\"widget\" data-e-type=\"widget\" data-widget_type=\"google_maps.default\">\n\t\t\t\t\t\t\t<div class=\"elementor-custom-embed\">\n\t\t\t<iframe loading=\"lazy\"\n\t\t\t\t\tsrc=\"https:\/\/maps.google.com\/maps?q=Lago%20de%20G%C3%BCija&#038;t=m&#038;z=10&#038;output=embed&#038;iwloc=near\"\n\t\t\t\t\ttitle=\"Lago de G\u00fcija\"\n\t\t\t\t\taria-label=\"Lago de G\u00fcija\"\n\t\t\t><\/iframe>\n\t\t<\/div>\n\t\t\t\t\t\t<\/div>\n\t\t\t\t\t<\/div>\n\t\t\t\t<\/div>\n\t\t<div data-particle_enable=\"false\" data-particle-mobile-disabled=\"false\" class=\"elementor-element elementor-element-b8ce4c3 e-flex e-con-boxed e-con e-parent\" data-id=\"b8ce4c3\" data-element_type=\"container\" data-e-type=\"container\">\n\t\t\t\t\t<div class=\"e-con-inner\">\n\t\t\t\t<div class=\"elementor-element elementor-element-9ac6d6c elementor-widget elementor-widget-text-editor\" data-id=\"9ac6d6c\" data-element_type=\"widget\" data-e-type=\"widget\" data-widget_type=\"text-editor.default\">\n\t\t\t\t\t\t\t\t\t<p>El lago de G\u00fcija se encuentra en el <a href=\"https:\/\/soymigrante.com\/revista\/departamentos-de-guatemala-jutiapa-es-cuna-del-sol-entre-playas-y-montanas\/\" target=\"_blank\" rel=\"noopener\">departamento de Jutiapa, en el sureste de Guatemala, y abarca parte del municipio de Asunci\u00f3n Mita.<\/a> Su extensi\u00f3n se comparte con el departamento de Santa Ana en El Salvador.<\/p><p>Desde la Ciudad de Guatemala, el viaje hacia el lago de G\u00fcija tiene una distancia aproximada de 155 kil\u00f3metros, lo que representa un recorrido en autom\u00f3vil de entre 3 y 4 horas, dependiendo del tr\u00e1fico y las condiciones de la carretera.<\/p><p>Para llegar, se debe tomar la Carretera CA-1 en direcci\u00f3n a <a href=\"https:\/\/soymigrante.com\/revista\/departamentos-de-guatemala-jutiapa-es-cuna-del-sol-entre-playas-y-montanas\/\" target=\"_blank\" rel=\"noopener\">Jutiapa y luego desviarse hacia Asunci\u00f3n Mita, desde donde se accede a la zona del lago.<\/a><\/p>\t\t\t\t\t\t\t\t<\/div>\n\t\t\t\t\t<\/div>\n\t\t\t\t<\/div>\n\t\t<div data-particle_enable=\"false\" data-particle-mobile-disabled=\"false\" class=\"elementor-element elementor-element-0c74b25 e-flex e-con-boxed e-con e-parent\" data-id=\"0c74b25\" data-element_type=\"container\" data-e-type=\"container\">\n\t\t\t\t\t<div class=\"e-con-inner\">\n\t\t\t\t<div class=\"elementor-element elementor-element-d356e48 elementor-widget elementor-widget-heading\" data-id=\"d356e48\" data-element_type=\"widget\" data-e-type=\"widget\" data-widget_type=\"heading.default\">\n\t\t\t\t\t<h3 class=\"elementor-heading-title elementor-size-default\">Principales atractivos del lago de G\u00fcija<\/h3>\t\t\t\t<\/div>\n\t\t\t\t\t<\/div>\n\t\t\t\t<\/div>\n\t\t<div data-particle_enable=\"false\" data-particle-mobile-disabled=\"false\" class=\"elementor-element elementor-element-16d80b9 e-flex e-con-boxed e-con e-parent\" data-id=\"16d80b9\" data-element_type=\"container\" data-e-type=\"container\">\n\t\t\t\t\t<div class=\"e-con-inner\">\n\t\t\t\t<div class=\"elementor-element elementor-element-1b2643b elementor-widget elementor-widget-text-editor\" data-id=\"1b2643b\" data-element_type=\"widget\" data-e-type=\"widget\" data-widget_type=\"text-editor.default\">\n\t\t\t\t\t\t\t\t\t<p>El lago de G\u00fcija no solo es un sitio de belleza natural, sino que tambi\u00e9n es rico en historia y cultura. Entre sus principales atractivos destacan:<\/p>\t\t\t\t\t\t\t\t<\/div>\n\t\t\t\t\t<\/div>\n\t\t\t\t<\/div>\n\t\t<div data-particle_enable=\"false\" data-particle-mobile-disabled=\"false\" class=\"elementor-element elementor-element-5b293da e-flex e-con-boxed e-con e-parent\" data-id=\"5b293da\" data-element_type=\"container\" data-e-type=\"container\">\n\t\t\t\t\t<div class=\"e-con-inner\">\n\t\t\t\t<div class=\"elementor-element elementor-element-1a405f0 elementor-widget elementor-widget-image\" data-id=\"1a405f0\" data-element_type=\"widget\" data-e-type=\"widget\" data-widget_type=\"image.default\">\n\t\t\t\t\t\t\t\t\t\t\t\t<figure class=\"wp-caption\">\n\t\t\t\t\t\t\t\t\t\t<img fetchpriority=\"high\" decoding=\"async\" width=\"768\" height=\"434\" src=\"https:\/\/soymigrante.com\/revista\/wp-content\/uploads\/2025\/02\/Lago-de-Guija-4.webp\" class=\"attachment-large size-large wp-image-26636\" alt=\"At, paisaje natural con r\u00edo, atardecer y cielo brillante, ideal para temas relacionados con migraci\u00f3n, cultura y comunidad en M\u00e9xico y Am\u00e9rica Latina.\" srcset=\"https:\/\/soymigrante.com\/revista\/wp-content\/uploads\/2025\/02\/Lago-de-Guija-4.webp 885w, https:\/\/soymigrante.com\/revista\/wp-content\/uploads\/2025\/02\/Lago-de-Guija-4-300x169.jpg 300w, https:\/\/soymigrante.com\/revista\/wp-content\/uploads\/2025\/02\/Lago-de-Guija-4-768x434.jpg 768w, https:\/\/soymigrante.com\/revista\/wp-content\/uploads\/2025\/02\/Lago-de-Guija-4-750x424.webp 750w\" sizes=\"(max-width: 768px) 100vw, 768px\" title=\"Lago de G\u00fcija 4 \u2013 SoyMigrante.com REVISTA\" \/>\t\t\t\t\t\t\t\t\t\t\t<figcaption class=\"widget-image-caption wp-caption-text\">Paisaje natural con r\u00edo y atardecer para art\u00edculos sobre migrantes, cultura y comunidades latinoamericanas en M\u00e9xico.<\/figcaption>\n\t\t\t\t\t\t\t\t\t\t<\/figure>\n\t\t\t\t\t\t\t\t\t<\/div>\n\t\t\t\t\t<\/div>\n\t\t\t\t<\/div>\n\t\t<div data-particle_enable=\"false\" data-particle-mobile-disabled=\"false\" class=\"elementor-element elementor-element-f7a68ff e-flex e-con-boxed e-con e-parent\" data-id=\"f7a68ff\" data-element_type=\"container\" data-e-type=\"container\">\n\t\t\t\t\t<div class=\"e-con-inner\">\n\t\t\t\t<div class=\"elementor-element elementor-element-2146299 elementor-widget elementor-widget-heading\" data-id=\"2146299\" data-element_type=\"widget\" data-e-type=\"widget\" data-widget_type=\"heading.default\">\n\t\t\t\t\t<h3 class=\"elementor-heading-title elementor-size-default\">1. Paisajes y biodiversidad<\/h3>\t\t\t\t<\/div>\n\t\t\t\t\t<\/div>\n\t\t\t\t<\/div>\n\t\t<div data-particle_enable=\"false\" data-particle-mobile-disabled=\"false\" class=\"elementor-element elementor-element-63b8df6 e-flex e-con-boxed e-con e-parent\" data-id=\"63b8df6\" data-element_type=\"container\" data-e-type=\"container\">\n\t\t\t\t\t<div class=\"e-con-inner\">\n\t\t\t\t<div class=\"elementor-element elementor-element-4127680 elementor-widget elementor-widget-text-editor\" data-id=\"4127680\" data-element_type=\"widget\" data-e-type=\"widget\" data-widget_type=\"text-editor.default\">\n\t\t\t\t\t\t\t\t\t<p>El lago es hogar de una gran variedad de flora y fauna. <a href=\"https:\/\/soymigrante.com\/revista\/departamentos-de-guatemala-jutiapa-es-cuna-del-sol-entre-playas-y-montanas\/\" target=\"_blank\" rel=\"noopener\">En sus aguas se pueden encontrar diferentes especies de peces,<\/a> mientras que en sus alrededores es com\u00fan ver aves como garzas y patos silvestres.<\/p><p>Sus paisajes, con colinas y volcanes de fondo, hacen que sea un destino ideal para la fotograf\u00eda y el ecoturismo.<\/p>\t\t\t\t\t\t\t\t<\/div>\n\t\t\t\t\t<\/div>\n\t\t\t\t<\/div>\n\t\t<div data-particle_enable=\"false\" data-particle-mobile-disabled=\"false\" class=\"elementor-element elementor-element-1ec36a7 e-flex e-con-boxed e-con e-parent\" data-id=\"1ec36a7\" data-element_type=\"container\" data-e-type=\"container\">\n\t\t\t\t\t<div class=\"e-con-inner\">\n\t\t\t\t<div class=\"elementor-element elementor-element-853311b elementor-widget elementor-widget-heading\" data-id=\"853311b\" data-element_type=\"widget\" data-e-type=\"widget\" data-widget_type=\"heading.default\">\n\t\t\t\t\t<h3 class=\"elementor-heading-title elementor-size-default\">2. Volc\u00e1n y cerros cercanos<\/h3>\t\t\t\t<\/div>\n\t\t\t\t\t<\/div>\n\t\t\t\t<\/div>\n\t\t<div data-particle_enable=\"false\" data-particle-mobile-disabled=\"false\" class=\"elementor-element elementor-element-381e614 e-flex e-con-boxed e-con e-parent\" data-id=\"381e614\" data-element_type=\"container\" data-e-type=\"container\">\n\t\t\t\t\t<div class=\"e-con-inner\">\n\t\t\t\t<div class=\"elementor-element elementor-element-7621939 elementor-widget elementor-widget-text-editor\" data-id=\"7621939\" data-element_type=\"widget\" data-e-type=\"widget\" data-widget_type=\"text-editor.default\">\n\t\t\t\t\t\t\t\t\t<p>El volc\u00e1n San Diego, ubicado en la parte salvadore\u00f1a del lago, es uno de los elementos geogr\u00e1ficos m\u00e1s representativos del \u00e1rea. Adem\u00e1s,<a href=\"https:\/\/soymigrante.com\/revista\/departamentos-de-guatemala-jutiapa-es-cuna-del-sol-entre-playas-y-montanas\/\" target=\"_blank\" rel=\"noopener\"> varios cerros y formaciones rocosas ofrecen vistas panor\u00e1micas del lago<\/a> y sus alrededores.<\/p>\t\t\t\t\t\t\t\t<\/div>\n\t\t\t\t\t<\/div>\n\t\t\t\t<\/div>\n\t\t<div data-particle_enable=\"false\" data-particle-mobile-disabled=\"false\" class=\"elementor-element elementor-element-bdd539e e-flex e-con-boxed e-con e-parent\" data-id=\"bdd539e\" data-element_type=\"container\" data-e-type=\"container\">\n\t\t\t\t\t<div class=\"e-con-inner\">\n\t\t\t\t<div class=\"elementor-element elementor-element-f865906 elementor-widget elementor-widget-heading\" data-id=\"f865906\" data-element_type=\"widget\" data-e-type=\"widget\" data-widget_type=\"heading.default\">\n\t\t\t\t\t<h3 class=\"elementor-heading-title elementor-size-default\">3. Restos arqueol\u00f3gicos sumergidos<\/h3>\t\t\t\t<\/div>\n\t\t\t\t\t<\/div>\n\t\t\t\t<\/div>\n\t\t<div data-particle_enable=\"false\" data-particle-mobile-disabled=\"false\" class=\"elementor-element elementor-element-de26533 e-flex e-con-boxed e-con e-parent\" data-id=\"de26533\" data-element_type=\"container\" data-e-type=\"container\">\n\t\t\t\t\t<div class=\"e-con-inner\">\n\t\t\t\t<div class=\"elementor-element elementor-element-32ec0c2 elementor-widget elementor-widget-text-editor\" data-id=\"32ec0c2\" data-element_type=\"widget\" data-e-type=\"widget\" data-widget_type=\"text-editor.default\">\n\t\t\t\t\t\t\t\t\t<p>Uno de los aspectos m\u00e1s interesantes del lago de G\u00fcija es la presencia de vestigios arqueol\u00f3gicos sumergidos. <a href=\"https:\/\/soymigrante.com\/revista\/departamentos-de-guatemala-jutiapa-es-cuna-del-sol-entre-playas-y-montanas\/\" target=\"_blank\" rel=\"noopener\">En temporadas de sequ\u00eda, cuando el nivel del agua baja, se pueden observar restos de estructuras mayas,<\/a> incluyendo petrograbados y otros vestigios en la isla de Teotipa, del lado salvadore\u00f1o.<\/p>\t\t\t\t\t\t\t\t<\/div>\n\t\t\t\t\t<\/div>\n\t\t\t\t<\/div>\n\t\t<div data-particle_enable=\"false\" data-particle-mobile-disabled=\"false\" class=\"elementor-element elementor-element-d793d8f e-flex e-con-boxed e-con e-parent\" data-id=\"d793d8f\" data-element_type=\"container\" data-e-type=\"container\">\n\t\t\t\t\t<div class=\"e-con-inner\">\n\t\t\t\t<div class=\"elementor-element elementor-element-5da05bf elementor-widget elementor-widget-video\" data-id=\"5da05bf\" data-element_type=\"widget\" data-e-type=\"widget\" data-settings=\"{&quot;youtube_url&quot;:&quot;https:\\\/\\\/www.youtube.com\\\/watch?v=d_KoFEqwTq0&quot;,&quot;video_type&quot;:&quot;youtube&quot;,&quot;controls&quot;:&quot;yes&quot;}\" data-widget_type=\"video.default\">\n\t\t\t\t\t\t\t<div class=\"elementor-wrapper elementor-open-inline\">\n\t\t\t<div class=\"elementor-video\"><\/div>\t\t<\/div>\n\t\t\t\t\t\t<\/div>\n\t\t\t\t\t<\/div>\n\t\t\t\t<\/div>\n\t\t<div data-particle_enable=\"false\" data-particle-mobile-disabled=\"false\" class=\"elementor-element elementor-element-715cb13 e-flex e-con-boxed e-con e-parent\" data-id=\"715cb13\" data-element_type=\"container\" data-e-type=\"container\">\n\t\t\t\t\t<div class=\"e-con-inner\">\n\t\t\t\t<div class=\"elementor-element elementor-element-e7aebb4 elementor-widget elementor-widget-heading\" data-id=\"e7aebb4\" data-element_type=\"widget\" data-e-type=\"widget\" data-widget_type=\"heading.default\">\n\t\t\t\t\t<h3 class=\"elementor-heading-title elementor-size-default\">4. Pesca y turismo comunitario<\/h3>\t\t\t\t<\/div>\n\t\t\t\t\t<\/div>\n\t\t\t\t<\/div>\n\t\t<div data-particle_enable=\"false\" data-particle-mobile-disabled=\"false\" class=\"elementor-element elementor-element-2986257 e-flex e-con-boxed e-con e-parent\" data-id=\"2986257\" data-element_type=\"container\" data-e-type=\"container\">\n\t\t\t\t\t<div class=\"e-con-inner\">\n\t\t\t\t<div class=\"elementor-element elementor-element-fd23746 elementor-widget elementor-widget-text-editor\" data-id=\"fd23746\" data-element_type=\"widget\" data-e-type=\"widget\" data-widget_type=\"text-editor.default\">\n\t\t\t\t\t\t\t\t\t<p>La pesca artesanal es una de las actividades m\u00e1s importantes para las comunidades locales. Los visitantes pueden disfrutar de platillos a base de pescado fresco en los peque\u00f1os restaurantes cercanos al lago.<\/p>\t\t\t\t\t\t\t\t<\/div>\n\t\t\t\t\t<\/div>\n\t\t\t\t<\/div>\n\t\t<div data-particle_enable=\"false\" data-particle-mobile-disabled=\"false\" class=\"elementor-element elementor-element-0cf1a1b e-flex e-con-boxed e-con e-parent\" data-id=\"0cf1a1b\" data-element_type=\"container\" data-e-type=\"container\">\n\t\t\t\t\t<div class=\"e-con-inner\">\n\t\t\t\t<div class=\"elementor-element elementor-element-1950618 elementor-widget elementor-widget-heading\" data-id=\"1950618\" data-element_type=\"widget\" data-e-type=\"widget\" data-widget_type=\"heading.default\">\n\t\t\t\t\t<h3 class=\"elementor-heading-title elementor-size-default\">5. Navegaci\u00f3n y paseos en lancha<\/h3>\t\t\t\t<\/div>\n\t\t\t\t\t<\/div>\n\t\t\t\t<\/div>\n\t\t<div data-particle_enable=\"false\" data-particle-mobile-disabled=\"false\" class=\"elementor-element elementor-element-7ef0a8e e-flex e-con-boxed e-con e-parent\" data-id=\"7ef0a8e\" data-element_type=\"container\" data-e-type=\"container\">\n\t\t\t\t\t<div class=\"e-con-inner\">\n\t\t\t\t<div class=\"elementor-element elementor-element-059158c elementor-widget elementor-widget-text-editor\" data-id=\"059158c\" data-element_type=\"widget\" data-e-type=\"widget\" data-widget_type=\"text-editor.default\">\n\t\t\t\t\t\t\t\t\t<p>Los paseos en lancha por el lago permiten apreciar la belleza del lugar desde una perspectiva diferente. <a href=\"https:\/\/soymigrante.com\/revista\/departamentos-de-guatemala-jutiapa-es-cuna-del-sol-entre-playas-y-montanas\/\" target=\"_blank\" rel=\"noopener\">Es una actividad ideal para quienes buscan relajarse y admirar los paisajes.<\/a><\/p>\t\t\t\t\t\t\t\t<\/div>\n\t\t\t\t\t<\/div>\n\t\t\t\t<\/div>\n\t\t<div data-particle_enable=\"false\" data-particle-mobile-disabled=\"false\" class=\"elementor-element elementor-element-2c9ba81 e-flex e-con-boxed e-con e-parent\" data-id=\"2c9ba81\" data-element_type=\"container\" data-e-type=\"container\">\n\t\t\t\t\t<div class=\"e-con-inner\">\n\t\t\t\t<div class=\"elementor-element elementor-element-24a1fb2 elementor-widget elementor-widget-image\" data-id=\"24a1fb2\" data-element_type=\"widget\" data-e-type=\"widget\" data-widget_type=\"image.default\">\n\t\t\t\t\t\t\t\t\t\t\t\t<figure class=\"wp-caption\">\n\t\t\t\t\t\t\t\t\t\t<img decoding=\"async\" width=\"768\" height=\"512\" src=\"https:\/\/soymigrante.com\/revista\/wp-content\/uploads\/2025\/02\/Lago-de-Guija-3-1024x683.jpg\" class=\"attachment-large size-large wp-image-26637\" alt=\"Paisaje lacustre con monta\u00f1as y vegetaci\u00f3n en primer plano en un entorno natural.\" srcset=\"https:\/\/soymigrante.com\/revista\/wp-content\/uploads\/2025\/02\/Lago-de-Guija-3-1024x683.jpg 1024w, https:\/\/soymigrante.com\/revista\/wp-content\/uploads\/2025\/02\/Lago-de-Guija-3-300x200.jpg 300w, https:\/\/soymigrante.com\/revista\/wp-content\/uploads\/2025\/02\/Lago-de-Guija-3-768x512.jpg 768w, https:\/\/soymigrante.com\/revista\/wp-content\/uploads\/2025\/02\/Lago-de-Guija-3-750x500.webp 750w, https:\/\/soymigrante.com\/revista\/wp-content\/uploads\/2025\/02\/Lago-de-Guija-3-1140x760.webp 1140w, https:\/\/soymigrante.com\/revista\/wp-content\/uploads\/2025\/02\/Lago-de-Guija-3.webp 1200w\" sizes=\"(max-width: 768px) 100vw, 768px\" title=\"Lago de G\u00fcija 3 \u2013 SoyMigrante.com REVISTA\" \/>\t\t\t\t\t\t\t\t\t\t\t<figcaption class=\"widget-image-caption wp-caption-text\">Paisaje natural con lago, monta\u00f1as y \u00e1rboles, ideal para art\u00edculos sobre migraci\u00f3n, naturaleza y cultura en M\u00e9xico.<\/figcaption>\n\t\t\t\t\t\t\t\t\t\t<\/figure>\n\t\t\t\t\t\t\t\t\t<\/div>\n\t\t\t\t\t<\/div>\n\t\t\t\t<\/div>\n\t\t<div data-particle_enable=\"false\" data-particle-mobile-disabled=\"false\" class=\"elementor-element elementor-element-0dd8bce e-flex e-con-boxed e-con e-parent\" data-id=\"0dd8bce\" data-element_type=\"container\" data-e-type=\"container\">\n\t\t\t\t\t<div class=\"e-con-inner\">\n\t\t\t\t<div class=\"elementor-element elementor-element-9cfaa72 elementor-widget elementor-widget-heading\" data-id=\"9cfaa72\" data-element_type=\"widget\" data-e-type=\"widget\" data-widget_type=\"heading.default\">\n\t\t\t\t\t<h3 class=\"elementor-heading-title elementor-size-default\">Un destino con historia y belleza natural<\/h3>\t\t\t\t<\/div>\n\t\t\t\t\t<\/div>\n\t\t\t\t<\/div>\n\t\t<div data-particle_enable=\"false\" data-particle-mobile-disabled=\"false\" class=\"elementor-element elementor-element-375c6d4 e-flex e-con-boxed e-con e-parent\" data-id=\"375c6d4\" data-element_type=\"container\" data-e-type=\"container\">\n\t\t\t\t\t<div class=\"e-con-inner\">\n\t\t\t\t<div class=\"elementor-element elementor-element-4e29c5c elementor-widget elementor-widget-text-editor\" data-id=\"4e29c5c\" data-element_type=\"widget\" data-e-type=\"widget\" data-widget_type=\"text-editor.default\">\n\t\t\t\t\t\t\t\t\t<p>El lago de G\u00fcija no solo es un refugio natural, sino tambi\u00e9n un sitio cargado de historia y tradici\u00f3n. Su combinaci\u00f3n de paisajes, biodiversidad y cultura lo convierte en un destino \u00fanico en la frontera entre Guatemala y El Salvador.<\/p><p><a href=\"https:\/\/soymigrante.com\/revista\/departamentos-de-guatemala-jutiapa-es-cuna-del-sol-entre-playas-y-montanas\/\" target=\"_blank\" rel=\"noopener\">Para quienes buscan una escapada diferente dentro del pa\u00eds,<\/a> este lago ofrece una experiencia llena de tranquilidad y conexi\u00f3n con la naturaleza.<\/p>\t\t\t\t\t\t\t\t<\/div>\n\t\t\t\t\t<\/div>\n\t\t\t\t<\/div>\n\t\t<div data-particle_enable=\"false\" data-particle-mobile-disabled=\"false\" class=\"elementor-element elementor-element-1027da8 e-flex e-con-boxed e-con e-parent\" data-id=\"1027da8\" data-element_type=\"container\" data-e-type=\"container\">\n\t\t\t\t\t<div class=\"e-con-inner\">\n\t\t\t\t<div class=\"elementor-element elementor-element-d6c358b elementor-widget elementor-widget-image\" data-id=\"d6c358b\" data-element_type=\"widget\" data-e-type=\"widget\" data-widget_type=\"image.default\">\n\t\t\t\t\t\t\t\t\t\t\t\t<figure class=\"wp-caption\">\n\t\t\t\t\t\t\t\t\t\t<img decoding=\"async\" width=\"474\" height=\"316\" src=\"https:\/\/soymigrante.com\/revista\/wp-content\/uploads\/2025\/02\/Lago-de-Guija-1.webp\" class=\"attachment-large size-large wp-image-26638\" alt=\"Esquina de un r\u00edo con vegetaci\u00f3n y embarcaciones, paisaje natural, ambiente tranquilo, en el contexto de Am\u00e9rica Central o Sudam\u00e9rica.\" srcset=\"https:\/\/soymigrante.com\/revista\/wp-content\/uploads\/2025\/02\/Lago-de-Guija-1.webp 474w, https:\/\/soymigrante.com\/revista\/wp-content\/uploads\/2025\/02\/Lago-de-Guija-1-300x200.jpg 300w\" sizes=\"(max-width: 474px) 100vw, 474px\" title=\"Lago de G\u00fcija 1 \u2013 SoyMigrante.com REVISTA\" \/>\t\t\t\t\t\t\t\t\t\t\t<figcaption class=\"widget-image-caption wp-caption-text\">Paisaje de r\u00edo con vegetaci\u00f3n y embarcaciones en un entorno natural, ideal para art\u00edculos sobre medio ambiente, naturaleza y comunidades ribere\u00f1as en Am\u00e9rica Latina.<\/figcaption>\n\t\t\t\t\t\t\t\t\t\t<\/figure>\n\t\t\t\t\t\t\t\t\t<\/div>\n\t\t\t\t\t<\/div>\n\t\t\t\t<\/div>\n\t\t<div data-particle_enable=\"false\" data-particle-mobile-disabled=\"false\" class=\"elementor-element elementor-element-0cb529b e-flex e-con-boxed e-con e-parent\" data-id=\"0cb529b\" data-element_type=\"container\" data-e-type=\"container\">\n\t\t\t\t\t<div class=\"e-con-inner\">\n\t\t\t\t<div class=\"elementor-element elementor-element-a4547b0 elementor-widget elementor-widget-heading\" data-id=\"a4547b0\" data-element_type=\"widget\" data-e-type=\"widget\" data-widget_type=\"heading.default\">\n\t\t\t\t\t<h2 class=\"elementor-heading-title elementor-size-default\"> Conoce otros lugares hermosos en Guatemala...<\/h2>\t\t\t\t<\/div>\n\t\t\t\t\t<\/div>\n\t\t\t\t<\/div>\n\t\t<div data-particle_enable=\"false\" data-particle-mobile-disabled=\"false\" class=\"elementor-element elementor-element-dc644ee e-flex e-con-boxed e-con e-parent\" data-id=\"dc644ee\" data-element_type=\"container\" data-e-type=\"container\">\n\t\t\t\t\t<div class=\"e-con-inner\">\n\t\t\t\t<div class=\"elementor-element elementor-element-eb6a572 elementor-grid-eael-col-3 elementor-grid-tablet-eael-col-2 elementor-grid-mobile-eael-col-1 elementor-widget elementor-widget-eael-post-grid\" data-id=\"eb6a572\" data-element_type=\"widget\" data-e-type=\"widget\" data-settings=\"{&quot;eael_post_grid_columns&quot;:&quot;eael-col-3&quot;,&quot;eael_post_grid_columns_tablet&quot;:&quot;eael-col-2&quot;,&quot;eael_post_grid_columns_mobile&quot;:&quot;eael-col-1&quot;}\" data-widget_type=\"eael-post-grid.default\">\n\t\t\t\t\t<div id=\"eael-post-grid-eb6a572\" class=\"eael-post-grid-container\">\n            <div class=\"eael-post-grid eael-post-appender eael-post-appender-eb6a572 eael-post-grid-style-one\" data-layout-mode=\"masonry\"><article class=\"eael-grid-post  eael-post-grid-column eael-pg-post-10236 category-guate-nuestra\" data-id=\"10236\">\n        <div class=\"eael-grid-post-holder\">\n            <div class=\"eael-grid-post-holder-inner\"><div class=\"eael-entry-media\"><div class=\"eael-entry-overlay fade-in\"><i class=\"far fa-hand-pointer\" aria-hidden=\"true\"><\/i><a href=\"https:\/\/soymigrante.com\/revista\/10-datos-que-ya-sabias-o-quiza-no-acerca-del-lago-de-izabal\/\"><\/a><\/div><div class=\"eael-entry-thumbnail \">\n                <img loading=\"lazy\" decoding=\"async\" width=\"773\" height=\"773\" src=\"https:\/\/soymigrante.com\/revista\/wp-content\/uploads\/2024\/11\/lago-izabal.webp\" class=\"attachment-large size-large wp-image-11924\" alt=\"Lago rodeado de naturaleza verde y monta\u00f1as, vista a\u00e9rea, paisaje natural en una regi\u00f3n tranquila y esc\u00e9nica.\" srcset=\"https:\/\/soymigrante.com\/revista\/wp-content\/uploads\/2024\/11\/lago-izabal.webp 773w, https:\/\/soymigrante.com\/revista\/wp-content\/uploads\/2024\/11\/lago-izabal-300x300.webp 300w, https:\/\/soymigrante.com\/revista\/wp-content\/uploads\/2024\/11\/lago-izabal-150x150.webp 150w, https:\/\/soymigrante.com\/revista\/wp-content\/uploads\/2024\/11\/lago-izabal-768x768.jpg 768w, https:\/\/soymigrante.com\/revista\/wp-content\/uploads\/2024\/11\/lago-izabal-75x75.webp 75w, https:\/\/soymigrante.com\/revista\/wp-content\/uploads\/2024\/11\/lago-izabal-750x750.webp 750w\" sizes=\"(max-width: 773px) 100vw, 773px\" \/>\n            <\/div>\n        <\/div><div class=\"eael-entry-wrapper\"><header class=\"eael-entry-header\"><h2 class=\"eael-entry-title\"><a class=\"eael-grid-post-link\" href=\"https:\/\/soymigrante.com\/revista\/10-datos-que-ya-sabias-o-quiza-no-acerca-del-lago-de-izabal\/\" title=\"10 datos que ya sab\u00edas (o quiz\u00e1 no) acerca del Lago de Izabal\">10 datos que ya sab\u00edas (o quiz\u00e1 no) acerca del Lago de Izabal<\/a><\/h2><\/header><div class=\"eael-entry-content\">\n                        <div class=\"eael-grid-post-excerpt\"><a href=\"https:\/\/soymigrante.com\/revista\/10-datos-que-ya-sabias-o-quiza-no-acerca-del-lago-de-izabal\/\" class=\"eael-post-elements-readmore-btn\">CONOCE SU HISTORIA <\/a><\/div>\n                    <\/div><\/div><\/div>\n        <\/div>\n    <\/article><article class=\"eael-grid-post  eael-post-grid-column eael-pg-post-10243 category-guate-nuestra\" data-id=\"10243\">\n        <div class=\"eael-grid-post-holder\">\n            <div class=\"eael-grid-post-holder-inner\"><div class=\"eael-entry-media\"><div class=\"eael-entry-overlay fade-in\"><i class=\"far fa-hand-pointer\" aria-hidden=\"true\"><\/i><a href=\"https:\/\/soymigrante.com\/revista\/10-cosas-que-ya-conocias-o-quiza-no-del-lago-peten-itza\/\"><\/a><\/div><div class=\"eael-entry-thumbnail \">\n                <img loading=\"lazy\" decoding=\"async\" width=\"1024\" height=\"1024\" src=\"https:\/\/soymigrante.com\/revista\/wp-content\/uploads\/2024\/10\/peten-itza-erick-suarez-1024x1024.webp\" class=\"attachment-large size-large wp-image-10278\" alt=\"Puerto en el r\u00edo con estructura de muelle y vista al agua, ideal para publicaciones sobre migrantes, viajes y cultura en Am\u00e9rica Latina.\" srcset=\"https:\/\/soymigrante.com\/revista\/wp-content\/uploads\/2024\/10\/peten-itza-erick-suarez-1024x1024.webp 1024w, https:\/\/soymigrante.com\/revista\/wp-content\/uploads\/2024\/10\/peten-itza-erick-suarez-300x300.webp 300w, https:\/\/soymigrante.com\/revista\/wp-content\/uploads\/2024\/10\/peten-itza-erick-suarez-150x150.webp 150w, https:\/\/soymigrante.com\/revista\/wp-content\/uploads\/2024\/10\/peten-itza-erick-suarez-768x768.webp 768w, https:\/\/soymigrante.com\/revista\/wp-content\/uploads\/2024\/10\/peten-itza-erick-suarez-75x75.webp 75w, https:\/\/soymigrante.com\/revista\/wp-content\/uploads\/2024\/10\/peten-itza-erick-suarez-750x750.webp 750w, https:\/\/soymigrante.com\/revista\/wp-content\/uploads\/2024\/10\/peten-itza-erick-suarez.webp 1080w\" sizes=\"(max-width: 1024px) 100vw, 1024px\" \/>\n            <\/div>\n        <\/div><div class=\"eael-entry-wrapper\"><header class=\"eael-entry-header\"><h2 class=\"eael-entry-title\"><a class=\"eael-grid-post-link\" href=\"https:\/\/soymigrante.com\/revista\/10-cosas-que-ya-conocias-o-quiza-no-del-lago-peten-itza\/\" title=\"10 cosas que ya conoc\u00edas (o quiz\u00e1 no) del Lago Pet\u00e9n Itz\u00e1\">10 cosas que ya conoc\u00edas (o quiz\u00e1 no) del Lago Pet\u00e9n Itz\u00e1<\/a><\/h2><\/header><div class=\"eael-entry-content\">\n                        <div class=\"eael-grid-post-excerpt\"><a href=\"https:\/\/soymigrante.com\/revista\/10-cosas-que-ya-conocias-o-quiza-no-del-lago-peten-itza\/\" class=\"eael-post-elements-readmore-btn\">CONOCE SU HISTORIA <\/a><\/div>\n                    <\/div><\/div><\/div>\n        <\/div>\n    <\/article><article class=\"eael-grid-post  eael-post-grid-column eael-pg-post-13840 category-guate-nuestra\" data-id=\"13840\">\n        <div class=\"eael-grid-post-holder\">\n            <div class=\"eael-grid-post-holder-inner\"><div class=\"eael-entry-media\"><div class=\"eael-entry-overlay fade-in\"><i class=\"far fa-hand-pointer\" aria-hidden=\"true\"><\/i><a href=\"https:\/\/soymigrante.com\/revista\/laguna-de-ayarza-un-paraiso-natural-en-el-suroriente-de-guatemala\/\"><\/a><\/div><div class=\"eael-entry-thumbnail \">\n                <img loading=\"lazy\" decoding=\"async\" width=\"425\" height=\"425\" src=\"https:\/\/soymigrante.com\/revista\/wp-content\/uploads\/2024\/11\/laguna-de-ayarza-e1732130809789.webp\" class=\"attachment-large size-large wp-image-13842\" alt=\"Lago azul rodeado de monta\u00f1as y vegetaci\u00f3n verde, paisaje panor\u00e1mico en medio de la naturaleza.\" srcset=\"https:\/\/soymigrante.com\/revista\/wp-content\/uploads\/2024\/11\/laguna-de-ayarza-e1732130809789.webp 425w, https:\/\/soymigrante.com\/revista\/wp-content\/uploads\/2024\/11\/laguna-de-ayarza-e1732130809789-300x300.png 300w, https:\/\/soymigrante.com\/revista\/wp-content\/uploads\/2024\/11\/laguna-de-ayarza-e1732130809789-150x150.png 150w, https:\/\/soymigrante.com\/revista\/wp-content\/uploads\/2024\/11\/laguna-de-ayarza-e1732130809789-75x75.webp 75w\" sizes=\"(max-width: 425px) 100vw, 425px\" \/>\n            <\/div>\n        <\/div><div class=\"eael-entry-wrapper\"><header class=\"eael-entry-header\"><h2 class=\"eael-entry-title\"><a class=\"eael-grid-post-link\" href=\"https:\/\/soymigrante.com\/revista\/laguna-de-ayarza-un-paraiso-natural-en-el-suroriente-de-guatemala\/\" title=\"Laguna de Ayarza: un para\u00edso natural en el suroriente de Guatemala\">Laguna de Ayarza: un para\u00edso natural en el suroriente de Guatemala<\/a><\/h2><\/header><div class=\"eael-entry-content\">\n                        <div class=\"eael-grid-post-excerpt\"><a href=\"https:\/\/soymigrante.com\/revista\/laguna-de-ayarza-un-paraiso-natural-en-el-suroriente-de-guatemala\/\" class=\"eael-post-elements-readmore-btn\">CONOCE SU HISTORIA <\/a><\/div>\n                    <\/div><\/div><\/div>\n        <\/div>\n    <\/article><\/div>\n            <div class=\"clearfix\"><\/div>\n        <\/div>\t\t\t\t<\/div>\n\t\t\t\t\t<\/div>\n\t\t\t\t<\/div>\n\t\t\t\t<\/div>\n\t\t","protected":false},"excerpt":{"rendered":"<p>El lago de G\u00fcija es un lugar lleno de flora y fauna que se encuentra en la frontera de Guatemala y El Salvador. Solo una cuarta parte de este cuerpo de agua est\u00e1 del lado guatemalteco, a\u00fan as\u00ed es un destino fascinante. El lago de G\u00fcija es un impresionante cuerpo de agua compartido por Guatemala [&hellip;]<\/p>\n","protected":false},"author":19,"featured_media":26634,"comment_status":"open","ping_status":"open","sticky":false,"template":"","format":"standard","meta":{"_acf_changed":false,"_eb_attr":"","footnotes":""},"categories":[58],"tags":[],"class_list":["post-26633","post","type-post","status-publish","format-standard","has-post-thumbnail","hentry","category-guate-nuestra"],"acf":[],"aioseo_notices":[],"aioseo_head":"\n\t\t<!-- All in One SEO Pro 4.9.6.2 - aioseo.com -->\n\t<meta name=\"description\" content=\"La Laguna de Ayarza, en Santa Rosa, es un destino perfecto para quienes buscan un escape natural a poca distancia de la Ciudad de Guatemala.\" \/>\n\t<meta name=\"robots\" content=\"max-snippet:-1, max-image-preview:large, max-video-preview:-1\" \/>\n\t<meta name=\"author\" content=\"Marysabel Aldana\"\/>\n\t<link rel=\"canonical\" href=\"https:\/\/soymigrante.com\/revista\/laguna-de-ayarza-un-paraiso-natural-en-el-suroriente-de-guatemala\/\" \/>\n\t<meta name=\"generator\" content=\"All in One SEO Pro (AIOSEO) 4.9.6.2\" \/>\n\n\t\t<link rel=\"preconnect\" href=\"https:\/\/fonts.googleapis.com\" crossorigin>\n<link rel=\"preconnect\" href=\"https:\/\/fonts.gstatic.com\" crossorigin>\n\t\t<meta property=\"og:locale\" content=\"es_ES\" \/>\n\t\t<meta property=\"og:site_name\" content=\"SoyMigrante.com REVISTA \u2013 Nuestra misi\u00f3n es reconocer y dignificar al migrante.\" \/>\n\t\t<meta property=\"og:type\" content=\"article\" \/>\n\t\t<meta property=\"og:title\" content=\"Laguna de Ayarza: un para\u00edso natural en el suroriente de Guatemala\" \/>\n\t\t<meta property=\"og:description\" content=\"La Laguna de Ayarza, en Santa Rosa, es un destino perfecto para quienes buscan un escape natural a poca distancia de la Ciudad de Guatemala.\" \/>\n\t\t<meta property=\"og:url\" content=\"https:\/\/soymigrante.com\/revista\/laguna-de-ayarza-un-paraiso-natural-en-el-suroriente-de-guatemala\/\" \/>\n\t\t<meta property=\"og:image\" content=\"https:\/\/soymigrante.com\/revista\/wp-content\/uploads\/2024\/11\/laguna-de-ayarza-e1732130809789.webp\" \/>\n\t\t<meta property=\"og:image:secure_url\" content=\"https:\/\/soymigrante.com\/revista\/wp-content\/uploads\/2024\/11\/laguna-de-ayarza-e1732130809789.webp\" \/>\n\t\t<meta property=\"og:image:width\" content=\"425\" \/>\n\t\t<meta property=\"og:image:height\" content=\"425\" \/>\n\t\t<meta property=\"article:published_time\" content=\"2024-11-30T19:31:52+00:00\" \/>\n\t\t<meta property=\"article:modified_time\" content=\"2024-11-30T19:31:54+00:00\" \/>\n\t\t<meta property=\"article:publisher\" content=\"https:\/\/www.facebook.com\/soymigrantecom\" \/>\n\t\t<meta name=\"twitter:card\" content=\"summary_large_image\" \/>\n\t\t<meta name=\"twitter:site\" content=\"@SoyMigrante_com\" \/>\n\t\t<meta name=\"twitter:title\" content=\"Laguna de Ayarza: un para\u00edso natural en el suroriente de Guatemala\" \/>\n\t\t<meta name=\"twitter:description\" content=\"La Laguna de Ayarza, en Santa Rosa, es un destino perfecto para quienes buscan un escape natural a poca distancia de la Ciudad de Guatemala.\" \/>\n\t\t<meta name=\"twitter:creator\" content=\"@SoyMigrante_com\" \/>\n\t\t<meta name=\"twitter:image\" content=\"https:\/\/soymigrante.com\/revista\/wp-content\/uploads\/2024\/11\/laguna-de-ayarza-e1732130809789.webp\" \/>\n\t\t<!-- All in One SEO Pro -->\r\n\t\t<title>Laguna de Ayarza: un para\u00edso natural en el suroriente de Guatemala<\/title>\n\n","aioseo_head_json":{"title":"Laguna de Ayarza: un para\u00edso natural en el suroriente de Guatemala","description":"La Laguna de Ayarza, en Santa Rosa, es un destino perfecto para quienes buscan un escape natural a poca distancia de la Ciudad de Guatemala.","canonical_url":"https:\/\/soymigrante.com\/revista\/laguna-de-ayarza-un-paraiso-natural-en-el-suroriente-de-guatemala\/","robots":"max-snippet:-1, max-image-preview:large, max-video-preview:-1","keywords":"","webmasterTools":{"miscellaneous":"&lt;link rel=\"preconnect\" href=\"https:\/\/fonts.googleapis.com\" crossorigin&gt;\n&lt;link rel=\"preconnect\" href=\"https:\/\/fonts.gstatic.com\" crossorigin&gt;"},"schema":null,"og:locale":"es_ES","og:site_name":"SoyMigrante.com REVISTA \u2013 Nuestra misi\u00f3n es reconocer y dignificar al migrante.","og:type":"article","og:title":"Laguna de Ayarza: un para\u00edso natural en el suroriente de Guatemala","og:description":"La Laguna de Ayarza, en Santa Rosa, es un destino perfecto para quienes buscan un escape natural a poca distancia de la Ciudad de Guatemala.","og:url":"https:\/\/soymigrante.com\/revista\/laguna-de-ayarza-un-paraiso-natural-en-el-suroriente-de-guatemala\/","og:image":"https:\/\/soymigrante.com\/revista\/wp-content\/uploads\/2024\/11\/laguna-de-ayarza-e1732130809789.webp","og:image:secure_url":"https:\/\/soymigrante.com\/revista\/wp-content\/uploads\/2024\/11\/laguna-de-ayarza-e1732130809789.webp","og:image:width":425,"og:image:height":425,"article:published_time":"2024-11-30T19:31:52+00:00","article:modified_time":"2024-11-30T19:31:54+00:00","article:publisher":"https:\/\/www.facebook.com\/soymigrantecom","twitter:card":"summary_large_image","twitter:site":"@SoyMigrante_com","twitter:title":"Laguna de Ayarza: un para\u00edso natural en el suroriente de Guatemala","twitter:description":"La Laguna de Ayarza, en Santa Rosa, es un destino perfecto para quienes buscan un escape natural a poca distancia de la Ciudad de Guatemala.","twitter:creator":"@SoyMigrante_com","twitter:image":"https:\/\/soymigrante.com\/revista\/wp-content\/uploads\/2024\/11\/laguna-de-ayarza-e1732130809789.webp"},"aioseo_meta_data":{"post_id":"26633","title":"Lago de G\u00fcija es una joya acu\u00e1tica en la frontera oriental","description":"Este cuerpo de agua es maravilloso, pero solo una parte le pertenece a Guatemala. A\u00fan as\u00ed puede ser visitada y admirada. Conoce c\u00f3mo llegar.","keywords":null,"keyphrases":{"focus":{"keyphrase":"Lago de G\u00fcija","score":82,"analysis":{"keyphraseInTitle":{"score":9,"maxScore":9,"error":0},"keyphraseInDescription":{"score":3,"maxScore":9,"error":1},"keyphraseLength":{"score":9,"maxScore":9,"error":0,"length":4},"keyphraseInURL":{"score":5,"maxScore":5,"error":0},"keyphraseInIntroduction":{"score":9,"maxScore":9,"error":0},"keyphraseInSubHeadings":{"score":3,"maxScore":9,"error":1},"keyphraseInImageAlt":{"score":9,"maxScore":9,"error":0},"keywordDensity":{"type":"best","score":9,"maxScore":9,"error":0}}},"additional":[{"keyphrase":"Naturaleza","score":53,"analysis":{"keyphraseInDescription":{"score":3,"maxScore":9,"error":1},"keyphraseLength":{"score":9,"maxScore":9,"error":0,"length":1},"keyphraseInIntroduction":{"score":9,"maxScore":9,"error":0},"keyphraseInImageAlt":{"score":3,"maxScore":9,"error":1},"keywordDensity":{"score":0,"type":"low","maxScore":9,"error":1}}},{"keyphrase":"Turismo","score":40,"analysis":{"keyphraseInDescription":{"score":3,"maxScore":9,"error":1},"keyphraseLength":{"score":9,"maxScore":9,"error":0,"length":1},"keyphraseInIntroduction":{"score":3,"maxScore":9,"error":1},"keyphraseInImageAlt":{"score":3,"maxScore":9,"error":1},"keywordDensity":{"score":0,"type":"low","maxScore":9,"error":1}}}]},"primary_term":null,"canonical_url":null,"og_title":null,"og_description":null,"og_object_type":"default","og_image_type":"default","og_image_url":null,"og_image_width":null,"og_image_height":null,"og_image_custom_url":null,"og_image_custom_fields":null,"og_video":"","og_custom_url":null,"og_article_section":null,"og_article_tags":null,"twitter_use_og":false,"twitter_card":"default","twitter_image_type":"default","twitter_image_url":null,"twitter_image_custom_url":null,"twitter_image_custom_fields":null,"twitter_title":null,"twitter_description":null,"schema":{"blockGraphs":[],"customGraphs":[],"default":{"data":{"Article":[],"Course":[],"Dataset":[],"FAQPage":[],"Movie":[],"Person":[],"Product":[],"ProductReview":[],"Car":[],"Recipe":[],"Service":[],"SoftwareApplication":[],"WebPage":[]},"graphName":"BlogPosting","isEnabled":true},"graphs":[]},"schema_type":"default","schema_type_options":null,"pillar_content":false,"robots_default":true,"robots_noindex":false,"robots_noarchive":false,"robots_nosnippet":false,"robots_nofollow":false,"robots_noimageindex":false,"robots_noodp":false,"robots_notranslate":false,"robots_max_snippet":"-1","robots_max_videopreview":"-1","robots_max_imagepreview":"large","priority":null,"frequency":"default","local_seo":null,"seo_analyzer_scan_date":"2025-10-09 03:09:33","breadcrumb_settings":null,"limit_modified_date":false,"reviewed_by":null,"open_ai":"{\"title\":{\"suggestions\":[],\"usage\":0},\"description\":{\"suggestions\":[],\"usage\":0}}","ai":null,"created":"2025-02-28 21:03:20","updated":"2026-02-04 21:58:41"},"aioseo_breadcrumb":"<div class=\"aioseo-breadcrumbs\"><span class=\"aioseo-breadcrumb\">\n\t<a href=\"https:\/\/soymigrante.com\/revista\" title=\"Home\">Home<\/a>\n<\/span><span class=\"aioseo-breadcrumb-separator\">\u00bb<\/span><span class=\"aioseo-breadcrumb\">\n\t<a href=\"https:\/\/soymigrante.com\/revista\/category\/guate-nuestra\/\" title=\"Guate Nuestra\">Guate Nuestra<\/a>\n<\/span><span class=\"aioseo-breadcrumb-separator\">\u00bb<\/span><span class=\"aioseo-breadcrumb\">\n\tLago de G\u00fcija es una joya acu\u00e1tica en la frontera oriental de Guatemala\n<\/span><\/div>","aioseo_breadcrumb_json":[{"label":"Home","link":"https:\/\/soymigrante.com\/revista"},{"label":"Guate Nuestra","link":"https:\/\/soymigrante.com\/revista\/category\/guate-nuestra\/"},{"label":"Lago de G\u00fcija es una joya acu\u00e1tica en la frontera oriental de Guatemala","link":"https:\/\/soymigrante.com\/revista\/lago-de-guija-es-una-joya-acuatica-en-la-frontera-oriental-de-guatemala\/"}],"_links":{"self":[{"href":"https:\/\/soymigrante.com\/revista\/wp-json\/wp\/v2\/posts\/26633","targetHints":{"allow":["GET"]}}],"collection":[{"href":"https:\/\/soymigrante.com\/revista\/wp-json\/wp\/v2\/posts"}],"about":[{"href":"https:\/\/soymigrante.com\/revista\/wp-json\/wp\/v2\/types\/post"}],"author":[{"embeddable":true,"href":"https:\/\/soymigrante.com\/revista\/wp-json\/wp\/v2\/users\/19"}],"replies":[{"embeddable":true,"href":"https:\/\/soymigrante.com\/revista\/wp-json\/wp\/v2\/comments?post=26633"}],"version-history":[{"count":0,"href":"https:\/\/soymigrante.com\/revista\/wp-json\/wp\/v2\/posts\/26633\/revisions"}],"wp:featuredmedia":[{"embeddable":true,"href":"https:\/\/soymigrante.com\/revista\/wp-json\/wp\/v2\/media\/26634"}],"wp:attachment":[{"href":"https:\/\/soymigrante.com\/revista\/wp-json\/wp\/v2\/media?parent=26633"}],"wp:term":[{"taxonomy":"category","embeddable":true,"href":"https:\/\/soymigrante.com\/revista\/wp-json\/wp\/v2\/categories?post=26633"},{"taxonomy":"post_tag","embeddable":true,"href":"https:\/\/soymigrante.com\/revista\/wp-json\/wp\/v2\/tags?post=26633"}],"curies":[{"name":"wp","href":"https:\/\/api.w.org\/{rel}","templated":true}]}}