{"id":26550,"date":"2025-02-27T16:32:13","date_gmt":"2025-02-27T22:32:13","guid":{"rendered":"https:\/\/soymigrante.com\/revista\/?p=26550"},"modified":"2025-02-27T16:32:15","modified_gmt":"2025-02-27T22:32:15","slug":"la-catarata-mas-alta-de-guatemala-y-de-toda-c-a-esta-en-san-marcos-como-se-llama","status":"publish","type":"post","link":"https:\/\/soymigrante.com\/revista\/la-catarata-mas-alta-de-guatemala-y-de-toda-c-a-esta-en-san-marcos-como-se-llama\/","title":{"rendered":"La catarata m\u00e1s alta de Guatemala y de toda C.A. est\u00e1 en San Marcos \u00bfC\u00f3mo se llama?"},"content":{"rendered":"\t\t<div data-elementor-type=\"wp-post\" data-elementor-id=\"26550\" class=\"elementor elementor-26550\" data-elementor-post-type=\"post\">\n\t\t\t\t<div data-particle_enable=\"false\" data-particle-mobile-disabled=\"false\" class=\"elementor-element elementor-element-744a0b7 e-flex e-con-boxed e-con e-parent\" data-id=\"744a0b7\" data-element_type=\"container\" data-e-type=\"container\">\n\t\t\t\t\t<div class=\"e-con-inner\">\n\t\t\t\t<div class=\"elementor-element elementor-element-bc41adc elementor-widget elementor-widget-heading\" data-id=\"bc41adc\" data-element_type=\"widget\" data-e-type=\"widget\" data-widget_type=\"heading.default\">\n\t\t\t\t\t<h2 class=\"elementor-heading-title elementor-size-default\">Catarata La Igualdad implica una caminata por senderos rodeados de plantaciones de caf\u00e9 y banano. <\/h2>\t\t\t\t<\/div>\n\t\t\t\t\t<\/div>\n\t\t\t\t<\/div>\n\t\t<div data-particle_enable=\"false\" data-particle-mobile-disabled=\"false\" class=\"elementor-element elementor-element-b914148 e-flex e-con-boxed e-con e-parent\" data-id=\"b914148\" data-element_type=\"container\" data-e-type=\"container\">\n\t\t\t\t\t<div class=\"e-con-inner\">\n\t\t\t\t<div class=\"elementor-element elementor-element-467ae8f elementor-widget elementor-widget-text-editor\" data-id=\"467ae8f\" data-element_type=\"widget\" data-e-type=\"widget\" data-widget_type=\"text-editor.default\">\n\t\t\t\t\t\t\t\t\t<p>Enclavada en las faldas del imponente <a href=\"https:\/\/soymigrante.com\/revista\/departamentos-de-guatemala-san-marcos-tierra-de-las-cumbres-mas-altas\/\" target=\"_blank\" rel=\"noopener\">Volc\u00e1n Tajumulco, en el municipio de San Pablo, departamento de San Marcos,<\/a> se encuentra la Catarata La Igualdad.<\/p><p>Con una ca\u00edda de agua que alcanza aproximadamente los 200 metros de altura, es considerada una de las m\u00e1s altas de Guatemala y Centroam\u00e9rica.<\/p><p><a href=\"https:\/\/soymigrante.com\/revista\/departamentos-de-guatemala-san-marcos-tierra-de-las-cumbres-mas-altas\/\" target=\"_blank\" rel=\"noopener\">La catarata es alimentada por corrientes naturales<\/a> que descienden desde las alturas del volc\u00e1n, formando un espect\u00e1culo natural de inigualable belleza.<\/p>\t\t\t\t\t\t\t\t<\/div>\n\t\t\t\t\t<\/div>\n\t\t\t\t<\/div>\n\t\t<div data-particle_enable=\"false\" data-particle-mobile-disabled=\"false\" class=\"elementor-element elementor-element-b5554f4 e-flex e-con-boxed e-con e-parent\" data-id=\"b5554f4\" data-element_type=\"container\" data-e-type=\"container\">\n\t\t\t\t\t<div class=\"e-con-inner\">\n\t\t\t\t<div class=\"elementor-element elementor-element-0e5b898 elementor-widget elementor-widget-heading\" data-id=\"0e5b898\" data-element_type=\"widget\" data-e-type=\"widget\" data-widget_type=\"heading.default\">\n\t\t\t\t\t<h3 class=\"elementor-heading-title elementor-size-default\">Una reserva natural<\/h3>\t\t\t\t<\/div>\n\t\t\t\t\t<\/div>\n\t\t\t\t<\/div>\n\t\t<div data-particle_enable=\"false\" data-particle-mobile-disabled=\"false\" class=\"elementor-element elementor-element-197c83c e-flex e-con-boxed e-con e-parent\" data-id=\"197c83c\" data-element_type=\"container\" data-e-type=\"container\">\n\t\t\t\t\t<div class=\"e-con-inner\">\n\t\t\t\t<div class=\"elementor-element elementor-element-69d8ea6 elementor-widget elementor-widget-text-editor\" data-id=\"69d8ea6\" data-element_type=\"widget\" data-e-type=\"widget\" data-widget_type=\"text-editor.default\">\n\t\t\t\t\t\t\t\t\t<p>El \u00e1rea que rodea la cascada es una reserva natural comunitaria que abarca alrededor de 23 hect\u00e1reas de exuberante vegetaci\u00f3n, donde habitan diversas especies de flora y fauna, incluyendo el emblem\u00e1tico Quetzal.<\/p><p>Adem\u00e1s de la impresionante ca\u00edda de agua, <a href=\"https:\/\/soymigrante.com\/revista\/departamentos-de-guatemala-san-marcos-tierra-de-las-cumbres-mas-altas\/\" target=\"_blank\" rel=\"noopener\">el entorno ofrece atractivos adicionales como piscinas naturales<\/a> de aguas termales ricas en minerales, ideales para el descanso y la relajaci\u00f3n.<\/p>\t\t\t\t\t\t\t\t<\/div>\n\t\t\t\t\t<\/div>\n\t\t\t\t<\/div>\n\t\t<div data-particle_enable=\"false\" data-particle-mobile-disabled=\"false\" class=\"elementor-element elementor-element-30f1751 e-flex e-con-boxed e-con e-parent\" data-id=\"30f1751\" data-element_type=\"container\" data-e-type=\"container\">\n\t\t\t\t\t<div class=\"e-con-inner\">\n\t\t\t\t<div class=\"elementor-element elementor-element-9cb0a94 elementor-widget elementor-widget-text-editor\" data-id=\"9cb0a94\" data-element_type=\"widget\" data-e-type=\"widget\" data-widget_type=\"text-editor.default\">\n\t\t\t\t\t\t\t\t\t<p>Estas pozas se encuentran en las cercan\u00edas de la catarata y<a href=\"https:\/\/soymigrante.com\/revista\/departamentos-de-guatemala-san-marcos-tierra-de-las-cumbres-mas-altas\/\" target=\"_blank\" rel=\"noopener\"> son resultado de la actividad geot\u00e9rmica del volc\u00e1n.<\/a><\/p>\t\t\t\t\t\t\t\t<\/div>\n\t\t\t\t\t<\/div>\n\t\t\t\t<\/div>\n\t\t<div data-particle_enable=\"false\" data-particle-mobile-disabled=\"false\" class=\"elementor-element elementor-element-349f55a e-flex e-con-boxed e-con e-parent\" data-id=\"349f55a\" data-element_type=\"container\" data-e-type=\"container\">\n\t\t\t\t\t<div class=\"e-con-inner\">\n\t\t\t\t<div class=\"elementor-element elementor-element-ccab71e elementor-widget elementor-widget-image\" data-id=\"ccab71e\" data-element_type=\"widget\" data-e-type=\"widget\" data-widget_type=\"image.default\">\n\t\t\t\t\t\t\t\t\t\t\t\t<figure class=\"wp-caption\">\n\t\t\t\t\t\t\t\t\t\t<img fetchpriority=\"high\" decoding=\"async\" width=\"683\" height=\"1024\" src=\"https:\/\/soymigrante.com\/revista\/wp-content\/uploads\/2025\/02\/Cataratas-La-Igualdad-2-683x1024.jpeg\" class=\"attachment-large size-large wp-image-26553\" alt=\"Esquina de una cascada en un bosque lluvioso con vegetaci\u00f3n exuberante y rocas en el r\u00edo, en un entorno natural, en la selva.\" srcset=\"https:\/\/soymigrante.com\/revista\/wp-content\/uploads\/2025\/02\/Cataratas-La-Igualdad-2-683x1024.jpeg 683w, https:\/\/soymigrante.com\/revista\/wp-content\/uploads\/2025\/02\/Cataratas-La-Igualdad-2-200x300.jpeg 200w, https:\/\/soymigrante.com\/revista\/wp-content\/uploads\/2025\/02\/Cataratas-La-Igualdad-2-768x1152.jpeg 768w, https:\/\/soymigrante.com\/revista\/wp-content\/uploads\/2025\/02\/Cataratas-La-Igualdad-2-1024x1536.jpeg 1024w, https:\/\/soymigrante.com\/revista\/wp-content\/uploads\/2025\/02\/Cataratas-La-Igualdad-2-1366x2048.jpeg 1366w, https:\/\/soymigrante.com\/revista\/wp-content\/uploads\/2025\/02\/Cataratas-La-Igualdad-2-750x1125.webp 750w, https:\/\/soymigrante.com\/revista\/wp-content\/uploads\/2025\/02\/Cataratas-La-Igualdad-2-1140x1710.webp 1140w, https:\/\/soymigrante.com\/revista\/wp-content\/uploads\/2025\/02\/Cataratas-La-Igualdad-2.webp 1280w\" sizes=\"(max-width: 683px) 100vw, 683px\" title=\"Cataratas La Igualdad 2 \u2013 SoyMigrante.com REVISTA\" \/>\t\t\t\t\t\t\t\t\t\t\t<figcaption class=\"widget-image-caption wp-caption-text\">Cascada en un entorno selv\u00e1tico, rodeada de vegetaci\u00f3n densa y rocas, mostrando la belleza natural de la naturaleza y la riqueza de la biodiversidad.<\/figcaption>\n\t\t\t\t\t\t\t\t\t\t<\/figure>\n\t\t\t\t\t\t\t\t\t<\/div>\n\t\t\t\t\t<\/div>\n\t\t\t\t<\/div>\n\t\t<div data-particle_enable=\"false\" data-particle-mobile-disabled=\"false\" class=\"elementor-element elementor-element-fcd52ea e-flex e-con-boxed e-con e-parent\" data-id=\"fcd52ea\" data-element_type=\"container\" data-e-type=\"container\">\n\t\t\t\t\t<div class=\"e-con-inner\">\n\t\t\t\t<div class=\"elementor-element elementor-element-5e79c67 elementor-widget elementor-widget-heading\" data-id=\"5e79c67\" data-element_type=\"widget\" data-e-type=\"widget\" data-widget_type=\"heading.default\">\n\t\t\t\t\t<h3 class=\"elementor-heading-title elementor-size-default\">Una caminata por senderos <\/h3>\t\t\t\t<\/div>\n\t\t\t\t\t<\/div>\n\t\t\t\t<\/div>\n\t\t<div data-particle_enable=\"false\" data-particle-mobile-disabled=\"false\" class=\"elementor-element elementor-element-2184730 e-flex e-con-boxed e-con e-parent\" data-id=\"2184730\" data-element_type=\"container\" data-e-type=\"container\">\n\t\t\t\t\t<div class=\"e-con-inner\">\n\t\t\t\t<div class=\"elementor-element elementor-element-177f1cd elementor-widget elementor-widget-text-editor\" data-id=\"177f1cd\" data-element_type=\"widget\" data-e-type=\"widget\" data-widget_type=\"text-editor.default\">\n\t\t\t\t\t\t\t\t\t<p>Para los visitantes, el acceso a <a href=\"https:\/\/soymigrante.com\/revista\/departamentos-de-guatemala-san-marcos-tierra-de-las-cumbres-mas-altas\/\" target=\"_blank\" rel=\"noopener\">la Catarata La Igualdad implica una caminata por senderos rodeados de plantaciones de caf\u00e9 y banano,<\/a> permitiendo una inmersi\u00f3n total en la naturaleza.<\/p><p>El sitio cuenta con \u00e1reas designadas para acampar, facilitando una experiencia completa para los amantes del ecoturismo.<\/p>\t\t\t\t\t\t\t\t<\/div>\n\t\t\t\t\t<\/div>\n\t\t\t\t<\/div>\n\t\t<div data-particle_enable=\"false\" data-particle-mobile-disabled=\"false\" class=\"elementor-element elementor-element-d558f60 e-flex e-con-boxed e-con e-parent\" data-id=\"d558f60\" data-element_type=\"container\" data-e-type=\"container\">\n\t\t\t\t\t<div class=\"e-con-inner\">\n\t\t\t\t<div class=\"elementor-element elementor-element-018369d elementor-widget elementor-widget-image\" data-id=\"018369d\" data-element_type=\"widget\" data-e-type=\"widget\" data-widget_type=\"image.default\">\n\t\t\t\t\t\t\t\t\t\t\t\t<figure class=\"wp-caption\">\n\t\t\t\t\t\t\t\t\t\t<img decoding=\"async\" width=\"683\" height=\"1024\" src=\"https:\/\/soymigrante.com\/revista\/wp-content\/uploads\/2025\/02\/Cataratas-la-igualdad-3\u00b4-683x1024.jpeg\" class=\"attachment-large size-large wp-image-26556\" alt=\"Catarata La Igualdad: El majestuoso salto de agua en San Marcos\" srcset=\"https:\/\/soymigrante.com\/revista\/wp-content\/uploads\/2025\/02\/Cataratas-la-igualdad-3\u00b4-683x1024.jpeg 683w, https:\/\/soymigrante.com\/revista\/wp-content\/uploads\/2025\/02\/Cataratas-la-igualdad-3\u00b4-200x300.jpeg 200w, https:\/\/soymigrante.com\/revista\/wp-content\/uploads\/2025\/02\/Cataratas-la-igualdad-3\u00b4-768x1152.jpeg 768w, https:\/\/soymigrante.com\/revista\/wp-content\/uploads\/2025\/02\/Cataratas-la-igualdad-3\u00b4-1024x1536.jpeg 1024w, https:\/\/soymigrante.com\/revista\/wp-content\/uploads\/2025\/02\/Cataratas-la-igualdad-3\u00b4-1366x2048.jpeg 1366w, https:\/\/soymigrante.com\/revista\/wp-content\/uploads\/2025\/02\/Cataratas-la-igualdad-3\u00b4-750x1125.webp 750w, https:\/\/soymigrante.com\/revista\/wp-content\/uploads\/2025\/02\/Cataratas-la-igualdad-3\u00b4-1140x1710.webp 1140w, https:\/\/soymigrante.com\/revista\/wp-content\/uploads\/2025\/02\/Cataratas-la-igualdad-3\u00b4.webp 1280w\" sizes=\"(max-width: 683px) 100vw, 683px\" title=\"Cataratas la igualdad 3\u00b4 \u2013 SoyMigrante.com REVISTA\" \/>\t\t\t\t\t\t\t\t\t\t\t<figcaption class=\"widget-image-caption wp-caption-text\">La Catarata cuenta con senderos para apreciar la vista y una caminata entre el bosque. (Foto: INGUAT)<\/figcaption>\n\t\t\t\t\t\t\t\t\t\t<\/figure>\n\t\t\t\t\t\t\t\t\t<\/div>\n\t\t\t\t\t<\/div>\n\t\t\t\t<\/div>\n\t\t<div data-particle_enable=\"false\" data-particle-mobile-disabled=\"false\" class=\"elementor-element elementor-element-29f3e03 e-flex e-con-boxed e-con e-parent\" data-id=\"29f3e03\" data-element_type=\"container\" data-e-type=\"container\">\n\t\t\t\t\t<div class=\"e-con-inner\">\n\t\t\t\t<div class=\"elementor-element elementor-element-e9b0f5a elementor-widget elementor-widget-heading\" data-id=\"e9b0f5a\" data-element_type=\"widget\" data-e-type=\"widget\" data-widget_type=\"heading.default\">\n\t\t\t\t\t<h3 class=\"elementor-heading-title elementor-size-default\">Las tarifas para ingreso <\/h3>\t\t\t\t<\/div>\n\t\t\t\t\t<\/div>\n\t\t\t\t<\/div>\n\t\t<div data-particle_enable=\"false\" data-particle-mobile-disabled=\"false\" class=\"elementor-element elementor-element-66a40b4 e-flex e-con-boxed e-con e-parent\" data-id=\"66a40b4\" data-element_type=\"container\" data-e-type=\"container\">\n\t\t\t\t\t<div class=\"e-con-inner\">\n\t\t\t\t<div class=\"elementor-element elementor-element-ee0c8cc elementor-widget elementor-widget-text-editor\" data-id=\"ee0c8cc\" data-element_type=\"widget\" data-e-type=\"widget\" data-widget_type=\"text-editor.default\">\n\t\t\t\t\t\t\t\t\t<p>La administraci\u00f3n de este paraje natural est\u00e1 a cargo de la comunidad local,<a href=\"https:\/\/soymigrante.com\/revista\/departamentos-de-guatemala-san-marcos-tierra-de-las-cumbres-mas-altas\/\" target=\"_blank\" rel=\"noopener\"> quienes han implementado un sistema de tarifas accesibles para el ingreso y el uso de las instalaciones,<\/a> contribuyendo as\u00ed al desarrollo sostenible de la regi\u00f3n y a la conservaci\u00f3n del medio ambiente.<\/p><p><a href=\"https:\/\/soymigrante.com\/revista\/departamentos-de-guatemala-san-marcos-tierra-de-las-cumbres-mas-altas\/\" target=\"_blank\" rel=\"noopener\">La Catarata La Igualdad no solo representa un tesoro natural por su majestuosidad y biodiversidad,<\/a> sino que tambi\u00e9n es un s\u00edmbolo del compromiso comunitario con la preservaci\u00f3n del entorno y la promoci\u00f3n del turismo responsable en Guatemala.<\/p>\t\t\t\t\t\t\t\t<\/div>\n\t\t\t\t\t<\/div>\n\t\t\t\t<\/div>\n\t\t<div data-particle_enable=\"false\" data-particle-mobile-disabled=\"false\" class=\"elementor-element elementor-element-c4093b8 e-flex e-con-boxed e-con e-parent\" data-id=\"c4093b8\" data-element_type=\"container\" data-e-type=\"container\">\n\t\t\t\t\t<div class=\"e-con-inner\">\n\t\t\t\t<div class=\"elementor-element elementor-element-704b311 elementor-widget elementor-widget-heading\" data-id=\"704b311\" data-element_type=\"widget\" data-e-type=\"widget\" data-widget_type=\"heading.default\">\n\t\t\t\t\t<h3 class=\"elementor-heading-title elementor-size-default\">Conoce m\u00e1s de otros sitios tur\u00edsticos, ac\u00e1...<\/h3>\t\t\t\t<\/div>\n\t\t\t\t\t<\/div>\n\t\t\t\t<\/div>\n\t\t<div data-particle_enable=\"false\" data-particle-mobile-disabled=\"false\" class=\"elementor-element elementor-element-dbd374d e-flex e-con-boxed e-con e-parent\" data-id=\"dbd374d\" data-element_type=\"container\" data-e-type=\"container\">\n\t\t\t\t\t<div class=\"e-con-inner\">\n\t\t\t\t<div class=\"elementor-element elementor-element-03036d5 elementor-grid-eael-col-3 elementor-grid-tablet-eael-col-2 elementor-grid-mobile-eael-col-1 elementor-widget elementor-widget-eael-post-grid\" data-id=\"03036d5\" data-element_type=\"widget\" data-e-type=\"widget\" data-settings=\"{&quot;eael_post_grid_columns&quot;:&quot;eael-col-3&quot;,&quot;eael_post_grid_columns_tablet&quot;:&quot;eael-col-2&quot;,&quot;eael_post_grid_columns_mobile&quot;:&quot;eael-col-1&quot;}\" data-widget_type=\"eael-post-grid.default\">\n\t\t\t\t\t<div id=\"eael-post-grid-03036d5\" class=\"eael-post-grid-container\">\n            <div class=\"eael-post-grid eael-post-appender eael-post-appender-03036d5 eael-post-grid-style-one\" data-layout-mode=\"masonry\"><article class=\"eael-grid-post  eael-post-grid-column eael-pg-post-10236 category-guate-nuestra\" data-id=\"10236\">\n        <div class=\"eael-grid-post-holder\">\n            <div class=\"eael-grid-post-holder-inner\"><div class=\"eael-entry-media\"><div class=\"eael-entry-overlay fade-in\"><i class=\"far fa-hand-pointer\" aria-hidden=\"true\"><\/i><a href=\"https:\/\/soymigrante.com\/revista\/10-datos-que-ya-sabias-o-quiza-no-acerca-del-lago-de-izabal\/\"><\/a><\/div><div class=\"eael-entry-thumbnail \">\n                <img decoding=\"async\" width=\"773\" height=\"773\" src=\"https:\/\/soymigrante.com\/revista\/wp-content\/uploads\/2024\/11\/lago-izabal.webp\" class=\"attachment-large size-large wp-image-11924\" alt=\"Lago rodeado de naturaleza verde y monta\u00f1as, vista a\u00e9rea, paisaje natural en una regi\u00f3n tranquila y esc\u00e9nica.\" srcset=\"https:\/\/soymigrante.com\/revista\/wp-content\/uploads\/2024\/11\/lago-izabal.webp 773w, https:\/\/soymigrante.com\/revista\/wp-content\/uploads\/2024\/11\/lago-izabal-300x300.webp 300w, https:\/\/soymigrante.com\/revista\/wp-content\/uploads\/2024\/11\/lago-izabal-150x150.webp 150w, https:\/\/soymigrante.com\/revista\/wp-content\/uploads\/2024\/11\/lago-izabal-768x768.jpg 768w, https:\/\/soymigrante.com\/revista\/wp-content\/uploads\/2024\/11\/lago-izabal-75x75.webp 75w, https:\/\/soymigrante.com\/revista\/wp-content\/uploads\/2024\/11\/lago-izabal-750x750.webp 750w\" sizes=\"(max-width: 773px) 100vw, 773px\" \/>\n            <\/div>\n        <\/div><div class=\"eael-entry-wrapper\"><header class=\"eael-entry-header\"><h2 class=\"eael-entry-title\"><a class=\"eael-grid-post-link\" href=\"https:\/\/soymigrante.com\/revista\/10-datos-que-ya-sabias-o-quiza-no-acerca-del-lago-de-izabal\/\" title=\"10 datos que ya sab\u00edas (o quiz\u00e1 no) acerca del Lago de Izabal\">10 datos que ya sab\u00edas (o quiz\u00e1 no) acerca del Lago de Izabal<\/a><\/h2><\/header><div class=\"eael-entry-content\">\n                        <div class=\"eael-grid-post-excerpt\"><a href=\"https:\/\/soymigrante.com\/revista\/10-datos-que-ya-sabias-o-quiza-no-acerca-del-lago-de-izabal\/\" class=\"eael-post-elements-readmore-btn\">CONOCE SU HISTORIA <\/a><\/div>\n                    <\/div><\/div><\/div>\n        <\/div>\n    <\/article><article class=\"eael-grid-post  eael-post-grid-column eael-pg-post-26169 category-guate-nuestra tags-departamentos-de-guatemala\" data-id=\"26169\">\n        <div class=\"eael-grid-post-holder\">\n            <div class=\"eael-grid-post-holder-inner\"><div class=\"eael-entry-media\"><div class=\"eael-entry-overlay fade-in\"><i class=\"far fa-hand-pointer\" aria-hidden=\"true\"><\/i><a href=\"https:\/\/soymigrante.com\/revista\/departamentos-de-guatemala-san-marcos-tierra-de-las-cumbres-mas-altas\/\"><\/a><\/div><div class=\"eael-entry-thumbnail \">\n                <img loading=\"lazy\" decoding=\"async\" width=\"1024\" height=\"645\" src=\"https:\/\/soymigrante.com\/revista\/wp-content\/uploads\/2025\/02\/San-Marcos-1-1024x645.jpeg\" class=\"attachment-large size-large wp-image-26170\" alt=\"Edificio hist\u00f3rico en la Ciudad de M\u00e9xico, ejemplo de arquitectura colonial espa\u00f1ola con detalles ornamentales y fachada imponente.\" \/>\n            <\/div>\n        <\/div><div class=\"eael-entry-wrapper\"><header class=\"eael-entry-header\"><h2 class=\"eael-entry-title\"><a class=\"eael-grid-post-link\" href=\"https:\/\/soymigrante.com\/revista\/departamentos-de-guatemala-san-marcos-tierra-de-las-cumbres-mas-altas\/\" title=\"Departamentos de Guatemala: San Marcos, tierra de las cumbres m\u00e1s altas\">Departamentos de Guatemala: San Marcos, tierra de las cumbres m\u00e1s altas<\/a><\/h2><\/header><div class=\"eael-entry-content\">\n                        <div class=\"eael-grid-post-excerpt\"><a href=\"https:\/\/soymigrante.com\/revista\/departamentos-de-guatemala-san-marcos-tierra-de-las-cumbres-mas-altas\/\" class=\"eael-post-elements-readmore-btn\">CONOCE SU HISTORIA <\/a><\/div>\n                    <\/div><\/div><\/div>\n        <\/div>\n    <\/article><article class=\"eael-grid-post  eael-post-grid-column eael-pg-post-22345 category-guate-nuestra\" data-id=\"22345\">\n        <div class=\"eael-grid-post-holder\">\n            <div class=\"eael-grid-post-holder-inner\"><div class=\"eael-entry-media\"><div class=\"eael-entry-overlay fade-in\"><i class=\"far fa-hand-pointer\" aria-hidden=\"true\"><\/i><a href=\"https:\/\/soymigrante.com\/revista\/semuc-champey-una-joya-natural-escondida-en-lanquin-alta-verapaz\/\"><\/a><\/div><div class=\"eael-entry-thumbnail \">\n                <img loading=\"lazy\" decoding=\"async\" width=\"913\" height=\"625\" src=\"https:\/\/soymigrante.com\/revista\/wp-content\/uploads\/2025\/01\/Semuc-Champey-Un-parai\u0301so-natural-escondido-en-Alta-Verapaz-1-e1737667611366.webp\" class=\"attachment-large size-large wp-image-22346\" alt=\"Semuc Champey: Un para\u00edso natural escondido en Alta Verapaz\" \/>\n            <\/div>\n        <\/div><div class=\"eael-entry-wrapper\"><header class=\"eael-entry-header\"><h2 class=\"eael-entry-title\"><a class=\"eael-grid-post-link\" href=\"https:\/\/soymigrante.com\/revista\/semuc-champey-una-joya-natural-escondida-en-lanquin-alta-verapaz\/\" title=\"Semuc Champey: Una joya natural escondida en Lanqu\u00edn, Alta Verapaz\">Semuc Champey: Una joya natural escondida en Lanqu\u00edn, Alta Verapaz<\/a><\/h2><\/header><div class=\"eael-entry-content\">\n                        <div class=\"eael-grid-post-excerpt\"><a href=\"https:\/\/soymigrante.com\/revista\/semuc-champey-una-joya-natural-escondida-en-lanquin-alta-verapaz\/\" class=\"eael-post-elements-readmore-btn\">CONOCE SU HISTORIA <\/a><\/div>\n                    <\/div><\/div><\/div>\n        <\/div>\n    <\/article><\/div>\n            <div class=\"clearfix\"><\/div>\n        <\/div>\t\t\t\t<\/div>\n\t\t\t\t\t<\/div>\n\t\t\t\t<\/div>\n\t\t\t\t<\/div>\n\t\t","protected":false},"excerpt":{"rendered":"<p>Catarata La Igualdad implica una caminata por senderos rodeados de plantaciones de caf\u00e9 y banano. Enclavada en las faldas del imponente Volc\u00e1n Tajumulco, en el municipio de San Pablo, departamento de San Marcos, se encuentra la Catarata La Igualdad. Con una ca\u00edda de agua que alcanza aproximadamente los 200 metros de altura, es considerada una [&hellip;]<\/p>\n","protected":false},"author":19,"featured_media":26551,"comment_status":"open","ping_status":"open","sticky":false,"template":"","format":"standard","meta":{"_acf_changed":false,"_eb_attr":"","footnotes":""},"categories":[58],"tags":[],"class_list":["post-26550","post","type-post","status-publish","format-standard","has-post-thumbnail","hentry","category-guate-nuestra"],"acf":[],"aioseo_notices":[],"aioseo_head":"\n\t\t<!-- All in One SEO Pro 4.9.6.2 - aioseo.com -->\n\t<meta name=\"description\" content=\"Semuc Champey no solo es un destino que encanta por su belleza, sino tambi\u00e9n un espacio que conecta a los visitantes con la esencia q&#039;eqchi. Conoce m\u00e1s.\" \/>\n\t<meta name=\"robots\" content=\"max-snippet:-1, max-image-preview:large, max-video-preview:-1\" \/>\n\t<meta name=\"author\" content=\"Marysabel Aldana\"\/>\n\t<link rel=\"canonical\" href=\"https:\/\/soymigrante.com\/revista\/semuc-champey-una-joya-natural-escondida-en-lanquin-alta-verapaz\/\" \/>\n\t<meta name=\"generator\" content=\"All in One SEO Pro (AIOSEO) 4.9.6.2\" \/>\n\n\t\t<link rel=\"preconnect\" href=\"https:\/\/fonts.googleapis.com\" crossorigin>\n<link rel=\"preconnect\" href=\"https:\/\/fonts.gstatic.com\" crossorigin>\n\t\t<meta property=\"og:locale\" content=\"es_ES\" \/>\n\t\t<meta property=\"og:site_name\" content=\"SoyMigrante.com REVISTA \u2013 Nuestra misi\u00f3n es reconocer y dignificar al migrante.\" \/>\n\t\t<meta property=\"og:type\" content=\"article\" \/>\n\t\t<meta property=\"og:title\" content=\"Semuc Champey: Una joya natural escondida en Lanqu\u00edn, Alta Verapaz\" \/>\n\t\t<meta property=\"og:description\" content=\"Semuc Champey no solo es un destino que encanta por su belleza, sino tambi\u00e9n un espacio que conecta a los visitantes con la esencia q&#039;eqchi. Conoce m\u00e1s.\" \/>\n\t\t<meta property=\"og:url\" content=\"https:\/\/soymigrante.com\/revista\/semuc-champey-una-joya-natural-escondida-en-lanquin-alta-verapaz\/\" \/>\n\t\t<meta property=\"og:image\" content=\"https:\/\/soymigrante.com\/revista\/wp-content\/uploads\/2025\/01\/Semuc-Champey-Un-parai\u0301so-natural-escondido-en-Alta-Verapaz-1-e1737667611366.webp\" \/>\n\t\t<meta property=\"og:image:secure_url\" content=\"https:\/\/soymigrante.com\/revista\/wp-content\/uploads\/2025\/01\/Semuc-Champey-Un-parai\u0301so-natural-escondido-en-Alta-Verapaz-1-e1737667611366.webp\" \/>\n\t\t<meta property=\"og:image:width\" content=\"913\" \/>\n\t\t<meta property=\"og:image:height\" content=\"625\" \/>\n\t\t<meta property=\"article:published_time\" content=\"2025-01-29T12:00:00+00:00\" \/>\n\t\t<meta property=\"article:modified_time\" content=\"2025-01-28T22:55:25+00:00\" \/>\n\t\t<meta property=\"article:publisher\" content=\"https:\/\/www.facebook.com\/soymigrantecom\" \/>\n\t\t<meta name=\"twitter:card\" content=\"summary_large_image\" \/>\n\t\t<meta name=\"twitter:site\" content=\"@SoyMigrante_com\" \/>\n\t\t<meta name=\"twitter:title\" content=\"Semuc Champey: Una joya natural escondida en Lanqu\u00edn, Alta Verapaz\" \/>\n\t\t<meta name=\"twitter:description\" content=\"Semuc Champey no solo es un destino que encanta por su belleza, sino tambi\u00e9n un espacio que conecta a los visitantes con la esencia q&#039;eqchi. Conoce m\u00e1s.\" \/>\n\t\t<meta name=\"twitter:creator\" content=\"@SoyMigrante_com\" \/>\n\t\t<meta name=\"twitter:image\" content=\"https:\/\/soymigrante.com\/revista\/wp-content\/uploads\/2025\/01\/Semuc-Champey-Un-parai\u0301so-natural-escondido-en-Alta-Verapaz-1-e1737667611366.webp\" \/>\n\t\t<!-- All in One SEO Pro -->\r\n\t\t<title>Semuc Champey: Una joya natural escondida en Lanqu\u00edn, Alta Verapaz<\/title>\n\n","aioseo_head_json":{"title":"Semuc Champey: Una joya natural escondida en Lanqu\u00edn, Alta Verapaz","description":"Semuc Champey no solo es un destino que encanta por su belleza, sino tambi\u00e9n un espacio que conecta a los visitantes con la esencia q'eqchi. Conoce m\u00e1s.","canonical_url":"https:\/\/soymigrante.com\/revista\/semuc-champey-una-joya-natural-escondida-en-lanquin-alta-verapaz\/","robots":"max-snippet:-1, max-image-preview:large, max-video-preview:-1","keywords":"","webmasterTools":{"miscellaneous":"&lt;link rel=\"preconnect\" href=\"https:\/\/fonts.googleapis.com\" crossorigin&gt;\n&lt;link rel=\"preconnect\" href=\"https:\/\/fonts.gstatic.com\" crossorigin&gt;"},"schema":null,"og:locale":"es_ES","og:site_name":"SoyMigrante.com REVISTA \u2013 Nuestra misi\u00f3n es reconocer y dignificar al migrante.","og:type":"article","og:title":"Semuc Champey: Una joya natural escondida en Lanqu\u00edn, Alta Verapaz","og:description":"Semuc Champey no solo es un destino que encanta por su belleza, sino tambi\u00e9n un espacio que conecta a los visitantes con la esencia q'eqchi. Conoce m\u00e1s.","og:url":"https:\/\/soymigrante.com\/revista\/semuc-champey-una-joya-natural-escondida-en-lanquin-alta-verapaz\/","og:image":"https:\/\/soymigrante.com\/revista\/wp-content\/uploads\/2025\/01\/Semuc-Champey-Un-parai\u0301so-natural-escondido-en-Alta-Verapaz-1-e1737667611366.webp","og:image:secure_url":"https:\/\/soymigrante.com\/revista\/wp-content\/uploads\/2025\/01\/Semuc-Champey-Un-parai\u0301so-natural-escondido-en-Alta-Verapaz-1-e1737667611366.webp","og:image:width":913,"og:image:height":625,"article:published_time":"2025-01-29T12:00:00+00:00","article:modified_time":"2025-01-28T22:55:25+00:00","article:publisher":"https:\/\/www.facebook.com\/soymigrantecom","twitter:card":"summary_large_image","twitter:site":"@SoyMigrante_com","twitter:title":"Semuc Champey: Una joya natural escondida en Lanqu\u00edn, Alta Verapaz","twitter:description":"Semuc Champey no solo es un destino que encanta por su belleza, sino tambi\u00e9n un espacio que conecta a los visitantes con la esencia q'eqchi. Conoce m\u00e1s.","twitter:creator":"@SoyMigrante_com","twitter:image":"https:\/\/soymigrante.com\/revista\/wp-content\/uploads\/2025\/01\/Semuc-Champey-Un-parai\u0301so-natural-escondido-en-Alta-Verapaz-1-e1737667611366.webp"},"aioseo_meta_data":{"post_id":"26550","title":null,"description":"Catarata La Igualdad implica una caminata por senderos rodeados de plantaciones de caf\u00e9 y banano.","keywords":null,"keyphrases":{"focus":{"keyphrase":"catarata","score":91,"analysis":{"keyphraseInTitle":{"score":9,"maxScore":9,"error":0},"keyphraseInDescription":{"score":9,"maxScore":9,"error":0},"keyphraseLength":{"score":9,"maxScore":9,"error":0,"length":1},"keyphraseInURL":{"score":5,"maxScore":5,"error":0},"keyphraseInIntroduction":{"score":9,"maxScore":9,"error":0},"keyphraseInSubHeadings":{"score":3,"maxScore":9,"error":1},"keyphraseInImageAlt":{"score":9,"maxScore":9,"error":0},"keywordDensity":{"type":"best","score":9,"maxScore":9,"error":0}}},"additional":[{"keyphrase":"catarata","score":100,"analysis":{"keyphraseInDescription":{"score":9,"maxScore":9,"error":0},"keyphraseLength":{"score":9,"maxScore":9,"error":0,"length":1},"keyphraseInIntroduction":{"score":9,"maxScore":9,"error":0},"keyphraseInImageAlt":{"score":9,"maxScore":9,"error":0},"keywordDensity":{"type":"best","score":9,"maxScore":9,"error":0}}},{"keyphrase":"La Igualdad","score":100,"analysis":{"keyphraseInDescription":{"score":9,"maxScore":9,"error":0},"keyphraseLength":{"score":9,"maxScore":9,"error":0,"length":2},"keyphraseInIntroduction":{"score":9,"maxScore":9,"error":0},"keyphraseInImageAlt":{"score":9,"maxScore":9,"error":0},"keywordDensity":{"type":"best","score":9,"maxScore":9,"error":0}}}]},"primary_term":null,"canonical_url":null,"og_title":null,"og_description":null,"og_object_type":"default","og_image_type":"default","og_image_url":null,"og_image_width":null,"og_image_height":null,"og_image_custom_url":null,"og_image_custom_fields":null,"og_video":"","og_custom_url":null,"og_article_section":null,"og_article_tags":null,"twitter_use_og":false,"twitter_card":"default","twitter_image_type":"default","twitter_image_url":null,"twitter_image_custom_url":null,"twitter_image_custom_fields":null,"twitter_title":null,"twitter_description":null,"schema":{"blockGraphs":[],"customGraphs":[],"default":{"data":{"Article":[],"Course":[],"Dataset":[],"FAQPage":[],"Movie":[],"Person":[],"Product":[],"ProductReview":[],"Car":[],"Recipe":[],"Service":[],"SoftwareApplication":[],"WebPage":[]},"graphName":"BlogPosting","isEnabled":true},"graphs":[]},"schema_type":"default","schema_type_options":null,"pillar_content":false,"robots_default":true,"robots_noindex":false,"robots_noarchive":false,"robots_nosnippet":false,"robots_nofollow":false,"robots_noimageindex":false,"robots_noodp":false,"robots_notranslate":false,"robots_max_snippet":"-1","robots_max_videopreview":"-1","robots_max_imagepreview":"large","priority":null,"frequency":"default","local_seo":null,"seo_analyzer_scan_date":"2025-10-09 03:01:02","breadcrumb_settings":null,"limit_modified_date":false,"reviewed_by":null,"open_ai":"{\"title\":{\"suggestions\":[],\"usage\":0},\"description\":{\"suggestions\":[],\"usage\":0}}","ai":null,"created":"2025-02-27 18:55:29","updated":"2026-02-04 21:54:38"},"aioseo_breadcrumb":"<div class=\"aioseo-breadcrumbs\"><span class=\"aioseo-breadcrumb\">\n\t<a href=\"https:\/\/soymigrante.com\/revista\" title=\"Home\">Home<\/a>\n<\/span><span class=\"aioseo-breadcrumb-separator\">\u00bb<\/span><span class=\"aioseo-breadcrumb\">\n\t<a href=\"https:\/\/soymigrante.com\/revista\/category\/guate-nuestra\/\" title=\"Guate Nuestra\">Guate Nuestra<\/a>\n<\/span><span class=\"aioseo-breadcrumb-separator\">\u00bb<\/span><span class=\"aioseo-breadcrumb\">\n\tLa catarata m\u00e1s alta de Guatemala y de toda C.A. est\u00e1 en San Marcos \u00bfC\u00f3mo se llama?\n<\/span><\/div>","aioseo_breadcrumb_json":[{"label":"Home","link":"https:\/\/soymigrante.com\/revista"},{"label":"Guate Nuestra","link":"https:\/\/soymigrante.com\/revista\/category\/guate-nuestra\/"},{"label":"La catarata m\u00e1s alta de Guatemala y de toda C.A. est\u00e1 en San Marcos \u00bfC\u00f3mo se llama?","link":"https:\/\/soymigrante.com\/revista\/la-catarata-mas-alta-de-guatemala-y-de-toda-c-a-esta-en-san-marcos-como-se-llama\/"}],"_links":{"self":[{"href":"https:\/\/soymigrante.com\/revista\/wp-json\/wp\/v2\/posts\/26550","targetHints":{"allow":["GET"]}}],"collection":[{"href":"https:\/\/soymigrante.com\/revista\/wp-json\/wp\/v2\/posts"}],"about":[{"href":"https:\/\/soymigrante.com\/revista\/wp-json\/wp\/v2\/types\/post"}],"author":[{"embeddable":true,"href":"https:\/\/soymigrante.com\/revista\/wp-json\/wp\/v2\/users\/19"}],"replies":[{"embeddable":true,"href":"https:\/\/soymigrante.com\/revista\/wp-json\/wp\/v2\/comments?post=26550"}],"version-history":[{"count":0,"href":"https:\/\/soymigrante.com\/revista\/wp-json\/wp\/v2\/posts\/26550\/revisions"}],"wp:featuredmedia":[{"embeddable":true,"href":"https:\/\/soymigrante.com\/revista\/wp-json\/wp\/v2\/media\/26551"}],"wp:attachment":[{"href":"https:\/\/soymigrante.com\/revista\/wp-json\/wp\/v2\/media?parent=26550"}],"wp:term":[{"taxonomy":"category","embeddable":true,"href":"https:\/\/soymigrante.com\/revista\/wp-json\/wp\/v2\/categories?post=26550"},{"taxonomy":"post_tag","embeddable":true,"href":"https:\/\/soymigrante.com\/revista\/wp-json\/wp\/v2\/tags?post=26550"}],"curies":[{"name":"wp","href":"https:\/\/api.w.org\/{rel}","templated":true}]}}