{"id":26536,"date":"2025-03-15T11:06:05","date_gmt":"2025-03-15T17:06:05","guid":{"rendered":"https:\/\/soymigrante.com\/revista\/?p=26536"},"modified":"2025-03-15T11:06:37","modified_gmt":"2025-03-15T17:06:37","slug":"las-comidas-de-semana-santa-en-guatemala-tradicion-y-sabor","status":"publish","type":"post","link":"https:\/\/soymigrante.com\/revista\/las-comidas-de-semana-santa-en-guatemala-tradicion-y-sabor\/","title":{"rendered":"Comidas tradicionales de Cuaresma y Semana Santa en Guatemala"},"content":{"rendered":"\t\t<div data-elementor-type=\"wp-post\" data-elementor-id=\"26536\" class=\"elementor elementor-26536\" data-elementor-post-type=\"post\">\n\t\t\t\t<div data-particle_enable=\"false\" data-particle-mobile-disabled=\"false\" class=\"elementor-element elementor-element-cc86e41 e-flex e-con-boxed e-con e-parent\" data-id=\"cc86e41\" data-element_type=\"container\" data-e-type=\"container\">\n\t\t\t\t\t<div class=\"e-con-inner\">\n\t\t\t\t<div class=\"elementor-element elementor-element-419965e elementor-widget elementor-widget-heading\" data-id=\"419965e\" data-element_type=\"widget\" data-e-type=\"widget\" data-widget_type=\"heading.default\">\n\t\t\t\t\t<h2 class=\"elementor-heading-title elementor-size-default\">Las comidas de Semana Santa de Guatemala, tambi\u00e9n son una representaci\u00f3n de cultura y tradici\u00f3n, ahora conoce estos platillos. <\/h2>\t\t\t\t<\/div>\n\t\t\t\t\t<\/div>\n\t\t\t\t<\/div>\n\t\t<div data-particle_enable=\"false\" data-particle-mobile-disabled=\"false\" class=\"elementor-element elementor-element-dc8c02a e-flex e-con-boxed e-con e-parent\" data-id=\"dc8c02a\" data-element_type=\"container\" data-e-type=\"container\">\n\t\t\t\t\t<div class=\"e-con-inner\">\n\t\t\t\t<div class=\"elementor-element elementor-element-b7eb285 elementor-widget elementor-widget-text-editor\" data-id=\"b7eb285\" data-element_type=\"widget\" data-e-type=\"widget\" data-widget_type=\"text-editor.default\">\n\t\t\t\t\t\t\t\t\t<p><a href=\"https:\/\/soymigrante.com\/revista\/dar-y-compartir-en-esta-semana-santa-y-mas-alla\/\" target=\"_blank\" rel=\"noopener\">La Semana Santa en Guatemala<\/a> no solo se vive con procesiones y alfombras coloridas, sino tambi\u00e9n a trav\u00e9s de su gastronom\u00eda, que refleja la mezcla de influencias ind\u00edgenas y espa\u00f1olas.<\/p><p>Durante estos d\u00edas de reflexi\u00f3n y recogimiento, las familias preparan platillos especiales que respetan la tradici\u00f3n de evitar el consumo de carne roja y <a href=\"https:\/\/soymigrante.com\/revista\/dar-y-compartir-en-esta-semana-santa-y-mas-alla\/\" target=\"_blank\" rel=\"noopener\">resaltan los sabores aut\u00f3ctonos del pa\u00eds.<\/a><\/p>\t\t\t\t\t\t\t\t<\/div>\n\t\t\t\t\t<\/div>\n\t\t\t\t<\/div>\n\t\t<div data-particle_enable=\"false\" data-particle-mobile-disabled=\"false\" class=\"elementor-element elementor-element-796c242 e-flex e-con-boxed e-con e-parent\" data-id=\"796c242\" data-element_type=\"container\" data-e-type=\"container\">\n\t\t\t\t\t<div class=\"e-con-inner\">\n\t\t\t\t<div class=\"elementor-element elementor-element-eda31e4 elementor-widget elementor-widget-text-editor\" data-id=\"eda31e4\" data-element_type=\"widget\" data-e-type=\"widget\" data-widget_type=\"text-editor.default\">\n\t\t\t\t\t\t\t\t\t<p>A continuaci\u00f3n, te presentamos algunas de las comidas m\u00e1s representativas de la Semana Santa en Guatemala:<\/p>\t\t\t\t\t\t\t\t<\/div>\n\t\t\t\t\t<\/div>\n\t\t\t\t<\/div>\n\t\t<div data-particle_enable=\"false\" data-particle-mobile-disabled=\"false\" class=\"elementor-element elementor-element-ad5e127 e-flex e-con-boxed e-con e-parent\" data-id=\"ad5e127\" data-element_type=\"container\" data-e-type=\"container\">\n\t\t\t\t\t<div class=\"e-con-inner\">\n\t\t\t\t<div class=\"elementor-element elementor-element-d119e12 elementor-widget elementor-widget-heading\" data-id=\"d119e12\" data-element_type=\"widget\" data-e-type=\"widget\" data-widget_type=\"heading.default\">\n\t\t\t\t\t<h3 class=\"elementor-heading-title elementor-size-default\">Pacayas envueltas en huevo<\/h3>\t\t\t\t<\/div>\n\t\t\t\t\t<\/div>\n\t\t\t\t<\/div>\n\t\t<div data-particle_enable=\"false\" data-particle-mobile-disabled=\"false\" class=\"elementor-element elementor-element-a3c94fb e-flex e-con-boxed e-con e-parent\" data-id=\"a3c94fb\" data-element_type=\"container\" data-e-type=\"container\">\n\t\t\t\t\t<div class=\"e-con-inner\">\n\t\t\t\t<div class=\"elementor-element elementor-element-3729c68 elementor-widget elementor-widget-text-editor\" data-id=\"3729c68\" data-element_type=\"widget\" data-e-type=\"widget\" data-widget_type=\"text-editor.default\">\n\t\t\t\t\t\t\t\t\t<p>Las pacayas, unas flores comestibles de sabor ligeramente amargo, se preparan envueltas en una mezcla de huevo batido y se fr\u00eden hasta obtener una textura crujiente por fuera y suave por dentro.<\/p><p>Generalmente, se acompa\u00f1an con una salsa de tomate casera y arroz, <a href=\"https:\/\/soymigrante.com\/revista\/dar-y-compartir-en-esta-semana-santa-y-mas-alla\/\" target=\"_blank\" rel=\"noopener\">convirti\u00e9ndolas en un platillo sencillo, pero lleno de sabor.<\/a><\/p>\t\t\t\t\t\t\t\t<\/div>\n\t\t\t\t\t<\/div>\n\t\t\t\t<\/div>\n\t\t<div data-particle_enable=\"false\" data-particle-mobile-disabled=\"false\" class=\"elementor-element elementor-element-5456708 e-flex e-con-boxed e-con e-parent\" data-id=\"5456708\" data-element_type=\"container\" data-e-type=\"container\">\n\t\t\t\t\t<div class=\"e-con-inner\">\n\t\t\t\t<div class=\"elementor-element elementor-element-bfcf7ea elementor-widget elementor-widget-image\" data-id=\"bfcf7ea\" data-element_type=\"widget\" data-e-type=\"widget\" data-widget_type=\"image.default\">\n\t\t\t\t\t\t\t\t\t\t\t\t<figure class=\"wp-caption\">\n\t\t\t\t\t\t\t\t\t\t<img fetchpriority=\"high\" decoding=\"async\" width=\"202\" height=\"250\" src=\"https:\/\/soymigrante.com\/revista\/wp-content\/uploads\/2025\/02\/Pacayas-envueltas-.webp\" class=\"attachment-large size-large wp-image-26539\" alt=\"Aletas de pescado fritas doradas y crujientes servidas en un plato negro.\" title=\"Pacayas envueltas \u2013 SoyMigrante.com REVISTA\" \/>\t\t\t\t\t\t\t\t\t\t\t<figcaption class=\"widget-image-caption wp-caption-text\">Deliciosas aletas de pescado fritas, crujientes y doradas, perfectas para un aperitivo o plato principal en la gastronom\u00eda marinera.<\/figcaption>\n\t\t\t\t\t\t\t\t\t\t<\/figure>\n\t\t\t\t\t\t\t\t\t<\/div>\n\t\t\t\t\t<\/div>\n\t\t\t\t<\/div>\n\t\t<div data-particle_enable=\"false\" data-particle-mobile-disabled=\"false\" class=\"elementor-element elementor-element-a7973a6 e-flex e-con-boxed e-con e-parent\" data-id=\"a7973a6\" data-element_type=\"container\" data-e-type=\"container\">\n\t\t\t\t\t<div class=\"e-con-inner\">\n\t\t\t\t<div class=\"elementor-element elementor-element-33415d4 elementor-widget elementor-widget-heading\" data-id=\"33415d4\" data-element_type=\"widget\" data-e-type=\"widget\" data-widget_type=\"heading.default\">\n\t\t\t\t\t<h3 class=\"elementor-heading-title elementor-size-default\">Bacalao a la vizca\u00edna<\/h3>\t\t\t\t<\/div>\n\t\t\t\t\t<\/div>\n\t\t\t\t<\/div>\n\t\t<div data-particle_enable=\"false\" data-particle-mobile-disabled=\"false\" class=\"elementor-element elementor-element-40e347a e-flex e-con-boxed e-con e-parent\" data-id=\"40e347a\" data-element_type=\"container\" data-e-type=\"container\">\n\t\t\t\t\t<div class=\"e-con-inner\">\n\t\t\t\t<div class=\"elementor-element elementor-element-d082034 elementor-widget elementor-widget-text-editor\" data-id=\"d082034\" data-element_type=\"widget\" data-e-type=\"widget\" data-widget_type=\"text-editor.default\">\n\t\t\t\t\t\t\t\t\t<p>Este plato, de origen espa\u00f1ol, es una de las recetas m\u00e1s emblem\u00e1ticas de la Semana Santa en Guatemala. Se elabora con bacalao seco desalado, cocido en una salsa espesa de tomate, aceitunas, alcaparras y papas.<\/p><p><a href=\"https:\/\/soymigrante.com\/revista\/dar-y-compartir-en-esta-semana-santa-y-mas-alla\/\" target=\"_blank\" rel=\"noopener\">Su preparaci\u00f3n es un proceso laborioso, ya que el pescado debe remojarse durante varias horas<\/a> para retirar el exceso de sal, pero el resultado es una exquisitez que muchas familias esperan degustar en esta temporada.<\/p>\t\t\t\t\t\t\t\t<\/div>\n\t\t\t\t\t<\/div>\n\t\t\t\t<\/div>\n\t\t<div data-particle_enable=\"false\" data-particle-mobile-disabled=\"false\" class=\"elementor-element elementor-element-5b896f7 e-flex e-con-boxed e-con e-parent\" data-id=\"5b896f7\" data-element_type=\"container\" data-e-type=\"container\">\n\t\t\t\t\t<div class=\"e-con-inner\">\n\t\t\t\t<div class=\"elementor-element elementor-element-68a8424 elementor-widget elementor-widget-image\" data-id=\"68a8424\" data-element_type=\"widget\" data-e-type=\"widget\" data-widget_type=\"image.default\">\n\t\t\t\t\t\t\t\t\t\t\t\t<figure class=\"wp-caption\">\n\t\t\t\t\t\t\t\t\t\t<img decoding=\"async\" width=\"259\" height=\"194\" src=\"https:\/\/soymigrante.com\/revista\/wp-content\/uploads\/2025\/02\/bacalao-a-la-vizcaina-.webp\" class=\"attachment-large size-large wp-image-26540\" alt=\"File name: revistasoymigrante-com.jpeg.\" title=\"bacalao a la vizcaina \u2013 SoyMigrante.com REVISTA\" \/>\t\t\t\t\t\t\t\t\t\t\t<figcaption class=\"widget-image-caption wp-caption-text\">Alt text: Revista SoyMigrante.com portada con art\u00edculos sobre migraci\u00f3n, derechos y cultura en espa\u00f1ol, enfocada en comunidad hispana y temas migratorios en el mundo.<\/figcaption>\n\t\t\t\t\t\t\t\t\t\t<\/figure>\n\t\t\t\t\t\t\t\t\t<\/div>\n\t\t\t\t\t<\/div>\n\t\t\t\t<\/div>\n\t\t<div data-particle_enable=\"false\" data-particle-mobile-disabled=\"false\" class=\"elementor-element elementor-element-c3ef3ca e-flex e-con-boxed e-con e-parent\" data-id=\"c3ef3ca\" data-element_type=\"container\" data-e-type=\"container\">\n\t\t\t\t\t<div class=\"e-con-inner\">\n\t\t\t\t<div class=\"elementor-element elementor-element-1faf181 elementor-widget elementor-widget-heading\" data-id=\"1faf181\" data-element_type=\"widget\" data-e-type=\"widget\" data-widget_type=\"heading.default\">\n\t\t\t\t\t<h3 class=\"elementor-heading-title elementor-size-default\">Tamales de viaje<\/h3>\t\t\t\t<\/div>\n\t\t\t\t\t<\/div>\n\t\t\t\t<\/div>\n\t\t<div data-particle_enable=\"false\" data-particle-mobile-disabled=\"false\" class=\"elementor-element elementor-element-2231d1f e-flex e-con-boxed e-con e-parent\" data-id=\"2231d1f\" data-element_type=\"container\" data-e-type=\"container\">\n\t\t\t\t\t<div class=\"e-con-inner\">\n\t\t\t\t<div class=\"elementor-element elementor-element-6e87d0a elementor-widget elementor-widget-text-editor\" data-id=\"6e87d0a\" data-element_type=\"widget\" data-e-type=\"widget\" data-widget_type=\"text-editor.default\">\n\t\t\t\t\t\t\t\t\t<p>A diferencia de los tamales tradicionales, l<a href=\"https:\/\/soymigrante.com\/revista\/dar-y-compartir-en-esta-semana-santa-y-mas-alla\/\" target=\"_blank\" rel=\"noopener\">os tamales de viaje son m\u00e1s peque\u00f1os y compactos, lo que los hace ideales para llevar durante los recorridos de las procesiones.<\/a><\/p><p>Se elaboran con masa de ma\u00edz, se rellenan con recado (salsa de tomate y especias) y carne de pollo o cerdo, y se envuelven en hojas de tusa (hoja de ma\u00edz seca).<\/p><p>Son una opci\u00f3n pr\u00e1ctica y deliciosa para compartir en familia o con amigos.<\/p>\t\t\t\t\t\t\t\t<\/div>\n\t\t\t\t\t<\/div>\n\t\t\t\t<\/div>\n\t\t<div data-particle_enable=\"false\" data-particle-mobile-disabled=\"false\" class=\"elementor-element elementor-element-7e634d2 e-flex e-con-boxed e-con e-parent\" data-id=\"7e634d2\" data-element_type=\"container\" data-e-type=\"container\">\n\t\t\t\t\t<div class=\"e-con-inner\">\n\t\t\t\t<div class=\"elementor-element elementor-element-56e95bb elementor-widget elementor-widget-image\" data-id=\"56e95bb\" data-element_type=\"widget\" data-e-type=\"widget\" data-widget_type=\"image.default\">\n\t\t\t\t\t\t\t\t\t\t\t\t<figure class=\"wp-caption\">\n\t\t\t\t\t\t\t\t\t\t<img decoding=\"async\" width=\"194\" height=\"259\" src=\"https:\/\/soymigrante.com\/revista\/wp-content\/uploads\/2025\/02\/tamales-de-viaje-.webp\" class=\"attachment-large size-large wp-image-26541\" alt=\"Jarenas de ma\u00edz secas tradicionales listas para cocinar o hacer tamales en la gastronom\u00eda mexicana.\" title=\"tamales de viaje \u2013 SoyMigrante.com REVISTA\" \/>\t\t\t\t\t\t\t\t\t\t\t<figcaption class=\"widget-image-caption wp-caption-text\">Revista SoyMigrante.com presenta recursos y cultura migrante, destacando tradiciones culinarias y productos t\u00edpicos como las jarias de ma\u00edz.<\/figcaption>\n\t\t\t\t\t\t\t\t\t\t<\/figure>\n\t\t\t\t\t\t\t\t\t<\/div>\n\t\t\t\t\t<\/div>\n\t\t\t\t<\/div>\n\t\t<div data-particle_enable=\"false\" data-particle-mobile-disabled=\"false\" class=\"elementor-element elementor-element-f70f077 e-flex e-con-boxed e-con e-parent\" data-id=\"f70f077\" data-element_type=\"container\" data-e-type=\"container\">\n\t\t\t\t\t<div class=\"e-con-inner\">\n\t\t\t\t<div class=\"elementor-element elementor-element-978a161 elementor-widget elementor-widget-heading\" data-id=\"978a161\" data-element_type=\"widget\" data-e-type=\"widget\" data-widget_type=\"heading.default\">\n\t\t\t\t\t<h3 class=\"elementor-heading-title elementor-size-default\">Pescado seco envuelto en huevo<\/h3>\t\t\t\t<\/div>\n\t\t\t\t\t<\/div>\n\t\t\t\t<\/div>\n\t\t<div data-particle_enable=\"false\" data-particle-mobile-disabled=\"false\" class=\"elementor-element elementor-element-ab01cd9 e-flex e-con-boxed e-con e-parent\" data-id=\"ab01cd9\" data-element_type=\"container\" data-e-type=\"container\">\n\t\t\t\t\t<div class=\"e-con-inner\">\n\t\t\t\t<div class=\"elementor-element elementor-element-45c7e4f elementor-widget elementor-widget-text-editor\" data-id=\"45c7e4f\" data-element_type=\"widget\" data-e-type=\"widget\" data-widget_type=\"text-editor.default\">\n\t\t\t\t\t\t\t\t\t<p>Otro de los platillos infaltables es el pescado seco, generalmente bacalao, que se reboza en huevo batido y se fr\u00ede. Se sirve con curtido y se acompa\u00f1a con arroz, papas y la tradicional salsa de tomate guatemalteca.<\/p><p><a href=\"https:\/\/soymigrante.com\/revista\/dar-y-compartir-en-esta-semana-santa-y-mas-alla\/\" target=\"_blank\" rel=\"noopener\">Su sabor es fuerte debido al proceso de secado y salaz\u00f3n del pescado<\/a>, lo que le da un car\u00e1cter especial dentro del men\u00fa de Semana Santa.<\/p>\t\t\t\t\t\t\t\t<\/div>\n\t\t\t\t\t<\/div>\n\t\t\t\t<\/div>\n\t\t<div data-particle_enable=\"false\" data-particle-mobile-disabled=\"false\" class=\"elementor-element elementor-element-c1cca8e e-flex e-con-boxed e-con e-parent\" data-id=\"c1cca8e\" data-element_type=\"container\" data-e-type=\"container\">\n\t\t\t\t\t<div class=\"e-con-inner\">\n\t\t\t\t<div class=\"elementor-element elementor-element-0733b77 elementor-widget elementor-widget-image\" data-id=\"0733b77\" data-element_type=\"widget\" data-e-type=\"widget\" data-widget_type=\"image.default\">\n\t\t\t\t\t\t\t\t\t\t\t\t<figure class=\"wp-caption\">\n\t\t\t\t\t\t\t\t\t\t<img loading=\"lazy\" decoding=\"async\" width=\"300\" height=\"168\" src=\"https:\/\/soymigrante.com\/revista\/wp-content\/uploads\/2025\/02\/pescado-seco-.jpeg\" class=\"attachment-large size-large wp-image-26542\" alt=\"Pescado frito tradicional en papel aluminio, preparaci\u00f3n aut\u00e9ntica para disfrutar sabores del mar en la gastronom\u00eda hispana.\" title=\"pescado seco \u2013 SoyMigrante.com REVISTA\" \/>\t\t\t\t\t\t\t\t\t\t\t<figcaption class=\"widget-image-caption wp-caption-text\">Pescado frito, receta tradicional, gastronom\u00eda hispana, sabores del mar, comida t\u00edpica.<\/figcaption>\n\t\t\t\t\t\t\t\t\t\t<\/figure>\n\t\t\t\t\t\t\t\t\t<\/div>\n\t\t\t\t\t<\/div>\n\t\t\t\t<\/div>\n\t\t<div data-particle_enable=\"false\" data-particle-mobile-disabled=\"false\" class=\"elementor-element elementor-element-95382af e-flex e-con-boxed e-con e-parent\" data-id=\"95382af\" data-element_type=\"container\" data-e-type=\"container\">\n\t\t\t\t\t<div class=\"e-con-inner\">\n\t\t\t\t<div class=\"elementor-element elementor-element-540fa10 elementor-widget elementor-widget-heading\" data-id=\"540fa10\" data-element_type=\"widget\" data-e-type=\"widget\" data-widget_type=\"heading.default\">\n\t\t\t\t\t<h3 class=\"elementor-heading-title elementor-size-default\">Curtido<\/h3>\t\t\t\t<\/div>\n\t\t\t\t\t<\/div>\n\t\t\t\t<\/div>\n\t\t<div data-particle_enable=\"false\" data-particle-mobile-disabled=\"false\" class=\"elementor-element elementor-element-af9f70d e-flex e-con-boxed e-con e-parent\" data-id=\"af9f70d\" data-element_type=\"container\" data-e-type=\"container\">\n\t\t\t\t\t<div class=\"e-con-inner\">\n\t\t\t\t<div class=\"elementor-element elementor-element-700b131 elementor-widget elementor-widget-text-editor\" data-id=\"700b131\" data-element_type=\"widget\" data-e-type=\"widget\" data-widget_type=\"text-editor.default\">\n\t\t\t\t\t\t\t\t\t<p><a href=\"https:\/\/soymigrante.com\/revista\/dar-y-compartir-en-esta-semana-santa-y-mas-alla\/\" target=\"_blank\" rel=\"noopener\">El curtido es una guarnici\u00f3n fresca y \u00e1cida que complementa varios platillos<\/a> de la temporada. Se elabora con repollo picado, zanahoria rallada, cebolla y chile, todo encurtido en vinagre con especias.<\/p><p>Su textura crujiente y sabor avinagrado equilibran la untuosidad de los platos fritos y realzan el sabor de las comidas t\u00edpicas.<\/p>\t\t\t\t\t\t\t\t<\/div>\n\t\t\t\t\t<\/div>\n\t\t\t\t<\/div>\n\t\t<div data-particle_enable=\"false\" data-particle-mobile-disabled=\"false\" class=\"elementor-element elementor-element-8dec3c7 e-flex e-con-boxed e-con e-parent\" data-id=\"8dec3c7\" data-element_type=\"container\" data-e-type=\"container\">\n\t\t\t\t\t<div class=\"e-con-inner\">\n\t\t\t\t<div class=\"elementor-element elementor-element-b2333f6 elementor-widget elementor-widget-image\" data-id=\"b2333f6\" data-element_type=\"widget\" data-e-type=\"widget\" data-widget_type=\"image.default\">\n\t\t\t\t\t\t\t\t\t\t\t\t<figure class=\"wp-caption\">\n\t\t\t\t\t\t\t\t\t\t<img loading=\"lazy\" decoding=\"async\" width=\"259\" height=\"194\" src=\"https:\/\/soymigrante.com\/revista\/wp-content\/uploads\/2025\/02\/Curtido.webp\" class=\"attachment-large size-large wp-image-26543\" alt=\"Deliciosa ensalada de remolacha y verduras frescas, presentada en un plato blanco sobre una mesa de madera. Ideal para una dieta saludable y nutritiva.\" title=\"Curtido \u2013 SoyMigrante.com REVISTA\" \/>\t\t\t\t\t\t\t\t\t\t\t<figcaption class=\"widget-image-caption wp-caption-text\">Ensala de remolacha y verduras frescas en un plato, perfecta para una alimentaci\u00f3n saludable, nutritiva y llena de sabor, presentada con ingredientes frescos y coloridos.<\/figcaption>\n\t\t\t\t\t\t\t\t\t\t<\/figure>\n\t\t\t\t\t\t\t\t\t<\/div>\n\t\t\t\t\t<\/div>\n\t\t\t\t<\/div>\n\t\t<div data-particle_enable=\"false\" data-particle-mobile-disabled=\"false\" class=\"elementor-element elementor-element-2a404de e-flex e-con-boxed e-con e-parent\" data-id=\"2a404de\" data-element_type=\"container\" data-e-type=\"container\">\n\t\t\t\t\t<div class=\"e-con-inner\">\n\t\t\t\t<div class=\"elementor-element elementor-element-eba8cde elementor-widget elementor-widget-heading\" data-id=\"eba8cde\" data-element_type=\"widget\" data-e-type=\"widget\" data-widget_type=\"heading.default\">\n\t\t\t\t\t<h3 class=\"elementor-heading-title elementor-size-default\">Garbanzos en dulce<\/h3>\t\t\t\t<\/div>\n\t\t\t\t\t<\/div>\n\t\t\t\t<\/div>\n\t\t<div data-particle_enable=\"false\" data-particle-mobile-disabled=\"false\" class=\"elementor-element elementor-element-e2f7188 e-flex e-con-boxed e-con e-parent\" data-id=\"e2f7188\" data-element_type=\"container\" data-e-type=\"container\">\n\t\t\t\t\t<div class=\"e-con-inner\">\n\t\t\t\t<div class=\"elementor-element elementor-element-97fc5d3 elementor-widget elementor-widget-text-editor\" data-id=\"97fc5d3\" data-element_type=\"widget\" data-e-type=\"widget\" data-widget_type=\"text-editor.default\">\n\t\t\t\t\t\t\t\t\t<p>Para cerrar con un toque dulce, los garbanzos en dulce son un postre tradicional de Semana Santa.<\/p><p>Se preparan cocinando los garbanzos en una miel hecha con az\u00facar, canela y clavos de olor, <a href=\"https:\/\/soymigrante.com\/revista\/dar-y-compartir-en-esta-semana-santa-y-mas-alla\/\" target=\"_blank\" rel=\"noopener\">resultando en un platillo arom\u00e1tico y reconfortante<\/a>.<\/p><p>Algunas recetas incluyen leche o panela para darle un sabor m\u00e1s intenso.<\/p>\t\t\t\t\t\t\t\t<\/div>\n\t\t\t\t\t<\/div>\n\t\t\t\t<\/div>\n\t\t<div data-particle_enable=\"false\" data-particle-mobile-disabled=\"false\" class=\"elementor-element elementor-element-f95d1d2 e-flex e-con-boxed e-con e-parent\" data-id=\"f95d1d2\" data-element_type=\"container\" data-e-type=\"container\">\n\t\t\t\t\t<div class=\"e-con-inner\">\n\t\t\t\t<div class=\"elementor-element elementor-element-1f28c08 elementor-widget elementor-widget-image\" data-id=\"1f28c08\" data-element_type=\"widget\" data-e-type=\"widget\" data-widget_type=\"image.default\">\n\t\t\t\t\t\t\t\t\t\t\t\t<figure class=\"wp-caption\">\n\t\t\t\t\t\t\t\t\t\t<img loading=\"lazy\" decoding=\"async\" width=\"650\" height=\"413\" src=\"https:\/\/soymigrante.com\/revista\/wp-content\/uploads\/2025\/02\/garbanzos-en-dulce-.webp\" class=\"attachment-large size-large wp-image-26545\" alt=\"Cocerones de chayote en caldo dulce en un plato tradicional, con fondo multicolor y textura vibrante.\" srcset=\"https:\/\/soymigrante.com\/revista\/wp-content\/uploads\/2025\/02\/garbanzos-en-dulce-.webp 650w, https:\/\/soymigrante.com\/revista\/wp-content\/uploads\/2025\/02\/garbanzos-en-dulce--300x191.jpeg 300w\" sizes=\"(max-width: 650px) 100vw, 650px\" title=\"garbanzos en dulce \u2013 SoyMigrante.com REVISTA\" \/>\t\t\t\t\t\t\t\t\t\t\t<figcaption class=\"widget-image-caption wp-caption-text\">Chayote cocerones en caldo dulce, plato t\u00edpico mexicano, servido en un bowl sobre tela colorida.<\/figcaption>\n\t\t\t\t\t\t\t\t\t\t<\/figure>\n\t\t\t\t\t\t\t\t\t<\/div>\n\t\t\t\t\t<\/div>\n\t\t\t\t<\/div>\n\t\t<div data-particle_enable=\"false\" data-particle-mobile-disabled=\"false\" class=\"elementor-element elementor-element-93559dc e-flex e-con-boxed e-con e-parent\" data-id=\"93559dc\" data-element_type=\"container\" data-e-type=\"container\">\n\t\t\t\t\t<div class=\"e-con-inner\">\n\t\t\t\t<div class=\"elementor-element elementor-element-a8ddbf5 elementor-widget elementor-widget-text-editor\" data-id=\"a8ddbf5\" data-element_type=\"widget\" data-e-type=\"widget\" data-widget_type=\"text-editor.default\">\n\t\t\t\t\t\t\t\t\t<p><a href=\"https:\/\/soymigrante.com\/revista\/dar-y-compartir-en-esta-semana-santa-y-mas-alla\/\" target=\"_blank\" rel=\"noopener\">La gastronom\u00eda de Semana Santa en Guatemala es un reflejo de la identidad y tradiciones del pa\u00eds.<\/a> Cada platillo tiene una historia y un significado especial, convirti\u00e9ndose en una parte esencial de la celebraci\u00f3n. Sin duda, estas recetas no solo deleitan el paladar, sino que tambi\u00e9n unen a las familias guatemaltecas en torno a la mesa durante estos d\u00edas de fervor religioso.<\/p>\t\t\t\t\t\t\t\t<\/div>\n\t\t\t\t\t<\/div>\n\t\t\t\t<\/div>\n\t\t<div data-particle_enable=\"false\" data-particle-mobile-disabled=\"false\" class=\"elementor-element elementor-element-b3b86cd e-flex e-con-boxed e-con e-parent\" data-id=\"b3b86cd\" data-element_type=\"container\" data-e-type=\"container\">\n\t\t\t\t\t<div class=\"e-con-inner\">\n\t\t\t\t<div class=\"elementor-element elementor-element-b57adb3 elementor-widget elementor-widget-heading\" data-id=\"b57adb3\" data-element_type=\"widget\" data-e-type=\"widget\" data-widget_type=\"heading.default\">\n\t\t\t\t\t<h2 class=\"elementor-heading-title elementor-size-default\">Conoce m\u00e1s sobre la Semana Santa ac\u00e1...<\/h2>\t\t\t\t<\/div>\n\t\t\t\t\t<\/div>\n\t\t\t\t<\/div>\n\t\t<div data-particle_enable=\"false\" data-particle-mobile-disabled=\"false\" class=\"elementor-element elementor-element-7b40f2f e-flex e-con-boxed e-con e-parent\" data-id=\"7b40f2f\" data-element_type=\"container\" data-e-type=\"container\">\n\t\t\t\t\t<div class=\"e-con-inner\">\n\t\t\t\t<div class=\"elementor-element elementor-element-b958c6e elementor-grid-eael-col-3 elementor-grid-tablet-eael-col-2 elementor-grid-mobile-eael-col-1 elementor-widget elementor-widget-eael-post-grid\" data-id=\"b958c6e\" data-element_type=\"widget\" data-e-type=\"widget\" data-settings=\"{&quot;eael_post_grid_columns&quot;:&quot;eael-col-3&quot;,&quot;eael_post_grid_columns_tablet&quot;:&quot;eael-col-2&quot;,&quot;eael_post_grid_columns_mobile&quot;:&quot;eael-col-1&quot;}\" data-widget_type=\"eael-post-grid.default\">\n\t\t\t\t\t<div id=\"eael-post-grid-b958c6e\" class=\"eael-post-grid-container\">\n            <div class=\"eael-post-grid eael-post-appender eael-post-appender-b958c6e eael-post-grid-style-one\" data-layout-mode=\"masonry\"><article class=\"eael-grid-post  eael-post-grid-column eael-pg-post-5641 category-guate-nuestra\" data-id=\"5641\">\n        <div class=\"eael-grid-post-holder\">\n            <div class=\"eael-grid-post-holder-inner\"><div class=\"eael-entry-media\"><div class=\"eael-entry-overlay fade-in\"><i class=\"far fa-hand-pointer\" aria-hidden=\"true\"><\/i><a href=\"https:\/\/soymigrante.com\/revista\/semana-santa-guatemalteca-via-crucis-infantil-huehuetenango\/\"><\/a><\/div><div class=\"eael-entry-thumbnail \">\n                <img loading=\"lazy\" decoding=\"async\" width=\"596\" height=\"526\" src=\"https:\/\/soymigrante.com\/revista\/wp-content\/uploads\/2024\/03\/fffdff.webp\" class=\"attachment-large size-large wp-image-5658\" alt=\"\" srcset=\"https:\/\/soymigrante.com\/revista\/wp-content\/uploads\/2024\/03\/fffdff.webp 596w, https:\/\/soymigrante.com\/revista\/wp-content\/uploads\/2024\/03\/fffdff-300x265.webp 300w\" sizes=\"(max-width: 596px) 100vw, 596px\" \/>\n            <\/div>\n        <\/div><div class=\"eael-entry-wrapper\"><header class=\"eael-entry-header\"><h2 class=\"eael-entry-title\"><a class=\"eael-grid-post-link\" href=\"https:\/\/soymigrante.com\/revista\/semana-santa-guatemalteca-via-crucis-infantil-huehuetenango\/\" title=\"Semana Santa guatemalteca: V\u00eda Crucis infantil en Huehuetenango\">Semana Santa guatemalteca: V\u00eda Crucis infantil en Huehuetenango<\/a><\/h2><\/header><div class=\"eael-entry-content\">\n                        <div class=\"eael-grid-post-excerpt\"><a href=\"https:\/\/soymigrante.com\/revista\/semana-santa-guatemalteca-via-crucis-infantil-huehuetenango\/\" class=\"eael-post-elements-readmore-btn\">CONOCE SU HISTORIA <\/a><\/div>\n                    <\/div><\/div><\/div>\n        <\/div>\n    <\/article><article class=\"eael-grid-post  eael-post-grid-column eael-pg-post-5615 category-bienestar\" data-id=\"5615\">\n        <div class=\"eael-grid-post-holder\">\n            <div class=\"eael-grid-post-holder-inner\"><div class=\"eael-entry-media\"><div class=\"eael-entry-overlay fade-in\"><i class=\"far fa-hand-pointer\" aria-hidden=\"true\"><\/i><a href=\"https:\/\/soymigrante.com\/revista\/dar-y-compartir-en-esta-semana-santa-y-mas-alla\/\"><\/a><\/div><div class=\"eael-entry-thumbnail \">\n                <img loading=\"lazy\" decoding=\"async\" width=\"1002\" height=\"700\" src=\"https:\/\/soymigrante.com\/revista\/wp-content\/uploads\/2024\/03\/Captura-de-pantalla-2024-03-25-132254.webp\" class=\"attachment-large size-large wp-image-5616\" alt=\"Consejos de salud f\u00edsica y espiritual para migrantes en Semana Santa. Foto de atardecer mujer en oraci\u00f3n\" srcset=\"https:\/\/soymigrante.com\/revista\/wp-content\/uploads\/2024\/03\/Captura-de-pantalla-2024-03-25-132254.webp 1002w, https:\/\/soymigrante.com\/revista\/wp-content\/uploads\/2024\/03\/Captura-de-pantalla-2024-03-25-132254-300x210.webp 300w, https:\/\/soymigrante.com\/revista\/wp-content\/uploads\/2024\/03\/Captura-de-pantalla-2024-03-25-132254-768x537.webp 768w, https:\/\/soymigrante.com\/revista\/wp-content\/uploads\/2024\/03\/Captura-de-pantalla-2024-03-25-132254-750x524.webp 750w\" sizes=\"(max-width: 1002px) 100vw, 1002px\" \/>\n            <\/div>\n        <\/div><div class=\"eael-entry-wrapper\"><header class=\"eael-entry-header\"><h2 class=\"eael-entry-title\"><a class=\"eael-grid-post-link\" href=\"https:\/\/soymigrante.com\/revista\/dar-y-compartir-en-esta-semana-santa-y-mas-alla\/\" title=\"Salud f\u00edsica y espiritual en esta Semana Santa y m\u00e1s all\u00e1\">Salud f\u00edsica y espiritual en esta Semana Santa y m\u00e1s all\u00e1<\/a><\/h2><\/header><div class=\"eael-entry-content\">\n                        <div class=\"eael-grid-post-excerpt\"><a href=\"https:\/\/soymigrante.com\/revista\/dar-y-compartir-en-esta-semana-santa-y-mas-alla\/\" class=\"eael-post-elements-readmore-btn\">CONOCE SU HISTORIA <\/a><\/div>\n                    <\/div><\/div><\/div>\n        <\/div>\n    <\/article><article class=\"eael-grid-post  eael-post-grid-column eael-pg-post-5589 category-guate-nuestra\" data-id=\"5589\">\n        <div class=\"eael-grid-post-holder\">\n            <div class=\"eael-grid-post-holder-inner\"><div class=\"eael-entry-media\"><div class=\"eael-entry-overlay fade-in\"><i class=\"far fa-hand-pointer\" aria-hidden=\"true\"><\/i><a href=\"https:\/\/soymigrante.com\/revista\/semana-santa-guatemalteca-sin-fronteras-cruza-el-mar\/\"><\/a><\/div><div class=\"eael-entry-thumbnail \">\n                <img loading=\"lazy\" decoding=\"async\" width=\"795\" height=\"636\" src=\"https:\/\/soymigrante.com\/revista\/wp-content\/uploads\/2024\/03\/dfdfdfdf.webp\" class=\"attachment-large size-large wp-image-5601\" alt=\"Semana Santa guatemalteca fotos de Danny Gamboa\" srcset=\"https:\/\/soymigrante.com\/revista\/wp-content\/uploads\/2024\/03\/dfdfdfdf.webp 795w, https:\/\/soymigrante.com\/revista\/wp-content\/uploads\/2024\/03\/dfdfdfdf-300x240.webp 300w, https:\/\/soymigrante.com\/revista\/wp-content\/uploads\/2024\/03\/dfdfdfdf-768x614.webp 768w, https:\/\/soymigrante.com\/revista\/wp-content\/uploads\/2024\/03\/dfdfdfdf-750x600.webp 750w\" sizes=\"(max-width: 795px) 100vw, 795px\" \/>\n            <\/div>\n        <\/div><div class=\"eael-entry-wrapper\"><header class=\"eael-entry-header\"><h2 class=\"eael-entry-title\"><a class=\"eael-grid-post-link\" href=\"https:\/\/soymigrante.com\/revista\/semana-santa-guatemalteca-sin-fronteras-cruza-el-mar\/\" title=\"Semana Santa guatemalteca sobrepasa fronteras\">Semana Santa guatemalteca sobrepasa fronteras<\/a><\/h2><\/header><div class=\"eael-entry-content\">\n                        <div class=\"eael-grid-post-excerpt\"><a href=\"https:\/\/soymigrante.com\/revista\/semana-santa-guatemalteca-sin-fronteras-cruza-el-mar\/\" class=\"eael-post-elements-readmore-btn\">CONOCE SU HISTORIA <\/a><\/div>\n                    <\/div><\/div><\/div>\n        <\/div>\n    <\/article><\/div>\n            <div class=\"clearfix\"><\/div>\n        <\/div>\t\t\t\t<\/div>\n\t\t\t\t\t<\/div>\n\t\t\t\t<\/div>\n\t\t\t\t<\/div>\n\t\t","protected":false},"excerpt":{"rendered":"<p>Las comidas de Semana Santa de Guatemala, tambi\u00e9n son una representaci\u00f3n de cultura y tradici\u00f3n, ahora conoce estos platillos. La Semana Santa en Guatemala no solo se vive con procesiones y alfombras coloridas, sino tambi\u00e9n a trav\u00e9s de su gastronom\u00eda, que refleja la mezcla de influencias ind\u00edgenas y espa\u00f1olas. Durante estos d\u00edas de reflexi\u00f3n y [&hellip;]<\/p>\n","protected":false},"author":19,"featured_media":26537,"comment_status":"open","ping_status":"open","sticky":false,"template":"","format":"standard","meta":{"_acf_changed":false,"_eb_attr":"","footnotes":""},"categories":[58],"tags":[],"class_list":["post-26536","post","type-post","status-publish","format-standard","has-post-thumbnail","hentry","category-guate-nuestra"],"acf":[],"aioseo_notices":[],"aioseo_head":"\n\t\t<!-- All in One SEO Pro 4.9.6.2 - aioseo.com -->\n\t<meta name=\"description\" content=\"Devoci\u00f3n, piedad popular y tradici\u00f3n de la Semana Santa en Guatemala es reflejada en las fotograf\u00edas de Danny Gamboa, quien expuso su trabajo en Casa de Am\u00e9rica, Sevilla, Espa\u00f1a junto a otros guatemaltecos. Cr\u00e9dito de todas las fotograf\u00edas: Danny Gamboa, fot\u00f3grafo guatemalteco A menudo no hay palabras para expresar las dimensiones que alcanca la piedad\" \/>\n\t<meta name=\"robots\" content=\"max-snippet:-1, max-image-preview:large, max-video-preview:-1\" \/>\n\t<meta name=\"author\" content=\"Marysabel Aldana\"\/>\n\t<link rel=\"canonical\" href=\"https:\/\/soymigrante.com\/revista\/las-comidas-de-semana-santa-en-guatemala-tradicion-y-sabor\/\" \/>\n\t<meta name=\"generator\" content=\"All in One SEO Pro (AIOSEO) 4.9.6.2\" \/>\n\n\t\t<link rel=\"preconnect\" href=\"https:\/\/fonts.googleapis.com\" crossorigin>\n<link rel=\"preconnect\" href=\"https:\/\/fonts.gstatic.com\" crossorigin>\n\t\t<meta property=\"og:locale\" content=\"es_ES\" \/>\n\t\t<meta property=\"og:site_name\" content=\"SoyMigrante.com REVISTA \u2013 Nuestra misi\u00f3n es reconocer y dignificar al migrante.\" \/>\n\t\t<meta property=\"og:type\" content=\"article\" \/>\n\t\t<meta property=\"og:title\" content=\"Comidas tradicionales de Cuaresma y Semana Santa en Guatemala\" \/>\n\t\t<meta property=\"og:description\" content=\"Las comidas de Semana Santa de Guatemala, tambi\u00e9n son una representaci\u00f3n de cultura y tradici\u00f3n, ahora conoce estos platillos.\" \/>\n\t\t<meta property=\"og:url\" content=\"https:\/\/soymigrante.com\/revista\/las-comidas-de-semana-santa-en-guatemala-tradicion-y-sabor\/\" \/>\n\t\t<meta property=\"og:image\" content=\"https:\/\/soymigrante.com\/revista\/wp-content\/uploads\/2025\/02\/comida-de-semana-santa.webp\" \/>\n\t\t<meta property=\"og:image:secure_url\" content=\"https:\/\/soymigrante.com\/revista\/wp-content\/uploads\/2025\/02\/comida-de-semana-santa.webp\" \/>\n\t\t<meta property=\"og:image:width\" content=\"259\" \/>\n\t\t<meta property=\"og:image:height\" content=\"194\" \/>\n\t\t<meta property=\"article:published_time\" content=\"2025-03-15T17:06:05+00:00\" \/>\n\t\t<meta property=\"article:modified_time\" content=\"2025-03-15T17:06:37+00:00\" \/>\n\t\t<meta property=\"article:publisher\" content=\"https:\/\/www.facebook.com\/soymigrantecom\" \/>\n\t\t<meta name=\"twitter:card\" content=\"summary_large_image\" \/>\n\t\t<meta name=\"twitter:site\" content=\"@SoyMigrante_com\" \/>\n\t\t<meta name=\"twitter:title\" content=\"Comidas tradicionales de Cuaresma y Semana Santa en Guatemala\" \/>\n\t\t<meta name=\"twitter:description\" content=\"Las comidas de Semana Santa de Guatemala, tambi\u00e9n son una representaci\u00f3n de cultura y tradici\u00f3n, ahora conoce estos platillos.\" \/>\n\t\t<meta name=\"twitter:creator\" content=\"@SoyMigrante_com\" \/>\n\t\t<meta name=\"twitter:image\" content=\"https:\/\/soymigrante.com\/revista\/wp-content\/uploads\/2025\/02\/comida-de-semana-santa.webp\" \/>\n\t\t<!-- All in One SEO Pro -->\r\n\t\t<title>Comidas tradicionales de Cuaresma y Semana Santa en Guatemala<\/title>\n\n","aioseo_head_json":{"title":"Comidas tradicionales de Cuaresma y Semana Santa en Guatemala","description":"Las comidas de Semana Santa de Guatemala, tambi\u00e9n son una representaci\u00f3n de cultura y tradici\u00f3n, ahora conoce estos platillos.","canonical_url":"https:\/\/soymigrante.com\/revista\/las-comidas-de-semana-santa-en-guatemala-tradicion-y-sabor\/","robots":"max-snippet:-1, max-image-preview:large, max-video-preview:-1","keywords":"","webmasterTools":{"miscellaneous":"&lt;link rel=\"preconnect\" href=\"https:\/\/fonts.googleapis.com\" crossorigin&gt;\n&lt;link rel=\"preconnect\" href=\"https:\/\/fonts.gstatic.com\" crossorigin&gt;"},"schema":null,"og:locale":"es_ES","og:site_name":"SoyMigrante.com REVISTA \u2013 Nuestra misi\u00f3n es reconocer y dignificar al migrante.","og:type":"article","og:title":"Comidas tradicionales de Cuaresma y Semana Santa en Guatemala","og:description":"Las comidas de Semana Santa de Guatemala, tambi\u00e9n son una representaci\u00f3n de cultura y tradici\u00f3n, ahora conoce estos platillos.","og:url":"https:\/\/soymigrante.com\/revista\/las-comidas-de-semana-santa-en-guatemala-tradicion-y-sabor\/","og:image":"https:\/\/soymigrante.com\/revista\/wp-content\/uploads\/2025\/02\/comida-de-semana-santa.webp","og:image:secure_url":"https:\/\/soymigrante.com\/revista\/wp-content\/uploads\/2025\/02\/comida-de-semana-santa.webp","og:image:width":259,"og:image:height":194,"article:published_time":"2025-03-15T17:06:05+00:00","article:modified_time":"2025-03-15T17:06:37+00:00","article:publisher":"https:\/\/www.facebook.com\/soymigrantecom","twitter:card":"summary_large_image","twitter:site":"@SoyMigrante_com","twitter:title":"Comidas tradicionales de Cuaresma y Semana Santa en Guatemala","twitter:description":"Las comidas de Semana Santa de Guatemala, tambi\u00e9n son una representaci\u00f3n de cultura y tradici\u00f3n, ahora conoce estos platillos.","twitter:creator":"@SoyMigrante_com","twitter:image":"https:\/\/soymigrante.com\/revista\/wp-content\/uploads\/2025\/02\/comida-de-semana-santa.webp"},"aioseo_meta_data":{"post_id":"26536","title":null,"description":"Las comidas de Semana Santa de Guatemala, tambi\u00e9n son una representaci\u00f3n de cultura y tradici\u00f3n, ahora conoce estos platillos.","keywords":null,"keyphrases":{"focus":{"keyphrase":"Semana Santa","score":91,"analysis":{"keyphraseInTitle":{"score":9,"maxScore":9,"error":0},"keyphraseInDescription":{"score":9,"maxScore":9,"error":0},"keyphraseLength":{"score":9,"maxScore":9,"error":0,"length":2},"keyphraseInURL":{"score":5,"maxScore":5,"error":0},"keyphraseInIntroduction":{"score":9,"maxScore":9,"error":0},"keyphraseInSubHeadings":{"score":3,"maxScore":9,"error":1},"keyphraseInImageAlt":{"score":9,"maxScore":9,"error":0},"keywordDensity":{"type":"best","score":9,"maxScore":9,"error":0}}},"additional":[{"keyphrase":"Semana Santa","score":100,"analysis":{"keyphraseInDescription":{"score":9,"maxScore":9,"error":0},"keyphraseLength":{"score":9,"maxScore":9,"error":0,"length":2},"keyphraseInIntroduction":{"score":9,"maxScore":9,"error":0},"keyphraseInImageAlt":{"score":9,"maxScore":9,"error":0},"keywordDensity":{"type":"best","score":9,"maxScore":9,"error":0}}},{"keyphrase":"Comidas","score":87,"analysis":{"keyphraseInDescription":{"score":9,"maxScore":9,"error":0},"keyphraseLength":{"score":9,"maxScore":9,"error":0,"length":1},"keyphraseInIntroduction":{"score":3,"maxScore":9,"error":1},"keyphraseInImageAlt":{"score":9,"maxScore":9,"error":0},"keywordDensity":{"type":"best","score":9,"maxScore":9,"error":0}}}]},"primary_term":null,"canonical_url":null,"og_title":null,"og_description":null,"og_object_type":"default","og_image_type":"default","og_image_url":null,"og_image_width":null,"og_image_height":null,"og_image_custom_url":null,"og_image_custom_fields":null,"og_video":"","og_custom_url":null,"og_article_section":null,"og_article_tags":null,"twitter_use_og":false,"twitter_card":"default","twitter_image_type":"default","twitter_image_url":null,"twitter_image_custom_url":null,"twitter_image_custom_fields":null,"twitter_title":null,"twitter_description":null,"schema":{"blockGraphs":[],"customGraphs":[],"default":{"data":{"Article":[],"Course":[],"Dataset":[],"FAQPage":[],"Movie":[],"Person":[],"Product":[],"ProductReview":[],"Car":[],"Recipe":[],"Service":[],"SoftwareApplication":[],"WebPage":[]},"graphName":"BlogPosting","isEnabled":true},"graphs":[]},"schema_type":"default","schema_type_options":null,"pillar_content":false,"robots_default":true,"robots_noindex":false,"robots_noarchive":false,"robots_nosnippet":false,"robots_nofollow":false,"robots_noimageindex":false,"robots_noodp":false,"robots_notranslate":false,"robots_max_snippet":"-1","robots_max_videopreview":"-1","robots_max_imagepreview":"large","priority":null,"frequency":"default","local_seo":null,"seo_analyzer_scan_date":"2025-10-09 03:28:24","breadcrumb_settings":null,"limit_modified_date":false,"reviewed_by":null,"open_ai":"{\"title\":{\"suggestions\":[],\"usage\":0},\"description\":{\"suggestions\":[],\"usage\":0}}","ai":null,"created":"2025-02-27 18:21:54","updated":"2026-02-04 22:12:49"},"aioseo_breadcrumb":"<div class=\"aioseo-breadcrumbs\"><span class=\"aioseo-breadcrumb\">\n\t<a href=\"https:\/\/soymigrante.com\/revista\" title=\"Home\">Home<\/a>\n<\/span><span class=\"aioseo-breadcrumb-separator\">\u00bb<\/span><span class=\"aioseo-breadcrumb\">\n\t<a href=\"https:\/\/soymigrante.com\/revista\/category\/guate-nuestra\/\" title=\"Guate Nuestra\">Guate Nuestra<\/a>\n<\/span><span class=\"aioseo-breadcrumb-separator\">\u00bb<\/span><span class=\"aioseo-breadcrumb\">\n\tComidas tradicionales de Cuaresma y Semana Santa en Guatemala\n<\/span><\/div>","aioseo_breadcrumb_json":[{"label":"Home","link":"https:\/\/soymigrante.com\/revista"},{"label":"Guate Nuestra","link":"https:\/\/soymigrante.com\/revista\/category\/guate-nuestra\/"},{"label":"Comidas tradicionales de Cuaresma y Semana Santa en Guatemala","link":"https:\/\/soymigrante.com\/revista\/las-comidas-de-semana-santa-en-guatemala-tradicion-y-sabor\/"}],"_links":{"self":[{"href":"https:\/\/soymigrante.com\/revista\/wp-json\/wp\/v2\/posts\/26536","targetHints":{"allow":["GET"]}}],"collection":[{"href":"https:\/\/soymigrante.com\/revista\/wp-json\/wp\/v2\/posts"}],"about":[{"href":"https:\/\/soymigrante.com\/revista\/wp-json\/wp\/v2\/types\/post"}],"author":[{"embeddable":true,"href":"https:\/\/soymigrante.com\/revista\/wp-json\/wp\/v2\/users\/19"}],"replies":[{"embeddable":true,"href":"https:\/\/soymigrante.com\/revista\/wp-json\/wp\/v2\/comments?post=26536"}],"version-history":[{"count":0,"href":"https:\/\/soymigrante.com\/revista\/wp-json\/wp\/v2\/posts\/26536\/revisions"}],"wp:featuredmedia":[{"embeddable":true,"href":"https:\/\/soymigrante.com\/revista\/wp-json\/wp\/v2\/media\/26537"}],"wp:attachment":[{"href":"https:\/\/soymigrante.com\/revista\/wp-json\/wp\/v2\/media?parent=26536"}],"wp:term":[{"taxonomy":"category","embeddable":true,"href":"https:\/\/soymigrante.com\/revista\/wp-json\/wp\/v2\/categories?post=26536"},{"taxonomy":"post_tag","embeddable":true,"href":"https:\/\/soymigrante.com\/revista\/wp-json\/wp\/v2\/tags?post=26536"}],"curies":[{"name":"wp","href":"https:\/\/api.w.org\/{rel}","templated":true}]}}