{"id":26489,"date":"2025-02-27T05:00:00","date_gmt":"2025-02-27T11:00:00","guid":{"rendered":"https:\/\/soymigrante.com\/revista\/?p=26489"},"modified":"2025-02-26T20:03:23","modified_gmt":"2025-02-27T02:03:23","slug":"adultos-mayores-guatemaltecos-podran-viajar-para-reencontrarse-con-sus-hijos","status":"publish","type":"post","link":"https:\/\/soymigrante.com\/revista\/adultos-mayores-guatemaltecos-podran-viajar-para-reencontrarse-con-sus-hijos\/","title":{"rendered":"Adultos mayores guatemaltecos podr\u00e1n viajar para reencontrarse con sus hijos"},"content":{"rendered":"\t\t<div data-elementor-type=\"wp-post\" data-elementor-id=\"26489\" class=\"elementor elementor-26489\" data-elementor-post-type=\"post\">\n\t\t\t\t<div data-particle_enable=\"false\" data-particle-mobile-disabled=\"false\" class=\"elementor-element elementor-element-679a2e5 e-flex e-con-boxed e-con e-parent\" data-id=\"679a2e5\" data-element_type=\"container\" data-e-type=\"container\">\n\t\t\t\t\t<div class=\"e-con-inner\">\n\t\t\t\t<div class=\"elementor-element elementor-element-21a1bc4 elementor-widget elementor-widget-heading\" data-id=\"21a1bc4\" data-element_type=\"widget\" data-e-type=\"widget\" data-widget_type=\"heading.default\">\n\t\t\t\t\t<h2 class=\"elementor-heading-title elementor-size-default\">Un grupo de padres guatemaltecos tendr\u00e1n la oportunidad de abrazar a sus hijos luego de d\u00e9cadas sin verlos. \n<\/h2>\t\t\t\t<\/div>\n\t\t\t\t\t<\/div>\n\t\t\t\t<\/div>\n\t\t<div data-particle_enable=\"false\" data-particle-mobile-disabled=\"false\" class=\"elementor-element elementor-element-2fb15cd e-flex e-con-boxed e-con e-parent\" data-id=\"2fb15cd\" data-element_type=\"container\" data-e-type=\"container\">\n\t\t\t\t\t<div class=\"e-con-inner\">\n\t\t\t\t<div class=\"elementor-element elementor-element-176c6a3 elementor-widget elementor-widget-text-editor\" data-id=\"176c6a3\" data-element_type=\"widget\" data-e-type=\"widget\" data-widget_type=\"text-editor.default\">\n\t\t\t\t\t\t\t\t\t<p><a href=\"https:\/\/soymigrante.com\/revista\/los-migrantes-en-estados-unidos-siempre-necesitan-del-carino-de-su-familia-para-seguir-adelante\/\" target=\"_blank\" rel=\"noopener\">Un grupo de adultos mayores guatemaltecos est\u00e1 a punto de cumplir uno de sus mayores anhelos<\/a>: reencontrarse con sus hijos en Estados Unidos, a quienes no han visto en d\u00e9cadas.<\/p><p>Gracias al apoyo de la <a href=\"https:\/\/www.facebook.com\/profile.php?id=100069763307229\" target=\"_blank\" rel=\"noopener\">Asociaci\u00f3n de Migrantes Guatemaltecos en Los \u00c1ngeles (AMGLA)<\/a>, estas personas lograron obtener la visa que les permitir\u00e1 viajar y abrazar nuevamente a sus seres queridos.<\/p>\t\t\t\t\t\t\t\t<\/div>\n\t\t\t\t\t<\/div>\n\t\t\t\t<\/div>\n\t\t<div data-particle_enable=\"false\" data-particle-mobile-disabled=\"false\" class=\"elementor-element elementor-element-b0c0e51 e-flex e-con-boxed e-con e-parent\" data-id=\"b0c0e51\" data-element_type=\"container\" data-e-type=\"container\">\n\t\t\t\t\t<div class=\"e-con-inner\">\n\t\t\t\t<div class=\"elementor-element elementor-element-91cd746 elementor-widget elementor-widget-text-editor\" data-id=\"91cd746\" data-element_type=\"widget\" data-e-type=\"widget\" data-widget_type=\"text-editor.default\">\n\t\t\t\t\t\t\t\t\t<p>Algunos de los beneficiarios se dirigir\u00e1n a Los \u00c1ngeles, otros a Nueva Jersey y otros a Miami, donde sus familias los <a href=\"https:\/\/soymigrante.com\/revista\/los-migrantes-en-estados-unidos-siempre-necesitan-del-carino-de-su-familia-para-seguir-adelante\/\" target=\"_blank\" rel=\"noopener\">esperan con emoci\u00f3n y ansias de recuperar el tiempo perdid<\/a>o.<\/p>\t\t\t\t\t\t\t\t<\/div>\n\t\t\t\t\t<\/div>\n\t\t\t\t<\/div>\n\t\t<div data-particle_enable=\"false\" data-particle-mobile-disabled=\"false\" class=\"elementor-element elementor-element-d6e8ffe e-flex e-con-boxed e-con e-parent\" data-id=\"d6e8ffe\" data-element_type=\"container\" data-e-type=\"container\">\n\t\t\t\t\t<div class=\"e-con-inner\">\n\t\t\t\t<div class=\"elementor-element elementor-element-65f5e84 elementor-widget elementor-widget-heading\" data-id=\"65f5e84\" data-element_type=\"widget\" data-e-type=\"widget\" data-widget_type=\"heading.default\">\n\t\t\t\t\t<h3 class=\"elementor-heading-title elementor-size-default\">El reencuentro despu\u00e9s de 25 a\u00f1os<\/h3>\t\t\t\t<\/div>\n\t\t\t\t\t<\/div>\n\t\t\t\t<\/div>\n\t\t<div data-particle_enable=\"false\" data-particle-mobile-disabled=\"false\" class=\"elementor-element elementor-element-b7bf020 e-flex e-con-boxed e-con e-parent\" data-id=\"b7bf020\" data-element_type=\"container\" data-e-type=\"container\">\n\t\t\t\t\t<div class=\"e-con-inner\">\n\t\t\t\t<div class=\"elementor-element elementor-element-f32d7e4 elementor-widget elementor-widget-text-editor\" data-id=\"f32d7e4\" data-element_type=\"widget\" data-e-type=\"widget\" data-widget_type=\"text-editor.default\">\n\t\t\t\t\t\t\t\t\t<p>Eusebia Anastasia es una de las mujeres que viajar\u00e1 en este grupo. Con l\u00e1grimas en los ojos, expres\u00f3 su gratitud hacia sus hijos, quienes la apoyaron econ\u00f3micamente para que pudiera emprender este viaje y <a href=\"https:\/\/soymigrante.com\/revista\/los-migrantes-en-estados-unidos-siempre-necesitan-del-carino-de-su-familia-para-seguir-adelante\/\" target=\"_blank\" rel=\"noopener\">reencontrarse con otro de sus hijos, a quien no ha visto en 25 a\u00f1os.<\/a><\/p><p>\u201cGracias a mis hijos que hicieron posible esto, y gracias a Dios por darme vida para volver a ver a mi familia\u201d, coment\u00f3.<\/p>\t\t\t\t\t\t\t\t<\/div>\n\t\t\t\t\t<\/div>\n\t\t\t\t<\/div>\n\t\t<div data-particle_enable=\"false\" data-particle-mobile-disabled=\"false\" class=\"elementor-element elementor-element-eb55cf5 e-flex e-con-boxed e-con e-parent\" data-id=\"eb55cf5\" data-element_type=\"container\" data-e-type=\"container\">\n\t\t\t\t\t<div class=\"e-con-inner\">\n\t\t\t\t<div class=\"elementor-element elementor-element-2ab3ee6 elementor-widget elementor-widget-image\" data-id=\"2ab3ee6\" data-element_type=\"widget\" data-e-type=\"widget\" data-widget_type=\"image.default\">\n\t\t\t\t\t\t\t\t\t\t\t\t<figure class=\"wp-caption\">\n\t\t\t\t\t\t\t\t\t\t<img fetchpriority=\"high\" decoding=\"async\" width=\"472\" height=\"1024\" src=\"https:\/\/soymigrante.com\/revista\/wp-content\/uploads\/2025\/02\/Ancianos-guatemaltecos-viajara\u0301n-para-reencontrarse-con-sus-hijos-3-472x1024.jpeg\" class=\"attachment-large size-large wp-image-26492\" alt=\"Ancianos guatemaltecos viajar\u00e1n para reencontrarse con sus hijos\" srcset=\"https:\/\/soymigrante.com\/revista\/wp-content\/uploads\/2025\/02\/Ancianos-guatemaltecos-viajara\u0301n-para-reencontrarse-con-sus-hijos-3-472x1024.jpeg 472w, https:\/\/soymigrante.com\/revista\/wp-content\/uploads\/2025\/02\/Ancianos-guatemaltecos-viajara\u0301n-para-reencontrarse-con-sus-hijos-3-138x300.jpeg 138w, https:\/\/soymigrante.com\/revista\/wp-content\/uploads\/2025\/02\/Ancianos-guatemaltecos-viajara\u0301n-para-reencontrarse-con-sus-hijos-3-708x1536.jpeg 708w, https:\/\/soymigrante.com\/revista\/wp-content\/uploads\/2025\/02\/Ancianos-guatemaltecos-viajara\u0301n-para-reencontrarse-con-sus-hijos-3.webp 738w\" sizes=\"(max-width: 472px) 100vw, 472px\" title=\"Ancianos guatemaltecos viajara\u0301n para reencontrarse con sus hijos 3 \u2013 SoyMigrante.com REVISTA\" \/>\t\t\t\t\t\t\t\t\t\t\t<figcaption class=\"widget-image-caption wp-caption-text\">Eusebia tiene m\u00e1s de 25 a\u00f1os de no ver a su hijo, ahora le fue aprobada la visa. (Foto: Cortes\u00eda)<\/figcaption>\n\t\t\t\t\t\t\t\t\t\t<\/figure>\n\t\t\t\t\t\t\t\t\t<\/div>\n\t\t\t\t\t<\/div>\n\t\t\t\t<\/div>\n\t\t<div data-particle_enable=\"false\" data-particle-mobile-disabled=\"false\" class=\"elementor-element elementor-element-27d41e9 e-flex e-con-boxed e-con e-parent\" data-id=\"27d41e9\" data-element_type=\"container\" data-e-type=\"container\">\n\t\t\t\t\t<div class=\"e-con-inner\">\n\t\t\t\t<div class=\"elementor-element elementor-element-044abc4 elementor-widget elementor-widget-heading\" data-id=\"044abc4\" data-element_type=\"widget\" data-e-type=\"widget\" data-widget_type=\"heading.default\">\n\t\t\t\t\t<h3 class=\"elementor-heading-title elementor-size-default\">30 a\u00f1os sin ver a su hijo<\/h3>\t\t\t\t<\/div>\n\t\t\t\t\t<\/div>\n\t\t\t\t<\/div>\n\t\t<div data-particle_enable=\"false\" data-particle-mobile-disabled=\"false\" class=\"elementor-element elementor-element-8dbf4f5 e-flex e-con-boxed e-con e-parent\" data-id=\"8dbf4f5\" data-element_type=\"container\" data-e-type=\"container\">\n\t\t\t\t\t<div class=\"e-con-inner\">\n\t\t\t\t<div class=\"elementor-element elementor-element-617e8dd elementor-widget elementor-widget-text-editor\" data-id=\"617e8dd\" data-element_type=\"widget\" data-e-type=\"widget\" data-widget_type=\"text-editor.default\">\n\t\t\t\t\t\t\t\t\t<p>Francisca Mateo tambi\u00e9n forma parte de este emotivo viaje. Ella recibi\u00f3 su visa a trav\u00e9s de AMGLA, que la orient\u00f3 y acompa\u00f1\u00f3 en el proceso.<\/p><p><a href=\"https:\/\/soymigrante.com\/revista\/los-migrantes-en-estados-unidos-siempre-necesitan-del-carino-de-su-familia-para-seguir-adelante\/\" target=\"_blank\" rel=\"noopener\">Despu\u00e9s de 30 a\u00f1os sin ver a su hijo, ahora tiene la oportunidad de abrazarlo nuevamente.<\/a><\/p><p>\u201cNunca perd\u00ed la esperanza de volver a verlo, y ahora Dios me ha dado la oportunidad\u201d, expres\u00f3 con emoci\u00f3n.<\/p>\t\t\t\t\t\t\t\t<\/div>\n\t\t\t\t\t<\/div>\n\t\t\t\t<\/div>\n\t\t<div data-particle_enable=\"false\" data-particle-mobile-disabled=\"false\" class=\"elementor-element elementor-element-d93a1e6 e-flex e-con-boxed e-con e-parent\" data-id=\"d93a1e6\" data-element_type=\"container\" data-e-type=\"container\">\n\t\t\t\t\t<div class=\"e-con-inner\">\n\t\t\t\t<div class=\"elementor-element elementor-element-15e2775 elementor-widget elementor-widget-image\" data-id=\"15e2775\" data-element_type=\"widget\" data-e-type=\"widget\" data-widget_type=\"image.default\">\n\t\t\t\t\t\t\t\t\t\t\t\t<figure class=\"wp-caption\">\n\t\t\t\t\t\t\t\t\t\t<img decoding=\"async\" width=\"472\" height=\"1024\" src=\"https:\/\/soymigrante.com\/revista\/wp-content\/uploads\/2025\/02\/Ancianos-guatemaltecos-viajara\u0301n-para-reencontrarse-con-sus-hijos-2-472x1024.jpeg\" class=\"attachment-large size-large wp-image-26493\" alt=\"Ancianos guatemaltecos viajar\u00e1n para reencontrarse con sus hijos\" srcset=\"https:\/\/soymigrante.com\/revista\/wp-content\/uploads\/2025\/02\/Ancianos-guatemaltecos-viajara\u0301n-para-reencontrarse-con-sus-hijos-2-472x1024.jpeg 472w, https:\/\/soymigrante.com\/revista\/wp-content\/uploads\/2025\/02\/Ancianos-guatemaltecos-viajara\u0301n-para-reencontrarse-con-sus-hijos-2-138x300.jpeg 138w, https:\/\/soymigrante.com\/revista\/wp-content\/uploads\/2025\/02\/Ancianos-guatemaltecos-viajara\u0301n-para-reencontrarse-con-sus-hijos-2-708x1536.jpeg 708w, https:\/\/soymigrante.com\/revista\/wp-content\/uploads\/2025\/02\/Ancianos-guatemaltecos-viajara\u0301n-para-reencontrarse-con-sus-hijos-2.webp 738w\" sizes=\"(max-width: 472px) 100vw, 472px\" title=\"Ancianos guatemaltecos viajara\u0301n para reencontrarse con sus hijos 2 \u2013 SoyMigrante.com REVISTA\" \/>\t\t\t\t\t\t\t\t\t\t\t<figcaption class=\"widget-image-caption wp-caption-text\">Francisca Mateo est\u00e1 agradecida con Dios porque volver\u00e1 a ver a su hijo. (Foto: Cortes\u00eda)<\/figcaption>\n\t\t\t\t\t\t\t\t\t\t<\/figure>\n\t\t\t\t\t\t\t\t\t<\/div>\n\t\t\t\t\t<\/div>\n\t\t\t\t<\/div>\n\t\t<div data-particle_enable=\"false\" data-particle-mobile-disabled=\"false\" class=\"elementor-element elementor-element-327c588 e-flex e-con-boxed e-con e-parent\" data-id=\"327c588\" data-element_type=\"container\" data-e-type=\"container\">\n\t\t\t\t\t<div class=\"e-con-inner\">\n\t\t\t\t<div class=\"elementor-element elementor-element-70832f8 elementor-widget elementor-widget-heading\" data-id=\"70832f8\" data-element_type=\"widget\" data-e-type=\"widget\" data-widget_type=\"heading.default\">\n\t\t\t\t\t<h3 class=\"elementor-heading-title elementor-size-default\">Un reencuentro largamente esperado<\/h3>\t\t\t\t<\/div>\n\t\t\t\t\t<\/div>\n\t\t\t\t<\/div>\n\t\t<div data-particle_enable=\"false\" data-particle-mobile-disabled=\"false\" class=\"elementor-element elementor-element-235004c e-flex e-con-boxed e-con e-parent\" data-id=\"235004c\" data-element_type=\"container\" data-e-type=\"container\">\n\t\t\t\t\t<div class=\"e-con-inner\">\n\t\t\t\t<div class=\"elementor-element elementor-element-ba6137d elementor-widget elementor-widget-text-editor\" data-id=\"ba6137d\" data-element_type=\"widget\" data-e-type=\"widget\" data-widget_type=\"text-editor.default\">\n\t\t\t\t\t\t\t\t\t<p>Otra de las mujeres que viajar\u00e1 llevaba 20 a\u00f1os sin ver a su familia.<\/p><p>Con la visa en mano y su boleto de avi\u00f3n listo, solo espera el d\u00eda del vuelo para reencontrarse con sus seres queridos.<\/p>\t\t\t\t\t\t\t\t<\/div>\n\t\t\t\t\t<\/div>\n\t\t\t\t<\/div>\n\t\t<div data-particle_enable=\"false\" data-particle-mobile-disabled=\"false\" class=\"elementor-element elementor-element-1ebe570 e-flex e-con-boxed e-con e-parent\" data-id=\"1ebe570\" data-element_type=\"container\" data-e-type=\"container\">\n\t\t\t\t\t<div class=\"e-con-inner\">\n\t\t\t\t<div class=\"elementor-element elementor-element-ec16889 elementor-widget elementor-widget-image\" data-id=\"ec16889\" data-element_type=\"widget\" data-e-type=\"widget\" data-widget_type=\"image.default\">\n\t\t\t\t\t\t\t\t\t\t\t\t<figure class=\"wp-caption\">\n\t\t\t\t\t\t\t\t\t\t<img decoding=\"async\" width=\"472\" height=\"1024\" src=\"https:\/\/soymigrante.com\/revista\/wp-content\/uploads\/2025\/02\/Ancianos-guatemaltecos-viajara\u0301n-para-reencontrarse-con-sus-hijos-4-472x1024.jpeg\" class=\"attachment-large size-large wp-image-26494\" alt=\"Ancianos guatemaltecos viajar\u00e1n para reencontrarse con sus hijos\" srcset=\"https:\/\/soymigrante.com\/revista\/wp-content\/uploads\/2025\/02\/Ancianos-guatemaltecos-viajara\u0301n-para-reencontrarse-con-sus-hijos-4-472x1024.jpeg 472w, https:\/\/soymigrante.com\/revista\/wp-content\/uploads\/2025\/02\/Ancianos-guatemaltecos-viajara\u0301n-para-reencontrarse-con-sus-hijos-4-138x300.jpeg 138w, https:\/\/soymigrante.com\/revista\/wp-content\/uploads\/2025\/02\/Ancianos-guatemaltecos-viajara\u0301n-para-reencontrarse-con-sus-hijos-4-708x1536.jpeg 708w, https:\/\/soymigrante.com\/revista\/wp-content\/uploads\/2025\/02\/Ancianos-guatemaltecos-viajara\u0301n-para-reencontrarse-con-sus-hijos-4.webp 738w\" sizes=\"(max-width: 472px) 100vw, 472px\" title=\"Ancianos guatemaltecos viajara\u0301n para reencontrarse con sus hijos 4 \u2013 SoyMigrante.com REVISTA\" \/>\t\t\t\t\t\t\t\t\t\t\t<figcaption class=\"widget-image-caption wp-caption-text\">Con su documento de aprobaci\u00f3n de la visa, ahora podr\u00e1 ver a su hijo.  (Foto: Cortes\u00eda)<\/figcaption>\n\t\t\t\t\t\t\t\t\t\t<\/figure>\n\t\t\t\t\t\t\t\t\t<\/div>\n\t\t\t\t\t<\/div>\n\t\t\t\t<\/div>\n\t\t<div data-particle_enable=\"false\" data-particle-mobile-disabled=\"false\" class=\"elementor-element elementor-element-196e338 e-flex e-con-boxed e-con e-parent\" data-id=\"196e338\" data-element_type=\"container\" data-e-type=\"container\">\n\t\t\t\t\t<div class=\"e-con-inner\">\n\t\t\t\t<div class=\"elementor-element elementor-element-2be0354 elementor-widget elementor-widget-heading\" data-id=\"2be0354\" data-element_type=\"widget\" data-e-type=\"widget\" data-widget_type=\"heading.default\">\n\t\t\t\t\t<h3 class=\"elementor-heading-title elementor-size-default\">El apoyo de AMGLA<\/h3>\t\t\t\t<\/div>\n\t\t\t\t\t<\/div>\n\t\t\t\t<\/div>\n\t\t<div data-particle_enable=\"false\" data-particle-mobile-disabled=\"false\" class=\"elementor-element elementor-element-d7693fc e-flex e-con-boxed e-con e-parent\" data-id=\"d7693fc\" data-element_type=\"container\" data-e-type=\"container\">\n\t\t\t\t\t<div class=\"e-con-inner\">\n\t\t\t\t<div class=\"elementor-element elementor-element-3b1a6b8 elementor-widget elementor-widget-text-editor\" data-id=\"3b1a6b8\" data-element_type=\"widget\" data-e-type=\"widget\" data-widget_type=\"text-editor.default\">\n\t\t\t\t\t\t\t\t\t<p>Este viaje ha sido posible gracias a <a href=\"https:\/\/www.facebook.com\/profile.php?id=100069763307229\" target=\"_blank\" rel=\"noopener\">AMGLA<\/a>, una asociaci\u00f3n dirigida por Ren\u00e9 Amiel, quien ha trabajado para ayudar a los padres de migrantes guatemaltecos a tramitar una visa y reencontrarse con sus hijos en Estados Unidos.<\/p><p><a href=\"https:\/\/soymigrante.com\/revista\/los-migrantes-en-estados-unidos-siempre-necesitan-del-carino-de-su-familia-para-seguir-adelante\/\" target=\"_blank\" rel=\"noopener\">Su labor ha sido clave para lograr estos emotivos encuentros que, en muchos casos, han tardado d\u00e9cadas en concretarse.<\/a><\/p><p>Este viaje representa m\u00e1s que un reencuentro; es la prueba de que el amor y la familia trascienden fronteras y el tiempo.\u00a0<span style=\"color: var( --e-global-color-text ); text-align: var(--text-align);\">Para estos padres, el anhelo de abrazar a sus hijos despu\u00e9s de tantos a\u00f1os finalmente<\/span><a style=\"text-align: var(--text-align);\" href=\"https:\/\/www.facebook.com\/profile.php?id=100069763307229\" target=\"_blank\" rel=\"noopener\"> se har\u00e1 realidad.<\/a><\/p>\t\t\t\t\t\t\t\t<\/div>\n\t\t\t\t\t<\/div>\n\t\t\t\t<\/div>\n\t\t<div data-particle_enable=\"false\" data-particle-mobile-disabled=\"false\" class=\"elementor-element elementor-element-8f6a666 e-flex e-con-boxed e-con e-parent\" data-id=\"8f6a666\" data-element_type=\"container\" data-e-type=\"container\">\n\t\t\t\t\t<div class=\"e-con-inner\">\n\t\t\t\t<div class=\"elementor-element elementor-element-7efedd7 elementor-invisible elementor-widget elementor-widget-facebook-embed\" data-id=\"7efedd7\" data-element_type=\"widget\" data-e-type=\"widget\" data-settings=\"{&quot;_animation&quot;:&quot;zoomInDown&quot;}\" data-widget_type=\"facebook-embed.default\">\n\t\t\t\t\t<div style=\"min-height: 1px\" class=\"elementor-facebook-widget fb-post\" data-href=\"https:\/\/www.facebook.com\/rene.paniagua1\/posts\/pfbid02P67gWUmEWymj926WJCk1JJ2ba4qQ7HSULk2E8J8oVwzGByKqWZw98iB8vdVERNqZl\" data-show-text=\"false\"><\/div>\t\t\t\t<\/div>\n\t\t\t\t\t<\/div>\n\t\t\t\t<\/div>\n\t\t<div data-particle_enable=\"false\" data-particle-mobile-disabled=\"false\" class=\"elementor-element elementor-element-6367f70 e-flex e-con-boxed e-con e-parent\" data-id=\"6367f70\" data-element_type=\"container\" data-e-type=\"container\">\n\t\t\t\t\t<div class=\"e-con-inner\">\n\t\t\t\t<div class=\"elementor-element elementor-element-b36d6d1 elementor-widget elementor-widget-heading\" data-id=\"b36d6d1\" data-element_type=\"widget\" data-e-type=\"widget\" data-widget_type=\"heading.default\">\n\t\t\t\t\t<h2 class=\"elementor-heading-title elementor-size-default\">Conoce otras historias inspiradoras, ac\u00e1...<\/h2>\t\t\t\t<\/div>\n\t\t\t\t\t<\/div>\n\t\t\t\t<\/div>\n\t\t<div data-particle_enable=\"false\" data-particle-mobile-disabled=\"false\" class=\"elementor-element elementor-element-b9d5aad e-flex e-con-boxed e-con e-parent\" data-id=\"b9d5aad\" data-element_type=\"container\" data-e-type=\"container\">\n\t\t\t\t\t<div class=\"e-con-inner\">\n\t\t\t\t<div class=\"elementor-element elementor-element-d09a11b elementor-grid-eael-col-3 elementor-grid-tablet-eael-col-2 elementor-grid-mobile-eael-col-1 elementor-widget elementor-widget-eael-post-grid\" data-id=\"d09a11b\" data-element_type=\"widget\" data-e-type=\"widget\" data-settings=\"{&quot;eael_post_grid_columns&quot;:&quot;eael-col-3&quot;,&quot;eael_post_grid_columns_tablet&quot;:&quot;eael-col-2&quot;,&quot;eael_post_grid_columns_mobile&quot;:&quot;eael-col-1&quot;}\" data-widget_type=\"eael-post-grid.default\">\n\t\t\t\t\t<div id=\"eael-post-grid-d09a11b\" class=\"eael-post-grid-container\">\n            <div class=\"eael-post-grid eael-post-appender eael-post-appender-d09a11b eael-post-grid-style-one\" data-layout-mode=\"masonry\"><article class=\"eael-grid-post  eael-post-grid-column eael-pg-post-8467 category-guate-nuestra\" data-id=\"8467\">\n        <div class=\"eael-grid-post-holder\">\n            <div class=\"eael-grid-post-holder-inner\"><div class=\"eael-entry-media\"><div class=\"eael-entry-overlay fade-in\"><i class=\"far fa-hand-pointer\" aria-hidden=\"true\"><\/i><a href=\"https:\/\/soymigrante.com\/revista\/biologo-y-escritor-migrante-rene-corado-vive-asi-sus-vacaciones-y-su-cumpleanos-en-guatemala\/\"><\/a><\/div><div class=\"eael-entry-thumbnail \">\n                <img loading=\"lazy\" decoding=\"async\" width=\"611\" height=\"616\" src=\"https:\/\/soymigrante.com\/revista\/wp-content\/uploads\/2024\/08\/Captura-de-pantalla-2024-08-30-095638.webp\" class=\"attachment-large size-large wp-image-8574\" alt=\"Sunflowers en un campo agr\u00edcola con un hombre en el centro, wearing sombrero y ropa casual, disfrutando de la naturaleza y el ambiente rural en una tarde soleada en la naturaleza en el campo.\" srcset=\"https:\/\/soymigrante.com\/revista\/wp-content\/uploads\/2024\/08\/Captura-de-pantalla-2024-08-30-095638.webp 611w, https:\/\/soymigrante.com\/revista\/wp-content\/uploads\/2024\/08\/Captura-de-pantalla-2024-08-30-095638-298x300.webp 298w, https:\/\/soymigrante.com\/revista\/wp-content\/uploads\/2024\/08\/Captura-de-pantalla-2024-08-30-095638-150x150.webp 150w, https:\/\/soymigrante.com\/revista\/wp-content\/uploads\/2024\/08\/Captura-de-pantalla-2024-08-30-095638-75x75.webp 75w\" sizes=\"(max-width: 611px) 100vw, 611px\" \/>\n            <\/div>\n        <\/div><div class=\"eael-entry-wrapper\"><header class=\"eael-entry-header\"><h2 class=\"eael-entry-title\"><a class=\"eael-grid-post-link\" href=\"https:\/\/soymigrante.com\/revista\/biologo-y-escritor-migrante-rene-corado-vive-asi-sus-vacaciones-y-su-cumpleanos-en-guatemala\/\" title=\"Bi\u00f3logo y escritor migrante  Ren\u00e9 Corado vive as\u00ed sus vacaciones \u00a1y su cumplea\u00f1os! en Guatemala\">Bi\u00f3logo y escritor migrante  Ren\u00e9 Corado vive as\u00ed sus vacaciones \u00a1y su cumplea\u00f1os! en Guatemala<\/a><\/h2><\/header><div class=\"eael-entry-content\">\n                        <div class=\"eael-grid-post-excerpt\"><a href=\"https:\/\/soymigrante.com\/revista\/biologo-y-escritor-migrante-rene-corado-vive-asi-sus-vacaciones-y-su-cumpleanos-en-guatemala\/\" class=\"eael-post-elements-readmore-btn\">CONOCE SU HISTORIA <\/a><\/div>\n                    <\/div><\/div><\/div>\n        <\/div>\n    <\/article><article class=\"eael-grid-post  eael-post-grid-column eael-pg-post-2709 category-exitos\" data-id=\"2709\">\n        <div class=\"eael-grid-post-holder\">\n            <div class=\"eael-grid-post-holder-inner\"><div class=\"eael-entry-media\"><div class=\"eael-entry-overlay fade-in\"><i class=\"far fa-hand-pointer\" aria-hidden=\"true\"><\/i><a href=\"https:\/\/soymigrante.com\/revista\/migrante-guatemalteca-claudia-hernandez-dignifica-a-la-mujer\/\"><\/a><\/div><div class=\"eael-entry-thumbnail \">\n                <img loading=\"lazy\" decoding=\"async\" width=\"1024\" height=\"660\" src=\"https:\/\/soymigrante.com\/revista\/wp-content\/uploads\/2023\/09\/clau-hern-1024x660.webp\" class=\"attachment-large size-large wp-image-2886\" alt=\"Claudia D. Hern\u00e1ndez, migrante y escritora guatemalteca.\" srcset=\"https:\/\/soymigrante.com\/revista\/wp-content\/uploads\/2023\/09\/clau-hern-1024x660.webp 1024w, https:\/\/soymigrante.com\/revista\/wp-content\/uploads\/2023\/09\/clau-hern-300x193.webp 300w, https:\/\/soymigrante.com\/revista\/wp-content\/uploads\/2023\/09\/clau-hern-768x495.webp 768w, https:\/\/soymigrante.com\/revista\/wp-content\/uploads\/2023\/09\/clau-hern-750x483.webp 750w, https:\/\/soymigrante.com\/revista\/wp-content\/uploads\/2023\/09\/clau-hern-1140x735.webp 1140w, https:\/\/soymigrante.com\/revista\/wp-content\/uploads\/2023\/09\/clau-hern.webp 1187w\" sizes=\"(max-width: 1024px) 100vw, 1024px\" \/>\n            <\/div>\n        <\/div><div class=\"eael-entry-wrapper\"><header class=\"eael-entry-header\"><h2 class=\"eael-entry-title\"><a class=\"eael-grid-post-link\" href=\"https:\/\/soymigrante.com\/revista\/migrante-guatemalteca-claudia-hernandez-dignifica-a-la-mujer\/\" title=\"Migrante guatemalteca Claudia D. Hern\u00e1ndez  dignifica a las mujeres con arte y poes\u00eda\">Migrante guatemalteca Claudia D. Hern\u00e1ndez  dignifica a las mujeres con arte y poes\u00eda<\/a><\/h2><\/header><div class=\"eael-entry-content\">\n                        <div class=\"eael-grid-post-excerpt\"><a href=\"https:\/\/soymigrante.com\/revista\/migrante-guatemalteca-claudia-hernandez-dignifica-a-la-mujer\/\" class=\"eael-post-elements-readmore-btn\">CONOCE SU HISTORIA <\/a><\/div>\n                    <\/div><\/div><\/div>\n        <\/div>\n    <\/article><article class=\"eael-grid-post  eael-post-grid-column eael-pg-post-2479 category-estamos-unidos\" data-id=\"2479\">\n        <div class=\"eael-grid-post-holder\">\n            <div class=\"eael-grid-post-holder-inner\"><div class=\"eael-entry-media\"><div class=\"eael-entry-overlay fade-in\"><i class=\"far fa-hand-pointer\" aria-hidden=\"true\"><\/i><a href=\"https:\/\/soymigrante.com\/revista\/actor-y-migrante-guatemalteco-arturo-castro-lanzara-bola-inicial-en-juego-de-los-dodgers\/\"><\/a><\/div><div class=\"eael-entry-thumbnail \">\n                <img loading=\"lazy\" decoding=\"async\" width=\"1024\" height=\"809\" src=\"https:\/\/soymigrante.com\/revista\/wp-content\/uploads\/2023\/09\/Captura-de-pantalla-2023-09-11-233518-1024x809.webp\" class=\"attachment-large size-large wp-image-2538\" alt=\"Arturo Castro, actor y migrante guatemalteco\" srcset=\"https:\/\/soymigrante.com\/revista\/wp-content\/uploads\/2023\/09\/Captura-de-pantalla-2023-09-11-233518-1024x809.webp 1024w, https:\/\/soymigrante.com\/revista\/wp-content\/uploads\/2023\/09\/Captura-de-pantalla-2023-09-11-233518-300x237.webp 300w, https:\/\/soymigrante.com\/revista\/wp-content\/uploads\/2023\/09\/Captura-de-pantalla-2023-09-11-233518-768x606.webp 768w, https:\/\/soymigrante.com\/revista\/wp-content\/uploads\/2023\/09\/Captura-de-pantalla-2023-09-11-233518-750x592.webp 750w, https:\/\/soymigrante.com\/revista\/wp-content\/uploads\/2023\/09\/Captura-de-pantalla-2023-09-11-233518.webp 1041w\" sizes=\"(max-width: 1024px) 100vw, 1024px\" \/>\n            <\/div>\n        <\/div><div class=\"eael-entry-wrapper\"><header class=\"eael-entry-header\"><h2 class=\"eael-entry-title\"><a class=\"eael-grid-post-link\" href=\"https:\/\/soymigrante.com\/revista\/actor-y-migrante-guatemalteco-arturo-castro-lanzara-bola-inicial-en-juego-de-los-dodgers\/\" title=\"Actor y migrante Arturo Castro lanza bola inicial en juego de Los Dodgers dedicado a Guatemala\">Actor y migrante Arturo Castro lanza bola inicial en juego de Los Dodgers dedicado a Guatemala<\/a><\/h2><\/header><div class=\"eael-entry-content\">\n                        <div class=\"eael-grid-post-excerpt\"><a href=\"https:\/\/soymigrante.com\/revista\/actor-y-migrante-guatemalteco-arturo-castro-lanzara-bola-inicial-en-juego-de-los-dodgers\/\" class=\"eael-post-elements-readmore-btn\">CONOCE SU HISTORIA <\/a><\/div>\n                    <\/div><\/div><\/div>\n        <\/div>\n    <\/article><\/div>\n            <div class=\"clearfix\"><\/div>\n        <\/div>\t\t\t\t<\/div>\n\t\t\t\t\t<\/div>\n\t\t\t\t<\/div>\n\t\t\t\t<\/div>\n\t\t","protected":false},"excerpt":{"rendered":"<p>Un grupo de padres guatemaltecos tendr\u00e1n la oportunidad de abrazar a sus hijos luego de d\u00e9cadas sin verlos. Un grupo de adultos mayores guatemaltecos est\u00e1 a punto de cumplir uno de sus mayores anhelos: reencontrarse con sus hijos en Estados Unidos, a quienes no han visto en d\u00e9cadas. Gracias al apoyo de la Asociaci\u00f3n de [&hellip;]<\/p>\n","protected":false},"author":19,"featured_media":26490,"comment_status":"open","ping_status":"open","sticky":false,"template":"","format":"standard","meta":{"_acf_changed":false,"_eb_attr":"","footnotes":""},"categories":[58],"tags":[],"class_list":["post-26489","post","type-post","status-publish","format-standard","has-post-thumbnail","hentry","category-guate-nuestra"],"acf":[],"aioseo_notices":[],"aioseo_head":"\n\t\t<!-- All in One SEO Pro 4.9.6.2 - aioseo.com -->\n\t<meta name=\"description\" content=\"Equipo de Los Dodgers dedicar\u00e1 el juego del 20 de septiembre como D\u00eda de la Herencia Cultural Guatemalteca en honor a los migrantes de Guatemala en Estados Unidos.\" \/>\n\t<meta name=\"robots\" content=\"max-snippet:-1, max-image-preview:large, max-video-preview:-1\" \/>\n\t<meta name=\"author\" content=\"Gustavo Montenegro\"\/>\n\t<link rel=\"canonical\" href=\"https:\/\/soymigrante.com\/revista\/actor-y-migrante-guatemalteco-arturo-castro-lanzara-bola-inicial-en-juego-de-los-dodgers\/\" \/>\n\t<meta name=\"generator\" content=\"All in One SEO Pro (AIOSEO) 4.9.6.2\" \/>\n\n\t\t<link rel=\"preconnect\" href=\"https:\/\/fonts.googleapis.com\" crossorigin>\n<link rel=\"preconnect\" href=\"https:\/\/fonts.gstatic.com\" crossorigin>\n\t\t<meta property=\"og:locale\" content=\"es_ES\" \/>\n\t\t<meta property=\"og:site_name\" content=\"SoyMigrante.com REVISTA \u2013 Nuestra misi\u00f3n es reconocer y dignificar al migrante.\" \/>\n\t\t<meta property=\"og:type\" content=\"article\" \/>\n\t\t<meta property=\"og:title\" content=\"Actor y migrante Arturo Castro lanza bola inicial en juego de Los Dodgers dedicado a Guatemala\" \/>\n\t\t<meta property=\"og:description\" content=\"Equipo de Los Dodgers dedicar\u00e1 el juego del 20 de septiembre como D\u00eda de la Herencia Cultural Guatemalteca en honor a los migrantes de Guatemala en Estados Unidos.\" \/>\n\t\t<meta property=\"og:url\" content=\"https:\/\/soymigrante.com\/revista\/actor-y-migrante-guatemalteco-arturo-castro-lanzara-bola-inicial-en-juego-de-los-dodgers\/\" \/>\n\t\t<meta property=\"og:image\" content=\"https:\/\/soymigrante.com\/revista\/wp-content\/uploads\/2023\/09\/Captura-de-pantalla-2023-09-11-233518.webp\" \/>\n\t\t<meta property=\"og:image:secure_url\" content=\"https:\/\/soymigrante.com\/revista\/wp-content\/uploads\/2023\/09\/Captura-de-pantalla-2023-09-11-233518.webp\" \/>\n\t\t<meta property=\"og:image:width\" content=\"1041\" \/>\n\t\t<meta property=\"og:image:height\" content=\"822\" \/>\n\t\t<meta property=\"article:published_time\" content=\"2023-09-12T05:37:04+00:00\" \/>\n\t\t<meta property=\"article:modified_time\" content=\"2024-07-30T20:05:49+00:00\" \/>\n\t\t<meta property=\"article:publisher\" content=\"https:\/\/www.facebook.com\/soymigrantecom\" \/>\n\t\t<meta name=\"twitter:card\" content=\"summary_large_image\" \/>\n\t\t<meta name=\"twitter:site\" content=\"@SoyMigrante_com\" \/>\n\t\t<meta name=\"twitter:title\" content=\"Actor y migrante Arturo Castro lanza bola inicial en juego de Los Dodgers dedicado a Guatemala\" \/>\n\t\t<meta name=\"twitter:description\" content=\"Equipo de Los Dodgers dedicar\u00e1 el juego del 20 de septiembre como D\u00eda de la Herencia Cultural Guatemalteca en honor a los migrantes de Guatemala en Estados Unidos.\" \/>\n\t\t<meta name=\"twitter:creator\" content=\"@SoyMigrante_com\" \/>\n\t\t<meta name=\"twitter:image\" content=\"https:\/\/soymigrante.com\/revista\/wp-content\/uploads\/2023\/09\/Captura-de-pantalla-2023-09-11-233518.webp\" \/>\n\t\t<!-- All in One SEO Pro -->\r\n\t\t<title>Actor y migrante Arturo Castro lanza bola inicial en juego de Los Dodgers dedicado a Guatemala<\/title>\n\n","aioseo_head_json":{"title":"Actor y migrante Arturo Castro lanza bola inicial en juego de Los Dodgers dedicado a Guatemala","description":"Equipo de Los Dodgers dedicar\u00e1 el juego del 20 de septiembre como D\u00eda de la Herencia Cultural Guatemalteca en honor a los migrantes de Guatemala en Estados Unidos.","canonical_url":"https:\/\/soymigrante.com\/revista\/actor-y-migrante-guatemalteco-arturo-castro-lanzara-bola-inicial-en-juego-de-los-dodgers\/","robots":"max-snippet:-1, max-image-preview:large, max-video-preview:-1","keywords":"","webmasterTools":{"miscellaneous":"&lt;link rel=\"preconnect\" href=\"https:\/\/fonts.googleapis.com\" crossorigin&gt;\n&lt;link rel=\"preconnect\" href=\"https:\/\/fonts.gstatic.com\" crossorigin&gt;"},"schema":null,"og:locale":"es_ES","og:site_name":"SoyMigrante.com REVISTA \u2013 Nuestra misi\u00f3n es reconocer y dignificar al migrante.","og:type":"article","og:title":"Actor y migrante Arturo Castro lanza bola inicial en juego de Los Dodgers dedicado a Guatemala","og:description":"Equipo de Los Dodgers dedicar\u00e1 el juego del 20 de septiembre como D\u00eda de la Herencia Cultural Guatemalteca en honor a los migrantes de Guatemala en Estados Unidos.","og:url":"https:\/\/soymigrante.com\/revista\/actor-y-migrante-guatemalteco-arturo-castro-lanzara-bola-inicial-en-juego-de-los-dodgers\/","og:image":"https:\/\/soymigrante.com\/revista\/wp-content\/uploads\/2023\/09\/Captura-de-pantalla-2023-09-11-233518.webp","og:image:secure_url":"https:\/\/soymigrante.com\/revista\/wp-content\/uploads\/2023\/09\/Captura-de-pantalla-2023-09-11-233518.webp","og:image:width":1041,"og:image:height":822,"article:published_time":"2023-09-12T05:37:04+00:00","article:modified_time":"2024-07-30T20:05:49+00:00","article:publisher":"https:\/\/www.facebook.com\/soymigrantecom","twitter:card":"summary_large_image","twitter:site":"@SoyMigrante_com","twitter:title":"Actor y migrante Arturo Castro lanza bola inicial en juego de Los Dodgers dedicado a Guatemala","twitter:description":"Equipo de Los Dodgers dedicar\u00e1 el juego del 20 de septiembre como D\u00eda de la Herencia Cultural Guatemalteca en honor a los migrantes de Guatemala en Estados Unidos.","twitter:creator":"@SoyMigrante_com","twitter:image":"https:\/\/soymigrante.com\/revista\/wp-content\/uploads\/2023\/09\/Captura-de-pantalla-2023-09-11-233518.webp"},"aioseo_meta_data":{"post_id":"26489","title":null,"description":"Un grupo de padres guatemaltecos tendr\u00e1 la oportunidad de abrazar a sus hijos, migrantes radicados en ciudades de Estados Unidos, luego de d\u00e9cadas sin verlos.","keywords":null,"keyphrases":{"focus":{"keyphrase":"guatemaltecos","score":91,"analysis":{"keyphraseInTitle":{"score":9,"maxScore":9,"error":0},"keyphraseInDescription":{"score":9,"maxScore":9,"error":0},"keyphraseLength":{"score":9,"maxScore":9,"error":0,"length":1},"keyphraseInURL":{"score":5,"maxScore":5,"error":0},"keyphraseInIntroduction":{"score":9,"maxScore":9,"error":0},"keyphraseInSubHeadings":{"score":3,"maxScore":9,"error":1},"keyphraseInImageAlt":{"score":9,"maxScore":9,"error":0},"keywordDensity":{"type":"best","score":9,"maxScore":9,"error":0}}},"additional":[{"keyphrase":"guatemaltecos","score":100,"analysis":{"keyphraseInDescription":{"score":9,"maxScore":9,"error":0},"keyphraseLength":{"score":9,"maxScore":9,"error":0,"length":1},"keyphraseInIntroduction":{"score":9,"maxScore":9,"error":0},"keyphraseInImageAlt":{"score":9,"maxScore":9,"error":0},"keywordDensity":{"type":"best","score":9,"maxScore":9,"error":0}}}]},"primary_term":null,"canonical_url":null,"og_title":null,"og_description":null,"og_object_type":"default","og_image_type":"default","og_image_url":null,"og_image_width":null,"og_image_height":null,"og_image_custom_url":null,"og_image_custom_fields":null,"og_video":"","og_custom_url":null,"og_article_section":null,"og_article_tags":null,"twitter_use_og":false,"twitter_card":"default","twitter_image_type":"default","twitter_image_url":null,"twitter_image_custom_url":null,"twitter_image_custom_fields":null,"twitter_title":null,"twitter_description":null,"schema":{"blockGraphs":[],"customGraphs":[],"default":{"data":{"Article":[],"Course":[],"Dataset":[],"FAQPage":[],"Movie":[],"Person":[],"Product":[],"ProductReview":[],"Car":[],"Recipe":[],"Service":[],"SoftwareApplication":[],"WebPage":[]},"graphName":"BlogPosting","isEnabled":true},"graphs":[]},"schema_type":"default","schema_type_options":null,"pillar_content":false,"robots_default":true,"robots_noindex":false,"robots_noarchive":false,"robots_nosnippet":false,"robots_nofollow":false,"robots_noimageindex":false,"robots_noodp":false,"robots_notranslate":false,"robots_max_snippet":"-1","robots_max_videopreview":"-1","robots_max_imagepreview":"large","priority":null,"frequency":"default","local_seo":null,"seo_analyzer_scan_date":"2025-10-09 02:58:26","breadcrumb_settings":null,"limit_modified_date":false,"reviewed_by":null,"open_ai":"{\"title\":{\"suggestions\":[],\"usage\":0},\"description\":{\"suggestions\":[],\"usage\":0}}","ai":null,"created":"2025-02-26 23:11:46","updated":"2026-02-04 21:50:37"},"aioseo_breadcrumb":"<div class=\"aioseo-breadcrumbs\"><span class=\"aioseo-breadcrumb\">\n\t<a href=\"https:\/\/soymigrante.com\/revista\" title=\"Home\">Home<\/a>\n<\/span><span class=\"aioseo-breadcrumb-separator\">\u00bb<\/span><span class=\"aioseo-breadcrumb\">\n\t<a href=\"https:\/\/soymigrante.com\/revista\/category\/guate-nuestra\/\" title=\"Guate Nuestra\">Guate Nuestra<\/a>\n<\/span><span class=\"aioseo-breadcrumb-separator\">\u00bb<\/span><span class=\"aioseo-breadcrumb\">\n\tAdultos mayores guatemaltecos podr\u00e1n viajar para reencontrarse con sus hijos\n<\/span><\/div>","aioseo_breadcrumb_json":[{"label":"Home","link":"https:\/\/soymigrante.com\/revista"},{"label":"Guate Nuestra","link":"https:\/\/soymigrante.com\/revista\/category\/guate-nuestra\/"},{"label":"Adultos mayores guatemaltecos podr\u00e1n viajar para reencontrarse con sus hijos","link":"https:\/\/soymigrante.com\/revista\/adultos-mayores-guatemaltecos-podran-viajar-para-reencontrarse-con-sus-hijos\/"}],"_links":{"self":[{"href":"https:\/\/soymigrante.com\/revista\/wp-json\/wp\/v2\/posts\/26489","targetHints":{"allow":["GET"]}}],"collection":[{"href":"https:\/\/soymigrante.com\/revista\/wp-json\/wp\/v2\/posts"}],"about":[{"href":"https:\/\/soymigrante.com\/revista\/wp-json\/wp\/v2\/types\/post"}],"author":[{"embeddable":true,"href":"https:\/\/soymigrante.com\/revista\/wp-json\/wp\/v2\/users\/19"}],"replies":[{"embeddable":true,"href":"https:\/\/soymigrante.com\/revista\/wp-json\/wp\/v2\/comments?post=26489"}],"version-history":[{"count":0,"href":"https:\/\/soymigrante.com\/revista\/wp-json\/wp\/v2\/posts\/26489\/revisions"}],"wp:featuredmedia":[{"embeddable":true,"href":"https:\/\/soymigrante.com\/revista\/wp-json\/wp\/v2\/media\/26490"}],"wp:attachment":[{"href":"https:\/\/soymigrante.com\/revista\/wp-json\/wp\/v2\/media?parent=26489"}],"wp:term":[{"taxonomy":"category","embeddable":true,"href":"https:\/\/soymigrante.com\/revista\/wp-json\/wp\/v2\/categories?post=26489"},{"taxonomy":"post_tag","embeddable":true,"href":"https:\/\/soymigrante.com\/revista\/wp-json\/wp\/v2\/tags?post=26489"}],"curies":[{"name":"wp","href":"https:\/\/api.w.org\/{rel}","templated":true}]}}