{"id":26480,"date":"2025-04-21T10:11:19","date_gmt":"2025-04-21T16:11:19","guid":{"rendered":"https:\/\/soymigrante.com\/revista\/?p=26480"},"modified":"2025-04-21T10:17:09","modified_gmt":"2025-04-21T16:17:09","slug":"migrantes-han-estado-continuamente-en-los-mensajes-y-oraciones-del-papa-francisco","status":"publish","type":"post","link":"https:\/\/soymigrante.com\/revista\/migrantes-han-estado-continuamente-en-los-mensajes-y-oraciones-del-papa-francisco\/","title":{"rendered":"Migrantes siempre estuvieron presentes en  mensajes y oraciones del Papa Francisco (1936-2025)"},"content":{"rendered":"\t\t<div data-elementor-type=\"wp-post\" data-elementor-id=\"26480\" class=\"elementor elementor-26480\" data-elementor-post-type=\"post\">\n\t\t\t\t<div data-particle_enable=\"false\" data-particle-mobile-disabled=\"false\" class=\"elementor-element elementor-element-c49e88e e-flex e-con-boxed e-con e-parent\" data-id=\"c49e88e\" data-element_type=\"container\" data-e-type=\"container\">\n\t\t\t\t\t<div class=\"e-con-inner\">\n\t\t\t\t<div class=\"elementor-element elementor-element-4e487a8 elementor-widget elementor-widget-heading\" data-id=\"4e487a8\" data-element_type=\"widget\" data-e-type=\"widget\" data-widget_type=\"heading.default\">\n\t\t\t\t\t<h2 class=\"elementor-heading-title elementor-size-default\">El papa Francisco, fallecido este 21 de abril de 2025, siempre expres\u00f3 su solidaridad con los migrantes a lo largo de su pontificado. En viajes, mensajes y homil\u00edas ha mostrado su apoyo y amor a quienes buscan oportunidades y una mejor vida para sus familias.<\/h2>\t\t\t\t<\/div>\n\t\t\t\t\t<\/div>\n\t\t\t\t<\/div>\n\t\t<div data-particle_enable=\"false\" data-particle-mobile-disabled=\"false\" class=\"elementor-element elementor-element-e01430d e-flex e-con-boxed e-con e-parent\" data-id=\"e01430d\" data-element_type=\"container\" data-e-type=\"container\">\n\t\t\t\t\t<div class=\"e-con-inner\">\n\t\t\t\t<div class=\"elementor-element elementor-element-40cea5d elementor-widget elementor-widget-text-editor\" data-id=\"40cea5d\" data-element_type=\"widget\" data-e-type=\"widget\" data-widget_type=\"text-editor.default\">\n\t\t\t\t\t\t\t\t\t<p>El papa Francisco sostuv9o siempre una postura constante y comprometida en defensa de los <a href=\"https:\/\/soymigrante.com\/revista\/la-oracion-del-papa-francisco-por-los-migrantes\/\" target=\"_blank\" rel=\"noopener\">migrantes y refugiados, enfatizando la necesidad de acogerlos con compasi\u00f3n y solidaridad.<\/a><\/p><p>En su mensaje para la 110\u00aa Jornada Mundial del Migrante y del Refugiado, celebrada el 29 de septiembre de 2024 bajo el lema \u201cDios camina con su pueblo\u201d, el Pont\u00edfice record\u00f3 que todos somos peregrinos en esta tierra, avanzando hacia nuestra \u201cverdadera Patria\u201d, el Reino de los Cielos.<\/p><p><a href=\"https:\/\/soymigrante.com\/revista\/la-oracion-del-papa-francisco-por-los-migrantes\/\" target=\"_blank\" rel=\"noopener\">Destac\u00f3 que los migrantes representan en la actualidad un \u00edcono del pueblo en camino y de la Iglesia<\/a> en movimiento, y que en ellos, as\u00ed como en todos nuestros hermanos y hermanas vulnerables, podemos encontrar al Se\u00f1or que nos acompa\u00f1a.<\/p>\t\t\t\t\t\t\t\t<\/div>\n\t\t\t\t\t<\/div>\n\t\t\t\t<\/div>\n\t\t<div data-particle_enable=\"false\" data-particle-mobile-disabled=\"false\" class=\"elementor-element elementor-element-32fb7b5 e-flex e-con-boxed e-con e-parent\" data-id=\"32fb7b5\" data-element_type=\"container\" data-e-type=\"container\">\n\t\t\t\t\t<div class=\"e-con-inner\">\n\t\t\t\t<div class=\"elementor-element elementor-element-eeadd62 elementor-invisible elementor-widget elementor-widget-facebook-embed\" data-id=\"eeadd62\" data-element_type=\"widget\" data-e-type=\"widget\" data-settings=\"{&quot;_animation&quot;:&quot;zoomInDown&quot;}\" data-widget_type=\"facebook-embed.default\">\n\t\t\t\t\t<div style=\"min-height: 1px\" class=\"elementor-facebook-widget fb-post\" data-href=\"https:\/\/www.facebook.com\/photo\/?fbid=942963851296422&#038;set=a.305353921724088\" data-show-text=\"false\"><\/div>\t\t\t\t<\/div>\n\t\t\t\t\t<\/div>\n\t\t\t\t<\/div>\n\t\t<div data-particle_enable=\"false\" data-particle-mobile-disabled=\"false\" class=\"elementor-element elementor-element-5306f3e e-flex e-con-boxed e-con e-parent\" data-id=\"5306f3e\" data-element_type=\"container\" data-e-type=\"container\">\n\t\t\t\t\t<div class=\"e-con-inner\">\n\t\t\t\t<div class=\"elementor-element elementor-element-82257d2 elementor-widget elementor-widget-heading\" data-id=\"82257d2\" data-element_type=\"widget\" data-e-type=\"widget\" data-widget_type=\"heading.default\">\n\t\t\t\t\t<h3 class=\"elementor-heading-title elementor-size-default\">Un mensaje de respeto a los migrantes <\/h3>\t\t\t\t<\/div>\n\t\t\t\t\t<\/div>\n\t\t\t\t<\/div>\n\t\t<div data-particle_enable=\"false\" data-particle-mobile-disabled=\"false\" class=\"elementor-element elementor-element-a76bc0e e-flex e-con-boxed e-con e-parent\" data-id=\"a76bc0e\" data-element_type=\"container\" data-e-type=\"container\">\n\t\t\t\t\t<div class=\"e-con-inner\">\n\t\t\t\t<div class=\"elementor-element elementor-element-8b9f835 elementor-widget elementor-widget-text-editor\" data-id=\"8b9f835\" data-element_type=\"widget\" data-e-type=\"widget\" data-widget_type=\"text-editor.default\">\n\t\t\t\t\t\t\t\t\t<p>En febrero de 2025, <a href=\"https:\/\/soymigrante.com\/revista\/la-oracion-del-papa-francisco-por-los-migrantes\/\" target=\"_blank\" rel=\"noopener\">Francisco critic\u00f3 en\u00e9rgicamente las pol\u00edticas migratorias del presidente de Estados Unidos, Donald Trump,<\/a> especialmente las deportaciones masivas. En una carta dirigida a los obispos estadounidenses, el Papa denunci\u00f3 que estas medidas asociaban injustamente la inmigraci\u00f3n ilegal con la criminalidad. Abog\u00f3 por los ni\u00f1os que llegan solos a la frontera y pidi\u00f3 solidaridad con los migrantes que solo buscan un trabajo para superarse.<\/p>\n<p>La respuesta de la Casa Blanca no se hizo esperar; Tom Homan, representante gubernamental, se\u00f1al\u00f3 que el Vaticano tambi\u00e9n cuenta con un muro, instando al Papa a enfocarse en sus propios asuntos.<\/p>\n<p>Adem\u00e1s, en su enc\u00edclica <strong>\u201cFratelli tutti<\/strong>\u201d, <a href=\"https:\/\/soymigrante.com\/revista\/la-oracion-del-papa-francisco-por-los-migrantes\/\" target=\"_blank\" rel=\"noopener\">Francisco aborda el tema de la migraci\u00f3n,<\/a> subrayando que las fronteras de los Estados no deben impedir que se reconozcan los derechos fundamentales de los migrantes.<\/p>\t\t\t\t\t\t\t\t<\/div>\n\t\t\t\t\t<\/div>\n\t\t\t\t<\/div>\n\t\t<div data-particle_enable=\"false\" data-particle-mobile-disabled=\"false\" class=\"elementor-element elementor-element-bbcac3d e-flex e-con-boxed e-con e-parent\" data-id=\"bbcac3d\" data-element_type=\"container\" data-e-type=\"container\">\n\t\t\t\t\t<div class=\"e-con-inner\">\n\t\t\t\t<div class=\"elementor-element elementor-element-9eab1f8 elementor-invisible elementor-widget elementor-widget-facebook-embed\" data-id=\"9eab1f8\" data-element_type=\"widget\" data-e-type=\"widget\" data-settings=\"{&quot;_animation&quot;:&quot;zoomInDown&quot;}\" data-widget_type=\"facebook-embed.default\">\n\t\t\t\t\t<div style=\"min-height: 1px\" class=\"elementor-facebook-widget fb-post\" data-href=\"https:\/\/www.facebook.com\/photo\/?fbid=1167912691365492&#038;set=a.719246306232135\" data-show-text=\"false\"><\/div>\t\t\t\t<\/div>\n\t\t\t\t\t<\/div>\n\t\t\t\t<\/div>\n\t\t<div data-particle_enable=\"false\" data-particle-mobile-disabled=\"false\" class=\"elementor-element elementor-element-90c7557 e-flex e-con-boxed e-con e-parent\" data-id=\"90c7557\" data-element_type=\"container\" data-e-type=\"container\">\n\t\t\t\t\t<div class=\"e-con-inner\">\n\t\t\t\t<div class=\"elementor-element elementor-element-6fe7f6e elementor-widget elementor-widget-heading\" data-id=\"6fe7f6e\" data-element_type=\"widget\" data-e-type=\"widget\" data-widget_type=\"heading.default\">\n\t\t\t\t\t<h3 class=\"elementor-heading-title elementor-size-default\">Un llamado a las causas justas <\/h3>\t\t\t\t<\/div>\n\t\t\t\t\t<\/div>\n\t\t\t\t<\/div>\n\t\t<div data-particle_enable=\"false\" data-particle-mobile-disabled=\"false\" class=\"elementor-element elementor-element-27ba09b e-flex e-con-boxed e-con e-parent\" data-id=\"27ba09b\" data-element_type=\"container\" data-e-type=\"container\">\n\t\t\t\t\t<div class=\"e-con-inner\">\n\t\t\t\t<div class=\"elementor-element elementor-element-f25d7d7 elementor-widget elementor-widget-text-editor\" data-id=\"f25d7d7\" data-element_type=\"widget\" data-e-type=\"widget\" data-widget_type=\"text-editor.default\">\n\t\t\t\t\t\t\t\t\t<p>El Papa enfatiza que todos, independientemente de nuestro lugar de nacimiento, formamos parte de una \u00fanica familia humana y que es esencial promover la \u201cplena ciudadan\u00eda\u201d y rechazar el uso discriminatorio del t\u00e9rmino \u201cminor\u00edas\u201d.<\/p><p><a href=\"https:\/\/soymigrante.com\/revista\/la-oracion-del-papa-francisco-por-los-migrantes\/\" target=\"_blank\" rel=\"noopener\">La defensa de los migrantes por parte del Papa<\/a> tambi\u00e9n se ha reflejado en su respuesta a tragedias humanitarias.<\/p>\t\t\t\t\t\t\t\t<\/div>\n\t\t\t\t\t<\/div>\n\t\t\t\t<\/div>\n\t\t<div data-particle_enable=\"false\" data-particle-mobile-disabled=\"false\" class=\"elementor-element elementor-element-227d90b e-flex e-con-boxed e-con e-parent\" data-id=\"227d90b\" data-element_type=\"container\" data-e-type=\"container\">\n\t\t\t\t\t<div class=\"e-con-inner\">\n\t\t\t\t<div class=\"elementor-element elementor-element-a70701b elementor-invisible elementor-widget elementor-widget-facebook-embed\" data-id=\"a70701b\" data-element_type=\"widget\" data-e-type=\"widget\" data-settings=\"{&quot;_animation&quot;:&quot;zoomInDown&quot;}\" data-widget_type=\"facebook-embed.default\">\n\t\t\t\t\t<div style=\"min-height: 1px\" class=\"elementor-facebook-widget fb-post\" data-href=\"https:\/\/www.facebook.com\/photo\/?fbid=1140798814076880&#038;set=a.719246306232135\" data-show-text=\"false\"><\/div>\t\t\t\t<\/div>\n\t\t\t\t\t<\/div>\n\t\t\t\t<\/div>\n\t\t<div data-particle_enable=\"false\" data-particle-mobile-disabled=\"false\" class=\"elementor-element elementor-element-925f008 e-flex e-con-boxed e-con e-parent\" data-id=\"925f008\" data-element_type=\"container\" data-e-type=\"container\">\n\t\t\t\t\t<div class=\"e-con-inner\">\n\t\t\t\t<div class=\"elementor-element elementor-element-189422f elementor-widget elementor-widget-text-editor\" data-id=\"189422f\" data-element_type=\"widget\" data-e-type=\"widget\" data-widget_type=\"text-editor.default\">\n\t\t\t\t\t\t\t\t\t<p>Tras un naufragio en El Hierro en septiembre de 2024, que result\u00f3 en la muerte de nueve personas y la desaparici\u00f3n de 54, Francisco describi\u00f3 la situaci\u00f3n como \u201cpara llorar\u201d, destacando el dolor por la p\u00e9rdida de vidas de aquellos que buscan libertad y mejores condiciones de vida.<\/p><p><a href=\"https:\/\/soymigrante.com\/revista\/la-oracion-del-papa-francisco-por-los-migrantes\/\" target=\"_blank\" rel=\"noopener\">La postura del Papa ha generado tensiones dentro de la Iglesia Cat\u00f3lica<\/a>, especialmente con sectores conservadores que promueven pol\u00edticas antiinmigraci\u00f3n.<\/p>\t\t\t\t\t\t\t\t<\/div>\n\t\t\t\t\t<\/div>\n\t\t\t\t<\/div>\n\t\t<div data-particle_enable=\"false\" data-particle-mobile-disabled=\"false\" class=\"elementor-element elementor-element-4728159 e-flex e-con-boxed e-con e-parent\" data-id=\"4728159\" data-element_type=\"container\" data-e-type=\"container\">\n\t\t\t\t\t<div class=\"e-con-inner\">\n\t\t\t\t<div class=\"elementor-element elementor-element-25ebeef elementor-widget elementor-widget-text-editor\" data-id=\"25ebeef\" data-element_type=\"widget\" data-e-type=\"widget\" data-widget_type=\"text-editor.default\">\n\t\t\t\t\t\t\t\t\t<p>En resumen, el papa Francisco fue siempre una voz firme en defensa de los migrantes, abogando por su acogida, protecci\u00f3n e integraci\u00f3n, y condenando las pol\u00edticas y discursos que promueven la exclusi\u00f3n y la discriminaci\u00f3n.<\/p><p>Este 21 de abril de 2025, el pont\u00edfice falleci\u00f3 pero no sin dejar una huella de generosidad, fortaleza y bondad.<\/p>\t\t\t\t\t\t\t\t<\/div>\n\t\t\t\t\t<\/div>\n\t\t\t\t<\/div>\n\t\t<div data-particle_enable=\"false\" data-particle-mobile-disabled=\"false\" class=\"elementor-element elementor-element-a11b20e e-flex e-con-boxed e-con e-parent\" data-id=\"a11b20e\" data-element_type=\"container\" data-e-type=\"container\">\n\t\t\t\t\t<div class=\"e-con-inner\">\n\t\t\t\t<div class=\"elementor-element elementor-element-a3e319b elementor-widget elementor-widget-html\" data-id=\"a3e319b\" data-element_type=\"widget\" data-e-type=\"widget\" data-widget_type=\"html.default\">\n\t\t\t\t\t<iframe width=\"560\" height=\"315\" src=\"https:\/\/www.youtube.com\/embed\/aPZ6fPSfPIM?si=DNCvkHV-gTCRr-6G\" title=\"YouTube video player\" frameborder=\"0\" allow=\"accelerometer; autoplay; clipboard-write; encrypted-media; gyroscope; picture-in-picture; web-share\" referrerpolicy=\"strict-origin-when-cross-origin\" allowfullscreen><\/iframe>\t\t\t\t<\/div>\n\t\t\t\t\t<\/div>\n\t\t\t\t<\/div>\n\t\t<div data-particle_enable=\"false\" data-particle-mobile-disabled=\"false\" class=\"elementor-element elementor-element-d0c834a e-flex e-con-boxed e-con e-parent\" data-id=\"d0c834a\" data-element_type=\"container\" data-e-type=\"container\">\n\t\t\t\t\t<div class=\"e-con-inner\">\n\t\t\t\t<div class=\"elementor-element elementor-element-9da319d elementor-widget elementor-widget-heading\" data-id=\"9da319d\" data-element_type=\"widget\" data-e-type=\"widget\" data-widget_type=\"heading.default\">\n\t\t\t\t\t<h2 class=\"elementor-heading-title elementor-size-default\">Conoce otros temas que te pueden interesar...<\/h2>\t\t\t\t<\/div>\n\t\t\t\t\t<\/div>\n\t\t\t\t<\/div>\n\t\t<div data-particle_enable=\"false\" data-particle-mobile-disabled=\"false\" class=\"elementor-element elementor-element-982d23a e-flex e-con-boxed e-con e-parent\" data-id=\"982d23a\" data-element_type=\"container\" data-e-type=\"container\">\n\t\t\t\t\t<div class=\"e-con-inner\">\n\t\t\t\t<div class=\"elementor-element elementor-element-37be846 elementor-grid-eael-col-3 elementor-grid-tablet-eael-col-2 elementor-grid-mobile-eael-col-1 elementor-widget elementor-widget-eael-post-grid\" data-id=\"37be846\" data-element_type=\"widget\" data-e-type=\"widget\" data-settings=\"{&quot;eael_post_grid_columns&quot;:&quot;eael-col-3&quot;,&quot;eael_post_grid_columns_tablet&quot;:&quot;eael-col-2&quot;,&quot;eael_post_grid_columns_mobile&quot;:&quot;eael-col-1&quot;}\" data-widget_type=\"eael-post-grid.default\">\n\t\t\t\t\t<div id=\"eael-post-grid-37be846\" class=\"eael-post-grid-container\">\n            <div class=\"eael-post-grid eael-post-appender eael-post-appender-37be846 eael-post-grid-style-one\" data-layout-mode=\"masonry\"><article class=\"eael-grid-post  eael-post-grid-column eael-pg-post-9854 category-lugar-de-voces\" data-id=\"9854\">\n        <div class=\"eael-grid-post-holder\">\n            <div class=\"eael-grid-post-holder-inner\"><div class=\"eael-entry-media\"><div class=\"eael-entry-overlay fade-in\"><i class=\"far fa-hand-pointer\" aria-hidden=\"true\"><\/i><a href=\"https:\/\/soymigrante.com\/revista\/la-oracion-del-papa-francisco-por-los-migrantes\/\"><\/a><\/div><div class=\"eael-entry-thumbnail \">\n                <img fetchpriority=\"high\" decoding=\"async\" width=\"740\" height=\"747\" src=\"https:\/\/soymigrante.com\/revista\/wp-content\/uploads\/2024\/09\/exodo-johannes-sadeler.webp\" class=\"attachment-large size-large wp-image-9865\" alt=\"Migrantes en b\u00fasqueda de mejores oportunidades en Am\u00e9rica, reflejados en una obra art\u00edstica hist\u00f3rica.\" srcset=\"https:\/\/soymigrante.com\/revista\/wp-content\/uploads\/2024\/09\/exodo-johannes-sadeler.webp 740w, https:\/\/soymigrante.com\/revista\/wp-content\/uploads\/2024\/09\/exodo-johannes-sadeler-297x300.webp 297w, https:\/\/soymigrante.com\/revista\/wp-content\/uploads\/2024\/09\/exodo-johannes-sadeler-150x150.webp 150w, https:\/\/soymigrante.com\/revista\/wp-content\/uploads\/2024\/09\/exodo-johannes-sadeler-75x75.webp 75w\" sizes=\"(max-width: 740px) 100vw, 740px\" \/>\n            <\/div>\n        <\/div><div class=\"eael-entry-wrapper\"><header class=\"eael-entry-header\"><h2 class=\"eael-entry-title\"><a class=\"eael-grid-post-link\" href=\"https:\/\/soymigrante.com\/revista\/la-oracion-del-papa-francisco-por-los-migrantes\/\" title=\"La oraci\u00f3n que dej\u00f3 el Papa Francisco para los migrantes\">La oraci\u00f3n que dej\u00f3 el Papa Francisco para los migrantes<\/a><\/h2><\/header><div class=\"eael-entry-content\">\n                        <div class=\"eael-grid-post-excerpt\"><a href=\"https:\/\/soymigrante.com\/revista\/la-oracion-del-papa-francisco-por-los-migrantes\/\" class=\"eael-post-elements-readmore-btn\">CONOCE SU HISTORIA <\/a><\/div>\n                    <\/div><\/div><\/div>\n        <\/div>\n    <\/article><article class=\"eael-grid-post  eael-post-grid-column eael-pg-post-5213 category-bienestar\" data-id=\"5213\">\n        <div class=\"eael-grid-post-holder\">\n            <div class=\"eael-grid-post-holder-inner\"><div class=\"eael-entry-media\"><div class=\"eael-entry-overlay fade-in\"><i class=\"far fa-hand-pointer\" aria-hidden=\"true\"><\/i><a href=\"https:\/\/soymigrante.com\/revista\/oracion-del-migrante-en-ruta-estados-unidos\/\"><\/a><\/div><div class=\"eael-entry-thumbnail \">\n                <img decoding=\"async\" width=\"650\" height=\"613\" src=\"https:\/\/soymigrante.com\/revista\/wp-content\/uploads\/2024\/03\/oracion-a-santo-toribio-romo-por-los-migrantes.webp\" class=\"attachment-large size-large wp-image-16183\" alt=\"Oraci\u00f3n a Santo Toribio Romo y otras plegarias para orar por los migrantes\" srcset=\"https:\/\/soymigrante.com\/revista\/wp-content\/uploads\/2024\/03\/oracion-a-santo-toribio-romo-por-los-migrantes.webp 650w, https:\/\/soymigrante.com\/revista\/wp-content\/uploads\/2024\/03\/oracion-a-santo-toribio-romo-por-los-migrantes-300x283.jpg 300w\" sizes=\"(max-width: 650px) 100vw, 650px\" \/>\n            <\/div>\n        <\/div><div class=\"eael-entry-wrapper\"><header class=\"eael-entry-header\"><h2 class=\"eael-entry-title\"><a class=\"eael-grid-post-link\" href=\"https:\/\/soymigrante.com\/revista\/oracion-del-migrante-en-ruta-estados-unidos\/\" title=\"Oraci\u00f3n a Santo Toribio Romo y otras plegarias para orar por los migrantes\">Oraci\u00f3n a Santo Toribio Romo y otras plegarias para orar por los migrantes<\/a><\/h2><\/header><div class=\"eael-entry-content\">\n                        <div class=\"eael-grid-post-excerpt\"><a href=\"https:\/\/soymigrante.com\/revista\/oracion-del-migrante-en-ruta-estados-unidos\/\" class=\"eael-post-elements-readmore-btn\">CONOCE SU HISTORIA <\/a><\/div>\n                    <\/div><\/div><\/div>\n        <\/div>\n    <\/article><article class=\"eael-grid-post  eael-post-grid-column eael-pg-post-1308 category-estamos-unidos\" data-id=\"1308\">\n        <div class=\"eael-grid-post-holder\">\n            <div class=\"eael-grid-post-holder-inner\"><div class=\"eael-entry-media\"><div class=\"eael-entry-overlay fade-in\"><i class=\"far fa-hand-pointer\" aria-hidden=\"true\"><\/i><a href=\"https:\/\/soymigrante.com\/revista\/voto-de-migrantes-guatemaltecos-impulsa-organizacion\/\"><\/a><\/div><div class=\"eael-entry-thumbnail \">\n                <img decoding=\"async\" width=\"940\" height=\"627\" src=\"https:\/\/soymigrante.com\/revista\/wp-content\/uploads\/2023\/06\/voto-en-el-extranjero.webp\" class=\"attachment-large size-large wp-image-1330\" alt=\"voto en el extranjero\" srcset=\"https:\/\/soymigrante.com\/revista\/wp-content\/uploads\/2023\/06\/voto-en-el-extranjero.webp 940w, https:\/\/soymigrante.com\/revista\/wp-content\/uploads\/2023\/06\/voto-en-el-extranjero-300x200.webp 300w, https:\/\/soymigrante.com\/revista\/wp-content\/uploads\/2023\/06\/voto-en-el-extranjero-768x512.webp 768w, https:\/\/soymigrante.com\/revista\/wp-content\/uploads\/2023\/06\/voto-en-el-extranjero-750x500.webp 750w, https:\/\/soymigrante.com\/revista\/wp-content\/uploads\/2023\/06\/voto-en-el-extranjero-600x400.webp 600w\" sizes=\"(max-width: 940px) 100vw, 940px\" \/>\n            <\/div>\n        <\/div><div class=\"eael-entry-wrapper\"><header class=\"eael-entry-header\"><h2 class=\"eael-entry-title\"><a class=\"eael-grid-post-link\" href=\"https:\/\/soymigrante.com\/revista\/voto-de-migrantes-guatemaltecos-impulsa-organizacion\/\" title=\"\u00bfCu\u00e1ntos migrantes guatemaltecos empadronados hay en ciudades de Estados Unidos?\">\u00bfCu\u00e1ntos migrantes guatemaltecos empadronados hay en ciudades de Estados Unidos?<\/a><\/h2><\/header><div class=\"eael-entry-content\">\n                        <div class=\"eael-grid-post-excerpt\"><a href=\"https:\/\/soymigrante.com\/revista\/voto-de-migrantes-guatemaltecos-impulsa-organizacion\/\" class=\"eael-post-elements-readmore-btn\">CONOCE SU HISTORIA <\/a><\/div>\n                    <\/div><\/div><\/div>\n        <\/div>\n    <\/article><\/div>\n            <div class=\"clearfix\"><\/div>\n        <\/div>\t\t\t\t<\/div>\n\t\t\t\t\t<\/div>\n\t\t\t\t<\/div>\n\t\t\t\t<\/div>\n\t\t","protected":false},"excerpt":{"rendered":"<p>El papa Francisco, fallecido este 21 de abril de 2025, siempre expres\u00f3 su solidaridad con los migrantes a lo largo de su pontificado. En viajes, mensajes y homil\u00edas ha mostrado su apoyo y amor a quienes buscan oportunidades y una mejor vida para sus familias. El papa Francisco sostuv9o siempre una postura constante y comprometida [&hellip;]<\/p>\n","protected":false},"author":19,"featured_media":31561,"comment_status":"open","ping_status":"open","sticky":false,"template":"","format":"standard","meta":{"_acf_changed":false,"_eb_attr":"","footnotes":""},"categories":[55],"tags":[],"class_list":["post-26480","post","type-post","status-publish","format-standard","has-post-thumbnail","hentry","category-bienestar"],"acf":[],"aioseo_notices":[],"aioseo_head":"\n\t\t<!-- All in One SEO Pro 4.9.6.2 - aioseo.com -->\n\t<meta name=\"description\" content=\"\u00bfEn d\u00f3nde est\u00e1n los migrantes guatemaltecos empadronados para votar el 25 de junio? Una mayor participaci\u00f3n respecto de las elecciones de 2019 se espera en las elecciones generales del 25 de junio de 2023, que ser\u00e1 la segunda ocasi\u00f3n en que guatemaltecos empadronados en Estados Unidos puedan emitir el sufragio. Esta vez hay 98,708 guatemaltecos\" \/>\n\t<meta name=\"robots\" content=\"max-snippet:-1, max-image-preview:large, max-video-preview:-1\" \/>\n\t<meta name=\"author\" content=\"Diana Batz\"\/>\n\t<link rel=\"canonical\" href=\"https:\/\/soymigrante.com\/revista\/voto-de-migrantes-guatemaltecos-impulsa-organizacion\/\" \/>\n\t<meta name=\"generator\" content=\"All in One SEO Pro (AIOSEO) 4.9.6.2\" \/>\n\n\t\t<link rel=\"preconnect\" href=\"https:\/\/fonts.googleapis.com\" crossorigin>\n<link rel=\"preconnect\" href=\"https:\/\/fonts.gstatic.com\" crossorigin>\n\t\t<meta property=\"og:locale\" content=\"es_ES\" \/>\n\t\t<meta property=\"og:site_name\" content=\"SoyMigrante.com REVISTA \u2013 Nuestra misi\u00f3n es reconocer y dignificar al migrante.\" \/>\n\t\t<meta property=\"og:type\" content=\"article\" \/>\n\t\t<meta property=\"og:title\" content=\"\u00bfCu\u00e1ntos migrantes guatemaltecos empadronados hay en ciudades de Estados Unidos?\" \/>\n\t\t<meta property=\"og:description\" content=\"\u00bfEn d\u00f3nde est\u00e1n los migrantes guatemaltecos empadronados para votar el 25 de junio? Una mayor participaci\u00f3n respecto de las elecciones de 2019 se espera en las elecciones generales del 25 de junio de 2023, que ser\u00e1 la segunda ocasi\u00f3n en que guatemaltecos empadronados en Estados Unidos puedan emitir el sufragio. Esta vez hay 98,708 guatemaltecos\" \/>\n\t\t<meta property=\"og:url\" content=\"https:\/\/soymigrante.com\/revista\/voto-de-migrantes-guatemaltecos-impulsa-organizacion\/\" \/>\n\t\t<meta property=\"og:image\" content=\"https:\/\/soymigrante.com\/revista\/wp-content\/uploads\/2023\/06\/voto-en-el-extranjero.webp\" \/>\n\t\t<meta property=\"og:image:secure_url\" content=\"https:\/\/soymigrante.com\/revista\/wp-content\/uploads\/2023\/06\/voto-en-el-extranjero.webp\" \/>\n\t\t<meta property=\"og:image:width\" content=\"940\" \/>\n\t\t<meta property=\"og:image:height\" content=\"627\" \/>\n\t\t<meta property=\"article:published_time\" content=\"2023-06-12T00:14:35+00:00\" \/>\n\t\t<meta property=\"article:modified_time\" content=\"2024-06-25T22:11:32+00:00\" \/>\n\t\t<meta property=\"article:publisher\" content=\"https:\/\/www.facebook.com\/soymigrantecom\" \/>\n\t\t<meta name=\"twitter:card\" content=\"summary_large_image\" \/>\n\t\t<meta name=\"twitter:site\" content=\"@SoyMigrante_com\" \/>\n\t\t<meta name=\"twitter:title\" content=\"\u00bfCu\u00e1ntos migrantes guatemaltecos empadronados hay en ciudades de Estados Unidos?\" \/>\n\t\t<meta name=\"twitter:description\" content=\"\u00bfEn d\u00f3nde est\u00e1n los migrantes guatemaltecos empadronados para votar el 25 de junio? Una mayor participaci\u00f3n respecto de las elecciones de 2019 se espera en las elecciones generales del 25 de junio de 2023, que ser\u00e1 la segunda ocasi\u00f3n en que guatemaltecos empadronados en Estados Unidos puedan emitir el sufragio. Esta vez hay 98,708 guatemaltecos\" \/>\n\t\t<meta name=\"twitter:creator\" content=\"@SoyMigrante_com\" \/>\n\t\t<meta name=\"twitter:image\" content=\"https:\/\/soymigrante.com\/revista\/wp-content\/uploads\/2023\/06\/voto-en-el-extranjero.webp\" \/>\n\t\t<!-- All in One SEO Pro -->\r\n\t\t<title>\u00bfCu\u00e1ntos migrantes guatemaltecos empadronados hay en ciudades de Estados Unidos?<\/title>\n\n","aioseo_head_json":{"title":"\u00bfCu\u00e1ntos migrantes guatemaltecos empadronados hay en ciudades de Estados Unidos?","description":"\u00bfEn d\u00f3nde est\u00e1n los migrantes guatemaltecos empadronados para votar el 25 de junio? Una mayor participaci\u00f3n respecto de las elecciones de 2019 se espera en las elecciones generales del 25 de junio de 2023, que ser\u00e1 la segunda ocasi\u00f3n en que guatemaltecos empadronados en Estados Unidos puedan emitir el sufragio. Esta vez hay 98,708 guatemaltecos","canonical_url":"https:\/\/soymigrante.com\/revista\/voto-de-migrantes-guatemaltecos-impulsa-organizacion\/","robots":"max-snippet:-1, max-image-preview:large, max-video-preview:-1","keywords":"","webmasterTools":{"miscellaneous":"&lt;link rel=\"preconnect\" href=\"https:\/\/fonts.googleapis.com\" crossorigin&gt;\n&lt;link rel=\"preconnect\" href=\"https:\/\/fonts.gstatic.com\" crossorigin&gt;"},"schema":null,"og:locale":"es_ES","og:site_name":"SoyMigrante.com REVISTA \u2013 Nuestra misi\u00f3n es reconocer y dignificar al migrante.","og:type":"article","og:title":"\u00bfCu\u00e1ntos migrantes guatemaltecos empadronados hay en ciudades de Estados Unidos?","og:description":"\u00bfEn d\u00f3nde est\u00e1n los migrantes guatemaltecos empadronados para votar el 25 de junio? Una mayor participaci\u00f3n respecto de las elecciones de 2019 se espera en las elecciones generales del 25 de junio de 2023, que ser\u00e1 la segunda ocasi\u00f3n en que guatemaltecos empadronados en Estados Unidos puedan emitir el sufragio. Esta vez hay 98,708 guatemaltecos","og:url":"https:\/\/soymigrante.com\/revista\/voto-de-migrantes-guatemaltecos-impulsa-organizacion\/","og:image":"https:\/\/soymigrante.com\/revista\/wp-content\/uploads\/2023\/06\/voto-en-el-extranjero.webp","og:image:secure_url":"https:\/\/soymigrante.com\/revista\/wp-content\/uploads\/2023\/06\/voto-en-el-extranjero.webp","og:image:width":940,"og:image:height":627,"article:published_time":"2023-06-12T00:14:35+00:00","article:modified_time":"2024-06-25T22:11:32+00:00","article:publisher":"https:\/\/www.facebook.com\/soymigrantecom","twitter:card":"summary_large_image","twitter:site":"@SoyMigrante_com","twitter:title":"\u00bfCu\u00e1ntos migrantes guatemaltecos empadronados hay en ciudades de Estados Unidos?","twitter:description":"\u00bfEn d\u00f3nde est\u00e1n los migrantes guatemaltecos empadronados para votar el 25 de junio? Una mayor participaci\u00f3n respecto de las elecciones de 2019 se espera en las elecciones generales del 25 de junio de 2023, que ser\u00e1 la segunda ocasi\u00f3n en que guatemaltecos empadronados en Estados Unidos puedan emitir el sufragio. Esta vez hay 98,708 guatemaltecos","twitter:creator":"@SoyMigrante_com","twitter:image":"https:\/\/soymigrante.com\/revista\/wp-content\/uploads\/2023\/06\/voto-en-el-extranjero.webp"},"aioseo_meta_data":{"post_id":"26480","title":"Migrantes siempre presentes en mensajes del papa Francisco","description":"El papa Francisco, fallecido este 21 de abril de 2025, dedic\u00f3 numerosos mensajes y oraciones a los migrantes de todo el mundo, a lo largo de su pontificado.","keywords":null,"keyphrases":{"focus":{"keyphrase":"papa Francisco","score":82,"analysis":{"keyphraseInTitle":{"score":9,"maxScore":9,"error":0},"keyphraseInDescription":{"score":9,"maxScore":9,"error":0},"keyphraseLength":{"score":9,"maxScore":9,"error":0,"length":2},"keyphraseInURL":{"score":5,"maxScore":5,"error":0},"keyphraseInIntroduction":{"score":9,"maxScore":9,"error":0},"keyphraseInSubHeadings":{"score":3,"maxScore":9,"error":1},"keyphraseInImageAlt":{"score":3,"maxScore":9,"error":1},"keywordDensity":{"type":"best","score":9,"maxScore":9,"error":0}}},"additional":[{"keyphrase":"papa Francisco","score":87,"analysis":{"keyphraseInDescription":{"score":9,"maxScore":9,"error":0},"keyphraseLength":{"score":9,"maxScore":9,"error":0,"length":2},"keyphraseInIntroduction":{"score":9,"maxScore":9,"error":0},"keyphraseInImageAlt":{"score":3,"maxScore":9,"error":1},"keywordDensity":{"type":"best","score":9,"maxScore":9,"error":0}}},{"keyphrase":"Migrantes","score":100,"analysis":{"keyphraseInDescription":{"score":9,"maxScore":9,"error":0},"keyphraseLength":{"score":9,"maxScore":9,"error":0,"length":1},"keyphraseInIntroduction":{"score":9,"maxScore":9,"error":0},"keyphraseInImageAlt":{"score":9,"maxScore":9,"error":0},"keywordDensity":{"type":"best","score":9,"maxScore":9,"error":0}}}]},"primary_term":null,"canonical_url":null,"og_title":null,"og_description":null,"og_object_type":"default","og_image_type":"default","og_image_url":null,"og_image_width":null,"og_image_height":null,"og_image_custom_url":null,"og_image_custom_fields":null,"og_video":"","og_custom_url":null,"og_article_section":null,"og_article_tags":null,"twitter_use_og":false,"twitter_card":"default","twitter_image_type":"default","twitter_image_url":null,"twitter_image_custom_url":null,"twitter_image_custom_fields":null,"twitter_title":null,"twitter_description":null,"schema":{"blockGraphs":[],"customGraphs":[],"default":{"data":{"Article":[],"Course":[],"Dataset":[],"FAQPage":[],"Movie":[],"Person":[],"Product":[],"ProductReview":[],"Car":[],"Recipe":[],"Service":[],"SoftwareApplication":[],"WebPage":[]},"graphName":"none","isEnabled":true},"graphs":[]},"schema_type":"default","schema_type_options":null,"pillar_content":false,"robots_default":true,"robots_noindex":false,"robots_noarchive":false,"robots_nosnippet":false,"robots_nofollow":false,"robots_noimageindex":false,"robots_noodp":false,"robots_notranslate":false,"robots_max_snippet":"-1","robots_max_videopreview":"-1","robots_max_imagepreview":"large","priority":null,"frequency":"default","local_seo":null,"seo_analyzer_scan_date":"2025-10-09 04:28:26","breadcrumb_settings":null,"limit_modified_date":false,"reviewed_by":null,"open_ai":"{\"title\":{\"suggestions\":[],\"usage\":0},\"description\":{\"suggestions\":[],\"usage\":0}}","ai":null,"created":"2025-02-26 22:33:29","updated":"2026-02-04 23:02:49"},"aioseo_breadcrumb":"<div class=\"aioseo-breadcrumbs\"><span class=\"aioseo-breadcrumb\">\n\t<a href=\"https:\/\/soymigrante.com\/revista\" title=\"Home\">Home<\/a>\n<\/span><span class=\"aioseo-breadcrumb-separator\">\u00bb<\/span><span class=\"aioseo-breadcrumb\">\n\t<a href=\"https:\/\/soymigrante.com\/revista\/category\/bienestar\/\" title=\"Bienestar\">Bienestar<\/a>\n<\/span><span class=\"aioseo-breadcrumb-separator\">\u00bb<\/span><span class=\"aioseo-breadcrumb\">\n\tMigrantes siempre estuvieron presentes en  mensajes y oraciones del Papa Francisco (1936-2025)\n<\/span><\/div>","aioseo_breadcrumb_json":[{"label":"Home","link":"https:\/\/soymigrante.com\/revista"},{"label":"Bienestar","link":"https:\/\/soymigrante.com\/revista\/category\/bienestar\/"},{"label":"Migrantes siempre estuvieron presentes en  mensajes y oraciones del Papa Francisco (1936-2025)","link":"https:\/\/soymigrante.com\/revista\/migrantes-han-estado-continuamente-en-los-mensajes-y-oraciones-del-papa-francisco\/"}],"_links":{"self":[{"href":"https:\/\/soymigrante.com\/revista\/wp-json\/wp\/v2\/posts\/26480","targetHints":{"allow":["GET"]}}],"collection":[{"href":"https:\/\/soymigrante.com\/revista\/wp-json\/wp\/v2\/posts"}],"about":[{"href":"https:\/\/soymigrante.com\/revista\/wp-json\/wp\/v2\/types\/post"}],"author":[{"embeddable":true,"href":"https:\/\/soymigrante.com\/revista\/wp-json\/wp\/v2\/users\/19"}],"replies":[{"embeddable":true,"href":"https:\/\/soymigrante.com\/revista\/wp-json\/wp\/v2\/comments?post=26480"}],"version-history":[{"count":6,"href":"https:\/\/soymigrante.com\/revista\/wp-json\/wp\/v2\/posts\/26480\/revisions"}],"predecessor-version":[{"id":31571,"href":"https:\/\/soymigrante.com\/revista\/wp-json\/wp\/v2\/posts\/26480\/revisions\/31571"}],"wp:featuredmedia":[{"embeddable":true,"href":"https:\/\/soymigrante.com\/revista\/wp-json\/wp\/v2\/media\/31561"}],"wp:attachment":[{"href":"https:\/\/soymigrante.com\/revista\/wp-json\/wp\/v2\/media?parent=26480"}],"wp:term":[{"taxonomy":"category","embeddable":true,"href":"https:\/\/soymigrante.com\/revista\/wp-json\/wp\/v2\/categories?post=26480"},{"taxonomy":"post_tag","embeddable":true,"href":"https:\/\/soymigrante.com\/revista\/wp-json\/wp\/v2\/tags?post=26480"}],"curies":[{"name":"wp","href":"https:\/\/api.w.org\/{rel}","templated":true}]}}