{"id":26448,"date":"2025-02-26T16:06:23","date_gmt":"2025-02-26T22:06:23","guid":{"rendered":"https:\/\/soymigrante.com\/revista\/?p=26448"},"modified":"2025-05-29T09:06:04","modified_gmt":"2025-05-29T15:06:04","slug":"de-valet-parking-a-consultor-empresarial-global-el-exito-de-vini-villatoro-guatemalteco-en-texas","status":"publish","type":"post","link":"https:\/\/soymigrante.com\/revista\/de-valet-parking-a-consultor-empresarial-global-el-exito-de-vini-villatoro-guatemalteco-en-texas\/","title":{"rendered":"De valet parking a consultor empresarial global: el \u00e9xito de Vini Villatoro, guatemalteco en Texas"},"content":{"rendered":"\t\t<div data-elementor-type=\"wp-post\" data-elementor-id=\"26448\" class=\"elementor elementor-26448\" data-elementor-post-type=\"post\">\n\t\t\t\t<div data-particle_enable=\"false\" data-particle-mobile-disabled=\"false\" class=\"elementor-element elementor-element-97a2f5f e-flex e-con-boxed e-con e-parent\" data-id=\"97a2f5f\" data-element_type=\"container\" data-e-type=\"container\">\n\t\t\t\t\t<div class=\"e-con-inner\">\n\t\t\t\t<div class=\"elementor-element elementor-element-7c4b2e5 elementor-widget elementor-widget-heading\" data-id=\"7c4b2e5\" data-element_type=\"widget\" data-e-type=\"widget\" data-widget_type=\"heading.default\">\n\t\t\t\t\t<h2 class=\"elementor-heading-title elementor-size-default\"><span style=\"color: var( --e-global-color-primary );text-align: var(--text-align)\">Cuando se mud\u00f3 a Estados Unidos, Marco Vinicio Villatoro solo llevaba dos mochilas, 400 d\u00f3lares y los aprendizajes de su carrera de<\/span><span style=\"color: var( --e-global-color-primary );text-align: var(--text-align)\"> ingeniero en sistemas y  maestr\u00eda de administraci\u00f3n de negocios. As\u00ed que empez\u00f3 desde abajo: es una historia de fe, esfuerzo y altos objetivos<\/span><\/h2>\t\t\t\t<\/div>\n\t\t\t\t<div class=\"elementor-element elementor-element-075c480 elementor-widget elementor-widget-html\" data-id=\"075c480\" data-element_type=\"widget\" data-e-type=\"widget\" data-widget_type=\"html.default\">\n\t\t\t\t\t<div id=\"buzzsprout-player-17247665\"><\/div><script src=\"https:\/\/www.buzzsprout.com\/2444168\/episodes\/17247665-la-ruta-de-exito-de-vini-villatoro-emprendedor-guatemalteco-en-usa.js?container_id=buzzsprout-player-17247665&player=small\" type=\"text\/javascript\" charset=\"utf-8\"><\/script>\t\t\t\t<\/div>\n\t\t\t\t\t<\/div>\n\t\t\t\t<\/div>\n\t\t<div data-particle_enable=\"false\" data-particle-mobile-disabled=\"false\" class=\"elementor-element elementor-element-871edbd e-flex e-con-boxed e-con e-parent\" data-id=\"871edbd\" data-element_type=\"container\" data-e-type=\"container\">\n\t\t\t\t\t<div class=\"e-con-inner\">\n\t\t\t\t<div class=\"elementor-element elementor-element-f274908 elementor-widget elementor-widget-text-editor\" data-id=\"f274908\" data-element_type=\"widget\" data-e-type=\"widget\" data-widget_type=\"text-editor.default\">\n\t\t\t\t\t\t\t\t\t<p>&#8220;Lo importante no son los t\u00edtulos\u00a0 acad\u00e9micos sino el conocimiento adquirido y uno nunca deja de aprender&#8221; es el consejo que el migrante guatemalteco Marco Vinicio &#8220;Vini&#8221; Villatoro, radicado en Texas desde 2008, nunca olvida de su pap\u00e1, el periodista y abogado guatemalteco Eduardo Villatoro (1937-2015).<\/p><p><span style=\"color: var( --e-global-color-text ); text-align: var(--text-align);\">A inicios de los 2000, Vinicio viajaba con frecuencia a Estados Unidos por negocios. Se fue a trabajar a Espa\u00f1a y algo no sali\u00f3 bien. En el regreso, un amigo le ofreci\u00f3 un empleo en su hotel de Texas. Vinicio acept\u00f3. Era ingeniero en sistemas por la Universidad Francisco Marroqu\u00edn, con maestr\u00eda de Negocios y especialidad en Econometr\u00eda. Pero sin papeles no pod\u00eda ejercer y el trabajo no era en ninguna de esas \u00e1reas.<\/span><\/p><p><span style=\"color: var( --e-global-color-text ); text-align: var(--text-align);\">&#8220;El primer trabajo era de valet parking en un hotel. Mis t\u00edtulos ac\u00e1 no ten\u00edan validez, pero s\u00ed los aprendizajes y tambi\u00e9n los valores&#8221;, expresa Vinicio Villatoro quien actualmente es gerente de operaciones de\u00a0 la consultora norteamericana de negocios <a href=\"https:\/\/inachus.ventures\/page\/2\/\">Inachtus<\/a>, desde donde asesora a empresas de EE.UU., Sudam\u00e9rica, Europa y Asia.<\/span><\/p><p>Su historia es un testimonio de perseverancia, aprendizaje, humildad y sobre todo, de amor a Dios y a la sabidur\u00eda de sus padres, al igual que <a href=\"https:\/\/soymigrante.com\/revista\/gian-villatoro-pastor-consejero-doctor-guatemalteco-en-texas\/\">su hermano Gian Villatoro, a quien entrevistamos en este espacio.<\/a><\/p>\t\t\t\t\t\t\t\t<\/div>\n\t\t\t\t\t<\/div>\n\t\t\t\t<\/div>\n\t\t<div data-particle_enable=\"false\" data-particle-mobile-disabled=\"false\" class=\"elementor-element elementor-element-cfc948e e-flex e-con-boxed e-con e-parent\" data-id=\"cfc948e\" data-element_type=\"container\" data-e-type=\"container\">\n\t\t\t\t\t<div class=\"e-con-inner\">\n\t\t\t\t<div class=\"elementor-element elementor-element-c159111 elementor-widget elementor-widget-image\" data-id=\"c159111\" data-element_type=\"widget\" data-e-type=\"widget\" data-widget_type=\"image.default\">\n\t\t\t\t\t\t\t\t\t\t\t\t<figure class=\"wp-caption\">\n\t\t\t\t\t\t\t\t\t\t<img fetchpriority=\"high\" decoding=\"async\" width=\"768\" height=\"359\" src=\"https:\/\/soymigrante.com\/revista\/wp-content\/uploads\/2025\/02\/vinicio-villatoro-6-1024x478.jpg\" class=\"attachment-large size-large wp-image-26461\" alt=\"Paisaje volc\u00e1nico y laguna en Guatemala con vista a volcanes y naturaleza rural.\" srcset=\"https:\/\/soymigrante.com\/revista\/wp-content\/uploads\/2025\/02\/vinicio-villatoro-6-1024x478.jpg 1024w, https:\/\/soymigrante.com\/revista\/wp-content\/uploads\/2025\/02\/vinicio-villatoro-6-300x140.jpg 300w, https:\/\/soymigrante.com\/revista\/wp-content\/uploads\/2025\/02\/vinicio-villatoro-6-768x359.jpg 768w, https:\/\/soymigrante.com\/revista\/wp-content\/uploads\/2025\/02\/vinicio-villatoro-6-1536x717.jpg 1536w, https:\/\/soymigrante.com\/revista\/wp-content\/uploads\/2025\/02\/vinicio-villatoro-6-750x350.webp 750w, https:\/\/soymigrante.com\/revista\/wp-content\/uploads\/2025\/02\/vinicio-villatoro-6-1140x532.webp 1140w, https:\/\/soymigrante.com\/revista\/wp-content\/uploads\/2025\/02\/vinicio-villatoro-6.webp 1920w\" sizes=\"(max-width: 768px) 100vw, 768px\" title=\"Vinicio Villatoro reside en Houston Texas pero nunca se olvida de sus ra\u00edces guatemaltecas y cuando tiene la ocasi\u00f3n, visita la Tierra del Quetzal, en donde sus padres le formaron con amor y valores. \u2013 SoyMigrante.com REVISTA\" \/>\t\t\t\t\t\t\t\t\t\t\t<figcaption class=\"widget-image-caption wp-caption-text\">Retrato del autor sonriendo con paisaje volc\u00e1nico y laguna en el fondo, destacando belleza natural y turismo en Guatemala.<\/figcaption>\n\t\t\t\t\t\t\t\t\t\t<\/figure>\n\t\t\t\t\t\t\t\t\t<\/div>\n\t\t\t\t\t<\/div>\n\t\t\t\t<\/div>\n\t\t<div data-particle_enable=\"false\" data-particle-mobile-disabled=\"false\" class=\"elementor-element elementor-element-4ea8c8c e-flex e-con-boxed e-con e-parent\" data-id=\"4ea8c8c\" data-element_type=\"container\" data-e-type=\"container\">\n\t\t\t\t\t<div class=\"e-con-inner\">\n\t\t\t\t<div class=\"elementor-element elementor-element-0e5ebc6 elementor-widget elementor-widget-heading\" data-id=\"0e5ebc6\" data-element_type=\"widget\" data-e-type=\"widget\" data-widget_type=\"heading.default\">\n\t\t\t\t\t<h3 class=\"elementor-heading-title elementor-size-default\">Valores desde la familia<\/h3>\t\t\t\t<\/div>\n\t\t\t\t\t<\/div>\n\t\t\t\t<\/div>\n\t\t<div data-particle_enable=\"false\" data-particle-mobile-disabled=\"false\" class=\"elementor-element elementor-element-8c3dc28 e-flex e-con-boxed e-con e-parent\" data-id=\"8c3dc28\" data-element_type=\"container\" data-e-type=\"container\">\n\t\t\t\t\t<div class=\"e-con-inner\">\n\t\t\t\t<div class=\"elementor-element elementor-element-f66460e elementor-widget elementor-widget-text-editor\" data-id=\"f66460e\" data-element_type=\"widget\" data-e-type=\"widget\" data-widget_type=\"text-editor.default\">\n\t\t\t\t\t\t\t\t\t<p><span style=\"color: var( --e-global-color-text ); text-align: var(--text-align);\">&#8220;Mi pap\u00e1, Eduardo Villatoro fue mi modelo. Una vez, en un caf\u00e9 en Barcelona, me puso la mano sobre el brazo y me cont\u00f3 que de ni\u00f1o no tuvo zapatos sino hasta los 12 a\u00f1os. Vivi\u00f3 la pobreza pero sali\u00f3 adelante gracias a que nunca dej\u00f3 de aprender. Fue un periodista excepcional&#8221;.<\/span><\/p><p>A pesar de sus t\u00edtulos universitarios, maestr\u00edas y posgrados Vini considera que no son los logros acad\u00e9micos los que definen a una persona. &#8220;Entre m\u00e1s aprendo, m\u00e1s me doy cuenta de lo ignorante que soy. La humildad est\u00e1 en saber que siempre hay algo por aprender. Mi pap\u00e1 me ense\u00f1\u00f3 que si de verdad sos inteligente, <a href=\"https:\/\/soymigrante.com\/revista\/aprendiendo-y-conduciendo-tiempo-en-carretera-puede-ser-ruta-al-crecimiento-personal\/\">aprender\u00e1s<\/a> algo de cada persona que conozcas.. Pero adem\u00e1s, siempre estar\u00e1s dispuesto a servir a los dem\u00e1s, as\u00ed como nuestro se\u00f1or Jesucristo vino a servir, no a ser servido&#8221;<\/p><p>Vinicio desempe\u00f1\u00f3 cargos gerenciales en Guatemala y viajaba a Estados Unidos por negocios y algunas asesor\u00edas. &#8220;Me fui a trabajar a Espa\u00f1a pero no funcion\u00f3 el proyecto. En el regreso, un gran amigo me invit\u00f3 a pasar por su casa en Texas y me ofreci\u00f3 un trabajo. Me qued\u00e9. Pero no ten\u00eda papeles, no pod\u00eda ejercer mi profesi\u00f3n\u00a0 de ingeniero o mi MBA. Empec\u00e9 trabajando de valet parking. Con todos mis t\u00edtulos, manejaba los carros de la gente que iba al hotel y restaurantes.&#8221;.<\/p>\t\t\t\t\t\t\t\t<\/div>\n\t\t\t\t\t<\/div>\n\t\t\t\t<\/div>\n\t\t<div data-particle_enable=\"false\" data-particle-mobile-disabled=\"false\" class=\"elementor-element elementor-element-c96a419 e-flex e-con-boxed e-con e-parent\" data-id=\"c96a419\" data-element_type=\"container\" data-e-type=\"container\">\n\t\t\t\t\t<div class=\"e-con-inner\">\n\t\t\t\t<div class=\"elementor-element elementor-element-3e5aa1f elementor-widget elementor-widget-image\" data-id=\"3e5aa1f\" data-element_type=\"widget\" data-e-type=\"widget\" data-widget_type=\"image.default\">\n\t\t\t\t\t\t\t\t\t\t\t\t<figure class=\"wp-caption\">\n\t\t\t\t\t\t\t\t\t\t<img decoding=\"async\" width=\"768\" height=\"849\" src=\"https:\/\/soymigrante.com\/revista\/wp-content\/uploads\/2025\/02\/vinicio-villatoro-7-926x1024.jpg\" class=\"attachment-large size-large wp-image-26463\" alt=\"Persona sonriente con gafas en altura, fondo urbano de ciudad moderna, vista a\u00e9rea, edificio alto, zona urbana, skyline de ciudad, fotograf\u00eda en interior, imagen de migrante, retrato para revista SoyMigrante.com REVISTA.\" srcset=\"https:\/\/soymigrante.com\/revista\/wp-content\/uploads\/2025\/02\/vinicio-villatoro-7-926x1024.jpg 926w, https:\/\/soymigrante.com\/revista\/wp-content\/uploads\/2025\/02\/vinicio-villatoro-7-271x300.jpg 271w, https:\/\/soymigrante.com\/revista\/wp-content\/uploads\/2025\/02\/vinicio-villatoro-7-768x849.jpg 768w, https:\/\/soymigrante.com\/revista\/wp-content\/uploads\/2025\/02\/vinicio-villatoro-7-750x829.webp 750w, https:\/\/soymigrante.com\/revista\/wp-content\/uploads\/2025\/02\/vinicio-villatoro-7.webp 956w\" sizes=\"(max-width: 768px) 100vw, 768px\" title=\"El trabajo de asesor\u00eda de crecimiento, optimizaci\u00f3n y transformaci\u00f3n de negocios ha llevado a Vinicio Villatoro a Europa, Asia y Sudam\u00e9rica. &quot;Mientras m\u00e1s aprendo m\u00e1s me doy cuenta de cu\u00e1nto ignoro&quot;, expresa el migrante guatemalteco radicado en Texas. \u2013 SoyMigrante.com REVISTA\" \/>\t\t\t\t\t\t\t\t\t\t\t<figcaption class=\"widget-image-caption wp-caption-text\">Ser migrante, periodismo y migraci\u00f3n, inclusi\u00f3n social y derechos humanos, cultura migrante y experiencias, an\u00e1lisis y opini\u00f3n sobre movilidad y migraci\u00f3n en Am\u00e9rica Latina y Espa\u00f1a.<\/figcaption>\n\t\t\t\t\t\t\t\t\t\t<\/figure>\n\t\t\t\t\t\t\t\t\t<\/div>\n\t\t\t\t\t<\/div>\n\t\t\t\t<\/div>\n\t\t<div data-particle_enable=\"false\" data-particle-mobile-disabled=\"false\" class=\"elementor-element elementor-element-daaf402 e-flex e-con-boxed e-con e-parent\" data-id=\"daaf402\" data-element_type=\"container\" data-e-type=\"container\">\n\t\t\t\t\t<div class=\"e-con-inner\">\n\t\t\t\t<div class=\"elementor-element elementor-element-d65b07c elementor-widget elementor-widget-heading\" data-id=\"d65b07c\" data-element_type=\"widget\" data-e-type=\"widget\" data-widget_type=\"heading.default\">\n\t\t\t\t\t<h3 class=\"elementor-heading-title elementor-size-default\">Saber ahorrar, administrar y servir<\/h3>\t\t\t\t<\/div>\n\t\t\t\t\t<\/div>\n\t\t\t\t<\/div>\n\t\t<div data-particle_enable=\"false\" data-particle-mobile-disabled=\"false\" class=\"elementor-element elementor-element-4323e37 e-flex e-con-boxed e-con e-parent\" data-id=\"4323e37\" data-element_type=\"container\" data-e-type=\"container\">\n\t\t\t\t\t<div class=\"e-con-inner\">\n\t\t\t\t<div class=\"elementor-element elementor-element-dca5a6b elementor-widget elementor-widget-text-editor\" data-id=\"dca5a6b\" data-element_type=\"widget\" data-e-type=\"widget\" data-widget_type=\"text-editor.default\">\n\t\t\t\t\t\t\t\t\t<p><span style=\"color: var( --e-global-color-text ); text-align: var(--text-align);\"><a href=\"https:\/\/soymigrante.com\/revista\/importancia-del-ahorro-migrantes-guatemaltecos\/\">El ahorro<\/a> es fundamental para toda persona, sobre todo si es migrante. Vinicio relata: &#8220;Ahorr\u00e9\u00a0 y con eso compr\u00e9 una moto en 1300 d\u00f3lares.\u00a0 La vend\u00ed y me dej\u00f3 una ganancia de 800 d\u00f3lares. Compr\u00e9 otra, luego dos m\u00e1s y as\u00ed sucesivamente. Llegu\u00e9 a ser el mayorista m\u00e1s grande de motos en el \u00e1rea de Texas, Florida y Luisiana, moviendo hasta 200 motos mensuales. En Estados Unidos aprend\u00ed la importancia del capital de trabajo, y a cuidarlo, para poder crecer.&#8221;<\/span><\/p><p>Vini Villatoro trabaja como consultor de empresas, ayudando a negocios a optimizar su gesti\u00f3n. &#8220;Muchos due\u00f1os de negocios en Estados Unidos son excelentes en su oficio, pero no saben administrar. Ah\u00ed es donde les ayudo a crecer de forma integral. Por ejemplo, algunos clientes me dicen: &#8216;Cuando vend\u00eda dos millones, ganaba m\u00e1s que ahora que vendo diez&#8217;, y eso se debe a una mala administraci\u00f3n del crecimiento&#8221;.<\/p><p>Un aspecto clave del crecimiento de las empresas es saber valorar al personal clave y tambi\u00e9n saber despedir a quien no da resultados. &#8220;Hay empresas que tienen \u00e9xito pero no reconocen ni premian a su talento; yo siempre le digo a los clientes: mide los resultados y si alguien no funciona, desp\u00eddelo. No hay otra manera de crecer&#8221;. En efecto, para Vini, en un mundo altamente competitivo, la clave del \u00e9xito est\u00e1 en la excelencia y la disciplina.\u00a0<\/p>\t\t\t\t\t\t\t\t<\/div>\n\t\t\t\t\t<\/div>\n\t\t\t\t<\/div>\n\t\t<div data-particle_enable=\"false\" data-particle-mobile-disabled=\"false\" class=\"elementor-element elementor-element-1ee22d5 e-flex e-con-boxed e-con e-parent\" data-id=\"1ee22d5\" data-element_type=\"container\" data-e-type=\"container\">\n\t\t\t\t\t<div class=\"e-con-inner\">\n\t\t\t\t<div class=\"elementor-element elementor-element-1116eda elementor-invisible elementor-widget elementor-widget-testimonial\" data-id=\"1116eda\" data-element_type=\"widget\" data-e-type=\"widget\" data-settings=\"{&quot;_animation&quot;:&quot;rotateInUpRight&quot;}\" data-widget_type=\"testimonial.default\">\n\t\t\t\t\t\t\t<div class=\"elementor-testimonial-wrapper\">\n\t\t\t\t\t\t\t<div class=\"elementor-testimonial-content\">\"He visitado muchos pa\u00edses: China, Jap\u00f3n, Sud\u00e1frica, asesorando empresas y me he dado cuenta que la cultura humana es exactamente igual. Siempre hay gente noble y gente arrogante, gente honesta y gente perversa, gente trabajadora y gente  haragana. Unos se esfuerzan y otros son vagos que lo quieren todo gratis, y por eso el \u00e9xito no depende de d\u00f3nde vengas, sino de que act\u00faes, aprendas y ahorres\".<\/div>\n\t\t\t\n\t\t\t\t\t\t<div class=\"elementor-testimonial-meta elementor-has-image elementor-testimonial-image-position-aside\">\n\t\t\t\t<div class=\"elementor-testimonial-meta-inner\">\n\t\t\t\t\t\t\t\t\t\t\t<div class=\"elementor-testimonial-image\">\n\t\t\t\t\t\t\t<img decoding=\"async\" width=\"951\" height=\"960\" src=\"https:\/\/soymigrante.com\/revista\/wp-content\/uploads\/2025\/02\/vinicio-villatoro-1.webp\" class=\"attachment-full size-full wp-image-26465\" alt=\"Empresario exitoso en traje gris y corbata negra sonriendo, representando liderazgo y profesionalismo.\" title=\"vinicio villatoro 1 \u2013 SoyMigrante.com REVISTA\" srcset=\"https:\/\/soymigrante.com\/revista\/wp-content\/uploads\/2025\/02\/vinicio-villatoro-1.webp 951w, https:\/\/soymigrante.com\/revista\/wp-content\/uploads\/2025\/02\/vinicio-villatoro-1-297x300.jpg 297w, https:\/\/soymigrante.com\/revista\/wp-content\/uploads\/2025\/02\/vinicio-villatoro-1-150x150.jpg 150w, https:\/\/soymigrante.com\/revista\/wp-content\/uploads\/2025\/02\/vinicio-villatoro-1-768x775.jpg 768w, https:\/\/soymigrante.com\/revista\/wp-content\/uploads\/2025\/02\/vinicio-villatoro-1-75x75.webp 75w, https:\/\/soymigrante.com\/revista\/wp-content\/uploads\/2025\/02\/vinicio-villatoro-1-750x757.webp 750w\" sizes=\"(max-width: 951px) 100vw, 951px\" \/>\t\t\t\t\t\t<\/div>\n\t\t\t\t\t\n\t\t\t\t\t\t\t\t\t\t<div class=\"elementor-testimonial-details\">\n\t\t\t\t\t\t\t\t\t\t\t\t\t\t<div class=\"elementor-testimonial-name\">Vini Villatoro <\/div>\n\t\t\t\t\t\t\t\t\t\t\t\t\t\t\t\t\t\t\t\t\t\t<div class=\"elementor-testimonial-job\">Gerente de Operaciones (COO) de \nla compa\u00f1\u00eda Enachtus de asesor\u00eda y\ntransformaci\u00f3n empresarial,\ningeniero graduado con \nmaestr\u00eda de Negocios radicado\nen Houston, Texas.\n<\/div>\n\t\t\t\t\t\t\t\t\t\t\t\t\t<\/div>\n\t\t\t\t\t\t\t\t\t<\/div>\n\t\t\t<\/div>\n\t\t\t\t\t<\/div>\n\t\t\t\t\t\t<\/div>\n\t\t\t\t\t<\/div>\n\t\t\t\t<\/div>\n\t\t<div data-particle_enable=\"false\" data-particle-mobile-disabled=\"false\" class=\"elementor-element elementor-element-ccd375a e-flex e-con-boxed e-con e-parent\" data-id=\"ccd375a\" data-element_type=\"container\" data-e-type=\"container\">\n\t\t\t\t\t<div class=\"e-con-inner\">\n\t\t\t\t<div class=\"elementor-element elementor-element-69c3ae6 elementor-widget elementor-widget-heading\" data-id=\"69c3ae6\" data-element_type=\"widget\" data-e-type=\"widget\" data-widget_type=\"heading.default\">\n\t\t\t\t\t<h3 class=\"elementor-heading-title elementor-size-default\">La calidad siempre paga bien<\/h3>\t\t\t\t<\/div>\n\t\t\t\t\t<\/div>\n\t\t\t\t<\/div>\n\t\t<div data-particle_enable=\"false\" data-particle-mobile-disabled=\"false\" class=\"elementor-element elementor-element-070a863 e-flex e-con-boxed e-con e-parent\" data-id=\"070a863\" data-element_type=\"container\" data-e-type=\"container\">\n\t\t\t\t\t<div class=\"e-con-inner\">\n\t\t\t\t<div class=\"elementor-element elementor-element-527a1d8 elementor-widget elementor-widget-text-editor\" data-id=\"527a1d8\" data-element_type=\"widget\" data-e-type=\"widget\" data-widget_type=\"text-editor.default\">\n\t\t\t\t\t\t\t\t\t<p><span style=\"color: var( --e-global-color-text ); text-align: var(--text-align);\">&#8220;A veces suele suele preferirse lo barato en vez de la calidad. En Estados Unidos, la excelencia se premia. Hacer las cosas bien, aunque nadie est\u00e9 viendo eso es lo que marca la diferencia. La gente regresa a donde recibe un buen servicio, y eso garantiza el crecimiento.&#8221;<\/span><\/p><p><span style=\"font-family: Roboto, sans-serif; font-size: 16px; font-style: normal; font-variant-ligatures: normal; font-variant-caps: normal; font-weight: 400; color: var( --e-global-color-text ); text-align: var(--text-align);\">Cuando <a href=\"https:\/\/soymigrante.com\/revista\/corazon-migrante-vuela-alto-trabaja-duro-y-suena-una-patria-mejor\/\">migr\u00f3<\/a> a Estados Unidos tra\u00eda un legado familiar de fe y valores. &#8220;Tra\u00eda el ejemplo y consejos de mis padres, 400 d\u00f3lares en la bolsa y dos mochilas. Mi \u00fanica opci\u00f3n era salir adelante. No se trata de d\u00f3nde venimos, sino de la mentalidad con la que enfrentamos la vida.<\/span><\/p><p><span style=\"font-family: Roboto, sans-serif; font-size: 16px; font-style: normal; font-variant-ligatures: normal; font-variant-caps: normal; font-weight: 400; color: var( --e-global-color-text ); text-align: var(--text-align);\">&#8220;<\/span>Por eso &#8220;cuando vine a este pa\u00eds, supe que no hab\u00eda marcha atr\u00e1s. Si quer\u00eda triunfar, ten\u00eda que darlo todo y no ver al pasado.\u00a0 Quemar las naves. Mi mentalidad siempre ha sido &#8216;vencer o vencer&#8217;.&#8221;, aconseja, pero existe una clave espiritual para lograrlo.<\/p>\t\t\t\t\t\t\t\t<\/div>\n\t\t\t\t\t<\/div>\n\t\t\t\t<\/div>\n\t\t<div data-particle_enable=\"false\" data-particle-mobile-disabled=\"false\" class=\"elementor-element elementor-element-8c1fd81 e-flex e-con-boxed e-con e-parent\" data-id=\"8c1fd81\" data-element_type=\"container\" data-e-type=\"container\">\n\t\t\t\t\t<div class=\"e-con-inner\">\n\t\t\t\t<div class=\"elementor-element elementor-element-383e06c elementor-invisible elementor-widget elementor-widget-facebook-embed\" data-id=\"383e06c\" data-element_type=\"widget\" data-e-type=\"widget\" data-settings=\"{&quot;_animation&quot;:&quot;zoomInDown&quot;}\" data-widget_type=\"facebook-embed.default\">\n\t\t\t\t\t<div style=\"min-height: 1px\" class=\"elementor-facebook-widget fb-video\" data-href=\"https:\/\/fb.watch\/x-gFHDy-eL\/\" data-show-text=\"false\" data-allowfullscreen=\"false\" data-autoplay=\"false\" data-show-captions=\"false\"><\/div>\t\t\t\t<\/div>\n\t\t\t\t\t<\/div>\n\t\t\t\t<\/div>\n\t\t<div data-particle_enable=\"false\" data-particle-mobile-disabled=\"false\" class=\"elementor-element elementor-element-414f203 e-flex e-con-boxed e-con e-parent\" data-id=\"414f203\" data-element_type=\"container\" data-e-type=\"container\">\n\t\t\t\t\t<div class=\"e-con-inner\">\n\t\t\t\t<div class=\"elementor-element elementor-element-42ab1cc elementor-widget elementor-widget-heading\" data-id=\"42ab1cc\" data-element_type=\"widget\" data-e-type=\"widget\" data-widget_type=\"heading.default\">\n\t\t\t\t\t<h3 class=\"elementor-heading-title elementor-size-default\">La fuerza m\u00e1s poderosa est\u00e1 con nosotros<\/h3>\t\t\t\t<\/div>\n\t\t\t\t\t<\/div>\n\t\t\t\t<\/div>\n\t\t<div data-particle_enable=\"false\" data-particle-mobile-disabled=\"false\" class=\"elementor-element elementor-element-a5474a0 e-flex e-con-boxed e-con e-parent\" data-id=\"a5474a0\" data-element_type=\"container\" data-e-type=\"container\">\n\t\t\t\t\t<div class=\"e-con-inner\">\n\t\t\t\t<div class=\"elementor-element elementor-element-391b9d5 elementor-widget elementor-widget-text-editor\" data-id=\"391b9d5\" data-element_type=\"widget\" data-e-type=\"widget\" data-widget_type=\"text-editor.default\">\n\t\t\t\t\t\t\t\t\t<p><span style=\"color: var( --e-global-color-text ); text-align: var(--text-align);\"><a href=\"https:\/\/soymigrante.com\/revista\/donde-encontrar-a-dios-reflexion-migrante-sin-fronteras-opinion\/\">La fe en Dios<\/a> ha sido fundamental para el \u00e9xito de Vinicio, quien recuerda en una ocasi\u00f3n, cuando reci\u00e9n se establec\u00eda en EE.UU. que lo detuvieron por una multa de tr\u00e1nsito de a\u00f1os atr\u00e1s que\u00a0 no hab\u00eda pagado. &#8220;Fue un error que ocurri\u00f3 durante un viaje, pero me enchacharon (esposaron), lleg\u00f3 la Migraci\u00f3n y dije: aqu\u00ed se acaba el sue\u00f1o americano. Clam\u00e9 a <a href=\"https:\/\/soymigrante.com\/revista\/donde-encontrar-a-dios-reflexion-migrante-sin-fronteras-opinion\/\">Dios<\/a> y le dije: Se\u00f1or, que se haga lo que tu quieras, tu sabes si deseas que me quede aqu\u00ed o no.\u00a0 Poco despu\u00e9s, de la nada me liberaron&#8221;, relata.<\/span><\/p><p>En ese mismo sentido\u00a0<span style=\"color: var( --e-global-color-text ); text-align: var(--text-align);\">&#8220;Dios premia la disciplina y el esfuerzo. Yo siempre digo que la clave est\u00e1 en trabajar con excelencia, porque la excelencia abre puertas que uno ni se imagina&#8221;, comparte.\u00a0<\/span><span style=\"color: var( --e-global-color-text ); text-align: var(--text-align);\">&#8220;Lo que te define es la capacidad de aprender y crecer. Mientras tengas ganas de superarte, siempre habr\u00e1 una oportunidad esperando&#8221;<\/span><span style=\"color: var( --e-global-color-text ); text-align: var(--text-align);\">.<\/span><\/p>\t\t\t\t\t\t\t\t<\/div>\n\t\t\t\t\t<\/div>\n\t\t\t\t<\/div>\n\t\t<div data-particle_enable=\"false\" data-particle-mobile-disabled=\"false\" class=\"elementor-element elementor-element-0046cdb e-flex e-con-boxed e-con e-parent\" data-id=\"0046cdb\" data-element_type=\"container\" data-e-type=\"container\">\n\t\t\t\t\t<div class=\"e-con-inner\">\n\t\t\t\t<div class=\"elementor-element elementor-element-819f3e1 elementor-widget elementor-widget-facebook-page\" data-id=\"819f3e1\" data-element_type=\"widget\" data-e-type=\"widget\" data-widget_type=\"facebook-page.default\">\n\t\t\t\t\t<div class=\"elementor-facebook-widget fb-page\" data-href=\"https:\/\/www.facebook.com\/BishopVini\" data-tabs=\"timeline\" data-height=\"500px\" data-width=\"500px\" data-small-header=\"false\" data-hide-cover=\"false\" data-show-facepile=\"true\" data-hide-cta=\"false\" style=\"min-height: 1px;height:500px\"><\/div>\t\t\t\t<\/div>\n\t\t\t\t\t<\/div>\n\t\t\t\t<\/div>\n\t\t<div data-particle_enable=\"false\" data-particle-mobile-disabled=\"false\" class=\"elementor-element elementor-element-21f2810 e-flex e-con-boxed e-con e-parent\" data-id=\"21f2810\" data-element_type=\"container\" data-e-type=\"container\">\n\t\t\t\t\t<div class=\"e-con-inner\">\n\t\t\t\t<div class=\"elementor-element elementor-element-ccaaf0c elementor-widget elementor-widget-heading\" data-id=\"ccaaf0c\" data-element_type=\"widget\" data-e-type=\"widget\" data-widget_type=\"heading.default\">\n\t\t\t\t\t<h2 class=\"elementor-heading-title elementor-size-default\">M\u00e1s historias de inspiraci\u00f3n altamente positiva <\/h2>\t\t\t\t<\/div>\n\t\t\t\t\t<\/div>\n\t\t\t\t<\/div>\n\t\t<div data-particle_enable=\"false\" data-particle-mobile-disabled=\"false\" class=\"elementor-element elementor-element-04376c4 e-flex e-con-boxed e-con e-parent\" data-id=\"04376c4\" data-element_type=\"container\" data-e-type=\"container\">\n\t\t\t\t\t<div class=\"e-con-inner\">\n\t\t\t\t<div class=\"elementor-element elementor-element-74e2ae4 elementor-grid-eael-col-3 elementor-grid-tablet-eael-col-2 elementor-grid-mobile-eael-col-1 elementor-widget elementor-widget-eael-post-grid\" data-id=\"74e2ae4\" data-element_type=\"widget\" data-e-type=\"widget\" data-settings=\"{&quot;eael_post_grid_columns&quot;:&quot;eael-col-3&quot;,&quot;eael_post_grid_columns_tablet&quot;:&quot;eael-col-2&quot;,&quot;eael_post_grid_columns_mobile&quot;:&quot;eael-col-1&quot;}\" data-widget_type=\"eael-post-grid.default\">\n\t\t\t\t\t<div id=\"eael-post-grid-74e2ae4\" class=\"eael-post-grid-container\">\n            <div class=\"eael-post-grid eael-post-appender eael-post-appender-74e2ae4 eael-post-grid-style-one\" data-layout-mode=\"masonry\"><article class=\"eael-grid-post  eael-post-grid-column eael-pg-post-2639 category-exitos\" data-id=\"2639\">\n        <div class=\"eael-grid-post-holder\">\n            <div class=\"eael-grid-post-holder-inner\"><div class=\"eael-entry-media\"><div class=\"eael-entry-overlay fade-in\"><i class=\"far fa-hand-pointer\" aria-hidden=\"true\"><\/i><a href=\"https:\/\/soymigrante.com\/revista\/empresario-migrante-guatemalteco-arnold-ciego-impulsa-identidad-garifuna-desde-bronx-ny\/\"><\/a><\/div><div class=\"eael-entry-thumbnail \">\n                <img loading=\"lazy\" decoding=\"async\" width=\"810\" height=\"552\" src=\"https:\/\/soymigrante.com\/revista\/wp-content\/uploads\/2023\/09\/arnold-ciego-e1695409486578.webp\" class=\"attachment-large size-large wp-image-2640\" alt=\"Arnold Ciego migrante gar\u00edfuna guatemalteco presta sus servicios de asesor\u00eda tributaria en el barrio del Bronx, en Nueva York.\" srcset=\"https:\/\/soymigrante.com\/revista\/wp-content\/uploads\/2023\/09\/arnold-ciego-e1695409486578.webp 810w, https:\/\/soymigrante.com\/revista\/wp-content\/uploads\/2023\/09\/arnold-ciego-e1695409486578-300x204.webp 300w, https:\/\/soymigrante.com\/revista\/wp-content\/uploads\/2023\/09\/arnold-ciego-e1695409486578-768x523.webp 768w, https:\/\/soymigrante.com\/revista\/wp-content\/uploads\/2023\/09\/arnold-ciego-e1695409486578-750x511.webp 750w\" sizes=\"(max-width: 810px) 100vw, 810px\" \/>\n            <\/div>\n        <\/div><div class=\"eael-entry-wrapper\"><header class=\"eael-entry-header\"><h2 class=\"eael-entry-title\"><a class=\"eael-grid-post-link\" href=\"https:\/\/soymigrante.com\/revista\/empresario-migrante-guatemalteco-arnold-ciego-impulsa-identidad-garifuna-desde-bronx-ny\/\" title=\"Empresario migrante gar\u00edfuna guatemalteco Arnold Ciego exalta su identidad desde el Bronx, NY\">Empresario migrante gar\u00edfuna guatemalteco Arnold Ciego exalta su identidad desde el Bronx, NY<\/a><\/h2><\/header><div class=\"eael-entry-content\">\n                        <div class=\"eael-grid-post-excerpt\"><a href=\"https:\/\/soymigrante.com\/revista\/empresario-migrante-guatemalteco-arnold-ciego-impulsa-identidad-garifuna-desde-bronx-ny\/\" class=\"eael-post-elements-readmore-btn\">CONOCE SU HISTORIA <\/a><\/div>\n                    <\/div><\/div><\/div>\n        <\/div>\n    <\/article><article class=\"eael-grid-post  eael-post-grid-column eael-pg-post-2207 category-exitos\" data-id=\"2207\">\n        <div class=\"eael-grid-post-holder\">\n            <div class=\"eael-grid-post-holder-inner\"><div class=\"eael-entry-media\"><div class=\"eael-entry-overlay fade-in\"><i class=\"far fa-hand-pointer\" aria-hidden=\"true\"><\/i><a href=\"https:\/\/soymigrante.com\/revista\/migrante-rudy-figueroa-empresario-guatemalteco\/\"><\/a><\/div><div class=\"eael-entry-thumbnail \">\n                <img loading=\"lazy\" decoding=\"async\" width=\"896\" height=\"635\" src=\"https:\/\/soymigrante.com\/revista\/wp-content\/uploads\/2023\/08\/El-empresario-Rudy-Figueroa-celebra-a-distancia-se-comunica-por-plataformas-con-las-personas-de-su-aldea-1.webp\" class=\"attachment-large size-large wp-image-2241\" alt=\"A trav\u00e9s de videollamada, Rudy se alegra con las sonrisas y la gratitud de los ancianos de El Pilar, La Democracia.\" srcset=\"https:\/\/soymigrante.com\/revista\/wp-content\/uploads\/2023\/08\/El-empresario-Rudy-Figueroa-celebra-a-distancia-se-comunica-por-plataformas-con-las-personas-de-su-aldea-1.webp 896w, https:\/\/soymigrante.com\/revista\/wp-content\/uploads\/2023\/08\/El-empresario-Rudy-Figueroa-celebra-a-distancia-se-comunica-por-plataformas-con-las-personas-de-su-aldea-1-300x213.webp 300w, https:\/\/soymigrante.com\/revista\/wp-content\/uploads\/2023\/08\/El-empresario-Rudy-Figueroa-celebra-a-distancia-se-comunica-por-plataformas-con-las-personas-de-su-aldea-1-768x544.webp 768w, https:\/\/soymigrante.com\/revista\/wp-content\/uploads\/2023\/08\/El-empresario-Rudy-Figueroa-celebra-a-distancia-se-comunica-por-plataformas-con-las-personas-de-su-aldea-1-120x86.webp 120w, https:\/\/soymigrante.com\/revista\/wp-content\/uploads\/2023\/08\/El-empresario-Rudy-Figueroa-celebra-a-distancia-se-comunica-por-plataformas-con-las-personas-de-su-aldea-1-750x532.webp 750w\" sizes=\"(max-width: 896px) 100vw, 896px\" \/>\n            <\/div>\n        <\/div><div class=\"eael-entry-wrapper\"><header class=\"eael-entry-header\"><h2 class=\"eael-entry-title\"><a class=\"eael-grid-post-link\" href=\"https:\/\/soymigrante.com\/revista\/migrante-rudy-figueroa-empresario-guatemalteco\/\" title=\"Rudy Figueroa: Exitoso empresario guatemalteco que no olvida sus ra\u00edces\">Rudy Figueroa: Exitoso empresario guatemalteco que no olvida sus ra\u00edces<\/a><\/h2><\/header><div class=\"eael-entry-content\">\n                        <div class=\"eael-grid-post-excerpt\"><a href=\"https:\/\/soymigrante.com\/revista\/migrante-rudy-figueroa-empresario-guatemalteco\/\" class=\"eael-post-elements-readmore-btn\">CONOCE SU HISTORIA <\/a><\/div>\n                    <\/div><\/div><\/div>\n        <\/div>\n    <\/article><article class=\"eael-grid-post  eael-post-grid-column eael-pg-post-1469 category-exitos tags-tennessee\" data-id=\"1469\">\n        <div class=\"eael-grid-post-holder\">\n            <div class=\"eael-grid-post-holder-inner\"><div class=\"eael-entry-media\"><div class=\"eael-entry-overlay fade-in\"><i class=\"far fa-hand-pointer\" aria-hidden=\"true\"><\/i><a href=\"https:\/\/soymigrante.com\/revista\/migrante-guatemalteca-apoya-a-compatriotas-en-tennessee\/\"><\/a><\/div><div class=\"eael-entry-thumbnail \">\n                <img loading=\"lazy\" decoding=\"async\" width=\"768\" height=\"1024\" src=\"https:\/\/soymigrante.com\/revista\/wp-content\/uploads\/2023\/06\/Migrante-guatemalteca-Velvet-Hernandez-Johnson-triunfa-como-profesional-en-Estados-Unidos-y-apoya-a-migrantes-hispanos-a-traves-de-voluntariados-2-768x1024.webp\" class=\"attachment-large size-large wp-image-1474\" alt=\"Velvet Hern\u00e1ndez-Johnson visita cada a\u00f1o a su familia en Guatemala y siempre lleva algo nuevo para la exposici\u00f3n permanente en el museo local.\" srcset=\"https:\/\/soymigrante.com\/revista\/wp-content\/uploads\/2023\/06\/Migrante-guatemalteca-Velvet-Hernandez-Johnson-triunfa-como-profesional-en-Estados-Unidos-y-apoya-a-migrantes-hispanos-a-traves-de-voluntariados-2-768x1024.webp 768w, https:\/\/soymigrante.com\/revista\/wp-content\/uploads\/2023\/06\/Migrante-guatemalteca-Velvet-Hernandez-Johnson-triunfa-como-profesional-en-Estados-Unidos-y-apoya-a-migrantes-hispanos-a-traves-de-voluntariados-2-225x300.webp 225w, https:\/\/soymigrante.com\/revista\/wp-content\/uploads\/2023\/06\/Migrante-guatemalteca-Velvet-Hernandez-Johnson-triunfa-como-profesional-en-Estados-Unidos-y-apoya-a-migrantes-hispanos-a-traves-de-voluntariados-2-750x1000.webp 750w, https:\/\/soymigrante.com\/revista\/wp-content\/uploads\/2023\/06\/Migrante-guatemalteca-Velvet-Hernandez-Johnson-triunfa-como-profesional-en-Estados-Unidos-y-apoya-a-migrantes-hispanos-a-traves-de-voluntariados-2.webp 960w\" sizes=\"(max-width: 768px) 100vw, 768px\" \/>\n            <\/div>\n        <\/div><div class=\"eael-entry-wrapper\"><header class=\"eael-entry-header\"><h2 class=\"eael-entry-title\"><a class=\"eael-grid-post-link\" href=\"https:\/\/soymigrante.com\/revista\/migrante-guatemalteca-apoya-a-compatriotas-en-tennessee\/\" title=\"Velvet Hern\u00e1ndez-Johnson triunfa en Tennessee y capacita a  migrantes\">Velvet Hern\u00e1ndez-Johnson triunfa en Tennessee y capacita a  migrantes<\/a><\/h2><\/header><div class=\"eael-entry-content\">\n                        <div class=\"eael-grid-post-excerpt\"><a href=\"https:\/\/soymigrante.com\/revista\/migrante-guatemalteca-apoya-a-compatriotas-en-tennessee\/\" class=\"eael-post-elements-readmore-btn\">CONOCE SU HISTORIA <\/a><\/div>\n                    <\/div><\/div><\/div>\n        <\/div>\n    <\/article><\/div>\n            <div class=\"clearfix\"><\/div>\n        <\/div>\t\t\t\t<\/div>\n\t\t\t\t\t<\/div>\n\t\t\t\t<\/div>\n\t\t\t\t<\/div>\n\t\t","protected":false},"excerpt":{"rendered":"<p>Cuando se mud\u00f3 a Estados Unidos, Marco Vinicio Villatoro solo llevaba dos mochilas, 400 d\u00f3lares y los aprendizajes de su carrera de ingeniero en sistemas y maestr\u00eda de administraci\u00f3n de negocios. As\u00ed que empez\u00f3 desde abajo: es una historia de fe, esfuerzo y altos objetivos &#8220;Lo importante no son los t\u00edtulos\u00a0 acad\u00e9micos sino el conocimiento [&hellip;]<\/p>\n","protected":false},"author":7,"featured_media":26449,"comment_status":"open","ping_status":"open","sticky":false,"template":"","format":"standard","meta":{"_acf_changed":false,"_eb_attr":"","footnotes":""},"categories":[50],"tags":[],"class_list":["post-26448","post","type-post","status-publish","format-standard","has-post-thumbnail","hentry","category-exitos"],"acf":[],"aioseo_notices":[],"aioseo_head":"\n\t\t<!-- All in One SEO Pro 4.9.6.2 - aioseo.com -->\n\t<meta name=\"description\" content=\"Exitosa profesional guatemalteca Velvet Hern\u00e1ndez-Johnson labora en una compa\u00f1\u00eda de Georgia y vive en Tennessee, en donde impulsa programas educativos para migrantes Velvet Hern\u00e1ndez no pensaba quedarse a vivir en Estados Unidos cuando migr\u00f3 en 2005 para estudiar su Bachelor en Negocios y Mercadeo, en la Universidad Harding de Arkansas. Despu\u00e9s siguieron los estudios de\" \/>\n\t<meta name=\"robots\" content=\"max-snippet:-1, max-image-preview:large, max-video-preview:-1\" \/>\n\t<meta name=\"author\" content=\"Gustavo Montenegro\"\/>\n\t<link rel=\"canonical\" href=\"https:\/\/soymigrante.com\/revista\/migrante-guatemalteca-apoya-a-compatriotas-en-tennessee\/\" \/>\n\t<meta name=\"generator\" content=\"All in One SEO Pro (AIOSEO) 4.9.6.2\" \/>\n\n\t\t<link rel=\"preconnect\" href=\"https:\/\/fonts.googleapis.com\" crossorigin>\n<link rel=\"preconnect\" href=\"https:\/\/fonts.gstatic.com\" crossorigin>\n\t\t<meta property=\"og:locale\" content=\"es_ES\" \/>\n\t\t<meta property=\"og:site_name\" content=\"SoyMigrante.com REVISTA \u2013 Nuestra misi\u00f3n es reconocer y dignificar al migrante.\" \/>\n\t\t<meta property=\"og:type\" content=\"article\" \/>\n\t\t<meta property=\"og:title\" content=\"Velvet Hern\u00e1ndez-Johnson triunfa en Tennessee y capacita a migrantes\" \/>\n\t\t<meta property=\"og:description\" content=\"Exitosa profesional guatemalteca Velvet Hern\u00e1ndez-Johnson labora en una compa\u00f1\u00eda de Georgia y vive en Tennessee, en donde impulsa programas educativos para migrantes Velvet Hern\u00e1ndez no pensaba quedarse a vivir en Estados Unidos cuando migr\u00f3 en 2005 para estudiar su Bachelor en Negocios y Mercadeo, en la Universidad Harding de Arkansas. Despu\u00e9s siguieron los estudios de\" \/>\n\t\t<meta property=\"og:url\" content=\"https:\/\/soymigrante.com\/revista\/migrante-guatemalteca-apoya-a-compatriotas-en-tennessee\/\" \/>\n\t\t<meta property=\"og:image\" content=\"https:\/\/soymigrante.com\/revista\/wp-content\/uploads\/2023\/06\/Migrante-guatemalteca-Velvet-Hernandez-Johnson-triunfa-como-profesional-en-Estados-Unidos-y-apoya-a-migrantes-hispanos-a-traves-de-voluntariados-2.webp\" \/>\n\t\t<meta property=\"og:image:secure_url\" content=\"https:\/\/soymigrante.com\/revista\/wp-content\/uploads\/2023\/06\/Migrante-guatemalteca-Velvet-Hernandez-Johnson-triunfa-como-profesional-en-Estados-Unidos-y-apoya-a-migrantes-hispanos-a-traves-de-voluntariados-2.webp\" \/>\n\t\t<meta property=\"og:image:width\" content=\"960\" \/>\n\t\t<meta property=\"og:image:height\" content=\"1280\" \/>\n\t\t<meta property=\"article:published_time\" content=\"2023-06-19T04:45:57+00:00\" \/>\n\t\t<meta property=\"article:modified_time\" content=\"2026-03-11T22:38:35+00:00\" \/>\n\t\t<meta property=\"article:publisher\" content=\"https:\/\/www.facebook.com\/soymigrantecom\" \/>\n\t\t<meta name=\"twitter:card\" content=\"summary_large_image\" \/>\n\t\t<meta name=\"twitter:site\" content=\"@SoyMigrante_com\" \/>\n\t\t<meta name=\"twitter:title\" content=\"Velvet Hern\u00e1ndez-Johnson triunfa en Tennessee y capacita a migrantes\" \/>\n\t\t<meta name=\"twitter:description\" content=\"Exitosa profesional guatemalteca Velvet Hern\u00e1ndez-Johnson labora en una compa\u00f1\u00eda de Georgia y vive en Tennessee, en donde impulsa programas educativos para migrantes Velvet Hern\u00e1ndez no pensaba quedarse a vivir en Estados Unidos cuando migr\u00f3 en 2005 para estudiar su Bachelor en Negocios y Mercadeo, en la Universidad Harding de Arkansas. Despu\u00e9s siguieron los estudios de\" \/>\n\t\t<meta name=\"twitter:creator\" content=\"@SoyMigrante_com\" \/>\n\t\t<meta name=\"twitter:image\" content=\"https:\/\/soymigrante.com\/revista\/wp-content\/uploads\/2023\/06\/Migrante-guatemalteca-Velvet-Hernandez-Johnson-triunfa-como-profesional-en-Estados-Unidos-y-apoya-a-migrantes-hispanos-a-traves-de-voluntariados-2.webp\" \/>\n\t\t<!-- All in One SEO Pro -->\r\n\t\t<title>Velvet Hern\u00e1ndez-Johnson triunfa en Tennessee y capacita a migrantes<\/title>\n\n","aioseo_head_json":{"title":"Velvet Hern\u00e1ndez-Johnson triunfa en Tennessee y capacita a migrantes","description":"Exitosa profesional guatemalteca Velvet Hern\u00e1ndez-Johnson labora en una compa\u00f1\u00eda de Georgia y vive en Tennessee, en donde impulsa programas educativos para migrantes Velvet Hern\u00e1ndez no pensaba quedarse a vivir en Estados Unidos cuando migr\u00f3 en 2005 para estudiar su Bachelor en Negocios y Mercadeo, en la Universidad Harding de Arkansas. Despu\u00e9s siguieron los estudios de","canonical_url":"https:\/\/soymigrante.com\/revista\/migrante-guatemalteca-apoya-a-compatriotas-en-tennessee\/","robots":"max-snippet:-1, max-image-preview:large, max-video-preview:-1","keywords":"","webmasterTools":{"miscellaneous":"&lt;link rel=\"preconnect\" href=\"https:\/\/fonts.googleapis.com\" crossorigin&gt;\n&lt;link rel=\"preconnect\" href=\"https:\/\/fonts.gstatic.com\" crossorigin&gt;"},"schema":null,"og:locale":"es_ES","og:site_name":"SoyMigrante.com REVISTA \u2013 Nuestra misi\u00f3n es reconocer y dignificar al migrante.","og:type":"article","og:title":"Velvet Hern\u00e1ndez-Johnson triunfa en Tennessee y capacita a migrantes","og:description":"Exitosa profesional guatemalteca Velvet Hern\u00e1ndez-Johnson labora en una compa\u00f1\u00eda de Georgia y vive en Tennessee, en donde impulsa programas educativos para migrantes Velvet Hern\u00e1ndez no pensaba quedarse a vivir en Estados Unidos cuando migr\u00f3 en 2005 para estudiar su Bachelor en Negocios y Mercadeo, en la Universidad Harding de Arkansas. Despu\u00e9s siguieron los estudios de","og:url":"https:\/\/soymigrante.com\/revista\/migrante-guatemalteca-apoya-a-compatriotas-en-tennessee\/","og:image":"https:\/\/soymigrante.com\/revista\/wp-content\/uploads\/2023\/06\/Migrante-guatemalteca-Velvet-Hernandez-Johnson-triunfa-como-profesional-en-Estados-Unidos-y-apoya-a-migrantes-hispanos-a-traves-de-voluntariados-2.webp","og:image:secure_url":"https:\/\/soymigrante.com\/revista\/wp-content\/uploads\/2023\/06\/Migrante-guatemalteca-Velvet-Hernandez-Johnson-triunfa-como-profesional-en-Estados-Unidos-y-apoya-a-migrantes-hispanos-a-traves-de-voluntariados-2.webp","og:image:width":960,"og:image:height":1280,"article:published_time":"2023-06-19T04:45:57+00:00","article:modified_time":"2026-03-11T22:38:35+00:00","article:publisher":"https:\/\/www.facebook.com\/soymigrantecom","twitter:card":"summary_large_image","twitter:site":"@SoyMigrante_com","twitter:title":"Velvet Hern\u00e1ndez-Johnson triunfa en Tennessee y capacita a migrantes","twitter:description":"Exitosa profesional guatemalteca Velvet Hern\u00e1ndez-Johnson labora en una compa\u00f1\u00eda de Georgia y vive en Tennessee, en donde impulsa programas educativos para migrantes Velvet Hern\u00e1ndez no pensaba quedarse a vivir en Estados Unidos cuando migr\u00f3 en 2005 para estudiar su Bachelor en Negocios y Mercadeo, en la Universidad Harding de Arkansas. Despu\u00e9s siguieron los estudios de","twitter:creator":"@SoyMigrante_com","twitter:image":"https:\/\/soymigrante.com\/revista\/wp-content\/uploads\/2023\/06\/Migrante-guatemalteca-Velvet-Hernandez-Johnson-triunfa-como-profesional-en-Estados-Unidos-y-apoya-a-migrantes-hispanos-a-traves-de-voluntariados-2.webp"},"aioseo_meta_data":{"post_id":"26448","title":"De valet parking a consultor de negocios: Vini Villatoro en Texas","description":"Vinicio Villatoro guatemalteco consultor empresarial en Texas considera que las claves de su \u00e9xito est\u00e1n en valores, fe y el aprendizaje. Esta es su historia","keywords":null,"keyphrases":{"focus":{"keyphrase":"Texas","score":91,"analysis":{"keyphraseInTitle":{"score":9,"maxScore":9,"error":0},"keyphraseInDescription":{"score":9,"maxScore":9,"error":0},"keyphraseLength":{"score":9,"maxScore":9,"error":0,"length":1},"keyphraseInURL":{"score":5,"maxScore":5,"error":0},"keyphraseInIntroduction":{"score":9,"maxScore":9,"error":0},"keyphraseInSubHeadings":{"score":3,"maxScore":9,"error":1},"keyphraseInImageAlt":{"score":9,"maxScore":9,"error":0},"keywordDensity":{"type":"best","score":9,"maxScore":9,"error":0}}},"additional":[{"keyphrase":"Texas","score":100,"analysis":{"keyphraseInDescription":{"score":9,"maxScore":9,"error":0},"keyphraseLength":{"score":9,"maxScore":9,"error":0,"length":1},"keyphraseInIntroduction":{"score":9,"maxScore":9,"error":0},"keyphraseInImageAlt":{"score":9,"maxScore":9,"error":0},"keywordDensity":{"type":"best","score":9,"maxScore":9,"error":0}}},{"keyphrase":"Migrante","score":67,"analysis":{"keyphraseInDescription":{"score":3,"maxScore":9,"error":1},"keyphraseLength":{"score":9,"maxScore":9,"error":0,"length":1},"keyphraseInIntroduction":{"score":9,"maxScore":9,"error":0},"keyphraseInImageAlt":{"score":9,"maxScore":9,"error":0},"keywordDensity":{"score":0,"type":"low","maxScore":9,"error":1}}},{"keyphrase":"Historia de \u00e9xito","score":40,"analysis":{"keyphraseInDescription":{"score":3,"maxScore":9,"error":1},"keyphraseLength":{"score":9,"maxScore":9,"error":0,"length":3},"keyphraseInIntroduction":{"score":3,"maxScore":9,"error":1},"keyphraseInImageAlt":{"score":3,"maxScore":9,"error":1},"keywordDensity":{"score":0,"type":"low","maxScore":9,"error":1}}},{"keyphrase":"Vini Villatoro","score":53,"analysis":{"keyphraseInDescription":{"score":3,"maxScore":9,"error":1},"keyphraseLength":{"score":9,"maxScore":9,"error":0,"length":2},"keyphraseInIntroduction":{"score":3,"maxScore":9,"error":1},"keyphraseInImageAlt":{"score":9,"maxScore":9,"error":0},"keywordDensity":{"score":0,"type":"low","maxScore":9,"error":1}}},{"keyphrase":"Valet","score":40,"analysis":{"keyphraseInDescription":{"score":3,"maxScore":9,"error":1},"keyphraseLength":{"score":9,"maxScore":9,"error":0,"length":1},"keyphraseInIntroduction":{"score":3,"maxScore":9,"error":1},"keyphraseInImageAlt":{"score":3,"maxScore":9,"error":1},"keywordDensity":{"score":0,"type":"low","maxScore":9,"error":1}}}]},"primary_term":null,"canonical_url":null,"og_title":null,"og_description":null,"og_object_type":"default","og_image_type":"default","og_image_url":null,"og_image_width":null,"og_image_height":null,"og_image_custom_url":null,"og_image_custom_fields":null,"og_video":"","og_custom_url":null,"og_article_section":null,"og_article_tags":null,"twitter_use_og":false,"twitter_card":"default","twitter_image_type":"default","twitter_image_url":null,"twitter_image_custom_url":null,"twitter_image_custom_fields":null,"twitter_title":null,"twitter_description":null,"schema":{"blockGraphs":[],"customGraphs":[],"default":{"data":{"Article":[],"Course":[],"Dataset":[],"FAQPage":[],"Movie":[],"Person":[],"Product":[],"ProductReview":[],"Car":[],"Recipe":[],"Service":[],"SoftwareApplication":[],"WebPage":[]},"graphName":"BlogPosting","isEnabled":true},"graphs":[]},"schema_type":"default","schema_type_options":null,"pillar_content":false,"robots_default":true,"robots_noindex":false,"robots_noarchive":false,"robots_nosnippet":false,"robots_nofollow":false,"robots_noimageindex":false,"robots_noodp":false,"robots_notranslate":false,"robots_max_snippet":"-1","robots_max_videopreview":"-1","robots_max_imagepreview":"large","priority":null,"frequency":"default","local_seo":null,"seo_analyzer_scan_date":"2025-10-09 02:58:25","breadcrumb_settings":null,"limit_modified_date":false,"reviewed_by":null,"open_ai":"{\"title\":{\"suggestions\":[],\"usage\":0},\"description\":{\"suggestions\":[],\"usage\":0}}","ai":null,"created":"2025-02-26 17:02:30","updated":"2026-02-04 21:50:37"},"aioseo_breadcrumb":"<div class=\"aioseo-breadcrumbs\"><span class=\"aioseo-breadcrumb\">\n\t<a href=\"https:\/\/soymigrante.com\/revista\" title=\"Home\">Home<\/a>\n<\/span><span class=\"aioseo-breadcrumb-separator\">\u00bb<\/span><span class=\"aioseo-breadcrumb\">\n\t<a href=\"https:\/\/soymigrante.com\/revista\/category\/exitos\/\" title=\"\u00c9xitos\">\u00c9xitos<\/a>\n<\/span><span class=\"aioseo-breadcrumb-separator\">\u00bb<\/span><span class=\"aioseo-breadcrumb\">\n\tDe valet parking a consultor empresarial global: el \u00e9xito de Vini Villatoro, guatemalteco en Texas\n<\/span><\/div>","aioseo_breadcrumb_json":[{"label":"Home","link":"https:\/\/soymigrante.com\/revista"},{"label":"\u00c9xitos","link":"https:\/\/soymigrante.com\/revista\/category\/exitos\/"},{"label":"De valet parking a consultor empresarial global: el \u00e9xito de Vini Villatoro, guatemalteco en Texas","link":"https:\/\/soymigrante.com\/revista\/de-valet-parking-a-consultor-empresarial-global-el-exito-de-vini-villatoro-guatemalteco-en-texas\/"}],"_links":{"self":[{"href":"https:\/\/soymigrante.com\/revista\/wp-json\/wp\/v2\/posts\/26448","targetHints":{"allow":["GET"]}}],"collection":[{"href":"https:\/\/soymigrante.com\/revista\/wp-json\/wp\/v2\/posts"}],"about":[{"href":"https:\/\/soymigrante.com\/revista\/wp-json\/wp\/v2\/types\/post"}],"author":[{"embeddable":true,"href":"https:\/\/soymigrante.com\/revista\/wp-json\/wp\/v2\/users\/7"}],"replies":[{"embeddable":true,"href":"https:\/\/soymigrante.com\/revista\/wp-json\/wp\/v2\/comments?post=26448"}],"version-history":[{"count":3,"href":"https:\/\/soymigrante.com\/revista\/wp-json\/wp\/v2\/posts\/26448\/revisions"}],"predecessor-version":[{"id":34941,"href":"https:\/\/soymigrante.com\/revista\/wp-json\/wp\/v2\/posts\/26448\/revisions\/34941"}],"wp:featuredmedia":[{"embeddable":true,"href":"https:\/\/soymigrante.com\/revista\/wp-json\/wp\/v2\/media\/26449"}],"wp:attachment":[{"href":"https:\/\/soymigrante.com\/revista\/wp-json\/wp\/v2\/media?parent=26448"}],"wp:term":[{"taxonomy":"category","embeddable":true,"href":"https:\/\/soymigrante.com\/revista\/wp-json\/wp\/v2\/categories?post=26448"},{"taxonomy":"post_tag","embeddable":true,"href":"https:\/\/soymigrante.com\/revista\/wp-json\/wp\/v2\/tags?post=26448"}],"curies":[{"name":"wp","href":"https:\/\/api.w.org\/{rel}","templated":true}]}}