{"id":26426,"date":"2025-02-27T06:00:00","date_gmt":"2025-02-27T12:00:00","guid":{"rendered":"https:\/\/soymigrante.com\/revista\/?p=26426"},"modified":"2025-03-10T12:26:12","modified_gmt":"2025-03-10T18:26:12","slug":"en-la-era-digital-los-ninos-deben-tener-tambien-descanso-de-la-tecnologia","status":"publish","type":"post","link":"https:\/\/soymigrante.com\/revista\/en-la-era-digital-los-ninos-deben-tener-tambien-descanso-de-la-tecnologia\/","title":{"rendered":"En la era digital, los ni\u00f1os deben tener tambi\u00e9n descanso de la tecnolog\u00eda"},"content":{"rendered":"\t\t<div data-elementor-type=\"wp-post\" data-elementor-id=\"26426\" class=\"elementor elementor-26426\" data-elementor-post-type=\"post\">\n\t\t\t\t<div data-particle_enable=\"false\" data-particle-mobile-disabled=\"false\" class=\"elementor-element elementor-element-8e98e5c e-flex e-con-boxed e-con e-parent\" data-id=\"8e98e5c\" data-element_type=\"container\" data-e-type=\"container\">\n\t\t\t\t\t<div class=\"e-con-inner\">\n\t\t\t\t<div class=\"elementor-element elementor-element-4a9ff22 elementor-widget elementor-widget-heading\" data-id=\"4a9ff22\" data-element_type=\"widget\" data-e-type=\"widget\" data-widget_type=\"heading.default\">\n\t\t\t\t\t<h2 class=\"elementor-heading-title elementor-size-default\">Los ni\u00f1os est\u00e1n creciendo en plena era digital, pero es vital alejarlos un momento de la tecnolog\u00eda. <\/h2>\t\t\t\t<\/div>\n\t\t\t\t\t<\/div>\n\t\t\t\t<\/div>\n\t\t<div data-particle_enable=\"false\" data-particle-mobile-disabled=\"false\" class=\"elementor-element elementor-element-e185f84 e-flex e-con-boxed e-con e-parent\" data-id=\"e185f84\" data-element_type=\"container\" data-e-type=\"container\">\n\t\t\t\t\t<div class=\"e-con-inner\">\n\t\t\t\t<div class=\"elementor-element elementor-element-548337f elementor-widget elementor-widget-text-editor\" data-id=\"548337f\" data-element_type=\"widget\" data-e-type=\"widget\" data-widget_type=\"text-editor.default\">\n\t\t\t\t\t\t\t\t\t<p>En la actualidad, el uso excesivo de la tecnolog\u00eda en la infancia se ha convertido en una preocupaci\u00f3n creciente.<\/p><p>Cada vez es m\u00e1s com\u00fan ver a ni\u00f1os pegados a pantallas de tabletas, tel\u00e9fonos o televisores, lo que afecta su desarrollo social y su capacidad para relacionarse con otros. Documentales como <a href=\"https:\/\/thesocialdilemma.com\/\" target=\"_blank\" rel=\"noopener\">The Social Dilemma<\/a> han expuesto los efectos negativos de la tecnolog\u00eda en los ni\u00f1os, <a href=\"https:\/\/soymigrante.com\/revista\/hablarles-a-los-hijos-con-la-verdad-siempre-sera-el-camino\/\" target=\"_blank\" rel=\"noopener\">evidenciando c\u00f3mo las redes sociales y los dispositivos digitales pueden generar adicci\u00f3n y afectar su bienestar emocional.<\/a><\/p>\t\t\t\t\t\t\t\t<\/div>\n\t\t\t\t\t<\/div>\n\t\t\t\t<\/div>\n\t\t<div data-particle_enable=\"false\" data-particle-mobile-disabled=\"false\" class=\"elementor-element elementor-element-dfdcded e-flex e-con-boxed e-con e-parent\" data-id=\"dfdcded\" data-element_type=\"container\" data-e-type=\"container\">\n\t\t\t\t\t<div class=\"e-con-inner\">\n\t\t\t\t<div class=\"elementor-element elementor-element-84f2f81 elementor-widget elementor-widget-heading\" data-id=\"84f2f81\" data-element_type=\"widget\" data-e-type=\"widget\" data-widget_type=\"heading.default\">\n\t\t\t\t\t<h3 class=\"elementor-heading-title elementor-size-default\">\u00bfPor qu\u00e9 es importante limitar el uso de la tecnolog\u00eda en ni\u00f1os?<\/h3>\t\t\t\t<\/div>\n\t\t\t\t\t<\/div>\n\t\t\t\t<\/div>\n\t\t<div data-particle_enable=\"false\" data-particle-mobile-disabled=\"false\" class=\"elementor-element elementor-element-535d941 e-flex e-con-boxed e-con e-parent\" data-id=\"535d941\" data-element_type=\"container\" data-e-type=\"container\">\n\t\t\t\t\t<div class=\"e-con-inner\">\n\t\t\t\t<div class=\"elementor-element elementor-element-0d118db elementor-widget elementor-widget-text-editor\" data-id=\"0d118db\" data-element_type=\"widget\" data-e-type=\"widget\" data-widget_type=\"text-editor.default\">\n\t\t\t\t\t\t\t\t\t<div>El exceso de tiempo frente a las pantallas puede traer consecuencias como:<\/div><div><strong>\u2022Dificultades en la interacci\u00f3n social:<\/strong> <a href=\"https:\/\/soymigrante.com\/revista\/hablarles-a-los-hijos-con-la-verdad-siempre-sera-el-camino\/\" target=\"_blank\" rel=\"noopener\">Los ni\u00f1os que pasan demasiado tiempo con dispositivos pueden tener problemas para comunicarse<\/a> y jugar con otros en espacios como el k\u00ednder o la escuela.<\/div><div>\u2022<strong>D\u00e9ficit de atenci\u00f3n:<\/strong> La exposici\u00f3n prolongada a videos cortos o juegos r\u00e1pidos reduce la capacidad de concentraci\u00f3n.<\/div><div><strong>\u2022Impacto en la salud f\u00edsica:<\/strong> Puede causar sedentarismo, problemas de visi\u00f3n y afectar el sue\u00f1o.<\/div>\t\t\t\t\t\t\t\t<\/div>\n\t\t\t\t\t<\/div>\n\t\t\t\t<\/div>\n\t\t<div data-particle_enable=\"false\" data-particle-mobile-disabled=\"false\" class=\"elementor-element elementor-element-f09d51f e-flex e-con-boxed e-con e-parent\" data-id=\"f09d51f\" data-element_type=\"container\" data-e-type=\"container\">\n\t\t\t\t\t<div class=\"e-con-inner\">\n\t\t\t\t<div class=\"elementor-element elementor-element-7c0d288 elementor-widget elementor-widget-image\" data-id=\"7c0d288\" data-element_type=\"widget\" data-e-type=\"widget\" data-widget_type=\"image.default\">\n\t\t\t\t\t\t\t\t\t\t\t\t<figure class=\"wp-caption\">\n\t\t\t\t\t\t\t\t\t\t<img fetchpriority=\"high\" decoding=\"async\" width=\"768\" height=\"512\" src=\"https:\/\/soymigrante.com\/revista\/wp-content\/uploads\/2025\/02\/Co\u0301mo-alejar-a-los-nin\u0303os-de-la-tecnologi\u0301a-en-la-era-digital-1-1024x683.jpg\" class=\"attachment-large size-large wp-image-26434\" alt=\"C\u00f3mo alejar a los ni\u00f1os de la tecnolog\u00eda en la era digital\" srcset=\"https:\/\/soymigrante.com\/revista\/wp-content\/uploads\/2025\/02\/Co\u0301mo-alejar-a-los-nin\u0303os-de-la-tecnologi\u0301a-en-la-era-digital-1-1024x683.jpg 1024w, https:\/\/soymigrante.com\/revista\/wp-content\/uploads\/2025\/02\/Co\u0301mo-alejar-a-los-nin\u0303os-de-la-tecnologi\u0301a-en-la-era-digital-1-300x200.jpg 300w, https:\/\/soymigrante.com\/revista\/wp-content\/uploads\/2025\/02\/Co\u0301mo-alejar-a-los-nin\u0303os-de-la-tecnologi\u0301a-en-la-era-digital-1-768x512.jpg 768w, https:\/\/soymigrante.com\/revista\/wp-content\/uploads\/2025\/02\/Co\u0301mo-alejar-a-los-nin\u0303os-de-la-tecnologi\u0301a-en-la-era-digital-1-1536x1024.jpg 1536w, https:\/\/soymigrante.com\/revista\/wp-content\/uploads\/2025\/02\/Co\u0301mo-alejar-a-los-nin\u0303os-de-la-tecnologi\u0301a-en-la-era-digital-1-2048x1365.jpg 2048w, https:\/\/soymigrante.com\/revista\/wp-content\/uploads\/2025\/02\/Co\u0301mo-alejar-a-los-nin\u0303os-de-la-tecnologi\u0301a-en-la-era-digital-1-750x500.webp 750w, https:\/\/soymigrante.com\/revista\/wp-content\/uploads\/2025\/02\/Co\u0301mo-alejar-a-los-nin\u0303os-de-la-tecnologi\u0301a-en-la-era-digital-1-1140x760.webp 1140w, https:\/\/soymigrante.com\/revista\/wp-content\/uploads\/2025\/02\/Co\u0301mo-alejar-a-los-nin\u0303os-de-la-tecnologi\u0301a-en-la-era-digital-1-scaled.webp 1920w\" sizes=\"(max-width: 768px) 100vw, 768px\" title=\"Co\u0301mo alejar a los nin\u0303os de la tecnologi\u0301a en la era digital 1 \u2013 SoyMigrante.com REVISTA\" \/>\t\t\t\t\t\t\t\t\t\t\t<figcaption class=\"widget-image-caption wp-caption-text\">Los ni\u00f1os deben aprender a relacionarse con otros ni\u00f1os y personas. (Foto: Pexels)<\/figcaption>\n\t\t\t\t\t\t\t\t\t\t<\/figure>\n\t\t\t\t\t\t\t\t\t<\/div>\n\t\t\t\t\t<\/div>\n\t\t\t\t<\/div>\n\t\t<div data-particle_enable=\"false\" data-particle-mobile-disabled=\"false\" class=\"elementor-element elementor-element-570a721 e-flex e-con-boxed e-con e-parent\" data-id=\"570a721\" data-element_type=\"container\" data-e-type=\"container\">\n\t\t\t\t\t<div class=\"e-con-inner\">\n\t\t\t\t<div class=\"elementor-element elementor-element-aa7b3de elementor-widget elementor-widget-heading\" data-id=\"aa7b3de\" data-element_type=\"widget\" data-e-type=\"widget\" data-widget_type=\"heading.default\">\n\t\t\t\t\t<h3 class=\"elementor-heading-title elementor-size-default\">Recomendaciones para reducir el tiempo de pantalla en los ni\u00f1os<\/h3>\t\t\t\t<\/div>\n\t\t\t\t\t<\/div>\n\t\t\t\t<\/div>\n\t\t<div data-particle_enable=\"false\" data-particle-mobile-disabled=\"false\" class=\"elementor-element elementor-element-60540ad e-flex e-con-boxed e-con e-parent\" data-id=\"60540ad\" data-element_type=\"container\" data-e-type=\"container\">\n\t\t\t\t\t<div class=\"e-con-inner\">\n\t\t\t\t<div class=\"elementor-element elementor-element-5080e73 elementor-widget elementor-widget-heading\" data-id=\"5080e73\" data-element_type=\"widget\" data-e-type=\"widget\" data-widget_type=\"heading.default\">\n\t\t\t\t\t<h3 class=\"elementor-heading-title elementor-size-default\">1. Crear horarios sin tecnolog\u00eda<\/h3>\t\t\t\t<\/div>\n\t\t\t\t\t<\/div>\n\t\t\t\t<\/div>\n\t\t<div data-particle_enable=\"false\" data-particle-mobile-disabled=\"false\" class=\"elementor-element elementor-element-7c94a50 e-flex e-con-boxed e-con e-parent\" data-id=\"7c94a50\" data-element_type=\"container\" data-e-type=\"container\">\n\t\t\t\t\t<div class=\"e-con-inner\">\n\t\t\t\t<div class=\"elementor-element elementor-element-a7b6fee elementor-widget elementor-widget-text-editor\" data-id=\"a7b6fee\" data-element_type=\"widget\" data-e-type=\"widget\" data-widget_type=\"text-editor.default\">\n\t\t\t\t\t\t\t\t\t<p>Es importante establecer l\u00edmites de tiempo para el uso de dispositivos. Se recomienda que los ni\u00f1os menores de 5 a\u00f1os no pasen m\u00e1s de una hora diaria frente a pantallas, seg\u00fan la OMS.<\/p>\t\t\t\t\t\t\t\t<\/div>\n\t\t\t\t\t<\/div>\n\t\t\t\t<\/div>\n\t\t<div data-particle_enable=\"false\" data-particle-mobile-disabled=\"false\" class=\"elementor-element elementor-element-807ff76 e-flex e-con-boxed e-con e-parent\" data-id=\"807ff76\" data-element_type=\"container\" data-e-type=\"container\">\n\t\t\t\t\t<div class=\"e-con-inner\">\n\t\t\t\t<div class=\"elementor-element elementor-element-af6c28f elementor-widget elementor-widget-heading\" data-id=\"af6c28f\" data-element_type=\"widget\" data-e-type=\"widget\" data-widget_type=\"heading.default\">\n\t\t\t\t\t<h3 class=\"elementor-heading-title elementor-size-default\">2. Fomentar actividades al aire libre<\/h3>\t\t\t\t<\/div>\n\t\t\t\t\t<\/div>\n\t\t\t\t<\/div>\n\t\t<div data-particle_enable=\"false\" data-particle-mobile-disabled=\"false\" class=\"elementor-element elementor-element-32f5903 e-flex e-con-boxed e-con e-parent\" data-id=\"32f5903\" data-element_type=\"container\" data-e-type=\"container\">\n\t\t\t\t\t<div class=\"e-con-inner\">\n\t\t\t\t<div class=\"elementor-element elementor-element-77498dd elementor-widget elementor-widget-text-editor\" data-id=\"77498dd\" data-element_type=\"widget\" data-e-type=\"widget\" data-widget_type=\"text-editor.default\">\n\t\t\t\t\t\t\t\t\t<p>Llevar a los ni\u00f1os a parques, jugar con ellos y <a href=\"https:\/\/soymigrante.com\/revista\/hablarles-a-los-hijos-con-la-verdad-siempre-sera-el-camino\/\" target=\"_blank\" rel=\"noopener\">promover deportes ayuda a que desarrollen habilidades sociales<\/a> y se mantengan activos f\u00edsicamente.<\/p>\t\t\t\t\t\t\t\t<\/div>\n\t\t\t\t\t<\/div>\n\t\t\t\t<\/div>\n\t\t<div data-particle_enable=\"false\" data-particle-mobile-disabled=\"false\" class=\"elementor-element elementor-element-5147662 e-flex e-con-boxed e-con e-parent\" data-id=\"5147662\" data-element_type=\"container\" data-e-type=\"container\">\n\t\t\t\t\t<div class=\"e-con-inner\">\n\t\t\t\t<div class=\"elementor-element elementor-element-b6fccd2 elementor-widget elementor-widget-heading\" data-id=\"b6fccd2\" data-element_type=\"widget\" data-e-type=\"widget\" data-widget_type=\"heading.default\">\n\t\t\t\t\t<h3 class=\"elementor-heading-title elementor-size-default\">3. Incentivar el juego creativo<\/h3>\t\t\t\t<\/div>\n\t\t\t\t\t<\/div>\n\t\t\t\t<\/div>\n\t\t<div data-particle_enable=\"false\" data-particle-mobile-disabled=\"false\" class=\"elementor-element elementor-element-24d3d38 e-flex e-con-boxed e-con e-parent\" data-id=\"24d3d38\" data-element_type=\"container\" data-e-type=\"container\">\n\t\t\t\t\t<div class=\"e-con-inner\">\n\t\t\t\t<div class=\"elementor-element elementor-element-1bfa7d1 elementor-widget elementor-widget-text-editor\" data-id=\"1bfa7d1\" data-element_type=\"widget\" data-e-type=\"widget\" data-widget_type=\"text-editor.default\">\n\t\t\t\t\t\t\t\t\t<p>Juegos de mesa, manualidades, rompecabezas o lectura pueden ser alternativas entretenidas para reemplazar el tiempo de pantalla.<\/p>\t\t\t\t\t\t\t\t<\/div>\n\t\t\t\t\t<\/div>\n\t\t\t\t<\/div>\n\t\t<div data-particle_enable=\"false\" data-particle-mobile-disabled=\"false\" class=\"elementor-element elementor-element-f8c3496 e-flex e-con-boxed e-con e-parent\" data-id=\"f8c3496\" data-element_type=\"container\" data-e-type=\"container\">\n\t\t\t\t\t<div class=\"e-con-inner\">\n\t\t\t\t<div class=\"elementor-element elementor-element-c0c4671 elementor-widget elementor-widget-image\" data-id=\"c0c4671\" data-element_type=\"widget\" data-e-type=\"widget\" data-widget_type=\"image.default\">\n\t\t\t\t\t\t\t\t\t\t\t\t<figure class=\"wp-caption\">\n\t\t\t\t\t\t\t\t\t\t<img decoding=\"async\" width=\"768\" height=\"512\" src=\"https:\/\/soymigrante.com\/revista\/wp-content\/uploads\/2025\/02\/Co\u0301mo-alejar-a-los-nin\u0303os-de-la-tecnologi\u0301a-en-la-era-digital-2-1024x683.jpg\" class=\"attachment-large size-large wp-image-26432\" alt=\"C\u00f3mo alejar a los ni\u00f1os de la tecnolog\u00eda en la era digital\" srcset=\"https:\/\/soymigrante.com\/revista\/wp-content\/uploads\/2025\/02\/Co\u0301mo-alejar-a-los-nin\u0303os-de-la-tecnologi\u0301a-en-la-era-digital-2-1024x683.jpg 1024w, https:\/\/soymigrante.com\/revista\/wp-content\/uploads\/2025\/02\/Co\u0301mo-alejar-a-los-nin\u0303os-de-la-tecnologi\u0301a-en-la-era-digital-2-300x200.jpg 300w, https:\/\/soymigrante.com\/revista\/wp-content\/uploads\/2025\/02\/Co\u0301mo-alejar-a-los-nin\u0303os-de-la-tecnologi\u0301a-en-la-era-digital-2-768x512.jpg 768w, https:\/\/soymigrante.com\/revista\/wp-content\/uploads\/2025\/02\/Co\u0301mo-alejar-a-los-nin\u0303os-de-la-tecnologi\u0301a-en-la-era-digital-2-1536x1024.jpg 1536w, https:\/\/soymigrante.com\/revista\/wp-content\/uploads\/2025\/02\/Co\u0301mo-alejar-a-los-nin\u0303os-de-la-tecnologi\u0301a-en-la-era-digital-2-2048x1366.jpg 2048w, https:\/\/soymigrante.com\/revista\/wp-content\/uploads\/2025\/02\/Co\u0301mo-alejar-a-los-nin\u0303os-de-la-tecnologi\u0301a-en-la-era-digital-2-750x500.webp 750w, https:\/\/soymigrante.com\/revista\/wp-content\/uploads\/2025\/02\/Co\u0301mo-alejar-a-los-nin\u0303os-de-la-tecnologi\u0301a-en-la-era-digital-2-1140x760.webp 1140w, https:\/\/soymigrante.com\/revista\/wp-content\/uploads\/2025\/02\/Co\u0301mo-alejar-a-los-nin\u0303os-de-la-tecnologi\u0301a-en-la-era-digital-2-scaled.webp 1920w\" sizes=\"(max-width: 768px) 100vw, 768px\" title=\"Co\u0301mo alejar a los nin\u0303os de la tecnologi\u0301a en la era digital 2 \u2013 SoyMigrante.com REVISTA\" \/>\t\t\t\t\t\t\t\t\t\t\t<figcaption class=\"widget-image-caption wp-caption-text\">Una t\u00e9cnica para que los ni\u00f1os dejen las pantallas es jugar con ellos al aire libre. (Foto: Pexels)<\/figcaption>\n\t\t\t\t\t\t\t\t\t\t<\/figure>\n\t\t\t\t\t\t\t\t\t<\/div>\n\t\t\t\t\t<\/div>\n\t\t\t\t<\/div>\n\t\t<div data-particle_enable=\"false\" data-particle-mobile-disabled=\"false\" class=\"elementor-element elementor-element-6c7e9ea e-flex e-con-boxed e-con e-parent\" data-id=\"6c7e9ea\" data-element_type=\"container\" data-e-type=\"container\">\n\t\t\t\t\t<div class=\"e-con-inner\">\n\t\t\t\t<div class=\"elementor-element elementor-element-a0df15a elementor-widget elementor-widget-heading\" data-id=\"a0df15a\" data-element_type=\"widget\" data-e-type=\"widget\" data-widget_type=\"heading.default\">\n\t\t\t\t\t<h3 class=\"elementor-heading-title elementor-size-default\">4. Compartir tiempo en familia sin dispositivos<\/h3>\t\t\t\t<\/div>\n\t\t\t\t\t<\/div>\n\t\t\t\t<\/div>\n\t\t<div data-particle_enable=\"false\" data-particle-mobile-disabled=\"false\" class=\"elementor-element elementor-element-04a8f19 e-flex e-con-boxed e-con e-parent\" data-id=\"04a8f19\" data-element_type=\"container\" data-e-type=\"container\">\n\t\t\t\t\t<div class=\"e-con-inner\">\n\t\t\t\t<div class=\"elementor-element elementor-element-a4ca380 elementor-widget elementor-widget-text-editor\" data-id=\"a4ca380\" data-element_type=\"widget\" data-e-type=\"widget\" data-widget_type=\"text-editor.default\">\n\t\t\t\t\t\t\t\t\t<p>Establecer momentos del d\u00eda sin pantallas, como la hora de la comida o antes de dormir, <a href=\"https:\/\/soymigrante.com\/revista\/hablarles-a-los-hijos-con-la-verdad-siempre-sera-el-camino\/\" target=\"_blank\" rel=\"noopener\">refuerza la comunicaci\u00f3n y el v\u00ednculo familiar.<\/a><\/p>\t\t\t\t\t\t\t\t<\/div>\n\t\t\t\t\t<\/div>\n\t\t\t\t<\/div>\n\t\t<div data-particle_enable=\"false\" data-particle-mobile-disabled=\"false\" class=\"elementor-element elementor-element-b4e1ee2 e-flex e-con-boxed e-con e-parent\" data-id=\"b4e1ee2\" data-element_type=\"container\" data-e-type=\"container\">\n\t\t\t\t\t<div class=\"e-con-inner\">\n\t\t\t\t<div class=\"elementor-element elementor-element-3d21de5 elementor-widget elementor-widget-heading\" data-id=\"3d21de5\" data-element_type=\"widget\" data-e-type=\"widget\" data-widget_type=\"heading.default\">\n\t\t\t\t\t<h3 class=\"elementor-heading-title elementor-size-default\">5. Inscribirlos en actividades grupales<\/h3>\t\t\t\t<\/div>\n\t\t\t\t\t<\/div>\n\t\t\t\t<\/div>\n\t\t<div data-particle_enable=\"false\" data-particle-mobile-disabled=\"false\" class=\"elementor-element elementor-element-5b1c1fa e-flex e-con-boxed e-con e-parent\" data-id=\"5b1c1fa\" data-element_type=\"container\" data-e-type=\"container\">\n\t\t\t\t\t<div class=\"e-con-inner\">\n\t\t\t\t<div class=\"elementor-element elementor-element-ac49279 elementor-widget elementor-widget-text-editor\" data-id=\"ac49279\" data-element_type=\"widget\" data-e-type=\"widget\" data-widget_type=\"text-editor.default\">\n\t\t\t\t\t\t\t\t\t<p>Clases de arte, deportes o m\u00fasica les permiten interactuar con otros ni\u00f1os y fortalecer sus habilidades sociales.<\/p>\t\t\t\t\t\t\t\t<\/div>\n\t\t\t\t\t<\/div>\n\t\t\t\t<\/div>\n\t\t<div data-particle_enable=\"false\" data-particle-mobile-disabled=\"false\" class=\"elementor-element elementor-element-5f46a05 e-flex e-con-boxed e-con e-parent\" data-id=\"5f46a05\" data-element_type=\"container\" data-e-type=\"container\">\n\t\t\t\t\t<div class=\"e-con-inner\">\n\t\t\t\t<div class=\"elementor-element elementor-element-7974b8d elementor-widget elementor-widget-image\" data-id=\"7974b8d\" data-element_type=\"widget\" data-e-type=\"widget\" data-widget_type=\"image.default\">\n\t\t\t\t\t\t\t\t\t\t\t\t<figure class=\"wp-caption\">\n\t\t\t\t\t\t\t\t\t\t<img decoding=\"async\" width=\"768\" height=\"512\" src=\"https:\/\/soymigrante.com\/revista\/wp-content\/uploads\/2025\/02\/Co\u0301mo-alejar-a-los-nin\u0303os-de-la-tecnologi\u0301a-en-la-era-digital-3-1024x683.jpg\" class=\"attachment-large size-large wp-image-26433\" alt=\"C\u00f3mo alejar a los ni\u00f1os de la tecnolog\u00eda en la era digital\" srcset=\"https:\/\/soymigrante.com\/revista\/wp-content\/uploads\/2025\/02\/Co\u0301mo-alejar-a-los-nin\u0303os-de-la-tecnologi\u0301a-en-la-era-digital-3-1024x683.jpg 1024w, https:\/\/soymigrante.com\/revista\/wp-content\/uploads\/2025\/02\/Co\u0301mo-alejar-a-los-nin\u0303os-de-la-tecnologi\u0301a-en-la-era-digital-3-300x200.jpg 300w, https:\/\/soymigrante.com\/revista\/wp-content\/uploads\/2025\/02\/Co\u0301mo-alejar-a-los-nin\u0303os-de-la-tecnologi\u0301a-en-la-era-digital-3-768x512.jpg 768w, https:\/\/soymigrante.com\/revista\/wp-content\/uploads\/2025\/02\/Co\u0301mo-alejar-a-los-nin\u0303os-de-la-tecnologi\u0301a-en-la-era-digital-3-1536x1024.jpg 1536w, https:\/\/soymigrante.com\/revista\/wp-content\/uploads\/2025\/02\/Co\u0301mo-alejar-a-los-nin\u0303os-de-la-tecnologi\u0301a-en-la-era-digital-3-2048x1365.jpg 2048w, https:\/\/soymigrante.com\/revista\/wp-content\/uploads\/2025\/02\/Co\u0301mo-alejar-a-los-nin\u0303os-de-la-tecnologi\u0301a-en-la-era-digital-3-750x500.webp 750w, https:\/\/soymigrante.com\/revista\/wp-content\/uploads\/2025\/02\/Co\u0301mo-alejar-a-los-nin\u0303os-de-la-tecnologi\u0301a-en-la-era-digital-3-1140x760.webp 1140w, https:\/\/soymigrante.com\/revista\/wp-content\/uploads\/2025\/02\/Co\u0301mo-alejar-a-los-nin\u0303os-de-la-tecnologi\u0301a-en-la-era-digital-3-scaled.webp 1920w\" sizes=\"(max-width: 768px) 100vw, 768px\" title=\"Co\u0301mo alejar a los nin\u0303os de la tecnologi\u0301a en la era digital 3 \u2013 SoyMigrante.com REVISTA\" \/>\t\t\t\t\t\t\t\t\t\t\t<figcaption class=\"widget-image-caption wp-caption-text\">Los padres deben estar pendientes de que ven sus hijos en las redes. (Foto: Pexels)<\/figcaption>\n\t\t\t\t\t\t\t\t\t\t<\/figure>\n\t\t\t\t\t\t\t\t\t<\/div>\n\t\t\t\t\t<\/div>\n\t\t\t\t<\/div>\n\t\t<div data-particle_enable=\"false\" data-particle-mobile-disabled=\"false\" class=\"elementor-element elementor-element-6766b52 e-flex e-con-boxed e-con e-parent\" data-id=\"6766b52\" data-element_type=\"container\" data-e-type=\"container\">\n\t\t\t\t\t<div class=\"e-con-inner\">\n\t\t\t\t<div class=\"elementor-element elementor-element-a80e4cc elementor-widget elementor-widget-text-editor\" data-id=\"a80e4cc\" data-element_type=\"widget\" data-e-type=\"widget\" data-widget_type=\"text-editor.default\">\n\t\t\t\t\t\t\t\t\t<p>El reto no es eliminar por completo la tecnolog\u00eda, <a href=\"https:\/\/soymigrante.com\/revista\/hablarles-a-los-hijos-con-la-verdad-siempre-sera-el-camino\/\" target=\"_blank\" rel=\"noopener\">sino encontrar un equilibrio que permita a los ni\u00f1os desarrollarse<\/a> de manera sana y disfrutar de experiencias reales que fortalezcan sus relaciones personales.<\/p>\t\t\t\t\t\t\t\t<\/div>\n\t\t\t\t\t<\/div>\n\t\t\t\t<\/div>\n\t\t<div data-particle_enable=\"false\" data-particle-mobile-disabled=\"false\" class=\"elementor-element elementor-element-840b049 e-flex e-con-boxed e-con e-parent\" data-id=\"840b049\" data-element_type=\"container\" data-e-type=\"container\">\n\t\t\t\t\t<div class=\"e-con-inner\">\n\t\t\t\t<div class=\"elementor-element elementor-element-0b6be83 elementor-widget elementor-widget-heading\" data-id=\"0b6be83\" data-element_type=\"widget\" data-e-type=\"widget\" data-widget_type=\"heading.default\">\n\t\t\t\t\t<h2 class=\"elementor-heading-title elementor-size-default\">Conoce qu\u00e9 actividades puedes hacer con tus hijos...<\/h2>\t\t\t\t<\/div>\n\t\t\t\t\t<\/div>\n\t\t\t\t<\/div>\n\t\t<div data-particle_enable=\"false\" data-particle-mobile-disabled=\"false\" class=\"elementor-element elementor-element-a6ba506 e-flex e-con-boxed e-con e-parent\" data-id=\"a6ba506\" data-element_type=\"container\" data-e-type=\"container\">\n\t\t\t\t\t<div class=\"e-con-inner\">\n\t\t\t\t<div class=\"elementor-element elementor-element-dd16f2e elementor-grid-eael-col-3 elementor-grid-tablet-eael-col-2 elementor-grid-mobile-eael-col-1 elementor-widget elementor-widget-eael-post-grid\" data-id=\"dd16f2e\" data-element_type=\"widget\" data-e-type=\"widget\" data-settings=\"{&quot;eael_post_grid_columns&quot;:&quot;eael-col-3&quot;,&quot;eael_post_grid_columns_tablet&quot;:&quot;eael-col-2&quot;,&quot;eael_post_grid_columns_mobile&quot;:&quot;eael-col-1&quot;}\" data-widget_type=\"eael-post-grid.default\">\n\t\t\t\t\t<div id=\"eael-post-grid-dd16f2e\" class=\"eael-post-grid-container\">\n            <div class=\"eael-post-grid eael-post-appender eael-post-appender-dd16f2e eael-post-grid-style-one\" data-layout-mode=\"masonry\"><article class=\"eael-grid-post  eael-post-grid-column eael-pg-post-8254 category-bienestar\" data-id=\"8254\">\n        <div class=\"eael-grid-post-holder\">\n            <div class=\"eael-grid-post-holder-inner\"><div class=\"eael-entry-media\"><div class=\"eael-entry-overlay fade-in\"><i class=\"far fa-hand-pointer\" aria-hidden=\"true\"><\/i><a href=\"https:\/\/soymigrante.com\/revista\/hablarles-a-los-hijos-con-la-verdad-siempre-sera-el-camino\/\"><\/a><\/div><div class=\"eael-entry-thumbnail \">\n                <img loading=\"lazy\" decoding=\"async\" width=\"771\" height=\"771\" src=\"https:\/\/soymigrante.com\/revista\/wp-content\/uploads\/2024\/08\/familia-hablarle-hijos.webp\" class=\"attachment-large size-large wp-image-8286\" alt=\"Familia en silhouette disfrutando del atardecer, simbolizando uni\u00f3n y esperanza, en una imagen inspiradora sobre migraci\u00f3n y comunidad en SoyMigrante.com REVISTA.\" srcset=\"https:\/\/soymigrante.com\/revista\/wp-content\/uploads\/2024\/08\/familia-hablarle-hijos.webp 771w, https:\/\/soymigrante.com\/revista\/wp-content\/uploads\/2024\/08\/familia-hablarle-hijos-300x300.webp 300w, https:\/\/soymigrante.com\/revista\/wp-content\/uploads\/2024\/08\/familia-hablarle-hijos-150x150.webp 150w, https:\/\/soymigrante.com\/revista\/wp-content\/uploads\/2024\/08\/familia-hablarle-hijos-768x768.webp 768w, https:\/\/soymigrante.com\/revista\/wp-content\/uploads\/2024\/08\/familia-hablarle-hijos-75x75.webp 75w, https:\/\/soymigrante.com\/revista\/wp-content\/uploads\/2024\/08\/familia-hablarle-hijos-750x750.webp 750w\" sizes=\"(max-width: 771px) 100vw, 771px\" \/>\n            <\/div>\n        <\/div><div class=\"eael-entry-wrapper\"><header class=\"eael-entry-header\"><h2 class=\"eael-entry-title\"><a class=\"eael-grid-post-link\" href=\"https:\/\/soymigrante.com\/revista\/hablarles-a-los-hijos-con-la-verdad-siempre-sera-el-camino\/\" title=\"Hablarles a los hijos con la verdad, siempre ser\u00e1 el camino\">Hablarles a los hijos con la verdad, siempre ser\u00e1 el camino<\/a><\/h2><\/header><div class=\"eael-entry-content\">\n                        <div class=\"eael-grid-post-excerpt\"><a href=\"https:\/\/soymigrante.com\/revista\/hablarles-a-los-hijos-con-la-verdad-siempre-sera-el-camino\/\" class=\"eael-post-elements-readmore-btn\">CONOCE SU HISTORIA <\/a><\/div>\n                    <\/div><\/div><\/div>\n        <\/div>\n    <\/article><article class=\"eael-grid-post  eael-post-grid-column eael-pg-post-8203 category-bienestar\" data-id=\"8203\">\n        <div class=\"eael-grid-post-holder\">\n            <div class=\"eael-grid-post-holder-inner\"><div class=\"eael-entry-media\"><div class=\"eael-entry-overlay fade-in\"><i class=\"far fa-hand-pointer\" aria-hidden=\"true\"><\/i><a href=\"https:\/\/soymigrante.com\/revista\/como-cuidar-la-alimentacion-de-tus-hijos-instituto-americano-de-salud-digiestiva\/\"><\/a><\/div><div class=\"eael-entry-thumbnail \">\n                <img loading=\"lazy\" decoding=\"async\" width=\"792\" height=\"792\" src=\"https:\/\/soymigrante.com\/revista\/wp-content\/uploads\/2024\/08\/ALIMENTACION-INFANTIL.webp\" class=\"attachment-large size-large wp-image-8242\" alt=\"Disfrutando de una rodaja de sand\u00eda, ni\u00f1a comiendo fruta refrescante, verano, saludable, en el parque, sonriente, saludable y feliz.\" srcset=\"https:\/\/soymigrante.com\/revista\/wp-content\/uploads\/2024\/08\/ALIMENTACION-INFANTIL.webp 792w, https:\/\/soymigrante.com\/revista\/wp-content\/uploads\/2024\/08\/ALIMENTACION-INFANTIL-300x300.webp 300w, https:\/\/soymigrante.com\/revista\/wp-content\/uploads\/2024\/08\/ALIMENTACION-INFANTIL-150x150.webp 150w, https:\/\/soymigrante.com\/revista\/wp-content\/uploads\/2024\/08\/ALIMENTACION-INFANTIL-768x768.webp 768w, https:\/\/soymigrante.com\/revista\/wp-content\/uploads\/2024\/08\/ALIMENTACION-INFANTIL-75x75.webp 75w, https:\/\/soymigrante.com\/revista\/wp-content\/uploads\/2024\/08\/ALIMENTACION-INFANTIL-750x750.webp 750w\" sizes=\"(max-width: 792px) 100vw, 792px\" \/>\n            <\/div>\n        <\/div><div class=\"eael-entry-wrapper\"><header class=\"eael-entry-header\"><h2 class=\"eael-entry-title\"><a class=\"eael-grid-post-link\" href=\"https:\/\/soymigrante.com\/revista\/como-cuidar-la-alimentacion-de-tus-hijos-instituto-americano-de-salud-digiestiva\/\" title=\"C\u00f3mo cuidar la alimentaci\u00f3n de tus hijos: instituto americano de salud digestiva\">C\u00f3mo cuidar la alimentaci\u00f3n de tus hijos: instituto americano de salud digestiva<\/a><\/h2><\/header><div class=\"eael-entry-content\">\n                        <div class=\"eael-grid-post-excerpt\"><a href=\"https:\/\/soymigrante.com\/revista\/como-cuidar-la-alimentacion-de-tus-hijos-instituto-americano-de-salud-digiestiva\/\" class=\"eael-post-elements-readmore-btn\">CONOCE SU HISTORIA <\/a><\/div>\n                    <\/div><\/div><\/div>\n        <\/div>\n    <\/article><article class=\"eael-grid-post  eael-post-grid-column eael-pg-post-2778 category-bienestar\" data-id=\"2778\">\n        <div class=\"eael-grid-post-holder\">\n            <div class=\"eael-grid-post-holder-inner\"><div class=\"eael-entry-media\"><div class=\"eael-entry-overlay fade-in\"><i class=\"far fa-hand-pointer\" aria-hidden=\"true\"><\/i><a href=\"https:\/\/soymigrante.com\/revista\/cambios-que-enfrentan-hijos-de-migrantes-al-partir-a-estados-unidos\/\"><\/a><\/div><div class=\"eael-entry-thumbnail \">\n                <img loading=\"lazy\" decoding=\"async\" width=\"1024\" height=\"1024\" src=\"https:\/\/soymigrante.com\/revista\/wp-content\/uploads\/2023\/10\/Es-importante-crear-un-vinculo-entre-padres-e-hijos-para-fortalecer-la-comunicacion-y-presencia-durante-su-desarrollo-y-crecimiento-scaled-e1722605110949-1024x1024.webp\" class=\"attachment-large size-large wp-image-2781\" alt=\"Es importante crear un vinculo entre padres e hijos para fortalecer la comunicaci\u00f3n y presencia durante su desarrollo y crecimiento\" srcset=\"https:\/\/soymigrante.com\/revista\/wp-content\/uploads\/2023\/10\/Es-importante-crear-un-vinculo-entre-padres-e-hijos-para-fortalecer-la-comunicacion-y-presencia-durante-su-desarrollo-y-crecimiento-scaled-e1722605110949-1024x1024.webp 1024w, https:\/\/soymigrante.com\/revista\/wp-content\/uploads\/2023\/10\/Es-importante-crear-un-vinculo-entre-padres-e-hijos-para-fortalecer-la-comunicacion-y-presencia-durante-su-desarrollo-y-crecimiento-scaled-e1722605110949-300x300.webp 300w, https:\/\/soymigrante.com\/revista\/wp-content\/uploads\/2023\/10\/Es-importante-crear-un-vinculo-entre-padres-e-hijos-para-fortalecer-la-comunicacion-y-presencia-durante-su-desarrollo-y-crecimiento-scaled-e1722605110949-150x150.webp 150w, https:\/\/soymigrante.com\/revista\/wp-content\/uploads\/2023\/10\/Es-importante-crear-un-vinculo-entre-padres-e-hijos-para-fortalecer-la-comunicacion-y-presencia-durante-su-desarrollo-y-crecimiento-scaled-e1722605110949-768x768.webp 768w, https:\/\/soymigrante.com\/revista\/wp-content\/uploads\/2023\/10\/Es-importante-crear-un-vinculo-entre-padres-e-hijos-para-fortalecer-la-comunicacion-y-presencia-durante-su-desarrollo-y-crecimiento-scaled-e1722605110949-75x75.webp 75w, https:\/\/soymigrante.com\/revista\/wp-content\/uploads\/2023\/10\/Es-importante-crear-un-vinculo-entre-padres-e-hijos-para-fortalecer-la-comunicacion-y-presencia-durante-su-desarrollo-y-crecimiento-scaled-e1722605110949-750x750.webp 750w, https:\/\/soymigrante.com\/revista\/wp-content\/uploads\/2023\/10\/Es-importante-crear-un-vinculo-entre-padres-e-hijos-para-fortalecer-la-comunicacion-y-presencia-durante-su-desarrollo-y-crecimiento-scaled-e1722605110949-1140x1140.webp 1140w, https:\/\/soymigrante.com\/revista\/wp-content\/uploads\/2023\/10\/Es-importante-crear-un-vinculo-entre-padres-e-hijos-para-fortalecer-la-comunicacion-y-presencia-durante-su-desarrollo-y-crecimiento-scaled-e1722605110949.webp 1318w\" sizes=\"(max-width: 1024px) 100vw, 1024px\" \/>\n            <\/div>\n        <\/div><div class=\"eael-entry-wrapper\"><header class=\"eael-entry-header\"><h2 class=\"eael-entry-title\"><a class=\"eael-grid-post-link\" href=\"https:\/\/soymigrante.com\/revista\/cambios-que-enfrentan-hijos-de-migrantes-al-partir-a-estados-unidos\/\" title=\"5 cambios que enfrentan hijos de migrantes al partir a Estados Unidos\">5 cambios que enfrentan hijos de migrantes al partir a Estados Unidos<\/a><\/h2><\/header><div class=\"eael-entry-content\">\n                        <div class=\"eael-grid-post-excerpt\"><a href=\"https:\/\/soymigrante.com\/revista\/cambios-que-enfrentan-hijos-de-migrantes-al-partir-a-estados-unidos\/\" class=\"eael-post-elements-readmore-btn\">CONOCE SU HISTORIA <\/a><\/div>\n                    <\/div><\/div><\/div>\n        <\/div>\n    <\/article><\/div>\n            <div class=\"clearfix\"><\/div>\n        <\/div>\t\t\t\t<\/div>\n\t\t\t\t\t<\/div>\n\t\t\t\t<\/div>\n\t\t\t\t<\/div>\n\t\t","protected":false},"excerpt":{"rendered":"<p>Los ni\u00f1os est\u00e1n creciendo en plena era digital, pero es vital alejarlos un momento de la tecnolog\u00eda. En la actualidad, el uso excesivo de la tecnolog\u00eda en la infancia se ha convertido en una preocupaci\u00f3n creciente. Cada vez es m\u00e1s com\u00fan ver a ni\u00f1os pegados a pantallas de tabletas, tel\u00e9fonos o televisores, lo que afecta [&hellip;]<\/p>\n","protected":false},"author":19,"featured_media":26427,"comment_status":"open","ping_status":"open","sticky":false,"template":"","format":"standard","meta":{"_acf_changed":false,"_eb_attr":"","footnotes":""},"categories":[55],"tags":[],"class_list":["post-26426","post","type-post","status-publish","format-standard","has-post-thumbnail","hentry","category-bienestar"],"acf":[],"aioseo_notices":[],"aioseo_head":"\n\t\t<!-- All in One SEO Pro 4.9.6.2 - aioseo.com -->\n\t<meta name=\"description\" content=\"La partida de uno de los padres o un familiar impacta en la vida familiar. Ni\u00f1os y j\u00f3venes tambi\u00e9n resienten este cambio y estos osn algunos aspectos a considerar.\" \/>\n\t<meta name=\"robots\" content=\"max-snippet:-1, max-image-preview:large, max-video-preview:-1\" \/>\n\t<meta name=\"author\" content=\"SoyMigrante.com REVISTA\"\/>\n\t<link rel=\"canonical\" href=\"https:\/\/soymigrante.com\/revista\/cambios-que-enfrentan-hijos-de-migrantes-al-partir-a-estados-unidos\/\" \/>\n\t<meta name=\"generator\" content=\"All in One SEO Pro (AIOSEO) 4.9.6.2\" \/>\n\n\t\t<link rel=\"preconnect\" href=\"https:\/\/fonts.googleapis.com\" crossorigin>\n<link rel=\"preconnect\" href=\"https:\/\/fonts.gstatic.com\" crossorigin>\n\t\t<meta property=\"og:locale\" content=\"es_ES\" \/>\n\t\t<meta property=\"og:site_name\" content=\"SoyMigrante.com REVISTA \u2013 Nuestra misi\u00f3n es reconocer y dignificar al migrante.\" \/>\n\t\t<meta property=\"og:type\" content=\"article\" \/>\n\t\t<meta property=\"og:title\" content=\"5 cambios que enfrentan hijos de migrantes al partir a EE.UU.\" \/>\n\t\t<meta property=\"og:description\" content=\"La partida de uno de los padres o un familiar impacta en la vida familiar. Ni\u00f1os y j\u00f3venes tambi\u00e9n resienten este cambio y estos osn algunos aspectos a considerar.\" \/>\n\t\t<meta property=\"og:url\" content=\"https:\/\/soymigrante.com\/revista\/cambios-que-enfrentan-hijos-de-migrantes-al-partir-a-estados-unidos\/\" \/>\n\t\t<meta property=\"og:image\" content=\"https:\/\/soymigrante.com\/revista\/wp-content\/uploads\/2023\/10\/Es-importante-crear-un-vinculo-entre-padres-e-hijos-para-fortalecer-la-comunicacion-y-presencia-durante-su-desarrollo-y-crecimiento-scaled-e1722605110949.webp\" \/>\n\t\t<meta property=\"og:image:secure_url\" content=\"https:\/\/soymigrante.com\/revista\/wp-content\/uploads\/2023\/10\/Es-importante-crear-un-vinculo-entre-padres-e-hijos-para-fortalecer-la-comunicacion-y-presencia-durante-su-desarrollo-y-crecimiento-scaled-e1722605110949.webp\" \/>\n\t\t<meta property=\"og:image:width\" content=\"1318\" \/>\n\t\t<meta property=\"og:image:height\" content=\"1318\" \/>\n\t\t<meta property=\"article:published_time\" content=\"2024-08-02T13:26:33+00:00\" \/>\n\t\t<meta property=\"article:modified_time\" content=\"2024-08-02T13:30:15+00:00\" \/>\n\t\t<meta property=\"article:publisher\" content=\"https:\/\/www.facebook.com\/soymigrantecom\" \/>\n\t\t<meta name=\"twitter:card\" content=\"summary_large_image\" \/>\n\t\t<meta name=\"twitter:site\" content=\"@SoyMigrante_com\" \/>\n\t\t<meta name=\"twitter:title\" content=\"5 cambios que enfrentan hijos de migrantes al partir a EE.UU.\" \/>\n\t\t<meta name=\"twitter:description\" content=\"La partida de uno de los padres o un familiar impacta en la vida familiar. Ni\u00f1os y j\u00f3venes tambi\u00e9n resienten este cambio y estos osn algunos aspectos a considerar.\" \/>\n\t\t<meta name=\"twitter:creator\" content=\"@SoyMigrante_com\" \/>\n\t\t<meta name=\"twitter:image\" content=\"https:\/\/soymigrante.com\/revista\/wp-content\/uploads\/2023\/10\/Es-importante-crear-un-vinculo-entre-padres-e-hijos-para-fortalecer-la-comunicacion-y-presencia-durante-su-desarrollo-y-crecimiento-scaled-e1722605110949.webp\" \/>\n\t\t<!-- All in One SEO Pro -->\r\n\t\t<title>5 cambios que enfrentan hijos de migrantes al partir a EE.UU.<\/title>\n\n","aioseo_head_json":{"title":"5 cambios que enfrentan hijos de migrantes al partir a EE.UU.","description":"La partida de uno de los padres o un familiar impacta en la vida familiar. Ni\u00f1os y j\u00f3venes tambi\u00e9n resienten este cambio y estos osn algunos aspectos a considerar.","canonical_url":"https:\/\/soymigrante.com\/revista\/cambios-que-enfrentan-hijos-de-migrantes-al-partir-a-estados-unidos\/","robots":"max-snippet:-1, max-image-preview:large, max-video-preview:-1","keywords":"","webmasterTools":{"miscellaneous":"&lt;link rel=\"preconnect\" href=\"https:\/\/fonts.googleapis.com\" crossorigin&gt;\n&lt;link rel=\"preconnect\" href=\"https:\/\/fonts.gstatic.com\" crossorigin&gt;"},"schema":null,"og:locale":"es_ES","og:site_name":"SoyMigrante.com REVISTA \u2013 Nuestra misi\u00f3n es reconocer y dignificar al migrante.","og:type":"article","og:title":"5 cambios que enfrentan hijos de migrantes al partir a EE.UU.","og:description":"La partida de uno de los padres o un familiar impacta en la vida familiar. Ni\u00f1os y j\u00f3venes tambi\u00e9n resienten este cambio y estos osn algunos aspectos a considerar.","og:url":"https:\/\/soymigrante.com\/revista\/cambios-que-enfrentan-hijos-de-migrantes-al-partir-a-estados-unidos\/","og:image":"https:\/\/soymigrante.com\/revista\/wp-content\/uploads\/2023\/10\/Es-importante-crear-un-vinculo-entre-padres-e-hijos-para-fortalecer-la-comunicacion-y-presencia-durante-su-desarrollo-y-crecimiento-scaled-e1722605110949.webp","og:image:secure_url":"https:\/\/soymigrante.com\/revista\/wp-content\/uploads\/2023\/10\/Es-importante-crear-un-vinculo-entre-padres-e-hijos-para-fortalecer-la-comunicacion-y-presencia-durante-su-desarrollo-y-crecimiento-scaled-e1722605110949.webp","og:image:width":1318,"og:image:height":1318,"article:published_time":"2024-08-02T13:26:33+00:00","article:modified_time":"2024-08-02T13:30:15+00:00","article:publisher":"https:\/\/www.facebook.com\/soymigrantecom","twitter:card":"summary_large_image","twitter:site":"@SoyMigrante_com","twitter:title":"5 cambios que enfrentan hijos de migrantes al partir a EE.UU.","twitter:description":"La partida de uno de los padres o un familiar impacta en la vida familiar. Ni\u00f1os y j\u00f3venes tambi\u00e9n resienten este cambio y estos osn algunos aspectos a considerar.","twitter:creator":"@SoyMigrante_com","twitter:image":"https:\/\/soymigrante.com\/revista\/wp-content\/uploads\/2023\/10\/Es-importante-crear-un-vinculo-entre-padres-e-hijos-para-fortalecer-la-comunicacion-y-presencia-durante-su-desarrollo-y-crecimiento-scaled-e1722605110949.webp"},"aioseo_meta_data":{"post_id":"26426","title":"Los ni\u00f1os tambi\u00e9n deben descansar de la tecnolog\u00eda","description":"Los ni\u00f1os est\u00e1n creciendo en plena era digital y es bueno que est\u00e9n actualizados; pero tambi\u00e9n deben valorar la naturaleza y la comunicaci\u00f3n interpersonal. Claves","keywords":null,"keyphrases":{"focus":{"keyphrase":"ni\u00f1os","score":78,"analysis":{"keyphraseInTitle":{"score":9,"maxScore":9,"error":0},"keyphraseInDescription":{"score":9,"maxScore":9,"error":0},"keyphraseLength":{"score":9,"maxScore":9,"error":0,"length":2},"keyphraseInURL":{"score":5,"maxScore":5,"error":0},"keyphraseInIntroduction":{"score":3,"maxScore":9,"error":1},"keyphraseInSubHeadings":{"score":9,"maxScore":9,"error":0},"keyphraseInImageAlt":{"score":9,"maxScore":9,"error":0},"keywordDensity":{"type":"high","score":0,"maxScore":9,"error":1}}},"additional":[{"keyphrase":"ni\u00f1os","score":67,"analysis":{"keyphraseInDescription":{"score":9,"maxScore":9,"error":0},"keyphraseLength":{"score":9,"maxScore":9,"error":0,"length":2},"keyphraseInIntroduction":{"score":3,"maxScore":9,"error":1},"keyphraseInImageAlt":{"score":9,"maxScore":9,"error":0},"keywordDensity":{"type":"high","score":0,"maxScore":9,"error":1}}},{"keyphrase":"Tecnolog\u00eda","score":87,"analysis":{"keyphraseInDescription":{"score":3,"maxScore":9,"error":1},"keyphraseLength":{"score":9,"maxScore":9,"error":0,"length":2},"keyphraseInIntroduction":{"score":9,"maxScore":9,"error":0},"keyphraseInImageAlt":{"score":9,"maxScore":9,"error":0},"keywordDensity":{"type":"best","score":9,"maxScore":9,"error":0}}}]},"primary_term":null,"canonical_url":null,"og_title":null,"og_description":null,"og_object_type":"default","og_image_type":"default","og_image_url":null,"og_image_width":null,"og_image_height":null,"og_image_custom_url":null,"og_image_custom_fields":null,"og_video":"","og_custom_url":null,"og_article_section":null,"og_article_tags":null,"twitter_use_og":false,"twitter_card":"default","twitter_image_type":"default","twitter_image_url":null,"twitter_image_custom_url":null,"twitter_image_custom_fields":null,"twitter_title":null,"twitter_description":null,"schema":{"blockGraphs":[],"customGraphs":[],"default":{"data":{"Article":[],"Course":[],"Dataset":[],"FAQPage":[],"Movie":[],"Person":[],"Product":[],"ProductReview":[],"Car":[],"Recipe":[],"Service":[],"SoftwareApplication":[],"WebPage":[]},"graphName":"BlogPosting","isEnabled":true},"graphs":[]},"schema_type":"default","schema_type_options":null,"pillar_content":false,"robots_default":true,"robots_noindex":false,"robots_noarchive":false,"robots_nosnippet":false,"robots_nofollow":false,"robots_noimageindex":false,"robots_noodp":false,"robots_notranslate":false,"robots_max_snippet":"-1","robots_max_videopreview":"-1","robots_max_imagepreview":"large","priority":null,"frequency":"default","local_seo":null,"seo_analyzer_scan_date":"2025-10-09 03:01:01","breadcrumb_settings":null,"limit_modified_date":false,"reviewed_by":null,"open_ai":"{\"title\":{\"suggestions\":[],\"usage\":0},\"description\":{\"suggestions\":[],\"usage\":0}}","ai":null,"created":"2025-02-25 20:21:14","updated":"2026-02-04 21:54:37"},"aioseo_breadcrumb":"<div class=\"aioseo-breadcrumbs\"><span class=\"aioseo-breadcrumb\">\n\t<a href=\"https:\/\/soymigrante.com\/revista\" title=\"Home\">Home<\/a>\n<\/span><span class=\"aioseo-breadcrumb-separator\">\u00bb<\/span><span class=\"aioseo-breadcrumb\">\n\t<a href=\"https:\/\/soymigrante.com\/revista\/category\/bienestar\/\" title=\"Bienestar\">Bienestar<\/a>\n<\/span><span class=\"aioseo-breadcrumb-separator\">\u00bb<\/span><span class=\"aioseo-breadcrumb\">\n\tEn la era digital, los ni\u00f1os deben tener tambi\u00e9n descanso de la tecnolog\u00eda\n<\/span><\/div>","aioseo_breadcrumb_json":[{"label":"Home","link":"https:\/\/soymigrante.com\/revista"},{"label":"Bienestar","link":"https:\/\/soymigrante.com\/revista\/category\/bienestar\/"},{"label":"En la era digital, los ni\u00f1os deben tener tambi\u00e9n descanso de la tecnolog\u00eda","link":"https:\/\/soymigrante.com\/revista\/en-la-era-digital-los-ninos-deben-tener-tambien-descanso-de-la-tecnologia\/"}],"_links":{"self":[{"href":"https:\/\/soymigrante.com\/revista\/wp-json\/wp\/v2\/posts\/26426","targetHints":{"allow":["GET"]}}],"collection":[{"href":"https:\/\/soymigrante.com\/revista\/wp-json\/wp\/v2\/posts"}],"about":[{"href":"https:\/\/soymigrante.com\/revista\/wp-json\/wp\/v2\/types\/post"}],"author":[{"embeddable":true,"href":"https:\/\/soymigrante.com\/revista\/wp-json\/wp\/v2\/users\/19"}],"replies":[{"embeddable":true,"href":"https:\/\/soymigrante.com\/revista\/wp-json\/wp\/v2\/comments?post=26426"}],"version-history":[{"count":0,"href":"https:\/\/soymigrante.com\/revista\/wp-json\/wp\/v2\/posts\/26426\/revisions"}],"wp:featuredmedia":[{"embeddable":true,"href":"https:\/\/soymigrante.com\/revista\/wp-json\/wp\/v2\/media\/26427"}],"wp:attachment":[{"href":"https:\/\/soymigrante.com\/revista\/wp-json\/wp\/v2\/media?parent=26426"}],"wp:term":[{"taxonomy":"category","embeddable":true,"href":"https:\/\/soymigrante.com\/revista\/wp-json\/wp\/v2\/categories?post=26426"},{"taxonomy":"post_tag","embeddable":true,"href":"https:\/\/soymigrante.com\/revista\/wp-json\/wp\/v2\/tags?post=26426"}],"curies":[{"name":"wp","href":"https:\/\/api.w.org\/{rel}","templated":true}]}}