{"id":26417,"date":"2025-02-26T11:21:39","date_gmt":"2025-02-26T17:21:39","guid":{"rendered":"https:\/\/soymigrante.com\/revista\/?p=26417"},"modified":"2025-03-10T12:28:38","modified_gmt":"2025-03-10T18:28:38","slug":"aprendiendo-y-conduciendo-tiempo-en-carretera-puede-ser-ruta-al-crecimiento-personal","status":"publish","type":"post","link":"https:\/\/soymigrante.com\/revista\/aprendiendo-y-conduciendo-tiempo-en-carretera-puede-ser-ruta-al-crecimiento-personal\/","title":{"rendered":"Aprendiendo y conduciendo: tiempo en carretera puede ser ruta al crecimiento personal"},"content":{"rendered":"\t\t<div data-elementor-type=\"wp-post\" data-elementor-id=\"26417\" class=\"elementor elementor-26417\" data-elementor-post-type=\"post\">\n\t\t\t\t<div data-particle_enable=\"false\" data-particle-mobile-disabled=\"false\" class=\"elementor-element elementor-element-f5fcbdc e-flex e-con-boxed e-con e-parent\" data-id=\"f5fcbdc\" data-element_type=\"container\" data-e-type=\"container\">\n\t\t\t\t\t<div class=\"e-con-inner\">\n\t\t\t\t<div class=\"elementor-element elementor-element-1721742 elementor-widget elementor-widget-heading\" data-id=\"1721742\" data-element_type=\"widget\" data-e-type=\"widget\" data-widget_type=\"heading.default\">\n\t\t\t\t\t<h2 class=\"elementor-heading-title elementor-size-default\">Transformar el tiempo conduciendo en el tr\u00e1fico en un momento de aprendizaje es posible. <\/h2>\t\t\t\t<\/div>\n\t\t\t\t\t<\/div>\n\t\t\t\t<\/div>\n\t\t<div data-particle_enable=\"false\" data-particle-mobile-disabled=\"false\" class=\"elementor-element elementor-element-ef06241 e-flex e-con-boxed e-con e-parent\" data-id=\"ef06241\" data-element_type=\"container\" data-e-type=\"container\">\n\t\t\t\t\t<div class=\"e-con-inner\">\n\t\t\t\t<div class=\"elementor-element elementor-element-aa5672a elementor-widget elementor-widget-text-editor\" data-id=\"aa5672a\" data-element_type=\"widget\" data-e-type=\"widget\" data-widget_type=\"text-editor.default\">\n\t\t\t\t\t\t\t\t\t<p>En el d\u00eda a d\u00eda, muchas personas pasan largas horas conduciendo, ya sea para ir al trabajo, llevar a los ni\u00f1os a la escuela o hacer diligencias. Sin embargo, <a href=\"https:\/\/soymigrante.com\/revista\/herramientas-para-el-aprendizaje-tarde-o-temprano-te-servira\/\" target=\"_blank\" rel=\"noopener\">este tiempo en el tr\u00e1fico no tiene por qu\u00e9 ser tiempo perdido.<\/a><\/p><p>Con el avance de la tecnolog\u00eda y la disponibilidad de contenidos en audio, es posible aprender mientras se conduce, convirtiendo el autom\u00f3vil en un espacio de crecimiento personal y profesional.<\/p><p>A continuaci\u00f3n, <a href=\"https:\/\/soymigrante.com\/revista\/herramientas-para-el-aprendizaje-tarde-o-temprano-te-servira\/\" target=\"_blank\" rel=\"noopener\">te presentamos algunos tipos de audios y aprendizajes que puedes incorporar<\/a> en tus viajes diarios.<\/p>\t\t\t\t\t\t\t\t<\/div>\n\t\t\t\t\t<\/div>\n\t\t\t\t<\/div>\n\t\t<div data-particle_enable=\"false\" data-particle-mobile-disabled=\"false\" class=\"elementor-element elementor-element-ddcfb73 e-flex e-con-boxed e-con e-parent\" data-id=\"ddcfb73\" data-element_type=\"container\" data-e-type=\"container\">\n\t\t\t\t\t<div class=\"e-con-inner\">\n\t\t\t\t<div class=\"elementor-element elementor-element-27c38ea elementor-widget elementor-widget-heading\" data-id=\"27c38ea\" data-element_type=\"widget\" data-e-type=\"widget\" data-widget_type=\"heading.default\">\n\t\t\t\t\t<h3 class=\"elementor-heading-title elementor-size-default\">1. Audiolibros: la lectura sin interrupciones<\/h3>\t\t\t\t<\/div>\n\t\t\t\t\t<\/div>\n\t\t\t\t<\/div>\n\t\t<div data-particle_enable=\"false\" data-particle-mobile-disabled=\"false\" class=\"elementor-element elementor-element-7502e11 e-flex e-con-boxed e-con e-parent\" data-id=\"7502e11\" data-element_type=\"container\" data-e-type=\"container\">\n\t\t\t\t\t<div class=\"e-con-inner\">\n\t\t\t\t<div class=\"elementor-element elementor-element-ec9b3f7 elementor-widget elementor-widget-text-editor\" data-id=\"ec9b3f7\" data-element_type=\"widget\" data-e-type=\"widget\" data-widget_type=\"text-editor.default\">\n\t\t\t\t\t\t\t\t\t<div>Si siempre has querido leer m\u00e1s libros, pero no encuentras el tiempo, los audiolibros son una excelente opci\u00f3n. <a href=\"https:\/\/soymigrante.com\/revista\/herramientas-para-el-aprendizaje-tarde-o-temprano-te-servira\/\" target=\"_blank\" rel=\"noopener\">Puedes elegir entre novelas, biograf\u00edas, libros de autoayuda o de desarrollo profesional.<\/a>\u00a0<\/div><div>\u00a0<\/div><div>Plataformas como Audible, Google Play Books o Storytel ofrecen una amplia variedad de t\u00edtulos.<\/div><div>\u00a0<\/div><div><strong>Recomendaciones:<\/strong><\/div><div>\u2022Desarrollo personal: H\u00e1bitos At\u00f3micos de James Clear<\/div><div>\u2022Negocios y liderazgo: Los 7 h\u00e1bitos de la gente altamente efectiva de Stephen R. Covey<\/div><div>\u2022Novelas: Cien a\u00f1os de soledad de Gabriel Garc\u00eda M\u00e1rquez<\/div>\t\t\t\t\t\t\t\t<\/div>\n\t\t\t\t\t<\/div>\n\t\t\t\t<\/div>\n\t\t<div data-particle_enable=\"false\" data-particle-mobile-disabled=\"false\" class=\"elementor-element elementor-element-93eb4c1 e-flex e-con-boxed e-con e-parent\" data-id=\"93eb4c1\" data-element_type=\"container\" data-e-type=\"container\">\n\t\t\t\t\t<div class=\"e-con-inner\">\n\t\t\t\t<div class=\"elementor-element elementor-element-caeabf6 elementor-widget elementor-widget-heading\" data-id=\"caeabf6\" data-element_type=\"widget\" data-e-type=\"widget\" data-widget_type=\"heading.default\">\n\t\t\t\t\t<h3 class=\"elementor-heading-title elementor-size-default\">2. Podcasts: aprendizaje en episodios<\/h3>\t\t\t\t<\/div>\n\t\t\t\t\t<\/div>\n\t\t\t\t<\/div>\n\t\t<div data-particle_enable=\"false\" data-particle-mobile-disabled=\"false\" class=\"elementor-element elementor-element-76df965 e-flex e-con-boxed e-con e-parent\" data-id=\"76df965\" data-element_type=\"container\" data-e-type=\"container\">\n\t\t\t\t\t<div class=\"e-con-inner\">\n\t\t\t\t<div class=\"elementor-element elementor-element-366df31 elementor-widget elementor-widget-text-editor\" data-id=\"366df31\" data-element_type=\"widget\" data-e-type=\"widget\" data-widget_type=\"text-editor.default\">\n\t\t\t\t\t\t\t\t\t<div>Los podcasts son programas en audio que pueden abarcar pr\u00e1cticamente cualquier tema. <a href=\"https:\/\/soymigrante.com\/revista\/herramientas-para-el-aprendizaje-tarde-o-temprano-te-servira\/\" target=\"_blank\" rel=\"noopener\">Desde ciencia y tecnolog\u00eda hasta historia, emprendimiento y bienestar<\/a>, los podcasts permiten aprender en episodios cortos o extensos, dependiendo del tiempo disponible.<\/div><div>\u00a0<\/div><div><strong>Algunas categor\u00edas populares:<\/strong><\/div><div>\u2022Ciencia y tecnolog\u00eda: Curiosidad Radical<\/div><div>\u2022Historia y cultura: Historia de Espa\u00f1a para selectividad<\/div><div>\u2022Negocios y finanzas: Finanzas para todos<\/div><div>\u2022Bienestar y salud: Entiende tu mente<\/div>\t\t\t\t\t\t\t\t<\/div>\n\t\t\t\t\t<\/div>\n\t\t\t\t<\/div>\n\t\t<div data-particle_enable=\"false\" data-particle-mobile-disabled=\"false\" class=\"elementor-element elementor-element-c7666e1 e-flex e-con-boxed e-con e-parent\" data-id=\"c7666e1\" data-element_type=\"container\" data-e-type=\"container\">\n\t\t\t\t\t<div class=\"e-con-inner\">\n\t\t\t\t<div class=\"elementor-element elementor-element-c6ff6e6 elementor-widget elementor-widget-image\" data-id=\"c6ff6e6\" data-element_type=\"widget\" data-e-type=\"widget\" data-widget_type=\"image.default\">\n\t\t\t\t\t\t\t\t\t\t\t\t<figure class=\"wp-caption\">\n\t\t\t\t\t\t\t\t\t\t<img fetchpriority=\"high\" decoding=\"async\" width=\"683\" height=\"1024\" src=\"https:\/\/soymigrante.com\/revista\/wp-content\/uploads\/2025\/02\/Aprendiendo-y-conduciendo-Co\u0301mo-aprovechar-el-tiempo2-683x1024.jpg\" class=\"attachment-large size-large wp-image-26420\" alt=\"Aprendiendo y conduciendo: C\u00f3mo aprovechar el tiempo\" srcset=\"https:\/\/soymigrante.com\/revista\/wp-content\/uploads\/2025\/02\/Aprendiendo-y-conduciendo-Co\u0301mo-aprovechar-el-tiempo2-683x1024.jpg 683w, https:\/\/soymigrante.com\/revista\/wp-content\/uploads\/2025\/02\/Aprendiendo-y-conduciendo-Co\u0301mo-aprovechar-el-tiempo2-200x300.jpg 200w, https:\/\/soymigrante.com\/revista\/wp-content\/uploads\/2025\/02\/Aprendiendo-y-conduciendo-Co\u0301mo-aprovechar-el-tiempo2-768x1152.jpg 768w, https:\/\/soymigrante.com\/revista\/wp-content\/uploads\/2025\/02\/Aprendiendo-y-conduciendo-Co\u0301mo-aprovechar-el-tiempo2-1024x1536.jpg 1024w, https:\/\/soymigrante.com\/revista\/wp-content\/uploads\/2025\/02\/Aprendiendo-y-conduciendo-Co\u0301mo-aprovechar-el-tiempo2-1365x2048.jpg 1365w, https:\/\/soymigrante.com\/revista\/wp-content\/uploads\/2025\/02\/Aprendiendo-y-conduciendo-Co\u0301mo-aprovechar-el-tiempo2-750x1125.webp 750w, https:\/\/soymigrante.com\/revista\/wp-content\/uploads\/2025\/02\/Aprendiendo-y-conduciendo-Co\u0301mo-aprovechar-el-tiempo2-1140x1710.webp 1140w, https:\/\/soymigrante.com\/revista\/wp-content\/uploads\/2025\/02\/Aprendiendo-y-conduciendo-Co\u0301mo-aprovechar-el-tiempo2-scaled.webp 1280w\" sizes=\"(max-width: 683px) 100vw, 683px\" title=\"Aprendiendo y conduciendo Co\u0301mo aprovechar el tiempo2 \u2013 SoyMigrante.com REVISTA\" \/>\t\t\t\t\t\t\t\t\t\t\t<figcaption class=\"widget-image-caption wp-caption-text\">El tiempo en el tr\u00e1fico puede ser aprovechado para aprender algo que siempre te llamo la atenci\u00f3n. (Foto: Pexels)<\/figcaption>\n\t\t\t\t\t\t\t\t\t\t<\/figure>\n\t\t\t\t\t\t\t\t\t<\/div>\n\t\t\t\t\t<\/div>\n\t\t\t\t<\/div>\n\t\t<div data-particle_enable=\"false\" data-particle-mobile-disabled=\"false\" class=\"elementor-element elementor-element-d228b12 e-flex e-con-boxed e-con e-parent\" data-id=\"d228b12\" data-element_type=\"container\" data-e-type=\"container\">\n\t\t\t\t\t<div class=\"e-con-inner\">\n\t\t\t\t<div class=\"elementor-element elementor-element-19dc1ff elementor-widget elementor-widget-heading\" data-id=\"19dc1ff\" data-element_type=\"widget\" data-e-type=\"widget\" data-widget_type=\"heading.default\">\n\t\t\t\t\t<h3 class=\"elementor-heading-title elementor-size-default\">3. Clases de idiomas: aprendizaje en movimiento<\/h3>\t\t\t\t<\/div>\n\t\t\t\t\t<\/div>\n\t\t\t\t<\/div>\n\t\t<div data-particle_enable=\"false\" data-particle-mobile-disabled=\"false\" class=\"elementor-element elementor-element-b277a96 e-flex e-con-boxed e-con e-parent\" data-id=\"b277a96\" data-element_type=\"container\" data-e-type=\"container\">\n\t\t\t\t\t<div class=\"e-con-inner\">\n\t\t\t\t<div class=\"elementor-element elementor-element-94fab75 elementor-widget elementor-widget-text-editor\" data-id=\"94fab75\" data-element_type=\"widget\" data-e-type=\"widget\" data-widget_type=\"text-editor.default\">\n\t\t\t\t\t\t\t\t\t<div>Aprender un nuevo idioma puede ser dif\u00edcil cuando no se tiene tiempo, <a href=\"https:\/\/soymigrante.com\/revista\/herramientas-para-el-aprendizaje-tarde-o-temprano-te-servira\/\" target=\"_blank\" rel=\"noopener\">pero el auto puede convertirse en una peque\u00f1a aula de idiomas.\u00a0<\/a><\/div><div>\u00a0<\/div><div>Aplicaciones como Duolingo, Rosetta Stone o Pimsleur ofrecen lecciones en audio que permiten mejorar la pronunciaci\u00f3n y comprensi\u00f3n.<\/div><div>\u00a0<\/div><div><strong>Consejos para aprender idiomas mientras conduces:<\/strong><\/div><div>\u2022Escucha di\u00e1logos y repite en voz alta.<\/div><div>\u2022Usa podcasts en el idioma que quieres aprender.<\/div><div>\u2022Escucha m\u00fasica en otro idioma y trata de entender la letra.<\/div>\t\t\t\t\t\t\t\t<\/div>\n\t\t\t\t\t<\/div>\n\t\t\t\t<\/div>\n\t\t<div data-particle_enable=\"false\" data-particle-mobile-disabled=\"false\" class=\"elementor-element elementor-element-197db67 e-flex e-con-boxed e-con e-parent\" data-id=\"197db67\" data-element_type=\"container\" data-e-type=\"container\">\n\t\t\t\t\t<div class=\"e-con-inner\">\n\t\t\t\t<div class=\"elementor-element elementor-element-fb70a8e elementor-widget elementor-widget-heading\" data-id=\"fb70a8e\" data-element_type=\"widget\" data-e-type=\"widget\" data-widget_type=\"heading.default\">\n\t\t\t\t\t<h3 class=\"elementor-heading-title elementor-size-default\">4. Conferencias y charlas motivacionales<\/h3>\t\t\t\t<\/div>\n\t\t\t\t\t<\/div>\n\t\t\t\t<\/div>\n\t\t<div data-particle_enable=\"false\" data-particle-mobile-disabled=\"false\" class=\"elementor-element elementor-element-e369040 e-flex e-con-boxed e-con e-parent\" data-id=\"e369040\" data-element_type=\"container\" data-e-type=\"container\">\n\t\t\t\t\t<div class=\"e-con-inner\">\n\t\t\t\t<div class=\"elementor-element elementor-element-0649323 elementor-widget elementor-widget-text-editor\" data-id=\"0649323\" data-element_type=\"widget\" data-e-type=\"widget\" data-widget_type=\"text-editor.default\">\n\t\t\t\t\t\t\t\t\t<div>Plataformas como TED Talks o charlas en YouTube ofrecen contenido inspirador sobre liderazgo, creatividad y motivaci\u00f3n. Escuchar experiencias de expertos en distintas \u00e1reas puede ser una gran fuente de aprendizaje.<\/div><div>\u00a0<\/div><div><strong>Algunas charlas recomendadas:<\/strong><\/div><div>\u2022El poder de la vulnerabilidad \u2013 Bren\u00e9 Brown<\/div><div>\u2022C\u00f3mo hablar para que los dem\u00e1s quieran escuchar \u2013 Julian Treasure<\/div><div>\u2022Por qu\u00e9 necesitamos explorar el espacio \u2013 Stephen Hawking<\/div>\t\t\t\t\t\t\t\t<\/div>\n\t\t\t\t\t<\/div>\n\t\t\t\t<\/div>\n\t\t<div data-particle_enable=\"false\" data-particle-mobile-disabled=\"false\" class=\"elementor-element elementor-element-62b3a2f e-flex e-con-boxed e-con e-parent\" data-id=\"62b3a2f\" data-element_type=\"container\" data-e-type=\"container\">\n\t\t\t\t\t<div class=\"e-con-inner\">\n\t\t\t\t<div class=\"elementor-element elementor-element-9ae8834 elementor-widget elementor-widget-image\" data-id=\"9ae8834\" data-element_type=\"widget\" data-e-type=\"widget\" data-widget_type=\"image.default\">\n\t\t\t\t\t\t\t\t\t\t\t\t<figure class=\"wp-caption\">\n\t\t\t\t\t\t\t\t\t\t<img decoding=\"async\" width=\"768\" height=\"513\" src=\"https:\/\/soymigrante.com\/revista\/wp-content\/uploads\/2025\/02\/Aprendiendo-y-conduciendo-Co\u0301mo-aprovechar-el-tiempo3-1024x684.jpg\" class=\"attachment-large size-large wp-image-26421\" alt=\"Aprendiendo y conduciendo: C\u00f3mo aprovechar el tiempo\" srcset=\"https:\/\/soymigrante.com\/revista\/wp-content\/uploads\/2025\/02\/Aprendiendo-y-conduciendo-Co\u0301mo-aprovechar-el-tiempo3-1024x684.jpg 1024w, https:\/\/soymigrante.com\/revista\/wp-content\/uploads\/2025\/02\/Aprendiendo-y-conduciendo-Co\u0301mo-aprovechar-el-tiempo3-300x200.jpg 300w, https:\/\/soymigrante.com\/revista\/wp-content\/uploads\/2025\/02\/Aprendiendo-y-conduciendo-Co\u0301mo-aprovechar-el-tiempo3-768x513.jpg 768w, https:\/\/soymigrante.com\/revista\/wp-content\/uploads\/2025\/02\/Aprendiendo-y-conduciendo-Co\u0301mo-aprovechar-el-tiempo3-1536x1025.jpg 1536w, https:\/\/soymigrante.com\/revista\/wp-content\/uploads\/2025\/02\/Aprendiendo-y-conduciendo-Co\u0301mo-aprovechar-el-tiempo3-2048x1367.jpg 2048w, https:\/\/soymigrante.com\/revista\/wp-content\/uploads\/2025\/02\/Aprendiendo-y-conduciendo-Co\u0301mo-aprovechar-el-tiempo3-750x501.webp 750w, https:\/\/soymigrante.com\/revista\/wp-content\/uploads\/2025\/02\/Aprendiendo-y-conduciendo-Co\u0301mo-aprovechar-el-tiempo3-1140x761.webp 1140w, https:\/\/soymigrante.com\/revista\/wp-content\/uploads\/2025\/02\/Aprendiendo-y-conduciendo-Co\u0301mo-aprovechar-el-tiempo3-scaled.webp 1920w\" sizes=\"(max-width: 768px) 100vw, 768px\" title=\"Aprendiendo y conduciendo Co\u0301mo aprovechar el tiempo3 \u2013 SoyMigrante.com REVISTA\" \/>\t\t\t\t\t\t\t\t\t\t\t<figcaption class=\"widget-image-caption wp-caption-text\">Tambi\u00e9n puedes escuchar audios sobre historias o an\u00e9cdotas. (Foto: Pexels)<\/figcaption>\n\t\t\t\t\t\t\t\t\t\t<\/figure>\n\t\t\t\t\t\t\t\t\t<\/div>\n\t\t\t\t\t<\/div>\n\t\t\t\t<\/div>\n\t\t<div data-particle_enable=\"false\" data-particle-mobile-disabled=\"false\" class=\"elementor-element elementor-element-cdab705 e-flex e-con-boxed e-con e-parent\" data-id=\"cdab705\" data-element_type=\"container\" data-e-type=\"container\">\n\t\t\t\t\t<div class=\"e-con-inner\">\n\t\t\t\t<div class=\"elementor-element elementor-element-ec7d444 elementor-widget elementor-widget-heading\" data-id=\"ec7d444\" data-element_type=\"widget\" data-e-type=\"widget\" data-widget_type=\"heading.default\">\n\t\t\t\t\t<h3 class=\"elementor-heading-title elementor-size-default\">Seguridad ante todo<\/h3>\t\t\t\t<\/div>\n\t\t\t\t\t<\/div>\n\t\t\t\t<\/div>\n\t\t<div data-particle_enable=\"false\" data-particle-mobile-disabled=\"false\" class=\"elementor-element elementor-element-499ba8d e-flex e-con-boxed e-con e-parent\" data-id=\"499ba8d\" data-element_type=\"container\" data-e-type=\"container\">\n\t\t\t\t\t<div class=\"e-con-inner\">\n\t\t\t\t<div class=\"elementor-element elementor-element-3b077b3 elementor-widget elementor-widget-text-editor\" data-id=\"3b077b3\" data-element_type=\"widget\" data-e-type=\"widget\" data-widget_type=\"text-editor.default\">\n\t\t\t\t\t\t\t\t\t<div><a href=\"https:\/\/soymigrante.com\/revista\/herramientas-para-el-aprendizaje-tarde-o-temprano-te-servira\/\" target=\"_blank\" rel=\"noopener\">Si bien aprender mientras se conduce puede ser una gran herramienta<\/a>, es fundamental priorizar la seguridad:<\/div><div>\u2022Usa comandos de voz para controlar los audios.<\/div><div>\u2022Programa los contenidos antes de empezar a conducir.<\/div><div>\u2022Mant\u00e9n un volumen moderado para estar atento al entorno.<\/div>\t\t\t\t\t\t\t\t<\/div>\n\t\t\t\t\t<\/div>\n\t\t\t\t<\/div>\n\t\t<div data-particle_enable=\"false\" data-particle-mobile-disabled=\"false\" class=\"elementor-element elementor-element-84c527e e-flex e-con-boxed e-con e-parent\" data-id=\"84c527e\" data-element_type=\"container\" data-e-type=\"container\">\n\t\t\t\t\t<div class=\"e-con-inner\">\n\t\t\t\t<div class=\"elementor-element elementor-element-60b36bb elementor-widget elementor-widget-text-editor\" data-id=\"60b36bb\" data-element_type=\"widget\" data-e-type=\"widget\" data-widget_type=\"text-editor.default\">\n\t\t\t\t\t\t\t\t\t<p>Ya sea escuchando un libro, aprendiendo un idioma o simplemente manteni\u00e9ndote informado,<a href=\"https:\/\/soymigrante.com\/revista\/herramientas-para-el-aprendizaje-tarde-o-temprano-te-servira\/\" target=\"_blank\" rel=\"noopener\"> hay muchas formas de aprovechar cada minuto al volante.<\/a><\/p>\t\t\t\t\t\t\t\t<\/div>\n\t\t\t\t\t<\/div>\n\t\t\t\t<\/div>\n\t\t<div data-particle_enable=\"false\" data-particle-mobile-disabled=\"false\" class=\"elementor-element elementor-element-bc02aab e-flex e-con-boxed e-con e-parent\" data-id=\"bc02aab\" data-element_type=\"container\" data-e-type=\"container\">\n\t\t\t\t\t<div class=\"e-con-inner\">\n\t\t\t\t<div class=\"elementor-element elementor-element-c7d8583 elementor-widget elementor-widget-heading\" data-id=\"c7d8583\" data-element_type=\"widget\" data-e-type=\"widget\" data-widget_type=\"heading.default\">\n\t\t\t\t\t<h2 class=\"elementor-heading-title elementor-size-default\">Conoce otros temas que te pueden interesar, ac\u00e1...<\/h2>\t\t\t\t<\/div>\n\t\t\t\t\t<\/div>\n\t\t\t\t<\/div>\n\t\t<div data-particle_enable=\"false\" data-particle-mobile-disabled=\"false\" class=\"elementor-element elementor-element-c7cfb17 e-flex e-con-boxed e-con e-parent\" data-id=\"c7cfb17\" data-element_type=\"container\" data-e-type=\"container\">\n\t\t\t\t\t<div class=\"e-con-inner\">\n\t\t\t\t<div class=\"elementor-element elementor-element-84e58b0 elementor-grid-eael-col-3 elementor-grid-tablet-eael-col-2 elementor-grid-mobile-eael-col-1 elementor-widget elementor-widget-eael-post-grid\" data-id=\"84e58b0\" data-element_type=\"widget\" data-e-type=\"widget\" data-settings=\"{&quot;eael_post_grid_columns&quot;:&quot;eael-col-3&quot;,&quot;eael_post_grid_columns_tablet&quot;:&quot;eael-col-2&quot;,&quot;eael_post_grid_columns_mobile&quot;:&quot;eael-col-1&quot;}\" data-widget_type=\"eael-post-grid.default\">\n\t\t\t\t\t<div id=\"eael-post-grid-84e58b0\" class=\"eael-post-grid-container\">\n            <div class=\"eael-post-grid eael-post-appender eael-post-appender-84e58b0 eael-post-grid-style-one\" data-layout-mode=\"masonry\"><article class=\"eael-grid-post  eael-post-grid-column eael-pg-post-22673 category-exitos\" data-id=\"22673\">\n        <div class=\"eael-grid-post-holder\">\n            <div class=\"eael-grid-post-holder-inner\"><div class=\"eael-entry-media\"><div class=\"eael-entry-overlay fade-in\"><i class=\"far fa-hand-pointer\" aria-hidden=\"true\"><\/i><a href=\"https:\/\/soymigrante.com\/revista\/el-guatemalteco-estuardo-adhemar-es-exitoso-productor-musical-fotografo-y-videografo-en-chicago\/\"><\/a><\/div><div class=\"eael-entry-thumbnail \">\n                <img decoding=\"async\" width=\"1024\" height=\"1024\" src=\"https:\/\/soymigrante.com\/revista\/wp-content\/uploads\/2025\/01\/estuardo-adhemar-chicago-1024x1024.jpg\" class=\"attachment-large size-large wp-image-22674\" alt=\"Guitarrista con micr\u00f3fono en estudio, promoviendo cultura y m\u00fasica en la comunidad migrante.\" srcset=\"https:\/\/soymigrante.com\/revista\/wp-content\/uploads\/2025\/01\/estuardo-adhemar-chicago-1024x1024.jpg 1024w, https:\/\/soymigrante.com\/revista\/wp-content\/uploads\/2025\/01\/estuardo-adhemar-chicago-300x300.jpg 300w, https:\/\/soymigrante.com\/revista\/wp-content\/uploads\/2025\/01\/estuardo-adhemar-chicago-150x150.jpg 150w, https:\/\/soymigrante.com\/revista\/wp-content\/uploads\/2025\/01\/estuardo-adhemar-chicago-768x768.jpg 768w, https:\/\/soymigrante.com\/revista\/wp-content\/uploads\/2025\/01\/estuardo-adhemar-chicago-75x75.jpg 75w, https:\/\/soymigrante.com\/revista\/wp-content\/uploads\/2025\/01\/estuardo-adhemar-chicago-750x750.jpg 750w, https:\/\/soymigrante.com\/revista\/wp-content\/uploads\/2025\/01\/estuardo-adhemar-chicago-1140x1140.jpg 1140w, https:\/\/soymigrante.com\/revista\/wp-content\/uploads\/2025\/01\/estuardo-adhemar-chicago.jpg 1323w\" sizes=\"(max-width: 1024px) 100vw, 1024px\" \/>\n            <\/div>\n        <\/div><div class=\"eael-entry-wrapper\"><header class=\"eael-entry-header\"><h2 class=\"eael-entry-title\"><a class=\"eael-grid-post-link\" href=\"https:\/\/soymigrante.com\/revista\/el-guatemalteco-estuardo-adhemar-es-exitoso-productor-musical-fotografo-y-videografo-en-chicago\/\" title=\"El guatemalteco Estuardo Adhemar es productor musical, fotogr\u00e1fico y audiovisual en Chicago\">El guatemalteco Estuardo Adhemar es productor musical, fotogr\u00e1fico y audiovisual en Chicago<\/a><\/h2><\/header><div class=\"eael-entry-content\">\n                        <div class=\"eael-grid-post-excerpt\"><a href=\"https:\/\/soymigrante.com\/revista\/el-guatemalteco-estuardo-adhemar-es-exitoso-productor-musical-fotografo-y-videografo-en-chicago\/\" class=\"eael-post-elements-readmore-btn\">CONOCE SU HISTORIA <\/a><\/div>\n                    <\/div><\/div><\/div>\n        <\/div>\n    <\/article><article class=\"eael-grid-post  eael-post-grid-column eael-pg-post-16088 category-bienestar\" data-id=\"16088\">\n        <div class=\"eael-grid-post-holder\">\n            <div class=\"eael-grid-post-holder-inner\"><div class=\"eael-entry-media\"><div class=\"eael-entry-overlay fade-in\"><i class=\"far fa-hand-pointer\" aria-hidden=\"true\"><\/i><a href=\"https:\/\/soymigrante.com\/revista\/herramientas-digitales-gratis-para-logos-diseno-y-fotos-de-emprendimientos\/\"><\/a><\/div><div class=\"eael-entry-thumbnail \">\n                <img loading=\"lazy\" decoding=\"async\" width=\"686\" height=\"686\" src=\"https:\/\/soymigrante.com\/revista\/wp-content\/uploads\/2024\/12\/logo.webp\" class=\"attachment-large size-large wp-image-16157\" alt=\"Diversas herramientas de dise\u00f1o gr\u00e1fico y logotipos en una pantalla de tel\u00e9fono m\u00f3vil sobre un escritorio de oficina moderna.\" srcset=\"https:\/\/soymigrante.com\/revista\/wp-content\/uploads\/2024\/12\/logo.webp 686w, https:\/\/soymigrante.com\/revista\/wp-content\/uploads\/2024\/12\/logo-300x300.jpg 300w, https:\/\/soymigrante.com\/revista\/wp-content\/uploads\/2024\/12\/logo-150x150.jpg 150w, https:\/\/soymigrante.com\/revista\/wp-content\/uploads\/2024\/12\/logo-75x75.webp 75w\" sizes=\"(max-width: 686px) 100vw, 686px\" \/>\n            <\/div>\n        <\/div><div class=\"eael-entry-wrapper\"><header class=\"eael-entry-header\"><h2 class=\"eael-entry-title\"><a class=\"eael-grid-post-link\" href=\"https:\/\/soymigrante.com\/revista\/herramientas-digitales-gratis-para-logos-diseno-y-fotos-de-emprendimientos\/\" title=\"Herramientas digitales gratis para logos, dise\u00f1o y fotos de emprendimientos\">Herramientas digitales gratis para logos, dise\u00f1o y fotos de emprendimientos<\/a><\/h2><\/header><div class=\"eael-entry-content\">\n                        <div class=\"eael-grid-post-excerpt\"><a href=\"https:\/\/soymigrante.com\/revista\/herramientas-digitales-gratis-para-logos-diseno-y-fotos-de-emprendimientos\/\" class=\"eael-post-elements-readmore-btn\">CONOCE SU HISTORIA <\/a><\/div>\n                    <\/div><\/div><\/div>\n        <\/div>\n    <\/article><article class=\"eael-grid-post  eael-post-grid-column eael-pg-post-1235 category-bienestar\" data-id=\"1235\">\n        <div class=\"eael-grid-post-holder\">\n            <div class=\"eael-grid-post-holder-inner\"><div class=\"eael-entry-media\"><div class=\"eael-entry-overlay fade-in\"><i class=\"far fa-hand-pointer\" aria-hidden=\"true\"><\/i><a href=\"https:\/\/soymigrante.com\/revista\/superar-emociones-negativas-al-migrar\/\"><\/a><\/div><div class=\"eael-entry-thumbnail \">\n                <img loading=\"lazy\" decoding=\"async\" width=\"1024\" height=\"1024\" src=\"https:\/\/soymigrante.com\/revista\/wp-content\/uploads\/2023\/06\/SUPERAR-MIGRACION-ARTICULO-HENRY-ARMAS-1-1024x1024.png\" class=\"attachment-large size-large wp-image-1236\" alt=\"\" srcset=\"https:\/\/soymigrante.com\/revista\/wp-content\/uploads\/2023\/06\/SUPERAR-MIGRACION-ARTICULO-HENRY-ARMAS-1-1024x1024.png 1024w, https:\/\/soymigrante.com\/revista\/wp-content\/uploads\/2023\/06\/SUPERAR-MIGRACION-ARTICULO-HENRY-ARMAS-1-300x300.webp 300w, https:\/\/soymigrante.com\/revista\/wp-content\/uploads\/2023\/06\/SUPERAR-MIGRACION-ARTICULO-HENRY-ARMAS-1-150x150.webp 150w, https:\/\/soymigrante.com\/revista\/wp-content\/uploads\/2023\/06\/SUPERAR-MIGRACION-ARTICULO-HENRY-ARMAS-1-768x768.png 768w, https:\/\/soymigrante.com\/revista\/wp-content\/uploads\/2023\/06\/SUPERAR-MIGRACION-ARTICULO-HENRY-ARMAS-1-1536x1536.png 1536w, https:\/\/soymigrante.com\/revista\/wp-content\/uploads\/2023\/06\/SUPERAR-MIGRACION-ARTICULO-HENRY-ARMAS-1-2048x2048.png 2048w, https:\/\/soymigrante.com\/revista\/wp-content\/uploads\/2023\/06\/SUPERAR-MIGRACION-ARTICULO-HENRY-ARMAS-1-75x75.webp 75w, https:\/\/soymigrante.com\/revista\/wp-content\/uploads\/2023\/06\/SUPERAR-MIGRACION-ARTICULO-HENRY-ARMAS-1-750x750.webp 750w, https:\/\/soymigrante.com\/revista\/wp-content\/uploads\/2023\/06\/SUPERAR-MIGRACION-ARTICULO-HENRY-ARMAS-1-1140x1140.png 1140w, https:\/\/soymigrante.com\/revista\/wp-content\/uploads\/2023\/06\/SUPERAR-MIGRACION-ARTICULO-HENRY-ARMAS-1-600x600.png 600w, https:\/\/soymigrante.com\/revista\/wp-content\/uploads\/2023\/06\/SUPERAR-MIGRACION-ARTICULO-HENRY-ARMAS-1.webp 1919w\" sizes=\"(max-width: 1024px) 100vw, 1024px\" \/>\n            <\/div>\n        <\/div><div class=\"eael-entry-wrapper\"><header class=\"eael-entry-header\"><h2 class=\"eael-entry-title\"><a class=\"eael-grid-post-link\" href=\"https:\/\/soymigrante.com\/revista\/superar-emociones-negativas-al-migrar\/\" title=\"Cinco herramientas para superar emociones negativas al migrar\">Cinco herramientas para superar emociones negativas al migrar<\/a><\/h2><\/header><div class=\"eael-entry-content\">\n                        <div class=\"eael-grid-post-excerpt\"><a href=\"https:\/\/soymigrante.com\/revista\/superar-emociones-negativas-al-migrar\/\" class=\"eael-post-elements-readmore-btn\">CONOCE SU HISTORIA <\/a><\/div>\n                    <\/div><\/div><\/div>\n        <\/div>\n    <\/article><\/div>\n            <div class=\"clearfix\"><\/div>\n        <\/div>\t\t\t\t<\/div>\n\t\t\t\t\t<\/div>\n\t\t\t\t<\/div>\n\t\t\t\t<\/div>\n\t\t","protected":false},"excerpt":{"rendered":"<p>Transformar el tiempo conduciendo en el tr\u00e1fico en un momento de aprendizaje es posible. En el d\u00eda a d\u00eda, muchas personas pasan largas horas conduciendo, ya sea para ir al trabajo, llevar a los ni\u00f1os a la escuela o hacer diligencias. Sin embargo, este tiempo en el tr\u00e1fico no tiene por qu\u00e9 ser tiempo perdido. [&hellip;]<\/p>\n","protected":false},"author":19,"featured_media":26418,"comment_status":"open","ping_status":"open","sticky":false,"template":"","format":"standard","meta":{"_acf_changed":false,"_eb_attr":"","footnotes":""},"categories":[55],"tags":[],"class_list":["post-26417","post","type-post","status-publish","format-standard","has-post-thumbnail","hentry","category-bienestar"],"acf":[],"aioseo_notices":[],"aioseo_head":"\n\t\t<!-- All in One SEO Pro 4.9.6.2 - aioseo.com -->\n\t<meta name=\"description\" content=\"Existen emociones y sentimientos que pueden afectar el desempe\u00f1o, la visi\u00f3n y las convicciones del migrante guatemalteco que busca un mejor futuro. Pero tambi\u00e9n hay herramientas para controlar tales sensaciones: estas son cinco de ellas. Por Andr\u00e9 Armas Bran, educador y consejero de bienestar radicado en Guatemala. Un migrante tarde o temprano experimenta emociones negativas.\" \/>\n\t<meta name=\"robots\" content=\"max-snippet:-1, max-image-preview:large, max-video-preview:-1\" \/>\n\t<meta name=\"author\" content=\"SoyMigrante.com REVISTA\"\/>\n\t<link rel=\"canonical\" href=\"https:\/\/soymigrante.com\/revista\/superar-emociones-negativas-al-migrar\/\" \/>\n\t<meta name=\"generator\" content=\"All in One SEO Pro (AIOSEO) 4.9.6.2\" \/>\n\n\t\t<link rel=\"preconnect\" href=\"https:\/\/fonts.googleapis.com\" crossorigin>\n<link rel=\"preconnect\" href=\"https:\/\/fonts.gstatic.com\" crossorigin>\n\t\t<meta property=\"og:locale\" content=\"es_ES\" \/>\n\t\t<meta property=\"og:site_name\" content=\"SoyMigrante.com REVISTA \u2013 Nuestra misi\u00f3n es reconocer y dignificar al migrante.\" \/>\n\t\t<meta property=\"og:type\" content=\"article\" \/>\n\t\t<meta property=\"og:title\" content=\"Cinco herramientas para superar emociones negativas al migrar\" \/>\n\t\t<meta property=\"og:description\" content=\"Existen emociones y sentimientos que pueden afectar el desempe\u00f1o, la visi\u00f3n y las convicciones del migrante guatemalteco que busca un mejor futuro. Pero tambi\u00e9n hay herramientas para controlar tales sensaciones: estas son cinco de ellas. Por Andr\u00e9 Armas Bran, educador y consejero de bienestar radicado en Guatemala. Un migrante tarde o temprano experimenta emociones negativas.\" \/>\n\t\t<meta property=\"og:url\" content=\"https:\/\/soymigrante.com\/revista\/superar-emociones-negativas-al-migrar\/\" \/>\n\t\t<meta property=\"og:image\" content=\"https:\/\/soymigrante.com\/revista\/wp-content\/uploads\/2023\/06\/SUPERAR-MIGRACION-ARTICULO-HENRY-ARMAS-1.webp\" \/>\n\t\t<meta property=\"og:image:secure_url\" content=\"https:\/\/soymigrante.com\/revista\/wp-content\/uploads\/2023\/06\/SUPERAR-MIGRACION-ARTICULO-HENRY-ARMAS-1.webp\" \/>\n\t\t<meta property=\"og:image:width\" content=\"1919\" \/>\n\t\t<meta property=\"og:image:height\" content=\"1920\" \/>\n\t\t<meta property=\"article:published_time\" content=\"2023-06-06T20:56:55+00:00\" \/>\n\t\t<meta property=\"article:modified_time\" content=\"2024-11-01T10:44:59+00:00\" \/>\n\t\t<meta property=\"article:publisher\" content=\"https:\/\/www.facebook.com\/soymigrantecom\" \/>\n\t\t<meta name=\"twitter:card\" content=\"summary_large_image\" \/>\n\t\t<meta name=\"twitter:site\" content=\"@SoyMigrante_com\" \/>\n\t\t<meta name=\"twitter:title\" content=\"Cinco herramientas para superar emociones negativas al migrar\" \/>\n\t\t<meta name=\"twitter:description\" content=\"Existen emociones y sentimientos que pueden afectar el desempe\u00f1o, la visi\u00f3n y las convicciones del migrante guatemalteco que busca un mejor futuro. Pero tambi\u00e9n hay herramientas para controlar tales sensaciones: estas son cinco de ellas. Por Andr\u00e9 Armas Bran, educador y consejero de bienestar radicado en Guatemala. Un migrante tarde o temprano experimenta emociones negativas.\" \/>\n\t\t<meta name=\"twitter:creator\" content=\"@SoyMigrante_com\" \/>\n\t\t<meta name=\"twitter:image\" content=\"https:\/\/soymigrante.com\/revista\/wp-content\/uploads\/2023\/06\/SUPERAR-MIGRACION-ARTICULO-HENRY-ARMAS-1.webp\" \/>\n\t\t<!-- All in One SEO Pro -->\r\n\t\t<title>Cinco herramientas para superar emociones negativas al migrar<\/title>\n\n","aioseo_head_json":{"title":"Cinco herramientas para superar emociones negativas al migrar","description":"Existen emociones y sentimientos que pueden afectar el desempe\u00f1o, la visi\u00f3n y las convicciones del migrante guatemalteco que busca un mejor futuro. Pero tambi\u00e9n hay herramientas para controlar tales sensaciones: estas son cinco de ellas. Por Andr\u00e9 Armas Bran, educador y consejero de bienestar radicado en Guatemala. Un migrante tarde o temprano experimenta emociones negativas.","canonical_url":"https:\/\/soymigrante.com\/revista\/superar-emociones-negativas-al-migrar\/","robots":"max-snippet:-1, max-image-preview:large, max-video-preview:-1","keywords":"","webmasterTools":{"miscellaneous":"&lt;link rel=\"preconnect\" href=\"https:\/\/fonts.googleapis.com\" crossorigin&gt;\n&lt;link rel=\"preconnect\" href=\"https:\/\/fonts.gstatic.com\" crossorigin&gt;"},"schema":null,"og:locale":"es_ES","og:site_name":"SoyMigrante.com REVISTA \u2013 Nuestra misi\u00f3n es reconocer y dignificar al migrante.","og:type":"article","og:title":"Cinco herramientas para superar emociones negativas al migrar","og:description":"Existen emociones y sentimientos que pueden afectar el desempe\u00f1o, la visi\u00f3n y las convicciones del migrante guatemalteco que busca un mejor futuro. Pero tambi\u00e9n hay herramientas para controlar tales sensaciones: estas son cinco de ellas. Por Andr\u00e9 Armas Bran, educador y consejero de bienestar radicado en Guatemala. Un migrante tarde o temprano experimenta emociones negativas.","og:url":"https:\/\/soymigrante.com\/revista\/superar-emociones-negativas-al-migrar\/","og:image":"https:\/\/soymigrante.com\/revista\/wp-content\/uploads\/2023\/06\/SUPERAR-MIGRACION-ARTICULO-HENRY-ARMAS-1.webp","og:image:secure_url":"https:\/\/soymigrante.com\/revista\/wp-content\/uploads\/2023\/06\/SUPERAR-MIGRACION-ARTICULO-HENRY-ARMAS-1.webp","og:image:width":1919,"og:image:height":1920,"article:published_time":"2023-06-06T20:56:55+00:00","article:modified_time":"2024-11-01T10:44:59+00:00","article:publisher":"https:\/\/www.facebook.com\/soymigrantecom","twitter:card":"summary_large_image","twitter:site":"@SoyMigrante_com","twitter:title":"Cinco herramientas para superar emociones negativas al migrar","twitter:description":"Existen emociones y sentimientos que pueden afectar el desempe\u00f1o, la visi\u00f3n y las convicciones del migrante guatemalteco que busca un mejor futuro. Pero tambi\u00e9n hay herramientas para controlar tales sensaciones: estas son cinco de ellas. Por Andr\u00e9 Armas Bran, educador y consejero de bienestar radicado en Guatemala. Un migrante tarde o temprano experimenta emociones negativas.","twitter:creator":"@SoyMigrante_com","twitter:image":"https:\/\/soymigrante.com\/revista\/wp-content\/uploads\/2023\/06\/SUPERAR-MIGRACION-ARTICULO-HENRY-ARMAS-1.webp"},"aioseo_meta_data":{"post_id":"26417","title":null,"description":"Transformar el tiempo conduciendo en el tr\u00e1fico en un momento de aprendizaje es posible. Sin perder atenci\u00f3n a la precauci\u00f3n, se puede crecer personalmente.","keywords":null,"keyphrases":{"focus":{"keyphrase":"tiempo","score":91,"analysis":{"keyphraseInTitle":{"score":9,"maxScore":9,"error":0},"keyphraseInDescription":{"score":9,"maxScore":9,"error":0},"keyphraseLength":{"score":9,"maxScore":9,"error":0,"length":1},"keyphraseInURL":{"score":5,"maxScore":5,"error":0},"keyphraseInIntroduction":{"score":9,"maxScore":9,"error":0},"keyphraseInSubHeadings":{"score":3,"maxScore":9,"error":1},"keyphraseInImageAlt":{"score":9,"maxScore":9,"error":0},"keywordDensity":{"type":"best","score":9,"maxScore":9,"error":0}}},"additional":[{"keyphrase":"tiempo","score":100,"analysis":{"keyphraseInDescription":{"score":9,"maxScore":9,"error":0},"keyphraseLength":{"score":9,"maxScore":9,"error":0,"length":1},"keyphraseInIntroduction":{"score":9,"maxScore":9,"error":0},"keyphraseInImageAlt":{"score":9,"maxScore":9,"error":0},"keywordDensity":{"type":"best","score":9,"maxScore":9,"error":0}}},{"keyphrase":"conduciendo","score":80,"analysis":{"keyphraseInDescription":{"score":9,"maxScore":9,"error":0},"keyphraseLength":{"score":9,"maxScore":9,"error":0,"length":1},"keyphraseInIntroduction":{"score":9,"maxScore":9,"error":0},"keyphraseInImageAlt":{"score":9,"maxScore":9,"error":0},"keywordDensity":{"score":0,"type":"low","maxScore":9,"error":1}}}]},"primary_term":null,"canonical_url":null,"og_title":null,"og_description":null,"og_object_type":"default","og_image_type":"default","og_image_url":null,"og_image_width":null,"og_image_height":null,"og_image_custom_url":null,"og_image_custom_fields":null,"og_video":"","og_custom_url":null,"og_article_section":null,"og_article_tags":null,"twitter_use_og":false,"twitter_card":"default","twitter_image_type":"default","twitter_image_url":null,"twitter_image_custom_url":null,"twitter_image_custom_fields":null,"twitter_title":null,"twitter_description":null,"schema":{"blockGraphs":[],"customGraphs":[],"default":{"data":{"Article":[],"Course":[],"Dataset":[],"FAQPage":[],"Movie":[],"Person":[],"Product":[],"ProductReview":[],"Car":[],"Recipe":[],"Service":[],"SoftwareApplication":[],"WebPage":[]},"graphName":"BlogPosting","isEnabled":true},"graphs":[]},"schema_type":"default","schema_type_options":null,"pillar_content":false,"robots_default":true,"robots_noindex":false,"robots_noarchive":false,"robots_nosnippet":false,"robots_nofollow":false,"robots_noimageindex":false,"robots_noodp":false,"robots_notranslate":false,"robots_max_snippet":"-1","robots_max_videopreview":"-1","robots_max_imagepreview":"large","priority":null,"frequency":"default","local_seo":null,"seo_analyzer_scan_date":"2025-10-09 02:58:25","breadcrumb_settings":null,"limit_modified_date":false,"reviewed_by":null,"open_ai":"{\"title\":{\"suggestions\":[],\"usage\":0},\"description\":{\"suggestions\":[],\"usage\":0}}","ai":null,"created":"2025-02-25 19:50:53","updated":"2026-02-04 21:50:37"},"aioseo_breadcrumb":"<div class=\"aioseo-breadcrumbs\"><span class=\"aioseo-breadcrumb\">\n\t<a href=\"https:\/\/soymigrante.com\/revista\" title=\"Home\">Home<\/a>\n<\/span><span class=\"aioseo-breadcrumb-separator\">\u00bb<\/span><span class=\"aioseo-breadcrumb\">\n\t<a href=\"https:\/\/soymigrante.com\/revista\/category\/bienestar\/\" title=\"Bienestar\">Bienestar<\/a>\n<\/span><span class=\"aioseo-breadcrumb-separator\">\u00bb<\/span><span class=\"aioseo-breadcrumb\">\n\tAprendiendo y conduciendo: tiempo en carretera puede ser ruta al crecimiento personal\n<\/span><\/div>","aioseo_breadcrumb_json":[{"label":"Home","link":"https:\/\/soymigrante.com\/revista"},{"label":"Bienestar","link":"https:\/\/soymigrante.com\/revista\/category\/bienestar\/"},{"label":"Aprendiendo y conduciendo: tiempo en carretera puede ser ruta al crecimiento personal","link":"https:\/\/soymigrante.com\/revista\/aprendiendo-y-conduciendo-tiempo-en-carretera-puede-ser-ruta-al-crecimiento-personal\/"}],"_links":{"self":[{"href":"https:\/\/soymigrante.com\/revista\/wp-json\/wp\/v2\/posts\/26417","targetHints":{"allow":["GET"]}}],"collection":[{"href":"https:\/\/soymigrante.com\/revista\/wp-json\/wp\/v2\/posts"}],"about":[{"href":"https:\/\/soymigrante.com\/revista\/wp-json\/wp\/v2\/types\/post"}],"author":[{"embeddable":true,"href":"https:\/\/soymigrante.com\/revista\/wp-json\/wp\/v2\/users\/19"}],"replies":[{"embeddable":true,"href":"https:\/\/soymigrante.com\/revista\/wp-json\/wp\/v2\/comments?post=26417"}],"version-history":[{"count":0,"href":"https:\/\/soymigrante.com\/revista\/wp-json\/wp\/v2\/posts\/26417\/revisions"}],"wp:featuredmedia":[{"embeddable":true,"href":"https:\/\/soymigrante.com\/revista\/wp-json\/wp\/v2\/media\/26418"}],"wp:attachment":[{"href":"https:\/\/soymigrante.com\/revista\/wp-json\/wp\/v2\/media?parent=26417"}],"wp:term":[{"taxonomy":"category","embeddable":true,"href":"https:\/\/soymigrante.com\/revista\/wp-json\/wp\/v2\/categories?post=26417"},{"taxonomy":"post_tag","embeddable":true,"href":"https:\/\/soymigrante.com\/revista\/wp-json\/wp\/v2\/tags?post=26417"}],"curies":[{"name":"wp","href":"https:\/\/api.w.org\/{rel}","templated":true}]}}