{"id":26405,"date":"2025-02-26T05:00:00","date_gmt":"2025-02-26T11:00:00","guid":{"rendered":"https:\/\/soymigrante.com\/revista\/?p=26405"},"modified":"2025-08-27T11:11:46","modified_gmt":"2025-08-27T17:11:46","slug":"cuidado-de-la-vista-necesita-saber-identificar-sintomas-y-atenderlos","status":"publish","type":"post","link":"https:\/\/soymigrante.com\/revista\/cuidado-de-la-vista-necesita-saber-identificar-sintomas-y-atenderlos\/","title":{"rendered":"Cuidado de la vista necesita saber identificar s\u00edntomas y atenderlos"},"content":{"rendered":"\t\t<div data-elementor-type=\"wp-post\" data-elementor-id=\"26405\" class=\"elementor elementor-26405\" data-elementor-post-type=\"post\">\n\t\t\t\t<div data-particle_enable=\"false\" data-particle-mobile-disabled=\"false\" class=\"elementor-element elementor-element-45ef797 e-flex e-con-boxed e-con e-parent\" data-id=\"45ef797\" data-element_type=\"container\" data-e-type=\"container\">\n\t\t\t\t\t<div class=\"e-con-inner\">\n\t\t\t\t<div class=\"elementor-element elementor-element-da69ec6 elementor-widget elementor-widget-heading\" data-id=\"da69ec6\" data-element_type=\"widget\" data-e-type=\"widget\" data-widget_type=\"heading.default\">\n\t\t\t\t\t<h2 class=\"elementor-heading-title elementor-size-default\">Los problemas en la vista no los debes ignorar porque al tiempo podr\u00eda ser peor. <\/h2>\t\t\t\t<\/div>\n\t\t\t\t\t<\/div>\n\t\t\t\t<\/div>\n\t\t<div data-particle_enable=\"false\" data-particle-mobile-disabled=\"false\" class=\"elementor-element elementor-element-b2dbf85 e-flex e-con-boxed e-con e-parent\" data-id=\"b2dbf85\" data-element_type=\"container\" data-e-type=\"container\">\n\t\t\t\t\t<div class=\"e-con-inner\">\n\t\t\t\t<div class=\"elementor-element elementor-element-cbca2b4 elementor-widget elementor-widget-text-editor\" data-id=\"cbca2b4\" data-element_type=\"widget\" data-e-type=\"widget\" data-widget_type=\"text-editor.default\">\n\t\t\t\t\t\t\t\t\t<p>Muchas personas experimentan problemas de la vista y los dejan pasar sin buscar atenci\u00f3n m\u00e9dica, <a href=\"https:\/\/soymigrante.com\/revista\/cuidar-la-vista-de-tus-hijos-debe-ser-una-prioridad-te-contamos-por-que-y-como\/\" target=\"_blank\" rel=\"noopener\">creyendo que son normales o que con el tiempo mejorar\u00e1n.<\/a> Sin embargo, ignorar ciertos padecimientos puede agravar la condici\u00f3n y afectar la calidad de vida.<\/p><p>A continuaci\u00f3n, <a href=\"https:\/\/soymigrante.com\/revista\/cuidar-la-vista-de-tus-hijos-debe-ser-una-prioridad-te-contamos-por-que-y-como\/\" target=\"_blank\" rel=\"noopener\">te explicamos algunos de los problemas visuales m\u00e1s comunes<\/a> y los tipos de lentes que pueden ayudar a corregirlos, seg\u00fan el oftalm\u00f3logo, Carlos Hern\u00e1ndez.<\/p>\t\t\t\t\t\t\t\t<\/div>\n\t\t\t\t\t<\/div>\n\t\t\t\t<\/div>\n\t\t<div data-particle_enable=\"false\" data-particle-mobile-disabled=\"false\" class=\"elementor-element elementor-element-0b47eae e-flex e-con-boxed e-con e-parent\" data-id=\"0b47eae\" data-element_type=\"container\" data-e-type=\"container\">\n\t\t\t\t\t<div class=\"e-con-inner\">\n\t\t\t\t<div class=\"elementor-element elementor-element-75ffab6 elementor-widget elementor-widget-heading\" data-id=\"75ffab6\" data-element_type=\"widget\" data-e-type=\"widget\" data-widget_type=\"heading.default\">\n\t\t\t\t\t<h3 class=\"elementor-heading-title elementor-size-default\">1. Miop\u00eda: dificultad para ver de lejos<\/h3>\t\t\t\t<\/div>\n\t\t\t\t\t<\/div>\n\t\t\t\t<\/div>\n\t\t<div data-particle_enable=\"false\" data-particle-mobile-disabled=\"false\" class=\"elementor-element elementor-element-a9ad37a e-flex e-con-boxed e-con e-parent\" data-id=\"a9ad37a\" data-element_type=\"container\" data-e-type=\"container\">\n\t\t\t\t\t<div class=\"e-con-inner\">\n\t\t\t\t<div class=\"elementor-element elementor-element-c806a62 elementor-widget elementor-widget-text-editor\" data-id=\"c806a62\" data-element_type=\"widget\" data-e-type=\"widget\" data-widget_type=\"text-editor.default\">\n\t\t\t\t\t\t\t\t\t<div>La miop\u00eda es un problema de refracci\u00f3n en el que los objetos cercanos se ven con claridad, pero los lejanos aparecen borrosos. <a href=\"https:\/\/soymigrante.com\/revista\/cuidar-la-vista-de-tus-hijos-debe-ser-una-prioridad-te-contamos-por-que-y-como\/\" target=\"_blank\" rel=\"noopener\">Ocurre cuando el ojo es m\u00e1s largo de lo normal o la c\u00f3rnea tiene demasiada curvatura<\/a>, lo que provoca que la luz se enfoque antes de llegar a la retina.<\/div><div>\u00a0<\/div><div><strong>S\u00edntomas:<\/strong><\/div><div>\u2022Dificultad para ver se\u00f1ales de tr\u00e1nsito o televisi\u00f3n<\/div><div>\u2022Entrecerrar los ojos para enfocar mejor<\/div><div>\u2022Dolores de cabeza frecuentes<\/div><div>\u00a0<\/div><div><strong>Correcci\u00f3n:<\/strong><\/div><div>\u00a0<\/div><div>Se corrige con lentes divergentes o c\u00f3ncavos, que ayudan a enfocar correctamente la luz en la retina. Tambi\u00e9n existen lentes de contacto y cirug\u00edas como la LASIK para tratarla.<\/div>\t\t\t\t\t\t\t\t<\/div>\n\t\t\t\t\t<\/div>\n\t\t\t\t<\/div>\n\t\t<div data-particle_enable=\"false\" data-particle-mobile-disabled=\"false\" class=\"elementor-element elementor-element-0929cb0 e-flex e-con-boxed e-con e-parent\" data-id=\"0929cb0\" data-element_type=\"container\" data-e-type=\"container\">\n\t\t\t\t\t<div class=\"e-con-inner\">\n\t\t\t\t<div class=\"elementor-element elementor-element-976b9c0 elementor-widget elementor-widget-video\" data-id=\"976b9c0\" data-element_type=\"widget\" data-e-type=\"widget\" data-settings=\"{&quot;youtube_url&quot;:&quot;https:\\\/\\\/www.youtube.com\\\/watch?v=nGsAXNFsKXI&quot;,&quot;video_type&quot;:&quot;youtube&quot;,&quot;controls&quot;:&quot;yes&quot;}\" data-widget_type=\"video.default\">\n\t\t\t\t\t\t\t<div class=\"elementor-wrapper elementor-open-inline\">\n\t\t\t<div class=\"elementor-video\"><\/div>\t\t<\/div>\n\t\t\t\t\t\t<\/div>\n\t\t\t\t\t<\/div>\n\t\t\t\t<\/div>\n\t\t<div data-particle_enable=\"false\" data-particle-mobile-disabled=\"false\" class=\"elementor-element elementor-element-5ec7f07 e-flex e-con-boxed e-con e-parent\" data-id=\"5ec7f07\" data-element_type=\"container\" data-e-type=\"container\">\n\t\t\t\t\t<div class=\"e-con-inner\">\n\t\t\t\t<div class=\"elementor-element elementor-element-d0182e8 elementor-widget elementor-widget-heading\" data-id=\"d0182e8\" data-element_type=\"widget\" data-e-type=\"widget\" data-widget_type=\"heading.default\">\n\t\t\t\t\t<h3 class=\"elementor-heading-title elementor-size-default\">2. Hipermetrop\u00eda: dificultad para ver de cerca<\/h3>\t\t\t\t<\/div>\n\t\t\t\t\t<\/div>\n\t\t\t\t<\/div>\n\t\t<div data-particle_enable=\"false\" data-particle-mobile-disabled=\"false\" class=\"elementor-element elementor-element-ffec94e e-flex e-con-boxed e-con e-parent\" data-id=\"ffec94e\" data-element_type=\"container\" data-e-type=\"container\">\n\t\t\t\t\t<div class=\"e-con-inner\">\n\t\t\t\t<div class=\"elementor-element elementor-element-88c22b4 elementor-widget elementor-widget-text-editor\" data-id=\"88c22b4\" data-element_type=\"widget\" data-e-type=\"widget\" data-widget_type=\"text-editor.default\">\n\t\t\t\t\t\t\t\t\t<div>A diferencia de la miop\u00eda, la hipermetrop\u00eda ocurre cuando los objetos lejanos se ven m\u00e1s claros que los cercanos. Se debe a que el ojo es m\u00e1s corto de lo normal o la c\u00f3rnea es demasiado plana, <a href=\"https:\/\/soymigrante.com\/revista\/cuidar-la-vista-de-tus-hijos-debe-ser-una-prioridad-te-contamos-por-que-y-como\/\" target=\"_blank\" rel=\"noopener\">haciendo que la luz se enfoque detr\u00e1s de la retina.<\/a><\/div><div>\u00a0<\/div><div><strong>S\u00edntomas:<\/strong><\/div><div>\u2022Fatiga ocular al leer o usar dispositivos<\/div><div>\u2022Dolor de cabeza despu\u00e9s de actividades de enfoque cercano<\/div><div>\u2022Dificultad para ver detalles peque\u00f1os<\/div><div>\u00a0<\/div><div><strong>Correcci\u00f3n:<\/strong><\/div><div>\u00a0<\/div><div>Los lentes convergentes o convexos ayudan a redirigir la luz para que se enfoque correctamente en la retina. Tambi\u00e9n se pueden usar lentes de contacto o cirug\u00eda l\u00e1ser.<\/div>\t\t\t\t\t\t\t\t<\/div>\n\t\t\t\t\t<\/div>\n\t\t\t\t<\/div>\n\t\t<div data-particle_enable=\"false\" data-particle-mobile-disabled=\"false\" class=\"elementor-element elementor-element-14122d0 e-flex e-con-boxed e-con e-parent\" data-id=\"14122d0\" data-element_type=\"container\" data-e-type=\"container\">\n\t\t\t\t\t<div class=\"e-con-inner\">\n\t\t\t\t<div class=\"elementor-element elementor-element-bbe3069 elementor-widget elementor-widget-video\" data-id=\"bbe3069\" data-element_type=\"widget\" data-e-type=\"widget\" data-settings=\"{&quot;youtube_url&quot;:&quot;https:\\\/\\\/www.youtube.com\\\/watch?v=wdOVMPNr_Uk&quot;,&quot;video_type&quot;:&quot;youtube&quot;,&quot;controls&quot;:&quot;yes&quot;}\" data-widget_type=\"video.default\">\n\t\t\t\t\t\t\t<div class=\"elementor-wrapper elementor-open-inline\">\n\t\t\t<div class=\"elementor-video\"><\/div>\t\t<\/div>\n\t\t\t\t\t\t<\/div>\n\t\t\t\t\t<\/div>\n\t\t\t\t<\/div>\n\t\t<div data-particle_enable=\"false\" data-particle-mobile-disabled=\"false\" class=\"elementor-element elementor-element-372fcc8 e-flex e-con-boxed e-con e-parent\" data-id=\"372fcc8\" data-element_type=\"container\" data-e-type=\"container\">\n\t\t\t\t\t<div class=\"e-con-inner\">\n\t\t\t\t<div class=\"elementor-element elementor-element-fce8c28 elementor-widget elementor-widget-heading\" data-id=\"fce8c28\" data-element_type=\"widget\" data-e-type=\"widget\" data-widget_type=\"heading.default\">\n\t\t\t\t\t<h3 class=\"elementor-heading-title elementor-size-default\">3. Astigmatismo: visi\u00f3n distorsionada o borrosa<\/h3>\t\t\t\t<\/div>\n\t\t\t\t\t<\/div>\n\t\t\t\t<\/div>\n\t\t<div data-particle_enable=\"false\" data-particle-mobile-disabled=\"false\" class=\"elementor-element elementor-element-4b17f70 e-flex e-con-boxed e-con e-parent\" data-id=\"4b17f70\" data-element_type=\"container\" data-e-type=\"container\">\n\t\t\t\t\t<div class=\"e-con-inner\">\n\t\t\t\t<div class=\"elementor-element elementor-element-9d836c5 elementor-widget elementor-widget-text-editor\" data-id=\"9d836c5\" data-element_type=\"widget\" data-e-type=\"widget\" data-widget_type=\"text-editor.default\">\n\t\t\t\t\t\t\t\t\t<div><a href=\"https:\/\/soymigrante.com\/revista\/cuidar-la-vista-de-tus-hijos-debe-ser-una-prioridad-te-contamos-por-que-y-como\/\" target=\"_blank\" rel=\"noopener\">El astigmatismo se debe a una curvatura irregular de la c\u00f3rnea,<\/a> lo que provoca que la luz se disperse en diferentes direcciones y la imagen se vea distorsionada o borrosa tanto de cerca como de lejos.<\/div><div>\u00a0<\/div><div><strong>S\u00edntomas:<\/strong><\/div><div>\u2022Visi\u00f3n borrosa o doble<\/div><div>\u2022Fatiga ocular y dolores de cabeza<\/div><div>\u2022Dificultad para ver de noche<\/div><div>\u00a0<\/div><div><strong>Correcci\u00f3n:<\/strong><\/div><div>\u00a0<\/div><div>Se corrige con lentes cil\u00edndricos que ajustan la forma en que la luz entra al ojo. Tambi\u00e9n existen lentes de contacto especiales llamados t\u00f3ricos y opciones de cirug\u00eda l\u00e1ser.<\/div>\t\t\t\t\t\t\t\t<\/div>\n\t\t\t\t\t<\/div>\n\t\t\t\t<\/div>\n\t\t<div data-particle_enable=\"false\" data-particle-mobile-disabled=\"false\" class=\"elementor-element elementor-element-c2e33c3 e-flex e-con-boxed e-con e-parent\" data-id=\"c2e33c3\" data-element_type=\"container\" data-e-type=\"container\">\n\t\t\t\t\t<div class=\"e-con-inner\">\n\t\t\t\t<div class=\"elementor-element elementor-element-15a236d elementor-widget elementor-widget-video\" data-id=\"15a236d\" data-element_type=\"widget\" data-e-type=\"widget\" data-settings=\"{&quot;youtube_url&quot;:&quot;https:\\\/\\\/www.youtube.com\\\/watch?v=TeifEHsVuAg&quot;,&quot;video_type&quot;:&quot;youtube&quot;,&quot;controls&quot;:&quot;yes&quot;}\" data-widget_type=\"video.default\">\n\t\t\t\t\t\t\t<div class=\"elementor-wrapper elementor-open-inline\">\n\t\t\t<div class=\"elementor-video\"><\/div>\t\t<\/div>\n\t\t\t\t\t\t<\/div>\n\t\t\t\t\t<\/div>\n\t\t\t\t<\/div>\n\t\t<div data-particle_enable=\"false\" data-particle-mobile-disabled=\"false\" class=\"elementor-element elementor-element-75470d4 e-flex e-con-boxed e-con e-parent\" data-id=\"75470d4\" data-element_type=\"container\" data-e-type=\"container\">\n\t\t\t\t\t<div class=\"e-con-inner\">\n\t\t\t\t<div class=\"elementor-element elementor-element-aaced08 elementor-widget elementor-widget-heading\" data-id=\"aaced08\" data-element_type=\"widget\" data-e-type=\"widget\" data-widget_type=\"heading.default\">\n\t\t\t\t\t<h3 class=\"elementor-heading-title elementor-size-default\">4. Presbicia: vista cansada por la edad<\/h3>\t\t\t\t<\/div>\n\t\t\t\t\t<\/div>\n\t\t\t\t<\/div>\n\t\t<div data-particle_enable=\"false\" data-particle-mobile-disabled=\"false\" class=\"elementor-element elementor-element-31c55bd e-flex e-con-boxed e-con e-parent\" data-id=\"31c55bd\" data-element_type=\"container\" data-e-type=\"container\">\n\t\t\t\t\t<div class=\"e-con-inner\">\n\t\t\t\t<div class=\"elementor-element elementor-element-6129b5f elementor-widget elementor-widget-text-editor\" data-id=\"6129b5f\" data-element_type=\"widget\" data-e-type=\"widget\" data-widget_type=\"text-editor.default\">\n\t\t\t\t\t\t\t\t\t<div>La presbicia es la dificultad para enfocar objetos cercanos debido al envejecimiento del cristalino del ojo. <a href=\"https:\/\/soymigrante.com\/revista\/cuidar-la-vista-de-tus-hijos-debe-ser-una-prioridad-te-contamos-por-que-y-como\/\" target=\"_blank\" rel=\"noopener\">Generalmente, aparece despu\u00e9s de los 40 a\u00f1os.<\/a><\/div><div>\u00a0<\/div><div><strong>S\u00edntomas:<\/strong><\/div><div>\u2022Dificultad para leer letras peque\u00f1as<\/div><div>\u2022Necesidad de alejar el tel\u00e9fono o los libros para ver con claridad<\/div><div>\u2022Fatiga ocular al leer o usar pantallas<\/div><div>\u00a0<\/div><div><strong>Correcci\u00f3n:<\/strong><\/div><div>\u00a0<\/div><div>Los lentes bifocales, progresivos o de lectura ayudan a compensar la p\u00e9rdida de enfoque del cristalino.<\/div>\t\t\t\t\t\t\t\t<\/div>\n\t\t\t\t\t<\/div>\n\t\t\t\t<\/div>\n\t\t<div data-particle_enable=\"false\" data-particle-mobile-disabled=\"false\" class=\"elementor-element elementor-element-42c30d9 e-flex e-con-boxed e-con e-parent\" data-id=\"42c30d9\" data-element_type=\"container\" data-e-type=\"container\">\n\t\t\t\t\t<div class=\"e-con-inner\">\n\t\t\t\t<div class=\"elementor-element elementor-element-d240eb4 elementor-widget elementor-widget-video\" data-id=\"d240eb4\" data-element_type=\"widget\" data-e-type=\"widget\" data-settings=\"{&quot;youtube_url&quot;:&quot;https:\\\/\\\/www.youtube.com\\\/watch?v=HOZ20GsCUh4&quot;,&quot;video_type&quot;:&quot;youtube&quot;,&quot;controls&quot;:&quot;yes&quot;}\" data-widget_type=\"video.default\">\n\t\t\t\t\t\t\t<div class=\"elementor-wrapper elementor-open-inline\">\n\t\t\t<div class=\"elementor-video\"><\/div>\t\t<\/div>\n\t\t\t\t\t\t<\/div>\n\t\t\t\t\t<\/div>\n\t\t\t\t<\/div>\n\t\t<div data-particle_enable=\"false\" data-particle-mobile-disabled=\"false\" class=\"elementor-element elementor-element-98503b9 e-flex e-con-boxed e-con e-parent\" data-id=\"98503b9\" data-element_type=\"container\" data-e-type=\"container\">\n\t\t\t\t\t<div class=\"e-con-inner\">\n\t\t\t\t<div class=\"elementor-element elementor-element-bce0448 elementor-widget elementor-widget-heading\" data-id=\"bce0448\" data-element_type=\"widget\" data-e-type=\"widget\" data-widget_type=\"heading.default\">\n\t\t\t\t\t<h3 class=\"elementor-heading-title elementor-size-default\">\u00bfPor qu\u00e9 es peligroso ignorar estos problemas?<\/h3>\t\t\t\t<\/div>\n\t\t\t\t\t<\/div>\n\t\t\t\t<\/div>\n\t\t<div data-particle_enable=\"false\" data-particle-mobile-disabled=\"false\" class=\"elementor-element elementor-element-a390350 e-flex e-con-boxed e-con e-parent\" data-id=\"a390350\" data-element_type=\"container\" data-e-type=\"container\">\n\t\t\t\t\t<div class=\"e-con-inner\">\n\t\t\t\t<div class=\"elementor-element elementor-element-fba893c elementor-widget elementor-widget-text-editor\" data-id=\"fba893c\" data-element_type=\"widget\" data-e-type=\"widget\" data-widget_type=\"text-editor.default\">\n\t\t\t\t\t\t\t\t\t<p>Dejar sin tratar estas condiciones puede derivar en problemas m\u00e1s graves, como fatiga ocular cr\u00f3nica, estr\u00e9s visual, dolores de cabeza persistentes e incluso aumentar el riesgo de accidentes. Adem\u00e1s, algunas condiciones pueden empeorar con el tiempo si no se corrigen.<\/p><p><a href=\"https:\/\/soymigrante.com\/revista\/cuidar-la-vista-de-tus-hijos-debe-ser-una-prioridad-te-contamos-por-que-y-como\/\" target=\"_blank\" rel=\"noopener\">Si experimentas alguno de estos s\u00edntomas, lo mejor es acudir a un oftalm\u00f3logo<\/a> para obtener un diagn\u00f3stico preciso y la correcci\u00f3n adecuada. Unas gafas bien adaptadas pueden marcar la diferencia en tu calidad de vida y en la salud de tu vista.<\/p>\t\t\t\t\t\t\t\t<\/div>\n\t\t\t\t\t<\/div>\n\t\t\t\t<\/div>\n\t\t<div data-particle_enable=\"false\" data-particle-mobile-disabled=\"false\" class=\"elementor-element elementor-element-4219730 e-flex e-con-boxed e-con e-parent\" data-id=\"4219730\" data-element_type=\"container\" data-e-type=\"container\">\n\t\t\t\t\t<div class=\"e-con-inner\">\n\t\t\t\t<div class=\"elementor-element elementor-element-0b4764c elementor-widget elementor-widget-heading\" data-id=\"0b4764c\" data-element_type=\"widget\" data-e-type=\"widget\" data-widget_type=\"heading.default\">\n\t\t\t\t\t<h2 class=\"elementor-heading-title elementor-size-default\">Conoce otras recomendaciones de salud, ac\u00e1...<\/h2>\t\t\t\t<\/div>\n\t\t\t\t\t<\/div>\n\t\t\t\t<\/div>\n\t\t<div data-particle_enable=\"false\" data-particle-mobile-disabled=\"false\" class=\"elementor-element elementor-element-8a714d8 e-flex e-con-boxed e-con e-parent\" data-id=\"8a714d8\" data-element_type=\"container\" data-e-type=\"container\">\n\t\t\t\t\t<div class=\"e-con-inner\">\n\t\t\t\t<div class=\"elementor-element elementor-element-f23f0ce elementor-grid-eael-col-3 elementor-grid-tablet-eael-col-2 elementor-grid-mobile-eael-col-1 elementor-widget elementor-widget-eael-post-grid\" data-id=\"f23f0ce\" data-element_type=\"widget\" data-e-type=\"widget\" data-settings=\"{&quot;eael_post_grid_columns&quot;:&quot;eael-col-3&quot;,&quot;eael_post_grid_columns_tablet&quot;:&quot;eael-col-2&quot;,&quot;eael_post_grid_columns_mobile&quot;:&quot;eael-col-1&quot;}\" data-widget_type=\"eael-post-grid.default\">\n\t\t\t\t\t<div id=\"eael-post-grid-f23f0ce\" class=\"eael-post-grid-container\">\n            <div class=\"eael-post-grid eael-post-appender eael-post-appender-f23f0ce eael-post-grid-style-one\" data-layout-mode=\"masonry\"><article class=\"eael-grid-post  eael-post-grid-column eael-pg-post-8762 category-bienestar\" data-id=\"8762\">\n        <div class=\"eael-grid-post-holder\">\n            <div class=\"eael-grid-post-holder-inner\"><div class=\"eael-entry-media\"><div class=\"eael-entry-overlay fade-in\"><i class=\"far fa-hand-pointer\" aria-hidden=\"true\"><\/i><a href=\"https:\/\/soymigrante.com\/revista\/siete-recomendaciones-para-elaborar-un-presupuesto-y-no-gastar-de-mas\/\"><\/a><\/div><div class=\"eael-entry-thumbnail \">\n                <img fetchpriority=\"high\" decoding=\"async\" width=\"1024\" height=\"682\" src=\"https:\/\/soymigrante.com\/revista\/wp-content\/uploads\/2024\/09\/Recomendaciones-para-hacer-un-presupuesto-y-no-gastar-de-mas-1024x682.webp\" class=\"attachment-large size-large wp-image-8763\" alt=\"Billetes de d\u00f3lares estadounidenses, dinero en efectivo, inversi\u00f3n, finanzas, econom\u00eda, moneda, billetes enrollados, dinero l\u00edquido, reserva federal, valor del d\u00f3lar.\" \/>\n            <\/div>\n        <\/div><div class=\"eael-entry-wrapper\"><header class=\"eael-entry-header\"><h2 class=\"eael-entry-title\"><a class=\"eael-grid-post-link\" href=\"https:\/\/soymigrante.com\/revista\/siete-recomendaciones-para-elaborar-un-presupuesto-y-no-gastar-de-mas\/\" title=\"Siete recomendaciones para elaborar un presupuesto y no gastar de m\u00e1s\">Siete recomendaciones para elaborar un presupuesto y no gastar de m\u00e1s<\/a><\/h2><\/header><div class=\"eael-entry-content\">\n                        <div class=\"eael-grid-post-excerpt\"><a href=\"https:\/\/soymigrante.com\/revista\/siete-recomendaciones-para-elaborar-un-presupuesto-y-no-gastar-de-mas\/\" class=\"eael-post-elements-readmore-btn\">CONOCE SU HISTORIA <\/a><\/div>\n                    <\/div><\/div><\/div>\n        <\/div>\n    <\/article><article class=\"eael-grid-post  eael-post-grid-column eael-pg-post-8203 category-bienestar\" data-id=\"8203\">\n        <div class=\"eael-grid-post-holder\">\n            <div class=\"eael-grid-post-holder-inner\"><div class=\"eael-entry-media\"><div class=\"eael-entry-overlay fade-in\"><i class=\"far fa-hand-pointer\" aria-hidden=\"true\"><\/i><a href=\"https:\/\/soymigrante.com\/revista\/como-cuidar-la-alimentacion-de-tus-hijos-instituto-americano-de-salud-digiestiva\/\"><\/a><\/div><div class=\"eael-entry-thumbnail \">\n                <img decoding=\"async\" width=\"792\" height=\"792\" src=\"https:\/\/soymigrante.com\/revista\/wp-content\/uploads\/2024\/08\/ALIMENTACION-INFANTIL.webp\" class=\"attachment-large size-large wp-image-8242\" alt=\"Disfrutando de una rodaja de sand\u00eda, ni\u00f1a comiendo fruta refrescante, verano, saludable, en el parque, sonriente, saludable y feliz.\" srcset=\"https:\/\/soymigrante.com\/revista\/wp-content\/uploads\/2024\/08\/ALIMENTACION-INFANTIL.webp 792w, https:\/\/soymigrante.com\/revista\/wp-content\/uploads\/2024\/08\/ALIMENTACION-INFANTIL-300x300.webp 300w, https:\/\/soymigrante.com\/revista\/wp-content\/uploads\/2024\/08\/ALIMENTACION-INFANTIL-150x150.webp 150w, https:\/\/soymigrante.com\/revista\/wp-content\/uploads\/2024\/08\/ALIMENTACION-INFANTIL-768x768.webp 768w, https:\/\/soymigrante.com\/revista\/wp-content\/uploads\/2024\/08\/ALIMENTACION-INFANTIL-75x75.webp 75w, https:\/\/soymigrante.com\/revista\/wp-content\/uploads\/2024\/08\/ALIMENTACION-INFANTIL-750x750.webp 750w\" sizes=\"(max-width: 792px) 100vw, 792px\" \/>\n            <\/div>\n        <\/div><div class=\"eael-entry-wrapper\"><header class=\"eael-entry-header\"><h2 class=\"eael-entry-title\"><a class=\"eael-grid-post-link\" href=\"https:\/\/soymigrante.com\/revista\/como-cuidar-la-alimentacion-de-tus-hijos-instituto-americano-de-salud-digiestiva\/\" title=\"C\u00f3mo cuidar la alimentaci\u00f3n de tus hijos: instituto americano de salud digestiva\">C\u00f3mo cuidar la alimentaci\u00f3n de tus hijos: instituto americano de salud digestiva<\/a><\/h2><\/header><div class=\"eael-entry-content\">\n                        <div class=\"eael-grid-post-excerpt\"><a href=\"https:\/\/soymigrante.com\/revista\/como-cuidar-la-alimentacion-de-tus-hijos-instituto-americano-de-salud-digiestiva\/\" class=\"eael-post-elements-readmore-btn\">CONOCE SU HISTORIA <\/a><\/div>\n                    <\/div><\/div><\/div>\n        <\/div>\n    <\/article><article class=\"eael-grid-post  eael-post-grid-column eael-pg-post-5615 category-bienestar\" data-id=\"5615\">\n        <div class=\"eael-grid-post-holder\">\n            <div class=\"eael-grid-post-holder-inner\"><div class=\"eael-entry-media\"><div class=\"eael-entry-overlay fade-in\"><i class=\"far fa-hand-pointer\" aria-hidden=\"true\"><\/i><a href=\"https:\/\/soymigrante.com\/revista\/dar-y-compartir-en-esta-semana-santa-y-mas-alla\/\"><\/a><\/div><div class=\"eael-entry-thumbnail \">\n                <img decoding=\"async\" width=\"1002\" height=\"700\" src=\"https:\/\/soymigrante.com\/revista\/wp-content\/uploads\/2024\/03\/Captura-de-pantalla-2024-03-25-132254.webp\" class=\"attachment-large size-large wp-image-5616\" alt=\"Consejos de salud f\u00edsica y espiritual para migrantes en Semana Santa. Foto de atardecer mujer en oraci\u00f3n\" srcset=\"https:\/\/soymigrante.com\/revista\/wp-content\/uploads\/2024\/03\/Captura-de-pantalla-2024-03-25-132254.webp 1002w, https:\/\/soymigrante.com\/revista\/wp-content\/uploads\/2024\/03\/Captura-de-pantalla-2024-03-25-132254-300x210.webp 300w, https:\/\/soymigrante.com\/revista\/wp-content\/uploads\/2024\/03\/Captura-de-pantalla-2024-03-25-132254-768x537.webp 768w, https:\/\/soymigrante.com\/revista\/wp-content\/uploads\/2024\/03\/Captura-de-pantalla-2024-03-25-132254-750x524.webp 750w\" sizes=\"(max-width: 1002px) 100vw, 1002px\" \/>\n            <\/div>\n        <\/div><div class=\"eael-entry-wrapper\"><header class=\"eael-entry-header\"><h2 class=\"eael-entry-title\"><a class=\"eael-grid-post-link\" href=\"https:\/\/soymigrante.com\/revista\/dar-y-compartir-en-esta-semana-santa-y-mas-alla\/\" title=\"Salud f\u00edsica y espiritual en esta Semana Santa y m\u00e1s all\u00e1\">Salud f\u00edsica y espiritual en esta Semana Santa y m\u00e1s all\u00e1<\/a><\/h2><\/header><div class=\"eael-entry-content\">\n                        <div class=\"eael-grid-post-excerpt\"><a href=\"https:\/\/soymigrante.com\/revista\/dar-y-compartir-en-esta-semana-santa-y-mas-alla\/\" class=\"eael-post-elements-readmore-btn\">CONOCE SU HISTORIA <\/a><\/div>\n                    <\/div><\/div><\/div>\n        <\/div>\n    <\/article><\/div>\n            <div class=\"clearfix\"><\/div>\n        <\/div>\t\t\t\t<\/div>\n\t\t\t\t\t<\/div>\n\t\t\t\t<\/div>\n\t\t\t\t<\/div>\n\t\t","protected":false},"excerpt":{"rendered":"<p>Los problemas en la vista no los debes ignorar porque al tiempo podr\u00eda ser peor. Muchas personas experimentan problemas de la vista y los dejan pasar sin buscar atenci\u00f3n m\u00e9dica, creyendo que son normales o que con el tiempo mejorar\u00e1n. Sin embargo, ignorar ciertos padecimientos puede agravar la condici\u00f3n y afectar la calidad de vida. [&hellip;]<\/p>\n","protected":false},"author":19,"featured_media":26406,"comment_status":"open","ping_status":"open","sticky":false,"template":"","format":"standard","meta":{"_acf_changed":false,"_eb_attr":"","footnotes":""},"categories":[265],"tags":[264],"class_list":["post-26405","post","type-post","status-publish","format-standard","has-post-thumbnail","hentry","category-salud-fisica","tag-salud-fisica"],"acf":[],"aioseo_notices":[],"aioseo_head":"\n\t\t<!-- All in One SEO Pro 4.9.6.2 - aioseo.com -->\n\t<meta name=\"description\" content=\"La vida del migrante tiene aspiraciones y trabajos, dificultades y momentos en que se clama al cielo o se ayuda a alguien m\u00e1s. Esta Semana Santa puede ser para descubrir a Dios y ayudar a los dem\u00e1s a encontrarlo. Por Guillermo Delgado, fraile dominico, espcial para SoyMigrante.com En esta Semana Santa deseamos que todo lo\" \/>\n\t<meta name=\"robots\" content=\"max-snippet:-1, max-image-preview:large, max-video-preview:-1\" \/>\n\t<meta name=\"author\" content=\"Marysabel Aldana\"\/>\n\t<link rel=\"canonical\" href=\"https:\/\/soymigrante.com\/revista\/cuidado-de-la-vista-necesita-saber-identificar-sintomas-y-atenderlos\/\" \/>\n\t<meta name=\"generator\" content=\"All in One SEO Pro (AIOSEO) 4.9.6.2\" \/>\n\n\t\t<link rel=\"preconnect\" href=\"https:\/\/fonts.googleapis.com\" crossorigin>\n<link rel=\"preconnect\" href=\"https:\/\/fonts.gstatic.com\" crossorigin>\n\t\t<meta property=\"og:locale\" content=\"es_ES\" \/>\n\t\t<meta property=\"og:site_name\" content=\"SoyMigrante.com REVISTA \u2013 Nuestra misi\u00f3n es reconocer y dignificar al migrante.\" \/>\n\t\t<meta property=\"og:type\" content=\"article\" \/>\n\t\t<meta property=\"og:title\" content=\"Cuidado de la vista necesita saber identificar s\u00edntomas y atenderlos\" \/>\n\t\t<meta property=\"og:description\" content=\"Los problemas en la vista no los debes ignorar porque al tiempo podr\u00eda ser peor.\" \/>\n\t\t<meta property=\"og:url\" content=\"https:\/\/soymigrante.com\/revista\/cuidado-de-la-vista-necesita-saber-identificar-sintomas-y-atenderlos\/\" \/>\n\t\t<meta property=\"og:image\" content=\"https:\/\/soymigrante.com\/revista\/wp-content\/uploads\/2025\/02\/Problemas-de-la-vista-que-no-debes-ignorar-y-sus-si\u0301ntomas--scaled-e1740511627562.webp\" \/>\n\t\t<meta property=\"og:image:secure_url\" content=\"https:\/\/soymigrante.com\/revista\/wp-content\/uploads\/2025\/02\/Problemas-de-la-vista-que-no-debes-ignorar-y-sus-si\u0301ntomas--scaled-e1740511627562.webp\" \/>\n\t\t<meta property=\"og:image:width\" content=\"1920\" \/>\n\t\t<meta property=\"og:image:height\" content=\"1280\" \/>\n\t\t<meta property=\"article:published_time\" content=\"2025-02-26T11:00:00+00:00\" \/>\n\t\t<meta property=\"article:modified_time\" content=\"2025-08-27T17:11:46+00:00\" \/>\n\t\t<meta property=\"article:publisher\" content=\"https:\/\/www.facebook.com\/soymigrantecom\" \/>\n\t\t<meta name=\"twitter:card\" content=\"summary_large_image\" \/>\n\t\t<meta name=\"twitter:site\" content=\"@SoyMigrante_com\" \/>\n\t\t<meta name=\"twitter:title\" content=\"Cuidado de la vista necesita saber identificar s\u00edntomas y atenderlos\" \/>\n\t\t<meta name=\"twitter:description\" content=\"Los problemas en la vista no los debes ignorar porque al tiempo podr\u00eda ser peor.\" \/>\n\t\t<meta name=\"twitter:creator\" content=\"@SoyMigrante_com\" \/>\n\t\t<meta name=\"twitter:image\" content=\"https:\/\/soymigrante.com\/revista\/wp-content\/uploads\/2025\/02\/Problemas-de-la-vista-que-no-debes-ignorar-y-sus-si\u0301ntomas--scaled-e1740511627562.webp\" \/>\n\t\t<!-- All in One SEO Pro -->\r\n\t\t<title>Cuidado de la vista necesita saber identificar s\u00edntomas y atenderlos<\/title>\n\n","aioseo_head_json":{"title":"Cuidado de la vista necesita saber identificar s\u00edntomas y atenderlos","description":"Los problemas en la vista no los debes ignorar porque al tiempo podr\u00eda ser peor.","canonical_url":"https:\/\/soymigrante.com\/revista\/cuidado-de-la-vista-necesita-saber-identificar-sintomas-y-atenderlos\/","robots":"max-snippet:-1, max-image-preview:large, max-video-preview:-1","keywords":"","webmasterTools":{"miscellaneous":"&lt;link rel=\"preconnect\" href=\"https:\/\/fonts.googleapis.com\" crossorigin&gt;\n&lt;link rel=\"preconnect\" href=\"https:\/\/fonts.gstatic.com\" crossorigin&gt;"},"schema":null,"og:locale":"es_ES","og:site_name":"SoyMigrante.com REVISTA \u2013 Nuestra misi\u00f3n es reconocer y dignificar al migrante.","og:type":"article","og:title":"Cuidado de la vista necesita saber identificar s\u00edntomas y atenderlos","og:description":"Los problemas en la vista no los debes ignorar porque al tiempo podr\u00eda ser peor.","og:url":"https:\/\/soymigrante.com\/revista\/cuidado-de-la-vista-necesita-saber-identificar-sintomas-y-atenderlos\/","og:image":"https:\/\/soymigrante.com\/revista\/wp-content\/uploads\/2025\/02\/Problemas-de-la-vista-que-no-debes-ignorar-y-sus-si\u0301ntomas--scaled-e1740511627562.webp","og:image:secure_url":"https:\/\/soymigrante.com\/revista\/wp-content\/uploads\/2025\/02\/Problemas-de-la-vista-que-no-debes-ignorar-y-sus-si\u0301ntomas--scaled-e1740511627562.webp","og:image:width":1920,"og:image:height":1280,"article:published_time":"2025-02-26T11:00:00+00:00","article:modified_time":"2025-08-27T17:11:46+00:00","article:publisher":"https:\/\/www.facebook.com\/soymigrantecom","twitter:card":"summary_large_image","twitter:site":"@SoyMigrante_com","twitter:title":"Cuidado de la vista necesita saber identificar s\u00edntomas y atenderlos","twitter:description":"Los problemas en la vista no los debes ignorar porque al tiempo podr\u00eda ser peor.","twitter:creator":"@SoyMigrante_com","twitter:image":"https:\/\/soymigrante.com\/revista\/wp-content\/uploads\/2025\/02\/Problemas-de-la-vista-que-no-debes-ignorar-y-sus-si\u0301ntomas--scaled-e1740511627562.webp"},"aioseo_meta_data":{"post_id":"26405","title":null,"description":"Los problemas en la vista no los debes ignorar porque al tiempo podr\u00eda ser peor.","keywords":null,"keyphrases":{"focus":{"keyphrase":"Problemas","score":68,"analysis":{"keyphraseInTitle":{"score":3,"maxScore":9,"error":1},"keyphraseInDescription":{"score":9,"maxScore":9,"error":0},"keyphraseLength":{"score":9,"maxScore":9,"error":0,"length":1},"keyphraseInURL":{"score":1,"maxScore":5,"error":1},"keyphraseInIntroduction":{"score":9,"maxScore":9,"error":0},"keyphraseInSubHeadings":{"score":3,"maxScore":9,"error":1},"keyphraseInImageAlt":{"score":3,"maxScore":9,"error":1},"keywordDensity":{"type":"best","score":9,"maxScore":9,"error":0}}},"additional":[{"keyphrase":"vista","score":87,"analysis":{"keyphraseInDescription":{"score":9,"maxScore":9,"error":0},"keyphraseLength":{"score":9,"maxScore":9,"error":0,"length":1},"keyphraseInIntroduction":{"score":9,"maxScore":9,"error":0},"keyphraseInImageAlt":{"score":3,"maxScore":9,"error":1},"keywordDensity":{"type":"best","score":9,"maxScore":9,"error":0}}},{"keyphrase":"Problemas","score":87,"analysis":{"keyphraseInDescription":{"score":9,"maxScore":9,"error":0},"keyphraseLength":{"score":9,"maxScore":9,"error":0,"length":1},"keyphraseInIntroduction":{"score":9,"maxScore":9,"error":0},"keyphraseInImageAlt":{"score":3,"maxScore":9,"error":1},"keywordDensity":{"type":"best","score":9,"maxScore":9,"error":0}}}]},"primary_term":null,"canonical_url":null,"og_title":null,"og_description":null,"og_object_type":"default","og_image_type":"default","og_image_url":null,"og_image_width":null,"og_image_height":null,"og_image_custom_url":null,"og_image_custom_fields":null,"og_video":"","og_custom_url":null,"og_article_section":null,"og_article_tags":null,"twitter_use_og":false,"twitter_card":"default","twitter_image_type":"default","twitter_image_url":null,"twitter_image_custom_url":null,"twitter_image_custom_fields":null,"twitter_title":null,"twitter_description":null,"schema":{"blockGraphs":[],"customGraphs":[],"default":{"data":{"Article":[],"Course":[],"Dataset":[],"FAQPage":[],"Movie":[],"Person":[],"Product":[],"ProductReview":[],"Car":[],"Recipe":[],"Service":[],"SoftwareApplication":[],"WebPage":[]},"graphName":"none","isEnabled":true},"graphs":[]},"schema_type":"default","schema_type_options":null,"pillar_content":false,"robots_default":true,"robots_noindex":false,"robots_noarchive":false,"robots_nosnippet":false,"robots_nofollow":false,"robots_noimageindex":false,"robots_noodp":false,"robots_notranslate":false,"robots_max_snippet":"-1","robots_max_videopreview":"-1","robots_max_imagepreview":"large","priority":null,"frequency":"default","local_seo":null,"seo_analyzer_scan_date":"2025-10-09 02:56:43","breadcrumb_settings":null,"limit_modified_date":false,"reviewed_by":"0","open_ai":"{\"title\":{\"suggestions\":[],\"usage\":0},\"description\":{\"suggestions\":[],\"usage\":0}}","ai":{"faqs":[],"keyPoints":[],"titles":[],"descriptions":[],"socialPosts":{"email":[],"linkedin":[],"twitter":[],"facebook":[],"instagram":[]}},"created":"2025-02-25 19:28:18","updated":"2026-02-04 21:50:36"},"aioseo_breadcrumb":"<div class=\"aioseo-breadcrumbs\"><span class=\"aioseo-breadcrumb\">\n\t<a href=\"https:\/\/soymigrante.com\/revista\" title=\"Home\">Home<\/a>\n<\/span><span class=\"aioseo-breadcrumb-separator\">\u00bb<\/span><span class=\"aioseo-breadcrumb\">\n\t<a href=\"https:\/\/soymigrante.com\/revista\/category\/bienestar\/\" title=\"Bienestar\">Bienestar<\/a>\n<\/span><span class=\"aioseo-breadcrumb-separator\">\u00bb<\/span><span class=\"aioseo-breadcrumb\">\n\t<a href=\"https:\/\/soymigrante.com\/revista\/category\/bienestar\/salud-fisica\/\" title=\"Salud F\u00edsica\">Salud F\u00edsica<\/a>\n<\/span><span class=\"aioseo-breadcrumb-separator\">\u00bb<\/span><span class=\"aioseo-breadcrumb\">\n\tCuidado de la vista necesita saber identificar s\u00edntomas y atenderlos\n<\/span><\/div>","aioseo_breadcrumb_json":[{"label":"Home","link":"https:\/\/soymigrante.com\/revista"},{"label":"Bienestar","link":"https:\/\/soymigrante.com\/revista\/category\/bienestar\/"},{"label":"Salud F\u00edsica","link":"https:\/\/soymigrante.com\/revista\/category\/bienestar\/salud-fisica\/"},{"label":"Cuidado de la vista necesita saber identificar s\u00edntomas y atenderlos","link":"https:\/\/soymigrante.com\/revista\/cuidado-de-la-vista-necesita-saber-identificar-sintomas-y-atenderlos\/"}],"_links":{"self":[{"href":"https:\/\/soymigrante.com\/revista\/wp-json\/wp\/v2\/posts\/26405","targetHints":{"allow":["GET"]}}],"collection":[{"href":"https:\/\/soymigrante.com\/revista\/wp-json\/wp\/v2\/posts"}],"about":[{"href":"https:\/\/soymigrante.com\/revista\/wp-json\/wp\/v2\/types\/post"}],"author":[{"embeddable":true,"href":"https:\/\/soymigrante.com\/revista\/wp-json\/wp\/v2\/users\/19"}],"replies":[{"embeddable":true,"href":"https:\/\/soymigrante.com\/revista\/wp-json\/wp\/v2\/comments?post=26405"}],"version-history":[{"count":1,"href":"https:\/\/soymigrante.com\/revista\/wp-json\/wp\/v2\/posts\/26405\/revisions"}],"predecessor-version":[{"id":42838,"href":"https:\/\/soymigrante.com\/revista\/wp-json\/wp\/v2\/posts\/26405\/revisions\/42838"}],"wp:featuredmedia":[{"embeddable":true,"href":"https:\/\/soymigrante.com\/revista\/wp-json\/wp\/v2\/media\/26406"}],"wp:attachment":[{"href":"https:\/\/soymigrante.com\/revista\/wp-json\/wp\/v2\/media?parent=26405"}],"wp:term":[{"taxonomy":"category","embeddable":true,"href":"https:\/\/soymigrante.com\/revista\/wp-json\/wp\/v2\/categories?post=26405"},{"taxonomy":"post_tag","embeddable":true,"href":"https:\/\/soymigrante.com\/revista\/wp-json\/wp\/v2\/tags?post=26405"}],"curies":[{"name":"wp","href":"https:\/\/api.w.org\/{rel}","templated":true}]}}