{"id":2639,"date":"2023-09-22T18:54:42","date_gmt":"2023-09-22T18:54:42","guid":{"rendered":"https:\/\/soymigrante.com\/revista\/?p=2639"},"modified":"2024-07-30T10:19:41","modified_gmt":"2024-07-30T16:19:41","slug":"empresario-migrante-guatemalteco-arnold-ciego-impulsa-identidad-garifuna-desde-bronx-ny","status":"publish","type":"post","link":"https:\/\/soymigrante.com\/revista\/empresario-migrante-guatemalteco-arnold-ciego-impulsa-identidad-garifuna-desde-bronx-ny\/","title":{"rendered":"Empresario migrante gar\u00edfuna guatemalteco Arnold Ciego exalta su identidad desde el Bronx, NY"},"content":{"rendered":"\t\t<div data-elementor-type=\"wp-post\" data-elementor-id=\"2639\" class=\"elementor elementor-2639\" data-elementor-post-type=\"post\">\n\t\t\t\t\t\t<section data-particle_enable=\"false\" data-particle-mobile-disabled=\"false\" class=\"elementor-section elementor-top-section elementor-element elementor-element-3f5a043 elementor-section-boxed elementor-section-height-default elementor-section-height-default\" data-id=\"3f5a043\" data-element_type=\"section\" data-e-type=\"section\">\n\t\t\t\t\t\t<div class=\"elementor-container elementor-column-gap-default\">\n\t\t\t\t\t<div class=\"elementor-column elementor-col-100 elementor-top-column elementor-element elementor-element-9fe2af7\" data-id=\"9fe2af7\" data-element_type=\"column\" data-e-type=\"column\">\n\t\t\t<div class=\"elementor-widget-wrap elementor-element-populated\">\n\t\t\t\t\t\t<div class=\"elementor-element elementor-element-1e6c256 elementor-widget elementor-widget-heading\" data-id=\"1e6c256\" data-element_type=\"widget\" data-e-type=\"widget\" data-widget_type=\"heading.default\">\n\t\t\t\t\t<h2 class=\"elementor-heading-title elementor-size-default\">Experto en contabilidad y asesor\u00eda tributaria en Estados Unidos, pero tambi\u00e9n predicador, activista, padre y esposo, Arnold Ciego impulsa la mejora de la comunidad gar\u00edfuna migrante en el Bronx y en su natal Livingston, Izabal.<\/h2>\t\t\t\t<\/div>\n\t\t\t\t\t<\/div>\n\t\t<\/div>\n\t\t\t\t\t<\/div>\n\t\t<\/section>\n\t\t\t\t<section data-particle_enable=\"false\" data-particle-mobile-disabled=\"false\" class=\"elementor-section elementor-top-section elementor-element elementor-element-0136e5b elementor-section-boxed elementor-section-height-default elementor-section-height-default\" data-id=\"0136e5b\" data-element_type=\"section\" data-e-type=\"section\">\n\t\t\t\t\t\t<div class=\"elementor-container elementor-column-gap-default\">\n\t\t\t\t\t<div class=\"elementor-column elementor-col-100 elementor-top-column elementor-element elementor-element-2cbac1e\" data-id=\"2cbac1e\" data-element_type=\"column\" data-e-type=\"column\">\n\t\t\t<div class=\"elementor-widget-wrap elementor-element-populated\">\n\t\t\t\t\t\t<div class=\"elementor-element elementor-element-b1a809b elementor-widget elementor-widget-video\" data-id=\"b1a809b\" data-element_type=\"widget\" data-e-type=\"widget\" data-settings=\"{&quot;youtube_url&quot;:&quot;https:\\\/\\\/www.youtube.com\\\/watch?v=B6mpI2bBf1E&quot;,&quot;start&quot;:320,&quot;video_type&quot;:&quot;youtube&quot;,&quot;controls&quot;:&quot;yes&quot;}\" data-widget_type=\"video.default\">\n\t\t\t\t\t\t\t<div class=\"elementor-wrapper elementor-open-inline\">\n\t\t\t<div class=\"elementor-video\"><\/div>\t\t<\/div>\n\t\t\t\t\t\t<\/div>\n\t\t\t\t\t<\/div>\n\t\t<\/div>\n\t\t\t\t\t<\/div>\n\t\t<\/section>\n\t\t\t\t<section data-particle_enable=\"false\" data-particle-mobile-disabled=\"false\" class=\"elementor-section elementor-top-section elementor-element elementor-element-5bfd2bf elementor-section-boxed elementor-section-height-default elementor-section-height-default\" data-id=\"5bfd2bf\" data-element_type=\"section\" data-e-type=\"section\">\n\t\t\t\t\t\t<div class=\"elementor-container elementor-column-gap-default\">\n\t\t\t\t\t<div class=\"elementor-column elementor-col-100 elementor-top-column elementor-element elementor-element-22b2f5d\" data-id=\"22b2f5d\" data-element_type=\"column\" data-e-type=\"column\">\n\t\t\t<div class=\"elementor-widget-wrap elementor-element-populated\">\n\t\t\t\t\t\t<div class=\"elementor-element elementor-element-fd17361 elementor-widget elementor-widget-text-editor\" data-id=\"fd17361\" data-element_type=\"widget\" data-e-type=\"widget\" data-widget_type=\"text-editor.default\">\n\t\t\t\t\t\t\t\t\t<p>A trav\u00e9s de su canal de Youtube, el migrante guatemalteco Arnold Ciego efect\u00faa entrevistas y en este video espec\u00edfico, exalta el valor de la cultura gar\u00edfuna.<\/p>\t\t\t\t\t\t\t\t<\/div>\n\t\t\t\t\t<\/div>\n\t\t<\/div>\n\t\t\t\t\t<\/div>\n\t\t<\/section>\n\t\t\t\t<section data-particle_enable=\"false\" data-particle-mobile-disabled=\"false\" class=\"elementor-section elementor-top-section elementor-element elementor-element-c4952bd elementor-section-boxed elementor-section-height-default elementor-section-height-default\" data-id=\"c4952bd\" data-element_type=\"section\" data-e-type=\"section\">\n\t\t\t\t\t\t<div class=\"elementor-container elementor-column-gap-default\">\n\t\t\t\t\t<div class=\"elementor-column elementor-col-100 elementor-top-column elementor-element elementor-element-83a7f58\" data-id=\"83a7f58\" data-element_type=\"column\" data-e-type=\"column\">\n\t\t\t<div class=\"elementor-widget-wrap elementor-element-populated\">\n\t\t\t\t\t\t<div class=\"elementor-element elementor-element-f5e3fd5 elementor-widget-divider--view-line elementor-widget elementor-widget-divider\" data-id=\"f5e3fd5\" data-element_type=\"widget\" data-e-type=\"widget\" data-widget_type=\"divider.default\">\n\t\t\t\t\t\t\t<div class=\"elementor-divider\">\n\t\t\t<span class=\"elementor-divider-separator\">\n\t\t\t\t\t\t<\/span>\n\t\t<\/div>\n\t\t\t\t\t\t<\/div>\n\t\t\t\t\t<\/div>\n\t\t<\/div>\n\t\t\t\t\t<\/div>\n\t\t<\/section>\n\t\t\t\t<section data-particle_enable=\"false\" data-particle-mobile-disabled=\"false\" class=\"elementor-section elementor-top-section elementor-element elementor-element-acc85a2 elementor-section-boxed elementor-section-height-default elementor-section-height-default\" data-id=\"acc85a2\" data-element_type=\"section\" data-e-type=\"section\">\n\t\t\t\t\t\t<div class=\"elementor-container elementor-column-gap-default\">\n\t\t\t\t\t<div class=\"elementor-column elementor-col-100 elementor-top-column elementor-element elementor-element-3fa0430\" data-id=\"3fa0430\" data-element_type=\"column\" data-e-type=\"column\">\n\t\t\t<div class=\"elementor-widget-wrap elementor-element-populated\">\n\t\t\t\t\t\t<div class=\"elementor-element elementor-element-b4e623e elementor-widget elementor-widget-heading\" data-id=\"b4e623e\" data-element_type=\"widget\" data-e-type=\"widget\" data-widget_type=\"heading.default\">\n\t\t\t\t\t<h2 class=\"elementor-heading-title elementor-size-default\">Floreciendo en el Bronx<\/h2>\t\t\t\t<\/div>\n\t\t\t\t\t<\/div>\n\t\t<\/div>\n\t\t\t\t\t<\/div>\n\t\t<\/section>\n\t\t\t\t<section data-particle_enable=\"false\" data-particle-mobile-disabled=\"false\" class=\"elementor-section elementor-top-section elementor-element elementor-element-ebe164c elementor-section-boxed elementor-section-height-default elementor-section-height-default\" data-id=\"ebe164c\" data-element_type=\"section\" data-e-type=\"section\">\n\t\t\t\t\t\t<div class=\"elementor-container elementor-column-gap-default\">\n\t\t\t\t\t<div class=\"elementor-column elementor-col-100 elementor-top-column elementor-element elementor-element-ef13696\" data-id=\"ef13696\" data-element_type=\"column\" data-e-type=\"column\">\n\t\t\t<div class=\"elementor-widget-wrap elementor-element-populated\">\n\t\t\t\t\t\t<div class=\"elementor-element elementor-element-c0ba620 elementor-widget elementor-widget-text-editor\" data-id=\"c0ba620\" data-element_type=\"widget\" data-e-type=\"widget\" data-widget_type=\"text-editor.default\">\n\t\t\t\t\t\t\t\t\t<p>El d\u00eda anterior a esta entrevista en septiembre 2023, el migrante guatemalteco Arnold Ciego cumpli\u00f3 17 a\u00f1os de haber llegado a Nueva York con la ayuda de una t\u00eda. Reci\u00e9n se hab\u00eda graduado de Bachiller en Computaci\u00f3n en Guatemala y ten\u00eda grandes esperanzas, enormes metas de superaci\u00f3n.\u00a0<\/p><p>Se sinti\u00f3 un poco intimidado ante aquella gran urbe, tan distante y tan distinta de su pueblo tranquilo y peque\u00f1o en el caribe guatemalteco: L\u00edvingston, Izabal. Pero era mayor el poder de los sue\u00f1os\u00a0<span style=\"color: var( --e-global-color-text ); background-color: var(--ak-bg-color);\">y aprovech\u00f3 el tiempo, la oportunidad, el amor de familia. Viv\u00eda, como muchos gar\u00edfunas migrantes en el barrio del Bronx, desde dondes sigue impulsando el orgullo por su cultura y por ser migrante.\u00a0<br \/>Este es el di\u00e1logo con algo de su historia.<\/span><\/p>\t\t\t\t\t\t\t\t<\/div>\n\t\t\t\t\t<\/div>\n\t\t<\/div>\n\t\t\t\t\t<\/div>\n\t\t<\/section>\n\t\t\t\t<section data-particle_enable=\"false\" data-particle-mobile-disabled=\"false\" class=\"elementor-section elementor-top-section elementor-element elementor-element-0706ad6 elementor-section-boxed elementor-section-height-default elementor-section-height-default\" data-id=\"0706ad6\" data-element_type=\"section\" data-e-type=\"section\">\n\t\t\t\t\t\t<div class=\"elementor-container elementor-column-gap-default\">\n\t\t\t\t\t<div class=\"elementor-column elementor-col-100 elementor-top-column elementor-element elementor-element-5a8a316\" data-id=\"5a8a316\" data-element_type=\"column\" data-e-type=\"column\">\n\t\t\t<div class=\"elementor-widget-wrap elementor-element-populated\">\n\t\t\t\t\t\t<div class=\"elementor-element elementor-element-5757f44 elementor-widget elementor-widget-image\" data-id=\"5757f44\" data-element_type=\"widget\" data-e-type=\"widget\" data-widget_type=\"image.default\">\n\t\t\t\t\t\t\t\t\t\t\t\t<figure class=\"wp-caption\">\n\t\t\t\t\t\t\t\t\t\t<img fetchpriority=\"high\" decoding=\"async\" width=\"1024\" height=\"768\" src=\"https:\/\/soymigrante.com\/revista\/wp-content\/uploads\/2023\/09\/ARNOLD-CIEGO-MIGRANTE-GUATEMALTECO-GARIFUNA-ORIGINARIO-DE-LIVINGSTON-IZABAL-VIVE-EN-NUEVA-YORK-5-1024x768.webp\" class=\"attachment-large size-large wp-image-2643\" alt=\"En enero de 2023, el migrante gar\u00edfuna guatemalteco Arnold Ciego abri\u00f3 su nueva oficina de contabilidad y gestiones tributarias llamada Bany Tax.\" srcset=\"https:\/\/soymigrante.com\/revista\/wp-content\/uploads\/2023\/09\/ARNOLD-CIEGO-MIGRANTE-GUATEMALTECO-GARIFUNA-ORIGINARIO-DE-LIVINGSTON-IZABAL-VIVE-EN-NUEVA-YORK-5-1024x768.webp 1024w, https:\/\/soymigrante.com\/revista\/wp-content\/uploads\/2023\/09\/ARNOLD-CIEGO-MIGRANTE-GUATEMALTECO-GARIFUNA-ORIGINARIO-DE-LIVINGSTON-IZABAL-VIVE-EN-NUEVA-YORK-5-300x225.webp 300w, https:\/\/soymigrante.com\/revista\/wp-content\/uploads\/2023\/09\/ARNOLD-CIEGO-MIGRANTE-GUATEMALTECO-GARIFUNA-ORIGINARIO-DE-LIVINGSTON-IZABAL-VIVE-EN-NUEVA-YORK-5-768x576.webp 768w, https:\/\/soymigrante.com\/revista\/wp-content\/uploads\/2023\/09\/ARNOLD-CIEGO-MIGRANTE-GUATEMALTECO-GARIFUNA-ORIGINARIO-DE-LIVINGSTON-IZABAL-VIVE-EN-NUEVA-YORK-5-1536x1152.webp 1536w, https:\/\/soymigrante.com\/revista\/wp-content\/uploads\/2023\/09\/ARNOLD-CIEGO-MIGRANTE-GUATEMALTECO-GARIFUNA-ORIGINARIO-DE-LIVINGSTON-IZABAL-VIVE-EN-NUEVA-YORK-5-750x563.webp 750w, https:\/\/soymigrante.com\/revista\/wp-content\/uploads\/2023\/09\/ARNOLD-CIEGO-MIGRANTE-GUATEMALTECO-GARIFUNA-ORIGINARIO-DE-LIVINGSTON-IZABAL-VIVE-EN-NUEVA-YORK-5-1140x855.webp 1140w, https:\/\/soymigrante.com\/revista\/wp-content\/uploads\/2023\/09\/ARNOLD-CIEGO-MIGRANTE-GUATEMALTECO-GARIFUNA-ORIGINARIO-DE-LIVINGSTON-IZABAL-VIVE-EN-NUEVA-YORK-5.webp 1920w\" sizes=\"(max-width: 1024px) 100vw, 1024px\" title=\"En enero de 2023, el migrante gar\u00edfuna guatemalteco Arnold Ciego abri\u00f3 su nueva oficina de contabilidad y gestiones tributarias llamada Bany Tax. \u2013 SoyMigrante.com REVISTA\" \/>\t\t\t\t\t\t\t\t\t\t\t<figcaption class=\"widget-image-caption wp-caption-text\">En enero de 2023, el migrante gar\u00edfuna guatemalteco Arnold Ciego abri\u00f3 su nueva oficina de contabilidad y gestiones tributarias llamada Bany Tax.<\/figcaption>\n\t\t\t\t\t\t\t\t\t\t<\/figure>\n\t\t\t\t\t\t\t\t\t<\/div>\n\t\t\t\t\t<\/div>\n\t\t<\/div>\n\t\t\t\t\t<\/div>\n\t\t<\/section>\n\t\t\t\t<section data-particle_enable=\"false\" data-particle-mobile-disabled=\"false\" class=\"elementor-section elementor-top-section elementor-element elementor-element-eddef81 elementor-section-boxed elementor-section-height-default elementor-section-height-default\" data-id=\"eddef81\" data-element_type=\"section\" data-e-type=\"section\">\n\t\t\t\t\t\t<div class=\"elementor-container elementor-column-gap-default\">\n\t\t\t\t\t<div class=\"elementor-column elementor-col-100 elementor-top-column elementor-element elementor-element-fc9a99a\" data-id=\"fc9a99a\" data-element_type=\"column\" data-e-type=\"column\">\n\t\t\t<div class=\"elementor-widget-wrap elementor-element-populated\">\n\t\t\t\t\t\t<div class=\"elementor-element elementor-element-1e4afdf elementor-widget elementor-widget-text-editor\" data-id=\"1e4afdf\" data-element_type=\"widget\" data-e-type=\"widget\" data-widget_type=\"text-editor.default\">\n\t\t\t\t\t\t\t\t\t<h3><span style=\"color: var( --e-global-color-text ); background-color: var(--ak-bg-color);\">\u00bfC\u00f3mo fueron aquellos primeros tiempos despu\u00e9s de su llegada a Nueva York?<\/span><\/h3><p><span style=\"background-color: var(--ak-bg-color); color: var( --e-global-color-text );\">Gracias a Dios y al apoyo de mi t\u00eda me inscrib\u00ed inmediatamente a una escuela de ingl\u00e9s y un par de meses despu\u00e9s entr\u00e9 a la Universidad ASA. Era una escuela tecnol\u00f3gica que ten\u00eda sede en Manhattan y en Brooklyn. Me met\u00ed a la carrera de contabilidad. Se me facilit\u00f3 porque ya de Guatemala tra\u00eda conocimientos de computaci\u00f3n.<\/span><\/p><h3><span style=\"color: var( --e-global-color-text ); background-color: var(--ak-bg-color);\">\u00bfY tambi\u00e9n le tocaba trabajar?<\/span><\/h3><p><span style=\"background-color: var(--ak-bg-color); color: var( --e-global-color-text );\">S\u00edi!.. Empec\u00e9 a trabajar en un hotel como auditor en turno nocturno. Era un poco pesado, entraba a las 11 de la noche y sal\u00eda a las 7 de la ma\u00f1ana. La ventaja es que no estaba muy lejos de donde estudiaba. Por eso tambi\u00e9n pude hacer otro trabajo en\u00a0 part time (tiempo parcial). Sal\u00eda de la Universidad a las 4 de la tarde y un mi amigo me dijo si me quer\u00eda ganar unos dolaritos. As\u00ed que trabajaba en limpieza de 6 de la tarde a 10 de la noche, despu\u00e9s me iba al otro empleo.<\/span><\/p><p>\u00a0<\/p><p>\u00a0<\/p>\t\t\t\t\t\t\t\t<\/div>\n\t\t\t\t\t<\/div>\n\t\t<\/div>\n\t\t\t\t\t<\/div>\n\t\t<\/section>\n\t\t\t\t<section data-particle_enable=\"false\" data-particle-mobile-disabled=\"false\" class=\"elementor-section elementor-top-section elementor-element elementor-element-9a02660 elementor-section-boxed elementor-section-height-default elementor-section-height-default\" data-id=\"9a02660\" data-element_type=\"section\" data-e-type=\"section\">\n\t\t\t\t\t\t<div class=\"elementor-container elementor-column-gap-default\">\n\t\t\t\t\t<div class=\"elementor-column elementor-col-100 elementor-top-column elementor-element elementor-element-135428d\" data-id=\"135428d\" data-element_type=\"column\" data-e-type=\"column\">\n\t\t\t<div class=\"elementor-widget-wrap elementor-element-populated\">\n\t\t\t\t\t\t<div class=\"elementor-element elementor-element-45fa9f1 elementor-arrows-position-inside elementor-pagination-position-outside elementor-invisible elementor-widget elementor-widget-image-carousel\" data-id=\"45fa9f1\" data-element_type=\"widget\" data-e-type=\"widget\" data-settings=\"{&quot;slides_to_show&quot;:&quot;1&quot;,&quot;_animation&quot;:&quot;lightSpeedIn&quot;,&quot;navigation&quot;:&quot;both&quot;,&quot;autoplay&quot;:&quot;yes&quot;,&quot;pause_on_hover&quot;:&quot;yes&quot;,&quot;pause_on_interaction&quot;:&quot;yes&quot;,&quot;autoplay_speed&quot;:5000,&quot;infinite&quot;:&quot;yes&quot;,&quot;effect&quot;:&quot;slide&quot;,&quot;speed&quot;:500}\" data-widget_type=\"image-carousel.default\">\n\t\t\t\t\t\t\t<div class=\"elementor-image-carousel-wrapper swiper\" role=\"region\" aria-roledescription=\"carousel\" aria-label=\"Carrusel de im\u00e1genes\" dir=\"ltr\">\n\t\t\t<div class=\"elementor-image-carousel swiper-wrapper\" aria-live=\"off\">\n\t\t\t\t\t\t\t\t<div class=\"swiper-slide\" role=\"group\" aria-roledescription=\"slide\" aria-label=\"1 de 7\"><figure class=\"swiper-slide-inner\"><img decoding=\"async\" class=\"swiper-slide-image\" src=\"https:\/\/soymigrante.com\/revista\/wp-content\/uploads\/2023\/09\/117264276_167231678275134_7559947674454031948_n.webp\" alt=\"Migrantes gar\u00edfunas guatemaltecos, entre ellos Arnold Ciego, se han unido en la organizaci\u00f3n Hijos de Livingston para apoyar a su comunidad natal a fin de lograr mejores condiciones de desarrollo.\" \/><figcaption class=\"elementor-image-carousel-caption\">Migrantes gar\u00edfunas guatemaltecos, entre ellos Arnold Ciego, se han unido en la organizaci\u00f3n Hijos de Livingston para apoyar a su comunidad natal a fin de lograr mejores condiciones de desarrollo.<\/figcaption><\/figure><\/div><div class=\"swiper-slide\" role=\"group\" aria-roledescription=\"slide\" aria-label=\"2 de 7\"><figure class=\"swiper-slide-inner\"><img decoding=\"async\" class=\"swiper-slide-image\" src=\"https:\/\/soymigrante.com\/revista\/wp-content\/uploads\/2023\/09\/ARNOLD-CIEGO-MIGRANTE-GUATEMALTECO-GARIFUNA-ORIGINARIO-DE-LIVINGSTON-IZABAL-VIVE-EN-NUEVA-YORK-9-776x1024.webp\" alt=\"La luz de sus ojos: Arnold Ciego junto a su esposa ven crecer a sus dos hijos a quienes se inculcan los valores de la cultura gar\u00edfuna.\" \/><figcaption class=\"elementor-image-carousel-caption\">La luz de sus ojos: Arnold Ciego junto a su esposa ven crecer a sus dos hijos a quienes se inculcan los valores de la cultura gar\u00edfuna.<\/figcaption><\/figure><\/div><div class=\"swiper-slide\" role=\"group\" aria-roledescription=\"slide\" aria-label=\"3 de 7\"><figure class=\"swiper-slide-inner\"><img decoding=\"async\" class=\"swiper-slide-image\" src=\"https:\/\/soymigrante.com\/revista\/wp-content\/uploads\/2023\/09\/arnold-ciego-e1695409486578.webp\" alt=\"Arnold Ciego migrante gar\u00edfuna guatemalteco presta sus servicios de asesor\u00eda tributaria en el barrio del Bronx, en Nueva York.\" \/><figcaption class=\"elementor-image-carousel-caption\">Arnold Ciego migrante gar\u00edfuna guatemalteco presta sus servicios de asesor\u00eda tributaria en el barrio del Bronx, en Nueva York.<\/figcaption><\/figure><\/div><div class=\"swiper-slide\" role=\"group\" aria-roledescription=\"slide\" aria-label=\"4 de 7\"><figure class=\"swiper-slide-inner\"><img decoding=\"async\" class=\"swiper-slide-image\" src=\"https:\/\/soymigrante.com\/revista\/wp-content\/uploads\/2023\/09\/ARNOLD-CIEGO-MIGRANTE-GUATEMALTECO-GARIFUNA-ORIGINARIO-DE-LIVINGSTON-IZABAL-VIVE-EN-NUEVA-YORK-2-1024x768.webp\" alt=\"Por segundo a\u00f1o consecutivo el migrante guatemalteco gar\u00edfuna Arnold Ciego particip\u00f3, en agosto de 2023, en un foro internacional de migraci\u00f3n celebrado en Bruselas.\" \/><figcaption class=\"elementor-image-carousel-caption\">Por segundo a\u00f1o consecutivo el migrante guatemalteco gar\u00edfuna Arnold Ciego particip\u00f3, en agosto de 2023, en un foro internacional de migraci\u00f3n celebrado en Bruselas.<\/figcaption><\/figure><\/div><div class=\"swiper-slide\" role=\"group\" aria-roledescription=\"slide\" aria-label=\"5 de 7\"><figure class=\"swiper-slide-inner\"><img decoding=\"async\" class=\"swiper-slide-image\" src=\"https:\/\/soymigrante.com\/revista\/wp-content\/uploads\/2023\/09\/ARNOLD-CIEGO-MIGRANTE-GUATEMALTECO-GARIFUNA-ORIGINARIO-DE-LIVINGSTON-IZABAL-VIVE-EN-NUEVA-YORK-6-1024x768.webp\" alt=\"Arnold es un activo miembro de la comunidad neoyorquina; es miembro de varios foros y organizaciones que buscan la mejora comunitaria y el enriquecimiento cultural.\" \/><figcaption class=\"elementor-image-carousel-caption\">Arnold es un activo miembro de la comunidad neoyorquina; es miembro de varios foros y organizaciones que buscan la mejora comunitaria y el enriquecimiento cultural.<\/figcaption><\/figure><\/div><div class=\"swiper-slide\" role=\"group\" aria-roledescription=\"slide\" aria-label=\"6 de 7\"><figure class=\"swiper-slide-inner\"><img decoding=\"async\" class=\"swiper-slide-image\" src=\"https:\/\/soymigrante.com\/revista\/wp-content\/uploads\/2023\/09\/259520308_1988618504636285_2635014261727737635_n.webp\" alt=\"Orgullo por sus ra\u00edces gar\u00edfunas: al menos dos veces al a\u00f1o, Arnold visita su pueblo natal L\u00edvingston y en cada 28 de noviembre conmemora la fiesta de llegada de los gar\u00edfunas a Guatemala. Aqu\u00ed luce orgulloso la bandera gar\u00edfuna.\" \/><figcaption class=\"elementor-image-carousel-caption\">Orgullo por sus ra\u00edces gar\u00edfunas: al menos dos veces al a\u00f1o, Arnold visita su pueblo natal L\u00edvingston y en cada 28 de noviembre conmemora la fiesta de llegada de los gar\u00edfunas a Guatemala. Aqu\u00ed luce orgulloso la bandera gar\u00edfuna.<\/figcaption><\/figure><\/div><div class=\"swiper-slide\" role=\"group\" aria-roledescription=\"slide\" aria-label=\"7 de 7\"><figure class=\"swiper-slide-inner\"><img decoding=\"async\" class=\"swiper-slide-image\" src=\"https:\/\/soymigrante.com\/revista\/wp-content\/uploads\/2023\/09\/291807291_2158803047617829_5126777793542459342_n-768x1024.webp\" alt=\"El liderazgo de Arnold Ciego busca servir a su comunidad gar\u00edfuna en el Bronx y en otros estados de la Uni\u00f3n Americana.\" \/><figcaption class=\"elementor-image-carousel-caption\">El liderazgo de Arnold Ciego busca servir a su comunidad gar\u00edfuna en el Bronx y en otros estados de la Uni\u00f3n Americana.<\/figcaption><\/figure><\/div>\t\t\t<\/div>\n\t\t\t\t\t\t\t\t\t\t\t\t<div class=\"elementor-swiper-button elementor-swiper-button-prev\" role=\"button\" tabindex=\"0\">\n\t\t\t\t\t\t<i aria-hidden=\"true\" class=\"eicon-chevron-left\"><\/i>\t\t\t\t\t<\/div>\n\t\t\t\t\t<div class=\"elementor-swiper-button elementor-swiper-button-next\" role=\"button\" tabindex=\"0\">\n\t\t\t\t\t\t<i aria-hidden=\"true\" class=\"eicon-chevron-right\"><\/i>\t\t\t\t\t<\/div>\n\t\t\t\t\n\t\t\t\t\t\t\t\t\t<div class=\"swiper-pagination\"><\/div>\n\t\t\t\t\t\t\t\t\t<\/div>\n\t\t\t\t\t\t<\/div>\n\t\t\t\t\t<\/div>\n\t\t<\/div>\n\t\t\t\t\t<\/div>\n\t\t<\/section>\n\t\t\t\t<section data-particle_enable=\"false\" data-particle-mobile-disabled=\"false\" class=\"elementor-section elementor-top-section elementor-element elementor-element-a3609e1 elementor-section-boxed elementor-section-height-default elementor-section-height-default\" data-id=\"a3609e1\" data-element_type=\"section\" data-e-type=\"section\">\n\t\t\t\t\t\t<div class=\"elementor-container elementor-column-gap-default\">\n\t\t\t\t\t<div class=\"elementor-column elementor-col-100 elementor-top-column elementor-element elementor-element-daba97c\" data-id=\"daba97c\" data-element_type=\"column\" data-e-type=\"column\">\n\t\t\t<div class=\"elementor-widget-wrap elementor-element-populated\">\n\t\t\t\t\t\t<div class=\"elementor-element elementor-element-a195dec elementor-widget elementor-widget-text-editor\" data-id=\"a195dec\" data-element_type=\"widget\" data-e-type=\"widget\" data-widget_type=\"text-editor.default\">\n\t\t\t\t\t\t\t\t\t<p>\u00a0<\/p><h3><span style=\"background-color: var(--ak-bg-color); color: var( --e-global-color-text );\">\u00bfEn qu\u00e9 trabaja actualmente Arnold?<\/span><\/h3><p><span style=\"background-color: var(--ak-bg-color); color: var( --e-global-color-text );\">Ahora tengo mi oficina de impuestos y contabilidad (Bany Tax). Tengo clientes y hago contabilidad de organizaciones, grupos, religiosos. Y le llevo contabilidad a personas individuales.\u00a0<\/span><\/p><p>\u00a0<\/p><h3><span style=\"background-color: var(--ak-bg-color); color: var( --e-global-color-text );\">Por lo que tengo entendido eso de los impuestos es cosa seria en todas partes, pero sobre todo en Estados Unidos&#8230;<\/span><\/h3><p><span style=\"background-color: var(--ak-bg-color); color: var( --e-global-color-text );\">Ja..ja..ja. S\u00ed. Son un asunto serio, serio. A veces dije \u00bfen qu\u00e9 me met\u00ed yo? Pero me apasiona. En meses como septiembre que es cierre de a\u00f1o fiscal es un tiempo de trabajo muy pesado. Pero aqu\u00ed estamos.<\/span><\/p><p>\u00a0<\/p><h3><span style=\"color: var( --e-global-color-text ); background-color: var(--ak-bg-color);\">Me imagino que dentro de tus clientes hay migrantes.\u00a0<\/span><\/h3><p><span style=\"background-color: var(--ak-bg-color); color: var( --e-global-color-text );\">Ahh todos, ja, ja&#8230; hay muchos guatemaltecos. Y es que ahora se pide mucho el tr\u00e1mite de ITIN, Individual Taxpayer Identification Number (en espa\u00f1ol, n\u00famero de identificaci\u00f3n individual tributaria). Es muy importante tenerlo incluso si para migrantes que no tengan un estatus legal.<\/span><\/p><p>Trato de incentivar a los migrantes que a\u00fan no tienen papeles a que saquen su ITIN, a que no se queden en las sombras. Porque si pagas tus impuestos\u00a0<span style=\"background-color: var(--ak-bg-color); color: var( --e-global-color-text );\">existe la oportunidad de demostrarle al gobierno que eres contribuyente. Lo demuestras a trav\u00e9s del record de tu Itin.\u00a0 Cada principio de a\u00f1o le dices al T\u00edo Sam c\u00f3mo has aportado al pa\u00eds. El ITIN es muy importante cuando se da el paso para procesar documentos migratorios de legalizaci\u00f3n. Pagar impuestos ese una fuerza muy importante en este tr\u00e1mite.\u00a0<\/span><\/p><p>\u00a0<\/p><p>\u00a0<\/p>\t\t\t\t\t\t\t\t<\/div>\n\t\t\t\t\t<\/div>\n\t\t<\/div>\n\t\t\t\t\t<\/div>\n\t\t<\/section>\n\t\t\t\t<section data-particle_enable=\"false\" data-particle-mobile-disabled=\"false\" class=\"elementor-section elementor-top-section elementor-element elementor-element-6d60f73 elementor-section-boxed elementor-section-height-default elementor-section-height-default\" data-id=\"6d60f73\" data-element_type=\"section\" data-e-type=\"section\">\n\t\t\t\t\t\t<div class=\"elementor-container elementor-column-gap-default\">\n\t\t\t\t\t<div class=\"elementor-column elementor-col-100 elementor-top-column elementor-element elementor-element-ea95346\" data-id=\"ea95346\" data-element_type=\"column\" data-e-type=\"column\">\n\t\t\t<div class=\"elementor-widget-wrap elementor-element-populated\">\n\t\t\t\t\t\t<div class=\"elementor-element elementor-element-3498ee5 elementor-widget elementor-widget-video\" data-id=\"3498ee5\" data-element_type=\"widget\" data-e-type=\"widget\" data-settings=\"{&quot;youtube_url&quot;:&quot;https:\\\/\\\/www.youtube.com\\\/watch?v=cq-Bk-Sny3I&quot;,&quot;start&quot;:11,&quot;end&quot;:21,&quot;autoplay&quot;:&quot;yes&quot;,&quot;video_type&quot;:&quot;youtube&quot;,&quot;controls&quot;:&quot;yes&quot;}\" data-widget_type=\"video.default\">\n\t\t\t\t\t\t\t<div class=\"elementor-wrapper elementor-open-inline\">\n\t\t\t<div class=\"elementor-video\"><\/div>\t\t<\/div>\n\t\t\t\t\t\t<\/div>\n\t\t\t\t\t<\/div>\n\t\t<\/div>\n\t\t\t\t\t<\/div>\n\t\t<\/section>\n\t\t\t\t<section data-particle_enable=\"false\" data-particle-mobile-disabled=\"false\" class=\"elementor-section elementor-top-section elementor-element elementor-element-6235751 elementor-section-boxed elementor-section-height-default elementor-section-height-default\" data-id=\"6235751\" data-element_type=\"section\" data-e-type=\"section\">\n\t\t\t\t\t\t<div class=\"elementor-container elementor-column-gap-default\">\n\t\t\t\t\t<div class=\"elementor-column elementor-col-100 elementor-top-column elementor-element elementor-element-3f1160d\" data-id=\"3f1160d\" data-element_type=\"column\" data-e-type=\"column\">\n\t\t\t<div class=\"elementor-widget-wrap elementor-element-populated\">\n\t\t\t\t\t\t<div class=\"elementor-element elementor-element-6e7e470 elementor-widget elementor-widget-text-editor\" data-id=\"6e7e470\" data-element_type=\"widget\" data-e-type=\"widget\" data-widget_type=\"text-editor.default\">\n\t\t\t\t\t\t\t\t\t<p>En 2022, Arnold Ciego fue invitado a orar ante la Asamblea Legislativa del Estado de Nueva York en representaci\u00f3n de la comunidad gar\u00edfuna.<\/p>\t\t\t\t\t\t\t\t<\/div>\n\t\t\t\t\t<\/div>\n\t\t<\/div>\n\t\t\t\t\t<\/div>\n\t\t<\/section>\n\t\t\t\t<section data-particle_enable=\"false\" data-particle-mobile-disabled=\"false\" class=\"elementor-section elementor-top-section elementor-element elementor-element-d16570d elementor-section-boxed elementor-section-height-default elementor-section-height-default\" data-id=\"d16570d\" data-element_type=\"section\" data-e-type=\"section\">\n\t\t\t\t\t\t<div class=\"elementor-container elementor-column-gap-default\">\n\t\t\t\t\t<div class=\"elementor-column elementor-col-100 elementor-top-column elementor-element elementor-element-69a53a0\" data-id=\"69a53a0\" data-element_type=\"column\" data-e-type=\"column\">\n\t\t\t<div class=\"elementor-widget-wrap elementor-element-populated\">\n\t\t\t\t\t\t<div class=\"elementor-element elementor-element-a19ee62 elementor-widget elementor-widget-text-editor\" data-id=\"a19ee62\" data-element_type=\"widget\" data-e-type=\"widget\" data-widget_type=\"text-editor.default\">\n\t\t\t\t\t\t\t\t\t<h3>\u00bfC\u00f3mo ve a la comunidad gar\u00edfuna guatemalteca migrante?<\/h3><p>Se aument\u00f3 mucho sobre todo durante y despu\u00e9s de la pandemia. Hay masiva migraci\u00f3n de j\u00f3venes gar\u00edfunas de Guatemala y Honduras.\u00a0 En el Bronx est\u00e1 la comunidad m\u00e1s grande pero tambi\u00e9n en otros Estados de EE.UU. estamos.\u00a0 Por eso surgi\u00f3 la asociaci\u00f3n Hijos de L\u00edvingston y estamos impulsando hacer un censo para saber cu\u00e1ntos gar\u00edfunas guatemaltecos migrantes hay. Solo en Nueva York se calcula que andamos por 300 mil.<\/p><h3>\u00bfSe brinda ayuda a la comunidad de L\u00edvingston en Guatemala?<\/h3><p>En la pandemia cuando no hubo turismo, nos unimos aqu\u00ed en Nueva York para apoyar al pueblo enviando ayuda, alimentos. Pero queremos impulsar el desarrollo all\u00e1 porque a\u00fan no hay desarrollo, la luz electrica falla demasiado, queremos generar vias para crear empleos en el turismo all\u00e1 para que la comunidad no siga viendo c\u00f3mo sus j\u00f3venes se van.<\/p>\t\t\t\t\t\t\t\t<\/div>\n\t\t\t\t\t<\/div>\n\t\t<\/div>\n\t\t\t\t\t<\/div>\n\t\t<\/section>\n\t\t\t\t<section data-particle_enable=\"false\" data-particle-mobile-disabled=\"false\" class=\"elementor-section elementor-top-section elementor-element elementor-element-44a6aee elementor-section-boxed elementor-section-height-default elementor-section-height-default\" data-id=\"44a6aee\" data-element_type=\"section\" data-e-type=\"section\">\n\t\t\t\t\t\t<div class=\"elementor-container elementor-column-gap-default\">\n\t\t\t\t\t<div class=\"elementor-column elementor-col-100 elementor-top-column elementor-element elementor-element-5b32396\" data-id=\"5b32396\" data-element_type=\"column\" data-e-type=\"column\">\n\t\t\t<div class=\"elementor-widget-wrap elementor-element-populated\">\n\t\t\t\t\t\t<div class=\"elementor-element elementor-element-b797638 elementor-widget elementor-widget-facebook-page\" data-id=\"b797638\" data-element_type=\"widget\" data-e-type=\"widget\" data-widget_type=\"facebook-page.default\">\n\t\t\t\t\t<div class=\"elementor-facebook-widget fb-page\" data-href=\"https:\/\/www.facebook.com\/arnolde.ciego\" data-tabs=\"timeline\" data-height=\"667px\" data-width=\"500px\" data-small-header=\"true\" data-hide-cover=\"false\" data-show-facepile=\"true\" data-hide-cta=\"false\" style=\"min-height: 1px;height:667px\"><\/div>\t\t\t\t<\/div>\n\t\t\t\t\t<\/div>\n\t\t<\/div>\n\t\t\t\t\t<\/div>\n\t\t<\/section>\n\t\t\t\t<\/div>\n\t\t","protected":false},"excerpt":{"rendered":"<p>Experto en contabilidad y asesor\u00eda tributaria en Estados Unidos, pero tambi\u00e9n predicador, activista, padre y esposo, Arnold Ciego impulsa la mejora de la comunidad gar\u00edfuna migrante en el Bronx y en su natal Livingston, Izabal. A trav\u00e9s de su canal de Youtube, el migrante guatemalteco Arnold Ciego efect\u00faa entrevistas y en este video espec\u00edfico, exalta [&hellip;]<\/p>\n","protected":false},"author":7,"featured_media":2640,"comment_status":"open","ping_status":"open","sticky":false,"template":"","format":"standard","meta":{"_acf_changed":false,"_eb_attr":"","footnotes":""},"categories":[50],"tags":[],"class_list":["post-2639","post","type-post","status-publish","format-standard","has-post-thumbnail","hentry","category-exitos"],"acf":[],"aioseo_notices":[],"aioseo_head":"\n\t\t<!-- All in One SEO Pro 4.9.6.2 - aioseo.com -->\n\t<meta name=\"description\" content=\"Experto en contabilidad y asesor\u00eda tributaria en Estados Unidos, pero tambi\u00e9n predicador, activista, padre y esposo, Arnold Ciego impulsa la mejora de la comunidad gar\u00edfuna migrante en el Bronx y en su natal Livingston, Izabal. A trav\u00e9s de su canal de Youtube, el migrante guatemalteco Arnold Ciego efect\u00faa entrevistas y en este video espec\u00edfico, exalta Trabaja en su firma de contabilidad y es activista de los derechos y la cultura de la comunidad migrante gar\u00edfuna de Guatemala, Honduras y Belice\" \/>\n\t<meta name=\"robots\" content=\"max-snippet:-1, max-image-preview:large, max-video-preview:-1\" \/>\n\t<meta name=\"author\" content=\"Gustavo Montenegro\"\/>\n\t<link rel=\"canonical\" href=\"https:\/\/soymigrante.com\/revista\/empresario-migrante-guatemalteco-arnold-ciego-impulsa-identidad-garifuna-desde-bronx-ny\/\" \/>\n\t<meta name=\"generator\" content=\"All in One SEO Pro (AIOSEO) 4.9.6.2\" \/>\n\n\t\t<link rel=\"preconnect\" href=\"https:\/\/fonts.googleapis.com\" crossorigin>\n<link rel=\"preconnect\" href=\"https:\/\/fonts.gstatic.com\" crossorigin>\n\t\t<meta property=\"og:locale\" content=\"es_ES\" \/>\n\t\t<meta property=\"og:site_name\" content=\"SoyMigrante.com REVISTA \u2013 Nuestra misi\u00f3n es reconocer y dignificar al migrante.\" \/>\n\t\t<meta property=\"og:type\" content=\"article\" \/>\n\t\t<meta property=\"og:title\" content=\"Empresario migrante gar\u00edfuna guatemalteco Arnold Ciego exalta su identidad desde el Bronx, NY\" \/>\n\t\t<meta property=\"og:description\" content=\"Experto en contabilidad y asesor\u00eda tributaria en Estados Unidos, pero tambi\u00e9n predicador, activista, padre y esposo, Arnold Ciego impulsa la mejora de la comunidad gar\u00edfuna migrante en el Bronx y en su natal Livingston, Izabal. A trav\u00e9s de su canal de Youtube, el migrante guatemalteco Arnold Ciego efect\u00faa entrevistas y en este video espec\u00edfico, exalta Trabaja en su firma de contabilidad y es activista de los derechos y la cultura de la comunidad migrante gar\u00edfuna de Guatemala, Honduras y Belice\" \/>\n\t\t<meta property=\"og:url\" content=\"https:\/\/soymigrante.com\/revista\/empresario-migrante-guatemalteco-arnold-ciego-impulsa-identidad-garifuna-desde-bronx-ny\/\" \/>\n\t\t<meta property=\"og:image\" content=\"https:\/\/soymigrante.com\/revista\/wp-content\/uploads\/2023\/09\/arnold-ciego-e1695409486578.webp\" \/>\n\t\t<meta property=\"og:image:secure_url\" content=\"https:\/\/soymigrante.com\/revista\/wp-content\/uploads\/2023\/09\/arnold-ciego-e1695409486578.webp\" \/>\n\t\t<meta property=\"og:image:width\" content=\"810\" \/>\n\t\t<meta property=\"og:image:height\" content=\"552\" \/>\n\t\t<meta property=\"article:published_time\" content=\"2023-09-22T18:54:42+00:00\" \/>\n\t\t<meta property=\"article:modified_time\" content=\"2024-07-30T16:19:41+00:00\" \/>\n\t\t<meta property=\"article:publisher\" content=\"https:\/\/www.facebook.com\/soymigrantecom\" \/>\n\t\t<meta name=\"twitter:card\" content=\"summary_large_image\" \/>\n\t\t<meta name=\"twitter:site\" content=\"@SoyMigrante_com\" \/>\n\t\t<meta name=\"twitter:title\" content=\"Empresario migrante gar\u00edfuna guatemalteco Arnold Ciego exalta su identidad desde el Bronx, NY\" \/>\n\t\t<meta name=\"twitter:description\" content=\"Experto en contabilidad y asesor\u00eda tributaria en Estados Unidos, pero tambi\u00e9n predicador, activista, padre y esposo, Arnold Ciego impulsa la mejora de la comunidad gar\u00edfuna migrante en el Bronx y en su natal Livingston, Izabal. A trav\u00e9s de su canal de Youtube, el migrante guatemalteco Arnold Ciego efect\u00faa entrevistas y en este video espec\u00edfico, exalta Trabaja en su firma de contabilidad y es activista de los derechos y la cultura de la comunidad migrante gar\u00edfuna de Guatemala, Honduras y Belice\" \/>\n\t\t<meta name=\"twitter:creator\" content=\"@SoyMigrante_com\" \/>\n\t\t<meta name=\"twitter:image\" content=\"https:\/\/soymigrante.com\/revista\/wp-content\/uploads\/2023\/09\/arnold-ciego-e1695409486578.webp\" \/>\n\t\t<!-- All in One SEO Pro -->\r\n\t\t<title>Empresario migrante gar\u00edfuna guatemalteco Arnold Ciego exalta su identidad desde el Bronx, NY<\/title>\n\n","aioseo_head_json":{"title":"Empresario migrante gar\u00edfuna guatemalteco Arnold Ciego exalta su identidad desde el Bronx, NY","description":"Experto en contabilidad y asesor\u00eda tributaria en Estados Unidos, pero tambi\u00e9n predicador, activista, padre y esposo, Arnold Ciego impulsa la mejora de la comunidad gar\u00edfuna migrante en el Bronx y en su natal Livingston, Izabal. A trav\u00e9s de su canal de Youtube, el migrante guatemalteco Arnold Ciego efect\u00faa entrevistas y en este video espec\u00edfico, exalta Trabaja en su firma de contabilidad y es activista de los derechos y la cultura de la comunidad migrante gar\u00edfuna de Guatemala, Honduras y Belice","canonical_url":"https:\/\/soymigrante.com\/revista\/empresario-migrante-guatemalteco-arnold-ciego-impulsa-identidad-garifuna-desde-bronx-ny\/","robots":"max-snippet:-1, max-image-preview:large, max-video-preview:-1","keywords":"","webmasterTools":{"miscellaneous":"&lt;link rel=\"preconnect\" href=\"https:\/\/fonts.googleapis.com\" crossorigin&gt;\n&lt;link rel=\"preconnect\" href=\"https:\/\/fonts.gstatic.com\" crossorigin&gt;"},"schema":null,"og:locale":"es_ES","og:site_name":"SoyMigrante.com REVISTA \u2013 Nuestra misi\u00f3n es reconocer y dignificar al migrante.","og:type":"article","og:title":"Empresario migrante gar\u00edfuna guatemalteco Arnold Ciego exalta su identidad desde el Bronx, NY","og:description":"Experto en contabilidad y asesor\u00eda tributaria en Estados Unidos, pero tambi\u00e9n predicador, activista, padre y esposo, Arnold Ciego impulsa la mejora de la comunidad gar\u00edfuna migrante en el Bronx y en su natal Livingston, Izabal. A trav\u00e9s de su canal de Youtube, el migrante guatemalteco Arnold Ciego efect\u00faa entrevistas y en este video espec\u00edfico, exalta Trabaja en su firma de contabilidad y es activista de los derechos y la cultura de la comunidad migrante gar\u00edfuna de Guatemala, Honduras y Belice","og:url":"https:\/\/soymigrante.com\/revista\/empresario-migrante-guatemalteco-arnold-ciego-impulsa-identidad-garifuna-desde-bronx-ny\/","og:image":"https:\/\/soymigrante.com\/revista\/wp-content\/uploads\/2023\/09\/arnold-ciego-e1695409486578.webp","og:image:secure_url":"https:\/\/soymigrante.com\/revista\/wp-content\/uploads\/2023\/09\/arnold-ciego-e1695409486578.webp","og:image:width":810,"og:image:height":552,"article:published_time":"2023-09-22T18:54:42+00:00","article:modified_time":"2024-07-30T16:19:41+00:00","article:publisher":"https:\/\/www.facebook.com\/soymigrantecom","twitter:card":"summary_large_image","twitter:site":"@SoyMigrante_com","twitter:title":"Empresario migrante gar\u00edfuna guatemalteco Arnold Ciego exalta su identidad desde el Bronx, NY","twitter:description":"Experto en contabilidad y asesor\u00eda tributaria en Estados Unidos, pero tambi\u00e9n predicador, activista, padre y esposo, Arnold Ciego impulsa la mejora de la comunidad gar\u00edfuna migrante en el Bronx y en su natal Livingston, Izabal. A trav\u00e9s de su canal de Youtube, el migrante guatemalteco Arnold Ciego efect\u00faa entrevistas y en este video espec\u00edfico, exalta Trabaja en su firma de contabilidad y es activista de los derechos y la cultura de la comunidad migrante gar\u00edfuna de Guatemala, Honduras y Belice","twitter:creator":"@SoyMigrante_com","twitter:image":"https:\/\/soymigrante.com\/revista\/wp-content\/uploads\/2023\/09\/arnold-ciego-e1695409486578.webp"},"aioseo_meta_data":{"post_id":"2639","title":null,"description":"#post_excerpt Trabaja en su firma de contabilidad y es activista de los derechos y la cultura de la comunidad migrante gar\u00edfuna de Guatemala, Honduras y Belice","keywords":[],"keyphrases":{"focus":{"keyphrase":"migrante","score":82,"analysis":{"keyphraseInTitle":{"score":9,"maxScore":9,"error":0},"keyphraseInDescription":{"score":9,"maxScore":9,"error":0},"keyphraseLength":{"score":9,"maxScore":9,"error":0,"length":1},"keyphraseInURL":{"score":5,"maxScore":5,"error":0},"keyphraseInIntroduction":{"score":3,"maxScore":9,"error":1},"keyphraseInSubHeadings":{"score":3,"maxScore":9,"error":1},"keyphraseInImageAlt":{"score":9,"maxScore":9,"error":0},"keywordDensity":{"type":"best","score":9,"maxScore":9,"error":0}}},"additional":[]},"primary_term":null,"canonical_url":null,"og_title":null,"og_description":null,"og_object_type":"default","og_image_type":"default","og_image_url":null,"og_image_width":null,"og_image_height":null,"og_image_custom_url":null,"og_image_custom_fields":null,"og_video":"","og_custom_url":null,"og_article_section":null,"og_article_tags":[],"twitter_use_og":false,"twitter_card":"default","twitter_image_type":"default","twitter_image_url":null,"twitter_image_custom_url":null,"twitter_image_custom_fields":null,"twitter_title":null,"twitter_description":null,"schema":{"blockGraphs":[],"customGraphs":[],"default":{"data":{"Article":[],"Course":[],"Dataset":[],"FAQPage":[],"Movie":[],"Person":[],"Product":[],"ProductReview":[],"Car":[],"Recipe":[],"Service":[],"SoftwareApplication":[],"WebPage":[]},"graphName":"BlogPosting","isEnabled":true},"graphs":[]},"schema_type":"default","schema_type_options":null,"pillar_content":false,"robots_default":true,"robots_noindex":false,"robots_noarchive":false,"robots_nosnippet":false,"robots_nofollow":false,"robots_noimageindex":false,"robots_noodp":false,"robots_notranslate":false,"robots_max_snippet":"-1","robots_max_videopreview":"-1","robots_max_imagepreview":"large","priority":null,"frequency":"default","local_seo":null,"seo_analyzer_scan_date":"2025-10-08 20:26:47","breadcrumb_settings":null,"limit_modified_date":false,"reviewed_by":null,"open_ai":null,"ai":null,"created":"2023-09-22 12:09:50","updated":"2026-02-04 09:40:45"},"aioseo_breadcrumb":"<div class=\"aioseo-breadcrumbs\"><span class=\"aioseo-breadcrumb\">\n\t<a href=\"https:\/\/soymigrante.com\/revista\" title=\"Home\">Home<\/a>\n<\/span><span class=\"aioseo-breadcrumb-separator\">\u00bb<\/span><span class=\"aioseo-breadcrumb\">\n\t<a href=\"https:\/\/soymigrante.com\/revista\/category\/exitos\/\" title=\"\u00c9xitos\">\u00c9xitos<\/a>\n<\/span><span class=\"aioseo-breadcrumb-separator\">\u00bb<\/span><span class=\"aioseo-breadcrumb\">\n\tEmpresario migrante gar\u00edfuna guatemalteco Arnold Ciego exalta su identidad desde el Bronx, NY\n<\/span><\/div>","aioseo_breadcrumb_json":[{"label":"Home","link":"https:\/\/soymigrante.com\/revista"},{"label":"\u00c9xitos","link":"https:\/\/soymigrante.com\/revista\/category\/exitos\/"},{"label":"Empresario migrante gar\u00edfuna guatemalteco Arnold Ciego exalta su identidad desde el Bronx, NY","link":"https:\/\/soymigrante.com\/revista\/empresario-migrante-guatemalteco-arnold-ciego-impulsa-identidad-garifuna-desde-bronx-ny\/"}],"_links":{"self":[{"href":"https:\/\/soymigrante.com\/revista\/wp-json\/wp\/v2\/posts\/2639","targetHints":{"allow":["GET"]}}],"collection":[{"href":"https:\/\/soymigrante.com\/revista\/wp-json\/wp\/v2\/posts"}],"about":[{"href":"https:\/\/soymigrante.com\/revista\/wp-json\/wp\/v2\/types\/post"}],"author":[{"embeddable":true,"href":"https:\/\/soymigrante.com\/revista\/wp-json\/wp\/v2\/users\/7"}],"replies":[{"embeddable":true,"href":"https:\/\/soymigrante.com\/revista\/wp-json\/wp\/v2\/comments?post=2639"}],"version-history":[{"count":1,"href":"https:\/\/soymigrante.com\/revista\/wp-json\/wp\/v2\/posts\/2639\/revisions"}],"predecessor-version":[{"id":48146,"href":"https:\/\/soymigrante.com\/revista\/wp-json\/wp\/v2\/posts\/2639\/revisions\/48146"}],"wp:featuredmedia":[{"embeddable":true,"href":"https:\/\/soymigrante.com\/revista\/wp-json\/wp\/v2\/media\/2640"}],"wp:attachment":[{"href":"https:\/\/soymigrante.com\/revista\/wp-json\/wp\/v2\/media?parent=2639"}],"wp:term":[{"taxonomy":"category","embeddable":true,"href":"https:\/\/soymigrante.com\/revista\/wp-json\/wp\/v2\/categories?post=2639"},{"taxonomy":"post_tag","embeddable":true,"href":"https:\/\/soymigrante.com\/revista\/wp-json\/wp\/v2\/tags?post=2639"}],"curies":[{"name":"wp","href":"https:\/\/api.w.org\/{rel}","templated":true}]}}