{"id":26386,"date":"2025-02-25T12:25:17","date_gmt":"2025-02-25T18:25:17","guid":{"rendered":"https:\/\/soymigrante.com\/revista\/?p=26386"},"modified":"2025-07-25T12:50:35","modified_gmt":"2025-07-25T18:50:35","slug":"bazar-de-artistas-comalapenses-ofrece-creatividad-y-tradicion-su-tienda-digital","status":"publish","type":"post","link":"https:\/\/soymigrante.com\/revista\/bazar-de-artistas-comalapenses-ofrece-creatividad-y-tradicion-su-tienda-digital\/","title":{"rendered":"Bazar de Artistas Comalapenses ofrece creatividad y tradici\u00f3n su tienda digital"},"content":{"rendered":"\t\t<div data-elementor-type=\"wp-post\" data-elementor-id=\"26386\" class=\"elementor elementor-26386\" data-elementor-post-type=\"post\">\n\t\t\t\t<div data-particle_enable=\"false\" data-particle-mobile-disabled=\"false\" class=\"elementor-element elementor-element-eff9ce7 e-flex e-con-boxed e-con e-parent\" data-id=\"eff9ce7\" data-element_type=\"container\" data-e-type=\"container\">\n\t\t\t\t\t<div class=\"e-con-inner\">\n\t\t\t\t<div class=\"elementor-element elementor-element-a7d0882 elementor-widget elementor-widget-heading\" data-id=\"a7d0882\" data-element_type=\"widget\" data-e-type=\"widget\" data-widget_type=\"heading.default\">\n\t\t\t\t\t<h2 class=\"elementor-heading-title elementor-size-default\"><span style=\"font-size: 31.2px\">Durante la pandemia muchos pintores y artesanos de San Juan Comalapa, Chimaltenango quedaron sin ventas y surgi\u00f3 la iniciativa del Bazar de Artistas Comalapenses, de Wilson Sotz, que tiene su tienda digital en SoyMigrante.com MERCADO.<\/span><\/h2>\t\t\t\t<\/div>\n\t\t\t\t\t<\/div>\n\t\t\t\t<\/div>\n\t\t<div data-particle_enable=\"false\" data-particle-mobile-disabled=\"false\" class=\"elementor-element elementor-element-1ec50ef e-flex e-con-boxed e-con e-parent\" data-id=\"1ec50ef\" data-element_type=\"container\" data-e-type=\"container\">\n\t\t\t\t\t<div class=\"e-con-inner\">\n\t\t\t\t<div class=\"elementor-element elementor-element-2f21edc elementor-widget elementor-widget-text-editor\" data-id=\"2f21edc\" data-element_type=\"widget\" data-e-type=\"widget\" data-widget_type=\"text-editor.default\">\n\t\t\t\t\t\t\t\t\t<p>Wilson Sotz en un artista de San Juan Comalapa, la tierra de una rica tradici\u00f3n de pintores tambi\u00e9n llamada la Venecia de Am\u00e9rica por sus m\u00faltiples talleres de arte. En este pueblo de Chimaltenango, las tem\u00e1ticas de arte nacieron entre\u00a0<span style=\"color: var( --e-global-color-text ); text-align: var(--text-align);\">paisajes y tradiciones, pero poco a poco evolucionaron al expresionismo, retratos, realismo m\u00e1gico, escenas religiosas y m\u00e1s.\u00a0<\/span><\/p><p>La pandemia golpe\u00f3 a la industria art\u00edstica de <a href=\"https:\/\/soymigrante.com\/revista\/hugo-pichiya-retrata-la-vida-desde-san-juan-comalapa-y-abrio-su-galeria-digital-en-mercado\/\">Comalapa <\/a>y las visitas tur\u00edsticas no se recuperaron, sobre todo por falta de una promoci\u00f3n adecuada, pero los artistas siguieron imaginando, so\u00f1ando, creando.\u00a0<span style=\"color: var( --e-global-color-text ); text-align: var(--text-align);\">&#8220;Bazar de Arte Comalapense, naci\u00f3 en agosto de 2020 como una estrategia para enfrentarnos a a los efectos de la pandemia. El encierro y la imposibilidad de llevar obra a otros municipios afect\u00f3 la econom\u00eda de los artistas. Entonces se decidi\u00f3 crear una v\u00eda para ofrecer el arte en otros espacios como Antigua Guatemala, Atitl\u00e1n, la capital&#8221;, relata Sotz.<\/span><\/p><p>La tienda digital de\u00a0<a href=\"https:\/\/soymigrante.com\/mercado\/marketplace\/elbazardeartistascomalapenses\/\">Bazar de Artistas Comalapenses<\/a><a href=\"https:\/\/soymigrante.com\/mercado\/marketplace\/elbazardeartistascomalapenses\/\">\u00a0<\/a>ya est\u00e1 abierta en <a href=\"https:\/\/soymigrante.com\/mercado\/\">SoyMigrante.com MERCADO<\/a>, la comunidad en l\u00ednea creada para que emprendedores y compradores guatemaltecos se encuentren: un proyecto activo, proactivo e innovador para peque\u00f1os negocios y creadores de productos elaborados a mano, detr\u00e1s de los cuales siempre hay una historia. Y esta es la historia.<\/p>\t\t\t\t\t\t\t\t<\/div>\n\t\t\t\t\t<\/div>\n\t\t\t\t<\/div>\n\t\t<div data-particle_enable=\"false\" data-particle-mobile-disabled=\"false\" class=\"elementor-element elementor-element-3d65b02 e-flex e-con-boxed e-con e-parent\" data-id=\"3d65b02\" data-element_type=\"container\" data-e-type=\"container\">\n\t\t\t\t\t<div class=\"e-con-inner\">\n\t\t\t\t<div class=\"elementor-element elementor-element-77043ad elementor-widget elementor-widget-image\" data-id=\"77043ad\" data-element_type=\"widget\" data-e-type=\"widget\" data-widget_type=\"image.default\">\n\t\t\t\t\t\t\t\t\t\t\t\t<figure class=\"wp-caption\">\n\t\t\t\t\t\t\t\t\t\t\t<a href=\"https:\/\/soymigrante.com\/mercado\/marketplace\/elbazardeartistascomalapenses\/\">\n\t\t\t\t\t\t\t<img fetchpriority=\"high\" decoding=\"async\" width=\"768\" height=\"299\" src=\"https:\/\/soymigrante.com\/revista\/wp-content\/uploads\/2025\/02\/bazar-comalapense-1024x399.jpg\" class=\"attachment-large size-large wp-image-26389\" alt=\"Galer\u00eda de arte en Comalapa, Guatemala, con pinturas tradicionales y modernas exhibidas en El Bazar de Artistas Comalapenses, enriqueciendo la cultura y el arte local.\" srcset=\"https:\/\/soymigrante.com\/revista\/wp-content\/uploads\/2025\/02\/bazar-comalapense-1024x399.jpg 1024w, https:\/\/soymigrante.com\/revista\/wp-content\/uploads\/2025\/02\/bazar-comalapense-300x117.jpg 300w, https:\/\/soymigrante.com\/revista\/wp-content\/uploads\/2025\/02\/bazar-comalapense-768x299.jpg 768w, https:\/\/soymigrante.com\/revista\/wp-content\/uploads\/2025\/02\/bazar-comalapense-1536x598.jpg 1536w, https:\/\/soymigrante.com\/revista\/wp-content\/uploads\/2025\/02\/bazar-comalapense-750x292.webp 750w, https:\/\/soymigrante.com\/revista\/wp-content\/uploads\/2025\/02\/bazar-comalapense-1140x444.webp 1140w, https:\/\/soymigrante.com\/revista\/wp-content\/uploads\/2025\/02\/bazar-comalapense.webp 1698w\" sizes=\"(max-width: 768px) 100vw, 768px\" title=\"El Bazar de Artistas Comalapenses surgi\u00f3 a ra\u00edz de la pandemia para apoyar a los artistas locales con un canal para vender sus creaciones. Ahora est\u00e1 en MERCADO \u2013 SoyMigrante.com REVISTA\" \/>\t\t\t\t\t\t\t\t<\/a>\n\t\t\t\t\t\t\t\t\t\t\t<figcaption class=\"widget-image-caption wp-caption-text\">Escuelas y museos de arte en Comalapa, Guatemala, presentan un vibrante escaparate de pinturas y arte popular en El Bazar de Artistas Comalapenses, promoviendo la cultura guatemalteca.<\/figcaption>\n\t\t\t\t\t\t\t\t\t\t<\/figure>\n\t\t\t\t\t\t\t\t\t<\/div>\n\t\t\t\t\t<\/div>\n\t\t\t\t<\/div>\n\t\t<div data-particle_enable=\"false\" data-particle-mobile-disabled=\"false\" class=\"elementor-element elementor-element-7b67ecf e-flex e-con-boxed e-con e-parent\" data-id=\"7b67ecf\" data-element_type=\"container\" data-e-type=\"container\">\n\t\t\t\t\t<div class=\"e-con-inner\">\n\t\t\t\t<div class=\"elementor-element elementor-element-e7d081c elementor-widget elementor-widget-heading\" data-id=\"e7d081c\" data-element_type=\"widget\" data-e-type=\"widget\" data-widget_type=\"heading.default\">\n\t\t\t\t\t<h3 class=\"elementor-heading-title elementor-size-default\">No solo es comercio sino una plataforma cultural<\/h3>\t\t\t\t<\/div>\n\t\t\t\t\t<\/div>\n\t\t\t\t<\/div>\n\t\t<div data-particle_enable=\"false\" data-particle-mobile-disabled=\"false\" class=\"elementor-element elementor-element-6317615 e-flex e-con-boxed e-con e-parent\" data-id=\"6317615\" data-element_type=\"container\" data-e-type=\"container\">\n\t\t\t\t\t<div class=\"e-con-inner\">\n\t\t\t\t<div class=\"elementor-element elementor-element-ecefc2b elementor-widget elementor-widget-text-editor\" data-id=\"ecefc2b\" data-element_type=\"widget\" data-e-type=\"widget\" data-widget_type=\"text-editor.default\">\n\t\t\t\t\t\t\t\t\t<p><span style=\"color: var( --e-global-color-text ); text-align: var(--text-align);\"><a href=\"https:\/\/soymigrante.com\/mercado\/marketplace\/seller\/profile\/elbazardeartistascomalapenses\">El bazar de artistas comalapenses<\/a> dio un paso proactivo m\u00e1s: comenz\u00f3 a ofrecer algunos cursos y a organizar concursos, sobre todo entre ni\u00f1os y j\u00f3venes de Comalapa, para incentivar su esp\u00edritu art\u00edstico y despertar vocaciones. &#8220;Se hac\u00edan cursos a distancia por internet, pero en d\u00edas especiales del calendario c\u00edvico, en D\u00eda del Padre, de la Madre, se convocaba a cert\u00e1menes&#8221;.<\/span><\/p><p>&#8220;Esa s\u00ed como el Bazar empez\u00f3 a ser tambi\u00e9n una plataforma cultural, no solo comercial. Poco a poco desarrollamos una agenda cultural para crear espacios para los artistas de experiencia pero tambi\u00e9n para los nuevos creadores y sus productos y en eso llevamos ya casi cinco a\u00f1os&#8221;, dice Sotz.<\/p>\t\t\t\t\t\t\t\t<\/div>\n\t\t\t\t\t<\/div>\n\t\t\t\t<\/div>\n\t\t<div data-particle_enable=\"false\" data-particle-mobile-disabled=\"false\" class=\"elementor-element elementor-element-36227d6 e-flex e-con-boxed e-con e-parent\" data-id=\"36227d6\" data-element_type=\"container\" data-e-type=\"container\">\n\t\t\t\t\t<div class=\"e-con-inner\">\n\t\t\t\t<div class=\"elementor-element elementor-element-5f33fb7 elementor-widget elementor-widget-image\" data-id=\"5f33fb7\" data-element_type=\"widget\" data-e-type=\"widget\" data-widget_type=\"image.default\">\n\t\t\t\t\t\t\t\t\t\t\t\t<figure class=\"wp-caption\">\n\t\t\t\t\t\t\t\t\t\t\t<a href=\"https:\/\/soymigrante.com\/mercado\/marketplace\/elbazardeartistascomalapenses\/\">\n\t\t\t\t\t\t\t<img decoding=\"async\" width=\"768\" height=\"652\" src=\"https:\/\/soymigrante.com\/revista\/wp-content\/uploads\/2025\/02\/wilson-sotz-comalapa.webp\" class=\"attachment-large size-large wp-image-26390\" alt=\"Colaborador cultural con sombrero y collar tradicional, sosteniendo publicaciones y arte ind\u00edgena, frente a mural colorido de la contributions y cultura mexicana, promoviendo la diversidad cultural en la revista SoyMigrante.com REVISTA.\" srcset=\"https:\/\/soymigrante.com\/revista\/wp-content\/uploads\/2025\/02\/wilson-sotz-comalapa.webp 897w, https:\/\/soymigrante.com\/revista\/wp-content\/uploads\/2025\/02\/wilson-sotz-comalapa-300x255.jpg 300w, https:\/\/soymigrante.com\/revista\/wp-content\/uploads\/2025\/02\/wilson-sotz-comalapa-768x652.jpg 768w, https:\/\/soymigrante.com\/revista\/wp-content\/uploads\/2025\/02\/wilson-sotz-comalapa-750x637.webp 750w\" sizes=\"(max-width: 768px) 100vw, 768px\" title=\"El artista Wilson Sotz elabora tambi\u00e9n libros infantiles para colorear con tem\u00e1ticas de la cultura maya kaqchik&#039;el \u2013 SoyMigrante.com REVISTA\" \/>\t\t\t\t\t\t\t\t<\/a>\n\t\t\t\t\t\t\t\t\t\t\t<figcaption class=\"widget-image-caption wp-caption-text\">Arte ind\u00edgena, cultura y migraci\u00f3n en SoyMigrante.com Revista, mostrando diversidad y talento de comunidades originarias.<\/figcaption>\n\t\t\t\t\t\t\t\t\t\t<\/figure>\n\t\t\t\t\t\t\t\t\t<\/div>\n\t\t\t\t\t<\/div>\n\t\t\t\t<\/div>\n\t\t<div data-particle_enable=\"false\" data-particle-mobile-disabled=\"false\" class=\"elementor-element elementor-element-2ebb544 e-flex e-con-boxed e-con e-parent\" data-id=\"2ebb544\" data-element_type=\"container\" data-e-type=\"container\">\n\t\t\t\t\t<div class=\"e-con-inner\">\n\t\t\t\t<div class=\"elementor-element elementor-element-5232d72 elementor-widget elementor-widget-heading\" data-id=\"5232d72\" data-element_type=\"widget\" data-e-type=\"widget\" data-widget_type=\"heading.default\">\n\t\t\t\t\t<h3 class=\"elementor-heading-title elementor-size-default\">Emprendimiento de la mano del arte<\/h3>\t\t\t\t<\/div>\n\t\t\t\t\t<\/div>\n\t\t\t\t<\/div>\n\t\t<div data-particle_enable=\"false\" data-particle-mobile-disabled=\"false\" class=\"elementor-element elementor-element-3ac2a80 e-flex e-con-boxed e-con e-parent\" data-id=\"3ac2a80\" data-element_type=\"container\" data-e-type=\"container\">\n\t\t\t\t\t<div class=\"e-con-inner\">\n\t\t\t\t<div class=\"elementor-element elementor-element-7b7813c elementor-widget elementor-widget-text-editor\" data-id=\"7b7813c\" data-element_type=\"widget\" data-e-type=\"widget\" data-widget_type=\"text-editor.default\">\n\t\t\t\t\t\t\t\t\t<p><span style=\"color: var( --e-global-color-text ); text-align: var(--text-align);\">&#8220;La tienda f\u00edsica y digital del Bazar de Artistas Comalapenses, BACOM, la gestiono yo. Para facilitar el ingreso a los artistas, yo les compro obras a un precio de com\u00fan acuerdo, que satisfaga sus expectativas y que a la vez permita que podamos venderlo en l\u00ednea o en otras localidades. Actualmente tenemos obras de 20 artistas de Comalapa, y no solo pintores, tambi\u00e9n hay tejidos y artesan\u00edas&#8221;.<\/span><\/p><p>&#8220;Es m\u00e1s conveniente para los artistas vender la obra y no estar esperando a recibir el pago hasta cuando se venda. Al principio s\u00ed hubo obras por consignaci\u00f3n pero depend\u00edan de en cu\u00e1nto tiempo se vendiera&#8221;.<\/p><p><span style=\"color: var( --e-global-color-text ); text-align: var(--text-align);\">&#8220;Hay dos tipos de compa\u00f1eros artistas proveedores. Los maestros, que usualmente son personas mayores de 60 a\u00f1os, que han cultivado el arte toda su vida. A ellos no se les pone condiciones de tem\u00e1tica. Se les compra la obra que traigan, porque tienen una t\u00e9cnica que ya casi no se usa: la llamada primitivista, que sigue teniendo su p\u00fablico. As\u00ed tenemos a resguardo un valor hist\u00f3rico&#8221;.<\/span><\/p><p>&#8220;Pero tambi\u00e9n hay obra de nuevos artistas, con m\u00faltiples tem\u00e1ticas y estilos. Ya que no se puede comprar todo a todos, se hace una selecci\u00f3n seg\u00fan lo que el mercado va pidiendo. Los paisajes siempre venden, pero ha aumentado el inter\u00e9s por obras de tema religioso, y tambi\u00e9n propuestas modernas, figurativas&#8221;.<\/p>\t\t\t\t\t\t\t\t<\/div>\n\t\t\t\t\t<\/div>\n\t\t\t\t<\/div>\n\t\t<div data-particle_enable=\"false\" data-particle-mobile-disabled=\"false\" class=\"elementor-element elementor-element-3aa63d8 e-flex e-con-boxed e-con e-parent\" data-id=\"3aa63d8\" data-element_type=\"container\" data-e-type=\"container\">\n\t\t\t\t\t<div class=\"e-con-inner\">\n\t\t\t\t<div class=\"elementor-element elementor-element-04f6490 elementor-widget elementor-widget-image\" data-id=\"04f6490\" data-element_type=\"widget\" data-e-type=\"widget\" data-widget_type=\"image.default\">\n\t\t\t\t\t\t\t\t\t\t\t\t<figure class=\"wp-caption\">\n\t\t\t\t\t\t\t\t\t\t\t<a href=\"https:\/\/soymigrante.com\/mercado\/marketplace\/elbazardeartistascomalapenses\/\">\n\t\t\t\t\t\t\t<img decoding=\"async\" width=\"480\" height=\"440\" src=\"https:\/\/soymigrante.com\/revista\/wp-content\/uploads\/2025\/02\/separadores.webp\" class=\"attachment-large size-large wp-image-26391\" alt=\"Colgante de tejido artesanal con bordados coloridos de mariposas, s\u00edmbolo de cultura y tradici\u00f3n mexicana, utilizado en festividades y celebraciones culturales.\" srcset=\"https:\/\/soymigrante.com\/revista\/wp-content\/uploads\/2025\/02\/separadores.webp 480w, https:\/\/soymigrante.com\/revista\/wp-content\/uploads\/2025\/02\/separadores-300x275.png 300w\" sizes=\"(max-width: 480px) 100vw, 480px\" title=\"Accesorios utilitarios como separadores de libros pintados artesanalmente por Wilson Sotz se encuentran dentro de los productos del bazar. \u2013 SoyMigrante.com REVISTA\" \/>\t\t\t\t\t\t\t\t<\/a>\n\t\t\t\t\t\t\t\t\t\t\t<figcaption class=\"widget-image-caption wp-caption-text\">Colgante de tejido mexicano con bordados de mariposas en colores vibrantes, representando cultura y tradici\u00f3n en festividades mexicanas.<\/figcaption>\n\t\t\t\t\t\t\t\t\t\t<\/figure>\n\t\t\t\t\t\t\t\t\t<\/div>\n\t\t\t\t\t<\/div>\n\t\t\t\t<\/div>\n\t\t<div data-particle_enable=\"false\" data-particle-mobile-disabled=\"false\" class=\"elementor-element elementor-element-03aaf94 e-flex e-con-boxed e-con e-parent\" data-id=\"03aaf94\" data-element_type=\"container\" data-e-type=\"container\">\n\t\t\t\t\t<div class=\"e-con-inner\">\n\t\t\t\t<div class=\"elementor-element elementor-element-45c34c3 elementor-widget elementor-widget-heading\" data-id=\"45c34c3\" data-element_type=\"widget\" data-e-type=\"widget\" data-widget_type=\"heading.default\">\n\t\t\t\t\t<h3 class=\"elementor-heading-title elementor-size-default\">Sobre Wilson Sotz<\/h3>\t\t\t\t<\/div>\n\t\t\t\t\t<\/div>\n\t\t\t\t<\/div>\n\t\t<div data-particle_enable=\"false\" data-particle-mobile-disabled=\"false\" class=\"elementor-element elementor-element-60bf69b e-flex e-con-boxed e-con e-parent\" data-id=\"60bf69b\" data-element_type=\"container\" data-e-type=\"container\">\n\t\t\t\t\t<div class=\"e-con-inner\">\n\t\t\t\t<div class=\"elementor-element elementor-element-76d1d41 elementor-widget elementor-widget-text-editor\" data-id=\"76d1d41\" data-element_type=\"widget\" data-e-type=\"widget\" data-widget_type=\"text-editor.default\">\n\t\t\t\t\t\t\t\t\t<p><span style=\"color: var( --e-global-color-text ); text-align: var(--text-align);\">Wilson tambi\u00e9n vende\u00a0 sus libros infantiles de colorear y algunas piezas creadas en el Bazar. Poco a poco planea sumar las obras de otros artistas.\u00a0<\/span><span style=\"color: var( --e-global-color-text ); text-align: var(--text-align);\">Actualmente participa y efect\u00faa proyectos de muralismo no solo en Comalapa sino en otros departamentos.\u00a0 Se intern\u00f3 en el mundo del arte en 2013, estudi\u00f3 arte en la Universidad Popular y tambi\u00e9n en la Escuela Municipal de la Municipalidad de Guatemala. Tuvo maestros de la talla de Marvin Olivares y Rub\u00edn Sol\u00f3rzano, entre otros.<\/span><\/p><p>&#8220;<a href=\"https:\/\/soymigrante.com\/revista\/historia-retorno-migrante-guatemalteco\/\">Comalapa<\/a> se ha quedado relegada en cuanto a turismo, pero no en creatividad ni en talento. Hay muchos artistas que siguen trabajando y creando riqueza art\u00edstica&#8221;, finaliza.<\/p>\t\t\t\t\t\t\t\t<\/div>\n\t\t\t\t\t<\/div>\n\t\t\t\t<\/div>\n\t\t<div data-particle_enable=\"false\" data-particle-mobile-disabled=\"false\" class=\"elementor-element elementor-element-3f27054 e-flex e-con-boxed e-con e-parent\" data-id=\"3f27054\" data-element_type=\"container\" data-e-type=\"container\">\n\t\t\t\t\t<div class=\"e-con-inner\">\n\t\t\t\t<div class=\"elementor-element elementor-element-4b03b51 elementor-widget elementor-widget-image\" data-id=\"4b03b51\" data-element_type=\"widget\" data-e-type=\"widget\" data-widget_type=\"image.default\">\n\t\t\t\t\t\t\t\t\t\t\t\t<figure class=\"wp-caption\">\n\t\t\t\t\t\t\t\t\t\t\t<a href=\"https:\/\/soymigrante.com\/mercado\/marketplace\/elbazardeartistascomalapenses\/\">\n\t\t\t\t\t\t\t<img loading=\"lazy\" decoding=\"async\" width=\"768\" height=\"433\" src=\"https:\/\/soymigrante.com\/revista\/wp-content\/uploads\/2025\/02\/wilson-rotz-1-1024x577.jpg\" class=\"attachment-large size-large wp-image-26394\" alt=\"Colorful mural artist painting mural depicting cultural and traditional elements, vibrant street art inspired by Mexican heritage, in a lively marketplace or art workshop setting.\" srcset=\"https:\/\/soymigrante.com\/revista\/wp-content\/uploads\/2025\/02\/wilson-rotz-1-1024x577.jpg 1024w, https:\/\/soymigrante.com\/revista\/wp-content\/uploads\/2025\/02\/wilson-rotz-1-300x169.jpg 300w, https:\/\/soymigrante.com\/revista\/wp-content\/uploads\/2025\/02\/wilson-rotz-1-768x433.jpg 768w, https:\/\/soymigrante.com\/revista\/wp-content\/uploads\/2025\/02\/wilson-rotz-1-750x423.webp 750w, https:\/\/soymigrante.com\/revista\/wp-content\/uploads\/2025\/02\/wilson-rotz-1.webp 1080w\" sizes=\"(max-width: 768px) 100vw, 768px\" title=\"Wilson Sotz lleva 13 a\u00f1os de ser pintor y casi cinco de haber iniciado el emprendimiento Bazar de Arte Comalapense \u2013 SoyMigrante.com REVISTA\" \/>\t\t\t\t\t\t\t\t<\/a>\n\t\t\t\t\t\t\t\t\t\t\t<figcaption class=\"widget-image-caption wp-caption-text\">Pintor creando mural colorido con temas culturales en mercado o taller art\u00edstico, resaltando arte, cultura mexicana y expresi\u00f3n creativa.<\/figcaption>\n\t\t\t\t\t\t\t\t\t\t<\/figure>\n\t\t\t\t\t\t\t\t\t<\/div>\n\t\t\t\t\t<\/div>\n\t\t\t\t<\/div>\n\t\t<div data-particle_enable=\"false\" data-particle-mobile-disabled=\"false\" class=\"elementor-element elementor-element-a798f44 e-flex e-con-boxed e-con e-parent\" data-id=\"a798f44\" data-element_type=\"container\" data-e-type=\"container\">\n\t\t\t\t\t<div class=\"e-con-inner\">\n\t\t\t\t<div class=\"elementor-element elementor-element-4da9e86 elementor-widget elementor-widget-heading\" data-id=\"4da9e86\" data-element_type=\"widget\" data-e-type=\"widget\" data-widget_type=\"heading.default\">\n\t\t\t\t\t<h2 class=\"elementor-heading-title elementor-size-default\">M\u00e1s emprendimientos inspiradores<\/h2>\t\t\t\t<\/div>\n\t\t\t\t\t<\/div>\n\t\t\t\t<\/div>\n\t\t<div data-particle_enable=\"false\" data-particle-mobile-disabled=\"false\" class=\"elementor-element elementor-element-e2bb7b7 e-flex e-con-boxed e-con e-parent\" data-id=\"e2bb7b7\" data-element_type=\"container\" data-e-type=\"container\">\n\t\t\t\t\t<div class=\"e-con-inner\">\n\t\t\t\t<div class=\"elementor-element elementor-element-d2a47d7 elementor-grid-eael-col-3 elementor-grid-tablet-eael-col-2 elementor-grid-mobile-eael-col-1 elementor-widget elementor-widget-eael-post-grid\" data-id=\"d2a47d7\" data-element_type=\"widget\" data-e-type=\"widget\" data-settings=\"{&quot;eael_post_grid_columns&quot;:&quot;eael-col-3&quot;,&quot;eael_post_grid_columns_tablet&quot;:&quot;eael-col-2&quot;,&quot;eael_post_grid_columns_mobile&quot;:&quot;eael-col-1&quot;}\" data-widget_type=\"eael-post-grid.default\">\n\t\t\t\t\t<div id=\"eael-post-grid-d2a47d7\" class=\"eael-post-grid-container\">\n            <div class=\"eael-post-grid eael-post-appender eael-post-appender-d2a47d7 eael-post-grid-style-one\" data-layout-mode=\"masonry\"><article class=\"eael-grid-post  eael-post-grid-column eael-pg-post-13619 category-guate-nuestra tags-mercado-emprendedores\" data-id=\"13619\">\n        <div class=\"eael-grid-post-holder\">\n            <div class=\"eael-grid-post-holder-inner\"><div class=\"eael-entry-media\"><div class=\"eael-entry-overlay fade-in\"><i class=\"far fa-hand-pointer\" aria-hidden=\"true\"><\/i><a href=\"https:\/\/soymigrante.com\/revista\/verdelimon-un-emprendimiento-dulce-y-saludable-lleno-de-arte\/\"><\/a><\/div><div class=\"eael-entry-thumbnail \">\n                <img loading=\"lazy\" decoding=\"async\" width=\"428\" height=\"428\" src=\"https:\/\/soymigrante.com\/revista\/wp-content\/uploads\/2024\/11\/Verde-y-limon-Carolina-Alvarado-Argueta.webp\" class=\"attachment-large size-large wp-image-13645\" alt=\"Pintora muralista adolescente creando arte en la pared con aer\u00f3grafo en un mural colorido con nubes y globo aerost\u00e1tico, promoviendo cultura y arte en la comunidad.\" srcset=\"https:\/\/soymigrante.com\/revista\/wp-content\/uploads\/2024\/11\/Verde-y-limon-Carolina-Alvarado-Argueta.webp 428w, https:\/\/soymigrante.com\/revista\/wp-content\/uploads\/2024\/11\/Verde-y-limon-Carolina-Alvarado-Argueta-300x300.jpeg 300w, https:\/\/soymigrante.com\/revista\/wp-content\/uploads\/2024\/11\/Verde-y-limon-Carolina-Alvarado-Argueta-150x150.jpeg 150w, https:\/\/soymigrante.com\/revista\/wp-content\/uploads\/2024\/11\/Verde-y-limon-Carolina-Alvarado-Argueta-75x75.webp 75w\" sizes=\"(max-width: 428px) 100vw, 428px\" \/>\n            <\/div>\n        <\/div><div class=\"eael-entry-wrapper\"><header class=\"eael-entry-header\"><h2 class=\"eael-entry-title\"><a class=\"eael-grid-post-link\" href=\"https:\/\/soymigrante.com\/revista\/verdelimon-un-emprendimiento-dulce-y-saludable-lleno-de-arte\/\" title=\"Verde&amp;Lim\u00f3n: un emprendimiento dulce y saludable lleno de arte est\u00e1 ahora en MERCADO\">Verde&amp;Lim\u00f3n: un emprendimiento dulce y saludable lleno de arte est\u00e1 ahora en MERCADO<\/a><\/h2><\/header><div class=\"eael-entry-content\">\n                        <div class=\"eael-grid-post-excerpt\"><a href=\"https:\/\/soymigrante.com\/revista\/verdelimon-un-emprendimiento-dulce-y-saludable-lleno-de-arte\/\" class=\"eael-post-elements-readmore-btn\">CONOCE SU HISTORIA <\/a><\/div>\n                    <\/div><\/div><\/div>\n        <\/div>\n    <\/article><article class=\"eael-grid-post  eael-post-grid-column eael-pg-post-35259 category-guate-nuestra tags-mercado-emprendedores\" data-id=\"35259\">\n        <div class=\"eael-grid-post-holder\">\n            <div class=\"eael-grid-post-holder-inner\"><div class=\"eael-entry-media\"><div class=\"eael-entry-overlay fade-in\"><i class=\"far fa-hand-pointer\" aria-hidden=\"true\"><\/i><a href=\"https:\/\/soymigrante.com\/revista\/emprendedora-isabel-rey-hallo-en-la-venta-en-linea-la-oportunidad-de-cuidar-a-su-hijo\/\"><\/a><\/div><div class=\"eael-entry-thumbnail \">\n                <img loading=\"lazy\" decoding=\"async\" width=\"396\" height=\"396\" src=\"https:\/\/soymigrante.com\/revista\/wp-content\/uploads\/2025\/06\/Isabel-Rey-la-emprendedora-que-encontro-en-la-venta-en-linea-una-forma-de-cuidar-a-su-hijo-4.jpeg\" class=\"attachment-large size-large wp-image-35260\" alt=\"Padres e hijos sonrientes en un parque, destacando la importancia de la familia y la migraci\u00f3n en la sociedad.\" srcset=\"https:\/\/soymigrante.com\/revista\/wp-content\/uploads\/2025\/06\/Isabel-Rey-la-emprendedora-que-encontro-en-la-venta-en-linea-una-forma-de-cuidar-a-su-hijo-4.jpeg 396w, https:\/\/soymigrante.com\/revista\/wp-content\/uploads\/2025\/06\/Isabel-Rey-la-emprendedora-que-encontro-en-la-venta-en-linea-una-forma-de-cuidar-a-su-hijo-4-300x300.jpeg 300w, https:\/\/soymigrante.com\/revista\/wp-content\/uploads\/2025\/06\/Isabel-Rey-la-emprendedora-que-encontro-en-la-venta-en-linea-una-forma-de-cuidar-a-su-hijo-4-150x150.jpeg 150w, https:\/\/soymigrante.com\/revista\/wp-content\/uploads\/2025\/06\/Isabel-Rey-la-emprendedora-que-encontro-en-la-venta-en-linea-una-forma-de-cuidar-a-su-hijo-4-75x75.jpeg 75w\" sizes=\"(max-width: 396px) 100vw, 396px\" \/>\n            <\/div>\n        <\/div><div class=\"eael-entry-wrapper\"><header class=\"eael-entry-header\"><h2 class=\"eael-entry-title\"><a class=\"eael-grid-post-link\" href=\"https:\/\/soymigrante.com\/revista\/emprendedora-isabel-rey-hallo-en-la-venta-en-linea-la-oportunidad-de-cuidar-a-su-hijo\/\" title=\"Emprendedora Isabel Rey vende accesorios en l\u00ednea, cuida a su hijo y ahora est\u00e1 en MERCADO\">Emprendedora Isabel Rey vende accesorios en l\u00ednea, cuida a su hijo y ahora est\u00e1 en MERCADO<\/a><\/h2><\/header><div class=\"eael-entry-content\">\n                        <div class=\"eael-grid-post-excerpt\"><a href=\"https:\/\/soymigrante.com\/revista\/emprendedora-isabel-rey-hallo-en-la-venta-en-linea-la-oportunidad-de-cuidar-a-su-hijo\/\" class=\"eael-post-elements-readmore-btn\">CONOCE SU HISTORIA <\/a><\/div>\n                    <\/div><\/div><\/div>\n        <\/div>\n    <\/article><article class=\"eael-grid-post  eael-post-grid-column eael-pg-post-40195 category-guate-nuestra tags-mercado-emprendedores\" data-id=\"40195\">\n        <div class=\"eael-grid-post-holder\">\n            <div class=\"eael-grid-post-holder-inner\"><div class=\"eael-entry-media\"><div class=\"eael-entry-overlay fade-in\"><i class=\"far fa-hand-pointer\" aria-hidden=\"true\"><\/i><a href=\"https:\/\/soymigrante.com\/revista\/miubela-es-un-joven-emprendimiento-textil-desde-samayac-a-mercado\/\"><\/a><\/div><div class=\"eael-entry-thumbnail \">\n                <img loading=\"lazy\" decoding=\"async\" width=\"1024\" height=\"1024\" src=\"https:\/\/soymigrante.com\/revista\/wp-content\/uploads\/2025\/07\/emprendimiento-miubella-samayac-soymigrante-mercado-4-1-1024x1024.jpg\" class=\"attachment-large size-large wp-image-40198\" alt=\"Chicas sonriendo en promoci\u00f3n de Mueblea con camisetas blancas con logotipo en un negocio de muebles, mostrando diversidad y emprendimiento femenino.\" srcset=\"https:\/\/soymigrante.com\/revista\/wp-content\/uploads\/2025\/07\/emprendimiento-miubella-samayac-soymigrante-mercado-4-1-1024x1024.jpg 1024w, https:\/\/soymigrante.com\/revista\/wp-content\/uploads\/2025\/07\/emprendimiento-miubella-samayac-soymigrante-mercado-4-1-300x300.jpg 300w, https:\/\/soymigrante.com\/revista\/wp-content\/uploads\/2025\/07\/emprendimiento-miubella-samayac-soymigrante-mercado-4-1-150x150.jpg 150w, https:\/\/soymigrante.com\/revista\/wp-content\/uploads\/2025\/07\/emprendimiento-miubella-samayac-soymigrante-mercado-4-1-768x768.jpg 768w, https:\/\/soymigrante.com\/revista\/wp-content\/uploads\/2025\/07\/emprendimiento-miubella-samayac-soymigrante-mercado-4-1-1536x1536.jpg 1536w, https:\/\/soymigrante.com\/revista\/wp-content\/uploads\/2025\/07\/emprendimiento-miubella-samayac-soymigrante-mercado-4-1-2048x2048.jpg 2048w, https:\/\/soymigrante.com\/revista\/wp-content\/uploads\/2025\/07\/emprendimiento-miubella-samayac-soymigrante-mercado-4-1-75x75.webp 75w, https:\/\/soymigrante.com\/revista\/wp-content\/uploads\/2025\/07\/emprendimiento-miubella-samayac-soymigrante-mercado-4-1-750x750.webp 750w, https:\/\/soymigrante.com\/revista\/wp-content\/uploads\/2025\/07\/emprendimiento-miubella-samayac-soymigrante-mercado-4-1-1140x1140.webp 1140w, https:\/\/soymigrante.com\/revista\/wp-content\/uploads\/2025\/07\/emprendimiento-miubella-samayac-soymigrante-mercado-4-1-scaled.webp 1920w\" sizes=\"(max-width: 1024px) 100vw, 1024px\" \/>\n            <\/div>\n        <\/div><div class=\"eael-entry-wrapper\"><header class=\"eael-entry-header\"><h2 class=\"eael-entry-title\"><a class=\"eael-grid-post-link\" href=\"https:\/\/soymigrante.com\/revista\/miubela-es-un-joven-emprendimiento-textil-desde-samayac-a-mercado\/\" title=\"Miubela es un joven emprendimiento textil desde Samayac a MERCADO\">Miubela es un joven emprendimiento textil desde Samayac a MERCADO<\/a><\/h2><\/header><div class=\"eael-entry-content\">\n                        <div class=\"eael-grid-post-excerpt\"><a href=\"https:\/\/soymigrante.com\/revista\/miubela-es-un-joven-emprendimiento-textil-desde-samayac-a-mercado\/\" class=\"eael-post-elements-readmore-btn\">CONOCE SU HISTORIA <\/a><\/div>\n                    <\/div><\/div><\/div>\n        <\/div>\n    <\/article><\/div>\n            <div class=\"clearfix\"><\/div>\n        <\/div>            <div class=\"eael-load-more-button-wrap eael-force-hide\">\n                <button class=\"eael-load-more-button\" id=\"eael-load-more-btn-d2a47d7\" data-widget-id=\"d2a47d7\" data-widget=\"d2a47d7\" data-page-id=\"26386\" data-template=\"{&quot;dir&quot;:&quot;lite&quot;,&quot;file_name&quot;:&quot;one.php&quot;,&quot;name&quot;:&quot;Post-Grid&quot;}\" data-class=\"Essential_Addons_Elementor\\Elements\\Post_Grid\" data-layout=\"masonry\" data-page=\"1\" data-args=\"orderby=rand&amp;order=desc&amp;ignore_sticky_posts=1&amp;post_status=publish&amp;posts_per_page=3&amp;offset=0&amp;post_type=post&amp;tax_query%5B0%5D%5Btaxonomy%5D=post_tag&amp;tax_query%5B0%5D%5Bfield%5D=term_id&amp;tax_query%5B0%5D%5Bterms%5D%5B0%5D=130&amp;tax_query%5Brelation%5D=AND\" data-max-page=\"35\">\n                    <span class=\"eael-btn-loader button__loader\"><\/span>\n                    <span class=\"eael_load_more_text\">Load More<\/span>\n                <\/button>\n            <\/div>\n            \t\t\t\t<\/div>\n\t\t\t\t\t<\/div>\n\t\t\t\t<\/div>\n\t\t\t\t<\/div>\n\t\t","protected":false},"excerpt":{"rendered":"<p>Durante la pandemia muchos pintores y artesanos de San Juan Comalapa, Chimaltenango quedaron sin ventas y surgi\u00f3 la iniciativa del Bazar de Artistas Comalapenses, de Wilson Sotz, que tiene su tienda digital en SoyMigrante.com MERCADO. Wilson Sotz en un artista de San Juan Comalapa, la tierra de una rica tradici\u00f3n de pintores tambi\u00e9n llamada la [&hellip;]<\/p>\n","protected":false},"author":7,"featured_media":26387,"comment_status":"open","ping_status":"open","sticky":false,"template":"","format":"standard","meta":{"_acf_changed":false,"_eb_attr":"","footnotes":""},"categories":[58],"tags":[130],"class_list":["post-26386","post","type-post","status-publish","format-standard","has-post-thumbnail","hentry","category-guate-nuestra","tag-mercado-emprendedores"],"acf":[],"aioseo_notices":[],"aioseo_head":"\n\t\t<!-- All in One SEO Pro 4.9.6.2 - aioseo.com -->\n\t<meta name=\"description\" content=\"Ante la falta de oportunidades laborales Miurel y Anabella, originarias de Samayac, Suchitep\u00e9quez, se lanzaron a emprender su tienda de ropa. Ahora est\u00e1n en SoyMigrante.com MERCADO y esta es su historia. En 2018, con apenas 17 a\u00f1os y reci\u00e9n graduadas de perito en Administraci\u00f3n de Empresas, Miurel Solval y Anabela del Rosario Mej\u00eda Ram\u00edrez, amigas\" \/>\n\t<meta name=\"robots\" content=\"max-snippet:-1, max-image-preview:large, max-video-preview:-1\" \/>\n\t<meta name=\"author\" content=\"Gustavo Montenegro\"\/>\n\t<link rel=\"canonical\" href=\"https:\/\/soymigrante.com\/revista\/bazar-de-artistas-comalapenses-ofrece-creatividad-y-tradicion-su-tienda-digital\/\" \/>\n\t<meta name=\"generator\" content=\"All in One SEO Pro (AIOSEO) 4.9.6.2\" \/>\n\n\t\t<link rel=\"preconnect\" href=\"https:\/\/fonts.googleapis.com\" crossorigin>\n<link rel=\"preconnect\" href=\"https:\/\/fonts.gstatic.com\" crossorigin>\n\t\t<meta property=\"og:locale\" content=\"es_ES\" \/>\n\t\t<meta property=\"og:site_name\" content=\"SoyMigrante.com REVISTA \u2013 Nuestra misi\u00f3n es reconocer y dignificar al migrante.\" \/>\n\t\t<meta property=\"og:type\" content=\"article\" \/>\n\t\t<meta property=\"og:title\" content=\"Bazar de Artistas Comalapenses ya lleg\u00f3 a MERCADO\" \/>\n\t\t<meta property=\"og:description\" content=\"Bazar de Artistas Comalapenses es una plataforma cultural y de comercio de creaciones artesanales de San Juan Comalapa, impulsada por el artista Wilson Sotz.\" \/>\n\t\t<meta property=\"og:url\" content=\"https:\/\/soymigrante.com\/revista\/bazar-de-artistas-comalapenses-ofrece-creatividad-y-tradicion-su-tienda-digital\/\" \/>\n\t\t<meta property=\"og:image\" content=\"https:\/\/soymigrante.com\/revista\/wp-content\/uploads\/2025\/02\/comalapense.webp\" \/>\n\t\t<meta property=\"og:image:secure_url\" content=\"https:\/\/soymigrante.com\/revista\/wp-content\/uploads\/2025\/02\/comalapense.webp\" \/>\n\t\t<meta property=\"og:image:width\" content=\"778\" \/>\n\t\t<meta property=\"og:image:height\" content=\"778\" \/>\n\t\t<meta property=\"article:published_time\" content=\"2025-02-25T18:25:17+00:00\" \/>\n\t\t<meta property=\"article:modified_time\" content=\"2025-07-25T18:50:35+00:00\" \/>\n\t\t<meta property=\"article:publisher\" content=\"https:\/\/www.facebook.com\/soymigrantecom\" \/>\n\t\t<meta name=\"twitter:card\" content=\"summary_large_image\" \/>\n\t\t<meta name=\"twitter:site\" content=\"@SoyMigrante_com\" \/>\n\t\t<meta name=\"twitter:title\" content=\"Bazar de Artistas Comalapenses ya lleg\u00f3 a MERCADO\" \/>\n\t\t<meta name=\"twitter:description\" content=\"Bazar de Artistas Comalapenses es una plataforma cultural y de comercio de creaciones artesanales de San Juan Comalapa, impulsada por el artista Wilson Sotz.\" \/>\n\t\t<meta name=\"twitter:creator\" content=\"@SoyMigrante_com\" \/>\n\t\t<meta name=\"twitter:image\" content=\"https:\/\/soymigrante.com\/revista\/wp-content\/uploads\/2025\/02\/comalapense.webp\" \/>\n\t\t<!-- All in One SEO Pro -->\r\n\t\t<title>Bazar de Artistas Comalapenses ya lleg\u00f3 a MERCADO<\/title>\n\n","aioseo_head_json":{"title":"Bazar de Artistas Comalapenses ya lleg\u00f3 a MERCADO","description":"Bazar de Artistas Comalapenses es una plataforma cultural y de comercio de creaciones artesanales de San Juan Comalapa, impulsada por el artista Wilson Sotz.","canonical_url":"https:\/\/soymigrante.com\/revista\/bazar-de-artistas-comalapenses-ofrece-creatividad-y-tradicion-su-tienda-digital\/","robots":"max-snippet:-1, max-image-preview:large, max-video-preview:-1","keywords":"","webmasterTools":{"miscellaneous":"&lt;link rel=\"preconnect\" href=\"https:\/\/fonts.googleapis.com\" crossorigin&gt;\n&lt;link rel=\"preconnect\" href=\"https:\/\/fonts.gstatic.com\" crossorigin&gt;"},"schema":null,"og:locale":"es_ES","og:site_name":"SoyMigrante.com REVISTA \u2013 Nuestra misi\u00f3n es reconocer y dignificar al migrante.","og:type":"article","og:title":"Bazar de Artistas Comalapenses ya lleg\u00f3 a MERCADO","og:description":"Bazar de Artistas Comalapenses es una plataforma cultural y de comercio de creaciones artesanales de San Juan Comalapa, impulsada por el artista Wilson Sotz.","og:url":"https:\/\/soymigrante.com\/revista\/bazar-de-artistas-comalapenses-ofrece-creatividad-y-tradicion-su-tienda-digital\/","og:image":"https:\/\/soymigrante.com\/revista\/wp-content\/uploads\/2025\/02\/comalapense.webp","og:image:secure_url":"https:\/\/soymigrante.com\/revista\/wp-content\/uploads\/2025\/02\/comalapense.webp","og:image:width":778,"og:image:height":778,"article:published_time":"2025-02-25T18:25:17+00:00","article:modified_time":"2025-07-25T18:50:35+00:00","article:publisher":"https:\/\/www.facebook.com\/soymigrantecom","twitter:card":"summary_large_image","twitter:site":"@SoyMigrante_com","twitter:title":"Bazar de Artistas Comalapenses ya lleg\u00f3 a MERCADO","twitter:description":"Bazar de Artistas Comalapenses es una plataforma cultural y de comercio de creaciones artesanales de San Juan Comalapa, impulsada por el artista Wilson Sotz.","twitter:creator":"@SoyMigrante_com","twitter:image":"https:\/\/soymigrante.com\/revista\/wp-content\/uploads\/2025\/02\/comalapense.webp"},"aioseo_meta_data":{"post_id":"26386","title":"Bazar de Artistas Comalapenses ya lleg\u00f3 a MERCADO","description":"Bazar de Artistas Comalapenses es una plataforma cultural y de comercio de creaciones artesanales de San Juan Comalapa, impulsada por el artista Wilson Sotz.","keywords":null,"keyphrases":{"focus":{"keyphrase":"Artistas","score":82,"analysis":{"keyphraseInTitle":{"score":9,"maxScore":9,"error":0},"keyphraseInDescription":{"score":9,"maxScore":9,"error":0},"keyphraseLength":{"score":9,"maxScore":9,"error":0,"length":1},"keyphraseInURL":{"score":5,"maxScore":5,"error":0},"keyphraseInIntroduction":{"score":3,"maxScore":9,"error":1},"keyphraseInSubHeadings":{"score":3,"maxScore":9,"error":1},"keyphraseInImageAlt":{"score":9,"maxScore":9,"error":0},"keywordDensity":{"type":"best","score":9,"maxScore":9,"error":0}}},"additional":[{"keyphrase":"Mercado","score":73,"analysis":{"keyphraseInDescription":{"score":3,"maxScore":9,"error":1},"keyphraseLength":{"score":9,"maxScore":9,"error":0,"length":1},"keyphraseInIntroduction":{"score":3,"maxScore":9,"error":1},"keyphraseInImageAlt":{"score":9,"maxScore":9,"error":0},"keywordDensity":{"type":"best","score":9,"maxScore":9,"error":0}}},{"keyphrase":"Bazar","score":87,"analysis":{"keyphraseInDescription":{"score":9,"maxScore":9,"error":0},"keyphraseLength":{"score":9,"maxScore":9,"error":0,"length":1},"keyphraseInIntroduction":{"score":3,"maxScore":9,"error":1},"keyphraseInImageAlt":{"score":9,"maxScore":9,"error":0},"keywordDensity":{"type":"best","score":9,"maxScore":9,"error":0}}}]},"primary_term":null,"canonical_url":null,"og_title":null,"og_description":null,"og_object_type":"default","og_image_type":"default","og_image_url":null,"og_image_width":null,"og_image_height":null,"og_image_custom_url":null,"og_image_custom_fields":null,"og_video":"","og_custom_url":null,"og_article_section":null,"og_article_tags":null,"twitter_use_og":false,"twitter_card":"default","twitter_image_type":"default","twitter_image_url":null,"twitter_image_custom_url":null,"twitter_image_custom_fields":null,"twitter_title":null,"twitter_description":null,"schema":{"blockGraphs":[],"customGraphs":[],"default":{"data":{"Article":[],"Course":[],"Dataset":[],"FAQPage":[],"Movie":[],"Person":[],"Product":[],"ProductReview":[],"Car":[],"Recipe":[],"Service":[],"SoftwareApplication":[],"WebPage":[]},"graphName":"none","isEnabled":true},"graphs":[]},"schema_type":"default","schema_type_options":null,"pillar_content":false,"robots_default":true,"robots_noindex":false,"robots_noarchive":false,"robots_nosnippet":false,"robots_nofollow":false,"robots_noimageindex":false,"robots_noodp":false,"robots_notranslate":false,"robots_max_snippet":"-1","robots_max_videopreview":"-1","robots_max_imagepreview":"large","priority":null,"frequency":"default","local_seo":null,"seo_analyzer_scan_date":"2025-10-09 02:56:42","breadcrumb_settings":null,"limit_modified_date":false,"reviewed_by":"0","open_ai":"{\"title\":{\"suggestions\":[],\"usage\":0},\"description\":{\"suggestions\":[],\"usage\":0}}","ai":{"faqs":[],"keyPoints":[],"titles":[],"descriptions":[],"socialPosts":{"email":[],"linkedin":[],"twitter":[],"facebook":[],"instagram":[]}},"created":"2025-02-25 17:43:22","updated":"2026-02-04 21:50:36"},"aioseo_breadcrumb":"<div class=\"aioseo-breadcrumbs\"><span class=\"aioseo-breadcrumb\">\n\t<a href=\"https:\/\/soymigrante.com\/revista\" title=\"Home\">Home<\/a>\n<\/span><span class=\"aioseo-breadcrumb-separator\">\u00bb<\/span><span class=\"aioseo-breadcrumb\">\n\t<a href=\"https:\/\/soymigrante.com\/revista\/category\/guate-nuestra\/\" title=\"Guate Nuestra\">Guate Nuestra<\/a>\n<\/span><span class=\"aioseo-breadcrumb-separator\">\u00bb<\/span><span class=\"aioseo-breadcrumb\">\n\tBazar de Artistas Comalapenses ofrece creatividad y tradici\u00f3n su tienda digital\n<\/span><\/div>","aioseo_breadcrumb_json":[{"label":"Home","link":"https:\/\/soymigrante.com\/revista"},{"label":"Guate Nuestra","link":"https:\/\/soymigrante.com\/revista\/category\/guate-nuestra\/"},{"label":"Bazar de Artistas Comalapenses ofrece creatividad y tradici\u00f3n su tienda digital","link":"https:\/\/soymigrante.com\/revista\/bazar-de-artistas-comalapenses-ofrece-creatividad-y-tradicion-su-tienda-digital\/"}],"_links":{"self":[{"href":"https:\/\/soymigrante.com\/revista\/wp-json\/wp\/v2\/posts\/26386","targetHints":{"allow":["GET"]}}],"collection":[{"href":"https:\/\/soymigrante.com\/revista\/wp-json\/wp\/v2\/posts"}],"about":[{"href":"https:\/\/soymigrante.com\/revista\/wp-json\/wp\/v2\/types\/post"}],"author":[{"embeddable":true,"href":"https:\/\/soymigrante.com\/revista\/wp-json\/wp\/v2\/users\/7"}],"replies":[{"embeddable":true,"href":"https:\/\/soymigrante.com\/revista\/wp-json\/wp\/v2\/comments?post=26386"}],"version-history":[{"count":7,"href":"https:\/\/soymigrante.com\/revista\/wp-json\/wp\/v2\/posts\/26386\/revisions"}],"predecessor-version":[{"id":40446,"href":"https:\/\/soymigrante.com\/revista\/wp-json\/wp\/v2\/posts\/26386\/revisions\/40446"}],"wp:featuredmedia":[{"embeddable":true,"href":"https:\/\/soymigrante.com\/revista\/wp-json\/wp\/v2\/media\/26387"}],"wp:attachment":[{"href":"https:\/\/soymigrante.com\/revista\/wp-json\/wp\/v2\/media?parent=26386"}],"wp:term":[{"taxonomy":"category","embeddable":true,"href":"https:\/\/soymigrante.com\/revista\/wp-json\/wp\/v2\/categories?post=26386"},{"taxonomy":"post_tag","embeddable":true,"href":"https:\/\/soymigrante.com\/revista\/wp-json\/wp\/v2\/tags?post=26386"}],"curies":[{"name":"wp","href":"https:\/\/api.w.org\/{rel}","templated":true}]}}