{"id":26328,"date":"2025-02-26T06:00:00","date_gmt":"2025-02-26T12:00:00","guid":{"rendered":"https:\/\/soymigrante.com\/revista\/?p=26328"},"modified":"2025-02-25T20:26:56","modified_gmt":"2025-02-26T02:26:56","slug":"el-queso-chancol-tiene-su-origen-y-sabor-en-las-montanas-del-occidente-de-guatemala","status":"publish","type":"post","link":"https:\/\/soymigrante.com\/revista\/el-queso-chancol-tiene-su-origen-y-sabor-en-las-montanas-del-occidente-de-guatemala\/","title":{"rendered":"El queso Chancol tiene su origen y sabor en las monta\u00f1as del Occidente de Guatemala"},"content":{"rendered":"\t\t<div data-elementor-type=\"wp-post\" data-elementor-id=\"26328\" class=\"elementor elementor-26328\" data-elementor-post-type=\"post\">\n\t\t\t\t<div data-particle_enable=\"false\" data-particle-mobile-disabled=\"false\" class=\"elementor-element elementor-element-00f8127 e-flex e-con-boxed e-con e-parent\" data-id=\"00f8127\" data-element_type=\"container\" data-e-type=\"container\">\n\t\t\t\t\t<div class=\"e-con-inner\">\n\t\t\t\t<div class=\"elementor-element elementor-element-1762b70 elementor-widget elementor-widget-heading\" data-id=\"1762b70\" data-element_type=\"widget\" data-e-type=\"widget\" data-widget_type=\"heading.default\">\n\t\t\t\t\t<h2 class=\"elementor-heading-title elementor-size-default\">El queso Chancol es delicioso, salado y se puede consumir con tortillas. <\/h2>\t\t\t\t<\/div>\n\t\t\t\t\t<\/div>\n\t\t\t\t<\/div>\n\t\t<div data-particle_enable=\"false\" data-particle-mobile-disabled=\"false\" class=\"elementor-element elementor-element-a3cf7f6 e-flex e-con-boxed e-con e-parent\" data-id=\"a3cf7f6\" data-element_type=\"container\" data-e-type=\"container\">\n\t\t\t\t\t<div class=\"e-con-inner\">\n\t\t\t\t<div class=\"elementor-element elementor-element-5fc187d elementor-widget elementor-widget-text-editor\" data-id=\"5fc187d\" data-element_type=\"widget\" data-e-type=\"widget\" data-widget_type=\"text-editor.default\">\n\t\t\t\t\t\t\t\t\t<p>El queso Chancol es uno de los productos l\u00e1cteos m\u00e1s representativos de Guatemala, especialmente conocido por su sabor caracter\u00edstico y su elaboraci\u00f3n artesanal.<\/p><p><a href=\"https:\/\/soymigrante.com\/revista\/departamentos-de-guatemala-huehuetenango-la-tierra-de-kaibil-balam-tesoro-cultural-y-natural\/\" target=\"_blank\" rel=\"noopener\">Originario de la regi\u00f3n de Huehuetenango<\/a>, este queso se ha convertido en un emblema de la tradici\u00f3n quesera del pa\u00eds, siendo apreciado tanto a nivel local como internacional.<\/p>\t\t\t\t\t\t\t\t<\/div>\n\t\t\t\t\t<\/div>\n\t\t\t\t<\/div>\n\t\t<div data-particle_enable=\"false\" data-particle-mobile-disabled=\"false\" class=\"elementor-element elementor-element-057199f e-flex e-con-boxed e-con e-parent\" data-id=\"057199f\" data-element_type=\"container\" data-e-type=\"container\">\n\t\t\t\t\t<div class=\"e-con-inner\">\n\t\t\t\t<div class=\"elementor-element elementor-element-9817958 elementor-widget elementor-widget-heading\" data-id=\"9817958\" data-element_type=\"widget\" data-e-type=\"widget\" data-widget_type=\"heading.default\">\n\t\t\t\t\t<h3 class=\"elementor-heading-title elementor-size-default\">\u00bfCu\u00e1l es el origen y elaboraci\u00f3n?<\/h3>\t\t\t\t<\/div>\n\t\t\t\t\t<\/div>\n\t\t\t\t<\/div>\n\t\t<div data-particle_enable=\"false\" data-particle-mobile-disabled=\"false\" class=\"elementor-element elementor-element-c39a3ea e-flex e-con-boxed e-con e-parent\" data-id=\"c39a3ea\" data-element_type=\"container\" data-e-type=\"container\">\n\t\t\t\t\t<div class=\"e-con-inner\">\n\t\t\t\t<div class=\"elementor-element elementor-element-8079234 elementor-widget elementor-widget-text-editor\" data-id=\"8079234\" data-element_type=\"widget\" data-e-type=\"widget\" data-widget_type=\"text-editor.default\">\n\t\t\t\t\t\t\t\t\t<p>Su historia inicia en 1934 en las monta\u00f1as de la sierra de Los Cuchumatanes, de la idea de Giuseppe Azzari, un italiano proveniente de la zona alpina lim\u00edtrofe con Suiza, este queso es migrante.<\/p><p>Anteriormente, Giuseppe se hab\u00eda aventurado en la traves\u00eda americana, explorando M\u00e9xico y El Salvador, hasta encontrar un hogar permanente en las monta\u00f1as nubosas de Los Cuchumatanes.\u00a0<\/p><p>All\u00ed empez\u00f3 con la idea de elaborar este rico queso.\u00a0<\/p>\t\t\t\t\t\t\t\t<\/div>\n\t\t\t\t\t<\/div>\n\t\t\t\t<\/div>\n\t\t<div data-particle_enable=\"false\" data-particle-mobile-disabled=\"false\" class=\"elementor-element elementor-element-34cdb15 e-flex e-con-boxed e-con e-parent\" data-id=\"34cdb15\" data-element_type=\"container\" data-e-type=\"container\">\n\t\t\t\t\t<div class=\"e-con-inner\">\n\t\t\t\t<div class=\"elementor-element elementor-element-8442bc5 elementor-widget elementor-widget-text-editor\" data-id=\"8442bc5\" data-element_type=\"widget\" data-e-type=\"widget\" data-widget_type=\"text-editor.default\">\n\t\t\t\t\t\t\t\t\t<p>El queso Chancol se produce ahora en las tierras altas del occidente de Guatemala, principalmente en el <a href=\"https:\/\/soymigrante.com\/revista\/departamentos-de-guatemala-huehuetenango-la-tierra-de-kaibil-balam-tesoro-cultural-y-natural\/\" target=\"_blank\" rel=\"noopener\">municipio de San Pedro Necta, Huehuetenango<\/a>. Su nombre proviene de la finca Chancol, una de las primeras en producirlo de manera formal.<\/p><p>Se elabora con leche de vaca de alta calidad, lo que le otorga su caracter\u00edstico sabor y textura. Su proceso de maduraci\u00f3n puede variar, pero generalmente se deja reposar por varias semanas para desarrollar su perfil de sabor distintivo.<\/p>\t\t\t\t\t\t\t\t<\/div>\n\t\t\t\t\t<\/div>\n\t\t\t\t<\/div>\n\t\t<div data-particle_enable=\"false\" data-particle-mobile-disabled=\"false\" class=\"elementor-element elementor-element-49e1c9a e-flex e-con-boxed e-con e-parent\" data-id=\"49e1c9a\" data-element_type=\"container\" data-e-type=\"container\">\n\t\t\t\t\t<div class=\"e-con-inner\">\n\t\t\t\t<div class=\"elementor-element elementor-element-066990b elementor-widget elementor-widget-image\" data-id=\"066990b\" data-element_type=\"widget\" data-e-type=\"widget\" data-widget_type=\"image.default\">\n\t\t\t\t\t\t\t\t\t\t\t\t<figure class=\"wp-caption\">\n\t\t\t\t\t\t\t\t\t\t<img fetchpriority=\"high\" decoding=\"async\" width=\"201\" height=\"251\" src=\"https:\/\/soymigrante.com\/revista\/wp-content\/uploads\/2025\/02\/queso-chancol-.webp\" class=\"attachment-large size-large wp-image-26331\" alt=\"Quesadilla mexicana con salsa y guacamole, tradicional plato mexicano, comida callejera, ingredientes frescos, sabor aut\u00e9ntico, comida para llevar.\" title=\"queso chancol \u2013 SoyMigrante.com REVISTA\" \/>\t\t\t\t\t\t\t\t\t\t\t<figcaption class=\"widget-image-caption wp-caption-text\">Quesadilla mexicana con salsa, guacamole y ingredientes frescos, ideal para disfrutar sabores aut\u00e9nticos y tradicionales mexicanos en cualquier lugar.<\/figcaption>\n\t\t\t\t\t\t\t\t\t\t<\/figure>\n\t\t\t\t\t\t\t\t\t<\/div>\n\t\t\t\t\t<\/div>\n\t\t\t\t<\/div>\n\t\t<div data-particle_enable=\"false\" data-particle-mobile-disabled=\"false\" class=\"elementor-element elementor-element-f70e268 e-flex e-con-boxed e-con e-parent\" data-id=\"f70e268\" data-element_type=\"container\" data-e-type=\"container\">\n\t\t\t\t\t<div class=\"e-con-inner\">\n\t\t\t\t<div class=\"elementor-element elementor-element-8b38cbf elementor-widget elementor-widget-heading\" data-id=\"8b38cbf\" data-element_type=\"widget\" data-e-type=\"widget\" data-widget_type=\"heading.default\">\n\t\t\t\t\t<h3 class=\"elementor-heading-title elementor-size-default\">\u00bfCu\u00e1l es su historia y tradici\u00f3n?<\/h3>\t\t\t\t<\/div>\n\t\t\t\t\t<\/div>\n\t\t\t\t<\/div>\n\t\t<div data-particle_enable=\"false\" data-particle-mobile-disabled=\"false\" class=\"elementor-element elementor-element-06e1c0f e-flex e-con-boxed e-con e-parent\" data-id=\"06e1c0f\" data-element_type=\"container\" data-e-type=\"container\">\n\t\t\t\t\t<div class=\"e-con-inner\">\n\t\t\t\t<div class=\"elementor-element elementor-element-fef4f4e elementor-widget elementor-widget-text-editor\" data-id=\"fef4f4e\" data-element_type=\"widget\" data-e-type=\"widget\" data-widget_type=\"text-editor.default\">\n\t\t\t\t\t\t\t\t\t<p>La historia del queso Chancol est\u00e1 ligada a la influencia de la tradici\u00f3n quesera europea, que lleg\u00f3 a Guatemala a trav\u00e9s de inmigrantes en el siglo XX.<\/p><p>Con el tiempo, los productores locales adoptaron y <a href=\"https:\/\/soymigrante.com\/revista\/departamentos-de-guatemala-huehuetenango-la-tierra-de-kaibil-balam-tesoro-cultural-y-natural\/\" target=\"_blank\" rel=\"noopener\">adaptaron estas t\u00e9cnicas para crear un queso \u00fanico<\/a>, con un sabor que refleja las particularidades del clima y la pastura de la regi\u00f3n.<\/p>\t\t\t\t\t\t\t\t<\/div>\n\t\t\t\t\t<\/div>\n\t\t\t\t<\/div>\n\t\t<div data-particle_enable=\"false\" data-particle-mobile-disabled=\"false\" class=\"elementor-element elementor-element-ebe3ee9 e-flex e-con-boxed e-con e-parent\" data-id=\"ebe3ee9\" data-element_type=\"container\" data-e-type=\"container\">\n\t\t\t\t\t<div class=\"e-con-inner\">\n\t\t\t\t<div class=\"elementor-element elementor-element-41c8d68 elementor-widget elementor-widget-image\" data-id=\"41c8d68\" data-element_type=\"widget\" data-e-type=\"widget\" data-widget_type=\"image.default\">\n\t\t\t\t\t\t\t\t\t\t\t\t<figure class=\"wp-caption\">\n\t\t\t\t\t\t\t\t\t\t<img decoding=\"async\" width=\"299\" height=\"169\" src=\"https:\/\/soymigrante.com\/revista\/wp-content\/uploads\/2025\/02\/Queso-chancol-3.webp\" class=\"attachment-large size-large wp-image-26332\" alt=\"Ninguna imagen proporcionada en la URL.\" title=\"Queso chancol 3 \u2013 SoyMigrante.com REVISTA\" \/>\t\t\t\t\t\t\t\t\t\t\t<figcaption class=\"widget-image-caption wp-caption-text\">Revista SoyMigrante.com presenta art\u00edculos destacados sobre migraci\u00f3n y cultura en un formato visual atractivo.<\/figcaption>\n\t\t\t\t\t\t\t\t\t\t<\/figure>\n\t\t\t\t\t\t\t\t\t<\/div>\n\t\t\t\t\t<\/div>\n\t\t\t\t<\/div>\n\t\t<div data-particle_enable=\"false\" data-particle-mobile-disabled=\"false\" class=\"elementor-element elementor-element-2679f5b e-flex e-con-boxed e-con e-parent\" data-id=\"2679f5b\" data-element_type=\"container\" data-e-type=\"container\">\n\t\t\t\t\t<div class=\"e-con-inner\">\n\t\t\t\t<div class=\"elementor-element elementor-element-f6d1525 elementor-widget elementor-widget-heading\" data-id=\"f6d1525\" data-element_type=\"widget\" data-e-type=\"widget\" data-widget_type=\"heading.default\">\n\t\t\t\t\t<h3 class=\"elementor-heading-title elementor-size-default\">Sabor y usos culinarios<\/h3>\t\t\t\t<\/div>\n\t\t\t\t\t<\/div>\n\t\t\t\t<\/div>\n\t\t<div data-particle_enable=\"false\" data-particle-mobile-disabled=\"false\" class=\"elementor-element elementor-element-6e7b457 e-flex e-con-boxed e-con e-parent\" data-id=\"6e7b457\" data-element_type=\"container\" data-e-type=\"container\">\n\t\t\t\t\t<div class=\"e-con-inner\">\n\t\t\t\t<div class=\"elementor-element elementor-element-53a41d9 elementor-widget elementor-widget-text-editor\" data-id=\"53a41d9\" data-element_type=\"widget\" data-e-type=\"widget\" data-widget_type=\"text-editor.default\">\n\t\t\t\t\t\t\t\t\t<p>El queso Chancol tiene una textura semidura y un sabor ligeramente \u00e1cido y cremoso, con notas de mantequilla y nuez, seg\u00fan el chef, Andr\u00e9 Mendoza.<\/p><p>Su versatilidad lo hace ideal para una variedad de platillos, desde bocadillos y ensaladas hasta fundidos y gratinados. <a href=\"https:\/\/soymigrante.com\/revista\/departamentos-de-guatemala-huehuetenango-la-tierra-de-kaibil-balam-tesoro-cultural-y-natural\/\" target=\"_blank\" rel=\"noopener\">Es com\u00fan encontrarlo acompa\u00f1ado de tortillas de ma\u00edz y frijoles, r<\/a>ealzando su sabor con ingredientes tradicionales guatemaltecos.<\/p>\t\t\t\t\t\t\t\t<\/div>\n\t\t\t\t\t<\/div>\n\t\t\t\t<\/div>\n\t\t<div data-particle_enable=\"false\" data-particle-mobile-disabled=\"false\" class=\"elementor-element elementor-element-f69a25f e-flex e-con-boxed e-con e-parent\" data-id=\"f69a25f\" data-element_type=\"container\" data-e-type=\"container\">\n\t\t\t\t\t<div class=\"e-con-inner\">\n\t\t\t\t<div class=\"elementor-element elementor-element-03cda9a elementor-widget elementor-widget-video\" data-id=\"03cda9a\" data-element_type=\"widget\" data-e-type=\"widget\" data-settings=\"{&quot;youtube_url&quot;:&quot;https:\\\/\\\/www.youtube.com\\\/shorts\\\/_5iXLpM-W4c&quot;,&quot;video_type&quot;:&quot;youtube&quot;,&quot;controls&quot;:&quot;yes&quot;}\" data-widget_type=\"video.default\">\n\t\t\t\t\t\t\t<div class=\"elementor-wrapper elementor-open-inline\">\n\t\t\t<div class=\"elementor-video\"><\/div>\t\t<\/div>\n\t\t\t\t\t\t<\/div>\n\t\t\t\t\t<\/div>\n\t\t\t\t<\/div>\n\t\t<div data-particle_enable=\"false\" data-particle-mobile-disabled=\"false\" class=\"elementor-element elementor-element-f4260d9 e-flex e-con-boxed e-con e-parent\" data-id=\"f4260d9\" data-element_type=\"container\" data-e-type=\"container\">\n\t\t\t\t\t<div class=\"e-con-inner\">\n\t\t\t\t<div class=\"elementor-element elementor-element-07cb314 elementor-widget elementor-widget-text-editor\" data-id=\"07cb314\" data-element_type=\"widget\" data-e-type=\"widget\" data-widget_type=\"text-editor.default\">\n\t\t\t\t\t\t\t\t\t<p>Este queso se ha convertido en un producto distintivo dentro de la gastronom\u00eda guatemalteca, y su valor trasciende las fronteras, posicion\u00e1ndose como un referente del buen queso artesanal de Centroam\u00e9rica.<\/p>\t\t\t\t\t\t\t\t<\/div>\n\t\t\t\t\t<\/div>\n\t\t\t\t<\/div>\n\t\t<div data-particle_enable=\"false\" data-particle-mobile-disabled=\"false\" class=\"elementor-element elementor-element-6ed2133 e-flex e-con-boxed e-con e-parent\" data-id=\"6ed2133\" data-element_type=\"container\" data-e-type=\"container\">\n\t\t\t\t\t<div class=\"e-con-inner\">\n\t\t\t\t<div class=\"elementor-element elementor-element-c5ad4b5 elementor-widget elementor-widget-heading\" data-id=\"c5ad4b5\" data-element_type=\"widget\" data-e-type=\"widget\" data-widget_type=\"heading.default\">\n\t\t\t\t\t<h2 class=\"elementor-heading-title elementor-size-default\">Conoce otros sabores s\u00faper guatemaltecos <\/h2>\t\t\t\t<\/div>\n\t\t\t\t\t<\/div>\n\t\t\t\t<\/div>\n\t\t<div data-particle_enable=\"false\" data-particle-mobile-disabled=\"false\" class=\"elementor-element elementor-element-8218d45 e-flex e-con-boxed e-con e-parent\" data-id=\"8218d45\" data-element_type=\"container\" data-e-type=\"container\">\n\t\t\t\t\t<div class=\"e-con-inner\">\n\t\t\t\t<div class=\"elementor-element elementor-element-4049de0 elementor-grid-eael-col-3 elementor-grid-tablet-eael-col-2 elementor-grid-mobile-eael-col-1 elementor-widget elementor-widget-eael-post-grid\" data-id=\"4049de0\" data-element_type=\"widget\" data-e-type=\"widget\" data-settings=\"{&quot;eael_post_grid_columns&quot;:&quot;eael-col-3&quot;,&quot;eael_post_grid_columns_tablet&quot;:&quot;eael-col-2&quot;,&quot;eael_post_grid_columns_mobile&quot;:&quot;eael-col-1&quot;}\" data-widget_type=\"eael-post-grid.default\">\n\t\t\t\t\t<div id=\"eael-post-grid-4049de0\" class=\"eael-post-grid-container\">\n            <div class=\"eael-post-grid eael-post-appender eael-post-appender-4049de0 eael-post-grid-style-one\" data-layout-mode=\"masonry\"><article class=\"eael-grid-post  eael-post-grid-column eael-pg-post-6987 category-guate-nuestra\" data-id=\"6987\">\n        <div class=\"eael-grid-post-holder\">\n            <div class=\"eael-grid-post-holder-inner\"><div class=\"eael-entry-media\"><div class=\"eael-entry-overlay fade-in\"><i class=\"far fa-hand-pointer\" aria-hidden=\"true\"><\/i><a href=\"https:\/\/soymigrante.com\/revista\/recetas-chapinas-que-tal-una-horchata-hecha-en-casa\/\"><\/a><\/div><div class=\"eael-entry-thumbnail \">\n                <img decoding=\"async\" width=\"904\" height=\"821\" src=\"https:\/\/soymigrante.com\/revista\/wp-content\/uploads\/2024\/06\/foto-horchata-portada-.webp\" class=\"attachment-large size-large wp-image-6988\" alt=\"Arroz con leche en un vaso, rodeado de barquillos y arroz, en una presentaci\u00f3n tradicional mexicana de postre.\" srcset=\"https:\/\/soymigrante.com\/revista\/wp-content\/uploads\/2024\/06\/foto-horchata-portada-.webp 904w, https:\/\/soymigrante.com\/revista\/wp-content\/uploads\/2024\/06\/foto-horchata-portada--300x272.webp 300w, https:\/\/soymigrante.com\/revista\/wp-content\/uploads\/2024\/06\/foto-horchata-portada--768x697.webp 768w, https:\/\/soymigrante.com\/revista\/wp-content\/uploads\/2024\/06\/foto-horchata-portada--750x681.webp 750w\" sizes=\"(max-width: 904px) 100vw, 904px\" \/>\n            <\/div>\n        <\/div><div class=\"eael-entry-wrapper\"><header class=\"eael-entry-header\"><h2 class=\"eael-entry-title\"><a class=\"eael-grid-post-link\" href=\"https:\/\/soymigrante.com\/revista\/recetas-chapinas-que-tal-una-horchata-hecha-en-casa\/\" title=\"Refresco muy chap\u00edn: \u00bfQu\u00e9 tal una horchata hecha en casa?\">Refresco muy chap\u00edn: \u00bfQu\u00e9 tal una horchata hecha en casa?<\/a><\/h2><\/header><div class=\"eael-entry-content\">\n                        <div class=\"eael-grid-post-excerpt\"><a href=\"https:\/\/soymigrante.com\/revista\/recetas-chapinas-que-tal-una-horchata-hecha-en-casa\/\" class=\"eael-post-elements-readmore-btn\">CONOCE SU HISTORIA <\/a><\/div>\n                    <\/div><\/div><\/div>\n        <\/div>\n    <\/article><article class=\"eael-grid-post  eael-post-grid-column eael-pg-post-6078 category-recetas-guatemaltecas\" data-id=\"6078\">\n        <div class=\"eael-grid-post-holder\">\n            <div class=\"eael-grid-post-holder-inner\"><div class=\"eael-entry-media\"><div class=\"eael-entry-overlay fade-in\"><i class=\"far fa-hand-pointer\" aria-hidden=\"true\"><\/i><a href=\"https:\/\/soymigrante.com\/revista\/recetas-chapinas-rellenitos-guatemaltecos-son-un-antojito-irresistible\/\"><\/a><\/div><div class=\"eael-entry-thumbnail \">\n                <img loading=\"lazy\" decoding=\"async\" width=\"1024\" height=\"468\" src=\"https:\/\/soymigrante.com\/revista\/wp-content\/uploads\/2024\/04\/Receta-de-rellenitos-guatemaltecos-un-delicioso-antojito-chapin-1024x468.webp\" class=\"attachment-large size-large wp-image-6080\" alt=\"H directory.png.\" srcset=\"https:\/\/soymigrante.com\/revista\/wp-content\/uploads\/2024\/04\/Receta-de-rellenitos-guatemaltecos-un-delicioso-antojito-chapin-1024x468.webp 1024w, https:\/\/soymigrante.com\/revista\/wp-content\/uploads\/2024\/04\/Receta-de-rellenitos-guatemaltecos-un-delicioso-antojito-chapin-300x137.webp 300w, https:\/\/soymigrante.com\/revista\/wp-content\/uploads\/2024\/04\/Receta-de-rellenitos-guatemaltecos-un-delicioso-antojito-chapin-768x351.webp 768w, https:\/\/soymigrante.com\/revista\/wp-content\/uploads\/2024\/04\/Receta-de-rellenitos-guatemaltecos-un-delicioso-antojito-chapin-750x343.webp 750w, https:\/\/soymigrante.com\/revista\/wp-content\/uploads\/2024\/04\/Receta-de-rellenitos-guatemaltecos-un-delicioso-antojito-chapin-1140x521.webp 1140w, https:\/\/soymigrante.com\/revista\/wp-content\/uploads\/2024\/04\/Receta-de-rellenitos-guatemaltecos-un-delicioso-antojito-chapin.webp 1284w\" sizes=\"(max-width: 1024px) 100vw, 1024px\" \/>\n            <\/div>\n        <\/div><div class=\"eael-entry-wrapper\"><header class=\"eael-entry-header\"><h2 class=\"eael-entry-title\"><a class=\"eael-grid-post-link\" href=\"https:\/\/soymigrante.com\/revista\/recetas-chapinas-rellenitos-guatemaltecos-son-un-antojito-irresistible\/\" title=\"Recetas chapinas: Rellenitos guatemaltecos son un antojito irresistible\">Recetas chapinas: Rellenitos guatemaltecos son un antojito irresistible<\/a><\/h2><\/header><div class=\"eael-entry-content\">\n                        <div class=\"eael-grid-post-excerpt\"><a href=\"https:\/\/soymigrante.com\/revista\/recetas-chapinas-rellenitos-guatemaltecos-son-un-antojito-irresistible\/\" class=\"eael-post-elements-readmore-btn\">CONOCE SU HISTORIA <\/a><\/div>\n                    <\/div><\/div><\/div>\n        <\/div>\n    <\/article><article class=\"eael-grid-post  eael-post-grid-column eael-pg-post-5824 category-recetas-guatemaltecas\" data-id=\"5824\">\n        <div class=\"eael-grid-post-holder\">\n            <div class=\"eael-grid-post-holder-inner\"><div class=\"eael-entry-media\"><div class=\"eael-entry-overlay fade-in\"><i class=\"far fa-hand-pointer\" aria-hidden=\"true\"><\/i><a href=\"https:\/\/soymigrante.com\/revista\/receta-de-paches-quezaltecos-de-papa-que-delicia\/\"><\/a><\/div><div class=\"eael-entry-thumbnail \">\n                <img loading=\"lazy\" decoding=\"async\" width=\"1024\" height=\"681\" src=\"https:\/\/soymigrante.com\/revista\/wp-content\/uploads\/2024\/04\/receta-para-elaborar-paches-de-papa-xela-3-1024x681.webp\" class=\"attachment-large size-large wp-image-5825\" alt=\"receta para elaborar paches de papa xela. Recetas chapinas: Paches quezaltecos de papa \u00a1Qu\u00e9 delicia!\" srcset=\"https:\/\/soymigrante.com\/revista\/wp-content\/uploads\/2024\/04\/receta-para-elaborar-paches-de-papa-xela-3-1024x681.webp 1024w, https:\/\/soymigrante.com\/revista\/wp-content\/uploads\/2024\/04\/receta-para-elaborar-paches-de-papa-xela-3-300x200.webp 300w, https:\/\/soymigrante.com\/revista\/wp-content\/uploads\/2024\/04\/receta-para-elaborar-paches-de-papa-xela-3-768x511.webp 768w, https:\/\/soymigrante.com\/revista\/wp-content\/uploads\/2024\/04\/receta-para-elaborar-paches-de-papa-xela-3.webp 1920w\" sizes=\"(max-width: 1024px) 100vw, 1024px\" \/>\n            <\/div>\n        <\/div><div class=\"eael-entry-wrapper\"><header class=\"eael-entry-header\"><h2 class=\"eael-entry-title\"><a class=\"eael-grid-post-link\" href=\"https:\/\/soymigrante.com\/revista\/receta-de-paches-quezaltecos-de-papa-que-delicia\/\" title=\"Recetas chapinas: Paches quezaltecos de papa \u00a1Qu\u00e9 delicia!\">Recetas chapinas: Paches quezaltecos de papa \u00a1Qu\u00e9 delicia!<\/a><\/h2><\/header><div class=\"eael-entry-content\">\n                        <div class=\"eael-grid-post-excerpt\"><a href=\"https:\/\/soymigrante.com\/revista\/receta-de-paches-quezaltecos-de-papa-que-delicia\/\" class=\"eael-post-elements-readmore-btn\">CONOCE SU HISTORIA <\/a><\/div>\n                    <\/div><\/div><\/div>\n        <\/div>\n    <\/article><\/div>\n            <div class=\"clearfix\"><\/div>\n        <\/div>\t\t\t\t<\/div>\n\t\t\t\t\t<\/div>\n\t\t\t\t<\/div>\n\t\t\t\t<\/div>\n\t\t","protected":false},"excerpt":{"rendered":"<p>El queso Chancol es delicioso, salado y se puede consumir con tortillas. El queso Chancol es uno de los productos l\u00e1cteos m\u00e1s representativos de Guatemala, especialmente conocido por su sabor caracter\u00edstico y su elaboraci\u00f3n artesanal. Originario de la regi\u00f3n de Huehuetenango, este queso se ha convertido en un emblema de la tradici\u00f3n quesera del pa\u00eds, [&hellip;]<\/p>\n","protected":false},"author":19,"featured_media":26329,"comment_status":"open","ping_status":"open","sticky":false,"template":"","format":"standard","meta":{"_acf_changed":false,"_eb_attr":"","footnotes":""},"categories":[58],"tags":[],"class_list":["post-26328","post","type-post","status-publish","format-standard","has-post-thumbnail","hentry","category-guate-nuestra"],"acf":[],"aioseo_notices":[],"aioseo_head":"\n\t\t<!-- All in One SEO Pro 4.9.6.2 - aioseo.com -->\n\t<meta name=\"description\" content=\"No hay guatemalteco, dentro o fuera del pa\u00eds, que no sepa lo que significa la expresi\u00f3n &quot;Jueves de paches&quot;: un platillo cl\u00e1sico de la gastronom\u00eda chapina. Esta es una receta de abuelita quetzalteca. Los paches de papa se encuentran dentro de esos sabores que distinguen a la comida chapina y que hasta tienen un d\u00eda\" \/>\n\t<meta name=\"robots\" content=\"max-snippet:-1, max-image-preview:large, max-video-preview:-1\" \/>\n\t<meta name=\"author\" content=\"Marysabel Aldana\"\/>\n\t<link rel=\"canonical\" href=\"https:\/\/soymigrante.com\/revista\/el-queso-chancol-tiene-su-origen-y-sabor-en-las-montanas-del-occidente-de-guatemala\/\" \/>\n\t<meta name=\"generator\" content=\"All in One SEO Pro (AIOSEO) 4.9.6.2\" \/>\n\n\t\t<link rel=\"preconnect\" href=\"https:\/\/fonts.googleapis.com\" crossorigin>\n<link rel=\"preconnect\" href=\"https:\/\/fonts.gstatic.com\" crossorigin>\n\t\t<meta property=\"og:locale\" content=\"es_ES\" \/>\n\t\t<meta property=\"og:site_name\" content=\"SoyMigrante.com REVISTA \u2013 Nuestra misi\u00f3n es reconocer y dignificar al migrante.\" \/>\n\t\t<meta property=\"og:type\" content=\"article\" \/>\n\t\t<meta property=\"og:title\" content=\"El queso Chancol tiene su origen y sabor en las monta\u00f1as del Occidente de Guatemala\" \/>\n\t\t<meta property=\"og:description\" content=\"El queso Chancol es delicioso, salado y se puede consumir con tortillas.\" \/>\n\t\t<meta property=\"og:url\" content=\"https:\/\/soymigrante.com\/revista\/el-queso-chancol-tiene-su-origen-y-sabor-en-las-montanas-del-occidente-de-guatemala\/\" \/>\n\t\t<meta property=\"og:image\" content=\"https:\/\/soymigrante.com\/revista\/wp-content\/uploads\/2025\/02\/queso-chancol-2.webp\" \/>\n\t\t<meta property=\"og:image:secure_url\" content=\"https:\/\/soymigrante.com\/revista\/wp-content\/uploads\/2025\/02\/queso-chancol-2.webp\" \/>\n\t\t<meta property=\"og:image:width\" content=\"225\" \/>\n\t\t<meta property=\"og:image:height\" content=\"225\" \/>\n\t\t<meta property=\"article:published_time\" content=\"2025-02-26T12:00:00+00:00\" \/>\n\t\t<meta property=\"article:modified_time\" content=\"2025-02-26T02:26:56+00:00\" \/>\n\t\t<meta property=\"article:publisher\" content=\"https:\/\/www.facebook.com\/soymigrantecom\" \/>\n\t\t<meta name=\"twitter:card\" content=\"summary_large_image\" \/>\n\t\t<meta name=\"twitter:site\" content=\"@SoyMigrante_com\" \/>\n\t\t<meta name=\"twitter:title\" content=\"El queso Chancol tiene su origen y sabor en las monta\u00f1as del Occidente de Guatemala\" \/>\n\t\t<meta name=\"twitter:description\" content=\"El queso Chancol es delicioso, salado y se puede consumir con tortillas.\" \/>\n\t\t<meta name=\"twitter:creator\" content=\"@SoyMigrante_com\" \/>\n\t\t<meta name=\"twitter:image\" content=\"https:\/\/soymigrante.com\/revista\/wp-content\/uploads\/2025\/02\/queso-chancol-2.webp\" \/>\n\t\t<!-- All in One SEO Pro -->\r\n\t\t<title>El queso Chancol tiene su origen y sabor en las monta\u00f1as del Occidente de Guatemala<\/title>\n\n","aioseo_head_json":{"title":"El queso Chancol tiene su origen y sabor en las monta\u00f1as del Occidente de Guatemala","description":"El queso Chancol es delicioso, salado y se puede consumir con tortillas.","canonical_url":"https:\/\/soymigrante.com\/revista\/el-queso-chancol-tiene-su-origen-y-sabor-en-las-montanas-del-occidente-de-guatemala\/","robots":"max-snippet:-1, max-image-preview:large, max-video-preview:-1","keywords":"","webmasterTools":{"miscellaneous":"&lt;link rel=\"preconnect\" href=\"https:\/\/fonts.googleapis.com\" crossorigin&gt;\n&lt;link rel=\"preconnect\" href=\"https:\/\/fonts.gstatic.com\" crossorigin&gt;"},"schema":null,"og:locale":"es_ES","og:site_name":"SoyMigrante.com REVISTA \u2013 Nuestra misi\u00f3n es reconocer y dignificar al migrante.","og:type":"article","og:title":"El queso Chancol tiene su origen y sabor en las monta\u00f1as del Occidente de Guatemala","og:description":"El queso Chancol es delicioso, salado y se puede consumir con tortillas.","og:url":"https:\/\/soymigrante.com\/revista\/el-queso-chancol-tiene-su-origen-y-sabor-en-las-montanas-del-occidente-de-guatemala\/","og:image":"https:\/\/soymigrante.com\/revista\/wp-content\/uploads\/2025\/02\/queso-chancol-2.webp","og:image:secure_url":"https:\/\/soymigrante.com\/revista\/wp-content\/uploads\/2025\/02\/queso-chancol-2.webp","og:image:width":225,"og:image:height":225,"article:published_time":"2025-02-26T12:00:00+00:00","article:modified_time":"2025-02-26T02:26:56+00:00","article:publisher":"https:\/\/www.facebook.com\/soymigrantecom","twitter:card":"summary_large_image","twitter:site":"@SoyMigrante_com","twitter:title":"El queso Chancol tiene su origen y sabor en las monta\u00f1as del Occidente de Guatemala","twitter:description":"El queso Chancol es delicioso, salado y se puede consumir con tortillas.","twitter:creator":"@SoyMigrante_com","twitter:image":"https:\/\/soymigrante.com\/revista\/wp-content\/uploads\/2025\/02\/queso-chancol-2.webp"},"aioseo_meta_data":{"post_id":"26328","title":null,"description":"El queso Chancol es delicioso, salado y se puede consumir con tortillas.","keywords":null,"keyphrases":{"focus":{"keyphrase":"Queso Chancol","score":88,"analysis":{"keyphraseInTitle":{"score":9,"maxScore":9,"error":0},"keyphraseInDescription":{"score":9,"maxScore":9,"error":0},"keyphraseLength":{"score":9,"maxScore":9,"error":0,"length":2},"keyphraseInURL":{"score":1,"maxScore":5,"error":1}}},"additional":[{"keyphrase":"Queso Chancol","score":100,"analysis":{"keyphraseInDescription":{"score":9,"maxScore":9,"error":0},"keyphraseLength":{"score":9,"maxScore":9,"error":0,"length":2}}}]},"primary_term":null,"canonical_url":null,"og_title":null,"og_description":null,"og_object_type":"default","og_image_type":"default","og_image_url":null,"og_image_width":null,"og_image_height":null,"og_image_custom_url":null,"og_image_custom_fields":null,"og_video":"","og_custom_url":null,"og_article_section":null,"og_article_tags":null,"twitter_use_og":false,"twitter_card":"default","twitter_image_type":"default","twitter_image_url":null,"twitter_image_custom_url":null,"twitter_image_custom_fields":null,"twitter_title":null,"twitter_description":null,"schema":{"blockGraphs":[],"customGraphs":[],"default":{"data":{"Article":[],"Course":[],"Dataset":[],"FAQPage":[],"Movie":[],"Person":[],"Product":[],"ProductReview":[],"Car":[],"Recipe":[],"Service":[],"SoftwareApplication":[],"WebPage":[]},"graphName":"BlogPosting","isEnabled":true},"graphs":[]},"schema_type":"default","schema_type_options":null,"pillar_content":false,"robots_default":true,"robots_noindex":false,"robots_noarchive":false,"robots_nosnippet":false,"robots_nofollow":false,"robots_noimageindex":false,"robots_noodp":false,"robots_notranslate":false,"robots_max_snippet":"-1","robots_max_videopreview":"-1","robots_max_imagepreview":"large","priority":null,"frequency":"default","local_seo":null,"seo_analyzer_scan_date":"2025-10-09 02:56:43","breadcrumb_settings":null,"limit_modified_date":false,"reviewed_by":null,"open_ai":"{\"title\":{\"suggestions\":[],\"usage\":0},\"description\":{\"suggestions\":[],\"usage\":0}}","ai":null,"created":"2025-02-24 20:15:52","updated":"2026-02-04 21:50:36"},"aioseo_breadcrumb":"<div class=\"aioseo-breadcrumbs\"><span class=\"aioseo-breadcrumb\">\n\t<a href=\"https:\/\/soymigrante.com\/revista\" title=\"Home\">Home<\/a>\n<\/span><span class=\"aioseo-breadcrumb-separator\">\u00bb<\/span><span class=\"aioseo-breadcrumb\">\n\t<a href=\"https:\/\/soymigrante.com\/revista\/category\/guate-nuestra\/\" title=\"Guate Nuestra\">Guate Nuestra<\/a>\n<\/span><span class=\"aioseo-breadcrumb-separator\">\u00bb<\/span><span class=\"aioseo-breadcrumb\">\n\tEl queso Chancol tiene su origen y sabor en las monta\u00f1as del Occidente de Guatemala\n<\/span><\/div>","aioseo_breadcrumb_json":[{"label":"Home","link":"https:\/\/soymigrante.com\/revista"},{"label":"Guate Nuestra","link":"https:\/\/soymigrante.com\/revista\/category\/guate-nuestra\/"},{"label":"El queso Chancol tiene su origen y sabor en las monta\u00f1as del Occidente de Guatemala","link":"https:\/\/soymigrante.com\/revista\/el-queso-chancol-tiene-su-origen-y-sabor-en-las-montanas-del-occidente-de-guatemala\/"}],"_links":{"self":[{"href":"https:\/\/soymigrante.com\/revista\/wp-json\/wp\/v2\/posts\/26328","targetHints":{"allow":["GET"]}}],"collection":[{"href":"https:\/\/soymigrante.com\/revista\/wp-json\/wp\/v2\/posts"}],"about":[{"href":"https:\/\/soymigrante.com\/revista\/wp-json\/wp\/v2\/types\/post"}],"author":[{"embeddable":true,"href":"https:\/\/soymigrante.com\/revista\/wp-json\/wp\/v2\/users\/19"}],"replies":[{"embeddable":true,"href":"https:\/\/soymigrante.com\/revista\/wp-json\/wp\/v2\/comments?post=26328"}],"version-history":[{"count":0,"href":"https:\/\/soymigrante.com\/revista\/wp-json\/wp\/v2\/posts\/26328\/revisions"}],"wp:featuredmedia":[{"embeddable":true,"href":"https:\/\/soymigrante.com\/revista\/wp-json\/wp\/v2\/media\/26329"}],"wp:attachment":[{"href":"https:\/\/soymigrante.com\/revista\/wp-json\/wp\/v2\/media?parent=26328"}],"wp:term":[{"taxonomy":"category","embeddable":true,"href":"https:\/\/soymigrante.com\/revista\/wp-json\/wp\/v2\/categories?post=26328"},{"taxonomy":"post_tag","embeddable":true,"href":"https:\/\/soymigrante.com\/revista\/wp-json\/wp\/v2\/tags?post=26328"}],"curies":[{"name":"wp","href":"https:\/\/api.w.org\/{rel}","templated":true}]}}