{"id":26297,"date":"2025-02-24T13:32:15","date_gmt":"2025-02-24T19:32:15","guid":{"rendered":"https:\/\/soymigrante.com\/revista\/?p=26297"},"modified":"2025-03-10T13:20:47","modified_gmt":"2025-03-10T19:20:47","slug":"la-mas-desafiante-migracion-de-javier-samayoa-no-fue-a-minnesota-sino-del-dolor-a-la-fortaleza","status":"publish","type":"post","link":"https:\/\/soymigrante.com\/revista\/la-mas-desafiante-migracion-de-javier-samayoa-no-fue-a-minnesota-sino-del-dolor-a-la-fortaleza\/","title":{"rendered":"La m\u00e1s desafiante migraci\u00f3n de Javier Samayoa no fue a Minnesota sino del dolor a la fortaleza"},"content":{"rendered":"\t\t<div data-elementor-type=\"wp-post\" data-elementor-id=\"26297\" class=\"elementor elementor-26297\" data-elementor-post-type=\"post\">\n\t\t\t\t<div data-particle_enable=\"false\" data-particle-mobile-disabled=\"false\" class=\"elementor-element elementor-element-2912b30 e-flex e-con-boxed e-con e-parent\" data-id=\"2912b30\" data-element_type=\"container\" data-e-type=\"container\">\n\t\t\t\t\t<div class=\"e-con-inner\">\n\t\t\t\t<div class=\"elementor-element elementor-element-6cf4faf elementor-widget elementor-widget-heading\" data-id=\"6cf4faf\" data-element_type=\"widget\" data-e-type=\"widget\" data-widget_type=\"heading.default\">\n\t\t\t\t\t<h2 class=\"elementor-heading-title elementor-size-default\"><span style=\"font-size: 31.2px\">Javier Samayoa trabaj\u00f3 como profesional de la comunicaci\u00f3n y las relaciones p\u00fablicas en Guatemala, hasta que una crisis personal le llev\u00f3 a migrar a Estados Unidos. Pero tambi\u00e9n ten\u00eda  que salir de un territorio de dolor y depresi\u00f3n hacia una vida m\u00e1s plena. Testimonia ese proceso en su libro <i>Durmiendo con Jezabel, <\/i>disponible en Amazon.<\/span><\/h2>\t\t\t\t<\/div>\n\t\t\t\t\t<\/div>\n\t\t\t\t<\/div>\n\t\t<div data-particle_enable=\"false\" data-particle-mobile-disabled=\"false\" class=\"elementor-element elementor-element-49c9532 e-flex e-con-boxed e-con e-parent\" data-id=\"49c9532\" data-element_type=\"container\" data-e-type=\"container\">\n\t\t\t\t\t<div class=\"e-con-inner\">\n\t\t\t\t<div class=\"elementor-element elementor-element-52c84e1 elementor-widget elementor-widget-text-editor\" data-id=\"52c84e1\" data-element_type=\"widget\" data-e-type=\"widget\" data-widget_type=\"text-editor.default\">\n\t\t\t\t\t\t\t\t\t<p>Desde que Javier Samayoa migr\u00f3 de Guatemala a Estados Unidos en 2018, su vida dio un giro de 180 grados. Ha trabajado en establos, en panader\u00eda, en hoteles, en bodegas.\u00a0<span style=\"color: var( --e-global-color-text ); text-align: var(--text-align);\">Lleg\u00f3 a <a href=\"https:\/\/soymigrante.com\/revista\/chef-cristian-de-leon-pone-el-sazon-guatemalteco-en-minnesota-con-su-restaurante-xelas\/\">Minnesota<\/a>, pero nada era lo que esperaba. &#8220;Imag\u00ednate estar trabajando all\u00e1 (en Guatemala) haciendo periodismo, y relaciones p\u00fablicas, y venir ac\u00e1 a lavar trastes, a trabajar entre caballos y limpiar potreros&#8221;. Adem\u00e1s del clima extremo se enfrent\u00f3 a la barrera del ingl\u00e9s y sobre todo a\u00a0 la soledad de un pa\u00eds ajeno. De hecho, su primer trabajo le trajo tal decepci\u00f3n que pens\u00f3 en volver atr\u00e1s (<a href=\"https:\/\/soymigrante.com\/revista\/dificultades-nunca-faltan-pero-aqui-hay-claves-para-enfrentarlas\/\">&#8220;\u00bfQu\u00e9 hago aqu\u00ed? \u00bfPara qu\u00e9 vine?&#8221;<\/a>). Se cuestion\u00f3. Pens\u00f3 en retroceder. Pero no se dej\u00f3 vencer.<\/span><\/p><p><span style=\"color: var( --e-global-color-text ); text-align: var(--text-align);\">&#8220;El primer trabajo que tuve fue en un rancho y la due\u00f1a era una se\u00f1ora que nos trataba mal. \u00c9ramos dos trabajadores. Ella no hablaba nada de espa\u00f1ol y yo no hablaba ingl\u00e9s. Gritaba y no nos entend\u00edamos. A m\u00ed me tocaba limpiar el esti\u00e9rcol de los establos, sacar los caballos a las 5 de la ma\u00f1ana, entrarlos a las 3 de la tarde, limpiar los campos. Pero ella no dejaba de gritar y, a los pocos d\u00edas, me ech\u00f3 del rancho. Y no me pag\u00f3 nada&#8221;.<\/span><\/p><p><span style=\"color: var( --e-global-color-text ); text-align: var(--text-align);\">El incidente parec\u00eda una met\u00e1fora de la vivencia que tuvo en Guatemala, en una relaci\u00f3n que lo devast\u00f3 y de la cual fue dif\u00edcil salir. De hecho, esa fue la raz\u00f3n por la cual migr\u00f3. Esta es la historia de Javier Samayoa, quien, adem\u00e1s de sus empleos, es autor de una novela autobiogr\u00e1fica, Durmiendo con Jezabel, la cual le ha abierto puertas en conferencias y en grupos de apoyo donde comparte su vivencia de renacer con la <a href=\"https:\/\/soymigrante.com\/revista\/espiritualidad-en-la-vida-migrante-una-via-sin-fronteras\/\">ayuda de la fe<\/a>.<\/span><\/p>\t\t\t\t\t\t\t\t<\/div>\n\t\t\t\t\t<\/div>\n\t\t\t\t<\/div>\n\t\t<div data-particle_enable=\"false\" data-particle-mobile-disabled=\"false\" class=\"elementor-element elementor-element-25143d9 e-flex e-con-boxed e-con e-parent\" data-id=\"25143d9\" data-element_type=\"container\" data-e-type=\"container\">\n\t\t\t\t\t<div class=\"e-con-inner\">\n\t\t\t\t<div class=\"elementor-element elementor-element-c0571ce elementor-widget elementor-widget-image\" data-id=\"c0571ce\" data-element_type=\"widget\" data-e-type=\"widget\" data-widget_type=\"image.default\">\n\t\t\t\t\t\t\t\t\t\t\t\t<figure class=\"wp-caption\">\n\t\t\t\t\t\t\t\t\t\t<img fetchpriority=\"high\" decoding=\"async\" width=\"768\" height=\"596\" src=\"https:\/\/soymigrante.com\/revista\/wp-content\/uploads\/2025\/02\/javier-samayoa-1024x795.jpg\" class=\"attachment-large size-large wp-image-26305\" alt=\"Joven sonriendo junto a un \u00e1rbol en un entorno natural, fotograf\u00eda para revista SoyMigrante.com REVISTA, mostrando cultura migrante y comunidad.\" srcset=\"https:\/\/soymigrante.com\/revista\/wp-content\/uploads\/2025\/02\/javier-samayoa-1024x795.jpg 1024w, https:\/\/soymigrante.com\/revista\/wp-content\/uploads\/2025\/02\/javier-samayoa-300x233.jpg 300w, https:\/\/soymigrante.com\/revista\/wp-content\/uploads\/2025\/02\/javier-samayoa-768x596.jpg 768w, https:\/\/soymigrante.com\/revista\/wp-content\/uploads\/2025\/02\/javier-samayoa-750x582.webp 750w, https:\/\/soymigrante.com\/revista\/wp-content\/uploads\/2025\/02\/javier-samayoa.webp 1098w\" sizes=\"(max-width: 768px) 100vw, 768px\" title=\"El camino de Javier Samayoa tiene dos migraciones: una de Guatemala a Minnesota, Estados Unidos; y otra de transformaci\u00f3n y recuperaci\u00f3n personal que le ha permitido compartir su experiencia para inspirar a m\u00e1s personas a salir de c\u00edrculos emocionales destructivos. A la sombra del \u00e1rbol de la Fe encontr\u00f3 paz y nueva vida. (Fotograf\u00eda redes sociales Javier Samayoa) \u2013 SoyMigrante.com REVISTA\" \/>\t\t\t\t\t\t\t\t\t\t\t<figcaption class=\"widget-image-caption wp-caption-text\">Un hombre sonriente en un parque con \u00e1rboles sin hojas, vestido informal y una c\u00e1mara colgada del cuello, simbolizando la conexi\u00f3n cultural y la vida en comunidad para la audiencia de SoyMigrante.com REVISTA.<\/figcaption>\n\t\t\t\t\t\t\t\t\t\t<\/figure>\n\t\t\t\t\t\t\t\t\t<\/div>\n\t\t\t\t\t<\/div>\n\t\t\t\t<\/div>\n\t\t<div data-particle_enable=\"false\" data-particle-mobile-disabled=\"false\" class=\"elementor-element elementor-element-e26d4c2 e-flex e-con-boxed e-con e-parent\" data-id=\"e26d4c2\" data-element_type=\"container\" data-e-type=\"container\">\n\t\t\t\t\t<div class=\"e-con-inner\">\n\t\t\t\t<div class=\"elementor-element elementor-element-2d320f3 elementor-widget elementor-widget-heading\" data-id=\"2d320f3\" data-element_type=\"widget\" data-e-type=\"widget\" data-widget_type=\"heading.default\">\n\t\t\t\t\t<h3 class=\"elementor-heading-title elementor-size-default\">Una mano amiga enmedio de la masa<\/h3>\t\t\t\t<\/div>\n\t\t\t\t\t<\/div>\n\t\t\t\t<\/div>\n\t\t<div data-particle_enable=\"false\" data-particle-mobile-disabled=\"false\" class=\"elementor-element elementor-element-be0badb e-flex e-con-boxed e-con e-parent\" data-id=\"be0badb\" data-element_type=\"container\" data-e-type=\"container\">\n\t\t\t\t\t<div class=\"e-con-inner\">\n\t\t\t\t<div class=\"elementor-element elementor-element-bc09f44 elementor-widget elementor-widget-text-editor\" data-id=\"bc09f44\" data-element_type=\"widget\" data-e-type=\"widget\" data-widget_type=\"text-editor.default\">\n\t\t\t\t\t\t\t\t\t<p><span style=\"color: var( --e-global-color-text ); text-align: var(--text-align);\">Javier trabaj\u00f3 como periodista y comunicador de relaciones p\u00fablicas en Guatemala. Tambi\u00e9n fue cantante.\u00a0 Pero el motivo de su migraci\u00f3n estuvo marcado por una necesidad econ\u00f3mica pero sobre todo por una crisis personal, emocional, existencial. &#8220;Llegu\u00e9 devastado por una relaci\u00f3n de sufrimiento que termin\u00f3 pero me dej\u00f3 desorientado.\u00a0 Ten\u00eda que comenzar una vida nueva&#8221;, cuenta Javier. Lleg\u00f3 a Los \u00c1ngeles, pero all\u00ed pr\u00e1cticamente no ten\u00eda a nadie conocido.\u00a0<\/span><\/p><p><span style=\"color: var( --e-global-color-text ); text-align: var(--text-align);\">Se traslad\u00f3 a Minnesota, donde una prima le ofreci\u00f3 alojamiento. &#8220;Pero aqu\u00ed en EE.UU. cada quien debe tener su propio espacio. A la semana, el esposo de mi prima me ech\u00f3 de la casa. Era invierno, todo estaba nevado&#8221;, recuerda. Fr\u00edo, desolaci\u00f3n (&#8220;\u00bfQu\u00e9 hago aqu\u00ed?&#8221;) Fue en ese tiempo cuando encontr\u00f3 el trabajo en los establos ya mencionado, con la experiencia descrita.\u00a0<\/span><\/p><p><span style=\"color: var( --e-global-color-text ); text-align: var(--text-align);\">Javier encontr\u00f3 otro empleo,\u00a0 como ayudante de <a href=\"https:\/\/soymigrante.com\/revista\/diez-tipos-de-pan-guatemalteco-cuyo-sabor-se-lleva-en-la-memoria\/\">panadero<\/a>. &#8220;Nunca hab\u00eda hecho eso ni hab\u00eda imaginado hacerlo. No sab\u00eda nada de panader\u00eda, pero uno no viene a este pa\u00eds a pedir gustos&#8221;, cuenta. &#8220;El panadero, un mexicano muy bondadoso, me orient\u00f3, me tendi\u00f3 la mano, me ense\u00f1\u00f3 el oficio, pero sobre todo, me dio esperanza&#8221;, comparte.<\/span><\/p>\t\t\t\t\t\t\t\t<\/div>\n\t\t\t\t\t<\/div>\n\t\t\t\t<\/div>\n\t\t<div data-particle_enable=\"false\" data-particle-mobile-disabled=\"false\" class=\"elementor-element elementor-element-4d38d18 e-flex e-con-boxed e-con e-parent\" data-id=\"4d38d18\" data-element_type=\"container\" data-e-type=\"container\">\n\t\t\t\t\t<div class=\"e-con-inner\">\n\t\t\t\t<div class=\"elementor-element elementor-element-dea72b7 elementor-widget elementor-widget-image\" data-id=\"dea72b7\" data-element_type=\"widget\" data-e-type=\"widget\" data-widget_type=\"image.default\">\n\t\t\t\t\t\t\t\t\t\t\t\t<figure class=\"wp-caption\">\n\t\t\t\t\t\t\t\t\t\t<img decoding=\"async\" width=\"694\" height=\"682\" src=\"https:\/\/soymigrante.com\/revista\/wp-content\/uploads\/2025\/02\/javier-samayoa-migrante-escritor-guatemalteco-8.webp\" class=\"attachment-large size-large wp-image-26307\" alt=\"Viaje en coche con gafas de sol y sonrisa, estilo de vida de migrante, disfrute de la experiencia, libertad y aventura, contenido para revista SoyMigrante.com REVISTA autob\u00fas travel.\" srcset=\"https:\/\/soymigrante.com\/revista\/wp-content\/uploads\/2025\/02\/javier-samayoa-migrante-escritor-guatemalteco-8.webp 694w, https:\/\/soymigrante.com\/revista\/wp-content\/uploads\/2025\/02\/javier-samayoa-migrante-escritor-guatemalteco-8-300x295.jpg 300w, https:\/\/soymigrante.com\/revista\/wp-content\/uploads\/2025\/02\/javier-samayoa-migrante-escritor-guatemalteco-8-75x75.webp 75w\" sizes=\"(max-width: 694px) 100vw, 694px\" title=\"Javier Samayoa se encuentra abierto a consultas y tambi\u00e9n a compartir su experiencia emocional en grupos de ayuda. Le pueden contactar a trav\u00e9s de sus redes sociales. \u2013 SoyMigrante.com REVISTA\" \/>\t\t\t\t\t\t\t\t\t\t\t<figcaption class=\"widget-image-caption wp-caption-text\">Un hombre sonriente con gafas de sol en un coche, disfrutando del viaje y explorando experiencias de migrante. La imagen refleja libertad, aventura y bienestar, ideal para art\u00edculos sobre movilidad y vida en movimiento. Relevancia: alta.<\/figcaption>\n\t\t\t\t\t\t\t\t\t\t<\/figure>\n\t\t\t\t\t\t\t\t\t<\/div>\n\t\t\t\t\t<\/div>\n\t\t\t\t<\/div>\n\t\t<div data-particle_enable=\"false\" data-particle-mobile-disabled=\"false\" class=\"elementor-element elementor-element-e5a00b7 e-flex e-con-boxed e-con e-parent\" data-id=\"e5a00b7\" data-element_type=\"container\" data-e-type=\"container\">\n\t\t\t\t\t<div class=\"e-con-inner\">\n\t\t\t\t<div class=\"elementor-element elementor-element-4f27fe6 elementor-widget elementor-widget-heading\" data-id=\"4f27fe6\" data-element_type=\"widget\" data-e-type=\"widget\" data-widget_type=\"heading.default\">\n\t\t\t\t\t<h3 class=\"elementor-heading-title elementor-size-default\">Un testimonio liberador para autor y lectores<\/h3>\t\t\t\t<\/div>\n\t\t\t\t\t<\/div>\n\t\t\t\t<\/div>\n\t\t<div data-particle_enable=\"false\" data-particle-mobile-disabled=\"false\" class=\"elementor-element elementor-element-7b1429c e-flex e-con-boxed e-con e-parent\" data-id=\"7b1429c\" data-element_type=\"container\" data-e-type=\"container\">\n\t\t\t\t\t<div class=\"e-con-inner\">\n\t\t\t\t<div class=\"elementor-element elementor-element-0fd0c59 elementor-widget elementor-widget-text-editor\" data-id=\"0fd0c59\" data-element_type=\"widget\" data-e-type=\"widget\" data-widget_type=\"text-editor.default\">\n\t\t\t\t\t\t\t\t\t<p><span style=\"color: var( --e-global-color-text ); text-align: var(--text-align);\">Sin embargo, los desaf\u00edos emocionales fueron a\u00fan m\u00e1s duros. &#8220;En el fr\u00edo de Minnesota descubr\u00ed que yo andaba en depresi\u00f3n, con estr\u00e9s postraum\u00e1tico&#8221;, confiesa. En aquellas vivencias dif\u00edciles, &#8220;me preguntaba: \u00bfqu\u00e9 hago ac\u00e1? \u00bfCon qu\u00e9 necesidad?&#8221;. Y la necesidad era recuperarse de una relaci\u00f3n de chantaje, violencia emocional y manipulaci\u00f3n. &#8220;A menudo se habla de la violencia contra la mujer, pero hay casos en los que el hombre es v\u00edctima de violencia. Ese fue mi caso y me caus\u00f3 mucho da\u00f1o. Casi me destruy\u00f3&#8221;, cuenta.<\/span><\/p><p>Fue en ese momento cr\u00edtico cuando encontr\u00f3 una v\u00eda de escape en la escritura. &#8220;Ten\u00eda una necesidad de escribir, de expresar, de sacar todo&#8221;. Y lo que comenz\u00f3 como un desahogo termin\u00f3 convirti\u00e9ndose en un <a href=\"https:\/\/soymigrante.com\/revista\/aun-no-sabes-que-regalar-siete-libros-guatemaltecos-repletos-de-inspiracion\/\">libro<\/a>: Durmiendo con Jezabel, que, por cierto, est\u00e1 a la venta en Amazon. &#8220;No ten\u00eda intenci\u00f3n de venderlo, pero al compartirlo con algunas personas, me dijeron: &#8216;Oye, esto puede ayudar mucho a alguien'&#8221;.<\/p>\t\t\t\t\t\t\t\t<\/div>\n\t\t\t\t\t<\/div>\n\t\t\t\t<\/div>\n\t\t<div data-particle_enable=\"false\" data-particle-mobile-disabled=\"false\" class=\"elementor-element elementor-element-9ec8493 e-flex e-con-boxed e-con e-parent\" data-id=\"9ec8493\" data-element_type=\"container\" data-e-type=\"container\">\n\t\t\t\t\t<div class=\"e-con-inner\">\n\t\t\t\t<div class=\"elementor-element elementor-element-6244676 elementor-widget elementor-widget-image\" data-id=\"6244676\" data-element_type=\"widget\" data-e-type=\"widget\" data-widget_type=\"image.default\">\n\t\t\t\t\t\t\t\t\t\t\t\t<figure class=\"wp-caption\">\n\t\t\t\t\t\t\t\t\t\t\t<a href=\"https:\/\/www.amazon.com\/-\/es\/Javier-Samayoa-ebook\/dp\/B084ZHC2PK\/ref=tmm_kin_swatch_0?_encoding=UTF8&#038;sr=\">\n\t\t\t\t\t\t\t<img decoding=\"async\" width=\"200\" height=\"300\" src=\"https:\/\/soymigrante.com\/revista\/wp-content\/uploads\/2025\/02\/portada-libro-javier-200x300.jpg\" class=\"attachment-medium size-medium wp-image-26306\" alt=\"Dos mujeres durmiendo en la cama, una abrazada a la otra, con un fondo oscuro, portada del libro &quot;Durmiendo con Isabel&quot; de Javier Samayoa, historia de seducci\u00f3n, control y manipulaciones, tem\u00e1tica de relaciones amorosas y manipulaci\u00f3n emocional.\" srcset=\"https:\/\/soymigrante.com\/revista\/wp-content\/uploads\/2025\/02\/portada-libro-javier-200x300.jpg 200w, https:\/\/soymigrante.com\/revista\/wp-content\/uploads\/2025\/02\/portada-libro-javier-683x1024.jpg 683w, https:\/\/soymigrante.com\/revista\/wp-content\/uploads\/2025\/02\/portada-libro-javier-768x1151.jpg 768w, https:\/\/soymigrante.com\/revista\/wp-content\/uploads\/2025\/02\/portada-libro-javier-750x1124.webp 750w, https:\/\/soymigrante.com\/revista\/wp-content\/uploads\/2025\/02\/portada-libro-javier.webp 1000w\" sizes=\"(max-width: 200px) 100vw, 200px\" title=\"El libro testimonial de Javier Samayoa est\u00e1 disponible en Amazon y gracias a \u00e9l ha sido invitado a compartir en grupos de autoayuda y dar conferencias. La s\u00edntesis de Amazon dice: &quot;Sin pretender ser un libro de autoayuda o de corte religioso cristiano, &quot;Durmiendo con Jezabel&quot; aborda la complejidad de las relaciones de pareja, donde muchas veces queda la amarga hiel del desencuentro, el rencor de la ausencia y el abandono, originados de cierto modo por patolog\u00edas narcisistas encubiertas.... La obra representa las alertas de las y los Jezabeles, como figura m\u00edtica narcisista y malvada, que podemos encontrarnos en el camino de nuestras propias vidas&quot;. \u2013 SoyMigrante.com REVISTA\" \/>\t\t\t\t\t\t\t\t<\/a>\n\t\t\t\t\t\t\t\t\t\t\t<figcaption class=\"widget-image-caption wp-caption-text\">El libro testimonial de Javier Samayoa est\u00e1 disponible en Amazon y gracias a \u00e9l ha sido invitado a compartir en grupos de autoayuda y dar conferencias. La s\u00edntesis de Amazon dice: \"Sin pretender ser un libro de autoayuda o de corte religioso cristiano, \"Durmiendo con Jezabel\" aborda la complejidad de las relaciones de pareja, donde muchas veces queda la amarga hiel del desencuentro, el rencor de la ausencia y el abandono, originados de cierto modo por patolog\u00edas narcisistas encubiertas.... La obra representa las alertas de las y los Jezabeles, como figura m\u00edtica narcisista y malvada, que podemos encontrarnos en el camino de nuestras propias vidas\".<\/figcaption>\n\t\t\t\t\t\t\t\t\t\t<\/figure>\n\t\t\t\t\t\t\t\t\t<\/div>\n\t\t\t\t\t<\/div>\n\t\t\t\t<\/div>\n\t\t<div data-particle_enable=\"false\" data-particle-mobile-disabled=\"false\" class=\"elementor-element elementor-element-7bfcc2c e-flex e-con-boxed e-con e-parent\" data-id=\"7bfcc2c\" data-element_type=\"container\" data-e-type=\"container\">\n\t\t\t\t\t<div class=\"e-con-inner\">\n\t\t\t\t<div class=\"elementor-element elementor-element-867870a elementor-widget elementor-widget-heading\" data-id=\"867870a\" data-element_type=\"widget\" data-e-type=\"widget\" data-widget_type=\"heading.default\">\n\t\t\t\t\t<h3 class=\"elementor-heading-title elementor-size-default\">\"Lev\u00e1ntate y escribe\"<\/h3>\t\t\t\t<\/div>\n\t\t\t\t\t<\/div>\n\t\t\t\t<\/div>\n\t\t<div data-particle_enable=\"false\" data-particle-mobile-disabled=\"false\" class=\"elementor-element elementor-element-2dabc53 e-flex e-con-boxed e-con e-parent\" data-id=\"2dabc53\" data-element_type=\"container\" data-e-type=\"container\">\n\t\t\t\t\t<div class=\"e-con-inner\">\n\t\t\t\t<div class=\"elementor-element elementor-element-52a7bfd elementor-widget elementor-widget-text-editor\" data-id=\"52a7bfd\" data-element_type=\"widget\" data-e-type=\"widget\" data-widget_type=\"text-editor.default\">\n\t\t\t\t\t\t\t\t\t<p><span style=\"color: var( --e-global-color-text ); text-align: var(--text-align);\">El proceso creativo tambi\u00e9n fue de transformaci\u00f3n. No solo estaba escribiendo un libro, sino una nueva forma de ser y vivir. &#8220;Me empec\u00e9 a enamorar del proyecto y eso hizo que comenzara a olvidar la depresi\u00f3n, a olvidar que estaba en un pa\u00eds nuevo, lejos de mi familia y amigos&#8221;.\u00a0<\/span><\/p><p><span style=\"color: var( --e-global-color-text ); text-align: var(--text-align);\">Un d\u00eda, escuch\u00f3 una pr\u00e9dica que fortaleci\u00f3 su fe. Sinti\u00f3 que las palabras eran para \u00e9l. El orador de pronto dijo: &#8220;Lev\u00e1ntate y escribe ese libro que tienes en mente porque vas a ayudar a mucha gente&#8221;. Javier se sorprendi\u00f3, empez\u00f3 a anotar, luego a ordenar. Mostr\u00f3 el manuscrito a un amigo cubano. &#8220;Cuando lo ley\u00f3, me dijo: &#8216;Esto est\u00e1 hermoso&#8217;. Es un testimonio valioso&#8221;. Esto lo impuls\u00f3 a terminar el libro, lo cual agradece a Dios con humildad.<\/span><\/p><p>\u00a0<\/p><p>En Minnesota, Javier ha trabajado en supermercados, empacadoras de fruta, restaurantes y hoteles.\u00a0 &#8220;Actualmente estoy en un hotel, en la bodega, recibiendo y organizando productos&#8221;. Pero a la vez, ha continuado el mensaje de plenitud al advertir contra los riesgos de la manipulaci\u00f3n, el narcisismo y la falsedad. En ese sentido, Javier aclara que no se trata de un libro que pretenda acusar solo a la mujer o al hombre. Un hombre o una mujer puede ser ese Jezabel, acota.<\/p><p>\u00a0<\/p>\t\t\t\t\t\t\t\t<\/div>\n\t\t\t\t\t<\/div>\n\t\t\t\t<\/div>\n\t\t<div data-particle_enable=\"false\" data-particle-mobile-disabled=\"false\" class=\"elementor-element elementor-element-2354504 e-flex e-con-boxed e-con e-parent\" data-id=\"2354504\" data-element_type=\"container\" data-e-type=\"container\">\n\t\t\t\t\t<div class=\"e-con-inner\">\n\t\t\t\t<div class=\"elementor-element elementor-element-f30dde7 elementor-widget elementor-widget-html\" data-id=\"f30dde7\" data-element_type=\"widget\" data-e-type=\"widget\" data-widget_type=\"html.default\">\n\t\t\t\t\t<iframe width=\"560\" height=\"315\" src=\"https:\/\/www.youtube.com\/embed\/Q0l6Py1Q3tQ?si=Iipzd_i-cU_PWHTZ\" title=\"YouTube video player\" frameborder=\"0\" allow=\"accelerometer; autoplay; clipboard-write; encrypted-media; gyroscope; picture-in-picture; web-share\" referrerpolicy=\"strict-origin-when-cross-origin\" allowfullscreen><\/iframe>\t\t\t\t<\/div>\n\t\t\t\t\t<\/div>\n\t\t\t\t<\/div>\n\t\t<div data-particle_enable=\"false\" data-particle-mobile-disabled=\"false\" class=\"elementor-element elementor-element-d51d7f7 e-flex e-con-boxed e-con e-parent\" data-id=\"d51d7f7\" data-element_type=\"container\" data-e-type=\"container\">\n\t\t\t\t\t<div class=\"e-con-inner\">\n\t\t\t\t<div class=\"elementor-element elementor-element-8f6c008 elementor-widget elementor-widget-heading\" data-id=\"8f6c008\" data-element_type=\"widget\" data-e-type=\"widget\" data-widget_type=\"heading.default\">\n\t\t\t\t\t<h3 class=\"elementor-heading-title elementor-size-default\">Iluminando un tema que a menudo se oculta por temor, verg\u00fcenza o prejuicios<\/h3>\t\t\t\t<\/div>\n\t\t\t\t\t<\/div>\n\t\t\t\t<\/div>\n\t\t<div data-particle_enable=\"false\" data-particle-mobile-disabled=\"false\" class=\"elementor-element elementor-element-38249ff e-flex e-con-boxed e-con e-parent\" data-id=\"38249ff\" data-element_type=\"container\" data-e-type=\"container\">\n\t\t\t\t\t<div class=\"e-con-inner\">\n\t\t\t\t<div class=\"elementor-element elementor-element-cb328f1 elementor-widget elementor-widget-text-editor\" data-id=\"cb328f1\" data-element_type=\"widget\" data-e-type=\"widget\" data-widget_type=\"text-editor.default\">\n\t\t\t\t\t\t\t\t\t<p><span style=\"color: var( --e-global-color-text ); text-align: var(--text-align);\">El libro Durmiendo con Jezabel se convirti\u00f3 en una nueva migraci\u00f3n: del encierro a la libertad, de la depresi\u00f3n a la proactividad, de la soledad al compartir. A medida que promov\u00eda el libro en redes sociales, Javier descubri\u00f3 que no estaba solo. &#8220;La gente empez\u00f3 a hablar del tema, a expresar vivencias. Muchos hombres en situaciones parecidas rompieron el silencio. Me convert\u00ed en una especie de activista de la dignidad, dando voz a otros hombres que vivieron relaciones abusivas&#8221;.<\/span><\/p><p>Su libro atrajo la atenci\u00f3n de lectores de diversas partes del mundo y lo llev\u00f3 a dar conferencias. Una de las m\u00e1s recientes fue en Carolina del Norte. &#8220;Fue una bonita experiencia, me pagaron todo y tuve la oportunidad de compartir sobre el tema con otros&#8221;.<\/p><p>En Amazon, la s\u00edntesis del libro expone: &#8220;Sin pretender ser un libro de autoayuda o de corte religioso cristiano, Durmiendo con Jezabel aborda la complejidad de las relaciones de pareja, donde muchas veces queda la amarga hiel del desencuentro, el rencor de la ausencia y el abandono, originados, de cierto modo, por patolog\u00edas narcisistas encubiertas&#8221;.<\/p><p>Para Javier, es simplemente una confesi\u00f3n de su propia historia, pero, a seis a\u00f1os de su llegada a EE.UU., vuelve la vista atr\u00e1s con gratitud. &#8220;Aprend\u00ed a vivir en este pa\u00eds y a aceptar que toda dificultad tuvo un prop\u00f3sito. Actualmente estoy construyendo mi casa en Guatemala&#8221;.<\/p><p>Su meta es clara: &#8220;Mi sue\u00f1o es regresar. En diciembre de 2026 tengo la fecha establecida para volver a Guatemala. Quiero decir que Estados Unidos ha sido una bendici\u00f3n, pero sigo extra\u00f1ando Guatemala y deseo retomar mi profesi\u00f3n y nuevos proyectos en mi pa\u00eds. Quiero trabajar, aportar, porque all\u00e1 est\u00e1 mi hogar, mi gente y mi verdadero prop\u00f3sito&#8221;.<\/p>\t\t\t\t\t\t\t\t<\/div>\n\t\t\t\t\t<\/div>\n\t\t\t\t<\/div>\n\t\t<div data-particle_enable=\"false\" data-particle-mobile-disabled=\"false\" class=\"elementor-element elementor-element-0ce0d42 e-flex e-con-boxed e-con e-parent\" data-id=\"0ce0d42\" data-element_type=\"container\" data-e-type=\"container\">\n\t\t\t\t\t<div class=\"e-con-inner\">\n\t\t\t\t<div class=\"elementor-element elementor-element-14793fa elementor-widget elementor-widget-html\" data-id=\"14793fa\" data-element_type=\"widget\" data-e-type=\"widget\" data-widget_type=\"html.default\">\n\t\t\t\t\t<iframe width=\"100%\" height=\"500\" scrolling=\"no\" frameborder=\"no\" src=\"https:\/\/www.reverbnation.com\/widget_code\/html_widget\/artist_885695?widget_id=55&pwc[song_ids]=8274551&context_type=song\" style=\"width:0px;min-width:100%;max-width:100%;\"><\/iframe>\t\t\t\t<\/div>\n\t\t\t\t\t<\/div>\n\t\t\t\t<\/div>\n\t\t<div data-particle_enable=\"false\" data-particle-mobile-disabled=\"false\" class=\"elementor-element elementor-element-0e2b1e4 e-flex e-con-boxed e-con e-parent\" data-id=\"0e2b1e4\" data-element_type=\"container\" data-e-type=\"container\">\n\t\t\t\t\t<div class=\"e-con-inner\">\n\t\t\t\t<div class=\"elementor-element elementor-element-0611f65 elementor-widget elementor-widget-heading\" data-id=\"0611f65\" data-element_type=\"widget\" data-e-type=\"widget\" data-widget_type=\"heading.default\">\n\t\t\t\t\t<h2 class=\"elementor-heading-title elementor-size-default\">M\u00e1s inspiraci\u00f3n de servicio migrante<\/h2>\t\t\t\t<\/div>\n\t\t\t\t\t<\/div>\n\t\t\t\t<\/div>\n\t\t<div data-particle_enable=\"false\" data-particle-mobile-disabled=\"false\" class=\"elementor-element elementor-element-b18e1a7 e-flex e-con-boxed e-con e-parent\" data-id=\"b18e1a7\" data-element_type=\"container\" data-e-type=\"container\">\n\t\t\t\t\t<div class=\"e-con-inner\">\n\t\t\t\t<div class=\"elementor-element elementor-element-eeac7d9 elementor-grid-eael-col-3 elementor-grid-tablet-eael-col-2 elementor-grid-mobile-eael-col-1 elementor-widget elementor-widget-eael-post-grid\" data-id=\"eeac7d9\" data-element_type=\"widget\" data-e-type=\"widget\" data-settings=\"{&quot;eael_post_grid_columns&quot;:&quot;eael-col-3&quot;,&quot;eael_post_grid_columns_tablet&quot;:&quot;eael-col-2&quot;,&quot;eael_post_grid_columns_mobile&quot;:&quot;eael-col-1&quot;}\" data-widget_type=\"eael-post-grid.default\">\n\t\t\t\t\t<div id=\"eael-post-grid-eeac7d9\" class=\"eael-post-grid-container\">\n            <div class=\"eael-post-grid eael-post-appender eael-post-appender-eeac7d9 eael-post-grid-style-one\" data-layout-mode=\"masonry\"><article class=\"eael-grid-post  eael-post-grid-column eael-pg-post-23843 category-exitos\" data-id=\"23843\">\n        <div class=\"eael-grid-post-holder\">\n            <div class=\"eael-grid-post-holder-inner\"><div class=\"eael-entry-media\"><div class=\"eael-entry-overlay fade-in\"><i class=\"far fa-hand-pointer\" aria-hidden=\"true\"><\/i><a href=\"https:\/\/soymigrante.com\/revista\/gian-villatoro-pastor-consejero-doctor-guatemalteco-en-texas\/\"><\/a><\/div><div class=\"eael-entry-thumbnail \">\n                <img loading=\"lazy\" decoding=\"async\" width=\"960\" height=\"958\" src=\"https:\/\/soymigrante.com\/revista\/wp-content\/uploads\/2025\/02\/PASTOR-GIAN-VILLATORO-copia.webp\" class=\"attachment-large size-large wp-image-23844\" alt=\"Hombre sonriendo con su\u00e9ter gris claro en un entorno al aire libre.\" srcset=\"https:\/\/soymigrante.com\/revista\/wp-content\/uploads\/2025\/02\/PASTOR-GIAN-VILLATORO-copia.webp 960w, https:\/\/soymigrante.com\/revista\/wp-content\/uploads\/2025\/02\/PASTOR-GIAN-VILLATORO-copia-300x300.jpg 300w, https:\/\/soymigrante.com\/revista\/wp-content\/uploads\/2025\/02\/PASTOR-GIAN-VILLATORO-copia-150x150.jpg 150w, https:\/\/soymigrante.com\/revista\/wp-content\/uploads\/2025\/02\/PASTOR-GIAN-VILLATORO-copia-768x766.jpg 768w, https:\/\/soymigrante.com\/revista\/wp-content\/uploads\/2025\/02\/PASTOR-GIAN-VILLATORO-copia-75x75.webp 75w, https:\/\/soymigrante.com\/revista\/wp-content\/uploads\/2025\/02\/PASTOR-GIAN-VILLATORO-copia-750x748.webp 750w\" sizes=\"(max-width: 960px) 100vw, 960px\" \/>\n            <\/div>\n        <\/div><div class=\"eael-entry-wrapper\"><header class=\"eael-entry-header\"><h2 class=\"eael-entry-title\"><a class=\"eael-grid-post-link\" href=\"https:\/\/soymigrante.com\/revista\/gian-villatoro-pastor-consejero-doctor-guatemalteco-en-texas\/\" title=\"&#8220;Guatemala puede cambiar&#8221;: Gian Carlo Villatoro, ingeniero, pastor, cantante y consejero familiar, en Texas\">&#8220;Guatemala puede cambiar&#8221;: Gian Carlo Villatoro, ingeniero, pastor, cantante y consejero familiar, en Texas<\/a><\/h2><\/header><div class=\"eael-entry-content\">\n                        <div class=\"eael-grid-post-excerpt\"><a href=\"https:\/\/soymigrante.com\/revista\/gian-villatoro-pastor-consejero-doctor-guatemalteco-en-texas\/\" class=\"eael-post-elements-readmore-btn\">CONOCE SU HISTORIA <\/a><\/div>\n                    <\/div><\/div><\/div>\n        <\/div>\n    <\/article><article class=\"eael-grid-post  eael-post-grid-column eael-pg-post-16900 category-exitos\" data-id=\"16900\">\n        <div class=\"eael-grid-post-holder\">\n            <div class=\"eael-grid-post-holder-inner\"><div class=\"eael-entry-media\"><div class=\"eael-entry-overlay fade-in\"><i class=\"far fa-hand-pointer\" aria-hidden=\"true\"><\/i><a href=\"https:\/\/soymigrante.com\/revista\/karolin-espana-dirige-kika-proyecto-de-ayuda-alimentaria-impulsado-por-sus-hijas\/\"><\/a><\/div><div class=\"eael-entry-thumbnail \">\n                <img loading=\"lazy\" decoding=\"async\" width=\"861\" height=\"861\" src=\"https:\/\/soymigrante.com\/revista\/wp-content\/uploads\/2024\/12\/historia-karolin-espana-KIKA.webp\" class=\"attachment-large size-large wp-image-16901\" alt=\"Ni\u00f1a en desfile cultural participando en evento de apoyo a la infancia y la nutrici\u00f3n en M\u00e9xico, con grupo de personas en vestimenta tradicional y cartel de organizaci\u00f3n KIKA, promoviendo derechos infantiles.\" srcset=\"https:\/\/soymigrante.com\/revista\/wp-content\/uploads\/2024\/12\/historia-karolin-espana-KIKA.webp 861w, https:\/\/soymigrante.com\/revista\/wp-content\/uploads\/2024\/12\/historia-karolin-espana-KIKA-300x300.jpg 300w, https:\/\/soymigrante.com\/revista\/wp-content\/uploads\/2024\/12\/historia-karolin-espana-KIKA-150x150.jpg 150w, https:\/\/soymigrante.com\/revista\/wp-content\/uploads\/2024\/12\/historia-karolin-espana-KIKA-768x768.jpg 768w, https:\/\/soymigrante.com\/revista\/wp-content\/uploads\/2024\/12\/historia-karolin-espana-KIKA-75x75.webp 75w, https:\/\/soymigrante.com\/revista\/wp-content\/uploads\/2024\/12\/historia-karolin-espana-KIKA-750x750.webp 750w\" sizes=\"(max-width: 861px) 100vw, 861px\" \/>\n            <\/div>\n        <\/div><div class=\"eael-entry-wrapper\"><header class=\"eael-entry-header\"><h2 class=\"eael-entry-title\"><a class=\"eael-grid-post-link\" href=\"https:\/\/soymigrante.com\/revista\/karolin-espana-dirige-kika-proyecto-de-ayuda-alimentaria-impulsado-por-sus-hijas\/\" title=\"Karolin Rasc\u00f3n dirige KIKA, iniciativa de ayuda alimentaria desde L.A. a Guatemala, inspirada por sus hijas Kiara y Kaili\">Karolin Rasc\u00f3n dirige KIKA, iniciativa de ayuda alimentaria desde L.A. a Guatemala, inspirada por sus hijas Kiara y Kaili<\/a><\/h2><\/header><div class=\"eael-entry-content\">\n                        <div class=\"eael-grid-post-excerpt\"><a href=\"https:\/\/soymigrante.com\/revista\/karolin-espana-dirige-kika-proyecto-de-ayuda-alimentaria-impulsado-por-sus-hijas\/\" class=\"eael-post-elements-readmore-btn\">CONOCE SU HISTORIA <\/a><\/div>\n                    <\/div><\/div><\/div>\n        <\/div>\n    <\/article><article class=\"eael-grid-post  eael-post-grid-column eael-pg-post-9672 category-estamos-unidos\" data-id=\"9672\">\n        <div class=\"eael-grid-post-holder\">\n            <div class=\"eael-grid-post-holder-inner\"><div class=\"eael-entry-media\"><div class=\"eael-entry-overlay fade-in\"><i class=\"far fa-hand-pointer\" aria-hidden=\"true\"><\/i><a href=\"https:\/\/soymigrante.com\/revista\/chef-migrante-juan-guarcas-comparte-conocimientos-en-visita-a-guatemala-tras-29-anos\/\"><\/a><\/div><div class=\"eael-entry-thumbnail \">\n                <img loading=\"lazy\" decoding=\"async\" width=\"1024\" height=\"1024\" src=\"https:\/\/soymigrante.com\/revista\/wp-content\/uploads\/2024\/09\/chef-juan-guarcas-migrante-2-1024x1024.webp\" class=\"attachment-large size-large wp-image-9678\" alt=\"Puente hist\u00f3rico y arquitectura colonial en Guatemala, ambiente urbano y cultural en Antigua Guatemala, turismo y tradiciones en Centroam\u00e9rica, imagen representativa de la comunidad migrante.\" srcset=\"https:\/\/soymigrante.com\/revista\/wp-content\/uploads\/2024\/09\/chef-juan-guarcas-migrante-2-1024x1024.webp 1024w, https:\/\/soymigrante.com\/revista\/wp-content\/uploads\/2024\/09\/chef-juan-guarcas-migrante-2-300x300.webp 300w, https:\/\/soymigrante.com\/revista\/wp-content\/uploads\/2024\/09\/chef-juan-guarcas-migrante-2-150x150.webp 150w, https:\/\/soymigrante.com\/revista\/wp-content\/uploads\/2024\/09\/chef-juan-guarcas-migrante-2-768x768.webp 768w, https:\/\/soymigrante.com\/revista\/wp-content\/uploads\/2024\/09\/chef-juan-guarcas-migrante-2-75x75.webp 75w, https:\/\/soymigrante.com\/revista\/wp-content\/uploads\/2024\/09\/chef-juan-guarcas-migrante-2-750x750.webp 750w, https:\/\/soymigrante.com\/revista\/wp-content\/uploads\/2024\/09\/chef-juan-guarcas-migrante-2-1140x1140.webp 1140w, https:\/\/soymigrante.com\/revista\/wp-content\/uploads\/2024\/09\/chef-juan-guarcas-migrante-2.webp 1200w\" sizes=\"(max-width: 1024px) 100vw, 1024px\" \/>\n            <\/div>\n        <\/div><div class=\"eael-entry-wrapper\"><header class=\"eael-entry-header\"><h2 class=\"eael-entry-title\"><a class=\"eael-grid-post-link\" href=\"https:\/\/soymigrante.com\/revista\/chef-migrante-juan-guarcas-comparte-conocimientos-en-visita-a-guatemala-tras-29-anos\/\" title=\"Chef migrante Juan Guarcas visita Guatemala y comparte aprendizajes tras 29 a\u00f1os en USA\">Chef migrante Juan Guarcas visita Guatemala y comparte aprendizajes tras 29 a\u00f1os en USA<\/a><\/h2><\/header><div class=\"eael-entry-content\">\n                        <div class=\"eael-grid-post-excerpt\"><a href=\"https:\/\/soymigrante.com\/revista\/chef-migrante-juan-guarcas-comparte-conocimientos-en-visita-a-guatemala-tras-29-anos\/\" class=\"eael-post-elements-readmore-btn\">CONOCE SU HISTORIA <\/a><\/div>\n                    <\/div><\/div><\/div>\n        <\/div>\n    <\/article><\/div>\n            <div class=\"clearfix\"><\/div>\n        <\/div>\t\t\t\t<\/div>\n\t\t\t\t\t<\/div>\n\t\t\t\t<\/div>\n\t\t\t\t<\/div>\n\t\t","protected":false},"excerpt":{"rendered":"<p>Javier Samayoa trabaj\u00f3 como profesional de la comunicaci\u00f3n y las relaciones p\u00fablicas en Guatemala, hasta que una crisis personal le llev\u00f3 a migrar a Estados Unidos. Pero tambi\u00e9n ten\u00eda que salir de un territorio de dolor y depresi\u00f3n hacia una vida m\u00e1s plena. Testimonia ese proceso en su libro Durmiendo con Jezabel, disponible en Amazon. [&hellip;]<\/p>\n","protected":false},"author":7,"featured_media":26298,"comment_status":"open","ping_status":"open","sticky":false,"template":"","format":"standard","meta":{"_acf_changed":false,"_eb_attr":"","footnotes":""},"categories":[50],"tags":[],"class_list":["post-26297","post","type-post","status-publish","format-standard","has-post-thumbnail","hentry","category-exitos"],"acf":[],"aioseo_notices":[],"aioseo_head":"\n\t\t<!-- All in One SEO Pro 4.9.6.2 - aioseo.com -->\n\t<meta name=\"description\" content=\"Fundador del restaurante Bella M\u00eda en Texas y chef migrante Juan Guarcas, nacido en Joyabaj, comparti\u00f3 experiencias en proyecto social Los Patojos, Sacatep\u00e9quez.\" \/>\n\t<meta name=\"robots\" content=\"max-snippet:-1, max-image-preview:large, max-video-preview:-1\" \/>\n\t<meta name=\"author\" content=\"Gustavo Montenegro\"\/>\n\t<link rel=\"canonical\" href=\"https:\/\/soymigrante.com\/revista\/chef-migrante-juan-guarcas-comparte-conocimientos-en-visita-a-guatemala-tras-29-anos\/\" \/>\n\t<meta name=\"generator\" content=\"All in One SEO Pro (AIOSEO) 4.9.6.2\" \/>\n\n\t\t<link rel=\"preconnect\" href=\"https:\/\/fonts.googleapis.com\" crossorigin>\n<link rel=\"preconnect\" href=\"https:\/\/fonts.gstatic.com\" crossorigin>\n\t\t<meta property=\"og:locale\" content=\"es_ES\" \/>\n\t\t<meta property=\"og:site_name\" content=\"SoyMigrante.com REVISTA \u2013 Nuestra misi\u00f3n es reconocer y dignificar al migrante.\" \/>\n\t\t<meta property=\"og:type\" content=\"article\" \/>\n\t\t<meta property=\"og:title\" content=\"Chef Juan Guarcas visita su pa\u00eds tras 29 a\u00f1os migrante en USA\" \/>\n\t\t<meta property=\"og:description\" content=\"Fundador del restaurante Bella M\u00eda en Texas y chef migrante Juan Guarcas, nacido en Joyabaj, comparti\u00f3 experiencias en proyecto social Los Patojos, Sacatep\u00e9quez.\" \/>\n\t\t<meta property=\"og:url\" content=\"https:\/\/soymigrante.com\/revista\/chef-migrante-juan-guarcas-comparte-conocimientos-en-visita-a-guatemala-tras-29-anos\/\" \/>\n\t\t<meta property=\"og:image\" content=\"https:\/\/soymigrante.com\/revista\/wp-content\/uploads\/2024\/09\/chef-juan-guarcas-migrante-2.webp\" \/>\n\t\t<meta property=\"og:image:secure_url\" content=\"https:\/\/soymigrante.com\/revista\/wp-content\/uploads\/2024\/09\/chef-juan-guarcas-migrante-2.webp\" \/>\n\t\t<meta property=\"og:image:width\" content=\"1200\" \/>\n\t\t<meta property=\"og:image:height\" content=\"1200\" \/>\n\t\t<meta property=\"article:published_time\" content=\"2024-09-24T23:06:37+00:00\" \/>\n\t\t<meta property=\"article:modified_time\" content=\"2024-11-01T16:59:59+00:00\" \/>\n\t\t<meta property=\"article:publisher\" content=\"https:\/\/www.facebook.com\/soymigrantecom\" \/>\n\t\t<meta name=\"twitter:card\" content=\"summary_large_image\" \/>\n\t\t<meta name=\"twitter:site\" content=\"@SoyMigrante_com\" \/>\n\t\t<meta name=\"twitter:title\" content=\"Chef Juan Guarcas visita su pa\u00eds tras 29 a\u00f1os migrante en USA\" \/>\n\t\t<meta name=\"twitter:description\" content=\"Fundador del restaurante Bella M\u00eda en Texas y chef migrante Juan Guarcas, nacido en Joyabaj, comparti\u00f3 experiencias en proyecto social Los Patojos, Sacatep\u00e9quez.\" \/>\n\t\t<meta name=\"twitter:creator\" content=\"@SoyMigrante_com\" \/>\n\t\t<meta name=\"twitter:image\" content=\"https:\/\/soymigrante.com\/revista\/wp-content\/uploads\/2024\/09\/chef-juan-guarcas-migrante-2.webp\" \/>\n\t\t<!-- All in One SEO Pro -->\r\n\t\t<title>Chef Juan Guarcas visita su pa\u00eds tras 29 a\u00f1os migrante en USA<\/title>\n\n","aioseo_head_json":{"title":"Chef Juan Guarcas visita su pa\u00eds tras 29 a\u00f1os migrante en USA","description":"Fundador del restaurante Bella M\u00eda en Texas y chef migrante Juan Guarcas, nacido en Joyabaj, comparti\u00f3 experiencias en proyecto social Los Patojos, Sacatep\u00e9quez.","canonical_url":"https:\/\/soymigrante.com\/revista\/chef-migrante-juan-guarcas-comparte-conocimientos-en-visita-a-guatemala-tras-29-anos\/","robots":"max-snippet:-1, max-image-preview:large, max-video-preview:-1","keywords":"","webmasterTools":{"miscellaneous":"&lt;link rel=\"preconnect\" href=\"https:\/\/fonts.googleapis.com\" crossorigin&gt;\n&lt;link rel=\"preconnect\" href=\"https:\/\/fonts.gstatic.com\" crossorigin&gt;"},"schema":null,"og:locale":"es_ES","og:site_name":"SoyMigrante.com REVISTA \u2013 Nuestra misi\u00f3n es reconocer y dignificar al migrante.","og:type":"article","og:title":"Chef Juan Guarcas visita su pa\u00eds tras 29 a\u00f1os migrante en USA","og:description":"Fundador del restaurante Bella M\u00eda en Texas y chef migrante Juan Guarcas, nacido en Joyabaj, comparti\u00f3 experiencias en proyecto social Los Patojos, Sacatep\u00e9quez.","og:url":"https:\/\/soymigrante.com\/revista\/chef-migrante-juan-guarcas-comparte-conocimientos-en-visita-a-guatemala-tras-29-anos\/","og:image":"https:\/\/soymigrante.com\/revista\/wp-content\/uploads\/2024\/09\/chef-juan-guarcas-migrante-2.webp","og:image:secure_url":"https:\/\/soymigrante.com\/revista\/wp-content\/uploads\/2024\/09\/chef-juan-guarcas-migrante-2.webp","og:image:width":1200,"og:image:height":1200,"article:published_time":"2024-09-24T23:06:37+00:00","article:modified_time":"2024-11-01T16:59:59+00:00","article:publisher":"https:\/\/www.facebook.com\/soymigrantecom","twitter:card":"summary_large_image","twitter:site":"@SoyMigrante_com","twitter:title":"Chef Juan Guarcas visita su pa\u00eds tras 29 a\u00f1os migrante en USA","twitter:description":"Fundador del restaurante Bella M\u00eda en Texas y chef migrante Juan Guarcas, nacido en Joyabaj, comparti\u00f3 experiencias en proyecto social Los Patojos, Sacatep\u00e9quez.","twitter:creator":"@SoyMigrante_com","twitter:image":"https:\/\/soymigrante.com\/revista\/wp-content\/uploads\/2024\/09\/chef-juan-guarcas-migrante-2.webp"},"aioseo_meta_data":{"post_id":"26297","title":"Javier Samayoa: una migraci\u00f3n del dolor a la fortaleza","description":"El guatemalteco Javier Samayoa, migrante en Minnesota, escribi\u00f3 el libro testimonial Durmiendo con Jezabel, sobre como sali\u00f3 del sufrimiento hacia la plenitud.","keywords":null,"keyphrases":{"focus":{"keyphrase":"Guatemalteco","score":69,"analysis":{"keyphraseInTitle":{"score":3,"maxScore":9,"error":1},"keyphraseInDescription":{"score":9,"maxScore":9,"error":0},"keyphraseLength":{"score":9,"maxScore":9,"error":0,"length":1},"keyphraseInURL":{"score":1,"maxScore":5,"error":1}}},"additional":[{"keyphrase":"Migrante","score":100,"analysis":{"keyphraseInDescription":{"score":9,"maxScore":9,"error":0},"keyphraseLength":{"score":9,"maxScore":9,"error":0,"length":1}}},{"keyphrase":"Libro","score":100,"analysis":{"keyphraseInDescription":{"score":9,"maxScore":9,"error":0},"keyphraseLength":{"score":9,"maxScore":9,"error":0,"length":1}}},{"keyphrase":"Minnesota","score":100,"analysis":{"keyphraseInDescription":{"score":9,"maxScore":9,"error":0},"keyphraseLength":{"score":9,"maxScore":9,"error":0,"length":1}}},{"keyphrase":"Javier Samayoa","score":100,"analysis":{"keyphraseInDescription":{"score":9,"maxScore":9,"error":0},"keyphraseLength":{"score":9,"maxScore":9,"error":0,"length":2}}}]},"primary_term":null,"canonical_url":null,"og_title":null,"og_description":null,"og_object_type":"default","og_image_type":"default","og_image_url":null,"og_image_width":null,"og_image_height":null,"og_image_custom_url":null,"og_image_custom_fields":null,"og_video":"","og_custom_url":null,"og_article_section":null,"og_article_tags":null,"twitter_use_og":false,"twitter_card":"default","twitter_image_type":"default","twitter_image_url":null,"twitter_image_custom_url":null,"twitter_image_custom_fields":null,"twitter_title":null,"twitter_description":null,"schema":{"blockGraphs":[],"customGraphs":[],"default":{"data":{"Article":[],"Course":[],"Dataset":[],"FAQPage":[],"Movie":[],"Person":[],"Product":[],"ProductReview":[],"Car":[],"Recipe":[],"Service":[],"SoftwareApplication":[],"WebPage":[]},"graphName":"BlogPosting","isEnabled":true},"graphs":[]},"schema_type":"default","schema_type_options":null,"pillar_content":false,"robots_default":true,"robots_noindex":false,"robots_noarchive":false,"robots_nosnippet":false,"robots_nofollow":false,"robots_noimageindex":false,"robots_noodp":false,"robots_notranslate":false,"robots_max_snippet":"-1","robots_max_videopreview":"-1","robots_max_imagepreview":"large","priority":null,"frequency":"default","local_seo":null,"seo_analyzer_scan_date":"2025-10-09 02:54:59","breadcrumb_settings":null,"limit_modified_date":false,"reviewed_by":null,"open_ai":"{\"title\":{\"suggestions\":[],\"usage\":0},\"description\":{\"suggestions\":[],\"usage\":0}}","ai":null,"created":"2025-02-24 18:18:45","updated":"2026-02-04 21:50:35"},"aioseo_breadcrumb":"<div class=\"aioseo-breadcrumbs\"><span class=\"aioseo-breadcrumb\">\n\t<a href=\"https:\/\/soymigrante.com\/revista\" title=\"Home\">Home<\/a>\n<\/span><span class=\"aioseo-breadcrumb-separator\">\u00bb<\/span><span class=\"aioseo-breadcrumb\">\n\t<a href=\"https:\/\/soymigrante.com\/revista\/category\/exitos\/\" title=\"\u00c9xitos\">\u00c9xitos<\/a>\n<\/span><span class=\"aioseo-breadcrumb-separator\">\u00bb<\/span><span class=\"aioseo-breadcrumb\">\n\tLa m\u00e1s desafiante migraci\u00f3n de Javier Samayoa no fue a Minnesota sino del dolor a la fortaleza\n<\/span><\/div>","aioseo_breadcrumb_json":[{"label":"Home","link":"https:\/\/soymigrante.com\/revista"},{"label":"\u00c9xitos","link":"https:\/\/soymigrante.com\/revista\/category\/exitos\/"},{"label":"La m\u00e1s desafiante migraci\u00f3n de Javier Samayoa no fue a Minnesota sino del dolor a la fortaleza","link":"https:\/\/soymigrante.com\/revista\/la-mas-desafiante-migracion-de-javier-samayoa-no-fue-a-minnesota-sino-del-dolor-a-la-fortaleza\/"}],"_links":{"self":[{"href":"https:\/\/soymigrante.com\/revista\/wp-json\/wp\/v2\/posts\/26297","targetHints":{"allow":["GET"]}}],"collection":[{"href":"https:\/\/soymigrante.com\/revista\/wp-json\/wp\/v2\/posts"}],"about":[{"href":"https:\/\/soymigrante.com\/revista\/wp-json\/wp\/v2\/types\/post"}],"author":[{"embeddable":true,"href":"https:\/\/soymigrante.com\/revista\/wp-json\/wp\/v2\/users\/7"}],"replies":[{"embeddable":true,"href":"https:\/\/soymigrante.com\/revista\/wp-json\/wp\/v2\/comments?post=26297"}],"version-history":[{"count":0,"href":"https:\/\/soymigrante.com\/revista\/wp-json\/wp\/v2\/posts\/26297\/revisions"}],"wp:featuredmedia":[{"embeddable":true,"href":"https:\/\/soymigrante.com\/revista\/wp-json\/wp\/v2\/media\/26298"}],"wp:attachment":[{"href":"https:\/\/soymigrante.com\/revista\/wp-json\/wp\/v2\/media?parent=26297"}],"wp:term":[{"taxonomy":"category","embeddable":true,"href":"https:\/\/soymigrante.com\/revista\/wp-json\/wp\/v2\/categories?post=26297"},{"taxonomy":"post_tag","embeddable":true,"href":"https:\/\/soymigrante.com\/revista\/wp-json\/wp\/v2\/tags?post=26297"}],"curies":[{"name":"wp","href":"https:\/\/api.w.org\/{rel}","templated":true}]}}