{"id":26259,"date":"2025-05-12T06:37:55","date_gmt":"2025-05-12T12:37:55","guid":{"rendered":"https:\/\/soymigrante.com\/revista\/?p=26259"},"modified":"2025-08-27T11:14:06","modified_gmt":"2025-08-27T17:14:06","slug":"desarrollar-la-inteligencia-de-los-ninos-es-una-estrategia-vital-en-el-hogar","status":"publish","type":"post","link":"https:\/\/soymigrante.com\/revista\/desarrollar-la-inteligencia-de-los-ninos-es-una-estrategia-vital-en-el-hogar\/","title":{"rendered":"Impulsar la inteligencia de los ni\u00f1os es una meta vital en el hogar"},"content":{"rendered":"\t\t<div data-elementor-type=\"wp-post\" data-elementor-id=\"26259\" class=\"elementor elementor-26259\" data-elementor-post-type=\"post\">\n\t\t\t\t<div data-particle_enable=\"false\" data-particle-mobile-disabled=\"false\" class=\"elementor-element elementor-element-bdee6a8 e-flex e-con-boxed e-con e-parent\" data-id=\"bdee6a8\" data-element_type=\"container\" data-e-type=\"container\">\n\t\t\t\t\t<div class=\"e-con-inner\">\n\t\t\t\t<div class=\"elementor-element elementor-element-fcd1af5 elementor-widget elementor-widget-heading\" data-id=\"fcd1af5\" data-element_type=\"widget\" data-e-type=\"widget\" data-widget_type=\"heading.default\">\n\t\t\t\t\t<h2 class=\"elementor-heading-title elementor-size-default\">Desarrollar la inteligencia de los ni\u00f1os de los 0 a los 5 a\u00f1os les ayudar\u00e1 en el futuro. <\/h2>\t\t\t\t<\/div>\n\t\t\t\t\t<\/div>\n\t\t\t\t<\/div>\n\t\t<div data-particle_enable=\"false\" data-particle-mobile-disabled=\"false\" class=\"elementor-element elementor-element-3506a8e e-flex e-con-boxed e-con e-parent\" data-id=\"3506a8e\" data-element_type=\"container\" data-e-type=\"container\">\n\t\t\t\t\t<div class=\"e-con-inner\">\n\t\t\t\t<div class=\"elementor-element elementor-element-38920fe elementor-widget elementor-widget-text-editor\" data-id=\"38920fe\" data-element_type=\"widget\" data-e-type=\"widget\" data-widget_type=\"text-editor.default\">\n\t\t\t\t\t\t\t\t\t<p>El desarrollo intelectual de un ni\u00f1o es un tema que preocupa a muchos padres. <a href=\"https:\/\/soymigrante.com\/revista\/claves-para-evitar-caer-en-pensamientos-daninos-o-destructivos\/\" target=\"_blank\" rel=\"noopener\">Durante los primeros cinco a\u00f1os de vida, el cerebro infantil experimenta un crecimiento acelerado,<\/a> por lo que la estimulaci\u00f3n temprana puede ser clave para potenciar sus capacidades cognitivas.<\/p><p>Sin embargo, tambi\u00e9n existen muchos mitos alrededor de este tema que es importante aclarar, para ello la psic\u00f3loga \u00c1ngela Contreras, menciona que es lo m\u00e1s importante para empezar.<\/p>\t\t\t\t\t\t\t\t<\/div>\n\t\t\t\t\t<\/div>\n\t\t\t\t<\/div>\n\t\t<div data-particle_enable=\"false\" data-particle-mobile-disabled=\"false\" class=\"elementor-element elementor-element-528f32b e-flex e-con-boxed e-con e-parent\" data-id=\"528f32b\" data-element_type=\"container\" data-e-type=\"container\">\n\t\t\t\t\t<div class=\"e-con-inner\">\n\t\t\t\t<div class=\"elementor-element elementor-element-543f407 elementor-widget elementor-widget-heading\" data-id=\"543f407\" data-element_type=\"widget\" data-e-type=\"widget\" data-widget_type=\"heading.default\">\n\t\t\t\t\t<h3 class=\"elementor-heading-title elementor-size-default\">\u00bfQu\u00e9 es la estimulaci\u00f3n temprana?<\/h3>\t\t\t\t<\/div>\n\t\t\t\t\t<\/div>\n\t\t\t\t<\/div>\n\t\t<div data-particle_enable=\"false\" data-particle-mobile-disabled=\"false\" class=\"elementor-element elementor-element-8b70a11 e-flex e-con-boxed e-con e-parent\" data-id=\"8b70a11\" data-element_type=\"container\" data-e-type=\"container\">\n\t\t\t\t\t<div class=\"e-con-inner\">\n\t\t\t\t<div class=\"elementor-element elementor-element-b3587ad elementor-widget elementor-widget-text-editor\" data-id=\"b3587ad\" data-element_type=\"widget\" data-e-type=\"widget\" data-widget_type=\"text-editor.default\">\n\t\t\t\t\t\t\t\t\t<p><a href=\"https:\/\/soymigrante.com\/revista\/claves-para-evitar-caer-en-pensamientos-daninos-o-destructivos\/\" target=\"_blank\" rel=\"noopener\">La estimulaci\u00f3n temprana se refiere a un conjunto de actividades y ejercicios dise\u00f1ados para potenciar las habilidades cognitivas<\/a>, motoras, emocionales y sociales de los ni\u00f1os desde sus primeros meses de vida.<\/p><p>A trav\u00e9s del juego, la interacci\u00f3n y la exploraci\u00f3n, los peque\u00f1os desarrollan habilidades esenciales que los preparar\u00e1n para etapas posteriores de aprendizaje.<\/p>\t\t\t\t\t\t\t\t<\/div>\n\t\t\t\t\t<\/div>\n\t\t\t\t<\/div>\n\t\t<div data-particle_enable=\"false\" data-particle-mobile-disabled=\"false\" class=\"elementor-element elementor-element-5c48d2c e-flex e-con-boxed e-con e-parent\" data-id=\"5c48d2c\" data-element_type=\"container\" data-e-type=\"container\">\n\t\t\t\t\t<div class=\"e-con-inner\">\n\t\t\t\t<div class=\"elementor-element elementor-element-7286c73 elementor-widget elementor-widget-heading\" data-id=\"7286c73\" data-element_type=\"widget\" data-e-type=\"widget\" data-widget_type=\"heading.default\">\n\t\t\t\t\t<h3 class=\"elementor-heading-title elementor-size-default\">Verdades sobre la estimulaci\u00f3n temprana<\/h3>\t\t\t\t<\/div>\n\t\t\t\t\t<\/div>\n\t\t\t\t<\/div>\n\t\t<div data-particle_enable=\"false\" data-particle-mobile-disabled=\"false\" class=\"elementor-element elementor-element-5b2d057 e-flex e-con-boxed e-con e-parent\" data-id=\"5b2d057\" data-element_type=\"container\" data-e-type=\"container\">\n\t\t\t\t\t<div class=\"e-con-inner\">\n\t\t\t\t<div class=\"elementor-element elementor-element-7d95cef elementor-widget elementor-widget-heading\" data-id=\"7d95cef\" data-element_type=\"widget\" data-e-type=\"widget\" data-widget_type=\"heading.default\">\n\t\t\t\t\t<h3 class=\"elementor-heading-title elementor-size-default\">Los primeros a\u00f1os son clave para el desarrollo cerebral<\/h3>\t\t\t\t<\/div>\n\t\t\t\t\t<\/div>\n\t\t\t\t<\/div>\n\t\t<div data-particle_enable=\"false\" data-particle-mobile-disabled=\"false\" class=\"elementor-element elementor-element-02df144 e-flex e-con-boxed e-con e-parent\" data-id=\"02df144\" data-element_type=\"container\" data-e-type=\"container\">\n\t\t\t\t\t<div class=\"e-con-inner\">\n\t\t\t\t<div class=\"elementor-element elementor-element-cbca8d6 elementor-widget elementor-widget-text-editor\" data-id=\"cbca8d6\" data-element_type=\"widget\" data-e-type=\"widget\" data-widget_type=\"text-editor.default\">\n\t\t\t\t\t\t\t\t\t<p>Durante los primeros cinco a\u00f1os, el cerebro establece miles de conexiones neuronales.<\/p><p>Un entorno enriquecido con experiencias <a href=\"https:\/\/soymigrante.com\/revista\/claves-para-evitar-caer-en-pensamientos-daninos-o-destructivos\/\" target=\"_blank\" rel=\"noopener\">positivas favorece este desarrollo.<\/a><\/p>\t\t\t\t\t\t\t\t<\/div>\n\t\t\t\t\t<\/div>\n\t\t\t\t<\/div>\n\t\t<div data-particle_enable=\"false\" data-particle-mobile-disabled=\"false\" class=\"elementor-element elementor-element-4f16a3f e-flex e-con-boxed e-con e-parent\" data-id=\"4f16a3f\" data-element_type=\"container\" data-e-type=\"container\">\n\t\t\t\t\t<div class=\"e-con-inner\">\n\t\t\t\t<div class=\"elementor-element elementor-element-bebf935 elementor-widget elementor-widget-image\" data-id=\"bebf935\" data-element_type=\"widget\" data-e-type=\"widget\" data-widget_type=\"image.default\">\n\t\t\t\t\t\t\t\t\t\t\t\t<figure class=\"wp-caption\">\n\t\t\t\t\t\t\t\t\t\t<img fetchpriority=\"high\" decoding=\"async\" width=\"1024\" height=\"688\" src=\"https:\/\/soymigrante.com\/revista\/wp-content\/uploads\/2025\/02\/Desarrollar-la-inteligencia-de-los-nin\u0303os-es-de-importancia-1-1024x688.jpg\" class=\"attachment-large size-large wp-image-26267\" alt=\"Desarrollar la inteligencia de los ni\u00f1os es de importancia\" srcset=\"https:\/\/soymigrante.com\/revista\/wp-content\/uploads\/2025\/02\/Desarrollar-la-inteligencia-de-los-nin\u0303os-es-de-importancia-1-1024x688.jpg 1024w, https:\/\/soymigrante.com\/revista\/wp-content\/uploads\/2025\/02\/Desarrollar-la-inteligencia-de-los-nin\u0303os-es-de-importancia-1-300x202.jpg 300w, https:\/\/soymigrante.com\/revista\/wp-content\/uploads\/2025\/02\/Desarrollar-la-inteligencia-de-los-nin\u0303os-es-de-importancia-1-768x516.jpg 768w, https:\/\/soymigrante.com\/revista\/wp-content\/uploads\/2025\/02\/Desarrollar-la-inteligencia-de-los-nin\u0303os-es-de-importancia-1-1536x1032.jpg 1536w, https:\/\/soymigrante.com\/revista\/wp-content\/uploads\/2025\/02\/Desarrollar-la-inteligencia-de-los-nin\u0303os-es-de-importancia-1-2048x1377.jpg 2048w, https:\/\/soymigrante.com\/revista\/wp-content\/uploads\/2025\/02\/Desarrollar-la-inteligencia-de-los-nin\u0303os-es-de-importancia-1-750x504.webp 750w, https:\/\/soymigrante.com\/revista\/wp-content\/uploads\/2025\/02\/Desarrollar-la-inteligencia-de-los-nin\u0303os-es-de-importancia-1-1140x766.webp 1140w, https:\/\/soymigrante.com\/revista\/wp-content\/uploads\/2025\/02\/Desarrollar-la-inteligencia-de-los-nin\u0303os-es-de-importancia-1-scaled.webp 1920w\" sizes=\"(max-width: 1024px) 100vw, 1024px\" \/>\t\t\t\t\t\t\t\t\t\t\t<figcaption class=\"widget-image-caption wp-caption-text\">Los ni\u00f1os de 0 a 5 a\u00f1os empiezan con su desarrollo cognitivo. (Foto: Pexels)<\/figcaption>\n\t\t\t\t\t\t\t\t\t\t<\/figure>\n\t\t\t\t\t\t\t\t\t<\/div>\n\t\t\t\t\t<\/div>\n\t\t\t\t<\/div>\n\t\t<div data-particle_enable=\"false\" data-particle-mobile-disabled=\"false\" class=\"elementor-element elementor-element-91bfaeb e-flex e-con-boxed e-con e-parent\" data-id=\"91bfaeb\" data-element_type=\"container\" data-e-type=\"container\">\n\t\t\t\t\t<div class=\"e-con-inner\">\n\t\t\t\t<div class=\"elementor-element elementor-element-aac871e elementor-widget elementor-widget-heading\" data-id=\"aac871e\" data-element_type=\"widget\" data-e-type=\"widget\" data-widget_type=\"heading.default\">\n\t\t\t\t\t<h3 class=\"elementor-heading-title elementor-size-default\">El juego es la mejor herramienta de aprendizaje<\/h3>\t\t\t\t<\/div>\n\t\t\t\t\t<\/div>\n\t\t\t\t<\/div>\n\t\t<div data-particle_enable=\"false\" data-particle-mobile-disabled=\"false\" class=\"elementor-element elementor-element-6dd290a e-flex e-con-boxed e-con e-parent\" data-id=\"6dd290a\" data-element_type=\"container\" data-e-type=\"container\">\n\t\t\t\t\t<div class=\"e-con-inner\">\n\t\t\t\t<div class=\"elementor-element elementor-element-45864b0 elementor-widget elementor-widget-text-editor\" data-id=\"45864b0\" data-element_type=\"widget\" data-e-type=\"widget\" data-widget_type=\"text-editor.default\">\n\t\t\t\t\t\t\t\t\t<p>Juegos sensoriales, lectura en voz alta y actividades musicales fortalecen la creatividad y la comprensi\u00f3n del mundo.<\/p>\t\t\t\t\t\t\t\t<\/div>\n\t\t\t\t\t<\/div>\n\t\t\t\t<\/div>\n\t\t<div data-particle_enable=\"false\" data-particle-mobile-disabled=\"false\" class=\"elementor-element elementor-element-e695b99 e-flex e-con-boxed e-con e-parent\" data-id=\"e695b99\" data-element_type=\"container\" data-e-type=\"container\">\n\t\t\t\t\t<div class=\"e-con-inner\">\n\t\t\t\t<div class=\"elementor-element elementor-element-5fb921f elementor-widget elementor-widget-heading\" data-id=\"5fb921f\" data-element_type=\"widget\" data-e-type=\"widget\" data-widget_type=\"heading.default\">\n\t\t\t\t\t<h3 class=\"elementor-heading-title elementor-size-default\">El v\u00ednculo emocional influye en la inteligencia<\/h3>\t\t\t\t<\/div>\n\t\t\t\t\t<\/div>\n\t\t\t\t<\/div>\n\t\t<div data-particle_enable=\"false\" data-particle-mobile-disabled=\"false\" class=\"elementor-element elementor-element-10d8ad5 e-flex e-con-boxed e-con e-parent\" data-id=\"10d8ad5\" data-element_type=\"container\" data-e-type=\"container\">\n\t\t\t\t\t<div class=\"e-con-inner\">\n\t\t\t\t<div class=\"elementor-element elementor-element-6d2a924 elementor-widget elementor-widget-text-editor\" data-id=\"6d2a924\" data-element_type=\"widget\" data-e-type=\"widget\" data-widget_type=\"text-editor.default\">\n\t\t\t\t\t\t\t\t\t<p>Los ni\u00f1os que crecen en un ambiente seguro y afectuoso desarrollan mejor sus capacidades cognitivas y emocionales.<\/p>\t\t\t\t\t\t\t\t<\/div>\n\t\t\t\t\t<\/div>\n\t\t\t\t<\/div>\n\t\t<div data-particle_enable=\"false\" data-particle-mobile-disabled=\"false\" class=\"elementor-element elementor-element-73837e1 e-flex e-con-boxed e-con e-parent\" data-id=\"73837e1\" data-element_type=\"container\" data-e-type=\"container\">\n\t\t\t\t\t<div class=\"e-con-inner\">\n\t\t\t\t<div class=\"elementor-element elementor-element-22614e7 elementor-widget elementor-widget-heading\" data-id=\"22614e7\" data-element_type=\"widget\" data-e-type=\"widget\" data-widget_type=\"heading.default\">\n\t\t\t\t\t<h3 class=\"elementor-heading-title elementor-size-default\">Cada ni\u00f1o tiene su propio ritmo<\/h3>\t\t\t\t<\/div>\n\t\t\t\t\t<\/div>\n\t\t\t\t<\/div>\n\t\t<div data-particle_enable=\"false\" data-particle-mobile-disabled=\"false\" class=\"elementor-element elementor-element-24ee84e e-flex e-con-boxed e-con e-parent\" data-id=\"24ee84e\" data-element_type=\"container\" data-e-type=\"container\">\n\t\t\t\t\t<div class=\"e-con-inner\">\n\t\t\t\t<div class=\"elementor-element elementor-element-83e55f0 elementor-widget elementor-widget-text-editor\" data-id=\"83e55f0\" data-element_type=\"widget\" data-e-type=\"widget\" data-widget_type=\"text-editor.default\">\n\t\t\t\t\t\t\t\t\t<p>No todos los ni\u00f1os alcanzan los mismos hitos al mismo tiempo. Respetar su ritmo y evitar comparaciones es esencial para su bienestar.<\/p>\t\t\t\t\t\t\t\t<\/div>\n\t\t\t\t\t<\/div>\n\t\t\t\t<\/div>\n\t\t<div data-particle_enable=\"false\" data-particle-mobile-disabled=\"false\" class=\"elementor-element elementor-element-c834e11 e-flex e-con-boxed e-con e-parent\" data-id=\"c834e11\" data-element_type=\"container\" data-e-type=\"container\">\n\t\t\t\t\t<div class=\"e-con-inner\">\n\t\t\t\t<div class=\"elementor-element elementor-element-a1819ae elementor-widget elementor-widget-image\" data-id=\"a1819ae\" data-element_type=\"widget\" data-e-type=\"widget\" data-widget_type=\"image.default\">\n\t\t\t\t\t\t\t\t\t\t\t\t<figure class=\"wp-caption\">\n\t\t\t\t\t\t\t\t\t\t<img decoding=\"async\" width=\"1024\" height=\"683\" src=\"https:\/\/soymigrante.com\/revista\/wp-content\/uploads\/2025\/02\/Desarrollar-la-inteligencia-de-los-nin\u0303os-es-de-importancia-2-1024x683.jpg\" class=\"attachment-large size-large wp-image-26268\" alt=\"Desarrollar la inteligencia de los ni\u00f1os es de importancia\" srcset=\"https:\/\/soymigrante.com\/revista\/wp-content\/uploads\/2025\/02\/Desarrollar-la-inteligencia-de-los-nin\u0303os-es-de-importancia-2-1024x683.jpg 1024w, https:\/\/soymigrante.com\/revista\/wp-content\/uploads\/2025\/02\/Desarrollar-la-inteligencia-de-los-nin\u0303os-es-de-importancia-2-300x200.jpg 300w, https:\/\/soymigrante.com\/revista\/wp-content\/uploads\/2025\/02\/Desarrollar-la-inteligencia-de-los-nin\u0303os-es-de-importancia-2-768x512.jpg 768w, https:\/\/soymigrante.com\/revista\/wp-content\/uploads\/2025\/02\/Desarrollar-la-inteligencia-de-los-nin\u0303os-es-de-importancia-2-1536x1024.jpg 1536w, https:\/\/soymigrante.com\/revista\/wp-content\/uploads\/2025\/02\/Desarrollar-la-inteligencia-de-los-nin\u0303os-es-de-importancia-2-2048x1365.jpg 2048w, https:\/\/soymigrante.com\/revista\/wp-content\/uploads\/2025\/02\/Desarrollar-la-inteligencia-de-los-nin\u0303os-es-de-importancia-2-750x500.webp 750w, https:\/\/soymigrante.com\/revista\/wp-content\/uploads\/2025\/02\/Desarrollar-la-inteligencia-de-los-nin\u0303os-es-de-importancia-2-1140x760.webp 1140w, https:\/\/soymigrante.com\/revista\/wp-content\/uploads\/2025\/02\/Desarrollar-la-inteligencia-de-los-nin\u0303os-es-de-importancia-2-scaled.webp 1920w\" sizes=\"(max-width: 1024px) 100vw, 1024px\" \/>\t\t\t\t\t\t\t\t\t\t\t<figcaption class=\"widget-image-caption wp-caption-text\">Los ni\u00f1os pueden incrementar su desarrollo con ayuda de sus padres o cuidadores. (Foto: Pexels)<\/figcaption>\n\t\t\t\t\t\t\t\t\t\t<\/figure>\n\t\t\t\t\t\t\t\t\t<\/div>\n\t\t\t\t\t<\/div>\n\t\t\t\t<\/div>\n\t\t<div data-particle_enable=\"false\" data-particle-mobile-disabled=\"false\" class=\"elementor-element elementor-element-9bcc387 e-flex e-con-boxed e-con e-parent\" data-id=\"9bcc387\" data-element_type=\"container\" data-e-type=\"container\">\n\t\t\t\t\t<div class=\"e-con-inner\">\n\t\t\t\t<div class=\"elementor-element elementor-element-695d9ae elementor-widget elementor-widget-heading\" data-id=\"695d9ae\" data-element_type=\"widget\" data-e-type=\"widget\" data-widget_type=\"heading.default\">\n\t\t\t\t\t<h3 class=\"elementor-heading-title elementor-size-default\">Mitos sobre el desarrollo infantil<\/h3>\t\t\t\t<\/div>\n\t\t\t\t\t<\/div>\n\t\t\t\t<\/div>\n\t\t<div data-particle_enable=\"false\" data-particle-mobile-disabled=\"false\" class=\"elementor-element elementor-element-4c14db7 e-flex e-con-boxed e-con e-parent\" data-id=\"4c14db7\" data-element_type=\"container\" data-e-type=\"container\">\n\t\t\t\t\t<div class=\"e-con-inner\">\n\t\t\t\t<div class=\"elementor-element elementor-element-84c7f34 elementor-widget elementor-widget-text-editor\" data-id=\"84c7f34\" data-element_type=\"widget\" data-e-type=\"widget\" data-widget_type=\"text-editor.default\">\n\t\t\t\t\t\t\t\t\t<p><strong>&#8220;Escuchar m\u00fasica cl\u00e1sica los har\u00e1 m\u00e1s inteligentes&#8221; <\/strong><\/p><p>Aunque la m\u00fasica puede estimular la creatividad y la atenci\u00f3n, no garantiza un coeficiente intelectual m\u00e1s alto.<\/p><p><strong>&#8220;Los ni\u00f1os deben aprender a leer y escribir antes de los 5 a\u00f1os&#8221;<\/strong><\/p><p>Forzar el aprendizaje prematuro puede generar estr\u00e9s en los ni\u00f1os. Lo m\u00e1s importante es fomentar la curiosidad y el amor por el conocimiento.<\/p><p><strong>&#8220;Las pantallas ayudan a estimular la inteligencia&#8221;<\/strong><\/p><p>El uso excesivo de dispositivos electr\u00f3nicos puede afectar el desarrollo del lenguaje y la interacci\u00f3n social. Se recomienda un uso moderado y supervisado.<\/p><p><strong>&#8220;Cuantas m\u00e1s actividades, mejor<\/strong>&#8220;<\/p><p>Sobrecargar a los ni\u00f1os con demasiadas actividades puede ser contraproducente. Es importante permitirles tiempo libre para jugar y explorar de manera natural.<\/p><p>\u00a0<\/p>\t\t\t\t\t\t\t\t<\/div>\n\t\t\t\t\t<\/div>\n\t\t\t\t<\/div>\n\t\t<div data-particle_enable=\"false\" data-particle-mobile-disabled=\"false\" class=\"elementor-element elementor-element-0b209e4 e-flex e-con-boxed e-con e-parent\" data-id=\"0b209e4\" data-element_type=\"container\" data-e-type=\"container\">\n\t\t\t\t\t<div class=\"e-con-inner\">\n\t\t\t\t<div class=\"elementor-element elementor-element-70ec502 elementor-widget elementor-widget-image\" data-id=\"70ec502\" data-element_type=\"widget\" data-e-type=\"widget\" data-widget_type=\"image.default\">\n\t\t\t\t\t\t\t\t\t\t\t\t<figure class=\"wp-caption\">\n\t\t\t\t\t\t\t\t\t\t<img decoding=\"async\" width=\"1024\" height=\"649\" src=\"https:\/\/soymigrante.com\/revista\/wp-content\/uploads\/2025\/02\/Desarrollar-la-inteligencia-de-los-nin\u0303os-es-de-importancia-4-1024x649.jpg\" class=\"attachment-large size-large wp-image-26269\" alt=\"Desarrollar la inteligencia de los ni\u00f1os es de importancia\" srcset=\"https:\/\/soymigrante.com\/revista\/wp-content\/uploads\/2025\/02\/Desarrollar-la-inteligencia-de-los-nin\u0303os-es-de-importancia-4-1024x649.jpg 1024w, https:\/\/soymigrante.com\/revista\/wp-content\/uploads\/2025\/02\/Desarrollar-la-inteligencia-de-los-nin\u0303os-es-de-importancia-4-300x190.jpg 300w, https:\/\/soymigrante.com\/revista\/wp-content\/uploads\/2025\/02\/Desarrollar-la-inteligencia-de-los-nin\u0303os-es-de-importancia-4-768x487.jpg 768w, https:\/\/soymigrante.com\/revista\/wp-content\/uploads\/2025\/02\/Desarrollar-la-inteligencia-de-los-nin\u0303os-es-de-importancia-4-1536x974.jpg 1536w, https:\/\/soymigrante.com\/revista\/wp-content\/uploads\/2025\/02\/Desarrollar-la-inteligencia-de-los-nin\u0303os-es-de-importancia-4-2048x1298.jpg 2048w, https:\/\/soymigrante.com\/revista\/wp-content\/uploads\/2025\/02\/Desarrollar-la-inteligencia-de-los-nin\u0303os-es-de-importancia-4-750x475.webp 750w, https:\/\/soymigrante.com\/revista\/wp-content\/uploads\/2025\/02\/Desarrollar-la-inteligencia-de-los-nin\u0303os-es-de-importancia-4-1140x723.webp 1140w, https:\/\/soymigrante.com\/revista\/wp-content\/uploads\/2025\/02\/Desarrollar-la-inteligencia-de-los-nin\u0303os-es-de-importancia-4-scaled.webp 1920w\" sizes=\"(max-width: 1024px) 100vw, 1024px\" \/>\t\t\t\t\t\t\t\t\t\t\t<figcaption class=\"widget-image-caption wp-caption-text\">A los ni\u00f1os se les deben garantizar las herramientas para que desarrollen su cerebro. (Foto: Pexels)<\/figcaption>\n\t\t\t\t\t\t\t\t\t\t<\/figure>\n\t\t\t\t\t\t\t\t\t<\/div>\n\t\t\t\t\t<\/div>\n\t\t\t\t<\/div>\n\t\t<div data-particle_enable=\"false\" data-particle-mobile-disabled=\"false\" class=\"elementor-element elementor-element-78700f6 e-flex e-con-boxed e-con e-parent\" data-id=\"78700f6\" data-element_type=\"container\" data-e-type=\"container\">\n\t\t\t\t\t<div class=\"e-con-inner\">\n\t\t\t\t<div class=\"elementor-element elementor-element-8825ec7 elementor-widget elementor-widget-text-editor\" data-id=\"8825ec7\" data-element_type=\"widget\" data-e-type=\"widget\" data-widget_type=\"text-editor.default\">\n\t\t\t\t\t\t\t\t\t<p><a href=\"https:\/\/soymigrante.com\/revista\/claves-para-evitar-caer-en-pensamientos-daninos-o-destructivos\/\" target=\"_blank\" rel=\"noopener\">Desarrollar la inteligencia de los ni\u00f1os antes de los cinco a\u00f1os no requiere de estrategias<\/a> complejas ni de presiones innecesarias.<\/p><p>Un entorno enriquecedor, el v\u00ednculo afectivo y el juego son las herramientas fundamentales para potenciar su desarrollo.<\/p><p><a href=\"https:\/\/soymigrante.com\/revista\/claves-para-evitar-caer-en-pensamientos-daninos-o-destructivos\/\" target=\"_blank\" rel=\"noopener\">Evitar mitos y enfocarse en pr\u00e1cticas respaldadas por la ciencia<\/a> permitir\u00e1 que los peque\u00f1os crezcan en un ambiente saludable y estimulante.<\/p>\t\t\t\t\t\t\t\t<\/div>\n\t\t\t\t\t<\/div>\n\t\t\t\t<\/div>\n\t\t<div data-particle_enable=\"false\" data-particle-mobile-disabled=\"false\" class=\"elementor-element elementor-element-1d8b868 e-flex e-con-boxed e-con e-parent\" data-id=\"1d8b868\" data-element_type=\"container\" data-e-type=\"container\">\n\t\t\t\t\t<div class=\"e-con-inner\">\n\t\t\t\t<div class=\"elementor-element elementor-element-59d1a39 elementor-widget elementor-widget-heading\" data-id=\"59d1a39\" data-element_type=\"widget\" data-e-type=\"widget\" data-widget_type=\"heading.default\">\n\t\t\t\t\t<h2 class=\"elementor-heading-title elementor-size-default\">Sigue estos consejos para ayudar a tus hijos...<\/h2>\t\t\t\t<\/div>\n\t\t\t\t\t<\/div>\n\t\t\t\t<\/div>\n\t\t<div data-particle_enable=\"false\" data-particle-mobile-disabled=\"false\" class=\"elementor-element elementor-element-4b234a4 e-flex e-con-boxed e-con e-parent\" data-id=\"4b234a4\" data-element_type=\"container\" data-e-type=\"container\">\n\t\t\t\t\t<div class=\"e-con-inner\">\n\t\t\t\t<div class=\"elementor-element elementor-element-bb1ab38 elementor-grid-eael-col-3 elementor-grid-tablet-eael-col-2 elementor-grid-mobile-eael-col-1 elementor-widget elementor-widget-eael-post-grid\" data-id=\"bb1ab38\" data-element_type=\"widget\" data-e-type=\"widget\" data-settings=\"{&quot;eael_post_grid_columns&quot;:&quot;eael-col-3&quot;,&quot;eael_post_grid_columns_tablet&quot;:&quot;eael-col-2&quot;,&quot;eael_post_grid_columns_mobile&quot;:&quot;eael-col-1&quot;}\" data-widget_type=\"eael-post-grid.default\">\n\t\t\t\t\t<div id=\"eael-post-grid-bb1ab38\" class=\"eael-post-grid-container\">\n            <div class=\"eael-post-grid eael-post-appender eael-post-appender-bb1ab38 eael-post-grid-style-one\" data-layout-mode=\"masonry\"><article class=\"eael-grid-post  eael-post-grid-column eael-pg-post-12606 category-bienestar\" data-id=\"12606\">\n        <div class=\"eael-grid-post-holder\">\n            <div class=\"eael-grid-post-holder-inner\"><div class=\"eael-entry-media\"><div class=\"eael-entry-overlay fade-in\"><i class=\"far fa-hand-pointer\" aria-hidden=\"true\"><\/i><a href=\"https:\/\/soymigrante.com\/revista\/salud-bucal-de-los-ninos-migrantes-todo-reto-tiene-una-solucion\/\"><\/a><\/div><div class=\"eael-entry-thumbnail \">\n                <img loading=\"lazy\" decoding=\"async\" width=\"1024\" height=\"1024\" src=\"https:\/\/soymigrante.com\/revista\/wp-content\/uploads\/2024\/11\/Salud-bucal-de-los-nin\u0303os-migrantes-Retos-y-soluciones--scaled-e1731012276108-1024x1024.webp\" class=\"attachment-large size-large wp-image-12608\" alt=\"Salud bucal de los ni\u00f1os migrantes: Retos y soluciones\" srcset=\"https:\/\/soymigrante.com\/revista\/wp-content\/uploads\/2024\/11\/Salud-bucal-de-los-nin\u0303os-migrantes-Retos-y-soluciones--scaled-e1731012276108-1024x1024.webp 1024w, https:\/\/soymigrante.com\/revista\/wp-content\/uploads\/2024\/11\/Salud-bucal-de-los-nin\u0303os-migrantes-Retos-y-soluciones--scaled-e1731012276108-300x300.webp 300w, https:\/\/soymigrante.com\/revista\/wp-content\/uploads\/2024\/11\/Salud-bucal-de-los-nin\u0303os-migrantes-Retos-y-soluciones--scaled-e1731012276108-150x150.webp 150w, https:\/\/soymigrante.com\/revista\/wp-content\/uploads\/2024\/11\/Salud-bucal-de-los-nin\u0303os-migrantes-Retos-y-soluciones--scaled-e1731012276108-768x768.webp 768w, https:\/\/soymigrante.com\/revista\/wp-content\/uploads\/2024\/11\/Salud-bucal-de-los-nin\u0303os-migrantes-Retos-y-soluciones--scaled-e1731012276108-75x75.webp 75w, https:\/\/soymigrante.com\/revista\/wp-content\/uploads\/2024\/11\/Salud-bucal-de-los-nin\u0303os-migrantes-Retos-y-soluciones--scaled-e1731012276108-750x750.webp 750w, https:\/\/soymigrante.com\/revista\/wp-content\/uploads\/2024\/11\/Salud-bucal-de-los-nin\u0303os-migrantes-Retos-y-soluciones--scaled-e1731012276108-1140x1140.webp 1140w, https:\/\/soymigrante.com\/revista\/wp-content\/uploads\/2024\/11\/Salud-bucal-de-los-nin\u0303os-migrantes-Retos-y-soluciones--scaled-e1731012276108.webp 1280w\" sizes=\"(max-width: 1024px) 100vw, 1024px\" \/>\n            <\/div>\n        <\/div><div class=\"eael-entry-wrapper\"><header class=\"eael-entry-header\"><h2 class=\"eael-entry-title\"><a class=\"eael-grid-post-link\" href=\"https:\/\/soymigrante.com\/revista\/salud-bucal-de-los-ninos-migrantes-todo-reto-tiene-una-solucion\/\" title=\"Salud bucal de los ni\u00f1os migrantes: todo reto tiene una soluci\u00f3n\">Salud bucal de los ni\u00f1os migrantes: todo reto tiene una soluci\u00f3n<\/a><\/h2><\/header><div class=\"eael-entry-content\">\n                        <div class=\"eael-grid-post-excerpt\"><a href=\"https:\/\/soymigrante.com\/revista\/salud-bucal-de-los-ninos-migrantes-todo-reto-tiene-una-solucion\/\" class=\"eael-post-elements-readmore-btn\">CONOCE SU HISTORIA <\/a><\/div>\n                    <\/div><\/div><\/div>\n        <\/div>\n    <\/article><article class=\"eael-grid-post  eael-post-grid-column eael-pg-post-8629 category-salud-emocional tags-salud-emocional\" data-id=\"8629\">\n        <div class=\"eael-grid-post-holder\">\n            <div class=\"eael-grid-post-holder-inner\"><div class=\"eael-entry-media\"><div class=\"eael-entry-overlay fade-in\"><i class=\"far fa-hand-pointer\" aria-hidden=\"true\"><\/i><a href=\"https:\/\/soymigrante.com\/revista\/consejos-para-ayudar-a-enfrentar-el-duelo-migratorio-en-ninos\/\"><\/a><\/div><div class=\"eael-entry-thumbnail \">\n                <img loading=\"lazy\" decoding=\"async\" width=\"1024\" height=\"1024\" src=\"https:\/\/soymigrante.com\/revista\/wp-content\/uploads\/2024\/08\/Consejos-para-ayudar-a-enfrentar-el-duelo-migratorio-en-ninos2-scaled-e1725058578930-1024x1024.webp\" class=\"attachment-large size-large wp-image-8630\" alt=\"Perro de raza Golden Retriever con ni\u00f1a peque\u00f1a caminando por sendero de tierra, imagen en blanco y negro, enfoque en amistad y compa\u00f1\u00eda entre ni\u00f1os y mascotas.\" srcset=\"https:\/\/soymigrante.com\/revista\/wp-content\/uploads\/2024\/08\/Consejos-para-ayudar-a-enfrentar-el-duelo-migratorio-en-ninos2-scaled-e1725058578930-1024x1024.webp 1024w, https:\/\/soymigrante.com\/revista\/wp-content\/uploads\/2024\/08\/Consejos-para-ayudar-a-enfrentar-el-duelo-migratorio-en-ninos2-scaled-e1725058578930-300x300.webp 300w, https:\/\/soymigrante.com\/revista\/wp-content\/uploads\/2024\/08\/Consejos-para-ayudar-a-enfrentar-el-duelo-migratorio-en-ninos2-scaled-e1725058578930-150x150.webp 150w, https:\/\/soymigrante.com\/revista\/wp-content\/uploads\/2024\/08\/Consejos-para-ayudar-a-enfrentar-el-duelo-migratorio-en-ninos2-scaled-e1725058578930-768x768.webp 768w, https:\/\/soymigrante.com\/revista\/wp-content\/uploads\/2024\/08\/Consejos-para-ayudar-a-enfrentar-el-duelo-migratorio-en-ninos2-scaled-e1725058578930-75x75.webp 75w, https:\/\/soymigrante.com\/revista\/wp-content\/uploads\/2024\/08\/Consejos-para-ayudar-a-enfrentar-el-duelo-migratorio-en-ninos2-scaled-e1725058578930-750x750.webp 750w, https:\/\/soymigrante.com\/revista\/wp-content\/uploads\/2024\/08\/Consejos-para-ayudar-a-enfrentar-el-duelo-migratorio-en-ninos2-scaled-e1725058578930-1140x1140.webp 1140w, https:\/\/soymigrante.com\/revista\/wp-content\/uploads\/2024\/08\/Consejos-para-ayudar-a-enfrentar-el-duelo-migratorio-en-ninos2-scaled-e1725058578930.webp 1200w\" sizes=\"(max-width: 1024px) 100vw, 1024px\" \/>\n            <\/div>\n        <\/div><div class=\"eael-entry-wrapper\"><header class=\"eael-entry-header\"><h2 class=\"eael-entry-title\"><a class=\"eael-grid-post-link\" href=\"https:\/\/soymigrante.com\/revista\/consejos-para-ayudar-a-enfrentar-el-duelo-migratorio-en-ninos\/\" title=\"Consejos para ayudar a enfrentar el duelo migratorio en ni\u00f1os\">Consejos para ayudar a enfrentar el duelo migratorio en ni\u00f1os<\/a><\/h2><\/header><div class=\"eael-entry-content\">\n                        <div class=\"eael-grid-post-excerpt\"><a href=\"https:\/\/soymigrante.com\/revista\/consejos-para-ayudar-a-enfrentar-el-duelo-migratorio-en-ninos\/\" class=\"eael-post-elements-readmore-btn\">CONOCE SU HISTORIA <\/a><\/div>\n                    <\/div><\/div><\/div>\n        <\/div>\n    <\/article><article class=\"eael-grid-post  eael-post-grid-column eael-pg-post-8026 category-bienestar\" data-id=\"8026\">\n        <div class=\"eael-grid-post-holder\">\n            <div class=\"eael-grid-post-holder-inner\"><div class=\"eael-entry-media\"><div class=\"eael-entry-overlay fade-in\"><i class=\"far fa-hand-pointer\" aria-hidden=\"true\"><\/i><a href=\"https:\/\/soymigrante.com\/revista\/algunas-claves-sobre-el-cuidado-de-los-ninos-de-cero-a-5-anos\/\"><\/a><\/div><div class=\"eael-entry-thumbnail \">\n                <img loading=\"lazy\" decoding=\"async\" width=\"1024\" height=\"683\" src=\"https:\/\/soymigrante.com\/revista\/wp-content\/uploads\/2024\/08\/Desarrollo-infantil-envato-1024x683.webp\" class=\"attachment-large size-large wp-image-8041\" alt=\"Ni\u00f1a en parque infantil deslizando en tobog\u00e1n, juego para ni\u00f1os, diversi\u00f3n infantil, espacio de recreo y esparcimiento, infancia y juegos.\" \/>\n            <\/div>\n        <\/div><div class=\"eael-entry-wrapper\"><header class=\"eael-entry-header\"><h2 class=\"eael-entry-title\"><a class=\"eael-grid-post-link\" href=\"https:\/\/soymigrante.com\/revista\/algunas-claves-sobre-el-cuidado-de-los-ninos-de-cero-a-5-anos\/\" title=\"Algunas claves sobre el cuidado de los ni\u00f1os de cero a 5 a\u00f1os\">Algunas claves sobre el cuidado de los ni\u00f1os de cero a 5 a\u00f1os<\/a><\/h2><\/header><div class=\"eael-entry-content\">\n                        <div class=\"eael-grid-post-excerpt\"><a href=\"https:\/\/soymigrante.com\/revista\/algunas-claves-sobre-el-cuidado-de-los-ninos-de-cero-a-5-anos\/\" class=\"eael-post-elements-readmore-btn\">CONOCE SU HISTORIA <\/a><\/div>\n                    <\/div><\/div><\/div>\n        <\/div>\n    <\/article><\/div>\n            <div class=\"clearfix\"><\/div>\n        <\/div>\t\t\t\t<\/div>\n\t\t\t\t\t<\/div>\n\t\t\t\t<\/div>\n\t\t\t\t<\/div>\n\t\t","protected":false},"excerpt":{"rendered":"<p>Desarrollar la inteligencia de los ni\u00f1os de los 0 a los 5 a\u00f1os les ayudar\u00e1 en el futuro. El desarrollo intelectual de un ni\u00f1o es un tema que preocupa a muchos padres. Durante los primeros cinco a\u00f1os de vida, el cerebro infantil experimenta un crecimiento acelerado, por lo que la estimulaci\u00f3n temprana puede ser clave [&hellip;]<\/p>\n","protected":false},"author":19,"featured_media":9215,"comment_status":"open","ping_status":"open","sticky":false,"template":"","format":"standard","meta":{"_acf_changed":false,"_eb_attr":"","footnotes":""},"categories":[266],"tags":[81],"class_list":["post-26259","post","type-post","status-publish","format-standard","has-post-thumbnail","hentry","category-en-familia","tag-en-familia"],"acf":[],"aioseo_notices":[],"aioseo_head":"\n\t\t<!-- All in One SEO Pro 4.9.6.2 - aioseo.com -->\n\t<meta name=\"description\" content=\"El desarrollo de tus hijos entre el primer a\u00f1o y los cincos a\u00f1os de vida son fundamentales en su desenvolvimiento y aprendizaje.\" \/>\n\t<meta name=\"robots\" content=\"max-snippet:-1, max-image-preview:large, max-video-preview:-1\" \/>\n\t<meta name=\"author\" content=\"Beatriz Tercero\"\/>\n\t<link rel=\"canonical\" href=\"https:\/\/soymigrante.com\/revista\/algunas-claves-sobre-el-cuidado-de-los-ninos-de-cero-a-5-anos\/\" \/>\n\t<meta name=\"generator\" content=\"All in One SEO Pro (AIOSEO) 4.9.6.2\" \/>\n\n\t\t<link rel=\"preconnect\" href=\"https:\/\/fonts.googleapis.com\" crossorigin>\n<link rel=\"preconnect\" href=\"https:\/\/fonts.gstatic.com\" crossorigin>\n\t\t<meta property=\"og:locale\" content=\"es_ES\" \/>\n\t\t<meta property=\"og:site_name\" content=\"SoyMigrante.com REVISTA \u2013 Nuestra misi\u00f3n es reconocer y dignificar al migrante.\" \/>\n\t\t<meta property=\"og:type\" content=\"article\" \/>\n\t\t<meta property=\"og:title\" content=\"Algunas claves para el cuidado de ni\u00f1os de 0 a 5 a\u00f1os\" \/>\n\t\t<meta property=\"og:description\" content=\"El desarrollo de tus hijos entre el primer a\u00f1o y los cincos a\u00f1os de vida son fundamentales en su desenvolvimiento y aprendizaje.\" \/>\n\t\t<meta property=\"og:url\" content=\"https:\/\/soymigrante.com\/revista\/algunas-claves-sobre-el-cuidado-de-los-ninos-de-cero-a-5-anos\/\" \/>\n\t\t<meta property=\"og:image\" content=\"https:\/\/soymigrante.com\/revista\/wp-content\/uploads\/2024\/08\/Desarrollo-infantil-envato-scaled-e1723822763708.webp\" \/>\n\t\t<meta property=\"og:image:secure_url\" content=\"https:\/\/soymigrante.com\/revista\/wp-content\/uploads\/2024\/08\/Desarrollo-infantil-envato-scaled-e1723822763708.webp\" \/>\n\t\t<meta property=\"og:image:width\" content=\"1020\" \/>\n\t\t<meta property=\"og:image:height\" content=\"1020\" \/>\n\t\t<meta property=\"article:published_time\" content=\"2024-08-16T15:26:18+00:00\" \/>\n\t\t<meta property=\"article:modified_time\" content=\"2024-08-16T15:39:32+00:00\" \/>\n\t\t<meta property=\"article:publisher\" content=\"https:\/\/www.facebook.com\/soymigrantecom\" \/>\n\t\t<meta name=\"twitter:card\" content=\"summary_large_image\" \/>\n\t\t<meta name=\"twitter:site\" content=\"@SoyMigrante_com\" \/>\n\t\t<meta name=\"twitter:title\" content=\"Algunas claves para el cuidado de ni\u00f1os de 0 a 5 a\u00f1os\" \/>\n\t\t<meta name=\"twitter:description\" content=\"El desarrollo de tus hijos entre el primer a\u00f1o y los cincos a\u00f1os de vida son fundamentales en su desenvolvimiento y aprendizaje.\" \/>\n\t\t<meta name=\"twitter:creator\" content=\"@SoyMigrante_com\" \/>\n\t\t<meta name=\"twitter:image\" content=\"https:\/\/soymigrante.com\/revista\/wp-content\/uploads\/2024\/08\/Desarrollo-infantil-envato-scaled-e1723822763708.webp\" \/>\n\t\t<!-- All in One SEO Pro -->\r\n\t\t<title>Algunas claves para el cuidado de ni\u00f1os de 0 a 5 a\u00f1os<\/title>\n\n","aioseo_head_json":{"title":"Algunas claves para el cuidado de ni\u00f1os de 0 a 5 a\u00f1os","description":"El desarrollo de tus hijos entre el primer a\u00f1o y los cincos a\u00f1os de vida son fundamentales en su desenvolvimiento y aprendizaje.","canonical_url":"https:\/\/soymigrante.com\/revista\/algunas-claves-sobre-el-cuidado-de-los-ninos-de-cero-a-5-anos\/","robots":"max-snippet:-1, max-image-preview:large, max-video-preview:-1","keywords":"","webmasterTools":{"miscellaneous":"&lt;link rel=\"preconnect\" href=\"https:\/\/fonts.googleapis.com\" crossorigin&gt;\n&lt;link rel=\"preconnect\" href=\"https:\/\/fonts.gstatic.com\" crossorigin&gt;"},"schema":null,"og:locale":"es_ES","og:site_name":"SoyMigrante.com REVISTA \u2013 Nuestra misi\u00f3n es reconocer y dignificar al migrante.","og:type":"article","og:title":"Algunas claves para el cuidado de ni\u00f1os de 0 a 5 a\u00f1os","og:description":"El desarrollo de tus hijos entre el primer a\u00f1o y los cincos a\u00f1os de vida son fundamentales en su desenvolvimiento y aprendizaje.","og:url":"https:\/\/soymigrante.com\/revista\/algunas-claves-sobre-el-cuidado-de-los-ninos-de-cero-a-5-anos\/","og:image":"https:\/\/soymigrante.com\/revista\/wp-content\/uploads\/2024\/08\/Desarrollo-infantil-envato-scaled-e1723822763708.webp","og:image:secure_url":"https:\/\/soymigrante.com\/revista\/wp-content\/uploads\/2024\/08\/Desarrollo-infantil-envato-scaled-e1723822763708.webp","og:image:width":1020,"og:image:height":1020,"article:published_time":"2024-08-16T15:26:18+00:00","article:modified_time":"2024-08-16T15:39:32+00:00","article:publisher":"https:\/\/www.facebook.com\/soymigrantecom","twitter:card":"summary_large_image","twitter:site":"@SoyMigrante_com","twitter:title":"Algunas claves para el cuidado de ni\u00f1os de 0 a 5 a\u00f1os","twitter:description":"El desarrollo de tus hijos entre el primer a\u00f1o y los cincos a\u00f1os de vida son fundamentales en su desenvolvimiento y aprendizaje.","twitter:creator":"@SoyMigrante_com","twitter:image":"https:\/\/soymigrante.com\/revista\/wp-content\/uploads\/2024\/08\/Desarrollo-infantil-envato-scaled-e1723822763708.webp"},"aioseo_meta_data":{"post_id":"26259","title":"#post_title","description":"Desarrollar la inteligencia de los ni\u00f1os de los 0 a los 5 a\u00f1os les ayudar\u00e1 en el futuro.","keywords":null,"keyphrases":{"focus":{"keyphrase":"Inteligencia","score":82,"analysis":{"keyphraseInTitle":{"score":9,"maxScore":9,"error":0},"keyphraseInDescription":{"score":9,"maxScore":9,"error":0},"keyphraseLength":{"score":9,"maxScore":9,"error":0,"length":1},"keyphraseInURL":{"score":5,"maxScore":5,"error":0},"keyphraseInIntroduction":{"score":3,"maxScore":9,"error":1},"keyphraseInSubHeadings":{"score":3,"maxScore":9,"error":1},"keyphraseInImageAlt":{"score":9,"maxScore":9,"error":0},"keywordDensity":{"type":"best","score":9,"maxScore":9,"error":0}}},"additional":[{"keyphrase":"Inteligencia","score":87,"analysis":{"keyphraseInDescription":{"score":9,"maxScore":9,"error":0},"keyphraseLength":{"score":9,"maxScore":9,"error":0,"length":1},"keyphraseInIntroduction":{"score":3,"maxScore":9,"error":1},"keyphraseInImageAlt":{"score":9,"maxScore":9,"error":0},"keywordDensity":{"type":"best","score":9,"maxScore":9,"error":0}}}]},"primary_term":null,"canonical_url":null,"og_title":null,"og_description":null,"og_object_type":"default","og_image_type":"default","og_image_url":null,"og_image_width":null,"og_image_height":null,"og_image_custom_url":null,"og_image_custom_fields":null,"og_video":"","og_custom_url":null,"og_article_section":null,"og_article_tags":null,"twitter_use_og":false,"twitter_card":"default","twitter_image_type":"default","twitter_image_url":null,"twitter_image_custom_url":null,"twitter_image_custom_fields":null,"twitter_title":null,"twitter_description":null,"schema":{"blockGraphs":[],"customGraphs":[],"default":{"data":{"Article":[],"Course":[],"Dataset":[],"FAQPage":[],"Movie":[],"Person":[],"Product":[],"ProductReview":[],"Car":[],"Recipe":[],"Service":[],"SoftwareApplication":[],"WebPage":[]},"graphName":"none","isEnabled":true},"graphs":[]},"schema_type":"default","schema_type_options":null,"pillar_content":false,"robots_default":true,"robots_noindex":false,"robots_noarchive":false,"robots_nosnippet":false,"robots_nofollow":false,"robots_noimageindex":false,"robots_noodp":false,"robots_notranslate":false,"robots_max_snippet":"-1","robots_max_videopreview":"-1","robots_max_imagepreview":"large","priority":null,"frequency":"default","local_seo":null,"seo_analyzer_scan_date":"2025-10-09 05:04:01","breadcrumb_settings":null,"limit_modified_date":false,"reviewed_by":null,"open_ai":"{\"title\":{\"suggestions\":[],\"usage\":0},\"description\":{\"suggestions\":[],\"usage\":0}}","ai":null,"created":"2025-02-21 21:21:11","updated":"2026-02-04 23:38:11"},"aioseo_breadcrumb":"<div class=\"aioseo-breadcrumbs\"><span class=\"aioseo-breadcrumb\">\n\t<a href=\"https:\/\/soymigrante.com\/revista\" title=\"Home\">Home<\/a>\n<\/span><span class=\"aioseo-breadcrumb-separator\">\u00bb<\/span><span class=\"aioseo-breadcrumb\">\n\t<a href=\"https:\/\/soymigrante.com\/revista\/category\/bienestar\/\" title=\"Bienestar\">Bienestar<\/a>\n<\/span><span class=\"aioseo-breadcrumb-separator\">\u00bb<\/span><span class=\"aioseo-breadcrumb\">\n\t<a href=\"https:\/\/soymigrante.com\/revista\/category\/bienestar\/en-familia\/\" title=\"En Familia\">En Familia<\/a>\n<\/span><span class=\"aioseo-breadcrumb-separator\">\u00bb<\/span><span class=\"aioseo-breadcrumb\">\n\tImpulsar la inteligencia de los ni\u00f1os es una meta vital en el hogar\n<\/span><\/div>","aioseo_breadcrumb_json":[{"label":"Home","link":"https:\/\/soymigrante.com\/revista"},{"label":"Bienestar","link":"https:\/\/soymigrante.com\/revista\/category\/bienestar\/"},{"label":"En Familia","link":"https:\/\/soymigrante.com\/revista\/category\/bienestar\/en-familia\/"},{"label":"Impulsar la inteligencia de los ni\u00f1os es una meta vital en el hogar","link":"https:\/\/soymigrante.com\/revista\/desarrollar-la-inteligencia-de-los-ninos-es-una-estrategia-vital-en-el-hogar\/"}],"_links":{"self":[{"href":"https:\/\/soymigrante.com\/revista\/wp-json\/wp\/v2\/posts\/26259","targetHints":{"allow":["GET"]}}],"collection":[{"href":"https:\/\/soymigrante.com\/revista\/wp-json\/wp\/v2\/posts"}],"about":[{"href":"https:\/\/soymigrante.com\/revista\/wp-json\/wp\/v2\/types\/post"}],"author":[{"embeddable":true,"href":"https:\/\/soymigrante.com\/revista\/wp-json\/wp\/v2\/users\/19"}],"replies":[{"embeddable":true,"href":"https:\/\/soymigrante.com\/revista\/wp-json\/wp\/v2\/comments?post=26259"}],"version-history":[{"count":2,"href":"https:\/\/soymigrante.com\/revista\/wp-json\/wp\/v2\/posts\/26259\/revisions"}],"predecessor-version":[{"id":42834,"href":"https:\/\/soymigrante.com\/revista\/wp-json\/wp\/v2\/posts\/26259\/revisions\/42834"}],"wp:featuredmedia":[{"embeddable":true,"href":"https:\/\/soymigrante.com\/revista\/wp-json\/wp\/v2\/media\/9215"}],"wp:attachment":[{"href":"https:\/\/soymigrante.com\/revista\/wp-json\/wp\/v2\/media?parent=26259"}],"wp:term":[{"taxonomy":"category","embeddable":true,"href":"https:\/\/soymigrante.com\/revista\/wp-json\/wp\/v2\/categories?post=26259"},{"taxonomy":"post_tag","embeddable":true,"href":"https:\/\/soymigrante.com\/revista\/wp-json\/wp\/v2\/tags?post=26259"}],"curies":[{"name":"wp","href":"https:\/\/api.w.org\/{rel}","templated":true}]}}