{"id":26232,"date":"2025-02-21T14:10:05","date_gmt":"2025-02-21T20:10:05","guid":{"rendered":"https:\/\/soymigrante.com\/revista\/?p=26232"},"modified":"2025-05-07T10:25:40","modified_gmt":"2025-05-07T16:25:40","slug":"remesas-migrantes-subiran-6-en-2025-entrevista-con-johny-gramajo-gerente-economico-del-banguat","status":"publish","type":"post","link":"https:\/\/soymigrante.com\/revista\/remesas-migrantes-subiran-6-en-2025-entrevista-con-johny-gramajo-gerente-economico-del-banguat\/","title":{"rendered":"Remesas migrantes subir\u00e1n a\u00fan m\u00e1s en 2025: entrevista con Johnny Gramajo, Gerente Econ\u00f3mico del Banguat"},"content":{"rendered":"\t\t<div data-elementor-type=\"wp-post\" data-elementor-id=\"26232\" class=\"elementor elementor-26232\" data-elementor-post-type=\"post\">\n\t\t\t\t<div data-particle_enable=\"false\" data-particle-mobile-disabled=\"false\" class=\"elementor-element elementor-element-a90276e e-flex e-con-boxed e-con e-parent\" data-id=\"a90276e\" data-element_type=\"container\" data-e-type=\"container\">\n\t\t\t\t\t<div class=\"e-con-inner\">\n\t\t\t\t<div class=\"elementor-element elementor-element-1ab41e1 elementor-widget elementor-widget-heading\" data-id=\"1ab41e1\" data-element_type=\"widget\" data-e-type=\"widget\" data-widget_type=\"heading.default\">\n\t\t\t\t\t<h2 class=\"elementor-heading-title elementor-size-default\"><span style=\"font-size: 31.2px\">Enero de 2025 ha sido el enero m\u00e1s alto en llegada de remesas migrantes.  Gerente econ\u00f3mico del Banco de Guatemala Johny Gramajo explica las previsiones para el a\u00f1o acerca del principal pilar econ\u00f3mico del pa\u00eds, generado con amor y esfuerzo, en el contexto del gobierno de Donald Trump. <br><\/span><\/h2>\t\t\t\t<\/div>\n\t\t\t\t\t<\/div>\n\t\t\t\t<\/div>\n\t\t<div data-particle_enable=\"false\" data-particle-mobile-disabled=\"false\" class=\"elementor-element elementor-element-36d24b6 e-flex e-con-boxed e-con e-parent\" data-id=\"36d24b6\" data-element_type=\"container\" data-e-type=\"container\">\n\t\t\t\t\t<div class=\"e-con-inner\">\n\t\t\t\t<div class=\"elementor-element elementor-element-9ced5da elementor-widget elementor-widget-heading\" data-id=\"9ced5da\" data-element_type=\"widget\" data-e-type=\"widget\" data-widget_type=\"heading.default\">\n\t\t\t\t\t<h5 class=\"elementor-heading-title elementor-size-default\">Por Alejandra \u00c1lvarez, especial para SoyMigrante.com<\/h5>\t\t\t\t<\/div>\n\t\t\t\t\t<\/div>\n\t\t\t\t<\/div>\n\t\t<div data-particle_enable=\"false\" data-particle-mobile-disabled=\"false\" class=\"elementor-element elementor-element-e4ed861 e-flex e-con-boxed e-con e-parent\" data-id=\"e4ed861\" data-element_type=\"container\" data-e-type=\"container\">\n\t\t\t\t\t<div class=\"e-con-inner\">\n\t\t\t\t<div class=\"elementor-element elementor-element-a9ba907 elementor-widget elementor-widget-text-editor\" data-id=\"a9ba907\" data-element_type=\"widget\" data-e-type=\"widget\" data-widget_type=\"text-editor.default\">\n\t\t\t\t\t\t\t\t\t<p>Las remesas familiares enviadas por migrantes desde Estados Unidos a\u00a0 Guatemala contin\u00faan su tendencia al alza y alcanzaron en enero de 2025 un ingreso r\u00e9cord de $1,817.6 millones, un 23.8% m\u00e1s que en el mismo mes del a\u00f1o anterior: hist\u00f3ricamente, el enero m\u00e1s alto.\u00a0<\/p><p>Seg\u00fan Johny Gramajo, gerente econ\u00f3mico del Banco de Guatemala, este incremento est\u00e1 impulsado por la incertidumbre migratoria en EE.UU.,\u00a0 debido a las pol\u00edticas ordenadas por el presidente Donald Trump en su segundo per\u00edodo, que afectan a guatemaltecos con un estatus irregular, quienes optan por\u00a0 enviar m\u00e1s dinero como medida de precauci\u00f3n.\u00a0 Sin embargo, Gramajo estima que esta causa no es nueva, pues ya se vio en el primer mandato.\u00a0<\/p><p>De hecho el Banco de Guatemala, que a<span style=\"color: var( --e-global-color-text ); text-align: var(--text-align);\">\u00a0pesar del crecimiento sostenido que se tendr\u00e1 en el a\u00f1o 2025, el crecimiento respecto del a\u00f1o anterior solo ser\u00e1 de 6%.\u00a0 En entrevista explica los factores y las razones que conducen a tal previsi\u00f3n sobre el principal pilar de la econom\u00eda Guatemalteca, aportado por el esfuerzo y sacrificio de cientos de miles de connacionales en la Uni\u00f3n Americana.<\/span><\/p>\t\t\t\t\t\t\t\t<\/div>\n\t\t\t\t\t<\/div>\n\t\t\t\t<\/div>\n\t\t<div data-particle_enable=\"false\" data-particle-mobile-disabled=\"false\" class=\"elementor-element elementor-element-6ef7fa6 e-flex e-con-boxed e-con e-parent\" data-id=\"6ef7fa6\" data-element_type=\"container\" data-e-type=\"container\">\n\t\t\t\t\t<div class=\"e-con-inner\">\n\t\t\t\t<div class=\"elementor-element elementor-element-ed3cfd4 elementor-widget elementor-widget-image\" data-id=\"ed3cfd4\" data-element_type=\"widget\" data-e-type=\"widget\" data-widget_type=\"image.default\">\n\t\t\t\t\t\t\t\t\t\t\t\t<figure class=\"wp-caption\">\n\t\t\t\t\t\t\t\t\t\t<img fetchpriority=\"high\" decoding=\"async\" width=\"768\" height=\"292\" src=\"https:\/\/soymigrante.com\/revista\/wp-content\/uploads\/2025\/02\/migrante-remesas-2-1024x389.jpg\" class=\"attachment-large size-large wp-image-26255\" alt=\"T\u00e9cnico en cocina preparando pizza en cocina moderna y luminosa, ni\u00f1os observando con inter\u00e9s, gastronom\u00eda, trabajo culinario, talento en gastronom\u00eda, imagen relacionada con la revista SoyMigrante.com REVISTA.\" srcset=\"https:\/\/soymigrante.com\/revista\/wp-content\/uploads\/2025\/02\/migrante-remesas-2-1024x389.jpg 1024w, https:\/\/soymigrante.com\/revista\/wp-content\/uploads\/2025\/02\/migrante-remesas-2-300x114.jpg 300w, https:\/\/soymigrante.com\/revista\/wp-content\/uploads\/2025\/02\/migrante-remesas-2-768x292.jpg 768w, https:\/\/soymigrante.com\/revista\/wp-content\/uploads\/2025\/02\/migrante-remesas-2-1536x583.jpg 1536w, https:\/\/soymigrante.com\/revista\/wp-content\/uploads\/2025\/02\/migrante-remesas-2-2048x778.jpg 2048w, https:\/\/soymigrante.com\/revista\/wp-content\/uploads\/2025\/02\/migrante-remesas-2-750x285.webp 750w, https:\/\/soymigrante.com\/revista\/wp-content\/uploads\/2025\/02\/migrante-remesas-2-1140x433.webp 1140w, https:\/\/soymigrante.com\/revista\/wp-content\/uploads\/2025\/02\/migrante-remesas-2.webp 1920w\" sizes=\"(max-width: 768px) 100vw, 768px\" title=\"Las remesas migrantes, principal pilar econ\u00f3mico de Guatemala surgen de un acto de amor, de un sacrificio cotidiano y de una responsabilidad de guatemaltecos en Estados Unidos para con sus familiares en Guatemala.  (Imagen Envato Labs) \u2013 SoyMigrante.com REVISTA\" \/>\t\t\t\t\t\t\t\t\t\t\t<figcaption class=\"widget-image-caption wp-caption-text\">Cocinero preparando comida en la cocina moderna, con ambiente vibrante y profesional, destacando oportunidades laborales, gastronom\u00eda y cultura en la industria restaurantera.<\/figcaption>\n\t\t\t\t\t\t\t\t\t\t<\/figure>\n\t\t\t\t\t\t\t\t\t<\/div>\n\t\t\t\t\t<\/div>\n\t\t\t\t<\/div>\n\t\t<div data-particle_enable=\"false\" data-particle-mobile-disabled=\"false\" class=\"elementor-element elementor-element-31b98e6 e-flex e-con-boxed e-con e-parent\" data-id=\"31b98e6\" data-element_type=\"container\" data-e-type=\"container\">\n\t\t\t\t\t<div class=\"e-con-inner\">\n\t\t\t\t<div class=\"elementor-element elementor-element-35d71f5 elementor-widget elementor-widget-text-editor\" data-id=\"35d71f5\" data-element_type=\"widget\" data-e-type=\"widget\" data-widget_type=\"text-editor.default\">\n\t\t\t\t\t\t\t\t\t<p><b>\u00bfCu\u00e1les son las previsiones en el comportamiento de las remesas para los siguientes meses?\u00a0<\/b><\/p><p>Me gustar\u00eda empezar indicando que el a\u00f1o pasado recibimos alrededor de 21,500 millones de d\u00f3lares en remesas familiares, un poco m\u00e1s de lo que estimamos, que era alrededor de 21,200. Esto fue un crecimiento de 8.6% respecto de 2023, y estimamos 8%. Eso quiere decir que recibimos un poco m\u00e1s de lo que hab\u00edamos estimado originalmente.\u00a0<\/p><p>Este a\u00f1o, el c\u00f3mputo ya en enero est\u00e1 reflejando un ingreso de 1,817.6 millones de d\u00f3lares. Esto, si lo comparamos con enero de 2024, representa un incremento de 349.5 millones de d\u00f3lares. En t\u00e9rminos porcentuales, esto es 23.8% de incremento respecto de enero del a\u00f1o pasado.\u00a0<\/p><p>Cada a\u00f1o vamos batiendo r\u00e9cords. Esto significa que el enero de este a\u00f1o es el enero m\u00e1s alto de la serie hist\u00f3rica desde que se lleva a cabo el c\u00f3mputo de remesas familiares. En otras palabras, desde 2001. Podemos asociarlo, de alguna forma, a lo que est\u00e1 pasando en Estados Unidos. Es poco prematuro indicar que se est\u00e1 cumpliendo la premisa que el banco central ha anticipado, que es lo mismo que ocurri\u00f3 en la administraci\u00f3n anterior del Presidente Trump. Si podemos distinguir la administraci\u00f3n anterior como &#8220;Administraci\u00f3n Trump 1.0&#8221; para facilitar la comparaci\u00f3n, y la nueva administraci\u00f3n del Presidente Trump como &#8220;Administraci\u00f3n 2.0&#8221;, en la primera lo que vimos fue tambi\u00e9n el anuncio de pol\u00edticas migratorias m\u00e1s astringentes, lo que gener\u00f3 un comportamiento precautorio por parte de nuestros compatriotas en Estados Unidos.<\/p><p>Ante la posibilidad de ser deportados, los ahorros y la cantidad de dinero que pod\u00edan mandar a Guatemala aumentaron. Sin embargo, esto no solo ocurri\u00f3 en la administraci\u00f3n Trump. Debo ser claro en que en el anuncio de deportaciones selectivas durante la administraci\u00f3n Obama en 2015 ocurri\u00f3 algo similar. El temor de ser deportado hizo que se incrementaran las remesas familiares desde 2015.<\/p><p>Bajo este comportamiento, prevemos que se repita un poco este a\u00f1o. No podemos ser concluyentes y decir que ya ocurri\u00f3 en enero, pero s\u00ed sabemos que es un dato alto. Adem\u00e1s, de mediados de enero a finales de enero se aceler\u00f3 el env\u00edo de remesas familiares. Lo extraordinario, lo que est\u00e1 por encima de lo proyectado, se dio en la segunda quincena de enero. Es f\u00e1cil atribuirlo a este efecto de precauci\u00f3n por parte de los emigrantes. Sin embargo, hay que verlo de manera prospectiva hacia finales de a\u00f1o.<\/p><p>Nosotros proyectamos que las remesas familiares seguir\u00e1n desacelerando, no en monto, sino en tasa de crecimiento.\u00a0<\/p><p><b>\u00bfEso qu\u00e9 significa?\u00a0<\/b><\/p><p>Es decir, si comparamos el monto recibido en un a\u00f1o respecto del a\u00f1o previo, el porcentaje de incremento ir\u00e1 disminuyendo. Por ejemplo, en 2021 recibimos un aumento del 35% en las remesas familiares, lo cual es poco probable que se mantenga en el tiempo. En 2022 fue del 17.9%, en 2023 del 9.8% y en 2024 del 8.6%. Este a\u00f1o, sin tomar en cuenta el escenario base, proyectamos un incremento del 6%.<\/p><p>Aunque la tasa de crecimiento sea menor, el monto absoluto sigue siendo significativo. Si aplicamos ese 6% al total del a\u00f1o pasado (21,500 millones de d\u00f3lares), estar\u00edamos hablando de 22,800 millones de d\u00f3lares, lo cual es una cifra bastante alta, sobre todo si lo comparamos con lo que ocurr\u00eda hace 10 a\u00f1os, cuando recibimos alrededor de 5,500 millones de d\u00f3lares anuales. Esto significa que las remesas familiares se han m\u00e1s que cuadruplicado en la \u00faltima d\u00e9cada.<\/p>\t\t\t\t\t\t\t\t<\/div>\n\t\t\t\t\t<\/div>\n\t\t\t\t<\/div>\n\t\t<div data-particle_enable=\"false\" data-particle-mobile-disabled=\"false\" class=\"elementor-element elementor-element-5fc8894 e-flex e-con-boxed e-con e-parent\" data-id=\"5fc8894\" data-element_type=\"container\" data-e-type=\"container\">\n\t\t\t\t\t<div class=\"e-con-inner\">\n\t\t\t\t\t<\/div>\n\t\t\t\t<\/div>\n\t\t<div data-particle_enable=\"false\" data-particle-mobile-disabled=\"false\" class=\"elementor-element elementor-element-ad45735 e-flex e-con-boxed e-con e-parent\" data-id=\"ad45735\" data-element_type=\"container\" data-e-type=\"container\">\n\t\t\t\t\t<div class=\"e-con-inner\">\n\t\t\t\t<div class=\"elementor-element elementor-element-4b6a94b elementor-widget elementor-widget-text-editor\" data-id=\"4b6a94b\" data-element_type=\"widget\" data-e-type=\"widget\" data-widget_type=\"text-editor.default\">\n\t\t\t\t\t\t\t\t\t<p><span style=\"color: var( --e-global-color-text ); text-align: var(--text-align);\"><b>\u00bfA qu\u00e9 se atribuye este incremento en enero de 2025?\u00a0<\/b><\/span><\/p><p>Este comportamiento tiene que ver con la din\u00e1mica del empleo en Estados Unidos y con la diversificaci\u00f3n de ocupaciones de los migrantes guatemaltecos. Ya no solo se dedican a la construcci\u00f3n y la agricultura, sino que muchos trabajan en el sector de servicios, que ha sido el que m\u00e1s ha impulsado la econom\u00eda estadounidense en los \u00faltimos tres a\u00f1os, especialmente despu\u00e9s de la pandemia.\u00a0<\/p><p>Se han creado puestos de trabajo que antes no exist\u00edan de manera tan intensiva, como las entregas a domicilio. Adem\u00e1s, las ventas minoristas han cambiado su estructura, realiz\u00e1ndose m\u00e1s a trav\u00e9s de env\u00edos y menos en tiendas f\u00edsicas, lo que ha generado nuevas oportunidades de empleo, particularmente para la poblaci\u00f3n hispana, incluidos los guatemaltecos.<\/p><p>Es importante recordar que el 97% de las remesas familiares provienen de Estados Unidos. En t\u00e9rminos econ\u00f3micos, siempre hablamos de un balance de riesgos: riesgos al alza o a la baja. Los riesgos al alza significan que las remesas podr\u00edan aumentar m\u00e1s del 6%.<\/p>\t\t\t\t\t\t\t\t<\/div>\n\t\t\t\t\t<\/div>\n\t\t\t\t<\/div>\n\t\t<div data-particle_enable=\"false\" data-particle-mobile-disabled=\"false\" class=\"elementor-element elementor-element-8ca2da4 e-flex e-con-boxed e-con e-parent\" data-id=\"8ca2da4\" data-element_type=\"container\" data-e-type=\"container\">\n\t\t\t\t\t<div class=\"e-con-inner\">\n\t\t\t\t<div class=\"elementor-element elementor-element-e5de6f6 elementor-invisible elementor-widget elementor-widget-testimonial\" data-id=\"e5de6f6\" data-element_type=\"widget\" data-e-type=\"widget\" data-settings=\"{&quot;_animation&quot;:&quot;rotateInUpRight&quot;}\" data-widget_type=\"testimonial.default\">\n\t\t\t\t\t\t\t<div class=\"elementor-testimonial-wrapper\">\n\t\t\t\t\t\t\t<div class=\"elementor-testimonial-content\">\"En 2021 recibimos un aumento del 35% en las remesas familiares.  En 2022 el aumento fue del 17.9%, en 2023 del 9.8% y en 2024 del 8.6%. Este a\u00f1o 2025  proyectamos un incremento del 6%\".\n<\/div>\n\t\t\t\n\t\t\t\t\t\t<div class=\"elementor-testimonial-meta elementor-has-image elementor-testimonial-image-position-aside\">\n\t\t\t\t<div class=\"elementor-testimonial-meta-inner\">\n\t\t\t\t\t\t\t\t\t\t\t<div class=\"elementor-testimonial-image\">\n\t\t\t\t\t\t\t<img decoding=\"async\" width=\"1252\" height=\"1454\" src=\"https:\/\/soymigrante.com\/revista\/wp-content\/uploads\/2025\/02\/Imagen-de-WhatsApp-2025-02-21-a-las-104022_6f2eb8a5.webp\" class=\"attachment-full size-full wp-image-26256\" alt=\"Persona sonriendo en un entorno profesional con fondo de biblioteca, vestido con traje y corbata, representaci\u00f3n de las historias y entrevistas en la revista SoyMigrante.\" title=\"Johny Gramajo, gerente econ\u00f3mico del Banco de Guatemala, en entrevista sobre remesas \u2013 SoyMigrante.com REVISTA\" srcset=\"https:\/\/soymigrante.com\/revista\/wp-content\/uploads\/2025\/02\/Imagen-de-WhatsApp-2025-02-21-a-las-104022_6f2eb8a5.webp 1252w, https:\/\/soymigrante.com\/revista\/wp-content\/uploads\/2025\/02\/Imagen-de-WhatsApp-2025-02-21-a-las-104022_6f2eb8a5-258x300.jpg 258w, https:\/\/soymigrante.com\/revista\/wp-content\/uploads\/2025\/02\/Imagen-de-WhatsApp-2025-02-21-a-las-104022_6f2eb8a5-882x1024.jpg 882w, https:\/\/soymigrante.com\/revista\/wp-content\/uploads\/2025\/02\/Imagen-de-WhatsApp-2025-02-21-a-las-104022_6f2eb8a5-768x892.jpg 768w, https:\/\/soymigrante.com\/revista\/wp-content\/uploads\/2025\/02\/Imagen-de-WhatsApp-2025-02-21-a-las-104022_6f2eb8a5-750x871.webp 750w, https:\/\/soymigrante.com\/revista\/wp-content\/uploads\/2025\/02\/Imagen-de-WhatsApp-2025-02-21-a-las-104022_6f2eb8a5-1140x1324.webp 1140w\" sizes=\"(max-width: 1252px) 100vw, 1252px\" \/>\t\t\t\t\t\t<\/div>\n\t\t\t\t\t\n\t\t\t\t\t\t\t\t\t\t<div class=\"elementor-testimonial-details\">\n\t\t\t\t\t\t\t\t\t\t\t\t\t\t<div class=\"elementor-testimonial-name\">Johny Gramajo<\/div>\n\t\t\t\t\t\t\t\t\t\t\t\t\t\t\t\t\t\t\t\t\t\t<div class=\"elementor-testimonial-job\">Geremte Econ\u00f3mico del \nBanco de Guatemala, instituci\u00f3n que\nlleva el monitoreo del ingreso de remesas\nmigrantes desde 2002.<\/div>\n\t\t\t\t\t\t\t\t\t\t\t\t\t<\/div>\n\t\t\t\t\t\t\t\t\t<\/div>\n\t\t\t<\/div>\n\t\t\t\t\t<\/div>\n\t\t\t\t\t\t<\/div>\n\t\t\t\t\t<\/div>\n\t\t\t\t<\/div>\n\t\t<div data-particle_enable=\"false\" data-particle-mobile-disabled=\"false\" class=\"elementor-element elementor-element-97aed6c e-flex e-con-boxed e-con e-parent\" data-id=\"97aed6c\" data-element_type=\"container\" data-e-type=\"container\">\n\t\t\t\t\t<div class=\"e-con-inner\">\n\t\t\t\t<div class=\"elementor-element elementor-element-5b69eaf elementor-widget elementor-widget-text-editor\" data-id=\"5b69eaf\" data-element_type=\"widget\" data-e-type=\"widget\" data-widget_type=\"text-editor.default\">\n\t\t\t\t\t\t\t\t\t<p><span style=\"color: var( --e-global-color-text ); text-align: var(--text-align);\"><b>\u00bfQuiere decir que ustedes, como Banco de Guatemala, observan un comportamiento de de las remesas que se encuentra dentro del par\u00e1metro de lo normal, seg\u00fan los antecedentes?\u00a0<\/b><\/span><\/p><p>En el corto plazo, esperamos un comportamiento similar al de la Administraci\u00f3n Trump 1.0, es decir, un mayor env\u00edo por razones de precauci\u00f3n. En el mediano plazo, podr\u00edamos ver una desaceleraci\u00f3n en la tasa de crecimiento, estabiliz\u00e1ndose entre el 5% y el 6%, debido a que el mercado laboral en Estados Unidos sigue estando &#8220;apretado&#8221;, es decir, hay m\u00e1s plazas disponibles que demandantes de empleo.<\/p><p>A largo plazo, si se implementan medidas migratorias m\u00e1s estrictas que reduzcan la migraci\u00f3n neta (la diferencia entre personas que entran y salen de Estados Unidos.), podr\u00edamos observar una reducci\u00f3n en las remesas familiares. No obstante, este escenario no parece el m\u00e1s probable. Estados Unidos est\u00e1 experimentando un proceso de transici\u00f3n demogr\u00e1fica, con una tasa de natalidad en declive y una poblaci\u00f3n envejecida, lo que podr\u00eda aumentar la necesidad de migrantes para cubrir la demanda laboral.<\/p><p>La evidencia apoya esta hip\u00f3tesis. Durante la Administraci\u00f3n Trump 1.0 y la de Biden, la migraci\u00f3n neta fue positiva, a pesar de pol\u00edticas migratorias m\u00e1s estrictas. Curiosamente fue durante la administraci\u00f3n Obama que m\u00e1s guatemaltecos fueron deportados, hasta ahora.\u00a0 Adem\u00e1s, un escenario de deportaciones masivas parece poco probable, debido a la oposici\u00f3n en ciertos Estados y al impacto negativo que eso tendr\u00eda en la econom\u00eda estadounidense.<\/p>\t\t\t\t\t\t\t\t<\/div>\n\t\t\t\t\t<\/div>\n\t\t\t\t<\/div>\n\t\t<div data-particle_enable=\"false\" data-particle-mobile-disabled=\"false\" class=\"elementor-element elementor-element-6b01671 e-flex e-con-boxed e-con e-parent\" data-id=\"6b01671\" data-element_type=\"container\" data-e-type=\"container\">\n\t\t\t\t\t<div class=\"e-con-inner\">\n\t\t\t\t<div class=\"elementor-element elementor-element-c4685b0 elementor-widget elementor-widget-image\" data-id=\"c4685b0\" data-element_type=\"widget\" data-e-type=\"widget\" data-widget_type=\"image.default\">\n\t\t\t\t\t\t\t\t\t\t\t\t<figure class=\"wp-caption\">\n\t\t\t\t\t\t\t\t\t\t<img decoding=\"async\" width=\"768\" height=\"385\" src=\"https:\/\/soymigrante.com\/revista\/wp-content\/uploads\/2025\/02\/remesas-migrantes-1-1024x513.jpg\" class=\"attachment-large size-large wp-image-26258\" alt=\"Trabajadores de construcci\u00f3n en altura limpiando y manteniendo los cristales de un rascacielos en una ciudad moderna durante el atardecer, reflejando progreso y seguridad laboral.\" srcset=\"https:\/\/soymigrante.com\/revista\/wp-content\/uploads\/2025\/02\/remesas-migrantes-1-1024x513.jpg 1024w, https:\/\/soymigrante.com\/revista\/wp-content\/uploads\/2025\/02\/remesas-migrantes-1-300x150.jpg 300w, https:\/\/soymigrante.com\/revista\/wp-content\/uploads\/2025\/02\/remesas-migrantes-1-768x385.jpg 768w, https:\/\/soymigrante.com\/revista\/wp-content\/uploads\/2025\/02\/remesas-migrantes-1-1536x770.jpg 1536w, https:\/\/soymigrante.com\/revista\/wp-content\/uploads\/2025\/02\/remesas-migrantes-1-2048x1026.jpg 2048w, https:\/\/soymigrante.com\/revista\/wp-content\/uploads\/2025\/02\/remesas-migrantes-1-360x180.webp 360w, https:\/\/soymigrante.com\/revista\/wp-content\/uploads\/2025\/02\/remesas-migrantes-1-750x376.webp 750w, https:\/\/soymigrante.com\/revista\/wp-content\/uploads\/2025\/02\/remesas-migrantes-1-1140x571.webp 1140w, https:\/\/soymigrante.com\/revista\/wp-content\/uploads\/2025\/02\/remesas-migrantes-1.webp 1920w\" sizes=\"(max-width: 768px) 100vw, 768px\" title=\"Las remesas migrantes son mucho m\u00e1s que dinero: son amor, perseverancia, esfuerzos por ahorrar gastos en Estados Unidos para poder enviar recursos a padres, hijos, hermanos, c\u00f3nyuge, en Guatemala: es una convicci\u00f3n que tiene impacto macroecon\u00f3mico. (Imagen generada con Envato Labs) \u2013 SoyMigrante.com REVISTA\" \/>\t\t\t\t\t\t\t\t\t\t\t<figcaption class=\"widget-image-caption wp-caption-text\">Las remesas migrantes son mucho m\u00e1s que dinero: son amor, perseverancia, esfuerzos por ahorrar gastos en Estados Unidos para poder enviar recursos a padres, hijos, hermanos, c\u00f3nyuge, en Guatemala: es una convicci\u00f3n que tiene impacto macroecon\u00f3mico. (Imagen generada con Envato Labs)<\/figcaption>\n\t\t\t\t\t\t\t\t\t\t<\/figure>\n\t\t\t\t\t\t\t\t\t<\/div>\n\t\t\t\t\t<\/div>\n\t\t\t\t<\/div>\n\t\t<div data-particle_enable=\"false\" data-particle-mobile-disabled=\"false\" class=\"elementor-element elementor-element-8452d2d e-flex e-con-boxed e-con e-parent\" data-id=\"8452d2d\" data-element_type=\"container\" data-e-type=\"container\">\n\t\t\t\t\t<div class=\"e-con-inner\">\n\t\t\t\t<div class=\"elementor-element elementor-element-d43b764 elementor-widget elementor-widget-text-editor\" data-id=\"d43b764\" data-element_type=\"widget\" data-e-type=\"widget\" data-widget_type=\"text-editor.default\">\n\t\t\t\t\t\t\t\t\t<p><span style=\"color: var( --e-global-color-text ); text-align: var(--text-align);\"><b>\u00bfDebido a estos fen\u00f3menos pol\u00edticos y sociales, han detectado cambios en la forma de transacciones o env\u00edo de remesas?\u00a0<\/b><\/span><\/p><p>Es un tema muy importante, interesante. El 95% de las remesas se env\u00edan de manera electr\u00f3nica a trav\u00e9s de remesadores en EE.UU. Sin embargo, por temor a ser deportados, algunos migrantes podr\u00edan recurrir a compatriotas con estatus migratorio regular para realizar las transferencias, lo que podr\u00eda generar una desaceleraci\u00f3n temporal en los env\u00edos. Tambi\u00e9n se ha discutido la posibilidad de imponer impuestos a las remesas, pero la experiencia en otros pa\u00edses indica que esto no reduce significativamente los env\u00edos, pues los migrantes suelen asumir el costo adicional para no afectar a sus familias.<\/p><p>La migraci\u00f3n guatemalteca en EE.UU. es relativamente joven y de primera generaci\u00f3n, lo que significa que muchos migrantes planean regresar a Guatemala e invierten en vivienda en su pa\u00eds de origen. Seg\u00fan la Organizaci\u00f3n Internacional para las Migraciones, el 40% de las remesas se destina a inversi\u00f3n y ahorro.<\/p>\t\t\t\t\t\t\t\t<\/div>\n\t\t\t\t\t<\/div>\n\t\t\t\t<\/div>\n\t\t<div data-particle_enable=\"false\" data-particle-mobile-disabled=\"false\" class=\"elementor-element elementor-element-b3cec49 e-flex e-con-boxed e-con e-parent\" data-id=\"b3cec49\" data-element_type=\"container\" data-e-type=\"container\">\n\t\t\t\t\t<div class=\"e-con-inner\">\n\t\t\t\t<div class=\"elementor-element elementor-element-8d8ae57 elementor-grid-eael-col-1 elementor-grid-tablet-eael-col-2 elementor-grid-mobile-eael-col-1 elementor-invisible elementor-widget elementor-widget-eael-post-grid\" data-id=\"8d8ae57\" data-element_type=\"widget\" data-e-type=\"widget\" data-settings=\"{&quot;eael_post_grid_columns&quot;:&quot;eael-col-1&quot;,&quot;_animation&quot;:&quot;fadeInLeft&quot;,&quot;eael_post_grid_columns_tablet&quot;:&quot;eael-col-2&quot;,&quot;eael_post_grid_columns_mobile&quot;:&quot;eael-col-1&quot;}\" data-widget_type=\"eael-post-grid.default\">\n\t\t\t\t\t<div id=\"eael-post-grid-8d8ae57\" class=\"eael-post-grid-container\">\n            <div class=\"eael-post-grid eael-post-appender eael-post-appender-8d8ae57 eael-post-grid-style-one\" data-layout-mode=\"masonry\"><article class=\"eael-grid-post  eael-post-grid-column eael-pg-post-23208 category-estamos-unidos\" data-id=\"23208\">\n        <div class=\"eael-grid-post-holder\">\n            <div class=\"eael-grid-post-holder-inner\"><div class=\"eael-entry-media\"><div class=\"eael-entry-overlay fade-in\"><i class=\"far fa-hand-pointer\" aria-hidden=\"true\"><\/i><a href=\"https:\/\/soymigrante.com\/revista\/remesas-han-sido-el-recurso-mas-efectivo-para-reducir-pobreza-afirma-economista-guillermo-diaz\/\"><\/a><\/div><div class=\"eael-entry-thumbnail eael-image-ratio\">\n                <img loading=\"lazy\" decoding=\"async\" width=\"695\" height=\"695\" src=\"https:\/\/soymigrante.com\/revista\/wp-content\/uploads\/2025\/01\/remesas-migranes.webp\" class=\"attachment-large size-large wp-image-23210\" alt=\"Remesas de dinero img, mujer en noche frente a casa de remesas, servicios de env\u00edo de dinero para migrantes, dinero internacional transferencia, fotograf\u00eda atm\u00f3sfera nocturna remesas.\" srcset=\"https:\/\/soymigrante.com\/revista\/wp-content\/uploads\/2025\/01\/remesas-migranes.webp 695w, https:\/\/soymigrante.com\/revista\/wp-content\/uploads\/2025\/01\/remesas-migranes-300x300.jpg 300w, https:\/\/soymigrante.com\/revista\/wp-content\/uploads\/2025\/01\/remesas-migranes-150x150.jpg 150w, https:\/\/soymigrante.com\/revista\/wp-content\/uploads\/2025\/01\/remesas-migranes-75x75.webp 75w\" sizes=\"(max-width: 695px) 100vw, 695px\" \/>\n            <\/div>\n        <\/div><div class=\"eael-entry-wrapper\"><header class=\"eael-entry-header\"><h2 class=\"eael-entry-title\"><a class=\"eael-grid-post-link\" href=\"https:\/\/soymigrante.com\/revista\/remesas-han-sido-el-recurso-mas-efectivo-para-reducir-pobreza-afirma-economista-guillermo-diaz\/\" title=\"Remesas migrantes han reducido la pobreza m\u00e1s que cualquier otro factor: economista Guillermo D\u00edaz\">Remesas migrantes han reducido la pobreza m\u00e1s que cualquier otro factor: economista Guillermo D\u00edaz<\/a><\/h2><\/header><div class=\"eael-entry-content\">\n                        <div class=\"eael-grid-post-excerpt\"><a href=\"https:\/\/soymigrante.com\/revista\/remesas-han-sido-el-recurso-mas-efectivo-para-reducir-pobreza-afirma-economista-guillermo-diaz\/\" class=\"eael-post-elements-readmore-btn\">CONOCE POR QU\u00c9 EN ESTE AN\u00c1LISIS SOBRE EL PILAR ECON\u00d3MICO M\u00c1S IMPORTANTE DE GUATEMALA<\/a><\/div>\n                    <\/div><\/div><\/div>\n        <\/div>\n    <\/article><\/div>\n            <div class=\"clearfix\"><\/div>\n        <\/div>\t\t\t\t<\/div>\n\t\t\t\t\t<\/div>\n\t\t\t\t<\/div>\n\t\t<div data-particle_enable=\"false\" data-particle-mobile-disabled=\"false\" class=\"elementor-element elementor-element-2905531 e-flex e-con-boxed e-con e-parent\" data-id=\"2905531\" data-element_type=\"container\" data-e-type=\"container\">\n\t\t\t\t\t<div class=\"e-con-inner\">\n\t\t\t\t<div class=\"elementor-element elementor-element-f369e3c elementor-widget elementor-widget-text-editor\" data-id=\"f369e3c\" data-element_type=\"widget\" data-e-type=\"widget\" data-widget_type=\"text-editor.default\">\n\t\t\t\t\t\t\t\t\t<p><span style=\"color: var( --e-global-color-text ); text-align: var(--text-align);\"><b>Seg\u00fan un estudio de la URL, las remesas son la principal forma de reducir la pobreza en el pa\u00eds, m\u00e1s que las pol\u00edticas p\u00fablicas \u00bfC\u00f3mo ven eso ustedes desde el BANGUAT?<\/b><\/span><\/p><p>Las remesas han sido clave en la reducci\u00f3n de la pobreza en Guatemala, beneficiando a m\u00e1s de 7 millones de personas. Sin embargo, debido a la falta de datos actualizados durante la pandemia, no podemos determinar con certeza su impacto en la reducci\u00f3n de la pobreza. Lo que s\u00ed sabemos es que la migraci\u00f3n responde a la falta de oportunidades en el pa\u00eds.<\/p><p><b>\u00bfCree usted que se necesita hacer una revisi\u00f3n m\u00e1s minuciosa de los datos?\u00a0<\/b><\/p><p>Lo que hubiese sido deseable es tener una encuesta continua, pero no la tenemos porque no hay manera de reconstruir los datos hacia atr\u00e1s. Sin embargo, hay otros indicadores que podr\u00edan confirmar lo que este estudio, que no lo he visto,\u00a0 de la Universidad Rafael Land\u00edvar que creo que est\u00e1 apuntando a un hecho que s\u00ed es es real y que podemos ver en tres dimensiones:\u00a0<\/p><p>Las remesas familiares benefician a cerca de 7 millones de personas, y provienen de la poblaci\u00f3n que, seg\u00fan la Organizaci\u00f3n Internacional de las Migraciones, OIM, dice que est\u00e1 en Estados Unidos, seg\u00fan la encuesta 2 022. Estamos hablando de tres millones de personas,\u00a0 de las cuales 2.1 millones env\u00edan remesas familiares y los beneficiarios son m\u00e1s de 7 millones de personas casualmente en las \u00e1reas m\u00e1s pobres del pa\u00eds.\u00a0\u00a0<\/p><p>Si cerca del 58% de eso va a consumo, y la caracter\u00edstica fundamental de la pobreza es que la mayor parte del ingreso se dedica al consumo pues es obvio que las necesidades de consumo est\u00e1n siendo suplidas por remesas. Esa es la primera.<\/p><p>La segunda es que para algunas personas las remesas familiares son un ingreso complementario, es decir, tienen un ingreso por su actividad normal y las remesas complementan, eso quiere decir que les permite consumir m\u00e1s all\u00e1 de lo que su ingreso normal les permitir\u00eda. No recuerdo el dato pero estamos hablando de m\u00e1s o menos 25% de las personas que reciben remesas familiares.\u00a0<\/p><p>\u00a0Y la tercera dimensi\u00f3n es que de acuerdo al Centro de Estudios Monetarios Latinoamericanos, CEMLA, del universo de personas que reciben remesas,\u00a0 el 30 por ciento de ellas es el \u00fanico ingreso que tiene,\u00a0 eso quiere decir que si no tuviesen otro ingreso su situaci\u00f3n ser\u00eda muy dif\u00edcil.\u00a0<\/p><p>Hay que recordar que las Pol\u00edticas P\u00fablicas en \u00edndole social, por muy enfocadas o focalizadas que est\u00e9n, no son perfectas. Entonces, b\u00e1sicamente de alguna forma la migraci\u00f3n y la consecuencia l\u00f3gica de la migraci\u00f3n que es el env\u00edo de remesas, lo ocupan.\u00a0<\/p>\t\t\t\t\t\t\t\t<\/div>\n\t\t\t\t\t<\/div>\n\t\t\t\t<\/div>\n\t\t<div data-particle_enable=\"false\" data-particle-mobile-disabled=\"false\" class=\"elementor-element elementor-element-5bb5630 e-flex e-con-boxed e-con e-parent\" data-id=\"5bb5630\" data-element_type=\"container\" data-e-type=\"container\">\n\t\t\t\t\t<div class=\"e-con-inner\">\n\t\t\t\t<div class=\"elementor-element elementor-element-6269b3a elementor-widget elementor-widget-image\" data-id=\"6269b3a\" data-element_type=\"widget\" data-e-type=\"widget\" data-widget_type=\"image.default\">\n\t\t\t\t\t\t\t\t\t\t\t\t<figure class=\"wp-caption\">\n\t\t\t\t\t\t\t\t\t\t<img loading=\"lazy\" decoding=\"async\" width=\"768\" height=\"439\" src=\"https:\/\/soymigrante.com\/revista\/wp-content\/uploads\/2025\/02\/envato-labs-image-edit-8-1024x585.png\" class=\"attachment-large size-large wp-image-26261\" alt=\"Dinero y migraci\u00f3n: an\u00e1lisis econ\u00f3mico de los migrantes latinoamericanos y su impacto en las remesas internacionales.\" srcset=\"https:\/\/soymigrante.com\/revista\/wp-content\/uploads\/2025\/02\/envato-labs-image-edit-8-1024x585.png 1024w, https:\/\/soymigrante.com\/revista\/wp-content\/uploads\/2025\/02\/envato-labs-image-edit-8-300x171.png 300w, https:\/\/soymigrante.com\/revista\/wp-content\/uploads\/2025\/02\/envato-labs-image-edit-8-768x439.png 768w, https:\/\/soymigrante.com\/revista\/wp-content\/uploads\/2025\/02\/envato-labs-image-edit-8-750x429.webp 750w, https:\/\/soymigrante.com\/revista\/wp-content\/uploads\/2025\/02\/envato-labs-image-edit-8-1140x651.webp 1140w, https:\/\/soymigrante.com\/revista\/wp-content\/uploads\/2025\/02\/envato-labs-image-edit-8.webp 1344w\" sizes=\"(max-width: 768px) 100vw, 768px\" title=\"envato-labs-image-edit 8 \u2013 SoyMigrante.com REVISTA\" \/>\t\t\t\t\t\t\t\t\t\t\t<figcaption class=\"widget-image-caption wp-caption-text\">An\u00e1lisis de las remesas y el valor del d\u00f3lar en las comunidades migrantes latinoamericanas.<\/figcaption>\n\t\t\t\t\t\t\t\t\t\t<\/figure>\n\t\t\t\t\t\t\t\t\t<\/div>\n\t\t\t\t\t<\/div>\n\t\t\t\t<\/div>\n\t\t<div data-particle_enable=\"false\" data-particle-mobile-disabled=\"false\" class=\"elementor-element elementor-element-cf23940 e-flex e-con-boxed e-con e-parent\" data-id=\"cf23940\" data-element_type=\"container\" data-e-type=\"container\">\n\t\t\t\t\t<div class=\"e-con-inner\">\n\t\t\t\t<div class=\"elementor-element elementor-element-e1e11fc elementor-widget elementor-widget-text-editor\" data-id=\"e1e11fc\" data-element_type=\"widget\" data-e-type=\"widget\" data-widget_type=\"text-editor.default\">\n\t\t\t\t\t\t\t\t\t<p><span style=\"color: var( --e-global-color-text ); text-align: var(--text-align);\"><b>Desde la perspectiva t\u00e9cnica del banco de Guatemala \u00bfQu\u00e9 ser\u00eda del pa\u00eds sin las remesas?\u00a0<\/b><\/span><\/p><p>En t\u00e9rminos econ\u00f3micos el impacto ser\u00eda muy fuerte, en t\u00e9rminos sociales ser\u00eda muy profundo. Para reducir la dependencia de las remesas, es fundamental fortalecer las pol\u00edticas p\u00fablicas y la inversi\u00f3n privada para generar empleo en Guatemala. La diferencia salarial entre EE.UU. y Guatemala sigue siendo un incentivo para la migraci\u00f3n. El desaf\u00edo es crear oportunidades que permitan a los guatemaltecos encontrar en su propio pa\u00eds las condiciones que los hagan quedarse.<\/p><p>Muchas de las actividades econ\u00f3micas en el pa\u00eds se dedican al consumo. El comercio, por ejemplo, la industria, particularmente la producci\u00f3n de alimentos y bebidas, y otras actividades como la construcci\u00f3n, incluyendo la compra de materiales para viviendas, forman parte de este entorno econ\u00f3mico. Estas viviendas, en muchos casos, son financiadas por compatriotas migrantes.<\/p><p><b>Tomando en cuenta los cambios que se han registrado \u00bfQu\u00e9 herramientas financieras se deben tomar en cuenta para aprovechar mejor el dinero de las remesas?\u00a0<\/b><\/p><p>En este sentido, afortunadamente, ya se ha avanzado y se est\u00e1 trabajando en un pilar fundamental. Es importante distinguir entre los efectos de la coyuntura y los efectos de la normalidad. En la normalidad, el Banco de Guatemala, en conjunto con la Superintendencia de Bancos y el Ministerio de Econom\u00eda, lanzaron el a\u00f1o pasado la segunda parte de la Estrategia Nacional de Inclusi\u00f3n Financiera.<\/p><p>Uno de los pilares m\u00e1s importantes de esta estrategia es justamente el manejo de las remesas familiares. El prop\u00f3sito es bancarizar m\u00e1s las remesas familiares, considerando que la mayor\u00eda se liquidan en efectivo. Es decir, el beneficiario retira el dinero en el banco y solo un porcentaje muy bajo, aproximadamente el 10%, lo deja en la cuenta por un tiempo antes de utilizarlo. Mientras tanto, el restante 90% se retira en efectivo, lo que limita dos posibilidades fundamentales.<\/p><p>La primera es la posibilidad de ser sujeto de cr\u00e9dito. Si una persona recibe un flujo regular de ingresos y el banco puede evidenciarlo, ya que los bancos cuentan con una pol\u00edtica de \u201cconozca a su cliente\u201d, se abre la oportunidad de que pueda acceder a un cr\u00e9dito en el futuro. Adem\u00e1s, podr\u00eda obtener un seguro para su cosecha, una tarjeta de d\u00e9bito, una cuenta para realizar operaciones electr\u00f3nicas desde su dispositivo m\u00f3vil, entre otros beneficios.<\/p><p>En el \u00e1mbito del emprendimiento, si la remesa recibida no es suficiente para iniciar un negocio, el beneficiario podr\u00eda acceder a un cr\u00e9dito utilizando la remesa como garant\u00eda o colateral. Este es un beneficio a nivel individual. Sin embargo, tambi\u00e9n existen las remesas colectivas, un fen\u00f3meno estudiado por FLACSO (Facultad Latinoamericana de Ciencias Sociales),\u00a0 que depende en gran medida de la confianza de los migrantes en el pa\u00eds para enviar dinero destinado a proyectos comunitarios. Estos proyectos pueden potenciar el impacto del dinero recibido, permitiendo el desarrollo de cooperativas o negocios comunitarios en lugar de iniciativas individuales.<\/p><p>Algunos casos de \u00e9xito documentados incluyen la instalaci\u00f3n de paneles solares y la prestaci\u00f3n de servicios b\u00e1sicos en comunidades. Sin embargo, <b>el env\u00edo de remesas colectivas sigue siendo bajo.\u00a0<\/b><\/p><p>Para fomentar este tipo de inversi\u00f3n, es fundamental contar con apoyo institucional y pol\u00edticas p\u00fablicas que respalden estas iniciativas. Adem\u00e1s, es clave generar confianza entre los migrantes para garantizar que los fondos canalizados a trav\u00e9s de entidades gubernamentales o no gubernamentales sean bien utilizados en beneficio de las comunidades.<\/p><p>La Estrategia Nacional de Inclusi\u00f3n Financiera ya ha dado algunos frutos, como la simplificaci\u00f3n del proceso para abrir cuentas bancarias, reduciendo tr\u00e1mites y requisitos para migrantes. A largo plazo, un tema de gran relevancia es la posibilidad de que bancos guatemaltecos operen en Estados Unidos. Esto ya ocurre con bancos costarricenses, como el BICSA, (Banco Internacional de Costa Rica) que tiene presencia en ese pa\u00eds. Evaluar la viabilidad de esta estrategia podr\u00eda ser clave para facilitar el env\u00edo de remesas y abaratar los costos de transferencia.<\/p>\t\t\t\t\t\t\t\t<\/div>\n\t\t\t\t\t<\/div>\n\t\t\t\t<\/div>\n\t\t<div data-particle_enable=\"false\" data-particle-mobile-disabled=\"false\" class=\"elementor-element elementor-element-32b4544 e-flex e-con-boxed e-con e-parent\" data-id=\"32b4544\" data-element_type=\"container\" data-e-type=\"container\">\n\t\t\t\t\t<div class=\"e-con-inner\">\n\t\t\t\t<div class=\"elementor-element elementor-element-a7bc950 elementor-grid-eael-col-1 elementor-grid-tablet-eael-col-2 elementor-grid-mobile-eael-col-1 elementor-invisible elementor-widget elementor-widget-eael-post-grid\" data-id=\"a7bc950\" data-element_type=\"widget\" data-e-type=\"widget\" data-settings=\"{&quot;eael_post_grid_columns&quot;:&quot;eael-col-1&quot;,&quot;_animation&quot;:&quot;fadeInLeft&quot;,&quot;eael_post_grid_columns_tablet&quot;:&quot;eael-col-2&quot;,&quot;eael_post_grid_columns_mobile&quot;:&quot;eael-col-1&quot;}\" data-widget_type=\"eael-post-grid.default\">\n\t\t\t\t\t<div id=\"eael-post-grid-a7bc950\" class=\"eael-post-grid-container\">\n            <div class=\"eael-post-grid eael-post-appender eael-post-appender-a7bc950 eael-post-grid-style-one\" data-layout-mode=\"masonry\"><article class=\"eael-grid-post  eael-post-grid-column eael-pg-post-10706 category-estamos-unidos\" data-id=\"10706\">\n        <div class=\"eael-grid-post-holder\">\n            <div class=\"eael-grid-post-holder-inner\"><div class=\"eael-entry-media\"><div class=\"eael-entry-overlay fade-in\"><i class=\"far fa-hand-pointer\" aria-hidden=\"true\"><\/i><a href=\"https:\/\/soymigrante.com\/revista\/remesas-migrantes-10-se-destinan-a-ahorro-y-8-a-emprendimientos\/\"><\/a><\/div><div class=\"eael-entry-thumbnail eael-image-ratio\">\n                <img loading=\"lazy\" decoding=\"async\" width=\"1024\" height=\"1024\" src=\"https:\/\/soymigrante.com\/revista\/wp-content\/uploads\/2024\/10\/Remesas-USA-2-1024x1024.jpg\" class=\"attachment-large size-large wp-image-10708\" alt=\"Bolsillo rojo con billetes de d\u00f3lares, s\u00edmbolo de finanzas y econom\u00eda para art\u00edculos sobre inmigrantes y recursos econ\u00f3micos en SoyMigrante.com REVISTA.\" srcset=\"https:\/\/soymigrante.com\/revista\/wp-content\/uploads\/2024\/10\/Remesas-USA-2-1024x1024.jpg 1024w, https:\/\/soymigrante.com\/revista\/wp-content\/uploads\/2024\/10\/Remesas-USA-2-300x300.webp 300w, https:\/\/soymigrante.com\/revista\/wp-content\/uploads\/2024\/10\/Remesas-USA-2-150x150.webp 150w, https:\/\/soymigrante.com\/revista\/wp-content\/uploads\/2024\/10\/Remesas-USA-2-768x768.jpg 768w, https:\/\/soymigrante.com\/revista\/wp-content\/uploads\/2024\/10\/Remesas-USA-2-1536x1536.jpg 1536w, https:\/\/soymigrante.com\/revista\/wp-content\/uploads\/2024\/10\/Remesas-USA-2-2048x2048.jpg 2048w, https:\/\/soymigrante.com\/revista\/wp-content\/uploads\/2024\/10\/Remesas-USA-2-75x75.webp 75w, https:\/\/soymigrante.com\/revista\/wp-content\/uploads\/2024\/10\/Remesas-USA-2-750x750.webp 750w, https:\/\/soymigrante.com\/revista\/wp-content\/uploads\/2024\/10\/Remesas-USA-2-1140x1140.jpg 1140w, https:\/\/soymigrante.com\/revista\/wp-content\/uploads\/2024\/10\/Remesas-USA-2-scaled.webp 1920w\" sizes=\"(max-width: 1024px) 100vw, 1024px\" \/>\n            <\/div>\n        <\/div><div class=\"eael-entry-wrapper\"><header class=\"eael-entry-header\"><h2 class=\"eael-entry-title\"><a class=\"eael-grid-post-link\" href=\"https:\/\/soymigrante.com\/revista\/remesas-migrantes-10-se-destinan-a-ahorro-y-8-a-emprendimientos\/\" title=\"10% de remesas migrantes se destinan a ahorro y 8%, a emprendimientos: entrevista con experto guatemalteco\">10% de remesas migrantes se destinan a ahorro y 8%, a emprendimientos: entrevista con experto guatemalteco<\/a><\/h2><\/header><div class=\"eael-entry-content\">\n                        <div class=\"eael-grid-post-excerpt\"><a href=\"https:\/\/soymigrante.com\/revista\/remesas-migrantes-10-se-destinan-a-ahorro-y-8-a-emprendimientos\/\" class=\"eael-post-elements-readmore-btn\">CONOCE POR QU\u00c9 EN ESTE AN\u00c1LISIS SOBRE EL PILAR ECON\u00d3MICO M\u00c1S IMPORTANTE DE GUATEMALA<\/a><\/div>\n                    <\/div><\/div><\/div>\n        <\/div>\n    <\/article><\/div>\n            <div class=\"clearfix\"><\/div>\n        <\/div>\t\t\t\t<\/div>\n\t\t\t\t\t<\/div>\n\t\t\t\t<\/div>\n\t\t<div data-particle_enable=\"false\" data-particle-mobile-disabled=\"false\" class=\"elementor-element elementor-element-c0eaef3 e-flex e-con-boxed e-con e-parent\" data-id=\"c0eaef3\" data-element_type=\"container\" data-e-type=\"container\">\n\t\t\t\t\t<div class=\"e-con-inner\">\n\t\t\t\t<div class=\"elementor-element elementor-element-c4f082f elementor-widget elementor-widget-text-editor\" data-id=\"c4f082f\" data-element_type=\"widget\" data-e-type=\"widget\" data-widget_type=\"text-editor.default\">\n\t\t\t\t\t\t\t\t\t<p><span style=\"color: var( --e-global-color-text ); text-align: var(--text-align);\"><b>\u00bfY de qu\u00e9 depende que se implemente esta estrategia?\u00a0<\/b><\/span><\/p><p>Existen desaf\u00edos legales y financieros que deben analizarse antes de implementar esta estrategia. Por ejemplo, en algunas embajadas de Estados Unidos se reciben pagos en efectivo, pero las regulaciones impiden su dep\u00f3sito en cuentas bancarias. Un banco guatemalteco en el extranjero tendr\u00eda que sortear este tipo de restricciones, lo que requerir\u00eda un an\u00e1lisis exhaustivo.<\/p><p><b>\u00bfCu\u00e1les son las recomendaciones a mediano y largo plazo seg\u00fan las previsiones que se tienen?\u00a0<\/b><\/p><p>En t\u00e9rminos generales, el panorama actual representa una coyuntura dif\u00edcil y llena de incertidumbre. Sin embargo, hay razones objetivas para ser optimistas. No todas las medidas anunciadas pueden llevarse a cabo, por lo que es importante mantener la calma. La comunidad hispana en Estados Unidos tiene preocupaciones leg\u00edtimas, pero es fundamental considerar que, aunque existe riesgo, el crecimiento econ\u00f3mico en ese pa\u00eds sigue siendo s\u00f3lido.<\/p><p>De hecho, organismos como el Fondo Monetario Internacional han proyectado un crecimiento mayor del esperado para la econom\u00eda estadounidense. La Reserva Federal tambi\u00e9n ha confirmado la fortaleza del empleo y la actividad econ\u00f3mica, lo que sugiere que las fuentes de ingreso continuar\u00e1n disponibles. La incertidumbre principal radica en el \u00e1mbito migratorio.<\/p><p>A pesar de esto, no parece haber un escenario realista de deportaciones masivas. En enero de este a\u00f1o, el n\u00famero de deportados fue de aproximadamente 5,000 personas, seg\u00fan el Instituto Guatemalteco de Migraci\u00f3n. Si bien el riesgo es latente, es importante confiar en que las condiciones pueden mejorar.<\/p><p>En conclusi\u00f3n, este es un tema de gran relevancia tanto econ\u00f3mica como socialmente. Las estrategias actuales buscan generar inclusi\u00f3n financiera, mejorar las condiciones para los receptores de remesas y fomentar el desarrollo comunitario a trav\u00e9s del respaldo institucional. A medida que estas iniciativas avancen, ser\u00e1 posible mejorar la estabilidad econ\u00f3mica de las familias y comunidades que dependen de estos recursos.<\/p>\t\t\t\t\t\t\t\t<\/div>\n\t\t\t\t\t<\/div>\n\t\t\t\t<\/div>\n\t\t<div data-particle_enable=\"false\" data-particle-mobile-disabled=\"false\" class=\"elementor-element elementor-element-da8b355 e-flex e-con-boxed e-con e-parent\" data-id=\"da8b355\" data-element_type=\"container\" data-e-type=\"container\">\n\t\t\t\t\t<div class=\"e-con-inner\">\n\t\t\t\t<div class=\"elementor-element elementor-element-c3264a3 elementor-widget elementor-widget-heading\" data-id=\"c3264a3\" data-element_type=\"widget\" data-e-type=\"widget\" data-widget_type=\"heading.default\">\n\t\t\t\t\t<h2 class=\"elementor-heading-title elementor-size-default\">El aporte migrante va mucho m\u00e1s all\u00e1 de las remesas<\/h2>\t\t\t\t<\/div>\n\t\t\t\t\t<\/div>\n\t\t\t\t<\/div>\n\t\t<div data-particle_enable=\"false\" data-particle-mobile-disabled=\"false\" class=\"elementor-element elementor-element-e06c256 e-flex e-con-boxed e-con e-parent\" data-id=\"e06c256\" data-element_type=\"container\" data-e-type=\"container\">\n\t\t\t\t\t<div class=\"e-con-inner\">\n\t\t\t\t<div class=\"elementor-element elementor-element-98413e3 elementor-grid-eael-col-3 elementor-grid-tablet-eael-col-2 elementor-grid-mobile-eael-col-1 elementor-widget elementor-widget-eael-post-grid\" data-id=\"98413e3\" data-element_type=\"widget\" data-e-type=\"widget\" data-settings=\"{&quot;eael_post_grid_columns&quot;:&quot;eael-col-3&quot;,&quot;eael_post_grid_columns_tablet&quot;:&quot;eael-col-2&quot;,&quot;eael_post_grid_columns_mobile&quot;:&quot;eael-col-1&quot;}\" data-widget_type=\"eael-post-grid.default\">\n\t\t\t\t\t<div id=\"eael-post-grid-98413e3\" class=\"eael-post-grid-container\">\n            <div class=\"eael-post-grid eael-post-appender eael-post-appender-98413e3 eael-post-grid-style-one\" data-layout-mode=\"masonry\"><article class=\"eael-grid-post  eael-post-grid-column eael-pg-post-16900 category-exitos\" data-id=\"16900\">\n        <div class=\"eael-grid-post-holder\">\n            <div class=\"eael-grid-post-holder-inner\"><div class=\"eael-entry-media\"><div class=\"eael-entry-overlay fade-in\"><i class=\"far fa-hand-pointer\" aria-hidden=\"true\"><\/i><a href=\"https:\/\/soymigrante.com\/revista\/karolin-espana-dirige-kika-proyecto-de-ayuda-alimentaria-impulsado-por-sus-hijas\/\"><\/a><\/div><div class=\"eael-entry-thumbnail \">\n                <img loading=\"lazy\" decoding=\"async\" width=\"861\" height=\"861\" src=\"https:\/\/soymigrante.com\/revista\/wp-content\/uploads\/2024\/12\/historia-karolin-espana-KIKA.webp\" class=\"attachment-large size-large wp-image-16901\" alt=\"Ni\u00f1a en desfile cultural participando en evento de apoyo a la infancia y la nutrici\u00f3n en M\u00e9xico, con grupo de personas en vestimenta tradicional y cartel de organizaci\u00f3n KIKA, promoviendo derechos infantiles.\" srcset=\"https:\/\/soymigrante.com\/revista\/wp-content\/uploads\/2024\/12\/historia-karolin-espana-KIKA.webp 861w, https:\/\/soymigrante.com\/revista\/wp-content\/uploads\/2024\/12\/historia-karolin-espana-KIKA-300x300.jpg 300w, https:\/\/soymigrante.com\/revista\/wp-content\/uploads\/2024\/12\/historia-karolin-espana-KIKA-150x150.jpg 150w, https:\/\/soymigrante.com\/revista\/wp-content\/uploads\/2024\/12\/historia-karolin-espana-KIKA-768x768.jpg 768w, https:\/\/soymigrante.com\/revista\/wp-content\/uploads\/2024\/12\/historia-karolin-espana-KIKA-75x75.webp 75w, https:\/\/soymigrante.com\/revista\/wp-content\/uploads\/2024\/12\/historia-karolin-espana-KIKA-750x750.webp 750w\" sizes=\"(max-width: 861px) 100vw, 861px\" \/>\n            <\/div>\n        <\/div><div class=\"eael-entry-wrapper\"><header class=\"eael-entry-header\"><h2 class=\"eael-entry-title\"><a class=\"eael-grid-post-link\" href=\"https:\/\/soymigrante.com\/revista\/karolin-espana-dirige-kika-proyecto-de-ayuda-alimentaria-impulsado-por-sus-hijas\/\" title=\"Karolin Rasc\u00f3n dirige KIKA, iniciativa de ayuda alimentaria desde L.A. a Guatemala, inspirada por sus hijas Kiara y Kaili\">Karolin Rasc\u00f3n dirige KIKA, iniciativa de ayuda alimentaria desde L.A. a Guatemala, inspirada por sus hijas Kiara y Kaili<\/a><\/h2><\/header><div class=\"eael-entry-content\">\n                        <div class=\"eael-grid-post-excerpt\"><a href=\"https:\/\/soymigrante.com\/revista\/karolin-espana-dirige-kika-proyecto-de-ayuda-alimentaria-impulsado-por-sus-hijas\/\" class=\"eael-post-elements-readmore-btn\">CONOCE SU HISTORIA <\/a><\/div>\n                    <\/div><\/div><\/div>\n        <\/div>\n    <\/article><article class=\"eael-grid-post  eael-post-grid-column eael-pg-post-4262 category-estamos-unidos\" data-id=\"4262\">\n        <div class=\"eael-grid-post-holder\">\n            <div class=\"eael-grid-post-holder-inner\"><div class=\"eael-entry-media\"><div class=\"eael-entry-overlay fade-in\"><i class=\"far fa-hand-pointer\" aria-hidden=\"true\"><\/i><a href=\"https:\/\/soymigrante.com\/revista\/editorial-la-guatemala-migrante-trabaja-aporta-ama-y-vuela-alto\/\"><\/a><\/div><div class=\"eael-entry-thumbnail \">\n                <img loading=\"lazy\" decoding=\"async\" width=\"1024\" height=\"650\" src=\"https:\/\/soymigrante.com\/revista\/wp-content\/uploads\/2024\/01\/Captura-de-pantalla-2024-01-08-132346-1024x650.webp\" class=\"attachment-large size-large wp-image-4276\" alt=\"\" srcset=\"https:\/\/soymigrante.com\/revista\/wp-content\/uploads\/2024\/01\/Captura-de-pantalla-2024-01-08-132346-1024x650.webp 1024w, https:\/\/soymigrante.com\/revista\/wp-content\/uploads\/2024\/01\/Captura-de-pantalla-2024-01-08-132346-300x190.webp 300w, https:\/\/soymigrante.com\/revista\/wp-content\/uploads\/2024\/01\/Captura-de-pantalla-2024-01-08-132346-768x487.webp 768w, https:\/\/soymigrante.com\/revista\/wp-content\/uploads\/2024\/01\/Captura-de-pantalla-2024-01-08-132346-750x476.webp 750w, https:\/\/soymigrante.com\/revista\/wp-content\/uploads\/2024\/01\/Captura-de-pantalla-2024-01-08-132346-1140x724.webp 1140w, https:\/\/soymigrante.com\/revista\/wp-content\/uploads\/2024\/01\/Captura-de-pantalla-2024-01-08-132346.webp 1262w\" sizes=\"(max-width: 1024px) 100vw, 1024px\" \/>\n            <\/div>\n        <\/div><div class=\"eael-entry-wrapper\"><header class=\"eael-entry-header\"><h2 class=\"eael-entry-title\"><a class=\"eael-grid-post-link\" href=\"https:\/\/soymigrante.com\/revista\/editorial-la-guatemala-migrante-trabaja-aporta-ama-y-vuela-alto\/\" title=\"EDITORIAL: La Guatemala migrante  trabaja, aporta, ama y vuela alto\">EDITORIAL: La Guatemala migrante  trabaja, aporta, ama y vuela alto<\/a><\/h2><\/header><div class=\"eael-entry-content\">\n                        <div class=\"eael-grid-post-excerpt\"><a href=\"https:\/\/soymigrante.com\/revista\/editorial-la-guatemala-migrante-trabaja-aporta-ama-y-vuela-alto\/\" class=\"eael-post-elements-readmore-btn\">CONOCE SU HISTORIA <\/a><\/div>\n                    <\/div><\/div><\/div>\n        <\/div>\n    <\/article><article class=\"eael-grid-post  eael-post-grid-column eael-pg-post-763 category-exitos-guatemala tags-california\" data-id=\"763\">\n        <div class=\"eael-grid-post-holder\">\n            <div class=\"eael-grid-post-holder-inner\"><div class=\"eael-entry-media\"><div class=\"eael-entry-overlay fade-in\"><i class=\"far fa-hand-pointer\" aria-hidden=\"true\"><\/i><a href=\"https:\/\/soymigrante.com\/revista\/biologo-lustra-el-mayor-tesoro-de-guatemala\/\"><\/a><\/div><div class=\"eael-entry-thumbnail \">\n                <img loading=\"lazy\" decoding=\"async\" width=\"1024\" height=\"769\" src=\"https:\/\/soymigrante.com\/revista\/wp-content\/uploads\/2023\/03\/SOY-MIGRANTE-RENE-CORADO-BIOLOGO-4-1024x769.jpg\" class=\"attachment-large size-large wp-image-809\" alt=\"Ren\u00e9 Corado, migrante y biologo director del museo de aves de Oxnard, California\" srcset=\"https:\/\/soymigrante.com\/revista\/wp-content\/uploads\/2023\/03\/SOY-MIGRANTE-RENE-CORADO-BIOLOGO-4-1024x769.jpg 1024w, https:\/\/soymigrante.com\/revista\/wp-content\/uploads\/2023\/03\/SOY-MIGRANTE-RENE-CORADO-BIOLOGO-4-300x225.webp 300w, https:\/\/soymigrante.com\/revista\/wp-content\/uploads\/2023\/03\/SOY-MIGRANTE-RENE-CORADO-BIOLOGO-4-768x577.jpg 768w, https:\/\/soymigrante.com\/revista\/wp-content\/uploads\/2023\/03\/SOY-MIGRANTE-RENE-CORADO-BIOLOGO-4-1536x1154.jpg 1536w, https:\/\/soymigrante.com\/revista\/wp-content\/uploads\/2023\/03\/SOY-MIGRANTE-RENE-CORADO-BIOLOGO-4-2048x1539.jpg 2048w, https:\/\/soymigrante.com\/revista\/wp-content\/uploads\/2023\/03\/SOY-MIGRANTE-RENE-CORADO-BIOLOGO-4-750x563.webp 750w, https:\/\/soymigrante.com\/revista\/wp-content\/uploads\/2023\/03\/SOY-MIGRANTE-RENE-CORADO-BIOLOGO-4-1140x856.jpg 1140w, https:\/\/soymigrante.com\/revista\/wp-content\/uploads\/2023\/03\/SOY-MIGRANTE-RENE-CORADO-BIOLOGO-4-scaled.webp 1920w\" sizes=\"(max-width: 1024px) 100vw, 1024px\" \/>\n            <\/div>\n        <\/div><div class=\"eael-entry-wrapper\"><header class=\"eael-entry-header\"><h2 class=\"eael-entry-title\"><a class=\"eael-grid-post-link\" href=\"https:\/\/soymigrante.com\/revista\/biologo-lustra-el-mayor-tesoro-de-guatemala\/\" title=\"Bi\u00f3logo migrante Ren\u00e9 Corado lustra el mayor tesoro de Guatemala\">Bi\u00f3logo migrante Ren\u00e9 Corado lustra el mayor tesoro de Guatemala<\/a><\/h2><\/header><div class=\"eael-entry-content\">\n                        <div class=\"eael-grid-post-excerpt\"><a href=\"https:\/\/soymigrante.com\/revista\/biologo-lustra-el-mayor-tesoro-de-guatemala\/\" class=\"eael-post-elements-readmore-btn\">CONOCE SU HISTORIA <\/a><\/div>\n                    <\/div><\/div><\/div>\n        <\/div>\n    <\/article><\/div>\n            <div class=\"clearfix\"><\/div>\n        <\/div>\t\t\t\t<\/div>\n\t\t\t\t\t<\/div>\n\t\t\t\t<\/div>\n\t\t\t\t<\/div>\n\t\t","protected":false},"excerpt":{"rendered":"<p>Enero de 2025 ha sido el enero m\u00e1s alto en llegada de remesas migrantes. Gerente econ\u00f3mico del Banco de Guatemala Johny Gramajo explica las previsiones para el a\u00f1o acerca del principal pilar econ\u00f3mico del pa\u00eds, generado con amor y esfuerzo, en el contexto del gobierno de Donald Trump. Por Alejandra \u00c1lvarez, especial para SoyMigrante.com Las [&hellip;]<\/p>\n","protected":false},"author":1,"featured_media":26246,"comment_status":"open","ping_status":"open","sticky":false,"template":"","format":"standard","meta":{"_acf_changed":false,"_eb_attr":"","footnotes":""},"categories":[54],"tags":[84],"class_list":["post-26232","post","type-post","status-publish","format-standard","has-post-thumbnail","hentry","category-estamos-unidos","tag-remesas-migrantes"],"acf":[],"aioseo_notices":[],"aioseo_head":"\n\t\t<!-- All in One SEO Pro 4.9.6.2 - aioseo.com -->\n\t<meta name=\"description\" content=\"El bi\u00f3logo, escritor y migrante Ren\u00e9 Corado dirige el museo de aves de Camarillo, California; su ni\u00f1ez en Guatemala fue dif\u00edcil y por eso impulsa la educaci\u00f3n en su pa\u00eds. La vida del migrante guatemalteco Ren\u00e9 Corado est\u00e1 hecha de imposibles convertidos en posibilidad. \u00bfC\u00f3mo un ni\u00f1o lustrador llega a ser director de uno de\" \/>\n\t<meta name=\"robots\" content=\"max-snippet:-1, max-image-preview:large, max-video-preview:-1\" \/>\n\t<meta name=\"author\" content=\"SoyMigrante.com REVISTA\"\/>\n\t<link rel=\"canonical\" href=\"https:\/\/soymigrante.com\/revista\/remesas-migrantes-subiran-6-en-2025-entrevista-con-johny-gramajo-gerente-economico-del-banguat\/\" \/>\n\t<meta name=\"generator\" content=\"All in One SEO Pro (AIOSEO) 4.9.6.2\" \/>\n\n\t\t<link rel=\"preconnect\" href=\"https:\/\/fonts.googleapis.com\" crossorigin>\n<link rel=\"preconnect\" href=\"https:\/\/fonts.gstatic.com\" crossorigin>\n\t\t<meta property=\"og:locale\" content=\"es_ES\" \/>\n\t\t<meta property=\"og:site_name\" content=\"SoyMigrante.com REVISTA \u2013 Nuestra misi\u00f3n es reconocer y dignificar al migrante.\" \/>\n\t\t<meta property=\"og:type\" content=\"article\" \/>\n\t\t<meta property=\"og:title\" content=\"Remesas creceran a\u00fan m\u00e1s en 2025, estima economista de Banguat\" \/>\n\t\t<meta property=\"og:description\" content=\"Segundo gobierno de Trump ha originado alza de 23% en remesas de guatemaltecos en Estados Unidos en enero 2025, analiza gerente econ\u00f3mico del Banco de Guatemala.\" \/>\n\t\t<meta property=\"og:url\" content=\"https:\/\/soymigrante.com\/revista\/remesas-migrantes-subiran-6-en-2025-entrevista-con-johny-gramajo-gerente-economico-del-banguat\/\" \/>\n\t\t<meta property=\"og:image\" content=\"https:\/\/soymigrante.com\/revista\/wp-content\/uploads\/2025\/02\/envato-labs-image-edit-7.webp\" \/>\n\t\t<meta property=\"og:image:secure_url\" content=\"https:\/\/soymigrante.com\/revista\/wp-content\/uploads\/2025\/02\/envato-labs-image-edit-7.webp\" \/>\n\t\t<meta property=\"og:image:width\" content=\"913\" \/>\n\t\t<meta property=\"og:image:height\" content=\"913\" \/>\n\t\t<meta property=\"article:published_time\" content=\"2025-02-21T20:10:05+00:00\" \/>\n\t\t<meta property=\"article:modified_time\" content=\"2025-05-07T16:25:40+00:00\" \/>\n\t\t<meta property=\"article:publisher\" content=\"https:\/\/www.facebook.com\/soymigrantecom\" \/>\n\t\t<meta name=\"twitter:card\" content=\"summary_large_image\" \/>\n\t\t<meta name=\"twitter:site\" content=\"@SoyMigrante_com\" \/>\n\t\t<meta name=\"twitter:title\" content=\"Remesas creceran a\u00fan m\u00e1s en 2025, estima economista de Banguat\" \/>\n\t\t<meta name=\"twitter:description\" content=\"Segundo gobierno de Trump ha originado alza de 23% en remesas de guatemaltecos en Estados Unidos en enero 2025, analiza gerente econ\u00f3mico del Banco de Guatemala.\" \/>\n\t\t<meta name=\"twitter:creator\" content=\"@SoyMigrante_com\" \/>\n\t\t<meta name=\"twitter:image\" content=\"https:\/\/soymigrante.com\/revista\/wp-content\/uploads\/2025\/02\/envato-labs-image-edit-7.webp\" \/>\n\t\t<!-- All in One SEO Pro -->\r\n\t\t<title>Remesas creceran a\u00fan m\u00e1s en 2025, estima economista de Banguat<\/title>\n\n","aioseo_head_json":{"title":"Remesas creceran a\u00fan m\u00e1s en 2025, estima economista de Banguat","description":"Segundo gobierno de Trump ha originado alza de 23% en remesas de guatemaltecos en Estados Unidos en enero 2025, analiza gerente econ\u00f3mico del Banco de Guatemala.","canonical_url":"https:\/\/soymigrante.com\/revista\/remesas-migrantes-subiran-6-en-2025-entrevista-con-johny-gramajo-gerente-economico-del-banguat\/","robots":"max-snippet:-1, max-image-preview:large, max-video-preview:-1","keywords":"","webmasterTools":{"miscellaneous":"&lt;link rel=\"preconnect\" href=\"https:\/\/fonts.googleapis.com\" crossorigin&gt;\n&lt;link rel=\"preconnect\" href=\"https:\/\/fonts.gstatic.com\" crossorigin&gt;"},"schema":null,"og:locale":"es_ES","og:site_name":"SoyMigrante.com REVISTA \u2013 Nuestra misi\u00f3n es reconocer y dignificar al migrante.","og:type":"article","og:title":"Remesas creceran a\u00fan m\u00e1s en 2025, estima economista de Banguat","og:description":"Segundo gobierno de Trump ha originado alza de 23% en remesas de guatemaltecos en Estados Unidos en enero 2025, analiza gerente econ\u00f3mico del Banco de Guatemala.","og:url":"https:\/\/soymigrante.com\/revista\/remesas-migrantes-subiran-6-en-2025-entrevista-con-johny-gramajo-gerente-economico-del-banguat\/","og:image":"https:\/\/soymigrante.com\/revista\/wp-content\/uploads\/2025\/02\/envato-labs-image-edit-7.webp","og:image:secure_url":"https:\/\/soymigrante.com\/revista\/wp-content\/uploads\/2025\/02\/envato-labs-image-edit-7.webp","og:image:width":913,"og:image:height":913,"article:published_time":"2025-02-21T20:10:05+00:00","article:modified_time":"2025-05-07T16:25:40+00:00","article:publisher":"https:\/\/www.facebook.com\/soymigrantecom","twitter:card":"summary_large_image","twitter:site":"@SoyMigrante_com","twitter:title":"Remesas creceran a\u00fan m\u00e1s en 2025, estima economista de Banguat","twitter:description":"Segundo gobierno de Trump ha originado alza de 23% en remesas de guatemaltecos en Estados Unidos en enero 2025, analiza gerente econ\u00f3mico del Banco de Guatemala.","twitter:creator":"@SoyMigrante_com","twitter:image":"https:\/\/soymigrante.com\/revista\/wp-content\/uploads\/2025\/02\/envato-labs-image-edit-7.webp"},"aioseo_meta_data":{"post_id":"26232","title":"Remesas creceran a\u00fan m\u00e1s en 2025, estima economista de Banguat","description":"Segundo gobierno de Trump ha originado alza de 23% en remesas de guatemaltecos en Estados Unidos en enero 2025, analiza gerente econ\u00f3mico del Banco de Guatemala.","keywords":null,"keyphrases":{"focus":{"keyphrase":"Remesas migrantes","score":51,"analysis":{"keyphraseInTitle":{"score":3,"maxScore":9,"error":1},"keyphraseInDescription":{"score":3,"maxScore":9,"error":1},"keyphraseLength":{"score":9,"maxScore":9,"error":0,"length":2},"keyphraseInURL":{"score":5,"maxScore":5,"error":0},"keyphraseInIntroduction":{"score":3,"maxScore":9,"error":1},"keyphraseInSubHeadings":{"score":3,"maxScore":9,"error":1},"keyphraseInImageAlt":{"score":9,"maxScore":9,"error":0},"keywordDensity":{"score":0,"type":"low","maxScore":9,"error":1}}},"additional":[{"keyphrase":"Guatemaltecos","score":67,"analysis":{"keyphraseInDescription":{"score":9,"maxScore":9,"error":0},"keyphraseLength":{"score":9,"maxScore":9,"error":0,"length":1},"keyphraseInIntroduction":{"score":3,"maxScore":9,"error":1},"keyphraseInImageAlt":{"score":9,"maxScore":9,"error":0},"keywordDensity":{"score":0,"type":"low","maxScore":9,"error":1}}},{"keyphrase":"Banguat","score":40,"analysis":{"keyphraseInDescription":{"score":3,"maxScore":9,"error":1},"keyphraseLength":{"score":9,"maxScore":9,"error":0,"length":1},"keyphraseInIntroduction":{"score":3,"maxScore":9,"error":1},"keyphraseInImageAlt":{"score":3,"maxScore":9,"error":1},"keywordDensity":{"score":0,"type":"low","maxScore":9,"error":1}}},{"keyphrase":"D\u00f3lares","score":40,"analysis":{"keyphraseInDescription":{"score":3,"maxScore":9,"error":1},"keyphraseLength":{"score":9,"maxScore":9,"error":0,"length":2},"keyphraseInIntroduction":{"score":3,"maxScore":9,"error":1},"keyphraseInImageAlt":{"score":3,"maxScore":9,"error":1},"keywordDensity":{"score":0,"type":"low","maxScore":9,"error":1}}}]},"primary_term":null,"canonical_url":null,"og_title":null,"og_description":null,"og_object_type":"default","og_image_type":"default","og_image_url":null,"og_image_width":null,"og_image_height":null,"og_image_custom_url":null,"og_image_custom_fields":null,"og_video":"","og_custom_url":null,"og_article_section":null,"og_article_tags":null,"twitter_use_og":false,"twitter_card":"default","twitter_image_type":"default","twitter_image_url":null,"twitter_image_custom_url":null,"twitter_image_custom_fields":null,"twitter_title":null,"twitter_description":null,"schema":{"blockGraphs":[],"customGraphs":[],"default":{"data":{"Article":[],"Course":[],"Dataset":[],"FAQPage":[],"Movie":[],"Person":[],"Product":[],"ProductReview":[],"Car":[],"Recipe":[],"Service":[],"SoftwareApplication":[],"WebPage":[]},"graphName":"none","isEnabled":true},"graphs":[]},"schema_type":"default","schema_type_options":null,"pillar_content":false,"robots_default":true,"robots_noindex":false,"robots_noarchive":false,"robots_nosnippet":false,"robots_nofollow":false,"robots_noimageindex":false,"robots_noodp":false,"robots_notranslate":false,"robots_max_snippet":"-1","robots_max_videopreview":"-1","robots_max_imagepreview":"large","priority":null,"frequency":"default","local_seo":null,"seo_analyzer_scan_date":"2025-10-09 02:52:56","breadcrumb_settings":null,"limit_modified_date":false,"reviewed_by":null,"open_ai":"{\"title\":{\"suggestions\":[],\"usage\":0},\"description\":{\"suggestions\":[],\"usage\":0}}","ai":null,"created":"2025-02-21 19:55:02","updated":"2026-02-04 21:47:51"},"aioseo_breadcrumb":"<div class=\"aioseo-breadcrumbs\"><span class=\"aioseo-breadcrumb\">\n\t<a href=\"https:\/\/soymigrante.com\/revista\" title=\"Home\">Home<\/a>\n<\/span><span class=\"aioseo-breadcrumb-separator\">\u00bb<\/span><span class=\"aioseo-breadcrumb\">\n\t<a href=\"https:\/\/soymigrante.com\/revista\/category\/estamos-unidos\/\" title=\"Estamos Unidos\">Estamos Unidos<\/a>\n<\/span><span class=\"aioseo-breadcrumb-separator\">\u00bb<\/span><span class=\"aioseo-breadcrumb\">\n\tRemesas migrantes subir\u00e1n a\u00fan m\u00e1s en 2025: entrevista con Johnny Gramajo, Gerente Econ\u00f3mico del Banguat\n<\/span><\/div>","aioseo_breadcrumb_json":[{"label":"Home","link":"https:\/\/soymigrante.com\/revista"},{"label":"Estamos Unidos","link":"https:\/\/soymigrante.com\/revista\/category\/estamos-unidos\/"},{"label":"Remesas migrantes subir\u00e1n a\u00fan m\u00e1s en 2025: entrevista con Johnny Gramajo, Gerente Econ\u00f3mico del Banguat","link":"https:\/\/soymigrante.com\/revista\/remesas-migrantes-subiran-6-en-2025-entrevista-con-johny-gramajo-gerente-economico-del-banguat\/"}],"_links":{"self":[{"href":"https:\/\/soymigrante.com\/revista\/wp-json\/wp\/v2\/posts\/26232","targetHints":{"allow":["GET"]}}],"collection":[{"href":"https:\/\/soymigrante.com\/revista\/wp-json\/wp\/v2\/posts"}],"about":[{"href":"https:\/\/soymigrante.com\/revista\/wp-json\/wp\/v2\/types\/post"}],"author":[{"embeddable":true,"href":"https:\/\/soymigrante.com\/revista\/wp-json\/wp\/v2\/users\/1"}],"replies":[{"embeddable":true,"href":"https:\/\/soymigrante.com\/revista\/wp-json\/wp\/v2\/comments?post=26232"}],"version-history":[{"count":1,"href":"https:\/\/soymigrante.com\/revista\/wp-json\/wp\/v2\/posts\/26232\/revisions"}],"predecessor-version":[{"id":32803,"href":"https:\/\/soymigrante.com\/revista\/wp-json\/wp\/v2\/posts\/26232\/revisions\/32803"}],"wp:featuredmedia":[{"embeddable":true,"href":"https:\/\/soymigrante.com\/revista\/wp-json\/wp\/v2\/media\/26246"}],"wp:attachment":[{"href":"https:\/\/soymigrante.com\/revista\/wp-json\/wp\/v2\/media?parent=26232"}],"wp:term":[{"taxonomy":"category","embeddable":true,"href":"https:\/\/soymigrante.com\/revista\/wp-json\/wp\/v2\/categories?post=26232"},{"taxonomy":"post_tag","embeddable":true,"href":"https:\/\/soymigrante.com\/revista\/wp-json\/wp\/v2\/tags?post=26232"}],"curies":[{"name":"wp","href":"https:\/\/api.w.org\/{rel}","templated":true}]}}