{"id":26169,"date":"2025-02-24T05:00:00","date_gmt":"2025-02-24T11:00:00","guid":{"rendered":"https:\/\/soymigrante.com\/revista\/?p=26169"},"modified":"2025-03-04T12:20:09","modified_gmt":"2025-03-04T18:20:09","slug":"departamentos-de-guatemala-san-marcos-tierra-de-las-cumbres-mas-altas","status":"publish","type":"post","link":"https:\/\/soymigrante.com\/revista\/departamentos-de-guatemala-san-marcos-tierra-de-las-cumbres-mas-altas\/","title":{"rendered":"Departamentos de Guatemala: San Marcos, tierra de las cumbres m\u00e1s altas"},"content":{"rendered":"\t\t<div data-elementor-type=\"wp-post\" data-elementor-id=\"26169\" class=\"elementor elementor-26169\" data-elementor-post-type=\"post\">\n\t\t\t\t<div data-particle_enable=\"false\" data-particle-mobile-disabled=\"false\" class=\"elementor-element elementor-element-c9c0735 e-flex e-con-boxed e-con e-parent\" data-id=\"c9c0735\" data-element_type=\"container\" data-e-type=\"container\">\n\t\t\t\t\t<div class=\"e-con-inner\">\n\t\t\t\t<div class=\"elementor-element elementor-element-bd6cdcc elementor-widget elementor-widget-heading\" data-id=\"bd6cdcc\" data-element_type=\"widget\" data-e-type=\"widget\" data-widget_type=\"heading.default\">\n\t\t\t\t\t<h2 class=\"elementor-heading-title elementor-size-default\">San Marcos es uno de los 22 departamentos de Guatemala, es conocido por tener lugares fr\u00edos y c\u00e1lidos en poca distancia.  <\/h2>\t\t\t\t<\/div>\n\t\t\t\t\t<\/div>\n\t\t\t\t<\/div>\n\t\t<div data-particle_enable=\"false\" data-particle-mobile-disabled=\"false\" class=\"elementor-element elementor-element-2ed4deb e-flex e-con-boxed e-con e-parent\" data-id=\"2ed4deb\" data-element_type=\"container\" data-e-type=\"container\">\n\t\t\t\t\t<div class=\"e-con-inner\">\n\t\t\t\t<div class=\"elementor-element elementor-element-a527da6 elementor-widget elementor-widget-text-editor\" data-id=\"a527da6\" data-element_type=\"widget\" data-e-type=\"widget\" data-widget_type=\"text-editor.default\">\n\t\t\t\t\t\t\t\t\t<p>El departamento de San Marcos se localiza en la regi\u00f3n occidental de la Rep\u00fablica de Guatemala, est\u00e1 delimitado al Oeste con la Rep\u00fablica de M\u00e9xico, al Norte con el departamento de Huehuetenango, al Sur con el Departamento de Retalhuleu y el Oc\u00e9ano Pac\u00edfico y al Este por los departamentos de Quetzaltenango.<\/p><p>Es un municipio fronterizo con M\u00e9xico, por lo cual existe intenso comercio y tambi\u00e9n intercambio de mano de obra, sobre todo de Guatemala en direcci\u00f3n a fincas de dicho pa\u00eds.\u00a0<\/p>\t\t\t\t\t\t\t\t<\/div>\n\t\t\t\t\t<\/div>\n\t\t\t\t<\/div>\n\t\t<div data-particle_enable=\"false\" data-particle-mobile-disabled=\"false\" class=\"elementor-element elementor-element-c605629 e-flex e-con-boxed e-con e-parent\" data-id=\"c605629\" data-element_type=\"container\" data-e-type=\"container\">\n\t\t\t\t\t<div class=\"e-con-inner\">\n\t\t\t\t<div class=\"elementor-element elementor-element-0e3a82d elementor-widget elementor-widget-heading\" data-id=\"0e3a82d\" data-element_type=\"widget\" data-e-type=\"widget\" data-widget_type=\"heading.default\">\n\t\t\t\t\t<h3 class=\"elementor-heading-title elementor-size-default\">1. \u00bfDe d\u00f3nde viene su nombre?<\/h3>\t\t\t\t<\/div>\n\t\t\t\t\t<\/div>\n\t\t\t\t<\/div>\n\t\t<div data-particle_enable=\"false\" data-particle-mobile-disabled=\"false\" class=\"elementor-element elementor-element-76392b7 e-flex e-con-boxed e-con e-parent\" data-id=\"76392b7\" data-element_type=\"container\" data-e-type=\"container\">\n\t\t\t\t\t<div class=\"e-con-inner\">\n\t\t\t\t<div class=\"elementor-element elementor-element-0b19fae elementor-widget elementor-widget-text-editor\" data-id=\"0b19fae\" data-element_type=\"widget\" data-e-type=\"widget\" data-widget_type=\"text-editor.default\">\n\t\t\t\t\t\t\t\t\t<p>El departamento de San Marcos debe su nombre a su santo patrono, San Marcos Evangelista.\u00a0 As\u00ed se llam\u00f3 a este distrito mucho antes de ser departamento. El pueblo fue fundado por el capit\u00e1n espa\u00f1ol Juan de Le\u00f3n el 15 de abril de 1533 y en 1752 se instal\u00f3 el primer ayuntamiento municipal. Este territorio form\u00f3 parte del llamado Estado de los Altos o Sexto Estado, que existi\u00f3 entre 1838 y 1844.<\/p><p>El 8 de mayo de 1866 se decret\u00f3 que dejaba de ser distrito para convertirse en departamento, conteniendo muchos de los municipios que hoy a\u00fan existen.<\/p>\t\t\t\t\t\t\t\t<\/div>\n\t\t\t\t\t<\/div>\n\t\t\t\t<\/div>\n\t\t<div data-particle_enable=\"false\" data-particle-mobile-disabled=\"false\" class=\"elementor-element elementor-element-2bbb20b e-flex e-con-boxed e-con e-parent\" data-id=\"2bbb20b\" data-element_type=\"container\" data-e-type=\"container\">\n\t\t\t\t\t<div class=\"e-con-inner\">\n\t\t\t\t<div class=\"elementor-element elementor-element-5b987ea elementor-widget elementor-widget-google_maps\" data-id=\"5b987ea\" data-element_type=\"widget\" data-e-type=\"widget\" data-widget_type=\"google_maps.default\">\n\t\t\t\t\t\t\t<div class=\"elementor-custom-embed\">\n\t\t\t<iframe loading=\"lazy\"\n\t\t\t\t\tsrc=\"https:\/\/maps.google.com\/maps?q=Departamento%20de%20San%20Marcos&#038;t=m&#038;z=10&#038;output=embed&#038;iwloc=near\"\n\t\t\t\t\ttitle=\"Departamento de San Marcos\"\n\t\t\t\t\taria-label=\"Departamento de San Marcos\"\n\t\t\t><\/iframe>\n\t\t<\/div>\n\t\t\t\t\t\t<\/div>\n\t\t\t\t\t<\/div>\n\t\t\t\t<\/div>\n\t\t<div data-particle_enable=\"false\" data-particle-mobile-disabled=\"false\" class=\"elementor-element elementor-element-78e0920 e-flex e-con-boxed e-con e-parent\" data-id=\"78e0920\" data-element_type=\"container\" data-e-type=\"container\">\n\t\t\t\t\t<div class=\"e-con-inner\">\n\t\t\t\t<div class=\"elementor-element elementor-element-1fe112d elementor-widget elementor-widget-heading\" data-id=\"1fe112d\" data-element_type=\"widget\" data-e-type=\"widget\" data-widget_type=\"heading.default\">\n\t\t\t\t\t<h3 class=\"elementor-heading-title elementor-size-default\">2. \u00bfQu\u00e9 extensi\u00f3n tiene San Marcos?<\/h3>\t\t\t\t<\/div>\n\t\t\t\t\t<\/div>\n\t\t\t\t<\/div>\n\t\t<div data-particle_enable=\"false\" data-particle-mobile-disabled=\"false\" class=\"elementor-element elementor-element-18f67af e-flex e-con-boxed e-con e-parent\" data-id=\"18f67af\" data-element_type=\"container\" data-e-type=\"container\">\n\t\t\t\t\t<div class=\"e-con-inner\">\n\t\t\t\t<div class=\"elementor-element elementor-element-091cc41 elementor-widget elementor-widget-text-editor\" data-id=\"091cc41\" data-element_type=\"widget\" data-e-type=\"widget\" data-widget_type=\"text-editor.default\">\n\t\t\t\t\t\t\t\t\t<p>San Marcos abarca una extensi\u00f3n territorial de aproximadamente 3,791 kil\u00f3metros cuadrados. Su variedad de alturas va desde el nivel del mar, en las playas de Oc\u00f3s,\u00a0 hasta la m\u00e1xima altura de Centro Am\u00e9rica: la cumbre del volc\u00e1n Tajumulco, con 4 mil 211 metros de alturas.<\/p>\t\t\t\t\t\t\t\t<\/div>\n\t\t\t\t\t<\/div>\n\t\t\t\t<\/div>\n\t\t<div data-particle_enable=\"false\" data-particle-mobile-disabled=\"false\" class=\"elementor-element elementor-element-c8584db e-flex e-con-boxed e-con e-parent\" data-id=\"c8584db\" data-element_type=\"container\" data-e-type=\"container\">\n\t\t\t\t\t<div class=\"e-con-inner\">\n\t\t\t\t<div class=\"elementor-element elementor-element-6f1ebb5 elementor-widget elementor-widget-heading\" data-id=\"6f1ebb5\" data-element_type=\"widget\" data-e-type=\"widget\" data-widget_type=\"heading.default\">\n\t\t\t\t\t<h3 class=\"elementor-heading-title elementor-size-default\">3. \u00bfCu\u00e1l es la poblaci\u00f3n en San Marcos?<\/h3>\t\t\t\t<\/div>\n\t\t\t\t\t<\/div>\n\t\t\t\t<\/div>\n\t\t<div data-particle_enable=\"false\" data-particle-mobile-disabled=\"false\" class=\"elementor-element elementor-element-b3b7ce2 e-flex e-con-boxed e-con e-parent\" data-id=\"b3b7ce2\" data-element_type=\"container\" data-e-type=\"container\">\n\t\t\t\t\t<div class=\"e-con-inner\">\n\t\t\t\t<div class=\"elementor-element elementor-element-90edd89 elementor-widget elementor-widget-text-editor\" data-id=\"90edd89\" data-element_type=\"widget\" data-e-type=\"widget\" data-widget_type=\"text-editor.default\">\n\t\t\t\t\t\t\t\t\t<p>Seg\u00fan el censo de 2018 del<a href=\"https:\/\/censo2018.ine.gob.gt\/dondeestamos\" target=\"_blank\" rel=\"noopener\"> Instituto Nacional de Estad\u00edstica<\/a> (INE), San Marcos tiene una poblaci\u00f3n total de 1,032,277 habitantes, de los cuales el 51% son mujeres y el 49% hombres. El 30.8% son ind\u00edgenas de la entima <a href=\"https:\/\/censo2018.ine.gob.gt\/dondeestamos\" target=\"_blank\" rel=\"noopener\">Mam<\/a> y el 69% ladinos.<\/p><p>La poblaci\u00f3n de la zona es fluctuante debido a las olas de migrantes que pasan por este departamento en busca de la frontera con M\u00e9xico. As\u00ed tambi\u00e9n hay muchos trabajadores temporales guatemaltecos que cruzan al pa\u00eds vecino para laborar en fincas de caf\u00e9, tambi\u00e9n en comercio.<\/p>\t\t\t\t\t\t\t\t<\/div>\n\t\t\t\t\t<\/div>\n\t\t\t\t<\/div>\n\t\t<div data-particle_enable=\"false\" data-particle-mobile-disabled=\"false\" class=\"elementor-element elementor-element-be91d4b e-flex e-con-boxed e-con e-parent\" data-id=\"be91d4b\" data-element_type=\"container\" data-e-type=\"container\">\n\t\t\t\t\t<div class=\"e-con-inner\">\n\t\t\t\t<div class=\"elementor-element elementor-element-b050d5a elementor-widget elementor-widget-image\" data-id=\"b050d5a\" data-element_type=\"widget\" data-e-type=\"widget\" data-widget_type=\"image.default\">\n\t\t\t\t\t\t\t\t\t\t\t\t<figure class=\"wp-caption\">\n\t\t\t\t\t\t\t\t\t\t<img fetchpriority=\"high\" decoding=\"async\" width=\"768\" height=\"296\" src=\"https:\/\/soymigrante.com\/revista\/wp-content\/uploads\/2025\/02\/San-Marcos-2-1024x394.jpeg\" class=\"attachment-large size-large wp-image-26175\" alt=\"Caba\u00f1as y sombrillas en la playa, vista a\u00e9rea de un destino tur\u00edstico costero en M\u00e9xico.\" srcset=\"https:\/\/soymigrante.com\/revista\/wp-content\/uploads\/2025\/02\/San-Marcos-2-1024x394.jpeg 1024w, https:\/\/soymigrante.com\/revista\/wp-content\/uploads\/2025\/02\/San-Marcos-2-300x116.jpeg 300w, https:\/\/soymigrante.com\/revista\/wp-content\/uploads\/2025\/02\/San-Marcos-2-768x296.jpeg 768w, https:\/\/soymigrante.com\/revista\/wp-content\/uploads\/2025\/02\/San-Marcos-2-750x289.webp 750w, https:\/\/soymigrante.com\/revista\/wp-content\/uploads\/2025\/02\/San-Marcos-2-1140x439.webp 1140w, https:\/\/soymigrante.com\/revista\/wp-content\/uploads\/2025\/02\/San-Marcos-2.webp 1280w\" sizes=\"(max-width: 768px) 100vw, 768px\" title=\"San Marcos 2 \u2013 SoyMigrante.com REVISTA\" \/>\t\t\t\t\t\t\t\t\t\t\t<figcaption class=\"widget-image-caption wp-caption-text\">Caba\u00f1as en la playa con vista al mar, ideal para turismo y vacaciones en destinos costeros mexicanos.<\/figcaption>\n\t\t\t\t\t\t\t\t\t\t<\/figure>\n\t\t\t\t\t\t\t\t\t<\/div>\n\t\t\t\t\t<\/div>\n\t\t\t\t<\/div>\n\t\t<div data-particle_enable=\"false\" data-particle-mobile-disabled=\"false\" class=\"elementor-element elementor-element-49009ad e-flex e-con-boxed e-con e-parent\" data-id=\"49009ad\" data-element_type=\"container\" data-e-type=\"container\">\n\t\t\t\t\t<div class=\"e-con-inner\">\n\t\t\t\t<div class=\"elementor-element elementor-element-0106c9b elementor-widget elementor-widget-heading\" data-id=\"0106c9b\" data-element_type=\"widget\" data-e-type=\"widget\" data-widget_type=\"heading.default\">\n\t\t\t\t\t<h3 class=\"elementor-heading-title elementor-size-default\">4. \u00bfCu\u00e1ntos municipios tiene San Marcos?<\/h3>\t\t\t\t<\/div>\n\t\t\t\t\t<\/div>\n\t\t\t\t<\/div>\n\t\t<div data-particle_enable=\"false\" data-particle-mobile-disabled=\"false\" class=\"elementor-element elementor-element-d9e48d2 e-flex e-con-boxed e-con e-parent\" data-id=\"d9e48d2\" data-element_type=\"container\" data-e-type=\"container\">\n\t\t\t\t\t<div class=\"e-con-inner\">\n\t\t\t\t<div class=\"elementor-element elementor-element-61ff117 elementor-widget elementor-widget-text-editor\" data-id=\"61ff117\" data-element_type=\"widget\" data-e-type=\"widget\" data-widget_type=\"text-editor.default\">\n\t\t\t\t\t\t\t\t\t<p>El departamento de San Marcos se divide en 30 municipios. <\/p>\t\t\t\t\t\t\t\t<\/div>\n\t\t\t\t\t<\/div>\n\t\t\t\t<\/div>\n\t\t<div data-particle_enable=\"false\" data-particle-mobile-disabled=\"false\" class=\"elementor-element elementor-element-4f1b617 e-flex e-con-boxed e-con e-parent\" data-id=\"4f1b617\" data-element_type=\"container\" data-e-type=\"container\">\n\t\t\t\t\t<div class=\"e-con-inner\">\n\t\t\t\t<div class=\"elementor-element elementor-element-a9fba5c elementor-widget elementor-widget-text-editor\" data-id=\"a9fba5c\" data-element_type=\"widget\" data-e-type=\"widget\" data-widget_type=\"text-editor.default\">\n\t\t\t\t\t\t\t\t\t<div>Los 30 municipios de San Marcos son:<\/div><div>1.San Marcos<\/div><div>2.Ayutla<\/div><div>3.Catarina<\/div><div>4.Comitancillo<\/div><div>5.Concepci\u00f3n Tutuapa<\/div><div>6.El Quetzal<\/div><div>7.El Rodeo<\/div><div>8.El Tumbador<\/div><div>9.Esquipulas Palo Gordo<\/div><div>10.Ixchigu\u00e1n<\/div><div>11.La Blanca<\/div><div>12.La Reforma<\/div><div>13.Malacat\u00e1n<\/div><div>14.Nuevo Progreso<\/div><div>15.Oc\u00f3s<\/div><div>16.Pajapita<\/div><div>17.R\u00edo Blanco<\/div><div>18.San Antonio Sacatep\u00e9quez<\/div><div>19.San Crist\u00f3bal Cucho<\/div><div>20.San Jos\u00e9 Ojetenam<\/div><div>21.San Lorenzo<\/div><div>22.San Miguel Ixtahuac\u00e1n<\/div><div>23.San Pablo<\/div><div>24.San Pedro Sacatep\u00e9quez<\/div><div>25.San Rafael Pie de la Cuesta<\/div><div>26.Sibinal<\/div><div>27.Sipacapa<\/div><div>28.Tacan\u00e1<\/div><div>29.Tajumulco<\/div><div>30.Tejutla<\/div>\t\t\t\t\t\t\t\t<\/div>\n\t\t\t\t\t<\/div>\n\t\t\t\t<\/div>\n\t\t<div data-particle_enable=\"false\" data-particle-mobile-disabled=\"false\" class=\"elementor-element elementor-element-76f0562 e-flex e-con-boxed e-con e-parent\" data-id=\"76f0562\" data-element_type=\"container\" data-e-type=\"container\">\n\t\t\t\t\t<div class=\"e-con-inner\">\n\t\t\t\t<div class=\"elementor-element elementor-element-005aee9 elementor-grid-eael-col-1 elementor-grid-tablet-eael-col-2 elementor-grid-mobile-eael-col-1 elementor-widget elementor-widget-eael-post-grid\" data-id=\"005aee9\" data-element_type=\"widget\" data-e-type=\"widget\" data-settings=\"{&quot;eael_post_grid_columns&quot;:&quot;eael-col-1&quot;,&quot;eael_post_grid_columns_tablet&quot;:&quot;eael-col-2&quot;,&quot;eael_post_grid_columns_mobile&quot;:&quot;eael-col-1&quot;}\" data-widget_type=\"eael-post-grid.default\">\n\t\t\t\t\t<div id=\"eael-post-grid-005aee9\" class=\"eael-post-grid-container\">\n            <div class=\"eael-post-grid eael-post-appender eael-post-appender-005aee9 eael-post-grid-style-one\" data-layout-mode=\"masonry\"><article class=\"eael-grid-post  eael-post-grid-column eael-pg-post-17897 category-guate-nuestra tags-volcanes-de-guatemala\" data-id=\"17897\">\n        <div class=\"eael-grid-post-holder\">\n            <div class=\"eael-grid-post-holder-inner\"><div class=\"eael-entry-media\"><div class=\"eael-entry-overlay fade-in\"><i class=\"far fa-hand-pointer\" aria-hidden=\"true\"><\/i><a href=\"https:\/\/soymigrante.com\/revista\/cronica-de-un-ascenso-al-volcan-tajumulco-el-mas-alto-de-guatemala-y-centro-america\/\"><\/a><\/div><div class=\"eael-entry-thumbnail \">\n                <img decoding=\"async\" width=\"1024\" height=\"1024\" src=\"https:\/\/soymigrante.com\/revista\/wp-content\/uploads\/2024\/12\/Ana-Karina-Lopez-Hun-soy-migrante-3-1024x1024.jpeg\" class=\"attachment-large size-large wp-image-17966\" alt=\"Joven excursionista en la monta\u00f1a con mochila y bast\u00f3n en un paisaje volc\u00e1nico.\" srcset=\"https:\/\/soymigrante.com\/revista\/wp-content\/uploads\/2024\/12\/Ana-Karina-Lopez-Hun-soy-migrante-3-1024x1024.jpeg 1024w, https:\/\/soymigrante.com\/revista\/wp-content\/uploads\/2024\/12\/Ana-Karina-Lopez-Hun-soy-migrante-3-300x300.jpeg 300w, https:\/\/soymigrante.com\/revista\/wp-content\/uploads\/2024\/12\/Ana-Karina-Lopez-Hun-soy-migrante-3-150x150.jpeg 150w, https:\/\/soymigrante.com\/revista\/wp-content\/uploads\/2024\/12\/Ana-Karina-Lopez-Hun-soy-migrante-3-768x768.jpeg 768w, https:\/\/soymigrante.com\/revista\/wp-content\/uploads\/2024\/12\/Ana-Karina-Lopez-Hun-soy-migrante-3-75x75.webp 75w, https:\/\/soymigrante.com\/revista\/wp-content\/uploads\/2024\/12\/Ana-Karina-Lopez-Hun-soy-migrante-3-750x750.webp 750w, https:\/\/soymigrante.com\/revista\/wp-content\/uploads\/2024\/12\/Ana-Karina-Lopez-Hun-soy-migrante-3.webp 1080w\" sizes=\"(max-width: 1024px) 100vw, 1024px\" \/>\n            <\/div>\n        <\/div><div class=\"eael-entry-wrapper\"><header class=\"eael-entry-header\"><h2 class=\"eael-entry-title\"><a class=\"eael-grid-post-link\" href=\"https:\/\/soymigrante.com\/revista\/cronica-de-un-ascenso-al-volcan-tajumulco-el-mas-alto-de-guatemala-y-centro-america\/\" title=\"Cr\u00f3nica de un ascenso al volc\u00e1n Tajumulco, el m\u00e1s alto de Guatemala y Centro Am\u00e9rica\">Cr\u00f3nica de un ascenso al volc\u00e1n Tajumulco, el m\u00e1s alto de Guatemala y Centro Am\u00e9rica<\/a><\/h2><\/header><div class=\"eael-entry-content\">\n                        <div class=\"eael-grid-post-excerpt\"><a href=\"https:\/\/soymigrante.com\/revista\/cronica-de-un-ascenso-al-volcan-tajumulco-el-mas-alto-de-guatemala-y-centro-america\/\" class=\"eael-post-elements-readmore-btn\">CONOCE SU HISTORIA <\/a><\/div>\n                    <\/div><\/div><\/div>\n        <\/div>\n    <\/article><\/div>\n            <div class=\"clearfix\"><\/div>\n        <\/div>\t\t\t\t<\/div>\n\t\t\t\t\t<\/div>\n\t\t\t\t<\/div>\n\t\t<div data-particle_enable=\"false\" data-particle-mobile-disabled=\"false\" class=\"elementor-element elementor-element-15df33e e-flex e-con-boxed e-con e-parent\" data-id=\"15df33e\" data-element_type=\"container\" data-e-type=\"container\">\n\t\t\t\t\t<div class=\"e-con-inner\">\n\t\t\t\t<div class=\"elementor-element elementor-element-091ee96 elementor-widget elementor-widget-heading\" data-id=\"091ee96\" data-element_type=\"widget\" data-e-type=\"widget\" data-widget_type=\"heading.default\">\n\t\t\t\t\t<h3 class=\"elementor-heading-title elementor-size-default\">6. \u00bfQu\u00e9 producci\u00f3n tiene San Marcos?<\/h3>\t\t\t\t<\/div>\n\t\t\t\t\t<\/div>\n\t\t\t\t<\/div>\n\t\t<div data-particle_enable=\"false\" data-particle-mobile-disabled=\"false\" class=\"elementor-element elementor-element-8597173 e-flex e-con-boxed e-con e-parent\" data-id=\"8597173\" data-element_type=\"container\" data-e-type=\"container\">\n\t\t\t\t\t<div class=\"e-con-inner\">\n\t\t\t\t<div class=\"elementor-element elementor-element-08f9b70 elementor-widget elementor-widget-text-editor\" data-id=\"08f9b70\" data-element_type=\"widget\" data-e-type=\"widget\" data-widget_type=\"text-editor.default\">\n\t\t\t\t\t\t\t\t\t<p>La econom\u00eda de San Marcos se basa principalmente en la agricultura, destacando la producci\u00f3n de caf\u00e9, ma\u00edz, trigo, papa y frutas. Adem\u00e1s, la ganader\u00eda y el comercio son actividades econ\u00f3micas significativas en la regi\u00f3n.<\/p><p>En este departamento tambi\u00e9n existe un r\u00e9gimen de zona franca, es decir, un \u00e1rea especial en donde empresas de manufactura y comercio se pueden instalar libres de impuestos para poder generar plazas de trabajo y productos de exportaci\u00f3n. Actualmente hay en San Marcos una planta fabricante de conectores el\u00e9ctricos para veh\u00edculos, de capital japon\u00e9s y que vende sus productos a M\u00e9xico.<\/p>\t\t\t\t\t\t\t\t<\/div>\n\t\t\t\t\t<\/div>\n\t\t\t\t<\/div>\n\t\t<div data-particle_enable=\"false\" data-particle-mobile-disabled=\"false\" class=\"elementor-element elementor-element-786f725 e-flex e-con-boxed e-con e-parent\" data-id=\"786f725\" data-element_type=\"container\" data-e-type=\"container\">\n\t\t\t\t\t<div class=\"e-con-inner\">\n\t\t\t\t<div class=\"elementor-element elementor-element-179dee6 elementor-widget elementor-widget-image\" data-id=\"179dee6\" data-element_type=\"widget\" data-e-type=\"widget\" data-widget_type=\"image.default\">\n\t\t\t\t\t\t\t\t\t\t\t\t<figure class=\"wp-caption\">\n\t\t\t\t\t\t\t\t\t\t<img decoding=\"async\" width=\"768\" height=\"432\" src=\"https:\/\/soymigrante.com\/revista\/wp-content\/uploads\/2025\/02\/palacio-maya-1024x576.jpg\" class=\"attachment-large size-large wp-image-26285\" alt=\"Archivo hist\u00f3rico del Palacio y reloj en la ciudad, iluminado por la noche, con monta\u00f1as de fondo, representando patrimonio cultural y arquitectura tradicional mexicana.\" srcset=\"https:\/\/soymigrante.com\/revista\/wp-content\/uploads\/2025\/02\/palacio-maya-1024x576.jpg 1024w, https:\/\/soymigrante.com\/revista\/wp-content\/uploads\/2025\/02\/palacio-maya-300x169.jpg 300w, https:\/\/soymigrante.com\/revista\/wp-content\/uploads\/2025\/02\/palacio-maya-768x432.jpg 768w, https:\/\/soymigrante.com\/revista\/wp-content\/uploads\/2025\/02\/palacio-maya-1536x864.jpg 1536w, https:\/\/soymigrante.com\/revista\/wp-content\/uploads\/2025\/02\/palacio-maya-750x422.webp 750w, https:\/\/soymigrante.com\/revista\/wp-content\/uploads\/2025\/02\/palacio-maya-1140x641.webp 1140w, https:\/\/soymigrante.com\/revista\/wp-content\/uploads\/2025\/02\/palacio-maya.webp 1920w\" sizes=\"(max-width: 768px) 100vw, 768px\" title=\"El Palacio Maya de San Marcos tiene un estilo peculiar que le ha convertido en atractivo tur\u00edstico. (Foto Inguat) \u2013 SoyMigrante.com REVISTA\" \/>\t\t\t\t\t\t\t\t\t\t\t<figcaption class=\"widget-image-caption wp-caption-text\">Hermoso edificio patrimonial en la ciudad, con su reloj y detalles arquitect\u00f3nicos, iluminado al anochecer, reflejando historia y cultura en un entorno urbano.<\/figcaption>\n\t\t\t\t\t\t\t\t\t\t<\/figure>\n\t\t\t\t\t\t\t\t\t<\/div>\n\t\t\t\t\t<\/div>\n\t\t\t\t<\/div>\n\t\t<div data-particle_enable=\"false\" data-particle-mobile-disabled=\"false\" class=\"elementor-element elementor-element-2eb37f4 e-flex e-con-boxed e-con e-parent\" data-id=\"2eb37f4\" data-element_type=\"container\" data-e-type=\"container\">\n\t\t\t\t\t<div class=\"e-con-inner\">\n\t\t\t\t<div class=\"elementor-element elementor-element-2f29fa1 elementor-widget elementor-widget-heading\" data-id=\"2f29fa1\" data-element_type=\"widget\" data-e-type=\"widget\" data-widget_type=\"heading.default\">\n\t\t\t\t\t<h3 class=\"elementor-heading-title elementor-size-default\">7. \u00bfCu\u00e1les son los principales atractivos tur\u00edsticos de San Marcos?<\/h3>\t\t\t\t<\/div>\n\t\t\t\t\t<\/div>\n\t\t\t\t<\/div>\n\t\t<div data-particle_enable=\"false\" data-particle-mobile-disabled=\"false\" class=\"elementor-element elementor-element-4a07269 e-flex e-con-boxed e-con e-parent\" data-id=\"4a07269\" data-element_type=\"container\" data-e-type=\"container\">\n\t\t\t\t\t<div class=\"e-con-inner\">\n\t\t\t\t<div class=\"elementor-element elementor-element-36e848a elementor-widget elementor-widget-text-editor\" data-id=\"36e848a\" data-element_type=\"widget\" data-e-type=\"widget\" data-widget_type=\"text-editor.default\">\n\t\t\t\t\t\t\t\t\t<p>Entre los principales atractivos tur\u00edsticos de San Marcos se encuentran el <a href=\"https:\/\/soymigrante.com\/revista\/cronica-de-un-ascenso-al-volcan-tajumulco-el-mas-alto-de-guatemala-y-centro-america\/\">volc\u00e1n Tajumulco,<\/a> el punto m\u00e1s alto de Centroam\u00e9rica, y diversas playas en la costa del oc\u00e9ano Pac\u00edfico. Adem\u00e1s, el departamento cuenta con sitios arqueol\u00f3gicos y una rica cultura ind\u00edgena que atraen a visitantes nacionales e internacionales.<\/p>\n<p><b><a href=\"https:\/\/soymigrante.com\/revista\/la-emotiva-experiencia-de-captar-a-una-pareja-quetzal-en-guatemala\/\">Refugio del Quetzal, en San Rafael Pie de a Cuesta.<\/a><\/b> Esta es un \u00e1rea monta\u00f1osa en donde habita y se reproduce el Quetzal, ave nacional de Guatemala. Constituye un refugio tambi\u00e9n para otras especies y un sitio ideal para el aviturismo.<\/p>\n<p><b>Catarata La Igualdad. <\/b>Localizada en el municipio de San Pablo, San Marcos, es una ca\u00edda de casi 200 metros de altura, considerada la m\u00e1s alta de Guatemala y de toda Centro Am\u00e9rica. Se encuentran dentro del parque ecol\u00f3gico del mismo nombre.<\/p>\n<p><b>Palacio Maya<\/b>. Fue edificado en 1942 a fin de centralizar la autoridad entre dos municipios San Pedro Sacatep\u00e9quez y San Marcos, a fin de evitar las rencillas lim\u00edtrofes y las animadversiones entre pobladores. Por su estilo arquitect\u00f3nico \u00fanico es un atractivo tur\u00edstico en la actualidad.&nbsp;<\/p>\n<p><\/p>\t\t\t\t\t\t\t\t<\/div>\n\t\t\t\t\t<\/div>\n\t\t\t\t<\/div>\n\t\t<div data-particle_enable=\"false\" data-particle-mobile-disabled=\"false\" class=\"elementor-element elementor-element-3624302 e-flex e-con-boxed e-con e-parent\" data-id=\"3624302\" data-element_type=\"container\" data-e-type=\"container\">\n\t\t\t\t\t<div class=\"e-con-inner\">\n\t\t\t\t<div class=\"elementor-element elementor-element-5b77027 elementor-widget elementor-widget-video\" data-id=\"5b77027\" data-element_type=\"widget\" data-e-type=\"widget\" data-settings=\"{&quot;youtube_url&quot;:&quot;https:\\\/\\\/www.youtube.com\\\/watch?v=EP1eV3PjqU0&quot;,&quot;video_type&quot;:&quot;youtube&quot;,&quot;controls&quot;:&quot;yes&quot;}\" data-widget_type=\"video.default\">\n\t\t\t\t\t\t\t<div class=\"elementor-wrapper elementor-open-inline\">\n\t\t\t<div class=\"elementor-video\"><\/div>\t\t<\/div>\n\t\t\t\t\t\t<\/div>\n\t\t\t\t\t<\/div>\n\t\t\t\t<\/div>\n\t\t<div data-particle_enable=\"false\" data-particle-mobile-disabled=\"false\" class=\"elementor-element elementor-element-56e60e5 e-flex e-con-boxed e-con e-parent\" data-id=\"56e60e5\" data-element_type=\"container\" data-e-type=\"container\">\n\t\t\t\t\t<div class=\"e-con-inner\">\n\t\t\t\t<div class=\"elementor-element elementor-element-4e9bca4 elementor-widget elementor-widget-heading\" data-id=\"4e9bca4\" data-element_type=\"widget\" data-e-type=\"widget\" data-widget_type=\"heading.default\">\n\t\t\t\t\t<h3 class=\"elementor-heading-title elementor-size-default\">8. \u00bfCu\u00e1nto recibe San Marcos de remesas migrantes?<\/h3>\t\t\t\t<\/div>\n\t\t\t\t\t<\/div>\n\t\t\t\t<\/div>\n\t\t<div data-particle_enable=\"false\" data-particle-mobile-disabled=\"false\" class=\"elementor-element elementor-element-3e88882 e-flex e-con-boxed e-con e-parent\" data-id=\"3e88882\" data-element_type=\"container\" data-e-type=\"container\">\n\t\t\t\t\t<div class=\"e-con-inner\">\n\t\t\t\t<div class=\"elementor-element elementor-element-2f5ffeb elementor-widget elementor-widget-text-editor\" data-id=\"2f5ffeb\" data-element_type=\"widget\" data-e-type=\"widget\" data-widget_type=\"text-editor.default\">\n\t\t\t\t\t\t\t\t\t<p>Las remesas constituyen una de las principales fuentes de ingresos para muchas familias en San Marcos, permiti\u00e9ndoles mejorar su calidad de vida y dinamizar la econom\u00eda local.<\/p><p>Las remesas enviadas por guatemaltecos residentes en el extranjero son una fuente significativa de ingresos para muchas familias en el Departamento de San Marcos.<\/p><p>Seg\u00fan la <a href=\"https:\/\/infounitnca.iom.int\/uploads\/RemesasGT2022\/Resumen_EncuestaRemesas2022_gt.pdf\" target=\"_blank\" rel=\"noopener\">Encuesta de Remesas 2022, de la OIM<\/a>, el departamento de San Marcos, se beneficia con el 10.2% del total de las remesas que en ese a\u00f1o fueron US$18 mil 40 millones. Eso quiere decir, que en ese a\u00f1o, familias del departamento de San Marcos recibieron US$ 2 mil 500 millones, enviados por familiares desde Estados Unidos.<\/p><p><a href=\"https:\/\/infounitnca.iom.int\/uploads\/RemesasGT2022\/Resumen_EncuestaRemesas2022_gt.pdf\" target=\"_blank\" rel=\"noopener\">A nivel nacional, las remesas representaron el 19.8% del Producto Interno Bruto<\/a> (PIB) en 2022.<\/p><p>En 2024 las remesas fueron de US$21 mil 500 millones.<\/p>\t\t\t\t\t\t\t\t<\/div>\n\t\t\t\t\t<\/div>\n\t\t\t\t<\/div>\n\t\t<div data-particle_enable=\"false\" data-particle-mobile-disabled=\"false\" class=\"elementor-element elementor-element-a7e92f6 e-flex e-con-boxed e-con e-parent\" data-id=\"a7e92f6\" data-element_type=\"container\" data-e-type=\"container\">\n\t\t\t\t\t<div class=\"e-con-inner\">\n\t\t\t\t<div class=\"elementor-element elementor-element-4126cd9 elementor-widget elementor-widget-heading\" data-id=\"4126cd9\" data-element_type=\"widget\" data-e-type=\"widget\" data-widget_type=\"heading.default\">\n\t\t\t\t\t<h2 class=\"elementor-heading-title elementor-size-default\">Conoce m\u00e1s sobre Guatemala, ac\u00e1...<\/h2>\t\t\t\t<\/div>\n\t\t\t\t\t<\/div>\n\t\t\t\t<\/div>\n\t\t<div data-particle_enable=\"false\" data-particle-mobile-disabled=\"false\" class=\"elementor-element elementor-element-76aca32 e-flex e-con-boxed e-con e-parent\" data-id=\"76aca32\" data-element_type=\"container\" data-e-type=\"container\">\n\t\t\t\t\t<div class=\"e-con-inner\">\n\t\t\t\t<div class=\"elementor-element elementor-element-9363d14 elementor-grid-eael-col-3 elementor-grid-tablet-eael-col-2 elementor-grid-mobile-eael-col-1 elementor-widget elementor-widget-eael-post-grid\" data-id=\"9363d14\" data-element_type=\"widget\" data-e-type=\"widget\" data-settings=\"{&quot;eael_post_grid_columns&quot;:&quot;eael-col-3&quot;,&quot;eael_post_grid_columns_tablet&quot;:&quot;eael-col-2&quot;,&quot;eael_post_grid_columns_mobile&quot;:&quot;eael-col-1&quot;}\" data-widget_type=\"eael-post-grid.default\">\n\t\t\t\t\t<div id=\"eael-post-grid-9363d14\" class=\"eael-post-grid-container\">\n            <div class=\"eael-post-grid eael-post-appender eael-post-appender-9363d14 eael-post-grid-style-one\" data-layout-mode=\"masonry\"><article class=\"eael-grid-post  eael-post-grid-column eael-pg-post-20205 category-guate-nuestra tags-departamentos-de-guatemala\" data-id=\"20205\">\n        <div class=\"eael-grid-post-holder\">\n            <div class=\"eael-grid-post-holder-inner\"><div class=\"eael-entry-media\"><div class=\"eael-entry-overlay fade-in\"><i class=\"far fa-hand-pointer\" aria-hidden=\"true\"><\/i><a href=\"https:\/\/soymigrante.com\/revista\/departamentos-de-guatemala-huehuetenango-la-tierra-de-kaibil-balam-tesoro-cultural-y-natural\/\"><\/a><\/div><div class=\"eael-entry-thumbnail \">\n                <img loading=\"lazy\" decoding=\"async\" width=\"700\" height=\"432\" src=\"https:\/\/soymigrante.com\/revista\/wp-content\/uploads\/2025\/01\/Huehuetenango-3.webp\" class=\"attachment-large size-large wp-image-20208\" alt=\"Casas en las monta\u00f1as, refugio en altitud elevada, paisaje de alta monta\u00f1a, arquitectura tradicional en entorno de naturaleza, paisaje de inspiraci\u00f3n para migrantes y viajeros en busca de tranquilidad.\" srcset=\"https:\/\/soymigrante.com\/revista\/wp-content\/uploads\/2025\/01\/Huehuetenango-3.webp 700w, https:\/\/soymigrante.com\/revista\/wp-content\/uploads\/2025\/01\/Huehuetenango-3-300x185.jpeg 300w\" sizes=\"(max-width: 700px) 100vw, 700px\" \/>\n            <\/div>\n        <\/div><div class=\"eael-entry-wrapper\"><header class=\"eael-entry-header\"><h2 class=\"eael-entry-title\"><a class=\"eael-grid-post-link\" href=\"https:\/\/soymigrante.com\/revista\/departamentos-de-guatemala-huehuetenango-la-tierra-de-kaibil-balam-tesoro-cultural-y-natural\/\" title=\"Departamentos de Guatemala: Huehuetenango, la tierra de Kaibil Balam, tesoro cultural y natural\">Departamentos de Guatemala: Huehuetenango, la tierra de Kaibil Balam, tesoro cultural y natural<\/a><\/h2><\/header><div class=\"eael-entry-content\">\n                        <div class=\"eael-grid-post-excerpt\"><a href=\"https:\/\/soymigrante.com\/revista\/departamentos-de-guatemala-huehuetenango-la-tierra-de-kaibil-balam-tesoro-cultural-y-natural\/\" class=\"eael-post-elements-readmore-btn\">CONOCE SU HISTORIA <\/a><\/div>\n                    <\/div><\/div><\/div>\n        <\/div>\n    <\/article><article class=\"eael-grid-post  eael-post-grid-column eael-pg-post-17984 category-guate-nuestra tags-departamentos-de-guatemala\" data-id=\"17984\">\n        <div class=\"eael-grid-post-holder\">\n            <div class=\"eael-grid-post-holder-inner\"><div class=\"eael-entry-media\"><div class=\"eael-entry-overlay fade-in\"><i class=\"far fa-hand-pointer\" aria-hidden=\"true\"><\/i><a href=\"https:\/\/soymigrante.com\/revista\/departamentos-de-guatemala-chiquimula-la-perla-de-oriente-cumple-200-anos-este-2025\/\"><\/a><\/div><div class=\"eael-entry-thumbnail \">\n                <img loading=\"lazy\" decoding=\"async\" width=\"960\" height=\"960\" src=\"https:\/\/soymigrante.com\/revista\/wp-content\/uploads\/2025\/01\/chiquimula.webp\" class=\"attachment-large size-large wp-image-19178\" alt=\"Imponente iglesia colonial blanca en el centro de la ciudad con multitud de visitantes en la escalinata.\" srcset=\"https:\/\/soymigrante.com\/revista\/wp-content\/uploads\/2025\/01\/chiquimula.webp 960w, https:\/\/soymigrante.com\/revista\/wp-content\/uploads\/2025\/01\/chiquimula-300x300.jpg 300w, https:\/\/soymigrante.com\/revista\/wp-content\/uploads\/2025\/01\/chiquimula-150x150.jpg 150w, https:\/\/soymigrante.com\/revista\/wp-content\/uploads\/2025\/01\/chiquimula-768x768.jpg 768w, https:\/\/soymigrante.com\/revista\/wp-content\/uploads\/2025\/01\/chiquimula-75x75.webp 75w, https:\/\/soymigrante.com\/revista\/wp-content\/uploads\/2025\/01\/chiquimula-750x750.webp 750w\" sizes=\"(max-width: 960px) 100vw, 960px\" \/>\n            <\/div>\n        <\/div><div class=\"eael-entry-wrapper\"><header class=\"eael-entry-header\"><h2 class=\"eael-entry-title\"><a class=\"eael-grid-post-link\" href=\"https:\/\/soymigrante.com\/revista\/departamentos-de-guatemala-chiquimula-la-perla-de-oriente-cumple-200-anos-este-2025\/\" title=\"Departamentos de Guatemala: Chiquimula, bicentenaria Perla de Oriente sigue brillando\">Departamentos de Guatemala: Chiquimula, bicentenaria Perla de Oriente sigue brillando<\/a><\/h2><\/header><div class=\"eael-entry-content\">\n                        <div class=\"eael-grid-post-excerpt\"><a href=\"https:\/\/soymigrante.com\/revista\/departamentos-de-guatemala-chiquimula-la-perla-de-oriente-cumple-200-anos-este-2025\/\" class=\"eael-post-elements-readmore-btn\">CONOCE SU HISTORIA <\/a><\/div>\n                    <\/div><\/div><\/div>\n        <\/div>\n    <\/article><article class=\"eael-grid-post  eael-post-grid-column eael-pg-post-15953 category-guate-nuestra tags-departamentos-de-guatemala\" data-id=\"15953\">\n        <div class=\"eael-grid-post-holder\">\n            <div class=\"eael-grid-post-holder-inner\"><div class=\"eael-entry-media\"><div class=\"eael-entry-overlay fade-in\"><i class=\"far fa-hand-pointer\" aria-hidden=\"true\"><\/i><a href=\"https:\/\/soymigrante.com\/revista\/departamentos-de-guatemala-alta-verapaz-mosaico-cultural-y-natural\/\"><\/a><\/div><div class=\"eael-entry-thumbnail \">\n                <img loading=\"lazy\" decoding=\"async\" width=\"1024\" height=\"1024\" src=\"https:\/\/soymigrante.com\/revista\/wp-content\/uploads\/2024\/12\/Alta-verapaz-e1733850705973-1024x1024.jpeg\" class=\"attachment-large size-large wp-image-15955\" alt=\"L\u00e1grimas gigantes en la selva tropical con cascada y piscina de agua, vista a\u00e9rea de exuberante vegetaci\u00f3n verde en un paisaje natural impresionante.\" srcset=\"https:\/\/soymigrante.com\/revista\/wp-content\/uploads\/2024\/12\/Alta-verapaz-e1733850705973-1024x1024.jpeg 1024w, https:\/\/soymigrante.com\/revista\/wp-content\/uploads\/2024\/12\/Alta-verapaz-e1733850705973-300x300.jpeg 300w, https:\/\/soymigrante.com\/revista\/wp-content\/uploads\/2024\/12\/Alta-verapaz-e1733850705973-150x150.jpeg 150w, https:\/\/soymigrante.com\/revista\/wp-content\/uploads\/2024\/12\/Alta-verapaz-e1733850705973-768x768.jpeg 768w, https:\/\/soymigrante.com\/revista\/wp-content\/uploads\/2024\/12\/Alta-verapaz-e1733850705973-75x75.webp 75w, https:\/\/soymigrante.com\/revista\/wp-content\/uploads\/2024\/12\/Alta-verapaz-e1733850705973-750x750.webp 750w, https:\/\/soymigrante.com\/revista\/wp-content\/uploads\/2024\/12\/Alta-verapaz-e1733850705973.webp 1078w\" sizes=\"(max-width: 1024px) 100vw, 1024px\" \/>\n            <\/div>\n        <\/div><div class=\"eael-entry-wrapper\"><header class=\"eael-entry-header\"><h2 class=\"eael-entry-title\"><a class=\"eael-grid-post-link\" href=\"https:\/\/soymigrante.com\/revista\/departamentos-de-guatemala-alta-verapaz-mosaico-cultural-y-natural\/\" title=\"Departamentos de Guatemala : Alta Verapaz, cuna de la Monja Blanca\">Departamentos de Guatemala : Alta Verapaz, cuna de la Monja Blanca<\/a><\/h2><\/header><div class=\"eael-entry-content\">\n                        <div class=\"eael-grid-post-excerpt\"><a href=\"https:\/\/soymigrante.com\/revista\/departamentos-de-guatemala-alta-verapaz-mosaico-cultural-y-natural\/\" class=\"eael-post-elements-readmore-btn\">CONOCE SU HISTORIA <\/a><\/div>\n                    <\/div><\/div><\/div>\n        <\/div>\n    <\/article><\/div>\n            <div class=\"clearfix\"><\/div>\n        <\/div>\t\t\t\t<\/div>\n\t\t\t\t\t<\/div>\n\t\t\t\t<\/div>\n\t\t\t\t<\/div>\n\t\t","protected":false},"excerpt":{"rendered":"<p>San Marcos es uno de los 22 departamentos de Guatemala, es conocido por tener lugares fr\u00edos y c\u00e1lidos en poca distancia. El departamento de San Marcos se localiza en la regi\u00f3n occidental de la Rep\u00fablica de Guatemala, est\u00e1 delimitado al Oeste con la Rep\u00fablica de M\u00e9xico, al Norte con el departamento de Huehuetenango, al Sur [&hellip;]<\/p>\n","protected":false},"author":19,"featured_media":26170,"comment_status":"open","ping_status":"open","sticky":false,"template":"","format":"standard","meta":{"_acf_changed":false,"_eb_attr":"","footnotes":""},"categories":[58],"tags":[137],"class_list":["post-26169","post","type-post","status-publish","format-standard","has-post-thumbnail","hentry","category-guate-nuestra","tag-departamentos-de-guatemala"],"acf":[],"aioseo_notices":[],"aioseo_head":"\n\t\t<!-- All in One SEO Pro 4.9.6.2 - aioseo.com -->\n\t<meta name=\"description\" content=\"Alta Verapaz es la tierra de Manuel Tot y de la maravilla natural de Semuc Champey, entre muchos otros tesoros de historia y naturaleza.\" \/>\n\t<meta name=\"robots\" content=\"max-snippet:-1, max-image-preview:large, max-video-preview:-1\" \/>\n\t<meta name=\"author\" content=\"Marysabel Aldana\"\/>\n\t<link rel=\"canonical\" href=\"https:\/\/soymigrante.com\/revista\/departamentos-de-guatemala-alta-verapaz-mosaico-cultural-y-natural\/\" \/>\n\t<meta name=\"generator\" content=\"All in One SEO Pro (AIOSEO) 4.9.6.2\" \/>\n\n\t\t<link rel=\"preconnect\" href=\"https:\/\/fonts.googleapis.com\" crossorigin>\n<link rel=\"preconnect\" href=\"https:\/\/fonts.gstatic.com\" crossorigin>\n\t\t<meta property=\"og:locale\" content=\"es_ES\" \/>\n\t\t<meta property=\"og:site_name\" content=\"SoyMigrante.com REVISTA \u2013 Nuestra misi\u00f3n es reconocer y dignificar al migrante.\" \/>\n\t\t<meta property=\"og:type\" content=\"article\" \/>\n\t\t<meta property=\"og:title\" content=\"Departamentos de Guatemala : Alta Verapaz, cuna de la Monja Blanca\" \/>\n\t\t<meta property=\"og:description\" content=\"Alta Verapaz es la tierra de Manuel Tot y de la maravilla natural de Semuc Champey, entre muchos otros tesoros de historia y naturaleza.\" \/>\n\t\t<meta property=\"og:url\" content=\"https:\/\/soymigrante.com\/revista\/departamentos-de-guatemala-alta-verapaz-mosaico-cultural-y-natural\/\" \/>\n\t\t<meta property=\"og:image\" content=\"https:\/\/soymigrante.com\/revista\/wp-content\/uploads\/2024\/12\/Alta-verapaz-e1733850705973.webp\" \/>\n\t\t<meta property=\"og:image:secure_url\" content=\"https:\/\/soymigrante.com\/revista\/wp-content\/uploads\/2024\/12\/Alta-verapaz-e1733850705973.webp\" \/>\n\t\t<meta property=\"og:image:width\" content=\"1078\" \/>\n\t\t<meta property=\"og:image:height\" content=\"1078\" \/>\n\t\t<meta property=\"article:published_time\" content=\"2024-12-26T18:56:53+00:00\" \/>\n\t\t<meta property=\"article:modified_time\" content=\"2025-03-04T18:38:32+00:00\" \/>\n\t\t<meta property=\"article:publisher\" content=\"https:\/\/www.facebook.com\/soymigrantecom\" \/>\n\t\t<meta name=\"twitter:card\" content=\"summary_large_image\" \/>\n\t\t<meta name=\"twitter:site\" content=\"@SoyMigrante_com\" \/>\n\t\t<meta name=\"twitter:title\" content=\"Departamentos de Guatemala : Alta Verapaz, cuna de la Monja Blanca\" \/>\n\t\t<meta name=\"twitter:description\" content=\"Alta Verapaz es la tierra de Manuel Tot y de la maravilla natural de Semuc Champey, entre muchos otros tesoros de historia y naturaleza.\" \/>\n\t\t<meta name=\"twitter:creator\" content=\"@SoyMigrante_com\" \/>\n\t\t<meta name=\"twitter:image\" content=\"https:\/\/soymigrante.com\/revista\/wp-content\/uploads\/2024\/12\/Alta-verapaz-e1733850705973.webp\" \/>\n\t\t<!-- All in One SEO Pro -->\r\n\t\t<title>Departamentos de Guatemala : Alta Verapaz, cuna de la Monja Blanca<\/title>\n\n","aioseo_head_json":{"title":"Departamentos de Guatemala : Alta Verapaz, cuna de la Monja Blanca","description":"Alta Verapaz es la tierra de Manuel Tot y de la maravilla natural de Semuc Champey, entre muchos otros tesoros de historia y naturaleza.","canonical_url":"https:\/\/soymigrante.com\/revista\/departamentos-de-guatemala-alta-verapaz-mosaico-cultural-y-natural\/","robots":"max-snippet:-1, max-image-preview:large, max-video-preview:-1","keywords":"","webmasterTools":{"miscellaneous":"&lt;link rel=\"preconnect\" href=\"https:\/\/fonts.googleapis.com\" crossorigin&gt;\n&lt;link rel=\"preconnect\" href=\"https:\/\/fonts.gstatic.com\" crossorigin&gt;"},"schema":null,"og:locale":"es_ES","og:site_name":"SoyMigrante.com REVISTA \u2013 Nuestra misi\u00f3n es reconocer y dignificar al migrante.","og:type":"article","og:title":"Departamentos de Guatemala : Alta Verapaz, cuna de la Monja Blanca","og:description":"Alta Verapaz es la tierra de Manuel Tot y de la maravilla natural de Semuc Champey, entre muchos otros tesoros de historia y naturaleza.","og:url":"https:\/\/soymigrante.com\/revista\/departamentos-de-guatemala-alta-verapaz-mosaico-cultural-y-natural\/","og:image":"https:\/\/soymigrante.com\/revista\/wp-content\/uploads\/2024\/12\/Alta-verapaz-e1733850705973.webp","og:image:secure_url":"https:\/\/soymigrante.com\/revista\/wp-content\/uploads\/2024\/12\/Alta-verapaz-e1733850705973.webp","og:image:width":1078,"og:image:height":1078,"article:published_time":"2024-12-26T18:56:53+00:00","article:modified_time":"2025-03-04T18:38:32+00:00","article:publisher":"https:\/\/www.facebook.com\/soymigrantecom","twitter:card":"summary_large_image","twitter:site":"@SoyMigrante_com","twitter:title":"Departamentos de Guatemala : Alta Verapaz, cuna de la Monja Blanca","twitter:description":"Alta Verapaz es la tierra de Manuel Tot y de la maravilla natural de Semuc Champey, entre muchos otros tesoros de historia y naturaleza.","twitter:creator":"@SoyMigrante_com","twitter:image":"https:\/\/soymigrante.com\/revista\/wp-content\/uploads\/2024\/12\/Alta-verapaz-e1733850705973.webp"},"aioseo_meta_data":{"post_id":"26169","title":null,"description":"San Marcos es uno de los 22 departamentos de Guatemala, es conocido por tener lugares fr\u00edos y c\u00e1lidos en poca distancia.","keywords":null,"keyphrases":{"focus":{"keyphrase":"Departamentos","score":78,"analysis":{"keyphraseInTitle":{"score":9,"maxScore":9,"error":0},"keyphraseInDescription":{"score":9,"maxScore":9,"error":0},"keyphraseLength":{"score":9,"maxScore":9,"error":0,"length":1},"keyphraseInURL":{"score":5,"maxScore":5,"error":0},"keyphraseInIntroduction":{"score":9,"maxScore":9,"error":0},"keyphraseInSubHeadings":{"score":3,"maxScore":9,"error":1},"keyphraseInImageAlt":{"score":9,"maxScore":9,"error":0},"keywordDensity":{"score":0,"type":"low","maxScore":9,"error":1}}},"additional":[{"keyphrase":"San Marcos","score":80,"analysis":{"keyphraseInDescription":{"score":9,"maxScore":9,"error":0},"keyphraseLength":{"score":9,"maxScore":9,"error":0,"length":2},"keyphraseInIntroduction":{"score":9,"maxScore":9,"error":0},"keyphraseInImageAlt":{"score":9,"maxScore":9,"error":0},"keywordDensity":{"type":"high","score":0,"maxScore":9,"error":1}}},{"keyphrase":"Guatemala","score":100,"analysis":{"keyphraseInDescription":{"score":9,"maxScore":9,"error":0},"keyphraseLength":{"score":9,"maxScore":9,"error":0,"length":1},"keyphraseInIntroduction":{"score":9,"maxScore":9,"error":0},"keyphraseInImageAlt":{"score":9,"maxScore":9,"error":0},"keywordDensity":{"type":"best","score":9,"maxScore":9,"error":0}}},{"keyphrase":"Departamentos","score":80,"analysis":{"keyphraseInDescription":{"score":9,"maxScore":9,"error":0},"keyphraseLength":{"score":9,"maxScore":9,"error":0,"length":1},"keyphraseInIntroduction":{"score":9,"maxScore":9,"error":0},"keyphraseInImageAlt":{"score":9,"maxScore":9,"error":0},"keywordDensity":{"score":0,"type":"low","maxScore":9,"error":1}}}]},"primary_term":null,"canonical_url":null,"og_title":null,"og_description":null,"og_object_type":"default","og_image_type":"default","og_image_url":null,"og_image_width":null,"og_image_height":null,"og_image_custom_url":null,"og_image_custom_fields":null,"og_video":"","og_custom_url":null,"og_article_section":null,"og_article_tags":null,"twitter_use_og":false,"twitter_card":"default","twitter_image_type":"default","twitter_image_url":null,"twitter_image_custom_url":null,"twitter_image_custom_fields":null,"twitter_title":null,"twitter_description":null,"schema":{"blockGraphs":[],"customGraphs":[],"default":{"data":{"Article":[],"Course":[],"Dataset":[],"FAQPage":[],"Movie":[],"Person":[],"Product":[],"ProductReview":[],"Car":[],"Recipe":[],"Service":[],"SoftwareApplication":[],"WebPage":[]},"graphName":"BlogPosting","isEnabled":true},"graphs":[]},"schema_type":"default","schema_type_options":null,"pillar_content":false,"robots_default":true,"robots_noindex":false,"robots_noarchive":false,"robots_nosnippet":false,"robots_nofollow":false,"robots_noimageindex":false,"robots_noodp":false,"robots_notranslate":false,"robots_max_snippet":"-1","robots_max_videopreview":"-1","robots_max_imagepreview":"large","priority":null,"frequency":"default","local_seo":null,"seo_analyzer_scan_date":"2025-10-09 02:52:57","breadcrumb_settings":null,"limit_modified_date":false,"reviewed_by":null,"open_ai":"{\"title\":{\"suggestions\":[],\"usage\":0},\"description\":{\"suggestions\":[],\"usage\":0}}","ai":null,"created":"2025-02-20 21:10:26","updated":"2026-02-04 21:47:52"},"aioseo_breadcrumb":"<div class=\"aioseo-breadcrumbs\"><span class=\"aioseo-breadcrumb\">\n\t<a href=\"https:\/\/soymigrante.com\/revista\" title=\"Home\">Home<\/a>\n<\/span><span class=\"aioseo-breadcrumb-separator\">\u00bb<\/span><span class=\"aioseo-breadcrumb\">\n\t<a href=\"https:\/\/soymigrante.com\/revista\/category\/guate-nuestra\/\" title=\"Guate Nuestra\">Guate Nuestra<\/a>\n<\/span><span class=\"aioseo-breadcrumb-separator\">\u00bb<\/span><span class=\"aioseo-breadcrumb\">\n\tDepartamentos de Guatemala: San Marcos, tierra de las cumbres m\u00e1s altas\n<\/span><\/div>","aioseo_breadcrumb_json":[{"label":"Home","link":"https:\/\/soymigrante.com\/revista"},{"label":"Guate Nuestra","link":"https:\/\/soymigrante.com\/revista\/category\/guate-nuestra\/"},{"label":"Departamentos de Guatemala: San Marcos, tierra de las cumbres m\u00e1s altas","link":"https:\/\/soymigrante.com\/revista\/departamentos-de-guatemala-san-marcos-tierra-de-las-cumbres-mas-altas\/"}],"_links":{"self":[{"href":"https:\/\/soymigrante.com\/revista\/wp-json\/wp\/v2\/posts\/26169","targetHints":{"allow":["GET"]}}],"collection":[{"href":"https:\/\/soymigrante.com\/revista\/wp-json\/wp\/v2\/posts"}],"about":[{"href":"https:\/\/soymigrante.com\/revista\/wp-json\/wp\/v2\/types\/post"}],"author":[{"embeddable":true,"href":"https:\/\/soymigrante.com\/revista\/wp-json\/wp\/v2\/users\/19"}],"replies":[{"embeddable":true,"href":"https:\/\/soymigrante.com\/revista\/wp-json\/wp\/v2\/comments?post=26169"}],"version-history":[{"count":0,"href":"https:\/\/soymigrante.com\/revista\/wp-json\/wp\/v2\/posts\/26169\/revisions"}],"wp:featuredmedia":[{"embeddable":true,"href":"https:\/\/soymigrante.com\/revista\/wp-json\/wp\/v2\/media\/26170"}],"wp:attachment":[{"href":"https:\/\/soymigrante.com\/revista\/wp-json\/wp\/v2\/media?parent=26169"}],"wp:term":[{"taxonomy":"category","embeddable":true,"href":"https:\/\/soymigrante.com\/revista\/wp-json\/wp\/v2\/categories?post=26169"},{"taxonomy":"post_tag","embeddable":true,"href":"https:\/\/soymigrante.com\/revista\/wp-json\/wp\/v2\/tags?post=26169"}],"curies":[{"name":"wp","href":"https:\/\/api.w.org\/{rel}","templated":true}]}}