{"id":2614,"date":"2023-09-18T21:08:44","date_gmt":"2023-09-18T21:08:44","guid":{"rendered":"https:\/\/soymigrante.com\/revista\/?p=2614"},"modified":"2024-07-30T10:41:34","modified_gmt":"2024-07-30T16:41:34","slug":"migrante-guatemalteco-revoluciona-sistema-carcelario-en-massachussets-y-varios-paises-buscan-su-asesoria","status":"publish","type":"post","link":"https:\/\/soymigrante.com\/revista\/migrante-guatemalteco-revoluciona-sistema-carcelario-en-massachussets-y-varios-paises-buscan-su-asesoria\/","title":{"rendered":"Migrante guatemalteco transforma sistema de rehabilitaci\u00f3n carcelaria en Massachussets y sigue adelante"},"content":{"rendered":"\t\t<div data-elementor-type=\"wp-post\" data-elementor-id=\"2614\" class=\"elementor elementor-2614\" data-elementor-post-type=\"post\">\n\t\t\t\t\t\t<section data-particle_enable=\"false\" data-particle-mobile-disabled=\"false\" class=\"elementor-section elementor-top-section elementor-element elementor-element-221e2bf elementor-section-boxed elementor-section-height-default elementor-section-height-default\" data-id=\"221e2bf\" data-element_type=\"section\" data-e-type=\"section\">\n\t\t\t\t\t\t<div class=\"elementor-container elementor-column-gap-default\">\n\t\t\t\t\t<div class=\"elementor-column elementor-col-100 elementor-top-column elementor-element elementor-element-1934220\" data-id=\"1934220\" data-element_type=\"column\" data-e-type=\"column\">\n\t\t\t<div class=\"elementor-widget-wrap elementor-element-populated\">\n\t\t\t\t\t\t<div class=\"elementor-element elementor-element-e314b6f elementor-widget elementor-widget-heading\" data-id=\"e314b6f\" data-element_type=\"widget\" data-e-type=\"widget\" data-widget_type=\"heading.default\">\n\t\t\t\t\t<h1 class=\"elementor-heading-title elementor-size-default\">El ingeniero, soci\u00f3logo y migrante guatemalteco Byron Titus trabaja en el sistema penitenciario de Worcester, Massachussets  donde logr\u00f3 subir la rehabilitaci\u00f3n de personas con un m\u00e9todo que  varios pa\u00edses buscan implementar... excepto Guatemala. Esta es su historia.<\/h1>\t\t\t\t<\/div>\n\t\t\t\t\t<\/div>\n\t\t<\/div>\n\t\t\t\t\t<\/div>\n\t\t<\/section>\n\t\t\t\t<section data-particle_enable=\"false\" data-particle-mobile-disabled=\"false\" class=\"elementor-section elementor-top-section elementor-element elementor-element-160614a elementor-section-boxed elementor-section-height-default elementor-section-height-default\" data-id=\"160614a\" data-element_type=\"section\" data-e-type=\"section\">\n\t\t\t\t\t\t<div class=\"elementor-container elementor-column-gap-default\">\n\t\t\t\t\t<div class=\"elementor-column elementor-col-100 elementor-top-column elementor-element elementor-element-cee0709\" data-id=\"cee0709\" data-element_type=\"column\" data-e-type=\"column\">\n\t\t\t<div class=\"elementor-widget-wrap elementor-element-populated\">\n\t\t\t\t\t\t<div class=\"elementor-element elementor-element-c555723 elementor-widget elementor-widget-image\" data-id=\"c555723\" data-element_type=\"widget\" data-e-type=\"widget\" data-widget_type=\"image.default\">\n\t\t\t\t\t\t\t\t\t\t\t\t<figure class=\"wp-caption\">\n\t\t\t\t\t\t\t\t\t\t<img fetchpriority=\"high\" decoding=\"async\" width=\"960\" height=\"720\" src=\"https:\/\/soymigrante.com\/revista\/wp-content\/uploads\/2023\/09\/titus-recoverde-dfruygs.webp\" class=\"attachment-large size-large wp-image-2618\" alt=\"Muchas personas que han tenido problemas con la ley en el condado de Worcester, Massachussets han tenido la oportunidad de redireccionar su vida constructivamente gracias a los programas de reinserci\u00f3n dise\u00f1ados por el migrante y soci\u00f3logo guatemalteco Byron Titus, quien figura a la derecha en este grupo.\" srcset=\"https:\/\/soymigrante.com\/revista\/wp-content\/uploads\/2023\/09\/titus-recoverde-dfruygs.webp 960w, https:\/\/soymigrante.com\/revista\/wp-content\/uploads\/2023\/09\/titus-recoverde-dfruygs-300x225.webp 300w, https:\/\/soymigrante.com\/revista\/wp-content\/uploads\/2023\/09\/titus-recoverde-dfruygs-768x576.webp 768w, https:\/\/soymigrante.com\/revista\/wp-content\/uploads\/2023\/09\/titus-recoverde-dfruygs-750x563.webp 750w\" sizes=\"(max-width: 960px) 100vw, 960px\" title=\"Muchas personas que han tenido problemas con la ley en el condado de Worcester, Massachussets han tenido la oportunidad de redireccionar su vida constructivamente gracias a los programas de reinserci\u00f3n dise\u00f1ados por el migrante y soci\u00f3logo guatemalteco Byron Titus, quien figura  a la derecha en este grupo. \u2013 SoyMigrante.com REVISTA\" \/>\t\t\t\t\t\t\t\t\t\t\t<figcaption class=\"widget-image-caption wp-caption-text\">Muchas personas que han tenido problemas con la ley en el condado de Worcester, Massachussets han tenido la oportunidad de redireccionar su vida constructivamente gracias a los programas de reinserci\u00f3n dise\u00f1ados por el migrante y soci\u00f3logo guatemalteco Byron Titus, quien figura  a la derecha en este grupo.<\/figcaption>\n\t\t\t\t\t\t\t\t\t\t<\/figure>\n\t\t\t\t\t\t\t\t\t<\/div>\n\t\t\t\t\t<\/div>\n\t\t<\/div>\n\t\t\t\t\t<\/div>\n\t\t<\/section>\n\t\t\t\t<section data-particle_enable=\"false\" data-particle-mobile-disabled=\"false\" class=\"elementor-section elementor-top-section elementor-element elementor-element-68ab87d elementor-section-boxed elementor-section-height-default elementor-section-height-default\" data-id=\"68ab87d\" data-element_type=\"section\" data-e-type=\"section\">\n\t\t\t\t\t\t<div class=\"elementor-container elementor-column-gap-default\">\n\t\t\t\t\t<div class=\"elementor-column elementor-col-100 elementor-top-column elementor-element elementor-element-8076a6b\" data-id=\"8076a6b\" data-element_type=\"column\" data-e-type=\"column\">\n\t\t\t<div class=\"elementor-widget-wrap elementor-element-populated\">\n\t\t\t\t\t\t<div class=\"elementor-element elementor-element-80d5f0c elementor-widget elementor-widget-heading\" data-id=\"80d5f0c\" data-element_type=\"widget\" data-e-type=\"widget\" data-widget_type=\"heading.default\">\n\t\t\t\t\t<h2 class=\"elementor-heading-title elementor-size-default\">Introducci\u00f3n: c\u00e1rcel sin barrotes<\/h2>\t\t\t\t<\/div>\n\t\t\t\t\t<\/div>\n\t\t<\/div>\n\t\t\t\t\t<\/div>\n\t\t<\/section>\n\t\t\t\t<section data-particle_enable=\"false\" data-particle-mobile-disabled=\"false\" class=\"elementor-section elementor-top-section elementor-element elementor-element-0ef3aed elementor-section-boxed elementor-section-height-default elementor-section-height-default\" data-id=\"0ef3aed\" data-element_type=\"section\" data-e-type=\"section\">\n\t\t\t\t\t\t<div class=\"elementor-container elementor-column-gap-default\">\n\t\t\t\t\t<div class=\"elementor-column elementor-col-100 elementor-top-column elementor-element elementor-element-4c4c64e\" data-id=\"4c4c64e\" data-element_type=\"column\" data-e-type=\"column\">\n\t\t\t<div class=\"elementor-widget-wrap elementor-element-populated\">\n\t\t\t\t\t\t<div class=\"elementor-element elementor-element-135cba6 elementor-widget elementor-widget-text-editor\" data-id=\"135cba6\" data-element_type=\"widget\" data-e-type=\"widget\" data-widget_type=\"text-editor.default\">\n\t\t\t\t\t\t\t\t\t<p>Reducir la reincidencia carcelaria de un 75% a un 24% tambi\u00e9n redujo gastos y delitos en un condado de Massachussets. Tal programa de rehabilitaci\u00f3n de personas en conflicto con\u00a0 la ley surgi\u00f3 de una apuesta proactival. creativa y constructiva del migrante guatemalteco Byron Titus, quien lleva dos d\u00e9cadas trabajando con la oficina del sheriff de dicho condado de Massachussets.\u00a0<\/p><p>&#8220;Cada\u00a0 preso costaba US$45 mil al a\u00f1o al Estado y con nuestros programas lo redujimos a US$5 mil al a\u00f1o. Pero no solo eso. Antes, de cada 100 que sal\u00edan libres, 75 estaban de regreso en prisi\u00f3n al poco tiempo. Esto causaba hacinamiento y tambien aumentaba el costo&#8221;.\u00a0<\/p><p>&#8220;Ahora solo regresan 24 de cada 100 y muchos de los que logramos recuperar y reinsertar, son profesionales activos, contribuyentes y que prestan su servicio a la comunidad. Y el centro de detenci\u00f3n donde trabajamos no tiene barrotes, pr\u00e1cticamente no tiene guardias y los internos pueden llegar a salir mucho mejor de como ingresaron,&#8221;, relata Titus.<\/p><p>Lleva cuatro d\u00e9cadas en Estados Unidos y en 2002 se encontr\u00f3 ante el reto de plantear proyectos educativos para reclusos.\u00a0 En un primer momento sinti\u00f3 miedo, dudas&#8230; pero hoy es un convencido de que toda persona que ha infringido la ley puede salir adelante, incluso en caso de serios delitos.<\/p><p>\u00bfComo lleg\u00f3 a este punto? \u00bfCu\u00e1l es la clave?<\/p>\t\t\t\t\t\t\t\t<\/div>\n\t\t\t\t\t<\/div>\n\t\t<\/div>\n\t\t\t\t\t<\/div>\n\t\t<\/section>\n\t\t\t\t<section data-particle_enable=\"false\" data-particle-mobile-disabled=\"false\" class=\"elementor-section elementor-top-section elementor-element elementor-element-4bc3da5 elementor-section-boxed elementor-section-height-default elementor-section-height-default\" data-id=\"4bc3da5\" data-element_type=\"section\" data-e-type=\"section\">\n\t\t\t\t\t\t<div class=\"elementor-container elementor-column-gap-default\">\n\t\t\t\t\t<div class=\"elementor-column elementor-col-100 elementor-top-column elementor-element elementor-element-b2dfcfc\" data-id=\"b2dfcfc\" data-element_type=\"column\" data-e-type=\"column\">\n\t\t\t<div class=\"elementor-widget-wrap elementor-element-populated\">\n\t\t\t\t\t\t<div class=\"elementor-element elementor-element-7be0c9b elementor-widget elementor-widget-video\" data-id=\"7be0c9b\" data-element_type=\"widget\" data-e-type=\"widget\" data-settings=\"{&quot;youtube_url&quot;:&quot;https:\\\/\\\/www.youtube.com\\\/watch?v=b5oZOBoMoJI&amp;t=218s&quot;,&quot;start&quot;:110,&quot;video_type&quot;:&quot;youtube&quot;,&quot;controls&quot;:&quot;yes&quot;}\" data-widget_type=\"video.default\">\n\t\t\t\t\t\t\t<div class=\"elementor-wrapper elementor-open-inline\">\n\t\t\t<div class=\"elementor-video\"><\/div>\t\t<\/div>\n\t\t\t\t\t\t<\/div>\n\t\t\t\t\t<\/div>\n\t\t<\/div>\n\t\t\t\t\t<\/div>\n\t\t<\/section>\n\t\t\t\t<section data-particle_enable=\"false\" data-particle-mobile-disabled=\"false\" class=\"elementor-section elementor-top-section elementor-element elementor-element-d578b72 elementor-section-boxed elementor-section-height-default elementor-section-height-default\" data-id=\"d578b72\" data-element_type=\"section\" data-e-type=\"section\">\n\t\t\t\t\t\t<div class=\"elementor-container elementor-column-gap-default\">\n\t\t\t\t\t<div class=\"elementor-column elementor-col-100 elementor-top-column elementor-element elementor-element-c4c8450\" data-id=\"c4c8450\" data-element_type=\"column\" data-e-type=\"column\">\n\t\t\t<div class=\"elementor-widget-wrap elementor-element-populated\">\n\t\t\t\t\t\t<div class=\"elementor-element elementor-element-e7e8c2c elementor-widget elementor-widget-heading\" data-id=\"e7e8c2c\" data-element_type=\"widget\" data-e-type=\"widget\" data-widget_type=\"heading.default\">\n\t\t\t\t\t<h2 class=\"elementor-heading-title elementor-size-default\">De la arquitectura a la ingenier\u00eda<\/h2>\t\t\t\t<\/div>\n\t\t\t\t\t<\/div>\n\t\t<\/div>\n\t\t\t\t\t<\/div>\n\t\t<\/section>\n\t\t\t\t<section data-particle_enable=\"false\" data-particle-mobile-disabled=\"false\" class=\"elementor-section elementor-top-section elementor-element elementor-element-8820a24 elementor-section-boxed elementor-section-height-default elementor-section-height-default\" data-id=\"8820a24\" data-element_type=\"section\" data-e-type=\"section\">\n\t\t\t\t\t\t<div class=\"elementor-container elementor-column-gap-default\">\n\t\t\t\t\t<div class=\"elementor-column elementor-col-100 elementor-top-column elementor-element elementor-element-0ddaf3c\" data-id=\"0ddaf3c\" data-element_type=\"column\" data-e-type=\"column\">\n\t\t\t<div class=\"elementor-widget-wrap elementor-element-populated\">\n\t\t\t\t\t\t<div class=\"elementor-element elementor-element-1107b4b elementor-widget elementor-widget-text-editor\" data-id=\"1107b4b\" data-element_type=\"widget\" data-e-type=\"widget\" data-widget_type=\"text-editor.default\">\n\t\t\t\t\t\t\t\t\t<p>Byron Titus estudiaba arquitectura en la Universidad de San Carlos de Guatemala a finales de la d\u00e9cada 1970, justo cuando el Conflicto Armado Interno se recrudeci\u00f3 y la represi\u00f3n se extendi\u00f3 contra profesionales, catedr\u00e1ticos y estudiantes de dicho centro acad\u00e9mico. Esto lo llev\u00f3 a marcharse a buscar refugio en Estados Unidos.<\/p><p>&#8220;Mi mam\u00e1 hab\u00eda enviudado, se march\u00f3 a Estados Unidos y se hab\u00eda casado con un ciudadano estadounidense. Eso me ayud\u00f3 a radicarme all\u00e1 legalmente. Quise seguir mis estudios de arquitectura pero mi poco y mal ingl\u00e9s no me lo permiti\u00f3 porque no pod\u00eda elaborar ensayos bien escritos. Mire, me dijeron: su matem\u00e1tica s\u00ed es buena \u00bfpor qu\u00e9 no entra a Ingenier\u00eda. La matem\u00e1tica es lenguaje universal y eso le dar\u00e1 oportunidad de mejorar y practicar su ingl\u00e9s. Despu\u00e9s regresa a Arquitectura&#8221;.<\/p><p>&#8220;As\u00ed lo hice. Pero despu\u00e9s de varios a\u00f1os en Ingenier\u00eda, me gust\u00f3 y segu\u00ed. Empec\u00e9 a trabajar con una empresa que desarrollaba rayos l\u00e1ser para exploraci\u00f3n minera. Viaj\u00e9 por todo Estados Unidos.\u00a0 Entre 1989 y 2001\u00a0trabaj\u00e9 con un fabricante japon\u00e9s de materias primas para microconductores digitales. Aprend\u00ed much\u00edsimo. La empresa ten\u00eda instalaciones en Estados Unidos, Inglaterra y Jap\u00f3n. Invirtieron mucho en capacitarme. Todo iba muy bien pero en eso vino la terrible tragedia de las Torres Gemelas en septiembre de 2001 y todo ese negocio se vio interrumpido. Me descansaron, es decir, me despidieron pero no porque fuera mal trabajador sino porque no pod\u00edan pagarme. Pero me dijeron: si quiere le podemos pagar sus estudios de doctorado, en la especialidad que quiera. Si no quiere seguir estudiando pues est\u00e1 bien, pero la opci\u00f3n est\u00e1 abierta&#8221;.<\/p>\t\t\t\t\t\t\t\t<\/div>\n\t\t\t\t\t<\/div>\n\t\t<\/div>\n\t\t\t\t\t<\/div>\n\t\t<\/section>\n\t\t\t\t<section data-particle_enable=\"false\" data-particle-mobile-disabled=\"false\" class=\"elementor-section elementor-top-section elementor-element elementor-element-1c0a7f5 elementor-section-boxed elementor-section-height-default elementor-section-height-default\" data-id=\"1c0a7f5\" data-element_type=\"section\" data-e-type=\"section\">\n\t\t\t\t\t\t<div class=\"elementor-container elementor-column-gap-default\">\n\t\t\t\t\t<div class=\"elementor-column elementor-col-100 elementor-top-column elementor-element elementor-element-f6d916b\" data-id=\"f6d916b\" data-element_type=\"column\" data-e-type=\"column\">\n\t\t\t<div class=\"elementor-widget-wrap elementor-element-populated\">\n\t\t\t\t\t\t<div class=\"elementor-element elementor-element-546f32a elementor-widget elementor-widget-image\" data-id=\"546f32a\" data-element_type=\"widget\" data-e-type=\"widget\" data-widget_type=\"image.default\">\n\t\t\t\t\t\t\t\t\t\t\t\t\t\t\t<img decoding=\"async\" width=\"1024\" height=\"994\" src=\"https:\/\/soymigrante.com\/revista\/wp-content\/uploads\/2023\/09\/2022-1024x994.webp\" class=\"attachment-large size-large wp-image-2620\" alt=\"Byron Titus dirige un equipo multidisciplinario que permite a personas recluidas en prisi\u00f3n recuperar la direcci\u00f3n correcta de sus vidas.\" srcset=\"https:\/\/soymigrante.com\/revista\/wp-content\/uploads\/2023\/09\/2022-1024x994.webp 1024w, https:\/\/soymigrante.com\/revista\/wp-content\/uploads\/2023\/09\/2022-300x291.webp 300w, https:\/\/soymigrante.com\/revista\/wp-content\/uploads\/2023\/09\/2022-768x746.webp 768w, https:\/\/soymigrante.com\/revista\/wp-content\/uploads\/2023\/09\/2022-750x728.webp 750w, https:\/\/soymigrante.com\/revista\/wp-content\/uploads\/2023\/09\/2022-1140x1107.webp 1140w, https:\/\/soymigrante.com\/revista\/wp-content\/uploads\/2023\/09\/2022.webp 1280w\" sizes=\"(max-width: 1024px) 100vw, 1024px\" title=\"Byron Titus dirige un equipo multidisciplinario que permite a  personas recluidas en prisi\u00f3n recuperar la direcci\u00f3n correcta de sus vidas. \u2013 SoyMigrante.com REVISTA\" \/>\t\t\t\t\t\t\t\t\t\t\t\t\t\t\t<\/div>\n\t\t\t\t\t<\/div>\n\t\t<\/div>\n\t\t\t\t\t<\/div>\n\t\t<\/section>\n\t\t\t\t<section data-particle_enable=\"false\" data-particle-mobile-disabled=\"false\" class=\"elementor-section elementor-top-section elementor-element elementor-element-a508688 elementor-section-boxed elementor-section-height-default elementor-section-height-default\" data-id=\"a508688\" data-element_type=\"section\" data-e-type=\"section\">\n\t\t\t\t\t\t<div class=\"elementor-container elementor-column-gap-default\">\n\t\t\t\t\t<div class=\"elementor-column elementor-col-100 elementor-top-column elementor-element elementor-element-53edcec\" data-id=\"53edcec\" data-element_type=\"column\" data-e-type=\"column\">\n\t\t\t<div class=\"elementor-widget-wrap elementor-element-populated\">\n\t\t\t\t\t\t<div class=\"elementor-element elementor-element-76b16dc elementor-widget elementor-widget-heading\" data-id=\"76b16dc\" data-element_type=\"widget\" data-e-type=\"widget\" data-widget_type=\"heading.default\">\n\t\t\t\t\t<h2 class=\"elementor-heading-title elementor-size-default\">De la ingenier\u00eda de microchips a la reconstrucci\u00f3n de personas<\/h2>\t\t\t\t<\/div>\n\t\t\t\t\t<\/div>\n\t\t<\/div>\n\t\t\t\t\t<\/div>\n\t\t<\/section>\n\t\t\t\t<section data-particle_enable=\"false\" data-particle-mobile-disabled=\"false\" class=\"elementor-section elementor-top-section elementor-element elementor-element-724f844 elementor-section-boxed elementor-section-height-default elementor-section-height-default\" data-id=\"724f844\" data-element_type=\"section\" data-e-type=\"section\">\n\t\t\t\t\t\t<div class=\"elementor-container elementor-column-gap-default\">\n\t\t\t\t\t<div class=\"elementor-column elementor-col-100 elementor-top-column elementor-element elementor-element-12fbac0\" data-id=\"12fbac0\" data-element_type=\"column\" data-e-type=\"column\">\n\t\t\t<div class=\"elementor-widget-wrap elementor-element-populated\">\n\t\t\t\t\t\t<div class=\"elementor-element elementor-element-4cac2a1 elementor-widget elementor-widget-text-editor\" data-id=\"4cac2a1\" data-element_type=\"widget\" data-e-type=\"widget\" data-widget_type=\"text-editor.default\">\n\t\t\t\t\t\t\t\t\t<p>Byron se dedic\u00f3 a buscar un empleo en el \u00e1rea tecnol\u00f3gica, pero no hab\u00eda.\u00a0Ten\u00eda que elegir el doctorado que iba a seguir. Su esposa trabajaba como maestra en el condado y esta circunstancia lo lle\u00b4vo a conocer al Sheriff local, quien le ofreci\u00f3 trabajar dando cursos y capacitaci\u00f3n en espa\u00f1ol a presos.\u00a0 S\u00ed, a reos de la c\u00e1rcel local. Mezcla de miedo y prejuicio.\u00a0<\/p><p>Pero Byron decidi\u00f3 aceptar en lo que encontraba otro empleo, y esa decisi\u00f3n cambiar\u00eda el rumbo de su propia vida, porque el Sheriff le aconsej\u00f3: &#8220;No sigas un doctorado en ingenier\u00eda sino en otra \u00e1rea para tener oportunidades laborales en otros campos. As\u00ed que me met\u00ed a Sociolog\u00eda. A su vez, esto hizo que \u00e9l me abriera la puerta en el Sistema Penitenciario para efectuar estudios, an\u00e1lisis y propuestas de mejora. As\u00ed que yo estudiaba y aplicaba lo aprendido. Se empezaron a cambiar metodolog\u00edas y din\u00e1micas. El modelo es de brindar a las personas una nueva oportunidad, un camino, un prop\u00f3sito que quiz\u00e1 no han tenido antes, pero sobre todo una valoraci\u00f3n como personas \u00fatiles&#8221;.<\/p><p>As\u00ed comenz\u00f3 un programa que ha trascendido fronteras estatales y nacionales. De otros Estados de la Uni\u00f3n Americana han llegado a capacitarse y a observar el funcionamiento de reinserci\u00f3n. En septiembre iba a llegar una delegaci\u00f3n de M\u00e9xico, pero tambi\u00e9n Byron Titus ha compartido su m\u00e9todo en Argentina, Espa\u00f1a y Colombia. &#8220;La motivaci\u00f3n no es altruista, sino de reducir poblaci\u00f3n carcelaria, optimizar recursos y reducir violencia, pero en el camino resulta que las personas en prisi\u00f3n, al sentirse valoradas, \u00fatiles y de servicio, encuentran un nuevo sentido e ideales&#8221;.<\/p>\t\t\t\t\t\t\t\t<\/div>\n\t\t\t\t\t<\/div>\n\t\t<\/div>\n\t\t\t\t\t<\/div>\n\t\t<\/section>\n\t\t\t\t<section data-particle_enable=\"false\" data-particle-mobile-disabled=\"false\" class=\"elementor-section elementor-top-section elementor-element elementor-element-351110d elementor-section-boxed elementor-section-height-default elementor-section-height-default\" data-id=\"351110d\" data-element_type=\"section\" data-e-type=\"section\">\n\t\t\t\t\t\t<div class=\"elementor-container elementor-column-gap-default\">\n\t\t\t\t\t<div class=\"elementor-column elementor-col-100 elementor-top-column elementor-element elementor-element-6628eed\" data-id=\"6628eed\" data-element_type=\"column\" data-e-type=\"column\">\n\t\t\t<div class=\"elementor-widget-wrap elementor-element-populated\">\n\t\t\t\t\t\t<div class=\"elementor-element elementor-element-93db395 elementor-widget elementor-widget-testimonial\" data-id=\"93db395\" data-element_type=\"widget\" data-e-type=\"widget\" data-widget_type=\"testimonial.default\">\n\t\t\t\t\t\t\t<div class=\"elementor-testimonial-wrapper\">\n\t\t\t\t\t\t\t<div class=\"elementor-testimonial-content\">\"Siempre he pensado que mi \u00e9xito es  estar en el lugar indicado, en el momento indicado. Nunca antes imagin\u00e9 que trabajar\u00eda en Sistemas Penitenciarios, pero surgi\u00f3 la opci\u00f3n, necesitaba un trabajo, pero hoy es mucho m\u00e1s que un empleo:  es un servicio y me han llamado de muchos pa\u00edses y he ofrecido mi experiencia en mi pa\u00eds, Guatemala, pero no me han hecho caso\"<\/div>\n\t\t\t\n\t\t\t\t\t\t<div class=\"elementor-testimonial-meta elementor-has-image elementor-testimonial-image-position-aside\">\n\t\t\t\t<div class=\"elementor-testimonial-meta-inner\">\n\t\t\t\t\t\t\t\t\t\t\t<div class=\"elementor-testimonial-image\">\n\t\t\t\t\t\t\t<img decoding=\"async\" width=\"603\" height=\"652\" src=\"https:\/\/soymigrante.com\/revista\/wp-content\/uploads\/2023\/09\/Captura-de-pantalla-2023-09-18-133605.webp\" class=\"attachment-full size-full wp-image-2619\" alt=\"Byron Titus, migrante y soci\u00f3logo guatemalteco radicado en Massachussets\" title=\"Byron Titus, migrante y soci\u00f3logo guatemalteco radicado en Massachussets \u2013 SoyMigrante.com REVISTA\" srcset=\"https:\/\/soymigrante.com\/revista\/wp-content\/uploads\/2023\/09\/Captura-de-pantalla-2023-09-18-133605.webp 603w, https:\/\/soymigrante.com\/revista\/wp-content\/uploads\/2023\/09\/Captura-de-pantalla-2023-09-18-133605-277x300.webp 277w\" sizes=\"(max-width: 603px) 100vw, 603px\" \/>\t\t\t\t\t\t<\/div>\n\t\t\t\t\t\n\t\t\t\t\t\t\t\t\t\t<div class=\"elementor-testimonial-details\">\n\t\t\t\t\t\t\t\t\t\t\t\t\t\t<div class=\"elementor-testimonial-name\">Byron Titus<\/div>\n\t\t\t\t\t\t\t\t\t\t\t\t\t\t\t\t\t\t\t\t\t\t<div class=\"elementor-testimonial-job\">Soci\u00f3logo y migrante guatemalteco experto en rehabilitaci\u00f3n de personas privadas de libertad<\/div>\n\t\t\t\t\t\t\t\t\t\t\t\t\t<\/div>\n\t\t\t\t\t\t\t\t\t<\/div>\n\t\t\t<\/div>\n\t\t\t\t\t<\/div>\n\t\t\t\t\t\t<\/div>\n\t\t\t\t\t<\/div>\n\t\t<\/div>\n\t\t\t\t\t<\/div>\n\t\t<\/section>\n\t\t\t\t<section data-particle_enable=\"false\" data-particle-mobile-disabled=\"false\" class=\"elementor-section elementor-top-section elementor-element elementor-element-bd437a0 elementor-section-boxed elementor-section-height-default elementor-section-height-default\" data-id=\"bd437a0\" data-element_type=\"section\" data-e-type=\"section\">\n\t\t\t\t\t\t<div class=\"elementor-container elementor-column-gap-default\">\n\t\t\t\t\t<div class=\"elementor-column elementor-col-100 elementor-top-column elementor-element elementor-element-ab20a85\" data-id=\"ab20a85\" data-element_type=\"column\" data-e-type=\"column\">\n\t\t\t<div class=\"elementor-widget-wrap elementor-element-populated\">\n\t\t\t\t\t\t<div class=\"elementor-element elementor-element-89a368b elementor-widget elementor-widget-heading\" data-id=\"89a368b\" data-element_type=\"widget\" data-e-type=\"widget\" data-widget_type=\"heading.default\">\n\t\t\t\t\t<h2 class=\"elementor-heading-title elementor-size-default\">Gran sue\u00f1o pendiente: aplicar su modelo de rehabilitaci\u00f3n en Guatemala<\/h2>\t\t\t\t<\/div>\n\t\t\t\t\t<\/div>\n\t\t<\/div>\n\t\t\t\t\t<\/div>\n\t\t<\/section>\n\t\t\t\t<section data-particle_enable=\"false\" data-particle-mobile-disabled=\"false\" class=\"elementor-section elementor-top-section elementor-element elementor-element-eb0382e elementor-section-boxed elementor-section-height-default elementor-section-height-default\" data-id=\"eb0382e\" data-element_type=\"section\" data-e-type=\"section\">\n\t\t\t\t\t\t<div class=\"elementor-container elementor-column-gap-default\">\n\t\t\t\t\t<div class=\"elementor-column elementor-col-100 elementor-top-column elementor-element elementor-element-2745368\" data-id=\"2745368\" data-element_type=\"column\" data-e-type=\"column\">\n\t\t\t<div class=\"elementor-widget-wrap elementor-element-populated\">\n\t\t\t\t\t\t<div class=\"elementor-element elementor-element-e76354a elementor-widget elementor-widget-text-editor\" data-id=\"e76354a\" data-element_type=\"widget\" data-e-type=\"widget\" data-widget_type=\"text-editor.default\">\n\t\t\t\t\t\t\t\t\t<p><span style=\"color: var( --e-global-color-text ); background-color: var(--ak-bg-color);\">&#8220;Con esta metodolog\u00eda he estado en muchos lugares. Estuve en Espa\u00f1a, Colombia, Argentina. Los funcionarios quieren aplicar este modelo para venderse como pol\u00edticos y eso est\u00e1 bien, porque el beneficio es para la comunidad. Cuando yo implement\u00e9 esto en mi condado, la autoridad quer\u00eda ahorrar recursos y tambi\u00e9n promocionar que anora los ten\u00eda para invertir en guarder\u00edas, en centros de ancianos o en la refacci\u00f3n de las escuelas&#8221;-<\/span><\/p>\n<p><span style=\"color: var( --e-global-color-text ); background-color: var(--ak-bg-color);\">&#8220;A quienes no les conviene este modelo de rehabilitaci\u00f3n es a los corruptos, porque a esos grup\u00fasculos les interesa la criminalidad y beneficiarse de negocios internos de las c\u00e1rceles como la prostituci\u00f3n, las drogas, los sobornos y las extorsiones. En Guatemala he intentado ofrecerlo a las autoridades pero no les interesa. Incluso hubo un ministro de Gobernaci\u00f3n, que hoy est\u00e1 preso, que me dijo: \u00bfY yo qu\u00e9 gano con ese plan?&#8221;<\/span><\/p>\n<p><span style=\"color: var( --e-global-color-text ); background-color: var(--ak-bg-color);\">Y no es que este modelo de rehabilitaci\u00f3n sea solo para delitos menores. Tengo el caso, de un recluso a quien conoc\u00ed en la c\u00e1rcel cuando yo daba clases. Era miembro de una pandillay era el capo local.&nbsp; Era el mero cabez\u00f3n de la banda.&nbsp; Pero dentro de la c\u00e1rcel, aquel interno, que se llama Richard Gonz\u00e1lez, decidi\u00f3 cambiar su vida&#8221;.&nbsp;<\/span><\/p>\n<p><span style=\"color: var( --e-global-color-text ); background-color: var(--ak-bg-color);\">&#8220;Se esforz\u00f3 en las clases y anim\u00f3 a otros reos. Se enferm\u00f3 gravemente y lo dejaron salir de prisi\u00f3n para que muriera afuera, pero no se muri\u00f3. Ya afuera se vuelve pastor y l\u00edder de una organizaci\u00f3n llamada Compasi\u00f3n, que hoy da ayuda a los indigentes, que orienta a j\u00f3venes y es mi colega ahora en la rehabilitaci\u00f3n de personas&#8230; Lleva m\u00e1s de 10 a\u00f1os de servir a la comunidad aquel que parec\u00eda que no ten\u00eda soluci\u00f3n&#8221;.<\/span><\/p>\n<p><span style=\"color: var( --e-global-color-text ); background-color: var(--ak-bg-color);\">En un reciente foro en Espa\u00f1a, Byron Titus explic\u00f3 otros puntos del rescate y tratamiento de personas privadas de libertad. Reconoce que no todos quiz\u00e1 puedan rehabilitarse, pero s\u00ed una gran mayor\u00eda. Pero se necesita de una institucionalidad estatal seria, permanente y profesional.<\/span><\/p>\t\t\t\t\t\t\t\t<\/div>\n\t\t\t\t\t<\/div>\n\t\t<\/div>\n\t\t\t\t\t<\/div>\n\t\t<\/section>\n\t\t\t\t<section data-particle_enable=\"false\" data-particle-mobile-disabled=\"false\" class=\"elementor-section elementor-top-section elementor-element elementor-element-e14983d elementor-section-boxed elementor-section-height-default elementor-section-height-default\" data-id=\"e14983d\" data-element_type=\"section\" data-e-type=\"section\">\n\t\t\t\t\t\t<div class=\"elementor-container elementor-column-gap-default\">\n\t\t\t\t\t<div class=\"elementor-column elementor-col-100 elementor-top-column elementor-element elementor-element-bc109da\" data-id=\"bc109da\" data-element_type=\"column\" data-e-type=\"column\">\n\t\t\t<div class=\"elementor-widget-wrap elementor-element-populated\">\n\t\t\t\t\t\t<div class=\"elementor-element elementor-element-32364bf elementor-widget elementor-widget-video\" data-id=\"32364bf\" data-element_type=\"widget\" data-e-type=\"widget\" data-settings=\"{&quot;youtube_url&quot;:&quot;https:\\\/\\\/youtu.be\\\/SaUcFL2V3FE&quot;,&quot;start&quot;:25,&quot;autoplay&quot;:&quot;yes&quot;,&quot;video_type&quot;:&quot;youtube&quot;,&quot;controls&quot;:&quot;yes&quot;}\" data-widget_type=\"video.default\">\n\t\t\t\t\t\t\t<div class=\"elementor-wrapper elementor-open-inline\">\n\t\t\t<div class=\"elementor-video\"><\/div>\t\t<\/div>\n\t\t\t\t\t\t<\/div>\n\t\t\t\t\t<\/div>\n\t\t<\/div>\n\t\t\t\t\t<\/div>\n\t\t<\/section>\n\t\t\t\t<\/div>\n\t\t","protected":false},"excerpt":{"rendered":"<p>El ingeniero, soci\u00f3logo y migrante guatemalteco Byron Titus trabaja en el sistema penitenciario de Worcester, Massachussets donde logr\u00f3 subir la rehabilitaci\u00f3n de personas con un m\u00e9todo que varios pa\u00edses buscan implementar&#8230; excepto Guatemala. Esta es su historia. Muchas personas que han tenido problemas con la ley en el condado de Worcester, Massachussets han tenido la [&hellip;]<\/p>\n","protected":false},"author":7,"featured_media":2615,"comment_status":"open","ping_status":"open","sticky":false,"template":"","format":"standard","meta":{"_acf_changed":false,"_eb_attr":"","footnotes":""},"categories":[50],"tags":[],"class_list":["post-2614","post","type-post","status-publish","format-standard","has-post-thumbnail","hentry","category-exitos"],"acf":[],"aioseo_notices":[],"aioseo_head":"\n\t\t<!-- All in One SEO Pro 4.9.6.2 - aioseo.com -->\n\t<meta name=\"description\" content=\"El ingeniero, soci\u00f3logo y migrante guatemalteco Byron Titus trabaja en el sistema penitenciario de Worcester, Massachussets donde logr\u00f3 subir la rehabilitaci\u00f3n de personas con un m\u00e9todo que varios pa\u00edses buscan implementar... excepto Guatemala. Esta es su historia. Introducci\u00f3n: c\u00e1rcel sin barrotes Reducir la reincidencia carcelaria de un 75% a un 24% tambi\u00e9n redujo gastos y Byron Titus es ingeniero, soci\u00f3logo y migrante guatemalteco. Labora en el sistema carcelario de una ciudad de Massachussets, donde elev\u00f3 cifras de rehabilitaci\u00f3n y reinserc\u00f3n\" \/>\n\t<meta name=\"robots\" content=\"max-snippet:-1, max-image-preview:large, max-video-preview:-1\" \/>\n\t<meta name=\"author\" content=\"Gustavo Montenegro\"\/>\n\t<link rel=\"canonical\" href=\"https:\/\/soymigrante.com\/revista\/migrante-guatemalteco-revoluciona-sistema-carcelario-en-massachussets-y-varios-paises-buscan-su-asesoria\/\" \/>\n\t<meta name=\"generator\" content=\"All in One SEO Pro (AIOSEO) 4.9.6.2\" \/>\n\n\t\t<link rel=\"preconnect\" href=\"https:\/\/fonts.googleapis.com\" crossorigin>\n<link rel=\"preconnect\" href=\"https:\/\/fonts.gstatic.com\" crossorigin>\n\t\t<meta property=\"og:locale\" content=\"es_ES\" \/>\n\t\t<meta property=\"og:site_name\" content=\"SoyMigrante.com REVISTA \u2013 Nuestra misi\u00f3n es reconocer y dignificar al migrante.\" \/>\n\t\t<meta property=\"og:type\" content=\"article\" \/>\n\t\t<meta property=\"og:title\" content=\"Migrante guatemalteco transforma sistema de rehabilitaci\u00f3n carcelaria en Massachussets y sigue adelante\" \/>\n\t\t<meta property=\"og:description\" content=\"El ingeniero, soci\u00f3logo y migrante guatemalteco Byron Titus trabaja en el sistema penitenciario de Worcester, Massachussets donde logr\u00f3 subir la rehabilitaci\u00f3n de personas con un m\u00e9todo que varios pa\u00edses buscan implementar... excepto Guatemala. Esta es su historia. Introducci\u00f3n: c\u00e1rcel sin barrotes Reducir la reincidencia carcelaria de un 75% a un 24% tambi\u00e9n redujo gastos y Byron Titus es ingeniero, soci\u00f3logo y migrante guatemalteco. Labora en el sistema carcelario de una ciudad de Massachussets, donde elev\u00f3 cifras de rehabilitaci\u00f3n y reinserc\u00f3n\" \/>\n\t\t<meta property=\"og:url\" content=\"https:\/\/soymigrante.com\/revista\/migrante-guatemalteco-revoluciona-sistema-carcelario-en-massachussets-y-varios-paises-buscan-su-asesoria\/\" \/>\n\t\t<meta property=\"og:image\" content=\"https:\/\/soymigrante.com\/revista\/wp-content\/uploads\/2023\/09\/titus.webp\" \/>\n\t\t<meta property=\"og:image:secure_url\" content=\"https:\/\/soymigrante.com\/revista\/wp-content\/uploads\/2023\/09\/titus.webp\" \/>\n\t\t<meta property=\"og:image:width\" content=\"1536\" \/>\n\t\t<meta property=\"og:image:height\" content=\"1449\" \/>\n\t\t<meta property=\"article:published_time\" content=\"2023-09-18T21:08:44+00:00\" \/>\n\t\t<meta property=\"article:modified_time\" content=\"2024-07-30T16:41:34+00:00\" \/>\n\t\t<meta property=\"article:publisher\" content=\"https:\/\/www.facebook.com\/soymigrantecom\" \/>\n\t\t<meta name=\"twitter:card\" content=\"summary_large_image\" \/>\n\t\t<meta name=\"twitter:site\" content=\"@SoyMigrante_com\" \/>\n\t\t<meta name=\"twitter:title\" content=\"Migrante guatemalteco transforma sistema de rehabilitaci\u00f3n carcelaria en Massachussets y sigue adelante\" \/>\n\t\t<meta name=\"twitter:description\" content=\"El ingeniero, soci\u00f3logo y migrante guatemalteco Byron Titus trabaja en el sistema penitenciario de Worcester, Massachussets donde logr\u00f3 subir la rehabilitaci\u00f3n de personas con un m\u00e9todo que varios pa\u00edses buscan implementar... excepto Guatemala. Esta es su historia. Introducci\u00f3n: c\u00e1rcel sin barrotes Reducir la reincidencia carcelaria de un 75% a un 24% tambi\u00e9n redujo gastos y Byron Titus es ingeniero, soci\u00f3logo y migrante guatemalteco. Labora en el sistema carcelario de una ciudad de Massachussets, donde elev\u00f3 cifras de rehabilitaci\u00f3n y reinserc\u00f3n\" \/>\n\t\t<meta name=\"twitter:creator\" content=\"@SoyMigrante_com\" \/>\n\t\t<meta name=\"twitter:image\" content=\"https:\/\/soymigrante.com\/revista\/wp-content\/uploads\/2023\/09\/titus.webp\" \/>\n\t\t<!-- All in One SEO Pro -->\r\n\t\t<title>Migrante guatemalteco transforma sistema de rehabilitaci\u00f3n carcelaria en Massachussets y sigue adelante<\/title>\n\n","aioseo_head_json":{"title":"Migrante guatemalteco transforma sistema de rehabilitaci\u00f3n carcelaria en Massachussets y sigue adelante","description":"El ingeniero, soci\u00f3logo y migrante guatemalteco Byron Titus trabaja en el sistema penitenciario de Worcester, Massachussets donde logr\u00f3 subir la rehabilitaci\u00f3n de personas con un m\u00e9todo que varios pa\u00edses buscan implementar... excepto Guatemala. Esta es su historia. Introducci\u00f3n: c\u00e1rcel sin barrotes Reducir la reincidencia carcelaria de un 75% a un 24% tambi\u00e9n redujo gastos y Byron Titus es ingeniero, soci\u00f3logo y migrante guatemalteco. Labora en el sistema carcelario de una ciudad de Massachussets, donde elev\u00f3 cifras de rehabilitaci\u00f3n y reinserc\u00f3n","canonical_url":"https:\/\/soymigrante.com\/revista\/migrante-guatemalteco-revoluciona-sistema-carcelario-en-massachussets-y-varios-paises-buscan-su-asesoria\/","robots":"max-snippet:-1, max-image-preview:large, max-video-preview:-1","keywords":"","webmasterTools":{"miscellaneous":"&lt;link rel=\"preconnect\" href=\"https:\/\/fonts.googleapis.com\" crossorigin&gt;\n&lt;link rel=\"preconnect\" href=\"https:\/\/fonts.gstatic.com\" crossorigin&gt;"},"schema":null,"og:locale":"es_ES","og:site_name":"SoyMigrante.com REVISTA \u2013 Nuestra misi\u00f3n es reconocer y dignificar al migrante.","og:type":"article","og:title":"Migrante guatemalteco transforma sistema de rehabilitaci\u00f3n carcelaria en Massachussets y sigue adelante","og:description":"El ingeniero, soci\u00f3logo y migrante guatemalteco Byron Titus trabaja en el sistema penitenciario de Worcester, Massachussets donde logr\u00f3 subir la rehabilitaci\u00f3n de personas con un m\u00e9todo que varios pa\u00edses buscan implementar... excepto Guatemala. Esta es su historia. Introducci\u00f3n: c\u00e1rcel sin barrotes Reducir la reincidencia carcelaria de un 75% a un 24% tambi\u00e9n redujo gastos y Byron Titus es ingeniero, soci\u00f3logo y migrante guatemalteco. Labora en el sistema carcelario de una ciudad de Massachussets, donde elev\u00f3 cifras de rehabilitaci\u00f3n y reinserc\u00f3n","og:url":"https:\/\/soymigrante.com\/revista\/migrante-guatemalteco-revoluciona-sistema-carcelario-en-massachussets-y-varios-paises-buscan-su-asesoria\/","og:image":"https:\/\/soymigrante.com\/revista\/wp-content\/uploads\/2023\/09\/titus.webp","og:image:secure_url":"https:\/\/soymigrante.com\/revista\/wp-content\/uploads\/2023\/09\/titus.webp","og:image:width":1536,"og:image:height":1449,"article:published_time":"2023-09-18T21:08:44+00:00","article:modified_time":"2024-07-30T16:41:34+00:00","article:publisher":"https:\/\/www.facebook.com\/soymigrantecom","twitter:card":"summary_large_image","twitter:site":"@SoyMigrante_com","twitter:title":"Migrante guatemalteco transforma sistema de rehabilitaci\u00f3n carcelaria en Massachussets y sigue adelante","twitter:description":"El ingeniero, soci\u00f3logo y migrante guatemalteco Byron Titus trabaja en el sistema penitenciario de Worcester, Massachussets donde logr\u00f3 subir la rehabilitaci\u00f3n de personas con un m\u00e9todo que varios pa\u00edses buscan implementar... excepto Guatemala. Esta es su historia. Introducci\u00f3n: c\u00e1rcel sin barrotes Reducir la reincidencia carcelaria de un 75% a un 24% tambi\u00e9n redujo gastos y Byron Titus es ingeniero, soci\u00f3logo y migrante guatemalteco. Labora en el sistema carcelario de una ciudad de Massachussets, donde elev\u00f3 cifras de rehabilitaci\u00f3n y reinserc\u00f3n","twitter:creator":"@SoyMigrante_com","twitter:image":"https:\/\/soymigrante.com\/revista\/wp-content\/uploads\/2023\/09\/titus.webp"},"aioseo_meta_data":{"post_id":"2614","title":null,"description":"#post_excerpt Byron Titus es ingeniero, soci\u00f3logo y migrante guatemalteco. Labora en el sistema carcelario de una ciudad de Massachussets, donde elev\u00f3 cifras de rehabilitaci\u00f3n y reinserc\u00f3n","keywords":[],"keyphrases":{"focus":{"keyphrase":"migrante guatemalteco","score":69,"analysis":{"keyphraseInTitle":{"score":9,"maxScore":9,"error":0},"keyphraseInDescription":{"score":9,"maxScore":9,"error":0},"keyphraseLength":{"score":9,"maxScore":9,"error":0,"length":2},"keyphraseInURL":{"score":5,"maxScore":5,"error":0},"keyphraseInIntroduction":{"score":3,"maxScore":9,"error":1},"keyphraseInSubHeadings":{"score":3,"maxScore":9,"error":1},"keyphraseInImageAlt":{"score":9,"maxScore":9,"error":0},"keywordDensity":{"score":0,"type":"low","maxScore":9,"error":1}}},"additional":[]},"primary_term":null,"canonical_url":null,"og_title":null,"og_description":null,"og_object_type":"default","og_image_type":"default","og_image_url":null,"og_image_width":null,"og_image_height":null,"og_image_custom_url":null,"og_image_custom_fields":null,"og_video":"","og_custom_url":null,"og_article_section":null,"og_article_tags":[],"twitter_use_og":false,"twitter_card":"default","twitter_image_type":"default","twitter_image_url":null,"twitter_image_custom_url":null,"twitter_image_custom_fields":null,"twitter_title":null,"twitter_description":null,"schema":{"blockGraphs":[],"customGraphs":[],"default":{"data":{"Article":[],"Course":[],"Dataset":[],"FAQPage":[],"Movie":[],"Person":[],"Product":[],"ProductReview":[],"Car":[],"Recipe":[],"Service":[],"SoftwareApplication":[],"WebPage":[]},"graphName":"BlogPosting","isEnabled":true},"graphs":[]},"schema_type":"default","schema_type_options":null,"pillar_content":false,"robots_default":true,"robots_noindex":false,"robots_noarchive":false,"robots_nosnippet":false,"robots_nofollow":false,"robots_noimageindex":false,"robots_noodp":false,"robots_notranslate":false,"robots_max_snippet":"-1","robots_max_videopreview":"-1","robots_max_imagepreview":"large","priority":null,"frequency":"default","local_seo":null,"seo_analyzer_scan_date":"2025-10-08 20:26:46","breadcrumb_settings":null,"limit_modified_date":false,"reviewed_by":null,"open_ai":null,"ai":null,"created":"2023-09-18 16:25:17","updated":"2026-02-04 09:40:45"},"aioseo_breadcrumb":"<div class=\"aioseo-breadcrumbs\"><span class=\"aioseo-breadcrumb\">\n\t<a href=\"https:\/\/soymigrante.com\/revista\" title=\"Home\">Home<\/a>\n<\/span><span class=\"aioseo-breadcrumb-separator\">\u00bb<\/span><span class=\"aioseo-breadcrumb\">\n\t<a href=\"https:\/\/soymigrante.com\/revista\/category\/exitos\/\" title=\"\u00c9xitos\">\u00c9xitos<\/a>\n<\/span><span class=\"aioseo-breadcrumb-separator\">\u00bb<\/span><span class=\"aioseo-breadcrumb\">\n\tMigrante guatemalteco transforma sistema de rehabilitaci\u00f3n carcelaria en Massachussets y sigue adelante\n<\/span><\/div>","aioseo_breadcrumb_json":[{"label":"Home","link":"https:\/\/soymigrante.com\/revista"},{"label":"\u00c9xitos","link":"https:\/\/soymigrante.com\/revista\/category\/exitos\/"},{"label":"Migrante guatemalteco transforma sistema de rehabilitaci\u00f3n carcelaria en Massachussets y sigue adelante","link":"https:\/\/soymigrante.com\/revista\/migrante-guatemalteco-revoluciona-sistema-carcelario-en-massachussets-y-varios-paises-buscan-su-asesoria\/"}],"_links":{"self":[{"href":"https:\/\/soymigrante.com\/revista\/wp-json\/wp\/v2\/posts\/2614","targetHints":{"allow":["GET"]}}],"collection":[{"href":"https:\/\/soymigrante.com\/revista\/wp-json\/wp\/v2\/posts"}],"about":[{"href":"https:\/\/soymigrante.com\/revista\/wp-json\/wp\/v2\/types\/post"}],"author":[{"embeddable":true,"href":"https:\/\/soymigrante.com\/revista\/wp-json\/wp\/v2\/users\/7"}],"replies":[{"embeddable":true,"href":"https:\/\/soymigrante.com\/revista\/wp-json\/wp\/v2\/comments?post=2614"}],"version-history":[{"count":0,"href":"https:\/\/soymigrante.com\/revista\/wp-json\/wp\/v2\/posts\/2614\/revisions"}],"wp:featuredmedia":[{"embeddable":true,"href":"https:\/\/soymigrante.com\/revista\/wp-json\/wp\/v2\/media\/2615"}],"wp:attachment":[{"href":"https:\/\/soymigrante.com\/revista\/wp-json\/wp\/v2\/media?parent=2614"}],"wp:term":[{"taxonomy":"category","embeddable":true,"href":"https:\/\/soymigrante.com\/revista\/wp-json\/wp\/v2\/categories?post=2614"},{"taxonomy":"post_tag","embeddable":true,"href":"https:\/\/soymigrante.com\/revista\/wp-json\/wp\/v2\/tags?post=2614"}],"curies":[{"name":"wp","href":"https:\/\/api.w.org\/{rel}","templated":true}]}}