{"id":26107,"date":"2025-02-20T13:24:18","date_gmt":"2025-02-20T19:24:18","guid":{"rendered":"https:\/\/soymigrante.com\/revista\/?p=26107"},"modified":"2025-06-12T08:19:21","modified_gmt":"2025-06-12T14:19:21","slug":"porque-el-santiaguito-es-el-volcan-prohibido-de-guatemala","status":"publish","type":"post","link":"https:\/\/soymigrante.com\/revista\/porque-el-santiaguito-es-el-volcan-prohibido-de-guatemala\/","title":{"rendered":"\u00bfPorqu\u00e9 el Santiaguito es el volc\u00e1n prohibido de Guatemala?"},"content":{"rendered":"\t\t<div data-elementor-type=\"wp-post\" data-elementor-id=\"26107\" class=\"elementor elementor-26107\" data-elementor-post-type=\"post\">\n\t\t\t\t<div data-particle_enable=\"false\" data-particle-mobile-disabled=\"false\" class=\"elementor-element elementor-element-042c57a e-flex e-con-boxed e-con e-parent\" data-id=\"042c57a\" data-element_type=\"container\" data-e-type=\"container\">\n\t\t\t\t\t<div class=\"e-con-inner\">\n\t\t\t\t<div class=\"elementor-element elementor-element-636c4cb elementor-widget elementor-widget-heading\" data-id=\"636c4cb\" data-element_type=\"widget\" data-e-type=\"widget\" data-widget_type=\"heading.default\">\n\t\t\t\t\t<h2 class=\"elementor-heading-title elementor-size-default\"><span style=\"font-size: 31.2px\">El volc\u00e1n Santiaguito, en Quetzaltenango, surgi\u00f3 hace poco m\u00e1s de un siglo y desde entonces su actividad no se ha detenido. Escalarlo est\u00e1 prohibido. \u00bfPorqu\u00e9 se llama as\u00ed? \u00bfCu\u00e1ndo se form\u00f3? \u00bfEs en verdad el volc\u00e1n m\u00e1s joven de Guatemala? Estas y otras preguntas aqu\u00ed.<\/span><\/h2>\t\t\t\t<\/div>\n\t\t\t\t\t<\/div>\n\t\t\t\t<\/div>\n\t\t<div data-particle_enable=\"false\" data-particle-mobile-disabled=\"false\" class=\"elementor-element elementor-element-bb84018 e-flex e-con-boxed e-con e-parent\" data-id=\"bb84018\" data-element_type=\"container\" data-e-type=\"container\">\n\t\t\t\t\t<div class=\"e-con-inner\">\n\t\t\t\t<div class=\"elementor-element elementor-element-dcf3e53 elementor-widget elementor-widget-text-editor\" data-id=\"dcf3e53\" data-element_type=\"widget\" data-e-type=\"widget\" data-widget_type=\"text-editor.default\">\n\t\t\t\t\t\t\t\t\t<p>El volc\u00e1n Santiaguito en Quetzaletenango es considerado una zona de alto riesgo por la Coordinadora Nacional para la Reducci\u00f3n de Desastres. El car\u00e1cter impredecible de su actividad, tanto en localizaci\u00f3n como en fuerza, lo hace peligroso para cualquier tipo de visitante. Se le puede observar desde una distancia segura, pero bajo ningun punto de vista vale la pena arriesgar la vida para explorar las cercan\u00edas de su cr\u00e1ter. Por eso mismo las autoridades han advertido que no se efectuar\u00e1 ninguna tarea de rescate de personas que desobedezcan la prohibici\u00f3n.<\/p>\t\t\t\t\t\t\t\t<\/div>\n\t\t\t\t\t<\/div>\n\t\t\t\t<\/div>\n\t\t<div data-particle_enable=\"false\" data-particle-mobile-disabled=\"false\" class=\"elementor-element elementor-element-e698fdf e-flex e-con-boxed e-con e-parent\" data-id=\"e698fdf\" data-element_type=\"container\" data-e-type=\"container\">\n\t\t\t\t\t<div class=\"e-con-inner\">\n\t\t\t\t<div class=\"elementor-element elementor-element-c66f5e8 elementor-widget elementor-widget-image\" data-id=\"c66f5e8\" data-element_type=\"widget\" data-e-type=\"widget\" data-widget_type=\"image.default\">\n\t\t\t\t\t\t\t\t\t\t\t\t<figure class=\"wp-caption\">\n\t\t\t\t\t\t\t\t\t\t<img fetchpriority=\"high\" decoding=\"async\" width=\"768\" height=\"491\" src=\"https:\/\/soymigrante.com\/revista\/wp-content\/uploads\/2025\/02\/Captura-de-pantalla-2025-02-20-111053-1024x655.jpg\" class=\"attachment-large size-large wp-image-26112\" alt=\"Lava volc\u00e1nica en erupci\u00f3n, columna de ceniza, volc\u00e1n en actividad, paisaje volc\u00e1nico, naturaleza en erupci\u00f3n, fotograf\u00eda natural, actividad s\u00edsmica, desastre natural, paisaje de monta\u00f1a, fen\u00f3menos volc\u00e1nicos.\" srcset=\"https:\/\/soymigrante.com\/revista\/wp-content\/uploads\/2025\/02\/Captura-de-pantalla-2025-02-20-111053-1024x655.jpg 1024w, https:\/\/soymigrante.com\/revista\/wp-content\/uploads\/2025\/02\/Captura-de-pantalla-2025-02-20-111053-300x192.jpg 300w, https:\/\/soymigrante.com\/revista\/wp-content\/uploads\/2025\/02\/Captura-de-pantalla-2025-02-20-111053-768x492.jpg 768w, https:\/\/soymigrante.com\/revista\/wp-content\/uploads\/2025\/02\/Captura-de-pantalla-2025-02-20-111053-750x480.webp 750w, https:\/\/soymigrante.com\/revista\/wp-content\/uploads\/2025\/02\/Captura-de-pantalla-2025-02-20-111053.webp 1125w\" sizes=\"(max-width: 768px) 100vw, 768px\" title=\"Explosi\u00f3n del volc\u00e1n Santiaguito en 2024 Fotograf\u00eda de dron Abel Ju\u00e1rez \u2013 SoyMigrante.com REVISTA\" \/>\t\t\t\t\t\t\t\t\t\t\t<figcaption class=\"widget-image-caption wp-caption-text\">Una espectacular erupci\u00f3n volc\u00e1nica muestra una columna de humo y ceniza saliendo de un volc\u00e1n en medio de un paisaje monta\u00f1oso, destacando la fuerza de la naturaleza y la actividad s\u00edsmica en zonas volc\u00e1nicas.<\/figcaption>\n\t\t\t\t\t\t\t\t\t\t<\/figure>\n\t\t\t\t\t\t\t\t\t<\/div>\n\t\t\t\t\t<\/div>\n\t\t\t\t<\/div>\n\t\t<div data-particle_enable=\"false\" data-particle-mobile-disabled=\"false\" class=\"elementor-element elementor-element-f8c58cc e-flex e-con-boxed e-con e-parent\" data-id=\"f8c58cc\" data-element_type=\"container\" data-e-type=\"container\">\n\t\t\t\t\t<div class=\"e-con-inner\">\n\t\t\t\t<div class=\"elementor-element elementor-element-e98768e elementor-widget elementor-widget-heading\" data-id=\"e98768e\" data-element_type=\"widget\" data-e-type=\"widget\" data-widget_type=\"heading.default\">\n\t\t\t\t\t<h3 class=\"elementor-heading-title elementor-size-default\">\u00bfDesde cu\u00e1ndo est\u00e1 prohibido escalar el volc\u00e1n Santiaguito?<\/h3>\t\t\t\t<\/div>\n\t\t\t\t\t<\/div>\n\t\t\t\t<\/div>\n\t\t<div data-particle_enable=\"false\" data-particle-mobile-disabled=\"false\" class=\"elementor-element elementor-element-e3481d8 e-flex e-con-boxed e-con e-parent\" data-id=\"e3481d8\" data-element_type=\"container\" data-e-type=\"container\">\n\t\t\t\t\t<div class=\"e-con-inner\">\n\t\t\t\t<div class=\"elementor-element elementor-element-7b7c9bb elementor-widget elementor-widget-text-editor\" data-id=\"7b7c9bb\" data-element_type=\"widget\" data-e-type=\"widget\" data-widget_type=\"text-editor.default\">\n\t\t\t\t\t\t\t\t\t<p><span style=\"color: var( --e-global-color-text ); text-align: var(--text-align);\">Desde marzo de 2024 est\u00e1 terminantemente prohibido escalar el volc\u00e1n Santiaguito o visitar el \u00e1rea de domos de lava, por el peligro de una s\u00fabita erupci\u00f3n masiva, la posibilidad de inhalar gases venenosos y la dificultad potencial para rescatar a personas.\u00a0 Esta prohibici\u00f3n se ha difundido a trav\u00e9s de diversos medios a lo largo de 2024 y tambi\u00e9n en el inicio de 2025.<\/span><\/p><p><span style=\"color: var( --e-global-color-text ); text-align: var(--text-align);\">Este 20 de febrero de 2025, autoridades de Guatemala reiteran la prohibici\u00f3n total de intentar escalar el volc\u00e1n Santiaguito porque sus erupciones son un peligro potencialmente letal.\u00a0 Hay de 40 a 70 explosiones diarias y en cualquier momento puede haber una erupci\u00f3n fuerte.\u00a0<\/span><\/p><p><span style=\"color: var( --e-global-color-text ); text-align: var(--text-align);\">La municipalidad de Quetzaltenango prohibi\u00f3 acercarse a 5 kil\u00f3metros a la redonda del cr\u00e1ter del Santiaguito.\u00a0<\/span><\/p>\t\t\t\t\t\t\t\t<\/div>\n\t\t\t\t\t<\/div>\n\t\t\t\t<\/div>\n\t\t<div data-particle_enable=\"false\" data-particle-mobile-disabled=\"false\" class=\"elementor-element elementor-element-1eeb301 e-flex e-con-boxed e-con e-parent\" data-id=\"1eeb301\" data-element_type=\"container\" data-e-type=\"container\">\n\t\t\t\t\t<div class=\"e-con-inner\">\n\t\t\t\t<div class=\"elementor-element elementor-element-7670368 elementor-widget elementor-widget-image\" data-id=\"7670368\" data-element_type=\"widget\" data-e-type=\"widget\" data-widget_type=\"image.default\">\n\t\t\t\t\t\t\t\t\t\t\t\t<figure class=\"wp-caption\">\n\t\t\t\t\t\t\t\t\t\t<img decoding=\"async\" width=\"768\" height=\"423\" src=\"https:\/\/soymigrante.com\/revista\/wp-content\/uploads\/2025\/02\/volcan-santiaguito-1024x564.jpg\" class=\"attachment-large size-large wp-image-26134\" alt=\"Hacia donde sale humo y vapor del volc\u00e1n activo en una erupci\u00f3n volc\u00e1nica.\" srcset=\"https:\/\/soymigrante.com\/revista\/wp-content\/uploads\/2025\/02\/volcan-santiaguito-1024x564.jpg 1024w, https:\/\/soymigrante.com\/revista\/wp-content\/uploads\/2025\/02\/volcan-santiaguito-300x165.jpg 300w, https:\/\/soymigrante.com\/revista\/wp-content\/uploads\/2025\/02\/volcan-santiaguito-768x423.jpg 768w, https:\/\/soymigrante.com\/revista\/wp-content\/uploads\/2025\/02\/volcan-santiaguito-750x413.webp 750w, https:\/\/soymigrante.com\/revista\/wp-content\/uploads\/2025\/02\/volcan-santiaguito-1140x628.webp 1140w, https:\/\/soymigrante.com\/revista\/wp-content\/uploads\/2025\/02\/volcan-santiaguito.webp 1328w\" sizes=\"(max-width: 768px) 100vw, 768px\" title=\"El volc\u00e1n Santiaguito lleva casi 103 a\u00f1os activo (hasta 2025) y en cualquier momento puede haber una erupci\u00f3n fuerte con emanaci\u00f3n de gases t\u00f3xicos. Por ello las autoridades municipales y gubernamentales prohiben llegar a menos de 5 kil\u00f3metros de su cr\u00e1ter. Si alguien ofrece esas excursiones est\u00e1 cometiendo un delito y poniendo en peligro su vida y la de sus acompa\u00f1antes. \u2013 SoyMigrante.com REVISTA\" \/>\t\t\t\t\t\t\t\t\t\t\t<figcaption class=\"widget-image-caption wp-caption-text\">Vista a\u00e9rea de un volc\u00e1n en erupci\u00f3n con columna de humo y gases en el aire.<\/figcaption>\n\t\t\t\t\t\t\t\t\t\t<\/figure>\n\t\t\t\t\t\t\t\t\t<\/div>\n\t\t\t\t\t<\/div>\n\t\t\t\t<\/div>\n\t\t<div data-particle_enable=\"false\" data-particle-mobile-disabled=\"false\" class=\"elementor-element elementor-element-6ccaf3a e-flex e-con-boxed e-con e-parent\" data-id=\"6ccaf3a\" data-element_type=\"container\" data-e-type=\"container\">\n\t\t\t\t\t<div class=\"e-con-inner\">\n\t\t\t\t<div class=\"elementor-element elementor-element-fc10bdd elementor-widget elementor-widget-heading\" data-id=\"fc10bdd\" data-element_type=\"widget\" data-e-type=\"widget\" data-widget_type=\"heading.default\">\n\t\t\t\t\t<h3 class=\"elementor-heading-title elementor-size-default\">\u00bfEs el Santiaguito el volc\u00e1n m\u00e1s \"joven\" de Guatemala? <\/h3>\t\t\t\t<\/div>\n\t\t\t\t\t<\/div>\n\t\t\t\t<\/div>\n\t\t<div data-particle_enable=\"false\" data-particle-mobile-disabled=\"false\" class=\"elementor-element elementor-element-3540c35 e-flex e-con-boxed e-con e-parent\" data-id=\"3540c35\" data-element_type=\"container\" data-e-type=\"container\">\n\t\t\t\t\t<div class=\"e-con-inner\">\n\t\t\t\t<div class=\"elementor-element elementor-element-c8eaa00 elementor-widget elementor-widget-text-editor\" data-id=\"c8eaa00\" data-element_type=\"widget\" data-e-type=\"widget\" data-widget_type=\"text-editor.default\">\n\t\t\t\t\t\t\t\t\t<p><span style=\"color: var( --e-global-color-text ); text-align: var(--text-align);\">El volc\u00e1n Santiaguito, ubicado en el departamento de Quetzaltenango, Guatemala, es uno de los volcanes m\u00e1s activos y peligrosos del pa\u00eds. Pero tambi\u00e9n es el m\u00e1s joven. Este complejo volc\u00e1nico es un domo de lava que se origin\u00f3 en 1922 tras una gran erupci\u00f3n del volc\u00e1n Santa Mar\u00eda en 1902.\u00a0<\/span><\/p><p><span style=\"color: var( --e-global-color-text ); text-align: var(--text-align);\">Desde 1922 el Santiaguito ha mantenido una actividad eruptiva constante, caracterizada por explosiones, flujos pirocl\u00e1sticos y emisiones de ceniza. En su primer a\u00f1o de actividad alcanz\u00f3 a crecer casi 300 metros.<\/span><\/p>\t\t\t\t\t\t\t\t<\/div>\n\t\t\t\t\t<\/div>\n\t\t\t\t<\/div>\n\t\t<div data-particle_enable=\"false\" data-particle-mobile-disabled=\"false\" class=\"elementor-element elementor-element-54435bd e-flex e-con-boxed e-con e-parent\" data-id=\"54435bd\" data-element_type=\"container\" data-e-type=\"container\">\n\t\t\t\t\t<div class=\"e-con-inner\">\n\t\t\t\t<div class=\"elementor-element elementor-element-504e175 elementor-widget elementor-widget-image\" data-id=\"504e175\" data-element_type=\"widget\" data-e-type=\"widget\" data-widget_type=\"image.default\">\n\t\t\t\t\t\t\t\t\t\t\t\t<figure class=\"wp-caption\">\n\t\t\t\t\t\t\t\t\t\t<img decoding=\"async\" width=\"747\" height=\"838\" src=\"https:\/\/soymigrante.com\/revista\/wp-content\/uploads\/2025\/02\/Captura-de-pantalla-2025-02-20-115422.webp\" class=\"attachment-large size-large wp-image-26135\" alt=\"Erucci\u00f3n volc\u00e1nica Santa Mar\u00eda mayo 2014, mapa de referencia geol\u00f3gica y vulcanol\u00f3gica en Guatemala.\" srcset=\"https:\/\/soymigrante.com\/revista\/wp-content\/uploads\/2025\/02\/Captura-de-pantalla-2025-02-20-115422.webp 747w, https:\/\/soymigrante.com\/revista\/wp-content\/uploads\/2025\/02\/Captura-de-pantalla-2025-02-20-115422-267x300.jpg 267w\" sizes=\"(max-width: 747px) 100vw, 747px\" title=\"Area de influencia de la actividad del volc\u00e1n Santiaguito, seg\u00fan el Instituto Nacional de Sismolog\u00eda, Vulcanolog\u00eda, Meteorolog\u00eda e Hidrolog\u00eda de Guatemala, Insivumeh. \u2013 SoyMigrante.com REVISTA\" \/>\t\t\t\t\t\t\t\t\t\t\t<figcaption class=\"widget-image-caption wp-caption-text\">Mapa topogr\u00e1fico y geol\u00f3gico que muestra la actividad volc\u00e1nica y zonas afectadas en el volc\u00e1n Santa Mar\u00eda, Guatemala.<\/figcaption>\n\t\t\t\t\t\t\t\t\t\t<\/figure>\n\t\t\t\t\t\t\t\t\t<\/div>\n\t\t\t\t\t<\/div>\n\t\t\t\t<\/div>\n\t\t<div data-particle_enable=\"false\" data-particle-mobile-disabled=\"false\" class=\"elementor-element elementor-element-ebc5114 e-flex e-con-boxed e-con e-parent\" data-id=\"ebc5114\" data-element_type=\"container\" data-e-type=\"container\">\n\t\t\t\t\t<div class=\"e-con-inner\">\n\t\t\t\t<div class=\"elementor-element elementor-element-09d93bf elementor-widget elementor-widget-heading\" data-id=\"09d93bf\" data-element_type=\"widget\" data-e-type=\"widget\" data-widget_type=\"heading.default\">\n\t\t\t\t\t<h3 class=\"elementor-heading-title elementor-size-default\">\u00bfY por qu\u00e9 se llama Santiaguito?<\/h3>\t\t\t\t<\/div>\n\t\t\t\t\t<\/div>\n\t\t\t\t<\/div>\n\t\t<div data-particle_enable=\"false\" data-particle-mobile-disabled=\"false\" class=\"elementor-element elementor-element-a726b3a e-flex e-con-boxed e-con e-parent\" data-id=\"a726b3a\" data-element_type=\"container\" data-e-type=\"container\">\n\t\t\t\t\t<div class=\"e-con-inner\">\n\t\t\t\t<div class=\"elementor-element elementor-element-6bef216 elementor-widget elementor-widget-text-editor\" data-id=\"6bef216\" data-element_type=\"widget\" data-e-type=\"widget\" data-widget_type=\"text-editor.default\">\n\t\t\t\t\t\t\t\t\t<p>El santo patrono del poblado de El Palmar es Santiago Ap\u00f3stol. El Palmar convivi\u00f3 muchos a\u00f1os con el inquieto volc\u00e1n nuevo pero en 1983 fue afectado seriamente por una fuerte erupci\u00f3n que hac\u00eda imposible seguir en la misma ubicaci\u00f3n. Fue trasladado a varios kil\u00f3metros y nombrado Nuevo Palmar.<\/p>\t\t\t\t\t\t\t\t<\/div>\n\t\t\t\t\t<\/div>\n\t\t\t\t<\/div>\n\t\t<div data-particle_enable=\"false\" data-particle-mobile-disabled=\"false\" class=\"elementor-element elementor-element-8cdbdc3 e-flex e-con-boxed e-con e-parent\" data-id=\"8cdbdc3\" data-element_type=\"container\" data-e-type=\"container\">\n\t\t\t\t\t<div class=\"e-con-inner\">\n\t\t\t\t<div class=\"elementor-element elementor-element-b46de0d elementor-widget elementor-widget-image\" data-id=\"b46de0d\" data-element_type=\"widget\" data-e-type=\"widget\" data-widget_type=\"image.default\">\n\t\t\t\t\t\t\t\t\t\t\t\t<figure class=\"wp-caption\">\n\t\t\t\t\t\t\t\t\t\t\t<a href=\"https:\/\/www.facebook.com\/derminymishel\/posts\/pfbid02v2sUc1KYnjqYadamxJoT1QW5S5hwNzCwULPx22bvR9LZUdhRedKSFjN3KuhyHMERl\">\n\t\t\t\t\t\t\t<img loading=\"lazy\" decoding=\"async\" width=\"768\" height=\"512\" src=\"https:\/\/soymigrante.com\/revista\/wp-content\/uploads\/2025\/02\/fotografia-santiaguido-dermin-revolorio-1024x683.jpg\" class=\"attachment-large size-large wp-image-26148\" alt=\"Puente colgante en monta\u00f1a volc\u00e1nica, turistas caminando en el puente con paisaje de un volc\u00e1n en erupci\u00f3n y cielo azul, centrado en aventura, naturaleza y turismo en \u00e1reas volc\u00e1nicas.\" srcset=\"https:\/\/soymigrante.com\/revista\/wp-content\/uploads\/2025\/02\/fotografia-santiaguido-dermin-revolorio-1024x683.jpg 1024w, https:\/\/soymigrante.com\/revista\/wp-content\/uploads\/2025\/02\/fotografia-santiaguido-dermin-revolorio-300x200.jpg 300w, https:\/\/soymigrante.com\/revista\/wp-content\/uploads\/2025\/02\/fotografia-santiaguido-dermin-revolorio-768x512.jpg 768w, https:\/\/soymigrante.com\/revista\/wp-content\/uploads\/2025\/02\/fotografia-santiaguido-dermin-revolorio-1536x1024.jpg 1536w, https:\/\/soymigrante.com\/revista\/wp-content\/uploads\/2025\/02\/fotografia-santiaguido-dermin-revolorio-750x500.webp 750w, https:\/\/soymigrante.com\/revista\/wp-content\/uploads\/2025\/02\/fotografia-santiaguido-dermin-revolorio-1140x760.webp 1140w, https:\/\/soymigrante.com\/revista\/wp-content\/uploads\/2025\/02\/fotografia-santiaguido-dermin-revolorio.webp 1920w\" sizes=\"(max-width: 768px) 100vw, 768px\" title=\"El periodista Dermin Revolorio capt\u00f3 esta impresionante imagen del Santiaguito, al fondo, visto desde el puente de hamaca del Nuevo Palmar, Quetzaltenango. Puede ver m\u00e1s im\u00e1genes en su perfil de FB. \u2013 SoyMigrante.com REVISTA\" \/>\t\t\t\t\t\t\t\t<\/a>\n\t\t\t\t\t\t\t\t\t\t\t<figcaption class=\"widget-image-caption wp-caption-text\">Personas caminando en un puente suspendido con paisaje monta\u00f1oso y volc\u00e1n, destacando destinos tur\u00edsticos en Per\u00fa y aventuras de viaje.<\/figcaption>\n\t\t\t\t\t\t\t\t\t\t<\/figure>\n\t\t\t\t\t\t\t\t\t<\/div>\n\t\t\t\t\t<\/div>\n\t\t\t\t<\/div>\n\t\t<div data-particle_enable=\"false\" data-particle-mobile-disabled=\"false\" class=\"elementor-element elementor-element-6e7f5f8 e-flex e-con-boxed e-con e-parent\" data-id=\"6e7f5f8\" data-element_type=\"container\" data-e-type=\"container\">\n\t\t\t\t\t<div class=\"e-con-inner\">\n\t\t\t\t<div class=\"elementor-element elementor-element-fad1fb8 elementor-widget elementor-widget-heading\" data-id=\"fad1fb8\" data-element_type=\"widget\" data-e-type=\"widget\" data-widget_type=\"heading.default\">\n\t\t\t\t\t<h3 class=\"elementor-heading-title elementor-size-default\">\u00bfHay m\u00e1s volcanes en el mundo con una actividad tan prolongada como la del Santiaguito?<\/h3>\t\t\t\t<\/div>\n\t\t\t\t\t<\/div>\n\t\t\t\t<\/div>\n\t\t<div data-particle_enable=\"false\" data-particle-mobile-disabled=\"false\" class=\"elementor-element elementor-element-31f1380 e-flex e-con-boxed e-con e-parent\" data-id=\"31f1380\" data-element_type=\"container\" data-e-type=\"container\">\n\t\t\t\t\t<div class=\"e-con-inner\">\n\t\t\t\t<div class=\"elementor-element elementor-element-2c1ad1f elementor-widget elementor-widget-text-editor\" data-id=\"2c1ad1f\" data-element_type=\"widget\" data-e-type=\"widget\" data-widget_type=\"text-editor.default\">\n\t\t\t\t\t\t\t\t\t<p><span style=\"color: var( --e-global-color-text ); text-align: var(--text-align);\">El volc\u00e1n Santiaguito en Guatemala, entr\u00f3 en erupci\u00f3n en 1922 y es ahora la segunda erupci\u00f3n continua m\u00e1s larga. Otros volcanes activos en el mundo son el Stromboli (Italia) y Sangay (Ecuador), cuya erupci\u00f3n ha sido recurrente desde 1934. El \u00fanico volc\u00e1n con mayor tiempo de erupci\u00f3n es el Yasur en (Vanuatu), que ha estado en erupci\u00f3n al menos desde 1774.<\/span><\/p>\t\t\t\t\t\t\t\t<\/div>\n\t\t\t\t\t<\/div>\n\t\t\t\t<\/div>\n\t\t<div data-particle_enable=\"false\" data-particle-mobile-disabled=\"false\" class=\"elementor-element elementor-element-1f0a7aa e-flex e-con-boxed e-con e-parent\" data-id=\"1f0a7aa\" data-element_type=\"container\" data-e-type=\"container\">\n\t\t\t\t\t<div class=\"e-con-inner\">\n\t\t\t\t<div class=\"elementor-element elementor-element-1a44b95 elementor-widget elementor-widget-image\" data-id=\"1a44b95\" data-element_type=\"widget\" data-e-type=\"widget\" data-widget_type=\"image.default\">\n\t\t\t\t\t\t\t\t\t\t\t\t<figure class=\"wp-caption\">\n\t\t\t\t\t\t\t\t\t\t<img loading=\"lazy\" decoding=\"async\" width=\"556\" height=\"827\" src=\"https:\/\/soymigrante.com\/revista\/wp-content\/uploads\/2025\/02\/santiaguito-en-1970-1.webp\" class=\"attachment-large size-large wp-image-26145\" alt=\"Monta\u00f1a volc\u00e1nica negra en entorno natural, paisaje de alto valor paisaj\u00edstico y geol\u00f3gico, escena impresionante de la naturaleza en M\u00e9xico.\" title=\"Volc\u00e1n Santiaguito en 1970 \u2013 SoyMigrante.com REVISTA\" \/>\t\t\t\t\t\t\t\t\t\t\t<figcaption class=\"widget-image-caption wp-caption-text\">Impresionante vista de una monta\u00f1a volc\u00e1nica negra en un entorno natural, destacando su paisaje \u00fanico y patrimonio geol\u00f3gico. Ideal para art\u00edculos sobre naturaleza, turismo y geograf\u00eda en M\u00e9xico.<\/figcaption>\n\t\t\t\t\t\t\t\t\t\t<\/figure>\n\t\t\t\t\t\t\t\t\t<\/div>\n\t\t\t\t\t<\/div>\n\t\t\t\t<\/div>\n\t\t<div data-particle_enable=\"false\" data-particle-mobile-disabled=\"false\" class=\"elementor-element elementor-element-68b2b56 e-flex e-con-boxed e-con e-parent\" data-id=\"68b2b56\" data-element_type=\"container\" data-e-type=\"container\">\n\t\t\t\t\t<div class=\"e-con-inner\">\n\t\t\t\t<div class=\"elementor-element elementor-element-f60a777 elementor-widget elementor-widget-heading\" data-id=\"f60a777\" data-element_type=\"widget\" data-e-type=\"widget\" data-widget_type=\"heading.default\">\n\t\t\t\t\t<h3 class=\"elementor-heading-title elementor-size-default\">\u00bfQu\u00e9 altura alcanza el cr\u00e1ter del Santiaguito? <\/h3>\t\t\t\t<\/div>\n\t\t\t\t\t<\/div>\n\t\t\t\t<\/div>\n\t\t<div data-particle_enable=\"false\" data-particle-mobile-disabled=\"false\" class=\"elementor-element elementor-element-21c54bd e-flex e-con-boxed e-con e-parent\" data-id=\"21c54bd\" data-element_type=\"container\" data-e-type=\"container\">\n\t\t\t\t\t<div class=\"e-con-inner\">\n\t\t\t\t<div class=\"elementor-element elementor-element-ae4df05 elementor-widget elementor-widget-text-editor\" data-id=\"ae4df05\" data-element_type=\"widget\" data-e-type=\"widget\" data-widget_type=\"text-editor.default\">\n\t\t\t\t\t\t\t\t\t<p><span style=\"color: var( --e-global-color-text ); text-align: var(--text-align);\">La estructura m\u00e1s visible del Santiaguito es el domo llamada Caliente, que fue el primero en formarse. Sin embargo, el sistema volc\u00e1nico Santa Mar\u00eda-Santiaguito tiene otras estructuras de menor altura\u00a0 por las cuales se ha tenido expulsi\u00f3n de lava a lo largo del siglo, pero que despues han quedado relativamente inactivas.<\/span><\/p><p><span style=\"color: var( --e-global-color-text ); text-align: var(--text-align);\">El actual cr\u00e1ter del Santiaguito alcanza entre 2650 y 2800 metros sobre el nivel del mar, pero su altura cambia a causa de la alternancia de explosiones y la acumulaci\u00f3n de material pirocl\u00e1stico.<\/span><\/p>\t\t\t\t\t\t\t\t<\/div>\n\t\t\t\t\t<\/div>\n\t\t\t\t<\/div>\n\t\t<div data-particle_enable=\"false\" data-particle-mobile-disabled=\"false\" class=\"elementor-element elementor-element-2c1f354 e-flex e-con-boxed e-con e-parent\" data-id=\"2c1f354\" data-element_type=\"container\" data-e-type=\"container\">\n\t\t\t\t\t<div class=\"e-con-inner\">\n\t\t\t\t<div class=\"elementor-element elementor-element-12e4485 elementor-widget elementor-widget-image\" data-id=\"12e4485\" data-element_type=\"widget\" data-e-type=\"widget\" data-widget_type=\"image.default\">\n\t\t\t\t\t\t\t\t\t\t\t\t<figure class=\"wp-caption\">\n\t\t\t\t\t\t\t\t\t\t<img loading=\"lazy\" decoding=\"async\" width=\"768\" height=\"282\" src=\"https:\/\/soymigrante.com\/revista\/wp-content\/uploads\/2025\/02\/Captura-de-pantalla-2025-02-20-101853.webp\" class=\"attachment-large size-large wp-image-26136\" alt=\"Cerro y paisaje de la cordillera andina con etiquetas de monta\u00f1as como Caliente, La Mitad, El Monje, El Brujo y r\u00edo Concepci\u00f3n seco cerca de la monta\u00f1a.\" srcset=\"https:\/\/soymigrante.com\/revista\/wp-content\/uploads\/2025\/02\/Captura-de-pantalla-2025-02-20-101853.webp 864w, https:\/\/soymigrante.com\/revista\/wp-content\/uploads\/2025\/02\/Captura-de-pantalla-2025-02-20-101853-300x110.jpg 300w, https:\/\/soymigrante.com\/revista\/wp-content\/uploads\/2025\/02\/Captura-de-pantalla-2025-02-20-101853-768x282.jpg 768w, https:\/\/soymigrante.com\/revista\/wp-content\/uploads\/2025\/02\/Captura-de-pantalla-2025-02-20-101853-750x275.webp 750w\" sizes=\"(max-width: 768px) 100vw, 768px\" title=\"Estas son las estructuras formadas en el sistema volc\u00e1nico Santa Mar\u00eda-Santiaguito. El domo Caliente es el que surgi\u00f3 en 2022 y el que contin\u00faa en actividad.  La extensi\u00f3n del sistema es otro factor de riesgo que motiva la prohibici\u00f3n de cualquier visita al \u00e1rea, pues resulta imposible prever cu\u00e1ndo se activar\u00e1 de nuevo alguno de estos domos.  As\u00ed que no se arriesgue. (Foto Insivumeh) \u2013 SoyMigrante.com REVISTA\" \/>\t\t\t\t\t\t\t\t\t\t\t<figcaption class=\"widget-image-caption wp-caption-text\">Paisaje de la cordillera con monta\u00f1as etiquetadas y r\u00edo seco, destacando la belleza natural y geogr\u00e1fica de la regi\u00f3n andina.<\/figcaption>\n\t\t\t\t\t\t\t\t\t\t<\/figure>\n\t\t\t\t\t\t\t\t\t<\/div>\n\t\t\t\t\t<\/div>\n\t\t\t\t<\/div>\n\t\t<div data-particle_enable=\"false\" data-particle-mobile-disabled=\"false\" class=\"elementor-element elementor-element-4d5036c e-flex e-con-boxed e-con e-parent\" data-id=\"4d5036c\" data-element_type=\"container\" data-e-type=\"container\">\n\t\t\t\t\t<div class=\"e-con-inner\">\n\t\t\t\t<div class=\"elementor-element elementor-element-43bf526 elementor-widget elementor-widget-heading\" data-id=\"43bf526\" data-element_type=\"widget\" data-e-type=\"widget\" data-widget_type=\"heading.default\">\n\t\t\t\t\t<h3 class=\"elementor-heading-title elementor-size-default\">\u00bfC\u00f3mo se llaman las otras formaciones o domos del volc\u00e1n Santiaguito?<\/h3>\t\t\t\t<\/div>\n\t\t\t\t\t<\/div>\n\t\t\t\t<\/div>\n\t\t<div data-particle_enable=\"false\" data-particle-mobile-disabled=\"false\" class=\"elementor-element elementor-element-7da34ca e-flex e-con-boxed e-con e-parent\" data-id=\"7da34ca\" data-element_type=\"container\" data-e-type=\"container\">\n\t\t\t\t\t<div class=\"e-con-inner\">\n\t\t\t\t<div class=\"elementor-element elementor-element-10af8b5 elementor-widget elementor-widget-text-editor\" data-id=\"10af8b5\" data-element_type=\"widget\" data-e-type=\"widget\" data-widget_type=\"text-editor.default\">\n\t\t\t\t\t\t\t\t\t<p><span style=\"color: var( --e-global-color-text ); text-align: var(--text-align);\">\u00bfC\u00f3mo se llaman las otras formaciones o domos del Santiaguito?<\/span><\/p><p>Ya se mencion\u00f3 el domo\u00a0 pero existen otros denominados: La Mitad, El Monje y El Brujo, que han sido moldeados por la actividad eruptiva. Los flujos de lava forman extensas acumulaciones de material en las laderas del volc\u00e1n, las cuales cambian constantemente debido a las erupciones y colapsos. En \u00e9poca de lluvias se producen lahares. Por esto es peligroso tratar de acercarse a \u00e9l.<\/p><div>\u00a0<\/div>\t\t\t\t\t\t\t\t<\/div>\n\t\t\t\t\t<\/div>\n\t\t\t\t<\/div>\n\t\t<div data-particle_enable=\"false\" data-particle-mobile-disabled=\"false\" class=\"elementor-element elementor-element-67129e7 e-flex e-con-boxed e-con e-parent\" data-id=\"67129e7\" data-element_type=\"container\" data-e-type=\"container\">\n\t\t\t\t\t<div class=\"e-con-inner\">\n\t\t\t\t<div class=\"elementor-element elementor-element-08e26c9 elementor-invisible elementor-widget elementor-widget-facebook-embed\" data-id=\"08e26c9\" data-element_type=\"widget\" data-e-type=\"widget\" data-settings=\"{&quot;_animation&quot;:&quot;zoomInDown&quot;}\" data-widget_type=\"facebook-embed.default\">\n\t\t\t\t\t<div style=\"min-height: 1px\" class=\"elementor-facebook-widget fb-video\" data-href=\"https:\/\/www.facebook.com\/derminymishel\/videos\/3918143241772924\" data-show-text=\"false\" data-allowfullscreen=\"false\" data-autoplay=\"false\" data-show-captions=\"false\"><\/div>\t\t\t\t<\/div>\n\t\t\t\t\t<\/div>\n\t\t\t\t<\/div>\n\t\t<div data-particle_enable=\"false\" data-particle-mobile-disabled=\"false\" class=\"elementor-element elementor-element-bb63b00 e-flex e-con-boxed e-con e-parent\" data-id=\"bb63b00\" data-element_type=\"container\" data-e-type=\"container\">\n\t\t\t\t\t<div class=\"e-con-inner\">\n\t\t\t\t<div class=\"elementor-element elementor-element-03f569b elementor-widget elementor-widget-text-editor\" data-id=\"03f569b\" data-element_type=\"widget\" data-e-type=\"widget\" data-widget_type=\"text-editor.default\">\n\t\t\t\t\t\t\t\t\t<p><a href=\"https:\/\/soymigrante.com\/revista\/porque-el-santiaguito-es-el-volcan-prohibido-de-guatemala\/\">Agradecemos al periodista Dermin Revolorio el permiso para publicar una de sus fotograf\u00edas y este video. Para ver m\u00e1s de su trabajo puede visitar su perfil en Facebook dando clic aqu\u00ed.<\/a><\/p>\t\t\t\t\t\t\t\t<\/div>\n\t\t\t\t\t<\/div>\n\t\t\t\t<\/div>\n\t\t<div data-particle_enable=\"false\" data-particle-mobile-disabled=\"false\" class=\"elementor-element elementor-element-b69d63b e-flex e-con-boxed e-con e-parent\" data-id=\"b69d63b\" data-element_type=\"container\" data-e-type=\"container\">\n\t\t\t\t\t<div class=\"e-con-inner\">\n\t\t\t\t<div class=\"elementor-element elementor-element-abd22ed elementor-widget elementor-widget-heading\" data-id=\"abd22ed\" data-element_type=\"widget\" data-e-type=\"widget\" data-widget_type=\"heading.default\">\n\t\t\t\t\t<h3 class=\"elementor-heading-title elementor-size-default\">\u00bfDesde d\u00f3nde se puede observar al Santiaguito?<\/h3>\t\t\t\t<\/div>\n\t\t\t\t\t<\/div>\n\t\t\t\t<\/div>\n\t\t<div data-particle_enable=\"false\" data-particle-mobile-disabled=\"false\" class=\"elementor-element elementor-element-959c98e e-flex e-con-boxed e-con e-parent\" data-id=\"959c98e\" data-element_type=\"container\" data-e-type=\"container\">\n\t\t\t\t\t<div class=\"e-con-inner\">\n\t\t\t\t<div class=\"elementor-element elementor-element-62baa97 elementor-widget elementor-widget-text-editor\" data-id=\"62baa97\" data-element_type=\"widget\" data-e-type=\"widget\" data-widget_type=\"text-editor.default\">\n\t\t\t\t\t\t\t\t\t<p>Una opci\u00f3n es el llamado Mirador del Volc\u00e1n Santa Mar\u00eda, tomando en cuenta que el acceso a este se cierra si la actividad del Santiaguito es demasiado fuerte. No se puede pernoctar en este mirador tampoco.<\/p><p>Tambi\u00e9n desde Nuevo Palmar se puede admirar, si no hay\u00a0 mucha nubosidad, el volc\u00e1n Santiaguito al pie del Santa Mar\u00eda. Lo que est\u00e1 prohibido es acercarse a m\u00e1s de 5 kil\u00f3metros del cr\u00e1ter o intentar llegar hasta los domos porque en cualquier momento puede ocurrir una explosi\u00f3n de grandes dimensiones y peligro de muerte.<\/p>\t\t\t\t\t\t\t\t<\/div>\n\t\t\t\t\t<\/div>\n\t\t\t\t<\/div>\n\t\t<div data-particle_enable=\"false\" data-particle-mobile-disabled=\"false\" class=\"elementor-element elementor-element-ae877d1 e-flex e-con-boxed e-con e-parent\" data-id=\"ae877d1\" data-element_type=\"container\" data-e-type=\"container\">\n\t\t\t\t\t<div class=\"e-con-inner\">\n\t\t\t\t<div class=\"elementor-element elementor-element-99c5cfc elementor-widget elementor-widget-image\" data-id=\"99c5cfc\" data-element_type=\"widget\" data-e-type=\"widget\" data-widget_type=\"image.default\">\n\t\t\t\t\t\t\t\t\t\t\t\t<figure class=\"wp-caption\">\n\t\t\t\t\t\t\t\t\t\t<img loading=\"lazy\" decoding=\"async\" width=\"768\" height=\"960\" src=\"https:\/\/soymigrante.com\/revista\/wp-content\/uploads\/2025\/02\/conred-santiaguito-819x1024.jpeg\" class=\"attachment-large size-large wp-image-26149\" alt=\"Prohibiciones para ascenso volc\u00e1n Quetzaltenango en bolet\u00edn oficial de Quetzaltenango, Guatemala. Aviso para turistas, gu\u00edas y agencias de turismo sobre regulaciones de acceso y seguridad en volcanes.\" srcset=\"https:\/\/soymigrante.com\/revista\/wp-content\/uploads\/2025\/02\/conred-santiaguito-819x1024.jpeg 819w, https:\/\/soymigrante.com\/revista\/wp-content\/uploads\/2025\/02\/conred-santiaguito-240x300.jpeg 240w, https:\/\/soymigrante.com\/revista\/wp-content\/uploads\/2025\/02\/conred-santiaguito-768x960.jpeg 768w, https:\/\/soymigrante.com\/revista\/wp-content\/uploads\/2025\/02\/conred-santiaguito-1229x1536.jpeg 1229w, https:\/\/soymigrante.com\/revista\/wp-content\/uploads\/2025\/02\/conred-santiaguito-750x938.webp 750w, https:\/\/soymigrante.com\/revista\/wp-content\/uploads\/2025\/02\/conred-santiaguito-1140x1425.webp 1140w, https:\/\/soymigrante.com\/revista\/wp-content\/uploads\/2025\/02\/conred-santiaguito.webp 1280w\" sizes=\"(max-width: 768px) 100vw, 768px\" title=\"conred santiaguito \u2013 SoyMigrante.com REVISTA\" \/>\t\t\t\t\t\t\t\t\t\t\t<figcaption class=\"widget-image-caption wp-caption-text\">Gu\u00eda oficial sobre prohibiciones y normas para ascenso al volc\u00e1n Santiago Guito y Santa Mar\u00eda en Quetzaltenango, Guatemala, incluyendo recomendaciones para turistas, gu\u00edas y agencias de turismo de forma segura.<\/figcaption>\n\t\t\t\t\t\t\t\t\t\t<\/figure>\n\t\t\t\t\t\t\t\t\t<\/div>\n\t\t\t\t\t<\/div>\n\t\t\t\t<\/div>\n\t\t<div data-particle_enable=\"false\" data-particle-mobile-disabled=\"false\" class=\"elementor-element elementor-element-7bb95e0 e-flex e-con-boxed e-con e-parent\" data-id=\"7bb95e0\" data-element_type=\"container\" data-e-type=\"container\">\n\t\t\t\t\t<div class=\"e-con-inner\">\n\t\t\t\t<div class=\"elementor-element elementor-element-f6583ac elementor-widget elementor-widget-heading\" data-id=\"f6583ac\" data-element_type=\"widget\" data-e-type=\"widget\" data-widget_type=\"heading.default\">\n\t\t\t\t\t<h2 class=\"elementor-heading-title elementor-size-default\">Hay otros volcanes que s\u00ed puedes visitar<\/h2>\t\t\t\t<\/div>\n\t\t\t\t\t<\/div>\n\t\t\t\t<\/div>\n\t\t<div data-particle_enable=\"false\" data-particle-mobile-disabled=\"false\" class=\"elementor-element elementor-element-f4f0e13 e-flex e-con-boxed e-con e-parent\" data-id=\"f4f0e13\" data-element_type=\"container\" data-e-type=\"container\">\n\t\t\t\t\t<div class=\"e-con-inner\">\n\t\t\t\t<div class=\"elementor-element elementor-element-c7effd5 elementor-grid-eael-col-3 elementor-grid-tablet-eael-col-2 elementor-grid-mobile-eael-col-1 elementor-widget elementor-widget-eael-post-grid\" data-id=\"c7effd5\" data-element_type=\"widget\" data-e-type=\"widget\" data-settings=\"{&quot;eael_post_grid_columns&quot;:&quot;eael-col-3&quot;,&quot;eael_post_grid_columns_tablet&quot;:&quot;eael-col-2&quot;,&quot;eael_post_grid_columns_mobile&quot;:&quot;eael-col-1&quot;}\" data-widget_type=\"eael-post-grid.default\">\n\t\t\t\t\t<div id=\"eael-post-grid-c7effd5\" class=\"eael-post-grid-container\">\n            <div class=\"eael-post-grid eael-post-appender eael-post-appender-c7effd5 eael-post-grid-style-one\" data-layout-mode=\"masonry\"><article class=\"eael-grid-post  eael-post-grid-column eael-pg-post-24053 category-guate-nuestra tags-volcanes-de-guatemala\" data-id=\"24053\">\n        <div class=\"eael-grid-post-holder\">\n            <div class=\"eael-grid-post-holder-inner\"><div class=\"eael-entry-media\"><div class=\"eael-entry-overlay fade-in\"><i class=\"far fa-hand-pointer\" aria-hidden=\"true\"><\/i><a href=\"https:\/\/soymigrante.com\/revista\/ruta-volcanica-el-imponente-volcan-de-atitlan-historia-desafios-y-consejos-para-su-ascenso\/\"><\/a><\/div><div class=\"eael-entry-thumbnail \">\n                <img loading=\"lazy\" decoding=\"async\" width=\"1024\" height=\"1024\" src=\"https:\/\/soymigrante.com\/revista\/wp-content\/uploads\/2025\/02\/atitla-arco-volcanico-1024x1024.jpg\" class=\"attachment-large size-large wp-image-24120\" alt=\"Paisaje monta\u00f1oso con nubes, volc\u00e1n y lago en el fondo en color intenso y din\u00e1mico, ideal para destacar en contenido sobre naturaleza, viajes y migraci\u00f3n en M\u00e9xico y Latinoam\u00e9rica.\" srcset=\"https:\/\/soymigrante.com\/revista\/wp-content\/uploads\/2025\/02\/atitla-arco-volcanico-1024x1024.jpg 1024w, https:\/\/soymigrante.com\/revista\/wp-content\/uploads\/2025\/02\/atitla-arco-volcanico-300x300.jpg 300w, https:\/\/soymigrante.com\/revista\/wp-content\/uploads\/2025\/02\/atitla-arco-volcanico-150x150.jpg 150w, https:\/\/soymigrante.com\/revista\/wp-content\/uploads\/2025\/02\/atitla-arco-volcanico-768x768.jpg 768w, https:\/\/soymigrante.com\/revista\/wp-content\/uploads\/2025\/02\/atitla-arco-volcanico-75x75.webp 75w, https:\/\/soymigrante.com\/revista\/wp-content\/uploads\/2025\/02\/atitla-arco-volcanico-750x750.webp 750w, https:\/\/soymigrante.com\/revista\/wp-content\/uploads\/2025\/02\/atitla-arco-volcanico-1140x1140.webp 1140w, https:\/\/soymigrante.com\/revista\/wp-content\/uploads\/2025\/02\/atitla-arco-volcanico.webp 1440w\" sizes=\"(max-width: 1024px) 100vw, 1024px\" \/>\n            <\/div>\n        <\/div><div class=\"eael-entry-wrapper\"><header class=\"eael-entry-header\"><h2 class=\"eael-entry-title\"><a class=\"eael-grid-post-link\" href=\"https:\/\/soymigrante.com\/revista\/ruta-volcanica-el-imponente-volcan-de-atitlan-historia-desafios-y-consejos-para-su-ascenso\/\" title=\"El imponente volc\u00e1n de Atitl\u00e1n, historia, desaf\u00edos y consejos para su ascenso\">El imponente volc\u00e1n de Atitl\u00e1n, historia, desaf\u00edos y consejos para su ascenso<\/a><\/h2><\/header><div class=\"eael-entry-content\">\n                        <div class=\"eael-grid-post-excerpt\"><a href=\"https:\/\/soymigrante.com\/revista\/ruta-volcanica-el-imponente-volcan-de-atitlan-historia-desafios-y-consejos-para-su-ascenso\/\" class=\"eael-post-elements-readmore-btn\">CONOCE SU HISTORIA <\/a><\/div>\n                    <\/div><\/div><\/div>\n        <\/div>\n    <\/article><article class=\"eael-grid-post  eael-post-grid-column eael-pg-post-21453 category-lugar-de-voces tags-volcanes-de-guatemala\" data-id=\"21453\">\n        <div class=\"eael-grid-post-holder\">\n            <div class=\"eael-grid-post-holder-inner\"><div class=\"eael-entry-media\"><div class=\"eael-entry-overlay fade-in\"><i class=\"far fa-hand-pointer\" aria-hidden=\"true\"><\/i><a href=\"https:\/\/soymigrante.com\/revista\/migrante-guatemalteco-antonio-marcos-relata-su-aventura-en-los-volcanes-acatenango-y-de-fuego\/\"><\/a><\/div><div class=\"eael-entry-thumbnail \">\n                <img loading=\"lazy\" decoding=\"async\" width=\"1024\" height=\"1024\" src=\"https:\/\/soymigrante.com\/revista\/wp-content\/uploads\/2025\/01\/marcos-acatenango-fuego-4-1024x1024.jpg\" class=\"attachment-large size-large wp-image-21455\" alt=\"Explorador de monta\u00f1a en la cima, mostrando entusiasmo con bandera de Houston TX, foto en la cumbre, aventura, inmigrante, comunidad, superaci\u00f3n, pasi\u00f3n por la vida.\" srcset=\"https:\/\/soymigrante.com\/revista\/wp-content\/uploads\/2025\/01\/marcos-acatenango-fuego-4-1024x1024.jpg 1024w, https:\/\/soymigrante.com\/revista\/wp-content\/uploads\/2025\/01\/marcos-acatenango-fuego-4-300x300.jpg 300w, https:\/\/soymigrante.com\/revista\/wp-content\/uploads\/2025\/01\/marcos-acatenango-fuego-4-150x150.jpg 150w, https:\/\/soymigrante.com\/revista\/wp-content\/uploads\/2025\/01\/marcos-acatenango-fuego-4-768x768.jpg 768w, https:\/\/soymigrante.com\/revista\/wp-content\/uploads\/2025\/01\/marcos-acatenango-fuego-4-75x75.webp 75w, https:\/\/soymigrante.com\/revista\/wp-content\/uploads\/2025\/01\/marcos-acatenango-fuego-4-750x750.webp 750w, https:\/\/soymigrante.com\/revista\/wp-content\/uploads\/2025\/01\/marcos-acatenango-fuego-4-1140x1140.webp 1140w, https:\/\/soymigrante.com\/revista\/wp-content\/uploads\/2025\/01\/marcos-acatenango-fuego-4.webp 1536w\" sizes=\"(max-width: 1024px) 100vw, 1024px\" \/>\n            <\/div>\n        <\/div><div class=\"eael-entry-wrapper\"><header class=\"eael-entry-header\"><h2 class=\"eael-entry-title\"><a class=\"eael-grid-post-link\" href=\"https:\/\/soymigrante.com\/revista\/migrante-guatemalteco-antonio-marcos-relata-su-aventura-en-los-volcanes-acatenango-y-de-fuego\/\" title=\"Migrante guatemalteco Antonio Marcos cuenta su experiencia en los volcanes Acatenango y de Fuego\">Migrante guatemalteco Antonio Marcos cuenta su experiencia en los volcanes Acatenango y de Fuego<\/a><\/h2><\/header><div class=\"eael-entry-content\">\n                        <div class=\"eael-grid-post-excerpt\"><a href=\"https:\/\/soymigrante.com\/revista\/migrante-guatemalteco-antonio-marcos-relata-su-aventura-en-los-volcanes-acatenango-y-de-fuego\/\" class=\"eael-post-elements-readmore-btn\">CONOCE SU HISTORIA <\/a><\/div>\n                    <\/div><\/div><\/div>\n        <\/div>\n    <\/article><article class=\"eael-grid-post  eael-post-grid-column eael-pg-post-6257 category-guate-nuestra tags-volcanes-de-guatemala\" data-id=\"6257\">\n        <div class=\"eael-grid-post-holder\">\n            <div class=\"eael-grid-post-holder-inner\"><div class=\"eael-entry-media\"><div class=\"eael-entry-overlay fade-in\"><i class=\"far fa-hand-pointer\" aria-hidden=\"true\"><\/i><a href=\"https:\/\/soymigrante.com\/revista\/laguna-de-chicabal-volcan-quetzaltenango-guatemala\/\"><\/a><\/div><div class=\"eael-entry-thumbnail \">\n                <img loading=\"lazy\" decoding=\"async\" width=\"1024\" height=\"683\" src=\"https:\/\/soymigrante.com\/revista\/wp-content\/uploads\/2024\/05\/283605236_375790244585293_6426920808319298456_n-1024x683.webp\" class=\"attachment-large size-large wp-image-6326\" alt=\"Espejo de agua en medio de la selva en un paisaje natural, mujer con los brazos abiertos disfrutando vista panor\u00e1mica en un destino ecotur\u00edstico, turismo de naturaleza y aventuras en Latinoam\u00e9rica.\" srcset=\"https:\/\/soymigrante.com\/revista\/wp-content\/uploads\/2024\/05\/283605236_375790244585293_6426920808319298456_n-1024x683.webp 1024w, https:\/\/soymigrante.com\/revista\/wp-content\/uploads\/2024\/05\/283605236_375790244585293_6426920808319298456_n-300x200.webp 300w, https:\/\/soymigrante.com\/revista\/wp-content\/uploads\/2024\/05\/283605236_375790244585293_6426920808319298456_n-768x512.webp 768w, https:\/\/soymigrante.com\/revista\/wp-content\/uploads\/2024\/05\/283605236_375790244585293_6426920808319298456_n-1536x1024.webp 1536w, https:\/\/soymigrante.com\/revista\/wp-content\/uploads\/2024\/05\/283605236_375790244585293_6426920808319298456_n-750x500.webp 750w, https:\/\/soymigrante.com\/revista\/wp-content\/uploads\/2024\/05\/283605236_375790244585293_6426920808319298456_n-1140x760.webp 1140w, https:\/\/soymigrante.com\/revista\/wp-content\/uploads\/2024\/05\/283605236_375790244585293_6426920808319298456_n.webp 1920w\" sizes=\"(max-width: 1024px) 100vw, 1024px\" \/>\n            <\/div>\n        <\/div><div class=\"eael-entry-wrapper\"><header class=\"eael-entry-header\"><h2 class=\"eael-entry-title\"><a class=\"eael-grid-post-link\" href=\"https:\/\/soymigrante.com\/revista\/laguna-de-chicabal-volcan-quetzaltenango-guatemala\/\" title=\"Laguna de Chicabal migr\u00f3 al cr\u00e1ter de un volc\u00e1n\">Laguna de Chicabal migr\u00f3 al cr\u00e1ter de un volc\u00e1n<\/a><\/h2><\/header><div class=\"eael-entry-content\">\n                        <div class=\"eael-grid-post-excerpt\"><a href=\"https:\/\/soymigrante.com\/revista\/laguna-de-chicabal-volcan-quetzaltenango-guatemala\/\" class=\"eael-post-elements-readmore-btn\">CONOCE SU HISTORIA <\/a><\/div>\n                    <\/div><\/div><\/div>\n        <\/div>\n    <\/article><\/div>\n            <div class=\"clearfix\"><\/div>\n        <\/div>\t\t\t\t<\/div>\n\t\t\t\t\t<\/div>\n\t\t\t\t<\/div>\n\t\t\t\t<\/div>\n\t\t","protected":false},"excerpt":{"rendered":"<p>El volc\u00e1n Santiaguito, en Quetzaltenango, surgi\u00f3 hace poco m\u00e1s de un siglo y desde entonces su actividad no se ha detenido. Escalarlo est\u00e1 prohibido. \u00bfPorqu\u00e9 se llama as\u00ed? \u00bfCu\u00e1ndo se form\u00f3? \u00bfEs en verdad el volc\u00e1n m\u00e1s joven de Guatemala? Estas y otras preguntas aqu\u00ed. El volc\u00e1n Santiaguito en Quetzaletenango es considerado una zona de [&hellip;]<\/p>\n","protected":false},"author":7,"featured_media":26112,"comment_status":"open","ping_status":"open","sticky":false,"template":"","format":"standard","meta":{"_acf_changed":false,"_eb_attr":"","footnotes":""},"categories":[58],"tags":[245],"class_list":["post-26107","post","type-post","status-publish","format-standard","has-post-thumbnail","hentry","category-guate-nuestra","tag-volcanes-de-guatemala"],"acf":[],"aioseo_notices":[],"aioseo_head":"\n\t\t<!-- All in One SEO Pro 4.9.6.2 - aioseo.com -->\n\t<meta name=\"description\" content=\"La laguna de Chicabal, en San Mart\u00edn Sacatep\u00e9quez, Quetzaltenango es zona protegida por su riqueza ecol\u00f3gica y territorio ceremonial de la etnia mam.\" \/>\n\t<meta name=\"robots\" content=\"max-snippet:-1, max-image-preview:large, max-video-preview:-1\" \/>\n\t<meta name=\"author\" content=\"Mynor Toc\"\/>\n\t<link rel=\"canonical\" href=\"https:\/\/soymigrante.com\/revista\/laguna-de-chicabal-volcan-quetzaltenango-guatemala\/\" \/>\n\t<meta name=\"generator\" content=\"All in One SEO Pro (AIOSEO) 4.9.6.2\" \/>\n\n\t\t<link rel=\"preconnect\" href=\"https:\/\/fonts.googleapis.com\" crossorigin>\n<link rel=\"preconnect\" href=\"https:\/\/fonts.gstatic.com\" crossorigin>\n\t\t<meta property=\"og:locale\" content=\"es_ES\" \/>\n\t\t<meta property=\"og:site_name\" content=\"SoyMigrante.com REVISTA \u2013 Nuestra misi\u00f3n es reconocer y dignificar al migrante.\" \/>\n\t\t<meta property=\"og:type\" content=\"article\" \/>\n\t\t<meta property=\"og:title\" content=\"Laguna de Chicabal migr\u00f3 al cr\u00e1ter de un volc\u00e1n\" \/>\n\t\t<meta property=\"og:description\" content=\"La laguna de Chicabal, en San Mart\u00edn Sacatep\u00e9quez, Quetzaltenango es zona protegida por su riqueza ecol\u00f3gica y territorio ceremonial de la etnia mam.\" \/>\n\t\t<meta property=\"og:url\" content=\"https:\/\/soymigrante.com\/revista\/laguna-de-chicabal-volcan-quetzaltenango-guatemala\/\" \/>\n\t\t<meta property=\"og:image\" content=\"https:\/\/soymigrante.com\/revista\/wp-content\/uploads\/2024\/05\/283605236_375790244585293_6426920808319298456_n.webp\" \/>\n\t\t<meta property=\"og:image:secure_url\" content=\"https:\/\/soymigrante.com\/revista\/wp-content\/uploads\/2024\/05\/283605236_375790244585293_6426920808319298456_n.webp\" \/>\n\t\t<meta property=\"og:image:width\" content=\"1920\" \/>\n\t\t<meta property=\"og:image:height\" content=\"1280\" \/>\n\t\t<meta property=\"article:published_time\" content=\"2024-05-09T14:41:54+00:00\" \/>\n\t\t<meta property=\"article:modified_time\" content=\"2025-06-12T14:30:08+00:00\" \/>\n\t\t<meta property=\"article:publisher\" content=\"https:\/\/www.facebook.com\/soymigrantecom\" \/>\n\t\t<meta name=\"twitter:card\" content=\"summary_large_image\" \/>\n\t\t<meta name=\"twitter:site\" content=\"@SoyMigrante_com\" \/>\n\t\t<meta name=\"twitter:title\" content=\"Laguna de Chicabal migr\u00f3 al cr\u00e1ter de un volc\u00e1n\" \/>\n\t\t<meta name=\"twitter:description\" content=\"La laguna de Chicabal, en San Mart\u00edn Sacatep\u00e9quez, Quetzaltenango es zona protegida por su riqueza ecol\u00f3gica y territorio ceremonial de la etnia mam.\" \/>\n\t\t<meta name=\"twitter:creator\" content=\"@SoyMigrante_com\" \/>\n\t\t<meta name=\"twitter:image\" content=\"https:\/\/soymigrante.com\/revista\/wp-content\/uploads\/2024\/05\/283605236_375790244585293_6426920808319298456_n.webp\" \/>\n\t\t<!-- All in One SEO Pro -->\r\n\t\t<title>Laguna de Chicabal migr\u00f3 al cr\u00e1ter de un volc\u00e1n<\/title>\n\n","aioseo_head_json":{"title":"Laguna de Chicabal migr\u00f3 al cr\u00e1ter de un volc\u00e1n","description":"La laguna de Chicabal, en San Mart\u00edn Sacatep\u00e9quez, Quetzaltenango es zona protegida por su riqueza ecol\u00f3gica y territorio ceremonial de la etnia mam.","canonical_url":"https:\/\/soymigrante.com\/revista\/laguna-de-chicabal-volcan-quetzaltenango-guatemala\/","robots":"max-snippet:-1, max-image-preview:large, max-video-preview:-1","keywords":"","webmasterTools":{"miscellaneous":"&lt;link rel=\"preconnect\" href=\"https:\/\/fonts.googleapis.com\" crossorigin&gt;\n&lt;link rel=\"preconnect\" href=\"https:\/\/fonts.gstatic.com\" crossorigin&gt;"},"schema":null,"og:locale":"es_ES","og:site_name":"SoyMigrante.com REVISTA \u2013 Nuestra misi\u00f3n es reconocer y dignificar al migrante.","og:type":"article","og:title":"Laguna de Chicabal migr\u00f3 al cr\u00e1ter de un volc\u00e1n","og:description":"La laguna de Chicabal, en San Mart\u00edn Sacatep\u00e9quez, Quetzaltenango es zona protegida por su riqueza ecol\u00f3gica y territorio ceremonial de la etnia mam.","og:url":"https:\/\/soymigrante.com\/revista\/laguna-de-chicabal-volcan-quetzaltenango-guatemala\/","og:image":"https:\/\/soymigrante.com\/revista\/wp-content\/uploads\/2024\/05\/283605236_375790244585293_6426920808319298456_n.webp","og:image:secure_url":"https:\/\/soymigrante.com\/revista\/wp-content\/uploads\/2024\/05\/283605236_375790244585293_6426920808319298456_n.webp","og:image:width":1920,"og:image:height":1280,"article:published_time":"2024-05-09T14:41:54+00:00","article:modified_time":"2025-06-12T14:30:08+00:00","article:publisher":"https:\/\/www.facebook.com\/soymigrantecom","twitter:card":"summary_large_image","twitter:site":"@SoyMigrante_com","twitter:title":"Laguna de Chicabal migr\u00f3 al cr\u00e1ter de un volc\u00e1n","twitter:description":"La laguna de Chicabal, en San Mart\u00edn Sacatep\u00e9quez, Quetzaltenango es zona protegida por su riqueza ecol\u00f3gica y territorio ceremonial de la etnia mam.","twitter:creator":"@SoyMigrante_com","twitter:image":"https:\/\/soymigrante.com\/revista\/wp-content\/uploads\/2024\/05\/283605236_375790244585293_6426920808319298456_n.webp"},"aioseo_meta_data":{"post_id":"26107","title":"\u00bfPor qu\u00e9 el Santiaguito es el volcan prohibido de Guatemala?","description":"Este volc\u00e1n tiene poco m\u00e1s de 100 a\u00f1os de haber surgido en la falda sur de otro volcan, el Santa Mar\u00eda, de Quetzaltenango. \u00bfQu\u00e9 altura tiene? \u00bfCu\u00e1ndo surgi\u00f3?","keywords":null,"keyphrases":{"focus":{"keyphrase":"Santiaguito","score":91,"analysis":{"keyphraseInTitle":{"score":9,"maxScore":9,"error":0},"keyphraseInDescription":{"score":3,"maxScore":9,"error":1},"keyphraseLength":{"score":9,"maxScore":9,"error":0,"length":1},"keyphraseInURL":{"score":5,"maxScore":5,"error":0},"keyphraseInIntroduction":{"score":9,"maxScore":9,"error":0},"keyphraseInSubHeadings":{"score":9,"maxScore":9,"error":0},"keyphraseInImageAlt":{"score":9,"maxScore":9,"error":0},"keywordDensity":{"type":"best","score":9,"maxScore":9,"error":0}}},"additional":[{"keyphrase":"Volc\u00e1n","score":100,"analysis":{"keyphraseInDescription":{"score":9,"maxScore":9,"error":0},"keyphraseLength":{"score":9,"maxScore":9,"error":0,"length":2},"keyphraseInIntroduction":{"score":9,"maxScore":9,"error":0},"keyphraseInImageAlt":{"score":9,"maxScore":9,"error":0},"keywordDensity":{"type":"best","score":9,"maxScore":9,"error":0}}},{"keyphrase":"Quetzaltenango","score":67,"analysis":{"keyphraseInDescription":{"score":9,"maxScore":9,"error":0},"keyphraseLength":{"score":9,"maxScore":9,"error":0,"length":1},"keyphraseInIntroduction":{"score":3,"maxScore":9,"error":1},"keyphraseInImageAlt":{"score":9,"maxScore":9,"error":0},"keywordDensity":{"score":0,"type":"low","maxScore":9,"error":1}}},{"keyphrase":"Prohibido","score":40,"analysis":{"keyphraseInDescription":{"score":3,"maxScore":9,"error":1},"keyphraseLength":{"score":9,"maxScore":9,"error":0,"length":1},"keyphraseInIntroduction":{"score":3,"maxScore":9,"error":1},"keyphraseInImageAlt":{"score":3,"maxScore":9,"error":1},"keywordDensity":{"score":0,"type":"low","maxScore":9,"error":1}}}]},"primary_term":null,"canonical_url":null,"og_title":null,"og_description":null,"og_object_type":"default","og_image_type":"default","og_image_url":null,"og_image_width":null,"og_image_height":null,"og_image_custom_url":null,"og_image_custom_fields":null,"og_video":"","og_custom_url":null,"og_article_section":null,"og_article_tags":null,"twitter_use_og":false,"twitter_card":"default","twitter_image_type":"default","twitter_image_url":null,"twitter_image_custom_url":null,"twitter_image_custom_fields":null,"twitter_title":null,"twitter_description":null,"schema":{"blockGraphs":[],"customGraphs":[],"default":{"data":{"Article":[],"Course":[],"Dataset":[],"FAQPage":[],"Movie":[],"Person":[],"Product":[],"ProductReview":[],"Car":[],"Recipe":[],"Service":[],"SoftwareApplication":[],"WebPage":[]},"graphName":"none","isEnabled":true},"graphs":[]},"schema_type":"default","schema_type_options":null,"pillar_content":false,"robots_default":true,"robots_noindex":false,"robots_noarchive":false,"robots_nosnippet":false,"robots_nofollow":false,"robots_noimageindex":false,"robots_noodp":false,"robots_notranslate":false,"robots_max_snippet":"-1","robots_max_videopreview":"-1","robots_max_imagepreview":"large","priority":null,"frequency":"default","local_seo":null,"seo_analyzer_scan_date":"2025-10-09 02:49:07","breadcrumb_settings":null,"limit_modified_date":false,"reviewed_by":"0","open_ai":"{\"title\":{\"suggestions\":[],\"usage\":0},\"description\":{\"suggestions\":[],\"usage\":0}}","ai":null,"created":"2025-02-20 18:03:07","updated":"2026-02-04 21:44:35"},"aioseo_breadcrumb":"<div class=\"aioseo-breadcrumbs\"><span class=\"aioseo-breadcrumb\">\n\t<a href=\"https:\/\/soymigrante.com\/revista\" title=\"Home\">Home<\/a>\n<\/span><span class=\"aioseo-breadcrumb-separator\">\u00bb<\/span><span class=\"aioseo-breadcrumb\">\n\t<a href=\"https:\/\/soymigrante.com\/revista\/category\/guate-nuestra\/\" title=\"Guate Nuestra\">Guate Nuestra<\/a>\n<\/span><span class=\"aioseo-breadcrumb-separator\">\u00bb<\/span><span class=\"aioseo-breadcrumb\">\n\t\u00bfPorqu\u00e9 el Santiaguito es el volc\u00e1n prohibido de Guatemala?\n<\/span><\/div>","aioseo_breadcrumb_json":[{"label":"Home","link":"https:\/\/soymigrante.com\/revista"},{"label":"Guate Nuestra","link":"https:\/\/soymigrante.com\/revista\/category\/guate-nuestra\/"},{"label":"\u00bfPorqu\u00e9 el Santiaguito es el volc\u00e1n prohibido de Guatemala?","link":"https:\/\/soymigrante.com\/revista\/porque-el-santiaguito-es-el-volcan-prohibido-de-guatemala\/"}],"_links":{"self":[{"href":"https:\/\/soymigrante.com\/revista\/wp-json\/wp\/v2\/posts\/26107","targetHints":{"allow":["GET"]}}],"collection":[{"href":"https:\/\/soymigrante.com\/revista\/wp-json\/wp\/v2\/posts"}],"about":[{"href":"https:\/\/soymigrante.com\/revista\/wp-json\/wp\/v2\/types\/post"}],"author":[{"embeddable":true,"href":"https:\/\/soymigrante.com\/revista\/wp-json\/wp\/v2\/users\/7"}],"replies":[{"embeddable":true,"href":"https:\/\/soymigrante.com\/revista\/wp-json\/wp\/v2\/comments?post=26107"}],"version-history":[{"count":1,"href":"https:\/\/soymigrante.com\/revista\/wp-json\/wp\/v2\/posts\/26107\/revisions"}],"predecessor-version":[{"id":36145,"href":"https:\/\/soymigrante.com\/revista\/wp-json\/wp\/v2\/posts\/26107\/revisions\/36145"}],"wp:featuredmedia":[{"embeddable":true,"href":"https:\/\/soymigrante.com\/revista\/wp-json\/wp\/v2\/media\/26112"}],"wp:attachment":[{"href":"https:\/\/soymigrante.com\/revista\/wp-json\/wp\/v2\/media?parent=26107"}],"wp:term":[{"taxonomy":"category","embeddable":true,"href":"https:\/\/soymigrante.com\/revista\/wp-json\/wp\/v2\/categories?post=26107"},{"taxonomy":"post_tag","embeddable":true,"href":"https:\/\/soymigrante.com\/revista\/wp-json\/wp\/v2\/tags?post=26107"}],"curies":[{"name":"wp","href":"https:\/\/api.w.org\/{rel}","templated":true}]}}