{"id":26104,"date":"2025-02-21T05:00:00","date_gmt":"2025-02-21T11:00:00","guid":{"rendered":"https:\/\/soymigrante.com\/revista\/?p=26104"},"modified":"2025-02-20T20:00:23","modified_gmt":"2025-02-21T02:00:23","slug":"diez-tipos-de-pan-guatemalteco-cuyo-sabor-se-lleva-en-la-memoria","status":"publish","type":"post","link":"https:\/\/soymigrante.com\/revista\/diez-tipos-de-pan-guatemalteco-cuyo-sabor-se-lleva-en-la-memoria\/","title":{"rendered":"Diez tipos de pan guatemalteco cuyo sabor se lleva en la memoria"},"content":{"rendered":"\t\t<div data-elementor-type=\"wp-post\" data-elementor-id=\"26104\" class=\"elementor elementor-26104\" data-elementor-post-type=\"post\">\n\t\t\t\t<div data-particle_enable=\"false\" data-particle-mobile-disabled=\"false\" class=\"elementor-element elementor-element-88d70fc e-flex e-con-boxed e-con e-parent\" data-id=\"88d70fc\" data-element_type=\"container\" data-e-type=\"container\">\n\t\t\t\t\t<div class=\"e-con-inner\">\n\t\t\t\t<div class=\"elementor-element elementor-element-7bc34a1 elementor-widget elementor-widget-heading\" data-id=\"7bc34a1\" data-element_type=\"widget\" data-e-type=\"widget\" data-widget_type=\"heading.default\">\n\t\t\t\t\t<h2 class=\"elementor-heading-title elementor-size-default\">Los panes guatemaltecos forman parte del d\u00eda a d\u00eda y de las tradiciones familiares del pa\u00eds, estos son los 10 m\u00e1s tradicionales.\n<\/h2>\t\t\t\t<\/div>\n\t\t\t\t\t<\/div>\n\t\t\t\t<\/div>\n\t\t<div data-particle_enable=\"false\" data-particle-mobile-disabled=\"false\" class=\"elementor-element elementor-element-99183ed e-flex e-con-boxed e-con e-parent\" data-id=\"99183ed\" data-element_type=\"container\" data-e-type=\"container\">\n\t\t\t\t\t<div class=\"e-con-inner\">\n\t\t\t\t<div class=\"elementor-element elementor-element-a040c48 elementor-widget elementor-widget-text-editor\" data-id=\"a040c48\" data-element_type=\"widget\" data-e-type=\"widget\" data-widget_type=\"text-editor.default\">\n\t\t\t\t\t\t\t\t\t<p>El pan es una parte esencial de la gastronom\u00eda guatemalteca, <a href=\"https:\/\/soymigrante.com\/revista\/atol-de-elote-es-una-bebida-ancestral-que-endulza-muchas-tardes-guatemaltecas\/\" target=\"_blank\" rel=\"noopener\">con una gran variedad de opciones que van desde los m\u00e1s suaves y esponjosos<\/a> hasta los crujientes y dulces.<\/p><p><a href=\"https:\/\/soymigrante.com\/revista\/atol-de-elote-es-una-bebida-ancestral-que-endulza-muchas-tardes-guatemaltecas\/\" target=\"_blank\" rel=\"noopener\">Ya sea para acompa\u00f1ar un caf\u00e9, un chocolate caliente o como parte de una refacci\u00f3n,<\/a> el pan guatemalteco tiene un lugar especial en la vida cotidiana.<\/p><p>A continuaci\u00f3n, presentamos diez de los panes m\u00e1s representativos del pa\u00eds, seg\u00fan el chef Andr\u00e9 Mendoza, del Instituto T\u00e9cnico de Capacitaci\u00f3n y Productividad (INTECAP).<\/p>\t\t\t\t\t\t\t\t<\/div>\n\t\t\t\t\t<\/div>\n\t\t\t\t<\/div>\n\t\t<div data-particle_enable=\"false\" data-particle-mobile-disabled=\"false\" class=\"elementor-element elementor-element-7e2a088 e-flex e-con-boxed e-con e-parent\" data-id=\"7e2a088\" data-element_type=\"container\" data-e-type=\"container\">\n\t\t\t\t\t<div class=\"e-con-inner\">\n\t\t\t\t<div class=\"elementor-element elementor-element-4819852 elementor-widget elementor-widget-heading\" data-id=\"4819852\" data-element_type=\"widget\" data-e-type=\"widget\" data-widget_type=\"heading.default\">\n\t\t\t\t\t<h3 class=\"elementor-heading-title elementor-size-default\">1. Pan franc\u00e9s<\/h3>\t\t\t\t<\/div>\n\t\t\t\t\t<\/div>\n\t\t\t\t<\/div>\n\t\t<div data-particle_enable=\"false\" data-particle-mobile-disabled=\"false\" class=\"elementor-element elementor-element-22ed042 e-flex e-con-boxed e-con e-parent\" data-id=\"22ed042\" data-element_type=\"container\" data-e-type=\"container\">\n\t\t\t\t\t<div class=\"e-con-inner\">\n\t\t\t\t<div class=\"elementor-element elementor-element-a23e7d9 elementor-widget elementor-widget-text-editor\" data-id=\"a23e7d9\" data-element_type=\"widget\" data-e-type=\"widget\" data-widget_type=\"text-editor.default\">\n\t\t\t\t\t\t\t\t\t<p>Le llaman Pan Franc\u00e9s pero es tan guatemalteco como las champurradas. No tiene endulzante y sirve para elaborar sandwiches, para acompa\u00f1ar el caf\u00e9 o tambi\u00e9n para comer frijoles con crema.<\/p><p><a style=\"text-align: var(--text-align);\" href=\"https:\/\/soymigrante.com\/revista\/atol-de-elote-es-una-bebida-ancestral-que-endulza-muchas-tardes-guatemaltecas\/\" target=\"_blank\" rel=\"noopener\">Su corteza crujiente y su interior suave lo hacen ideal<\/a><span style=\"color: var( --e-global-color-text ); text-align: var(--text-align);\"> para el desayuno o la cena, acompa\u00f1ado de frijoles, crema o queso.<\/span><\/p>\t\t\t\t\t\t\t\t<\/div>\n\t\t\t\t\t<\/div>\n\t\t\t\t<\/div>\n\t\t<div data-particle_enable=\"false\" data-particle-mobile-disabled=\"false\" class=\"elementor-element elementor-element-94869e0 e-flex e-con-boxed e-con e-parent\" data-id=\"94869e0\" data-element_type=\"container\" data-e-type=\"container\">\n\t\t\t\t\t<div class=\"e-con-inner\">\n\t\t\t\t<div class=\"elementor-element elementor-element-7cb0349 elementor-widget elementor-widget-image\" data-id=\"7cb0349\" data-element_type=\"widget\" data-e-type=\"widget\" data-widget_type=\"image.default\">\n\t\t\t\t\t\t\t\t\t\t\t\t<figure class=\"wp-caption\">\n\t\t\t\t\t\t\t\t\t\t<img fetchpriority=\"high\" decoding=\"async\" width=\"208\" height=\"242\" src=\"https:\/\/soymigrante.com\/revista\/wp-content\/uploads\/2025\/02\/Pan-frances-.webp\" class=\"attachment-large size-large wp-image-26108\" alt=\"Pan de muerto reci\u00e9n horneado sobre una bandeja, ideal para celebraciones tradicionales mexicanas y festividades culturales.\" title=\"Pan frances \u2013 SoyMigrante.com REVISTA\" \/>\t\t\t\t\t\t\t\t\t\t\t<figcaption class=\"widget-image-caption wp-caption-text\">Pan de muerto reci\u00e9n horneado, perfecto para celebrar festividades mexicanas como el D\u00eda de Muertos, con una textura esponjosa y un sabor delicioso, desde una panader\u00eda tradicional.<\/figcaption>\n\t\t\t\t\t\t\t\t\t\t<\/figure>\n\t\t\t\t\t\t\t\t\t<\/div>\n\t\t\t\t\t<\/div>\n\t\t\t\t<\/div>\n\t\t<div data-particle_enable=\"false\" data-particle-mobile-disabled=\"false\" class=\"elementor-element elementor-element-3103136 e-flex e-con-boxed e-con e-parent\" data-id=\"3103136\" data-element_type=\"container\" data-e-type=\"container\">\n\t\t\t\t\t<div class=\"e-con-inner\">\n\t\t\t\t<div class=\"elementor-element elementor-element-b7f83e4 elementor-widget elementor-widget-heading\" data-id=\"b7f83e4\" data-element_type=\"widget\" data-e-type=\"widget\" data-widget_type=\"heading.default\">\n\t\t\t\t\t<h3 class=\"elementor-heading-title elementor-size-default\">2. Pan de manteca<\/h3>\t\t\t\t<\/div>\n\t\t\t\t\t<\/div>\n\t\t\t\t<\/div>\n\t\t<div data-particle_enable=\"false\" data-particle-mobile-disabled=\"false\" class=\"elementor-element elementor-element-cac3449 e-flex e-con-boxed e-con e-parent\" data-id=\"cac3449\" data-element_type=\"container\" data-e-type=\"container\">\n\t\t\t\t\t<div class=\"e-con-inner\">\n\t\t\t\t<div class=\"elementor-element elementor-element-3366c09 elementor-widget elementor-widget-text-editor\" data-id=\"3366c09\" data-element_type=\"widget\" data-e-type=\"widget\" data-widget_type=\"text-editor.default\">\n\t\t\t\t\t\t\t\t\t<p>Es un pan suave y esponjoso. Su nombre, proviene, en teor\u00eda de la cantidad de manteca vegetal que se insume en la preparaci\u00f3n de su masa. Tiene m\u00faltiples formas y adornos: conchita, bigote, estrellita. Tambi\u00e9n abarca los tostados: hojaldras, roscas y champurradas.<\/p><p>Es perfecto para comer con caf\u00e9 o chocolate caliente y es com\u00fan encontrarlo en panader\u00edas de todo el pa\u00eds.<\/p>\t\t\t\t\t\t\t\t<\/div>\n\t\t\t\t\t<\/div>\n\t\t\t\t<\/div>\n\t\t<div data-particle_enable=\"false\" data-particle-mobile-disabled=\"false\" class=\"elementor-element elementor-element-992d40e e-flex e-con-boxed e-con e-parent\" data-id=\"992d40e\" data-element_type=\"container\" data-e-type=\"container\">\n\t\t\t\t\t<div class=\"e-con-inner\">\n\t\t\t\t<div class=\"elementor-element elementor-element-aefdedc elementor-widget elementor-widget-image\" data-id=\"aefdedc\" data-element_type=\"widget\" data-e-type=\"widget\" data-widget_type=\"image.default\">\n\t\t\t\t\t\t\t\t\t\t\t\t<figure class=\"wp-caption\">\n\t\t\t\t\t\t\t\t\t\t<img decoding=\"async\" width=\"238\" height=\"212\" src=\"https:\/\/soymigrante.com\/revista\/wp-content\/uploads\/2025\/02\/pan-de-manteca.jpeg\" class=\"attachment-large size-large wp-image-26109\" alt=\"Delicias dulces y pasteles tradicionales en una bandeja, incluyendo croissants, muffins y galletas con crema, ideales para desayunos o meriendas.\" title=\"pan de manteca \u2013 SoyMigrante.com REVISTA\" \/>\t\t\t\t\t\t\t\t\t\t\t<figcaption class=\"widget-image-caption wp-caption-text\">Variedad de productos de reposter\u00eda y pasteler\u00eda, perfectos para desayunos y meriendas, en una presentaci\u00f3n apetecible.<\/figcaption>\n\t\t\t\t\t\t\t\t\t\t<\/figure>\n\t\t\t\t\t\t\t\t\t<\/div>\n\t\t\t\t\t<\/div>\n\t\t\t\t<\/div>\n\t\t<div data-particle_enable=\"false\" data-particle-mobile-disabled=\"false\" class=\"elementor-element elementor-element-c0e9787 e-flex e-con-boxed e-con e-parent\" data-id=\"c0e9787\" data-element_type=\"container\" data-e-type=\"container\">\n\t\t\t\t\t<div class=\"e-con-inner\">\n\t\t\t\t<div class=\"elementor-element elementor-element-e2536c2 elementor-widget elementor-widget-heading\" data-id=\"e2536c2\" data-element_type=\"widget\" data-e-type=\"widget\" data-widget_type=\"heading.default\">\n\t\t\t\t\t<h3 class=\"elementor-heading-title elementor-size-default\">3. Champurradas<\/h3>\t\t\t\t<\/div>\n\t\t\t\t\t<\/div>\n\t\t\t\t<\/div>\n\t\t<div data-particle_enable=\"false\" data-particle-mobile-disabled=\"false\" class=\"elementor-element elementor-element-2502c80 e-flex e-con-boxed e-con e-parent\" data-id=\"2502c80\" data-element_type=\"container\" data-e-type=\"container\">\n\t\t\t\t\t<div class=\"e-con-inner\">\n\t\t\t\t<div class=\"elementor-element elementor-element-2ca69dd elementor-widget elementor-widget-text-editor\" data-id=\"2ca69dd\" data-element_type=\"widget\" data-e-type=\"widget\" data-widget_type=\"text-editor.default\">\n\t\t\t\t\t\t\t\t\t<p>Estas galletas crujientes a base de harina de trigo y az\u00facar son un cl\u00e1sico en la mesa guatemalteca.<\/p><p>Se caracterizan por ser crujientes, y su capacidad de absorber el caf\u00e9 o el chocolate sin deshacerse. La puede adquirir con o sin ajonjol\u00ed. En tiempos recientes han surgido champurradas &#8220;integrales&#8221; y tambi\u00e9n algunas de centeno.<\/p>\t\t\t\t\t\t\t\t<\/div>\n\t\t\t\t\t<\/div>\n\t\t\t\t<\/div>\n\t\t<div data-particle_enable=\"false\" data-particle-mobile-disabled=\"false\" class=\"elementor-element elementor-element-2b41ca1 e-flex e-con-boxed e-con e-parent\" data-id=\"2b41ca1\" data-element_type=\"container\" data-e-type=\"container\">\n\t\t\t\t\t<div class=\"e-con-inner\">\n\t\t\t\t<div class=\"elementor-element elementor-element-7883ca1 elementor-widget elementor-widget-image\" data-id=\"7883ca1\" data-element_type=\"widget\" data-e-type=\"widget\" data-widget_type=\"image.default\">\n\t\t\t\t\t\t\t\t\t\t\t\t<figure class=\"wp-caption\">\n\t\t\t\t\t\t\t\t\t\t<img decoding=\"async\" width=\"640\" height=\"541\" src=\"https:\/\/soymigrante.com\/revista\/wp-content\/uploads\/2025\/02\/Champurradsa-guatemaltecas-.webp\" class=\"attachment-large size-large wp-image-26110\" alt=\"Galletas tradicionales mexicanas con sal y az\u00facar, perfectas para acompa\u00f1ar el caf\u00e9 o t\u00e9. Receta casera y f\u00e1cil de preparar, ideal para compartir en familia y amigos.\" srcset=\"https:\/\/soymigrante.com\/revista\/wp-content\/uploads\/2025\/02\/Champurradsa-guatemaltecas-.webp 640w, https:\/\/soymigrante.com\/revista\/wp-content\/uploads\/2025\/02\/Champurradsa-guatemaltecas--300x254.jpeg 300w\" sizes=\"(max-width: 640px) 100vw, 640px\" title=\"Champurradsa guatemaltecas \u2013 SoyMigrante.com REVISTA\" \/>\t\t\t\t\t\t\t\t\t\t\t<figcaption class=\"widget-image-caption wp-caption-text\">Galletas mexicanas tradicionales, sencillas de hacer, ideales para acompa\u00f1ar caf\u00e9 o t\u00e9, recetas caseras y f\u00e1ciles, perfectas para compartir en familia y amigos.<\/figcaption>\n\t\t\t\t\t\t\t\t\t\t<\/figure>\n\t\t\t\t\t\t\t\t\t<\/div>\n\t\t\t\t\t<\/div>\n\t\t\t\t<\/div>\n\t\t<div data-particle_enable=\"false\" data-particle-mobile-disabled=\"false\" class=\"elementor-element elementor-element-d775d5b e-flex e-con-boxed e-con e-parent\" data-id=\"d775d5b\" data-element_type=\"container\" data-e-type=\"container\">\n\t\t\t\t\t<div class=\"e-con-inner\">\n\t\t\t\t<div class=\"elementor-element elementor-element-c9127c6 elementor-widget elementor-widget-heading\" data-id=\"c9127c6\" data-element_type=\"widget\" data-e-type=\"widget\" data-widget_type=\"heading.default\">\n\t\t\t\t\t<h3 class=\"elementor-heading-title elementor-size-default\">4. Pan dulce grande<\/h3>\t\t\t\t<\/div>\n\t\t\t\t\t<\/div>\n\t\t\t\t<\/div>\n\t\t<div data-particle_enable=\"false\" data-particle-mobile-disabled=\"false\" class=\"elementor-element elementor-element-35f3525 e-flex e-con-boxed e-con e-parent\" data-id=\"35f3525\" data-element_type=\"container\" data-e-type=\"container\">\n\t\t\t\t\t<div class=\"e-con-inner\">\n\t\t\t\t<div class=\"elementor-element elementor-element-bf56948 elementor-widget elementor-widget-text-editor\" data-id=\"bf56948\" data-element_type=\"widget\" data-e-type=\"widget\" data-widget_type=\"text-editor.default\">\n\t\t\t\t\t\t\t\t\t<p>El pan dulce en Guatemala tiene muchas variedades, <a href=\"https:\/\/soymigrante.com\/revista\/atol-de-elote-es-una-bebida-ancestral-que-endulza-muchas-tardes-guatemaltecas\/\" target=\"_blank\" rel=\"noopener\">pero en general se refiere a panes esponjosos<\/a> con un toque de az\u00facar encima. El tama\u00f1o es notoriamente superior al &#8220;pan de manteca&#8221;, aunque el sabor sea parecido.<\/p><p>Algunos tienen rellenos de jalea o crema pastelera.<\/p>\t\t\t\t\t\t\t\t<\/div>\n\t\t\t\t\t<\/div>\n\t\t\t\t<\/div>\n\t\t<div data-particle_enable=\"false\" data-particle-mobile-disabled=\"false\" class=\"elementor-element elementor-element-ce71eae e-flex e-con-boxed e-con e-parent\" data-id=\"ce71eae\" data-element_type=\"container\" data-e-type=\"container\">\n\t\t\t\t\t<div class=\"e-con-inner\">\n\t\t\t\t<div class=\"elementor-element elementor-element-51a3cf9 elementor-widget elementor-widget-image\" data-id=\"51a3cf9\" data-element_type=\"widget\" data-e-type=\"widget\" data-widget_type=\"image.default\">\n\t\t\t\t\t\t\t\t\t\t\t\t<figure class=\"wp-caption\">\n\t\t\t\t\t\t\t\t\t\t<img loading=\"lazy\" decoding=\"async\" width=\"259\" height=\"194\" src=\"https:\/\/soymigrante.com\/revista\/wp-content\/uploads\/2025\/02\/Pan-dulce-de-guatemala-.webp\" class=\"attachment-large size-large wp-image-26111\" alt=\"Deliciosos croissants y conchas tradicionales mexicanas en una bandeja, ideales para el desayuno o merienda, resaltando la reposter\u00eda cl\u00e1sica en la cultura mexicana.\" title=\"Pan dulce de guatemala \u2013 SoyMigrante.com REVISTA\" \/>\t\t\t\t\t\t\t\t\t\t\t<figcaption class=\"widget-image-caption wp-caption-text\">Croissants y conchas mexicanas en bandeja, perfectos para desayuno o merienda, representando la reposter\u00eda tradicional mexicana y sus sabores aut\u00e9nticos.<\/figcaption>\n\t\t\t\t\t\t\t\t\t\t<\/figure>\n\t\t\t\t\t\t\t\t\t<\/div>\n\t\t\t\t\t<\/div>\n\t\t\t\t<\/div>\n\t\t<div data-particle_enable=\"false\" data-particle-mobile-disabled=\"false\" class=\"elementor-element elementor-element-9d7fca2 e-flex e-con-boxed e-con e-parent\" data-id=\"9d7fca2\" data-element_type=\"container\" data-e-type=\"container\">\n\t\t\t\t\t<div class=\"e-con-inner\">\n\t\t\t\t<div class=\"elementor-element elementor-element-8c5c5d5 elementor-widget elementor-widget-heading\" data-id=\"8c5c5d5\" data-element_type=\"widget\" data-e-type=\"widget\" data-widget_type=\"heading.default\">\n\t\t\t\t\t<h3 class=\"elementor-heading-title elementor-size-default\">5. Shecas<\/h3>\t\t\t\t<\/div>\n\t\t\t\t\t<\/div>\n\t\t\t\t<\/div>\n\t\t<div data-particle_enable=\"false\" data-particle-mobile-disabled=\"false\" class=\"elementor-element elementor-element-b671ff4 e-flex e-con-boxed e-con e-parent\" data-id=\"b671ff4\" data-element_type=\"container\" data-e-type=\"container\">\n\t\t\t\t\t<div class=\"e-con-inner\">\n\t\t\t\t<div class=\"elementor-element elementor-element-5f9578c elementor-widget elementor-widget-text-editor\" data-id=\"5f9578c\" data-element_type=\"widget\" data-e-type=\"widget\" data-widget_type=\"text-editor.default\">\n\t\t\t\t\t\t\t\t\t<p>Son panes semidulces y redondos, con una textura firme por fuera y suave por dentro. Son propios del Occidente de Guatemala y tienen un toque especial, porque se les endulza con panela. Tambi\u00e9n tienen como ingrediente secreto el an\u00eds.<\/p><p><span style=\"color: var( --e-global-color-text ); text-align: var(--text-align);\">Se suelen espolvorear con harina y son un excelente acompa\u00f1ante para el caf\u00e9 o atol.<\/span><\/p>\t\t\t\t\t\t\t\t<\/div>\n\t\t\t\t\t<\/div>\n\t\t\t\t<\/div>\n\t\t<div data-particle_enable=\"false\" data-particle-mobile-disabled=\"false\" class=\"elementor-element elementor-element-21bdb70 e-flex e-con-boxed e-con e-parent\" data-id=\"21bdb70\" data-element_type=\"container\" data-e-type=\"container\">\n\t\t\t\t\t<div class=\"e-con-inner\">\n\t\t\t\t<div class=\"elementor-element elementor-element-14ce1d4 elementor-widget elementor-widget-image\" data-id=\"14ce1d4\" data-element_type=\"widget\" data-e-type=\"widget\" data-widget_type=\"image.default\">\n\t\t\t\t\t\t\t\t\t\t\t\t<figure class=\"wp-caption\">\n\t\t\t\t\t\t\t\t\t\t<img loading=\"lazy\" decoding=\"async\" width=\"194\" height=\"259\" src=\"https:\/\/soymigrante.com\/revista\/wp-content\/uploads\/2025\/02\/shecas-de-guatemala.jpeg\" class=\"attachment-large size-large wp-image-26113\" alt=\"Champi\u00f1ones frescos en bandeja para comida saludable.\" title=\"shecas de guatemala \u2013 SoyMigrante.com REVISTA\" \/>\t\t\t\t\t\t\t\t\t\t\t<figcaption class=\"widget-image-caption wp-caption-text\">Revista SoyMigrante.com presenta art\u00edculos sobre migraci\u00f3n, cultura y alimentaci\u00f3n saludable, destacando ingredientes como estos champi\u00f1ones frescos para una vida equilibrada.<\/figcaption>\n\t\t\t\t\t\t\t\t\t\t<\/figure>\n\t\t\t\t\t\t\t\t\t<\/div>\n\t\t\t\t\t<\/div>\n\t\t\t\t<\/div>\n\t\t<div data-particle_enable=\"false\" data-particle-mobile-disabled=\"false\" class=\"elementor-element elementor-element-6aec230 e-flex e-con-boxed e-con e-parent\" data-id=\"6aec230\" data-element_type=\"container\" data-e-type=\"container\">\n\t\t\t\t\t<div class=\"e-con-inner\">\n\t\t\t\t<div class=\"elementor-element elementor-element-1dc5885 elementor-widget elementor-widget-heading\" data-id=\"1dc5885\" data-element_type=\"widget\" data-e-type=\"widget\" data-widget_type=\"heading.default\">\n\t\t\t\t\t<h3 class=\"elementor-heading-title elementor-size-default\">6. Molletes<\/h3>\t\t\t\t<\/div>\n\t\t\t\t\t<\/div>\n\t\t\t\t<\/div>\n\t\t<div data-particle_enable=\"false\" data-particle-mobile-disabled=\"false\" class=\"elementor-element elementor-element-a45dc9a e-flex e-con-boxed e-con e-parent\" data-id=\"a45dc9a\" data-element_type=\"container\" data-e-type=\"container\">\n\t\t\t\t\t<div class=\"e-con-inner\">\n\t\t\t\t<div class=\"elementor-element elementor-element-d7b470d elementor-widget elementor-widget-text-editor\" data-id=\"d7b470d\" data-element_type=\"widget\" data-e-type=\"widget\" data-widget_type=\"text-editor.default\">\n\t\t\t\t\t\t\t\t\t<p>Diferente de los molletes mexicanos, <a href=\"https:\/\/soymigrante.com\/revista\/atol-de-elote-es-una-bebida-ancestral-que-endulza-muchas-tardes-guatemaltecas\/\" target=\"_blank\" rel=\"noopener\">en Guatemala son panes dulces rellenos de crema pastelera<\/a> y fritos, servidos con miel de panela.<\/p><p>Son especialmente populares en Semana Santa.<\/p>\t\t\t\t\t\t\t\t<\/div>\n\t\t\t\t\t<\/div>\n\t\t\t\t<\/div>\n\t\t<div data-particle_enable=\"false\" data-particle-mobile-disabled=\"false\" class=\"elementor-element elementor-element-5bd0449 e-flex e-con-boxed e-con e-parent\" data-id=\"5bd0449\" data-element_type=\"container\" data-e-type=\"container\">\n\t\t\t\t\t<div class=\"e-con-inner\">\n\t\t\t\t<div class=\"elementor-element elementor-element-6928763 elementor-widget elementor-widget-image\" data-id=\"6928763\" data-element_type=\"widget\" data-e-type=\"widget\" data-widget_type=\"image.default\">\n\t\t\t\t\t\t\t\t\t\t\t\t<figure class=\"wp-caption\">\n\t\t\t\t\t\t\t\t\t\t<img loading=\"lazy\" decoding=\"async\" width=\"427\" height=\"320\" src=\"https:\/\/soymigrante.com\/revista\/wp-content\/uploads\/2025\/02\/molletes-.webp\" class=\"attachment-large size-large wp-image-26117\" alt=\"Bollos rellenos con queso en una cesta, tradici\u00f3n culinaria latinoamericana, delicioso aperitivo para compartir.\" srcset=\"https:\/\/soymigrante.com\/revista\/wp-content\/uploads\/2025\/02\/molletes-.webp 427w, https:\/\/soymigrante.com\/revista\/wp-content\/uploads\/2025\/02\/molletes--300x225.jpeg 300w\" sizes=\"(max-width: 427px) 100vw, 427px\" title=\"molletes \u2013 SoyMigrante.com REVISTA\" \/>\t\t\t\t\t\t\t\t\t\t\t<figcaption class=\"widget-image-caption wp-caption-text\">Bollos rellenos con queso, un delicioso aperitivo tradicional latinoamericano, ideales para cualquier ocasi\u00f3n y perfectos para compartir en familia y amigos.<\/figcaption>\n\t\t\t\t\t\t\t\t\t\t<\/figure>\n\t\t\t\t\t\t\t\t\t<\/div>\n\t\t\t\t\t<\/div>\n\t\t\t\t<\/div>\n\t\t<div data-particle_enable=\"false\" data-particle-mobile-disabled=\"false\" class=\"elementor-element elementor-element-063354e e-flex e-con-boxed e-con e-parent\" data-id=\"063354e\" data-element_type=\"container\" data-e-type=\"container\">\n\t\t\t\t\t<div class=\"e-con-inner\">\n\t\t\t\t<div class=\"elementor-element elementor-element-9258228 elementor-widget elementor-widget-heading\" data-id=\"9258228\" data-element_type=\"widget\" data-e-type=\"widget\" data-widget_type=\"heading.default\">\n\t\t\t\t\t<h3 class=\"elementor-heading-title elementor-size-default\">7. Pan de yema<\/h3>\t\t\t\t<\/div>\n\t\t\t\t\t<\/div>\n\t\t\t\t<\/div>\n\t\t<div data-particle_enable=\"false\" data-particle-mobile-disabled=\"false\" class=\"elementor-element elementor-element-33d1dd4 e-flex e-con-boxed e-con e-parent\" data-id=\"33d1dd4\" data-element_type=\"container\" data-e-type=\"container\">\n\t\t\t\t\t<div class=\"e-con-inner\">\n\t\t\t\t<div class=\"elementor-element elementor-element-48105bd elementor-widget elementor-widget-text-editor\" data-id=\"48105bd\" data-element_type=\"widget\" data-e-type=\"widget\" data-widget_type=\"text-editor.default\">\n\t\t\t\t\t\t\t\t\t<p>Es un pan dulce, suave y esponjoso, con un toque de huevo en su preparaci\u00f3n.<\/p><p>Su textura ligera lo hace perfecto para comer con una taza de chocolate caliente.<\/p>\t\t\t\t\t\t\t\t<\/div>\n\t\t\t\t\t<\/div>\n\t\t\t\t<\/div>\n\t\t<div data-particle_enable=\"false\" data-particle-mobile-disabled=\"false\" class=\"elementor-element elementor-element-05c8466 e-flex e-con-boxed e-con e-parent\" data-id=\"05c8466\" data-element_type=\"container\" data-e-type=\"container\">\n\t\t\t\t\t<div class=\"e-con-inner\">\n\t\t\t\t<div class=\"elementor-element elementor-element-2b4da25 elementor-widget elementor-widget-image\" data-id=\"2b4da25\" data-element_type=\"widget\" data-e-type=\"widget\" data-widget_type=\"image.default\">\n\t\t\t\t\t\t\t\t\t\t\t\t<figure class=\"wp-caption\">\n\t\t\t\t\t\t\t\t\t\t<img loading=\"lazy\" decoding=\"async\" width=\"225\" height=\"225\" src=\"https:\/\/soymigrante.com\/revista\/wp-content\/uploads\/2025\/02\/pan-de-yema-.webp\" class=\"attachment-large size-large wp-image-26118\" alt=\"Sabores tradicionales de pan dulce mexicano, con una textura suave y deliciosa, ideal para el desayuno o merienda. Disfruta de recetas aut\u00e9nticas en SoyMigrante.com REVISTA.\" srcset=\"https:\/\/soymigrante.com\/revista\/wp-content\/uploads\/2025\/02\/pan-de-yema-.webp 225w, https:\/\/soymigrante.com\/revista\/wp-content\/uploads\/2025\/02\/pan-de-yema--150x150.jpeg 150w, https:\/\/soymigrante.com\/revista\/wp-content\/uploads\/2025\/02\/pan-de-yema--75x75.webp 75w\" sizes=\"(max-width: 225px) 100vw, 225px\" title=\"pan de yema \u2013 SoyMigrante.com REVISTA\" \/>\t\t\t\t\t\t\t\t\t\t\t<figcaption class=\"widget-image-caption wp-caption-text\">Pan dulce mexicano cl\u00e1sico con textura suave y sabor aut\u00e9ntico, perfecto para desayunos y meriendas. Descubre recetas y art\u00edculos sobre cultura y gastronom\u00eda en SoyMigrante.com REVISTA.<\/figcaption>\n\t\t\t\t\t\t\t\t\t\t<\/figure>\n\t\t\t\t\t\t\t\t\t<\/div>\n\t\t\t\t\t<\/div>\n\t\t\t\t<\/div>\n\t\t<div data-particle_enable=\"false\" data-particle-mobile-disabled=\"false\" class=\"elementor-element elementor-element-529afe5 e-flex e-con-boxed e-con e-parent\" data-id=\"529afe5\" data-element_type=\"container\" data-e-type=\"container\">\n\t\t\t\t\t<div class=\"e-con-inner\">\n\t\t\t\t<div class=\"elementor-element elementor-element-b8871a4 elementor-widget elementor-widget-heading\" data-id=\"b8871a4\" data-element_type=\"widget\" data-e-type=\"widget\" data-widget_type=\"heading.default\">\n\t\t\t\t\t<h3 class=\"elementor-heading-title elementor-size-default\">8. Cachitos<\/h3>\t\t\t\t<\/div>\n\t\t\t\t\t<\/div>\n\t\t\t\t<\/div>\n\t\t<div data-particle_enable=\"false\" data-particle-mobile-disabled=\"false\" class=\"elementor-element elementor-element-13fec62 e-flex e-con-boxed e-con e-parent\" data-id=\"13fec62\" data-element_type=\"container\" data-e-type=\"container\">\n\t\t\t\t\t<div class=\"e-con-inner\">\n\t\t\t\t<div class=\"elementor-element elementor-element-cda2aec elementor-widget elementor-widget-text-editor\" data-id=\"cda2aec\" data-element_type=\"widget\" data-e-type=\"widget\" data-widget_type=\"text-editor.default\">\n\t\t\t\t\t\t\t\t\t<p>Peque\u00f1os panes en forma de media luna, similares a los croissants, pero con una textura m\u00e1s densa.<\/p><p>Algunos llevan relleno de crema o chocolate.<\/p>\t\t\t\t\t\t\t\t<\/div>\n\t\t\t\t\t<\/div>\n\t\t\t\t<\/div>\n\t\t<div data-particle_enable=\"false\" data-particle-mobile-disabled=\"false\" class=\"elementor-element elementor-element-180c881 e-flex e-con-boxed e-con e-parent\" data-id=\"180c881\" data-element_type=\"container\" data-e-type=\"container\">\n\t\t\t\t\t<div class=\"e-con-inner\">\n\t\t\t\t<div class=\"elementor-element elementor-element-6b5da36 elementor-widget elementor-widget-image\" data-id=\"6b5da36\" data-element_type=\"widget\" data-e-type=\"widget\" data-widget_type=\"image.default\">\n\t\t\t\t\t\t\t\t\t\t\t\t<figure class=\"wp-caption\">\n\t\t\t\t\t\t\t\t\t\t<img loading=\"lazy\" decoding=\"async\" width=\"720\" height=\"479\" src=\"https:\/\/soymigrante.com\/revista\/wp-content\/uploads\/2025\/02\/cachitos-de-guatemala-.webp\" class=\"attachment-large size-large wp-image-26119\" alt=\"Disfruta de unos deliciosos croissants y una taza de caf\u00e9 en un desayuno t\u00edpico latinoamericano. Ideal para comenzar el d\u00eda lleno de energ\u00eda y sabor.\" srcset=\"https:\/\/soymigrante.com\/revista\/wp-content\/uploads\/2025\/02\/cachitos-de-guatemala-.webp 720w, https:\/\/soymigrante.com\/revista\/wp-content\/uploads\/2025\/02\/cachitos-de-guatemala--300x200.jpeg 300w\" sizes=\"(max-width: 720px) 100vw, 720px\" title=\"cachitos de guatemala \u2013 SoyMigrante.com REVISTA\" \/>\t\t\t\t\t\t\t\t\t\t\t<figcaption class=\"widget-image-caption wp-caption-text\">Saborea croissants frescos y caf\u00e9 caliente en un desayuno tradicional que refleja la cultura y la gastronom\u00eda latina, perfecto para migrantes y expatriados.<\/figcaption>\n\t\t\t\t\t\t\t\t\t\t<\/figure>\n\t\t\t\t\t\t\t\t\t<\/div>\n\t\t\t\t\t<\/div>\n\t\t\t\t<\/div>\n\t\t<div data-particle_enable=\"false\" data-particle-mobile-disabled=\"false\" class=\"elementor-element elementor-element-3699fdd e-flex e-con-boxed e-con e-parent\" data-id=\"3699fdd\" data-element_type=\"container\" data-e-type=\"container\">\n\t\t\t\t\t<div class=\"e-con-inner\">\n\t\t\t\t<div class=\"elementor-element elementor-element-7c842f0 elementor-widget elementor-widget-heading\" data-id=\"7c842f0\" data-element_type=\"widget\" data-e-type=\"widget\" data-widget_type=\"heading.default\">\n\t\t\t\t\t<h3 class=\"elementor-heading-title elementor-size-default\">9. Roscas<\/h3>\t\t\t\t<\/div>\n\t\t\t\t\t<\/div>\n\t\t\t\t<\/div>\n\t\t<div data-particle_enable=\"false\" data-particle-mobile-disabled=\"false\" class=\"elementor-element elementor-element-6e6e7a4 e-flex e-con-boxed e-con e-parent\" data-id=\"6e6e7a4\" data-element_type=\"container\" data-e-type=\"container\">\n\t\t\t\t\t<div class=\"e-con-inner\">\n\t\t\t\t<div class=\"elementor-element elementor-element-853d552 elementor-widget elementor-widget-text-editor\" data-id=\"853d552\" data-element_type=\"widget\" data-e-type=\"widget\" data-widget_type=\"text-editor.default\">\n\t\t\t\t\t\t\t\t\t<p>Son panes dulces en forma de aro, con una textura firme y ligeramente crujiente.\u00a0<span style=\"color: var( --e-global-color-text ); text-align: var(--text-align);\">Son populares durante festividades y se pueden encontrar en diferentes tama\u00f1os.<\/span><\/p>\t\t\t\t\t\t\t\t<\/div>\n\t\t\t\t\t<\/div>\n\t\t\t\t<\/div>\n\t\t<div data-particle_enable=\"false\" data-particle-mobile-disabled=\"false\" class=\"elementor-element elementor-element-d3a9fca e-flex e-con-boxed e-con e-parent\" data-id=\"d3a9fca\" data-element_type=\"container\" data-e-type=\"container\">\n\t\t\t\t\t<div class=\"e-con-inner\">\n\t\t\t\t<div class=\"elementor-element elementor-element-fbdbad2 elementor-widget elementor-widget-image\" data-id=\"fbdbad2\" data-element_type=\"widget\" data-e-type=\"widget\" data-widget_type=\"image.default\">\n\t\t\t\t\t\t\t\t\t\t\t\t<figure class=\"wp-caption\">\n\t\t\t\t\t\t\t\t\t\t<img loading=\"lazy\" decoding=\"async\" width=\"224\" height=\"225\" src=\"https:\/\/soymigrante.com\/revista\/wp-content\/uploads\/2025\/02\/roscas-de-guatemala.jpeg\" class=\"attachment-large size-large wp-image-26120\" alt=\"Galletas tradicionales y sabrosas con semillas de s\u00e9samo y glaseado en una bandeja para disfrute familiar.\" srcset=\"https:\/\/soymigrante.com\/revista\/wp-content\/uploads\/2025\/02\/roscas-de-guatemala.jpeg 224w, https:\/\/soymigrante.com\/revista\/wp-content\/uploads\/2025\/02\/roscas-de-guatemala-150x150.jpeg 150w, https:\/\/soymigrante.com\/revista\/wp-content\/uploads\/2025\/02\/roscas-de-guatemala-75x75.webp 75w\" sizes=\"(max-width: 224px) 100vw, 224px\" title=\"roscas de guatemala \u2013 SoyMigrante.com REVISTA\" \/>\t\t\t\t\t\t\t\t\t\t\t<figcaption class=\"widget-image-caption wp-caption-text\">Galletas caseras con semillas de s\u00e9samo, perfectas para acompa\u00f1ar el caf\u00e9 o t\u00e9, en diferentes formas y tama\u00f1os.<\/figcaption>\n\t\t\t\t\t\t\t\t\t\t<\/figure>\n\t\t\t\t\t\t\t\t\t<\/div>\n\t\t\t\t\t<\/div>\n\t\t\t\t<\/div>\n\t\t<div data-particle_enable=\"false\" data-particle-mobile-disabled=\"false\" class=\"elementor-element elementor-element-7bbc0f2 e-flex e-con-boxed e-con e-parent\" data-id=\"7bbc0f2\" data-element_type=\"container\" data-e-type=\"container\">\n\t\t\t\t\t<div class=\"e-con-inner\">\n\t\t\t\t<div class=\"elementor-element elementor-element-c143ac7 elementor-widget elementor-widget-heading\" data-id=\"c143ac7\" data-element_type=\"widget\" data-e-type=\"widget\" data-widget_type=\"heading.default\">\n\t\t\t\t\t<h3 class=\"elementor-heading-title elementor-size-default\">10. Pan tostado<\/h3>\t\t\t\t<\/div>\n\t\t\t\t\t<\/div>\n\t\t\t\t<\/div>\n\t\t<div data-particle_enable=\"false\" data-particle-mobile-disabled=\"false\" class=\"elementor-element elementor-element-3b88130 e-flex e-con-boxed e-con e-parent\" data-id=\"3b88130\" data-element_type=\"container\" data-e-type=\"container\">\n\t\t\t\t\t<div class=\"e-con-inner\">\n\t\t\t\t<div class=\"elementor-element elementor-element-12a0e1d elementor-widget elementor-widget-text-editor\" data-id=\"12a0e1d\" data-element_type=\"widget\" data-e-type=\"widget\" data-widget_type=\"text-editor.default\">\n\t\t\t\t\t\t\t\t\t<p><a href=\"https:\/\/soymigrante.com\/revista\/atol-de-elote-es-una-bebida-ancestral-que-endulza-muchas-tardes-guatemaltecas\/\" target=\"_blank\" rel=\"noopener\">Son panes peque\u00f1os y secos, generalmente con az\u00facar o miel<\/a> en la parte superior.<\/p><p>Se suelen comer con caf\u00e9 o como un bocadillo ligero.<\/p>\t\t\t\t\t\t\t\t<\/div>\n\t\t\t\t\t<\/div>\n\t\t\t\t<\/div>\n\t\t<div data-particle_enable=\"false\" data-particle-mobile-disabled=\"false\" class=\"elementor-element elementor-element-bb079aa e-flex e-con-boxed e-con e-parent\" data-id=\"bb079aa\" data-element_type=\"container\" data-e-type=\"container\">\n\t\t\t\t\t<div class=\"e-con-inner\">\n\t\t\t\t<div class=\"elementor-element elementor-element-751de37 elementor-widget elementor-widget-image\" data-id=\"751de37\" data-element_type=\"widget\" data-e-type=\"widget\" data-widget_type=\"image.default\">\n\t\t\t\t\t\t\t\t\t\t\t\t<figure class=\"wp-caption\">\n\t\t\t\t\t\t\t\t\t\t<img loading=\"lazy\" decoding=\"async\" width=\"300\" height=\"168\" src=\"https:\/\/soymigrante.com\/revista\/wp-content\/uploads\/2025\/02\/pan-churrito-de-guatemala.webp\" class=\"attachment-large size-large wp-image-26121\" alt=\"Deliciosas y crujientes churros tradicionales espa\u00f1oles, perfectos para desayunar o merendar. Disfruta de su sabor aut\u00e9ntico y textura suave destacado en SoyMigrante.com REVISTA.\" title=\"pan churrito de guatemala \u2013 SoyMigrante.com REVISTA\" \/>\t\t\t\t\t\t\t\t\t\t\t<figcaption class=\"widget-image-caption wp-caption-text\">Churros tradicionales espa\u00f1oles listos para disfrutar en SoyMigrante.com REVISTA, ideales para desayunos y meriendas con sabor aut\u00e9ntico.<\/figcaption>\n\t\t\t\t\t\t\t\t\t\t<\/figure>\n\t\t\t\t\t\t\t\t\t<\/div>\n\t\t\t\t\t<\/div>\n\t\t\t\t<\/div>\n\t\t<div data-particle_enable=\"false\" data-particle-mobile-disabled=\"false\" class=\"elementor-element elementor-element-23d6641 e-flex e-con-boxed e-con e-parent\" data-id=\"23d6641\" data-element_type=\"container\" data-e-type=\"container\">\n\t\t\t\t\t<div class=\"e-con-inner\">\n\t\t\t\t<div class=\"elementor-element elementor-element-d1bd6dc elementor-widget elementor-widget-heading\" data-id=\"d1bd6dc\" data-element_type=\"widget\" data-e-type=\"widget\" data-widget_type=\"heading.default\">\n\t\t\t\t\t<h3 class=\"elementor-heading-title elementor-size-default\">Un legado de tradici\u00f3n y sabor<\/h3>\t\t\t\t<\/div>\n\t\t\t\t\t<\/div>\n\t\t\t\t<\/div>\n\t\t<div data-particle_enable=\"false\" data-particle-mobile-disabled=\"false\" class=\"elementor-element elementor-element-831a5ae e-flex e-con-boxed e-con e-parent\" data-id=\"831a5ae\" data-element_type=\"container\" data-e-type=\"container\">\n\t\t\t\t\t<div class=\"e-con-inner\">\n\t\t\t\t<div class=\"elementor-element elementor-element-933a5b8 elementor-widget elementor-widget-text-editor\" data-id=\"933a5b8\" data-element_type=\"widget\" data-e-type=\"widget\" data-widget_type=\"text-editor.default\">\n\t\t\t\t\t\t\t\t\t<p>Cada uno tiene una historia y un significado especial, pasando de generaci\u00f3n en generaci\u00f3n como parte del patrimonio gastron\u00f3mico.<\/p><p><a href=\"https:\/\/soymigrante.com\/revista\/atol-de-elote-es-una-bebida-ancestral-que-endulza-muchas-tardes-guatemaltecas\/\" target=\"_blank\" rel=\"noopener\">Ya sea en una panader\u00eda de barrio o en mercados locales<\/a>, estos panes siguen siendo un s\u00edmbolo de la cultura guatemalteca.<\/p>\t\t\t\t\t\t\t\t<\/div>\n\t\t\t\t\t<\/div>\n\t\t\t\t<\/div>\n\t\t<div data-particle_enable=\"false\" data-particle-mobile-disabled=\"false\" class=\"elementor-element elementor-element-52ea388 e-flex e-con-boxed e-con e-parent\" data-id=\"52ea388\" data-element_type=\"container\" data-e-type=\"container\">\n\t\t\t\t\t<div class=\"e-con-inner\">\n\t\t\t\t<div class=\"elementor-element elementor-element-f7f0ce6 elementor-widget elementor-widget-heading\" data-id=\"f7f0ce6\" data-element_type=\"widget\" data-e-type=\"widget\" data-widget_type=\"heading.default\">\n\t\t\t\t\t<h2 class=\"elementor-heading-title elementor-size-default\">Conoce m\u00e1s de Guatemala, ac\u00e1...<\/h2>\t\t\t\t<\/div>\n\t\t\t\t\t<\/div>\n\t\t\t\t<\/div>\n\t\t<div data-particle_enable=\"false\" data-particle-mobile-disabled=\"false\" class=\"elementor-element elementor-element-6376d78 e-flex e-con-boxed e-con e-parent\" data-id=\"6376d78\" data-element_type=\"container\" data-e-type=\"container\">\n\t\t\t\t\t<div class=\"e-con-inner\">\n\t\t\t\t<div class=\"elementor-element elementor-element-7da459d elementor-grid-eael-col-3 elementor-grid-tablet-eael-col-2 elementor-grid-mobile-eael-col-1 elementor-widget elementor-widget-eael-post-grid\" data-id=\"7da459d\" data-element_type=\"widget\" data-e-type=\"widget\" data-settings=\"{&quot;eael_post_grid_columns&quot;:&quot;eael-col-3&quot;,&quot;eael_post_grid_columns_tablet&quot;:&quot;eael-col-2&quot;,&quot;eael_post_grid_columns_mobile&quot;:&quot;eael-col-1&quot;}\" data-widget_type=\"eael-post-grid.default\">\n\t\t\t\t\t<div id=\"eael-post-grid-7da459d\" class=\"eael-post-grid-container\">\n            <div class=\"eael-post-grid eael-post-appender eael-post-appender-7da459d eael-post-grid-style-one\" data-layout-mode=\"masonry\"><article class=\"eael-grid-post  eael-post-grid-column eael-pg-post-6078 category-recetas-guatemaltecas\" data-id=\"6078\">\n        <div class=\"eael-grid-post-holder\">\n            <div class=\"eael-grid-post-holder-inner\"><div class=\"eael-entry-media\"><div class=\"eael-entry-overlay fade-in\"><i class=\"far fa-hand-pointer\" aria-hidden=\"true\"><\/i><a href=\"https:\/\/soymigrante.com\/revista\/recetas-chapinas-rellenitos-guatemaltecos-son-un-antojito-irresistible\/\"><\/a><\/div><div class=\"eael-entry-thumbnail \">\n                <img loading=\"lazy\" decoding=\"async\" width=\"1024\" height=\"468\" src=\"https:\/\/soymigrante.com\/revista\/wp-content\/uploads\/2024\/04\/Receta-de-rellenitos-guatemaltecos-un-delicioso-antojito-chapin-1024x468.webp\" class=\"attachment-large size-large wp-image-6080\" alt=\"H directory.png.\" srcset=\"https:\/\/soymigrante.com\/revista\/wp-content\/uploads\/2024\/04\/Receta-de-rellenitos-guatemaltecos-un-delicioso-antojito-chapin-1024x468.webp 1024w, https:\/\/soymigrante.com\/revista\/wp-content\/uploads\/2024\/04\/Receta-de-rellenitos-guatemaltecos-un-delicioso-antojito-chapin-300x137.webp 300w, https:\/\/soymigrante.com\/revista\/wp-content\/uploads\/2024\/04\/Receta-de-rellenitos-guatemaltecos-un-delicioso-antojito-chapin-768x351.webp 768w, https:\/\/soymigrante.com\/revista\/wp-content\/uploads\/2024\/04\/Receta-de-rellenitos-guatemaltecos-un-delicioso-antojito-chapin-750x343.webp 750w, https:\/\/soymigrante.com\/revista\/wp-content\/uploads\/2024\/04\/Receta-de-rellenitos-guatemaltecos-un-delicioso-antojito-chapin-1140x521.webp 1140w, https:\/\/soymigrante.com\/revista\/wp-content\/uploads\/2024\/04\/Receta-de-rellenitos-guatemaltecos-un-delicioso-antojito-chapin.webp 1284w\" sizes=\"(max-width: 1024px) 100vw, 1024px\" \/>\n            <\/div>\n        <\/div><div class=\"eael-entry-wrapper\"><header class=\"eael-entry-header\"><h2 class=\"eael-entry-title\"><a class=\"eael-grid-post-link\" href=\"https:\/\/soymigrante.com\/revista\/recetas-chapinas-rellenitos-guatemaltecos-son-un-antojito-irresistible\/\" title=\"Recetas chapinas: Rellenitos guatemaltecos son un antojito irresistible\">Recetas chapinas: Rellenitos guatemaltecos son un antojito irresistible<\/a><\/h2><\/header><div class=\"eael-entry-content\">\n                        <div class=\"eael-grid-post-excerpt\"><a href=\"https:\/\/soymigrante.com\/revista\/recetas-chapinas-rellenitos-guatemaltecos-son-un-antojito-irresistible\/\" class=\"eael-post-elements-readmore-btn\">CONOCE SU HISTORIA <\/a><\/div>\n                    <\/div><\/div><\/div>\n        <\/div>\n    <\/article><article class=\"eael-grid-post  eael-post-grid-column eael-pg-post-6116 category-recetas-guatemaltecas\" data-id=\"6116\">\n        <div class=\"eael-grid-post-holder\">\n            <div class=\"eael-grid-post-holder-inner\"><div class=\"eael-entry-media\"><div class=\"eael-entry-overlay fade-in\"><i class=\"far fa-hand-pointer\" aria-hidden=\"true\"><\/i><a href=\"https:\/\/soymigrante.com\/revista\/recetas-chapinas-cinco-increibles-refrescos-naturales-faciles-de-preparar\/\"><\/a><\/div><div class=\"eael-entry-thumbnail \">\n                <img loading=\"lazy\" decoding=\"async\" width=\"1024\" height=\"711\" src=\"https:\/\/soymigrante.com\/revista\/wp-content\/uploads\/2024\/04\/Captura-de-pantalla-2024-04-23-132752-1024x711.webp\" class=\"attachment-large size-large wp-image-6129\" alt=\"Refresco de lim\u00f3n con menta en vaso de vidrio con dise\u00f1o, hielo y condensaci\u00f3n, ideado para refrescar en verano, ideal para eventos y bebidas refrescantes.\" srcset=\"https:\/\/soymigrante.com\/revista\/wp-content\/uploads\/2024\/04\/Captura-de-pantalla-2024-04-23-132752-1024x711.webp 1024w, https:\/\/soymigrante.com\/revista\/wp-content\/uploads\/2024\/04\/Captura-de-pantalla-2024-04-23-132752-300x208.webp 300w, https:\/\/soymigrante.com\/revista\/wp-content\/uploads\/2024\/04\/Captura-de-pantalla-2024-04-23-132752-768x533.webp 768w, https:\/\/soymigrante.com\/revista\/wp-content\/uploads\/2024\/04\/Captura-de-pantalla-2024-04-23-132752-750x520.webp 750w, https:\/\/soymigrante.com\/revista\/wp-content\/uploads\/2024\/04\/Captura-de-pantalla-2024-04-23-132752.webp 1075w\" sizes=\"(max-width: 1024px) 100vw, 1024px\" \/>\n            <\/div>\n        <\/div><div class=\"eael-entry-wrapper\"><header class=\"eael-entry-header\"><h2 class=\"eael-entry-title\"><a class=\"eael-grid-post-link\" href=\"https:\/\/soymigrante.com\/revista\/recetas-chapinas-cinco-increibles-refrescos-naturales-faciles-de-preparar\/\" title=\"Recetas chapinas: cinco refrescos naturales f\u00e1ciles de preparar\">Recetas chapinas: cinco refrescos naturales f\u00e1ciles de preparar<\/a><\/h2><\/header><div class=\"eael-entry-content\">\n                        <div class=\"eael-grid-post-excerpt\"><a href=\"https:\/\/soymigrante.com\/revista\/recetas-chapinas-cinco-increibles-refrescos-naturales-faciles-de-preparar\/\" class=\"eael-post-elements-readmore-btn\">CONOCE SU HISTORIA <\/a><\/div>\n                    <\/div><\/div><\/div>\n        <\/div>\n    <\/article><article class=\"eael-grid-post  eael-post-grid-column eael-pg-post-5824 category-recetas-guatemaltecas\" data-id=\"5824\">\n        <div class=\"eael-grid-post-holder\">\n            <div class=\"eael-grid-post-holder-inner\"><div class=\"eael-entry-media\"><div class=\"eael-entry-overlay fade-in\"><i class=\"far fa-hand-pointer\" aria-hidden=\"true\"><\/i><a href=\"https:\/\/soymigrante.com\/revista\/receta-de-paches-quezaltecos-de-papa-que-delicia\/\"><\/a><\/div><div class=\"eael-entry-thumbnail \">\n                <img loading=\"lazy\" decoding=\"async\" width=\"1024\" height=\"681\" src=\"https:\/\/soymigrante.com\/revista\/wp-content\/uploads\/2024\/04\/receta-para-elaborar-paches-de-papa-xela-3-1024x681.webp\" class=\"attachment-large size-large wp-image-5825\" alt=\"receta para elaborar paches de papa xela. Recetas chapinas: Paches quezaltecos de papa \u00a1Qu\u00e9 delicia!\" srcset=\"https:\/\/soymigrante.com\/revista\/wp-content\/uploads\/2024\/04\/receta-para-elaborar-paches-de-papa-xela-3-1024x681.webp 1024w, https:\/\/soymigrante.com\/revista\/wp-content\/uploads\/2024\/04\/receta-para-elaborar-paches-de-papa-xela-3-300x200.webp 300w, https:\/\/soymigrante.com\/revista\/wp-content\/uploads\/2024\/04\/receta-para-elaborar-paches-de-papa-xela-3-768x511.webp 768w, https:\/\/soymigrante.com\/revista\/wp-content\/uploads\/2024\/04\/receta-para-elaborar-paches-de-papa-xela-3.webp 1920w\" sizes=\"(max-width: 1024px) 100vw, 1024px\" \/>\n            <\/div>\n        <\/div><div class=\"eael-entry-wrapper\"><header class=\"eael-entry-header\"><h2 class=\"eael-entry-title\"><a class=\"eael-grid-post-link\" href=\"https:\/\/soymigrante.com\/revista\/receta-de-paches-quezaltecos-de-papa-que-delicia\/\" title=\"Recetas chapinas: Paches quezaltecos de papa \u00a1Qu\u00e9 delicia!\">Recetas chapinas: Paches quezaltecos de papa \u00a1Qu\u00e9 delicia!<\/a><\/h2><\/header><div class=\"eael-entry-content\">\n                        <div class=\"eael-grid-post-excerpt\"><a href=\"https:\/\/soymigrante.com\/revista\/receta-de-paches-quezaltecos-de-papa-que-delicia\/\" class=\"eael-post-elements-readmore-btn\">CONOCE SU HISTORIA <\/a><\/div>\n                    <\/div><\/div><\/div>\n        <\/div>\n    <\/article><\/div>\n            <div class=\"clearfix\"><\/div>\n        <\/div>\t\t\t\t<\/div>\n\t\t\t\t\t<\/div>\n\t\t\t\t<\/div>\n\t\t\t\t<\/div>\n\t\t","protected":false},"excerpt":{"rendered":"<p>Los panes guatemaltecos forman parte del d\u00eda a d\u00eda y de las tradiciones familiares del pa\u00eds, estos son los 10 m\u00e1s tradicionales. El pan es una parte esencial de la gastronom\u00eda guatemalteca, con una gran variedad de opciones que van desde los m\u00e1s suaves y esponjosos hasta los crujientes y dulces. Ya sea para acompa\u00f1ar [&hellip;]<\/p>\n","protected":false},"author":19,"featured_media":26105,"comment_status":"open","ping_status":"open","sticky":false,"template":"","format":"standard","meta":{"_acf_changed":false,"_eb_attr":"","footnotes":""},"categories":[58],"tags":[],"class_list":["post-26104","post","type-post","status-publish","format-standard","has-post-thumbnail","hentry","category-guate-nuestra"],"acf":[],"aioseo_notices":[],"aioseo_head":"\n\t\t<!-- All in One SEO Pro 4.9.6.2 - aioseo.com -->\n\t<meta name=\"description\" content=\"No hay guatemalteco, dentro o fuera del pa\u00eds, que no sepa lo que significa la expresi\u00f3n &quot;Jueves de paches&quot;: un platillo cl\u00e1sico de la gastronom\u00eda chapina. Esta es una receta de abuelita quetzalteca. Los paches de papa se encuentran dentro de esos sabores que distinguen a la comida chapina y que hasta tienen un d\u00eda\" \/>\n\t<meta name=\"robots\" content=\"max-snippet:-1, max-image-preview:large, max-video-preview:-1\" \/>\n\t<meta name=\"author\" content=\"Marysabel Aldana\"\/>\n\t<link rel=\"canonical\" href=\"https:\/\/soymigrante.com\/revista\/diez-tipos-de-pan-guatemalteco-cuyo-sabor-se-lleva-en-la-memoria\/\" \/>\n\t<meta name=\"generator\" content=\"All in One SEO Pro (AIOSEO) 4.9.6.2\" \/>\n\n\t\t<link rel=\"preconnect\" href=\"https:\/\/fonts.googleapis.com\" crossorigin>\n<link rel=\"preconnect\" href=\"https:\/\/fonts.gstatic.com\" crossorigin>\n\t\t<meta property=\"og:locale\" content=\"es_ES\" \/>\n\t\t<meta property=\"og:site_name\" content=\"SoyMigrante.com REVISTA \u2013 Nuestra misi\u00f3n es reconocer y dignificar al migrante.\" \/>\n\t\t<meta property=\"og:type\" content=\"article\" \/>\n\t\t<meta property=\"og:title\" content=\"Diez tipos de pan guatemalteco cuyo sabor se lleva en la memoria\" \/>\n\t\t<meta property=\"og:description\" content=\"Los panes guatemaltecos forman parte del d\u00eda a d\u00eda y de las tradiciones familiares del pa\u00eds, estos son los 10 m\u00e1s tradicionales.\" \/>\n\t\t<meta property=\"og:url\" content=\"https:\/\/soymigrante.com\/revista\/diez-tipos-de-pan-guatemalteco-cuyo-sabor-se-lleva-en-la-memoria\/\" \/>\n\t\t<meta property=\"og:image\" content=\"https:\/\/soymigrante.com\/revista\/wp-content\/uploads\/2025\/02\/panes-de-guatemala--e1740073892789.webp\" \/>\n\t\t<meta property=\"og:image:secure_url\" content=\"https:\/\/soymigrante.com\/revista\/wp-content\/uploads\/2025\/02\/panes-de-guatemala--e1740073892789.webp\" \/>\n\t\t<meta property=\"og:image:width\" content=\"400\" \/>\n\t\t<meta property=\"og:image:height\" content=\"250\" \/>\n\t\t<meta property=\"article:published_time\" content=\"2025-02-21T11:00:00+00:00\" \/>\n\t\t<meta property=\"article:modified_time\" content=\"2025-02-21T02:00:23+00:00\" \/>\n\t\t<meta property=\"article:publisher\" content=\"https:\/\/www.facebook.com\/soymigrantecom\" \/>\n\t\t<meta name=\"twitter:card\" content=\"summary_large_image\" \/>\n\t\t<meta name=\"twitter:site\" content=\"@SoyMigrante_com\" \/>\n\t\t<meta name=\"twitter:title\" content=\"Diez tipos de pan guatemalteco cuyo sabor se lleva en la memoria\" \/>\n\t\t<meta name=\"twitter:description\" content=\"Los panes guatemaltecos forman parte del d\u00eda a d\u00eda y de las tradiciones familiares del pa\u00eds, estos son los 10 m\u00e1s tradicionales.\" \/>\n\t\t<meta name=\"twitter:creator\" content=\"@SoyMigrante_com\" \/>\n\t\t<meta name=\"twitter:image\" content=\"https:\/\/soymigrante.com\/revista\/wp-content\/uploads\/2025\/02\/panes-de-guatemala--e1740073892789.webp\" \/>\n\t\t<!-- All in One SEO Pro -->\r\n\t\t<title>Diez tipos de pan guatemalteco cuyo sabor se lleva en la memoria<\/title>\n\n","aioseo_head_json":{"title":"Diez tipos de pan guatemalteco cuyo sabor se lleva en la memoria","description":"Los panes guatemaltecos forman parte del d\u00eda a d\u00eda y de las tradiciones familiares del pa\u00eds, estos son los 10 m\u00e1s tradicionales.","canonical_url":"https:\/\/soymigrante.com\/revista\/diez-tipos-de-pan-guatemalteco-cuyo-sabor-se-lleva-en-la-memoria\/","robots":"max-snippet:-1, max-image-preview:large, max-video-preview:-1","keywords":"","webmasterTools":{"miscellaneous":"&lt;link rel=\"preconnect\" href=\"https:\/\/fonts.googleapis.com\" crossorigin&gt;\n&lt;link rel=\"preconnect\" href=\"https:\/\/fonts.gstatic.com\" crossorigin&gt;"},"schema":null,"og:locale":"es_ES","og:site_name":"SoyMigrante.com REVISTA \u2013 Nuestra misi\u00f3n es reconocer y dignificar al migrante.","og:type":"article","og:title":"Diez tipos de pan guatemalteco cuyo sabor se lleva en la memoria","og:description":"Los panes guatemaltecos forman parte del d\u00eda a d\u00eda y de las tradiciones familiares del pa\u00eds, estos son los 10 m\u00e1s tradicionales.","og:url":"https:\/\/soymigrante.com\/revista\/diez-tipos-de-pan-guatemalteco-cuyo-sabor-se-lleva-en-la-memoria\/","og:image":"https:\/\/soymigrante.com\/revista\/wp-content\/uploads\/2025\/02\/panes-de-guatemala--e1740073892789.webp","og:image:secure_url":"https:\/\/soymigrante.com\/revista\/wp-content\/uploads\/2025\/02\/panes-de-guatemala--e1740073892789.webp","og:image:width":400,"og:image:height":250,"article:published_time":"2025-02-21T11:00:00+00:00","article:modified_time":"2025-02-21T02:00:23+00:00","article:publisher":"https:\/\/www.facebook.com\/soymigrantecom","twitter:card":"summary_large_image","twitter:site":"@SoyMigrante_com","twitter:title":"Diez tipos de pan guatemalteco cuyo sabor se lleva en la memoria","twitter:description":"Los panes guatemaltecos forman parte del d\u00eda a d\u00eda y de las tradiciones familiares del pa\u00eds, estos son los 10 m\u00e1s tradicionales.","twitter:creator":"@SoyMigrante_com","twitter:image":"https:\/\/soymigrante.com\/revista\/wp-content\/uploads\/2025\/02\/panes-de-guatemala--e1740073892789.webp"},"aioseo_meta_data":{"post_id":"26104","title":null,"description":"Los panes guatemaltecos forman parte del d\u00eda a d\u00eda y de las tradiciones familiares del pa\u00eds, estos son los 10 m\u00e1s tradicionales.","keywords":null,"keyphrases":{"focus":{"keyphrase":"panes","score":88,"analysis":{"keyphraseInTitle":{"score":9,"maxScore":9,"error":0},"keyphraseInDescription":{"score":9,"maxScore":9,"error":0},"keyphraseLength":{"score":9,"maxScore":9,"error":0,"length":1},"keyphraseInURL":{"score":1,"maxScore":5,"error":1}}},"additional":[{"keyphrase":"panes","score":100,"analysis":{"keyphraseInDescription":{"score":9,"maxScore":9,"error":0},"keyphraseLength":{"score":9,"maxScore":9,"error":0,"length":1}}},{"keyphrase":"guatemaltecos","score":100,"analysis":{"keyphraseInDescription":{"score":9,"maxScore":9,"error":0},"keyphraseLength":{"score":9,"maxScore":9,"error":0,"length":1}}}]},"primary_term":null,"canonical_url":null,"og_title":null,"og_description":null,"og_object_type":"default","og_image_type":"default","og_image_url":null,"og_image_width":null,"og_image_height":null,"og_image_custom_url":null,"og_image_custom_fields":null,"og_video":"","og_custom_url":null,"og_article_section":null,"og_article_tags":null,"twitter_use_og":false,"twitter_card":"default","twitter_image_type":"default","twitter_image_url":null,"twitter_image_custom_url":null,"twitter_image_custom_fields":null,"twitter_title":null,"twitter_description":null,"schema":{"blockGraphs":[],"customGraphs":[],"default":{"data":{"Article":[],"Course":[],"Dataset":[],"FAQPage":[],"Movie":[],"Person":[],"Product":[],"ProductReview":[],"Car":[],"Recipe":[],"Service":[],"SoftwareApplication":[],"WebPage":[]},"graphName":"BlogPosting","isEnabled":true},"graphs":[]},"schema_type":"default","schema_type_options":null,"pillar_content":false,"robots_default":true,"robots_noindex":false,"robots_noarchive":false,"robots_nosnippet":false,"robots_nofollow":false,"robots_noimageindex":false,"robots_noodp":false,"robots_notranslate":false,"robots_max_snippet":"-1","robots_max_videopreview":"-1","robots_max_imagepreview":"large","priority":null,"frequency":"default","local_seo":null,"seo_analyzer_scan_date":"2025-10-09 02:50:55","breadcrumb_settings":null,"limit_modified_date":false,"reviewed_by":null,"open_ai":"{\"title\":{\"suggestions\":[],\"usage\":0},\"description\":{\"suggestions\":[],\"usage\":0}}","ai":null,"created":"2025-02-20 17:51:12","updated":"2026-02-04 21:47:50"},"aioseo_breadcrumb":"<div class=\"aioseo-breadcrumbs\"><span class=\"aioseo-breadcrumb\">\n\t<a href=\"https:\/\/soymigrante.com\/revista\" title=\"Home\">Home<\/a>\n<\/span><span class=\"aioseo-breadcrumb-separator\">\u00bb<\/span><span class=\"aioseo-breadcrumb\">\n\t<a href=\"https:\/\/soymigrante.com\/revista\/category\/guate-nuestra\/\" title=\"Guate Nuestra\">Guate Nuestra<\/a>\n<\/span><span class=\"aioseo-breadcrumb-separator\">\u00bb<\/span><span class=\"aioseo-breadcrumb\">\n\tDiez tipos de pan guatemalteco cuyo sabor se lleva en la memoria\n<\/span><\/div>","aioseo_breadcrumb_json":[{"label":"Home","link":"https:\/\/soymigrante.com\/revista"},{"label":"Guate Nuestra","link":"https:\/\/soymigrante.com\/revista\/category\/guate-nuestra\/"},{"label":"Diez tipos de pan guatemalteco cuyo sabor se lleva en la memoria","link":"https:\/\/soymigrante.com\/revista\/diez-tipos-de-pan-guatemalteco-cuyo-sabor-se-lleva-en-la-memoria\/"}],"_links":{"self":[{"href":"https:\/\/soymigrante.com\/revista\/wp-json\/wp\/v2\/posts\/26104","targetHints":{"allow":["GET"]}}],"collection":[{"href":"https:\/\/soymigrante.com\/revista\/wp-json\/wp\/v2\/posts"}],"about":[{"href":"https:\/\/soymigrante.com\/revista\/wp-json\/wp\/v2\/types\/post"}],"author":[{"embeddable":true,"href":"https:\/\/soymigrante.com\/revista\/wp-json\/wp\/v2\/users\/19"}],"replies":[{"embeddable":true,"href":"https:\/\/soymigrante.com\/revista\/wp-json\/wp\/v2\/comments?post=26104"}],"version-history":[{"count":0,"href":"https:\/\/soymigrante.com\/revista\/wp-json\/wp\/v2\/posts\/26104\/revisions"}],"wp:featuredmedia":[{"embeddable":true,"href":"https:\/\/soymigrante.com\/revista\/wp-json\/wp\/v2\/media\/26105"}],"wp:attachment":[{"href":"https:\/\/soymigrante.com\/revista\/wp-json\/wp\/v2\/media?parent=26104"}],"wp:term":[{"taxonomy":"category","embeddable":true,"href":"https:\/\/soymigrante.com\/revista\/wp-json\/wp\/v2\/categories?post=26104"},{"taxonomy":"post_tag","embeddable":true,"href":"https:\/\/soymigrante.com\/revista\/wp-json\/wp\/v2\/tags?post=26104"}],"curies":[{"name":"wp","href":"https:\/\/api.w.org\/{rel}","templated":true}]}}