{"id":26080,"date":"2026-02-20T07:39:34","date_gmt":"2026-02-20T13:39:34","guid":{"rendered":"https:\/\/soymigrante.com\/revista\/?p=26080"},"modified":"2026-02-20T07:42:50","modified_gmt":"2026-02-20T13:42:50","slug":"lee-y-escucha-el-mas-famoso-poema-a-la-marimba-guatemalteca","status":"publish","type":"post","link":"https:\/\/soymigrante.com\/revista\/lee-y-escucha-el-mas-famoso-poema-a-la-marimba-guatemalteca\/","title":{"rendered":"Lee y escucha el m\u00e1s famoso poema a la Marimba, Instrumento Nacional de Guatemala"},"content":{"rendered":"\t\t<div data-elementor-type=\"wp-post\" data-elementor-id=\"26080\" class=\"elementor elementor-26080\" data-elementor-post-type=\"post\">\n\t\t\t\t<div data-particle_enable=\"false\" data-particle-mobile-disabled=\"false\" class=\"elementor-element elementor-element-d4488c3 e-flex e-con-boxed e-con e-parent\" data-id=\"d4488c3\" data-element_type=\"container\" data-e-type=\"container\">\n\t\t\t\t\t<div class=\"e-con-inner\">\n\t\t\t\t<div class=\"elementor-element elementor-element-f9ce2c5 elementor-widget elementor-widget-heading\" data-id=\"f9ce2c5\" data-element_type=\"widget\" data-e-type=\"widget\" data-widget_type=\"heading.default\">\n\t\t\t\t\t<h2 class=\"elementor-heading-title elementor-size-default\">\"Cimbra marimba tu canto...\" comienza el poema La Marimba de Rudy Solares G\u00e1lvez (1919-2002) poeta, periodista, empresario y sobre todo un gran guatemalteco. Esta pieza po\u00e9tica es una de las m\u00e1s conocidas y emblem\u00e1ticas dedicadas al Instrumento Nacional y S\u00edmbolo Patrio.<\/h2>\t\t\t\t<\/div>\n\t\t\t\t<div class=\"elementor-element elementor-element-44a6f64 elementor-widget elementor-widget-html\" data-id=\"44a6f64\" data-element_type=\"widget\" data-e-type=\"widget\" data-widget_type=\"html.default\">\n\t\t\t\t\t<div id=\"buzzsprout-player-17770090\"><\/div><script src=\"https:\/\/www.buzzsprout.com\/2444168\/episodes\/17770090-analisis-del-emblematico-poema-la-marimba-de-rudy-solares.js?container_id=buzzsprout-player-17770090&player=small\" type=\"text\/javascript\" charset=\"utf-8\"><\/script>\t\t\t\t<\/div>\n\t\t\t\t\t<\/div>\n\t\t\t\t<\/div>\n\t\t<div data-particle_enable=\"false\" data-particle-mobile-disabled=\"false\" class=\"elementor-element elementor-element-6160110 e-flex e-con-boxed e-con e-parent\" data-id=\"6160110\" data-element_type=\"container\" data-e-type=\"container\">\n\t\t\t\t\t<div class=\"e-con-inner\">\n\t\t\t\t<div class=\"elementor-element elementor-element-9281bb6 elementor-widget elementor-widget-text-editor\" data-id=\"9281bb6\" data-element_type=\"widget\" data-e-type=\"widget\" data-widget_type=\"text-editor.default\">\n\t\t\t\t\t\t\t\t\t<p><span style=\"color: var( --e-global-color-text ); text-align: var(--text-align);\">Cimbra marimba, tu canto<br \/><\/span><span style=\"color: var( --e-global-color-text ); text-align: var(--text-align);\">melod\u00edas de cristal,<br \/><\/span><span style=\"color: var( --e-global-color-text ); text-align: var(--text-align);\">y tiemble la cordillera<br \/><\/span><span style=\"color: var( --e-global-color-text ); text-align: var(--text-align);\">cuando clama tu madera<br \/><\/span><span style=\"color: var( --e-global-color-text ); text-align: var(--text-align);\">de sonoro instrumental.<\/span><\/p><p><span style=\"color: var( --e-global-color-text ); text-align: var(--text-align);\">Marimba, tu arpegio de oro<br \/><\/span><span style=\"color: var( --e-global-color-text ); text-align: var(--text-align);\">es un gemido canoro,<br \/><\/span><span style=\"color: var( --e-global-color-text ); text-align: var(--text-align);\">es un tierno madrigal,<br \/><\/span><span style=\"color: var( --e-global-color-text ); text-align: var(--text-align);\">j\u00fabilo y melancol\u00eda<br \/><\/span><span style=\"color: var( --e-global-color-text ); text-align: var(--text-align);\">que al desgranar poes\u00eda<br \/><\/span><span style=\"color: var( --e-global-color-text ); text-align: var(--text-align);\">se vuelve \u00e9pico y triunfal.<\/span><\/p><p><span style=\"color: var( --e-global-color-text ); text-align: var(--text-align);\">Me han dicho que te labraron<br \/><\/span><span style=\"color: var( --e-global-color-text ); text-align: var(--text-align);\">en lejanos astilleros;<br \/><\/span><span style=\"color: var( --e-global-color-text ); text-align: var(--text-align);\">que extra\u00f1as manos tallaron<br \/><\/span><span style=\"color: var( --e-global-color-text ); text-align: var(--text-align);\">tu linaje, en los linderos<br \/><\/span><span style=\"color: var( --e-global-color-text ); text-align: var(--text-align);\">de Honduras o Yucat\u00e1n;<\/span><\/p><p><span style=\"color: var( --e-global-color-text ); text-align: var(--text-align);\">Pero no, eso es mentira,<br \/><\/span><span style=\"color: var( --e-global-color-text ); text-align: var(--text-align);\">Ni eres hija de Lempira<br \/><\/span><span style=\"color: var( --e-global-color-text ); text-align: var(--text-align);\">Ni gloria de Yucat\u00e1n.<br \/><\/span><span style=\"color: var( --e-global-color-text ); text-align: var(--text-align);\"><br \/>Tu numen es de mi tierra,<br \/><\/span><span style=\"color: var( --e-global-color-text ); text-align: var(--text-align);\">ra\u00edz maya, voz mengala,<br \/><\/span><span style=\"color: var( --e-global-color-text ); text-align: var(--text-align);\">hormigo de Guatemala,<br \/><\/span><span style=\"color: var( --e-global-color-text ); text-align: var(--text-align);\">que sembr\u00f3 Tecun Um\u00e1n.<\/span><\/p><p><span style=\"color: var( --e-global-color-text ); text-align: var(--text-align);\">Por eso la raza entera<br \/><\/span><span style=\"color: var( --e-global-color-text ); text-align: var(--text-align);\">tanto te admira y te adora,<br \/><\/span><span style=\"color: var( --e-global-color-text ); text-align: var(--text-align);\">y el que est\u00e1 lejos a\u00f1ora<br \/><\/span><span style=\"color: var( --e-global-color-text ); text-align: var(--text-align);\">tu armon\u00eda de turpial;<br \/><br \/><\/span><span style=\"color: var( --e-global-color-text ); text-align: var(--text-align);\">Porque eres, marimba-lira,<br \/><\/span><span style=\"color: var( --e-global-color-text ); text-align: var(--text-align);\">pauta en que canta y suspira<br \/><\/span><span style=\"color: var( --e-global-color-text ); text-align: var(--text-align);\">la leyenda del Quetzal.<\/span><\/p><div>\u00a0<\/div>\t\t\t\t\t\t\t\t<\/div>\n\t\t\t\t\t<\/div>\n\t\t\t\t<\/div>\n\t\t<div data-particle_enable=\"false\" data-particle-mobile-disabled=\"false\" class=\"elementor-element elementor-element-6329c7f e-flex e-con-boxed e-con e-parent\" data-id=\"6329c7f\" data-element_type=\"container\" data-e-type=\"container\">\n\t\t\t\t\t<div class=\"e-con-inner\">\n\t\t\t\t<div class=\"elementor-element elementor-element-32bdb03 elementor-widget elementor-widget-heading\" data-id=\"32bdb03\" data-element_type=\"widget\" data-e-type=\"widget\" data-widget_type=\"heading.default\">\n\t\t\t\t\t<h2 class=\"elementor-heading-title elementor-size-default\">Puedes leerlo y escucharlo<\/h2>\t\t\t\t<\/div>\n\t\t\t\t\t<\/div>\n\t\t\t\t<\/div>\n\t\t<div data-particle_enable=\"false\" data-particle-mobile-disabled=\"false\" class=\"elementor-element elementor-element-551d2d3 e-flex e-con-boxed e-con e-parent\" data-id=\"551d2d3\" data-element_type=\"container\" data-e-type=\"container\">\n\t\t\t\t\t<div class=\"e-con-inner\">\n\t\t\t\t<div class=\"elementor-element elementor-element-3573513 elementor-widget elementor-widget-text-editor\" data-id=\"3573513\" data-element_type=\"widget\" data-e-type=\"widget\" data-widget_type=\"text-editor.default\">\n\t\t\t\t\t\t\t\t\t<p>Existen varias grabaciones del poema La Marimba, pero sin duda alguna, entre las m\u00e1s conocidas y que m\u00e1s recuerdos y nostalgias despierta se encuentra la versi\u00f3n con la voz del locutor Adolfo M\u00e9ndez Zepeda (1937-2018), identificaci\u00f3n del programa radial Fabu Marimbas.\u00a0<span style=\"color: var( --e-global-color-text ); text-align: var(--text-align);\">Sin embargo, como dato curioso, quiz\u00e1 por razones de tiempo en radio o por la belleza sonora del verso, esta declamaci\u00f3n finaliza al mencionar al h\u00e9roe Tec\u00fan Um\u00e1n.<\/span><\/p>\t\t\t\t\t\t\t\t<\/div>\n\t\t\t\t\t<\/div>\n\t\t\t\t<\/div>\n\t\t<div data-particle_enable=\"false\" data-particle-mobile-disabled=\"false\" class=\"elementor-element elementor-element-21448b7 e-flex e-con-boxed e-con e-parent\" data-id=\"21448b7\" data-element_type=\"container\" data-e-type=\"container\">\n\t\t\t\t\t<div class=\"e-con-inner\">\n\t\t\t\t<div class=\"elementor-element elementor-element-5df4cda elementor-widget elementor-widget-video\" data-id=\"5df4cda\" data-element_type=\"widget\" data-e-type=\"widget\" data-settings=\"{&quot;youtube_url&quot;:&quot;https:\\\/\\\/www.youtube.com\\\/watch?v=-14V61Z8nvo&quot;,&quot;start&quot;:16,&quot;video_type&quot;:&quot;youtube&quot;,&quot;controls&quot;:&quot;yes&quot;}\" data-widget_type=\"video.default\">\n\t\t\t\t\t\t\t<div class=\"elementor-wrapper elementor-open-inline\">\n\t\t\t<div class=\"elementor-video\"><\/div>\t\t<\/div>\n\t\t\t\t\t\t<\/div>\n\t\t\t\t\t<\/div>\n\t\t\t\t<\/div>\n\t\t<div data-particle_enable=\"false\" data-particle-mobile-disabled=\"false\" class=\"elementor-element elementor-element-aef6678 e-flex e-con-boxed e-con e-parent\" data-id=\"aef6678\" data-element_type=\"container\" data-e-type=\"container\">\n\t\t\t\t\t<div class=\"e-con-inner\">\n\t\t\t\t<div class=\"elementor-element elementor-element-c2f1535 elementor-widget elementor-widget-heading\" data-id=\"c2f1535\" data-element_type=\"widget\" data-e-type=\"widget\" data-widget_type=\"heading.default\">\n\t\t\t\t\t<h2 class=\"elementor-heading-title elementor-size-default\">M\u00e1s sobre la marimba guatemalteca<\/h2>\t\t\t\t<\/div>\n\t\t\t\t\t<\/div>\n\t\t\t\t<\/div>\n\t\t<div data-particle_enable=\"false\" data-particle-mobile-disabled=\"false\" class=\"elementor-element elementor-element-bfaeccb e-flex e-con-boxed e-con e-parent\" data-id=\"bfaeccb\" data-element_type=\"container\" data-e-type=\"container\">\n\t\t\t\t\t<div class=\"e-con-inner\">\n\t\t\t\t<div class=\"elementor-element elementor-element-8c82ce2 elementor-grid-eael-col-3 elementor-grid-tablet-eael-col-2 elementor-grid-mobile-eael-col-1 elementor-widget elementor-widget-eael-post-grid\" data-id=\"8c82ce2\" data-element_type=\"widget\" data-e-type=\"widget\" data-settings=\"{&quot;eael_post_grid_columns&quot;:&quot;eael-col-3&quot;,&quot;eael_post_grid_columns_tablet&quot;:&quot;eael-col-2&quot;,&quot;eael_post_grid_columns_mobile&quot;:&quot;eael-col-1&quot;}\" data-widget_type=\"eael-post-grid.default\">\n\t\t\t\t\t<div id=\"eael-post-grid-8c82ce2\" class=\"eael-post-grid-container\">\n            <div class=\"eael-post-grid eael-post-appender eael-post-appender-8c82ce2 eael-post-grid-style-one\" data-layout-mode=\"masonry\"><article class=\"eael-grid-post  eael-post-grid-column eael-pg-post-6774 category-arte-cultura-guate-nuestra\" data-id=\"6774\">\n        <div class=\"eael-grid-post-holder\">\n            <div class=\"eael-grid-post-holder-inner\"><div class=\"eael-entry-media\"><div class=\"eael-entry-overlay fade-in\"><i class=\"far fa-hand-pointer\" aria-hidden=\"true\"><\/i><a href=\"https:\/\/soymigrante.com\/revista\/cuando-llego-la-primera-marimba-guatemalteca-migrante-a-usa\/\"><\/a><\/div><div class=\"eael-entry-thumbnail \">\n                <img fetchpriority=\"high\" decoding=\"async\" width=\"622\" height=\"617\" src=\"https:\/\/soymigrante.com\/revista\/wp-content\/uploads\/2024\/05\/Captura-de-pantalla-2024-05-31-173324.webp\" class=\"attachment-large size-large wp-image-6775\" alt=\"Retrato de m\u00fasicos mexicanos en uniforme formal tocando instrumentos tradicionales en un evento hist\u00f3rico, representando la cultura y el talento art\u00edstico en M\u00e9xico.\" srcset=\"https:\/\/soymigrante.com\/revista\/wp-content\/uploads\/2024\/05\/Captura-de-pantalla-2024-05-31-173324.webp 622w, https:\/\/soymigrante.com\/revista\/wp-content\/uploads\/2024\/05\/Captura-de-pantalla-2024-05-31-173324-300x298.webp 300w, https:\/\/soymigrante.com\/revista\/wp-content\/uploads\/2024\/05\/Captura-de-pantalla-2024-05-31-173324-150x150.webp 150w, https:\/\/soymigrante.com\/revista\/wp-content\/uploads\/2024\/05\/Captura-de-pantalla-2024-05-31-173324-75x75.webp 75w\" sizes=\"(max-width: 622px) 100vw, 622px\" \/>\n            <\/div>\n        <\/div><div class=\"eael-entry-wrapper\"><header class=\"eael-entry-header\"><h2 class=\"eael-entry-title\"><a class=\"eael-grid-post-link\" href=\"https:\/\/soymigrante.com\/revista\/cuando-llego-la-primera-marimba-guatemalteca-migrante-a-usa\/\" title=\"\u00bfCu\u00e1ndo lleg\u00f3 la primera marimba guatemalteca migrante a Estados Unidos?\">\u00bfCu\u00e1ndo lleg\u00f3 la primera marimba guatemalteca migrante a Estados Unidos?<\/a><\/h2><\/header><div class=\"eael-entry-content\">\n                        <div class=\"eael-grid-post-excerpt\"><a href=\"https:\/\/soymigrante.com\/revista\/cuando-llego-la-primera-marimba-guatemalteca-migrante-a-usa\/\" class=\"eael-post-elements-readmore-btn\">CONOCE SU HISTORIA <\/a><\/div>\n                    <\/div><\/div><\/div>\n        <\/div>\n    <\/article><article class=\"eael-grid-post  eael-post-grid-column eael-pg-post-4978 category-guate-nuestra-simbolos-patrios-guate-nuestra\" data-id=\"4978\">\n        <div class=\"eael-grid-post-holder\">\n            <div class=\"eael-grid-post-holder-inner\"><div class=\"eael-entry-media\"><div class=\"eael-entry-overlay fade-in\"><i class=\"far fa-hand-pointer\" aria-hidden=\"true\"><\/i><a href=\"https:\/\/soymigrante.com\/revista\/marimba-guatemalteca-simbolo-patrio-datos-quiza-no-sabias-o-tal-vez-si\/\"><\/a><\/div><div class=\"eael-entry-thumbnail \">\n                <img decoding=\"async\" width=\"960\" height=\"743\" src=\"https:\/\/soymigrante.com\/revista\/wp-content\/uploads\/2024\/02\/marimbero.webp\" class=\"attachment-large size-large wp-image-4979\" alt=\"Desde la innovaci\u00f3n del doble teclado, la Marimba Guatemalteca se ha expandido a todas partes del pa\u00eds e incluso del mundo, con un repertorio inmenso en todos los ritmos y adaptaciones de obras de todos los g\u00e9neros, dada su versatilidad. Fotograf\u00eda de la marimba Gaudia Cantorum dirigida por uno de tantos grandes impulsores, el arquitecto Erick Su\u00e1rez\" srcset=\"https:\/\/soymigrante.com\/revista\/wp-content\/uploads\/2024\/02\/marimbero.webp 960w, https:\/\/soymigrante.com\/revista\/wp-content\/uploads\/2024\/02\/marimbero-300x232.webp 300w, https:\/\/soymigrante.com\/revista\/wp-content\/uploads\/2024\/02\/marimbero-768x594.webp 768w, https:\/\/soymigrante.com\/revista\/wp-content\/uploads\/2024\/02\/marimbero-750x580.webp 750w\" sizes=\"(max-width: 960px) 100vw, 960px\" \/>\n            <\/div>\n        <\/div><div class=\"eael-entry-wrapper\"><header class=\"eael-entry-header\"><h2 class=\"eael-entry-title\"><a class=\"eael-grid-post-link\" href=\"https:\/\/soymigrante.com\/revista\/marimba-guatemalteca-simbolo-patrio-datos-quiza-no-sabias-o-tal-vez-si\/\" title=\"\u00bfPorqu\u00e9 se celebra el D\u00eda de la Marimba el 20 de febrero?\">\u00bfPorqu\u00e9 se celebra el D\u00eda de la Marimba el 20 de febrero?<\/a><\/h2><\/header><div class=\"eael-entry-content\">\n                        <div class=\"eael-grid-post-excerpt\"><a href=\"https:\/\/soymigrante.com\/revista\/marimba-guatemalteca-simbolo-patrio-datos-quiza-no-sabias-o-tal-vez-si\/\" class=\"eael-post-elements-readmore-btn\">CONOCE SU HISTORIA <\/a><\/div>\n                    <\/div><\/div><\/div>\n        <\/div>\n    <\/article><article class=\"eael-grid-post  eael-post-grid-column eael-pg-post-8513 category-guate-nuestra\" data-id=\"8513\">\n        <div class=\"eael-grid-post-holder\">\n            <div class=\"eael-grid-post-holder-inner\"><div class=\"eael-entry-media\"><div class=\"eael-entry-overlay fade-in\"><i class=\"far fa-hand-pointer\" aria-hidden=\"true\"><\/i><a href=\"https:\/\/soymigrante.com\/revista\/10-piezas-de-marimba-de-guatemala-para-bailar-y-recordar-tus-raices\/\"><\/a><\/div><div class=\"eael-entry-thumbnail \">\n                <img decoding=\"async\" width=\"960\" height=\"958\" src=\"https:\/\/soymigrante.com\/revista\/wp-content\/uploads\/2023\/12\/marimba-maya-awal.webp\" class=\"attachment-large size-large wp-image-3657\" alt=\"\" srcset=\"https:\/\/soymigrante.com\/revista\/wp-content\/uploads\/2023\/12\/marimba-maya-awal.webp 960w, https:\/\/soymigrante.com\/revista\/wp-content\/uploads\/2023\/12\/marimba-maya-awal-300x300.webp 300w, https:\/\/soymigrante.com\/revista\/wp-content\/uploads\/2023\/12\/marimba-maya-awal-150x150.webp 150w, https:\/\/soymigrante.com\/revista\/wp-content\/uploads\/2023\/12\/marimba-maya-awal-768x766.webp 768w, https:\/\/soymigrante.com\/revista\/wp-content\/uploads\/2023\/12\/marimba-maya-awal-75x75.webp 75w, https:\/\/soymigrante.com\/revista\/wp-content\/uploads\/2023\/12\/marimba-maya-awal-750x748.jpg 750w, https:\/\/soymigrante.com\/revista\/wp-content\/uploads\/2023\/12\/marimba-maya-awal-600x600.jpg 600w\" sizes=\"(max-width: 960px) 100vw, 960px\" \/>\n            <\/div>\n        <\/div><div class=\"eael-entry-wrapper\"><header class=\"eael-entry-header\"><h2 class=\"eael-entry-title\"><a class=\"eael-grid-post-link\" href=\"https:\/\/soymigrante.com\/revista\/10-piezas-de-marimba-de-guatemala-para-bailar-y-recordar-tus-raices\/\" title=\"Marimba de Guatemala: Diez melod\u00edas  que despiertan recuerdos y emociones\">Marimba de Guatemala: Diez melod\u00edas  que despiertan recuerdos y emociones<\/a><\/h2><\/header><div class=\"eael-entry-content\">\n                        <div class=\"eael-grid-post-excerpt\"><a href=\"https:\/\/soymigrante.com\/revista\/10-piezas-de-marimba-de-guatemala-para-bailar-y-recordar-tus-raices\/\" class=\"eael-post-elements-readmore-btn\">CONOCE SU HISTORIA <\/a><\/div>\n                    <\/div><\/div><\/div>\n        <\/div>\n    <\/article><\/div>\n            <div class=\"clearfix\"><\/div>\n        <\/div>\t\t\t\t<\/div>\n\t\t\t\t\t<\/div>\n\t\t\t\t<\/div>\n\t\t\t\t<\/div>\n\t\t","protected":false},"excerpt":{"rendered":"<p>&#8220;Cimbra marimba tu canto&#8230;&#8221; comienza el poema La Marimba de Rudy Solares G\u00e1lvez (1919-2002) poeta, periodista, empresario y sobre todo un gran guatemalteco. Esta pieza po\u00e9tica es una de las m\u00e1s conocidas y emblem\u00e1ticas dedicadas al Instrumento Nacional y S\u00edmbolo Patrio. Cimbra marimba, tu cantomelod\u00edas de cristal,y tiemble la cordilleracuando clama tu maderade sonoro instrumental. [&hellip;]<\/p>\n","protected":false},"author":1,"featured_media":26082,"comment_status":"open","ping_status":"open","sticky":false,"template":"","format":"standard","meta":{"_acf_changed":false,"_eb_attr":"","footnotes":""},"categories":[91,96],"tags":[],"class_list":["post-26080","post","type-post","status-publish","format-standard","has-post-thumbnail","hentry","category-arte-cultura","category-simbolos-patrios-guate-nuestra"],"acf":[],"aioseo_notices":[],"aioseo_head":"\n\t\t<!-- All in One SEO Pro 4.9.6.2 - aioseo.com -->\n\t<meta name=\"description\" content=\"El sonido de la marimba guatemalteca sencillamente \u00fanico en el mundo. Este instrumento fue considerado s\u00edmbolo patrio en 1999. Estas son 10 melod\u00edas inolvidables.\" \/>\n\t<meta name=\"robots\" content=\"max-snippet:-1, max-image-preview:large, max-video-preview:-1\" \/>\n\t<meta name=\"author\" content=\"Beatriz Tercero\"\/>\n\t<link rel=\"canonical\" href=\"https:\/\/soymigrante.com\/revista\/10-piezas-de-marimba-de-guatemala-para-bailar-y-recordar-tus-raices\/\" \/>\n\t<meta name=\"generator\" content=\"All in One SEO Pro (AIOSEO) 4.9.6.2\" \/>\n\n\t\t<link rel=\"preconnect\" href=\"https:\/\/fonts.googleapis.com\" crossorigin>\n<link rel=\"preconnect\" href=\"https:\/\/fonts.gstatic.com\" crossorigin>\n\t\t<meta property=\"og:locale\" content=\"es_ES\" \/>\n\t\t<meta property=\"og:site_name\" content=\"SoyMigrante.com REVISTA \u2013 Nuestra misi\u00f3n es reconocer y dignificar al migrante.\" \/>\n\t\t<meta property=\"og:type\" content=\"article\" \/>\n\t\t<meta property=\"og:title\" content=\"Marimba de Guatemala: Diez melod\u00edas que despiertan recuerdos y emociones\" \/>\n\t\t<meta property=\"og:description\" content=\"El sonido de la marimba guatemalteca sencillamente \u00fanico en el mundo. Este instrumento fue considerado s\u00edmbolo patrio en 1999. Estas son 10 melod\u00edas inolvidables.\" \/>\n\t\t<meta property=\"og:url\" content=\"https:\/\/soymigrante.com\/revista\/10-piezas-de-marimba-de-guatemala-para-bailar-y-recordar-tus-raices\/\" \/>\n\t\t<meta property=\"og:image\" content=\"https:\/\/soymigrante.com\/revista\/wp-content\/uploads\/2023\/12\/marimba-maya-awal.webp\" \/>\n\t\t<meta property=\"og:image:secure_url\" content=\"https:\/\/soymigrante.com\/revista\/wp-content\/uploads\/2023\/12\/marimba-maya-awal.webp\" \/>\n\t\t<meta property=\"og:image:width\" content=\"960\" \/>\n\t\t<meta property=\"og:image:height\" content=\"958\" \/>\n\t\t<meta property=\"article:published_time\" content=\"2025-02-09T23:39:16+00:00\" \/>\n\t\t<meta property=\"article:modified_time\" content=\"2025-02-13T20:21:48+00:00\" \/>\n\t\t<meta property=\"article:publisher\" content=\"https:\/\/www.facebook.com\/soymigrantecom\" \/>\n\t\t<meta name=\"twitter:card\" content=\"summary_large_image\" \/>\n\t\t<meta name=\"twitter:site\" content=\"@SoyMigrante_com\" \/>\n\t\t<meta name=\"twitter:title\" content=\"Marimba de Guatemala: Diez melod\u00edas que despiertan recuerdos y emociones\" \/>\n\t\t<meta name=\"twitter:description\" content=\"El sonido de la marimba guatemalteca sencillamente \u00fanico en el mundo. Este instrumento fue considerado s\u00edmbolo patrio en 1999. Estas son 10 melod\u00edas inolvidables.\" \/>\n\t\t<meta name=\"twitter:creator\" content=\"@SoyMigrante_com\" \/>\n\t\t<meta name=\"twitter:image\" content=\"https:\/\/soymigrante.com\/revista\/wp-content\/uploads\/2023\/12\/marimba-maya-awal.webp\" \/>\n\t\t<!-- All in One SEO Pro -->\r\n\t\t<title>Marimba de Guatemala: Diez melod\u00edas que despiertan recuerdos y emociones<\/title>\n\n","aioseo_head_json":{"title":"Marimba de Guatemala: Diez melod\u00edas que despiertan recuerdos y emociones","description":"El sonido de la marimba guatemalteca sencillamente \u00fanico en el mundo. Este instrumento fue considerado s\u00edmbolo patrio en 1999. Estas son 10 melod\u00edas inolvidables.","canonical_url":"https:\/\/soymigrante.com\/revista\/10-piezas-de-marimba-de-guatemala-para-bailar-y-recordar-tus-raices\/","robots":"max-snippet:-1, max-image-preview:large, max-video-preview:-1","keywords":"","webmasterTools":{"miscellaneous":"&lt;link rel=\"preconnect\" href=\"https:\/\/fonts.googleapis.com\" crossorigin&gt;\n&lt;link rel=\"preconnect\" href=\"https:\/\/fonts.gstatic.com\" crossorigin&gt;"},"schema":null,"og:locale":"es_ES","og:site_name":"SoyMigrante.com REVISTA \u2013 Nuestra misi\u00f3n es reconocer y dignificar al migrante.","og:type":"article","og:title":"Marimba de Guatemala: Diez melod\u00edas que despiertan recuerdos y emociones","og:description":"El sonido de la marimba guatemalteca sencillamente \u00fanico en el mundo. Este instrumento fue considerado s\u00edmbolo patrio en 1999. Estas son 10 melod\u00edas inolvidables.","og:url":"https:\/\/soymigrante.com\/revista\/10-piezas-de-marimba-de-guatemala-para-bailar-y-recordar-tus-raices\/","og:image":"https:\/\/soymigrante.com\/revista\/wp-content\/uploads\/2023\/12\/marimba-maya-awal.webp","og:image:secure_url":"https:\/\/soymigrante.com\/revista\/wp-content\/uploads\/2023\/12\/marimba-maya-awal.webp","og:image:width":960,"og:image:height":958,"article:published_time":"2025-02-09T23:39:16+00:00","article:modified_time":"2025-02-13T20:21:48+00:00","article:publisher":"https:\/\/www.facebook.com\/soymigrantecom","twitter:card":"summary_large_image","twitter:site":"@SoyMigrante_com","twitter:title":"Marimba de Guatemala: Diez melod\u00edas que despiertan recuerdos y emociones","twitter:description":"El sonido de la marimba guatemalteca sencillamente \u00fanico en el mundo. Este instrumento fue considerado s\u00edmbolo patrio en 1999. Estas son 10 melod\u00edas inolvidables.","twitter:creator":"@SoyMigrante_com","twitter:image":"https:\/\/soymigrante.com\/revista\/wp-content\/uploads\/2023\/12\/marimba-maya-awal.webp"},"aioseo_meta_data":{"post_id":"26080","title":"Lee y escucha el m\u00e1s famoso poema a la Marimba Guatemalteca","description":"Escrito por el poeta y periodista Rudy Solares G\u00e1lvez, el poema La Marimba exalta al Instrumento Nacional S\u00edmbolo Patrio de Guatemala. Leelo y esc\u00fachalo aqu\u00ed.","keywords":null,"keyphrases":{"focus":{"keyphrase":"La marimba","score":91,"analysis":{"keyphraseInTitle":{"score":9,"maxScore":9,"error":0},"keyphraseInDescription":{"score":9,"maxScore":9,"error":0},"keyphraseLength":{"score":9,"maxScore":9,"error":0,"length":2},"keyphraseInURL":{"score":5,"maxScore":5,"error":0},"keyphraseInIntroduction":{"score":3,"maxScore":9,"error":1},"keyphraseInSubHeadings":{"score":9,"maxScore":9,"error":0},"keyphraseInImageAlt":{"score":9,"maxScore":9,"error":0},"keywordDensity":{"type":"best","score":9,"maxScore":9,"error":0}}},"additional":[{"keyphrase":"Marimba","score":80,"analysis":{"keyphraseInDescription":{"score":9,"maxScore":9,"error":0},"keyphraseLength":{"score":9,"maxScore":9,"error":0,"length":1},"keyphraseInIntroduction":{"score":9,"maxScore":9,"error":0},"keyphraseInImageAlt":{"score":9,"maxScore":9,"error":0},"keywordDensity":{"type":"high","score":0,"maxScore":9,"error":1}}},{"keyphrase":"Poema de la Marimba","score":40,"analysis":{"keyphraseInDescription":{"score":3,"maxScore":9,"error":1},"keyphraseLength":{"score":9,"maxScore":9,"error":0,"length":4},"keyphraseInIntroduction":{"score":3,"maxScore":9,"error":1},"keyphraseInImageAlt":{"score":3,"maxScore":9,"error":1},"keywordDensity":{"score":0,"type":"low","maxScore":9,"error":1}}}]},"primary_term":null,"canonical_url":null,"og_title":null,"og_description":null,"og_object_type":"default","og_image_type":"default","og_image_url":null,"og_image_width":null,"og_image_height":null,"og_image_custom_url":null,"og_image_custom_fields":null,"og_video":"","og_custom_url":null,"og_article_section":null,"og_article_tags":null,"twitter_use_og":false,"twitter_card":"default","twitter_image_type":"default","twitter_image_url":null,"twitter_image_custom_url":null,"twitter_image_custom_fields":null,"twitter_title":null,"twitter_description":null,"schema":{"blockGraphs":[],"customGraphs":[],"default":{"data":{"Article":[],"Course":[],"Dataset":[],"FAQPage":[],"Movie":[],"Person":[],"Product":[],"ProductReview":[],"Car":[],"Recipe":[],"Service":[],"SoftwareApplication":[],"WebPage":[]},"graphName":"none","isEnabled":true},"graphs":[]},"schema_type":"default","schema_type_options":null,"pillar_content":false,"robots_default":true,"robots_noindex":false,"robots_noarchive":false,"robots_nosnippet":false,"robots_nofollow":false,"robots_noimageindex":false,"robots_noodp":false,"robots_notranslate":false,"robots_max_snippet":"-1","robots_max_videopreview":"-1","robots_max_imagepreview":"large","priority":null,"frequency":"default","local_seo":null,"seo_analyzer_scan_date":null,"breadcrumb_settings":null,"limit_modified_date":false,"reviewed_by":"0","open_ai":"{\"title\":{\"suggestions\":[],\"usage\":0},\"description\":{\"suggestions\":[],\"usage\":0}}","ai":{"faqs":[],"keyPoints":[],"titles":[],"descriptions":[],"socialPosts":{"email":[],"linkedin":[],"twitter":[],"facebook":[],"instagram":[]}},"created":"2025-02-20 04:25:04","updated":"2026-03-06 15:45:42"},"aioseo_breadcrumb":"<div class=\"aioseo-breadcrumbs\"><span class=\"aioseo-breadcrumb\">\n\t<a href=\"https:\/\/soymigrante.com\/revista\" title=\"Home\">Home<\/a>\n<\/span><span class=\"aioseo-breadcrumb-separator\">\u00bb<\/span><span class=\"aioseo-breadcrumb\">\n\t<a href=\"https:\/\/soymigrante.com\/revista\/category\/guate-nuestra\/\" title=\"Guate Nuestra\">Guate Nuestra<\/a>\n<\/span><span class=\"aioseo-breadcrumb-separator\">\u00bb<\/span><span class=\"aioseo-breadcrumb\">\n\t<a href=\"https:\/\/soymigrante.com\/revista\/category\/guate-nuestra\/arte-cultura\/\" title=\"Cultura de Guatemala\">Cultura de Guatemala<\/a>\n<\/span><span class=\"aioseo-breadcrumb-separator\">\u00bb<\/span><span class=\"aioseo-breadcrumb\">\n\tLee y escucha el m\u00e1s famoso poema a la Marimba, Instrumento Nacional de Guatemala\n<\/span><\/div>","aioseo_breadcrumb_json":[{"label":"Home","link":"https:\/\/soymigrante.com\/revista"},{"label":"Guate Nuestra","link":"https:\/\/soymigrante.com\/revista\/category\/guate-nuestra\/"},{"label":"Cultura de Guatemala","link":"https:\/\/soymigrante.com\/revista\/category\/guate-nuestra\/arte-cultura\/"},{"label":"Lee y escucha el m\u00e1s famoso poema a la Marimba, Instrumento Nacional de Guatemala","link":"https:\/\/soymigrante.com\/revista\/lee-y-escucha-el-mas-famoso-poema-a-la-marimba-guatemalteca\/"}],"_links":{"self":[{"href":"https:\/\/soymigrante.com\/revista\/wp-json\/wp\/v2\/posts\/26080","targetHints":{"allow":["GET"]}}],"collection":[{"href":"https:\/\/soymigrante.com\/revista\/wp-json\/wp\/v2\/posts"}],"about":[{"href":"https:\/\/soymigrante.com\/revista\/wp-json\/wp\/v2\/types\/post"}],"author":[{"embeddable":true,"href":"https:\/\/soymigrante.com\/revista\/wp-json\/wp\/v2\/users\/1"}],"replies":[{"embeddable":true,"href":"https:\/\/soymigrante.com\/revista\/wp-json\/wp\/v2\/comments?post=26080"}],"version-history":[{"count":7,"href":"https:\/\/soymigrante.com\/revista\/wp-json\/wp\/v2\/posts\/26080\/revisions"}],"predecessor-version":[{"id":52721,"href":"https:\/\/soymigrante.com\/revista\/wp-json\/wp\/v2\/posts\/26080\/revisions\/52721"}],"wp:featuredmedia":[{"embeddable":true,"href":"https:\/\/soymigrante.com\/revista\/wp-json\/wp\/v2\/media\/26082"}],"wp:attachment":[{"href":"https:\/\/soymigrante.com\/revista\/wp-json\/wp\/v2\/media?parent=26080"}],"wp:term":[{"taxonomy":"category","embeddable":true,"href":"https:\/\/soymigrante.com\/revista\/wp-json\/wp\/v2\/categories?post=26080"},{"taxonomy":"post_tag","embeddable":true,"href":"https:\/\/soymigrante.com\/revista\/wp-json\/wp\/v2\/tags?post=26080"}],"curies":[{"name":"wp","href":"https:\/\/api.w.org\/{rel}","templated":true}]}}