{"id":26010,"date":"2025-02-19T17:01:25","date_gmt":"2025-02-19T23:01:25","guid":{"rendered":"https:\/\/soymigrante.com\/revista\/?p=26010"},"modified":"2025-03-10T15:19:19","modified_gmt":"2025-03-10T21:19:19","slug":"migrantes-impulsan-festival-internacional-utz-barber-en-olintepeque-invitan-a-participar","status":"publish","type":"post","link":"https:\/\/soymigrante.com\/revista\/migrantes-impulsan-festival-internacional-utz-barber-en-olintepeque-invitan-a-participar\/","title":{"rendered":"Migrantes impulsan Festival Internacional Utz Barber en Olintepeque e invitan a participar"},"content":{"rendered":"\t\t<div data-elementor-type=\"wp-post\" data-elementor-id=\"26010\" class=\"elementor elementor-26010\" data-elementor-post-type=\"post\">\n\t\t\t\t<div data-particle_enable=\"false\" data-particle-mobile-disabled=\"false\" class=\"elementor-element elementor-element-dca21a2 e-flex e-con-boxed e-con e-parent\" data-id=\"dca21a2\" data-element_type=\"container\" data-e-type=\"container\">\n\t\t\t\t\t<div class=\"e-con-inner\">\n\t\t\t\t<div class=\"elementor-element elementor-element-f193941 elementor-widget elementor-widget-heading\" data-id=\"f193941\" data-element_type=\"widget\" data-e-type=\"widget\" data-widget_type=\"heading.default\">\n\t\t\t\t\t<h2 class=\"elementor-heading-title elementor-size-default\"><span style=\"font-size: 31.2px\">Todos los barberos guatemaltecos est\u00e1n invitados al encuentro Utz Barber 2025, en el Sal\u00f3n Municipal de Olintepeque, Quetzaltenango, el 26 de febrero. El evento tendr\u00e1 expositores de Guatemala, Colombia, Per\u00fa y USA, gracias al entusiasmo de los migrantes Marcos y Henry P\u00e9rez.<\/span><\/h2>\t\t\t\t<\/div>\n\t\t\t\t\t<\/div>\n\t\t\t\t<\/div>\n\t\t<div data-particle_enable=\"false\" data-particle-mobile-disabled=\"false\" class=\"elementor-element elementor-element-fad7621 e-flex e-con-boxed e-con e-parent\" data-id=\"fad7621\" data-element_type=\"container\" data-e-type=\"container\">\n\t\t\t\t\t<div class=\"e-con-inner\">\n\t\t\t\t<div class=\"elementor-element elementor-element-46cfa0f elementor-widget elementor-widget-text-editor\" data-id=\"46cfa0f\" data-element_type=\"widget\" data-e-type=\"widget\" data-widget_type=\"text-editor.default\">\n\t\t\t\t\t\t\t\t\t<p>Los migrantes guatemaltecos buscan ayudar de una u otra forma a sus comunidades y a Guatemala. No solo con remesas, sino tambi\u00e9n impulsando el conocimiento y el desarrollo.\u00a0<\/p><p>Un ejemplo es c\u00f3mo los barberos <a href=\"https:\/\/soymigrante.com\/revista\/hermanos-migrantes-guatemaltecos-barberia-migrante-maryland\/\">Marcos y Henry P\u00e9rez nunca se olvidan de su tierra<\/a>. Atienden su exitosa barber\u00eda Prestige en Maryland y junto a su hermana \u00c9ricka, quien vive en su natal Olintepeque, <a href=\"https:\/\/soymigrante.com\/revista\/quetzaltenango-500-15-datos-que-quiza-ya-sabias-o-tal-vez-no\/\">Quetzaltenango<\/a> impulsan la formaci\u00f3n constante de barberos profesionales en su pa\u00eds. Por eso organizan el segundo festival internacional Utz Barber, encuentro de barberos, en el cual habr\u00e1 conferencias, demostraciones y tambi\u00e9n cert\u00e1menes de habilidad.<\/p><p>&#8220;Utz es una palabra <a href=\"https:\/\/soymigrante.com\/revista\/el-pueblo-kiche-es-heredero-y-continuador-de-la-tradicion-del-popol-vuh\/\">k&#8217;iche&#8217; <\/a>que significa &#8220;bueno&#8221; y la fusionamos en Utz Barber, &#8216;buen barbero&#8217;, como el nombre de este gran encuentro de barberos guatemaltecos e internacionales, para capacitar y elevar la calidad, la creatividad y la innovaci\u00f3n de este oficio&#8221;, expresa \u00c9ricka P\u00e9rez, quien valora el esfuerzo de sus hermanos por traer nuevos conocimientos e innovaci\u00f3n a Guatemala.<\/p>\t\t\t\t\t\t\t\t<\/div>\n\t\t\t\t\t<\/div>\n\t\t\t\t<\/div>\n\t\t<div data-particle_enable=\"false\" data-particle-mobile-disabled=\"false\" class=\"elementor-element elementor-element-b4a03bb e-flex e-con-boxed e-con e-parent\" data-id=\"b4a03bb\" data-element_type=\"container\" data-e-type=\"container\">\n\t\t\t\t\t<div class=\"e-con-inner\">\n\t\t\t\t<div class=\"elementor-element elementor-element-99b138c elementor-widget elementor-widget-image\" data-id=\"99b138c\" data-element_type=\"widget\" data-e-type=\"widget\" data-widget_type=\"image.default\">\n\t\t\t\t\t\t\t\t\t\t\t\t<figure class=\"wp-caption\">\n\t\t\t\t\t\t\t\t\t\t<img fetchpriority=\"high\" decoding=\"async\" width=\"768\" height=\"960\" src=\"https:\/\/soymigrante.com\/revista\/wp-content\/uploads\/2025\/02\/festival-utz-barber-migrantes-1-819x1024.jpg\" class=\"attachment-large size-large wp-image-26022\" alt=\"Espect\u00e1culo de expositores internacionales UTZ BARBER con reconocidos artistas de m\u00fasica urbana y rap en Quetzaltenango, Guatemala, promoviendo talento local e internacional en un evento cultural.\" srcset=\"https:\/\/soymigrante.com\/revista\/wp-content\/uploads\/2025\/02\/festival-utz-barber-migrantes-1-819x1024.jpg 819w, https:\/\/soymigrante.com\/revista\/wp-content\/uploads\/2025\/02\/festival-utz-barber-migrantes-1-240x300.jpg 240w, https:\/\/soymigrante.com\/revista\/wp-content\/uploads\/2025\/02\/festival-utz-barber-migrantes-1-768x960.jpg 768w, https:\/\/soymigrante.com\/revista\/wp-content\/uploads\/2025\/02\/festival-utz-barber-migrantes-1-750x938.webp 750w, https:\/\/soymigrante.com\/revista\/wp-content\/uploads\/2025\/02\/festival-utz-barber-migrantes-1.webp 1080w\" sizes=\"(max-width: 768px) 100vw, 768px\" title=\"El festival Utz Barber de Olintepeque contar\u00e1 con expositores y jurados internacionales provenientes de Colombia, Per\u00fa, Estados Unidos y por supuesto Guatemala. \u2013 SoyMigrante.com REVISTA\" \/>\t\t\t\t\t\t\t\t\t\t\t<figcaption class=\"widget-image-caption wp-caption-text\">Concierto de artistas destacados como El Mara, Brandon Barber GT y Jenifer L\u00f3pez en la Feria Cultural de Quetzaltenango, presentado por SoyMigrante.com Revista, incluyendo detalles del evento y artistas de renombre.<\/figcaption>\n\t\t\t\t\t\t\t\t\t\t<\/figure>\n\t\t\t\t\t\t\t\t\t<\/div>\n\t\t\t\t\t<\/div>\n\t\t\t\t<\/div>\n\t\t<div data-particle_enable=\"false\" data-particle-mobile-disabled=\"false\" class=\"elementor-element elementor-element-d938ac2 e-flex e-con-boxed e-con e-parent\" data-id=\"d938ac2\" data-element_type=\"container\" data-e-type=\"container\">\n\t\t\t\t\t<div class=\"e-con-inner\">\n\t\t\t\t<div class=\"elementor-element elementor-element-559b33a elementor-widget elementor-widget-heading\" data-id=\"559b33a\" data-element_type=\"widget\" data-e-type=\"widget\" data-widget_type=\"heading.default\">\n\t\t\t\t\t<h3 class=\"elementor-heading-title elementor-size-default\">Innovaci\u00f3n y profesionalismo internacional<\/h3>\t\t\t\t<\/div>\n\t\t\t\t\t<\/div>\n\t\t\t\t<\/div>\n\t\t<div data-particle_enable=\"false\" data-particle-mobile-disabled=\"false\" class=\"elementor-element elementor-element-c0d42af e-flex e-con-boxed e-con e-parent\" data-id=\"c0d42af\" data-element_type=\"container\" data-e-type=\"container\">\n\t\t\t\t\t<div class=\"e-con-inner\">\n\t\t\t\t<div class=\"elementor-element elementor-element-27c7052 elementor-widget elementor-widget-text-editor\" data-id=\"27c7052\" data-element_type=\"widget\" data-e-type=\"widget\" data-widget_type=\"text-editor.default\">\n\t\t\t\t\t\t\t\t\t<p><span style=\"color: var( --e-global-color-text ); text-align: var(--text-align);\">&#8220;Organizamos este evento para mostrar tendencias y evoluci\u00f3n de un oficio que crea imagen para las personas. Lo que hemos aprendido queremos compartirlo con m\u00e1s barberos guatemaltecos. La participaci\u00f3n de invitados es una verdadera escuela que pueden aprovechar&#8221;, expresa <\/span><a style=\"text-align: var(--text-align);\" href=\"https:\/\/soymigrante.com\/revista\/hermanos-migrantes-guatemaltecos-barberia-migrante-maryland\/\">Marcos P\u00e9rez desde Maryland, cuya historia public\u00f3 SoyMigrante.com<\/a><\/p>\n<p>El primer Utz Barber fue en febrero de 2020 y fue todo un \u00e9xito.&nbsp; &#8220;Fue poco antes del cierre de pandemia. Por todo lo que ocurri\u00f3 despu\u00e9s ya no se pudo realizar el siguiente sino hasta este 2025. Gracias al entusiasmo de mis hermanos ahora llega con invitados especiales&#8221;, agrega Ericka P\u00e9rez, lady barber quien invita a m\u00e1s mujeres a involucrarse en este arte y oficio.<\/p>\n<p>El boleto de ingreso al Utz Barber cuesta Q150 y si alguien desea inscribirse en los concursos, hay otros precios.<\/p>\t\t\t\t\t\t\t\t<\/div>\n\t\t\t\t\t<\/div>\n\t\t\t\t<\/div>\n\t\t<div data-particle_enable=\"false\" data-particle-mobile-disabled=\"false\" class=\"elementor-element elementor-element-99c5f61 e-flex e-con-boxed e-con e-parent\" data-id=\"99c5f61\" data-element_type=\"container\" data-e-type=\"container\">\n\t\t\t\t\t<div class=\"e-con-inner\">\n\t\t\t\t<div class=\"elementor-element elementor-element-7d3301c elementor-arrows-position-inside elementor-pagination-position-outside elementor-widget elementor-widget-image-carousel\" data-id=\"7d3301c\" data-element_type=\"widget\" data-e-type=\"widget\" data-settings=\"{&quot;slides_to_show&quot;:&quot;1&quot;,&quot;autoplay_speed&quot;:400,&quot;speed&quot;:1000,&quot;navigation&quot;:&quot;both&quot;,&quot;autoplay&quot;:&quot;yes&quot;,&quot;pause_on_hover&quot;:&quot;yes&quot;,&quot;pause_on_interaction&quot;:&quot;yes&quot;,&quot;infinite&quot;:&quot;yes&quot;,&quot;effect&quot;:&quot;slide&quot;}\" data-widget_type=\"image-carousel.default\">\n\t\t\t\t\t\t\t<div class=\"elementor-image-carousel-wrapper swiper\" role=\"region\" aria-roledescription=\"carousel\" aria-label=\"Carrusel de im\u00e1genes\" dir=\"ltr\">\n\t\t\t<div class=\"elementor-image-carousel swiper-wrapper\" aria-live=\"off\">\n\t\t\t\t\t\t\t\t<div class=\"swiper-slide\" role=\"group\" aria-roledescription=\"slide\" aria-label=\"1 de 9\"><figure class=\"swiper-slide-inner\"><img decoding=\"async\" class=\"swiper-slide-image\" src=\"https:\/\/soymigrante.com\/revista\/wp-content\/uploads\/2025\/02\/festival-utz-barber-migrantes-3-819x1024.jpg\" alt=\"Arena del evento de barberos en Quetzaltenango, Guatemala, con detalles sobre la fecha, hora y ubicaci\u00f3n del gran encuentro de barberos 2025 en el sal\u00f3n social municipal.\" \/><\/figure><\/div><div class=\"swiper-slide\" role=\"group\" aria-roledescription=\"slide\" aria-label=\"2 de 9\"><figure class=\"swiper-slide-inner\"><img decoding=\"async\" class=\"swiper-slide-image\" src=\"https:\/\/soymigrante.com\/revista\/wp-content\/uploads\/2025\/02\/479568757_1193149089477734_7473677275540910067_n-819x1024.jpg\" alt=\"Barber\u00eda moderna con joven con corte de cabello colorido y estilo punk para competencia de barber\u00eda UTZ Barber 2025, promoviendo habilidades y t\u00e9cnicas en barber\u00eda para migrantes y profesionales.\" \/><\/figure><\/div><div class=\"swiper-slide\" role=\"group\" aria-roledescription=\"slide\" aria-label=\"3 de 9\"><figure class=\"swiper-slide-inner\"><img decoding=\"async\" class=\"swiper-slide-image\" src=\"https:\/\/soymigrante.com\/revista\/wp-content\/uploads\/2025\/02\/479547866_1193149252811051_5861614034113048306_n-819x1024.jpg\" alt=\"Estilo de corte de cabello para barber\u00eda y competencia de barberos en UTZ Barber 2025, con dise\u00f1o natural y sin heridas.\" \/><\/figure><\/div><div class=\"swiper-slide\" role=\"group\" aria-roledescription=\"slide\" aria-label=\"4 de 9\"><figure class=\"swiper-slide-inner\"><img decoding=\"async\" class=\"swiper-slide-image\" src=\"https:\/\/soymigrante.com\/revista\/wp-content\/uploads\/2025\/02\/festival-utz-barber-migrantes-2-819x1024.jpg\" alt=\"Barber\u00eda internacional en Quetzaltenango con evento de barberos UTZ Barber, promoci\u00f3n de gran encuentro de barbers 2025, en Sal\u00f3n Social Municipal, con apertura a las 9:00 am.\" \/><\/figure><\/div><div class=\"swiper-slide\" role=\"group\" aria-roledescription=\"slide\" aria-label=\"5 de 9\"><figure class=\"swiper-slide-inner\"><img decoding=\"async\" class=\"swiper-slide-image\" src=\"https:\/\/soymigrante.com\/revista\/wp-content\/uploads\/2025\/02\/479544502_1193149559477687_2714378180016033943_n-819x1024.jpg\" alt=\"Barber\u00eda, corte de cabello, low fade, tendencias de barber\u00eda, barba moderna.\" \/><\/figure><\/div><div class=\"swiper-slide\" role=\"group\" aria-roledescription=\"slide\" aria-label=\"6 de 9\"><figure class=\"swiper-slide-inner\"><img decoding=\"async\" class=\"swiper-slide-image\" src=\"https:\/\/soymigrante.com\/revista\/wp-content\/uploads\/2025\/02\/476749412_1191550906304219_5928612147790147450_n-819x1024.jpg\" alt=\"Tarjetas de boletos de barber\u00eda en diferentes puntos de Quetzaltenango, Guatemala, con precios y ubicaciones para servicios de corte de cabello y barber\u00eda.\" \/><\/figure><\/div><div class=\"swiper-slide\" role=\"group\" aria-roledescription=\"slide\" aria-label=\"7 de 9\"><figure class=\"swiper-slide-inner\"><img decoding=\"async\" class=\"swiper-slide-image\" src=\"https:\/\/soymigrante.com\/revista\/wp-content\/uploads\/2025\/02\/479277322_1193149709477672_1392504022840787753_n-819x1024.jpg\" alt=\"Barbero con estilo de corte creativo y colorido para competencia UTZ Barber 2025, con dise\u00f1o original que destaca cabello pintado y peinado art\u00edstico.\" \/><\/figure><\/div><div class=\"swiper-slide\" role=\"group\" aria-roledescription=\"slide\" aria-label=\"8 de 9\"><figure class=\"swiper-slide-inner\"><img decoding=\"async\" class=\"swiper-slide-image\" src=\"https:\/\/soymigrante.com\/revista\/wp-content\/uploads\/2025\/02\/477775707_1193149509477692_3335487432144278181_n-819x1024.jpg\" alt=\"T\u00e9cnica de corte de cabello con textura y fade para barberos en UTZ Barber 2025, demostraci\u00f3n de habilidades profesionales y tendencias en barber\u00eda moderna y cuidado del cabello masculino.\" \/><\/figure><\/div><div class=\"swiper-slide\" role=\"group\" aria-roledescription=\"slide\" aria-label=\"9 de 9\"><figure class=\"swiper-slide-inner\"><img decoding=\"async\" class=\"swiper-slide-image\" src=\"https:\/\/soymigrante.com\/revista\/wp-content\/uploads\/2025\/02\/477786242_1193149876144322_113665093312805334_n-819x1024.jpg\" alt=\"Barberos migrantes en competici\u00f3n, resaltando diversidad y talento en la cultura de barber\u00eda en Latinoam\u00e9rica, promoviendo inclusi\u00f3n y profesionalismo en el arte del corte de cabello.\" \/><\/figure><\/div>\t\t\t<\/div>\n\t\t\t\t\t\t\t\t\t\t\t\t<div class=\"elementor-swiper-button elementor-swiper-button-prev\" role=\"button\" tabindex=\"0\">\n\t\t\t\t\t\t<i aria-hidden=\"true\" class=\"eicon-chevron-left\"><\/i>\t\t\t\t\t<\/div>\n\t\t\t\t\t<div class=\"elementor-swiper-button elementor-swiper-button-next\" role=\"button\" tabindex=\"0\">\n\t\t\t\t\t\t<i aria-hidden=\"true\" class=\"eicon-chevron-right\"><\/i>\t\t\t\t\t<\/div>\n\t\t\t\t\n\t\t\t\t\t\t\t\t\t<div class=\"swiper-pagination\"><\/div>\n\t\t\t\t\t\t\t\t\t<\/div>\n\t\t\t\t\t\t<\/div>\n\t\t\t\t\t<\/div>\n\t\t\t\t<\/div>\n\t\t<div data-particle_enable=\"false\" data-particle-mobile-disabled=\"false\" class=\"elementor-element elementor-element-7d47aee e-flex e-con-boxed e-con e-parent\" data-id=\"7d47aee\" data-element_type=\"container\" data-e-type=\"container\">\n\t\t\t\t\t<div class=\"e-con-inner\">\n\t\t\t\t<div class=\"elementor-element elementor-element-195796f elementor-widget elementor-widget-heading\" data-id=\"195796f\" data-element_type=\"widget\" data-e-type=\"widget\" data-widget_type=\"heading.default\">\n\t\t\t\t\t<h3 class=\"elementor-heading-title elementor-size-default\">\u00bfQu\u00e9 encontrar\u00e1n los participantes en el Utz Barber 2025?<\/h3>\t\t\t\t<\/div>\n\t\t\t\t\t<\/div>\n\t\t\t\t<\/div>\n\t\t<div data-particle_enable=\"false\" data-particle-mobile-disabled=\"false\" class=\"elementor-element elementor-element-8bee460 e-flex e-con-boxed e-con e-parent\" data-id=\"8bee460\" data-element_type=\"container\" data-e-type=\"container\">\n\t\t\t\t\t<div class=\"e-con-inner\">\n\t\t\t\t<div class=\"elementor-element elementor-element-c0e3caa elementor-widget elementor-widget-text-editor\" data-id=\"c0e3caa\" data-element_type=\"widget\" data-e-type=\"widget\" data-widget_type=\"text-editor.default\">\n\t\t\t\t\t\t\t\t\t<p><span style=\"color: var( --e-global-color-text ); text-align: var(--text-align);\">Todos los barberos (hombres y mujeres) que quieran conocer nuevas t\u00e9cnicas, seguirse profesionalizando y modernizando est\u00e1 invitado a asistir al evento. Hay una cuota de participaci\u00f3n, seg\u00fan asista solo a las conferencias o si desea participar en los concursos en los cuales habr\u00e1 premios por Q10 mil.<\/span><\/p><p>La actividad comienza a las 9 horas y finalizar\u00e1 a las 16 horas.\u00a0<\/p>\t\t\t\t\t\t\t\t<\/div>\n\t\t\t\t\t<\/div>\n\t\t\t\t<\/div>\n\t\t<div data-particle_enable=\"false\" data-particle-mobile-disabled=\"false\" class=\"elementor-element elementor-element-de0ed4f e-flex e-con-boxed e-con e-parent\" data-id=\"de0ed4f\" data-element_type=\"container\" data-e-type=\"container\">\n\t\t\t\t\t<div class=\"e-con-inner\">\n\t\t\t\t<div class=\"elementor-element elementor-element-11b930a elementor-grid-eael-col-1 elementor-grid-tablet-eael-col-2 elementor-grid-mobile-eael-col-1 elementor-widget elementor-widget-eael-post-grid\" data-id=\"11b930a\" data-element_type=\"widget\" data-e-type=\"widget\" data-settings=\"{&quot;eael_post_grid_columns&quot;:&quot;eael-col-1&quot;,&quot;eael_post_grid_columns_tablet&quot;:&quot;eael-col-2&quot;,&quot;eael_post_grid_columns_mobile&quot;:&quot;eael-col-1&quot;}\" data-widget_type=\"eael-post-grid.default\">\n\t\t\t\t\t<div id=\"eael-post-grid-11b930a\" class=\"eael-post-grid-container\">\n            <div class=\"eael-post-grid eael-post-appender eael-post-appender-11b930a eael-post-grid-style-one\" data-layout-mode=\"masonry\"><article class=\"eael-grid-post  eael-post-grid-column eael-pg-post-3915 category-exitos\" data-id=\"3915\">\n        <div class=\"eael-grid-post-holder\">\n            <div class=\"eael-grid-post-holder-inner\"><div class=\"eael-entry-media\"><div class=\"eael-entry-overlay fade-in\"><i class=\"far fa-hand-pointer\" aria-hidden=\"true\"><\/i><a href=\"https:\/\/soymigrante.com\/revista\/hermanos-migrantes-guatemaltecos-barberia-migrante-maryland\/\"><\/a><\/div><div class=\"eael-entry-thumbnail eael-image-ratio\">\n                <img decoding=\"async\" width=\"393\" height=\"327\" src=\"https:\/\/soymigrante.com\/revista\/wp-content\/uploads\/2023\/12\/hermanos-barberos-prestige.webp\" class=\"attachment-large size-large wp-image-3933\" alt=\"\" srcset=\"https:\/\/soymigrante.com\/revista\/wp-content\/uploads\/2023\/12\/hermanos-barberos-prestige.webp 393w, https:\/\/soymigrante.com\/revista\/wp-content\/uploads\/2023\/12\/hermanos-barberos-prestige-300x250.webp 300w\" sizes=\"(max-width: 393px) 100vw, 393px\" \/>\n            <\/div>\n        <\/div><div class=\"eael-entry-wrapper\"><header class=\"eael-entry-header\"><h2 class=\"eael-entry-title\"><a class=\"eael-grid-post-link\" href=\"https:\/\/soymigrante.com\/revista\/hermanos-migrantes-guatemaltecos-barberia-migrante-maryland\/\" title=\"Hermanos migrantes de Olintepeque atienden su barber\u00eda en Hyattsville, Maryland\">Hermanos migrantes de Olintepeque atienden su barber\u00eda en Hyattsville, Maryland<\/a><\/h2><\/header><div class=\"eael-entry-content\">\n                        <div class=\"eael-grid-post-excerpt\"><p>Prestige se llama la barber\u00eda atendida por los hermanos Marcos y Henry, en Maryland. Pero llegar a desempe\u00f1ar este oficio en Estados Unidos no fue f\u00e1cil, ni barato, ni r\u00e1pido: pero ah\u00ed est\u00e1 la lecci\u00f3n...<\/p><a href=\"https:\/\/soymigrante.com\/revista\/hermanos-migrantes-guatemaltecos-barberia-migrante-maryland\/\" class=\"eael-post-elements-readmore-btn\">CONOCE SU HISTORIA <\/a><\/div>\n                    <\/div><\/div><\/div>\n        <\/div>\n    <\/article><\/div>\n            <div class=\"clearfix\"><\/div>\n        <\/div>\t\t\t\t<\/div>\n\t\t\t\t\t<\/div>\n\t\t\t\t<\/div>\n\t\t<div data-particle_enable=\"false\" data-particle-mobile-disabled=\"false\" class=\"elementor-element elementor-element-72998af e-flex e-con-boxed e-con e-parent\" data-id=\"72998af\" data-element_type=\"container\" data-e-type=\"container\">\n\t\t\t\t\t<div class=\"e-con-inner\">\n\t\t\t\t<div class=\"elementor-element elementor-element-25283d4 elementor-widget elementor-widget-text-editor\" data-id=\"25283d4\" data-element_type=\"widget\" data-e-type=\"widget\" data-widget_type=\"text-editor.default\">\n\t\t\t\t\t\t\t\t\t<p><span style=\"color: var( --e-global-color-text ); text-align: var(--text-align);\">&#8220;Adem\u00e1s de compartir con barberos de otros departamentos y pa\u00edses como Colombia, Per\u00fa y Estados Unidos, habr\u00e1 capacitaci\u00f3n en cortes modernos, trenzas, freestyle (estilos libres), pigmentos y colorimetr\u00eda&#8221;, informa Ericka.<\/span><\/p><p>Habr\u00e1 una batalla de barberos, en seis categor\u00edas que tendr\u00e1n tres premios cada una. Tambi\u00e9n habr\u00e1 rifas de productos, productos con costo ofertado. Todo all\u00ed mismo en el Sal\u00f3n Municipal de Olintepeque, <a href=\"https:\/\/soymigrante.com\/revista\/departamentos-de-guatemala-quetzaltenango-tiene-historia-de-500-anos\/\">Quetzaltenango<\/a>.<\/p>\t\t\t\t\t\t\t\t<\/div>\n\t\t\t\t\t<\/div>\n\t\t\t\t<\/div>\n\t\t<div data-particle_enable=\"false\" data-particle-mobile-disabled=\"false\" class=\"elementor-element elementor-element-64e6d14 e-flex e-con-boxed e-con e-parent\" data-id=\"64e6d14\" data-element_type=\"container\" data-e-type=\"container\">\n\t\t\t\t\t<div class=\"e-con-inner\">\n\t\t\t\t<div class=\"elementor-element elementor-element-38fa04b elementor-invisible elementor-widget elementor-widget-facebook-embed\" data-id=\"38fa04b\" data-element_type=\"widget\" data-e-type=\"widget\" data-settings=\"{&quot;_animation&quot;:&quot;zoomInDown&quot;}\" data-widget_type=\"facebook-embed.default\">\n\t\t\t\t\t<div style=\"min-height: 1px\" class=\"elementor-facebook-widget fb-video\" data-href=\"https:\/\/www.facebook.com\/502ladybarber\/videos\/1982874038869165\" data-show-text=\"false\" data-allowfullscreen=\"false\" data-autoplay=\"false\" data-show-captions=\"false\"><\/div>\t\t\t\t<\/div>\n\t\t\t\t\t<\/div>\n\t\t\t\t<\/div>\n\t\t<div data-particle_enable=\"false\" data-particle-mobile-disabled=\"false\" class=\"elementor-element elementor-element-0a96cf6 e-flex e-con-boxed e-con e-parent\" data-id=\"0a96cf6\" data-element_type=\"container\" data-e-type=\"container\">\n\t\t\t\t\t<div class=\"e-con-inner\">\n\t\t\t\t<div class=\"elementor-element elementor-element-e35fea2 elementor-widget elementor-widget-eael-creative-button\" data-id=\"e35fea2\" data-element_type=\"widget\" data-e-type=\"widget\" data-widget_type=\"eael-creative-button.default\">\n\t\t\t\t\t        <div class=\"eael-creative-button-wrapper\">\n\n            <a class=\"eael-creative-button eael-creative-button--ujarak eael-cb-icon-position-\" href=\"https:\/\/www.facebook.com\/detodoenutzbarber\" data-text=\" \">\n            \t    \n                <div class=\"creative-button-inner\">\n\n                    \n                    <span class=\"cretive-button-text\">S\u00cd ME GUSTAR\u00cdA PARTICIPAR EN EL UTZ BARBER Y QUIERO M\u00c1S INFORMACI\u00d3N<\/span>\n\n                                    <\/div>\n\t                        <\/a>\n        <\/div>\n        \t\t\t\t<\/div>\n\t\t\t\t\t<\/div>\n\t\t\t\t<\/div>\n\t\t<div data-particle_enable=\"false\" data-particle-mobile-disabled=\"false\" class=\"elementor-element elementor-element-578d58c e-flex e-con-boxed e-con e-parent\" data-id=\"578d58c\" data-element_type=\"container\" data-e-type=\"container\">\n\t\t\t\t\t<div class=\"e-con-inner\">\n\t\t\t\t<div class=\"elementor-element elementor-element-970cb3d elementor-widget elementor-widget-heading\" data-id=\"970cb3d\" data-element_type=\"widget\" data-e-type=\"widget\" data-widget_type=\"heading.default\">\n\t\t\t\t\t<h3 class=\"elementor-heading-title elementor-size-default\">Hermandad y aprendizaje sin fronteras<\/h3>\t\t\t\t<\/div>\n\t\t\t\t\t<\/div>\n\t\t\t\t<\/div>\n\t\t<div data-particle_enable=\"false\" data-particle-mobile-disabled=\"false\" class=\"elementor-element elementor-element-43a1dae e-flex e-con-boxed e-con e-parent\" data-id=\"43a1dae\" data-element_type=\"container\" data-e-type=\"container\">\n\t\t\t\t\t<div class=\"e-con-inner\">\n\t\t\t\t<div class=\"elementor-element elementor-element-7958d25 elementor-widget elementor-widget-text-editor\" data-id=\"7958d25\" data-element_type=\"widget\" data-e-type=\"widget\" data-widget_type=\"text-editor.default\">\n\t\t\t\t\t\t\t\t\t<p><span style=\"color: var( --e-global-color-text ); text-align: var(--text-align);\">\u00c9ricka aprendi\u00f3 a ser lady Barber con la ense\u00f1anza de su hermano Marcos. &#8220;Fue como un pap\u00e1 para m\u00ed, porque nuestro pap\u00e1 muri\u00f3 cuando yo ten\u00eda 9 a\u00f1os. Mi hermano me ense\u00f1\u00f3 el oficio. Y cuando \u00e9l migr\u00f3, desde all\u00e1 de Estados Unidos continu\u00f3 compartiendo sus aprendizajes en videollamadas y tambi\u00e9n con materiales o equipo que envi\u00f3&#8221;.<\/span><\/p><p><span style=\"color: var( --e-global-color-text ); text-align: var(--text-align);\">A su vez, la historia de la b<a href=\"https:\/\/soymigrante.com\/revista\/hermanos-migrantes-guatemaltecos-barberia-migrante-maryland\/\">arber\u00eda Prestige, en Maryland, Estados Unidos, fundada por Marcos P\u00e9rez,<\/a> no fue nada f\u00e1cil pero s\u00ed un triunfo de la voluntad y el talento.<\/span><\/p><p><a href=\"https:\/\/www.facebook.com\/detodoenutzbarber\/\">Quien desee participar puede contactar la fanpage de Utz Barber para tener m\u00e1s informaci\u00f3n.<\/a><\/p>\t\t\t\t\t\t\t\t<\/div>\n\t\t\t\t\t<\/div>\n\t\t\t\t<\/div>\n\t\t<div data-particle_enable=\"false\" data-particle-mobile-disabled=\"false\" class=\"elementor-element elementor-element-6e5f098 e-flex e-con-boxed e-con e-parent\" data-id=\"6e5f098\" data-element_type=\"container\" data-e-type=\"container\">\n\t\t\t\t\t<div class=\"e-con-inner\">\n\t\t\t\t<div class=\"elementor-element elementor-element-6897d8a elementor-invisible elementor-widget elementor-widget-testimonial\" data-id=\"6897d8a\" data-element_type=\"widget\" data-e-type=\"widget\" data-settings=\"{&quot;_animation&quot;:&quot;rotateInUpRight&quot;}\" data-widget_type=\"testimonial.default\">\n\t\t\t\t\t\t\t<div class=\"elementor-testimonial-wrapper\">\n\t\t\t\t\t\t\t<div class=\"elementor-testimonial-content\">\"Est\u00e1n invitados a participar todos los barberos que deseen conocer nuevas t\u00e9cnicas, innovaci\u00f3n y tendencias. Habr\u00e1 rifas y demostraciones. Las mujeres barberas o lady barber tambi\u00e9n pueden encontrar aqu\u00ed m\u00e1s claves para desarrollarse y hacer crecer su  negocio\"<\/div>\n\t\t\t\n\t\t\t\t\t\t<div class=\"elementor-testimonial-meta elementor-has-image elementor-testimonial-image-position-aside\">\n\t\t\t\t<div class=\"elementor-testimonial-meta-inner\">\n\t\t\t\t\t\t\t\t\t\t\t<div class=\"elementor-testimonial-image\">\n\t\t\t\t\t\t\t<img decoding=\"async\" width=\"720\" height=\"960\" src=\"https:\/\/soymigrante.com\/revista\/wp-content\/uploads\/2025\/02\/418528118_897106875748625_5766151511167425978_n.webp\" class=\"attachment-full size-full wp-image-26036\" alt=\"Barbero atendiendo a un cliente en una barber\u00eda, en un entorno moderno con productos de cuidado personal y estilo tradicional, en un ambiente luminoso y acogedor.\" title=\"Lady Barber Ericka P\u00e9rez en plena labor en Olintepeque \u2013 SoyMigrante.com REVISTA\" srcset=\"https:\/\/soymigrante.com\/revista\/wp-content\/uploads\/2025\/02\/418528118_897106875748625_5766151511167425978_n.webp 720w, https:\/\/soymigrante.com\/revista\/wp-content\/uploads\/2025\/02\/418528118_897106875748625_5766151511167425978_n-225x300.jpg 225w\" sizes=\"(max-width: 720px) 100vw, 720px\" \/>\t\t\t\t\t\t<\/div>\n\t\t\t\t\t\n\t\t\t\t\t\t\t\t\t\t<div class=\"elementor-testimonial-details\">\n\t\t\t\t\t\t\t\t\t\t\t\t\t\t<div class=\"elementor-testimonial-name\">Ericka P\u00e9rez<\/div>\n\t\t\t\t\t\t\t\t\t\t\t\t\t\t\t\t\t\t\t\t\t\t<div class=\"elementor-testimonial-job\">Lady Barber en Olintepeque,\nQuetzaltenango y quien junto\na sus hermanos, migrantes en\nMaryland organiza el Utz Barber 2025.<\/div>\n\t\t\t\t\t\t\t\t\t\t\t\t\t<\/div>\n\t\t\t\t\t\t\t\t\t<\/div>\n\t\t\t<\/div>\n\t\t\t\t\t<\/div>\n\t\t\t\t\t\t<\/div>\n\t\t\t\t\t<\/div>\n\t\t\t\t<\/div>\n\t\t<div data-particle_enable=\"false\" data-particle-mobile-disabled=\"false\" class=\"elementor-element elementor-element-fd0e917 e-flex e-con-boxed e-con e-parent\" data-id=\"fd0e917\" data-element_type=\"container\" data-e-type=\"container\">\n\t\t\t\t\t<div class=\"e-con-inner\">\n\t\t\t\t<div class=\"elementor-element elementor-element-cb51cd0 elementor-widget elementor-widget-heading\" data-id=\"cb51cd0\" data-element_type=\"widget\" data-e-type=\"widget\" data-widget_type=\"heading.default\">\n\t\t\t\t\t<h2 class=\"elementor-heading-title elementor-size-default\">Migrantes brillan en el mundo de la imagen personal<\/h2>\t\t\t\t<\/div>\n\t\t\t\t\t<\/div>\n\t\t\t\t<\/div>\n\t\t<div data-particle_enable=\"false\" data-particle-mobile-disabled=\"false\" class=\"elementor-element elementor-element-cedbc50 e-flex e-con-boxed e-con e-parent\" data-id=\"cedbc50\" data-element_type=\"container\" data-e-type=\"container\">\n\t\t\t\t\t<div class=\"e-con-inner\">\n\t\t\t\t<div class=\"elementor-element elementor-element-97fe99b elementor-grid-eael-col-3 elementor-grid-tablet-eael-col-2 elementor-grid-mobile-eael-col-1 elementor-widget elementor-widget-eael-post-grid\" data-id=\"97fe99b\" data-element_type=\"widget\" data-e-type=\"widget\" data-settings=\"{&quot;eael_post_grid_columns&quot;:&quot;eael-col-3&quot;,&quot;eael_post_grid_columns_tablet&quot;:&quot;eael-col-2&quot;,&quot;eael_post_grid_columns_mobile&quot;:&quot;eael-col-1&quot;}\" data-widget_type=\"eael-post-grid.default\">\n\t\t\t\t\t<div id=\"eael-post-grid-97fe99b\" class=\"eael-post-grid-container\">\n            <div class=\"eael-post-grid eael-post-appender eael-post-appender-97fe99b eael-post-grid-style-one\" data-layout-mode=\"masonry\"><article class=\"eael-grid-post  eael-post-grid-column eael-pg-post-22394 category-exitos\" data-id=\"22394\">\n        <div class=\"eael-grid-post-holder\">\n            <div class=\"eael-grid-post-holder-inner\"><div class=\"eael-entry-media\"><div class=\"eael-entry-overlay fade-in\"><i class=\"far fa-hand-pointer\" aria-hidden=\"true\"><\/i><a href=\"https:\/\/soymigrante.com\/revista\/entrevista-axel-vasquez-estilista-guatemalteco-peino-hijos-trump-washington\/\"><\/a><\/div><div class=\"eael-entry-thumbnail \">\n                <img loading=\"lazy\" decoding=\"async\" width=\"1024\" height=\"683\" src=\"https:\/\/soymigrante.com\/revista\/wp-content\/uploads\/2025\/01\/axel-vasquez-1-1024x683.jpg\" class=\"attachment-large size-large wp-image-22406\" alt=\"Maquillaje y peinado para estudiantes de est\u00e9tica en taller de formaci\u00f3n profesional.\" \/>\n            <\/div>\n        <\/div><div class=\"eael-entry-wrapper\"><header class=\"eael-entry-header\"><h2 class=\"eael-entry-title\"><a class=\"eael-grid-post-link\" href=\"https:\/\/soymigrante.com\/revista\/entrevista-axel-vasquez-estilista-guatemalteco-peino-hijos-trump-washington\/\" title=\"El gran sue\u00f1o de Axel V\u00e1squez, exitoso estilista en USA, es abrir una academia en su natal Guatemala\">El gran sue\u00f1o de Axel V\u00e1squez, exitoso estilista en USA, es abrir una academia en su natal Guatemala<\/a><\/h2><\/header><div class=\"eael-entry-content\">\n                        <div class=\"eael-grid-post-excerpt\"><a href=\"https:\/\/soymigrante.com\/revista\/entrevista-axel-vasquez-estilista-guatemalteco-peino-hijos-trump-washington\/\" class=\"eael-post-elements-readmore-btn\">CONOCE SU HISTORIA <\/a><\/div>\n                    <\/div><\/div><\/div>\n        <\/div>\n    <\/article><article class=\"eael-grid-post  eael-post-grid-column eael-pg-post-3915 category-exitos\" data-id=\"3915\">\n        <div class=\"eael-grid-post-holder\">\n            <div class=\"eael-grid-post-holder-inner\"><div class=\"eael-entry-media\"><div class=\"eael-entry-overlay fade-in\"><i class=\"far fa-hand-pointer\" aria-hidden=\"true\"><\/i><a href=\"https:\/\/soymigrante.com\/revista\/hermanos-migrantes-guatemaltecos-barberia-migrante-maryland\/\"><\/a><\/div><div class=\"eael-entry-thumbnail \">\n                <img decoding=\"async\" width=\"393\" height=\"327\" src=\"https:\/\/soymigrante.com\/revista\/wp-content\/uploads\/2023\/12\/hermanos-barberos-prestige.webp\" class=\"attachment-large size-large wp-image-3933\" alt=\"\" srcset=\"https:\/\/soymigrante.com\/revista\/wp-content\/uploads\/2023\/12\/hermanos-barberos-prestige.webp 393w, https:\/\/soymigrante.com\/revista\/wp-content\/uploads\/2023\/12\/hermanos-barberos-prestige-300x250.webp 300w\" sizes=\"(max-width: 393px) 100vw, 393px\" \/>\n            <\/div>\n        <\/div><div class=\"eael-entry-wrapper\"><header class=\"eael-entry-header\"><h2 class=\"eael-entry-title\"><a class=\"eael-grid-post-link\" href=\"https:\/\/soymigrante.com\/revista\/hermanos-migrantes-guatemaltecos-barberia-migrante-maryland\/\" title=\"Hermanos migrantes de Olintepeque atienden su barber\u00eda en Hyattsville, Maryland\">Hermanos migrantes de Olintepeque atienden su barber\u00eda en Hyattsville, Maryland<\/a><\/h2><\/header><div class=\"eael-entry-content\">\n                        <div class=\"eael-grid-post-excerpt\"><a href=\"https:\/\/soymigrante.com\/revista\/hermanos-migrantes-guatemaltecos-barberia-migrante-maryland\/\" class=\"eael-post-elements-readmore-btn\">CONOCE SU HISTORIA <\/a><\/div>\n                    <\/div><\/div><\/div>\n        <\/div>\n    <\/article><article class=\"eael-grid-post  eael-post-grid-column eael-pg-post-3799 category-exitos\" data-id=\"3799\">\n        <div class=\"eael-grid-post-holder\">\n            <div class=\"eael-grid-post-holder-inner\"><div class=\"eael-entry-media\"><div class=\"eael-entry-overlay fade-in\"><i class=\"far fa-hand-pointer\" aria-hidden=\"true\"><\/i><a href=\"https:\/\/soymigrante.com\/revista\/migrante-estilista-guatemalteco-sergio-arevalo-increible-historia-ayuda-ninez\/\"><\/a><\/div><div class=\"eael-entry-thumbnail \">\n                <img loading=\"lazy\" decoding=\"async\" width=\"1024\" height=\"883\" src=\"https:\/\/soymigrante.com\/revista\/wp-content\/uploads\/2023\/12\/sergio-fernando-arevalo-chilera-1024x883.webp\" class=\"attachment-large size-large wp-image-3800\" alt=\"sergio fernando arevalo chilera\" srcset=\"https:\/\/soymigrante.com\/revista\/wp-content\/uploads\/2023\/12\/sergio-fernando-arevalo-chilera-1024x883.webp 1024w, https:\/\/soymigrante.com\/revista\/wp-content\/uploads\/2023\/12\/sergio-fernando-arevalo-chilera-300x259.webp 300w, https:\/\/soymigrante.com\/revista\/wp-content\/uploads\/2023\/12\/sergio-fernando-arevalo-chilera-768x662.webp 768w, https:\/\/soymigrante.com\/revista\/wp-content\/uploads\/2023\/12\/sergio-fernando-arevalo-chilera-750x646.jpg 750w, https:\/\/soymigrante.com\/revista\/wp-content\/uploads\/2023\/12\/sergio-fernando-arevalo-chilera-1140x983.jpg 1140w, https:\/\/soymigrante.com\/revista\/wp-content\/uploads\/2023\/12\/sergio-fernando-arevalo-chilera.webp 1333w\" sizes=\"(max-width: 1024px) 100vw, 1024px\" \/>\n            <\/div>\n        <\/div><div class=\"eael-entry-wrapper\"><header class=\"eael-entry-header\"><h2 class=\"eael-entry-title\"><a class=\"eael-grid-post-link\" href=\"https:\/\/soymigrante.com\/revista\/migrante-estilista-guatemalteco-sergio-arevalo-increible-historia-ayuda-ninez\/\" title=\"&#8220;Nunca paro de so\u00f1ar&#8221;: la incre\u00edble historia del estilista y migrante Sergio Fernando Ar\u00e9valo\">&#8220;Nunca paro de so\u00f1ar&#8221;: la incre\u00edble historia del estilista y migrante Sergio Fernando Ar\u00e9valo<\/a><\/h2><\/header><div class=\"eael-entry-content\">\n                        <div class=\"eael-grid-post-excerpt\"><a href=\"https:\/\/soymigrante.com\/revista\/migrante-estilista-guatemalteco-sergio-arevalo-increible-historia-ayuda-ninez\/\" class=\"eael-post-elements-readmore-btn\">CONOCE SU HISTORIA <\/a><\/div>\n                    <\/div><\/div><\/div>\n        <\/div>\n    <\/article><\/div>\n            <div class=\"clearfix\"><\/div>\n        <\/div>\t\t\t\t<\/div>\n\t\t\t\t\t<\/div>\n\t\t\t\t<\/div>\n\t\t\t\t<\/div>\n\t\t","protected":false},"excerpt":{"rendered":"<p>Todos los barberos guatemaltecos est\u00e1n invitados al encuentro Utz Barber 2025, en el Sal\u00f3n Municipal de Olintepeque, Quetzaltenango, el 26 de febrero. El evento tendr\u00e1 expositores de Guatemala, Colombia, Per\u00fa y USA, gracias al entusiasmo de los migrantes Marcos y Henry P\u00e9rez. Los migrantes guatemaltecos buscan ayudar de una u otra forma a sus comunidades [&hellip;]<\/p>\n","protected":false},"author":7,"featured_media":26012,"comment_status":"open","ping_status":"open","sticky":false,"template":"","format":"standard","meta":{"_acf_changed":false,"_eb_attr":"","footnotes":""},"categories":[54],"tags":[],"class_list":["post-26010","post","type-post","status-publish","format-standard","has-post-thumbnail","hentry","category-estamos-unidos"],"acf":[],"aioseo_notices":[],"aioseo_head":"\n\t\t<!-- All in One SEO Pro 4.9.6.2 - aioseo.com -->\n\t<meta name=\"description\" content=\"Sufri\u00f3 pobreza, violencia intrafamiliar y burlas en sus inicios dentro del mundo de la belleza: pero nada bloquea los sue\u00f1os del migrante y estilista de estrellas, que cre\u00f3 una l\u00ednea de cepillos para destinar las ventas a ayuda educativa de la ni\u00f1ez de zonas rurales de su natal Guatemala. \u00c9l relata su camino. Sergio Fernando\" \/>\n\t<meta name=\"robots\" content=\"max-snippet:-1, max-image-preview:large, max-video-preview:-1\" \/>\n\t<meta name=\"author\" content=\"Gustavo Montenegro\"\/>\n\t<link rel=\"canonical\" href=\"https:\/\/soymigrante.com\/revista\/migrantes-impulsan-festival-internacional-utz-barber-en-olintepeque-invitan-a-participar\/\" \/>\n\t<meta name=\"generator\" content=\"All in One SEO Pro (AIOSEO) 4.9.6.2\" \/>\n\n\t\t<link rel=\"preconnect\" href=\"https:\/\/fonts.googleapis.com\" crossorigin>\n<link rel=\"preconnect\" href=\"https:\/\/fonts.gstatic.com\" crossorigin>\n\t\t<meta property=\"og:locale\" content=\"es_ES\" \/>\n\t\t<meta property=\"og:site_name\" content=\"SoyMigrante.com REVISTA \u2013 Nuestra misi\u00f3n es reconocer y dignificar al migrante.\" \/>\n\t\t<meta property=\"og:type\" content=\"article\" \/>\n\t\t<meta property=\"og:title\" content=\"Migrantes organizan festival de barberos en Olintepeque\" \/>\n\t\t<meta property=\"og:description\" content=\"Barberos guatemaltecos pueden asistir al encuentro internacional Utz Barber, en Olintepeque, Quetzaltenango el 26 de febrero. Habr\u00e1 charlas, concursos y premios\" \/>\n\t\t<meta property=\"og:url\" content=\"https:\/\/soymigrante.com\/revista\/migrantes-impulsan-festival-internacional-utz-barber-en-olintepeque-invitan-a-participar\/\" \/>\n\t\t<meta property=\"og:image\" content=\"https:\/\/soymigrante.com\/revista\/wp-content\/uploads\/2025\/02\/Imagen-de-WhatsApp-2025-02-19-a-las-134932_022637d5.webp\" \/>\n\t\t<meta property=\"og:image:secure_url\" content=\"https:\/\/soymigrante.com\/revista\/wp-content\/uploads\/2025\/02\/Imagen-de-WhatsApp-2025-02-19-a-las-134932_022637d5.webp\" \/>\n\t\t<meta property=\"og:image:width\" content=\"1037\" \/>\n\t\t<meta property=\"og:image:height\" content=\"1037\" \/>\n\t\t<meta property=\"article:published_time\" content=\"2025-02-19T23:01:25+00:00\" \/>\n\t\t<meta property=\"article:modified_time\" content=\"2025-03-10T21:19:19+00:00\" \/>\n\t\t<meta property=\"article:publisher\" content=\"https:\/\/www.facebook.com\/soymigrantecom\" \/>\n\t\t<meta name=\"twitter:card\" content=\"summary_large_image\" \/>\n\t\t<meta name=\"twitter:site\" content=\"@SoyMigrante_com\" \/>\n\t\t<meta name=\"twitter:title\" content=\"Migrantes organizan festival de barberos en Olintepeque\" \/>\n\t\t<meta name=\"twitter:description\" content=\"Barberos guatemaltecos pueden asistir al encuentro internacional Utz Barber, en Olintepeque, Quetzaltenango el 26 de febrero. Habr\u00e1 charlas, concursos y premios\" \/>\n\t\t<meta name=\"twitter:creator\" content=\"@SoyMigrante_com\" \/>\n\t\t<meta name=\"twitter:image\" content=\"https:\/\/soymigrante.com\/revista\/wp-content\/uploads\/2025\/02\/Imagen-de-WhatsApp-2025-02-19-a-las-134932_022637d5.webp\" \/>\n\t\t<!-- All in One SEO Pro -->\r\n\t\t<title>Migrantes organizan festival de barberos en Olintepeque<\/title>\n\n","aioseo_head_json":{"title":"Migrantes organizan festival de barberos en Olintepeque","description":"Barberos guatemaltecos pueden asistir al encuentro internacional Utz Barber, en Olintepeque, Quetzaltenango el 26 de febrero. Habr\u00e1 charlas, concursos y premios","canonical_url":"https:\/\/soymigrante.com\/revista\/migrantes-impulsan-festival-internacional-utz-barber-en-olintepeque-invitan-a-participar\/","robots":"max-snippet:-1, max-image-preview:large, max-video-preview:-1","keywords":"","webmasterTools":{"miscellaneous":"&lt;link rel=\"preconnect\" href=\"https:\/\/fonts.googleapis.com\" crossorigin&gt;\n&lt;link rel=\"preconnect\" href=\"https:\/\/fonts.gstatic.com\" crossorigin&gt;"},"schema":null,"og:locale":"es_ES","og:site_name":"SoyMigrante.com REVISTA \u2013 Nuestra misi\u00f3n es reconocer y dignificar al migrante.","og:type":"article","og:title":"Migrantes organizan festival de barberos en Olintepeque","og:description":"Barberos guatemaltecos pueden asistir al encuentro internacional Utz Barber, en Olintepeque, Quetzaltenango el 26 de febrero. Habr\u00e1 charlas, concursos y premios","og:url":"https:\/\/soymigrante.com\/revista\/migrantes-impulsan-festival-internacional-utz-barber-en-olintepeque-invitan-a-participar\/","og:image":"https:\/\/soymigrante.com\/revista\/wp-content\/uploads\/2025\/02\/Imagen-de-WhatsApp-2025-02-19-a-las-134932_022637d5.webp","og:image:secure_url":"https:\/\/soymigrante.com\/revista\/wp-content\/uploads\/2025\/02\/Imagen-de-WhatsApp-2025-02-19-a-las-134932_022637d5.webp","og:image:width":1037,"og:image:height":1037,"article:published_time":"2025-02-19T23:01:25+00:00","article:modified_time":"2025-03-10T21:19:19+00:00","article:publisher":"https:\/\/www.facebook.com\/soymigrantecom","twitter:card":"summary_large_image","twitter:site":"@SoyMigrante_com","twitter:title":"Migrantes organizan festival de barberos en Olintepeque","twitter:description":"Barberos guatemaltecos pueden asistir al encuentro internacional Utz Barber, en Olintepeque, Quetzaltenango el 26 de febrero. Habr\u00e1 charlas, concursos y premios","twitter:creator":"@SoyMigrante_com","twitter:image":"https:\/\/soymigrante.com\/revista\/wp-content\/uploads\/2025\/02\/Imagen-de-WhatsApp-2025-02-19-a-las-134932_022637d5.webp"},"aioseo_meta_data":{"post_id":"26010","title":"Migrantes organizan festival de barberos en Olintepeque","description":"Barberos guatemaltecos pueden asistir al encuentro internacional Utz Barber, en Olintepeque, Quetzaltenango el 26 de febrero. Habr\u00e1 charlas, concursos y premios","keywords":null,"keyphrases":{"focus":{"keyphrase":"Utz Barber","score":69,"analysis":{"keyphraseInTitle":{"score":3,"maxScore":9,"error":1},"keyphraseInDescription":{"score":9,"maxScore":9,"error":0},"keyphraseLength":{"score":9,"maxScore":9,"error":0,"length":2},"keyphraseInURL":{"score":1,"maxScore":5,"error":1}}},"additional":[{"keyphrase":"Barber\u00eda","score":67,"analysis":{"keyphraseInDescription":{"score":3,"maxScore":9,"error":1},"keyphraseLength":{"score":9,"maxScore":9,"error":0,"length":2}}},{"keyphrase":"Barberos","score":100,"analysis":{"keyphraseInDescription":{"score":9,"maxScore":9,"error":0},"keyphraseLength":{"score":9,"maxScore":9,"error":0,"length":1}}},{"keyphrase":"Olintepeque","score":100,"analysis":{"keyphraseInDescription":{"score":9,"maxScore":9,"error":0},"keyphraseLength":{"score":9,"maxScore":9,"error":0,"length":1}}},{"keyphrase":"Encuentro internacional","score":100,"analysis":{"keyphraseInDescription":{"score":9,"maxScore":9,"error":0},"keyphraseLength":{"score":9,"maxScore":9,"error":0,"length":2}}},{"keyphrase":"Migrantes","score":67,"analysis":{"keyphraseInDescription":{"score":3,"maxScore":9,"error":1},"keyphraseLength":{"score":9,"maxScore":9,"error":0,"length":1}}},{"keyphrase":"Maryland","score":67,"analysis":{"keyphraseInDescription":{"score":3,"maxScore":9,"error":1},"keyphraseLength":{"score":9,"maxScore":9,"error":0,"length":1}}}]},"primary_term":null,"canonical_url":null,"og_title":null,"og_description":null,"og_object_type":"default","og_image_type":"default","og_image_url":null,"og_image_width":null,"og_image_height":null,"og_image_custom_url":null,"og_image_custom_fields":null,"og_video":"","og_custom_url":null,"og_article_section":null,"og_article_tags":null,"twitter_use_og":false,"twitter_card":"default","twitter_image_type":"default","twitter_image_url":null,"twitter_image_custom_url":null,"twitter_image_custom_fields":null,"twitter_title":null,"twitter_description":null,"schema":{"blockGraphs":[],"customGraphs":[],"default":{"data":{"Article":[],"Course":[],"Dataset":[],"FAQPage":[],"Movie":[],"Person":[],"Product":[],"ProductReview":[],"Car":[],"Recipe":[],"Service":[],"SoftwareApplication":[],"WebPage":[]},"graphName":"BlogPosting","isEnabled":true},"graphs":[]},"schema_type":"default","schema_type_options":null,"pillar_content":false,"robots_default":true,"robots_noindex":false,"robots_noarchive":false,"robots_nosnippet":false,"robots_nofollow":false,"robots_noimageindex":false,"robots_noodp":false,"robots_notranslate":false,"robots_max_snippet":"-1","robots_max_videopreview":"-1","robots_max_imagepreview":"large","priority":null,"frequency":"default","local_seo":null,"seo_analyzer_scan_date":"2025-10-09 02:48:05","breadcrumb_settings":null,"limit_modified_date":false,"reviewed_by":null,"open_ai":"{\"title\":{\"suggestions\":[],\"usage\":0},\"description\":{\"suggestions\":[],\"usage\":0}}","ai":null,"created":"2025-02-19 20:29:36","updated":"2026-02-04 21:44:34"},"aioseo_breadcrumb":"<div class=\"aioseo-breadcrumbs\"><span class=\"aioseo-breadcrumb\">\n\t<a href=\"https:\/\/soymigrante.com\/revista\" title=\"Home\">Home<\/a>\n<\/span><span class=\"aioseo-breadcrumb-separator\">\u00bb<\/span><span class=\"aioseo-breadcrumb\">\n\t<a href=\"https:\/\/soymigrante.com\/revista\/category\/estamos-unidos\/\" title=\"Estamos Unidos\">Estamos Unidos<\/a>\n<\/span><span class=\"aioseo-breadcrumb-separator\">\u00bb<\/span><span class=\"aioseo-breadcrumb\">\n\tMigrantes impulsan Festival Internacional Utz Barber en Olintepeque e invitan a participar\n<\/span><\/div>","aioseo_breadcrumb_json":[{"label":"Home","link":"https:\/\/soymigrante.com\/revista"},{"label":"Estamos Unidos","link":"https:\/\/soymigrante.com\/revista\/category\/estamos-unidos\/"},{"label":"Migrantes impulsan Festival Internacional Utz Barber en Olintepeque e invitan a participar","link":"https:\/\/soymigrante.com\/revista\/migrantes-impulsan-festival-internacional-utz-barber-en-olintepeque-invitan-a-participar\/"}],"_links":{"self":[{"href":"https:\/\/soymigrante.com\/revista\/wp-json\/wp\/v2\/posts\/26010","targetHints":{"allow":["GET"]}}],"collection":[{"href":"https:\/\/soymigrante.com\/revista\/wp-json\/wp\/v2\/posts"}],"about":[{"href":"https:\/\/soymigrante.com\/revista\/wp-json\/wp\/v2\/types\/post"}],"author":[{"embeddable":true,"href":"https:\/\/soymigrante.com\/revista\/wp-json\/wp\/v2\/users\/7"}],"replies":[{"embeddable":true,"href":"https:\/\/soymigrante.com\/revista\/wp-json\/wp\/v2\/comments?post=26010"}],"version-history":[{"count":0,"href":"https:\/\/soymigrante.com\/revista\/wp-json\/wp\/v2\/posts\/26010\/revisions"}],"wp:featuredmedia":[{"embeddable":true,"href":"https:\/\/soymigrante.com\/revista\/wp-json\/wp\/v2\/media\/26012"}],"wp:attachment":[{"href":"https:\/\/soymigrante.com\/revista\/wp-json\/wp\/v2\/media?parent=26010"}],"wp:term":[{"taxonomy":"category","embeddable":true,"href":"https:\/\/soymigrante.com\/revista\/wp-json\/wp\/v2\/categories?post=26010"},{"taxonomy":"post_tag","embeddable":true,"href":"https:\/\/soymigrante.com\/revista\/wp-json\/wp\/v2\/tags?post=26010"}],"curies":[{"name":"wp","href":"https:\/\/api.w.org\/{rel}","templated":true}]}}