{"id":2600,"date":"2023-09-16T19:59:02","date_gmt":"2023-09-16T19:59:02","guid":{"rendered":"https:\/\/soymigrante.com\/revista\/?p=2600"},"modified":"2024-07-30T11:57:48","modified_gmt":"2024-07-30T17:57:48","slug":"yezenia-y-daniel-migrantes-guatemaltecos-festejaron-25-anos-de-amor-en-su-tierra","status":"publish","type":"post","link":"https:\/\/soymigrante.com\/revista\/yezenia-y-daniel-migrantes-guatemaltecos-festejaron-25-anos-de-amor-en-su-tierra\/","title":{"rendered":"Migrantes guatemaltecos Yezenia y Daniel festejan en su tierra 25 a\u00f1os de amor"},"content":{"rendered":"\t\t<div data-elementor-type=\"wp-post\" data-elementor-id=\"2600\" class=\"elementor elementor-2600\" data-elementor-post-type=\"post\">\n\t\t\t\t\t\t<section data-particle_enable=\"false\" data-particle-mobile-disabled=\"false\" class=\"elementor-section elementor-top-section elementor-element elementor-element-452a6d6 elementor-section-boxed elementor-section-height-default elementor-section-height-default\" data-id=\"452a6d6\" data-element_type=\"section\" data-e-type=\"section\">\n\t\t\t\t\t\t<div class=\"elementor-container elementor-column-gap-default\">\n\t\t\t\t\t<div class=\"elementor-column elementor-col-100 elementor-top-column elementor-element elementor-element-fac25a5\" data-id=\"fac25a5\" data-element_type=\"column\" data-e-type=\"column\">\n\t\t\t<div class=\"elementor-widget-wrap elementor-element-populated\">\n\t\t\t\t\t\t<div class=\"elementor-element elementor-element-f937ce2 elementor-widget elementor-widget-heading\" data-id=\"f937ce2\" data-element_type=\"widget\" data-e-type=\"widget\" data-widget_type=\"heading.default\">\n\t\t\t\t\t<h1 class=\"elementor-heading-title elementor-size-default\">Tras coordinar las vacaciones en sus trabajos y de los estudios de sus dos hijas en Maryland, Estados Unidos, los migrantes guatemaltecos Daniel y Yezenia celebraron sus 25 a\u00f1os de matrimonio en Monterrico... y algunos lugares m\u00e1s de su pa\u00eds.<\/h1>\t\t\t\t<\/div>\n\t\t\t\t\t<\/div>\n\t\t<\/div>\n\t\t\t\t\t<\/div>\n\t\t<\/section>\n\t\t\t\t<section data-particle_enable=\"false\" data-particle-mobile-disabled=\"false\" class=\"elementor-section elementor-top-section elementor-element elementor-element-4424060 elementor-section-boxed elementor-section-height-default elementor-section-height-default\" data-id=\"4424060\" data-element_type=\"section\" data-e-type=\"section\">\n\t\t\t\t\t\t<div class=\"elementor-container elementor-column-gap-default\">\n\t\t\t\t\t<div class=\"elementor-column elementor-col-100 elementor-top-column elementor-element elementor-element-4eeae64\" data-id=\"4eeae64\" data-element_type=\"column\" data-e-type=\"column\">\n\t\t\t<div class=\"elementor-widget-wrap elementor-element-populated\">\n\t\t\t\t\t\t<div class=\"elementor-element elementor-element-872d8b2 elementor-widget elementor-widget-image\" data-id=\"872d8b2\" data-element_type=\"widget\" data-e-type=\"widget\" data-widget_type=\"image.default\">\n\t\t\t\t\t\t\t\t\t\t\t\t<figure class=\"wp-caption\">\n\t\t\t\t\t\t\t\t\t\t<img fetchpriority=\"high\" decoding=\"async\" width=\"768\" height=\"504\" src=\"https:\/\/soymigrante.com\/revista\/wp-content\/uploads\/2023\/09\/Captura-de-pantalla-2023-09-14-192402-1024x672.webp\" class=\"attachment-large size-large wp-image-2603\" alt=\"Yezenia Mart\u00ednez de Letr\u00e1n estaba nerviosa para esta fotograf\u00eda, pero el caballito era manso y la brisa marina en la barra de Monterrico, Taxisco Santa Rosa era relajante. Un sue\u00f1o cumplido gracias a su familia y amigos.\" srcset=\"https:\/\/soymigrante.com\/revista\/wp-content\/uploads\/2023\/09\/Captura-de-pantalla-2023-09-14-192402-1024x672.webp 1024w, https:\/\/soymigrante.com\/revista\/wp-content\/uploads\/2023\/09\/Captura-de-pantalla-2023-09-14-192402-300x197.webp 300w, https:\/\/soymigrante.com\/revista\/wp-content\/uploads\/2023\/09\/Captura-de-pantalla-2023-09-14-192402-768x504.webp 768w, https:\/\/soymigrante.com\/revista\/wp-content\/uploads\/2023\/09\/Captura-de-pantalla-2023-09-14-192402-750x492.webp 750w, https:\/\/soymigrante.com\/revista\/wp-content\/uploads\/2023\/09\/Captura-de-pantalla-2023-09-14-192402-1140x749.webp 1140w, https:\/\/soymigrante.com\/revista\/wp-content\/uploads\/2023\/09\/Captura-de-pantalla-2023-09-14-192402.webp 1223w\" sizes=\"(max-width: 768px) 100vw, 768px\" title=\"Yezenia Mart\u00ednez de Letr\u00e1n estaba nerviosa para esta fotograf\u00eda, pero el caballito era manso y la brisa marina en la barra de Monterrico, Taxisco Santa Rosa era relajante. Un sue\u00f1o cumplido gracias a su familia y amigos. \u2013 SoyMigrante.com REVISTA\" \/>\t\t\t\t\t\t\t\t\t\t\t<figcaption class=\"widget-image-caption wp-caption-text\">Yezenia Mart\u00ednez de Letr\u00e1n estaba nerviosa para esta fotograf\u00eda, pero el caballito era manso y la brisa marina en la barra de Monterrico, Taxisco Santa Rosa era relajante. Un sue\u00f1o cumplido gracias a su familia y amigos.<\/figcaption>\n\t\t\t\t\t\t\t\t\t\t<\/figure>\n\t\t\t\t\t\t\t\t\t<\/div>\n\t\t\t\t\t<\/div>\n\t\t<\/div>\n\t\t\t\t\t<\/div>\n\t\t<\/section>\n\t\t\t\t<section data-particle_enable=\"false\" data-particle-mobile-disabled=\"false\" class=\"elementor-section elementor-top-section elementor-element elementor-element-9a0591d elementor-section-boxed elementor-section-height-default elementor-section-height-default\" data-id=\"9a0591d\" data-element_type=\"section\" data-e-type=\"section\">\n\t\t\t\t\t\t<div class=\"elementor-container elementor-column-gap-default\">\n\t\t\t\t\t<div class=\"elementor-column elementor-col-100 elementor-top-column elementor-element elementor-element-fcea41c\" data-id=\"fcea41c\" data-element_type=\"column\" data-e-type=\"column\">\n\t\t\t<div class=\"elementor-widget-wrap elementor-element-populated\">\n\t\t\t\t\t\t<div class=\"elementor-element elementor-element-02148d6 elementor-widget elementor-widget-heading\" data-id=\"02148d6\" data-element_type=\"widget\" data-e-type=\"widget\" data-widget_type=\"heading.default\">\n\t\t\t\t\t<h2 class=\"elementor-heading-title elementor-size-default\">\u00bfC\u00f3mo fue el inicio de su vida en Estados Unidos? <\/h2>\t\t\t\t<\/div>\n\t\t\t\t\t<\/div>\n\t\t<\/div>\n\t\t\t\t\t<\/div>\n\t\t<\/section>\n\t\t\t\t<section data-particle_enable=\"false\" data-particle-mobile-disabled=\"false\" class=\"elementor-section elementor-top-section elementor-element elementor-element-f3f37bc elementor-section-boxed elementor-section-height-default elementor-section-height-default\" data-id=\"f3f37bc\" data-element_type=\"section\" data-e-type=\"section\">\n\t\t\t\t\t\t<div class=\"elementor-container elementor-column-gap-default\">\n\t\t\t\t\t<div class=\"elementor-column elementor-col-100 elementor-top-column elementor-element elementor-element-d226254\" data-id=\"d226254\" data-element_type=\"column\" data-e-type=\"column\">\n\t\t\t<div class=\"elementor-widget-wrap elementor-element-populated\">\n\t\t\t\t\t\t<div class=\"elementor-element elementor-element-cc0f676 elementor-widget elementor-widget-text-editor\" data-id=\"cc0f676\" data-element_type=\"widget\" data-e-type=\"widget\" data-widget_type=\"text-editor.default\">\n\t\t\t\t\t\t\t\t\t<p>Ella: &#8220;Al llegar a Estados Unidos en 1998 nos establecimos en Washington D.C., yo entr\u00e9 a trabajar en cocina de restaurante. Nunca hab\u00eda hecho eso. Lo m\u00e1s duro era tener que lavar verduras con agua congelada. Me hab\u00eda graduado en Tiquisate, Escuintla, de diversificado pero nada de eso me serv\u00eda all\u00e1. Fue como empezar de nuevo&#8221;<\/p><p>\u00c9l: &#8220;Yo hab\u00eda trabajado en\u00a0 una cooperativa en Tiquisate, Escuintla. Pero ninguno de los conocimientos aplicaba en Estados Unidos. La principal y mayor barrera fue el ingl\u00e9s. Comenc\u00e9 a trabajar en cadenas de comida r\u00e1pida. Estuve en cocina y los turnos eran largos&#8221;<\/p>\t\t\t\t\t\t\t\t<\/div>\n\t\t\t\t\t<\/div>\n\t\t<\/div>\n\t\t\t\t\t<\/div>\n\t\t<\/section>\n\t\t\t\t<section data-particle_enable=\"false\" data-particle-mobile-disabled=\"false\" class=\"elementor-section elementor-top-section elementor-element elementor-element-d4e05b5 elementor-section-boxed elementor-section-height-default elementor-section-height-default\" data-id=\"d4e05b5\" data-element_type=\"section\" data-e-type=\"section\">\n\t\t\t\t\t\t<div class=\"elementor-container elementor-column-gap-default\">\n\t\t\t\t\t<div class=\"elementor-column elementor-col-100 elementor-top-column elementor-element elementor-element-37f30dd\" data-id=\"37f30dd\" data-element_type=\"column\" data-e-type=\"column\">\n\t\t\t<div class=\"elementor-widget-wrap elementor-element-populated\">\n\t\t\t\t\t\t<div class=\"elementor-element elementor-element-236cae4 elementor-widget elementor-widget-heading\" data-id=\"236cae4\" data-element_type=\"widget\" data-e-type=\"widget\" data-widget_type=\"heading.default\">\n\t\t\t\t\t<h2 class=\"elementor-heading-title elementor-size-default\">\u00bfCu\u00e1l ha sido su mayor desaf\u00edo? <\/h2>\t\t\t\t<\/div>\n\t\t\t\t\t<\/div>\n\t\t<\/div>\n\t\t\t\t\t<\/div>\n\t\t<\/section>\n\t\t\t\t<section data-particle_enable=\"false\" data-particle-mobile-disabled=\"false\" class=\"elementor-section elementor-top-section elementor-element elementor-element-e615ef3 elementor-section-boxed elementor-section-height-default elementor-section-height-default\" data-id=\"e615ef3\" data-element_type=\"section\" data-e-type=\"section\">\n\t\t\t\t\t\t<div class=\"elementor-container elementor-column-gap-default\">\n\t\t\t\t\t<div class=\"elementor-column elementor-col-100 elementor-top-column elementor-element elementor-element-8c07f9d\" data-id=\"8c07f9d\" data-element_type=\"column\" data-e-type=\"column\">\n\t\t\t<div class=\"elementor-widget-wrap elementor-element-populated\">\n\t\t\t\t\t\t<div class=\"elementor-element elementor-element-5e83a2b elementor-widget elementor-widget-image\" data-id=\"5e83a2b\" data-element_type=\"widget\" data-e-type=\"widget\" data-widget_type=\"image.default\">\n\t\t\t\t\t\t\t\t\t\t\t\t<figure class=\"wp-caption\">\n\t\t\t\t\t\t\t\t\t\t<img decoding=\"async\" width=\"768\" height=\"494\" src=\"https:\/\/soymigrante.com\/revista\/wp-content\/uploads\/2023\/09\/Captura-de-pantalla-2023-09-14-192523.webp\" class=\"attachment-large size-large wp-image-2601\" alt=\"Los migrantes guatemaltecos Daniel y Yezenia, junto a sus hijas Allison y Kimberly Letr\u00e1n Mart\u00ednez, posan con alegr\u00eda poco antes de la ceremonia en la cual conmemoraron 25 a\u00f1os de matrimonio en la playa de Monterrico, Taxisco, Santa Rosa, Guatemala.\" srcset=\"https:\/\/soymigrante.com\/revista\/wp-content\/uploads\/2023\/09\/Captura-de-pantalla-2023-09-14-192523.webp 918w, https:\/\/soymigrante.com\/revista\/wp-content\/uploads\/2023\/09\/Captura-de-pantalla-2023-09-14-192523-300x193.webp 300w, https:\/\/soymigrante.com\/revista\/wp-content\/uploads\/2023\/09\/Captura-de-pantalla-2023-09-14-192523-768x494.webp 768w, https:\/\/soymigrante.com\/revista\/wp-content\/uploads\/2023\/09\/Captura-de-pantalla-2023-09-14-192523-750x483.webp 750w\" sizes=\"(max-width: 768px) 100vw, 768px\" title=\"Los migrantes guatemaltecos Daniel y Yezenia, junto a sus hijas Allison y  Kimberly Letr\u00e1n Mart\u00ednez, posan con alegr\u00eda poco antes de la ceremonia en la cual conmemoraron 25 a\u00f1os de matrimonio en la playa de Monterrico, Taxisco, Santa Rosa, Guatemala. \u2013 SoyMigrante.com REVISTA\" \/>\t\t\t\t\t\t\t\t\t\t\t<figcaption class=\"widget-image-caption wp-caption-text\">Los migrantes guatemaltecos Daniel y Yezenia, junto a sus hijas Allison y  Kimberly Letr\u00e1n Mart\u00ednez, posan con alegr\u00eda poco antes de la ceremonia en la cual conmemoraron 25 a\u00f1os de matrimonio en la playa de Monterrico, Taxisco, Santa Rosa, Guatemala.<\/figcaption>\n\t\t\t\t\t\t\t\t\t\t<\/figure>\n\t\t\t\t\t\t\t\t\t<\/div>\n\t\t\t\t\t<\/div>\n\t\t<\/div>\n\t\t\t\t\t<\/div>\n\t\t<\/section>\n\t\t\t\t<section data-particle_enable=\"false\" data-particle-mobile-disabled=\"false\" class=\"elementor-section elementor-top-section elementor-element elementor-element-d4464ba elementor-section-boxed elementor-section-height-default elementor-section-height-default\" data-id=\"d4464ba\" data-element_type=\"section\" data-e-type=\"section\">\n\t\t\t\t\t\t<div class=\"elementor-container elementor-column-gap-default\">\n\t\t\t\t\t<div class=\"elementor-column elementor-col-100 elementor-top-column elementor-element elementor-element-ecd0390\" data-id=\"ecd0390\" data-element_type=\"column\" data-e-type=\"column\">\n\t\t\t<div class=\"elementor-widget-wrap elementor-element-populated\">\n\t\t\t\t\t\t<div class=\"elementor-element elementor-element-b073ee0 elementor-widget elementor-widget-text-editor\" data-id=\"b073ee0\" data-element_type=\"widget\" data-e-type=\"widget\" data-widget_type=\"text-editor.default\">\n\t\t\t\t\t\t\t\t\t<p><span style=\"font-family: Roboto, sans-serif; font-size: 16px; font-style: normal; font-variant-ligatures: normal; font-variant-caps: normal; font-weight: 400; color: var( --e-global-color-text ); background-color: var(--ak-bg-color);\">Ella: &#8220;El mayor reto ha sido el cuidado de nuestas hijas. Kimberly y Allison, que nacieron en Estados Unidos. Tratar de dedicarles el mayor tiempo posible y proveerles de lo necesario Los turnos a veces eran largos y uno busca cuidar bien de ellas el mayor tiempo posible. A veces no siempre juntos pero al menos que uno de los dos a lo largo del d\u00eda&#8221;.<\/span><\/p><p style=\"font-style: normal; font-variant-ligatures: normal; font-variant-caps: normal; font-weight: 400; font-size: 16px; font-family: Roboto, sans-serif;\">\u00c9l: &#8220;Encontr\u00e9 un trabajo en el \u00e1rea de conserjer\u00eda de una escuela cat\u00f3lica privada de Maryland, con un horario que nos permiti\u00f3 con mi esposa tratar de estar con nuestras hijas el mayor tiempo posible. En el d\u00eda a d\u00eda del trabajo de restaurante fui dominango el ingl\u00e9s, y pas\u00e9 desde la cocina hasta ser el manager de una sucursal. Pero despu\u00e9s surgi\u00f3 la oportunidad en la escuela, donde a\u00fan estamos&#8221;.<\/p>\t\t\t\t\t\t\t\t<\/div>\n\t\t\t\t\t<\/div>\n\t\t<\/div>\n\t\t\t\t\t<\/div>\n\t\t<\/section>\n\t\t\t\t<section data-particle_enable=\"false\" data-particle-mobile-disabled=\"false\" class=\"elementor-section elementor-top-section elementor-element elementor-element-e28e4b5 elementor-section-boxed elementor-section-height-default elementor-section-height-default\" data-id=\"e28e4b5\" data-element_type=\"section\" data-e-type=\"section\">\n\t\t\t\t\t\t<div class=\"elementor-container elementor-column-gap-default\">\n\t\t\t\t\t<div class=\"elementor-column elementor-col-100 elementor-top-column elementor-element elementor-element-686610e\" data-id=\"686610e\" data-element_type=\"column\" data-e-type=\"column\">\n\t\t\t<div class=\"elementor-widget-wrap elementor-element-populated\">\n\t\t\t\t\t\t<div class=\"elementor-element elementor-element-cfd0acc elementor-widget elementor-widget-heading\" data-id=\"cfd0acc\" data-element_type=\"widget\" data-e-type=\"widget\" data-widget_type=\"heading.default\">\n\t\t\t\t\t<h2 class=\"elementor-heading-title elementor-size-default\">\u00bfPor qu\u00e9 celebrar sus 25 a\u00f1os en una playa de Guatemala?<\/h2>\t\t\t\t<\/div>\n\t\t\t\t\t<\/div>\n\t\t<\/div>\n\t\t\t\t\t<\/div>\n\t\t<\/section>\n\t\t\t\t<section data-particle_enable=\"false\" data-particle-mobile-disabled=\"false\" class=\"elementor-section elementor-top-section elementor-element elementor-element-145d4a2 elementor-section-boxed elementor-section-height-default elementor-section-height-default\" data-id=\"145d4a2\" data-element_type=\"section\" data-e-type=\"section\">\n\t\t\t\t\t\t<div class=\"elementor-container elementor-column-gap-default\">\n\t\t\t\t\t<div class=\"elementor-column elementor-col-100 elementor-top-column elementor-element elementor-element-8049195\" data-id=\"8049195\" data-element_type=\"column\" data-e-type=\"column\">\n\t\t\t<div class=\"elementor-widget-wrap elementor-element-populated\">\n\t\t\t\t\t\t<div class=\"elementor-element elementor-element-5ce1ca5 elementor-widget elementor-widget-image\" data-id=\"5ce1ca5\" data-element_type=\"widget\" data-e-type=\"widget\" data-widget_type=\"image.default\">\n\t\t\t\t\t\t\t\t\t\t\t\t<figure class=\"wp-caption\">\n\t\t\t\t\t\t\t\t\t\t<img decoding=\"async\" width=\"768\" height=\"587\" src=\"https:\/\/soymigrante.com\/revista\/wp-content\/uploads\/2023\/09\/Captura-de-pantalla-2023-09-14-192044-1024x783.webp\" class=\"attachment-large size-large wp-image-2608\" alt=\"Esfuerzos, alegr\u00edas, penas, sue\u00f1os a lo largo de 25 a\u00f1os de vida matrimonial se concentraron en un instante de alegr\u00eda en la playa de Monterrico, Guatemala, para los esposos Letr\u00e1n Mart\u00ednez.\" srcset=\"https:\/\/soymigrante.com\/revista\/wp-content\/uploads\/2023\/09\/Captura-de-pantalla-2023-09-14-192044-1024x783.webp 1024w, https:\/\/soymigrante.com\/revista\/wp-content\/uploads\/2023\/09\/Captura-de-pantalla-2023-09-14-192044-300x229.webp 300w, https:\/\/soymigrante.com\/revista\/wp-content\/uploads\/2023\/09\/Captura-de-pantalla-2023-09-14-192044-768x587.webp 768w, https:\/\/soymigrante.com\/revista\/wp-content\/uploads\/2023\/09\/Captura-de-pantalla-2023-09-14-192044-750x573.webp 750w, https:\/\/soymigrante.com\/revista\/wp-content\/uploads\/2023\/09\/Captura-de-pantalla-2023-09-14-192044.webp 1103w\" sizes=\"(max-width: 768px) 100vw, 768px\" title=\"Esfuerzos, alegr\u00edas, penas, sue\u00f1os a lo largo de 25 a\u00f1os de vida matrimonial se concentraron en un instante de alegr\u00eda en la playa de Monterrico, Guatemala, para los esposos Letr\u00e1n Mart\u00ednez. \u2013 SoyMigrante.com REVISTA\" \/>\t\t\t\t\t\t\t\t\t\t\t<figcaption class=\"widget-image-caption wp-caption-text\">Esfuerzos, alegr\u00edas, penas, sue\u00f1os a lo largo de 25 a\u00f1os de vida matrimonial se concentraron en un instante de alegr\u00eda en la playa de Monterrico, Guatemala, para los esposos Letr\u00e1n Mart\u00ednez.<\/figcaption>\n\t\t\t\t\t\t\t\t\t\t<\/figure>\n\t\t\t\t\t\t\t\t\t<\/div>\n\t\t\t\t\t<\/div>\n\t\t<\/div>\n\t\t\t\t\t<\/div>\n\t\t<\/section>\n\t\t\t\t<section data-particle_enable=\"false\" data-particle-mobile-disabled=\"false\" class=\"elementor-section elementor-top-section elementor-element elementor-element-8cf22f7 elementor-section-boxed elementor-section-height-default elementor-section-height-default\" data-id=\"8cf22f7\" data-element_type=\"section\" data-e-type=\"section\">\n\t\t\t\t\t\t<div class=\"elementor-container elementor-column-gap-default\">\n\t\t\t\t\t<div class=\"elementor-column elementor-col-100 elementor-top-column elementor-element elementor-element-725fef0\" data-id=\"725fef0\" data-element_type=\"column\" data-e-type=\"column\">\n\t\t\t<div class=\"elementor-widget-wrap elementor-element-populated\">\n\t\t\t\t\t\t<div class=\"elementor-element elementor-element-27894d7 elementor-widget elementor-widget-text-editor\" data-id=\"27894d7\" data-element_type=\"widget\" data-e-type=\"widget\" data-widget_type=\"text-editor.default\">\n\t\t\t\t\t\t\t\t\t<p>Ella: &#8220;Cuando uno se marcha a Estados Unidos extra\u00f1a tanto a su pa\u00eds, a su familia y a la vez, uno descubre el orgullo que uno siente de ser guatemalteco. Lamentablemente, en busca de oportunidades uno tuvo que irse a vivir lejos. Pero nuestras ra\u00edces est\u00e1n en Guatemala. Al llegar a estos 25 a\u00f1os de ser familia, pensamos que era bueno poder celebrarlo en donde todo empez\u00f3. Y en las playas de Escuintla fue donde nos conocimos&#8221;.<\/p><p>\u00c9l: &#8220;Quer\u00edamos hacer una celebraci\u00f3n en la playa El Semillero, Escuintla. Pero desde Estados Unidos se hizo m\u00e1s f\u00e1cil buscar un lugar en la barra de Monterrico. Y fue as\u00ed como rentamos un lugar y empezamos con los preparativos, con la ayuda de amigos en Guatemala. En este d\u00eda estamos muy felices, porque nuestras hijas compartieron nuestra alegr\u00eda y hemos podido visitar otros lugares del pa\u00eds. Ellas no nacieron aqu\u00ed, pero se identifican con la belleza y la fuerza de Guatemala&#8221;.<\/p>\t\t\t\t\t\t\t\t<\/div>\n\t\t\t\t\t<\/div>\n\t\t<\/div>\n\t\t\t\t\t<\/div>\n\t\t<\/section>\n\t\t\t\t<section data-particle_enable=\"false\" data-particle-mobile-disabled=\"false\" class=\"elementor-section elementor-top-section elementor-element elementor-element-ce109a2 elementor-section-boxed elementor-section-height-default elementor-section-height-default\" data-id=\"ce109a2\" data-element_type=\"section\" data-e-type=\"section\">\n\t\t\t\t\t\t<div class=\"elementor-container elementor-column-gap-default\">\n\t\t\t\t\t<div class=\"elementor-column elementor-col-100 elementor-top-column elementor-element elementor-element-389bff7\" data-id=\"389bff7\" data-element_type=\"column\" data-e-type=\"column\">\n\t\t\t<div class=\"elementor-widget-wrap elementor-element-populated\">\n\t\t\t\t\t\t<div class=\"elementor-element elementor-element-f57cdc6 elementor-widget elementor-widget-heading\" data-id=\"f57cdc6\" data-element_type=\"widget\" data-e-type=\"widget\" data-widget_type=\"heading.default\">\n\t\t\t\t\t<h2 class=\"elementor-heading-title elementor-size-default\">Viaje memorable<\/h2>\t\t\t\t<\/div>\n\t\t\t\t\t<\/div>\n\t\t<\/div>\n\t\t\t\t\t<\/div>\n\t\t<\/section>\n\t\t\t\t<section data-particle_enable=\"false\" data-particle-mobile-disabled=\"false\" class=\"elementor-section elementor-top-section elementor-element elementor-element-a24859c elementor-section-boxed elementor-section-height-default elementor-section-height-default\" data-id=\"a24859c\" data-element_type=\"section\" data-e-type=\"section\">\n\t\t\t\t\t\t<div class=\"elementor-container elementor-column-gap-default\">\n\t\t\t\t\t<div class=\"elementor-column elementor-col-100 elementor-top-column elementor-element elementor-element-5f80de6\" data-id=\"5f80de6\" data-element_type=\"column\" data-e-type=\"column\">\n\t\t\t<div class=\"elementor-widget-wrap elementor-element-populated\">\n\t\t\t\t\t\t<div class=\"elementor-element elementor-element-1e44683 elementor-widget elementor-widget-image\" data-id=\"1e44683\" data-element_type=\"widget\" data-e-type=\"widget\" data-widget_type=\"image.default\">\n\t\t\t\t\t\t\t\t\t\t\t\t\t\t\t<img loading=\"lazy\" decoding=\"async\" width=\"768\" height=\"581\" src=\"https:\/\/soymigrante.com\/revista\/wp-content\/uploads\/2023\/09\/Captura-de-pantalla-2023-09-14-192340-1024x774.webp\" class=\"attachment-large size-large wp-image-2604\" alt=\"La familia Letr\u00e1n Mart\u00ednez en una de las escalinatas del sitio arqueol\u00f3gico de Quirigu\u00e1, en Izabal, Guatemala.\" srcset=\"https:\/\/soymigrante.com\/revista\/wp-content\/uploads\/2023\/09\/Captura-de-pantalla-2023-09-14-192340-1024x774.webp 1024w, https:\/\/soymigrante.com\/revista\/wp-content\/uploads\/2023\/09\/Captura-de-pantalla-2023-09-14-192340-300x227.webp 300w, https:\/\/soymigrante.com\/revista\/wp-content\/uploads\/2023\/09\/Captura-de-pantalla-2023-09-14-192340-768x580.webp 768w, https:\/\/soymigrante.com\/revista\/wp-content\/uploads\/2023\/09\/Captura-de-pantalla-2023-09-14-192340-750x567.webp 750w, https:\/\/soymigrante.com\/revista\/wp-content\/uploads\/2023\/09\/Captura-de-pantalla-2023-09-14-192340-1140x862.webp 1140w, https:\/\/soymigrante.com\/revista\/wp-content\/uploads\/2023\/09\/Captura-de-pantalla-2023-09-14-192340.webp 1257w\" sizes=\"(max-width: 768px) 100vw, 768px\" title=\"La familia Letr\u00e1n Mart\u00ednez en una de las escalinatas del sitio arqueol\u00f3gico de Quirigu\u00e1, en Izabal, Guatemala. \u2013 SoyMigrante.com REVISTA\" \/>\t\t\t\t\t\t\t\t\t\t\t\t\t\t\t<\/div>\n\t\t\t\t<div class=\"elementor-element elementor-element-1a99fff elementor-widget elementor-widget-text-editor\" data-id=\"1a99fff\" data-element_type=\"widget\" data-e-type=\"widget\" data-widget_type=\"text-editor.default\">\n\t\t\t\t\t\t\t\t\t<p>La familia Letr\u00e1n Mart\u00ednez, integrada por Daniel, Yezenia y sus hijas, Allison y Kimberly, pudo efectuar un r\u00e1pido recorrido por varios atractivos tur\u00edsticos de Guatemala. Cuadrar las agendas de trabajo y estudios no fue sencillo.\u00a0<\/p><p>A pesar del limitado tiempo pudieron visitar la Finca San Cayetano, frente al volc\u00e1n de Fuego; recorrieron Antigua Guatemala y despu\u00e9s se deplazaron hacia R\u00edo Dulce, cuyo curso recorrieron hasta llegar a Playa Blanca, L\u00edvingston y las cascadas de Siete Altares.\u00a0 En el camino les qued\u00f3 el sitio arqueol\u00f3gico de Quirigu\u00e1, en donde admiraron el majestuoso pasado milenario de Guatemala.\u00a0\u00a0<\/p><p>La ceremonia en Monterrico fue el punto culminante de una semana de intensas emociones y recuerdos. El \u00faltimo punto fue el Lago de Atitl\u00e1n, en donde disfrutaron de una traves\u00eda memorable.\u00a0 Regresaron juntos a retomar la vida en Estados Unidos, con las pupilas y los corazones llenos de Guatemala, con la esperanza de volver muy pronto a descubrir m\u00e1s maravillas de su Tierra.<\/p>\t\t\t\t\t\t\t\t<\/div>\n\t\t\t\t\t<\/div>\n\t\t<\/div>\n\t\t\t\t\t<\/div>\n\t\t<\/section>\n\t\t\t\t<section data-particle_enable=\"false\" data-particle-mobile-disabled=\"false\" class=\"elementor-section elementor-top-section elementor-element elementor-element-c2ef7e8 elementor-section-boxed elementor-section-height-default elementor-section-height-default\" data-id=\"c2ef7e8\" data-element_type=\"section\" data-e-type=\"section\">\n\t\t\t\t\t\t<div class=\"elementor-container elementor-column-gap-default\">\n\t\t\t\t\t<div class=\"elementor-column elementor-col-100 elementor-top-column elementor-element elementor-element-22b8d55\" data-id=\"22b8d55\" data-element_type=\"column\" data-e-type=\"column\">\n\t\t\t<div class=\"elementor-widget-wrap elementor-element-populated\">\n\t\t\t\t\t\t<div class=\"elementor-element elementor-element-50a9d85 elementor-widget elementor-widget-heading\" data-id=\"50a9d85\" data-element_type=\"widget\" data-e-type=\"widget\" data-widget_type=\"heading.default\">\n\t\t\t\t\t<h2 class=\"elementor-heading-title elementor-size-default\">La s\u00edntesis de un anhelado sue\u00f1o migrante de Yezenia y Daniel en su natal Guatemala<\/h2>\t\t\t\t<\/div>\n\t\t\t\t\t<\/div>\n\t\t<\/div>\n\t\t\t\t\t<\/div>\n\t\t<\/section>\n\t\t\t\t<section data-particle_enable=\"false\" data-particle-mobile-disabled=\"false\" class=\"elementor-section elementor-top-section elementor-element elementor-element-599a7f6 elementor-section-boxed elementor-section-height-default elementor-section-height-default\" data-id=\"599a7f6\" data-element_type=\"section\" data-e-type=\"section\">\n\t\t\t\t\t\t<div class=\"elementor-container elementor-column-gap-default\">\n\t\t\t\t\t<div class=\"elementor-column elementor-col-100 elementor-top-column elementor-element elementor-element-9c378dc\" data-id=\"9c378dc\" data-element_type=\"column\" data-e-type=\"column\">\n\t\t\t<div class=\"elementor-widget-wrap elementor-element-populated\">\n\t\t\t\t\t\t<div class=\"elementor-element elementor-element-40b6add elementor-widget elementor-widget-video\" data-id=\"40b6add\" data-element_type=\"widget\" data-e-type=\"widget\" data-settings=\"{&quot;video_type&quot;:&quot;hosted&quot;,&quot;start&quot;:45,&quot;autoplay&quot;:&quot;yes&quot;,&quot;loop&quot;:&quot;yes&quot;,&quot;controls&quot;:&quot;yes&quot;}\" data-widget_type=\"video.default\">\n\t\t\t\t\t\t\t<div class=\"e-hosted-video elementor-wrapper elementor-open-inline\">\n\t\t\t\t\t<video class=\"elementor-video\" src=\"https:\/\/soymigrante.com\/revista\/wp-content\/uploads\/2023\/09\/25-anos-de-yezenia-y-daniel.mp4#t=45\" autoplay=\"\" loop=\"\" controls=\"\" controlsList=\"nodownload\" poster=\"https:\/\/soymigrante.com\/revista\/wp-content\/uploads\/2023\/09\/Captura-de-pantalla-2023-09-14-192432.jpg\"><\/video>\n\t\t\t\t<\/div>\n\t\t\t\t\t\t<\/div>\n\t\t\t\t\t<\/div>\n\t\t<\/div>\n\t\t\t\t\t<\/div>\n\t\t<\/section>\n\t\t\t\t<\/div>\n\t\t","protected":false},"excerpt":{"rendered":"<p>Tras coordinar las vacaciones en sus trabajos y de los estudios de sus dos hijas en Maryland, Estados Unidos, los migrantes guatemaltecos Daniel y Yezenia celebraron sus 25 a\u00f1os de matrimonio en Monterrico&#8230; y algunos lugares m\u00e1s de su pa\u00eds. Yezenia Mart\u00ednez de Letr\u00e1n estaba nerviosa para esta fotograf\u00eda, pero el caballito era manso y [&hellip;]<\/p>\n","protected":false},"author":7,"featured_media":2602,"comment_status":"open","ping_status":"open","sticky":false,"template":"","format":"standard","meta":{"_acf_changed":false,"_eb_attr":"","footnotes":""},"categories":[50],"tags":[],"class_list":["post-2600","post","type-post","status-publish","format-standard","has-post-thumbnail","hentry","category-exitos"],"acf":[],"aioseo_notices":[],"aioseo_head":"\n\t\t<!-- All in One SEO Pro 4.9.6.2 - aioseo.com -->\n\t<meta name=\"description\" content=\"Tras coordinar las vacaciones en sus trabajos y de los estudios de sus dos hijas en Maryland, Estados Unidos, los migrantes guatemaltecos Daniel y Yezenia celebraron sus 25 a\u00f1os de matrimonio en Monterrico... y algunos lugares m\u00e1s de su pa\u00eds. \u00bfC\u00f3mo fue el inicio de su vida en Estados Unidos? Ella: \u201cAl llegar a Estados\" \/>\n\t<meta name=\"robots\" content=\"max-snippet:-1, max-image-preview:large, max-video-preview:-1\" \/>\n\t<meta name=\"author\" content=\"Gustavo Montenegro\"\/>\n\t<link rel=\"canonical\" href=\"https:\/\/soymigrante.com\/revista\/yezenia-y-daniel-migrantes-guatemaltecos-festejaron-25-anos-de-amor-en-su-tierra\/\" \/>\n\t<meta name=\"generator\" content=\"All in One SEO Pro (AIOSEO) 4.9.6.2\" \/>\n\n\t\t<link rel=\"preconnect\" href=\"https:\/\/fonts.googleapis.com\" crossorigin>\n<link rel=\"preconnect\" href=\"https:\/\/fonts.gstatic.com\" crossorigin>\n\t\t<meta property=\"og:locale\" content=\"es_ES\" \/>\n\t\t<meta property=\"og:site_name\" content=\"SoyMigrante.com REVISTA \u2013 Nuestra misi\u00f3n es reconocer y dignificar al migrante.\" \/>\n\t\t<meta property=\"og:type\" content=\"article\" \/>\n\t\t<meta property=\"og:title\" content=\"Migrantes guatemaltecos Yezenia y Daniel festejan en su tierra 25 a\u00f1os de amor\" \/>\n\t\t<meta property=\"og:description\" content=\"Tras coordinar las vacaciones en sus trabajos y de los estudios de sus dos hijas en Maryland, Estados Unidos, los migrantes guatemaltecos Daniel y Yezenia celebraron sus 25 a\u00f1os de matrimonio en Monterrico... y algunos lugares m\u00e1s de su pa\u00eds. \u00bfC\u00f3mo fue el inicio de su vida en Estados Unidos? Ella: \u201cAl llegar a Estados\" \/>\n\t\t<meta property=\"og:url\" content=\"https:\/\/soymigrante.com\/revista\/yezenia-y-daniel-migrantes-guatemaltecos-festejaron-25-anos-de-amor-en-su-tierra\/\" \/>\n\t\t<meta property=\"og:image\" content=\"https:\/\/soymigrante.com\/revista\/wp-content\/uploads\/2023\/09\/Captura-de-pantalla-2023-09-14-192432.webp\" \/>\n\t\t<meta property=\"og:image:secure_url\" content=\"https:\/\/soymigrante.com\/revista\/wp-content\/uploads\/2023\/09\/Captura-de-pantalla-2023-09-14-192432.webp\" \/>\n\t\t<meta property=\"og:image:width\" content=\"1192\" \/>\n\t\t<meta property=\"og:image:height\" content=\"883\" \/>\n\t\t<meta property=\"article:published_time\" content=\"2023-09-16T19:59:02+00:00\" \/>\n\t\t<meta property=\"article:modified_time\" content=\"2024-07-30T17:57:48+00:00\" \/>\n\t\t<meta property=\"article:publisher\" content=\"https:\/\/www.facebook.com\/soymigrantecom\" \/>\n\t\t<meta name=\"twitter:card\" content=\"summary_large_image\" \/>\n\t\t<meta name=\"twitter:site\" content=\"@SoyMigrante_com\" \/>\n\t\t<meta name=\"twitter:title\" content=\"Migrantes guatemaltecos Yezenia y Daniel festejan en su tierra 25 a\u00f1os de amor\" \/>\n\t\t<meta name=\"twitter:description\" content=\"Tras coordinar las vacaciones en sus trabajos y de los estudios de sus dos hijas en Maryland, Estados Unidos, los migrantes guatemaltecos Daniel y Yezenia celebraron sus 25 a\u00f1os de matrimonio en Monterrico... y algunos lugares m\u00e1s de su pa\u00eds. \u00bfC\u00f3mo fue el inicio de su vida en Estados Unidos? Ella: \u201cAl llegar a Estados\" \/>\n\t\t<meta name=\"twitter:creator\" content=\"@SoyMigrante_com\" \/>\n\t\t<meta name=\"twitter:image\" content=\"https:\/\/soymigrante.com\/revista\/wp-content\/uploads\/2023\/09\/Captura-de-pantalla-2023-09-14-192432.webp\" \/>\n\t\t<!-- All in One SEO Pro -->\r\n\t\t<title>Migrantes guatemaltecos Yezenia y Daniel festejan en su tierra 25 a\u00f1os de amor<\/title>\n\n","aioseo_head_json":{"title":"Migrantes guatemaltecos Yezenia y Daniel festejan en su tierra 25 a\u00f1os de amor","description":"Tras coordinar las vacaciones en sus trabajos y de los estudios de sus dos hijas en Maryland, Estados Unidos, los migrantes guatemaltecos Daniel y Yezenia celebraron sus 25 a\u00f1os de matrimonio en Monterrico... y algunos lugares m\u00e1s de su pa\u00eds. \u00bfC\u00f3mo fue el inicio de su vida en Estados Unidos? Ella: \u201cAl llegar a Estados","canonical_url":"https:\/\/soymigrante.com\/revista\/yezenia-y-daniel-migrantes-guatemaltecos-festejaron-25-anos-de-amor-en-su-tierra\/","robots":"max-snippet:-1, max-image-preview:large, max-video-preview:-1","keywords":"","webmasterTools":{"miscellaneous":"&lt;link rel=\"preconnect\" href=\"https:\/\/fonts.googleapis.com\" crossorigin&gt;\n&lt;link rel=\"preconnect\" href=\"https:\/\/fonts.gstatic.com\" crossorigin&gt;"},"schema":null,"og:locale":"es_ES","og:site_name":"SoyMigrante.com REVISTA \u2013 Nuestra misi\u00f3n es reconocer y dignificar al migrante.","og:type":"article","og:title":"Migrantes guatemaltecos Yezenia y Daniel festejan en su tierra 25 a\u00f1os de amor","og:description":"Tras coordinar las vacaciones en sus trabajos y de los estudios de sus dos hijas en Maryland, Estados Unidos, los migrantes guatemaltecos Daniel y Yezenia celebraron sus 25 a\u00f1os de matrimonio en Monterrico... y algunos lugares m\u00e1s de su pa\u00eds. \u00bfC\u00f3mo fue el inicio de su vida en Estados Unidos? Ella: \u201cAl llegar a Estados","og:url":"https:\/\/soymigrante.com\/revista\/yezenia-y-daniel-migrantes-guatemaltecos-festejaron-25-anos-de-amor-en-su-tierra\/","og:image":"https:\/\/soymigrante.com\/revista\/wp-content\/uploads\/2023\/09\/Captura-de-pantalla-2023-09-14-192432.webp","og:image:secure_url":"https:\/\/soymigrante.com\/revista\/wp-content\/uploads\/2023\/09\/Captura-de-pantalla-2023-09-14-192432.webp","og:image:width":1192,"og:image:height":883,"article:published_time":"2023-09-16T19:59:02+00:00","article:modified_time":"2024-07-30T17:57:48+00:00","article:publisher":"https:\/\/www.facebook.com\/soymigrantecom","twitter:card":"summary_large_image","twitter:site":"@SoyMigrante_com","twitter:title":"Migrantes guatemaltecos Yezenia y Daniel festejan en su tierra 25 a\u00f1os de amor","twitter:description":"Tras coordinar las vacaciones en sus trabajos y de los estudios de sus dos hijas en Maryland, Estados Unidos, los migrantes guatemaltecos Daniel y Yezenia celebraron sus 25 a\u00f1os de matrimonio en Monterrico... y algunos lugares m\u00e1s de su pa\u00eds. \u00bfC\u00f3mo fue el inicio de su vida en Estados Unidos? Ella: \u201cAl llegar a Estados","twitter:creator":"@SoyMigrante_com","twitter:image":"https:\/\/soymigrante.com\/revista\/wp-content\/uploads\/2023\/09\/Captura-de-pantalla-2023-09-14-192432.webp"},"aioseo_meta_data":{"post_id":"2600","title":null,"description":null,"keywords":[],"keyphrases":{"focus":{"keyphrase":"migrantes","score":69,"analysis":{"keyphraseInTitle":{"score":9,"maxScore":9,"error":0},"keyphraseInDescription":{"score":9,"maxScore":9,"error":0},"keyphraseLength":{"score":9,"maxScore":9,"error":0,"length":1},"keyphraseInURL":{"score":5,"maxScore":5,"error":0},"keyphraseInIntroduction":{"score":3,"maxScore":9,"error":1},"keyphraseInSubHeadings":{"score":3,"maxScore":9,"error":1},"keyphraseInImageAlt":{"score":9,"maxScore":9,"error":0},"keywordDensity":{"score":0,"type":"low","maxScore":9,"error":1}}},"additional":[]},"primary_term":null,"canonical_url":null,"og_title":null,"og_description":null,"og_object_type":"default","og_image_type":"default","og_image_url":null,"og_image_width":null,"og_image_height":null,"og_image_custom_url":null,"og_image_custom_fields":null,"og_video":"","og_custom_url":null,"og_article_section":null,"og_article_tags":[],"twitter_use_og":false,"twitter_card":"default","twitter_image_type":"default","twitter_image_url":null,"twitter_image_custom_url":null,"twitter_image_custom_fields":null,"twitter_title":null,"twitter_description":null,"schema":{"blockGraphs":[],"customGraphs":[],"default":{"data":{"Article":[],"Course":[],"Dataset":[],"FAQPage":[],"Movie":[],"Person":[],"Product":[],"ProductReview":[],"Car":[],"Recipe":[],"Service":[],"SoftwareApplication":[],"WebPage":[]},"graphName":"BlogPosting","isEnabled":true},"graphs":[]},"schema_type":"default","schema_type_options":null,"pillar_content":false,"robots_default":true,"robots_noindex":false,"robots_noarchive":false,"robots_nosnippet":false,"robots_nofollow":false,"robots_noimageindex":false,"robots_noodp":false,"robots_notranslate":false,"robots_max_snippet":"-1","robots_max_videopreview":"-1","robots_max_imagepreview":"large","priority":null,"frequency":"default","local_seo":null,"seo_analyzer_scan_date":"2025-10-08 20:24:17","breadcrumb_settings":null,"limit_modified_date":false,"reviewed_by":null,"open_ai":null,"ai":null,"created":"2023-09-15 01:31:58","updated":"2026-02-04 09:40:45"},"aioseo_breadcrumb":"<div class=\"aioseo-breadcrumbs\"><span class=\"aioseo-breadcrumb\">\n\t<a href=\"https:\/\/soymigrante.com\/revista\" title=\"Home\">Home<\/a>\n<\/span><span class=\"aioseo-breadcrumb-separator\">\u00bb<\/span><span class=\"aioseo-breadcrumb\">\n\t<a href=\"https:\/\/soymigrante.com\/revista\/category\/exitos\/\" title=\"\u00c9xitos\">\u00c9xitos<\/a>\n<\/span><span class=\"aioseo-breadcrumb-separator\">\u00bb<\/span><span class=\"aioseo-breadcrumb\">\n\tMigrantes guatemaltecos Yezenia y Daniel festejan en su tierra 25 a\u00f1os de amor\n<\/span><\/div>","aioseo_breadcrumb_json":[{"label":"Home","link":"https:\/\/soymigrante.com\/revista"},{"label":"\u00c9xitos","link":"https:\/\/soymigrante.com\/revista\/category\/exitos\/"},{"label":"Migrantes guatemaltecos Yezenia y Daniel festejan en su tierra 25 a\u00f1os de amor","link":"https:\/\/soymigrante.com\/revista\/yezenia-y-daniel-migrantes-guatemaltecos-festejaron-25-anos-de-amor-en-su-tierra\/"}],"_links":{"self":[{"href":"https:\/\/soymigrante.com\/revista\/wp-json\/wp\/v2\/posts\/2600","targetHints":{"allow":["GET"]}}],"collection":[{"href":"https:\/\/soymigrante.com\/revista\/wp-json\/wp\/v2\/posts"}],"about":[{"href":"https:\/\/soymigrante.com\/revista\/wp-json\/wp\/v2\/types\/post"}],"author":[{"embeddable":true,"href":"https:\/\/soymigrante.com\/revista\/wp-json\/wp\/v2\/users\/7"}],"replies":[{"embeddable":true,"href":"https:\/\/soymigrante.com\/revista\/wp-json\/wp\/v2\/comments?post=2600"}],"version-history":[{"count":0,"href":"https:\/\/soymigrante.com\/revista\/wp-json\/wp\/v2\/posts\/2600\/revisions"}],"wp:featuredmedia":[{"embeddable":true,"href":"https:\/\/soymigrante.com\/revista\/wp-json\/wp\/v2\/media\/2602"}],"wp:attachment":[{"href":"https:\/\/soymigrante.com\/revista\/wp-json\/wp\/v2\/media?parent=2600"}],"wp:term":[{"taxonomy":"category","embeddable":true,"href":"https:\/\/soymigrante.com\/revista\/wp-json\/wp\/v2\/categories?post=2600"},{"taxonomy":"post_tag","embeddable":true,"href":"https:\/\/soymigrante.com\/revista\/wp-json\/wp\/v2\/tags?post=2600"}],"curies":[{"name":"wp","href":"https:\/\/api.w.org\/{rel}","templated":true}]}}