{"id":260,"date":"2023-05-26T00:01:24","date_gmt":"2023-05-26T00:01:24","guid":{"rendered":"https:\/\/soymigrante.wpengine.com\/?p=260"},"modified":"2024-11-01T15:04:18","modified_gmt":"2024-11-01T21:04:18","slug":"los-migrantes-tambien-somos-guatemala","status":"publish","type":"post","link":"https:\/\/soymigrante.com\/revista\/los-migrantes-tambien-somos-guatemala\/","title":{"rendered":"&#8220;Los migrantes tambi\u00e9n somos Guatemala y tenemos derecho a marcar su futuro&#8221;: Ben Monterroso"},"content":{"rendered":"\t\t<div data-elementor-type=\"wp-post\" data-elementor-id=\"260\" class=\"elementor elementor-260\" data-elementor-post-type=\"post\">\n\t\t\t\t\t\t<section data-particle_enable=\"false\" data-particle-mobile-disabled=\"false\" class=\"elementor-section elementor-top-section elementor-element elementor-element-7fdc478 elementor-section-boxed elementor-section-height-default elementor-section-height-default\" data-id=\"7fdc478\" data-element_type=\"section\" data-e-type=\"section\">\n\t\t\t\t\t\t<div class=\"elementor-container elementor-column-gap-default\">\n\t\t\t\t\t<div class=\"elementor-column elementor-col-100 elementor-top-column elementor-element elementor-element-76c0505\" data-id=\"76c0505\" data-element_type=\"column\" data-e-type=\"column\">\n\t\t\t<div class=\"elementor-widget-wrap elementor-element-populated\">\n\t\t\t\t\t\t<div class=\"elementor-element elementor-element-7c8524b elementor-widget elementor-widget-heading\" data-id=\"7c8524b\" data-element_type=\"widget\" data-e-type=\"widget\" data-widget_type=\"heading.default\">\n\t\t\t\t\t<h2 class=\"elementor-heading-title elementor-size-default\">Ben Monterroso, guatemalteco defensor de los derechos migrantes y promotor del voto en el extranujero considera contradictorio que se les llame  \u201ch\u00e9roes\u201d  por sostener la econom\u00eda del pa\u00eds, pero no se les facilita la participaci\u00f3n pol\u00edtica ni reciben la atenci\u00f3n necesaria del Estado de Guatemala. <br><\/h2>\t\t\t\t<\/div>\n\t\t\t\t\t<\/div>\n\t\t<\/div>\n\t\t\t\t\t<\/div>\n\t\t<\/section>\n\t\t\t\t<section data-particle_enable=\"false\" data-particle-mobile-disabled=\"false\" class=\"elementor-section elementor-top-section elementor-element elementor-element-1773050 elementor-section-boxed elementor-section-height-default elementor-section-height-default\" data-id=\"1773050\" data-element_type=\"section\" data-e-type=\"section\">\n\t\t\t\t\t\t<div class=\"elementor-container elementor-column-gap-default\">\n\t\t\t\t\t<div class=\"elementor-column elementor-col-100 elementor-top-column elementor-element elementor-element-d52e3e1\" data-id=\"d52e3e1\" data-element_type=\"column\" data-e-type=\"column\">\n\t\t\t<div class=\"elementor-widget-wrap elementor-element-populated\">\n\t\t\t\t\t\t<div class=\"elementor-element elementor-element-096ad90 elementor-widget elementor-widget-image\" data-id=\"096ad90\" data-element_type=\"widget\" data-e-type=\"widget\" data-widget_type=\"image.default\">\n\t\t\t\t\t\t\t\t\t\t\t\t<figure class=\"wp-caption\">\n\t\t\t\t\t\t\t\t\t\t<img fetchpriority=\"high\" decoding=\"async\" width=\"768\" height=\"768\" src=\"https:\/\/soymigrante.com\/revista\/wp-content\/uploads\/2023\/02\/SOY-BEN-MONTERROSO-2.webp\" class=\"attachment-large size-large wp-image-262\" alt=\"\" srcset=\"https:\/\/soymigrante.com\/revista\/wp-content\/uploads\/2023\/02\/SOY-BEN-MONTERROSO-2.webp 960w, https:\/\/soymigrante.com\/revista\/wp-content\/uploads\/2023\/02\/SOY-BEN-MONTERROSO-2-300x300.webp 300w, https:\/\/soymigrante.com\/revista\/wp-content\/uploads\/2023\/02\/SOY-BEN-MONTERROSO-2-150x150.webp 150w, https:\/\/soymigrante.com\/revista\/wp-content\/uploads\/2023\/02\/SOY-BEN-MONTERROSO-2-768x768.jpg 768w, https:\/\/soymigrante.com\/revista\/wp-content\/uploads\/2023\/02\/SOY-BEN-MONTERROSO-2-75x75.webp 75w, https:\/\/soymigrante.com\/revista\/wp-content\/uploads\/2023\/02\/SOY-BEN-MONTERROSO-2-750x750.webp 750w, https:\/\/soymigrante.com\/revista\/wp-content\/uploads\/2023\/02\/SOY-BEN-MONTERROSO-2-600x600.jpg 600w\" sizes=\"(max-width: 768px) 100vw, 768px\" title=\"SOY BEN MONTERROSO 2 \u2013 SoyMigrante.com REVISTA\" \/>\t\t\t\t\t\t\t\t\t\t\t<figcaption class=\"widget-image-caption wp-caption-text\">Ben Monterroso impulsa el voto y la participaci\u00f3n pol\u00edtica de los guatemaltecos radicados en EE.UU. para poder mejorar las condiciones que originan la migraci\u00f3n en Guatemala. <\/figcaption>\n\t\t\t\t\t\t\t\t\t\t<\/figure>\n\t\t\t\t\t\t\t\t\t<\/div>\n\t\t\t\t<div class=\"elementor-element elementor-element-7ebbe40 elementor-widget elementor-widget-text-editor\" data-id=\"7ebbe40\" data-element_type=\"widget\" data-e-type=\"widget\" data-widget_type=\"text-editor.default\">\n\t\t\t\t\t\t\t\t\t<p>Con m\u00e1s de 45 a\u00f1os de haber llegado a EE.UU.,&nbsp; el&nbsp; guatemalteco Ben Monterroso es fundador de <a href=\"https:\/\/poderlatinx.org\/\">poderlatinx.org<\/a> y miembro de <a href=\"https:\/\/twitter.com\/VoguareUSA\">Voguare.org<\/a>, entidades que impulsan la defensa de derechos de migrantes. Le sorprende que a pesar del paso de las d\u00e9cadas y del proceso democr\u00e1tico de Guatemala, no solo contin\u00faan sino que han crecido las causas que originan la migraci\u00f3n de miles de compatriotas: falta de oportunidades para j\u00f3venes, violencia y rezagos en el desarrollo econ\u00f3mico.<\/p>\n<p><span style=\"font-family: Roboto, sans-serif; font-size: 16px; font-style: normal; font-variant-ligatures: normal; font-variant-caps: normal; font-weight: 400; color: var( --e-global-color-text ); background-color: var(--ak-bg-color);\">&nbsp;\u201cAqu\u00ed viene fila de candidatos de todos colores en cada campa\u00f1a, ofrecen de todo y al final siempre todo queda en lo mismo\u201d, exclama Ben durante la conversaci\u00f3n. Actualmente impulsa la participaci\u00f3n de los 90, 845 connacionales empadronados en la votaci\u00f3n del 25 de junio pr\u00f3ximo.<\/span><\/p>\n<p><span style=\"font-family: Roboto, sans-serif; font-size: 16px; font-style: normal; font-variant-ligatures: normal; font-variant-caps: normal; font-weight: 400; color: var( --e-global-color-text ); background-color: var(--ak-bg-color);\">A trav\u00e9s de Voguare intentaron que el Tribunal Supremo Electoral agilizara y modernizara el proceso de empadronamiento de guatemaltecos en el extranjero: sostuvieron reuniones, interpusieron recursos legales, insistieron pero&#8230;.<\/span><\/p>\t\t\t\t\t\t\t\t<\/div>\n\t\t\t\t\t<\/div>\n\t\t<\/div>\n\t\t\t\t\t<\/div>\n\t\t<\/section>\n\t\t\t\t<section data-particle_enable=\"false\" data-particle-mobile-disabled=\"false\" class=\"elementor-section elementor-top-section elementor-element elementor-element-93e99ae elementor-section-boxed elementor-section-height-default elementor-section-height-default\" data-id=\"93e99ae\" data-element_type=\"section\" data-e-type=\"section\">\n\t\t\t\t\t\t<div class=\"elementor-container elementor-column-gap-default\">\n\t\t\t\t\t<div class=\"elementor-column elementor-col-100 elementor-top-column elementor-element elementor-element-1d3253f\" data-id=\"1d3253f\" data-element_type=\"column\" data-e-type=\"column\">\n\t\t\t<div class=\"elementor-widget-wrap elementor-element-populated\">\n\t\t\t\t\t\t<div class=\"elementor-element elementor-element-fa4d7c3 elementor-widget elementor-widget-text-editor\" data-id=\"fa4d7c3\" data-element_type=\"widget\" data-e-type=\"widget\" data-widget_type=\"text-editor.default\">\n\t\t\t\t\t\t\t\t\t<p>\u00bfC<b>\u00f3mo ves la participaci\u00f3n pol\u00edtica de los guatemaltecos radicados en EE.UU?<\/b><\/p>\n<p style=\"font-style: normal; font-variant-ligatures: normal; font-variant-caps: normal; font-weight: 400; font-size: 16px; font-family: Roboto, sans-serif;\">\n<\/p><p style=\"font-style: normal; font-variant-ligatures: normal; font-variant-caps: normal; font-weight: 400; font-size: 16px; font-family: Roboto, sans-serif;\">\n<\/p><p style=\"font-style: normal; font-variant-ligatures: normal; font-variant-caps: normal; font-weight: 400; font-size: 16px; font-family: Roboto, sans-serif;\"><strong>&nbsp;<\/strong><span style=\"color: var( --e-global-color-text ); background-color: var(--ak-bg-color);\">Hemos venido trabajando para asegurar que nuestra comunidad pueda participar electoralmente, pero seguimos menos que a medias. Solo podemos votar por presidente y no podemos votar por alcaldes ni por diputados, y mucho menos lograr nuestros paisanos que viven ac\u00e1 puedan representarnos bien en el Congreso. Nuestra participaci\u00f3n es limitada y est\u00e1 truncada por los procesos.&nbsp;&nbsp;<\/span><\/p><p style=\"font-style: normal; font-variant-ligatures: normal; font-variant-caps: normal; font-weight: 400; font-size: 16px; font-family: Roboto, sans-serif;\"><span style=\"background-color: var(--ak-bg-color); color: var( --e-global-color-text );\">Hasta&nbsp; hoy, no mas del 15% o 20% de guatemaltecos migrantes est\u00e1n identificados con un Documento de Identificaci\u00f3n Personal, DPI, que es clave para participar. Con Voguare, Voto de Guatemaltecos en el Extranjero, tratamos de&nbsp; de mejorar esto. Hasta ahora un 90 por ciento de la comunidad est\u00e1 sin voz.<\/span><\/p>\n<p style=\"font-style: normal; font-variant-ligatures: normal; font-variant-caps: normal; font-weight: 400; font-size: 16px; font-family: Roboto, sans-serif;\">\n<\/p><p style=\"font-style: normal; font-variant-ligatures: normal; font-variant-caps: normal; font-weight: 400; font-size: 16px; font-family: Roboto, sans-serif;\">\n<\/p><p style=\"font-style: normal; font-variant-ligatures: normal; font-variant-caps: normal;\">L<b>os c\u00e1lculos var\u00edan&nbsp; \u00bfCu\u00e1ntos guatemaltecos estima que hay en EE.UU.?&nbsp;<br><\/b><span style=\"font-family: Roboto, sans-serif; font-size: 16px; font-style: normal; font-variant-ligatures: normal; font-variant-caps: normal; font-weight: 400; color: var( --e-global-color-text ); background-color: var(--ak-bg-color);\">Mire, de 3 millones y medio a 4 miilones de guatemaltecos. Solo en California habemos 1.5 millones. Hasta hoy se han extendido cerca de 380 mil DPIs en Estados Unidos.<\/span><\/p>\n<p style=\"font-style: normal; font-variant-ligatures: normal; font-variant-caps: normal; font-weight: 400; font-size: 16px; font-family: Roboto, sans-serif;\">\n<\/p><p style=\"font-style: normal; font-variant-ligatures: normal; font-variant-caps: normal; font-weight: 400; font-size: 16px; font-family: Roboto, sans-serif;\">\n<\/p><figure style=\"font-style: normal; font-variant-ligatures: normal; font-variant-caps: normal; font-weight: 400; font-size: 16px; font-family: Roboto, sans-serif;\">\n<figure style=\"width: calc(33.33% - var(--wp--style--unstable-gallery-gap, 16px)*0.66667);\"><\/figure>\n<p><\/p>\n<figure style=\"width: calc(33.33% - var(--wp--style--unstable-gallery-gap, 16px)*0.66667);\"><\/figure>\n<p><\/p>\n<figure style=\"width: calc(33.33% - var(--wp--style--unstable-gallery-gap, 16px)*0.66667);\"><\/figure>\n<p><\/p>\n<\/figure>\n<p style=\"font-style: normal; font-variant-ligatures: normal; font-variant-caps: normal; font-weight: 400; font-size: 16px; font-family: Roboto, sans-serif;\">\n<\/p><p style=\"font-style: normal; font-variant-ligatures: normal; font-variant-caps: normal; font-weight: 400; font-size: 16px; font-family: Roboto, sans-serif;\">\n<\/p>\t\t\t\t\t\t\t\t<\/div>\n\t\t\t\t<div class=\"elementor-element elementor-element-f632687 elementor-widget elementor-widget-image\" data-id=\"f632687\" data-element_type=\"widget\" data-e-type=\"widget\" data-widget_type=\"image.default\">\n\t\t\t\t\t\t\t\t\t\t\t\t<figure class=\"wp-caption\">\n\t\t\t\t\t\t\t\t\t\t<img decoding=\"async\" width=\"768\" height=\"512\" src=\"https:\/\/soymigrante.com\/revista\/wp-content\/uploads\/2023\/02\/SOY-BEN-MONTERROSO-PRINCIPAL-1-1024x683.jpg\" class=\"attachment-large size-large wp-image-1031\" alt=\"\" srcset=\"https:\/\/soymigrante.com\/revista\/wp-content\/uploads\/2023\/02\/SOY-BEN-MONTERROSO-PRINCIPAL-1-1024x683.jpg 1024w, https:\/\/soymigrante.com\/revista\/wp-content\/uploads\/2023\/02\/SOY-BEN-MONTERROSO-PRINCIPAL-1-300x200.webp 300w, https:\/\/soymigrante.com\/revista\/wp-content\/uploads\/2023\/02\/SOY-BEN-MONTERROSO-PRINCIPAL-1-768x512.jpg 768w, https:\/\/soymigrante.com\/revista\/wp-content\/uploads\/2023\/02\/SOY-BEN-MONTERROSO-PRINCIPAL-1-750x500.webp 750w, https:\/\/soymigrante.com\/revista\/wp-content\/uploads\/2023\/02\/SOY-BEN-MONTERROSO-PRINCIPAL-1-1140x760.jpg 1140w, https:\/\/soymigrante.com\/revista\/wp-content\/uploads\/2023\/02\/SOY-BEN-MONTERROSO-PRINCIPAL-1-600x400.jpg 600w, https:\/\/soymigrante.com\/revista\/wp-content\/uploads\/2023\/02\/SOY-BEN-MONTERROSO-PRINCIPAL-1.webp 1440w\" sizes=\"(max-width: 768px) 100vw, 768px\" title=\"SOY BEN MONTERROSO PRINCIPAL \u2013 SoyMigrante.com REVISTA\" \/>\t\t\t\t\t\t\t\t\t\t\t<figcaption class=\"widget-image-caption wp-caption-text\">En octubre de 2022, Voguare plante\u00f3 un recurso de amparo en la Corte Suprema de Justicia para exigir al TSE que agilizara el empadronamiento de Guatemaltecos en EE.UU. Todav\u00eda no ha sido resuelto.<\/figcaption>\n\t\t\t\t\t\t\t\t\t\t<\/figure>\n\t\t\t\t\t\t\t\t\t<\/div>\n\t\t\t\t\t<\/div>\n\t\t<\/div>\n\t\t\t\t\t<\/div>\n\t\t<\/section>\n\t\t\t\t<section data-particle_enable=\"false\" data-particle-mobile-disabled=\"false\" class=\"elementor-section elementor-top-section elementor-element elementor-element-b442960 elementor-section-boxed elementor-section-height-default elementor-section-height-default\" data-id=\"b442960\" data-element_type=\"section\" data-e-type=\"section\">\n\t\t\t\t\t\t<div class=\"elementor-container elementor-column-gap-default\">\n\t\t\t\t\t<div class=\"elementor-column elementor-col-100 elementor-top-column elementor-element elementor-element-e270f9e\" data-id=\"e270f9e\" data-element_type=\"column\" data-e-type=\"column\">\n\t\t\t<div class=\"elementor-widget-wrap elementor-element-populated\">\n\t\t\t\t\t\t<div class=\"elementor-element elementor-element-b0f004c elementor-widget elementor-widget-text-editor\" data-id=\"b0f004c\" data-element_type=\"widget\" data-e-type=\"widget\" data-widget_type=\"text-editor.default\">\n\t\t\t\t\t\t\t\t\t<p>\u00a0<\/p>\n<p style=\"font-style: normal; font-variant-ligatures: normal; font-variant-caps: normal; font-weight: 400; font-size: 16px; font-family: Roboto, sans-serif;\">\u00a0<\/p>\n<p style=\"font-style: normal; font-variant-ligatures: normal; font-variant-caps: normal; font-weight: 400; font-size: 16px; font-family: Roboto, sans-serif;\">\u00a0<\/p>\n<p style=\"font-style: normal; font-variant-ligatures: normal; font-variant-caps: normal; font-size: 16px; font-family: Roboto, sans-serif;\"><b>Si hay 90 mil 800 empadronados quiere decir que una inmensa mayor\u00eda de migrantes tiene bloqueada cualquier participaci\u00f3n&#8230;<\/b><\/p>\n<p style=\"font-style: normal; font-variant-ligatures: normal; font-variant-caps: normal; font-size: 16px; font-family: Roboto, sans-serif;\"><span style=\"font-weight: 400;\">Si en verdad queremos democracia, participaci\u00f3n y cambios: la comunidad guatemalteca fuera del territorio nacional, deber\u00edamos poder votar tambi\u00e9n por diputados y alcaldes: porque sabemos de donde venimos, sabemos a d\u00f3nde van nuestras remesas.<\/span>\u00a0\u00a0<span style=\"font-family: Roboto, sans-serif; font-size: 16px; font-style: normal; font-variant-ligatures: normal; font-variant-caps: normal; color: var( --e-global-color-text ); background-color: var(--ak-bg-color);\">Nuestro aporte econ\u00f3mico es clave para sostener al pa\u00eds pero de nada sirve que nos llamen &#8220;h\u00e9roes&#8221; si no se toma en cuenta nuestro voto.<\/span><\/p>\n<p style=\"font-style: normal; font-variant-ligatures: normal; font-variant-caps: normal; font-weight: 400; font-size: 16px; font-family: Roboto, sans-serif;\"><span style=\"font-family: Roboto, sans-serif; font-size: 16px; font-style: normal; font-variant-ligatures: normal; font-variant-caps: normal; font-weight: 400; color: var( --e-global-color-text ); background-color: var(--ak-bg-color);\">La documentaci\u00f3n es una barrera. Tener un DPI no garantiza participar porque adem\u00e1s hay que estar empadronados. En 2022 se pidi\u00f3 al TSE modernizar este proceso; se interpuso un amparo ante la Corte Suprema en noviembre de 2022 para exigirlo nuevamente y nunca lo resolvieron.\u00a0<\/span><\/p>\n<p style=\"font-style: normal; font-variant-ligatures: normal; font-variant-caps: normal; font-weight: 400; font-size: 16px; font-family: Roboto, sans-serif;\"><span style=\"font-family: Roboto, sans-serif; font-size: 16px; font-style: normal; font-variant-ligatures: normal; font-variant-caps: normal; font-weight: 400; color: var( --e-global-color-text ); background-color: var(--ak-bg-color);\">Por eso se tuvo una cantidad tan baja de nuevos empadronados, menos de 15 mil nuevos registros. Pero se gast\u00f3 en viajes de los magistrados, en vi\u00e1ticos y se tiene una fuerte asignaci\u00f3n financiera para el voto en Estados Unidos. \u00bfPara qu\u00e9? Si no cumplieron con empadronar eficientemente&#8230;<br \/>Los migrantes queremos participar<\/span><\/p>\n<h2 style=\"font-style: normal; font-variant-ligatures: normal; font-variant-caps: normal; font-weight: 400; font-size: 16px; font-family: Roboto, sans-serif;\">\u00a0<\/h2>\t\t\t\t\t\t\t\t<\/div>\n\t\t\t\t\t<\/div>\n\t\t<\/div>\n\t\t\t\t\t<\/div>\n\t\t<\/section>\n\t\t\t\t<section data-particle_enable=\"false\" data-particle-mobile-disabled=\"false\" class=\"elementor-section elementor-top-section elementor-element elementor-element-0b0ede8 elementor-section-boxed elementor-section-height-default elementor-section-height-default\" data-id=\"0b0ede8\" data-element_type=\"section\" data-e-type=\"section\">\n\t\t\t\t\t\t<div class=\"elementor-container elementor-column-gap-default\">\n\t\t\t\t\t<div class=\"elementor-column elementor-col-100 elementor-top-column elementor-element elementor-element-a04a7d4\" data-id=\"a04a7d4\" data-element_type=\"column\" data-e-type=\"column\">\n\t\t\t<div class=\"elementor-widget-wrap elementor-element-populated\">\n\t\t\t\t\t\t<div class=\"elementor-element elementor-element-dc8f06b elementor-widget elementor-widget-text-editor\" data-id=\"dc8f06b\" data-element_type=\"widget\" data-e-type=\"widget\" data-widget_type=\"text-editor.default\">\n\t\t\t\t\t\t\t\t\t<p>\u00a0<\/p>\n<h2 style=\"font-style: normal; font-variant-ligatures: normal; font-variant-caps: normal; font-size: 16px;\"><span style=\"font-style: normal; font-variant-ligatures: normal; font-variant-caps: normal; font-size: 16px; background-color: var(--ak-bg-color);\"><b style=\"color: var( --e-global-color-text ); font-family: Roboto, sans-serif;\">A menudo, algunos pol\u00edticos y funcionarios han se\u00f1alado poco inter\u00e9s de participar por parte de los migrantes\u2026<\/b><\/span><\/h2>\n<h2 style=\"font-style: normal; font-variant-ligatures: normal; font-variant-caps: normal; font-size: 16px;\"><span style=\"font-family: Roboto, sans-serif;\"><span style=\"font-weight: 400;\">Si alguien viene y dice que no nos interesa participar, yo le preguntar\u00eda <\/span><\/span><b style=\"font-family: Roboto, sans-serif; font-weight: 400; font-size: 16px; font-style: normal; font-variant-ligatures: normal; font-variant-caps: normal; color: var( --e-global-color-text ); background-color: var(--ak-bg-color);\">\u00bfen que se basa?<\/b><span style=\"font-family: Roboto, sans-serif; font-weight: 400; font-size: 16px; font-style: normal; font-variant-ligatures: normal; font-variant-caps: normal; color: var( --e-global-color-text ); background-color: var(--ak-bg-color);\"> Nos interesa participar porque estamos decepcionados de los resultados de la pol\u00edtica guatemalteca. Las decisiones que toman los pol\u00edticos est\u00e1n impactando en el bienestar de quienes estamos en EE.UU.\u00a0<\/span><\/h2>\n<p style=\"font-style: normal; font-variant-ligatures: normal; font-variant-caps: normal; font-size: 16px; font-family: Roboto, sans-serif;\">Entonces s\u00ed nos interesa incidir en la pol\u00edtica. Las elecciones tienen consecuencias para los guatemaltecos dentro y fuera del territorio. La exclusi\u00f3n tiene consecuencias. Por falta de participaci\u00f3n hemos tenido l\u00edderes ineptos y corruptos.\u00a0 Los pol\u00edticos corruptos son los primeros que no quieren que nosotros participemos, porque saben que somos un voto informado.<\/p>\t\t\t\t\t\t\t\t<\/div>\n\t\t\t\t\t<\/div>\n\t\t<\/div>\n\t\t\t\t\t<\/div>\n\t\t<\/section>\n\t\t\t\t<section data-particle_enable=\"false\" data-particle-mobile-disabled=\"false\" class=\"elementor-section elementor-top-section elementor-element elementor-element-25238ee elementor-section-boxed elementor-section-height-default elementor-section-height-default\" data-id=\"25238ee\" data-element_type=\"section\" data-e-type=\"section\">\n\t\t\t\t\t\t<div class=\"elementor-container elementor-column-gap-default\">\n\t\t\t\t\t<div class=\"elementor-column elementor-col-100 elementor-top-column elementor-element elementor-element-3bb201a\" data-id=\"3bb201a\" data-element_type=\"column\" data-e-type=\"column\">\n\t\t\t<div class=\"elementor-widget-wrap elementor-element-populated\">\n\t\t\t\t\t\t<div class=\"elementor-element elementor-element-07fdc06 elementor-headline--style-highlight elementor-widget elementor-widget-animated-headline\" data-id=\"07fdc06\" data-element_type=\"widget\" data-e-type=\"widget\" data-settings=\"{&quot;highlighted_text&quot;:&quot;informado&quot;,&quot;highlight_animation_duration&quot;:1205,&quot;headline_style&quot;:&quot;highlight&quot;,&quot;marker&quot;:&quot;circle&quot;,&quot;loop&quot;:&quot;yes&quot;,&quot;highlight_iteration_delay&quot;:8000}\" data-widget_type=\"animated-headline.default\">\n\t\t\t\t\t\t\t<h3 class=\"elementor-headline\">\n\t\t\t\t\t<span class=\"elementor-headline-plain-text elementor-headline-text-wrapper\">\"Los pol\u00edticos corruptos son los que no quieren que los migrantes participemos porque saben que somos un voto <\/span>\n\t\t\t\t<span class=\"elementor-headline-dynamic-wrapper elementor-headline-text-wrapper\">\n\t\t\t\t\t<span class=\"elementor-headline-dynamic-text elementor-headline-text-active\">informado<\/span>\n\t\t\t\t<\/span>\n\t\t\t\t\t<span class=\"elementor-headline-plain-text elementor-headline-text-wrapper\">y conocemos las causas que nos obligaron a salir de Guatemala pero no a olvidarnos de ella\"<\/span>\n\t\t\t\t\t<\/h3>\n\t\t\t\t\t\t<\/div>\n\t\t\t\t<div class=\"elementor-element elementor-element-59d65c2 elementor-widget elementor-widget-image\" data-id=\"59d65c2\" data-element_type=\"widget\" data-e-type=\"widget\" data-widget_type=\"image.default\">\n\t\t\t\t\t\t\t\t\t\t\t\t<figure class=\"wp-caption\">\n\t\t\t\t\t\t\t\t\t\t<img decoding=\"async\" width=\"526\" height=\"526\" src=\"https:\/\/soymigrante.com\/revista\/wp-content\/uploads\/2023\/02\/voto-ben.webp\" class=\"attachment-large size-large wp-image-1033\" alt=\"\" srcset=\"https:\/\/soymigrante.com\/revista\/wp-content\/uploads\/2023\/02\/voto-ben.webp 526w, https:\/\/soymigrante.com\/revista\/wp-content\/uploads\/2023\/02\/voto-ben-300x300.webp 300w, https:\/\/soymigrante.com\/revista\/wp-content\/uploads\/2023\/02\/voto-ben-150x150.webp 150w, https:\/\/soymigrante.com\/revista\/wp-content\/uploads\/2023\/02\/voto-ben-75x75.webp 75w\" sizes=\"(max-width: 526px) 100vw, 526px\" title=\"voto ben \u2013 SoyMigrante.com REVISTA\" \/>\t\t\t\t\t\t\t\t\t\t\t<figcaption class=\"widget-image-caption wp-caption-text\">Actual campa\u00f1a de motivaci\u00f3n al voto, copatrocinada por Voguare.<\/figcaption>\n\t\t\t\t\t\t\t\t\t\t<\/figure>\n\t\t\t\t\t\t\t\t\t<\/div>\n\t\t\t\t\t<\/div>\n\t\t<\/div>\n\t\t\t\t\t<\/div>\n\t\t<\/section>\n\t\t\t\t<section data-particle_enable=\"false\" data-particle-mobile-disabled=\"false\" class=\"elementor-section elementor-top-section elementor-element elementor-element-795af78 elementor-section-boxed elementor-section-height-default elementor-section-height-default\" data-id=\"795af78\" data-element_type=\"section\" data-e-type=\"section\">\n\t\t\t\t\t\t<div class=\"elementor-container elementor-column-gap-default\">\n\t\t\t\t\t<div class=\"elementor-column elementor-col-100 elementor-top-column elementor-element elementor-element-fed64e0\" data-id=\"fed64e0\" data-element_type=\"column\" data-e-type=\"column\">\n\t\t\t<div class=\"elementor-widget-wrap elementor-element-populated\">\n\t\t\t\t\t\t<div class=\"elementor-element elementor-element-b6ee050 elementor-widget elementor-widget-text-editor\" data-id=\"b6ee050\" data-element_type=\"widget\" data-e-type=\"widget\" data-widget_type=\"text-editor.default\">\n\t\t\t\t\t\t\t\t\t<p><b style=\"color: var( --e-global-color-text ); background-color: var(--ak-bg-color);\">Si alguien dice \u00bfpara que quieren votar en unas elecciones si\u00a0decidieron irse de Guatemala&#8230; qu\u00e9 responder\u00eda?\u00a0<\/b><\/p>\n<p><span style=\"color: var( --e-global-color-text ); background-color: var(--ak-bg-color);\">No nos fuimos. Nos sacaron. Nos sacaron las necesidades.\u00a0Tengo 45 a\u00f1os viviendo en EE.UU. pero las mismas carencias siguen sacando gente\u00a0hoy: falta de oportunidades, inseguridad, no poder triunfar. La gente le hace\u00a0<\/span><span style=\"color: var( --e-global-color-text ); background-color: var(--ak-bg-color);\">la lucha en el pa\u00eds: los guatemaltecos no dejan \u00a0de trabajar y ser creativos. La gente\u00a0 se\u00a0viene a EE.UU,\u00a0 por necesidad.<\/span><\/p>\n<p>Si alguien dice: ya no eres guatemalteco porque estas en EE.UU.\u00a0, quiero decirte que las decisiones que podamos tomar los millones de guatemaltecos\u00a0aqu\u00ed pueden tener grandes consecuencias.\u00a0\u00a0<span style=\"color: var( --e-global-color-text ); background-color: var(--ak-bg-color);\">Las remesas sostienen la econom\u00eda y <\/span><span style=\"color: var( --e-global-color-text ); background-color: var(--ak-bg-color);\">nos llaman h\u00e9roes por eso, pero los servicios siguen siendo deficientes: los\u00a0<\/span><span style=\"color: var( --e-global-color-text ); background-color: var(--ak-bg-color);\">pasaportes tardan una eternidad, los DPI no alcanzan, los consulados son pocos\u00a0<\/span><span style=\"color: var( --e-global-color-text ); background-color: var(--ak-bg-color);\">y la gente trabajando all\u00ed tambi\u00e9n es poca.\u00a0<\/span><\/p>\n<p><span style=\"color: var( --e-global-color-text ); background-color: var(--ak-bg-color);\">\u00bfA qu\u00eden se debe eso? A Los malos\u00a0<\/span><span style=\"color: var( --e-global-color-text ); background-color: var(--ak-bg-color);\">gobiernos de Guatemala siguen tratando mal a los guatemaltecos en EE.UU.\u00a0<\/span><span style=\"color: var( --e-global-color-text ); background-color: var(--ak-bg-color);\">Solo nos ven como seres humanos cuando un migrante muere y regresa a su\u00a0<\/span><span style=\"color: var( --e-global-color-text ); background-color: var(--ak-bg-color);\">comunidad en una caja.<\/span><\/p>\t\t\t\t\t\t\t\t<\/div>\n\t\t\t\t\t<\/div>\n\t\t<\/div>\n\t\t\t\t\t<\/div>\n\t\t<\/section>\n\t\t\t\t<section data-particle_enable=\"false\" data-particle-mobile-disabled=\"false\" class=\"elementor-section elementor-top-section elementor-element elementor-element-74b2e15 elementor-section-boxed elementor-section-height-default elementor-section-height-default\" data-id=\"74b2e15\" data-element_type=\"section\" data-e-type=\"section\">\n\t\t\t\t\t\t<div class=\"elementor-container elementor-column-gap-default\">\n\t\t\t\t\t<div class=\"elementor-column elementor-col-100 elementor-top-column elementor-element elementor-element-64c9159\" data-id=\"64c9159\" data-element_type=\"column\" data-e-type=\"column\">\n\t\t\t<div class=\"elementor-widget-wrap elementor-element-populated\">\n\t\t\t\t\t\t<div class=\"elementor-element elementor-element-8ce5e2e elementor-widget elementor-widget-image\" data-id=\"8ce5e2e\" data-element_type=\"widget\" data-e-type=\"widget\" data-widget_type=\"image.default\">\n\t\t\t\t\t\t\t\t\t\t\t\t<figure class=\"wp-caption\">\n\t\t\t\t\t\t\t\t\t\t<img loading=\"lazy\" decoding=\"async\" width=\"768\" height=\"509\" src=\"https:\/\/soymigrante.com\/revista\/wp-content\/uploads\/2023\/02\/ben-en-atitlan-1024x678.jpg\" class=\"attachment-large size-large wp-image-1032\" alt=\"\" srcset=\"https:\/\/soymigrante.com\/revista\/wp-content\/uploads\/2023\/02\/ben-en-atitlan-1024x678.jpg 1024w, https:\/\/soymigrante.com\/revista\/wp-content\/uploads\/2023\/02\/ben-en-atitlan-300x199.webp 300w, https:\/\/soymigrante.com\/revista\/wp-content\/uploads\/2023\/02\/ben-en-atitlan-768x509.jpg 768w, https:\/\/soymigrante.com\/revista\/wp-content\/uploads\/2023\/02\/ben-en-atitlan-1536x1017.jpg 1536w, https:\/\/soymigrante.com\/revista\/wp-content\/uploads\/2023\/02\/ben-en-atitlan-750x497.webp 750w, https:\/\/soymigrante.com\/revista\/wp-content\/uploads\/2023\/02\/ben-en-atitlan-1140x755.jpg 1140w, https:\/\/soymigrante.com\/revista\/wp-content\/uploads\/2023\/02\/ben-en-atitlan.webp 1920w\" sizes=\"(max-width: 768px) 100vw, 768px\" title=\"ben en atitlan \u2013 SoyMigrante.com REVISTA\" \/>\t\t\t\t\t\t\t\t\t\t\t<figcaption class=\"widget-image-caption wp-caption-text\">Monterroso estuvo en Guatemala en abril \u00faltimo. Recorrer el pa\u00eds le confirma el inmenso potencial de desarrollo pendiente y la importancia del aporte migrante, el cual debe tener acceso a m\u00e1s participaci\u00f3n pol\u00edtica<\/figcaption>\n\t\t\t\t\t\t\t\t\t\t<\/figure>\n\t\t\t\t\t\t\t\t\t<\/div>\n\t\t\t\t\t<\/div>\n\t\t<\/div>\n\t\t\t\t\t<\/div>\n\t\t<\/section>\n\t\t\t\t<section data-particle_enable=\"false\" data-particle-mobile-disabled=\"false\" class=\"elementor-section elementor-top-section elementor-element elementor-element-4e3749c7 elementor-section-boxed elementor-section-height-default elementor-section-height-default\" data-id=\"4e3749c7\" data-element_type=\"section\" data-e-type=\"section\">\n\t\t\t\t\t\t<div class=\"elementor-container elementor-column-gap-default\">\n\t\t\t\t\t<div class=\"elementor-column elementor-col-100 elementor-top-column elementor-element elementor-element-6c8f998\" data-id=\"6c8f998\" data-element_type=\"column\" data-e-type=\"column\">\n\t\t\t<div class=\"elementor-widget-wrap elementor-element-populated\">\n\t\t\t\t\t\t<div class=\"elementor-element elementor-element-4de066d7 elementor-widget elementor-widget-text-editor\" data-id=\"4de066d7\" data-element_type=\"widget\" data-e-type=\"widget\" data-widget_type=\"text-editor.default\">\n\t\t\t\t\t\t\t\t\t<p><\/p>\n<p><\/p>\n<p><\/p>\n<p>&nbsp;<span style=\"color: var( --e-global-color-text ); background-color: var(--ak-bg-color);\"><b>Los gobiernos presumen de buenos resultados econ\u00f3micos e incluyen las remesas como Producto Interno, cuando en realidad viene de fuera.<\/b><\/span><\/p>\n<p><\/p>\n<p><\/p>\n<p>El mejor negocio para los pol\u00edticos guatemaltecos es la expulsi\u00f3n de gente a trabajar al extranjero, para producir algo que en Guatemala se deber\u00eda hacer.&nbsp; Somos <i>chambiadores<\/i> y esas remesas se ganan aqu\u00ed en EE.UU. a base de mucho esfuerzo.<\/p>\n<p><\/p>\n<p><\/p>\n<p><strong>\u00bfCu\u00e1l fue el motivo de tu salida de Guatemala?<\/strong><\/p>\n<p><\/p>\n<p><\/p>\n<p>Yo era un joven de 18 a\u00f1os con muchas ilusiones y esperanzas. Era 1977 y el terremoto del a\u00f1o anterior dej\u00f3 una situaci\u00f3n econ\u00f3mica muy dif\u00edcil. Adem\u00e1s hab\u00eda mucha violencia: la inseguridad era enorme porque si eras joven ten\u00edas que esconderte: si te agarraban los soldados te ibas para el Ej\u00e9rcito y si te agarraba la guerrilla, te ten\u00edas que ir a la monta\u00f1a. No hab\u00eda oportunidades de futuro.&nbsp;<\/p>\n<p>Muchas personas hoy se vienen porque fueron devastadas por desastres como temblores, huracanes, inundaciones. Pero han pasado 45 a\u00f1os y las oportunidades siguen sin surgir, no hay salarios competitivos, la inseguridad est\u00e1 igual o peor.&nbsp;&nbsp;<\/p>\n<p><\/p>\n<p><\/p>\n<p><strong>Hay casos de migrantes guatemaltecos que han sido electos como diputados, pero no hacen mayor diferencia\u2026<\/strong><\/p>\n<p><\/p>\n<p><\/p>\n<p>S\u00ed, s\u00e9 a que casos te refieres. Te digo, hay lideres migrantes que han resultado enrolados en partidos y logran una representaci\u00f3n, pero es debido a que tampoco hay inter\u00e9s por promover una agenda migrante en los Congresos.&nbsp;<\/p>\n<p>Sin embargo, los migrantes no han elegido a estas personas:&nbsp; resultan electas por el voto de ciudadanos en Guatemala, no aqu\u00ed. Por eso pedimos derecho al voto, derecho postular a nuestros candidatos. Aqu\u00ed siempre tenemos candidatos en cada campa\u00f1a, desfile de candidatos, prometen pero no tenemos c\u00f3mo hacerlos cumplir.<\/p>\n<p><\/p>\n<p><\/p>\n<p><strong>\u00bfCu\u00e1l es el gran sue\u00f1o?&nbsp;<\/strong><\/p>\n<p><\/p>\n<p><\/p>\n<p>Queremos una mejor Guatemala, so\u00f1amos con regresar a una mejor Guatemala. Aportamos a construirla. Quisi\u00e9ramos mandar \u00fatiles escolares, apoyar la educaci\u00f3n, pero los consulados deber\u00edan ser centros de unificaci\u00f3n, no solo de tr\u00e1mites.&nbsp;<\/p>\n<p><\/p>\n<p><\/p>\n<p><strong>\u00bfEn qu\u00e9 trabaja actualmente Voguare??<\/strong><\/p>\n<p><\/p>\n<p><\/p>\n<p>Estamos animando e impulsando el voto de los guatemaltecos que s\u00ed lograron empadronarse. No se pudo lograr que empadronaran a m\u00e1s por falta de volundad.&nbsp;<\/p>\n<p><\/p>\n<p><\/p>\n<p>El 26 octubre de 2022, Ben Monterroso estuvo en Guatemala para solicitar un amparo ante la Corte Suprema de Justicia a fin de exigir que se garanticen los derechos de participaci\u00f3n electoral y pol\u00edtica de los migrantes guatemaltecos radicados en EE.UU.&nbsp; El 20 de enero de 2023, d\u00eda de la convocatoria a elecciones, a\u00fan no hab\u00eda sido resuelto y a la fecha contin\u00faa sin ninguna soluci\u00f3n para la comunidad migrante.<br>Pero esperamos que los migrantes empadronados analicen, elijan y exijamos as\u00ed cambios para todos los guatemaltecos. Y adem\u00e1s estamos fiscalizando que los fondos asignados por el TSE para el voto en Estados Unidos se utilicen con transparencia.<\/p>\n<p><\/p>\n<p><\/p>\n<p><\/p>\t\t\t\t\t\t\t\t<\/div>\n\t\t\t\t<div class=\"elementor-element elementor-element-abbe1cf elementor-widget elementor-widget-image\" data-id=\"abbe1cf\" data-element_type=\"widget\" data-e-type=\"widget\" data-widget_type=\"image.default\">\n\t\t\t\t\t\t\t\t\t\t\t\t<figure class=\"wp-caption\">\n\t\t\t\t\t\t\t\t\t\t<img loading=\"lazy\" decoding=\"async\" width=\"768\" height=\"576\" src=\"https:\/\/soymigrante.com\/revista\/wp-content\/uploads\/2023\/02\/SOY-BEN-MONTERROSO-3-1024x768.jpg\" class=\"attachment-large size-large wp-image-263\" alt=\"\" srcset=\"https:\/\/soymigrante.com\/revista\/wp-content\/uploads\/2023\/02\/SOY-BEN-MONTERROSO-3-1024x768.jpg 1024w, https:\/\/soymigrante.com\/revista\/wp-content\/uploads\/2023\/02\/SOY-BEN-MONTERROSO-3-300x225.webp 300w, https:\/\/soymigrante.com\/revista\/wp-content\/uploads\/2023\/02\/SOY-BEN-MONTERROSO-3-768x576.jpg 768w, https:\/\/soymigrante.com\/revista\/wp-content\/uploads\/2023\/02\/SOY-BEN-MONTERROSO-3-750x563.webp 750w, https:\/\/soymigrante.com\/revista\/wp-content\/uploads\/2023\/02\/SOY-BEN-MONTERROSO-3-1140x855.jpg 1140w, https:\/\/soymigrante.com\/revista\/wp-content\/uploads\/2023\/02\/SOY-BEN-MONTERROSO-3.webp 1440w\" sizes=\"(max-width: 768px) 100vw, 768px\" title=\"SOY BEN MONTERROSO 3 \u2013 SoyMigrante.com REVISTA\" \/>\t\t\t\t\t\t\t\t\t\t\t<figcaption class=\"widget-image-caption wp-caption-text\">Ben Monterroso en octubre de 2022, al presentar el recurso para la agilizaci\u00f3n del empadronamiento. Espera que el pr\u00f3ximo Tribunal Supremo Electoral impulse una campa\u00f1a m\u00e1s innovadora y eficiente.<\/figcaption>\n\t\t\t\t\t\t\t\t\t\t<\/figure>\n\t\t\t\t\t\t\t\t\t<\/div>\n\t\t\t\t\t<\/div>\n\t\t<\/div>\n\t\t\t\t\t<\/div>\n\t\t<\/section>\n\t\t\t\t<\/div>\n\t\t","protected":false},"excerpt":{"rendered":"<p>Ben Monterroso, guatemalteco defensor de los derechos migrantes y promotor del voto en el extranujero considera contradictorio que se les llame \u201ch\u00e9roes\u201d por sostener la econom\u00eda del pa\u00eds, pero no se les facilita la participaci\u00f3n pol\u00edtica ni reciben la atenci\u00f3n necesaria del Estado de Guatemala. Ben Monterroso impulsa el voto y la participaci\u00f3n pol\u00edtica de [&hellip;]<\/p>\n","protected":false},"author":7,"featured_media":263,"comment_status":"open","ping_status":"open","sticky":false,"template":"","format":"standard","meta":{"_acf_changed":false,"_eb_attr":"","footnotes":""},"categories":[54],"tags":[],"class_list":["post-260","post","type-post","status-publish","format-standard","has-post-thumbnail","hentry","category-estamos-unidos"],"acf":[],"aioseo_notices":[],"aioseo_head":"\n\t\t<!-- All in One SEO Pro 4.9.6.2 - aioseo.com -->\n\t<meta name=\"description\" content=\"Ben Monterroso, guatemalteco defensor de los derechos migrantes y promotor del voto en el extranujero considera contradictorio que se les llame \u201ch\u00e9roes\u201d por sostener la econom\u00eda del pa\u00eds, pero no se les facilita la participaci\u00f3n pol\u00edtica ni reciben la atenci\u00f3n necesaria del Estado de Guatemala. Con m\u00e1s de 45 a\u00f1os de haber llegado a EE.UU.,\" \/>\n\t<meta name=\"robots\" content=\"max-snippet:-1, max-image-preview:large, max-video-preview:-1\" \/>\n\t<meta name=\"author\" content=\"Gustavo Montenegro\"\/>\n\t<link rel=\"canonical\" href=\"https:\/\/soymigrante.com\/revista\/los-migrantes-tambien-somos-guatemala\/\" \/>\n\t<meta name=\"generator\" content=\"All in One SEO Pro (AIOSEO) 4.9.6.2\" \/>\n\n\t\t<link rel=\"preconnect\" href=\"https:\/\/fonts.googleapis.com\" crossorigin>\n<link rel=\"preconnect\" href=\"https:\/\/fonts.gstatic.com\" crossorigin>\n\t\t<meta property=\"og:locale\" content=\"es_ES\" \/>\n\t\t<meta property=\"og:site_name\" content=\"SoyMigrante.com REVISTA \u2013 Nuestra misi\u00f3n es reconocer y dignificar al migrante.\" \/>\n\t\t<meta property=\"og:type\" content=\"article\" \/>\n\t\t<meta property=\"og:title\" content=\"\u201cLos migrantes tambi\u00e9n somos Guatemala y tenemos derecho a marcar su futuro\u201d: Ben Monterroso\" \/>\n\t\t<meta property=\"og:description\" content=\"Ben Monterroso, guatemalteco defensor de los derechos migrantes y promotor del voto en el extranujero considera contradictorio que se les llame \u201ch\u00e9roes\u201d por sostener la econom\u00eda del pa\u00eds, pero no se les facilita la participaci\u00f3n pol\u00edtica ni reciben la atenci\u00f3n necesaria del Estado de Guatemala. Con m\u00e1s de 45 a\u00f1os de haber llegado a EE.UU.,\" \/>\n\t\t<meta property=\"og:url\" content=\"https:\/\/soymigrante.com\/revista\/los-migrantes-tambien-somos-guatemala\/\" \/>\n\t\t<meta property=\"og:image\" content=\"https:\/\/soymigrante.com\/revista\/wp-content\/uploads\/2023\/02\/SOY-BEN-MONTERROSO-3.webp\" \/>\n\t\t<meta property=\"og:image:secure_url\" content=\"https:\/\/soymigrante.com\/revista\/wp-content\/uploads\/2023\/02\/SOY-BEN-MONTERROSO-3.webp\" \/>\n\t\t<meta property=\"og:image:width\" content=\"1440\" \/>\n\t\t<meta property=\"og:image:height\" content=\"1080\" \/>\n\t\t<meta property=\"article:published_time\" content=\"2023-05-26T00:01:24+00:00\" \/>\n\t\t<meta property=\"article:modified_time\" content=\"2024-11-01T21:04:18+00:00\" \/>\n\t\t<meta property=\"article:publisher\" content=\"https:\/\/www.facebook.com\/soymigrantecom\" \/>\n\t\t<meta name=\"twitter:card\" content=\"summary_large_image\" \/>\n\t\t<meta name=\"twitter:site\" content=\"@SoyMigrante_com\" \/>\n\t\t<meta name=\"twitter:title\" content=\"\u201cLos migrantes tambi\u00e9n somos Guatemala y tenemos derecho a marcar su futuro\u201d: Ben Monterroso\" \/>\n\t\t<meta name=\"twitter:description\" content=\"Ben Monterroso, guatemalteco defensor de los derechos migrantes y promotor del voto en el extranujero considera contradictorio que se les llame \u201ch\u00e9roes\u201d por sostener la econom\u00eda del pa\u00eds, pero no se les facilita la participaci\u00f3n pol\u00edtica ni reciben la atenci\u00f3n necesaria del Estado de Guatemala. Con m\u00e1s de 45 a\u00f1os de haber llegado a EE.UU.,\" \/>\n\t\t<meta name=\"twitter:creator\" content=\"@SoyMigrante_com\" \/>\n\t\t<meta name=\"twitter:image\" content=\"https:\/\/soymigrante.com\/revista\/wp-content\/uploads\/2023\/02\/SOY-BEN-MONTERROSO-3.webp\" \/>\n\t\t<!-- All in One SEO Pro -->\r\n\t\t<title>\u201cLos migrantes tambi\u00e9n somos Guatemala y tenemos derecho a marcar su futuro\u201d: Ben Monterroso<\/title>\n\n","aioseo_head_json":{"title":"\u201cLos migrantes tambi\u00e9n somos Guatemala y tenemos derecho a marcar su futuro\u201d: Ben Monterroso","description":"Ben Monterroso, guatemalteco defensor de los derechos migrantes y promotor del voto en el extranujero considera contradictorio que se les llame \u201ch\u00e9roes\u201d por sostener la econom\u00eda del pa\u00eds, pero no se les facilita la participaci\u00f3n pol\u00edtica ni reciben la atenci\u00f3n necesaria del Estado de Guatemala. Con m\u00e1s de 45 a\u00f1os de haber llegado a EE.UU.,","canonical_url":"https:\/\/soymigrante.com\/revista\/los-migrantes-tambien-somos-guatemala\/","robots":"max-snippet:-1, max-image-preview:large, max-video-preview:-1","keywords":"","webmasterTools":{"miscellaneous":"&lt;link rel=\"preconnect\" href=\"https:\/\/fonts.googleapis.com\" crossorigin&gt;\n&lt;link rel=\"preconnect\" href=\"https:\/\/fonts.gstatic.com\" crossorigin&gt;"},"schema":null,"og:locale":"es_ES","og:site_name":"SoyMigrante.com REVISTA \u2013 Nuestra misi\u00f3n es reconocer y dignificar al migrante.","og:type":"article","og:title":"\u201cLos migrantes tambi\u00e9n somos Guatemala y tenemos derecho a marcar su futuro\u201d: Ben Monterroso","og:description":"Ben Monterroso, guatemalteco defensor de los derechos migrantes y promotor del voto en el extranujero considera contradictorio que se les llame \u201ch\u00e9roes\u201d por sostener la econom\u00eda del pa\u00eds, pero no se les facilita la participaci\u00f3n pol\u00edtica ni reciben la atenci\u00f3n necesaria del Estado de Guatemala. Con m\u00e1s de 45 a\u00f1os de haber llegado a EE.UU.,","og:url":"https:\/\/soymigrante.com\/revista\/los-migrantes-tambien-somos-guatemala\/","og:image":"https:\/\/soymigrante.com\/revista\/wp-content\/uploads\/2023\/02\/SOY-BEN-MONTERROSO-3.webp","og:image:secure_url":"https:\/\/soymigrante.com\/revista\/wp-content\/uploads\/2023\/02\/SOY-BEN-MONTERROSO-3.webp","og:image:width":1440,"og:image:height":1080,"article:published_time":"2023-05-26T00:01:24+00:00","article:modified_time":"2024-11-01T21:04:18+00:00","article:publisher":"https:\/\/www.facebook.com\/soymigrantecom","twitter:card":"summary_large_image","twitter:site":"@SoyMigrante_com","twitter:title":"\u201cLos migrantes tambi\u00e9n somos Guatemala y tenemos derecho a marcar su futuro\u201d: Ben Monterroso","twitter:description":"Ben Monterroso, guatemalteco defensor de los derechos migrantes y promotor del voto en el extranujero considera contradictorio que se les llame \u201ch\u00e9roes\u201d por sostener la econom\u00eda del pa\u00eds, pero no se les facilita la participaci\u00f3n pol\u00edtica ni reciben la atenci\u00f3n necesaria del Estado de Guatemala. Con m\u00e1s de 45 a\u00f1os de haber llegado a EE.UU.,","twitter:creator":"@SoyMigrante_com","twitter:image":"https:\/\/soymigrante.com\/revista\/wp-content\/uploads\/2023\/02\/SOY-BEN-MONTERROSO-3.webp"},"aioseo_meta_data":{"post_id":"260","title":null,"description":null,"keywords":null,"keyphrases":{"focus":{"keyphrase":"Migrantes","score":82,"analysis":{"keyphraseInTitle":{"score":9,"maxScore":9,"error":0},"keyphraseInDescription":{"score":9,"maxScore":9,"error":0},"keyphraseLength":{"score":9,"maxScore":9,"error":0,"length":1},"keyphraseInURL":{"score":5,"maxScore":5,"error":0},"keyphraseInIntroduction":{"score":9,"maxScore":9,"error":0},"keyphraseInSubHeadings":{"score":3,"maxScore":9,"error":1},"keyphraseInImageAlt":{"score":3,"maxScore":9,"error":1},"keywordDensity":{"type":"best","score":9,"maxScore":9,"error":0}}},"additional":[]},"primary_term":null,"canonical_url":null,"og_title":null,"og_description":null,"og_object_type":"default","og_image_type":"default","og_image_url":null,"og_image_width":null,"og_image_height":null,"og_image_custom_url":null,"og_image_custom_fields":null,"og_video":"","og_custom_url":null,"og_article_section":null,"og_article_tags":null,"twitter_use_og":false,"twitter_card":"default","twitter_image_type":"default","twitter_image_url":null,"twitter_image_custom_url":null,"twitter_image_custom_fields":null,"twitter_title":null,"twitter_description":null,"schema":{"blockGraphs":[],"customGraphs":[],"default":{"data":{"Article":[],"Course":[],"Dataset":[],"FAQPage":[],"Movie":[],"Person":[],"Product":[],"ProductReview":[],"Car":[],"Recipe":[],"Service":[],"SoftwareApplication":[],"WebPage":[]},"graphName":"Article","isEnabled":true},"graphs":[]},"schema_type":"default","schema_type_options":null,"pillar_content":false,"robots_default":true,"robots_noindex":false,"robots_noarchive":false,"robots_nosnippet":false,"robots_nofollow":false,"robots_noimageindex":false,"robots_noodp":false,"robots_notranslate":false,"robots_max_snippet":"-1","robots_max_videopreview":"-1","robots_max_imagepreview":"large","priority":null,"frequency":"default","local_seo":null,"seo_analyzer_scan_date":"2025-10-08 19:38:28","breadcrumb_settings":null,"limit_modified_date":false,"reviewed_by":null,"open_ai":"{\"title\":{\"suggestions\":[],\"usage\":0},\"description\":{\"suggestions\":[],\"usage\":0}}","ai":null,"created":"2023-08-17 09:23:01","updated":"2026-02-04 04:24:58"},"aioseo_breadcrumb":"<div class=\"aioseo-breadcrumbs\"><span class=\"aioseo-breadcrumb\">\n\t<a href=\"https:\/\/soymigrante.com\/revista\" title=\"Home\">Home<\/a>\n<\/span><span class=\"aioseo-breadcrumb-separator\">\u00bb<\/span><span class=\"aioseo-breadcrumb\">\n\t<a href=\"https:\/\/soymigrante.com\/revista\/category\/estamos-unidos\/\" title=\"Estamos Unidos\">Estamos Unidos<\/a>\n<\/span><span class=\"aioseo-breadcrumb-separator\">\u00bb<\/span><span class=\"aioseo-breadcrumb\">\n\t\u201cLos migrantes tambi\u00e9n somos Guatemala y tenemos derecho a marcar su futuro\u201d: Ben Monterroso\n<\/span><\/div>","aioseo_breadcrumb_json":[{"label":"Home","link":"https:\/\/soymigrante.com\/revista"},{"label":"Estamos Unidos","link":"https:\/\/soymigrante.com\/revista\/category\/estamos-unidos\/"},{"label":"&#8220;Los migrantes tambi\u00e9n somos Guatemala y tenemos derecho a marcar su futuro&#8221;: Ben Monterroso","link":"https:\/\/soymigrante.com\/revista\/los-migrantes-tambien-somos-guatemala\/"}],"_links":{"self":[{"href":"https:\/\/soymigrante.com\/revista\/wp-json\/wp\/v2\/posts\/260","targetHints":{"allow":["GET"]}}],"collection":[{"href":"https:\/\/soymigrante.com\/revista\/wp-json\/wp\/v2\/posts"}],"about":[{"href":"https:\/\/soymigrante.com\/revista\/wp-json\/wp\/v2\/types\/post"}],"author":[{"embeddable":true,"href":"https:\/\/soymigrante.com\/revista\/wp-json\/wp\/v2\/users\/7"}],"replies":[{"embeddable":true,"href":"https:\/\/soymigrante.com\/revista\/wp-json\/wp\/v2\/comments?post=260"}],"version-history":[{"count":0,"href":"https:\/\/soymigrante.com\/revista\/wp-json\/wp\/v2\/posts\/260\/revisions"}],"wp:featuredmedia":[{"embeddable":true,"href":"https:\/\/soymigrante.com\/revista\/wp-json\/wp\/v2\/media\/263"}],"wp:attachment":[{"href":"https:\/\/soymigrante.com\/revista\/wp-json\/wp\/v2\/media?parent=260"}],"wp:term":[{"taxonomy":"category","embeddable":true,"href":"https:\/\/soymigrante.com\/revista\/wp-json\/wp\/v2\/categories?post=260"},{"taxonomy":"post_tag","embeddable":true,"href":"https:\/\/soymigrante.com\/revista\/wp-json\/wp\/v2\/tags?post=260"}],"curies":[{"name":"wp","href":"https:\/\/api.w.org\/{rel}","templated":true}]}}