{"id":25996,"date":"2025-03-03T06:00:00","date_gmt":"2025-03-03T12:00:00","guid":{"rendered":"https:\/\/soymigrante.com\/revista\/?p=25996"},"modified":"2025-06-23T17:22:00","modified_gmt":"2025-06-23T23:22:00","slug":"pan-de-banano-guatemalteco-una-receta-llena-de-tradicion","status":"publish","type":"post","link":"https:\/\/soymigrante.com\/revista\/pan-de-banano-guatemalteco-una-receta-llena-de-tradicion\/","title":{"rendered":"Pan de banano guatemalteco: una delicia llena de tradici\u00f3n"},"content":{"rendered":"\t\t<div data-elementor-type=\"wp-post\" data-elementor-id=\"25996\" class=\"elementor elementor-25996\" data-elementor-post-type=\"post\">\n\t\t\t\t<div data-particle_enable=\"false\" data-particle-mobile-disabled=\"false\" class=\"elementor-element elementor-element-1bf59a0 e-flex e-con-boxed e-con e-parent\" data-id=\"1bf59a0\" data-element_type=\"container\" data-e-type=\"container\">\n\t\t\t\t\t<div class=\"e-con-inner\">\n\t\t\t\t<div class=\"elementor-element elementor-element-6c1c267 elementor-widget elementor-widget-heading\" data-id=\"6c1c267\" data-element_type=\"widget\" data-e-type=\"widget\" data-widget_type=\"heading.default\">\n\t\t\t\t\t<h2 class=\"elementor-heading-title elementor-size-default\">Con su balance perfecto entre dulzura y suavidad, el pan de banano sigue conquistando paladares en Guatemala y m\u00e1s all\u00e1.\n<\/h2>\t\t\t\t<\/div>\n\t\t\t\t\t<\/div>\n\t\t\t\t<\/div>\n\t\t<div data-particle_enable=\"false\" data-particle-mobile-disabled=\"false\" class=\"elementor-element elementor-element-753d100 e-flex e-con-boxed e-con e-parent\" data-id=\"753d100\" data-element_type=\"container\" data-e-type=\"container\">\n\t\t\t\t\t<div class=\"e-con-inner\">\n\t\t\t\t<div class=\"elementor-element elementor-element-96c5491 elementor-widget elementor-widget-text-editor\" data-id=\"96c5491\" data-element_type=\"widget\" data-e-type=\"widget\" data-widget_type=\"text-editor.default\">\n\t\t\t\t\t\t\t\t\t<p>El pan de banano es una de las recetas m\u00e1s queridas en la r<a href=\"https:\/\/soymigrante.com\/revista\/recetas-chapinas-rellenitos-guatemaltecos-son-un-antojito-irresistible\/\" target=\"_blank\" rel=\"noopener\">eposter\u00eda guatemalteca.<\/a><\/p><p>Su textura suave, su dulzura natural y su aroma irresistible <a href=\"https:\/\/soymigrante.com\/revista\/recetas-chapinas-rellenitos-guatemaltecos-son-un-antojito-irresistible\/\" target=\"_blank\" rel=\"noopener\">lo convierten en un cl\u00e1sico en los hogares<\/a>, ideal para acompa\u00f1ar con caf\u00e9 o como un postre casero.<\/p><p>Este pan tiene su origen en la necesidad de aprovechar los bananos maduros, evitando desperdiciarlos y transform\u00e1ndolos en una delicia esponjosa y nutritiva.<\/p>\t\t\t\t\t\t\t\t<\/div>\n\t\t\t\t\t<\/div>\n\t\t\t\t<\/div>\n\t\t<div data-particle_enable=\"false\" data-particle-mobile-disabled=\"false\" class=\"elementor-element elementor-element-547f956 e-flex e-con-boxed e-con e-parent\" data-id=\"547f956\" data-element_type=\"container\" data-e-type=\"container\">\n\t\t\t\t\t<div class=\"e-con-inner\">\n\t\t\t\t<div class=\"elementor-element elementor-element-3d5e0ff elementor-widget elementor-widget-text-editor\" data-id=\"3d5e0ff\" data-element_type=\"widget\" data-e-type=\"widget\" data-widget_type=\"text-editor.default\">\n\t\t\t\t\t\t\t\t\t<p>A lo largo del tiempo, esta receta se ha transmitido de generaci\u00f3n en generaci\u00f3n, con variaciones que incluyen nueces, pasas o incluso chocolate, seg\u00fan el chef, Andr\u00e9 Mendoza, instructor del Instituto T\u00e9cnico de Capacitaci\u00f3n y Productividad (INTECAP).<\/p>\t\t\t\t\t\t\t\t<\/div>\n\t\t\t\t\t<\/div>\n\t\t\t\t<\/div>\n\t\t<div data-particle_enable=\"false\" data-particle-mobile-disabled=\"false\" class=\"elementor-element elementor-element-bee4d3f e-flex e-con-boxed e-con e-parent\" data-id=\"bee4d3f\" data-element_type=\"container\" data-e-type=\"container\">\n\t\t\t\t\t<div class=\"e-con-inner\">\n\t\t\t\t<div class=\"elementor-element elementor-element-b07a318 elementor-invisible elementor-widget elementor-widget-facebook-embed\" data-id=\"b07a318\" data-element_type=\"widget\" data-e-type=\"widget\" data-settings=\"{&quot;_animation&quot;:&quot;zoomInDown&quot;}\" data-widget_type=\"facebook-embed.default\">\n\t\t\t\t\t<div style=\"min-height: 1px\" class=\"elementor-facebook-widget fb-video\" data-href=\"https:\/\/www.facebook.com\/MiedoalacocinaconAllan\/videos\/217698642533038\" data-show-text=\"false\" data-allowfullscreen=\"false\" data-autoplay=\"false\" data-show-captions=\"false\"><\/div>\t\t\t\t<\/div>\n\t\t\t\t\t<\/div>\n\t\t\t\t<\/div>\n\t\t<div data-particle_enable=\"false\" data-particle-mobile-disabled=\"false\" class=\"elementor-element elementor-element-cc6f234 e-flex e-con-boxed e-con e-parent\" data-id=\"cc6f234\" data-element_type=\"container\" data-e-type=\"container\">\n\t\t\t\t\t<div class=\"e-con-inner\">\n\t\t\t\t<div class=\"elementor-element elementor-element-d717484 elementor-widget elementor-widget-heading\" data-id=\"d717484\" data-element_type=\"widget\" data-e-type=\"widget\" data-widget_type=\"heading.default\">\n\t\t\t\t\t<h3 class=\"elementor-heading-title elementor-size-default\">Receta del pan de banano guatemalteco<\/h3>\t\t\t\t<\/div>\n\t\t\t\t\t<\/div>\n\t\t\t\t<\/div>\n\t\t<div data-particle_enable=\"false\" data-particle-mobile-disabled=\"false\" class=\"elementor-element elementor-element-beec95b e-flex e-con-boxed e-con e-parent\" data-id=\"beec95b\" data-element_type=\"container\" data-e-type=\"container\">\n\t\t\t\t\t<div class=\"e-con-inner\">\n\t\t\t\t<div class=\"elementor-element elementor-element-757f36f elementor-widget elementor-widget-text-editor\" data-id=\"757f36f\" data-element_type=\"widget\" data-e-type=\"widget\" data-widget_type=\"text-editor.default\">\n\t\t\t\t\t\t\t\t\t<div><strong>Ingredientes:<\/strong><\/div><div>\u20223 bananos maduros<\/div><div>\u20222 tazas de harina de trigo<\/div><div>\u20221 taza de az\u00facar<\/div><div>\u2022\u00bd taza de mantequilla derretida o aceite vegetal<\/div><div>\u20222 huevos<\/div><div>\u20221 cucharadita de bicarbonato de sodio<\/div><div>\u20221 cucharadita de polvo de hornear<\/div><div>\u20221 cucharadita de canela en polvo (opcional)<\/div><div>\u2022\u00bd taza de leche<\/div><div>\u20221 cucharadita de esencia de vainilla<\/div><div>\u2022\u00bd taza de nueces picadas (opcional)<\/div>\t\t\t\t\t\t\t\t<\/div>\n\t\t\t\t\t<\/div>\n\t\t\t\t<\/div>\n\t\t<div data-particle_enable=\"false\" data-particle-mobile-disabled=\"false\" class=\"elementor-element elementor-element-1707660 e-flex e-con-boxed e-con e-parent\" data-id=\"1707660\" data-element_type=\"container\" data-e-type=\"container\">\n\t\t\t\t\t<div class=\"e-con-inner\">\n\t\t\t\t<div class=\"elementor-element elementor-element-c000961 elementor-widget elementor-widget-image\" data-id=\"c000961\" data-element_type=\"widget\" data-e-type=\"widget\" data-widget_type=\"image.default\">\n\t\t\t\t\t\t\t\t\t\t\t\t<figure class=\"wp-caption\">\n\t\t\t\t\t\t\t\t\t\t<img fetchpriority=\"high\" decoding=\"async\" width=\"183\" height=\"275\" src=\"https:\/\/soymigrante.com\/revista\/wp-content\/uploads\/2025\/02\/Pan-de-banano.webp\" class=\"attachment-large size-large wp-image-26006\" alt=\"Banana bread casero con bananas en rodajas, ideal para desayunos y meriendas saludables, con textura h\u00fameda y sabor delicioso.\" title=\"Pan de banano \u2013 SoyMigrante.com REVISTA\" \/>\t\t\t\t\t\t\t\t\t\t\t<figcaption class=\"widget-image-caption wp-caption-text\">Delicioso pan de pl\u00e1tano casero con bananas en rodajas, perfecto para desayunos nutritivos y meriendas, ofreciendo una textura h\u00fameda y un sabor irresistible.<\/figcaption>\n\t\t\t\t\t\t\t\t\t\t<\/figure>\n\t\t\t\t\t\t\t\t\t<\/div>\n\t\t\t\t\t<\/div>\n\t\t\t\t<\/div>\n\t\t<div data-particle_enable=\"false\" data-particle-mobile-disabled=\"false\" class=\"elementor-element elementor-element-f14e4c2 e-flex e-con-boxed e-con e-parent\" data-id=\"f14e4c2\" data-element_type=\"container\" data-e-type=\"container\">\n\t\t\t\t\t<div class=\"e-con-inner\">\n\t\t\t\t<div class=\"elementor-element elementor-element-55244f0 elementor-widget elementor-widget-text-editor\" data-id=\"55244f0\" data-element_type=\"widget\" data-e-type=\"widget\" data-widget_type=\"text-editor.default\">\n\t\t\t\t\t\t\t\t\t<div><strong>Preparaci\u00f3n:<\/strong><\/div><div><strong>1.Preparar los ingredientes:<\/strong> Precalienta el horno a 180\u00b0C (350\u00b0F) y engrasa un molde para pan.<\/div><div><strong>2.Triturar los bananos:<\/strong> En un taz\u00f3n grande, machaca los bananos maduros hasta obtener un pur\u00e9 suave.<\/div><div><strong>3.Mezclar los ingredientes h\u00famedos:<\/strong> Agrega la mantequilla derretida, los huevos, la leche y la esencia de vainilla. Mezcla bien.<\/div><div><strong>4.Incorporar los ingredientes secos:<\/strong> En otro taz\u00f3n, tamiza la harina, el az\u00facar, el bicarbonato de sodio, el polvo de hornear y la canela. Agrega esta mezcla poco a poco al pur\u00e9 de banano, removiendo hasta que todo est\u00e9 bien integrado.<\/div><div><strong>5.Agregar los extras:<\/strong> Si deseas, a\u00f1ade nueces picadas o pasas y mezcla suavemente.<\/div><div><strong>6.Horneado:<\/strong> Vierte la mezcla en el molde engrasado y hornea por aproximadamente 45-50 minutos, o hasta que al insertar un palillo en el centro, este salga limpio.<\/div><div><strong>7.Enfriado y servido:<\/strong> Deja enfriar el pan antes de desmoldarlo y cortarlo en rebanadas.<\/div>\t\t\t\t\t\t\t\t<\/div>\n\t\t\t\t\t<\/div>\n\t\t\t\t<\/div>\n\t\t<div data-particle_enable=\"false\" data-particle-mobile-disabled=\"false\" class=\"elementor-element elementor-element-59da520 e-flex e-con-boxed e-con e-parent\" data-id=\"59da520\" data-element_type=\"container\" data-e-type=\"container\">\n\t\t\t\t\t<div class=\"e-con-inner\">\n\t\t\t\t<div class=\"elementor-element elementor-element-6b23f1b elementor-widget elementor-widget-image\" data-id=\"6b23f1b\" data-element_type=\"widget\" data-e-type=\"widget\" data-widget_type=\"image.default\">\n\t\t\t\t\t\t\t\t\t\t\t\t<figure class=\"wp-caption\">\n\t\t\t\t\t\t\t\t\t\t<img decoding=\"async\" width=\"500\" height=\"334\" src=\"https:\/\/soymigrante.com\/revista\/wp-content\/uploads\/2025\/02\/Pan-de-banano-2.webp\" class=\"attachment-large size-large wp-image-26005\" alt=\"Sabroso bizcocho casero sumergido en leche, ideal para desayunos tradicionales y meriendas, con un toque de dulzura y textura suave. Perfecto para disfrutar en familia o con amigos.\" srcset=\"https:\/\/soymigrante.com\/revista\/wp-content\/uploads\/2025\/02\/Pan-de-banano-2.webp 500w, https:\/\/soymigrante.com\/revista\/wp-content\/uploads\/2025\/02\/Pan-de-banano-2-300x200.jpeg 300w\" sizes=\"(max-width: 500px) 100vw, 500px\" title=\"Pan de banano 2 \u2013 SoyMigrante.com REVISTA\" \/>\t\t\t\t\t\t\t\t\t\t\t<figcaption class=\"widget-image-caption wp-caption-text\">Un delicioso bizcocho artesanal sumergido en leche, presentado en una mesa con bananas y una taza de leche, resaltando sabores aut\u00e9nticos y recetas tradicionales mexicanas perfectas para desayunos y meriendas.<\/figcaption>\n\t\t\t\t\t\t\t\t\t\t<\/figure>\n\t\t\t\t\t\t\t\t\t<\/div>\n\t\t\t\t\t<\/div>\n\t\t\t\t<\/div>\n\t\t<div data-particle_enable=\"false\" data-particle-mobile-disabled=\"false\" class=\"elementor-element elementor-element-548d43e e-flex e-con-boxed e-con e-parent\" data-id=\"548d43e\" data-element_type=\"container\" data-e-type=\"container\">\n\t\t\t\t\t<div class=\"e-con-inner\">\n\t\t\t\t<div class=\"elementor-element elementor-element-00b3020 elementor-widget elementor-widget-heading\" data-id=\"00b3020\" data-element_type=\"widget\" data-e-type=\"widget\" data-widget_type=\"heading.default\">\n\t\t\t\t\t<h3 class=\"elementor-heading-title elementor-size-default\">Un pan casero con mucho significado<\/h3>\t\t\t\t<\/div>\n\t\t\t\t\t<\/div>\n\t\t\t\t<\/div>\n\t\t<div data-particle_enable=\"false\" data-particle-mobile-disabled=\"false\" class=\"elementor-element elementor-element-7401684 e-flex e-con-boxed e-con e-parent\" data-id=\"7401684\" data-element_type=\"container\" data-e-type=\"container\">\n\t\t\t\t\t<div class=\"e-con-inner\">\n\t\t\t\t<div class=\"elementor-element elementor-element-f2dbb10 elementor-widget elementor-widget-text-editor\" data-id=\"f2dbb10\" data-element_type=\"widget\" data-e-type=\"widget\" data-widget_type=\"text-editor.default\">\n\t\t\t\t\t\t\t\t\t<p>El pan de banano no solo es una opci\u00f3n deliciosa y f\u00e1cil de preparar, sino que tambi\u00e9n <a href=\"https:\/\/soymigrante.com\/revista\/recetas-chapinas-rellenitos-guatemaltecos-son-un-antojito-irresistible\/\" target=\"_blank\" rel=\"noopener\">forma parte de la tradici\u00f3n culinaria guatemalteca.<\/a><\/p><p>Es com\u00fan encontrarlo en reuniones familiares, <a href=\"https:\/\/soymigrante.com\/revista\/recetas-chapinas-rellenitos-guatemaltecos-son-un-antojito-irresistible\/\" target=\"_blank\" rel=\"noopener\">en ventas de pan artesanal o como una merienda perfecta<\/a> para cualquier momento del d\u00eda.<\/p>\t\t\t\t\t\t\t\t<\/div>\n\t\t\t\t\t<\/div>\n\t\t\t\t<\/div>\n\t\t<div data-particle_enable=\"false\" data-particle-mobile-disabled=\"false\" class=\"elementor-element elementor-element-696e09d e-flex e-con-boxed e-con e-parent\" data-id=\"696e09d\" data-element_type=\"container\" data-e-type=\"container\">\n\t\t\t\t\t<div class=\"e-con-inner\">\n\t\t\t\t<div class=\"elementor-element elementor-element-88f4022 elementor-widget elementor-widget-heading\" data-id=\"88f4022\" data-element_type=\"widget\" data-e-type=\"widget\" data-widget_type=\"heading.default\">\n\t\t\t\t\t<h2 class=\"elementor-heading-title elementor-size-default\">Conoce otras recetas guatemaltecas ac\u00e1...<\/h2>\t\t\t\t<\/div>\n\t\t\t\t\t<\/div>\n\t\t\t\t<\/div>\n\t\t<div data-particle_enable=\"false\" data-particle-mobile-disabled=\"false\" class=\"elementor-element elementor-element-ee1c9a1 e-flex e-con-boxed e-con e-parent\" data-id=\"ee1c9a1\" data-element_type=\"container\" data-e-type=\"container\">\n\t\t\t\t\t<div class=\"e-con-inner\">\n\t\t\t\t<div class=\"elementor-element elementor-element-a99ff39 elementor-grid-eael-col-3 elementor-grid-tablet-eael-col-2 elementor-grid-mobile-eael-col-1 elementor-widget elementor-widget-eael-post-grid\" data-id=\"a99ff39\" data-element_type=\"widget\" data-e-type=\"widget\" data-settings=\"{&quot;eael_post_grid_columns&quot;:&quot;eael-col-3&quot;,&quot;eael_post_grid_columns_tablet&quot;:&quot;eael-col-2&quot;,&quot;eael_post_grid_columns_mobile&quot;:&quot;eael-col-1&quot;}\" data-widget_type=\"eael-post-grid.default\">\n\t\t\t\t\t<div id=\"eael-post-grid-a99ff39\" class=\"eael-post-grid-container\">\n            <div class=\"eael-post-grid eael-post-appender eael-post-appender-a99ff39 eael-post-grid-style-one\" data-layout-mode=\"masonry\"><article class=\"eael-grid-post  eael-post-grid-column eael-pg-post-7080 category-recetas-guatemaltecas\" data-id=\"7080\">\n        <div class=\"eael-grid-post-holder\">\n            <div class=\"eael-grid-post-holder-inner\"><div class=\"eael-entry-media\"><div class=\"eael-entry-overlay fade-in\"><i class=\"far fa-hand-pointer\" aria-hidden=\"true\"><\/i><a href=\"https:\/\/soymigrante.com\/revista\/recetas-chapinas-el-siempre-exquisito-pollo-en-crema\/\"><\/a><\/div><div class=\"eael-entry-thumbnail \">\n                <img decoding=\"async\" width=\"1024\" height=\"579\" src=\"https:\/\/soymigrante.com\/revista\/wp-content\/uploads\/2024\/06\/pollo-en-crema-2-1024x579.webp\" class=\"attachment-large size-large wp-image-7081\" alt=\"Campechana de pollo con verduras y ra\u00edz de yuca, plato t\u00edpico de la gastronom\u00eda latinoamericana, ideal para compartir en familia, preparado con ingredientes frescos y sabrosos.\" \/>\n            <\/div>\n        <\/div><div class=\"eael-entry-wrapper\"><header class=\"eael-entry-header\"><h2 class=\"eael-entry-title\"><a class=\"eael-grid-post-link\" href=\"https:\/\/soymigrante.com\/revista\/recetas-chapinas-el-siempre-exquisito-pollo-en-crema\/\" title=\"Delicia chapina: el siempre exquisito pollo en crema\">Delicia chapina: el siempre exquisito pollo en crema<\/a><\/h2><\/header><div class=\"eael-entry-content\">\n                        <div class=\"eael-grid-post-excerpt\"><a href=\"https:\/\/soymigrante.com\/revista\/recetas-chapinas-el-siempre-exquisito-pollo-en-crema\/\" class=\"eael-post-elements-readmore-btn\">CONOCE SU HISTORIA <\/a><\/div>\n                    <\/div><\/div><\/div>\n        <\/div>\n    <\/article><article class=\"eael-grid-post  eael-post-grid-column eael-pg-post-6078 category-recetas-guatemaltecas\" data-id=\"6078\">\n        <div class=\"eael-grid-post-holder\">\n            <div class=\"eael-grid-post-holder-inner\"><div class=\"eael-entry-media\"><div class=\"eael-entry-overlay fade-in\"><i class=\"far fa-hand-pointer\" aria-hidden=\"true\"><\/i><a href=\"https:\/\/soymigrante.com\/revista\/recetas-chapinas-rellenitos-guatemaltecos-son-un-antojito-irresistible\/\"><\/a><\/div><div class=\"eael-entry-thumbnail \">\n                <img loading=\"lazy\" decoding=\"async\" width=\"1024\" height=\"468\" src=\"https:\/\/soymigrante.com\/revista\/wp-content\/uploads\/2024\/04\/Receta-de-rellenitos-guatemaltecos-un-delicioso-antojito-chapin-1024x468.webp\" class=\"attachment-large size-large wp-image-6080\" alt=\"H directory.png.\" srcset=\"https:\/\/soymigrante.com\/revista\/wp-content\/uploads\/2024\/04\/Receta-de-rellenitos-guatemaltecos-un-delicioso-antojito-chapin-1024x468.webp 1024w, https:\/\/soymigrante.com\/revista\/wp-content\/uploads\/2024\/04\/Receta-de-rellenitos-guatemaltecos-un-delicioso-antojito-chapin-300x137.webp 300w, https:\/\/soymigrante.com\/revista\/wp-content\/uploads\/2024\/04\/Receta-de-rellenitos-guatemaltecos-un-delicioso-antojito-chapin-768x351.webp 768w, https:\/\/soymigrante.com\/revista\/wp-content\/uploads\/2024\/04\/Receta-de-rellenitos-guatemaltecos-un-delicioso-antojito-chapin-750x343.webp 750w, https:\/\/soymigrante.com\/revista\/wp-content\/uploads\/2024\/04\/Receta-de-rellenitos-guatemaltecos-un-delicioso-antojito-chapin-1140x521.webp 1140w, https:\/\/soymigrante.com\/revista\/wp-content\/uploads\/2024\/04\/Receta-de-rellenitos-guatemaltecos-un-delicioso-antojito-chapin.webp 1284w\" sizes=\"(max-width: 1024px) 100vw, 1024px\" \/>\n            <\/div>\n        <\/div><div class=\"eael-entry-wrapper\"><header class=\"eael-entry-header\"><h2 class=\"eael-entry-title\"><a class=\"eael-grid-post-link\" href=\"https:\/\/soymigrante.com\/revista\/recetas-chapinas-rellenitos-guatemaltecos-son-un-antojito-irresistible\/\" title=\"Recetas chapinas: Rellenitos guatemaltecos son un antojito irresistible\">Recetas chapinas: Rellenitos guatemaltecos son un antojito irresistible<\/a><\/h2><\/header><div class=\"eael-entry-content\">\n                        <div class=\"eael-grid-post-excerpt\"><a href=\"https:\/\/soymigrante.com\/revista\/recetas-chapinas-rellenitos-guatemaltecos-son-un-antojito-irresistible\/\" class=\"eael-post-elements-readmore-btn\">CONOCE SU HISTORIA <\/a><\/div>\n                    <\/div><\/div><\/div>\n        <\/div>\n    <\/article><article class=\"eael-grid-post  eael-post-grid-column eael-pg-post-5824 category-recetas-guatemaltecas\" data-id=\"5824\">\n        <div class=\"eael-grid-post-holder\">\n            <div class=\"eael-grid-post-holder-inner\"><div class=\"eael-entry-media\"><div class=\"eael-entry-overlay fade-in\"><i class=\"far fa-hand-pointer\" aria-hidden=\"true\"><\/i><a href=\"https:\/\/soymigrante.com\/revista\/receta-de-paches-quezaltecos-de-papa-que-delicia\/\"><\/a><\/div><div class=\"eael-entry-thumbnail \">\n                <img loading=\"lazy\" decoding=\"async\" width=\"1024\" height=\"681\" src=\"https:\/\/soymigrante.com\/revista\/wp-content\/uploads\/2024\/04\/receta-para-elaborar-paches-de-papa-xela-3-1024x681.webp\" class=\"attachment-large size-large wp-image-5825\" alt=\"receta para elaborar paches de papa xela. Recetas chapinas: Paches quezaltecos de papa \u00a1Qu\u00e9 delicia!\" srcset=\"https:\/\/soymigrante.com\/revista\/wp-content\/uploads\/2024\/04\/receta-para-elaborar-paches-de-papa-xela-3-1024x681.webp 1024w, https:\/\/soymigrante.com\/revista\/wp-content\/uploads\/2024\/04\/receta-para-elaborar-paches-de-papa-xela-3-300x200.webp 300w, https:\/\/soymigrante.com\/revista\/wp-content\/uploads\/2024\/04\/receta-para-elaborar-paches-de-papa-xela-3-768x511.webp 768w, https:\/\/soymigrante.com\/revista\/wp-content\/uploads\/2024\/04\/receta-para-elaborar-paches-de-papa-xela-3.webp 1920w\" sizes=\"(max-width: 1024px) 100vw, 1024px\" \/>\n            <\/div>\n        <\/div><div class=\"eael-entry-wrapper\"><header class=\"eael-entry-header\"><h2 class=\"eael-entry-title\"><a class=\"eael-grid-post-link\" href=\"https:\/\/soymigrante.com\/revista\/receta-de-paches-quezaltecos-de-papa-que-delicia\/\" title=\"Recetas chapinas: Paches quezaltecos de papa \u00a1Qu\u00e9 delicia!\">Recetas chapinas: Paches quezaltecos de papa \u00a1Qu\u00e9 delicia!<\/a><\/h2><\/header><div class=\"eael-entry-content\">\n                        <div class=\"eael-grid-post-excerpt\"><a href=\"https:\/\/soymigrante.com\/revista\/receta-de-paches-quezaltecos-de-papa-que-delicia\/\" class=\"eael-post-elements-readmore-btn\">CONOCE SU HISTORIA <\/a><\/div>\n                    <\/div><\/div><\/div>\n        <\/div>\n    <\/article><\/div>\n            <div class=\"clearfix\"><\/div>\n        <\/div>\t\t\t\t<\/div>\n\t\t\t\t\t<\/div>\n\t\t\t\t<\/div>\n\t\t\t\t<\/div>\n\t\t","protected":false},"excerpt":{"rendered":"<p>Con su balance perfecto entre dulzura y suavidad, el pan de banano sigue conquistando paladares en Guatemala y m\u00e1s all\u00e1. El pan de banano es una de las recetas m\u00e1s queridas en la reposter\u00eda guatemalteca. Su textura suave, su dulzura natural y su aroma irresistible lo convierten en un cl\u00e1sico en los hogares, ideal para [&hellip;]<\/p>\n","protected":false},"author":19,"featured_media":25997,"comment_status":"open","ping_status":"open","sticky":false,"template":"","format":"standard","meta":{"_acf_changed":false,"_eb_attr":"","footnotes":""},"categories":[58],"tags":[],"class_list":["post-25996","post","type-post","status-publish","format-standard","has-post-thumbnail","hentry","category-guate-nuestra"],"acf":[],"aioseo_notices":[],"aioseo_head":"\n\t\t<!-- All in One SEO Pro 4.9.6.2 - aioseo.com -->\n\t<meta name=\"description\" content=\"No hay guatemalteco, dentro o fuera del pa\u00eds, que no sepa lo que significa la expresi\u00f3n &quot;Jueves de paches&quot;: un platillo cl\u00e1sico de la gastronom\u00eda chapina. Esta es una receta de abuelita quetzalteca. Los paches de papa se encuentran dentro de esos sabores que distinguen a la comida chapina y que hasta tienen un d\u00eda\" \/>\n\t<meta name=\"robots\" content=\"max-snippet:-1, max-image-preview:large, max-video-preview:-1\" \/>\n\t<meta name=\"author\" content=\"Marysabel Aldana\"\/>\n\t<link rel=\"canonical\" href=\"https:\/\/soymigrante.com\/revista\/pan-de-banano-guatemalteco-una-receta-llena-de-tradicion\/\" \/>\n\t<meta name=\"generator\" content=\"All in One SEO Pro (AIOSEO) 4.9.6.2\" \/>\n\n\t\t<link rel=\"preconnect\" href=\"https:\/\/fonts.googleapis.com\" crossorigin>\n<link rel=\"preconnect\" href=\"https:\/\/fonts.gstatic.com\" crossorigin>\n\t\t<meta property=\"og:locale\" content=\"es_ES\" \/>\n\t\t<meta property=\"og:site_name\" content=\"SoyMigrante.com REVISTA \u2013 Nuestra misi\u00f3n es reconocer y dignificar al migrante.\" \/>\n\t\t<meta property=\"og:type\" content=\"article\" \/>\n\t\t<meta property=\"og:title\" content=\"Pan de banano guatemalteco: una delicia llena de tradici\u00f3n\" \/>\n\t\t<meta property=\"og:description\" content=\"Con su balance perfecto entre dulzura y suavidad, el pan de banano sigue conquistando paladares en Guatemala y m\u00e1s all\u00e1.\" \/>\n\t\t<meta property=\"og:url\" content=\"https:\/\/soymigrante.com\/revista\/pan-de-banano-guatemalteco-una-receta-llena-de-tradicion\/\" \/>\n\t\t<meta property=\"og:image\" content=\"https:\/\/soymigrante.com\/revista\/wp-content\/uploads\/2025\/02\/Pan-de-banano-3.webp\" \/>\n\t\t<meta property=\"og:image:secure_url\" content=\"https:\/\/soymigrante.com\/revista\/wp-content\/uploads\/2025\/02\/Pan-de-banano-3.webp\" \/>\n\t\t<meta property=\"og:image:width\" content=\"259\" \/>\n\t\t<meta property=\"og:image:height\" content=\"194\" \/>\n\t\t<meta property=\"article:published_time\" content=\"2025-03-03T12:00:00+00:00\" \/>\n\t\t<meta property=\"article:modified_time\" content=\"2025-06-23T23:22:00+00:00\" \/>\n\t\t<meta property=\"article:publisher\" content=\"https:\/\/www.facebook.com\/soymigrantecom\" \/>\n\t\t<meta name=\"twitter:card\" content=\"summary_large_image\" \/>\n\t\t<meta name=\"twitter:site\" content=\"@SoyMigrante_com\" \/>\n\t\t<meta name=\"twitter:title\" content=\"Pan de banano guatemalteco: una delicia llena de tradici\u00f3n\" \/>\n\t\t<meta name=\"twitter:description\" content=\"Con su balance perfecto entre dulzura y suavidad, el pan de banano sigue conquistando paladares en Guatemala y m\u00e1s all\u00e1.\" \/>\n\t\t<meta name=\"twitter:creator\" content=\"@SoyMigrante_com\" \/>\n\t\t<meta name=\"twitter:image\" content=\"https:\/\/soymigrante.com\/revista\/wp-content\/uploads\/2025\/02\/Pan-de-banano-3.webp\" \/>\n\t\t<!-- All in One SEO Pro -->\r\n\t\t<title>Pan de banano guatemalteco: una delicia llena de tradici\u00f3n<\/title>\n\n","aioseo_head_json":{"title":"Pan de banano guatemalteco: una delicia llena de tradici\u00f3n","description":"Con su balance perfecto entre dulzura y suavidad, el pan de banano sigue conquistando paladares en Guatemala y m\u00e1s all\u00e1.","canonical_url":"https:\/\/soymigrante.com\/revista\/pan-de-banano-guatemalteco-una-receta-llena-de-tradicion\/","robots":"max-snippet:-1, max-image-preview:large, max-video-preview:-1","keywords":"","webmasterTools":{"miscellaneous":"&lt;link rel=\"preconnect\" href=\"https:\/\/fonts.googleapis.com\" crossorigin&gt;\n&lt;link rel=\"preconnect\" href=\"https:\/\/fonts.gstatic.com\" crossorigin&gt;"},"schema":null,"og:locale":"es_ES","og:site_name":"SoyMigrante.com REVISTA \u2013 Nuestra misi\u00f3n es reconocer y dignificar al migrante.","og:type":"article","og:title":"Pan de banano guatemalteco: una delicia llena de tradici\u00f3n","og:description":"Con su balance perfecto entre dulzura y suavidad, el pan de banano sigue conquistando paladares en Guatemala y m\u00e1s all\u00e1.","og:url":"https:\/\/soymigrante.com\/revista\/pan-de-banano-guatemalteco-una-receta-llena-de-tradicion\/","og:image":"https:\/\/soymigrante.com\/revista\/wp-content\/uploads\/2025\/02\/Pan-de-banano-3.webp","og:image:secure_url":"https:\/\/soymigrante.com\/revista\/wp-content\/uploads\/2025\/02\/Pan-de-banano-3.webp","og:image:width":259,"og:image:height":194,"article:published_time":"2025-03-03T12:00:00+00:00","article:modified_time":"2025-06-23T23:22:00+00:00","article:publisher":"https:\/\/www.facebook.com\/soymigrantecom","twitter:card":"summary_large_image","twitter:site":"@SoyMigrante_com","twitter:title":"Pan de banano guatemalteco: una delicia llena de tradici\u00f3n","twitter:description":"Con su balance perfecto entre dulzura y suavidad, el pan de banano sigue conquistando paladares en Guatemala y m\u00e1s all\u00e1.","twitter:creator":"@SoyMigrante_com","twitter:image":"https:\/\/soymigrante.com\/revista\/wp-content\/uploads\/2025\/02\/Pan-de-banano-3.webp"},"aioseo_meta_data":{"post_id":"25996","title":null,"description":"Con su balance perfecto entre dulzura y suavidad, el pan de banano sigue conquistando paladares en Guatemala y m\u00e1s all\u00e1.","keywords":null,"keyphrases":{"focus":{"keyphrase":"pan de banano","score":100,"analysis":{"keyphraseInTitle":{"score":9,"maxScore":9,"error":0},"keyphraseInDescription":{"score":9,"maxScore":9,"error":0},"keyphraseLength":{"score":9,"maxScore":9,"error":0,"length":3},"keyphraseInURL":{"score":5,"maxScore":5,"error":0},"keyphraseInIntroduction":{"score":9,"maxScore":9,"error":0},"keyphraseInSubHeadings":{"score":9,"maxScore":9,"error":0},"keyphraseInImageAlt":{"score":9,"maxScore":9,"error":0},"keywordDensity":{"type":"best","score":9,"maxScore":9,"error":0}}},"additional":[{"keyphrase":"pan de banano","score":100,"analysis":{"keyphraseInDescription":{"score":9,"maxScore":9,"error":0},"keyphraseLength":{"score":9,"maxScore":9,"error":0,"length":3},"keyphraseInIntroduction":{"score":9,"maxScore":9,"error":0},"keyphraseInImageAlt":{"score":9,"maxScore":9,"error":0},"keywordDensity":{"type":"best","score":9,"maxScore":9,"error":0}}}]},"primary_term":null,"canonical_url":null,"og_title":null,"og_description":null,"og_object_type":"default","og_image_type":"default","og_image_url":null,"og_image_width":null,"og_image_height":null,"og_image_custom_url":null,"og_image_custom_fields":null,"og_video":"","og_custom_url":null,"og_article_section":null,"og_article_tags":null,"twitter_use_og":false,"twitter_card":"default","twitter_image_type":"default","twitter_image_url":null,"twitter_image_custom_url":null,"twitter_image_custom_fields":null,"twitter_title":null,"twitter_description":null,"schema":{"blockGraphs":[],"customGraphs":[],"default":{"data":{"Article":[],"Course":[],"Dataset":[],"FAQPage":[],"Movie":[],"Person":[],"Product":[],"ProductReview":[],"Car":[],"Recipe":[],"Service":[],"SoftwareApplication":[],"WebPage":[]},"graphName":"none","isEnabled":true},"graphs":[]},"schema_type":"default","schema_type_options":null,"pillar_content":false,"robots_default":true,"robots_noindex":false,"robots_noarchive":false,"robots_nosnippet":false,"robots_nofollow":false,"robots_noimageindex":false,"robots_noodp":false,"robots_notranslate":false,"robots_max_snippet":"-1","robots_max_videopreview":"-1","robots_max_imagepreview":"large","priority":null,"frequency":"default","local_seo":null,"seo_analyzer_scan_date":"2025-10-09 03:06:08","breadcrumb_settings":null,"limit_modified_date":false,"reviewed_by":"0","open_ai":"{\"title\":{\"suggestions\":[],\"usage\":0},\"description\":{\"suggestions\":[],\"usage\":0}}","ai":null,"created":"2025-02-19 20:04:57","updated":"2026-02-04 21:58:39"},"aioseo_breadcrumb":"<div class=\"aioseo-breadcrumbs\"><span class=\"aioseo-breadcrumb\">\n\t<a href=\"https:\/\/soymigrante.com\/revista\" title=\"Home\">Home<\/a>\n<\/span><span class=\"aioseo-breadcrumb-separator\">\u00bb<\/span><span class=\"aioseo-breadcrumb\">\n\t<a href=\"https:\/\/soymigrante.com\/revista\/category\/guate-nuestra\/\" title=\"Guate Nuestra\">Guate Nuestra<\/a>\n<\/span><span class=\"aioseo-breadcrumb-separator\">\u00bb<\/span><span class=\"aioseo-breadcrumb\">\n\tPan de banano guatemalteco: una delicia llena de tradici\u00f3n\n<\/span><\/div>","aioseo_breadcrumb_json":[{"label":"Home","link":"https:\/\/soymigrante.com\/revista"},{"label":"Guate Nuestra","link":"https:\/\/soymigrante.com\/revista\/category\/guate-nuestra\/"},{"label":"Pan de banano guatemalteco: una delicia llena de tradici\u00f3n","link":"https:\/\/soymigrante.com\/revista\/pan-de-banano-guatemalteco-una-receta-llena-de-tradicion\/"}],"_links":{"self":[{"href":"https:\/\/soymigrante.com\/revista\/wp-json\/wp\/v2\/posts\/25996","targetHints":{"allow":["GET"]}}],"collection":[{"href":"https:\/\/soymigrante.com\/revista\/wp-json\/wp\/v2\/posts"}],"about":[{"href":"https:\/\/soymigrante.com\/revista\/wp-json\/wp\/v2\/types\/post"}],"author":[{"embeddable":true,"href":"https:\/\/soymigrante.com\/revista\/wp-json\/wp\/v2\/users\/19"}],"replies":[{"embeddable":true,"href":"https:\/\/soymigrante.com\/revista\/wp-json\/wp\/v2\/comments?post=25996"}],"version-history":[{"count":1,"href":"https:\/\/soymigrante.com\/revista\/wp-json\/wp\/v2\/posts\/25996\/revisions"}],"predecessor-version":[{"id":37591,"href":"https:\/\/soymigrante.com\/revista\/wp-json\/wp\/v2\/posts\/25996\/revisions\/37591"}],"wp:featuredmedia":[{"embeddable":true,"href":"https:\/\/soymigrante.com\/revista\/wp-json\/wp\/v2\/media\/25997"}],"wp:attachment":[{"href":"https:\/\/soymigrante.com\/revista\/wp-json\/wp\/v2\/media?parent=25996"}],"wp:term":[{"taxonomy":"category","embeddable":true,"href":"https:\/\/soymigrante.com\/revista\/wp-json\/wp\/v2\/categories?post=25996"},{"taxonomy":"post_tag","embeddable":true,"href":"https:\/\/soymigrante.com\/revista\/wp-json\/wp\/v2\/tags?post=25996"}],"curies":[{"name":"wp","href":"https:\/\/api.w.org\/{rel}","templated":true}]}}