{"id":25919,"date":"2025-03-12T09:00:00","date_gmt":"2025-03-12T15:00:00","guid":{"rendered":"https:\/\/soymigrante.com\/revista\/?p=25919"},"modified":"2025-03-11T22:24:49","modified_gmt":"2025-03-12T04:24:49","slug":"plantas-de-compania-verde-bienestar-en-tu-espacio-personal","status":"publish","type":"post","link":"https:\/\/soymigrante.com\/revista\/plantas-de-compania-verde-bienestar-en-tu-espacio-personal\/","title":{"rendered":"Plantas de compa\u00f1\u00eda: verde bienestar en tu espacio personal"},"content":{"rendered":"\t\t<div data-elementor-type=\"wp-post\" data-elementor-id=\"25919\" class=\"elementor elementor-25919\" data-elementor-post-type=\"post\">\n\t\t\t\t<div data-particle_enable=\"false\" data-particle-mobile-disabled=\"false\" class=\"elementor-element elementor-element-5403756 e-flex e-con-boxed e-con e-parent\" data-id=\"5403756\" data-element_type=\"container\" data-e-type=\"container\">\n\t\t\t\t\t<div class=\"e-con-inner\">\n\t\t\t\t<div class=\"elementor-element elementor-element-51beea9 elementor-widget elementor-widget-heading\" data-id=\"51beea9\" data-element_type=\"widget\" data-e-type=\"widget\" data-widget_type=\"heading.default\">\n\t\t\t\t\t<h2 class=\"elementor-heading-title elementor-size-default\">Las plantas de compa\u00f1\u00eda te permitir\u00e1n sentir que tu hogar se ve m\u00e1s c\u00e1lido y con mejor ambiente.\n<\/h2>\t\t\t\t<\/div>\n\t\t\t\t\t<\/div>\n\t\t\t\t<\/div>\n\t\t<div data-particle_enable=\"false\" data-particle-mobile-disabled=\"false\" class=\"elementor-element elementor-element-d97fb3b e-flex e-con-boxed e-con e-parent\" data-id=\"d97fb3b\" data-element_type=\"container\" data-e-type=\"container\">\n\t\t\t\t\t<div class=\"e-con-inner\">\n\t\t\t\t<div class=\"elementor-element elementor-element-e72286d elementor-widget elementor-widget-text-editor\" data-id=\"e72286d\" data-element_type=\"widget\" data-e-type=\"widget\" data-widget_type=\"text-editor.default\">\n\t\t\t\t\t\t\t\t\t<p>Tener plantas en casa o en la oficina no solo mejora la est\u00e9tica del lugar, sino que tambi\u00e9n aporta m\u00faltiples beneficios, como la reducci\u00f3n del estr\u00e9s, la purificaci\u00f3n del aire y el aumento de la productividad.<\/p><p><a href=\"https:\/\/soymigrante.com\/revista\/cuidarse-las-unas-y-las-manos-trabajando-en-estados-unidos\/\" target=\"_blank\" rel=\"noopener\">Algunas especies son ideales para mesas, escritorios y c\u00f3modas<\/a>, ya que requieren poco mantenimiento y se adaptan a espacios reducidos.<\/p><p>A continuaci\u00f3n, te presentamos siete opciones perfectas para acompa\u00f1arte en tu d\u00eda a d\u00eda.<\/p>\t\t\t\t\t\t\t\t<\/div>\n\t\t\t\t\t<\/div>\n\t\t\t\t<\/div>\n\t\t<div data-particle_enable=\"false\" data-particle-mobile-disabled=\"false\" class=\"elementor-element elementor-element-db3353c e-flex e-con-boxed e-con e-parent\" data-id=\"db3353c\" data-element_type=\"container\" data-e-type=\"container\">\n\t\t\t\t\t<div class=\"e-con-inner\">\n\t\t\t\t<div class=\"elementor-element elementor-element-f9be898 elementor-widget elementor-widget-heading\" data-id=\"f9be898\" data-element_type=\"widget\" data-e-type=\"widget\" data-widget_type=\"heading.default\">\n\t\t\t\t\t<h3 class=\"elementor-heading-title elementor-size-default\">1. Suculentas: Resistentes y decorativas<\/h3>\t\t\t\t<\/div>\n\t\t\t\t\t<\/div>\n\t\t\t\t<\/div>\n\t\t<div data-particle_enable=\"false\" data-particle-mobile-disabled=\"false\" class=\"elementor-element elementor-element-8a622f5 e-flex e-con-boxed e-con e-parent\" data-id=\"8a622f5\" data-element_type=\"container\" data-e-type=\"container\">\n\t\t\t\t\t<div class=\"e-con-inner\">\n\t\t\t\t<div class=\"elementor-element elementor-element-a37e39a elementor-widget elementor-widget-text-editor\" data-id=\"a37e39a\" data-element_type=\"widget\" data-e-type=\"widget\" data-widget_type=\"text-editor.default\">\n\t\t\t\t\t\t\t\t\t<p>Las suculentas son una opci\u00f3n popular por su gran variedad de formas y colores, adem\u00e1s de su facilidad de cuidado.<\/p><p><a href=\"https:\/\/soymigrante.com\/revista\/cuidarse-las-unas-y-las-manos-trabajando-en-estados-unidos\/\" target=\"_blank\" rel=\"noopener\">Estas plantas almacenan agua en sus hojas,<\/a> lo que les permite sobrevivir en condiciones de poca humedad y riego m\u00ednimo.<\/p><p>Son ideales para escritorios y mesas peque\u00f1as, siempre que reciban algo de luz natural.<\/p>\t\t\t\t\t\t\t\t<\/div>\n\t\t\t\t\t<\/div>\n\t\t\t\t<\/div>\n\t\t<div data-particle_enable=\"false\" data-particle-mobile-disabled=\"false\" class=\"elementor-element elementor-element-3f4c122 e-flex e-con-boxed e-con e-parent\" data-id=\"3f4c122\" data-element_type=\"container\" data-e-type=\"container\">\n\t\t\t\t\t<div class=\"e-con-inner\">\n\t\t\t\t<div class=\"elementor-element elementor-element-751537d elementor-widget elementor-widget-image\" data-id=\"751537d\" data-element_type=\"widget\" data-e-type=\"widget\" data-widget_type=\"image.default\">\n\t\t\t\t\t\t\t\t\t\t\t\t<figure class=\"wp-caption\">\n\t\t\t\t\t\t\t\t\t\t<img fetchpriority=\"high\" decoding=\"async\" width=\"768\" height=\"432\" src=\"https:\/\/soymigrante.com\/revista\/wp-content\/uploads\/2025\/02\/Suculentas--1024x576.jpeg\" class=\"attachment-large size-large wp-image-25922\" alt=\"Variedad de plantas suculentas en macetas, cuidando y cultivando plantas en un ambiente interior con manos de mujer.\" srcset=\"https:\/\/soymigrante.com\/revista\/wp-content\/uploads\/2025\/02\/Suculentas--1024x576.jpeg 1024w, https:\/\/soymigrante.com\/revista\/wp-content\/uploads\/2025\/02\/Suculentas--300x169.jpeg 300w, https:\/\/soymigrante.com\/revista\/wp-content\/uploads\/2025\/02\/Suculentas--768x432.jpeg 768w, https:\/\/soymigrante.com\/revista\/wp-content\/uploads\/2025\/02\/Suculentas--1536x864.jpeg 1536w, https:\/\/soymigrante.com\/revista\/wp-content\/uploads\/2025\/02\/Suculentas--750x422.webp 750w, https:\/\/soymigrante.com\/revista\/wp-content\/uploads\/2025\/02\/Suculentas--1140x641.webp 1140w, https:\/\/soymigrante.com\/revista\/wp-content\/uploads\/2025\/02\/Suculentas-.webp 1920w\" sizes=\"(max-width: 768px) 100vw, 768px\" title=\"Suculentas \u2013 SoyMigrante.com REVISTA\" \/>\t\t\t\t\t\t\t\t\t\t\t<figcaption class=\"widget-image-caption wp-caption-text\">Plantas suculentas en maceta, cuidado y cultivo de plantas en interior, jardiner\u00eda con suculentas, plantas ornamentales, agricultura urbana.<\/figcaption>\n\t\t\t\t\t\t\t\t\t\t<\/figure>\n\t\t\t\t\t\t\t\t\t<\/div>\n\t\t\t\t\t<\/div>\n\t\t\t\t<\/div>\n\t\t<div data-particle_enable=\"false\" data-particle-mobile-disabled=\"false\" class=\"elementor-element elementor-element-c8e5dda e-flex e-con-boxed e-con e-parent\" data-id=\"c8e5dda\" data-element_type=\"container\" data-e-type=\"container\">\n\t\t\t\t\t<div class=\"e-con-inner\">\n\t\t\t\t<div class=\"elementor-element elementor-element-466da98 elementor-widget elementor-widget-heading\" data-id=\"466da98\" data-element_type=\"widget\" data-e-type=\"widget\" data-widget_type=\"heading.default\">\n\t\t\t\t\t<h3 class=\"elementor-heading-title elementor-size-default\">2. Cactus: Peque\u00f1os y de bajo mantenimiento<\/h3>\t\t\t\t<\/div>\n\t\t\t\t\t<\/div>\n\t\t\t\t<\/div>\n\t\t<div data-particle_enable=\"false\" data-particle-mobile-disabled=\"false\" class=\"elementor-element elementor-element-2497715 e-flex e-con-boxed e-con e-parent\" data-id=\"2497715\" data-element_type=\"container\" data-e-type=\"container\">\n\t\t\t\t\t<div class=\"e-con-inner\">\n\t\t\t\t<div class=\"elementor-element elementor-element-51d69c6 elementor-widget elementor-widget-text-editor\" data-id=\"51d69c6\" data-element_type=\"widget\" data-e-type=\"widget\" data-widget_type=\"text-editor.default\">\n\t\t\t\t\t\t\t\t\t<p>Los cactus son perfectos para quienes buscan una planta que requiera poco riego.<\/p><p><a href=\"https:\/\/soymigrante.com\/revista\/cuidarse-las-unas-y-las-manos-trabajando-en-estados-unidos\/\" target=\"_blank\" rel=\"noopener\">Existen muchas variedades en distintos tama\u00f1os y formas<\/a>, lo que permite encontrar el modelo ideal para cualquier espacio.<\/p><p>Se recomienda colocarlos en una zona iluminada y regarlos cada dos o tres semanas.<\/p>\t\t\t\t\t\t\t\t<\/div>\n\t\t\t\t\t<\/div>\n\t\t\t\t<\/div>\n\t\t<div data-particle_enable=\"false\" data-particle-mobile-disabled=\"false\" class=\"elementor-element elementor-element-6fd3f26 e-flex e-con-boxed e-con e-parent\" data-id=\"6fd3f26\" data-element_type=\"container\" data-e-type=\"container\">\n\t\t\t\t\t<div class=\"e-con-inner\">\n\t\t\t\t<div class=\"elementor-element elementor-element-a2e4980 elementor-widget elementor-widget-image\" data-id=\"a2e4980\" data-element_type=\"widget\" data-e-type=\"widget\" data-widget_type=\"image.default\">\n\t\t\t\t\t\t\t\t\t\t\t\t<figure class=\"wp-caption\">\n\t\t\t\t\t\t\t\t\t\t<img decoding=\"async\" width=\"768\" height=\"512\" src=\"https:\/\/soymigrante.com\/revista\/wp-content\/uploads\/2025\/02\/Cactus-1024x682.jpeg\" class=\"attachment-large size-large wp-image-25923\" alt=\"Cactus verde en maceta, plantas suculentas, decoraci\u00f3n natural, plantas de interior, estilo de vida sostenible.\" srcset=\"https:\/\/soymigrante.com\/revista\/wp-content\/uploads\/2025\/02\/Cactus-1024x682.jpeg 1024w, https:\/\/soymigrante.com\/revista\/wp-content\/uploads\/2025\/02\/Cactus-300x200.jpeg 300w, https:\/\/soymigrante.com\/revista\/wp-content\/uploads\/2025\/02\/Cactus-768x512.jpeg 768w, https:\/\/soymigrante.com\/revista\/wp-content\/uploads\/2025\/02\/Cactus-750x500.webp 750w, https:\/\/soymigrante.com\/revista\/wp-content\/uploads\/2025\/02\/Cactus.webp 1055w\" sizes=\"(max-width: 768px) 100vw, 768px\" title=\"Cactus \u2013 SoyMigrante.com REVISTA\" \/>\t\t\t\t\t\t\t\t\t\t\t<figcaption class=\"widget-image-caption wp-caption-text\">Cactus verde en maceta, ideales para decorar tu hogar y promover un estilo de vida ecol\u00f3gico con plantas suculentas f\u00e1ciles de cuidar.<\/figcaption>\n\t\t\t\t\t\t\t\t\t\t<\/figure>\n\t\t\t\t\t\t\t\t\t<\/div>\n\t\t\t\t\t<\/div>\n\t\t\t\t<\/div>\n\t\t<div data-particle_enable=\"false\" data-particle-mobile-disabled=\"false\" class=\"elementor-element elementor-element-5f5dd25 e-flex e-con-boxed e-con e-parent\" data-id=\"5f5dd25\" data-element_type=\"container\" data-e-type=\"container\">\n\t\t\t\t\t<div class=\"e-con-inner\">\n\t\t\t\t<div class=\"elementor-element elementor-element-9748db3 elementor-widget elementor-widget-heading\" data-id=\"9748db3\" data-element_type=\"widget\" data-e-type=\"widget\" data-widget_type=\"heading.default\">\n\t\t\t\t\t<h3 class=\"elementor-heading-title elementor-size-default\">3. Violeta africana: Color y alegr\u00eda en cualquier rinc\u00f3n<\/h3>\t\t\t\t<\/div>\n\t\t\t\t\t<\/div>\n\t\t\t\t<\/div>\n\t\t<div data-particle_enable=\"false\" data-particle-mobile-disabled=\"false\" class=\"elementor-element elementor-element-049d739 e-flex e-con-boxed e-con e-parent\" data-id=\"049d739\" data-element_type=\"container\" data-e-type=\"container\">\n\t\t\t\t\t<div class=\"e-con-inner\">\n\t\t\t\t<div class=\"elementor-element elementor-element-63d7d3e elementor-widget elementor-widget-text-editor\" data-id=\"63d7d3e\" data-element_type=\"widget\" data-e-type=\"widget\" data-widget_type=\"text-editor.default\">\n\t\t\t\t\t\t\t\t\t<p>Si quieres a\u00f1adir un toque de color a tu escritorio o c\u00f3moda, la violeta africana es una excelente opci\u00f3n.<\/p><p>Esta planta florece durante todo el a\u00f1o y no requiere luz directa, lo que la hace ideal para interiores.<\/p><p>Es importante mantener la tierra h\u00fameda y evitar mojar las hojas al regarla.<\/p>\t\t\t\t\t\t\t\t<\/div>\n\t\t\t\t\t<\/div>\n\t\t\t\t<\/div>\n\t\t<div data-particle_enable=\"false\" data-particle-mobile-disabled=\"false\" class=\"elementor-element elementor-element-972a473 e-flex e-con-boxed e-con e-parent\" data-id=\"972a473\" data-element_type=\"container\" data-e-type=\"container\">\n\t\t\t\t\t<div class=\"e-con-inner\">\n\t\t\t\t<div class=\"elementor-element elementor-element-c3616ac elementor-widget elementor-widget-image\" data-id=\"c3616ac\" data-element_type=\"widget\" data-e-type=\"widget\" data-widget_type=\"image.default\">\n\t\t\t\t\t\t\t\t\t\t\t\t<figure class=\"wp-caption\">\n\t\t\t\t\t\t\t\t\t\t<img decoding=\"async\" width=\"768\" height=\"576\" src=\"https:\/\/soymigrante.com\/revista\/wp-content\/uploads\/2025\/02\/Violeta-africana-1024x768.jpeg\" class=\"attachment-large size-large wp-image-25924\" alt=\"Fichero: semilla-de-bruja-violeta-flor-plantas-2.jpg.\" srcset=\"https:\/\/soymigrante.com\/revista\/wp-content\/uploads\/2025\/02\/Violeta-africana-1024x768.jpeg 1024w, https:\/\/soymigrante.com\/revista\/wp-content\/uploads\/2025\/02\/Violeta-africana-300x225.jpeg 300w, https:\/\/soymigrante.com\/revista\/wp-content\/uploads\/2025\/02\/Violeta-africana-768x576.jpeg 768w, https:\/\/soymigrante.com\/revista\/wp-content\/uploads\/2025\/02\/Violeta-africana-1536x1152.jpeg 1536w, https:\/\/soymigrante.com\/revista\/wp-content\/uploads\/2025\/02\/Violeta-africana-750x563.webp 750w, https:\/\/soymigrante.com\/revista\/wp-content\/uploads\/2025\/02\/Violeta-africana-1140x855.webp 1140w, https:\/\/soymigrante.com\/revista\/wp-content\/uploads\/2025\/02\/Violeta-africana.webp 1920w\" sizes=\"(max-width: 768px) 100vw, 768px\" title=\"Violeta africana \u2013 SoyMigrante.com REVISTA\" \/>\t\t\t\t\t\t\t\t\t\t\t<figcaption class=\"widget-image-caption wp-caption-text\">Alt: Planta de semilla de bruja con hojas verdes y flores violetas en interior cerca de ventana, ideal para decoraci\u00f3n y plantas de interior en hogares y oficinas.<\/figcaption>\n\t\t\t\t\t\t\t\t\t\t<\/figure>\n\t\t\t\t\t\t\t\t\t<\/div>\n\t\t\t\t\t<\/div>\n\t\t\t\t<\/div>\n\t\t<div data-particle_enable=\"false\" data-particle-mobile-disabled=\"false\" class=\"elementor-element elementor-element-1650b4e e-flex e-con-boxed e-con e-parent\" data-id=\"1650b4e\" data-element_type=\"container\" data-e-type=\"container\">\n\t\t\t\t\t<div class=\"e-con-inner\">\n\t\t\t\t<div class=\"elementor-element elementor-element-9b11afd elementor-widget elementor-widget-heading\" data-id=\"9b11afd\" data-element_type=\"widget\" data-e-type=\"widget\" data-widget_type=\"heading.default\">\n\t\t\t\t\t<h3 class=\"elementor-heading-title elementor-size-default\">4. Orqu\u00eddea: Elegancia y sofisticaci\u00f3n<\/h3>\t\t\t\t<\/div>\n\t\t\t\t\t<\/div>\n\t\t\t\t<\/div>\n\t\t<div data-particle_enable=\"false\" data-particle-mobile-disabled=\"false\" class=\"elementor-element elementor-element-1d94132 e-flex e-con-boxed e-con e-parent\" data-id=\"1d94132\" data-element_type=\"container\" data-e-type=\"container\">\n\t\t\t\t\t<div class=\"e-con-inner\">\n\t\t\t\t<div class=\"elementor-element elementor-element-0b5aef1 elementor-widget elementor-widget-text-editor\" data-id=\"0b5aef1\" data-element_type=\"widget\" data-e-type=\"widget\" data-widget_type=\"text-editor.default\">\n\t\t\t\t\t\t\t\t\t<p>Las orqu\u00eddeas son perfectas para quienes buscan una planta elegante y llamativa.<\/p><p>Aunque requieren algo m\u00e1s de cuidado que las anteriores, su belleza hace que valga la pena.<\/p><p><a href=\"https:\/\/soymigrante.com\/revista\/cuidarse-las-unas-y-las-manos-trabajando-en-estados-unidos\/\" target=\"_blank\" rel=\"noopener\">Prefieren la luz indirecta y deben regarse una vez por semana<\/a>, asegurando un buen drenaje para evitar que sus ra\u00edces se pudran.<\/p>\t\t\t\t\t\t\t\t<\/div>\n\t\t\t\t\t<\/div>\n\t\t\t\t<\/div>\n\t\t<div data-particle_enable=\"false\" data-particle-mobile-disabled=\"false\" class=\"elementor-element elementor-element-926e98f e-flex e-con-boxed e-con e-parent\" data-id=\"926e98f\" data-element_type=\"container\" data-e-type=\"container\">\n\t\t\t\t\t<div class=\"e-con-inner\">\n\t\t\t\t<div class=\"elementor-element elementor-element-8b5580a elementor-widget elementor-widget-image\" data-id=\"8b5580a\" data-element_type=\"widget\" data-e-type=\"widget\" data-widget_type=\"image.default\">\n\t\t\t\t\t\t\t\t\t\t\t\t<figure class=\"wp-caption\">\n\t\t\t\t\t\t\t\t\t\t<img loading=\"lazy\" decoding=\"async\" width=\"768\" height=\"529\" src=\"https:\/\/soymigrante.com\/revista\/wp-content\/uploads\/2025\/02\/Orquidea-1024x705.png\" class=\"attachment-large size-large wp-image-25925\" alt=\"Vaso con orqu\u00eddea morada, planta ornamental, flor elegante y decorativa para interiores, s\u00edmbolo de belleza y sofisticaci\u00f3n, portada de la revista SoyMigrante.com REVISTA, foco en cultura y migraci\u00f3n.\" srcset=\"https:\/\/soymigrante.com\/revista\/wp-content\/uploads\/2025\/02\/Orquidea-1024x705.png 1024w, https:\/\/soymigrante.com\/revista\/wp-content\/uploads\/2025\/02\/Orquidea-300x207.png 300w, https:\/\/soymigrante.com\/revista\/wp-content\/uploads\/2025\/02\/Orquidea-768x529.png 768w, https:\/\/soymigrante.com\/revista\/wp-content\/uploads\/2025\/02\/Orquidea-750x517.webp 750w, https:\/\/soymigrante.com\/revista\/wp-content\/uploads\/2025\/02\/Orquidea-1140x785.webp 1140w, https:\/\/soymigrante.com\/revista\/wp-content\/uploads\/2025\/02\/Orquidea.webp 1266w\" sizes=\"(max-width: 768px) 100vw, 768px\" title=\"Orquidea \u2013 SoyMigrante.com REVISTA\" \/>\t\t\t\t\t\t\t\t\t\t\t<figcaption class=\"widget-image-caption wp-caption-text\">Hermosa orqu\u00eddea morada en maceta blanca, destacando en un fondo sencillo, ideal para art\u00edculos sobre plantas y naturaleza en la revista SoyMigrante.com.<\/figcaption>\n\t\t\t\t\t\t\t\t\t\t<\/figure>\n\t\t\t\t\t\t\t\t\t<\/div>\n\t\t\t\t\t<\/div>\n\t\t\t\t<\/div>\n\t\t<div data-particle_enable=\"false\" data-particle-mobile-disabled=\"false\" class=\"elementor-element elementor-element-a2a1e36 e-flex e-con-boxed e-con e-parent\" data-id=\"a2a1e36\" data-element_type=\"container\" data-e-type=\"container\">\n\t\t\t\t\t<div class=\"e-con-inner\">\n\t\t\t\t<div class=\"elementor-element elementor-element-4a22c9c elementor-widget elementor-widget-heading\" data-id=\"4a22c9c\" data-element_type=\"widget\" data-e-type=\"widget\" data-widget_type=\"heading.default\">\n\t\t\t\t\t<h3 class=\"elementor-heading-title elementor-size-default\">5. Potos: Un cl\u00e1sico resistente y purificador<\/h3>\t\t\t\t<\/div>\n\t\t\t\t\t<\/div>\n\t\t\t\t<\/div>\n\t\t<div data-particle_enable=\"false\" data-particle-mobile-disabled=\"false\" class=\"elementor-element elementor-element-28ddbd8 e-flex e-con-boxed e-con e-parent\" data-id=\"28ddbd8\" data-element_type=\"container\" data-e-type=\"container\">\n\t\t\t\t\t<div class=\"e-con-inner\">\n\t\t\t\t<div class=\"elementor-element elementor-element-7e4b4c3 elementor-widget elementor-widget-text-editor\" data-id=\"7e4b4c3\" data-element_type=\"widget\" data-e-type=\"widget\" data-widget_type=\"text-editor.default\">\n\t\t\t\t\t\t\t\t\t<p>El potos es una de las plantas m\u00e1s resistentes y f\u00e1ciles de cuidar, ideal para escritorios y c\u00f3modas.<\/p><p>Puede crecer tanto en agua como en tierra y tolera distintas condiciones de luz. Adem\u00e1s, ayuda a purificar el aire y a reducir los niveles de estr\u00e9s.<\/p>\t\t\t\t\t\t\t\t<\/div>\n\t\t\t\t\t<\/div>\n\t\t\t\t<\/div>\n\t\t<div data-particle_enable=\"false\" data-particle-mobile-disabled=\"false\" class=\"elementor-element elementor-element-4c26821 e-flex e-con-boxed e-con e-parent\" data-id=\"4c26821\" data-element_type=\"container\" data-e-type=\"container\">\n\t\t\t\t\t<div class=\"e-con-inner\">\n\t\t\t\t<div class=\"elementor-element elementor-element-efacec1 elementor-widget elementor-widget-image\" data-id=\"efacec1\" data-element_type=\"widget\" data-e-type=\"widget\" data-widget_type=\"image.default\">\n\t\t\t\t\t\t\t\t\t\t\t\t<figure class=\"wp-caption\">\n\t\t\t\t\t\t\t\t\t\t<img loading=\"lazy\" decoding=\"async\" width=\"585\" height=\"585\" src=\"https:\/\/soymigrante.com\/revista\/wp-content\/uploads\/2025\/02\/Potos.webp\" class=\"attachment-large size-large wp-image-25926\" alt=\"Planta de interior en macetero con decoraci\u00f3n de cachorro de peluche en estanter\u00eda privada.\" srcset=\"https:\/\/soymigrante.com\/revista\/wp-content\/uploads\/2025\/02\/Potos.webp 585w, https:\/\/soymigrante.com\/revista\/wp-content\/uploads\/2025\/02\/Potos-300x300.jpeg 300w, https:\/\/soymigrante.com\/revista\/wp-content\/uploads\/2025\/02\/Potos-150x150.jpeg 150w, https:\/\/soymigrante.com\/revista\/wp-content\/uploads\/2025\/02\/Potos-75x75.webp 75w\" sizes=\"(max-width: 585px) 100vw, 585px\" title=\"Potos \u2013 SoyMigrante.com REVISTA\" \/>\t\t\t\t\t\t\t\t\t\t\t<figcaption class=\"widget-image-caption wp-caption-text\">Planta de interior con hojas verdes grandes en macetero decorativo y figura de cachorro de peluche en estanter\u00eda para un ambiente acogedor.<\/figcaption>\n\t\t\t\t\t\t\t\t\t\t<\/figure>\n\t\t\t\t\t\t\t\t\t<\/div>\n\t\t\t\t\t<\/div>\n\t\t\t\t<\/div>\n\t\t<div data-particle_enable=\"false\" data-particle-mobile-disabled=\"false\" class=\"elementor-element elementor-element-7d59625 e-flex e-con-boxed e-con e-parent\" data-id=\"7d59625\" data-element_type=\"container\" data-e-type=\"container\">\n\t\t\t\t\t<div class=\"e-con-inner\">\n\t\t\t\t<div class=\"elementor-element elementor-element-144b4c2 elementor-widget elementor-widget-heading\" data-id=\"144b4c2\" data-element_type=\"widget\" data-e-type=\"widget\" data-widget_type=\"heading.default\">\n\t\t\t\t\t<h3 class=\"elementor-heading-title elementor-size-default\">6. Helecho de Boston: Frescura y humedad en el ambiente\n<\/h3>\t\t\t\t<\/div>\n\t\t\t\t\t<\/div>\n\t\t\t\t<\/div>\n\t\t<div data-particle_enable=\"false\" data-particle-mobile-disabled=\"false\" class=\"elementor-element elementor-element-c17b555 e-flex e-con-boxed e-con e-parent\" data-id=\"c17b555\" data-element_type=\"container\" data-e-type=\"container\">\n\t\t\t\t\t<div class=\"e-con-inner\">\n\t\t\t\t<div class=\"elementor-element elementor-element-9220408 elementor-widget elementor-widget-text-editor\" data-id=\"9220408\" data-element_type=\"widget\" data-e-type=\"widget\" data-widget_type=\"text-editor.default\">\n\t\t\t\t\t\t\t\t\t<p>Si buscas una planta que aporte frescura a tu espacio, el helecho de Boston es una gran opci\u00f3n.<\/p><p><a href=\"https:\/\/soymigrante.com\/revista\/cuidarse-las-unas-y-las-manos-trabajando-en-estados-unidos\/\" target=\"_blank\" rel=\"noopener\">Esta especie es ideal para escritorios o mesas,<\/a> ya que mantiene la humedad del ambiente y mejora la calidad del aire.<\/p><p>Prefiere lugares con luz indirecta y necesita riego frecuente para mantenerse saludable.<\/p>\t\t\t\t\t\t\t\t<\/div>\n\t\t\t\t\t<\/div>\n\t\t\t\t<\/div>\n\t\t<div data-particle_enable=\"false\" data-particle-mobile-disabled=\"false\" class=\"elementor-element elementor-element-cdea8bd e-flex e-con-boxed e-con e-parent\" data-id=\"cdea8bd\" data-element_type=\"container\" data-e-type=\"container\">\n\t\t\t\t\t<div class=\"e-con-inner\">\n\t\t\t\t<div class=\"elementor-element elementor-element-9965dcd elementor-widget elementor-widget-image\" data-id=\"9965dcd\" data-element_type=\"widget\" data-e-type=\"widget\" data-widget_type=\"image.default\">\n\t\t\t\t\t\t\t\t\t\t\t\t<figure class=\"wp-caption\">\n\t\t\t\t\t\t\t\t\t\t<img loading=\"lazy\" decoding=\"async\" width=\"600\" height=\"400\" src=\"https:\/\/soymigrante.com\/revista\/wp-content\/uploads\/2025\/02\/helecho-de-boston.webp\" class=\"attachment-large size-large wp-image-25927\" alt=\"Verde de helecho en interior, planta decorativa para hogares y oficinas, ideal para mejorar espacios con naturaleza.\" srcset=\"https:\/\/soymigrante.com\/revista\/wp-content\/uploads\/2025\/02\/helecho-de-boston.webp 600w, https:\/\/soymigrante.com\/revista\/wp-content\/uploads\/2025\/02\/helecho-de-boston-300x200.jpeg 300w\" sizes=\"(max-width: 600px) 100vw, 600px\" title=\"helecho de boston \u2013 SoyMigrante.com REVISTA\" \/>\t\t\t\t\t\t\t\t\t\t\t<figcaption class=\"widget-image-caption wp-caption-text\">Fresca planta de helecho utilizada como decoraci\u00f3n en interiores, aportando un toque natural y purificante en hogares y oficinas.<\/figcaption>\n\t\t\t\t\t\t\t\t\t\t<\/figure>\n\t\t\t\t\t\t\t\t\t<\/div>\n\t\t\t\t\t<\/div>\n\t\t\t\t<\/div>\n\t\t<div data-particle_enable=\"false\" data-particle-mobile-disabled=\"false\" class=\"elementor-element elementor-element-d8aebb7 e-flex e-con-boxed e-con e-parent\" data-id=\"d8aebb7\" data-element_type=\"container\" data-e-type=\"container\">\n\t\t\t\t\t<div class=\"e-con-inner\">\n\t\t\t\t<div class=\"elementor-element elementor-element-2c5e57e elementor-widget elementor-widget-heading\" data-id=\"2c5e57e\" data-element_type=\"widget\" data-e-type=\"widget\" data-widget_type=\"heading.default\">\n\t\t\t\t\t<h3 class=\"elementor-heading-title elementor-size-default\">7. Bamb\u00fa de la suerte: Minimalismo y armon\u00eda<\/h3>\t\t\t\t<\/div>\n\t\t\t\t\t<\/div>\n\t\t\t\t<\/div>\n\t\t<div data-particle_enable=\"false\" data-particle-mobile-disabled=\"false\" class=\"elementor-element elementor-element-82fbe0e e-flex e-con-boxed e-con e-parent\" data-id=\"82fbe0e\" data-element_type=\"container\" data-e-type=\"container\">\n\t\t\t\t\t<div class=\"e-con-inner\">\n\t\t\t\t<div class=\"elementor-element elementor-element-75e43db elementor-widget elementor-widget-text-editor\" data-id=\"75e43db\" data-element_type=\"widget\" data-e-type=\"widget\" data-widget_type=\"text-editor.default\">\n\t\t\t\t\t\t\t\t\t<p>El bamb\u00fa de la suerte es una planta f\u00e1cil de cuidar y muy utilizada en la decoraci\u00f3n de interiores. Se cree que atrae buena energ\u00eda y prosperidad, seg\u00fan el feng shui.<\/p><p>Puede crecer en agua o en tierra y solo necesita luz indirecta y cambios de agua cada dos semanas.<\/p>\t\t\t\t\t\t\t\t<\/div>\n\t\t\t\t\t<\/div>\n\t\t\t\t<\/div>\n\t\t<div data-particle_enable=\"false\" data-particle-mobile-disabled=\"false\" class=\"elementor-element elementor-element-5f09ae8 e-flex e-con-boxed e-con e-parent\" data-id=\"5f09ae8\" data-element_type=\"container\" data-e-type=\"container\">\n\t\t\t\t\t<div class=\"e-con-inner\">\n\t\t\t\t<div class=\"elementor-element elementor-element-7650956 elementor-widget elementor-widget-image\" data-id=\"7650956\" data-element_type=\"widget\" data-e-type=\"widget\" data-widget_type=\"image.default\">\n\t\t\t\t\t\t\t\t\t\t\t\t<figure class=\"wp-caption\">\n\t\t\t\t\t\t\t\t\t\t<img loading=\"lazy\" decoding=\"async\" width=\"174\" height=\"290\" src=\"https:\/\/soymigrante.com\/revista\/wp-content\/uploads\/2025\/02\/bambu-de-la-suerte-.webp\" class=\"attachment-large size-large wp-image-25928\" alt=\"Vaso decorativo con plantas verdes y piedras blancas en un fondo de paredes blancas texturizadas.\" title=\"bambu de la suerte \u2013 SoyMigrante.com REVISTA\" \/>\t\t\t\t\t\t\t\t\t\t\t<figcaption class=\"widget-image-caption wp-caption-text\">Vaso decorativo con plantas verdes y piedras blancas en un fondo de paredes blancas texturizadas, ideal para decorar espacios interiores y aportar frescura natural.<\/figcaption>\n\t\t\t\t\t\t\t\t\t\t<\/figure>\n\t\t\t\t\t\t\t\t\t<\/div>\n\t\t\t\t\t<\/div>\n\t\t\t\t<\/div>\n\t\t<div data-particle_enable=\"false\" data-particle-mobile-disabled=\"false\" class=\"elementor-element elementor-element-acd578b e-flex e-con-boxed e-con e-parent\" data-id=\"acd578b\" data-element_type=\"container\" data-e-type=\"container\">\n\t\t\t\t\t<div class=\"e-con-inner\">\n\t\t\t\t<div class=\"elementor-element elementor-element-04a7a9b elementor-widget elementor-widget-heading\" data-id=\"04a7a9b\" data-element_type=\"widget\" data-e-type=\"widget\" data-widget_type=\"heading.default\">\n\t\t\t\t\t<h3 class=\"elementor-heading-title elementor-size-default\">Plantas que acompa\u00f1an y benefician<\/h3>\t\t\t\t<\/div>\n\t\t\t\t\t<\/div>\n\t\t\t\t<\/div>\n\t\t<div data-particle_enable=\"false\" data-particle-mobile-disabled=\"false\" class=\"elementor-element elementor-element-08c8234 e-flex e-con-boxed e-con e-parent\" data-id=\"08c8234\" data-element_type=\"container\" data-e-type=\"container\">\n\t\t\t\t\t<div class=\"e-con-inner\">\n\t\t\t\t<div class=\"elementor-element elementor-element-94349d3 elementor-widget elementor-widget-text-editor\" data-id=\"94349d3\" data-element_type=\"widget\" data-e-type=\"widget\" data-widget_type=\"text-editor.default\">\n\t\t\t\t\t\t\t\t\t<p>Adem\u00e1s de embellecer los espacios, estas plantas ayudan a mejorar el estado de \u00e1nimo, reducir el estr\u00e9s y purificar el aire.<\/p><p><a href=\"https:\/\/soymigrante.com\/revista\/cuidarse-las-unas-y-las-manos-trabajando-en-estados-unidos\/\" target=\"_blank\" rel=\"noopener\">Son opciones ideales para quienes buscan un toque natural en su mesa<\/a>, escritorio o c\u00f3moda, sin necesidad de dedicar mucho tiempo a su cuidado.<\/p>\t\t\t\t\t\t\t\t<\/div>\n\t\t\t\t\t<\/div>\n\t\t\t\t<\/div>\n\t\t<div data-particle_enable=\"false\" data-particle-mobile-disabled=\"false\" class=\"elementor-element elementor-element-2d060c9 e-flex e-con-boxed e-con e-parent\" data-id=\"2d060c9\" data-element_type=\"container\" data-e-type=\"container\">\n\t\t\t\t\t<div class=\"e-con-inner\">\n\t\t\t\t<div class=\"elementor-element elementor-element-b67ab52 elementor-widget elementor-widget-heading\" data-id=\"b67ab52\" data-element_type=\"widget\" data-e-type=\"widget\" data-widget_type=\"heading.default\">\n\t\t\t\t\t<h2 class=\"elementor-heading-title elementor-size-default\">Conoce otros temas que te podr\u00edan gustar...<\/h2>\t\t\t\t<\/div>\n\t\t\t\t\t<\/div>\n\t\t\t\t<\/div>\n\t\t<div data-particle_enable=\"false\" data-particle-mobile-disabled=\"false\" class=\"elementor-element elementor-element-9e7f500 e-flex e-con-boxed e-con e-parent\" data-id=\"9e7f500\" data-element_type=\"container\" data-e-type=\"container\">\n\t\t\t\t\t<div class=\"e-con-inner\">\n\t\t\t\t<div class=\"elementor-element elementor-element-5ad7fae elementor-grid-eael-col-3 elementor-grid-tablet-eael-col-2 elementor-grid-mobile-eael-col-1 elementor-widget elementor-widget-eael-post-grid\" data-id=\"5ad7fae\" data-element_type=\"widget\" data-e-type=\"widget\" data-settings=\"{&quot;eael_post_grid_columns&quot;:&quot;eael-col-3&quot;,&quot;eael_post_grid_columns_tablet&quot;:&quot;eael-col-2&quot;,&quot;eael_post_grid_columns_mobile&quot;:&quot;eael-col-1&quot;}\" data-widget_type=\"eael-post-grid.default\">\n\t\t\t\t\t<div id=\"eael-post-grid-5ad7fae\" class=\"eael-post-grid-container\">\n            <div class=\"eael-post-grid eael-post-appender eael-post-appender-5ad7fae eael-post-grid-style-one\" data-layout-mode=\"masonry\"><article class=\"eael-grid-post  eael-post-grid-column eael-pg-post-8329 category-bienestar\" data-id=\"8329\">\n        <div class=\"eael-grid-post-holder\">\n            <div class=\"eael-grid-post-holder-inner\"><div class=\"eael-entry-media\"><div class=\"eael-entry-overlay fade-in\"><i class=\"far fa-hand-pointer\" aria-hidden=\"true\"><\/i><a href=\"https:\/\/soymigrante.com\/revista\/experto-responde-es-mejor-alquilar-o-comprar-casa-en-usa\/\"><\/a><\/div><div class=\"eael-entry-thumbnail \">\n                <img loading=\"lazy\" decoding=\"async\" width=\"1024\" height=\"1024\" src=\"https:\/\/soymigrante.com\/revista\/wp-content\/uploads\/2024\/08\/house-hacking-soy-migrante-1-1024x1024.webp\" class=\"attachment-large size-large wp-image-8347\" alt=\"Claves y viviendas para migrantes que buscan asesor\u00eda en oferta inmobiliaria y derechos en su proceso de migraci\u00f3n.\" srcset=\"https:\/\/soymigrante.com\/revista\/wp-content\/uploads\/2024\/08\/house-hacking-soy-migrante-1-1024x1024.webp 1024w, https:\/\/soymigrante.com\/revista\/wp-content\/uploads\/2024\/08\/house-hacking-soy-migrante-1-300x300.webp 300w, https:\/\/soymigrante.com\/revista\/wp-content\/uploads\/2024\/08\/house-hacking-soy-migrante-1-150x150.webp 150w, https:\/\/soymigrante.com\/revista\/wp-content\/uploads\/2024\/08\/house-hacking-soy-migrante-1-768x768.webp 768w, https:\/\/soymigrante.com\/revista\/wp-content\/uploads\/2024\/08\/house-hacking-soy-migrante-1-1536x1536.webp 1536w, https:\/\/soymigrante.com\/revista\/wp-content\/uploads\/2024\/08\/house-hacking-soy-migrante-1-scaled.webp 1920w, https:\/\/soymigrante.com\/revista\/wp-content\/uploads\/2024\/08\/house-hacking-soy-migrante-1-75x75.webp 75w, https:\/\/soymigrante.com\/revista\/wp-content\/uploads\/2024\/08\/house-hacking-soy-migrante-1-750x750.webp 750w, https:\/\/soymigrante.com\/revista\/wp-content\/uploads\/2024\/08\/house-hacking-soy-migrante-1-1140x1140.webp 1140w\" sizes=\"(max-width: 1024px) 100vw, 1024px\" \/>\n            <\/div>\n        <\/div><div class=\"eael-entry-wrapper\"><header class=\"eael-entry-header\"><h2 class=\"eael-entry-title\"><a class=\"eael-grid-post-link\" href=\"https:\/\/soymigrante.com\/revista\/experto-responde-es-mejor-alquilar-o-comprar-casa-en-usa\/\" title=\"Experto guatemalteco explica: \u00bfEs mejor comprar casa o rentar en USA?\">Experto guatemalteco explica: \u00bfEs mejor comprar casa o rentar en USA?<\/a><\/h2><\/header><div class=\"eael-entry-content\">\n                        <div class=\"eael-grid-post-excerpt\"><a href=\"https:\/\/soymigrante.com\/revista\/experto-responde-es-mejor-alquilar-o-comprar-casa-en-usa\/\" class=\"eael-post-elements-readmore-btn\">CONOCE SU HISTORIA <\/a><\/div>\n                    <\/div><\/div><\/div>\n        <\/div>\n    <\/article><article class=\"eael-grid-post  eael-post-grid-column eael-pg-post-6987 category-guate-nuestra\" data-id=\"6987\">\n        <div class=\"eael-grid-post-holder\">\n            <div class=\"eael-grid-post-holder-inner\"><div class=\"eael-entry-media\"><div class=\"eael-entry-overlay fade-in\"><i class=\"far fa-hand-pointer\" aria-hidden=\"true\"><\/i><a href=\"https:\/\/soymigrante.com\/revista\/recetas-chapinas-que-tal-una-horchata-hecha-en-casa\/\"><\/a><\/div><div class=\"eael-entry-thumbnail \">\n                <img loading=\"lazy\" decoding=\"async\" width=\"904\" height=\"821\" src=\"https:\/\/soymigrante.com\/revista\/wp-content\/uploads\/2024\/06\/foto-horchata-portada-.webp\" class=\"attachment-large size-large wp-image-6988\" alt=\"Arroz con leche en un vaso, rodeado de barquillos y arroz, en una presentaci\u00f3n tradicional mexicana de postre.\" srcset=\"https:\/\/soymigrante.com\/revista\/wp-content\/uploads\/2024\/06\/foto-horchata-portada-.webp 904w, https:\/\/soymigrante.com\/revista\/wp-content\/uploads\/2024\/06\/foto-horchata-portada--300x272.webp 300w, https:\/\/soymigrante.com\/revista\/wp-content\/uploads\/2024\/06\/foto-horchata-portada--768x697.webp 768w, https:\/\/soymigrante.com\/revista\/wp-content\/uploads\/2024\/06\/foto-horchata-portada--750x681.webp 750w\" sizes=\"(max-width: 904px) 100vw, 904px\" \/>\n            <\/div>\n        <\/div><div class=\"eael-entry-wrapper\"><header class=\"eael-entry-header\"><h2 class=\"eael-entry-title\"><a class=\"eael-grid-post-link\" href=\"https:\/\/soymigrante.com\/revista\/recetas-chapinas-que-tal-una-horchata-hecha-en-casa\/\" title=\"Refresco muy chap\u00edn: \u00bfQu\u00e9 tal una horchata hecha en casa?\">Refresco muy chap\u00edn: \u00bfQu\u00e9 tal una horchata hecha en casa?<\/a><\/h2><\/header><div class=\"eael-entry-content\">\n                        <div class=\"eael-grid-post-excerpt\"><a href=\"https:\/\/soymigrante.com\/revista\/recetas-chapinas-que-tal-una-horchata-hecha-en-casa\/\" class=\"eael-post-elements-readmore-btn\">CONOCE SU HISTORIA <\/a><\/div>\n                    <\/div><\/div><\/div>\n        <\/div>\n    <\/article><article class=\"eael-grid-post  eael-post-grid-column eael-pg-post-3792 category-exitos\" data-id=\"3792\">\n        <div class=\"eael-grid-post-holder\">\n            <div class=\"eael-grid-post-holder-inner\"><div class=\"eael-entry-media\"><div class=\"eael-entry-overlay fade-in\"><i class=\"far fa-hand-pointer\" aria-hidden=\"true\"><\/i><a href=\"https:\/\/soymigrante.com\/revista\/migrante-retornado-endulza-hogares-con-miel-y-polen\/\"><\/a><\/div><div class=\"eael-entry-thumbnail \">\n                <img loading=\"lazy\" decoding=\"async\" width=\"1024\" height=\"1024\" src=\"https:\/\/soymigrante.com\/revista\/wp-content\/uploads\/2023\/12\/banner-2-1024x1024.webp\" class=\"attachment-large size-large wp-image-3770\" alt=\"Ovidio Tom\u00e1s Tzul \u00c1lvarez migrante guatemalteco retornado\" srcset=\"https:\/\/soymigrante.com\/revista\/wp-content\/uploads\/2023\/12\/banner-2-1024x1024.webp 1024w, https:\/\/soymigrante.com\/revista\/wp-content\/uploads\/2023\/12\/banner-2-300x300.webp 300w, https:\/\/soymigrante.com\/revista\/wp-content\/uploads\/2023\/12\/banner-2-150x150.webp 150w, https:\/\/soymigrante.com\/revista\/wp-content\/uploads\/2023\/12\/banner-2-768x768.webp 768w, https:\/\/soymigrante.com\/revista\/wp-content\/uploads\/2023\/12\/banner-2-1536x1536.webp 1536w, https:\/\/soymigrante.com\/revista\/wp-content\/uploads\/2023\/12\/banner-2-75x75.webp 75w, https:\/\/soymigrante.com\/revista\/wp-content\/uploads\/2023\/12\/banner-2-750x750.webp 750w, https:\/\/soymigrante.com\/revista\/wp-content\/uploads\/2023\/12\/banner-2-1140x1140.webp 1140w, https:\/\/soymigrante.com\/revista\/wp-content\/uploads\/2023\/12\/banner-2-600x600.webp 600w, https:\/\/soymigrante.com\/revista\/wp-content\/uploads\/2023\/12\/banner-2.webp 1920w\" sizes=\"(max-width: 1024px) 100vw, 1024px\" \/>\n            <\/div>\n        <\/div><div class=\"eael-entry-wrapper\"><header class=\"eael-entry-header\"><h2 class=\"eael-entry-title\"><a class=\"eael-grid-post-link\" href=\"https:\/\/soymigrante.com\/revista\/migrante-retornado-endulza-hogares-con-miel-y-polen\/\" title=\"Migrante retornado endulza  hogares con miel y polen\">Migrante retornado endulza  hogares con miel y polen<\/a><\/h2><\/header><div class=\"eael-entry-content\">\n                        <div class=\"eael-grid-post-excerpt\"><a href=\"https:\/\/soymigrante.com\/revista\/migrante-retornado-endulza-hogares-con-miel-y-polen\/\" class=\"eael-post-elements-readmore-btn\">CONOCE SU HISTORIA <\/a><\/div>\n                    <\/div><\/div><\/div>\n        <\/div>\n    <\/article><\/div>\n            <div class=\"clearfix\"><\/div>\n        <\/div>\t\t\t\t<\/div>\n\t\t\t\t\t<\/div>\n\t\t\t\t<\/div>\n\t\t\t\t<\/div>\n\t\t","protected":false},"excerpt":{"rendered":"<p>Las plantas de compa\u00f1\u00eda te permitir\u00e1n sentir que tu hogar se ve m\u00e1s c\u00e1lido y con mejor ambiente. Tener plantas en casa o en la oficina no solo mejora la est\u00e9tica del lugar, sino que tambi\u00e9n aporta m\u00faltiples beneficios, como la reducci\u00f3n del estr\u00e9s, la purificaci\u00f3n del aire y el aumento de la productividad. Algunas [&hellip;]<\/p>\n","protected":false},"author":19,"featured_media":25920,"comment_status":"open","ping_status":"open","sticky":false,"template":"","format":"standard","meta":{"_acf_changed":false,"_eb_attr":"","footnotes":""},"categories":[55],"tags":[],"class_list":["post-25919","post","type-post","status-publish","format-standard","has-post-thumbnail","hentry","category-bienestar"],"acf":[],"aioseo_notices":[],"aioseo_head":"\n\t\t<!-- All in One SEO Pro 4.9.6.2 - aioseo.com -->\n\t<meta name=\"description\" content=\"Ovidio migrante guatemalteco retornado emprende con la crianza de abejas para cosecha de miel y polen.\" \/>\n\t<meta name=\"robots\" content=\"max-snippet:-1, max-image-preview:large, max-video-preview:-1\" \/>\n\t<meta name=\"author\" content=\"Diana Batz\"\/>\n\t<link rel=\"canonical\" href=\"https:\/\/soymigrante.com\/revista\/migrante-retornado-endulza-hogares-con-miel-y-polen\/\" \/>\n\t<meta name=\"generator\" content=\"All in One SEO Pro (AIOSEO) 4.9.6.2\" \/>\n\n\t\t<link rel=\"preconnect\" href=\"https:\/\/fonts.googleapis.com\" crossorigin>\n<link rel=\"preconnect\" href=\"https:\/\/fonts.gstatic.com\" crossorigin>\n\t\t<meta property=\"og:locale\" content=\"es_ES\" \/>\n\t\t<meta property=\"og:site_name\" content=\"SoyMigrante.com REVISTA \u2013 Nuestra misi\u00f3n es reconocer y dignificar al migrante.\" \/>\n\t\t<meta property=\"og:type\" content=\"article\" \/>\n\t\t<meta property=\"og:title\" content=\"Migrante retornado endulza hogares con miel y polen\" \/>\n\t\t<meta property=\"og:description\" content=\"Ovidio migrante guatemalteco retornado emprende con la crianza de abejas para cosecha de miel y polen.\" \/>\n\t\t<meta property=\"og:url\" content=\"https:\/\/soymigrante.com\/revista\/migrante-retornado-endulza-hogares-con-miel-y-polen\/\" \/>\n\t\t<meta property=\"og:image\" content=\"https:\/\/soymigrante.com\/revista\/wp-content\/uploads\/2023\/12\/banner-2.webp\" \/>\n\t\t<meta property=\"og:image:secure_url\" content=\"https:\/\/soymigrante.com\/revista\/wp-content\/uploads\/2023\/12\/banner-2.webp\" \/>\n\t\t<meta property=\"og:image:width\" content=\"1920\" \/>\n\t\t<meta property=\"og:image:height\" content=\"1920\" \/>\n\t\t<meta property=\"article:published_time\" content=\"2023-12-11T23:30:03+00:00\" \/>\n\t\t<meta property=\"article:modified_time\" content=\"2024-07-29T09:56:11+00:00\" \/>\n\t\t<meta property=\"article:publisher\" content=\"https:\/\/www.facebook.com\/soymigrantecom\" \/>\n\t\t<meta name=\"twitter:card\" content=\"summary_large_image\" \/>\n\t\t<meta name=\"twitter:site\" content=\"@SoyMigrante_com\" \/>\n\t\t<meta name=\"twitter:title\" content=\"Migrante retornado endulza hogares con miel y polen\" \/>\n\t\t<meta name=\"twitter:description\" content=\"Ovidio migrante guatemalteco retornado emprende con la crianza de abejas para cosecha de miel y polen.\" \/>\n\t\t<meta name=\"twitter:creator\" content=\"@SoyMigrante_com\" \/>\n\t\t<meta name=\"twitter:image\" content=\"https:\/\/soymigrante.com\/revista\/wp-content\/uploads\/2023\/12\/banner-2.webp\" \/>\n\t\t<!-- All in One SEO Pro -->\r\n\t\t<title>Migrante retornado endulza hogares con miel y polen<\/title>\n\n","aioseo_head_json":{"title":"Migrante retornado endulza hogares con miel y polen","description":"Ovidio migrante guatemalteco retornado emprende con la crianza de abejas para cosecha de miel y polen.","canonical_url":"https:\/\/soymigrante.com\/revista\/migrante-retornado-endulza-hogares-con-miel-y-polen\/","robots":"max-snippet:-1, max-image-preview:large, max-video-preview:-1","keywords":"","webmasterTools":{"miscellaneous":"&lt;link rel=\"preconnect\" href=\"https:\/\/fonts.googleapis.com\" crossorigin&gt;\n&lt;link rel=\"preconnect\" href=\"https:\/\/fonts.gstatic.com\" crossorigin&gt;"},"schema":null,"og:locale":"es_ES","og:site_name":"SoyMigrante.com REVISTA \u2013 Nuestra misi\u00f3n es reconocer y dignificar al migrante.","og:type":"article","og:title":"Migrante retornado endulza hogares con miel y polen","og:description":"Ovidio migrante guatemalteco retornado emprende con la crianza de abejas para cosecha de miel y polen.","og:url":"https:\/\/soymigrante.com\/revista\/migrante-retornado-endulza-hogares-con-miel-y-polen\/","og:image":"https:\/\/soymigrante.com\/revista\/wp-content\/uploads\/2023\/12\/banner-2.webp","og:image:secure_url":"https:\/\/soymigrante.com\/revista\/wp-content\/uploads\/2023\/12\/banner-2.webp","og:image:width":1920,"og:image:height":1920,"article:published_time":"2023-12-11T23:30:03+00:00","article:modified_time":"2024-07-29T09:56:11+00:00","article:publisher":"https:\/\/www.facebook.com\/soymigrantecom","twitter:card":"summary_large_image","twitter:site":"@SoyMigrante_com","twitter:title":"Migrante retornado endulza hogares con miel y polen","twitter:description":"Ovidio migrante guatemalteco retornado emprende con la crianza de abejas para cosecha de miel y polen.","twitter:creator":"@SoyMigrante_com","twitter:image":"https:\/\/soymigrante.com\/revista\/wp-content\/uploads\/2023\/12\/banner-2.webp"},"aioseo_meta_data":{"post_id":"25919","title":null,"description":"Las plantas de compa\u00f1\u00eda te permitir\u00e1n sentir que tu hogar se ve m\u00e1s fresco, amigable y vivaz. Conoce algunas de las m\u00e1s vers\u00e1tiles.","keywords":null,"keyphrases":{"focus":{"keyphrase":"Plantas","score":91,"analysis":{"keyphraseInTitle":{"score":9,"maxScore":9,"error":0},"keyphraseInDescription":{"score":9,"maxScore":9,"error":0},"keyphraseLength":{"score":9,"maxScore":9,"error":0,"length":1},"keyphraseInURL":{"score":5,"maxScore":5,"error":0},"keyphraseInIntroduction":{"score":9,"maxScore":9,"error":0},"keyphraseInSubHeadings":{"score":3,"maxScore":9,"error":1},"keyphraseInImageAlt":{"score":9,"maxScore":9,"error":0},"keywordDensity":{"type":"best","score":9,"maxScore":9,"error":0}}},"additional":[{"keyphrase":"espacio personal","score":53,"analysis":{"keyphraseInDescription":{"score":3,"maxScore":9,"error":1},"keyphraseLength":{"score":9,"maxScore":9,"error":0,"length":2},"keyphraseInIntroduction":{"score":3,"maxScore":9,"error":1},"keyphraseInImageAlt":{"score":9,"maxScore":9,"error":0},"keywordDensity":{"score":0,"type":"low","maxScore":9,"error":1}}}]},"primary_term":null,"canonical_url":null,"og_title":null,"og_description":null,"og_object_type":"default","og_image_type":"default","og_image_url":null,"og_image_width":null,"og_image_height":null,"og_image_custom_url":null,"og_image_custom_fields":null,"og_video":"","og_custom_url":null,"og_article_section":null,"og_article_tags":null,"twitter_use_og":false,"twitter_card":"default","twitter_image_type":"default","twitter_image_url":null,"twitter_image_custom_url":null,"twitter_image_custom_fields":null,"twitter_title":null,"twitter_description":null,"schema":{"blockGraphs":[],"customGraphs":[],"default":{"data":{"Article":[],"Course":[],"Dataset":[],"FAQPage":[],"Movie":[],"Person":[],"Product":[],"ProductReview":[],"Car":[],"Recipe":[],"Service":[],"SoftwareApplication":[],"WebPage":[]},"graphName":"BlogPosting","isEnabled":true},"graphs":[]},"schema_type":"default","schema_type_options":null,"pillar_content":false,"robots_default":true,"robots_noindex":false,"robots_noarchive":false,"robots_nosnippet":false,"robots_nofollow":false,"robots_noimageindex":false,"robots_noodp":false,"robots_notranslate":false,"robots_max_snippet":"-1","robots_max_videopreview":"-1","robots_max_imagepreview":"large","priority":null,"frequency":"default","local_seo":null,"seo_analyzer_scan_date":"2025-10-09 03:22:18","breadcrumb_settings":null,"limit_modified_date":false,"reviewed_by":null,"open_ai":"{\"title\":{\"suggestions\":[],\"usage\":0},\"description\":{\"suggestions\":[],\"usage\":0}}","ai":null,"created":"2025-02-18 20:56:03","updated":"2026-02-04 22:09:40"},"aioseo_breadcrumb":"<div class=\"aioseo-breadcrumbs\"><span class=\"aioseo-breadcrumb\">\n\t<a href=\"https:\/\/soymigrante.com\/revista\" title=\"Home\">Home<\/a>\n<\/span><span class=\"aioseo-breadcrumb-separator\">\u00bb<\/span><span class=\"aioseo-breadcrumb\">\n\t<a href=\"https:\/\/soymigrante.com\/revista\/category\/bienestar\/\" title=\"Bienestar\">Bienestar<\/a>\n<\/span><span class=\"aioseo-breadcrumb-separator\">\u00bb<\/span><span class=\"aioseo-breadcrumb\">\n\tPlantas de compa\u00f1\u00eda: verde bienestar en tu espacio personal\n<\/span><\/div>","aioseo_breadcrumb_json":[{"label":"Home","link":"https:\/\/soymigrante.com\/revista"},{"label":"Bienestar","link":"https:\/\/soymigrante.com\/revista\/category\/bienestar\/"},{"label":"Plantas de compa\u00f1\u00eda: verde bienestar en tu espacio personal","link":"https:\/\/soymigrante.com\/revista\/plantas-de-compania-verde-bienestar-en-tu-espacio-personal\/"}],"_links":{"self":[{"href":"https:\/\/soymigrante.com\/revista\/wp-json\/wp\/v2\/posts\/25919","targetHints":{"allow":["GET"]}}],"collection":[{"href":"https:\/\/soymigrante.com\/revista\/wp-json\/wp\/v2\/posts"}],"about":[{"href":"https:\/\/soymigrante.com\/revista\/wp-json\/wp\/v2\/types\/post"}],"author":[{"embeddable":true,"href":"https:\/\/soymigrante.com\/revista\/wp-json\/wp\/v2\/users\/19"}],"replies":[{"embeddable":true,"href":"https:\/\/soymigrante.com\/revista\/wp-json\/wp\/v2\/comments?post=25919"}],"version-history":[{"count":0,"href":"https:\/\/soymigrante.com\/revista\/wp-json\/wp\/v2\/posts\/25919\/revisions"}],"wp:featuredmedia":[{"embeddable":true,"href":"https:\/\/soymigrante.com\/revista\/wp-json\/wp\/v2\/media\/25920"}],"wp:attachment":[{"href":"https:\/\/soymigrante.com\/revista\/wp-json\/wp\/v2\/media?parent=25919"}],"wp:term":[{"taxonomy":"category","embeddable":true,"href":"https:\/\/soymigrante.com\/revista\/wp-json\/wp\/v2\/categories?post=25919"},{"taxonomy":"post_tag","embeddable":true,"href":"https:\/\/soymigrante.com\/revista\/wp-json\/wp\/v2\/tags?post=25919"}],"curies":[{"name":"wp","href":"https:\/\/api.w.org\/{rel}","templated":true}]}}