{"id":2591,"date":"2023-09-14T23:35:24","date_gmt":"2023-09-14T23:35:24","guid":{"rendered":"https:\/\/soymigrante.com\/revista\/?p=2591"},"modified":"2024-07-30T11:16:35","modified_gmt":"2024-07-30T17:16:35","slug":"la-independencia-es-un-dia-para-conmemorar-y-recordar-la-lucha-de-los-abuelos-rabin-ajau-2023","status":"publish","type":"post","link":"https:\/\/soymigrante.com\/revista\/la-independencia-es-un-dia-para-conmemorar-y-recordar-la-lucha-de-los-abuelos-rabin-ajau-2023\/","title":{"rendered":"La independencia es un d\u00eda para conmemorar y recordar la lucha de los abuelos: Rabin Ajau 2023"},"content":{"rendered":"\t\t<div data-elementor-type=\"wp-post\" data-elementor-id=\"2591\" class=\"elementor elementor-2591\" data-elementor-post-type=\"post\">\n\t\t\t\t\t\t<section data-particle_enable=\"false\" data-particle-mobile-disabled=\"false\" class=\"elementor-section elementor-top-section elementor-element elementor-element-58a339a elementor-section-boxed elementor-section-height-default elementor-section-height-default\" data-id=\"58a339a\" data-element_type=\"section\" data-e-type=\"section\">\n\t\t\t\t\t\t<div class=\"elementor-container elementor-column-gap-default\">\n\t\t\t\t\t<div class=\"elementor-column elementor-col-100 elementor-top-column elementor-element elementor-element-adcde0d\" data-id=\"adcde0d\" data-element_type=\"column\" data-e-type=\"column\">\n\t\t\t<div class=\"elementor-widget-wrap elementor-element-populated\">\n\t\t\t\t\t\t<div class=\"elementor-element elementor-element-f4bc17e elementor-widget elementor-widget-heading\" data-id=\"f4bc17e\" data-element_type=\"widget\" data-e-type=\"widget\" data-widget_type=\"heading.default\">\n\t\t\t\t\t<h1 class=\"elementor-heading-title elementor-size-default\">Madelyn Toyom actual Rabin Ajaw comparte su sentir y pensar sobre las festividades patrias de Guatemala. La independencia es un d\u00eda para conmemorar, recordar la lucha de los abuelos y seguir en la b\u00fasqueda de la libertad.  \n<\/h1>\t\t\t\t<\/div>\n\t\t\t\t\t<\/div>\n\t\t<\/div>\n\t\t\t\t\t<\/div>\n\t\t<\/section>\n\t\t\t\t<section data-particle_enable=\"false\" data-particle-mobile-disabled=\"false\" class=\"elementor-section elementor-top-section elementor-element elementor-element-444b403 elementor-section-boxed elementor-section-height-default elementor-section-height-default\" data-id=\"444b403\" data-element_type=\"section\" data-e-type=\"section\">\n\t\t\t\t\t\t<div class=\"elementor-container elementor-column-gap-default\">\n\t\t\t\t\t<div class=\"elementor-column elementor-col-100 elementor-top-column elementor-element elementor-element-7e6555a\" data-id=\"7e6555a\" data-element_type=\"column\" data-e-type=\"column\">\n\t\t\t<div class=\"elementor-widget-wrap elementor-element-populated\">\n\t\t\t\t\t\t<div class=\"elementor-element elementor-element-25b5b83 elementor-widget elementor-widget-image\" data-id=\"25b5b83\" data-element_type=\"widget\" data-e-type=\"widget\" data-widget_type=\"image.default\">\n\t\t\t\t\t\t\t\t\t\t\t\t<figure class=\"wp-caption\">\n\t\t\t\t\t\t\t\t\t\t<img fetchpriority=\"high\" decoding=\"async\" width=\"768\" height=\"768\" src=\"https:\/\/soymigrante.com\/revista\/wp-content\/uploads\/2023\/09\/Madelyn-Toyom-originaria-de-Barranche-Totonicapan-fue-electa-como-Rabina-Ajaw-reina-indigena-nacional-tras-su-participacion-fue-recibida-con-un-acto-publico-y-una-ceremonia-maya-frente-a-Atanasio-Tzul-1024x1024.webp\" class=\"attachment-large size-large wp-image-2596\" alt=\"Madelyn Toyom originaria de Barranch\u00e9, Totonicap\u00e1n fue electa como Rabina Ajaw (reina ind\u00edgena nacional) tras su participaci\u00f3n fue recibida con un acto p\u00fablico y una ceremonia maya frente a Atanasio Tzul\" srcset=\"https:\/\/soymigrante.com\/revista\/wp-content\/uploads\/2023\/09\/Madelyn-Toyom-originaria-de-Barranche-Totonicapan-fue-electa-como-Rabina-Ajaw-reina-indigena-nacional-tras-su-participacion-fue-recibida-con-un-acto-publico-y-una-ceremonia-maya-frente-a-Atanasio-Tzul-1024x1024.webp 1024w, https:\/\/soymigrante.com\/revista\/wp-content\/uploads\/2023\/09\/Madelyn-Toyom-originaria-de-Barranche-Totonicapan-fue-electa-como-Rabina-Ajaw-reina-indigena-nacional-tras-su-participacion-fue-recibida-con-un-acto-publico-y-una-ceremonia-maya-frente-a-Atanasio-Tzul-300x300.webp 300w, https:\/\/soymigrante.com\/revista\/wp-content\/uploads\/2023\/09\/Madelyn-Toyom-originaria-de-Barranche-Totonicapan-fue-electa-como-Rabina-Ajaw-reina-indigena-nacional-tras-su-participacion-fue-recibida-con-un-acto-publico-y-una-ceremonia-maya-frente-a-Atanasio-Tzul-150x150.webp 150w, https:\/\/soymigrante.com\/revista\/wp-content\/uploads\/2023\/09\/Madelyn-Toyom-originaria-de-Barranche-Totonicapan-fue-electa-como-Rabina-Ajaw-reina-indigena-nacional-tras-su-participacion-fue-recibida-con-un-acto-publico-y-una-ceremonia-maya-frente-a-Atanasio-Tzul-768x768.webp 768w, https:\/\/soymigrante.com\/revista\/wp-content\/uploads\/2023\/09\/Madelyn-Toyom-originaria-de-Barranche-Totonicapan-fue-electa-como-Rabina-Ajaw-reina-indigena-nacional-tras-su-participacion-fue-recibida-con-un-acto-publico-y-una-ceremonia-maya-frente-a-Atanasio-Tzul-75x75.webp 75w, https:\/\/soymigrante.com\/revista\/wp-content\/uploads\/2023\/09\/Madelyn-Toyom-originaria-de-Barranche-Totonicapan-fue-electa-como-Rabina-Ajaw-reina-indigena-nacional-tras-su-participacion-fue-recibida-con-un-acto-publico-y-una-ceremonia-maya-frente-a-Atanasio-Tzul-750x750.webp 750w, https:\/\/soymigrante.com\/revista\/wp-content\/uploads\/2023\/09\/Madelyn-Toyom-originaria-de-Barranche-Totonicapan-fue-electa-como-Rabina-Ajaw-reina-indigena-nacional-tras-su-participacion-fue-recibida-con-un-acto-publico-y-una-ceremonia-maya-frente-a-Atanasio-Tzul-1140x1140.webp 1140w, https:\/\/soymigrante.com\/revista\/wp-content\/uploads\/2023\/09\/Madelyn-Toyom-originaria-de-Barranche-Totonicapan-fue-electa-como-Rabina-Ajaw-reina-indigena-nacional-tras-su-participacion-fue-recibida-con-un-acto-publico-y-una-ceremonia-maya-frente-a-Atanasio-Tzul-600x600.webp 600w, https:\/\/soymigrante.com\/revista\/wp-content\/uploads\/2023\/09\/Madelyn-Toyom-originaria-de-Barranche-Totonicapan-fue-electa-como-Rabina-Ajaw-reina-indigena-nacional-tras-su-participacion-fue-recibida-con-un-acto-publico-y-una-ceremonia-maya-frente-a-Atanasio-Tzul.webp 1280w\" sizes=\"(max-width: 768px) 100vw, 768px\" title=\"Madelyn Toyom originaria de Barranch\u00e9, Totonicap\u00e1n fue electa como Rabina Ajaw (reina ind\u00edgena nacional) tras su participaci\u00f3n fue recibida con un acto p\u00fablico y una ceremonia maya frente a Atanasio Tzul \u2013 SoyMigrante.com REVISTA\" \/>\t\t\t\t\t\t\t\t\t\t\t<figcaption class=\"widget-image-caption wp-caption-text\">Madelyn Toyom originaria de Barranch\u00e9, Totonicap\u00e1n fue electa como Rabina Ajaw (reina ind\u00edgena nacional) tras su participaci\u00f3n fue recibida con un acto p\u00fablico y una ceremonia maya frente a Atanasio Tzul<\/figcaption>\n\t\t\t\t\t\t\t\t\t\t<\/figure>\n\t\t\t\t\t\t\t\t\t<\/div>\n\t\t\t\t\t<\/div>\n\t\t<\/div>\n\t\t\t\t\t<\/div>\n\t\t<\/section>\n\t\t\t\t<section data-particle_enable=\"false\" data-particle-mobile-disabled=\"false\" class=\"elementor-section elementor-top-section elementor-element elementor-element-dbbd963 elementor-section-boxed elementor-section-height-default elementor-section-height-default\" data-id=\"dbbd963\" data-element_type=\"section\" data-e-type=\"section\">\n\t\t\t\t\t\t<div class=\"elementor-container elementor-column-gap-default\">\n\t\t\t\t\t<div class=\"elementor-column elementor-col-100 elementor-top-column elementor-element elementor-element-5390d15\" data-id=\"5390d15\" data-element_type=\"column\" data-e-type=\"column\">\n\t\t\t<div class=\"elementor-widget-wrap elementor-element-populated\">\n\t\t\t\t\t\t<div class=\"elementor-element elementor-element-abb7f7f elementor-widget elementor-widget-heading\" data-id=\"abb7f7f\" data-element_type=\"widget\" data-e-type=\"widget\" data-widget_type=\"heading.default\">\n\t\t\t\t\t<h2 class=\"elementor-heading-title elementor-size-default\">Conmemorar\u00a0<\/h2>\t\t\t\t<\/div>\n\t\t\t\t<div class=\"elementor-element elementor-element-174f6ba elementor-widget elementor-widget-text-editor\" data-id=\"174f6ba\" data-element_type=\"widget\" data-e-type=\"widget\" data-widget_type=\"text-editor.default\">\n\t\t\t\t\t\t\t\t\t<p><span style=\"font-weight: 400\">Durante el mes de septiembre en Guatemala se conmemora y celebra la independencia a trav\u00e9s de actividades; desfiles, carrozas, actos c\u00edvicos, recorrido de antorchas y la iza a la bandera nacional.<\/span><\/p><p><span style=\"font-weight: 400\">Como una muestra de orgullo patrio, varias casas, calles y edificios p\u00fablicos se cubren con la bandera azul y blanco, en los desfiles se visualiza a ni\u00f1os y ni\u00f1as con la indumentaria como muestra de la identidad adem\u00e1s de presentar bailes tradicionales del territorio guatemalteco.<\/span><\/p><p><span style=\"font-weight: 400\">Una de las actividades que unifica a familias, escuelas y comunidades son las antorchas de independencia, consiste en varias maratones encabezadas por la antorcha, como muestra de respeto y honor a quienes lucharon por la b\u00fasqueda de la libertad.<\/span><\/p><p><span style=\"font-weight: 400\">Madelyn Toyom coment\u00f3 la importancia de continuar con la b\u00fasqueda de la libertad y la verdadera independencia como pueblos originarios \u201cDurante estas fechas es importante conocer la historia, ya que consideramos a Guatemala como un pa\u00eds independiente, sin embargo, nos hace falta mucho por conocer y aprender\u201d.\u00a0<\/span><\/p>\t\t\t\t\t\t\t\t<\/div>\n\t\t\t\t\t<\/div>\n\t\t<\/div>\n\t\t\t\t\t<\/div>\n\t\t<\/section>\n\t\t\t\t<section data-particle_enable=\"false\" data-particle-mobile-disabled=\"false\" class=\"elementor-section elementor-top-section elementor-element elementor-element-6907709 elementor-section-boxed elementor-section-height-default elementor-section-height-default\" data-id=\"6907709\" data-element_type=\"section\" data-e-type=\"section\">\n\t\t\t\t\t\t<div class=\"elementor-container elementor-column-gap-default\">\n\t\t\t\t\t<div class=\"elementor-column elementor-col-100 elementor-top-column elementor-element elementor-element-4e79d93\" data-id=\"4e79d93\" data-element_type=\"column\" data-e-type=\"column\">\n\t\t\t<div class=\"elementor-widget-wrap elementor-element-populated\">\n\t\t\t\t\t\t<div class=\"elementor-element elementor-element-a96242d elementor-arrows-position-inside elementor-pagination-position-outside elementor-widget elementor-widget-image-carousel\" data-id=\"a96242d\" data-element_type=\"widget\" data-e-type=\"widget\" data-settings=\"{&quot;slides_to_show&quot;:&quot;1&quot;,&quot;navigation&quot;:&quot;both&quot;,&quot;autoplay&quot;:&quot;yes&quot;,&quot;pause_on_hover&quot;:&quot;yes&quot;,&quot;pause_on_interaction&quot;:&quot;yes&quot;,&quot;autoplay_speed&quot;:5000,&quot;infinite&quot;:&quot;yes&quot;,&quot;effect&quot;:&quot;slide&quot;,&quot;speed&quot;:500}\" data-widget_type=\"image-carousel.default\">\n\t\t\t\t\t\t\t<div class=\"elementor-image-carousel-wrapper swiper\" role=\"region\" aria-roledescription=\"carousel\" aria-label=\"Carrusel de im\u00e1genes\" dir=\"ltr\">\n\t\t\t<div class=\"elementor-image-carousel swiper-wrapper\" aria-live=\"off\">\n\t\t\t\t\t\t\t\t<div class=\"swiper-slide\" role=\"group\" aria-roledescription=\"slide\" aria-label=\"1 de 3\"><figure class=\"swiper-slide-inner\"><img decoding=\"async\" class=\"swiper-slide-image\" src=\"https:\/\/soymigrante.com\/revista\/wp-content\/uploads\/2023\/09\/a-antorcha-en-Guatemala-es-un-simbolo-del-dia-de-la-independencia-que-se-conmemora-cada-15-de-septiembre--768x512.webp\" alt=\"La antorcha en Guatemala es un s\u00edmbolo del d\u00eda de la independencia que se conmemora cada 15 de septiembre\" \/><figcaption class=\"elementor-image-carousel-caption\">La antorcha en Guatemala es un s\u00edmbolo del d\u00eda de la independencia que se conmemora cada 15 de septiembre Foto: Omar Mench\u00fa <\/figcaption><\/figure><\/div><div class=\"swiper-slide\" role=\"group\" aria-roledescription=\"slide\" aria-label=\"2 de 3\"><figure class=\"swiper-slide-inner\"><img decoding=\"async\" class=\"swiper-slide-image\" src=\"https:\/\/soymigrante.com\/revista\/wp-content\/uploads\/2023\/09\/Ninos-ninas-y-familias-de-varios-establecimientos-acompanan-la-caravana-banderas-en-azul-y-blanco-abundan-en-las-festividades-768x512.webp\" alt=\"Ni\u00f1os, ni\u00f1as y familias de varios establecimientos acompa\u00f1an la caravana, banderas en azul y blanco abundan en las festividades\" \/><figcaption class=\"elementor-image-carousel-caption\">Ni\u00f1os, ni\u00f1as y familias de varios establecimientos acompa\u00f1an la caravana, banderas en azul y blanco abundan en las festividades<\/figcaption><\/figure><\/div><div class=\"swiper-slide\" role=\"group\" aria-roledescription=\"slide\" aria-label=\"3 de 3\"><figure class=\"swiper-slide-inner\"><img decoding=\"async\" class=\"swiper-slide-image\" src=\"https:\/\/soymigrante.com\/revista\/wp-content\/uploads\/2023\/09\/Varios-establecimientos-recorren-calles-y-avenidas-a-nivel-nacional-para-llevar-la-antorcha-como-simbolo-de-las-actividades-de-independencia--768x512.webp\" alt=\"Varios establecimientos recorren calles y avenidas a nivel nacional para llevar la antorcha como s\u00edmbolo de las actividades de independencia\" \/><figcaption class=\"elementor-image-carousel-caption\">Varios establecimientos recorren calles y avenidas a nivel nacional para llevar la antorcha como s\u00edmbolo de las actividades de independencia<\/figcaption><\/figure><\/div>\t\t\t<\/div>\n\t\t\t\t\t\t\t\t\t\t\t\t<div class=\"elementor-swiper-button elementor-swiper-button-prev\" role=\"button\" tabindex=\"0\">\n\t\t\t\t\t\t<i aria-hidden=\"true\" class=\"eicon-chevron-left\"><\/i>\t\t\t\t\t<\/div>\n\t\t\t\t\t<div class=\"elementor-swiper-button elementor-swiper-button-next\" role=\"button\" tabindex=\"0\">\n\t\t\t\t\t\t<i aria-hidden=\"true\" class=\"eicon-chevron-right\"><\/i>\t\t\t\t\t<\/div>\n\t\t\t\t\n\t\t\t\t\t\t\t\t\t<div class=\"swiper-pagination\"><\/div>\n\t\t\t\t\t\t\t\t\t<\/div>\n\t\t\t\t\t\t<\/div>\n\t\t\t\t\t<\/div>\n\t\t<\/div>\n\t\t\t\t\t<\/div>\n\t\t<\/section>\n\t\t\t\t<section data-particle_enable=\"false\" data-particle-mobile-disabled=\"false\" class=\"elementor-section elementor-top-section elementor-element elementor-element-bcb3e35 elementor-section-boxed elementor-section-height-default elementor-section-height-default\" data-id=\"bcb3e35\" data-element_type=\"section\" data-e-type=\"section\">\n\t\t\t\t\t\t<div class=\"elementor-container elementor-column-gap-default\">\n\t\t\t\t\t<div class=\"elementor-column elementor-col-100 elementor-top-column elementor-element elementor-element-9d77e81\" data-id=\"9d77e81\" data-element_type=\"column\" data-e-type=\"column\">\n\t\t\t<div class=\"elementor-widget-wrap elementor-element-populated\">\n\t\t\t\t\t\t<div class=\"elementor-element elementor-element-da36da0 elementor-widget elementor-widget-heading\" data-id=\"da36da0\" data-element_type=\"widget\" data-e-type=\"widget\" data-widget_type=\"heading.default\">\n\t\t\t\t\t<h2 class=\"elementor-heading-title elementor-size-default\">Incidencia<\/h2>\t\t\t\t<\/div>\n\t\t\t\t<div class=\"elementor-element elementor-element-9011aeb elementor-widget elementor-widget-text-editor\" data-id=\"9011aeb\" data-element_type=\"widget\" data-e-type=\"widget\" data-widget_type=\"text-editor.default\">\n\t\t\t\t\t\t\t\t\t<p><span style=\"font-weight: 400\">La participaci\u00f3n de la poblaci\u00f3n es primordial para exigir y promover los espacios de discusi\u00f3n \u201cDebemos informarnos, saber por qu\u00e9 se celebra varios a\u00f1os de independencia, si en realidad no hemos sido un pa\u00eds independiente, se ve reflejado en actos de discriminaci\u00f3n y el racismo en especial de los pueblos originarios\u201d<\/span><\/p><p><span style=\"font-weight: 400\">Tambi\u00e9n indica que se ha dejado de valorar la riqueza cultural de Guatemala, por ello expres\u00f3 el siguiente mensaje: \u201cLas fiestas de independencia deben ser un motivo de reflexi\u00f3n, por que no tenemos nada que celebrar, \u00fanicamente estamos conmemorando la lucha de nuestros abuelos y abuelas que han se han esforzado por un mejor futuro y hacer valer nuestros derechos\u201d<\/span><\/p><p><span style=\"font-weight: 400\">La responsabilidad recae en toda una sociedad que debe reconocer su origen y por ende su historia, a trav\u00e9s de la investigaci\u00f3n e informaci\u00f3n expresada en centros educativos entre familias y otros espacios.<\/span><\/p><p><span style=\"font-weight: 400\">\u201cComo j\u00f3venes y futuras generaciones nos hemos enfocado a folclorizar las fiestas de independencia, puesto a que diversos sectores solamente en esta \u00e9poca portan indumentaria, danzas y bailes ancestrales por ello es importante interpretar la herencia de los abuelos\u201d.\u00a0<\/span><\/p><p>\u00a0<\/p>\t\t\t\t\t\t\t\t<\/div>\n\t\t\t\t\t<\/div>\n\t\t<\/div>\n\t\t\t\t\t<\/div>\n\t\t<\/section>\n\t\t\t\t<section data-particle_enable=\"false\" data-particle-mobile-disabled=\"false\" class=\"elementor-section elementor-top-section elementor-element elementor-element-3b5e0f3 elementor-section-boxed elementor-section-height-default elementor-section-height-default\" data-id=\"3b5e0f3\" data-element_type=\"section\" data-e-type=\"section\">\n\t\t\t\t\t\t<div class=\"elementor-container elementor-column-gap-default\">\n\t\t\t\t\t<div class=\"elementor-column elementor-col-100 elementor-top-column elementor-element elementor-element-3aab14b\" data-id=\"3aab14b\" data-element_type=\"column\" data-e-type=\"column\">\n\t\t\t<div class=\"elementor-widget-wrap elementor-element-populated\">\n\t\t\t\t\t\t<div class=\"elementor-element elementor-element-0aa5ffb elementor-widget elementor-widget-image\" data-id=\"0aa5ffb\" data-element_type=\"widget\" data-e-type=\"widget\" data-widget_type=\"image.default\">\n\t\t\t\t\t\t\t\t\t\t\t\t<figure class=\"wp-caption\">\n\t\t\t\t\t\t\t\t\t\t<img decoding=\"async\" width=\"768\" height=\"512\" src=\"https:\/\/soymigrante.com\/revista\/wp-content\/uploads\/2023\/09\/Madelyn-Toyom-Rabin-Ajaw-de-17-anos-de-edad-fue-coronada-en-un-acto-publico-en-el-municipio-y-departamento-de-Totonicapan-Guatemala-1024x683.webp\" class=\"attachment-large size-large wp-image-2592\" alt=\"Madelyn Toyom Rabin Ajaw de 17 a\u00f1os de edad fue coronada en un acto p\u00fablico en el municipio y departamento de Totonicap\u00e1n, Guatemala\" srcset=\"https:\/\/soymigrante.com\/revista\/wp-content\/uploads\/2023\/09\/Madelyn-Toyom-Rabin-Ajaw-de-17-anos-de-edad-fue-coronada-en-un-acto-publico-en-el-municipio-y-departamento-de-Totonicapan-Guatemala-1024x683.webp 1024w, https:\/\/soymigrante.com\/revista\/wp-content\/uploads\/2023\/09\/Madelyn-Toyom-Rabin-Ajaw-de-17-anos-de-edad-fue-coronada-en-un-acto-publico-en-el-municipio-y-departamento-de-Totonicapan-Guatemala-300x200.webp 300w, https:\/\/soymigrante.com\/revista\/wp-content\/uploads\/2023\/09\/Madelyn-Toyom-Rabin-Ajaw-de-17-anos-de-edad-fue-coronada-en-un-acto-publico-en-el-municipio-y-departamento-de-Totonicapan-Guatemala-768x512.webp 768w, https:\/\/soymigrante.com\/revista\/wp-content\/uploads\/2023\/09\/Madelyn-Toyom-Rabin-Ajaw-de-17-anos-de-edad-fue-coronada-en-un-acto-publico-en-el-municipio-y-departamento-de-Totonicapan-Guatemala-1536x1024.webp 1536w, https:\/\/soymigrante.com\/revista\/wp-content\/uploads\/2023\/09\/Madelyn-Toyom-Rabin-Ajaw-de-17-anos-de-edad-fue-coronada-en-un-acto-publico-en-el-municipio-y-departamento-de-Totonicapan-Guatemala-scaled.webp 1920w, https:\/\/soymigrante.com\/revista\/wp-content\/uploads\/2023\/09\/Madelyn-Toyom-Rabin-Ajaw-de-17-anos-de-edad-fue-coronada-en-un-acto-publico-en-el-municipio-y-departamento-de-Totonicapan-Guatemala-750x500.webp 750w, https:\/\/soymigrante.com\/revista\/wp-content\/uploads\/2023\/09\/Madelyn-Toyom-Rabin-Ajaw-de-17-anos-de-edad-fue-coronada-en-un-acto-publico-en-el-municipio-y-departamento-de-Totonicapan-Guatemala-1140x760.webp 1140w, https:\/\/soymigrante.com\/revista\/wp-content\/uploads\/2023\/09\/Madelyn-Toyom-Rabin-Ajaw-de-17-anos-de-edad-fue-coronada-en-un-acto-publico-en-el-municipio-y-departamento-de-Totonicapan-Guatemala-600x400.webp 600w\" sizes=\"(max-width: 768px) 100vw, 768px\" title=\"Madelyn Toyom Rabin Ajaw de 17 a\u00f1os de edad fue coronada en un acto p\u00fablico en el municipio y departamento de Totonicap\u00e1n, Guatemala \u2013 SoyMigrante.com REVISTA\" \/>\t\t\t\t\t\t\t\t\t\t\t<figcaption class=\"widget-image-caption wp-caption-text\">Madelyn Toyom es la actual Rabin Ajaw de 17 a\u00f1os de edad fue coronada en un acto p\u00fablico en el municipio y departamento de Totonicap\u00e1n, Guatemala<\/figcaption>\n\t\t\t\t\t\t\t\t\t\t<\/figure>\n\t\t\t\t\t\t\t\t\t<\/div>\n\t\t\t\t\t<\/div>\n\t\t<\/div>\n\t\t\t\t\t<\/div>\n\t\t<\/section>\n\t\t\t\t<section data-particle_enable=\"false\" data-particle-mobile-disabled=\"false\" class=\"elementor-section elementor-top-section elementor-element elementor-element-2741a3f elementor-section-boxed elementor-section-height-default elementor-section-height-default\" data-id=\"2741a3f\" data-element_type=\"section\" data-e-type=\"section\">\n\t\t\t\t\t\t<div class=\"elementor-container elementor-column-gap-default\">\n\t\t\t\t\t<div class=\"elementor-column elementor-col-100 elementor-top-column elementor-element elementor-element-0ac33b9\" data-id=\"0ac33b9\" data-element_type=\"column\" data-e-type=\"column\">\n\t\t\t<div class=\"elementor-widget-wrap elementor-element-populated\">\n\t\t\t\t\t\t<div class=\"elementor-element elementor-element-14d011c elementor-widget elementor-widget-text-editor\" data-id=\"14d011c\" data-element_type=\"widget\" data-e-type=\"widget\" data-widget_type=\"text-editor.default\">\n\t\t\t\t\t\t\t\t\t<p><span style=\"font-weight: 400\">Destaca que el cambio surge desde la concepci\u00f3n de la identidad y los valores c\u00edvicos que se mencionan en dicha \u00e9poca, deben ser aplicados en el d\u00eda a d\u00eda \u201cNo solo un 14 o 15 de septiembre debemos utilizar por ejemplo la indumentaria, ya que como j\u00f3venes debemos ser conscientes del gran valor de la cultura, tradiciones y costumbres de Totonicap\u00e1n y de toda Guatemala\u201d.<\/span><\/p>\t\t\t\t\t\t\t\t<\/div>\n\t\t\t\t\t<\/div>\n\t\t<\/div>\n\t\t\t\t\t<\/div>\n\t\t<\/section>\n\t\t\t\t<section data-particle_enable=\"false\" data-particle-mobile-disabled=\"false\" class=\"elementor-section elementor-top-section elementor-element elementor-element-76a1811 elementor-section-boxed elementor-section-height-default elementor-section-height-default\" data-id=\"76a1811\" data-element_type=\"section\" data-e-type=\"section\">\n\t\t\t\t\t\t<div class=\"elementor-container elementor-column-gap-default\">\n\t\t\t\t\t<div class=\"elementor-column elementor-col-100 elementor-top-column elementor-element elementor-element-ef566e1\" data-id=\"ef566e1\" data-element_type=\"column\" data-e-type=\"column\">\n\t\t\t<div class=\"elementor-widget-wrap elementor-element-populated\">\n\t\t\t\t\t\t<div class=\"elementor-element elementor-element-9dcd6ce elementor-widget elementor-widget-video\" data-id=\"9dcd6ce\" data-element_type=\"widget\" data-e-type=\"widget\" data-settings=\"{&quot;youtube_url&quot;:&quot;https:\\\/\\\/youtube.com\\\/watch?v=4s48Kq6l5jE&amp;si=uHFWCoLCTADQ4WjP&quot;,&quot;video_type&quot;:&quot;youtube&quot;,&quot;controls&quot;:&quot;yes&quot;}\" data-widget_type=\"video.default\">\n\t\t\t\t\t\t\t<div class=\"elementor-wrapper elementor-open-inline\">\n\t\t\t<div class=\"elementor-video\"><\/div>\t\t<\/div>\n\t\t\t\t\t\t<\/div>\n\t\t\t\t\t<\/div>\n\t\t<\/div>\n\t\t\t\t\t<\/div>\n\t\t<\/section>\n\t\t\t\t<\/div>\n\t\t","protected":false},"excerpt":{"rendered":"<p>Madelyn Toyom actual Rabin Ajaw comparte su sentir y pensar sobre las festividades patrias de Guatemala. La independencia es un d\u00eda para conmemorar, recordar la lucha de los abuelos y seguir en la b\u00fasqueda de la libertad. Madelyn Toyom originaria de Barranch\u00e9, Totonicap\u00e1n fue electa como Rabina Ajaw (reina ind\u00edgena nacional) tras su participaci\u00f3n fue [&hellip;]<\/p>\n","protected":false},"author":10,"featured_media":2596,"comment_status":"open","ping_status":"open","sticky":false,"template":"","format":"standard","meta":{"_acf_changed":false,"_eb_attr":"","footnotes":""},"categories":[58],"tags":[],"class_list":["post-2591","post","type-post","status-publish","format-standard","has-post-thumbnail","hentry","category-guate-nuestra"],"acf":[],"aioseo_notices":[],"aioseo_head":"\n\t\t<!-- All in One SEO Pro 4.9.6.2 - aioseo.com -->\n\t<meta name=\"description\" content=\"Madelyn Toyom actual Rabin Ajaw comparte su sentir y pensar sobre las festividades patrias de Guatemala. La independencia es un d\u00eda para conmemorar, recordar la lucha de los abuelos y seguir en la b\u00fasqueda de la libertad. Conmemorar Durante el mes de septiembre en Guatemala se conmemora y celebra la independencia a trav\u00e9s de actividades; Madelyn Toyom actual Rabin Ajaw comparte su sentir y pensar sobre las festividades patrias de Guatemala como un recordatorio de lucha\" \/>\n\t<meta name=\"robots\" content=\"max-snippet:-1, max-image-preview:large, max-video-preview:-1\" \/>\n\t<meta name=\"author\" content=\"Diana Batz\"\/>\n\t<link rel=\"canonical\" href=\"https:\/\/soymigrante.com\/revista\/la-independencia-es-un-dia-para-conmemorar-y-recordar-la-lucha-de-los-abuelos-rabin-ajau-2023\/\" \/>\n\t<meta name=\"generator\" content=\"All in One SEO Pro (AIOSEO) 4.9.6.2\" \/>\n\n\t\t<link rel=\"preconnect\" href=\"https:\/\/fonts.googleapis.com\" crossorigin>\n<link rel=\"preconnect\" href=\"https:\/\/fonts.gstatic.com\" crossorigin>\n\t\t<meta property=\"og:locale\" content=\"es_ES\" \/>\n\t\t<meta property=\"og:site_name\" content=\"SoyMigrante.com REVISTA \u2013 Nuestra misi\u00f3n es reconocer y dignificar al migrante.\" \/>\n\t\t<meta property=\"og:type\" content=\"article\" \/>\n\t\t<meta property=\"og:title\" content=\"La independencia es un d\u00eda para conmemorar y recordar la lucha de los abuelos: Rabin Ajau 2023\" \/>\n\t\t<meta property=\"og:description\" content=\"Madelyn Toyom actual Rabin Ajaw comparte su sentir y pensar sobre las festividades patrias de Guatemala. La independencia es un d\u00eda para conmemorar, recordar la lucha de los abuelos y seguir en la b\u00fasqueda de la libertad. Conmemorar Durante el mes de septiembre en Guatemala se conmemora y celebra la independencia a trav\u00e9s de actividades; Madelyn Toyom actual Rabin Ajaw comparte su sentir y pensar sobre las festividades patrias de Guatemala como un recordatorio de lucha\" \/>\n\t\t<meta property=\"og:url\" content=\"https:\/\/soymigrante.com\/revista\/la-independencia-es-un-dia-para-conmemorar-y-recordar-la-lucha-de-los-abuelos-rabin-ajau-2023\/\" \/>\n\t\t<meta property=\"og:image\" content=\"https:\/\/soymigrante.com\/revista\/wp-content\/uploads\/2023\/09\/Madelyn-Toyom-originaria-de-Barranche-Totonicapan-fue-electa-como-Rabina-Ajaw-reina-indigena-nacional-tras-su-participacion-fue-recibida-con-un-acto-publico-y-una-ceremonia-maya-frente-a-Atanasio-Tzul.webp\" \/>\n\t\t<meta property=\"og:image:secure_url\" content=\"https:\/\/soymigrante.com\/revista\/wp-content\/uploads\/2023\/09\/Madelyn-Toyom-originaria-de-Barranche-Totonicapan-fue-electa-como-Rabina-Ajaw-reina-indigena-nacional-tras-su-participacion-fue-recibida-con-un-acto-publico-y-una-ceremonia-maya-frente-a-Atanasio-Tzul.webp\" \/>\n\t\t<meta property=\"og:image:width\" content=\"1280\" \/>\n\t\t<meta property=\"og:image:height\" content=\"1280\" \/>\n\t\t<meta property=\"article:published_time\" content=\"2023-09-14T23:35:24+00:00\" \/>\n\t\t<meta property=\"article:modified_time\" content=\"2024-07-30T17:16:35+00:00\" \/>\n\t\t<meta property=\"article:publisher\" content=\"https:\/\/www.facebook.com\/soymigrantecom\" \/>\n\t\t<meta name=\"twitter:card\" content=\"summary_large_image\" \/>\n\t\t<meta name=\"twitter:site\" content=\"@SoyMigrante_com\" \/>\n\t\t<meta name=\"twitter:title\" content=\"La independencia es un d\u00eda para conmemorar y recordar la lucha de los abuelos: Rabin Ajau 2023\" \/>\n\t\t<meta name=\"twitter:description\" content=\"Madelyn Toyom actual Rabin Ajaw comparte su sentir y pensar sobre las festividades patrias de Guatemala. La independencia es un d\u00eda para conmemorar, recordar la lucha de los abuelos y seguir en la b\u00fasqueda de la libertad. Conmemorar Durante el mes de septiembre en Guatemala se conmemora y celebra la independencia a trav\u00e9s de actividades; Madelyn Toyom actual Rabin Ajaw comparte su sentir y pensar sobre las festividades patrias de Guatemala como un recordatorio de lucha\" \/>\n\t\t<meta name=\"twitter:creator\" content=\"@SoyMigrante_com\" \/>\n\t\t<meta name=\"twitter:image\" content=\"https:\/\/soymigrante.com\/revista\/wp-content\/uploads\/2023\/09\/Madelyn-Toyom-originaria-de-Barranche-Totonicapan-fue-electa-como-Rabina-Ajaw-reina-indigena-nacional-tras-su-participacion-fue-recibida-con-un-acto-publico-y-una-ceremonia-maya-frente-a-Atanasio-Tzul.webp\" \/>\n\t\t<!-- All in One SEO Pro -->\r\n\t\t<title>La independencia es un d\u00eda para conmemorar y recordar la lucha de los abuelos: Rabin Ajau 2023<\/title>\n\n","aioseo_head_json":{"title":"La independencia es un d\u00eda para conmemorar y recordar la lucha de los abuelos: Rabin Ajau 2023","description":"Madelyn Toyom actual Rabin Ajaw comparte su sentir y pensar sobre las festividades patrias de Guatemala. La independencia es un d\u00eda para conmemorar, recordar la lucha de los abuelos y seguir en la b\u00fasqueda de la libertad. Conmemorar Durante el mes de septiembre en Guatemala se conmemora y celebra la independencia a trav\u00e9s de actividades; Madelyn Toyom actual Rabin Ajaw comparte su sentir y pensar sobre las festividades patrias de Guatemala como un recordatorio de lucha","canonical_url":"https:\/\/soymigrante.com\/revista\/la-independencia-es-un-dia-para-conmemorar-y-recordar-la-lucha-de-los-abuelos-rabin-ajau-2023\/","robots":"max-snippet:-1, max-image-preview:large, max-video-preview:-1","keywords":"","webmasterTools":{"miscellaneous":"&lt;link rel=\"preconnect\" href=\"https:\/\/fonts.googleapis.com\" crossorigin&gt;\n&lt;link rel=\"preconnect\" href=\"https:\/\/fonts.gstatic.com\" crossorigin&gt;"},"schema":null,"og:locale":"es_ES","og:site_name":"SoyMigrante.com REVISTA \u2013 Nuestra misi\u00f3n es reconocer y dignificar al migrante.","og:type":"article","og:title":"La independencia es un d\u00eda para conmemorar y recordar la lucha de los abuelos: Rabin Ajau 2023","og:description":"Madelyn Toyom actual Rabin Ajaw comparte su sentir y pensar sobre las festividades patrias de Guatemala. La independencia es un d\u00eda para conmemorar, recordar la lucha de los abuelos y seguir en la b\u00fasqueda de la libertad. Conmemorar Durante el mes de septiembre en Guatemala se conmemora y celebra la independencia a trav\u00e9s de actividades; Madelyn Toyom actual Rabin Ajaw comparte su sentir y pensar sobre las festividades patrias de Guatemala como un recordatorio de lucha","og:url":"https:\/\/soymigrante.com\/revista\/la-independencia-es-un-dia-para-conmemorar-y-recordar-la-lucha-de-los-abuelos-rabin-ajau-2023\/","og:image":"https:\/\/soymigrante.com\/revista\/wp-content\/uploads\/2023\/09\/Madelyn-Toyom-originaria-de-Barranche-Totonicapan-fue-electa-como-Rabina-Ajaw-reina-indigena-nacional-tras-su-participacion-fue-recibida-con-un-acto-publico-y-una-ceremonia-maya-frente-a-Atanasio-Tzul.webp","og:image:secure_url":"https:\/\/soymigrante.com\/revista\/wp-content\/uploads\/2023\/09\/Madelyn-Toyom-originaria-de-Barranche-Totonicapan-fue-electa-como-Rabina-Ajaw-reina-indigena-nacional-tras-su-participacion-fue-recibida-con-un-acto-publico-y-una-ceremonia-maya-frente-a-Atanasio-Tzul.webp","og:image:width":1280,"og:image:height":1280,"article:published_time":"2023-09-14T23:35:24+00:00","article:modified_time":"2024-07-30T17:16:35+00:00","article:publisher":"https:\/\/www.facebook.com\/soymigrantecom","twitter:card":"summary_large_image","twitter:site":"@SoyMigrante_com","twitter:title":"La independencia es un d\u00eda para conmemorar y recordar la lucha de los abuelos: Rabin Ajau 2023","twitter:description":"Madelyn Toyom actual Rabin Ajaw comparte su sentir y pensar sobre las festividades patrias de Guatemala. La independencia es un d\u00eda para conmemorar, recordar la lucha de los abuelos y seguir en la b\u00fasqueda de la libertad. Conmemorar Durante el mes de septiembre en Guatemala se conmemora y celebra la independencia a trav\u00e9s de actividades; Madelyn Toyom actual Rabin Ajaw comparte su sentir y pensar sobre las festividades patrias de Guatemala como un recordatorio de lucha","twitter:creator":"@SoyMigrante_com","twitter:image":"https:\/\/soymigrante.com\/revista\/wp-content\/uploads\/2023\/09\/Madelyn-Toyom-originaria-de-Barranche-Totonicapan-fue-electa-como-Rabina-Ajaw-reina-indigena-nacional-tras-su-participacion-fue-recibida-con-un-acto-publico-y-una-ceremonia-maya-frente-a-Atanasio-Tzul.webp"},"aioseo_meta_data":{"post_id":"2591","title":null,"description":"#post_excerpt Madelyn Toyom actual Rabin Ajaw comparte su sentir y pensar sobre las festividades patrias de Guatemala como un recordatorio de lucha","keywords":[],"keyphrases":{"focus":{"keyphrase":"abuelos","score":60,"analysis":{"keyphraseInTitle":{"score":9,"maxScore":9,"error":0},"keyphraseInDescription":{"score":9,"maxScore":9,"error":0},"keyphraseLength":{"score":9,"maxScore":9,"error":0,"length":1},"keyphraseInURL":{"score":5,"maxScore":5,"error":0},"keyphraseInIntroduction":{"score":3,"maxScore":9,"error":1},"keyphraseInSubHeadings":{"score":3,"maxScore":9,"error":1},"keyphraseInImageAlt":{"score":3,"maxScore":9,"error":1},"keywordDensity":{"score":0,"type":"low","maxScore":9,"error":1}}},"additional":[]},"primary_term":null,"canonical_url":null,"og_title":null,"og_description":null,"og_object_type":"default","og_image_type":"default","og_image_url":null,"og_image_width":null,"og_image_height":null,"og_image_custom_url":null,"og_image_custom_fields":null,"og_video":"","og_custom_url":null,"og_article_section":null,"og_article_tags":[],"twitter_use_og":false,"twitter_card":"default","twitter_image_type":"default","twitter_image_url":null,"twitter_image_custom_url":null,"twitter_image_custom_fields":null,"twitter_title":null,"twitter_description":null,"schema":{"blockGraphs":[],"customGraphs":[],"default":{"data":{"Article":[],"Course":[],"Dataset":[],"FAQPage":[],"Movie":[],"Person":[],"Product":[],"ProductReview":[],"Car":[],"Recipe":[],"Service":[],"SoftwareApplication":[],"WebPage":[]},"graphName":"BlogPosting","isEnabled":true},"graphs":[]},"schema_type":"default","schema_type_options":null,"pillar_content":false,"robots_default":true,"robots_noindex":false,"robots_noarchive":false,"robots_nosnippet":false,"robots_nofollow":false,"robots_noimageindex":false,"robots_noodp":false,"robots_notranslate":false,"robots_max_snippet":"-1","robots_max_videopreview":"-1","robots_max_imagepreview":"large","priority":null,"frequency":"default","local_seo":null,"seo_analyzer_scan_date":"2025-10-08 20:24:17","breadcrumb_settings":null,"limit_modified_date":false,"reviewed_by":null,"open_ai":null,"ai":null,"created":"2023-09-14 06:36:25","updated":"2026-02-04 09:40:45"},"aioseo_breadcrumb":"<div class=\"aioseo-breadcrumbs\"><span class=\"aioseo-breadcrumb\">\n\t<a href=\"https:\/\/soymigrante.com\/revista\" title=\"Home\">Home<\/a>\n<\/span><span class=\"aioseo-breadcrumb-separator\">\u00bb<\/span><span class=\"aioseo-breadcrumb\">\n\t<a href=\"https:\/\/soymigrante.com\/revista\/category\/guate-nuestra\/\" title=\"Guate Nuestra\">Guate Nuestra<\/a>\n<\/span><span class=\"aioseo-breadcrumb-separator\">\u00bb<\/span><span class=\"aioseo-breadcrumb\">\n\tLa independencia es un d\u00eda para conmemorar y recordar la lucha de los abuelos: Rabin Ajau 2023\n<\/span><\/div>","aioseo_breadcrumb_json":[{"label":"Home","link":"https:\/\/soymigrante.com\/revista"},{"label":"Guate Nuestra","link":"https:\/\/soymigrante.com\/revista\/category\/guate-nuestra\/"},{"label":"La independencia es un d\u00eda para conmemorar y recordar la lucha de los abuelos: Rabin Ajau 2023","link":"https:\/\/soymigrante.com\/revista\/la-independencia-es-un-dia-para-conmemorar-y-recordar-la-lucha-de-los-abuelos-rabin-ajau-2023\/"}],"_links":{"self":[{"href":"https:\/\/soymigrante.com\/revista\/wp-json\/wp\/v2\/posts\/2591","targetHints":{"allow":["GET"]}}],"collection":[{"href":"https:\/\/soymigrante.com\/revista\/wp-json\/wp\/v2\/posts"}],"about":[{"href":"https:\/\/soymigrante.com\/revista\/wp-json\/wp\/v2\/types\/post"}],"author":[{"embeddable":true,"href":"https:\/\/soymigrante.com\/revista\/wp-json\/wp\/v2\/users\/10"}],"replies":[{"embeddable":true,"href":"https:\/\/soymigrante.com\/revista\/wp-json\/wp\/v2\/comments?post=2591"}],"version-history":[{"count":0,"href":"https:\/\/soymigrante.com\/revista\/wp-json\/wp\/v2\/posts\/2591\/revisions"}],"wp:featuredmedia":[{"embeddable":true,"href":"https:\/\/soymigrante.com\/revista\/wp-json\/wp\/v2\/media\/2596"}],"wp:attachment":[{"href":"https:\/\/soymigrante.com\/revista\/wp-json\/wp\/v2\/media?parent=2591"}],"wp:term":[{"taxonomy":"category","embeddable":true,"href":"https:\/\/soymigrante.com\/revista\/wp-json\/wp\/v2\/categories?post=2591"},{"taxonomy":"post_tag","embeddable":true,"href":"https:\/\/soymigrante.com\/revista\/wp-json\/wp\/v2\/tags?post=2591"}],"curies":[{"name":"wp","href":"https:\/\/api.w.org\/{rel}","templated":true}]}}