{"id":2581,"date":"2023-09-13T15:37:02","date_gmt":"2023-09-13T15:37:02","guid":{"rendered":"https:\/\/soymigrante.com\/revista\/?p=2581"},"modified":"2026-02-06T14:27:17","modified_gmt":"2026-02-06T20:27:17","slug":"guatemala-danza-yancunu-es-un-baile-garifuna-que-evoca-a-un-pueblo-migrante-en-lucha-por-su-libertad","status":"publish","type":"post","link":"https:\/\/soymigrante.com\/revista\/guatemala-danza-yancunu-es-un-baile-garifuna-que-evoca-a-un-pueblo-migrante-en-lucha-por-su-libertad\/","title":{"rendered":"Danzas de Guatemala: Yancun\u00fa es un baile gar\u00edfuna para expresar libertad"},"content":{"rendered":"\t\t<div data-elementor-type=\"wp-post\" data-elementor-id=\"2581\" class=\"elementor elementor-2581\" data-elementor-post-type=\"post\">\n\t\t\t\t\t\t<section data-particle_enable=\"false\" data-particle-mobile-disabled=\"false\" class=\"elementor-section elementor-top-section elementor-element elementor-element-14f11010 elementor-section-boxed elementor-section-height-default elementor-section-height-default\" data-id=\"14f11010\" data-element_type=\"section\" data-e-type=\"section\">\n\t\t\t\t\t\t<div class=\"elementor-container elementor-column-gap-default\">\n\t\t\t\t\t<div class=\"elementor-column elementor-col-100 elementor-top-column elementor-element elementor-element-eb14744\" data-id=\"eb14744\" data-element_type=\"column\" data-e-type=\"column\">\n\t\t\t<div class=\"elementor-widget-wrap elementor-element-populated\">\n\t\t\t\t\t\t<div class=\"elementor-element elementor-element-2538339f elementor-widget elementor-widget-heading\" data-id=\"2538339f\" data-element_type=\"widget\" data-e-type=\"widget\" data-widget_type=\"heading.default\">\n\t\t\t\t\t<h1 class=\"elementor-heading-title elementor-size-default\">La cultura de Guatemala integra cuatro grandes pueblos: ladinos, mayas, xincas y gar\u00edfunas. Los afrodescendientes habitan en L\u00edvingston, Izabal, de donde han migrado a todo el pa\u00eds y a Estados Unidos. Yancun\u00fa es una danza de batalla que evoca su esp\u00edritu libre.<\/h1>\t\t\t\t<\/div>\n\t\t\t\t<div class=\"elementor-element elementor-element-67fcde5 elementor-widget elementor-widget-html\" data-id=\"67fcde5\" data-element_type=\"widget\" data-e-type=\"widget\" data-widget_type=\"html.default\">\n\t\t\t\t\t<div id=\"buzzsprout-player-18637678\"><\/div><script src=\"https:\/\/www.buzzsprout.com\/2444168\/episodes\/18637678-danzas-de-guatemala-el-baile-garifuna-yancunu.js?container_id=buzzsprout-player-18637678&player=small\" type=\"text\/javascript\" charset=\"utf-8\"><\/script>\t\t\t\t<\/div>\n\t\t\t\t\t<\/div>\n\t\t<\/div>\n\t\t\t\t\t<\/div>\n\t\t<\/section>\n\t\t<div data-particle_enable=\"false\" data-particle-mobile-disabled=\"false\" class=\"elementor-element elementor-element-41161f2 e-flex e-con-boxed e-con e-parent\" data-id=\"41161f2\" data-element_type=\"container\" data-e-type=\"container\">\n\t\t\t\t\t<div class=\"e-con-inner\">\n\t\t\t\t<div class=\"elementor-element elementor-element-75a6032 elementor-widget elementor-widget-text-editor\" data-id=\"75a6032\" data-element_type=\"widget\" data-e-type=\"widget\" data-widget_type=\"text-editor.default\">\n\t\t\t\t\t\t\t\t\t<p>Con dignidad se conmemora una llegada y un anhelo de libertad a trav\u00e9s de la danza: es el pueblo gar\u00edfuna, que se extiende por Guatemala, Honduras, Belice y tambi\u00e9n Estados Unidos, el que protagoniza una danza ceremonial y a la vez hist\u00f3rica: el Yancun\u00fa.<\/p><p>Suele representarse durante la fiesta anual de fundaci\u00f3n de La Buga, nombre gar\u00edfuna de L\u00edvingston, Izabal, sobre el mar Caribe guatemalteco.\u00a0<\/p>\t\t\t\t\t\t\t\t<\/div>\n\t\t\t\t\t<\/div>\n\t\t\t\t<\/div>\n\t\t\t\t<section data-particle_enable=\"false\" data-particle-mobile-disabled=\"false\" class=\"elementor-section elementor-top-section elementor-element elementor-element-2371e4c2 elementor-section-boxed elementor-section-height-default elementor-section-height-default\" data-id=\"2371e4c2\" data-element_type=\"section\" data-e-type=\"section\">\n\t\t\t\t\t\t<div class=\"elementor-container elementor-column-gap-default\">\n\t\t\t\t\t<div class=\"elementor-column elementor-col-100 elementor-top-column elementor-element elementor-element-77c443da\" data-id=\"77c443da\" data-element_type=\"column\" data-e-type=\"column\">\n\t\t\t<div class=\"elementor-widget-wrap elementor-element-populated\">\n\t\t\t\t\t\t<div class=\"elementor-element elementor-element-507ec4b elementor-widget elementor-widget-image\" data-id=\"507ec4b\" data-element_type=\"widget\" data-e-type=\"widget\" data-widget_type=\"image.default\">\n\t\t\t\t\t\t\t\t\t\t\t\t<figure class=\"wp-caption\">\n\t\t\t\t\t\t\t\t\t\t<img fetchpriority=\"high\" decoding=\"async\" width=\"1024\" height=\"683\" src=\"https:\/\/soymigrante.com\/revista\/wp-content\/uploads\/2023\/09\/yancunu-futo-de-juan-c.-sanchez-facebook-1024x683.webp\" class=\"attachment-large size-large wp-image-2586\" alt=\"La danza Yancun\u00fa se presenta en L\u00edvingston Izabal para la conmemoraci\u00f3n de la llegada de los ancestros, cada 26 de noviembre y tambi\u00e9n para celebrar la llegada del A\u00f1o Nuevo. (Fotograf\u00eda del facebook de Juan C. S\u00e1nchez, publicada con fines educativos y de difusi\u00f3n cultural)\" srcset=\"https:\/\/soymigrante.com\/revista\/wp-content\/uploads\/2023\/09\/yancunu-futo-de-juan-c.-sanchez-facebook-1024x683.webp 1024w, https:\/\/soymigrante.com\/revista\/wp-content\/uploads\/2023\/09\/yancunu-futo-de-juan-c.-sanchez-facebook-300x200.webp 300w, https:\/\/soymigrante.com\/revista\/wp-content\/uploads\/2023\/09\/yancunu-futo-de-juan-c.-sanchez-facebook-768x512.webp 768w, https:\/\/soymigrante.com\/revista\/wp-content\/uploads\/2023\/09\/yancunu-futo-de-juan-c.-sanchez-facebook-1536x1024.webp 1536w, https:\/\/soymigrante.com\/revista\/wp-content\/uploads\/2023\/09\/yancunu-futo-de-juan-c.-sanchez-facebook-750x500.webp 750w, https:\/\/soymigrante.com\/revista\/wp-content\/uploads\/2023\/09\/yancunu-futo-de-juan-c.-sanchez-facebook-1140x760.webp 1140w, https:\/\/soymigrante.com\/revista\/wp-content\/uploads\/2023\/09\/yancunu-futo-de-juan-c.-sanchez-facebook-600x400.webp 600w, https:\/\/soymigrante.com\/revista\/wp-content\/uploads\/2023\/09\/yancunu-futo-de-juan-c.-sanchez-facebook.webp 1602w\" sizes=\"(max-width: 1024px) 100vw, 1024px\" title=\"La danza Yancun\u00fa se presenta en L\u00edvingston Izabal para la conmemoraci\u00f3n de la llegada de los ancestros, cada 26 de noviembre y tambi\u00e9n para celebrar la llegada del A\u00f1o Nuevo. (Fotograf\u00eda del facebook de Juan C. S\u00e1nchez, publicada con fines educativos y de difusi\u00f3n cultural) \u2013 SoyMigrante.com REVISTA\" \/>\t\t\t\t\t\t\t\t\t\t\t<figcaption class=\"widget-image-caption wp-caption-text\">La danza Yancun\u00fa se presenta en L\u00edvingston Izabal para la conmemoraci\u00f3n de la llegada de los ancestros, cada 26 de noviembre y tambi\u00e9n para celebrar la llegada del A\u00f1o Nuevo. (Fotograf\u00eda del facebook de Juan C. S\u00e1nchez, publicada con fines educativos y de difusi\u00f3n cultural)<\/figcaption>\n\t\t\t\t\t\t\t\t\t\t<\/figure>\n\t\t\t\t\t\t\t\t\t<\/div>\n\t\t\t\t\t<\/div>\n\t\t<\/div>\n\t\t\t\t\t<\/div>\n\t\t<\/section>\n\t\t\t\t<section data-particle_enable=\"false\" data-particle-mobile-disabled=\"false\" class=\"elementor-section elementor-top-section elementor-element elementor-element-1ee3c2b6 elementor-section-boxed elementor-section-height-default elementor-section-height-default\" data-id=\"1ee3c2b6\" data-element_type=\"section\" data-e-type=\"section\">\n\t\t\t\t\t\t<div class=\"elementor-container elementor-column-gap-default\">\n\t\t\t\t\t<div class=\"elementor-column elementor-col-100 elementor-top-column elementor-element elementor-element-1e0507d5\" data-id=\"1e0507d5\" data-element_type=\"column\" data-e-type=\"column\">\n\t\t\t<div class=\"elementor-widget-wrap elementor-element-populated\">\n\t\t\t\t\t\t<div class=\"elementor-element elementor-element-54df9391 elementor-widget elementor-widget-heading\" data-id=\"54df9391\" data-element_type=\"widget\" data-e-type=\"widget\" data-widget_type=\"heading.default\">\n\t\t\t\t\t<h2 class=\"elementor-heading-title elementor-size-default\">Un pueblo siempre libre <\/h2>\t\t\t\t<\/div>\n\t\t\t\t\t<\/div>\n\t\t<\/div>\n\t\t\t\t\t<\/div>\n\t\t<\/section>\n\t\t\t\t<section data-particle_enable=\"false\" data-particle-mobile-disabled=\"false\" class=\"elementor-section elementor-top-section elementor-element elementor-element-45a0e70a elementor-section-boxed elementor-section-height-default elementor-section-height-default\" data-id=\"45a0e70a\" data-element_type=\"section\" data-e-type=\"section\">\n\t\t\t\t\t\t<div class=\"elementor-container elementor-column-gap-default\">\n\t\t\t\t\t<div class=\"elementor-column elementor-col-100 elementor-top-column elementor-element elementor-element-3247d443\" data-id=\"3247d443\" data-element_type=\"column\" data-e-type=\"column\">\n\t\t\t<div class=\"elementor-widget-wrap elementor-element-populated\">\n\t\t\t\t\t\t<div class=\"elementor-element elementor-element-4451cecd elementor-widget elementor-widget-text-editor\" data-id=\"4451cecd\" data-element_type=\"widget\" data-e-type=\"widget\" data-widget_type=\"text-editor.default\">\n\t\t\t\t\t\t\t\t\t<p>Cada 26 de noviembre, el pueblo gar\u00edfuna conmemora la llegada de los primeros pobladores al \u00e1rea de L\u00edvingston, Izabal, denominado La Buga, pero tambi\u00e9n a toda la regi\u00f3n caribe\u00f1a de Centro Am\u00e9rica.\u00a0<\/p><p><span style=\"color: var( --e-global-color-text ); background-color: var(--ak-bg-color);\">Los gar\u00edfunas se precian de nunca haber sido esclavos. Sus ancestros, provenientes de \u00c1frica, lograron llegar a la isla de San Vicente, hacia 1635. Se unieron con los ind\u00edgenas locales, pero ante los \u00edmpetus colonialistas migraron de all\u00ed en busca de tierra firme. As\u00ed fue como llegaron a las costas de Guatemala y Honduras.<\/span><\/p><p><span style=\"color: var( --e-global-color-text ); background-color: var(--ak-bg-color);\">La danza de Yancun\u00fa representa las batallas que sostuvieron para conservar su libertad. Los bailarines se visten con atuendos de mujer, no como una falta de respeto, sino porque esa fue la estrategia para enga\u00f1ar al enemigo. Cuando este intentaba abusar de las f\u00e9minas, se encontraban con formidables guerreros que les plantaban batalla.\u00a0<\/span><\/p>\t\t\t\t\t\t\t\t<\/div>\n\t\t\t\t\t<\/div>\n\t\t<\/div>\n\t\t\t\t\t<\/div>\n\t\t<\/section>\n\t\t\t\t<section data-particle_enable=\"false\" data-particle-mobile-disabled=\"false\" class=\"elementor-section elementor-top-section elementor-element elementor-element-2e47e09d elementor-section-boxed elementor-section-height-default elementor-section-height-default\" data-id=\"2e47e09d\" data-element_type=\"section\" data-e-type=\"section\">\n\t\t\t\t\t\t<div class=\"elementor-container elementor-column-gap-default\">\n\t\t\t\t\t<div class=\"elementor-column elementor-col-100 elementor-top-column elementor-element elementor-element-53016d53\" data-id=\"53016d53\" data-element_type=\"column\" data-e-type=\"column\">\n\t\t\t<div class=\"elementor-widget-wrap elementor-element-populated\">\n\t\t\t\t\t\t<div class=\"elementor-element elementor-element-14d57202 elementor-invisible elementor-widget elementor-widget-image\" data-id=\"14d57202\" data-element_type=\"widget\" data-e-type=\"widget\" data-settings=\"{&quot;motion_fx_motion_fx_mouse&quot;:&quot;yes&quot;,&quot;_animation&quot;:&quot;fadeInUp&quot;}\" data-widget_type=\"image.default\">\n\t\t\t\t\t\t\t\t\t\t\t\t<figure class=\"wp-caption\">\n\t\t\t\t\t\t\t\t\t\t<img decoding=\"async\" width=\"1024\" height=\"630\" src=\"https:\/\/soymigrante.com\/revista\/wp-content\/uploads\/2023\/09\/Captura-de-pantalla-2023-09-13-083742-1024x630.webp\" class=\"attachment-large size-large wp-image-2589\" alt=\"Seg\u00fan la tradici\u00f3n, los guerreros gar\u00edfunas se disfrazaban con prendas femeninas para enga\u00f1ar al enemigo, quien cre\u00eda atacar a v\u00edctimas indefensas, pero se encontraba con fuertes guerreros (Captura de pantalla de una celebraci\u00f3n de A\u00f1o Nuevo)\" srcset=\"https:\/\/soymigrante.com\/revista\/wp-content\/uploads\/2023\/09\/Captura-de-pantalla-2023-09-13-083742-1024x630.webp 1024w, https:\/\/soymigrante.com\/revista\/wp-content\/uploads\/2023\/09\/Captura-de-pantalla-2023-09-13-083742-300x185.webp 300w, https:\/\/soymigrante.com\/revista\/wp-content\/uploads\/2023\/09\/Captura-de-pantalla-2023-09-13-083742-768x473.webp 768w, https:\/\/soymigrante.com\/revista\/wp-content\/uploads\/2023\/09\/Captura-de-pantalla-2023-09-13-083742-1536x945.webp 1536w, https:\/\/soymigrante.com\/revista\/wp-content\/uploads\/2023\/09\/Captura-de-pantalla-2023-09-13-083742-750x462.webp 750w, https:\/\/soymigrante.com\/revista\/wp-content\/uploads\/2023\/09\/Captura-de-pantalla-2023-09-13-083742-1140x702.webp 1140w, https:\/\/soymigrante.com\/revista\/wp-content\/uploads\/2023\/09\/Captura-de-pantalla-2023-09-13-083742.webp 1701w\" sizes=\"(max-width: 1024px) 100vw, 1024px\" title=\"Seg\u00fan la tradici\u00f3n, los guerreros gar\u00edfunas se disfrazaban con prendas femeninas para enga\u00f1ar al enemigo, quien cre\u00eda atacar a v\u00edctimas indefensas, pero se encontraba con fuertes guerreros (Captura de pantalla de una celebraci\u00f3n de A\u00f1o Nuevo) \u2013 SoyMigrante.com REVISTA\" \/>\t\t\t\t\t\t\t\t\t\t\t<figcaption class=\"widget-image-caption wp-caption-text\">Seg\u00fan la tradici\u00f3n, los guerreros gar\u00edfunas se disfrazaban con prendas femeninas para enga\u00f1ar al enemigo, quien cre\u00eda atacar a v\u00edctimas indefensas, pero se encontraba con fuertes guerreros (Captura de pantalla de una celebraci\u00f3n de A\u00f1o Nuevo)<\/figcaption>\n\t\t\t\t\t\t\t\t\t\t<\/figure>\n\t\t\t\t\t\t\t\t\t<\/div>\n\t\t\t\t\t<\/div>\n\t\t<\/div>\n\t\t\t\t\t<\/div>\n\t\t<\/section>\n\t\t\t\t<section data-particle_enable=\"false\" data-particle-mobile-disabled=\"false\" class=\"elementor-section elementor-top-section elementor-element elementor-element-54c9354f elementor-section-boxed elementor-section-height-default elementor-section-height-default\" data-id=\"54c9354f\" data-element_type=\"section\" data-e-type=\"section\">\n\t\t\t\t\t\t<div class=\"elementor-container elementor-column-gap-default\">\n\t\t\t\t\t<div class=\"elementor-column elementor-col-100 elementor-top-column elementor-element elementor-element-4ce8a81\" data-id=\"4ce8a81\" data-element_type=\"column\" data-e-type=\"column\">\n\t\t\t<div class=\"elementor-widget-wrap elementor-element-populated\">\n\t\t\t\t\t\t<div class=\"elementor-element elementor-element-191c4c2b elementor-widget elementor-widget-heading\" data-id=\"191c4c2b\" data-element_type=\"widget\" data-e-type=\"widget\" data-widget_type=\"heading.default\">\n\t\t\t\t\t<h2 class=\"elementor-heading-title elementor-size-default\">Un ritual de fortaleza cultural <\/h2>\t\t\t\t<\/div>\n\t\t\t\t\t<\/div>\n\t\t<\/div>\n\t\t\t\t\t<\/div>\n\t\t<\/section>\n\t\t\t\t<section data-particle_enable=\"false\" data-particle-mobile-disabled=\"false\" class=\"elementor-section elementor-top-section elementor-element elementor-element-38e1b4b1 elementor-section-boxed elementor-section-height-default elementor-section-height-default\" data-id=\"38e1b4b1\" data-element_type=\"section\" data-e-type=\"section\">\n\t\t\t\t\t\t<div class=\"elementor-container elementor-column-gap-default\">\n\t\t\t\t\t<div class=\"elementor-column elementor-col-100 elementor-top-column elementor-element elementor-element-29b4417b\" data-id=\"29b4417b\" data-element_type=\"column\" data-e-type=\"column\">\n\t\t\t<div class=\"elementor-widget-wrap elementor-element-populated\">\n\t\t\t\t\t\t<div class=\"elementor-element elementor-element-4ffa87f8 elementor-widget elementor-widget-text-editor\" data-id=\"4ffa87f8\" data-element_type=\"widget\" data-e-type=\"widget\" data-widget_type=\"text-editor.default\">\n\t\t\t\t\t\t\t\t\t<p>Varones gar\u00edfunas efect\u00faan \u00e1giles pasos al son de percusiones, como un homenaje a los abuelos fundadores y defensores de su identidad.\u00a0 Utilizan m\u00e1scaras y se cubren la cabeza como parte de la escenificaci\u00f3n de duras batallas.<\/p><p>Esta danza es representada en comunidades gar\u00edfunas de Honduras, Guatemala, Belice y Estados Unidos. Tambi\u00e9n se le conoce como &#8220;Wuan\u00e1ragua&#8221; o &#8220;Baile de los m\u00e1scaros&#8221;. El grupo de m\u00fasicos y bailarines va por varias casas del pueblo presentando momentos de la \u00e9pica batalla.<\/p>\t\t\t\t\t\t\t\t<\/div>\n\t\t\t\t\t<\/div>\n\t\t<\/div>\n\t\t\t\t\t<\/div>\n\t\t<\/section>\n\t\t\t\t<section data-particle_enable=\"false\" data-particle-mobile-disabled=\"false\" class=\"elementor-section elementor-top-section elementor-element elementor-element-43185b43 elementor-section-boxed elementor-section-height-default elementor-section-height-default\" data-id=\"43185b43\" data-element_type=\"section\" data-e-type=\"section\">\n\t\t\t\t\t\t<div class=\"elementor-container elementor-column-gap-default\">\n\t\t\t\t\t<div class=\"elementor-column elementor-col-100 elementor-top-column elementor-element elementor-element-3ba3a993\" data-id=\"3ba3a993\" data-element_type=\"column\" data-e-type=\"column\">\n\t\t\t<div class=\"elementor-widget-wrap elementor-element-populated\">\n\t\t\t\t\t\t<div class=\"elementor-element elementor-element-2c7b0d55 elementor-widget elementor-widget-image\" data-id=\"2c7b0d55\" data-element_type=\"widget\" data-e-type=\"widget\" data-widget_type=\"image.default\">\n\t\t\t\t\t\t\t\t\t\t\t\t<figure class=\"wp-caption\">\n\t\t\t\t\t\t\t\t\t\t<img decoding=\"async\" width=\"1024\" height=\"576\" src=\"https:\/\/soymigrante.com\/revista\/wp-content\/uploads\/2023\/09\/Captura-de-pantalla-2023-09-13-083701-1024x576.webp\" class=\"attachment-large size-large wp-image-2590\" alt=\"Es cada bailador quien crea el ritmo que el percusionista debe seguir: uno de los rasgos distintivos del Yancun\u00fa. (Fotograf\u00eda captura de pantalla de una representaci\u00f3n de esta danza con motivo del A\u00f1o Nuevo)\" srcset=\"https:\/\/soymigrante.com\/revista\/wp-content\/uploads\/2023\/09\/Captura-de-pantalla-2023-09-13-083701-1024x576.webp 1024w, https:\/\/soymigrante.com\/revista\/wp-content\/uploads\/2023\/09\/Captura-de-pantalla-2023-09-13-083701-300x169.webp 300w, https:\/\/soymigrante.com\/revista\/wp-content\/uploads\/2023\/09\/Captura-de-pantalla-2023-09-13-083701-768x432.webp 768w, https:\/\/soymigrante.com\/revista\/wp-content\/uploads\/2023\/09\/Captura-de-pantalla-2023-09-13-083701-1536x864.webp 1536w, https:\/\/soymigrante.com\/revista\/wp-content\/uploads\/2023\/09\/Captura-de-pantalla-2023-09-13-083701-750x422.webp 750w, https:\/\/soymigrante.com\/revista\/wp-content\/uploads\/2023\/09\/Captura-de-pantalla-2023-09-13-083701-1140x641.webp 1140w, https:\/\/soymigrante.com\/revista\/wp-content\/uploads\/2023\/09\/Captura-de-pantalla-2023-09-13-083701.webp 1920w\" sizes=\"(max-width: 1024px) 100vw, 1024px\" title=\"Es cada bailador quien crea el ritmo que el percusionista debe seguir: uno de los rasgos distintivos del Yancun\u00fa. (Fotograf\u00eda captura de pantalla de una representaci\u00f3n de esta danza con motivo del A\u00f1o Nuevo) \u2013 SoyMigrante.com REVISTA\" \/>\t\t\t\t\t\t\t\t\t\t\t<figcaption class=\"widget-image-caption wp-caption-text\">Es cada bailador quien crea el ritmo que el percusionista debe seguir: uno de los rasgos distintivos del Yancun\u00fa. (Fotograf\u00eda captura de pantalla de una representaci\u00f3n de esta danza con motivo del A\u00f1o Nuevo)<\/figcaption>\n\t\t\t\t\t\t\t\t\t\t<\/figure>\n\t\t\t\t\t\t\t\t\t<\/div>\n\t\t\t\t\t<\/div>\n\t\t<\/div>\n\t\t\t\t\t<\/div>\n\t\t<\/section>\n\t\t\t\t<section data-particle_enable=\"false\" data-particle-mobile-disabled=\"false\" class=\"elementor-section elementor-top-section elementor-element elementor-element-5ffc7459 elementor-section-boxed elementor-section-height-default elementor-section-height-default\" data-id=\"5ffc7459\" data-element_type=\"section\" data-e-type=\"section\">\n\t\t\t\t\t\t<div class=\"elementor-container elementor-column-gap-default\">\n\t\t\t\t\t<div class=\"elementor-column elementor-col-100 elementor-top-column elementor-element elementor-element-132a67f1\" data-id=\"132a67f1\" data-element_type=\"column\" data-e-type=\"column\">\n\t\t\t<div class=\"elementor-widget-wrap elementor-element-populated\">\n\t\t\t\t\t\t<div class=\"elementor-element elementor-element-67a490dd elementor-widget elementor-widget-heading\" data-id=\"67a490dd\" data-element_type=\"widget\" data-e-type=\"widget\" data-widget_type=\"heading.default\">\n\t\t\t\t\t<h2 class=\"elementor-heading-title elementor-size-default\">Bailar\u00edn marca la percusi\u00f3n <\/h2>\t\t\t\t<\/div>\n\t\t\t\t\t<\/div>\n\t\t<\/div>\n\t\t\t\t\t<\/div>\n\t\t<\/section>\n\t\t\t\t<section data-particle_enable=\"false\" data-particle-mobile-disabled=\"false\" class=\"elementor-section elementor-top-section elementor-element elementor-element-56292a39 elementor-section-boxed elementor-section-height-default elementor-section-height-default\" data-id=\"56292a39\" data-element_type=\"section\" data-e-type=\"section\">\n\t\t\t\t\t\t<div class=\"elementor-container elementor-column-gap-default\">\n\t\t\t\t\t<div class=\"elementor-column elementor-col-100 elementor-top-column elementor-element elementor-element-11273db5\" data-id=\"11273db5\" data-element_type=\"column\" data-e-type=\"column\">\n\t\t\t<div class=\"elementor-widget-wrap elementor-element-populated\">\n\t\t\t\t\t\t<div class=\"elementor-element elementor-element-4ecd0dab elementor-widget elementor-widget-text-editor\" data-id=\"4ecd0dab\" data-element_type=\"widget\" data-e-type=\"widget\" data-widget_type=\"text-editor.default\">\n\t\t\t\t\t\t\t\t\t<p>En muchas danzas lo usual es que cada bailar\u00edn siga el ritmo de la m\u00fasica o la percusi\u00f3n. En el caso del Yancun\u00fa ocurre al contrario: el tamborero se fija atentamente en los pasos de cada danzar\u00edn. Si este no se mueve, no hay sonido.<\/p><p>De alguna forma esto tambi\u00e9n representa el ansia de libertad y la actitud de los gar\u00edfuna de trazar su propio destino m\u00e1s all\u00e1 de cualquier limitaci\u00f3n.\u00a0 Los complicados pasos del baile son transmitidos de generaci\u00f3n en generaci\u00f3n. Aunque en algunos casos se han extra\u00eddo para generar otras formas de baile popular, el esp\u00edritu ceremonial y el respeto a la propia historia prevalecen en esta tradici\u00f3n.<\/p>\t\t\t\t\t\t\t\t<\/div>\n\t\t\t\t\t<\/div>\n\t\t<\/div>\n\t\t\t\t\t<\/div>\n\t\t<\/section>\n\t\t\t\t<section data-particle_enable=\"false\" data-particle-mobile-disabled=\"false\" class=\"elementor-section elementor-top-section elementor-element elementor-element-585a8528 elementor-section-boxed elementor-section-height-default elementor-section-height-default\" data-id=\"585a8528\" data-element_type=\"section\" data-e-type=\"section\">\n\t\t\t\t\t\t<div class=\"elementor-container elementor-column-gap-default\">\n\t\t\t\t\t<div class=\"elementor-column elementor-col-100 elementor-top-column elementor-element elementor-element-2f2bf45b\" data-id=\"2f2bf45b\" data-element_type=\"column\" data-e-type=\"column\">\n\t\t\t<div class=\"elementor-widget-wrap elementor-element-populated\">\n\t\t\t\t\t\t<div class=\"elementor-element elementor-element-cb3fb6a elementor-widget elementor-widget-image\" data-id=\"cb3fb6a\" data-element_type=\"widget\" data-e-type=\"widget\" data-widget_type=\"image.default\">\n\t\t\t\t\t\t\t\t\t\t\t\t<figure class=\"wp-caption\">\n\t\t\t\t\t\t\t\t\t\t<img loading=\"lazy\" decoding=\"async\" width=\"960\" height=\"540\" src=\"https:\/\/soymigrante.com\/revista\/wp-content\/uploads\/2023\/09\/yancunu-en-el-bronx-2020.jpg\" class=\"attachment-large size-large wp-image-2583\" alt=\"Baile de Yancun\u00fa o Wuaranagu\u00e1, en un parque de el barrio de el Bronx, Nueva York, efectuado en 2020.\" srcset=\"https:\/\/soymigrante.com\/revista\/wp-content\/uploads\/2023\/09\/yancunu-en-el-bronx-2020.jpg 960w, https:\/\/soymigrante.com\/revista\/wp-content\/uploads\/2023\/09\/yancunu-en-el-bronx-2020-300x169.webp 300w, https:\/\/soymigrante.com\/revista\/wp-content\/uploads\/2023\/09\/yancunu-en-el-bronx-2020-768x432.webp 768w, https:\/\/soymigrante.com\/revista\/wp-content\/uploads\/2023\/09\/yancunu-en-el-bronx-2020-750x422.webp 750w\" sizes=\"(max-width: 960px) 100vw, 960px\" title=\"Baile de Yancun\u00fa o Wuaranagu\u00e1, en un parque de el barrio de el Bronx, Nueva York, efectuado en 2020. \u2013 SoyMigrante.com REVISTA\" \/>\t\t\t\t\t\t\t\t\t\t\t<figcaption class=\"widget-image-caption wp-caption-text\">Baile de Yancun\u00fa o Wuaranagu\u00e1, en un parque de el barrio de el Bronx, Nueva York, efectuado en 2020.<\/figcaption>\n\t\t\t\t\t\t\t\t\t\t<\/figure>\n\t\t\t\t\t\t\t\t\t<\/div>\n\t\t\t\t\t<\/div>\n\t\t<\/div>\n\t\t\t\t\t<\/div>\n\t\t<\/section>\n\t\t\t\t<section data-particle_enable=\"false\" data-particle-mobile-disabled=\"false\" class=\"elementor-section elementor-top-section elementor-element elementor-element-6c676f9d elementor-section-boxed elementor-section-height-default elementor-section-height-default\" data-id=\"6c676f9d\" data-element_type=\"section\" data-e-type=\"section\">\n\t\t\t\t\t\t<div class=\"elementor-container elementor-column-gap-default\">\n\t\t\t\t\t<div class=\"elementor-column elementor-col-100 elementor-top-column elementor-element elementor-element-596de93e\" data-id=\"596de93e\" data-element_type=\"column\" data-e-type=\"column\">\n\t\t\t<div class=\"elementor-widget-wrap elementor-element-populated\">\n\t\t\t\t\t\t<div class=\"elementor-element elementor-element-6bb6d9f elementor-widget elementor-widget-heading\" data-id=\"6bb6d9f\" data-element_type=\"widget\" data-e-type=\"widget\" data-widget_type=\"heading.default\">\n\t\t\t\t\t<h2 class=\"elementor-heading-title elementor-size-default\">M\u00e1s all\u00e1 de las fronteras <\/h2>\t\t\t\t<\/div>\n\t\t\t\t\t<\/div>\n\t\t<\/div>\n\t\t\t\t\t<\/div>\n\t\t<\/section>\n\t\t\t\t<section data-particle_enable=\"false\" data-particle-mobile-disabled=\"false\" class=\"elementor-section elementor-top-section elementor-element elementor-element-f146b40 elementor-section-boxed elementor-section-height-default elementor-section-height-default\" data-id=\"f146b40\" data-element_type=\"section\" data-e-type=\"section\">\n\t\t\t\t\t\t<div class=\"elementor-container elementor-column-gap-default\">\n\t\t\t\t\t<div class=\"elementor-column elementor-col-100 elementor-top-column elementor-element elementor-element-3f088f7\" data-id=\"3f088f7\" data-element_type=\"column\" data-e-type=\"column\">\n\t\t\t<div class=\"elementor-widget-wrap\">\n\t\t\t\t\t\t\t<\/div>\n\t\t<\/div>\n\t\t\t\t\t<\/div>\n\t\t<\/section>\n\t\t\t\t<section data-particle_enable=\"false\" data-particle-mobile-disabled=\"false\" class=\"elementor-section elementor-top-section elementor-element elementor-element-3cae6cb0 elementor-section-boxed elementor-section-height-default elementor-section-height-default\" data-id=\"3cae6cb0\" data-element_type=\"section\" data-e-type=\"section\">\n\t\t\t\t\t\t<div class=\"elementor-container elementor-column-gap-default\">\n\t\t\t\t\t<div class=\"elementor-column elementor-col-100 elementor-top-column elementor-element elementor-element-7e5c2316\" data-id=\"7e5c2316\" data-element_type=\"column\" data-e-type=\"column\">\n\t\t\t<div class=\"elementor-widget-wrap elementor-element-populated\">\n\t\t\t\t\t\t<div class=\"elementor-element elementor-element-278ea3fc elementor-widget elementor-widget-text-editor\" data-id=\"278ea3fc\" data-element_type=\"widget\" data-e-type=\"widget\" data-widget_type=\"text-editor.default\">\n\t\t\t\t\t\t\t\t\t<p>La b\u00fasqueda de mejores oportunidades ha llevado a muchos gar\u00edfunas a migrar hacia otros departamentos de Guatemala pero tambi\u00e9n hacia Estados Unidos.<\/p><p>En el barrio de el Bronx, Nueva York, habita una nutrida colonia de gar\u00edfunas guatemaltecos, hondure\u00f1os y belice\u00f1os. Todos est\u00e1n unidos por la ra\u00edz com\u00fan surgida en aquel memorable 1802, tras la salida de la isla de San Vicente, en donde empez\u00f3 la lucha por su libertad.<\/p><p>En 2020, en un parque de la Gran Manzana se efectu\u00f3 una representaci\u00f3n del Yancun\u00fa, que muestra c\u00f3mo una identidad fuerte rebasa fronteras.<\/p>\t\t\t\t\t\t\t\t<\/div>\n\t\t\t\t\t<\/div>\n\t\t<\/div>\n\t\t\t\t\t<\/div>\n\t\t<\/section>\n\t\t\t\t<section data-particle_enable=\"false\" data-particle-mobile-disabled=\"false\" class=\"elementor-section elementor-top-section elementor-element elementor-element-1dbf5504 elementor-section-boxed elementor-section-height-default elementor-section-height-default\" data-id=\"1dbf5504\" data-element_type=\"section\" data-e-type=\"section\">\n\t\t\t\t\t\t<div class=\"elementor-container elementor-column-gap-default\">\n\t\t\t\t\t<div class=\"elementor-column elementor-col-100 elementor-top-column elementor-element elementor-element-58ec01cf\" data-id=\"58ec01cf\" data-element_type=\"column\" data-e-type=\"column\">\n\t\t\t<div class=\"elementor-widget-wrap elementor-element-populated\">\n\t\t\t\t\t\t<div class=\"elementor-element elementor-element-1685adec elementor-widget elementor-widget-video\" data-id=\"1685adec\" data-element_type=\"widget\" data-e-type=\"widget\" data-settings=\"{&quot;youtube_url&quot;:&quot;https:\\\/\\\/www.youtube.com\\\/watch?v=2hFtJ6iY_lQ&quot;,&quot;start&quot;:900,&quot;video_type&quot;:&quot;youtube&quot;,&quot;controls&quot;:&quot;yes&quot;}\" data-widget_type=\"video.default\">\n\t\t\t\t\t\t\t<div class=\"elementor-wrapper elementor-open-inline\">\n\t\t\t<div class=\"elementor-video\"><\/div>\t\t<\/div>\n\t\t\t\t\t\t<\/div>\n\t\t\t\t\t<\/div>\n\t\t<\/div>\n\t\t\t\t\t<\/div>\n\t\t<\/section>\n\t\t\t\t<section data-particle_enable=\"false\" data-particle-mobile-disabled=\"false\" class=\"elementor-section elementor-top-section elementor-element elementor-element-8eb7dc6 elementor-section-boxed elementor-section-height-default elementor-section-height-default\" data-id=\"8eb7dc6\" data-element_type=\"section\" data-e-type=\"section\">\n\t\t\t\t\t\t<div class=\"elementor-container elementor-column-gap-default\">\n\t\t\t\t\t<div class=\"elementor-column elementor-col-100 elementor-top-column elementor-element elementor-element-fc5b7e8\" data-id=\"fc5b7e8\" data-element_type=\"column\" data-e-type=\"column\">\n\t\t\t<div class=\"elementor-widget-wrap elementor-element-populated\">\n\t\t\t\t\t\t<div class=\"elementor-element elementor-element-5122059 elementor-widget elementor-widget-blfe-post-grid\" data-id=\"5122059\" data-element_type=\"widget\" data-e-type=\"widget\" data-settings=\"{&quot;columns&quot;:&quot;3&quot;,&quot;columns_tablet&quot;:&quot;6&quot;,&quot;columns_mobile&quot;:&quot;12&quot;,&quot;classic1_layout_column_gap&quot;:{&quot;unit&quot;:&quot;px&quot;,&quot;size&quot;:30,&quot;sizes&quot;:[]},&quot;classic1_layout_column_gap_tablet&quot;:{&quot;unit&quot;:&quot;px&quot;,&quot;size&quot;:&quot;&quot;,&quot;sizes&quot;:[]},&quot;classic1_layout_column_gap_mobile&quot;:{&quot;unit&quot;:&quot;px&quot;,&quot;size&quot;:&quot;&quot;,&quot;sizes&quot;:[]},&quot;classic1_layout_row_gap&quot;:{&quot;unit&quot;:&quot;px&quot;,&quot;size&quot;:30,&quot;sizes&quot;:[]},&quot;classic1_layout_row_gap_tablet&quot;:{&quot;unit&quot;:&quot;px&quot;,&quot;size&quot;:&quot;&quot;,&quot;sizes&quot;:[]},&quot;classic1_layout_row_gap_mobile&quot;:{&quot;unit&quot;:&quot;px&quot;,&quot;size&quot;:&quot;&quot;,&quot;sizes&quot;:[]}}\" data-widget_type=\"blfe-post-grid.classic1\">\n\t\t\t\t<div class=\"elementor-widget-container\">\n\t\t\t\t\t\n                        <div class=\"blfe-post-grid-container \">\n            \n                <div data-skin=\"classic1\" class=\"blfe-row blfe-posts-inner blfe-classic1 blfe-posts-inner blfe-col-3 blfe-col-tab-6 blfe-col-mob-12     \">\n                            <div class=\"blfe-post-grid-item \">\n            <div class=\"blfe-post-grid-item-inner blfe-modern-zoom\">\n                <a class=\"blfe-post-grid-image\" href=\"https:\/\/soymigrante.com\/revista\/migrante-hispana-se-hace-viral-al-utilizar-una-tarjeta-roja-conoce-tus-derechos-ante-agentes\/\" title=\"Migrante hispana se hace viral al utilizar una tarjeta roja Conoce tus Derechos, ante agentes\" rel=\"nofollow\" target=\"_blank\"><img decoding=\"async\" src=\"https:\/\/soymigrante.com\/revista\/wp-content\/uploads\/2026\/04\/tarjeta-roja.jpg\" alt=\"Migrante hispana se hace viral al utilizar una tarjeta roja Conoce tus Derechos, ante agentes\"\/><\/a>                <span class=\"blfe-post-category\"><a href=\"https:\/\/soymigrante.com\/revista\/category\/recursos-migratorios\/\">Recursos Migratorios<\/a><\/span>                <div class=\"blfe-post-grid-details\">\n                    <div class=\"blfe-post-grid-details-inner\">\n                        <h3 class=\"blfe-post-grid-title\">\n            <a href=\"https:\/\/soymigrante.com\/revista\/migrante-hispana-se-hace-viral-al-utilizar-una-tarjeta-roja-conoce-tus-derechos-ante-agentes\/\" title=\"Migrante hispana se hace viral al utilizar una tarjeta roja Conoce tus Derechos, ante agentes\" rel=\"nofollow\" target=\"_blank\">Migrante hispana se hace viral al utilizar una tarjeta roja Conoce tus Derechos, ante agentes<\/a>\n            <\/h3>                        <p class=\"blfe-post-grid-excerpt\">Video viral muestra a una migrante hispana que con respeto y legalidad respondi\u00f3 a un agente migratorio que intent\u00f3 interrogarla...<\/p>                                    <div class=\"blfe-post-grid-meta\">\n                <span class=\"blfe-post-grid-author\"><i class=\"fa fa-user far fa-user\"><\/i>by <a href=\"https:\/\/soymigrante.com\/revista\/author\/soymigrante\/\">SoyMigrante.com REVISTA<\/a><\/span><span class=\"blfe-post-grid-date\"><i class=\"fa fa-calendar-alt far fa-calendar-alt\"><\/i>17\/04\/2026<\/span>            <\/div>\n                                                        <\/div>\n                <\/div>\n\n            <\/div>\n        <\/div>\n                <div class=\"blfe-post-grid-item \">\n            <div class=\"blfe-post-grid-item-inner blfe-modern-zoom\">\n                <a class=\"blfe-post-grid-image\" href=\"https:\/\/soymigrante.com\/revista\/por-que-es-necesario-declarar-hasta-las-infracciones-de-transito-para-tramitar-residencia-o-ciudadania\/\" title=\"\u00bfPor qu\u00e9 es necesario declarar hasta las infracciones de tr\u00e1nsito para tramitar residencia o ciudadan\u00eda?\" rel=\"nofollow\" target=\"_blank\"><img decoding=\"async\" src=\"https:\/\/soymigrante.com\/revista\/wp-content\/uploads\/2026\/04\/a-red-light-on-and-a-traffic-police-ticket-in-a-windshield-at-us-street-1.jpg\" alt=\"\u00bfPor qu\u00e9 es necesario declarar hasta las infracciones de tr\u00e1nsito para tramitar residencia o ciudadan\u00eda?\"\/><\/a>                <span class=\"blfe-post-category\"><a href=\"https:\/\/soymigrante.com\/revista\/category\/recursos-migratorios\/\">Recursos Migratorios<\/a><\/span>                <div class=\"blfe-post-grid-details\">\n                    <div class=\"blfe-post-grid-details-inner\">\n                        <h3 class=\"blfe-post-grid-title\">\n            <a href=\"https:\/\/soymigrante.com\/revista\/por-que-es-necesario-declarar-hasta-las-infracciones-de-transito-para-tramitar-residencia-o-ciudadania\/\" title=\"\u00bfPor qu\u00e9 es necesario declarar hasta las infracciones de tr\u00e1nsito para tramitar residencia o ciudadan\u00eda?\" rel=\"nofollow\" target=\"_blank\">\u00bfPor qu\u00e9 es necesario declarar hasta las infracciones de tr\u00e1nsito para tramitar residencia o ciudadan\u00eda?<\/a>\n            <\/h3>                        <p class=\"blfe-post-grid-excerpt\">Abogada migratoria guatemalteca Ana Gabriela Ur\u00edzar advierte que ocultar informaci\u00f3n en el formulario N-400 para tr\u00e1mite de ciudadan\u00eda y otros...<\/p>                                    <div class=\"blfe-post-grid-meta\">\n                <span class=\"blfe-post-grid-author\"><i class=\"fa fa-user far fa-user\"><\/i>by <a href=\"https:\/\/soymigrante.com\/revista\/author\/soymigrante\/\">SoyMigrante.com REVISTA<\/a><\/span><span class=\"blfe-post-grid-date\"><i class=\"fa fa-calendar-alt far fa-calendar-alt\"><\/i>08\/04\/2026<\/span>            <\/div>\n                                                        <\/div>\n                <\/div>\n\n            <\/div>\n        <\/div>\n                <div class=\"blfe-post-grid-item \">\n            <div class=\"blfe-post-grid-item-inner blfe-modern-zoom\">\n                <a class=\"blfe-post-grid-image\" href=\"https:\/\/soymigrante.com\/revista\/abogada-guatemalteca-explica-como-migrantes-detenidos-sin-fianza-podrian-beneficiarse-con-fallo-de-jueza\/\" title=\"Abogada guatemalteca explica c\u00f3mo migrantes detenidos sin fianza podr\u00edan beneficiarse con fallo judicial reciente\" rel=\"nofollow\" target=\"_blank\"><img decoding=\"async\" src=\"https:\/\/soymigrante.com\/revista\/wp-content\/uploads\/2026\/03\/abogada-ana-gabriela-urizar-migrante-guatemalteca.jpg\" alt=\"Abogada guatemalteca explica c\u00f3mo migrantes detenidos sin fianza podr\u00edan beneficiarse con fallo judicial reciente\"\/><\/a>                <span class=\"blfe-post-category\"><a href=\"https:\/\/soymigrante.com\/revista\/category\/recursos-migratorios\/\">Recursos Migratorios<\/a><\/span>                <div class=\"blfe-post-grid-details\">\n                    <div class=\"blfe-post-grid-details-inner\">\n                        <h3 class=\"blfe-post-grid-title\">\n            <a href=\"https:\/\/soymigrante.com\/revista\/abogada-guatemalteca-explica-como-migrantes-detenidos-sin-fianza-podrian-beneficiarse-con-fallo-de-jueza\/\" title=\"Abogada guatemalteca explica c\u00f3mo migrantes detenidos sin fianza podr\u00edan beneficiarse con fallo judicial reciente\" rel=\"nofollow\" target=\"_blank\">Abogada guatemalteca explica c\u00f3mo migrantes detenidos sin fianza podr\u00edan beneficiarse con fallo judicial reciente<\/a>\n            <\/h3>                        <p class=\"blfe-post-grid-excerpt\">El caso Maldonado Bautista v. Santacruz se ha convertido en una de las decisiones m\u00e1s importantes en materia de detenci\u00f3n...<\/p>                                    <div class=\"blfe-post-grid-meta\">\n                <span class=\"blfe-post-grid-author\"><i class=\"fa fa-user far fa-user\"><\/i>by <a href=\"https:\/\/soymigrante.com\/revista\/author\/gustavo\/\">Gustavo Montenegro<\/a><\/span><span class=\"blfe-post-grid-date\"><i class=\"fa fa-calendar-alt far fa-calendar-alt\"><\/i>23\/03\/2026<\/span>            <\/div>\n                                                        <\/div>\n                <\/div>\n\n            <\/div>\n        <\/div>\n                        <\/div>\n\n                        <\/div>\n            \n                        <div class=\"blfe-post-footer\">\n                        <\/div>\n            \t\t\t\t<\/div>\n\t\t\t\t<\/div>\n\t\t\t\t\t<\/div>\n\t\t<\/div>\n\t\t\t\t\t<\/div>\n\t\t<\/section>\n\t\t\t\t<\/div>\n\t\t","protected":false},"excerpt":{"rendered":"<p>La cultura de Guatemala integra cuatro grandes pueblos: ladinos, mayas, xincas y gar\u00edfunas. Los afrodescendientes habitan en L\u00edvingston, Izabal, de donde han migrado a todo el pa\u00eds y a Estados Unidos. Yancun\u00fa es una danza de batalla que evoca su esp\u00edritu libre. Con dignidad se conmemora una llegada y un anhelo de libertad a trav\u00e9s [&hellip;]<\/p>\n","protected":false},"author":7,"featured_media":2583,"comment_status":"open","ping_status":"open","sticky":false,"template":"","format":"standard","meta":{"_acf_changed":false,"_eb_attr":"","footnotes":""},"categories":[58],"tags":[244],"class_list":["post-2581","post","type-post","status-publish","format-standard","has-post-thumbnail","hentry","category-guate-nuestra","tag-danzas-de-guatemala"],"acf":[],"aioseo_notices":[],"aioseo_head":"\n\t\t<!-- All in One SEO Pro 4.9.6.2 - aioseo.com -->\n\t<meta name=\"description\" content=\"Caso Maldonado Bautista abri\u00f3 oportunidad de audiencia ante juez y solicitud de fianza para migrantes detenidos. Abogada guatemalteca Ana Ur\u00edzar explica.\" \/>\n\t<meta name=\"robots\" content=\"max-snippet:-1, max-image-preview:large, max-video-preview:-1\" \/>\n\t<meta name=\"author\" content=\"Gustavo Montenegro\"\/>\n\t<link rel=\"canonical\" href=\"https:\/\/soymigrante.com\/revista\/abogada-guatemalteca-explica-como-migrantes-detenidos-sin-fianza-podrian-beneficiarse-con-fallo-de-jueza\/\" \/>\n\t<meta name=\"generator\" content=\"All in One SEO Pro (AIOSEO) 4.9.6.2\" \/>\n\n\t\t<link rel=\"preconnect\" href=\"https:\/\/fonts.googleapis.com\" crossorigin>\n<link rel=\"preconnect\" href=\"https:\/\/fonts.gstatic.com\" crossorigin>\n\t\t<meta property=\"og:locale\" content=\"es_ES\" \/>\n\t\t<meta property=\"og:site_name\" content=\"SoyMigrante.com REVISTA \u2013 Nuestra misi\u00f3n es reconocer y dignificar al migrante.\" \/>\n\t\t<meta property=\"og:type\" content=\"article\" \/>\n\t\t<meta property=\"og:title\" content=\"Abogada explica fallo a favor de migrantes detenidos sin fianza\" \/>\n\t\t<meta property=\"og:description\" content=\"Caso Maldonado Bautista abri\u00f3 oportunidad de audiencia ante juez y solicitud de fianza para migrantes detenidos. Abogada guatemalteca Ana Ur\u00edzar explica.\" \/>\n\t\t<meta property=\"og:url\" content=\"https:\/\/soymigrante.com\/revista\/abogada-guatemalteca-explica-como-migrantes-detenidos-sin-fianza-podrian-beneficiarse-con-fallo-de-jueza\/\" \/>\n\t\t<meta property=\"og:image\" content=\"https:\/\/soymigrante.com\/revista\/wp-content\/uploads\/2026\/03\/abogada-ana-gabriela-urizar-migrante-guatemalteca.jpg\" \/>\n\t\t<meta property=\"og:image:secure_url\" content=\"https:\/\/soymigrante.com\/revista\/wp-content\/uploads\/2026\/03\/abogada-ana-gabriela-urizar-migrante-guatemalteca.jpg\" \/>\n\t\t<meta property=\"og:image:width\" content=\"670\" \/>\n\t\t<meta property=\"og:image:height\" content=\"670\" \/>\n\t\t<meta property=\"article:published_time\" content=\"2026-03-23T19:32:33+00:00\" \/>\n\t\t<meta property=\"article:modified_time\" content=\"2026-03-23T19:33:24+00:00\" \/>\n\t\t<meta property=\"article:publisher\" content=\"https:\/\/www.facebook.com\/soymigrantecom\" \/>\n\t\t<meta name=\"twitter:card\" content=\"summary_large_image\" \/>\n\t\t<meta name=\"twitter:site\" content=\"@SoyMigrante_com\" \/>\n\t\t<meta name=\"twitter:title\" content=\"Abogada explica fallo a favor de migrantes detenidos sin fianza\" \/>\n\t\t<meta name=\"twitter:description\" content=\"Caso Maldonado Bautista abri\u00f3 oportunidad de audiencia ante juez y solicitud de fianza para migrantes detenidos. Abogada guatemalteca Ana Ur\u00edzar explica.\" \/>\n\t\t<meta name=\"twitter:creator\" content=\"@SoyMigrante_com\" \/>\n\t\t<meta name=\"twitter:image\" content=\"https:\/\/soymigrante.com\/revista\/wp-content\/uploads\/2026\/03\/abogada-ana-gabriela-urizar-migrante-guatemalteca.jpg\" \/>\n\t\t<!-- All in One SEO Pro -->\r\n\t\t<title>Abogada explica fallo a favor de migrantes detenidos sin fianza<\/title>\n\n","aioseo_head_json":{"title":"Abogada explica fallo a favor de migrantes detenidos sin fianza","description":"Caso Maldonado Bautista abri\u00f3 oportunidad de audiencia ante juez y solicitud de fianza para migrantes detenidos. Abogada guatemalteca Ana Ur\u00edzar explica.","canonical_url":"https:\/\/soymigrante.com\/revista\/abogada-guatemalteca-explica-como-migrantes-detenidos-sin-fianza-podrian-beneficiarse-con-fallo-de-jueza\/","robots":"max-snippet:-1, max-image-preview:large, max-video-preview:-1","keywords":"","webmasterTools":{"miscellaneous":"&lt;link rel=\"preconnect\" href=\"https:\/\/fonts.googleapis.com\" crossorigin&gt;\n&lt;link rel=\"preconnect\" href=\"https:\/\/fonts.gstatic.com\" crossorigin&gt;"},"schema":null,"og:locale":"es_ES","og:site_name":"SoyMigrante.com REVISTA \u2013 Nuestra misi\u00f3n es reconocer y dignificar al migrante.","og:type":"article","og:title":"Abogada explica fallo a favor de migrantes detenidos sin fianza","og:description":"Caso Maldonado Bautista abri\u00f3 oportunidad de audiencia ante juez y solicitud de fianza para migrantes detenidos. Abogada guatemalteca Ana Ur\u00edzar explica.","og:url":"https:\/\/soymigrante.com\/revista\/abogada-guatemalteca-explica-como-migrantes-detenidos-sin-fianza-podrian-beneficiarse-con-fallo-de-jueza\/","og:image":"https:\/\/soymigrante.com\/revista\/wp-content\/uploads\/2026\/03\/abogada-ana-gabriela-urizar-migrante-guatemalteca.jpg","og:image:secure_url":"https:\/\/soymigrante.com\/revista\/wp-content\/uploads\/2026\/03\/abogada-ana-gabriela-urizar-migrante-guatemalteca.jpg","og:image:width":670,"og:image:height":670,"article:published_time":"2026-03-23T19:32:33+00:00","article:modified_time":"2026-03-23T19:33:24+00:00","article:publisher":"https:\/\/www.facebook.com\/soymigrantecom","twitter:card":"summary_large_image","twitter:site":"@SoyMigrante_com","twitter:title":"Abogada explica fallo a favor de migrantes detenidos sin fianza","twitter:description":"Caso Maldonado Bautista abri\u00f3 oportunidad de audiencia ante juez y solicitud de fianza para migrantes detenidos. Abogada guatemalteca Ana Ur\u00edzar explica.","twitter:creator":"@SoyMigrante_com","twitter:image":"https:\/\/soymigrante.com\/revista\/wp-content\/uploads\/2026\/03\/abogada-ana-gabriela-urizar-migrante-guatemalteca.jpg"},"aioseo_meta_data":{"post_id":"2581","title":"#post_title","description":"#post_excerpt La etnia gar\u00edfuna celebra cada 26 de noviembre con esta danza la llegada a L\u00edvingston, Guatemala y otras localidades del caribe centroamericano.","keywords":[],"keyphrases":{"focus":{"keyphrase":"Guatemala","score":82,"analysis":{"keyphraseInTitle":{"score":9,"maxScore":9,"error":0},"keyphraseInDescription":{"score":9,"maxScore":9,"error":0},"keyphraseLength":{"score":9,"maxScore":9,"error":0,"length":1},"keyphraseInURL":{"score":5,"maxScore":5,"error":0},"keyphraseInIntroduction":{"score":3,"maxScore":9,"error":1},"keyphraseInSubHeadings":{"score":3,"maxScore":9,"error":1},"keyphraseInImageAlt":{"score":9,"maxScore":9,"error":0},"keywordDensity":{"type":"best","score":9,"maxScore":9,"error":0}}},"additional":[]},"primary_term":null,"canonical_url":null,"og_title":null,"og_description":null,"og_object_type":"default","og_image_type":"default","og_image_url":null,"og_image_width":null,"og_image_height":null,"og_image_custom_url":null,"og_image_custom_fields":null,"og_video":"","og_custom_url":null,"og_article_section":null,"og_article_tags":[],"twitter_use_og":false,"twitter_card":"default","twitter_image_type":"default","twitter_image_url":null,"twitter_image_custom_url":null,"twitter_image_custom_fields":null,"twitter_title":null,"twitter_description":null,"schema":{"blockGraphs":[],"customGraphs":[],"default":{"data":{"Article":[],"Course":[],"Dataset":[],"FAQPage":[],"Movie":[],"Person":[],"Product":[],"ProductReview":[],"Car":[],"Recipe":[],"Service":[],"SoftwareApplication":[],"WebPage":[]},"graphName":"BlogPosting","isEnabled":true},"graphs":[]},"schema_type":"default","schema_type_options":null,"pillar_content":false,"robots_default":true,"robots_noindex":false,"robots_noarchive":false,"robots_nosnippet":false,"robots_nofollow":false,"robots_noimageindex":false,"robots_noodp":false,"robots_notranslate":false,"robots_max_snippet":"-1","robots_max_videopreview":"-1","robots_max_imagepreview":"large","priority":null,"frequency":"default","local_seo":null,"seo_analyzer_scan_date":"2026-02-09 18:02:34","breadcrumb_settings":null,"limit_modified_date":false,"reviewed_by":null,"open_ai":null,"ai":null,"created":"2023-09-13 14:45:17","updated":"2026-03-06 15:45:33"},"aioseo_breadcrumb":"<div class=\"aioseo-breadcrumbs\"><span class=\"aioseo-breadcrumb\">\n\t<a href=\"https:\/\/soymigrante.com\/revista\" title=\"Home\">Home<\/a>\n<\/span><span class=\"aioseo-breadcrumb-separator\">\u00bb<\/span><span class=\"aioseo-breadcrumb\">\n\t<a href=\"https:\/\/soymigrante.com\/revista\/category\/guate-nuestra\/\" title=\"Guate Nuestra\">Guate Nuestra<\/a>\n<\/span><span class=\"aioseo-breadcrumb-separator\">\u00bb<\/span><span class=\"aioseo-breadcrumb\">\n\tDanzas de Guatemala: Yancun\u00fa es un baile gar\u00edfuna para expresar libertad\n<\/span><\/div>","aioseo_breadcrumb_json":[{"label":"Home","link":"https:\/\/soymigrante.com\/revista"},{"label":"Guate Nuestra","link":"https:\/\/soymigrante.com\/revista\/category\/guate-nuestra\/"},{"label":"Danzas de Guatemala: Yancun\u00fa es un baile gar\u00edfuna para expresar libertad","link":"https:\/\/soymigrante.com\/revista\/guatemala-danza-yancunu-es-un-baile-garifuna-que-evoca-a-un-pueblo-migrante-en-lucha-por-su-libertad\/"}],"_links":{"self":[{"href":"https:\/\/soymigrante.com\/revista\/wp-json\/wp\/v2\/posts\/2581","targetHints":{"allow":["GET"]}}],"collection":[{"href":"https:\/\/soymigrante.com\/revista\/wp-json\/wp\/v2\/posts"}],"about":[{"href":"https:\/\/soymigrante.com\/revista\/wp-json\/wp\/v2\/types\/post"}],"author":[{"embeddable":true,"href":"https:\/\/soymigrante.com\/revista\/wp-json\/wp\/v2\/users\/7"}],"replies":[{"embeddable":true,"href":"https:\/\/soymigrante.com\/revista\/wp-json\/wp\/v2\/comments?post=2581"}],"version-history":[{"count":4,"href":"https:\/\/soymigrante.com\/revista\/wp-json\/wp\/v2\/posts\/2581\/revisions"}],"predecessor-version":[{"id":52182,"href":"https:\/\/soymigrante.com\/revista\/wp-json\/wp\/v2\/posts\/2581\/revisions\/52182"}],"wp:featuredmedia":[{"embeddable":true,"href":"https:\/\/soymigrante.com\/revista\/wp-json\/wp\/v2\/media\/2583"}],"wp:attachment":[{"href":"https:\/\/soymigrante.com\/revista\/wp-json\/wp\/v2\/media?parent=2581"}],"wp:term":[{"taxonomy":"category","embeddable":true,"href":"https:\/\/soymigrante.com\/revista\/wp-json\/wp\/v2\/categories?post=2581"},{"taxonomy":"post_tag","embeddable":true,"href":"https:\/\/soymigrante.com\/revista\/wp-json\/wp\/v2\/tags?post=2581"}],"curies":[{"name":"wp","href":"https:\/\/api.w.org\/{rel}","templated":true}]}}